{"id":1127,"date":"2020-08-07T19:28:51","date_gmt":"2020-08-07T23:28:51","guid":{"rendered":"http:\/\/elabrevaderojm.com\/?p=1127"},"modified":"2025-03-18T18:32:24","modified_gmt":"2025-03-18T22:32:24","slug":"genocidio-de-hiroshima-y-nagasaki-un-homenaje-con-diferentes-angulos-n1-fotos-del-horror-atomico-i","status":"publish","type":"post","link":"https:\/\/elabrevaderojm.com\/en\/2020\/08\/07\/genocidio-de-hiroshima-y-nagasaki-un-homenaje-con-diferentes-angulos-n1-fotos-del-horror-atomico-i\/","title":{"rendered":"75 a\u00f1os del genocidio de Hiroshima y Nagasaki: Un homenaje con diferentes \u00e1ngulos. N1: fotos del horror at\u00f3mico (I)."},"content":{"rendered":"\n<div class=\"wp-block-media-text is-stacked-on-mobile\" style=\"grid-template-columns:19% auto\"><figure class=\"wp-block-media-text__media\"><img data-recalc-dims=\"1\" loading=\"lazy\" decoding=\"async\" width=\"550\" height=\"681\" data-attachment-id=\"13641\" data-permalink=\"https:\/\/elabrevaderojm.com\/en\/2020\/08\/07\/genocidio-de-hiroshima-y-nagasaki-un-homenaje-con-diferentes-angulos-n1-fotos-del-horror-atomico-i\/george-caron\/\" data-orig-file=\"https:\/\/i0.wp.com\/elabrevaderojm.com\/wp-content\/uploads\/2023\/07\/george-caron.jpg?fit=550%2C681&amp;ssl=1\" data-orig-size=\"550,681\" data-comments-opened=\"1\" data-image-meta=\"{&quot;aperture&quot;:&quot;0&quot;,&quot;credit&quot;:&quot;&quot;,&quot;camera&quot;:&quot;&quot;,&quot;caption&quot;:&quot;&quot;,&quot;created_timestamp&quot;:&quot;0&quot;,&quot;copyright&quot;:&quot;&quot;,&quot;focal_length&quot;:&quot;0&quot;,&quot;iso&quot;:&quot;0&quot;,&quot;shutter_speed&quot;:&quot;0&quot;,&quot;title&quot;:&quot;&quot;,&quot;orientation&quot;:&quot;0&quot;}\" data-image-title=\"george-caron\" data-image-description=\"\" data-image-caption=\"\" data-large-file=\"https:\/\/i0.wp.com\/elabrevaderojm.com\/wp-content\/uploads\/2023\/07\/george-caron.jpg?fit=550%2C681&amp;ssl=1\" src=\"https:\/\/i0.wp.com\/elabrevaderojm.com\/wp-content\/uploads\/2023\/07\/george-caron.jpg?resize=550%2C681&#038;ssl=1\" alt=\"\" class=\"wp-image-13641 size-full\"\/><\/figure><div class=\"wp-block-media-text__content\">\n<p class=\"has-text-align-justify wp-block-paragraph\">El <a href=\"https:\/\/es.wikipedia.org\/wiki\/Artillero_de_cola\">artillero de cola<\/a> <a href=\"https:\/\/es.wikipedia.org\/wiki\/George_R._Caron\">George Robert Caron<\/a> (en la foto), de 25 a\u00f1os, que ten\u00eda consigo su gorra de b\u00e9isbol de los <a href=\"https:\/\/es.wikipedia.org\/wiki\/Brooklyn_Dodgers\">Brooklyn Dodgers<\/a> y una foto de su esposa y su hija peque\u00f1a para la buena suerte, pudo ver la <a href=\"https:\/\/es.wikipedia.org\/wiki\/Onda_de_choque\">onda de choque<\/a> venir r\u00e1pidamente. Grit\u00f3, justo cuando <strong>la onda golpe\u00f3<\/strong> <strong>al avi\u00f3n<\/strong>. Otra m\u00e1s hizo lo mismo y sigui\u00f3 de largo.<\/p>\n<\/div><\/div>\n\n\n\n<p class=\"has-text-align-justify wp-block-paragraph\"><a href=\"https:\/\/es.wikipedia.org\/wiki\/Paul_Tibbets\">Paul Warfield Tibbets, hijo<\/a>, coronel y piloto del <em><a href=\"https:\/\/es.wikipedia.org\/wiki\/Enola_Gay\">Enola Gay<\/a><\/em> \u2014el <a href=\"https:\/\/es.wikipedia.org\/wiki\/Boeing_B-29_Superfortress\">B29<\/a> que lanz\u00f3 la <strong>bomba sobre Hiroshima<\/strong>\u2014, pregunt\u00f3 a los hombres por el intercomunicador qu\u00e9 pod\u00edan ver para que <strong>pudiera ser grabado para la posteridad<\/strong>.<\/p>\n\n\n\n<p class=\"has-text-align-justify wp-block-paragraph\">Caron contest\u00f3: \u00abUna <strong>columna de humo<\/strong> que se eleva r\u00e1pidamente (con) un n\u00facleo rojo ardiente. Una <strong>masa burbujeante<\/strong>, de color p\u00farpura-gris&#8230; como una masa de melaza burbujeante. El <strong>hongo<\/strong> se est\u00e1 extendiendo. Es tal vez una milla o dos de ancho y media milla de alto. La <a href=\"https:\/\/es.wikipedia.org\/wiki\/Ciudad\">ciudad<\/a> debe estar por debajo de eso\u00bb.<\/p>\n\n\n<div class=\"wp-block-image\">\n<figure class=\"aligncenter size-large\"><img data-recalc-dims=\"1\" loading=\"lazy\" decoding=\"async\" width=\"374\" height=\"293\" data-attachment-id=\"13644\" data-permalink=\"https:\/\/elabrevaderojm.com\/en\/2020\/08\/07\/genocidio-de-hiroshima-y-nagasaki-un-homenaje-con-diferentes-angulos-n1-fotos-del-horror-atomico-i\/enola-gay-crew-1\/\" data-orig-file=\"https:\/\/i0.wp.com\/elabrevaderojm.com\/wp-content\/uploads\/2023\/07\/enola-gay-crew-1.jpg?fit=374%2C293&amp;ssl=1\" data-orig-size=\"374,293\" data-comments-opened=\"1\" data-image-meta=\"{&quot;aperture&quot;:&quot;0&quot;,&quot;credit&quot;:&quot;&quot;,&quot;camera&quot;:&quot;&quot;,&quot;caption&quot;:&quot;&quot;,&quot;created_timestamp&quot;:&quot;0&quot;,&quot;copyright&quot;:&quot;&quot;,&quot;focal_length&quot;:&quot;0&quot;,&quot;iso&quot;:&quot;0&quot;,&quot;shutter_speed&quot;:&quot;0&quot;,&quot;title&quot;:&quot;&quot;,&quot;orientation&quot;:&quot;1&quot;}\" data-image-title=\"enola-gay-crew-1\" data-image-description=\"\" data-image-caption=\"\" data-large-file=\"https:\/\/i0.wp.com\/elabrevaderojm.com\/wp-content\/uploads\/2023\/07\/enola-gay-crew-1.jpg?fit=374%2C293&amp;ssl=1\" src=\"https:\/\/i0.wp.com\/elabrevaderojm.com\/wp-content\/uploads\/2023\/07\/enola-gay-crew-1.jpg?resize=374%2C293&#038;ssl=1\" alt=\"\" class=\"wp-image-13644\"\/><figcaption class=\"wp-element-caption\"><strong>Avi\u00f3n y tripulaci\u00f3n que arroj\u00f3 la bomba at\u00f3mica sobre Hiroshima; el capit\u00e1n est\u00e1 al centro, fumando en pipa. <\/strong><\/figcaption><\/figure>\n<\/div>\n\n\n<p class=\"has-text-align-justify wp-block-paragraph\">En agosto de 1945, el peri\u00f3dico japon\u00e9s <em><a href=\"https:\/\/es.wikipedia.org\/wiki\/Asahi_Shimbun\">Asahi Shimbun<\/a> <\/em>envi\u00f3 dos reporteros a Hiroshima y Nagasaki a tomar fotos: Hajime Miyatake, quien pertenec\u00eda al Departamento de Fotograf\u00eda de la Oficina Central del peri\u00f3dico en  <a href=\"https:\/\/es.wikipedia.org\/wiki\/Osaka\">Osaka<\/a>, y <a href=\"https:\/\/es.wikipedia.org\/wiki\/Tokio\"><\/a><a href=\"https:\/\/en.wikipedia.org\/wiki\/Eiichi_Matsumoto\">Eiichi Matsumoto<\/a>, fot\u00f3grafo de plantilla en la Divisi\u00f3n de Publicaciones en la Oficina Central en <a href=\"https:\/\/es.wikipedia.org\/wiki\/Tokio\">Tokio<\/a>.<\/p>\n\n\n\n<div class=\"wp-block-jetpack-tiled-gallery aligncenter is-style-rectangular\"><div class=\"\"><div class=\"tiled-gallery__gallery\"><div class=\"tiled-gallery__row\"><div class=\"tiled-gallery__col\" style=\"flex-basis:50.00000%\"><figure class=\"tiled-gallery__item\"><img decoding=\"async\" data-attachment-id=\"13646\" data-permalink=\"https:\/\/elabrevaderojm.com\/en\/2020\/08\/07\/genocidio-de-hiroshima-y-nagasaki-un-homenaje-con-diferentes-angulos-n1-fotos-del-horror-atomico-i\/hajime-miyatake\/\" data-orig-file=\"https:\/\/i0.wp.com\/elabrevaderojm.com\/wp-content\/uploads\/2020\/08\/hajime-miyatake.jpg?fit=200%2C200&amp;ssl=1\" data-orig-size=\"200,200\" data-comments-opened=\"1\" data-image-meta=\"{&quot;aperture&quot;:&quot;0&quot;,&quot;credit&quot;:&quot;&quot;,&quot;camera&quot;:&quot;&quot;,&quot;caption&quot;:&quot;&quot;,&quot;created_timestamp&quot;:&quot;0&quot;,&quot;copyright&quot;:&quot;&quot;,&quot;focal_length&quot;:&quot;0&quot;,&quot;iso&quot;:&quot;0&quot;,&quot;shutter_speed&quot;:&quot;0&quot;,&quot;title&quot;:&quot;&quot;,&quot;orientation&quot;:&quot;0&quot;}\" data-image-title=\"hajime miyatake\" data-image-description=\"\" data-image-caption=\"\" data-large-file=\"https:\/\/i0.wp.com\/elabrevaderojm.com\/wp-content\/uploads\/2020\/08\/hajime-miyatake.jpg?fit=200%2C200&amp;ssl=1\" role=\"button\" tabindex=\"0\" aria-label=\"Open image 1 of 2 in full-screen\" srcset=\"https:\/\/i0.wp.com\/elabrevaderojm.com\/wp-content\/uploads\/2020\/08\/hajime-miyatake.jpg?strip=info&#038;w=200&#038;ssl=1 200w\" alt=\"\" data-height=\"200\" data-id=\"13646\" data-link=\"https:\/\/elabrevaderojm.com\/2020\/08\/07\/genocidio-de-hiroshima-y-nagasaki-un-homenaje-con-diferentes-angulos-n1-fotos-del-horror-atomico-i\/hajime-miyatake\/\" data-url=\"https:\/\/elabrevaderojm.com\/wp-content\/uploads\/2020\/08\/hajime-miyatake.jpg?w=200\" data-width=\"200\" src=\"https:\/\/i0.wp.com\/elabrevaderojm.com\/wp-content\/uploads\/2020\/08\/hajime-miyatake.jpg?ssl=1\" data-amp-layout=\"responsive\" tabindex=\"0\" role=\"button\" aria-label=\"Abrir la imagen 1 de 2 en pantalla completa\"\/><\/figure><\/div><div class=\"tiled-gallery__col\" style=\"flex-basis:50.00000%\"><figure class=\"tiled-gallery__item\"><img decoding=\"async\" data-attachment-id=\"13645\" data-permalink=\"https:\/\/elabrevaderojm.com\/en\/2020\/08\/07\/genocidio-de-hiroshima-y-nagasaki-un-homenaje-con-diferentes-angulos-n1-fotos-del-horror-atomico-i\/eiichi-matsumoto\/\" data-orig-file=\"https:\/\/i0.wp.com\/elabrevaderojm.com\/wp-content\/uploads\/2020\/08\/eiichi-matsumoto.jpg?fit=200%2C200&amp;ssl=1\" data-orig-size=\"200,200\" data-comments-opened=\"1\" data-image-meta=\"{&quot;aperture&quot;:&quot;0&quot;,&quot;credit&quot;:&quot;&quot;,&quot;camera&quot;:&quot;&quot;,&quot;caption&quot;:&quot;&quot;,&quot;created_timestamp&quot;:&quot;0&quot;,&quot;copyright&quot;:&quot;&quot;,&quot;focal_length&quot;:&quot;0&quot;,&quot;iso&quot;:&quot;0&quot;,&quot;shutter_speed&quot;:&quot;0&quot;,&quot;title&quot;:&quot;&quot;,&quot;orientation&quot;:&quot;0&quot;}\" data-image-title=\"eiichi matsumoto\" data-image-description=\"\" data-image-caption=\"\" data-large-file=\"https:\/\/i0.wp.com\/elabrevaderojm.com\/wp-content\/uploads\/2020\/08\/eiichi-matsumoto.jpg?fit=200%2C200&amp;ssl=1\" role=\"button\" tabindex=\"0\" aria-label=\"Open image 2 of 2 in full-screen\" srcset=\"https:\/\/i0.wp.com\/elabrevaderojm.com\/wp-content\/uploads\/2020\/08\/eiichi-matsumoto.jpg?strip=info&#038;w=200&#038;ssl=1 200w\" alt=\"\" data-height=\"200\" data-id=\"13645\" data-link=\"https:\/\/elabrevaderojm.com\/2020\/08\/07\/genocidio-de-hiroshima-y-nagasaki-un-homenaje-con-diferentes-angulos-n1-fotos-del-horror-atomico-i\/eiichi-matsumoto\/\" data-url=\"https:\/\/elabrevaderojm.com\/wp-content\/uploads\/2020\/08\/eiichi-matsumoto.jpg?w=200\" data-width=\"200\" src=\"https:\/\/i0.wp.com\/elabrevaderojm.com\/wp-content\/uploads\/2020\/08\/eiichi-matsumoto.jpg?ssl=1\" data-amp-layout=\"responsive\" tabindex=\"0\" role=\"button\" aria-label=\"Abrir la imagen 2 de 2 en pantalla completa\"\/><\/figure><\/div><\/div><\/div><\/div><\/div>\n\n\n\n<p class=\"has-text-align-center has-small-font-size wp-block-paragraph\"><strong>Hajime Miyatake (1914-1985), izquierda; y Eiichi Matsumoto (1915-2004).<\/strong><\/p>\n\n\n\n<p class=\"has-text-align-justify wp-block-paragraph\">El segundo ya hab\u00eda cubierto los bombardeos ya en otras ciudades japonesa. El peri\u00f3dico consider\u00f3 que <strong>la escala de la calamidad en la que estaban estas ciudades era de otro nivel<\/strong>. Fotografiaron <a href=\"https:\/\/es.wikipedia.org\/wiki\/Nagasaki\">Nagasaki<\/a> del 25 de agosto al 15 de septiembre. En su camino a <a href=\"https:\/\/es.wikipedia.org\/wiki\/Hiroshima\">Hiroshima<\/a> <strong>los trenes fueron retenidos debido al tif\u00f3n<\/strong> Ida \u2014conocido en <a href=\"https:\/\/es.wikipedia.org\/wiki\/Jap%C3%B3n\">Jap\u00f3n<\/a> como tif\u00f3n Makurazaki\u2014, por lo que viajaron a la ciudad en barco y a pie. Se quedaron en Hiroshima del 18 al 25 de septiembre. Debido a que Matsumoto tom\u00f3 <strong>las fotos de los<\/strong> <strong>da\u00f1os ocasionados<\/strong> por la <a href=\"https:\/\/es.wikipedia.org\/wiki\/Bomba_at%C3%B3mica\">bomba at\u00f3mica<\/a> para el <em>Asahi Cient\u00edfico<\/em>, casi todas se centran en las edificaciones.<\/p>\n\n\n\n<p class=\"has-text-align-justify wp-block-paragraph\">En un hospital de la <a href=\"https:\/\/es.wikipedia.org\/wiki\/Cruz_Roja\">Cruz Roja<\/a> cerca de la zona cero de Hiroshima, se encontr\u00f3 con <strong>v\u00edctimas salpicadas de manchas rojas<\/strong>, un signo de <strong>enfermedad por radiaci\u00f3n<\/strong>. Y en las <strong>calles desoladas y sembradas de escombros<\/strong> de Nagasaki observaba a las familias cremando a sus seres queridos al aire libre.<\/p>\n\n\n\n<p class=\"has-text-align-justify wp-block-paragraph\">\u00abLe ruego que me permita <strong>tomar fotos de su sufrimiento<\/strong>. Estoy decidido, sin decir una palabra, a dejar que la gente en este mundo sepa por qu\u00e9 tipo de <strong>tragedia apocal\u00edptica<\/strong> han pasado\u00bb, les ped\u00eda Matsumoto, quien ten\u00eda treinta a\u00f1os en ese momento, a los sobrevivientes. El se\u00f1or Matsumoto, <strong>fotoperiodista<\/strong> del peri\u00f3dico <em>Asahi Shimbun<\/em>, que muri\u00f3 en 2004, fue uno entre esas docenas de fot\u00f3grafos que dieron testimonio despu\u00e9s de los <strong>bombardeos<\/strong>, que forzaron la rendici\u00f3n de <a href=\"https:\/\/es.wikipedia.org\/wiki\/Jap%C3%B3n\">Jap\u00f3n<\/a> y terminaron la <a href=\"https:\/\/es.wikipedia.org\/wiki\/Segunda_Guerra_Mundial\">Segunda Guerra Mundial<\/a>.<\/p>\n\n\n\n<h2 class=\"wp-block-heading has-text-align-center\">Las fotos de Eiishi Matsumoto en Hiroshima<\/h2>\n\n\n\n<div class=\"wp-block-media-text alignwide is-stacked-on-mobile\" style=\"grid-template-columns:43% auto\"><figure class=\"wp-block-media-text__media\"><img data-recalc-dims=\"1\" loading=\"lazy\" decoding=\"async\" width=\"220\" height=\"146\" data-attachment-id=\"1130\" data-permalink=\"https:\/\/elabrevaderojm.com\/en\/motoyasubri\/\" data-orig-file=\"https:\/\/i0.wp.com\/elabrevaderojm.com\/wp-content\/uploads\/2020\/08\/motoyasubri.jpg?fit=220%2C146&amp;ssl=1\" data-orig-size=\"220,146\" data-comments-opened=\"1\" data-image-meta=\"{&quot;aperture&quot;:&quot;0&quot;,&quot;credit&quot;:&quot;&quot;,&quot;camera&quot;:&quot;&quot;,&quot;caption&quot;:&quot;&quot;,&quot;created_timestamp&quot;:&quot;0&quot;,&quot;copyright&quot;:&quot;&quot;,&quot;focal_length&quot;:&quot;0&quot;,&quot;iso&quot;:&quot;0&quot;,&quot;shutter_speed&quot;:&quot;0&quot;,&quot;title&quot;:&quot;&quot;,&quot;orientation&quot;:&quot;0&quot;}\" data-image-title=\"motoyasubri\" data-image-description=\"\" data-image-caption=\"\" data-large-file=\"https:\/\/i0.wp.com\/elabrevaderojm.com\/wp-content\/uploads\/2020\/08\/motoyasubri.jpg?fit=220%2C146&amp;ssl=1\" src=\"https:\/\/i0.wp.com\/elabrevaderojm.com\/wp-content\/uploads\/2020\/08\/motoyasubri.jpg?resize=220%2C146&#038;ssl=1\" alt=\"\" class=\"wp-image-1130 size-full\"\/><\/figure><div class=\"wp-block-media-text__content\">\n<p class=\"has-normal-font-size wp-block-paragraph\"><strong>Puente Motoyasu<\/strong><\/p>\n\n\n\n<p class=\"has-text-align-justify has-small-font-size wp-block-paragraph\">Mirando hacia el <a href=\"https:\/\/es.wikipedia.org\/wiki\/Epicentro\">epicentro<\/a> desde el extremo oeste del puente Motoyasu. Las vigas soportaron la explosi\u00f3n, pero los pasamanos fueron lanzados al r\u00edo. Los topes de las m\u00e1s nuevas fueron empujadas hacia la derecha o la izquierda, en direcciones opuestas. Por lo tanto, se pens\u00f3 que el epicentro estuvo cerca del final de este puente.<\/p>\n<\/div><\/div>\n\n\n\n<div class=\"wp-block-media-text alignwide has-media-on-the-right is-stacked-on-mobile\" style=\"grid-template-columns:auto 46%\"><div class=\"wp-block-media-text__content\">\n<p class=\"has-normal-font-size wp-block-paragraph\"><strong>Hospital Shima<\/strong> <\/p>\n\n\n\n<p class=\"has-text-align-justify has-small-font-size wp-block-paragraph\">Convertido en un mont\u00f3n de escombros. La bomba explot\u00f3 aproximadamente a 600 metros sobre este hospital. Sus paredes de un metro de espesor fueron dise\u00f1adas para resistir cualquier tipo de ataque, pero no eran rivales para esto. Aproximadamente 75 pacientes y el personal del hospital perecieron con el edificio.<strong><\/strong><strong><br><\/strong><\/p>\n<\/div><figure class=\"wp-block-media-text__media\"><img data-recalc-dims=\"1\" loading=\"lazy\" decoding=\"async\" width=\"350\" height=\"233\" data-attachment-id=\"1134\" data-permalink=\"https:\/\/elabrevaderojm.com\/en\/shimahosp\/\" data-orig-file=\"https:\/\/i0.wp.com\/elabrevaderojm.com\/wp-content\/uploads\/2020\/08\/shimahosp.jpg?fit=350%2C233&amp;ssl=1\" data-orig-size=\"350,233\" data-comments-opened=\"1\" data-image-meta=\"{&quot;aperture&quot;:&quot;0&quot;,&quot;credit&quot;:&quot;&quot;,&quot;camera&quot;:&quot;&quot;,&quot;caption&quot;:&quot;&quot;,&quot;created_timestamp&quot;:&quot;0&quot;,&quot;copyright&quot;:&quot;&quot;,&quot;focal_length&quot;:&quot;0&quot;,&quot;iso&quot;:&quot;0&quot;,&quot;shutter_speed&quot;:&quot;0&quot;,&quot;title&quot;:&quot;&quot;,&quot;orientation&quot;:&quot;0&quot;}\" data-image-title=\"shimahosp\" data-image-description=\"\" data-image-caption=\"\" data-large-file=\"https:\/\/i0.wp.com\/elabrevaderojm.com\/wp-content\/uploads\/2020\/08\/shimahosp.jpg?fit=350%2C233&amp;ssl=1\" src=\"https:\/\/i0.wp.com\/elabrevaderojm.com\/wp-content\/uploads\/2020\/08\/shimahosp.jpg?resize=350%2C233&#038;ssl=1\" alt=\"\" class=\"wp-image-1134 size-full\"\/><\/figure><\/div>\n\n\n\n<div class=\"wp-block-media-text alignwide is-stacked-on-mobile\"><figure class=\"wp-block-media-text__media\"><img data-recalc-dims=\"1\" loading=\"lazy\" decoding=\"async\" width=\"285\" height=\"185\" data-attachment-id=\"1137\" data-permalink=\"https:\/\/elabrevaderojm.com\/en\/fuellhallnenryou\/\" data-orig-file=\"https:\/\/i0.wp.com\/elabrevaderojm.com\/wp-content\/uploads\/2020\/08\/fuellhallnenryou.jpg?fit=285%2C185&amp;ssl=1\" data-orig-size=\"285,185\" data-comments-opened=\"1\" data-image-meta=\"{&quot;aperture&quot;:&quot;0&quot;,&quot;credit&quot;:&quot;&quot;,&quot;camera&quot;:&quot;&quot;,&quot;caption&quot;:&quot;&quot;,&quot;created_timestamp&quot;:&quot;0&quot;,&quot;copyright&quot;:&quot;&quot;,&quot;focal_length&quot;:&quot;0&quot;,&quot;iso&quot;:&quot;0&quot;,&quot;shutter_speed&quot;:&quot;0&quot;,&quot;title&quot;:&quot;&quot;,&quot;orientation&quot;:&quot;0&quot;}\" data-image-title=\"fuellhallnenryou\" data-image-description=\"\" data-image-caption=\"\" data-large-file=\"https:\/\/i0.wp.com\/elabrevaderojm.com\/wp-content\/uploads\/2020\/08\/fuellhallnenryou.jpg?fit=285%2C185&amp;ssl=1\" src=\"https:\/\/i0.wp.com\/elabrevaderojm.com\/wp-content\/uploads\/2020\/08\/fuellhallnenryou.jpg?resize=285%2C185&#038;ssl=1\" alt=\"\" class=\"wp-image-1137 size-full\"\/><\/figure><div class=\"wp-block-media-text__content\">\n<p class=\"has-normal-font-size wp-block-paragraph\"><strong>El almac\u00e9n de combustible<\/strong><\/p>\n\n\n\n<p class=\"has-text-align-justify has-small-font-size wp-block-paragraph\">Construido para ser una tienda de <a href=\"https:\/\/es.wikipedia.org\/wiki\/Kimono\"><em>kimono<\/em><\/a>, fue utilizado por la Uni\u00f3n de Racionamiento de Combustible de la Prefectura de Hiroshima en el momento del bombardeo. En 1957, la ciudad de Hiroshima compr\u00f3 el edificio y lo convirti\u00f3 en la Oficina de Reconstrucci\u00f3n del Este de Hiroshima, que dirigi\u00f3 la restauraci\u00f3n de los barrios orientales. En septiembre de 1982, fue renovado para servir como el <em>Rest House<\/em> <em>in<\/em> <em>Peace Memorial Park<\/em>.<\/p>\n<\/div><\/div>\n\n\n\n<div class=\"wp-block-media-text alignwide has-media-on-the-right is-stacked-on-mobile\"><div class=\"wp-block-media-text__content\">\n<p class=\"has-text-align-justify has-normal-font-size wp-block-paragraph\"><strong>La b\u00f3veda de <em>Mitsui Life Insurance<\/em>, filial de Hiroshima<\/strong><\/p>\n\n\n\n<p class=\"has-text-align-justify has-small-font-size wp-block-paragraph\">El edificio se quem\u00f3, pero la b\u00f3veda en el centro del edificio resisti\u00f3. Este edificio estaba donde se encuentra el Monumento a la Paz de los Ni\u00f1os ahora en el Parque Memorial de la Paz.<\/p>\n<\/div><figure class=\"wp-block-media-text__media\"><img data-recalc-dims=\"1\" loading=\"lazy\" decoding=\"async\" width=\"285\" height=\"185\" data-attachment-id=\"1140\" data-permalink=\"https:\/\/elabrevaderojm.com\/en\/mitsuise\/\" data-orig-file=\"https:\/\/i0.wp.com\/elabrevaderojm.com\/wp-content\/uploads\/2020\/08\/mitsuise.jpg?fit=285%2C185&amp;ssl=1\" data-orig-size=\"285,185\" data-comments-opened=\"1\" data-image-meta=\"{&quot;aperture&quot;:&quot;0&quot;,&quot;credit&quot;:&quot;&quot;,&quot;camera&quot;:&quot;&quot;,&quot;caption&quot;:&quot;&quot;,&quot;created_timestamp&quot;:&quot;0&quot;,&quot;copyright&quot;:&quot;&quot;,&quot;focal_length&quot;:&quot;0&quot;,&quot;iso&quot;:&quot;0&quot;,&quot;shutter_speed&quot;:&quot;0&quot;,&quot;title&quot;:&quot;&quot;,&quot;orientation&quot;:&quot;0&quot;}\" data-image-title=\"mitsuise\" data-image-description=\"\" data-image-caption=\"\" data-large-file=\"https:\/\/i0.wp.com\/elabrevaderojm.com\/wp-content\/uploads\/2020\/08\/mitsuise.jpg?fit=285%2C185&amp;ssl=1\" src=\"https:\/\/i0.wp.com\/elabrevaderojm.com\/wp-content\/uploads\/2020\/08\/mitsuise.jpg?resize=285%2C185&#038;ssl=1\" alt=\"\" class=\"wp-image-1140 size-full\"\/><\/figure><\/div>\n\n\n\n<div class=\"wp-block-media-text alignwide is-stacked-on-mobile\" style=\"grid-template-columns:26% auto\"><figure class=\"wp-block-media-text__media\"><img data-recalc-dims=\"1\" loading=\"lazy\" decoding=\"async\" width=\"159\" height=\"250\" data-attachment-id=\"1327\" data-permalink=\"https:\/\/elabrevaderojm.com\/en\/honkawasyou_opt\/\" data-orig-file=\"https:\/\/i0.wp.com\/elabrevaderojm.com\/wp-content\/uploads\/2020\/08\/honkawasyou_opt.jpg?fit=159%2C250&amp;ssl=1\" data-orig-size=\"159,250\" data-comments-opened=\"1\" data-image-meta=\"{&quot;aperture&quot;:&quot;0&quot;,&quot;credit&quot;:&quot;&quot;,&quot;camera&quot;:&quot;&quot;,&quot;caption&quot;:&quot;&quot;,&quot;created_timestamp&quot;:&quot;0&quot;,&quot;copyright&quot;:&quot;&quot;,&quot;focal_length&quot;:&quot;0&quot;,&quot;iso&quot;:&quot;0&quot;,&quot;shutter_speed&quot;:&quot;0&quot;,&quot;title&quot;:&quot;&quot;,&quot;orientation&quot;:&quot;0&quot;}\" data-image-title=\"honkawasyou_opt\" data-image-description=\"\" data-image-caption=\"\" data-large-file=\"https:\/\/i0.wp.com\/elabrevaderojm.com\/wp-content\/uploads\/2020\/08\/honkawasyou_opt.jpg?fit=159%2C250&amp;ssl=1\" src=\"https:\/\/i0.wp.com\/elabrevaderojm.com\/wp-content\/uploads\/2020\/08\/honkawasyou_opt.jpg?resize=159%2C250&#038;ssl=1\" alt=\"\" class=\"wp-image-1327 size-full\"\/><\/figure><div class=\"wp-block-media-text__content\">\n<p class=\"has-normal-font-size wp-block-paragraph\"><strong>Escuela Primaria Honkawa<\/strong> <\/p>\n\n\n\n<p class=\"has-text-align-justify has-small-font-size wp-block-paragraph\">Se muestra la pared este de la escuela, de frente al epicentro. La explosi\u00f3n les dio forma c\u00f3ncava a las paredes del segundo y tercer piso. La mayor\u00eda de los 400 estudiantes, 10 profesores y el personal de Ingenier\u00eda Civil de la Prefectura de Hiroshima que estaban usando el edificio en ese momento perecieron. El edificio fue una p\u00e9rdida total, pero la armaz\u00f3n se mantuvo. Al d\u00eda siguiente del bombardeo, se convirti\u00f3 en una estaci\u00f3n de socorro de emergencia que acogi\u00f3 a cientos de v\u00edctimas.<\/p>\n<\/div><\/div>\n\n\n\n<div class=\"wp-block-media-text alignwide has-media-on-the-right is-stacked-on-mobile\"><div class=\"wp-block-media-text__content\">\n<p class=\"has-normal-font-size wp-block-paragraph\"><strong>Segawa Warehouse<\/strong> <\/p>\n\n\n\n<p class=\"has-text-align-justify wp-block-paragraph\">Este edificio de concreto de dos pisos fue aplastado, al punto de semejar un edificio de una sola planta. Fue p\u00e9rdida total.<strong><br><\/strong><\/p>\n<\/div><figure class=\"wp-block-media-text__media\"><img data-recalc-dims=\"1\" loading=\"lazy\" decoding=\"async\" width=\"285\" height=\"187\" data-attachment-id=\"1145\" data-permalink=\"https:\/\/elabrevaderojm.com\/en\/segawa\/\" data-orig-file=\"https:\/\/i0.wp.com\/elabrevaderojm.com\/wp-content\/uploads\/2020\/08\/segawa.jpg?fit=285%2C187&amp;ssl=1\" data-orig-size=\"285,187\" data-comments-opened=\"1\" data-image-meta=\"{&quot;aperture&quot;:&quot;0&quot;,&quot;credit&quot;:&quot;&quot;,&quot;camera&quot;:&quot;&quot;,&quot;caption&quot;:&quot;&quot;,&quot;created_timestamp&quot;:&quot;0&quot;,&quot;copyright&quot;:&quot;&quot;,&quot;focal_length&quot;:&quot;0&quot;,&quot;iso&quot;:&quot;0&quot;,&quot;shutter_speed&quot;:&quot;0&quot;,&quot;title&quot;:&quot;&quot;,&quot;orientation&quot;:&quot;0&quot;}\" data-image-title=\"segawa\" data-image-description=\"\" data-image-caption=\"\" data-large-file=\"https:\/\/i0.wp.com\/elabrevaderojm.com\/wp-content\/uploads\/2020\/08\/segawa.jpg?fit=285%2C187&amp;ssl=1\" src=\"https:\/\/i0.wp.com\/elabrevaderojm.com\/wp-content\/uploads\/2020\/08\/segawa.jpg?resize=285%2C187&#038;ssl=1\" alt=\"\" class=\"wp-image-1145 size-full\"\/><\/figure><\/div>\n\n\n\n<div class=\"wp-block-media-text alignwide is-stacked-on-mobile\"><figure class=\"wp-block-media-text__media\"><img data-recalc-dims=\"1\" loading=\"lazy\" decoding=\"async\" width=\"285\" height=\"187\" data-attachment-id=\"1147\" data-permalink=\"https:\/\/elabrevaderojm.com\/en\/shinoohashi\/\" data-orig-file=\"https:\/\/i0.wp.com\/elabrevaderojm.com\/wp-content\/uploads\/2020\/08\/shinoohashi.jpg?fit=285%2C187&amp;ssl=1\" data-orig-size=\"285,187\" data-comments-opened=\"1\" data-image-meta=\"{&quot;aperture&quot;:&quot;0&quot;,&quot;credit&quot;:&quot;&quot;,&quot;camera&quot;:&quot;&quot;,&quot;caption&quot;:&quot;&quot;,&quot;created_timestamp&quot;:&quot;0&quot;,&quot;copyright&quot;:&quot;&quot;,&quot;focal_length&quot;:&quot;0&quot;,&quot;iso&quot;:&quot;0&quot;,&quot;shutter_speed&quot;:&quot;0&quot;,&quot;title&quot;:&quot;&quot;,&quot;orientation&quot;:&quot;0&quot;}\" data-image-title=\"shinoohashi\" data-image-description=\"\" data-image-caption=\"\" data-large-file=\"https:\/\/i0.wp.com\/elabrevaderojm.com\/wp-content\/uploads\/2020\/08\/shinoohashi.jpg?fit=285%2C187&amp;ssl=1\" src=\"https:\/\/i0.wp.com\/elabrevaderojm.com\/wp-content\/uploads\/2020\/08\/shinoohashi.jpg?resize=285%2C187&#038;ssl=1\" alt=\"\" class=\"wp-image-1147 size-full\"\/><\/figure><div class=\"wp-block-media-text__content\">\n<p class=\"has-normal-font-size wp-block-paragraph\"><strong>Shin-ohashi Bridge<\/strong> <\/p>\n\n\n\n<p class=\"has-text-align-justify has-small-font-size wp-block-paragraph\">El puente Shin-ohashi fue arrastrado por el tif\u00f3n Makurazaki. El nuevo puente, Nishi-heiwa-ohashi, fue construido en, aproximadamente, la misma posici\u00f3n en 1952. El d\u00eda del bombardeo, miles de estudiantes de secundaria y ni\u00f1as de bachillerato estaban en la zona ayudando a limpiar para crear carriles para bomberos. Trabajando al aire libre tan cerca del epicentro, casi todos murieron. Sus cuerpos llenaron el r\u00edo.<\/p>\n<\/div><\/div>\n\n\n\n<h2 class=\"wp-block-heading has-text-align-center\">Testimonio gr\u00e1fico de corresponsales: Hiroshima<\/h2>\n\n\n\n<div class=\"wp-block-media-text alignwide is-stacked-on-mobile\" style=\"grid-template-columns:44% auto\"><figure class=\"wp-block-media-text__media\"><img data-recalc-dims=\"1\" loading=\"lazy\" decoding=\"async\" width=\"400\" height=\"257\" data-attachment-id=\"1315\" data-permalink=\"https:\/\/elabrevaderojm.com\/en\/hiroshima1_opt\/\" data-orig-file=\"https:\/\/i0.wp.com\/elabrevaderojm.com\/wp-content\/uploads\/2020\/08\/hiroshima1_opt.jpg?fit=400%2C257&amp;ssl=1\" data-orig-size=\"400,257\" data-comments-opened=\"1\" data-image-meta=\"{&quot;aperture&quot;:&quot;0&quot;,&quot;credit&quot;:&quot;&quot;,&quot;camera&quot;:&quot;&quot;,&quot;caption&quot;:&quot;&quot;,&quot;created_timestamp&quot;:&quot;0&quot;,&quot;copyright&quot;:&quot;&quot;,&quot;focal_length&quot;:&quot;0&quot;,&quot;iso&quot;:&quot;0&quot;,&quot;shutter_speed&quot;:&quot;0&quot;,&quot;title&quot;:&quot;&quot;,&quot;orientation&quot;:&quot;0&quot;}\" data-image-title=\"hiroshima1_opt\" data-image-description=\"\" data-image-caption=\"\" data-large-file=\"https:\/\/i0.wp.com\/elabrevaderojm.com\/wp-content\/uploads\/2020\/08\/hiroshima1_opt.jpg?fit=400%2C257&amp;ssl=1\" src=\"https:\/\/i0.wp.com\/elabrevaderojm.com\/wp-content\/uploads\/2020\/08\/hiroshima1_opt.jpg?resize=400%2C257&#038;ssl=1\" alt=\"\" class=\"wp-image-1315 size-full\"\/><\/figure><div class=\"wp-block-media-text__content\">\n<p class=\"has-text-align-justify wp-block-paragraph\">Un corresponsal se encuentra entre los escombros en Hiroshima, Jap\u00f3n, el 8 de septiembre de 1945, un mes despu\u00e9s de que la primera bomba at\u00f3mica utilizada en la guerra fuera lanzada por <a href=\"https:\/\/es.wikipedia.org\/wiki\/Estados_Unidos\">Estados Unidos<\/a> (Stanley Troutman \/ AP).<\/p>\n<\/div><\/div>\n\n\n\n<div class=\"wp-block-media-text alignwide has-media-on-the-right is-stacked-on-mobile\"><div class=\"wp-block-media-text__content\">\n<p class=\"has-text-align-justify has-small-font-size wp-block-paragraph\">Una hongo at\u00f3mico pende sobre Hiroshima alrededor de una hora despu\u00e9s de la detonaci\u00f3n. Al menos 70.000 personas murieron en la explosi\u00f3n inicial, mientras que aproximadamente 70.000 m\u00e1s murieron por exposici\u00f3n a la radiaci\u00f3n. \u00abEl total de muertes en cinco a\u00f1os puede haber alcanzado o incluso superado los 200.000, a medida que el c\u00e1ncer y otros efectos a largo plazo se afianzaron\u00bb, seg\u00fan la historia del <a href=\"https:\/\/es.wikipedia.org\/wiki\/Proyecto_Manhattan\">Proyecto Manhattan<\/a> del Departamento de Energ\u00eda. (Museo Memorial de la Paz del Ej\u00e9rcito de los Estados Unidos\/Hiroshima\/AP).<\/p>\n<\/div><figure class=\"wp-block-media-text__media\"><img data-recalc-dims=\"1\" loading=\"lazy\" decoding=\"async\" width=\"400\" height=\"279\" data-attachment-id=\"1316\" data-permalink=\"https:\/\/elabrevaderojm.com\/en\/hiroshima2_opt\/\" data-orig-file=\"https:\/\/i0.wp.com\/elabrevaderojm.com\/wp-content\/uploads\/2020\/08\/hiroshima2_opt.jpg?fit=400%2C279&amp;ssl=1\" data-orig-size=\"400,279\" data-comments-opened=\"1\" data-image-meta=\"{&quot;aperture&quot;:&quot;0&quot;,&quot;credit&quot;:&quot;&quot;,&quot;camera&quot;:&quot;&quot;,&quot;caption&quot;:&quot;&quot;,&quot;created_timestamp&quot;:&quot;0&quot;,&quot;copyright&quot;:&quot;&quot;,&quot;focal_length&quot;:&quot;0&quot;,&quot;iso&quot;:&quot;0&quot;,&quot;shutter_speed&quot;:&quot;0&quot;,&quot;title&quot;:&quot;&quot;,&quot;orientation&quot;:&quot;0&quot;}\" data-image-title=\"hiroshima2_opt\" data-image-description=\"\" data-image-caption=\"\" data-large-file=\"https:\/\/i0.wp.com\/elabrevaderojm.com\/wp-content\/uploads\/2020\/08\/hiroshima2_opt.jpg?fit=400%2C279&amp;ssl=1\" src=\"https:\/\/i0.wp.com\/elabrevaderojm.com\/wp-content\/uploads\/2020\/08\/hiroshima2_opt.jpg?resize=400%2C279&#038;ssl=1\" alt=\"\" class=\"wp-image-1316 size-full\"\/><\/figure><\/div>\n\n\n\n<div class=\"wp-block-media-text alignwide is-stacked-on-mobile\"><figure class=\"wp-block-media-text__media\"><img data-recalc-dims=\"1\" loading=\"lazy\" decoding=\"async\" width=\"400\" height=\"270\" data-attachment-id=\"1317\" data-permalink=\"https:\/\/elabrevaderojm.com\/en\/hiroshima3_opt\/\" data-orig-file=\"https:\/\/i0.wp.com\/elabrevaderojm.com\/wp-content\/uploads\/2020\/08\/hiroshima3_opt.jpg?fit=400%2C270&amp;ssl=1\" data-orig-size=\"400,270\" data-comments-opened=\"1\" data-image-meta=\"{&quot;aperture&quot;:&quot;0&quot;,&quot;credit&quot;:&quot;&quot;,&quot;camera&quot;:&quot;&quot;,&quot;caption&quot;:&quot;&quot;,&quot;created_timestamp&quot;:&quot;0&quot;,&quot;copyright&quot;:&quot;&quot;,&quot;focal_length&quot;:&quot;0&quot;,&quot;iso&quot;:&quot;0&quot;,&quot;shutter_speed&quot;:&quot;0&quot;,&quot;title&quot;:&quot;&quot;,&quot;orientation&quot;:&quot;0&quot;}\" data-image-title=\"hiroshima3_opt\" data-image-description=\"\" data-image-caption=\"\" data-large-file=\"https:\/\/i0.wp.com\/elabrevaderojm.com\/wp-content\/uploads\/2020\/08\/hiroshima3_opt.jpg?fit=400%2C270&amp;ssl=1\" src=\"https:\/\/i0.wp.com\/elabrevaderojm.com\/wp-content\/uploads\/2020\/08\/hiroshima3_opt.jpg?resize=400%2C270&#038;ssl=1\" alt=\"\" class=\"wp-image-1317 size-full\"\/><\/figure><div class=\"wp-block-media-text__content\">\n<p class=\"has-text-align-justify wp-block-paragraph\">Un paciente que sufre graves quemaduras por radiaci\u00f3n en el hospital de la Cruz Roja de Hiroshima en agosto de 1945. Muchos de los que sobrevivieron a la explosi\u00f3n inicial murieron de graves lesiones y enfermedades relacionadas con la radiaci\u00f3n (Im\u00e1genes de Hajime Miyatake\/Asahi Shimbun\/Getty Images).<\/p>\n<\/div><\/div>\n\n\n\n<div class=\"wp-block-media-text alignwide has-media-on-the-right is-stacked-on-mobile\" style=\"grid-template-columns:auto 34%\"><div class=\"wp-block-media-text__content\">\n<p class=\"has-text-align-justify wp-block-paragraph\" style=\"font-size:24px\">Esta foto a\u00e9rea muestra la base del ej\u00e9rcito japon\u00e9s en Hiroshima, un d\u00eda despu\u00e9s de la bomba (Im\u00e1genes de Bettmann\/Getty Images).<\/p>\n<\/div><figure class=\"wp-block-media-text__media\"><img data-recalc-dims=\"1\" loading=\"lazy\" decoding=\"async\" width=\"640\" height=\"508\" data-attachment-id=\"1318\" data-permalink=\"https:\/\/elabrevaderojm.com\/en\/hiroshima4-1\/\" data-orig-file=\"https:\/\/i0.wp.com\/elabrevaderojm.com\/wp-content\/uploads\/2020\/08\/hiroshima4-1.jpg?fit=1600%2C1270&amp;ssl=1\" data-orig-size=\"1600,1270\" data-comments-opened=\"1\" data-image-meta=\"{&quot;aperture&quot;:&quot;0&quot;,&quot;credit&quot;:&quot;&quot;,&quot;camera&quot;:&quot;&quot;,&quot;caption&quot;:&quot;&quot;,&quot;created_timestamp&quot;:&quot;0&quot;,&quot;copyright&quot;:&quot;&quot;,&quot;focal_length&quot;:&quot;0&quot;,&quot;iso&quot;:&quot;0&quot;,&quot;shutter_speed&quot;:&quot;0&quot;,&quot;title&quot;:&quot;&quot;,&quot;orientation&quot;:&quot;0&quot;}\" data-image-title=\"hiroshima4-1\" data-image-description=\"\" data-image-caption=\"\" data-large-file=\"https:\/\/i0.wp.com\/elabrevaderojm.com\/wp-content\/uploads\/2020\/08\/hiroshima4-1.jpg?fit=640%2C508&amp;ssl=1\" src=\"https:\/\/i0.wp.com\/elabrevaderojm.com\/wp-content\/uploads\/2020\/08\/hiroshima4-1.jpg?resize=640%2C508&#038;ssl=1\" alt=\"\" class=\"wp-image-1318 size-full\"\/><\/figure><\/div>\n\n\n\n<div class=\"wp-block-media-text alignwide is-stacked-on-mobile\" style=\"grid-template-columns:36% auto\"><figure class=\"wp-block-media-text__media\"><img data-recalc-dims=\"1\" loading=\"lazy\" decoding=\"async\" width=\"640\" height=\"452\" data-attachment-id=\"1319\" data-permalink=\"https:\/\/elabrevaderojm.com\/en\/hiroshima5-1\/\" data-orig-file=\"https:\/\/i0.wp.com\/elabrevaderojm.com\/wp-content\/uploads\/2020\/08\/hiroshima5-1.jpg?fit=1600%2C1131&amp;ssl=1\" data-orig-size=\"1600,1131\" data-comments-opened=\"1\" data-image-meta=\"{&quot;aperture&quot;:&quot;0&quot;,&quot;credit&quot;:&quot;&quot;,&quot;camera&quot;:&quot;&quot;,&quot;caption&quot;:&quot;&quot;,&quot;created_timestamp&quot;:&quot;0&quot;,&quot;copyright&quot;:&quot;&quot;,&quot;focal_length&quot;:&quot;0&quot;,&quot;iso&quot;:&quot;0&quot;,&quot;shutter_speed&quot;:&quot;0&quot;,&quot;title&quot;:&quot;&quot;,&quot;orientation&quot;:&quot;0&quot;}\" data-image-title=\"hiroshima5-1\" data-image-description=\"\" data-image-caption=\"\" data-large-file=\"https:\/\/i0.wp.com\/elabrevaderojm.com\/wp-content\/uploads\/2020\/08\/hiroshima5-1.jpg?fit=640%2C452&amp;ssl=1\" src=\"https:\/\/i0.wp.com\/elabrevaderojm.com\/wp-content\/uploads\/2020\/08\/hiroshima5-1.jpg?resize=640%2C452&#038;ssl=1\" alt=\"\" class=\"wp-image-1319 size-full\"\/><\/figure><div class=\"wp-block-media-text__content\">\n<p class=\"has-text-align-left wp-block-paragraph\" style=\"font-size:24px\">Algunos supervivientes del ataque a Hiroshima (Universal History Archive\/Getty Images).<\/p>\n<\/div><\/div>\n\n\n\n<div class=\"wp-block-jetpack-tiled-gallery aligncenter is-style-rectangular\"><div class=\"\"><div class=\"tiled-gallery__gallery\"><div class=\"tiled-gallery__row\"><div class=\"tiled-gallery__col\" style=\"flex-basis:31.02613%\"><figure class=\"tiled-gallery__item\"><img decoding=\"async\" data-attachment-id=\"1320\" data-permalink=\"https:\/\/elabrevaderojm.com\/en\/hiroshima6-1\/\" data-orig-file=\"https:\/\/i0.wp.com\/elabrevaderojm.com\/wp-content\/uploads\/2020\/08\/hiroshima6-1.jpg?fit=1600%2C1703&amp;ssl=1\" data-orig-size=\"1600,1703\" data-comments-opened=\"1\" data-image-meta=\"{&quot;aperture&quot;:&quot;0&quot;,&quot;credit&quot;:&quot;&quot;,&quot;camera&quot;:&quot;&quot;,&quot;caption&quot;:&quot;&quot;,&quot;created_timestamp&quot;:&quot;0&quot;,&quot;copyright&quot;:&quot;&quot;,&quot;focal_length&quot;:&quot;0&quot;,&quot;iso&quot;:&quot;0&quot;,&quot;shutter_speed&quot;:&quot;0&quot;,&quot;title&quot;:&quot;&quot;,&quot;orientation&quot;:&quot;0&quot;}\" data-image-title=\"hiroshima6-1\" data-image-description=\"\" data-image-caption=\"\" data-large-file=\"https:\/\/i0.wp.com\/elabrevaderojm.com\/wp-content\/uploads\/2020\/08\/hiroshima6-1.jpg?fit=640%2C681&amp;ssl=1\" role=\"button\" tabindex=\"0\" aria-label=\"Open image 1 of 2 in full-screen\" srcset=\"https:\/\/i0.wp.com\/elabrevaderojm.com\/wp-content\/uploads\/2020\/08\/hiroshima6-1.jpg?strip=info&#038;w=600&#038;ssl=1 600w,https:\/\/i0.wp.com\/elabrevaderojm.com\/wp-content\/uploads\/2020\/08\/hiroshima6-1.jpg?strip=info&#038;w=900&#038;ssl=1 900w,https:\/\/i0.wp.com\/elabrevaderojm.com\/wp-content\/uploads\/2020\/08\/hiroshima6-1.jpg?strip=info&#038;w=1200&#038;ssl=1 1200w,https:\/\/i0.wp.com\/elabrevaderojm.com\/wp-content\/uploads\/2020\/08\/hiroshima6-1.jpg?strip=info&#038;w=1500&#038;ssl=1 1500w,https:\/\/i0.wp.com\/elabrevaderojm.com\/wp-content\/uploads\/2020\/08\/hiroshima6-1.jpg?strip=info&#038;w=1600&#038;ssl=1 1600w\" alt=\"\" data-height=\"1703\" data-id=\"1320\" data-link=\"https:\/\/elabrevaderojm.com\/hiroshima6-1\/\" data-url=\"https:\/\/elabrevaderojm.com\/wp-content\/uploads\/2020\/08\/hiroshima6-1.jpg\" data-width=\"1600\" src=\"https:\/\/i0.wp.com\/elabrevaderojm.com\/wp-content\/uploads\/2020\/08\/hiroshima6-1.jpg?ssl=1\" data-amp-layout=\"responsive\" tabindex=\"0\" role=\"button\" aria-label=\"Abrir la imagen 1 de 2 en pantalla completa\"\/><\/figure><\/div><div class=\"tiled-gallery__col\" style=\"flex-basis:68.97387%\"><figure class=\"tiled-gallery__item\"><img decoding=\"async\" data-attachment-id=\"1321\" data-permalink=\"https:\/\/elabrevaderojm.com\/en\/shadows-burned-into-the-streets-buildings-of-hiroshima-1_opt\/\" data-orig-file=\"https:\/\/i0.wp.com\/elabrevaderojm.com\/wp-content\/uploads\/2020\/08\/shadows-burned-into-the-streets-buildings-of-hiroshima-1_opt.jpg?fit=524%2C250&amp;ssl=1\" data-orig-size=\"524,250\" data-comments-opened=\"1\" data-image-meta=\"{&quot;aperture&quot;:&quot;0&quot;,&quot;credit&quot;:&quot;&quot;,&quot;camera&quot;:&quot;&quot;,&quot;caption&quot;:&quot;&quot;,&quot;created_timestamp&quot;:&quot;0&quot;,&quot;copyright&quot;:&quot;&quot;,&quot;focal_length&quot;:&quot;0&quot;,&quot;iso&quot;:&quot;0&quot;,&quot;shutter_speed&quot;:&quot;0&quot;,&quot;title&quot;:&quot;&quot;,&quot;orientation&quot;:&quot;1&quot;}\" data-image-title=\"shadows-burned-into-the-streets-buildings-of-hiroshima-1_opt\" data-image-description=\"\" data-image-caption=\"\" data-large-file=\"https:\/\/i0.wp.com\/elabrevaderojm.com\/wp-content\/uploads\/2020\/08\/shadows-burned-into-the-streets-buildings-of-hiroshima-1_opt.jpg?fit=524%2C250&amp;ssl=1\" role=\"button\" tabindex=\"0\" aria-label=\"Open image 2 of 2 in full-screen\" srcset=\"https:\/\/i0.wp.com\/elabrevaderojm.com\/wp-content\/uploads\/2020\/08\/shadows-burned-into-the-streets-buildings-of-hiroshima-1_opt.jpg?strip=info&#038;w=524&#038;ssl=1 524w\" alt=\"\" data-height=\"250\" data-id=\"1321\" data-link=\"https:\/\/elabrevaderojm.com\/shadows-burned-into-the-streets-buildings-of-hiroshima-1_opt\/\" data-url=\"https:\/\/elabrevaderojm.com\/wp-content\/uploads\/2020\/08\/shadows-burned-into-the-streets-buildings-of-hiroshima-1_opt.jpg\" data-width=\"524\" src=\"https:\/\/i0.wp.com\/elabrevaderojm.com\/wp-content\/uploads\/2020\/08\/shadows-burned-into-the-streets-buildings-of-hiroshima-1_opt.jpg?ssl=1\" data-amp-layout=\"responsive\" tabindex=\"0\" role=\"button\" aria-label=\"Abrir la imagen 2 de 2 en pantalla completa\"\/><\/figure><\/div><\/div><\/div><\/div><\/div>\n\n\n\n<p class=\"wp-block-paragraph\">Sombras de personas que quedaron impresas en objetos tras la detonaci\u00f3n de la bomba. <\/p>\n\n\n\n<div class=\"wp-block-media-text alignwide has-media-on-the-right is-stacked-on-mobile\" style=\"grid-template-columns:auto 27%\"><div class=\"wp-block-media-text__content\">\n<p class=\"has-text-align-justify wp-block-paragraph\" style=\"font-size:26px\">El hongo at\u00f3mico cerca de la zona cero de Hiroshima despu\u00e9s del bombardeo at\u00f3mico el 6 de agosto de 1945 (Museo Memorial de la Paz Gonichi Kimura\/Hiroshima).<\/p>\n<\/div><figure class=\"wp-block-media-text__media\"><img data-recalc-dims=\"1\" loading=\"lazy\" decoding=\"async\" width=\"400\" height=\"389\" data-attachment-id=\"1322\" data-permalink=\"https:\/\/elabrevaderojm.com\/en\/hiroshima10_opt\/\" data-orig-file=\"https:\/\/i0.wp.com\/elabrevaderojm.com\/wp-content\/uploads\/2020\/08\/hiroshima10_opt.jpg?fit=400%2C389&amp;ssl=1\" data-orig-size=\"400,389\" data-comments-opened=\"1\" data-image-meta=\"{&quot;aperture&quot;:&quot;0&quot;,&quot;credit&quot;:&quot;&quot;,&quot;camera&quot;:&quot;&quot;,&quot;caption&quot;:&quot;&quot;,&quot;created_timestamp&quot;:&quot;0&quot;,&quot;copyright&quot;:&quot;&quot;,&quot;focal_length&quot;:&quot;0&quot;,&quot;iso&quot;:&quot;0&quot;,&quot;shutter_speed&quot;:&quot;0&quot;,&quot;title&quot;:&quot;&quot;,&quot;orientation&quot;:&quot;0&quot;}\" data-image-title=\"hiroshima10_opt\" data-image-description=\"\" data-image-caption=\"\" data-large-file=\"https:\/\/i0.wp.com\/elabrevaderojm.com\/wp-content\/uploads\/2020\/08\/hiroshima10_opt.jpg?fit=400%2C389&amp;ssl=1\" src=\"https:\/\/i0.wp.com\/elabrevaderojm.com\/wp-content\/uploads\/2020\/08\/hiroshima10_opt.jpg?resize=400%2C389&#038;ssl=1\" alt=\"\" class=\"wp-image-1322 size-full\"\/><\/figure><\/div>\n\n\n\n<div class=\"wp-block-media-text alignwide is-stacked-on-mobile\" style=\"grid-template-columns:44% auto\"><figure class=\"wp-block-media-text__media\"><img data-recalc-dims=\"1\" loading=\"lazy\" decoding=\"async\" width=\"400\" height=\"267\" data-attachment-id=\"1323\" data-permalink=\"https:\/\/elabrevaderojm.com\/en\/hiroshima11_opt\/\" data-orig-file=\"https:\/\/i0.wp.com\/elabrevaderojm.com\/wp-content\/uploads\/2020\/08\/hiroshima11_opt.jpg?fit=400%2C267&amp;ssl=1\" data-orig-size=\"400,267\" data-comments-opened=\"1\" data-image-meta=\"{&quot;aperture&quot;:&quot;0&quot;,&quot;credit&quot;:&quot;&quot;,&quot;camera&quot;:&quot;&quot;,&quot;caption&quot;:&quot;&quot;,&quot;created_timestamp&quot;:&quot;0&quot;,&quot;copyright&quot;:&quot;&quot;,&quot;focal_length&quot;:&quot;0&quot;,&quot;iso&quot;:&quot;0&quot;,&quot;shutter_speed&quot;:&quot;0&quot;,&quot;title&quot;:&quot;&quot;,&quot;orientation&quot;:&quot;0&quot;}\" data-image-title=\"hiroshima11_opt\" data-image-description=\"\" data-image-caption=\"\" data-large-file=\"https:\/\/i0.wp.com\/elabrevaderojm.com\/wp-content\/uploads\/2020\/08\/hiroshima11_opt.jpg?fit=400%2C267&amp;ssl=1\" src=\"https:\/\/i0.wp.com\/elabrevaderojm.com\/wp-content\/uploads\/2020\/08\/hiroshima11_opt.jpg?resize=400%2C267&#038;ssl=1\" alt=\"\" class=\"wp-image-1323 size-full\"\/><\/figure><div class=\"wp-block-media-text__content\">\n<p class=\"has-text-align-justify wp-block-paragraph\">Una vista del centro de Hiroshima desde una estaci\u00f3n de polic\u00eda en septiembre de 1945. Un edificio de peri\u00f3dicos, una tienda departamental y un banco fueron destruidos (Yoshito Matsushige\/Chugoku Shimbun\/Kyodo).<\/p>\n<\/div><\/div>\n\n\n\n<div class=\"wp-block-media-text alignwide has-media-on-the-right is-stacked-on-mobile\" style=\"grid-template-columns:auto 40%\"><div class=\"wp-block-media-text__content\">\n<p class=\"has-text-align-justify wp-block-paragraph\" style=\"font-size:26px\">Pacientes tratados en una tienda m\u00e9dica en Hiroshima el 9 de agosto (Yotsugi Kawahara, cortes\u00eda del Museo Memorial de la Paz de Hiroshima).<\/p>\n<\/div><figure class=\"wp-block-media-text__media\"><img data-recalc-dims=\"1\" loading=\"lazy\" decoding=\"async\" width=\"400\" height=\"267\" data-attachment-id=\"1324\" data-permalink=\"https:\/\/elabrevaderojm.com\/en\/hiroshima12_opt\/\" data-orig-file=\"https:\/\/i0.wp.com\/elabrevaderojm.com\/wp-content\/uploads\/2020\/08\/hiroshima12_opt.jpg?fit=400%2C267&amp;ssl=1\" data-orig-size=\"400,267\" data-comments-opened=\"1\" data-image-meta=\"{&quot;aperture&quot;:&quot;0&quot;,&quot;credit&quot;:&quot;&quot;,&quot;camera&quot;:&quot;&quot;,&quot;caption&quot;:&quot;&quot;,&quot;created_timestamp&quot;:&quot;0&quot;,&quot;copyright&quot;:&quot;&quot;,&quot;focal_length&quot;:&quot;0&quot;,&quot;iso&quot;:&quot;0&quot;,&quot;shutter_speed&quot;:&quot;0&quot;,&quot;title&quot;:&quot;&quot;,&quot;orientation&quot;:&quot;0&quot;}\" data-image-title=\"hiroshima12_opt\" data-image-description=\"\" data-image-caption=\"\" data-large-file=\"https:\/\/i0.wp.com\/elabrevaderojm.com\/wp-content\/uploads\/2020\/08\/hiroshima12_opt.jpg?fit=400%2C267&amp;ssl=1\" src=\"https:\/\/i0.wp.com\/elabrevaderojm.com\/wp-content\/uploads\/2020\/08\/hiroshima12_opt.jpg?resize=400%2C267&#038;ssl=1\" alt=\"\" class=\"wp-image-1324 size-full\"\/><\/figure><\/div>\n\n\n\n<div class=\"wp-block-media-text alignwide is-stacked-on-mobile\"><figure class=\"wp-block-media-text__media\"><img data-recalc-dims=\"1\" loading=\"lazy\" decoding=\"async\" width=\"640\" height=\"427\" data-attachment-id=\"1169\" data-permalink=\"https:\/\/elabrevaderojm.com\/en\/hiroshima13\/\" data-orig-file=\"https:\/\/i0.wp.com\/elabrevaderojm.com\/wp-content\/uploads\/2020\/08\/hiroshima13.jpg?fit=1024%2C683&amp;ssl=1\" data-orig-size=\"1024,683\" data-comments-opened=\"1\" data-image-meta=\"{&quot;aperture&quot;:&quot;0&quot;,&quot;credit&quot;:&quot;&quot;,&quot;camera&quot;:&quot;&quot;,&quot;caption&quot;:&quot;&quot;,&quot;created_timestamp&quot;:&quot;0&quot;,&quot;copyright&quot;:&quot;&quot;,&quot;focal_length&quot;:&quot;0&quot;,&quot;iso&quot;:&quot;0&quot;,&quot;shutter_speed&quot;:&quot;0&quot;,&quot;title&quot;:&quot;&quot;,&quot;orientation&quot;:&quot;0&quot;}\" data-image-title=\"hiroshima13\" data-image-description=\"\" data-image-caption=\"\" data-large-file=\"https:\/\/i0.wp.com\/elabrevaderojm.com\/wp-content\/uploads\/2020\/08\/hiroshima13.jpg?fit=640%2C427&amp;ssl=1\" src=\"https:\/\/i0.wp.com\/elabrevaderojm.com\/wp-content\/uploads\/2020\/08\/hiroshima13.jpg?resize=640%2C427&#038;ssl=1\" alt=\"\" class=\"wp-image-1169 size-full\"\/><\/figure><div class=\"wp-block-media-text__content\">\n<p class=\"has-text-align-justify wp-block-paragraph\">Una joven que sobrevivi\u00f3 a la explosi\u00f3n en Minami-Ohashi, a una milla al sur de la zona cero, siendo llevada en carretilla el 4 de octubre por su t\u00eda en un carro sobre carreteras cubiertas de escombros hasta el Hospital de la Cruz Roja de Hiroshima (Shunkichi Kikuchi, cortes\u00eda de Harumi Tago).<\/p>\n<\/div><\/div>\n\n\n\n<div class=\"wp-block-media-text alignwide has-media-on-the-right is-stacked-on-mobile\" style=\"grid-template-columns:auto 40%\"><div class=\"wp-block-media-text__content\">\n<p class=\"has-text-align-justify wp-block-paragraph\" style=\"font-size:26px\">Una estaci\u00f3n temporal de primeros auxilios el 7 de octubre en la escuela primaria de Fukuromachi en Hiroshima (Shunkichi Kikuchi, cortes\u00eda de Harumi Tago).<\/p>\n<\/div><figure class=\"wp-block-media-text__media\"><img data-recalc-dims=\"1\" loading=\"lazy\" decoding=\"async\" width=\"400\" height=\"267\" data-attachment-id=\"1325\" data-permalink=\"https:\/\/elabrevaderojm.com\/en\/hiroshima14_opt\/\" data-orig-file=\"https:\/\/i0.wp.com\/elabrevaderojm.com\/wp-content\/uploads\/2020\/08\/hiroshima14_opt.jpg?fit=400%2C267&amp;ssl=1\" data-orig-size=\"400,267\" data-comments-opened=\"1\" data-image-meta=\"{&quot;aperture&quot;:&quot;0&quot;,&quot;credit&quot;:&quot;&quot;,&quot;camera&quot;:&quot;&quot;,&quot;caption&quot;:&quot;&quot;,&quot;created_timestamp&quot;:&quot;0&quot;,&quot;copyright&quot;:&quot;&quot;,&quot;focal_length&quot;:&quot;0&quot;,&quot;iso&quot;:&quot;0&quot;,&quot;shutter_speed&quot;:&quot;0&quot;,&quot;title&quot;:&quot;&quot;,&quot;orientation&quot;:&quot;0&quot;}\" data-image-title=\"hiroshima14_opt\" data-image-description=\"\" data-image-caption=\"\" data-large-file=\"https:\/\/i0.wp.com\/elabrevaderojm.com\/wp-content\/uploads\/2020\/08\/hiroshima14_opt.jpg?fit=400%2C267&amp;ssl=1\" src=\"https:\/\/i0.wp.com\/elabrevaderojm.com\/wp-content\/uploads\/2020\/08\/hiroshima14_opt.jpg?resize=400%2C267&#038;ssl=1\" alt=\"\" class=\"wp-image-1325 size-full\"\/><\/figure><\/div>\n\n\n\n<div class=\"wp-block-media-text alignwide is-stacked-on-mobile\" style=\"grid-template-columns:42% auto\"><figure class=\"wp-block-media-text__media\"><img data-recalc-dims=\"1\" loading=\"lazy\" decoding=\"async\" width=\"400\" height=\"267\" data-attachment-id=\"1326\" data-permalink=\"https:\/\/elabrevaderojm.com\/en\/hiroshima15_opt\/\" data-orig-file=\"https:\/\/i0.wp.com\/elabrevaderojm.com\/wp-content\/uploads\/2020\/08\/hiroshima15_opt.jpg?fit=400%2C267&amp;ssl=1\" data-orig-size=\"400,267\" data-comments-opened=\"1\" data-image-meta=\"{&quot;aperture&quot;:&quot;0&quot;,&quot;credit&quot;:&quot;&quot;,&quot;camera&quot;:&quot;&quot;,&quot;caption&quot;:&quot;&quot;,&quot;created_timestamp&quot;:&quot;0&quot;,&quot;copyright&quot;:&quot;&quot;,&quot;focal_length&quot;:&quot;0&quot;,&quot;iso&quot;:&quot;0&quot;,&quot;shutter_speed&quot;:&quot;0&quot;,&quot;title&quot;:&quot;&quot;,&quot;orientation&quot;:&quot;0&quot;}\" data-image-title=\"hiroshima15_opt\" data-image-description=\"\" data-image-caption=\"\" data-large-file=\"https:\/\/i0.wp.com\/elabrevaderojm.com\/wp-content\/uploads\/2020\/08\/hiroshima15_opt.jpg?fit=400%2C267&amp;ssl=1\" src=\"https:\/\/i0.wp.com\/elabrevaderojm.com\/wp-content\/uploads\/2020\/08\/hiroshima15_opt.jpg?resize=400%2C267&#038;ssl=1\" alt=\"\" class=\"wp-image-1326 size-full\"\/><\/figure><div class=\"wp-block-media-text__content\">\n<p class=\"has-text-align-justify wp-block-paragraph\">Este hombre, fotografiado el 2 de octubre en una cama de un hospital de Hiroshima, hab\u00eda sido expuesto a la radiaci\u00f3n en Senda-machi. Quemado en su brazo derecho, recibi\u00f3 trasplantes de piel de sus nalgas (Shunkichi Kikuchi, cortes\u00eda de Harumi Tago).<\/p>\n<\/div><\/div>\n\n\n\n<h2 class=\"wp-block-heading has-text-align-center\">Las fotos de Shigeo Hayashi. Memorial de la Paz en Hiroshima: Segunda exposici\u00f3n especial &#8211; 2006. <\/h2>\n\n\n\n<div class=\"wp-block-media-text has-media-on-the-right is-stacked-on-mobile\" style=\"grid-template-columns:auto 18%\"><div class=\"wp-block-media-text__content\">\n<p class=\"has-text-align-justify wp-block-paragraph\">Shigeo Hayashi (en la foto) hab\u00eda experimentado las incursiones de Tokio, perdiendo su casa en una de ellas. Hab\u00eda sido testigo de innumerables escenas de \u00e1reas urbanas quemadas por bombas incendiarias, pero <strong>cuando pas\u00f3 los ojos sobre todo Hiroshima<\/strong>, sus palabras fueron: \u00ab\u00bfUna bomba realmente hizo todo esto?\u00bb. <\/p>\n<\/div><figure class=\"wp-block-media-text__media\"><img data-recalc-dims=\"1\" loading=\"lazy\" decoding=\"async\" width=\"240\" height=\"325\" data-attachment-id=\"13648\" data-permalink=\"https:\/\/elabrevaderojm.com\/en\/2020\/08\/07\/genocidio-de-hiroshima-y-nagasaki-un-homenaje-con-diferentes-angulos-n1-fotos-del-horror-atomico-i\/shigeo-hayashi\/\" data-orig-file=\"https:\/\/i0.wp.com\/elabrevaderojm.com\/wp-content\/uploads\/2023\/07\/shigeo-hayashi.jpg?fit=240%2C325&amp;ssl=1\" data-orig-size=\"240,325\" data-comments-opened=\"1\" data-image-meta=\"{&quot;aperture&quot;:&quot;0&quot;,&quot;credit&quot;:&quot;&quot;,&quot;camera&quot;:&quot;&quot;,&quot;caption&quot;:&quot;&quot;,&quot;created_timestamp&quot;:&quot;0&quot;,&quot;copyright&quot;:&quot;&quot;,&quot;focal_length&quot;:&quot;0&quot;,&quot;iso&quot;:&quot;0&quot;,&quot;shutter_speed&quot;:&quot;0&quot;,&quot;title&quot;:&quot;&quot;,&quot;orientation&quot;:&quot;1&quot;}\" data-image-title=\"shigeo-hayashi\" data-image-description=\"\" data-image-caption=\"\" data-large-file=\"https:\/\/i0.wp.com\/elabrevaderojm.com\/wp-content\/uploads\/2023\/07\/shigeo-hayashi.jpg?fit=240%2C325&amp;ssl=1\" src=\"https:\/\/i0.wp.com\/elabrevaderojm.com\/wp-content\/uploads\/2023\/07\/shigeo-hayashi.jpg?resize=240%2C325&#038;ssl=1\" alt=\"\" class=\"wp-image-13648 size-full\"\/><\/figure><\/div>\n\n\n\n<div class=\"wp-block-media-text alignwide is-stacked-on-mobile\" style=\"grid-template-columns:35% auto\"><figure class=\"wp-block-media-text__media\"><img data-recalc-dims=\"1\" loading=\"lazy\" decoding=\"async\" width=\"400\" height=\"387\" data-attachment-id=\"1328\" data-permalink=\"https:\/\/elabrevaderojm.com\/en\/hiroshima18_opt-1\/\" data-orig-file=\"https:\/\/i0.wp.com\/elabrevaderojm.com\/wp-content\/uploads\/2020\/08\/hiroshima18_opt-1.jpg?fit=400%2C387&amp;ssl=1\" data-orig-size=\"400,387\" data-comments-opened=\"1\" data-image-meta=\"{&quot;aperture&quot;:&quot;0&quot;,&quot;credit&quot;:&quot;&quot;,&quot;camera&quot;:&quot;&quot;,&quot;caption&quot;:&quot;&quot;,&quot;created_timestamp&quot;:&quot;0&quot;,&quot;copyright&quot;:&quot;&quot;,&quot;focal_length&quot;:&quot;0&quot;,&quot;iso&quot;:&quot;0&quot;,&quot;shutter_speed&quot;:&quot;0&quot;,&quot;title&quot;:&quot;&quot;,&quot;orientation&quot;:&quot;0&quot;}\" data-image-title=\"hiroshima18_opt-1\" data-image-description=\"\" data-image-caption=\"\" data-large-file=\"https:\/\/i0.wp.com\/elabrevaderojm.com\/wp-content\/uploads\/2020\/08\/hiroshima18_opt-1.jpg?fit=400%2C387&amp;ssl=1\" src=\"https:\/\/i0.wp.com\/elabrevaderojm.com\/wp-content\/uploads\/2020\/08\/hiroshima18_opt-1.jpg?resize=400%2C387&#038;ssl=1\" alt=\"\" class=\"wp-image-1328 size-full\"\/><\/figure><div class=\"wp-block-media-text__content\">\n<p class=\"wp-block-paragraph\">Mirando hacia el noroeste desde el techo del <strong>Banco Shokochukin<\/strong><\/p>\n\n\n\n<p class=\"has-text-align-justify has-normal-font-size wp-block-paragraph\">La explosi\u00f3n arranc\u00f3 la pared alrededor del techo. La franja blanquecina paralela a la l\u00ednea del techo es la calle Kinzagai. El edificio de tres pisos que permanece erguido es Kirin Beer Hall. A lo lejos, la isla de Kanawajima est\u00e1 claramente esbozada.<\/p>\n<\/div><\/div>\n\n\n\n<div class=\"wp-block-media-text alignwide has-media-on-the-right is-stacked-on-mobile\" style=\"grid-template-columns:auto 38%\"><div class=\"wp-block-media-text__content\">\n<p class=\"wp-block-paragraph\">Mirando hacia el sureste desde el techo del <strong>Banco Shokochukin<\/strong><\/p>\n\n\n\n<p class=\"has-text-align-justify has-small-font-size wp-block-paragraph\">Esta foto mira hacia abajo en lo que ahora es el \u00e1rea frente a la parada de tranv\u00eda Tate-machi. El edificio incendiado hasta la armaz\u00f3n de hierro es el taller de forja conectado con el Edificio Moto-machi de la Oficina Municipal de Obras Hidr\u00e1ulicas. Los edificios gubernamentales de madera y almacenes fueron quemados, y el personal en ellos muri\u00f3. Un autob\u00fas que se carboniz\u00f3 aparece en primer plano. Un tranv\u00eda expuesto fue abandonado en el lado de la carretera.<\/p>\n<\/div><figure class=\"wp-block-media-text__media\"><img data-recalc-dims=\"1\" loading=\"lazy\" decoding=\"async\" width=\"400\" height=\"387\" data-attachment-id=\"1329\" data-permalink=\"https:\/\/elabrevaderojm.com\/en\/hiroshima19_opt\/\" data-orig-file=\"https:\/\/i0.wp.com\/elabrevaderojm.com\/wp-content\/uploads\/2020\/08\/hiroshima19_opt.jpg?fit=400%2C387&amp;ssl=1\" data-orig-size=\"400,387\" data-comments-opened=\"1\" data-image-meta=\"{&quot;aperture&quot;:&quot;0&quot;,&quot;credit&quot;:&quot;&quot;,&quot;camera&quot;:&quot;&quot;,&quot;caption&quot;:&quot;&quot;,&quot;created_timestamp&quot;:&quot;0&quot;,&quot;copyright&quot;:&quot;&quot;,&quot;focal_length&quot;:&quot;0&quot;,&quot;iso&quot;:&quot;0&quot;,&quot;shutter_speed&quot;:&quot;0&quot;,&quot;title&quot;:&quot;&quot;,&quot;orientation&quot;:&quot;0&quot;}\" data-image-title=\"hiroshima19_opt\" data-image-description=\"\" data-image-caption=\"\" data-large-file=\"https:\/\/i0.wp.com\/elabrevaderojm.com\/wp-content\/uploads\/2020\/08\/hiroshima19_opt.jpg?fit=400%2C387&amp;ssl=1\" src=\"https:\/\/i0.wp.com\/elabrevaderojm.com\/wp-content\/uploads\/2020\/08\/hiroshima19_opt.jpg?resize=400%2C387&#038;ssl=1\" alt=\"\" class=\"wp-image-1329 size-full\"\/><\/figure><\/div>\n\n\n\n<p class=\"has-text-align-justify wp-block-paragraph\">Lo que se extend\u00eda ante Shigeo Hayashi <strong>era una llanura de escombros<\/strong> muy silenciosa, y sin embargo, en su mente el fot\u00f3grafo imaginaba las escenas horribles del bombardeo. \u00ab<em>Cada pocos pasos ve\u00eda restos de otro crematorio improvisado. Dondequiera que apunt\u00e9 la c\u00e1mara, las voces del infierno de dos meses antes se lanzaban hacia m\u00ed.<\/em>\u00bb Hayashi comenz\u00f3 su toma de fotos en el epicentro y gradualmente camin\u00f3 hacia los bordes exteriores del anillo.<\/p>\n\n\n\n<div class=\"wp-block-media-text alignwide is-stacked-on-mobile\" style=\"grid-template-columns:45% auto\"><figure class=\"wp-block-media-text__media\"><img data-recalc-dims=\"1\" loading=\"lazy\" decoding=\"async\" width=\"340\" height=\"224\" data-attachment-id=\"1186\" data-permalink=\"https:\/\/elabrevaderojm.com\/en\/hiroshima20\/\" data-orig-file=\"https:\/\/i0.wp.com\/elabrevaderojm.com\/wp-content\/uploads\/2020\/08\/hiroshima20.jpg?fit=340%2C224&amp;ssl=1\" data-orig-size=\"340,224\" data-comments-opened=\"1\" data-image-meta=\"{&quot;aperture&quot;:&quot;0&quot;,&quot;credit&quot;:&quot;&quot;,&quot;camera&quot;:&quot;&quot;,&quot;caption&quot;:&quot;&quot;,&quot;created_timestamp&quot;:&quot;0&quot;,&quot;copyright&quot;:&quot;&quot;,&quot;focal_length&quot;:&quot;0&quot;,&quot;iso&quot;:&quot;0&quot;,&quot;shutter_speed&quot;:&quot;0&quot;,&quot;title&quot;:&quot;&quot;,&quot;orientation&quot;:&quot;0&quot;}\" data-image-title=\"hiroshima20\" data-image-description=\"\" data-image-caption=\"\" data-large-file=\"https:\/\/i0.wp.com\/elabrevaderojm.com\/wp-content\/uploads\/2020\/08\/hiroshima20.jpg?fit=340%2C224&amp;ssl=1\" src=\"https:\/\/i0.wp.com\/elabrevaderojm.com\/wp-content\/uploads\/2020\/08\/hiroshima20.jpg?resize=340%2C224&#038;ssl=1\" alt=\"\" class=\"wp-image-1186 size-full\"\/><\/figure><div class=\"wp-block-media-text__content\">\n<p class=\"has-text-align-justify has-small-font-size wp-block-paragraph\">Mirando hacia el este desde la <strong>calle Sarugaku-cho<\/strong>. Esta calle estuvo debajo de la explosi\u00f3n. Todas las casas y tiendas de la zona fueron aplastadas y consumidas por el fuego, con la carretera vagamente visible por la l\u00ednea de cisternas contra fuego de hormig\u00f3n. Debido a que la explosi\u00f3n golpe\u00f3 las cisternas directamente desde arriba, sus fondos reventaron. Innumerables personas perecieron en los alrededores. El edificio de la extrema derecha es <em>Yasuda Life Insurance Company<\/em>. <em>Chiyoda Life Insurance Company<\/em> es el edificio m\u00e1s cercano; el <em>Banco Geibi<\/em> (ahora, Banco de Hiroshima) est\u00e1 detr\u00e1s de \u00e9l. La tienda por departamentos de Fukuya se encuentra en el lado izquierdo (norte) de la calle.<\/p>\n<\/div><\/div>\n\n\n\n<div class=\"wp-block-media-text alignwide has-media-on-the-right is-stacked-on-mobile\"><div class=\"wp-block-media-text__content\">\n<p class=\"wp-block-paragraph\">Mirando hacia el este a lo largo de la <strong>calle del tranv\u00eda de Sarugaku-cho<\/strong><\/p>\n\n\n\n<p class=\"has-text-align-justify has-small-font-size wp-block-paragraph\">La calle del tranv\u00eda que corr\u00eda hacia el este y el oeste a trav\u00e9s del centro de la ciudad es la actual avenida Aioi-dori. En el levantamiento de tierra a la izquierda se encuentran las ruinas de la torreta No. 1 en lo que hab\u00eda sido el foso exterior del <a href=\"https:\/\/es.wikipedia.org\/wiki\/Castillo_Hiroshima\">Castillo Hiroshima<\/a>. La foto muestra a alguien cargando sus pertenencias y otros llevan sus posesiones dom\u00e9sticas en grandes carros o camiones.<\/p>\n<\/div><figure class=\"wp-block-media-text__media\"><img data-recalc-dims=\"1\" loading=\"lazy\" decoding=\"async\" width=\"340\" height=\"224\" data-attachment-id=\"1189\" data-permalink=\"https:\/\/elabrevaderojm.com\/en\/hiroshima21\/\" data-orig-file=\"https:\/\/i0.wp.com\/elabrevaderojm.com\/wp-content\/uploads\/2020\/08\/hiroshima21.jpg?fit=340%2C224&amp;ssl=1\" data-orig-size=\"340,224\" data-comments-opened=\"1\" data-image-meta=\"{&quot;aperture&quot;:&quot;0&quot;,&quot;credit&quot;:&quot;&quot;,&quot;camera&quot;:&quot;&quot;,&quot;caption&quot;:&quot;&quot;,&quot;created_timestamp&quot;:&quot;0&quot;,&quot;copyright&quot;:&quot;&quot;,&quot;focal_length&quot;:&quot;0&quot;,&quot;iso&quot;:&quot;0&quot;,&quot;shutter_speed&quot;:&quot;0&quot;,&quot;title&quot;:&quot;&quot;,&quot;orientation&quot;:&quot;0&quot;}\" data-image-title=\"hiroshima21\" data-image-description=\"\" data-image-caption=\"\" data-large-file=\"https:\/\/i0.wp.com\/elabrevaderojm.com\/wp-content\/uploads\/2020\/08\/hiroshima21.jpg?fit=340%2C224&amp;ssl=1\" src=\"https:\/\/i0.wp.com\/elabrevaderojm.com\/wp-content\/uploads\/2020\/08\/hiroshima21.jpg?resize=340%2C224&#038;ssl=1\" alt=\"\" class=\"wp-image-1189 size-full\"\/><\/figure><\/div>\n\n\n\n<div class=\"wp-block-media-text alignwide is-stacked-on-mobile\"><figure class=\"wp-block-media-text__media\"><img data-recalc-dims=\"1\" loading=\"lazy\" decoding=\"async\" width=\"499\" height=\"175\" data-attachment-id=\"1192\" data-permalink=\"https:\/\/elabrevaderojm.com\/en\/hiroshima22\/\" data-orig-file=\"https:\/\/i0.wp.com\/elabrevaderojm.com\/wp-content\/uploads\/2020\/08\/hiroshima22.jpg?fit=499%2C175&amp;ssl=1\" data-orig-size=\"499,175\" data-comments-opened=\"1\" data-image-meta=\"{&quot;aperture&quot;:&quot;0&quot;,&quot;credit&quot;:&quot;&quot;,&quot;camera&quot;:&quot;&quot;,&quot;caption&quot;:&quot;&quot;,&quot;created_timestamp&quot;:&quot;0&quot;,&quot;copyright&quot;:&quot;&quot;,&quot;focal_length&quot;:&quot;0&quot;,&quot;iso&quot;:&quot;0&quot;,&quot;shutter_speed&quot;:&quot;0&quot;,&quot;title&quot;:&quot;&quot;,&quot;orientation&quot;:&quot;0&quot;}\" data-image-title=\"hiroshima22\" data-image-description=\"\" data-image-caption=\"\" data-large-file=\"https:\/\/i0.wp.com\/elabrevaderojm.com\/wp-content\/uploads\/2020\/08\/hiroshima22.jpg?fit=499%2C175&amp;ssl=1\" src=\"https:\/\/i0.wp.com\/elabrevaderojm.com\/wp-content\/uploads\/2020\/08\/hiroshima22.jpg?resize=499%2C175&#038;ssl=1\" alt=\"\" class=\"wp-image-1192 size-full\"\/><\/figure><div class=\"wp-block-media-text__content\">\n<p class=\"wp-block-paragraph\">Mirando hacia el noreste desde las <strong>ruinas de la torre del Castillo Hiroshima<\/strong><\/p>\n\n\n\n<p class=\"has-text-align-justify has-small-font-size wp-block-paragraph\">La vista es al noreste desde la torre del castillo desmoronado. Innumerables personas se sumergieron en este foso interior para escapar de las llamas y murieron all\u00ed. En el otro lado del puente de madera sobre el foso se encuentra el patio de la escuela primaria del Ej\u00e9rcito de Hiroshima. A su derecha est\u00e1n las paredes a\u00fan intactas de la escuela. En el fondo se encuentra la camuflada  oficina de comunicaciones de Hiroshima .<\/p>\n<\/div><\/div>\n\n\n\n<div class=\"wp-block-media-text alignwide has-media-on-the-right is-stacked-on-mobile\"><div class=\"wp-block-media-text__content\">\n<p class=\"wp-block-paragraph\">Mirando desde la <strong>puerta de Ninomaru hacia el Honmaru<\/strong> (principal complejo del castillo) del castillo de Hiroshima.<\/p>\n\n\n\n<p class=\"has-text-align-justify has-small-font-size wp-block-paragraph\">La pared en primer plano es la pared de la segunda muralla interior (<em>ninomaru<\/em>). En el nivel inferior del complejo principal en el fondo estaba la Oficina Regional de Defensa A\u00e9rea del Cuartel Militar Regional de Chugoku, parcialmente subterr\u00e1nea. Dos estudiantes que trabajaban como operadoras de radio en ese momento fueron las primeras en denunciar el bombardeo.<\/p>\n<\/div><figure class=\"wp-block-media-text__media\"><img data-recalc-dims=\"1\" loading=\"lazy\" decoding=\"async\" width=\"340\" height=\"227\" data-attachment-id=\"1194\" data-permalink=\"https:\/\/elabrevaderojm.com\/en\/hiroshima23\/\" data-orig-file=\"https:\/\/i0.wp.com\/elabrevaderojm.com\/wp-content\/uploads\/2020\/08\/hiroshima23.jpg?fit=340%2C227&amp;ssl=1\" data-orig-size=\"340,227\" data-comments-opened=\"1\" data-image-meta=\"{&quot;aperture&quot;:&quot;0&quot;,&quot;credit&quot;:&quot;&quot;,&quot;camera&quot;:&quot;&quot;,&quot;caption&quot;:&quot;&quot;,&quot;created_timestamp&quot;:&quot;0&quot;,&quot;copyright&quot;:&quot;&quot;,&quot;focal_length&quot;:&quot;0&quot;,&quot;iso&quot;:&quot;0&quot;,&quot;shutter_speed&quot;:&quot;0&quot;,&quot;title&quot;:&quot;&quot;,&quot;orientation&quot;:&quot;0&quot;}\" data-image-title=\"hiroshima23\" data-image-description=\"\" data-image-caption=\"\" data-large-file=\"https:\/\/i0.wp.com\/elabrevaderojm.com\/wp-content\/uploads\/2020\/08\/hiroshima23.jpg?fit=340%2C227&amp;ssl=1\" src=\"https:\/\/i0.wp.com\/elabrevaderojm.com\/wp-content\/uploads\/2020\/08\/hiroshima23.jpg?resize=340%2C227&#038;ssl=1\" alt=\"\" class=\"wp-image-1194 size-full\"\/><\/figure><\/div>\n\n\n\n<div class=\"wp-block-media-text alignwide is-stacked-on-mobile\" style=\"grid-template-columns:37% auto\"><figure class=\"wp-block-media-text__media\"><img data-recalc-dims=\"1\" loading=\"lazy\" decoding=\"async\" width=\"340\" height=\"503\" data-attachment-id=\"1196\" data-permalink=\"https:\/\/elabrevaderojm.com\/en\/hiroshima24\/\" data-orig-file=\"https:\/\/i0.wp.com\/elabrevaderojm.com\/wp-content\/uploads\/2020\/08\/hiroshima24.jpg?fit=340%2C503&amp;ssl=1\" data-orig-size=\"340,503\" data-comments-opened=\"1\" data-image-meta=\"{&quot;aperture&quot;:&quot;0&quot;,&quot;credit&quot;:&quot;&quot;,&quot;camera&quot;:&quot;&quot;,&quot;caption&quot;:&quot;&quot;,&quot;created_timestamp&quot;:&quot;0&quot;,&quot;copyright&quot;:&quot;&quot;,&quot;focal_length&quot;:&quot;0&quot;,&quot;iso&quot;:&quot;0&quot;,&quot;shutter_speed&quot;:&quot;0&quot;,&quot;title&quot;:&quot;&quot;,&quot;orientation&quot;:&quot;0&quot;}\" data-image-title=\"hiroshima24\" data-image-description=\"\" data-image-caption=\"\" data-large-file=\"https:\/\/i0.wp.com\/elabrevaderojm.com\/wp-content\/uploads\/2020\/08\/hiroshima24.jpg?fit=340%2C503&amp;ssl=1\" src=\"https:\/\/i0.wp.com\/elabrevaderojm.com\/wp-content\/uploads\/2020\/08\/hiroshima24.jpg?resize=340%2C503&#038;ssl=1\" alt=\"\" class=\"wp-image-1196 size-full\"\/><\/figure><div class=\"wp-block-media-text__content\">\n<p class=\"has-normal-font-size wp-block-paragraph\">Restos de v\u00edctimas en la zona de <strong>Sarugaku-cho<\/strong><\/p>\n\n\n\n<p class=\"has-text-align-justify has-normal-font-size wp-block-paragraph\">Las casas de madera api\u00f1adas en la zona del epicentro fueron envueltas y consumidas por las llamas. El hueso humano finamente astillado permaneci\u00f3 en la zona. El subequipo de f\u00edsica recogi\u00f3 hueso humano para calcular el <a href=\"https:\/\/es.wikipedia.org\/wiki\/F%C3%B3sforo\">f\u00f3sforo<\/a> activado por los rayos de neutrones.<\/p>\n<\/div><\/div>\n\n\n\n<p class=\"has-text-align-justify wp-block-paragraph\">Hayashi primero plane\u00f3 tomar s\u00f3lo fotos asignadas por los miembros del equipo de la encuesta, pero como los investigadores estaban ocupados montando su equipo de medici\u00f3n de radiaci\u00f3n, <strong>los fot\u00f3grafos recibieron instrucciones de usar su propio juicio en la selecci\u00f3n de tomas<\/strong>. \u00abMi responsabilidad creci\u00f3. De repente sent\u00ed una carga mucho m\u00e1s pesada sobre mis hombros\u00bb. Hayashi camin\u00f3 por la ciudad tomando fotos de escenas que lo golpearon o parec\u00edan especialmente extra\u00f1as.<\/p>\n\n\n\n<div class=\"wp-block-media-text alignwide has-media-on-the-right is-stacked-on-mobile\" style=\"grid-template-columns:auto 48%\"><div class=\"wp-block-media-text__content\">\n<p class=\"has-text-align-justify wp-block-paragraph\"><strong>El epicentro<\/strong>&#8211;Entrada al <strong>Hospital Shima<\/strong><\/p>\n\n\n\n<p class=\"has-text-align-justify has-small-font-size wp-block-paragraph\">El llamativo hospital Shima, de dos pisos, construido en 1933, ten\u00eda ventanas redondas y columnas que enmarcaban la entrada. La bomba explot\u00f3 en el cielo a 600 metros sobre este edificio. Aunque las paredes ten\u00edan casi un metro de espesor, se desmoronaron bajo el poder abrumador de la explosi\u00f3n. Todas las 75 personas en el edificio en ese momento \u2014pacientes, m\u00e9dicos, enfermeras y otro personal\u2014 perdieron la vida.<\/p>\n<\/div><figure class=\"wp-block-media-text__media\"><img data-recalc-dims=\"1\" loading=\"lazy\" decoding=\"async\" width=\"340\" height=\"227\" data-attachment-id=\"1199\" data-permalink=\"https:\/\/elabrevaderojm.com\/en\/hiroshima25\/\" data-orig-file=\"https:\/\/i0.wp.com\/elabrevaderojm.com\/wp-content\/uploads\/2020\/08\/hiroshima25.jpg?fit=340%2C227&amp;ssl=1\" data-orig-size=\"340,227\" data-comments-opened=\"1\" data-image-meta=\"{&quot;aperture&quot;:&quot;0&quot;,&quot;credit&quot;:&quot;&quot;,&quot;camera&quot;:&quot;&quot;,&quot;caption&quot;:&quot;&quot;,&quot;created_timestamp&quot;:&quot;0&quot;,&quot;copyright&quot;:&quot;&quot;,&quot;focal_length&quot;:&quot;0&quot;,&quot;iso&quot;:&quot;0&quot;,&quot;shutter_speed&quot;:&quot;0&quot;,&quot;title&quot;:&quot;&quot;,&quot;orientation&quot;:&quot;0&quot;}\" data-image-title=\"hiroshima25\" data-image-description=\"\" data-image-caption=\"\" data-large-file=\"https:\/\/i0.wp.com\/elabrevaderojm.com\/wp-content\/uploads\/2020\/08\/hiroshima25.jpg?fit=340%2C227&amp;ssl=1\" src=\"https:\/\/i0.wp.com\/elabrevaderojm.com\/wp-content\/uploads\/2020\/08\/hiroshima25.jpg?resize=340%2C227&#038;ssl=1\" alt=\"\" class=\"wp-image-1199 size-full\"\/><\/figure><\/div>\n\n\n\n<div class=\"wp-block-media-text alignwide is-stacked-on-mobile\" style=\"grid-template-columns:23% auto\"><figure class=\"wp-block-media-text__media\"><img data-recalc-dims=\"1\" loading=\"lazy\" decoding=\"async\" width=\"165\" height=\"250\" data-attachment-id=\"1330\" data-permalink=\"https:\/\/elabrevaderojm.com\/en\/hiroshima26_opt\/\" data-orig-file=\"https:\/\/i0.wp.com\/elabrevaderojm.com\/wp-content\/uploads\/2020\/08\/hiroshima26_opt.jpg?fit=165%2C250&amp;ssl=1\" data-orig-size=\"165,250\" data-comments-opened=\"1\" data-image-meta=\"{&quot;aperture&quot;:&quot;0&quot;,&quot;credit&quot;:&quot;&quot;,&quot;camera&quot;:&quot;&quot;,&quot;caption&quot;:&quot;&quot;,&quot;created_timestamp&quot;:&quot;0&quot;,&quot;copyright&quot;:&quot;&quot;,&quot;focal_length&quot;:&quot;0&quot;,&quot;iso&quot;:&quot;0&quot;,&quot;shutter_speed&quot;:&quot;0&quot;,&quot;title&quot;:&quot;&quot;,&quot;orientation&quot;:&quot;0&quot;}\" data-image-title=\"hiroshima26_opt\" data-image-description=\"\" data-image-caption=\"\" data-large-file=\"https:\/\/i0.wp.com\/elabrevaderojm.com\/wp-content\/uploads\/2020\/08\/hiroshima26_opt.jpg?fit=165%2C250&amp;ssl=1\" src=\"https:\/\/i0.wp.com\/elabrevaderojm.com\/wp-content\/uploads\/2020\/08\/hiroshima26_opt.jpg?resize=165%2C250&#038;ssl=1\" alt=\"\" class=\"wp-image-1330 size-full\"\/><\/figure><div class=\"wp-block-media-text__content\">\n<p class=\"wp-block-paragraph\">Tablero de mensajes para personas conectadas al <strong>Hospital Shima<\/strong><\/p>\n\n\n\n<p class=\"has-text-align-justify wp-block-paragraph\">El director del hospital, Kaoru Shima, coloc\u00f3 sobre una cisterna contra fuegos esta tablilla con informaci\u00f3n para quienes buscasen el paradero de sus seres queridos conectados al hospital. En el momento del bombardeo, el Dr. Shima estaba fuera de la ciudad examinando pacientes. Cuando se enter\u00f3 de la noticia, regres\u00f3 a casa con todos los suministros de primeros auxilios que pod\u00eda llevar y comenz\u00f3 a tratar a los heridos. Sus esperanzas cuando prepar\u00f3 la tabla se desvanecieron. Nadie en el edificio sobrevivi\u00f3.<\/p>\n<\/div><\/div>\n\n\n\n<div class=\"wp-block-media-text alignwide has-media-on-the-right is-stacked-on-mobile\"><div class=\"wp-block-media-text__content\">\n<p class=\"wp-block-paragraph\">Desde la carretera en el lado sur del <strong>Hospital Sei<\/strong><\/p>\n\n\n\n<p class=\"has-text-align-justify has-small-font-size wp-block-paragraph\">El Hospital Dermatol\u00f3gico y Urol\u00f3gico Sei se encontraba diagonalmente a trav\u00e9s de la intersecci\u00f3n con el Hospital Shima. Fue totalmente destruido, excepto por la entrada de la puerta lateral del paciente en primer plano y parte del muro fronterizo. Un mensaje en el exterior de la cerca dice: \u00abHana Sei est\u00e1 viva y bien\u00bb. El edificio de la izquierda es la Asociaci\u00f3n de Comercio de la Prefectura de Hiroshima, y el Campo de Perforaci\u00f3n Occidental es visible a la derecha distante.<\/p>\n<\/div><figure class=\"wp-block-media-text__media\"><img data-recalc-dims=\"1\" loading=\"lazy\" decoding=\"async\" width=\"340\" height=\"225\" data-attachment-id=\"1205\" data-permalink=\"https:\/\/elabrevaderojm.com\/en\/hiroshima27\/\" data-orig-file=\"https:\/\/i0.wp.com\/elabrevaderojm.com\/wp-content\/uploads\/2020\/08\/hiroshima27.jpg?fit=340%2C225&amp;ssl=1\" data-orig-size=\"340,225\" data-comments-opened=\"1\" data-image-meta=\"{&quot;aperture&quot;:&quot;0&quot;,&quot;credit&quot;:&quot;&quot;,&quot;camera&quot;:&quot;&quot;,&quot;caption&quot;:&quot;&quot;,&quot;created_timestamp&quot;:&quot;0&quot;,&quot;copyright&quot;:&quot;&quot;,&quot;focal_length&quot;:&quot;0&quot;,&quot;iso&quot;:&quot;0&quot;,&quot;shutter_speed&quot;:&quot;0&quot;,&quot;title&quot;:&quot;&quot;,&quot;orientation&quot;:&quot;0&quot;}\" data-image-title=\"hiroshima27\" data-image-description=\"\" data-image-caption=\"\" data-large-file=\"https:\/\/i0.wp.com\/elabrevaderojm.com\/wp-content\/uploads\/2020\/08\/hiroshima27.jpg?fit=340%2C225&amp;ssl=1\" src=\"https:\/\/i0.wp.com\/elabrevaderojm.com\/wp-content\/uploads\/2020\/08\/hiroshima27.jpg?resize=340%2C225&#038;ssl=1\" alt=\"\" class=\"wp-image-1205 size-full\"\/><\/figure><\/div>\n\n\n\n<div class=\"wp-block-media-text alignwide is-stacked-on-mobile\"><figure class=\"wp-block-media-text__media\"><img data-recalc-dims=\"1\" loading=\"lazy\" decoding=\"async\" width=\"340\" height=\"225\" data-attachment-id=\"1208\" data-permalink=\"https:\/\/elabrevaderojm.com\/en\/hiroshima28\/\" data-orig-file=\"https:\/\/i0.wp.com\/elabrevaderojm.com\/wp-content\/uploads\/2020\/08\/hiroshima28.jpg?fit=340%2C225&amp;ssl=1\" data-orig-size=\"340,225\" data-comments-opened=\"1\" data-image-meta=\"{&quot;aperture&quot;:&quot;0&quot;,&quot;credit&quot;:&quot;&quot;,&quot;camera&quot;:&quot;&quot;,&quot;caption&quot;:&quot;&quot;,&quot;created_timestamp&quot;:&quot;0&quot;,&quot;copyright&quot;:&quot;&quot;,&quot;focal_length&quot;:&quot;0&quot;,&quot;iso&quot;:&quot;0&quot;,&quot;shutter_speed&quot;:&quot;0&quot;,&quot;title&quot;:&quot;&quot;,&quot;orientation&quot;:&quot;0&quot;}\" data-image-title=\"hiroshima28\" data-image-description=\"\" data-image-caption=\"\" data-large-file=\"https:\/\/i0.wp.com\/elabrevaderojm.com\/wp-content\/uploads\/2020\/08\/hiroshima28.jpg?fit=340%2C225&amp;ssl=1\" src=\"https:\/\/i0.wp.com\/elabrevaderojm.com\/wp-content\/uploads\/2020\/08\/hiroshima28.jpg?resize=340%2C225&#038;ssl=1\" alt=\"\" class=\"wp-image-1208 size-full\"\/><\/figure><div class=\"wp-block-media-text__content\">\n<p class=\"has-text-align-justify wp-block-paragraph\">Leyendo los mensajes de <strong>la junta del Hospital Shima<\/strong><\/p>\n\n\n\n<p class=\"has-text-align-justify wp-block-paragraph\">Esta foto apunta hacia el norte desde la calle Saiku-machi en el lado sur del Hospital Shima. La tablilla que lleva el mensaje del director del hospital est\u00e1 apoyada debajo del fragmento de pared triangular, cerca de los pies de la mujer a la derecha, en el centro de la foto.<\/p>\n<\/div><\/div>\n\n\n\n<div class=\"wp-block-media-text alignwide has-media-on-the-right is-stacked-on-mobile\"><div class=\"wp-block-media-text__content\">\n<p class=\"wp-block-paragraph\"><strong>Avenida Hondori<\/strong><\/p>\n\n\n\n<p class=\"has-text-align-justify has-small-font-size wp-block-paragraph\">Mirando hacia el oeste desde <em>Kirin Beer Hall<\/em> (ahora, el \u00e1rea frente al edificio principal de  PARCO de Hiroshima). A la izquierda de los peatones se encuentra <em>Shimomura Jewelers<\/em>. Detr\u00e1s de ellos est\u00e1 la sucursal de Hiroshima del Banco Yasuda. A lo lejos, a la derecha, est\u00e1n las sucursales de Hiroshima de <em>Obayashi Corporation<\/em> y <em>Sumitomo Bank<\/em> y el banco central Geibi. A excepci\u00f3n de las construidas de ferro-hormig\u00f3n, las tiendas conocidas desde hac\u00eda mucho tiempo que bordeaban la Galer\u00eda Comercial Hondori fueron completamente destruidas por la explosi\u00f3n y el fuego.<\/p>\n<\/div><figure class=\"wp-block-media-text__media\"><img data-recalc-dims=\"1\" loading=\"lazy\" decoding=\"async\" width=\"340\" height=\"217\" data-attachment-id=\"1211\" data-permalink=\"https:\/\/elabrevaderojm.com\/en\/hiroshima29\/\" data-orig-file=\"https:\/\/i0.wp.com\/elabrevaderojm.com\/wp-content\/uploads\/2020\/08\/hiroshima29.jpg?fit=340%2C217&amp;ssl=1\" data-orig-size=\"340,217\" data-comments-opened=\"1\" data-image-meta=\"{&quot;aperture&quot;:&quot;0&quot;,&quot;credit&quot;:&quot;&quot;,&quot;camera&quot;:&quot;&quot;,&quot;caption&quot;:&quot;&quot;,&quot;created_timestamp&quot;:&quot;0&quot;,&quot;copyright&quot;:&quot;&quot;,&quot;focal_length&quot;:&quot;0&quot;,&quot;iso&quot;:&quot;0&quot;,&quot;shutter_speed&quot;:&quot;0&quot;,&quot;title&quot;:&quot;&quot;,&quot;orientation&quot;:&quot;0&quot;}\" data-image-title=\"hiroshima29\" data-image-description=\"\" data-image-caption=\"\" data-large-file=\"https:\/\/i0.wp.com\/elabrevaderojm.com\/wp-content\/uploads\/2020\/08\/hiroshima29.jpg?fit=340%2C217&amp;ssl=1\" src=\"https:\/\/i0.wp.com\/elabrevaderojm.com\/wp-content\/uploads\/2020\/08\/hiroshima29.jpg?resize=340%2C217&#038;ssl=1\" alt=\"\" class=\"wp-image-1211 size-full\"\/><\/figure><\/div>\n\n\n\n<div class=\"wp-block-media-text alignwide is-stacked-on-mobile\" style=\"grid-template-columns:36% auto\"><figure class=\"wp-block-media-text__media\"><img data-recalc-dims=\"1\" loading=\"lazy\" decoding=\"async\" width=\"182\" height=\"250\" data-attachment-id=\"1331\" data-permalink=\"https:\/\/elabrevaderojm.com\/en\/hiroshima30_opt\/\" data-orig-file=\"https:\/\/i0.wp.com\/elabrevaderojm.com\/wp-content\/uploads\/2020\/08\/hiroshima30_opt.jpg?fit=182%2C250&amp;ssl=1\" data-orig-size=\"182,250\" data-comments-opened=\"1\" data-image-meta=\"{&quot;aperture&quot;:&quot;0&quot;,&quot;credit&quot;:&quot;&quot;,&quot;camera&quot;:&quot;&quot;,&quot;caption&quot;:&quot;&quot;,&quot;created_timestamp&quot;:&quot;0&quot;,&quot;copyright&quot;:&quot;&quot;,&quot;focal_length&quot;:&quot;0&quot;,&quot;iso&quot;:&quot;0&quot;,&quot;shutter_speed&quot;:&quot;0&quot;,&quot;title&quot;:&quot;&quot;,&quot;orientation&quot;:&quot;0&quot;}\" data-image-title=\"hiroshima30_opt\" data-image-description=\"\" data-image-caption=\"\" data-large-file=\"https:\/\/i0.wp.com\/elabrevaderojm.com\/wp-content\/uploads\/2020\/08\/hiroshima30_opt.jpg?fit=182%2C250&amp;ssl=1\" src=\"https:\/\/i0.wp.com\/elabrevaderojm.com\/wp-content\/uploads\/2020\/08\/hiroshima30_opt.jpg?resize=182%2C250&#038;ssl=1\" alt=\"\" class=\"wp-image-1331 size-full\"\/><\/figure><div class=\"wp-block-media-text__content\">\n<p class=\"wp-block-paragraph\"><strong>Shimomura Jewelers<\/strong><\/p>\n\n\n\n<p class=\"has-text-align-justify has-normal-font-size wp-block-paragraph\">Fundada en 1873, <em>Shimomura Jewelers <\/em>construy\u00f3 esta nueva tienda en 1928. Siendo una de las primeras tiendas construidas de ferro-hormig\u00f3n, su torre con relojes en los cuatro lados era algo llamativo. Sin embargo, dado que la estructura carec\u00eda de pilares de soporte internos, las paredes laterales cedieron bajo la explosi\u00f3n at\u00f3mica. El segundo piso y la torre del reloj permanecieron erguidos en el primer piso pulverizado, como si estuviera sentado en una pendiente.<\/p>\n<\/div><\/div>\n\n\n\n<div class=\"wp-block-media-text alignwide has-media-on-the-right is-stacked-on-mobile\" style=\"grid-template-columns:auto 40%\"><div class=\"wp-block-media-text__content\">\n<p class=\"wp-block-paragraph\"><strong>Hiroshima Gas Company<\/strong><\/p>\n\n\n\n<p class=\"has-text-align-justify wp-block-paragraph\">Construida en 1922 como sede del Ferrocarril de Gas y Electricidad de Hiroshima, cuando la <em>Hiroshima Electric Railway Company<\/em> se separ\u00f3 en 1942, se convirti\u00f3 en <em>Hiroshima Gas Company<\/em>. El lado noreste frente al epicentro estaba destrozado, pero el lado suroeste y la entrada que soportaban el balc\u00f3n del segundo piso subsistieron. El edificio ardi\u00f3 durante dos d\u00edas. El presidente y otras 29 personas en el edificio en ese momento perecieron. Cinco que, milagrosamente, escaparon del edificio, murieron poco despu\u00e9s.<\/p>\n<\/div><figure class=\"wp-block-media-text__media\"><img data-recalc-dims=\"1\" loading=\"lazy\" decoding=\"async\" width=\"234\" height=\"250\" data-attachment-id=\"1332\" data-permalink=\"https:\/\/elabrevaderojm.com\/en\/hiroshima31_opt\/\" data-orig-file=\"https:\/\/i0.wp.com\/elabrevaderojm.com\/wp-content\/uploads\/2020\/08\/hiroshima31_opt.jpg?fit=234%2C250&amp;ssl=1\" data-orig-size=\"234,250\" data-comments-opened=\"1\" data-image-meta=\"{&quot;aperture&quot;:&quot;0&quot;,&quot;credit&quot;:&quot;&quot;,&quot;camera&quot;:&quot;&quot;,&quot;caption&quot;:&quot;&quot;,&quot;created_timestamp&quot;:&quot;0&quot;,&quot;copyright&quot;:&quot;&quot;,&quot;focal_length&quot;:&quot;0&quot;,&quot;iso&quot;:&quot;0&quot;,&quot;shutter_speed&quot;:&quot;0&quot;,&quot;title&quot;:&quot;&quot;,&quot;orientation&quot;:&quot;0&quot;}\" data-image-title=\"hiroshima31_opt\" data-image-description=\"\" data-image-caption=\"\" data-large-file=\"https:\/\/i0.wp.com\/elabrevaderojm.com\/wp-content\/uploads\/2020\/08\/hiroshima31_opt.jpg?fit=234%2C250&amp;ssl=1\" src=\"https:\/\/i0.wp.com\/elabrevaderojm.com\/wp-content\/uploads\/2020\/08\/hiroshima31_opt.jpg?resize=234%2C250&#038;ssl=1\" alt=\"\" class=\"wp-image-1332 size-full\"\/><\/figure><\/div>\n\n\n\n<div class=\"wp-block-media-text alignwide is-stacked-on-mobile\" style=\"grid-template-columns:48% auto\"><figure class=\"wp-block-media-text__media\"><img data-recalc-dims=\"1\" loading=\"lazy\" decoding=\"async\" width=\"340\" height=\"225\" data-attachment-id=\"1220\" data-permalink=\"https:\/\/elabrevaderojm.com\/en\/hiroshima32\/\" data-orig-file=\"https:\/\/i0.wp.com\/elabrevaderojm.com\/wp-content\/uploads\/2020\/08\/hiroshima32.jpg?fit=340%2C225&amp;ssl=1\" data-orig-size=\"340,225\" data-comments-opened=\"1\" data-image-meta=\"{&quot;aperture&quot;:&quot;0&quot;,&quot;credit&quot;:&quot;&quot;,&quot;camera&quot;:&quot;&quot;,&quot;caption&quot;:&quot;&quot;,&quot;created_timestamp&quot;:&quot;0&quot;,&quot;copyright&quot;:&quot;&quot;,&quot;focal_length&quot;:&quot;0&quot;,&quot;iso&quot;:&quot;0&quot;,&quot;shutter_speed&quot;:&quot;0&quot;,&quot;title&quot;:&quot;&quot;,&quot;orientation&quot;:&quot;0&quot;}\" data-image-title=\"hiroshima32\" data-image-description=\"\" data-image-caption=\"\" data-large-file=\"https:\/\/i0.wp.com\/elabrevaderojm.com\/wp-content\/uploads\/2020\/08\/hiroshima32.jpg?fit=340%2C225&amp;ssl=1\" src=\"https:\/\/i0.wp.com\/elabrevaderojm.com\/wp-content\/uploads\/2020\/08\/hiroshima32.jpg?resize=340%2C225&#038;ssl=1\" alt=\"\" class=\"wp-image-1220 size-full\"\/><\/figure><div class=\"wp-block-media-text__content\">\n<p class=\"wp-block-paragraph\"><strong>Sal\u00f3n &nbsp;de Promoci\u00f3n Industrial de la Prefectura de Hiroshima<\/strong><\/p>\n\n\n\n<p class=\"has-text-align-justify has-small-font-size wp-block-paragraph\">El edificio fue construido en 1915 como sala de exposiciones comerciales de la prefectura de Hiroshima. En 1921, el nombre cambi\u00f3 a <em>Hiroshima Prefectural Products Exhibition Hall<\/em> y de nuevo en 1933 a <em>Industrial Promotion Hall<\/em>. Adem\u00e1s de exhibir y vender productos de toda la prefectura, tambi\u00e9n sirvi\u00f3 como museo de historia y arte. A medida que la guerra se intensific\u00f3, estas funciones se abandonaron y varias oficinas gubernamentales se apoderaron del espacio, incluyendo la Oficina de Obras P\u00fablicas Chugoku-Shikoku del Ministerio del Interior y la Corporaci\u00f3n de Control de Madera. El bombardeo at\u00f3mico mat\u00f3 a todos en el edificio. Debido a que la bomba explot\u00f3 pr\u00e1cticamente encima, retuvo la caracter\u00edstica distintiva que le vali\u00f3 el nombre de \u00abC\u00fapula de la bomba A\u00bb despu\u00e9s de la guerra.<\/p>\n<\/div><\/div>\n\n\n\n<div class=\"wp-block-media-text alignwide has-media-on-the-right is-stacked-on-mobile\"><div class=\"wp-block-media-text__content\">\n<p class=\"wp-block-paragraph\">Mirando de oeste a este sobre el <strong>puente Motoyasu<\/strong><\/p>\n\n\n\n<p class=\"has-text-align-justify has-small-font-size wp-block-paragraph\">El puente Motoyasu conectaba Hiroshima y los distritos comerciales y de ocio m\u00e1s importantes de Hiroshima: el distrito Nakajima y la avenida Hondori. El puente de madera fue reemplazado por una placa de acero permanente y un puente de viga en 1926. La explosi\u00f3n ocurrida casi encima arroj\u00f3 todas las barandillas al agua y las linternas y piedras de tap\u00f3n de los postes fueron separados sim\u00e9tricamente a la derecha y a la izquierda. En 1992, los postes afectados fueron incorporados al restaurar el puente a su dise\u00f1o original.<\/p>\n<\/div><figure class=\"wp-block-media-text__media\"><img data-recalc-dims=\"1\" loading=\"lazy\" decoding=\"async\" width=\"340\" height=\"213\" data-attachment-id=\"1225\" data-permalink=\"https:\/\/elabrevaderojm.com\/en\/hiroshima34\/\" data-orig-file=\"https:\/\/i0.wp.com\/elabrevaderojm.com\/wp-content\/uploads\/2020\/08\/hiroshima34.jpg?fit=340%2C213&amp;ssl=1\" data-orig-size=\"340,213\" data-comments-opened=\"1\" data-image-meta=\"{&quot;aperture&quot;:&quot;0&quot;,&quot;credit&quot;:&quot;&quot;,&quot;camera&quot;:&quot;&quot;,&quot;caption&quot;:&quot;&quot;,&quot;created_timestamp&quot;:&quot;0&quot;,&quot;copyright&quot;:&quot;&quot;,&quot;focal_length&quot;:&quot;0&quot;,&quot;iso&quot;:&quot;0&quot;,&quot;shutter_speed&quot;:&quot;0&quot;,&quot;title&quot;:&quot;&quot;,&quot;orientation&quot;:&quot;0&quot;}\" data-image-title=\"hiroshima34\" data-image-description=\"\" data-image-caption=\"\" data-large-file=\"https:\/\/i0.wp.com\/elabrevaderojm.com\/wp-content\/uploads\/2020\/08\/hiroshima34.jpg?fit=340%2C213&amp;ssl=1\" src=\"https:\/\/i0.wp.com\/elabrevaderojm.com\/wp-content\/uploads\/2020\/08\/hiroshima34.jpg?resize=340%2C213&#038;ssl=1\" alt=\"\" class=\"wp-image-1225 size-full\"\/><\/figure><\/div>\n\n\n\n<div class=\"wp-block-media-text alignwide is-stacked-on-mobile\" style=\"grid-template-columns:39% auto\"><figure class=\"wp-block-media-text__media\"><img data-recalc-dims=\"1\" loading=\"lazy\" decoding=\"async\" width=\"169\" height=\"250\" data-attachment-id=\"1333\" data-permalink=\"https:\/\/elabrevaderojm.com\/en\/hiroshima35_opt\/\" data-orig-file=\"https:\/\/i0.wp.com\/elabrevaderojm.com\/wp-content\/uploads\/2020\/08\/hiroshima35_opt.jpg?fit=169%2C250&amp;ssl=1\" data-orig-size=\"169,250\" data-comments-opened=\"1\" data-image-meta=\"{&quot;aperture&quot;:&quot;0&quot;,&quot;credit&quot;:&quot;&quot;,&quot;camera&quot;:&quot;&quot;,&quot;caption&quot;:&quot;&quot;,&quot;created_timestamp&quot;:&quot;0&quot;,&quot;copyright&quot;:&quot;&quot;,&quot;focal_length&quot;:&quot;0&quot;,&quot;iso&quot;:&quot;0&quot;,&quot;shutter_speed&quot;:&quot;0&quot;,&quot;title&quot;:&quot;&quot;,&quot;orientation&quot;:&quot;0&quot;}\" data-image-title=\"hiroshima35_opt\" data-image-description=\"\" data-image-caption=\"\" data-large-file=\"https:\/\/i0.wp.com\/elabrevaderojm.com\/wp-content\/uploads\/2020\/08\/hiroshima35_opt.jpg?fit=169%2C250&amp;ssl=1\" src=\"https:\/\/i0.wp.com\/elabrevaderojm.com\/wp-content\/uploads\/2020\/08\/hiroshima35_opt.jpg?resize=169%2C250&#038;ssl=1\" alt=\"\" class=\"wp-image-1333 size-full\"\/><\/figure><div class=\"wp-block-media-text__content\">\n<p class=\"wp-block-paragraph\">Pasarela del <strong>Puente Aio<\/strong>i<\/p>\n\n\n\n<p class=\"has-text-align-justify has-normal-font-size wp-block-paragraph\">Mirando hacia el oeste desde el lado ascendente de la parte central del puente Aioi. La explosi\u00f3n que se reflej\u00f3 en la superficie del agua levant\u00f3 el lado norte del puente, creando un hueco entre la acera y la carretera que alcanz\u00f3 1,4 metros en la parte m\u00e1s ancha. Los postes telef\u00f3nicos se inclinaron a la izquierda o a la derecha, los adoquines y las tuber\u00edas de alcantarillado se rompieron y esparcieron. Bajo el puente flotaba madera que pudo haber sido arrojada al r\u00edo por el tif\u00f3n Makurazaki.<\/p>\n<\/div><\/div>\n\n\n\n<div class=\"wp-block-media-text alignwide has-media-on-the-right is-stacked-on-mobile\"><div class=\"wp-block-media-text__content\">\n<p class=\"wp-block-paragraph\">Extremo oeste del <strong>puente Aioi<\/strong><\/p>\n\n\n\n<p class=\"has-text-align-justify wp-block-paragraph\">Mirando desde el lado sur del extremo oeste del puente Aioi hacia la Sala de Promoci\u00f3n Industrial de la Prefectura de Hiroshima. Al pie del puente hay adoquines y rieles de la l\u00ednea de tranv\u00eda destruida. Hay fragmentos de hueso blanco quemados y esparcidos en las ruinas. En un tablero de mensajes atado al poste telef\u00f3nico hay nombres y lugares de refugio.<\/p>\n<\/div><figure class=\"wp-block-media-text__media\"><img data-recalc-dims=\"1\" loading=\"lazy\" decoding=\"async\" width=\"360\" height=\"250\" data-attachment-id=\"1334\" data-permalink=\"https:\/\/elabrevaderojm.com\/en\/hiroshima36_opt\/\" data-orig-file=\"https:\/\/i0.wp.com\/elabrevaderojm.com\/wp-content\/uploads\/2020\/08\/hiroshima36_opt.jpg?fit=360%2C250&amp;ssl=1\" data-orig-size=\"360,250\" data-comments-opened=\"1\" data-image-meta=\"{&quot;aperture&quot;:&quot;0&quot;,&quot;credit&quot;:&quot;&quot;,&quot;camera&quot;:&quot;&quot;,&quot;caption&quot;:&quot;&quot;,&quot;created_timestamp&quot;:&quot;0&quot;,&quot;copyright&quot;:&quot;&quot;,&quot;focal_length&quot;:&quot;0&quot;,&quot;iso&quot;:&quot;0&quot;,&quot;shutter_speed&quot;:&quot;0&quot;,&quot;title&quot;:&quot;&quot;,&quot;orientation&quot;:&quot;0&quot;}\" data-image-title=\"hiroshima36_opt\" data-image-description=\"\" data-image-caption=\"\" data-large-file=\"https:\/\/i0.wp.com\/elabrevaderojm.com\/wp-content\/uploads\/2020\/08\/hiroshima36_opt.jpg?fit=360%2C250&amp;ssl=1\" src=\"https:\/\/i0.wp.com\/elabrevaderojm.com\/wp-content\/uploads\/2020\/08\/hiroshima36_opt.jpg?resize=360%2C250&#038;ssl=1\" alt=\"\" class=\"wp-image-1334 size-full\"\/><\/figure><\/div>\n\n\n\n<div class=\"wp-block-media-text alignwide is-stacked-on-mobile\"><figure class=\"wp-block-media-text__media\"><img data-recalc-dims=\"1\" loading=\"lazy\" decoding=\"async\" width=\"372\" height=\"250\" data-attachment-id=\"1335\" data-permalink=\"https:\/\/elabrevaderojm.com\/en\/hiroshima37_opt\/\" data-orig-file=\"https:\/\/i0.wp.com\/elabrevaderojm.com\/wp-content\/uploads\/2020\/08\/hiroshima37_opt.jpg?fit=372%2C250&amp;ssl=1\" data-orig-size=\"372,250\" data-comments-opened=\"1\" data-image-meta=\"{&quot;aperture&quot;:&quot;0&quot;,&quot;credit&quot;:&quot;&quot;,&quot;camera&quot;:&quot;&quot;,&quot;caption&quot;:&quot;&quot;,&quot;created_timestamp&quot;:&quot;0&quot;,&quot;copyright&quot;:&quot;&quot;,&quot;focal_length&quot;:&quot;0&quot;,&quot;iso&quot;:&quot;0&quot;,&quot;shutter_speed&quot;:&quot;0&quot;,&quot;title&quot;:&quot;&quot;,&quot;orientation&quot;:&quot;0&quot;}\" data-image-title=\"hiroshima37_opt\" data-image-description=\"\" data-image-caption=\"\" data-large-file=\"https:\/\/i0.wp.com\/elabrevaderojm.com\/wp-content\/uploads\/2020\/08\/hiroshima37_opt.jpg?fit=372%2C250&amp;ssl=1\" src=\"https:\/\/i0.wp.com\/elabrevaderojm.com\/wp-content\/uploads\/2020\/08\/hiroshima37_opt.jpg?resize=372%2C250&#038;ssl=1\" alt=\"\" class=\"wp-image-1335 size-full\"\/><\/figure><div class=\"wp-block-media-text__content\">\n<p class=\"wp-block-paragraph\"><strong>Odamasa Store y el nuevo edificio Chugoku Shimbun<\/strong><\/p>\n\n\n\n<p class=\"has-text-align-justify has-small-font-size wp-block-paragraph\">Alrededor de 1935, Odamasa, una tienda de telas de <em>kimono<\/em>, construy\u00f3 una tienda con marcos de acero de tres pisos y un almac\u00e9n en Ebisu-cho, pero cuando el gobierno se hizo cargo del suministro de ropa durante la guerra, la ropa militar tambi\u00e9n fue cosida en la tienda. El poder de la explosi\u00f3n y los incendios desprendieron el marco de hierro y lo doblaron como si nada. Con el tiempo se inclin\u00f3 hasta el suelo por su propio peso. El nuevo edificio Chugoku Shimbun de la derecha qued\u00f3 en sus paredes de hormig\u00f3n. Todo el equipo se perdi\u00f3. El edificio fue remodelado y ampliado despu\u00e9s de la guerra, y finalmente demolido en 1970. Hoy en d\u00eda se encuentra ah\u00ed la tienda por departamentos Mitsukoshi.<\/p>\n<\/div><\/div>\n\n\n\n<div class=\"wp-block-media-text alignwide has-media-on-the-right is-stacked-on-mobile\"><div class=\"wp-block-media-text__content\">\n<p class=\"wp-block-paragraph\"><strong>Tienda departamental de Fukuya y tranv\u00eda<\/strong><\/p>\n\n\n\n<p class=\"has-text-align-justify has-small-font-size wp-block-paragraph\">Mirando hacia el oeste cerca de lo que ahora es la parada de tranv\u00eda Ebisu-cho. A la izquierda se encuentra la Nueva Tienda por Departamentos  Fukuya (hoy sin la palabra \u00abnueva\u00bb), y a la derecha, los antiguos grandes almacenes Fukuya. El nuevo edificio fue terminado en 1938 con ocho pisos sobre el suelo y dos abajo. Durante la guerra, el ej\u00e9rcito, las corporaciones de control y otras agencias gubernamentales se apoderaron de la mayor parte de su espacio comercial. El bombardeo at\u00f3mico destruy\u00f3 por completo el interior y mat\u00f3 a docenas de ocupantes. Un tranv\u00eda carbonizado tirado fuera de la pista se encuentra en la orilla de la carretera. Inmediatamente despu\u00e9s del bombardeo, el tranv\u00eda fue apilado con los esqueletos de quienes se quemaron hasta el hueso en los fuegos provocados por la explosi\u00f3n.<\/p>\n<\/div><figure class=\"wp-block-media-text__media\"><img data-recalc-dims=\"1\" loading=\"lazy\" decoding=\"async\" width=\"313\" height=\"246\" data-attachment-id=\"1235\" data-permalink=\"https:\/\/elabrevaderojm.com\/en\/hiroshima38\/\" data-orig-file=\"https:\/\/i0.wp.com\/elabrevaderojm.com\/wp-content\/uploads\/2020\/08\/hiroshima38.jpg?fit=313%2C246&amp;ssl=1\" data-orig-size=\"313,246\" data-comments-opened=\"1\" data-image-meta=\"{&quot;aperture&quot;:&quot;0&quot;,&quot;credit&quot;:&quot;&quot;,&quot;camera&quot;:&quot;&quot;,&quot;caption&quot;:&quot;&quot;,&quot;created_timestamp&quot;:&quot;0&quot;,&quot;copyright&quot;:&quot;&quot;,&quot;focal_length&quot;:&quot;0&quot;,&quot;iso&quot;:&quot;0&quot;,&quot;shutter_speed&quot;:&quot;0&quot;,&quot;title&quot;:&quot;&quot;,&quot;orientation&quot;:&quot;0&quot;}\" data-image-title=\"hiroshima38\" data-image-description=\"\" data-image-caption=\"\" data-large-file=\"https:\/\/i0.wp.com\/elabrevaderojm.com\/wp-content\/uploads\/2020\/08\/hiroshima38.jpg?fit=313%2C246&amp;ssl=1\" src=\"https:\/\/i0.wp.com\/elabrevaderojm.com\/wp-content\/uploads\/2020\/08\/hiroshima38.jpg?resize=313%2C246&#038;ssl=1\" alt=\"\" class=\"wp-image-1235 size-full\"\/><\/figure><\/div>\n\n\n\n<hr class=\"wp-block-separator has-alpha-channel-opacity is-style-wide\"\/>\n\n\n\n<p class=\"has-text-align-justify wp-block-paragraph\">Hasta aqu\u00ed esta primera entrega de esta horror\u00edfica pesadilla que fue el bombardeo de dos ciudades civiles. M\u00e1s fotos y comentarios en pr\u00f3ximas publicaciones. <\/p>\n\n\n\n<p class=\"wp-block-paragraph\">Para ir directamente a la continuaci\u00f3n de este informe puedes utilizar el enlace que dejo debajo:<\/p>\n\n\n\n<figure class=\"wp-block-table has-literata-font-family\"><table class=\"has-pale-ocean-gradient-background has-background has-fixed-layout\" style=\"border-width:4px\"><tbody><tr><td><strong><mark style=\"background-color:rgba(0, 0, 0, 0);color:#f50707\" class=\"has-inline-color\">RELACIONADO<\/mark>: <a href=\"https:\/\/elabrevaderojm.com\/2020\/08\/09\/genocidio-de-hiroshima-y-nagasaki-un-homenaje-con-diferentes-angulos-n1-fotos-del-horror-atomico-ii\/\">75 a\u00f1os del genocidio de Hiroshima y Nagasaki: Un homenaje con diferentes \u00e1ngulos. N1: fotos del horror at\u00f3mico (II).<\/a><\/strong><\/td><\/tr><\/tbody><\/table><\/figure>\n\n\n\n<p class=\"has-text-align-justify wp-block-paragraph\">Si te ha gustado este art\u00edculo, demu\u00e9stralo con un \u00abpulgar arriba\u00bb y un \u00abaplauso\u00bb, y compartiendo el contenido con tus amistades y en tus redes sociales. Si tienes algo que comentar o agregar, o decirme como expositor, por favor hazlo dejando tu comentario.<\/p>\n\n\n\n<p class=\"has-text-align-justify wp-block-paragraph\">Siempre lo mejor para estar al tanto de estas interesantes entregas es suscribirte a mi blog, que trato de surtir con nuevos trabajos siempre que me sea posible.<\/p>\n\n\n\n<p class=\"wp-block-paragraph\">Gracias por leer.<\/p>\n\n\n\n<div class=\"wp-block-comments\">\n\t\t<div id=\"respond\" class=\"comment-respond wp-block-post-comments-form\">\n\t\t\t<h3 id=\"reply-title\" class=\"comment-reply-title\">Leave a Reply<small><a rel=\"nofollow\" id=\"cancel-comment-reply-link\" href=\"\/en\/wp-json\/wp\/v2\/posts\/1127#respond\" style=\"display:none;\">Cancel reply<\/a><\/small><\/h3>\t\t\t<form id=\"commentform\" class=\"comment-form\">\n\t\t\t\t<iframe\n\t\t\t\t\ttitle=\"Comment Form\"\n\t\t\t\t\tsrc=\"https:\/\/jetpack.wordpress.com\/jetpack-comment\/?blogid=153735515&#038;postid=1127&#038;comment_registration=0&#038;require_name_email=0&#038;stc_enabled=1&#038;stb_enabled=1&#038;show_avatars=1&#038;avatar_default=identicon&#038;greeting=Leave+a+Reply&#038;jetpack_comments_nonce=5115d65e05&#038;greeting_reply=Leave+a+Reply+to+%25s&#038;color_scheme=light&#038;lang=en_US&#038;jetpack_version=16.2-a.5&#038;iframe_unique_id=1&#038;show_cookie_consent=10&#038;has_cookie_consent=0&#038;is_current_user_subscribed=0&#038;token_key=%3Bnormal%3B&#038;sig=52a17e279fe0da5a29fcdd05aa26ac2912bc6813#parent=https%3A%2F%2Felabrevaderojm.com%2Fen%2Fwp-json%2Fwp%2Fv2%2Fposts%2F1127\"\n\t\t\t\t\t\t\t\t\t\t\tname=\"jetpack_remote_comment\"\n\t\t\t\t\t\tstyle=\"width:100%; height: 430px; border:0;\"\n\t\t\t\t\t\t\t\t\t\tclass=\"jetpack_remote_comment\"\n\t\t\t\t\tid=\"jetpack_remote_comment\"\n\t\t\t\t\tsandbox=\"allow-same-origin allow-top-navigation allow-scripts allow-forms allow-popups\"\n\t\t\t\t>\n\t\t\t\t\t\t\t\t\t<\/iframe>\n\t\t\t\t\t\t\t\t\t<!--[if !IE]><!-->\n\t\t\t\t\t<script>\n\t\t\t\t\t\tdocument.addEventListener('DOMContentLoaded', function () {\n\t\t\t\t\t\t\tvar commentForms = document.getElementsByClassName('jetpack_remote_comment');\n\t\t\t\t\t\t\tfor (var i = 0; i < commentForms.length; i++) {\n\t\t\t\t\t\t\t\tcommentForms[i].allowTransparency = false;\n\t\t\t\t\t\t\t\tcommentForms[i].scrolling = 'no';\n\t\t\t\t\t\t\t}\n\t\t\t\t\t\t});\n\t\t\t\t\t<\/script>\n\t\t\t\t\t<!--<![endif]-->\n\t\t\t\t\t\t\t<\/form>\n\t\t<\/div>\n\n\t\t\n\t\t<input type=\"hidden\" name=\"comment_parent\" id=\"comment_parent\" value=\"\" \/>\n\n\t\t<\/div>\n\n\n<div class=\"crowdsignal-vote-wrapper\" data-crowdsignal-vote=\"{&quot;pollId&quot;:&quot;a766b283-650e-469d-8f8e-1763b239f667&quot;,&quot;title&quot;:&quot;Votaci\\u00f3n sin t\\u00edtulo 2&quot;,&quot;hideBranding&quot;:false,&quot;pollStatus&quot;:&quot;open&quot;,&quot;size&quot;:&quot;medium&quot;,&quot;borderWidth&quot;:1,&quot;borderRadius&quot;:5,&quot;hideResults&quot;:false,&quot;TrpContentRestriction&quot;:{&quot;restriction_type&quot;:&quot;exclude&quot;,&quot;selected_languages&quot;:[],&quot;panel_open&quot;:true},&quot;apiPollData&quot;:{&quot;id&quot;:12533776,&quot;question&quot;:&quot;&quot;,&quot;note&quot;:&quot;&quot;,&quot;settings&quot;:{&quot;title&quot;:&quot;Votaci\\u00f3n sin t\\u00edtulo 2&quot;,&quot;after_vote&quot;:&quot;results&quot;,&quot;after_message&quot;:&quot;&quot;,&quot;randomize_answers&quot;:false,&quot;restrict_vote_repeat&quot;:false,&quot;captcha&quot;:false,&quot;multiple_choice&quot;:false,&quot;redirect_url&quot;:&quot;&quot;,&quot;close_status&quot;:&quot;open&quot;,&quot;close_after&quot;:false},&quot;answers&quot;:[{&quot;answer_text&quot;:&quot;up&quot;,&quot;id&quot;:56552807,&quot;client_id&quot;:&quot;314bd73b-19a2-4277-909b-454ec111bc8a&quot;},{&quot;answer_text&quot;:&quot;down&quot;,&quot;id&quot;:56552808,&quot;client_id&quot;:&quot;fad23048-e5bd-43d0-a7ee-4057a739a369&quot;}],&quot;source_link&quot;:&quot;https:\\\/\\\/elabrevaderojm.com&quot;,&quot;client_id&quot;:&quot;a766b283-650e-469d-8f8e-1763b239f667&quot;}}\">\n<div data-crowdsignal-vote-item=\"{&quot;answerId&quot;:&quot;314bd73b-19a2-4277-909b-454ec111bc8a&quot;,&quot;type&quot;:&quot;up&quot;,&quot;TrpContentRestriction&quot;:{&quot;restriction_type&quot;:&quot;exclude&quot;,&quot;selected_languages&quot;:[],&quot;panel_open&quot;:true}}\"><\/div>\n\n<div data-crowdsignal-vote-item=\"{&quot;answerId&quot;:&quot;fad23048-e5bd-43d0-a7ee-4057a739a369&quot;,&quot;type&quot;:&quot;down&quot;,&quot;TrpContentRestriction&quot;:{&quot;restriction_type&quot;:&quot;exclude&quot;,&quot;selected_languages&quot;:[],&quot;panel_open&quot;:true}}\"><\/div>\n<\/div>\n\n<div class=\"crowdsignal-applause-wrapper\" data-crowdsignal-applause=\"{&quot;pollId&quot;:&quot;2ef67496-0866-4ff9-b130-fb351a058b84&quot;,&quot;title&quot;:&quot;Aplauso sin t\\u00edtulo 2&quot;,&quot;answerId&quot;:&quot;35bda91e-81bd-47b4-b708-94b979950ad9&quot;,&quot;hideBranding&quot;:false,&quot;size&quot;:&quot;medium&quot;,&quot;pollStatus&quot;:&quot;open&quot;,&quot;TrpContentRestriction&quot;:{&quot;restriction_type&quot;:&quot;exclude&quot;,&quot;selected_languages&quot;:[],&quot;panel_open&quot;:true},&quot;apiPollData&quot;:{&quot;id&quot;:12533777,&quot;question&quot;:&quot;&quot;,&quot;note&quot;:&quot;&quot;,&quot;settings&quot;:{&quot;title&quot;:&quot;Aplauso sin t\\u00edtulo 2&quot;,&quot;after_vote&quot;:&quot;results&quot;,&quot;after_message&quot;:&quot;&quot;,&quot;randomize_answers&quot;:false,&quot;restrict_vote_repeat&quot;:false,&quot;captcha&quot;:false,&quot;multiple_choice&quot;:false,&quot;redirect_url&quot;:&quot;&quot;,&quot;close_status&quot;:&quot;open&quot;,&quot;close_after&quot;:false},&quot;answers&quot;:[{&quot;answer_text&quot;:&quot;clap&quot;,&quot;id&quot;:56552809,&quot;client_id&quot;:&quot;35bda91e-81bd-47b4-b708-94b979950ad9&quot;}],&quot;source_link&quot;:&quot;https:\\\/\\\/elabrevaderojm.com&quot;,&quot;client_id&quot;:&quot;2ef67496-0866-4ff9-b130-fb351a058b84&quot;}}\"><\/div>","protected":false},"excerpt":{"rendered":"<p>El artillero de cola George Robert Caron (en la foto), de 25 a\u00f1os, que ten\u00eda consigo su gorra de b\u00e9isbol de los Brooklyn Dodgers y una foto de su esposa y su&#8230;<\/p>","protected":false},"author":147101633,"featured_media":0,"comment_status":"open","ping_status":"open","sticky":false,"template":"","format":"standard","meta":{"_coblocks_attr":"","_coblocks_dimensions":"","_coblocks_responsive_height":"","_coblocks_accordion_ie_support":"","advanced_seo_description":"","jetpack_seo_html_title":"","jetpack_seo_noindex":false,"jetpack_seo_schema_type":"","_jetpack_newsletter_access":"","_jetpack_dont_email_post_to_subs":false,"_jetpack_newsletter_tier_id":0,"_jetpack_memberships_contains_paywalled_content":false,"_wpcom_ai_launchpad_first_post":false,"_jetpack_feature_clip_id":0,"_jetpack_memberships_contains_paid_content":false,"footnotes":"","jetpack_publicize_message":"{title}\n\n{excerpt}\n\n{url}","jetpack_publicize_feature_enabled":true,"jetpack_social_post_already_shared":false,"jetpack_social_options":{"image_generator_settings":{"template":"highway","default_image_id":0,"font":"","enabled":false},"version":2},"_wpas_customize_per_network":false,"jetpack_post_was_ever_published":false},"categories":[12191453,70015],"tags":[763905170,2017176,1354786,755753,5090788,71610807,124007703,1271049,5027120,26390077,205215608,49184,653666697,763904341,105800108,65622,40538556,1252,29268,763904864,274924,5262757,10465,2454290,763904759,763904769,763904756,189003,763904888,240171,412029288,763904577,347283],"class_list":["post-1127","post","type-post","status-publish","format-standard","hentry","category-arte-en-la-historia","category-historico","tag-almacenes-fukuya","tag-b29","tag-bomba-atomica","tag-bombardeo","tag-destruccion-masiva","tag-eiichi-matsumoto","tag-enfermedad-por-radiacion","tag-enola-gay","tag-escombros","tag-explosion-atomica","tag-fukuromachi","tag-genocidio","tag-george-r-caron","tag-george-robert-caron","tag-hajime-miyatake","tag-hiroshima","tag-hongo-atomico","tag-horror","tag-japon","tag-minami-ohashi","tag-nagasaki","tag-onda-de-choque","tag-osaka","tag-paul-warfield-tibbets","tag-puente-motoyasu","tag-puente-nishi-heiwa-ohashi","tag-puente-shin-ohashi","tag-radiacion","tag-senda-machi","tag-sufrimiento","tag-tifon-ida","tag-tifon-makurazaki","tag-tokio"],"featured_image_src":null,"author_info":{"display_name":"jmhernandezgonzalez","author_link":"https:\/\/elabrevaderojm.com\/en\/author\/jmhernandezgonzalez\/"},"jetpack_publicize_connections":[],"jetpack_likes_enabled":true,"jetpack_sharing_enabled":true,"jetpack_shortlink":"https:\/\/wp.me\/pap3D5-ib","jetpack-related-posts":[],"jetpack_featured_media_url":"","_links":{"self":[{"href":"https:\/\/elabrevaderojm.com\/en\/wp-json\/wp\/v2\/posts\/1127","targetHints":{"allow":["GET"]}}],"collection":[{"href":"https:\/\/elabrevaderojm.com\/en\/wp-json\/wp\/v2\/posts"}],"about":[{"href":"https:\/\/elabrevaderojm.com\/en\/wp-json\/wp\/v2\/types\/post"}],"author":[{"embeddable":true,"href":"https:\/\/elabrevaderojm.com\/en\/wp-json\/wp\/v2\/users\/147101633"}],"replies":[{"embeddable":true,"href":"https:\/\/elabrevaderojm.com\/en\/wp-json\/wp\/v2\/comments?post=1127"}],"version-history":[{"count":28,"href":"https:\/\/elabrevaderojm.com\/en\/wp-json\/wp\/v2\/posts\/1127\/revisions"}],"predecessor-version":[{"id":22650,"href":"https:\/\/elabrevaderojm.com\/en\/wp-json\/wp\/v2\/posts\/1127\/revisions\/22650"}],"wp:attachment":[{"href":"https:\/\/elabrevaderojm.com\/en\/wp-json\/wp\/v2\/media?parent=1127"}],"wp:term":[{"taxonomy":"category","embeddable":true,"href":"https:\/\/elabrevaderojm.com\/en\/wp-json\/wp\/v2\/categories?post=1127"},{"taxonomy":"post_tag","embeddable":true,"href":"https:\/\/elabrevaderojm.com\/en\/wp-json\/wp\/v2\/tags?post=1127"}],"curies":[{"name":"wp","href":"https:\/\/api.w.org\/{rel}","templated":true}]}}