{"id":1341,"date":"2020-08-09T16:53:24","date_gmt":"2020-08-09T20:53:24","guid":{"rendered":"http:\/\/elabrevaderojm.com\/?p=1341"},"modified":"2025-03-18T18:49:26","modified_gmt":"2025-03-18T22:49:26","slug":"genocidio-de-hiroshima-y-nagasaki-un-homenaje-con-diferentes-angulos-n1-fotos-del-horror-atomico-ii","status":"publish","type":"post","link":"https:\/\/elabrevaderojm.com\/en\/2020\/08\/09\/genocidio-de-hiroshima-y-nagasaki-un-homenaje-con-diferentes-angulos-n1-fotos-del-horror-atomico-ii\/","title":{"rendered":"75 a\u00f1os del genocidio de Hiroshima y Nagasaki: Un homenaje con diferentes \u00e1ngulos. N1: fotos del horror at\u00f3mico (II)."},"content":{"rendered":"\n<p class=\"has-text-align-justify wp-block-paragraph\">Uno de los g\u00e9neros de cine que me gusta es el de <a href=\"https:\/\/es.wikipedia.org\/wiki\/Desastre\">cat\u00e1strofe<\/a>. En los a\u00f1os setenta, por ejemplo, recuerdo decenas de pel\u00edculas estadounidenses y japonesas de este tipo basadas, esencialmente, en <strong>destrucciones masivas<\/strong> <strong>de ciudades y lugares debido a la fuerza de la naturaleza<\/strong>. <\/p>\n\n\n\n<p class=\"has-text-align-justify wp-block-paragraph\">Con el disparo de arrancada en la <a href=\"https:\/\/es.wikipedia.org\/wiki\/Carrera_armamentista\">carrera de armas nucleares<\/a> hecho por los <a href=\"https:\/\/es.wikipedia.org\/wiki\/Estados_Unidos\">Estados Unidos<\/a> con los lanzamientos de las bombas de <a href=\"https:\/\/es.wikipedia.org\/wiki\/Hiroshima\">Hiroshima<\/a> y <a href=\"https:\/\/es.wikipedia.org\/wiki\/Nagasaki\">Nagasaki<\/a>, el cine comenz\u00f3 a sacarle punta a la <a href=\"https:\/\/es.wikipedia.org\/wiki\/Guerra_Fr%C3%ADa\">Guerra Fr\u00eda<\/a> con ataques y reventones de <strong>artefactos nucleares<\/strong> de diferente \u00edndole, llevando a las pantallas, entonces, otro tipo de cat\u00e1strofe, pero tambi\u00e9n con <strong>p\u00e9rdidas humanas<\/strong>.<\/p>\n\n\n\n<p class=\"has-text-align-justify wp-block-paragraph\">Si llegaste aqu\u00ed sin haber pasado por la primera parte de este informe, te recomiendo que uses el enlace abajo para comenzar: <\/p>\n\n\n\n<figure class=\"wp-block-table has-literata-font-family\"><table class=\"has-pale-ocean-gradient-background has-background has-fixed-layout\" style=\"border-width:4px\"><tbody><tr><td><strong><mark style=\"background-color:rgba(0, 0, 0, 0);color:#f50707\" class=\"has-inline-color\">RELACIONADO<\/mark>: <a href=\"https:\/\/elabrevaderojm.com\/2020\/08\/07\/genocidio-de-hiroshima-y-nagasaki-un-homenaje-con-diferentes-angulos-n1-fotos-del-horror-atomico-i\/\">75 a\u00f1os del genocidio de Hiroshima y Nagasaki: Un homenaje con diferentes \u00e1ngulos. N1: fotos del horror at\u00f3mico (I).<\/a><\/strong><\/td><\/tr><\/tbody><\/table><\/figure>\n\n\n\n<div class=\"wp-block-media-text alignwide is-stacked-on-mobile is-vertically-aligned-top\" style=\"grid-template-columns:30% auto\"><figure class=\"wp-block-media-text__media\"><img data-recalc-dims=\"1\" loading=\"lazy\" decoding=\"async\" width=\"550\" height=\"733\" data-attachment-id=\"1349\" data-permalink=\"https:\/\/elabrevaderojm.com\/en\/bomba-de-hiroshima\/\" data-orig-file=\"https:\/\/i0.wp.com\/elabrevaderojm.com\/wp-content\/uploads\/2020\/08\/bomba-de-hiroshima.jpg?fit=550%2C733&amp;ssl=1\" data-orig-size=\"550,733\" data-comments-opened=\"1\" data-image-meta=\"{&quot;aperture&quot;:&quot;0&quot;,&quot;credit&quot;:&quot;&quot;,&quot;camera&quot;:&quot;&quot;,&quot;caption&quot;:&quot;&quot;,&quot;created_timestamp&quot;:&quot;0&quot;,&quot;copyright&quot;:&quot;&quot;,&quot;focal_length&quot;:&quot;0&quot;,&quot;iso&quot;:&quot;0&quot;,&quot;shutter_speed&quot;:&quot;0&quot;,&quot;title&quot;:&quot;&quot;,&quot;orientation&quot;:&quot;0&quot;}\" data-image-title=\"bomba-de-hiroshima\" data-image-description=\"\" data-image-caption=\"\" data-large-file=\"https:\/\/i0.wp.com\/elabrevaderojm.com\/wp-content\/uploads\/2020\/08\/bomba-de-hiroshima.jpg?fit=550%2C733&amp;ssl=1\" src=\"https:\/\/i0.wp.com\/elabrevaderojm.com\/wp-content\/uploads\/2020\/08\/bomba-de-hiroshima.jpg?resize=550%2C733&#038;ssl=1\" alt=\"\" class=\"wp-image-1349 size-full\"\/><\/figure><div class=\"wp-block-media-text__content\">\n<p class=\"has-text-align-justify wp-block-paragraph\" style=\"font-size:20px\">Esta foto fue encontrada en la Escuela Primaria Honkawa, hoy <strong>Museo de la Paz de la Escuela Primaria Honkawa<\/strong> en Honkawacho, <a href=\"https:\/\/es.wikipedia.org\/wiki\/Naka-ku_(Hiroshima)\">Naka-ku<\/a><a href=\"https:\/\/en.wikipedia.org\/wiki\/Naka-ku,_Hiroshima\">,<\/a>&nbsp;Hiroshima. La foto muestra el hongo at\u00f3mico dos minutos despu\u00e9s de la explosi\u00f3n.<\/p>\n\n\n\n<p class=\"has-text-align-justify wp-block-paragraph\" style=\"font-size:20px\">El Museo de la Paz est\u00e1 en el s\u00f3tano de la antigua Escuela Primaria de la Ciudad de Hiroshima Honkawa, el cual se mantiene para aprender sobre la importancia de la paz.<\/p>\n<\/div><\/div>\n\n\n\n<p class=\"wp-block-paragraph\"><\/p>\n\n\n\n<h2 class=\"wp-block-heading has-text-align-center\"><strong>Sitios hist\u00f3ricos destruidos<\/strong><\/h2>\n\n\n\n<p class=\"has-text-align-justify wp-block-paragraph\">Un <a href=\"https:\/\/es.wikipedia.org\/wiki\/Torii\"><em>torii<\/em><\/a> todav\u00eda de pie, otro que estaba roto, un par de linternas de piedra inclinadas en diferentes direcciones, la sala del santuario quemada por completo, el castillo, derribado. \u00abCuando me acerqu\u00e9 a la torre del castillo, a menos de un kil\u00f3metro del epicentro, <strong>me sorprendi\u00f3 una vista que no ten\u00eda sentido<\/strong>. Una pila de madera hab\u00eda permanecido de alguna manera sin quemar. Me pregunto si las gruesas paredes de yeso la hab\u00edan protegido de los rayos de calor\u00bb. Respondiendo a sus propias preguntas sobre los fen\u00f3menos que vio, Shigeo Hayashi continu\u00f3 tomando fotograf\u00edas.<\/p>\n\n\n\n<div class=\"wp-block-media-text alignwide is-stacked-on-mobile\" style=\"grid-template-columns:34% auto\"><figure class=\"wp-block-media-text__media\"><img data-recalc-dims=\"1\" loading=\"lazy\" decoding=\"async\" width=\"340\" height=\"223\" data-attachment-id=\"1344\" data-permalink=\"https:\/\/elabrevaderojm.com\/en\/hiroshima39\/\" data-orig-file=\"https:\/\/i0.wp.com\/elabrevaderojm.com\/wp-content\/uploads\/2020\/08\/hiroshima39.jpg?fit=340%2C223&amp;ssl=1\" data-orig-size=\"340,223\" data-comments-opened=\"1\" data-image-meta=\"{&quot;aperture&quot;:&quot;0&quot;,&quot;credit&quot;:&quot;&quot;,&quot;camera&quot;:&quot;&quot;,&quot;caption&quot;:&quot;&quot;,&quot;created_timestamp&quot;:&quot;0&quot;,&quot;copyright&quot;:&quot;&quot;,&quot;focal_length&quot;:&quot;0&quot;,&quot;iso&quot;:&quot;0&quot;,&quot;shutter_speed&quot;:&quot;0&quot;,&quot;title&quot;:&quot;&quot;,&quot;orientation&quot;:&quot;0&quot;}\" data-image-title=\"hiroshima39\" data-image-description=\"\" data-image-caption=\"\" data-large-file=\"https:\/\/i0.wp.com\/elabrevaderojm.com\/wp-content\/uploads\/2020\/08\/hiroshima39.jpg?fit=340%2C223&amp;ssl=1\" src=\"https:\/\/i0.wp.com\/elabrevaderojm.com\/wp-content\/uploads\/2020\/08\/hiroshima39.jpg?resize=340%2C223&#038;ssl=1\" alt=\"\" class=\"wp-image-1344 size-full\"\/><\/figure><div class=\"wp-block-media-text__content\">\n<p class=\"has-text-align-justify wp-block-paragraph\">Mirando hacia el noreste desde el frente del edificio frontal del <strong>Santuario Hiroshima Gokoku<\/strong><\/p>\n\n\n\n<p class=\"has-text-align-justify has-small-font-size wp-block-paragraph\">Mirando desde el lado del santuario con la <strong>puerta <em>torii<\/em><\/strong> derribada que conduce al edificio principal. En primer plano est\u00e1n las ruinas quemadas del Primer Hospital del Ej\u00e9rcito de Hiroshima; al fondo, el \u00e1rea de entrenamiento del oeste. Justo despu\u00e9s del bombardeo, los soldados yac\u00edan por todas partes, muertos por la explosi\u00f3n, quemados de rojo brillante por el rayo de calor. Una estaci\u00f3n de socorro temporal erigida en la orilla del r\u00edo Otagawa se replet\u00f3 de muertos y heridos.<\/p>\n<\/div><\/div>\n\n\n\n<div class=\"wp-block-media-text alignwide has-media-on-the-right is-stacked-on-mobile\" style=\"grid-template-columns:auto 38%\"><div class=\"wp-block-media-text__content\">\n<p class=\"wp-block-paragraph\"><strong>Fuente de purificaci\u00f3n <\/strong>ca\u00edda<\/p>\n\n\n\n<p class=\"has-text-align-justify wp-block-paragraph\">La fuente de purificaci\u00f3n<strong> <\/strong>(cuenca) en el lado sur del pavimento de piedra que conduce al edificio frontal del Santuario Hiroshima Gokoku evidentemente se elev\u00f3 en el aire y gir\u00f3 90 grados a medida que ca\u00eda. Nuevas viviendas improvisadas se levantaron a la izquierda, y la Escuela Primaria Honkawa se extiende en el otro lado.<\/p>\n<\/div><figure class=\"wp-block-media-text__media\"><img data-recalc-dims=\"1\" loading=\"lazy\" decoding=\"async\" width=\"340\" height=\"223\" data-attachment-id=\"1347\" data-permalink=\"https:\/\/elabrevaderojm.com\/en\/hiroshima40\/\" data-orig-file=\"https:\/\/i0.wp.com\/elabrevaderojm.com\/wp-content\/uploads\/2020\/08\/hiroshima40.jpg?fit=340%2C223&amp;ssl=1\" data-orig-size=\"340,223\" data-comments-opened=\"1\" data-image-meta=\"{&quot;aperture&quot;:&quot;0&quot;,&quot;credit&quot;:&quot;&quot;,&quot;camera&quot;:&quot;&quot;,&quot;caption&quot;:&quot;&quot;,&quot;created_timestamp&quot;:&quot;0&quot;,&quot;copyright&quot;:&quot;&quot;,&quot;focal_length&quot;:&quot;0&quot;,&quot;iso&quot;:&quot;0&quot;,&quot;shutter_speed&quot;:&quot;0&quot;,&quot;title&quot;:&quot;&quot;,&quot;orientation&quot;:&quot;0&quot;}\" data-image-title=\"hiroshima40\" data-image-description=\"\" data-image-caption=\"\" data-large-file=\"https:\/\/i0.wp.com\/elabrevaderojm.com\/wp-content\/uploads\/2020\/08\/hiroshima40.jpg?fit=340%2C223&amp;ssl=1\" src=\"https:\/\/i0.wp.com\/elabrevaderojm.com\/wp-content\/uploads\/2020\/08\/hiroshima40.jpg?resize=340%2C223&#038;ssl=1\" alt=\"\" class=\"wp-image-1347 size-full\"\/><\/figure><\/div>\n\n\n\n<div class=\"wp-block-media-text alignwide is-stacked-on-mobile\" style=\"grid-template-columns:20% auto\"><figure class=\"wp-block-media-text__media\"><img data-recalc-dims=\"1\" loading=\"lazy\" decoding=\"async\" width=\"240\" height=\"360\" data-attachment-id=\"1353\" data-permalink=\"https:\/\/elabrevaderojm.com\/en\/hiroshima41\/\" data-orig-file=\"https:\/\/i0.wp.com\/elabrevaderojm.com\/wp-content\/uploads\/2020\/08\/hiroshima41.jpg?fit=240%2C360&amp;ssl=1\" data-orig-size=\"240,360\" data-comments-opened=\"1\" data-image-meta=\"{&quot;aperture&quot;:&quot;0&quot;,&quot;credit&quot;:&quot;&quot;,&quot;camera&quot;:&quot;&quot;,&quot;caption&quot;:&quot;&quot;,&quot;created_timestamp&quot;:&quot;0&quot;,&quot;copyright&quot;:&quot;&quot;,&quot;focal_length&quot;:&quot;0&quot;,&quot;iso&quot;:&quot;0&quot;,&quot;shutter_speed&quot;:&quot;0&quot;,&quot;title&quot;:&quot;&quot;,&quot;orientation&quot;:&quot;0&quot;}\" data-image-title=\"hiroshima41\" data-image-description=\"\" data-image-caption=\"\" data-large-file=\"https:\/\/i0.wp.com\/elabrevaderojm.com\/wp-content\/uploads\/2020\/08\/hiroshima41.jpg?fit=240%2C360&amp;ssl=1\" src=\"https:\/\/i0.wp.com\/elabrevaderojm.com\/wp-content\/uploads\/2020\/08\/hiroshima41.jpg?resize=240%2C360&#038;ssl=1\" alt=\"\" class=\"wp-image-1353 size-full\"\/><\/figure><div class=\"wp-block-media-text__content\">\n<p class=\"wp-block-paragraph\"><strong>Linterna de piedra<\/strong> agrietada en pedazos por el rayo de calor.<\/p>\n\n\n\n<p class=\"has-text-align-justify wp-block-paragraph\">Este es uno de los dos faroles de piedra en el lado sur del edificio frontal del santuario Hiroshima Gokoku. En el lado que daba al epicentro, el tope y la base de piedra de tres niveles fueron agrietadas por el rayo de calor, y algunas piezas se cayeron. La reacci\u00f3n del granito al calor lo hizo \u00fatil para medir la temperatura y la direcci\u00f3n del rayo de calor.<\/p>\n<\/div><\/div>\n\n\n\n<div class=\"wp-block-media-text alignwide has-media-on-the-right is-stacked-on-mobile\" style=\"grid-template-columns:auto 39%\"><div class=\"wp-block-media-text__content\">\n<p class=\"wp-block-paragraph\"><strong>Linternas de piedra <\/strong><\/p>\n\n\n\n<p class=\"has-text-align-justify has-small-font-size wp-block-paragraph\">Este par de linternas de piedra estaban en el lado norte del edificio frontal del <strong>Santuario Gokoku de Hiroshima<\/strong>. Sus topes volaron. El eje central del de la derecha fue sacado de la base, dej\u00e1ndolo apoyado en el borde de la base. Las bases de ambos fueron desplazadas a la derecha. Durante el instante despu\u00e9s que la feroz explosi\u00f3n levant\u00f3 los pedestales por un extremo, y antes de que fueran absorbidos hacia el epicentro, el eje central de uno de ellos fue doblado, y la base del otro atrap\u00f3 una rama.<\/p>\n<\/div><figure class=\"wp-block-media-text__media\"><img data-recalc-dims=\"1\" loading=\"lazy\" decoding=\"async\" width=\"340\" height=\"218\" data-attachment-id=\"1355\" data-permalink=\"https:\/\/elabrevaderojm.com\/en\/hiroshima42\/\" data-orig-file=\"https:\/\/i0.wp.com\/elabrevaderojm.com\/wp-content\/uploads\/2020\/08\/hiroshima42.jpg?fit=340%2C218&amp;ssl=1\" data-orig-size=\"340,218\" data-comments-opened=\"1\" data-image-meta=\"{&quot;aperture&quot;:&quot;0&quot;,&quot;credit&quot;:&quot;&quot;,&quot;camera&quot;:&quot;&quot;,&quot;caption&quot;:&quot;&quot;,&quot;created_timestamp&quot;:&quot;0&quot;,&quot;copyright&quot;:&quot;&quot;,&quot;focal_length&quot;:&quot;0&quot;,&quot;iso&quot;:&quot;0&quot;,&quot;shutter_speed&quot;:&quot;0&quot;,&quot;title&quot;:&quot;&quot;,&quot;orientation&quot;:&quot;0&quot;}\" data-image-title=\"hiroshima42\" data-image-description=\"\" data-image-caption=\"\" data-large-file=\"https:\/\/i0.wp.com\/elabrevaderojm.com\/wp-content\/uploads\/2020\/08\/hiroshima42.jpg?fit=340%2C218&amp;ssl=1\" src=\"https:\/\/i0.wp.com\/elabrevaderojm.com\/wp-content\/uploads\/2020\/08\/hiroshima42.jpg?resize=340%2C218&#038;ssl=1\" alt=\"\" class=\"wp-image-1355 size-full\"\/><\/figure><\/div>\n\n\n\n<div class=\"wp-block-media-text alignwide is-stacked-on-mobile\" style=\"grid-template-columns:27% auto\"><figure class=\"wp-block-media-text__media\"><img data-recalc-dims=\"1\" loading=\"lazy\" decoding=\"async\" width=\"240\" height=\"367\" data-attachment-id=\"1358\" data-permalink=\"https:\/\/elabrevaderojm.com\/en\/hiroshima43\/\" data-orig-file=\"https:\/\/i0.wp.com\/elabrevaderojm.com\/wp-content\/uploads\/2020\/08\/hiroshima43.jpg?fit=240%2C367&amp;ssl=1\" data-orig-size=\"240,367\" data-comments-opened=\"1\" data-image-meta=\"{&quot;aperture&quot;:&quot;0&quot;,&quot;credit&quot;:&quot;&quot;,&quot;camera&quot;:&quot;&quot;,&quot;caption&quot;:&quot;&quot;,&quot;created_timestamp&quot;:&quot;0&quot;,&quot;copyright&quot;:&quot;&quot;,&quot;focal_length&quot;:&quot;0&quot;,&quot;iso&quot;:&quot;0&quot;,&quot;shutter_speed&quot;:&quot;0&quot;,&quot;title&quot;:&quot;&quot;,&quot;orientation&quot;:&quot;0&quot;}\" data-image-title=\"hiroshima43\" data-image-description=\"\" data-image-caption=\"\" data-large-file=\"https:\/\/i0.wp.com\/elabrevaderojm.com\/wp-content\/uploads\/2020\/08\/hiroshima43.jpg?fit=240%2C367&amp;ssl=1\" src=\"https:\/\/i0.wp.com\/elabrevaderojm.com\/wp-content\/uploads\/2020\/08\/hiroshima43.jpg?resize=240%2C367&#038;ssl=1\" alt=\"\" class=\"wp-image-1358 size-full\"\/><\/figure><div class=\"wp-block-media-text__content\">\n<p class=\"wp-block-paragraph\"><strong>Gran puerta <em>torii<\/em> <\/strong>en la aproximaci\u00f3n al Santuario Hiroshima Gokoku<\/p>\n\n\n\n<p class=\"has-text-align-justify wp-block-paragraph\">El santuario de Hiroshima Gokoku ten\u00eda tres puertas <em>torii<\/em>. El m\u00e1s grande y cercano al epicentro fue el \u00fanico que permaneci\u00f3 erecto porque la explosi\u00f3n le pas\u00f3 casi verticalmente. La tablilla que cuelga del <em>torii<\/em> en el lado del epicentro fue simplemente golpeada, no soplada. En 1956, el santuario fue reconstruido sobre los restos de la muralla interior central (<em>honmaru<\/em>) del castillo de Hiroshima. El gran <em>torii <\/em>y su tabla colgante fueron trasladados a la entrada trasera, y los faroles de piedra y perros guardianes de piedra a la entrada principal del santuario.<\/p>\n<\/div><\/div>\n\n\n\n<div class=\"wp-block-media-text alignwide has-media-on-the-right is-stacked-on-mobile\"><div class=\"wp-block-media-text__content\">\n<p class=\"wp-block-paragraph\"><strong>Torre del Castillo de Hiroshima<\/strong><\/p>\n\n\n\n<p class=\"has-text-align-justify wp-block-paragraph\">Los testigos dicen que la torre del castillo de cinco pisos, un s\u00edmbolo de Hiroshima, se desmoron\u00f3 de una vez con un inquietante estremecimiento de la tierra. Reconstruido en 1958 antes de la Gran Feria de Reconstrucci\u00f3n de Hiroshima, hoy la torre del castillo vigila la ciudad.<\/p>\n<\/div><figure class=\"wp-block-media-text__media\"><img data-recalc-dims=\"1\" loading=\"lazy\" decoding=\"async\" width=\"340\" height=\"224\" data-attachment-id=\"1361\" data-permalink=\"https:\/\/elabrevaderojm.com\/en\/hiroshima44\/\" data-orig-file=\"https:\/\/i0.wp.com\/elabrevaderojm.com\/wp-content\/uploads\/2020\/08\/hiroshima44.jpg?fit=340%2C224&amp;ssl=1\" data-orig-size=\"340,224\" data-comments-opened=\"1\" data-image-meta=\"{&quot;aperture&quot;:&quot;0&quot;,&quot;credit&quot;:&quot;&quot;,&quot;camera&quot;:&quot;&quot;,&quot;caption&quot;:&quot;&quot;,&quot;created_timestamp&quot;:&quot;0&quot;,&quot;copyright&quot;:&quot;&quot;,&quot;focal_length&quot;:&quot;0&quot;,&quot;iso&quot;:&quot;0&quot;,&quot;shutter_speed&quot;:&quot;0&quot;,&quot;title&quot;:&quot;&quot;,&quot;orientation&quot;:&quot;0&quot;}\" data-image-title=\"hiroshima44\" data-image-description=\"\" data-image-caption=\"\" data-large-file=\"https:\/\/i0.wp.com\/elabrevaderojm.com\/wp-content\/uploads\/2020\/08\/hiroshima44.jpg?fit=340%2C224&amp;ssl=1\" src=\"https:\/\/i0.wp.com\/elabrevaderojm.com\/wp-content\/uploads\/2020\/08\/hiroshima44.jpg?resize=340%2C224&#038;ssl=1\" alt=\"\" class=\"wp-image-1361 size-full\"\/><\/figure><\/div>\n\n\n\n<h2 class=\"wp-block-heading has-text-align-center\">La investigaci\u00f3n de los da\u00f1os ocasionados por la bomba en im\u00e1genes<br><\/h2>\n\n\n\n<p class=\"has-text-align-justify wp-block-paragraph\">Los principales objetivos del subequipo de f\u00edsica del equipo de encuesta acad\u00e9mica eran <strong>estimar la ubicaci\u00f3n del epicentro, el tama\u00f1o de la bola de fuego y la cantidad de radiaci\u00f3n<\/strong>, y estudiar los efectos de la radiaci\u00f3n. El 7 de octubre, Shigeo Hayashi visit\u00f3 las zonas de Koi y Takasu. Sobre eso, \u00e9l recordaba: \u00ab<em>Cuando regres\u00e9 al dormitorio, escuch\u00e9 a alguien decir: \u00abNo hay tanta radiaci\u00f3n como predijimos en Tokio\u00bb. La raz\u00f3n sigue siendo un misterio, pero podr\u00eda deberse al tif\u00f3n Makurazaki<\/em>\u00bb.<\/p>\n\n\n\n<div class=\"wp-block-media-text alignwide is-stacked-on-mobile\" style=\"grid-template-columns:27% auto\"><figure class=\"wp-block-media-text__media\"><img data-recalc-dims=\"1\" loading=\"lazy\" decoding=\"async\" width=\"220\" height=\"213\" data-attachment-id=\"1369\" data-permalink=\"https:\/\/elabrevaderojm.com\/en\/hiroshima45-1\/\" data-orig-file=\"https:\/\/i0.wp.com\/elabrevaderojm.com\/wp-content\/uploads\/2020\/08\/hiroshima45-1.jpg?fit=220%2C213&amp;ssl=1\" data-orig-size=\"220,213\" data-comments-opened=\"1\" data-image-meta=\"{&quot;aperture&quot;:&quot;0&quot;,&quot;credit&quot;:&quot;&quot;,&quot;camera&quot;:&quot;&quot;,&quot;caption&quot;:&quot;&quot;,&quot;created_timestamp&quot;:&quot;0&quot;,&quot;copyright&quot;:&quot;&quot;,&quot;focal_length&quot;:&quot;0&quot;,&quot;iso&quot;:&quot;0&quot;,&quot;shutter_speed&quot;:&quot;0&quot;,&quot;title&quot;:&quot;&quot;,&quot;orientation&quot;:&quot;0&quot;}\" data-image-title=\"hiroshima45-1\" data-image-description=\"\" data-image-caption=\"\" data-large-file=\"https:\/\/i0.wp.com\/elabrevaderojm.com\/wp-content\/uploads\/2020\/08\/hiroshima45-1.jpg?fit=220%2C213&amp;ssl=1\" src=\"https:\/\/i0.wp.com\/elabrevaderojm.com\/wp-content\/uploads\/2020\/08\/hiroshima45-1.jpg?resize=220%2C213&#038;ssl=1\" alt=\"\" class=\"wp-image-1369 size-full\"\/><\/figure><div class=\"wp-block-media-text__content\">\n<p class=\"has-text-align-justify wp-block-paragraph\"><strong>Pantal\u00f3n con manchas de lluvia negra<\/strong><\/p>\n\n\n\n<p class=\"has-text-align-justify has-normal-font-size wp-block-paragraph\">Cuando el equipo viaj\u00f3 al oeste de Hiroshima para estudiar los efectos de la <a href=\"https:\/\/es.wikipedia.org\/wiki\/Lluvia_negra_(concepto)\">lluvia negra<\/a>, descubrieron estos pantalones manchados en una casa privada en Koi-machi y se enteraron de que la lluvia era como agua sucia.<\/p>\n<\/div><\/div>\n\n\n\n<div class=\"wp-block-media-text alignwide has-media-on-the-right is-stacked-on-mobile\" style=\"grid-template-columns:auto 30%\"><div class=\"wp-block-media-text__content\">\n<p class=\"wp-block-paragraph\"><strong>Puerta exterior manchada de lluvia negra<\/strong><\/p>\n\n\n\n<p class=\"has-text-align-justify wp-block-paragraph\">Esta puerta era parte de la casa de Michitaka Uda, miembro del personal del <strong>Observatorio Meteorol\u00f3gico del Distrito de Hiroshima<\/strong>. La puerta fue arrojada al patio por la explosi\u00f3n y m\u00e1s tarde empapada por la lluvia negra. La familia Uda volvi\u00f3 a poner la puerta en su marco. El equipo rasp\u00f3 la torta de barro impregnada para medir el nivel de radiaci\u00f3n. Cuando descubrieron que la suciedad era varias veces m\u00e1s radiactiva que la suciedad en el epicentro, la familia decidi\u00f3 lavar la puerta.<\/p>\n<\/div><figure class=\"wp-block-media-text__media\"><img data-recalc-dims=\"1\" loading=\"lazy\" decoding=\"async\" width=\"220\" height=\"213\" data-attachment-id=\"1372\" data-permalink=\"https:\/\/elabrevaderojm.com\/en\/hiroshima46\/\" data-orig-file=\"https:\/\/i0.wp.com\/elabrevaderojm.com\/wp-content\/uploads\/2020\/08\/hiroshima46.jpg?fit=220%2C213&amp;ssl=1\" data-orig-size=\"220,213\" data-comments-opened=\"1\" data-image-meta=\"{&quot;aperture&quot;:&quot;0&quot;,&quot;credit&quot;:&quot;&quot;,&quot;camera&quot;:&quot;&quot;,&quot;caption&quot;:&quot;&quot;,&quot;created_timestamp&quot;:&quot;0&quot;,&quot;copyright&quot;:&quot;&quot;,&quot;focal_length&quot;:&quot;0&quot;,&quot;iso&quot;:&quot;0&quot;,&quot;shutter_speed&quot;:&quot;0&quot;,&quot;title&quot;:&quot;&quot;,&quot;orientation&quot;:&quot;0&quot;}\" data-image-title=\"hiroshima46\" data-image-description=\"\" data-image-caption=\"\" data-large-file=\"https:\/\/i0.wp.com\/elabrevaderojm.com\/wp-content\/uploads\/2020\/08\/hiroshima46.jpg?fit=220%2C213&amp;ssl=1\" src=\"https:\/\/i0.wp.com\/elabrevaderojm.com\/wp-content\/uploads\/2020\/08\/hiroshima46.jpg?resize=220%2C213&#038;ssl=1\" alt=\"\" class=\"wp-image-1372 size-full\"\/><\/figure><\/div>\n\n\n\n<div class=\"wp-block-media-text alignwide is-stacked-on-mobile\" style=\"grid-template-columns:27% auto\"><figure class=\"wp-block-media-text__media\"><img data-recalc-dims=\"1\" loading=\"lazy\" decoding=\"async\" width=\"640\" height=\"790\" data-attachment-id=\"1441\" data-permalink=\"https:\/\/elabrevaderojm.com\/en\/pared_blanca_con_rayas_de_lluvia_negra\/\" data-orig-file=\"https:\/\/i0.wp.com\/elabrevaderojm.com\/wp-content\/uploads\/2020\/08\/pared_blanca_con_rayas_de_lluvia_negra.jpg?fit=642%2C792&amp;ssl=1\" data-orig-size=\"642,792\" data-comments-opened=\"1\" data-image-meta=\"{&quot;aperture&quot;:&quot;0&quot;,&quot;credit&quot;:&quot;&quot;,&quot;camera&quot;:&quot;&quot;,&quot;caption&quot;:&quot;&quot;,&quot;created_timestamp&quot;:&quot;0&quot;,&quot;copyright&quot;:&quot;&quot;,&quot;focal_length&quot;:&quot;0&quot;,&quot;iso&quot;:&quot;0&quot;,&quot;shutter_speed&quot;:&quot;0&quot;,&quot;title&quot;:&quot;&quot;,&quot;orientation&quot;:&quot;0&quot;}\" data-image-title=\"pared_blanca_con_rayas_de_lluvia_negra\" data-image-description=\"\" data-image-caption=\"\" data-large-file=\"https:\/\/i0.wp.com\/elabrevaderojm.com\/wp-content\/uploads\/2020\/08\/pared_blanca_con_rayas_de_lluvia_negra.jpg?fit=640%2C790&amp;ssl=1\" src=\"https:\/\/i0.wp.com\/elabrevaderojm.com\/wp-content\/uploads\/2020\/08\/pared_blanca_con_rayas_de_lluvia_negra.jpg?resize=640%2C790&#038;ssl=1\" alt=\"\" class=\"wp-image-1441 size-full\"\/><\/figure><div class=\"wp-block-media-text__content\">\n<p class=\"has-text-align-justify wp-block-paragraph\" style=\"font-size:15px\">La sobreviviente Akiko Takakura, una <em><a href=\"https:\/\/es.wikipedia.org\/wiki\/Hibakusha\">hibakucha<\/a><\/em>, que el d\u00eda del bombardeo ten\u00eda 20 a\u00f1os, y autora de la pintura \u00abMujer sedienta atrapando lluvia negra en su boca\u00bb, dijo: \u00abDespu\u00e9s de un rato, la lluvia comenz\u00f3 a caer. Lluvia negra, negra. Enormes gotas. Las personas estiraron la cara hacia arriba y abrieron la boca para atrapar las gotas. Cuerpos calientes, muy calientes, como bolas de fuego. Ellos necesitaban agua\u00bb.<\/p>\n\n\n\n<p class=\"has-text-align-justify wp-block-paragraph\">La foto es de una muestra conservada de una pared blanca con rayas hechas por la lluvia negra.<\/p>\n<\/div><\/div>\n\n\n\n<div class=\"wp-block-media-text alignwide has-media-on-the-right is-stacked-on-mobile\" style=\"grid-template-columns:auto 31%\"><div class=\"wp-block-media-text__content\">\n<p class=\"has-text-align-justify has-small-font-size wp-block-paragraph\">El d\u00eda de la explosi\u00f3n, Toyoko, una joven de 16 a\u00f1os,  sali\u00f3 de las ruinas del edificio de su escuela secundar\u00eda superior en la regi\u00f3n de&nbsp;<a href=\"https:\/\/es.wikipedia.org\/wiki\/Nishi-ku,_Osaka\">Nishi-ku, Osaka<\/a>, pero antes que pudiera conseguir refugio, la fatiga y la conmoci\u00f3n provocaron que acabara cayendo al suelo, donde qued\u00f3 completamente mojada por la lluvia. Su camisa se impregn\u00f3 de un color negrizo ocasionado por la precipitaci\u00f3n, que nunca pudo quitar por m\u00e1s que lav\u00f3 la prenda .<\/p>\n<\/div><figure class=\"wp-block-media-text__media\"><img data-recalc-dims=\"1\" loading=\"lazy\" decoding=\"async\" width=\"640\" height=\"410\" data-attachment-id=\"1376\" data-permalink=\"https:\/\/elabrevaderojm.com\/en\/hiroshima-prenda_toyoko\/\" data-orig-file=\"https:\/\/i0.wp.com\/elabrevaderojm.com\/wp-content\/uploads\/2020\/08\/hiroshima-prenda_toyoko.jpg?fit=800%2C513&amp;ssl=1\" data-orig-size=\"800,513\" data-comments-opened=\"1\" data-image-meta=\"{&quot;aperture&quot;:&quot;0&quot;,&quot;credit&quot;:&quot;&quot;,&quot;camera&quot;:&quot;&quot;,&quot;caption&quot;:&quot;&quot;,&quot;created_timestamp&quot;:&quot;0&quot;,&quot;copyright&quot;:&quot;&quot;,&quot;focal_length&quot;:&quot;0&quot;,&quot;iso&quot;:&quot;0&quot;,&quot;shutter_speed&quot;:&quot;0&quot;,&quot;title&quot;:&quot;&quot;,&quot;orientation&quot;:&quot;0&quot;}\" data-image-title=\"hiroshima-prenda_toyoko\" data-image-description=\"\" data-image-caption=\"\" data-large-file=\"https:\/\/i0.wp.com\/elabrevaderojm.com\/wp-content\/uploads\/2020\/08\/hiroshima-prenda_toyoko.jpg?fit=640%2C410&amp;ssl=1\" src=\"https:\/\/i0.wp.com\/elabrevaderojm.com\/wp-content\/uploads\/2020\/08\/hiroshima-prenda_toyoko.jpg?resize=640%2C410&#038;ssl=1\" alt=\"\" class=\"wp-image-1376 size-full\"\/><\/figure><\/div>\n\n\n\n<div class=\"wp-block-media-text alignwide is-stacked-on-mobile\" style=\"grid-template-columns:17% auto\"><figure class=\"wp-block-media-text__media\"><img data-recalc-dims=\"1\" loading=\"lazy\" decoding=\"async\" width=\"174\" height=\"250\" data-attachment-id=\"1380\" data-permalink=\"https:\/\/elabrevaderojm.com\/en\/hiroshima48_opt\/\" data-orig-file=\"https:\/\/i0.wp.com\/elabrevaderojm.com\/wp-content\/uploads\/2020\/08\/hiroshima48_opt.jpg?fit=174%2C250&amp;ssl=1\" data-orig-size=\"174,250\" data-comments-opened=\"1\" data-image-meta=\"{&quot;aperture&quot;:&quot;0&quot;,&quot;credit&quot;:&quot;&quot;,&quot;camera&quot;:&quot;&quot;,&quot;caption&quot;:&quot;&quot;,&quot;created_timestamp&quot;:&quot;0&quot;,&quot;copyright&quot;:&quot;&quot;,&quot;focal_length&quot;:&quot;0&quot;,&quot;iso&quot;:&quot;0&quot;,&quot;shutter_speed&quot;:&quot;0&quot;,&quot;title&quot;:&quot;&quot;,&quot;orientation&quot;:&quot;0&quot;}\" data-image-title=\"hiroshima48_opt\" data-image-description=\"\" data-image-caption=\"\" data-large-file=\"https:\/\/i0.wp.com\/elabrevaderojm.com\/wp-content\/uploads\/2020\/08\/hiroshima48_opt.jpg?fit=174%2C250&amp;ssl=1\" src=\"https:\/\/i0.wp.com\/elabrevaderojm.com\/wp-content\/uploads\/2020\/08\/hiroshima48_opt.jpg?resize=174%2C250&#038;ssl=1\" alt=\"\" class=\"wp-image-1380 size-full\"\/><\/figure><div class=\"wp-block-media-text__content\">\n<p class=\"has-text-align-justify wp-block-paragraph\" style=\"font-size:20px\">Dos hermanos que sobrevivieron a la explosi\u00f3n en Hiroshima se ven el 10 de agosto, cuatro d\u00edas despu\u00e9s. M\u00e1s de la mitad de la poblaci\u00f3n de Hiroshima en ese momento muri\u00f3 en la explosi\u00f3n (Im\u00e1genes AFP\/Getty Images).<\/p>\n<\/div><\/div>\n\n\n\n<div class=\"wp-block-media-text alignwide has-media-on-the-right is-stacked-on-mobile\" style=\"grid-template-columns:auto 23%\"><div class=\"wp-block-media-text__content\">\n<p class=\"wp-block-paragraph\" style=\"font-size:26px\">El esqueleto de una iglesia se ve en Hiroshima el 5 de septiembre de 1945 (AP).<\/p>\n<\/div><figure class=\"wp-block-media-text__media\"><img data-recalc-dims=\"1\" loading=\"lazy\" decoding=\"async\" width=\"343\" height=\"250\" data-attachment-id=\"1382\" data-permalink=\"https:\/\/elabrevaderojm.com\/en\/hiroshima49_opt\/\" data-orig-file=\"https:\/\/i0.wp.com\/elabrevaderojm.com\/wp-content\/uploads\/2020\/08\/hiroshima49_opt.jpg?fit=343%2C250&amp;ssl=1\" data-orig-size=\"343,250\" data-comments-opened=\"1\" data-image-meta=\"{&quot;aperture&quot;:&quot;0&quot;,&quot;credit&quot;:&quot;&quot;,&quot;camera&quot;:&quot;&quot;,&quot;caption&quot;:&quot;&quot;,&quot;created_timestamp&quot;:&quot;0&quot;,&quot;copyright&quot;:&quot;&quot;,&quot;focal_length&quot;:&quot;0&quot;,&quot;iso&quot;:&quot;0&quot;,&quot;shutter_speed&quot;:&quot;0&quot;,&quot;title&quot;:&quot;&quot;,&quot;orientation&quot;:&quot;0&quot;}\" data-image-title=\"hiroshima49_opt\" data-image-description=\"\" data-image-caption=\"\" data-large-file=\"https:\/\/i0.wp.com\/elabrevaderojm.com\/wp-content\/uploads\/2020\/08\/hiroshima49_opt.jpg?fit=343%2C250&amp;ssl=1\" src=\"https:\/\/i0.wp.com\/elabrevaderojm.com\/wp-content\/uploads\/2020\/08\/hiroshima49_opt.jpg?resize=343%2C250&#038;ssl=1\" alt=\"\" class=\"wp-image-1382 size-full\"\/><\/figure><\/div>\n\n\n\n<div class=\"wp-block-media-text alignwide is-stacked-on-mobile\" style=\"grid-template-columns:29% auto\"><figure class=\"wp-block-media-text__media\"><img data-recalc-dims=\"1\" loading=\"lazy\" decoding=\"async\" width=\"300\" height=\"224\" data-attachment-id=\"1383\" data-permalink=\"https:\/\/elabrevaderojm.com\/en\/ap_634550853410\/\" data-orig-file=\"https:\/\/i0.wp.com\/elabrevaderojm.com\/wp-content\/uploads\/2020\/08\/hiroshima50.jpg?fit=300%2C224&amp;ssl=1\" data-orig-size=\"300,224\" data-comments-opened=\"1\" data-image-meta=\"{&quot;aperture&quot;:&quot;0&quot;,&quot;credit&quot;:&quot;AP&quot;,&quot;camera&quot;:&quot;&quot;,&quot;caption&quot;:&quot;Survivors of the first atomic bomb ever used in warfare are seen as they await emergency medical treatment in Hiroshima, Japan, in 1945.&quot;,&quot;created_timestamp&quot;:&quot;0&quot;,&quot;copyright&quot;:&quot;&quot;,&quot;focal_length&quot;:&quot;0&quot;,&quot;iso&quot;:&quot;0&quot;,&quot;shutter_speed&quot;:&quot;0&quot;,&quot;title&quot;:&quot;ap_634550853410&quot;,&quot;orientation&quot;:&quot;0&quot;}\" data-image-title=\"ap_634550853410\" data-image-description=\"\" data-image-caption=\"&lt;p&gt;Survivors of the first atomic bomb ever used in warfare are seen as they await emergency medical treatment in Hiroshima, Japan, in 1945.&lt;\/p&gt;\n\" data-large-file=\"https:\/\/i0.wp.com\/elabrevaderojm.com\/wp-content\/uploads\/2020\/08\/hiroshima50.jpg?fit=300%2C224&amp;ssl=1\" src=\"https:\/\/i0.wp.com\/elabrevaderojm.com\/wp-content\/uploads\/2020\/08\/hiroshima50.jpg?resize=300%2C224&#038;ssl=1\" alt=\"\" class=\"wp-image-1383 size-full\"\/><\/figure><div class=\"wp-block-media-text__content\">\n<p class=\"has-text-align-justify wp-block-paragraph\" style=\"font-size:20px\">Los supervivientes de la primera bomba at\u00f3mica utilizada en la guerra son vistos mientras esperan tratamiento m\u00e9dico de emergencia en Hiroshima, Jap\u00f3n, en 1945. (AP)<\/p>\n<\/div><\/div>\n\n\n\n<div class=\"wp-block-media-text alignwide has-media-on-the-right is-stacked-on-mobile\" style=\"grid-template-columns:auto 29%\"><div class=\"wp-block-media-text__content\">\n<p class=\"has-text-align-justify wp-block-paragraph\" style=\"font-size:22px\">Una madre atiende a su hijo herido despu\u00e9s del bombardeo (Fotograf\u00eda de Keystone \/ Hulton Archive \/ Getty Images).<\/p>\n<\/div><figure class=\"wp-block-media-text__media\"><img data-recalc-dims=\"1\" loading=\"lazy\" decoding=\"async\" width=\"320\" height=\"250\" data-attachment-id=\"1385\" data-permalink=\"https:\/\/elabrevaderojm.com\/en\/hiroshima51_opt\/\" data-orig-file=\"https:\/\/i0.wp.com\/elabrevaderojm.com\/wp-content\/uploads\/2020\/08\/hiroshima51_opt.jpg?fit=320%2C250&amp;ssl=1\" data-orig-size=\"320,250\" data-comments-opened=\"1\" data-image-meta=\"{&quot;aperture&quot;:&quot;0&quot;,&quot;credit&quot;:&quot;&quot;,&quot;camera&quot;:&quot;&quot;,&quot;caption&quot;:&quot;&quot;,&quot;created_timestamp&quot;:&quot;0&quot;,&quot;copyright&quot;:&quot;&quot;,&quot;focal_length&quot;:&quot;0&quot;,&quot;iso&quot;:&quot;0&quot;,&quot;shutter_speed&quot;:&quot;0&quot;,&quot;title&quot;:&quot;&quot;,&quot;orientation&quot;:&quot;0&quot;}\" data-image-title=\"hiroshima51_opt\" data-image-description=\"\" data-image-caption=\"\" data-large-file=\"https:\/\/i0.wp.com\/elabrevaderojm.com\/wp-content\/uploads\/2020\/08\/hiroshima51_opt.jpg?fit=320%2C250&amp;ssl=1\" src=\"https:\/\/i0.wp.com\/elabrevaderojm.com\/wp-content\/uploads\/2020\/08\/hiroshima51_opt.jpg?resize=320%2C250&#038;ssl=1\" alt=\"\" class=\"wp-image-1385 size-full\"\/><\/figure><\/div>\n\n\n\n<div class=\"wp-block-jetpack-tiled-gallery aligncenter is-style-rectangular\"><div class=\"\"><div class=\"tiled-gallery__gallery\"><div class=\"tiled-gallery__row\"><div class=\"tiled-gallery__col\" style=\"flex-basis:48.56908%\"><figure class=\"tiled-gallery__item\"><img decoding=\"async\" data-attachment-id=\"1391\" data-permalink=\"https:\/\/elabrevaderojm.com\/en\/hiroshima52_opt-1\/\" data-orig-file=\"https:\/\/i0.wp.com\/elabrevaderojm.com\/wp-content\/uploads\/2020\/08\/hiroshima52_opt-1.jpg?fit=355%2C250&amp;ssl=1\" data-orig-size=\"355,250\" data-comments-opened=\"1\" data-image-meta=\"{&quot;aperture&quot;:&quot;0&quot;,&quot;credit&quot;:&quot;&quot;,&quot;camera&quot;:&quot;&quot;,&quot;caption&quot;:&quot;&quot;,&quot;created_timestamp&quot;:&quot;0&quot;,&quot;copyright&quot;:&quot;&quot;,&quot;focal_length&quot;:&quot;0&quot;,&quot;iso&quot;:&quot;0&quot;,&quot;shutter_speed&quot;:&quot;0&quot;,&quot;title&quot;:&quot;&quot;,&quot;orientation&quot;:&quot;0&quot;}\" data-image-title=\"hiroshima52_opt-1\" data-image-description=\"\" data-image-caption=\"\" data-large-file=\"https:\/\/i0.wp.com\/elabrevaderojm.com\/wp-content\/uploads\/2020\/08\/hiroshima52_opt-1.jpg?fit=355%2C250&amp;ssl=1\" role=\"button\" tabindex=\"0\" aria-label=\"Open image 1 of 2 in full-screen\" srcset=\"https:\/\/i0.wp.com\/elabrevaderojm.com\/wp-content\/uploads\/2020\/08\/hiroshima52_opt-1.jpg?strip=info&#038;w=355&#038;ssl=1 355w\" alt=\"\" data-height=\"250\" data-id=\"1391\" data-link=\"https:\/\/elabrevaderojm.com\/hiroshima52_opt-1\/\" data-url=\"https:\/\/elabrevaderojm.com\/wp-content\/uploads\/2020\/08\/hiroshima52_opt-1.jpg\" data-width=\"355\" src=\"https:\/\/i0.wp.com\/elabrevaderojm.com\/wp-content\/uploads\/2020\/08\/hiroshima52_opt-1.jpg?ssl=1\" data-amp-layout=\"responsive\" tabindex=\"0\" role=\"button\" aria-label=\"Abrir la imagen 1 de 2 en pantalla completa\"\/><\/figure><\/div><div class=\"tiled-gallery__col\" style=\"flex-basis:51.43092%\"><figure class=\"tiled-gallery__item\"><img decoding=\"async\" data-attachment-id=\"1392\" data-permalink=\"https:\/\/elabrevaderojm.com\/en\/hiroshima53_opt-1\/\" data-orig-file=\"https:\/\/i0.wp.com\/elabrevaderojm.com\/wp-content\/uploads\/2020\/08\/hiroshima53_opt-1.jpg?fit=376%2C250&amp;ssl=1\" data-orig-size=\"376,250\" data-comments-opened=\"1\" data-image-meta=\"{&quot;aperture&quot;:&quot;0&quot;,&quot;credit&quot;:&quot;&quot;,&quot;camera&quot;:&quot;&quot;,&quot;caption&quot;:&quot;&quot;,&quot;created_timestamp&quot;:&quot;0&quot;,&quot;copyright&quot;:&quot;&quot;,&quot;focal_length&quot;:&quot;0&quot;,&quot;iso&quot;:&quot;0&quot;,&quot;shutter_speed&quot;:&quot;0&quot;,&quot;title&quot;:&quot;&quot;,&quot;orientation&quot;:&quot;0&quot;}\" data-image-title=\"hiroshima53_opt-1\" data-image-description=\"\" data-image-caption=\"\" data-large-file=\"https:\/\/i0.wp.com\/elabrevaderojm.com\/wp-content\/uploads\/2020\/08\/hiroshima53_opt-1.jpg?fit=376%2C250&amp;ssl=1\" role=\"button\" tabindex=\"0\" aria-label=\"Open image 2 of 2 in full-screen\" srcset=\"https:\/\/i0.wp.com\/elabrevaderojm.com\/wp-content\/uploads\/2020\/08\/hiroshima53_opt-1.jpg?strip=info&#038;w=376&#038;ssl=1 376w\" alt=\"\" data-height=\"250\" data-id=\"1392\" data-link=\"https:\/\/elabrevaderojm.com\/hiroshima53_opt-1\/\" data-url=\"https:\/\/elabrevaderojm.com\/wp-content\/uploads\/2020\/08\/hiroshima53_opt-1.jpg\" data-width=\"376\" src=\"https:\/\/i0.wp.com\/elabrevaderojm.com\/wp-content\/uploads\/2020\/08\/hiroshima53_opt-1.jpg?ssl=1\" data-amp-layout=\"responsive\" tabindex=\"0\" role=\"button\" aria-label=\"Abrir la imagen 2 de 2 en pantalla completa\"\/><\/figure><\/div><\/div><\/div><\/div><\/div>\n\n\n\n<p class=\"has-text-align-justify wp-block-paragraph\">Se dice que, al menos, <strong>unas 100.000 personas murieron a causa de la explosi\u00f3n y la tormenta de fuego<\/strong> resultante que arras\u00f3 una secci\u00f3n de cuatro millas cuadradas de Hiroshima. (Archivo de Historia Universal\/Grupo de Im\u00e1genes Universales a trav\u00e9s de Getty Images)<\/p>\n\n\n\n<div class=\"wp-block-media-text alignwide is-stacked-on-mobile\" style=\"grid-template-columns:24% auto\"><figure class=\"wp-block-media-text__media\"><img data-recalc-dims=\"1\" loading=\"lazy\" decoding=\"async\" width=\"400\" height=\"501\" data-attachment-id=\"1394\" data-permalink=\"https:\/\/elabrevaderojm.com\/en\/hibakucha_opt\/\" data-orig-file=\"https:\/\/i0.wp.com\/elabrevaderojm.com\/wp-content\/uploads\/2020\/08\/hibakucha_opt.jpg?fit=400%2C501&amp;ssl=1\" data-orig-size=\"400,501\" data-comments-opened=\"1\" data-image-meta=\"{&quot;aperture&quot;:&quot;0&quot;,&quot;credit&quot;:&quot;&quot;,&quot;camera&quot;:&quot;&quot;,&quot;caption&quot;:&quot;&quot;,&quot;created_timestamp&quot;:&quot;0&quot;,&quot;copyright&quot;:&quot;&quot;,&quot;focal_length&quot;:&quot;0&quot;,&quot;iso&quot;:&quot;0&quot;,&quot;shutter_speed&quot;:&quot;0&quot;,&quot;title&quot;:&quot;&quot;,&quot;orientation&quot;:&quot;0&quot;}\" data-image-title=\"hibakucha_opt\" data-image-description=\"\" data-image-caption=\"\" data-large-file=\"https:\/\/i0.wp.com\/elabrevaderojm.com\/wp-content\/uploads\/2020\/08\/hibakucha_opt.jpg?fit=400%2C501&amp;ssl=1\" src=\"https:\/\/i0.wp.com\/elabrevaderojm.com\/wp-content\/uploads\/2020\/08\/hibakucha_opt.jpg?resize=400%2C501&#038;ssl=1\" alt=\"\" class=\"wp-image-1394 size-full\"\/><\/figure><div class=\"wp-block-media-text__content\">\n<p class=\"has-text-align-justify wp-block-paragraph\" style=\"font-size:26px\">Una <em>hibakusha<\/em> de Hiroshima, con quemaduras nucleares sintom\u00e1ticas; el patr\u00f3n en su piel es del <em>kimono<\/em> que llevaba en el momento del fogonazo.<\/p>\n<\/div><\/div>\n\n\n\n<p class=\"wp-block-paragraph\"><\/p>\n\n\n\n<div class=\"wp-block-jetpack-tiled-gallery aligncenter is-style-rectangular\"><div class=\"\"><div class=\"tiled-gallery__gallery\"><div class=\"tiled-gallery__row\"><div class=\"tiled-gallery__col\" style=\"flex-basis:62.95585%\"><figure class=\"tiled-gallery__item\"><img decoding=\"async\" data-attachment-id=\"1398\" data-permalink=\"https:\/\/elabrevaderojm.com\/en\/hiroshima16_opt\/\" data-orig-file=\"https:\/\/i0.wp.com\/elabrevaderojm.com\/wp-content\/uploads\/2020\/08\/hiroshima16_opt.jpg?fit=400%2C267&amp;ssl=1\" data-orig-size=\"400,267\" data-comments-opened=\"1\" data-image-meta=\"{&quot;aperture&quot;:&quot;0&quot;,&quot;credit&quot;:&quot;&quot;,&quot;camera&quot;:&quot;&quot;,&quot;caption&quot;:&quot;&quot;,&quot;created_timestamp&quot;:&quot;0&quot;,&quot;copyright&quot;:&quot;&quot;,&quot;focal_length&quot;:&quot;0&quot;,&quot;iso&quot;:&quot;0&quot;,&quot;shutter_speed&quot;:&quot;0&quot;,&quot;title&quot;:&quot;&quot;,&quot;orientation&quot;:&quot;0&quot;}\" data-image-title=\"hiroshima16_opt\" data-image-description=\"\" data-image-caption=\"\" data-large-file=\"https:\/\/i0.wp.com\/elabrevaderojm.com\/wp-content\/uploads\/2020\/08\/hiroshima16_opt.jpg?fit=400%2C267&amp;ssl=1\" role=\"button\" tabindex=\"0\" aria-label=\"Open image 1 of 2 in full-screen\" srcset=\"https:\/\/i0.wp.com\/elabrevaderojm.com\/wp-content\/uploads\/2020\/08\/hiroshima16_opt.jpg?strip=info&#038;w=400&#038;ssl=1 400w\" alt=\"\" data-height=\"267\" data-id=\"1398\" data-link=\"https:\/\/elabrevaderojm.com\/hiroshima16_opt\/\" data-url=\"https:\/\/elabrevaderojm.com\/wp-content\/uploads\/2020\/08\/hiroshima16_opt.jpg\" data-width=\"400\" src=\"https:\/\/i0.wp.com\/elabrevaderojm.com\/wp-content\/uploads\/2020\/08\/hiroshima16_opt.jpg?ssl=1\" data-amp-layout=\"responsive\" tabindex=\"0\" role=\"button\" aria-label=\"Abrir la imagen 1 de 2 en pantalla completa\"\/><\/figure><\/div><div class=\"tiled-gallery__col\" style=\"flex-basis:37.04415%\"><figure class=\"tiled-gallery__item\"><img decoding=\"async\" data-attachment-id=\"1399\" data-permalink=\"https:\/\/elabrevaderojm.com\/en\/hiroshima47_opt\/\" data-orig-file=\"https:\/\/i0.wp.com\/elabrevaderojm.com\/wp-content\/uploads\/2020\/08\/hiroshima47_opt.jpg?fit=220%2C250&amp;ssl=1\" data-orig-size=\"220,250\" data-comments-opened=\"1\" data-image-meta=\"{&quot;aperture&quot;:&quot;0&quot;,&quot;credit&quot;:&quot;&quot;,&quot;camera&quot;:&quot;&quot;,&quot;caption&quot;:&quot;&quot;,&quot;created_timestamp&quot;:&quot;0&quot;,&quot;copyright&quot;:&quot;&quot;,&quot;focal_length&quot;:&quot;0&quot;,&quot;iso&quot;:&quot;0&quot;,&quot;shutter_speed&quot;:&quot;0&quot;,&quot;title&quot;:&quot;&quot;,&quot;orientation&quot;:&quot;0&quot;}\" data-image-title=\"hiroshima47_opt\" data-image-description=\"\" data-image-caption=\"\" data-large-file=\"https:\/\/i0.wp.com\/elabrevaderojm.com\/wp-content\/uploads\/2020\/08\/hiroshima47_opt.jpg?fit=220%2C250&amp;ssl=1\" role=\"button\" tabindex=\"0\" aria-label=\"Open image 2 of 2 in full-screen\" srcset=\"https:\/\/i0.wp.com\/elabrevaderojm.com\/wp-content\/uploads\/2020\/08\/hiroshima47_opt.jpg?strip=info&#038;w=220&#038;ssl=1 220w\" alt=\"\" data-height=\"250\" data-id=\"1399\" data-link=\"https:\/\/elabrevaderojm.com\/hiroshima47_opt\/\" data-url=\"https:\/\/elabrevaderojm.com\/wp-content\/uploads\/2020\/08\/hiroshima47_opt.jpg\" data-width=\"220\" src=\"https:\/\/i0.wp.com\/elabrevaderojm.com\/wp-content\/uploads\/2020\/08\/hiroshima47_opt.jpg?ssl=1\" data-amp-layout=\"responsive\" tabindex=\"0\" role=\"button\" aria-label=\"Abrir la imagen 2 de 2 en pantalla completa\"\/><\/figure><\/div><\/div><\/div><\/div><\/div>\n\n\n\n<p class=\"has-text-align-center has-small-font-size wp-block-paragraph\">Izquierda:<strong> Una estaci\u00f3n de polic\u00eda el 15 de septiembre en Shimoyanagi-cho, Hiroshima. El reloj se detuvo en el momento de la explosi\u00f3n de la bomba (foto de Eiichi Matsumoto). <\/strong>Derecha:<strong> Los restos de un reloj pulsera detenidos por la explosi\u00f3n nuclear a las 8:15 a.m. La sombra de la manecilla del horario en el \u00ab8\u00bb del reloj fue quemada por la explosi\u00f3n, haciendo que pareciera ser m\u00e1s larga (Yuichiro Sasaki\/Naciones Unidas\/AP).<\/strong><\/p>\n\n\n\n<h2 class=\"wp-block-heading has-text-align-center\">NAGASAKI bombardeada en im\u00e1genes.<\/h2>\n\n\n\n<div class=\"wp-block-media-text alignwide has-media-on-the-right is-stacked-on-mobile\" style=\"grid-template-columns:auto 43%\"><div class=\"wp-block-media-text__content\">\n<p class=\"has-text-align-justify wp-block-paragraph\" style=\"font-size:26px\">Una vista a\u00e9rea de <strong>Nagasaki<\/strong> despu\u00e9s del bombardeo. (Im\u00e1genes de Bettmann\/Getty Images)<\/p>\n<\/div><figure class=\"wp-block-media-text__media\"><img data-recalc-dims=\"1\" loading=\"lazy\" decoding=\"async\" width=\"306\" height=\"250\" data-attachment-id=\"1396\" data-permalink=\"https:\/\/elabrevaderojm.com\/en\/nagasaki1_opt\/\" data-orig-file=\"https:\/\/i0.wp.com\/elabrevaderojm.com\/wp-content\/uploads\/2020\/08\/nagasaki1_opt.jpg?fit=306%2C250&amp;ssl=1\" data-orig-size=\"306,250\" data-comments-opened=\"1\" data-image-meta=\"{&quot;aperture&quot;:&quot;0&quot;,&quot;credit&quot;:&quot;&quot;,&quot;camera&quot;:&quot;&quot;,&quot;caption&quot;:&quot;&quot;,&quot;created_timestamp&quot;:&quot;0&quot;,&quot;copyright&quot;:&quot;&quot;,&quot;focal_length&quot;:&quot;0&quot;,&quot;iso&quot;:&quot;0&quot;,&quot;shutter_speed&quot;:&quot;0&quot;,&quot;title&quot;:&quot;&quot;,&quot;orientation&quot;:&quot;0&quot;}\" data-image-title=\"nagasaki1_opt\" data-image-description=\"\" data-image-caption=\"\" data-large-file=\"https:\/\/i0.wp.com\/elabrevaderojm.com\/wp-content\/uploads\/2020\/08\/nagasaki1_opt.jpg?fit=306%2C250&amp;ssl=1\" src=\"https:\/\/i0.wp.com\/elabrevaderojm.com\/wp-content\/uploads\/2020\/08\/nagasaki1_opt.jpg?resize=306%2C250&#038;ssl=1\" alt=\"\" class=\"wp-image-1396 size-full\"\/><\/figure><\/div>\n\n\n\n<div class=\"wp-block-media-text alignwide is-stacked-on-mobile\" style=\"grid-template-columns:32% auto\"><figure class=\"wp-block-media-text__media\"><img data-recalc-dims=\"1\" loading=\"lazy\" decoding=\"async\" width=\"352\" height=\"250\" data-attachment-id=\"1404\" data-permalink=\"https:\/\/elabrevaderojm.com\/en\/nagasaki2_opt\/\" data-orig-file=\"https:\/\/i0.wp.com\/elabrevaderojm.com\/wp-content\/uploads\/2020\/08\/nagasaki2_opt.jpg?fit=352%2C250&amp;ssl=1\" data-orig-size=\"352,250\" data-comments-opened=\"1\" data-image-meta=\"{&quot;aperture&quot;:&quot;0&quot;,&quot;credit&quot;:&quot;&quot;,&quot;camera&quot;:&quot;&quot;,&quot;caption&quot;:&quot;&quot;,&quot;created_timestamp&quot;:&quot;0&quot;,&quot;copyright&quot;:&quot;&quot;,&quot;focal_length&quot;:&quot;0&quot;,&quot;iso&quot;:&quot;0&quot;,&quot;shutter_speed&quot;:&quot;0&quot;,&quot;title&quot;:&quot;&quot;,&quot;orientation&quot;:&quot;0&quot;}\" data-image-title=\"nagasaki2_opt\" data-image-description=\"\" data-image-caption=\"\" data-large-file=\"https:\/\/i0.wp.com\/elabrevaderojm.com\/wp-content\/uploads\/2020\/08\/nagasaki2_opt.jpg?fit=352%2C250&amp;ssl=1\" src=\"https:\/\/i0.wp.com\/elabrevaderojm.com\/wp-content\/uploads\/2020\/08\/nagasaki2_opt.jpg?resize=352%2C250&#038;ssl=1\" alt=\"\" class=\"wp-image-1404 size-full\"\/><\/figure><div class=\"wp-block-media-text__content\">\n<p class=\"has-text-align-justify wp-block-paragraph\" style=\"font-size:23px\">Un joven sobreviviente llora mientras recibe tratamiento en un hospital temporal en Nagasaki. <\/p>\n\n\n\n<p class=\"has-text-align-justify wp-block-paragraph\" style=\"font-size:23px\">(YasuoTomishige\/Asahi Shimbun\/Getty Images)<\/p>\n<\/div><\/div>\n\n\n\n<div class=\"wp-block-media-text alignwide has-media-on-the-right is-stacked-on-mobile\" style=\"grid-template-columns:auto 40%\"><div class=\"wp-block-media-text__content\">\n<p class=\"has-text-align-justify has-medium-font-size wp-block-paragraph\">La nube de hongo el 9 de agosto. La foto fue tomada a unos seis kil\u00f3metros de la escena de la explosi\u00f3n. Seg\u00fan el Museo de la Bomba At\u00f3mica de Nagasaki, el fot\u00f3grafo Hiromichi Matsuda tom\u00f3 esto 15 minutos despu\u00e9s del ataque (Universal History Archive\/Getty Images e Hiromichi Matsuda, cortes\u00eda del Museo de la Bomba At\u00f3mica de Nagasaki).<\/p>\n<\/div><figure class=\"wp-block-media-text__media\"><img data-recalc-dims=\"1\" loading=\"lazy\" decoding=\"async\" width=\"323\" height=\"250\" data-attachment-id=\"1405\" data-permalink=\"https:\/\/elabrevaderojm.com\/en\/nagasaki3_opt\/\" data-orig-file=\"https:\/\/i0.wp.com\/elabrevaderojm.com\/wp-content\/uploads\/2020\/08\/nagasaki3_opt.jpg?fit=323%2C250&amp;ssl=1\" data-orig-size=\"323,250\" data-comments-opened=\"1\" data-image-meta=\"{&quot;aperture&quot;:&quot;0&quot;,&quot;credit&quot;:&quot;&quot;,&quot;camera&quot;:&quot;&quot;,&quot;caption&quot;:&quot;&quot;,&quot;created_timestamp&quot;:&quot;0&quot;,&quot;copyright&quot;:&quot;&quot;,&quot;focal_length&quot;:&quot;0&quot;,&quot;iso&quot;:&quot;0&quot;,&quot;shutter_speed&quot;:&quot;0&quot;,&quot;title&quot;:&quot;&quot;,&quot;orientation&quot;:&quot;0&quot;}\" data-image-title=\"nagasaki3_opt\" data-image-description=\"\" data-image-caption=\"\" data-large-file=\"https:\/\/i0.wp.com\/elabrevaderojm.com\/wp-content\/uploads\/2020\/08\/nagasaki3_opt.jpg?fit=323%2C250&amp;ssl=1\" src=\"https:\/\/i0.wp.com\/elabrevaderojm.com\/wp-content\/uploads\/2020\/08\/nagasaki3_opt.jpg?resize=323%2C250&#038;ssl=1\" alt=\"\" class=\"wp-image-1405 size-full\"\/><\/figure><\/div>\n\n\n\n<div class=\"wp-block-media-text alignwide is-stacked-on-mobile\" style=\"grid-template-columns:35% auto\"><figure class=\"wp-block-media-text__media\"><img data-recalc-dims=\"1\" loading=\"lazy\" decoding=\"async\" width=\"374\" height=\"250\" data-attachment-id=\"1407\" data-permalink=\"https:\/\/elabrevaderojm.com\/en\/nagasaki4_opt\/\" data-orig-file=\"https:\/\/i0.wp.com\/elabrevaderojm.com\/wp-content\/uploads\/2020\/08\/nagasaki4_opt.jpg?fit=374%2C250&amp;ssl=1\" data-orig-size=\"374,250\" data-comments-opened=\"1\" data-image-meta=\"{&quot;aperture&quot;:&quot;0&quot;,&quot;credit&quot;:&quot;&quot;,&quot;camera&quot;:&quot;&quot;,&quot;caption&quot;:&quot;&quot;,&quot;created_timestamp&quot;:&quot;0&quot;,&quot;copyright&quot;:&quot;&quot;,&quot;focal_length&quot;:&quot;0&quot;,&quot;iso&quot;:&quot;0&quot;,&quot;shutter_speed&quot;:&quot;0&quot;,&quot;title&quot;:&quot;&quot;,&quot;orientation&quot;:&quot;0&quot;}\" data-image-title=\"nagasaki4_opt\" data-image-description=\"\" data-image-caption=\"\" data-large-file=\"https:\/\/i0.wp.com\/elabrevaderojm.com\/wp-content\/uploads\/2020\/08\/nagasaki4_opt.jpg?fit=374%2C250&amp;ssl=1\" src=\"https:\/\/i0.wp.com\/elabrevaderojm.com\/wp-content\/uploads\/2020\/08\/nagasaki4_opt.jpg?resize=374%2C250&#038;ssl=1\" alt=\"\" class=\"wp-image-1407 size-full\"\/><\/figure><div class=\"wp-block-media-text__content\">\n<p class=\"has-text-align-justify wp-block-paragraph\" style=\"font-size:28px\">Los troncos de los \u00e1rboles en octubre de 1945 que hab\u00edan sido derribados por la explosi\u00f3n en Nagasaki (Shigeo Hayashi).<\/p>\n<\/div><\/div>\n\n\n\n<div class=\"wp-block-media-text alignwide has-media-on-the-right is-stacked-on-mobile\" style=\"grid-template-columns:auto 47%\"><div class=\"wp-block-media-text__content\">\n<p class=\"has-text-align-justify wp-block-paragraph\">Alrededor de las 2:00 p.m. del 10 de agosto. La bomba explot\u00f3 aproximadamente a un tercio de milla por encima de esta ubicaci\u00f3n, la <strong>intersecci\u00f3n<\/strong> <strong>Matsuyama-machi<\/strong>. Los restos de una escuela privada est\u00e1n en la parte trasera a la derecha. La chimenea, trasera central, era parte de la <em>Mitsubishi Nagasaki Steel Works<\/em> (Yosuke Yamahata, cortes\u00eda Shogo Yamahata).<\/p>\n<\/div><figure class=\"wp-block-media-text__media\"><img data-recalc-dims=\"1\" loading=\"lazy\" decoding=\"async\" width=\"374\" height=\"250\" data-attachment-id=\"1410\" data-permalink=\"https:\/\/elabrevaderojm.com\/en\/nagasaki5_opt\/\" data-orig-file=\"https:\/\/i0.wp.com\/elabrevaderojm.com\/wp-content\/uploads\/2020\/08\/nagasaki5_opt.jpg?fit=374%2C250&amp;ssl=1\" data-orig-size=\"374,250\" data-comments-opened=\"1\" data-image-meta=\"{&quot;aperture&quot;:&quot;0&quot;,&quot;credit&quot;:&quot;&quot;,&quot;camera&quot;:&quot;&quot;,&quot;caption&quot;:&quot;&quot;,&quot;created_timestamp&quot;:&quot;0&quot;,&quot;copyright&quot;:&quot;&quot;,&quot;focal_length&quot;:&quot;0&quot;,&quot;iso&quot;:&quot;0&quot;,&quot;shutter_speed&quot;:&quot;0&quot;,&quot;title&quot;:&quot;&quot;,&quot;orientation&quot;:&quot;0&quot;}\" data-image-title=\"nagasaki5_opt\" data-image-description=\"\" data-image-caption=\"\" data-large-file=\"https:\/\/i0.wp.com\/elabrevaderojm.com\/wp-content\/uploads\/2020\/08\/nagasaki5_opt.jpg?fit=374%2C250&amp;ssl=1\" src=\"https:\/\/i0.wp.com\/elabrevaderojm.com\/wp-content\/uploads\/2020\/08\/nagasaki5_opt.jpg?resize=374%2C250&#038;ssl=1\" alt=\"\" class=\"wp-image-1410 size-full\"\/><\/figure><\/div>\n\n\n\n<div class=\"wp-block-media-text alignwide is-stacked-on-mobile\" style=\"grid-template-columns:40% auto\"><figure class=\"wp-block-media-text__media\"><img data-recalc-dims=\"1\" loading=\"lazy\" decoding=\"async\" width=\"374\" height=\"250\" data-attachment-id=\"1412\" data-permalink=\"https:\/\/elabrevaderojm.com\/en\/nagasaki6_opt\/\" data-orig-file=\"https:\/\/i0.wp.com\/elabrevaderojm.com\/wp-content\/uploads\/2020\/08\/nagasaki6_opt.jpg?fit=374%2C250&amp;ssl=1\" data-orig-size=\"374,250\" data-comments-opened=\"1\" data-image-meta=\"{&quot;aperture&quot;:&quot;0&quot;,&quot;credit&quot;:&quot;&quot;,&quot;camera&quot;:&quot;&quot;,&quot;caption&quot;:&quot;&quot;,&quot;created_timestamp&quot;:&quot;0&quot;,&quot;copyright&quot;:&quot;&quot;,&quot;focal_length&quot;:&quot;0&quot;,&quot;iso&quot;:&quot;0&quot;,&quot;shutter_speed&quot;:&quot;0&quot;,&quot;title&quot;:&quot;&quot;,&quot;orientation&quot;:&quot;0&quot;}\" data-image-title=\"nagasaki6_opt\" data-image-description=\"\" data-image-caption=\"\" data-large-file=\"https:\/\/i0.wp.com\/elabrevaderojm.com\/wp-content\/uploads\/2020\/08\/nagasaki6_opt.jpg?fit=374%2C250&amp;ssl=1\" src=\"https:\/\/i0.wp.com\/elabrevaderojm.com\/wp-content\/uploads\/2020\/08\/nagasaki6_opt.jpg?resize=374%2C250&#038;ssl=1\" alt=\"\" class=\"wp-image-1412 size-full\"\/><\/figure><div class=\"wp-block-media-text__content\">\n<p class=\"has-text-align-justify wp-block-paragraph\" style=\"font-size:26px\">Huesos esparcidos en septiembre de 1945 en un patio de recreo de la escuela, a menos de una milla de la zona cero (Teiji Nihei).<\/p>\n<\/div><\/div>\n\n\n\n<div class=\"wp-block-media-text alignwide has-media-on-the-right is-stacked-on-mobile\" style=\"grid-template-columns:auto 29%\"><div class=\"wp-block-media-text__content\">\n<p class=\"has-text-align-justify wp-block-paragraph\" style=\"font-size:28px\">Un caballo muerto y una carreta al sur de la zona cero de Nagasaki, al d\u00eda siguiente del bombardeo (Yosuke Yamahata, cortes\u00eda Shogo Yamahata).<\/p>\n<\/div><figure class=\"wp-block-media-text__media\"><img data-recalc-dims=\"1\" loading=\"lazy\" decoding=\"async\" width=\"188\" height=\"250\" data-attachment-id=\"1414\" data-permalink=\"https:\/\/elabrevaderojm.com\/en\/nagasaki7_opt\/\" data-orig-file=\"https:\/\/i0.wp.com\/elabrevaderojm.com\/wp-content\/uploads\/2020\/08\/nagasaki7_opt.jpg?fit=188%2C250&amp;ssl=1\" data-orig-size=\"188,250\" data-comments-opened=\"1\" data-image-meta=\"{&quot;aperture&quot;:&quot;0&quot;,&quot;credit&quot;:&quot;&quot;,&quot;camera&quot;:&quot;&quot;,&quot;caption&quot;:&quot;&quot;,&quot;created_timestamp&quot;:&quot;0&quot;,&quot;copyright&quot;:&quot;&quot;,&quot;focal_length&quot;:&quot;0&quot;,&quot;iso&quot;:&quot;0&quot;,&quot;shutter_speed&quot;:&quot;0&quot;,&quot;title&quot;:&quot;&quot;,&quot;orientation&quot;:&quot;0&quot;}\" data-image-title=\"nagasaki7_opt\" data-image-description=\"\" data-image-caption=\"\" data-large-file=\"https:\/\/i0.wp.com\/elabrevaderojm.com\/wp-content\/uploads\/2020\/08\/nagasaki7_opt.jpg?fit=188%2C250&amp;ssl=1\" src=\"https:\/\/i0.wp.com\/elabrevaderojm.com\/wp-content\/uploads\/2020\/08\/nagasaki7_opt.jpg?resize=188%2C250&#038;ssl=1\" alt=\"\" class=\"wp-image-1414 size-full\"\/><\/figure><\/div>\n\n\n\n<div class=\"wp-block-media-text alignwide is-stacked-on-mobile\" style=\"grid-template-columns:36% auto\"><figure class=\"wp-block-media-text__media\"><img data-recalc-dims=\"1\" loading=\"lazy\" decoding=\"async\" width=\"375\" height=\"250\" data-attachment-id=\"1416\" data-permalink=\"https:\/\/elabrevaderojm.com\/en\/nagasaki8-2_opt\/\" data-orig-file=\"https:\/\/i0.wp.com\/elabrevaderojm.com\/wp-content\/uploads\/2020\/08\/nagasaki8-2_opt.jpg?fit=375%2C250&amp;ssl=1\" data-orig-size=\"375,250\" data-comments-opened=\"1\" data-image-meta=\"{&quot;aperture&quot;:&quot;0&quot;,&quot;credit&quot;:&quot;&quot;,&quot;camera&quot;:&quot;&quot;,&quot;caption&quot;:&quot;&quot;,&quot;created_timestamp&quot;:&quot;0&quot;,&quot;copyright&quot;:&quot;&quot;,&quot;focal_length&quot;:&quot;0&quot;,&quot;iso&quot;:&quot;0&quot;,&quot;shutter_speed&quot;:&quot;0&quot;,&quot;title&quot;:&quot;&quot;,&quot;orientation&quot;:&quot;0&quot;}\" data-image-title=\"nagasaki8-2_opt\" data-image-description=\"\" data-image-caption=\"\" data-large-file=\"https:\/\/i0.wp.com\/elabrevaderojm.com\/wp-content\/uploads\/2020\/08\/nagasaki8-2_opt.jpg?fit=375%2C250&amp;ssl=1\" src=\"https:\/\/i0.wp.com\/elabrevaderojm.com\/wp-content\/uploads\/2020\/08\/nagasaki8-2_opt.jpg?resize=375%2C250&#038;ssl=1\" alt=\"\" class=\"wp-image-1416 size-full\"\/><\/figure><div class=\"wp-block-media-text__content\">\n<p class=\"has-text-align-justify wp-block-paragraph\" style=\"font-size:24px\">Huesos y cenizas quedaron despu\u00e9s del bombardeo, que mat\u00f3 hasta 80.000 personas (Im\u00e1genes de Eiichi Matsumoto \/ Asahi Shimbun\/Getty Images).<\/p>\n<\/div><\/div>\n\n\n\n<div class=\"wp-block-media-text alignwide has-media-on-the-right is-stacked-on-mobile\" style=\"grid-template-columns:auto 18%\"><div class=\"wp-block-media-text__content\">\n<p class=\"has-text-align-justify wp-block-paragraph\" style=\"font-size:26px\">Un hombre que busca un m\u00e9dico para tratar a su beb\u00e9 herido el d\u00eda despu\u00e9s del bombardeo (Yosuke Yamahata, cortes\u00eda Shogo Yamahata).<\/p>\n<\/div><figure class=\"wp-block-media-text__media\"><img data-recalc-dims=\"1\" loading=\"lazy\" decoding=\"async\" width=\"188\" height=\"250\" data-attachment-id=\"1418\" data-permalink=\"https:\/\/elabrevaderojm.com\/en\/nagasaki8_opt\/\" data-orig-file=\"https:\/\/i0.wp.com\/elabrevaderojm.com\/wp-content\/uploads\/2020\/08\/nagasaki8_opt.jpg?fit=188%2C250&amp;ssl=1\" data-orig-size=\"188,250\" data-comments-opened=\"1\" data-image-meta=\"{&quot;aperture&quot;:&quot;0&quot;,&quot;credit&quot;:&quot;&quot;,&quot;camera&quot;:&quot;&quot;,&quot;caption&quot;:&quot;&quot;,&quot;created_timestamp&quot;:&quot;0&quot;,&quot;copyright&quot;:&quot;&quot;,&quot;focal_length&quot;:&quot;0&quot;,&quot;iso&quot;:&quot;0&quot;,&quot;shutter_speed&quot;:&quot;0&quot;,&quot;title&quot;:&quot;&quot;,&quot;orientation&quot;:&quot;0&quot;}\" data-image-title=\"nagasaki8_opt\" data-image-description=\"\" data-image-caption=\"\" data-large-file=\"https:\/\/i0.wp.com\/elabrevaderojm.com\/wp-content\/uploads\/2020\/08\/nagasaki8_opt.jpg?fit=188%2C250&amp;ssl=1\" src=\"https:\/\/i0.wp.com\/elabrevaderojm.com\/wp-content\/uploads\/2020\/08\/nagasaki8_opt.jpg?resize=188%2C250&#038;ssl=1\" alt=\"\" class=\"wp-image-1418 size-full\"\/><\/figure><\/div>\n\n\n\n<div class=\"wp-block-media-text alignwide is-stacked-on-mobile\" style=\"grid-template-columns:18% auto\"><figure class=\"wp-block-media-text__media\"><img data-recalc-dims=\"1\" loading=\"lazy\" decoding=\"async\" width=\"166\" height=\"250\" data-attachment-id=\"1420\" data-permalink=\"https:\/\/elabrevaderojm.com\/en\/nagasaki9-2_opt\/\" data-orig-file=\"https:\/\/i0.wp.com\/elabrevaderojm.com\/wp-content\/uploads\/2020\/08\/nagasaki9-2_opt.jpg?fit=166%2C250&amp;ssl=1\" data-orig-size=\"166,250\" data-comments-opened=\"1\" data-image-meta=\"{&quot;aperture&quot;:&quot;0&quot;,&quot;credit&quot;:&quot;&quot;,&quot;camera&quot;:&quot;&quot;,&quot;caption&quot;:&quot;&quot;,&quot;created_timestamp&quot;:&quot;0&quot;,&quot;copyright&quot;:&quot;&quot;,&quot;focal_length&quot;:&quot;0&quot;,&quot;iso&quot;:&quot;0&quot;,&quot;shutter_speed&quot;:&quot;0&quot;,&quot;title&quot;:&quot;&quot;,&quot;orientation&quot;:&quot;0&quot;}\" data-image-title=\"nagasaki9-2_opt\" data-image-description=\"\" data-image-caption=\"\" data-large-file=\"https:\/\/i0.wp.com\/elabrevaderojm.com\/wp-content\/uploads\/2020\/08\/nagasaki9-2_opt.jpg?fit=166%2C250&amp;ssl=1\" src=\"https:\/\/i0.wp.com\/elabrevaderojm.com\/wp-content\/uploads\/2020\/08\/nagasaki9-2_opt.jpg?resize=166%2C250&#038;ssl=1\" alt=\"\" class=\"wp-image-1420 size-full\"\/><\/figure><div class=\"wp-block-media-text__content\">\n<p class=\"wp-block-paragraph\" style=\"font-size:28px\">Una mujer y un ni\u00f1o caminan por la ciudad el d\u00eda del bombardeo (STR\/Associated Press).<\/p>\n<\/div><\/div>\n\n\n\n<div class=\"wp-block-jetpack-tiled-gallery aligncenter is-style-rectangular\"><div class=\"\"><div class=\"tiled-gallery__gallery\"><div class=\"tiled-gallery__row\"><div class=\"tiled-gallery__col\" style=\"flex-basis:52.47871%\"><figure class=\"tiled-gallery__item\"><img decoding=\"async\" data-attachment-id=\"1430\" data-permalink=\"https:\/\/elabrevaderojm.com\/en\/nagasaki-1200x850-1\/\" data-orig-file=\"https:\/\/i0.wp.com\/elabrevaderojm.com\/wp-content\/uploads\/2020\/08\/nagasaki-1200x850-1.jpg?fit=1200%2C850&amp;ssl=1\" data-orig-size=\"1200,850\" data-comments-opened=\"1\" data-image-meta=\"{&quot;aperture&quot;:&quot;0&quot;,&quot;credit&quot;:&quot;&quot;,&quot;camera&quot;:&quot;&quot;,&quot;caption&quot;:&quot;&quot;,&quot;created_timestamp&quot;:&quot;0&quot;,&quot;copyright&quot;:&quot;&quot;,&quot;focal_length&quot;:&quot;0&quot;,&quot;iso&quot;:&quot;0&quot;,&quot;shutter_speed&quot;:&quot;0&quot;,&quot;title&quot;:&quot;&quot;,&quot;orientation&quot;:&quot;0&quot;}\" data-image-title=\"nagasaki-1200&amp;#215;850-1\" data-image-description=\"\" data-image-caption=\"\" data-large-file=\"https:\/\/i0.wp.com\/elabrevaderojm.com\/wp-content\/uploads\/2020\/08\/nagasaki-1200x850-1.jpg?fit=640%2C453&amp;ssl=1\" role=\"button\" tabindex=\"0\" aria-label=\"Open image 1 of 2 in full-screen\" srcset=\"https:\/\/i0.wp.com\/elabrevaderojm.com\/wp-content\/uploads\/2020\/08\/nagasaki-1200x850-1.jpg?strip=info&#038;w=600&#038;ssl=1 600w,https:\/\/i0.wp.com\/elabrevaderojm.com\/wp-content\/uploads\/2020\/08\/nagasaki-1200x850-1.jpg?strip=info&#038;w=900&#038;ssl=1 900w,https:\/\/i0.wp.com\/elabrevaderojm.com\/wp-content\/uploads\/2020\/08\/nagasaki-1200x850-1.jpg?strip=info&#038;w=1200&#038;ssl=1 1200w\" alt=\"\" data-height=\"850\" data-id=\"1430\" data-link=\"https:\/\/elabrevaderojm.com\/nagasaki-1200x850-1\/\" data-url=\"https:\/\/elabrevaderojm.com\/wp-content\/uploads\/2020\/08\/nagasaki-1200x850-1.jpg\" data-width=\"1200\" src=\"https:\/\/i0.wp.com\/elabrevaderojm.com\/wp-content\/uploads\/2020\/08\/nagasaki-1200x850-1.jpg?ssl=1\" data-amp-layout=\"responsive\" tabindex=\"0\" role=\"button\" aria-label=\"Abrir la imagen 1 de 2 en pantalla completa\"\/><\/figure><\/div><div class=\"tiled-gallery__col\" style=\"flex-basis:47.52129%\"><figure class=\"tiled-gallery__item\"><img decoding=\"async\" data-attachment-id=\"1431\" data-permalink=\"https:\/\/elabrevaderojm.com\/en\/nagasaki10_opt-1\/\" data-orig-file=\"https:\/\/i0.wp.com\/elabrevaderojm.com\/wp-content\/uploads\/2020\/08\/nagasaki10_opt-1.jpg?fit=400%2C313&amp;ssl=1\" data-orig-size=\"400,313\" data-comments-opened=\"1\" data-image-meta=\"{&quot;aperture&quot;:&quot;0&quot;,&quot;credit&quot;:&quot;&quot;,&quot;camera&quot;:&quot;&quot;,&quot;caption&quot;:&quot;&quot;,&quot;created_timestamp&quot;:&quot;0&quot;,&quot;copyright&quot;:&quot;&quot;,&quot;focal_length&quot;:&quot;0&quot;,&quot;iso&quot;:&quot;0&quot;,&quot;shutter_speed&quot;:&quot;0&quot;,&quot;title&quot;:&quot;&quot;,&quot;orientation&quot;:&quot;0&quot;}\" data-image-title=\"nagasaki10_opt-1\" data-image-description=\"\" data-image-caption=\"\" data-large-file=\"https:\/\/i0.wp.com\/elabrevaderojm.com\/wp-content\/uploads\/2020\/08\/nagasaki10_opt-1.jpg?fit=400%2C313&amp;ssl=1\" role=\"button\" tabindex=\"0\" aria-label=\"Open image 2 of 2 in full-screen\" srcset=\"https:\/\/i0.wp.com\/elabrevaderojm.com\/wp-content\/uploads\/2020\/08\/nagasaki10_opt-1.jpg?strip=info&#038;w=400&#038;ssl=1 400w\" alt=\"\" data-height=\"313\" data-id=\"1431\" data-link=\"https:\/\/elabrevaderojm.com\/nagasaki10_opt-1\/\" data-url=\"https:\/\/elabrevaderojm.com\/wp-content\/uploads\/2020\/08\/nagasaki10_opt-1.jpg\" data-width=\"400\" src=\"https:\/\/i0.wp.com\/elabrevaderojm.com\/wp-content\/uploads\/2020\/08\/nagasaki10_opt-1.jpg?ssl=1\" data-amp-layout=\"responsive\" tabindex=\"0\" role=\"button\" aria-label=\"Abrir la imagen 2 de 2 en pantalla completa\"\/><\/figure><\/div><\/div><\/div><\/div><\/div>\n\n\n\n<p class=\"has-text-align-center has-small-font-size wp-block-paragraph\"><strong>Nagasaki, como se ve\u00eda despu\u00e9s del bombardeo at\u00f3mico del 9 de agosto. (Foto de Roger Viollet a trav\u00e9s de Getty Images)<\/strong><\/p>\n\n\n\n<div class=\"wp-block-media-text alignwide has-media-on-the-right is-stacked-on-mobile\" style=\"grid-template-columns:auto 24%\"><div class=\"wp-block-media-text__content\">\n<p class=\"has-text-align-justify wp-block-paragraph\" style=\"font-size:30px\">Una densa columna de humo se eleva m\u00e1s de 60.000 pies en el aire sobre Nagasaki (Cortes\u00eda de los Archivos Nacionales \/ Periodistas),<\/p>\n<\/div><figure class=\"wp-block-media-text__media\"><img data-recalc-dims=\"1\" loading=\"lazy\" decoding=\"async\" width=\"400\" height=\"535\" data-attachment-id=\"1424\" data-permalink=\"https:\/\/elabrevaderojm.com\/en\/nagasaki11_opt\/\" data-orig-file=\"https:\/\/i0.wp.com\/elabrevaderojm.com\/wp-content\/uploads\/2020\/08\/nagasaki11_opt.jpg?fit=400%2C535&amp;ssl=1\" data-orig-size=\"400,535\" data-comments-opened=\"1\" data-image-meta=\"{&quot;aperture&quot;:&quot;0&quot;,&quot;credit&quot;:&quot;&quot;,&quot;camera&quot;:&quot;&quot;,&quot;caption&quot;:&quot;&quot;,&quot;created_timestamp&quot;:&quot;0&quot;,&quot;copyright&quot;:&quot;&quot;,&quot;focal_length&quot;:&quot;0&quot;,&quot;iso&quot;:&quot;0&quot;,&quot;shutter_speed&quot;:&quot;0&quot;,&quot;title&quot;:&quot;&quot;,&quot;orientation&quot;:&quot;0&quot;}\" data-image-title=\"nagasaki11_opt\" data-image-description=\"\" data-image-caption=\"\" data-large-file=\"https:\/\/i0.wp.com\/elabrevaderojm.com\/wp-content\/uploads\/2020\/08\/nagasaki11_opt.jpg?fit=400%2C535&amp;ssl=1\" src=\"https:\/\/i0.wp.com\/elabrevaderojm.com\/wp-content\/uploads\/2020\/08\/nagasaki11_opt.jpg?resize=400%2C535&#038;ssl=1\" alt=\"\" class=\"wp-image-1424 size-full\"\/><\/figure><\/div>\n\n\n\n<div class=\"wp-block-media-text alignwide is-stacked-on-mobile\" style=\"grid-template-columns:32% auto\"><figure class=\"wp-block-media-text__media\"><img data-recalc-dims=\"1\" loading=\"lazy\" decoding=\"async\" width=\"400\" height=\"323\" data-attachment-id=\"1426\" data-permalink=\"https:\/\/elabrevaderojm.com\/en\/nagasaki12_opt\/\" data-orig-file=\"https:\/\/i0.wp.com\/elabrevaderojm.com\/wp-content\/uploads\/2020\/08\/nagasaki12_opt.jpg?fit=400%2C323&amp;ssl=1\" data-orig-size=\"400,323\" data-comments-opened=\"1\" data-image-meta=\"{&quot;aperture&quot;:&quot;0&quot;,&quot;credit&quot;:&quot;&quot;,&quot;camera&quot;:&quot;&quot;,&quot;caption&quot;:&quot;&quot;,&quot;created_timestamp&quot;:&quot;0&quot;,&quot;copyright&quot;:&quot;&quot;,&quot;focal_length&quot;:&quot;0&quot;,&quot;iso&quot;:&quot;0&quot;,&quot;shutter_speed&quot;:&quot;0&quot;,&quot;title&quot;:&quot;&quot;,&quot;orientation&quot;:&quot;0&quot;}\" data-image-title=\"nagasaki12_opt\" data-image-description=\"\" data-image-caption=\"\" data-large-file=\"https:\/\/i0.wp.com\/elabrevaderojm.com\/wp-content\/uploads\/2020\/08\/nagasaki12_opt.jpg?fit=400%2C323&amp;ssl=1\" src=\"https:\/\/i0.wp.com\/elabrevaderojm.com\/wp-content\/uploads\/2020\/08\/nagasaki12_opt.jpg?resize=400%2C323&#038;ssl=1\" alt=\"\" class=\"wp-image-1426 size-full\"\/><\/figure><div class=\"wp-block-media-text__content\">\n<p class=\"has-text-align-justify wp-block-paragraph\" style=\"font-size:26px\">Las ruinas de un templo en Nagasaki despu\u00e9s del bombardeo at\u00f3mico (Foto por Universal History Archive \/ Universal Images Group v\u00eda Getty Images).<\/p>\n<\/div><\/div>\n\n\n\n<div class=\"wp-block-media-text alignwide has-media-on-the-right is-stacked-on-mobile\" style=\"grid-template-columns:auto 38%\"><div class=\"wp-block-media-text__content\">\n<p class=\"has-text-align-justify wp-block-paragraph\" style=\"font-size:26px\">Una familia que crema a sus muertos en Nagasaki en septiembre de 1945 (Eiichi Matsumoto).<\/p>\n<\/div><figure class=\"wp-block-media-text__media\"><img data-recalc-dims=\"1\" loading=\"lazy\" decoding=\"async\" width=\"400\" height=\"267\" data-attachment-id=\"1427\" data-permalink=\"https:\/\/elabrevaderojm.com\/en\/nagasaki13_opt\/\" data-orig-file=\"https:\/\/i0.wp.com\/elabrevaderojm.com\/wp-content\/uploads\/2020\/08\/nagasaki13_opt.jpg?fit=400%2C267&amp;ssl=1\" data-orig-size=\"400,267\" data-comments-opened=\"1\" data-image-meta=\"{&quot;aperture&quot;:&quot;0&quot;,&quot;credit&quot;:&quot;&quot;,&quot;camera&quot;:&quot;&quot;,&quot;caption&quot;:&quot;&quot;,&quot;created_timestamp&quot;:&quot;0&quot;,&quot;copyright&quot;:&quot;&quot;,&quot;focal_length&quot;:&quot;0&quot;,&quot;iso&quot;:&quot;0&quot;,&quot;shutter_speed&quot;:&quot;0&quot;,&quot;title&quot;:&quot;&quot;,&quot;orientation&quot;:&quot;0&quot;}\" data-image-title=\"nagasaki13_opt\" data-image-description=\"\" data-image-caption=\"\" data-large-file=\"https:\/\/i0.wp.com\/elabrevaderojm.com\/wp-content\/uploads\/2020\/08\/nagasaki13_opt.jpg?fit=400%2C267&amp;ssl=1\" src=\"https:\/\/i0.wp.com\/elabrevaderojm.com\/wp-content\/uploads\/2020\/08\/nagasaki13_opt.jpg?resize=400%2C267&#038;ssl=1\" alt=\"\" class=\"wp-image-1427 size-full\"\/><\/figure><\/div>\n\n\n\n<div class=\"wp-block-media-text alignwide is-stacked-on-mobile\" style=\"grid-template-columns:41% auto\"><figure class=\"wp-block-media-text__media\"><img data-recalc-dims=\"1\" loading=\"lazy\" decoding=\"async\" width=\"526\" height=\"637\" data-attachment-id=\"1434\" data-permalink=\"https:\/\/elabrevaderojm.com\/en\/nagasaki-nino\/\" data-orig-file=\"https:\/\/i0.wp.com\/elabrevaderojm.com\/wp-content\/uploads\/2020\/08\/nagasaki-nino.jpg?fit=526%2C637&amp;ssl=1\" data-orig-size=\"526,637\" data-comments-opened=\"1\" data-image-meta=\"{&quot;aperture&quot;:&quot;0&quot;,&quot;credit&quot;:&quot;jose \\u00e1ngel&quot;,&quot;camera&quot;:&quot;&quot;,&quot;caption&quot;:&quot;&quot;,&quot;created_timestamp&quot;:&quot;1355341632&quot;,&quot;copyright&quot;:&quot;&quot;,&quot;focal_length&quot;:&quot;0&quot;,&quot;iso&quot;:&quot;0&quot;,&quot;shutter_speed&quot;:&quot;0&quot;,&quot;title&quot;:&quot;&quot;,&quot;orientation&quot;:&quot;1&quot;}\" data-image-title=\"nagasaki-nino\" data-image-description=\"\" data-image-caption=\"\" data-large-file=\"https:\/\/i0.wp.com\/elabrevaderojm.com\/wp-content\/uploads\/2020\/08\/nagasaki-nino.jpg?fit=526%2C637&amp;ssl=1\" src=\"https:\/\/i0.wp.com\/elabrevaderojm.com\/wp-content\/uploads\/2020\/08\/nagasaki-nino.jpg?resize=526%2C637&#038;ssl=1\" alt=\"\" class=\"wp-image-1434 size-full\"\/><\/figure><div class=\"wp-block-media-text__content\">\n<p class=\"has-text-align-justify wp-block-paragraph\" style=\"font-size:15px\">Seg\u00fan el autor de esta instant\u00e1nea,<strong>&nbsp;Joe O\u2019Donnell<\/strong>, un reportero estadounidense que tom\u00f3 miles de fotograf\u00edas durante esos complejos d\u00edas, este muchacho llevaba a su peque\u00f1o hermanito a la cremaci\u00f3n. Su postura erguida, denotando una actitud marcial, as\u00ed como su serenidad, impactaron a O\u2019Donnell, quien luego revel\u00f3 sus sensaciones respecto a la imagen: \u00abVi a un ni\u00f1o de unos diez a\u00f1os caminando. Llevaba un beb\u00e9 en la espalda. En aquellos d\u00edas en Jap\u00f3n, a menudo vimos a ni\u00f1os jugando con sus hermanitos o hermanas en sus espaldas, pero este chico era claramente diferente. Pude ver que hab\u00eda venido a este lugar por una raz\u00f3n seria. No llevaba zapatos. Ten\u00eda la expresi\u00f3n dura&nbsp;(\u2026) La peque\u00f1a cabeza del beb\u00e9 estaba inclinada hacia atr\u00e1s como si estuviera profundamente dormido. El muchacho permaneci\u00f3 all\u00ed durante cinco o diez minutos\u00bb. <\/p>\n<\/div><\/div>\n\n\n\n<p class=\"has-text-align-justify wp-block-paragraph\" style=\"font-size:15px\">\u00abLos hombres con m\u00e1scaras blancas&nbsp;se acercaron a \u00e9l y silenciosamente empezaron a quitarle la cuerda que sosten\u00eda al beb\u00e9. Fue entonces cuando vi que el beb\u00e9 ya estaba muerto. Los hombres sujetaron el cuerpo por las manos y los pies y lo colocaron sobre el fuego. El muchacho se qued\u00f3 all\u00ed sin moverse, observando las llamas. Se mord\u00eda el labio inferior con tanta fuerza que brillaba con sangre. En ese momento, el ni\u00f1o se dio la vuelta y se fue caminando en completo silencio, acto que sorprendi\u00f3 a todos los presentes\u00bb.<\/p>\n\n\n\n<div class=\"wp-block-media-text alignwide has-media-on-the-right is-stacked-on-mobile\"><div class=\"wp-block-media-text__content\">\n<p class=\"has-text-align-justify wp-block-paragraph\" style=\"font-size:24px\">Una fotograf\u00eda de las lesiones de espalda de <a href=\"https:\/\/es.wikipedia.org\/wiki\/Sumiteru_Taniguchi\">Sumiteru Taniguchi<\/a> tomadas en enero de 1946 por un fot\u00f3grafo de la Marina de los EE. UU.<\/p>\n<\/div><figure class=\"wp-block-media-text__media\"><img data-recalc-dims=\"1\" loading=\"lazy\" decoding=\"async\" width=\"400\" height=\"232\" data-attachment-id=\"1437\" data-permalink=\"https:\/\/elabrevaderojm.com\/en\/sumiteru_taniguchi_back_opt\/\" data-orig-file=\"https:\/\/i0.wp.com\/elabrevaderojm.com\/wp-content\/uploads\/2020\/08\/sumiteru_taniguchi_back_opt.jpg?fit=400%2C232&amp;ssl=1\" data-orig-size=\"400,232\" data-comments-opened=\"1\" data-image-meta=\"{&quot;aperture&quot;:&quot;0&quot;,&quot;credit&quot;:&quot;&quot;,&quot;camera&quot;:&quot;&quot;,&quot;caption&quot;:&quot;&quot;,&quot;created_timestamp&quot;:&quot;0&quot;,&quot;copyright&quot;:&quot;&quot;,&quot;focal_length&quot;:&quot;0&quot;,&quot;iso&quot;:&quot;0&quot;,&quot;shutter_speed&quot;:&quot;0&quot;,&quot;title&quot;:&quot;&quot;,&quot;orientation&quot;:&quot;1&quot;}\" data-image-title=\"sumiteru_taniguchi_back_opt\" data-image-description=\"\" data-image-caption=\"\" data-large-file=\"https:\/\/i0.wp.com\/elabrevaderojm.com\/wp-content\/uploads\/2020\/08\/sumiteru_taniguchi_back_opt.jpg?fit=400%2C232&amp;ssl=1\" src=\"https:\/\/i0.wp.com\/elabrevaderojm.com\/wp-content\/uploads\/2020\/08\/sumiteru_taniguchi_back_opt.jpg?resize=400%2C232&#038;ssl=1\" alt=\"\" class=\"wp-image-1437 size-full\"\/><\/figure><\/div>\n\n\n\n<h2 class=\"wp-block-heading has-text-align-center\">El testimonio animado de una sobreviviente de la bomba de Hiroshima<\/h2>\n\n\n\n<p class=\"has-text-align-justify wp-block-paragraph\">El programa&nbsp;<em>Newsround<\/em>&nbsp;de la <a href=\"https:\/\/es.wikipedia.org\/wiki\/BBC\">BBC<\/a> se reuni\u00f3 con Bun Hashizume, <strong>una sobreviviente que ten\u00eda 14 a\u00f1os en aquel momento<\/strong> y recuerda c\u00f3mo fue ese d\u00eda que marc\u00f3 su vida. Ellos publicaron su testimonio, ilustrado con las animaciones que&nbsp;<em>Newsround<\/em>&nbsp;cre\u00f3 para dar vida a las memorias de Hashizume. Sigue el enlace que te dejo abajo o copia y pega en tu buscador: vale la pena ver este animado. <\/p>\n\n\n\n<p class=\"wp-block-paragraph\"><a rel=\"noreferrer noopener\" href=\"https:\/\/www.bbc.com\/mundo\/video_fotos\/2015\/08\/150804_video_animacion_sobreviviente_hiroshima_np.shtml\" target=\"_blank\">https:\/\/www.bbc.com\/mundo\/video_fotos\/2015\/08\/150804_video_animacion_sobreviviente_hiroshima_np.shtml <\/a><\/p>\n\n\n\n<hr class=\"wp-block-separator has-alpha-channel-opacity is-style-wide\"\/>\n\n\n\n<p class=\"has-text-align-justify wp-block-paragraph\">La presentaci\u00f3n de estos \u00e1ngulos de la tragedia contin\u00faa con otra entrega que sigue. <\/p>\n\n\n\n<p class=\"has-text-align-justify wp-block-paragraph\">Si te ha gustado este art\u00edculo, demu\u00e9stralo con un \u00abpulgar arriba\u00bb y un \u00abaplauso\u00bb, y compartiendo el contenido con tus amistades y en tus redes sociales. Si tienes algo que comentar o agregar, o decirme como expositor, por favor hazlo dejando tu comentario.<\/p>\n\n\n\n<p class=\"has-text-align-justify wp-block-paragraph\">Siempre lo mejor para estar al tanto de estas interesantes entregas es suscribirte a mi blog, que trato de surtir con nuevos trabajos siempre que me sea posible.<\/p>\n\n\n\n<p class=\"wp-block-paragraph\">Gracias por leer.<\/p>\n\n\n\n<div class=\"wp-block-comments\">\n\t\t<div id=\"respond\" class=\"comment-respond wp-block-post-comments-form\">\n\t\t\t<h3 id=\"reply-title\" class=\"comment-reply-title\">Leave a Reply<small><a rel=\"nofollow\" id=\"cancel-comment-reply-link\" href=\"\/en\/wp-json\/wp\/v2\/posts\/1341#respond\" style=\"display:none;\">Cancel reply<\/a><\/small><\/h3>\t\t\t<form id=\"commentform\" class=\"comment-form\">\n\t\t\t\t<iframe\n\t\t\t\t\ttitle=\"Comment Form\"\n\t\t\t\t\tsrc=\"https:\/\/jetpack.wordpress.com\/jetpack-comment\/?blogid=153735515&#038;postid=1341&#038;comment_registration=0&#038;require_name_email=0&#038;stc_enabled=1&#038;stb_enabled=1&#038;show_avatars=1&#038;avatar_default=identicon&#038;greeting=Leave+a+Reply&#038;jetpack_comments_nonce=0324a112da&#038;greeting_reply=Leave+a+Reply+to+%25s&#038;color_scheme=light&#038;lang=en_US&#038;jetpack_version=16.2-a.5&#038;iframe_unique_id=1&#038;show_cookie_consent=10&#038;has_cookie_consent=0&#038;is_current_user_subscribed=0&#038;token_key=%3Bnormal%3B&#038;sig=f6c6daf7dd447e2e4efe39ae7c74e61a773faa7c#parent=https%3A%2F%2Felabrevaderojm.com%2Fen%2Fwp-json%2Fwp%2Fv2%2Fposts%2F1341\"\n\t\t\t\t\t\t\t\t\t\t\tname=\"jetpack_remote_comment\"\n\t\t\t\t\t\tstyle=\"width:100%; height: 430px; border:0;\"\n\t\t\t\t\t\t\t\t\t\tclass=\"jetpack_remote_comment\"\n\t\t\t\t\tid=\"jetpack_remote_comment\"\n\t\t\t\t\tsandbox=\"allow-same-origin allow-top-navigation allow-scripts allow-forms allow-popups\"\n\t\t\t\t>\n\t\t\t\t\t\t\t\t\t<\/iframe>\n\t\t\t\t\t\t\t\t\t<!--[if !IE]><!-->\n\t\t\t\t\t<script>\n\t\t\t\t\t\tdocument.addEventListener('DOMContentLoaded', function () {\n\t\t\t\t\t\t\tvar commentForms = document.getElementsByClassName('jetpack_remote_comment');\n\t\t\t\t\t\t\tfor (var i = 0; i < commentForms.length; i++) {\n\t\t\t\t\t\t\t\tcommentForms[i].allowTransparency = false;\n\t\t\t\t\t\t\t\tcommentForms[i].scrolling = 'no';\n\t\t\t\t\t\t\t}\n\t\t\t\t\t\t});\n\t\t\t\t\t<\/script>\n\t\t\t\t\t<!--<![endif]-->\n\t\t\t\t\t\t\t<\/form>\n\t\t<\/div>\n\n\t\t\n\t\t<input type=\"hidden\" name=\"comment_parent\" id=\"comment_parent\" value=\"\" \/>\n\n\t\t<\/div>\n\n\n<div class=\"crowdsignal-vote-wrapper\" data-crowdsignal-vote=\"{&quot;pollId&quot;:&quot;51a75f09-73c1-4762-9b27-a74b9c9c3bb4&quot;,&quot;title&quot;:&quot;Votaci\\u00f3n sin t\\u00edtulo&quot;,&quot;hideBranding&quot;:false,&quot;pollStatus&quot;:&quot;open&quot;,&quot;size&quot;:&quot;medium&quot;,&quot;borderWidth&quot;:1,&quot;borderRadius&quot;:5,&quot;hideResults&quot;:false,&quot;TrpContentRestriction&quot;:{&quot;restriction_type&quot;:&quot;exclude&quot;,&quot;selected_languages&quot;:[],&quot;panel_open&quot;:true},&quot;apiPollData&quot;:{&quot;id&quot;:12533915,&quot;question&quot;:&quot;&quot;,&quot;note&quot;:&quot;&quot;,&quot;settings&quot;:{&quot;title&quot;:&quot;Votaci\\u00f3n sin t\\u00edtulo&quot;,&quot;after_vote&quot;:&quot;results&quot;,&quot;after_message&quot;:&quot;&quot;,&quot;randomize_answers&quot;:false,&quot;restrict_vote_repeat&quot;:false,&quot;captcha&quot;:false,&quot;multiple_choice&quot;:false,&quot;redirect_url&quot;:&quot;&quot;,&quot;close_status&quot;:&quot;open&quot;,&quot;close_after&quot;:false},&quot;answers&quot;:[{&quot;answer_text&quot;:&quot;up&quot;,&quot;id&quot;:56553295,&quot;client_id&quot;:&quot;0eb59224-0021-45a1-97c6-06ec80467ad2&quot;},{&quot;answer_text&quot;:&quot;down&quot;,&quot;id&quot;:56553296,&quot;client_id&quot;:&quot;f1ee6040-dc65-4a46-8424-749817e10574&quot;}],&quot;source_link&quot;:&quot;https:\\\/\\\/elabrevaderojm.com&quot;,&quot;client_id&quot;:&quot;51a75f09-73c1-4762-9b27-a74b9c9c3bb4&quot;}}\">\n<div data-crowdsignal-vote-item=\"{&quot;answerId&quot;:&quot;0eb59224-0021-45a1-97c6-06ec80467ad2&quot;,&quot;type&quot;:&quot;up&quot;,&quot;TrpContentRestriction&quot;:{&quot;restriction_type&quot;:&quot;exclude&quot;,&quot;selected_languages&quot;:[],&quot;panel_open&quot;:true}}\"><\/div>\n\n<div data-crowdsignal-vote-item=\"{&quot;answerId&quot;:&quot;f1ee6040-dc65-4a46-8424-749817e10574&quot;,&quot;type&quot;:&quot;down&quot;,&quot;TrpContentRestriction&quot;:{&quot;restriction_type&quot;:&quot;exclude&quot;,&quot;selected_languages&quot;:[],&quot;panel_open&quot;:true}}\"><\/div>\n<\/div>\n\n<div class=\"crowdsignal-applause-wrapper\" data-crowdsignal-applause=\"{&quot;pollId&quot;:&quot;3a168465-1a0e-4d0b-a979-2ca1a462f7a2&quot;,&quot;title&quot;:&quot;Aplauso sin t\\u00edtulo&quot;,&quot;answerId&quot;:&quot;dd87a268-278b-409c-9403-b55db64ca3db&quot;,&quot;hideBranding&quot;:false,&quot;size&quot;:&quot;medium&quot;,&quot;pollStatus&quot;:&quot;open&quot;,&quot;TrpContentRestriction&quot;:{&quot;restriction_type&quot;:&quot;exclude&quot;,&quot;selected_languages&quot;:[],&quot;panel_open&quot;:true},&quot;apiPollData&quot;:{&quot;id&quot;:12533916,&quot;question&quot;:&quot;&quot;,&quot;note&quot;:&quot;&quot;,&quot;settings&quot;:{&quot;title&quot;:&quot;Aplauso sin t\\u00edtulo&quot;,&quot;after_vote&quot;:&quot;results&quot;,&quot;after_message&quot;:&quot;&quot;,&quot;randomize_answers&quot;:false,&quot;restrict_vote_repeat&quot;:false,&quot;captcha&quot;:false,&quot;multiple_choice&quot;:false,&quot;redirect_url&quot;:&quot;&quot;,&quot;close_status&quot;:&quot;open&quot;,&quot;close_after&quot;:false},&quot;answers&quot;:[{&quot;answer_text&quot;:&quot;clap&quot;,&quot;id&quot;:56553297,&quot;client_id&quot;:&quot;dd87a268-278b-409c-9403-b55db64ca3db&quot;}],&quot;source_link&quot;:&quot;https:\\\/\\\/elabrevaderojm.com&quot;,&quot;client_id&quot;:&quot;3a168465-1a0e-4d0b-a979-2ca1a462f7a2&quot;}}\"><\/div>","protected":false},"excerpt":{"rendered":"<p>Uno de los g\u00e9neros de cine que me gusta es el de cat\u00e1strofe. En los a\u00f1os setenta, por ejemplo, recuerdo decenas de pel\u00edculas estadounidenses y japonesas de este tipo basadas, esencialmente, en&#8230;<\/p>","protected":false},"author":147101633,"featured_media":0,"comment_status":"open","ping_status":"open","sticky":false,"template":"","format":"standard","meta":{"_coblocks_attr":"","_coblocks_dimensions":"","_coblocks_responsive_height":"","_coblocks_accordion_ie_support":"","advanced_seo_description":"","jetpack_seo_html_title":"","jetpack_seo_noindex":false,"jetpack_seo_schema_type":"","_jetpack_newsletter_access":"","_jetpack_dont_email_post_to_subs":false,"_jetpack_newsletter_tier_id":0,"_jetpack_memberships_contains_paywalled_content":false,"_wpcom_ai_launchpad_first_post":false,"_jetpack_feature_clip_id":0,"_jetpack_memberships_contains_paid_content":false,"footnotes":"","jetpack_publicize_message":"{title}\n\n{excerpt}\n\n{url}","jetpack_publicize_feature_enabled":true,"jetpack_social_post_already_shared":false,"jetpack_social_options":{"image_generator_settings":{"template":"highway","default_image_id":0,"font":"","enabled":false},"version":2},"_wpas_customize_per_network":false,"jetpack_post_was_ever_published":false},"categories":[12191453,70015],"tags":[2988,1354786,382149272,1646663,162083266,5090788,823642,49184,17233397,65622,1252,208589,274924,52740,763905321,970996,5423711,2323451],"class_list":["post-1341","post","type-post","status-publish","format-standard","hentry","category-arte-en-la-historia","category-historico","tag-bbc","tag-bomba-atomica","tag-bun-hashizume","tag-carrera-armamentista","tag-castillo-de-hiroshima","tag-destruccion-masiva","tag-epicentro","tag-genocidio","tag-hipocentro","tag-hiroshima","tag-horror","tag-koi","tag-nagasaki","tag-paz","tag-rio-otagawa","tag-santuario","tag-sitio-historico","tag-takasu"],"featured_image_src":null,"author_info":{"display_name":"jmhernandezgonzalez","author_link":"https:\/\/elabrevaderojm.com\/en\/author\/jmhernandezgonzalez\/"},"jetpack_publicize_connections":[],"jetpack_likes_enabled":true,"jetpack_sharing_enabled":true,"jetpack_shortlink":"https:\/\/wp.me\/pap3D5-lD","jetpack-related-posts":[],"jetpack_featured_media_url":"","_links":{"self":[{"href":"https:\/\/elabrevaderojm.com\/en\/wp-json\/wp\/v2\/posts\/1341","targetHints":{"allow":["GET"]}}],"collection":[{"href":"https:\/\/elabrevaderojm.com\/en\/wp-json\/wp\/v2\/posts"}],"about":[{"href":"https:\/\/elabrevaderojm.com\/en\/wp-json\/wp\/v2\/types\/post"}],"author":[{"embeddable":true,"href":"https:\/\/elabrevaderojm.com\/en\/wp-json\/wp\/v2\/users\/147101633"}],"replies":[{"embeddable":true,"href":"https:\/\/elabrevaderojm.com\/en\/wp-json\/wp\/v2\/comments?post=1341"}],"version-history":[{"count":33,"href":"https:\/\/elabrevaderojm.com\/en\/wp-json\/wp\/v2\/posts\/1341\/revisions"}],"predecessor-version":[{"id":22651,"href":"https:\/\/elabrevaderojm.com\/en\/wp-json\/wp\/v2\/posts\/1341\/revisions\/22651"}],"wp:attachment":[{"href":"https:\/\/elabrevaderojm.com\/en\/wp-json\/wp\/v2\/media?parent=1341"}],"wp:term":[{"taxonomy":"category","embeddable":true,"href":"https:\/\/elabrevaderojm.com\/en\/wp-json\/wp\/v2\/categories?post=1341"},{"taxonomy":"post_tag","embeddable":true,"href":"https:\/\/elabrevaderojm.com\/en\/wp-json\/wp\/v2\/tags?post=1341"}],"curies":[{"name":"wp","href":"https:\/\/api.w.org\/{rel}","templated":true}]}}