{"id":16551,"date":"2024-06-11T20:23:25","date_gmt":"2024-06-12T00:23:25","guid":{"rendered":"https:\/\/elabrevaderojm.com\/?p=16551"},"modified":"2025-04-01T22:36:59","modified_gmt":"2025-04-02T02:36:59","slug":"paul-mccartney-elogia-la-version-de-blackbird-hecha-por-beyonce","status":"publish","type":"post","link":"https:\/\/elabrevaderojm.com\/en\/2024\/06\/11\/paul-mccartney-elogia-la-version-de-blackbird-hecha-por-beyonce\/","title":{"rendered":"Paul McCartney elogia la versi\u00f3n de Blackbird hecha por Beyonc\u00e9"},"content":{"rendered":"\n<p class=\"has-drop-cap has-text-align-justify has-dm-sans-font-family has-custom-font wp-block-paragraph\" style=\"font-family:dm-sans\">Este 5 de abril los medios informativos en l\u00ednea estaban llenos con la noticia de que <strong>Beyonc\u00e9 realiz\u00f3 una versi\u00f3n de un \u00e9xito de los Beatles<\/strong>: <em>Blackbird<\/em>. Sobre su complacencia y la de la cantante estadounidense, Paul McCartney public\u00f3 en su cuenta de <em><a href=\"https:\/\/es.wikipedia.org\/wiki\/Instagram\">Instagram<\/a><\/em>:<\/p>\n\n\n<div class=\"wp-block-image\">\n<figure class=\"aligncenter size-large\"><img data-recalc-dims=\"1\" loading=\"lazy\" decoding=\"async\" width=\"640\" height=\"410\" data-attachment-id=\"16553\" data-permalink=\"https:\/\/elabrevaderojm.com\/en\/2024\/06\/11\/paul-mccartney-elogia-la-version-de-blackbird-hecha-por-beyonce\/macca-beyonce-on-instag-1\/\" data-orig-file=\"https:\/\/i0.wp.com\/elabrevaderojm.com\/wp-content\/uploads\/2024\/04\/macca-beyonce-on-instag-1.jpg?fit=703%2C450&amp;ssl=1\" data-orig-size=\"703,450\" data-comments-opened=\"1\" data-image-meta=\"{&quot;aperture&quot;:&quot;0&quot;,&quot;credit&quot;:&quot;&quot;,&quot;camera&quot;:&quot;&quot;,&quot;caption&quot;:&quot;&quot;,&quot;created_timestamp&quot;:&quot;0&quot;,&quot;copyright&quot;:&quot;&quot;,&quot;focal_length&quot;:&quot;0&quot;,&quot;iso&quot;:&quot;0&quot;,&quot;shutter_speed&quot;:&quot;0&quot;,&quot;title&quot;:&quot;&quot;,&quot;orientation&quot;:&quot;1&quot;}\" data-image-title=\"macca-beyonce-on-instag-1\" data-image-description=\"\" data-image-caption=\"\" data-large-file=\"https:\/\/i0.wp.com\/elabrevaderojm.com\/wp-content\/uploads\/2024\/04\/macca-beyonce-on-instag-1.jpg?fit=640%2C410&amp;ssl=1\" src=\"https:\/\/i0.wp.com\/elabrevaderojm.com\/wp-content\/uploads\/2024\/04\/macca-beyonce-on-instag-1.jpg?resize=640%2C410&#038;ssl=1\" alt=\"\" class=\"wp-image-16553\"\/><\/figure>\n<\/div>\n\n\n<p class=\"has-dm-sans-font-family has-custom-font wp-block-paragraph\" style=\"font-family:dm-sans\">El mensaje de Paul dice:<\/p>\n\n\n\n<figure class=\"wp-block-table has-crimson-pro-font-family\"><table class=\"has-background-color has-text-color has-background has-link-color has-fixed-layout\" style=\"background:linear-gradient(135deg,rgb(6,147,227) 63%,rgb(155,81,224) 100%)\"><tbody><tr><td class=\"has-text-align-center\" data-align=\"center\"><strong>Estoy muy contento con la versi\u00f3n de @beyonce de mi canci\u00f3n <em>Blackbird<\/em>. Creo que hace una versi\u00f3n magn\u00edfica y refuerza el mensaje de derechos civiles que me inspir\u00f3 a escribir la canci\u00f3n en primer lugar. Creo que Beyonc\u00e9 ha hecho una versi\u00f3n fabulosa e insto a cualquiera que a\u00fan no la haya escuchado a que la vea.<br>\u00a1Te va a encantar!<br>Habl\u00e9 con ella por <em>FaceTime<\/em> y me agradeci\u00f3 por escribirla y dejarla hacerlo. Le dije que el placer era todo m\u00edo y pens\u00e9 que hab\u00eda hecho una versi\u00f3n genial de la canci\u00f3n. Cuando vi las im\u00e1genes en la televisi\u00f3n a principios de los a\u00f1os 60 de las ni\u00f1as negras siendo rechazadas de la escuela, me pareci\u00f3 impactante y no puedo creer que todav\u00eda en estos d\u00edas haya lugares donde este tipo de cosas est\u00e1n sucediendo en este momento. Cualquier cosa que mi canci\u00f3n y la fabulosa versi\u00f3n de Beyonc\u00e9 puedan hacer para aliviar la tensi\u00f3n racial ser\u00eda algo grandioso y me hace sentir muy orgulloso.<\/strong><\/td><\/tr><\/tbody><\/table><\/figure>\n\n\n\n<p class=\"has-text-align-justify has-dm-sans-font-family has-custom-font wp-block-paragraph\" style=\"font-family:dm-sans\">Transmitir esta noticia en mi blog porque hace referencia al Macca no fue el \u00fanico atractivo que ella tuvo, sino tambi\u00e9n lo curioso de que esta es la segunda vez en corto tiempo que Beyonc\u00e9 \u00abse me aparece\u00bb: estoy trabajando en una serie de publicaciones interconectadas en las que esta cantante sale a relucir con la versi\u00f3n sobre otra canci\u00f3n ic\u00f3nica del mundo del entretenimiento occidental.<\/p>\n\n\n\n<figure class=\"wp-block-table has-literata-font-family\"><table class=\"has-pale-ocean-gradient-background has-background has-fixed-layout\" style=\"border-width:4px\"><tbody><tr><td><strong><mark style=\"background-color:rgba(0, 0, 0, 0);color:#f70404\" class=\"has-inline-color\">RELACIONADO: <\/mark><a href=\"https:\/\/elabrevaderojm.com\/2024\/06\/11\/blackbird-a-proposito-de-la-reaparicion-de-esta-pieza-de-paul-mccartney-i\/\">Blackbird: a prop\u00f3sito de la \u00abreaparici\u00f3n\u00bb de esta pieza de Paul McCartney.<\/a><\/strong><\/td><\/tr><\/tbody><\/table><\/figure>\n\n\n\n<h3 class=\"wp-block-heading has-roboto-slab-font-family has-custom-font\" style=\"font-family:roboto-slab\"><strong>La aprobaci\u00f3n<\/strong><\/h3>\n\n\n\n<p class=\"has-text-align-justify has-dm-sans-font-family has-custom-font wp-block-paragraph\" style=\"font-family:dm-sans\">Los <strong>obst\u00e1culos racistas a los que se ha enfrentado Beyonc\u00e9<\/strong> hacen eco de la raz\u00f3n por la que McCartney escribi\u00f3 su canci\u00f3n en primer lugar, lo cual el cantante confirm\u00f3 en una entrevista con <em><a href=\"https:\/\/es.wikipedia.org\/wiki\/GQ\">GQ<\/a><\/em> en septiembre de 2018:<\/p>\n\n\n\n<figure class=\"wp-block-embed is-type-video is-provider-youtube wp-block-embed-youtube wp-embed-aspect-16-9 wp-has-aspect-ratio\"><div class=\"wp-block-embed__wrapper\">\n<div class=\"jetpack-video-wrapper\"><span class=\"embed-youtube\" style=\"text-align:center; display: block;\"><iframe loading=\"lazy\" class=\"youtube-player\" width=\"640\" height=\"360\" src=\"https:\/\/www.youtube.com\/embed\/u97_inloBmY?version=3&#038;rel=1&#038;showsearch=0&#038;showinfo=1&#038;iv_load_policy=1&#038;fs=1&#038;hl=en-US&#038;autohide=2&#038;wmode=transparent\" allowfullscreen=\"true\" style=\"border:0;\" sandbox=\"allow-scripts allow-same-origin allow-popups allow-presentation allow-popups-to-escape-sandbox\"><\/iframe><\/span><\/div>\n<\/div><figcaption class=\"wp-element-caption\"><strong>Paul habla sobre sus canciones ic\u00f3nicas.<\/strong><\/figcaption><\/figure>\n\n\n\n<p class=\"has-dm-sans-font-family has-custom-font wp-block-paragraph\" style=\"font-family:dm-sans\">Cuando le toca el turno a <em>Blackbird<\/em>, Macca cuenta:<\/p>\n\n\n\n<figure class=\"wp-block-table has-crimson-pro-font-family\"><table class=\"has-background has-fixed-layout\" style=\"background-color:#b6d0fa\"><tbody><tr><td class=\"has-text-align-center\" data-align=\"center\"><strong>Estaba sentado con mi guitarra ac\u00fastica y hab\u00eda o\u00eddo hablar de los problemas de los derechos civiles que estaban ocurriendo en los a\u00f1os \u201860 en <a href=\"https:\/\/es.wikipedia.org\/wiki\/Alabama\">Alabama<\/a>, <a href=\"https:\/\/es.wikipedia.org\/wiki\/Misisipi\">Misisipi<\/a>, <a href=\"https:\/\/es.wikipedia.org\/wiki\/Little_Rock_(Arkansas)\">Little Rock<\/a><em> <\/em>en particular \u2014Paul se refiere a \u00ab<a href=\"https:\/\/es.wikipedia.org\/wiki\/Los_nueve_de_Little_Rock\">los 9 de Little Rock<\/a>\u00bb\u2014. As\u00ed que eso estaba en mi mente, y pens\u00e9: \u00abSer\u00eda realmente bueno si pudiera escribir algo que, si alguna vez llegara a cualquiera de las personas que atraviesan esos problemas, podr\u00eda darles un poco de esperanza\u00bb. As\u00ed que escrib\u00ed <em>Blackbird<\/em>. En <a href=\"https:\/\/es.wikipedia.org\/wiki\/Inglaterra\">Inglaterra<\/a>, un p\u00e1jaro es una ni\u00f1a, as\u00ed que estaba pensando en una ni\u00f1a negra que est\u00e1 pasando por esto: ahora es tu momento de levantarte, lib\u00e9rate, toma estas alas rotas. Una de las cosas buenas de la m\u00fasica es que sabes que mucha gente que te escucha va a tomar en serio lo que dices en la canci\u00f3n. Estoy muy orgulloso del hecho de que la producci\u00f3n de los Beatles es siempre muy, muy positiva.<\/strong><\/td><\/tr><\/tbody><\/table><\/figure>\n\n\n\n<p class=\"has-text-align-justify has-dm-sans-font-family has-custom-font wp-block-paragraph\" style=\"font-family:dm-sans\">Paul ratific\u00f3 este sentimiento inspirador, otra vez, en un concierto en esta ciudad (en abril de 2016), seg\u00fan <a href=\"https:\/\/www.rollingstone.com\/music\/music-news\/paul-mccartney-meets-women-who-inspired-beatles-blackbird-57076\/\" target=\"_blank\" rel=\"noreferrer noopener\"><\/a>inform\u00f3 <a href=\"https:\/\/es.wikipedia.org\/wiki\/Rolling_Stone\">Daniel Kreps<\/a><sup data-fn=\"8965810c-4d72-46d3-b658-ea89f511648b\" class=\"fn\"><a href=\"#8965810c-4d72-46d3-b658-ea89f511648b\" id=\"8965810c-4d72-46d3-b658-ea89f511648b-link\">1<\/a><\/sup> de <em><a href=\"https:\/\/es.wikipedia.org\/wiki\/Rolling_Stone\">Rolling Stone<\/a><\/em> en aquel momento:<\/p>\n\n\n\n<p class=\"has-text-align-justify has-dm-sans-font-family has-custom-font wp-block-paragraph\" style=\"font-family:dm-sans\">\u00abEn los a\u00f1os 60, <strong>hubo muchos problemas con los derechos civiles<\/strong>, particularmente en Little Rock. Ve\u00edamos lo que estaba pasando y simpatiz\u00e1bamos con las personas que pasaban por esos problemas, y eso me hizo querer escribir una canci\u00f3n que, si alguna vez llegaba a las personas que pasaban por esos problemas, podr\u00eda ayudarlos un poco\u00bb.<\/p>\n\n\n\n<figure class=\"wp-block-gallery aligncenter has-nested-images columns-default is-cropped wp-block-gallery-1 is-layout-flex wp-block-gallery-is-layout-flex\">\n<figure class=\"wp-block-image size-large\"><img data-recalc-dims=\"1\" loading=\"lazy\" decoding=\"async\" width=\"200\" height=\"200\" data-attachment-id=\"16630\" data-permalink=\"https:\/\/elabrevaderojm.com\/en\/2024\/06\/11\/paul-mccartney-elogia-la-version-de-blackbird-hecha-por-beyonce\/daniel-k\/\" data-orig-file=\"https:\/\/i0.wp.com\/elabrevaderojm.com\/wp-content\/uploads\/2024\/04\/daniel-k.jpeg?fit=200%2C200&amp;ssl=1\" data-orig-size=\"200,200\" data-comments-opened=\"1\" data-image-meta=\"{&quot;aperture&quot;:&quot;0&quot;,&quot;credit&quot;:&quot;&quot;,&quot;camera&quot;:&quot;&quot;,&quot;caption&quot;:&quot;&quot;,&quot;created_timestamp&quot;:&quot;0&quot;,&quot;copyright&quot;:&quot;&quot;,&quot;focal_length&quot;:&quot;0&quot;,&quot;iso&quot;:&quot;0&quot;,&quot;shutter_speed&quot;:&quot;0&quot;,&quot;title&quot;:&quot;&quot;,&quot;orientation&quot;:&quot;0&quot;}\" data-image-title=\"daniel-k\" data-image-description=\"\" data-image-caption=\"\" data-large-file=\"https:\/\/i0.wp.com\/elabrevaderojm.com\/wp-content\/uploads\/2024\/04\/daniel-k.jpeg?fit=200%2C200&amp;ssl=1\" data-id=\"16630\" src=\"https:\/\/i0.wp.com\/elabrevaderojm.com\/wp-content\/uploads\/2024\/04\/daniel-k.jpeg?resize=200%2C200&#038;ssl=1\" alt=\"\" class=\"wp-image-16630\"\/><\/figure>\n\n\n\n<figure class=\"wp-block-image size-large\"><img data-recalc-dims=\"1\" loading=\"lazy\" decoding=\"async\" width=\"300\" height=\"408\" data-attachment-id=\"16633\" data-permalink=\"https:\/\/elabrevaderojm.com\/en\/2024\/06\/11\/paul-mccartney-elogia-la-version-de-blackbird-hecha-por-beyonce\/rollingstoneusa25-08-2016-b\/\" data-orig-file=\"https:\/\/i0.wp.com\/elabrevaderojm.com\/wp-content\/uploads\/2024\/04\/rollingstoneusa25.08.2016-b.jpg?fit=300%2C408&amp;ssl=1\" data-orig-size=\"300,408\" data-comments-opened=\"1\" data-image-meta=\"{&quot;aperture&quot;:&quot;0&quot;,&quot;credit&quot;:&quot;&quot;,&quot;camera&quot;:&quot;&quot;,&quot;caption&quot;:&quot;&quot;,&quot;created_timestamp&quot;:&quot;0&quot;,&quot;copyright&quot;:&quot;&quot;,&quot;focal_length&quot;:&quot;0&quot;,&quot;iso&quot;:&quot;0&quot;,&quot;shutter_speed&quot;:&quot;0&quot;,&quot;title&quot;:&quot;&quot;,&quot;orientation&quot;:&quot;1&quot;}\" data-image-title=\"rollingstoneusa25.08.2016-b\" data-image-description=\"\" data-image-caption=\"\" data-large-file=\"https:\/\/i0.wp.com\/elabrevaderojm.com\/wp-content\/uploads\/2024\/04\/rollingstoneusa25.08.2016-b.jpg?fit=300%2C408&amp;ssl=1\" data-id=\"16633\" src=\"https:\/\/i0.wp.com\/elabrevaderojm.com\/wp-content\/uploads\/2024\/04\/rollingstoneusa25.08.2016-b.jpg?resize=300%2C408&#038;ssl=1\" alt=\"\" class=\"wp-image-16633\"\/><\/figure>\n<\/figure>\n\n\n\n<p class=\"has-text-align-center has-eb-garamond-font-family has-custom-font wp-block-paragraph\" style=\"font-family:eb-garamond\"><strong>Kreps y el n\u00famero de la revista del 25 de agosto del 2016. <\/strong><\/p>\n\n\n\n<p class=\"has-dm-sans-font-family has-custom-font wp-block-paragraph\" style=\"font-family:dm-sans\">Aqu\u00ed pueden verlo con sus propios ojos (y o\u00edrlo con sus propios o\u00eddos):<\/p>\n\n\n\n<figure class=\"wp-block-embed is-type-video is-provider-youtube wp-block-embed-youtube wp-embed-aspect-16-9 wp-has-aspect-ratio\"><div class=\"wp-block-embed__wrapper\">\n<div class=\"jetpack-video-wrapper\"><span class=\"embed-youtube\" style=\"text-align:center; display: block;\"><iframe loading=\"lazy\" class=\"youtube-player\" width=\"640\" height=\"360\" src=\"https:\/\/www.youtube.com\/embed\/AIx9NPVDSOI?version=3&#038;rel=1&#038;showsearch=0&#038;showinfo=1&#038;iv_load_policy=1&#038;fs=1&#038;hl=en-US&#038;autohide=2&#038;wmode=transparent\" allowfullscreen=\"true\" style=\"border:0;\" sandbox=\"allow-scripts allow-same-origin allow-popups allow-presentation allow-popups-to-escape-sandbox\"><\/iframe><\/span><\/div>\n<\/div><\/figure>\n\n\n\n<p class=\"has-text-align-justify has-dm-sans-font-family has-custom-font wp-block-paragraph\" style=\"font-family:dm-sans\">Esta no es la primera vez que McCartney y otros titulares de derechos <strong>han permitido el uso de <em>Blackbird<\/em> en la grabaci\u00f3n de otro artista<\/strong>. Anteriormente, en 2019, con el permiso de McCartney, Rachel Fuller \u2014una m\u00fasica brit\u00e1nica, artista de m\u00fasica pop, compositora y colaboradora ocasional de su esposo, el roquero <a href=\"https:\/\/es.wikipedia.org\/wiki\/Pete_Townshend\">Pete Townshend<\/a>\u2014 tom\u00f3 la canci\u00f3n original de los Beatles y le agreg\u00f3 acordes tocados por la <a href=\"https:\/\/es.wikipedia.org\/wiki\/Royal_Philharmonic_Orchestra\"><em>Royal Philharmonic Orchestra<\/em><\/a>, conducida por Robert Ziegler, y las voces del <em>Chamber Choir of London<\/em>.<\/p>\n\n\n\n<div class=\"wp-block-jetpack-tiled-gallery aligncenter is-style-columns\"><div class=\"\"><div class=\"tiled-gallery__gallery\"><div class=\"tiled-gallery__row\"><div class=\"tiled-gallery__col\" style=\"flex-basis:24.84077%\"><figure class=\"tiled-gallery__item\"><img decoding=\"async\" data-attachment-id=\"16564\" data-permalink=\"https:\/\/elabrevaderojm.com\/en\/2024\/06\/11\/paul-mccartney-elogia-la-version-de-blackbird-hecha-por-beyonce\/pete-rachel-1\/\" data-orig-file=\"https:\/\/i0.wp.com\/elabrevaderojm.com\/wp-content\/uploads\/2024\/04\/pete-rachel-1.jpg?fit=380%2C365&amp;ssl=1\" data-orig-size=\"380,365\" data-comments-opened=\"1\" data-image-meta=\"{&quot;aperture&quot;:&quot;0&quot;,&quot;credit&quot;:&quot;&quot;,&quot;camera&quot;:&quot;&quot;,&quot;caption&quot;:&quot;&quot;,&quot;created_timestamp&quot;:&quot;0&quot;,&quot;copyright&quot;:&quot;&quot;,&quot;focal_length&quot;:&quot;0&quot;,&quot;iso&quot;:&quot;0&quot;,&quot;shutter_speed&quot;:&quot;0&quot;,&quot;title&quot;:&quot;&quot;,&quot;orientation&quot;:&quot;1&quot;}\" data-image-title=\"pete-rachel-1\" data-image-description=\"\" data-image-caption=\"\" data-large-file=\"https:\/\/i0.wp.com\/elabrevaderojm.com\/wp-content\/uploads\/2024\/04\/pete-rachel-1.jpg?fit=380%2C365&amp;ssl=1\" role=\"button\" tabindex=\"0\" aria-label=\"Open image 1 of 4 in full-screen\" srcset=\"https:\/\/i0.wp.com\/elabrevaderojm.com\/wp-content\/uploads\/2024\/04\/pete-rachel-1.jpg?strip=info&#038;w=380&#038;ssl=1 380w\" alt=\"\" data-height=\"365\" data-id=\"16564\" data-link=\"https:\/\/elabrevaderojm.com\/?attachment_id=16564\" data-url=\"https:\/\/elabrevaderojm.com\/wp-content\/uploads\/2024\/04\/pete-rachel-1.jpg?w=380\" data-width=\"380\" src=\"https:\/\/i0.wp.com\/elabrevaderojm.com\/wp-content\/uploads\/2024\/04\/pete-rachel-1.jpg?ssl=1\" data-amp-layout=\"responsive\" tabindex=\"0\" role=\"button\" aria-label=\"Abrir la imagen 1 de 4 en pantalla completa\"\/><\/figure><\/div><div class=\"tiled-gallery__col\" style=\"flex-basis:31.56115%\"><figure class=\"tiled-gallery__item\"><img decoding=\"async\" data-attachment-id=\"16567\" data-permalink=\"https:\/\/elabrevaderojm.com\/en\/2024\/06\/11\/paul-mccartney-elogia-la-version-de-blackbird-hecha-por-beyonce\/royal-ph-o-1\/\" data-orig-file=\"https:\/\/i0.wp.com\/elabrevaderojm.com\/wp-content\/uploads\/2024\/04\/royal-ph-o-1.jpg?fit=490%2C370&amp;ssl=1\" data-orig-size=\"490,370\" data-comments-opened=\"1\" data-image-meta=\"{&quot;aperture&quot;:&quot;0&quot;,&quot;credit&quot;:&quot;Nick Rutter&quot;,&quot;camera&quot;:&quot;&quot;,&quot;caption&quot;:&quot;&quot;,&quot;created_timestamp&quot;:&quot;1435516511&quot;,&quot;copyright&quot;:&quot;\\u00a9 Nick Rutter&quot;,&quot;focal_length&quot;:&quot;0&quot;,&quot;iso&quot;:&quot;0&quot;,&quot;shutter_speed&quot;:&quot;0&quot;,&quot;title&quot;:&quot;&quot;,&quot;orientation&quot;:&quot;1&quot;}\" data-image-title=\"royal-ph-o-1\" data-image-description=\"\" data-image-caption=\"\" data-large-file=\"https:\/\/i0.wp.com\/elabrevaderojm.com\/wp-content\/uploads\/2024\/04\/royal-ph-o-1.jpg?fit=490%2C370&amp;ssl=1\" role=\"button\" tabindex=\"0\" aria-label=\"Open image 2 of 4 in full-screen\" srcset=\"https:\/\/i0.wp.com\/elabrevaderojm.com\/wp-content\/uploads\/2024\/04\/royal-ph-o-1.jpg?strip=info&#038;w=490&#038;ssl=1 490w\" alt=\"\" data-height=\"370\" data-id=\"16567\" data-link=\"https:\/\/elabrevaderojm.com\/?attachment_id=16567\" data-url=\"https:\/\/elabrevaderojm.com\/wp-content\/uploads\/2024\/04\/royal-ph-o-1.jpg?w=490\" data-width=\"490\" src=\"https:\/\/i0.wp.com\/elabrevaderojm.com\/wp-content\/uploads\/2024\/04\/royal-ph-o-1.jpg?ssl=1\" data-amp-layout=\"responsive\" tabindex=\"0\" role=\"button\" aria-label=\"Abrir la imagen 2 de 4 en pantalla completa\"\/><\/figure><\/div><div class=\"tiled-gallery__col\" style=\"flex-basis:19.73243%\"><figure class=\"tiled-gallery__item\"><img decoding=\"async\" data-attachment-id=\"16976\" data-permalink=\"https:\/\/elabrevaderojm.com\/en\/2024\/06\/11\/paul-mccartney-elogia-la-version-de-blackbird-hecha-por-beyonce\/robert-z-1\/\" data-orig-file=\"https:\/\/i0.wp.com\/elabrevaderojm.com\/wp-content\/uploads\/2024\/04\/robert-z-1.jpg?fit=384%2C465&amp;ssl=1\" data-orig-size=\"384,465\" data-comments-opened=\"1\" data-image-meta=\"{&quot;aperture&quot;:&quot;0&quot;,&quot;credit&quot;:&quot;&quot;,&quot;camera&quot;:&quot;&quot;,&quot;caption&quot;:&quot;&quot;,&quot;created_timestamp&quot;:&quot;0&quot;,&quot;copyright&quot;:&quot;&quot;,&quot;focal_length&quot;:&quot;0&quot;,&quot;iso&quot;:&quot;0&quot;,&quot;shutter_speed&quot;:&quot;0&quot;,&quot;title&quot;:&quot;&quot;,&quot;orientation&quot;:&quot;1&quot;}\" data-image-title=\"robert-z-1\" data-image-description=\"\" data-image-caption=\"\" data-large-file=\"https:\/\/i0.wp.com\/elabrevaderojm.com\/wp-content\/uploads\/2024\/04\/robert-z-1.jpg?fit=384%2C465&amp;ssl=1\" role=\"button\" tabindex=\"0\" aria-label=\"Open image 3 of 4 in full-screen\" srcset=\"https:\/\/i0.wp.com\/elabrevaderojm.com\/wp-content\/uploads\/2024\/04\/robert-z-1.jpg?strip=info&#038;w=384&#038;ssl=1 384w\" alt=\"\" data-height=\"465\" data-id=\"16976\" data-link=\"https:\/\/elabrevaderojm.com\/?attachment_id=16976\" data-url=\"https:\/\/elabrevaderojm.com\/wp-content\/uploads\/2024\/04\/robert-z-1.jpg?w=384\" data-width=\"384\" src=\"https:\/\/i0.wp.com\/elabrevaderojm.com\/wp-content\/uploads\/2024\/04\/robert-z-1.jpg?ssl=1\" data-amp-layout=\"responsive\" tabindex=\"0\" role=\"button\" aria-label=\"Abrir la imagen 3 de 4 en pantalla completa\"\/><\/figure><\/div><div class=\"tiled-gallery__col\" style=\"flex-basis:23.86565%\"><figure class=\"tiled-gallery__item\"><img decoding=\"async\" data-attachment-id=\"16563\" data-permalink=\"https:\/\/elabrevaderojm.com\/en\/2024\/06\/11\/paul-mccartney-elogia-la-version-de-blackbird-hecha-por-beyonce\/chamber-c-of-l\/\" data-orig-file=\"https:\/\/i0.wp.com\/elabrevaderojm.com\/wp-content\/uploads\/2024\/04\/chamber-c-of-l.jpeg?fit=225%2C225&amp;ssl=1\" data-orig-size=\"225,225\" data-comments-opened=\"1\" data-image-meta=\"{&quot;aperture&quot;:&quot;0&quot;,&quot;credit&quot;:&quot;&quot;,&quot;camera&quot;:&quot;&quot;,&quot;caption&quot;:&quot;&quot;,&quot;created_timestamp&quot;:&quot;0&quot;,&quot;copyright&quot;:&quot;&quot;,&quot;focal_length&quot;:&quot;0&quot;,&quot;iso&quot;:&quot;0&quot;,&quot;shutter_speed&quot;:&quot;0&quot;,&quot;title&quot;:&quot;&quot;,&quot;orientation&quot;:&quot;0&quot;}\" data-image-title=\"chamber-c-of-l\" data-image-description=\"\" data-image-caption=\"\" data-large-file=\"https:\/\/i0.wp.com\/elabrevaderojm.com\/wp-content\/uploads\/2024\/04\/chamber-c-of-l.jpeg?fit=225%2C225&amp;ssl=1\" role=\"button\" tabindex=\"0\" aria-label=\"Open image 4 of 4 in full-screen\" srcset=\"https:\/\/i0.wp.com\/elabrevaderojm.com\/wp-content\/uploads\/2024\/04\/chamber-c-of-l.jpeg?strip=info&#038;w=225&#038;ssl=1 225w\" alt=\"\" data-height=\"225\" data-id=\"16563\" data-link=\"https:\/\/elabrevaderojm.com\/?attachment_id=16563\" data-url=\"https:\/\/elabrevaderojm.com\/wp-content\/uploads\/2024\/04\/chamber-c-of-l.jpeg?w=225\" data-width=\"225\" src=\"https:\/\/i0.wp.com\/elabrevaderojm.com\/wp-content\/uploads\/2024\/04\/chamber-c-of-l.jpeg?ssl=1\" data-amp-layout=\"responsive\" tabindex=\"0\" role=\"button\" aria-label=\"Abrir la imagen 4 de 4 en pantalla completa\"\/><\/figure><\/div><\/div><\/div><\/div><\/div>\n\n\n\n<p class=\"has-text-align-center has-crimson-pro-font-family has-small-font-size has-custom-font wp-block-paragraph\" style=\"font-family:crimson-pro\"><strong>De izquierda a derecha: Pete Townshend y Rachel Fuller; la <em>Royal Philharmonic Orchestra<\/em>; Robert Ziegler<\/strong>; <strong>y el <em>Chamber Choir of London<\/em>. <\/strong><\/p>\n\n\n\n<figure class=\"wp-block-audio\"><audio controls src=\"https:\/\/elabrevaderojm.com\/wp-content\/uploads\/2024\/06\/blackbird-x-rachel-f.mp3\"><\/audio><\/figure>\n\n\n<div class=\"wp-block-image\">\n<figure class=\"aligncenter size-large\"><img data-recalc-dims=\"1\" loading=\"lazy\" decoding=\"async\" width=\"350\" height=\"350\" data-attachment-id=\"18116\" data-permalink=\"https:\/\/elabrevaderojm.com\/en\/2024\/06\/11\/paul-mccartney-elogia-la-version-de-blackbird-hecha-por-beyonce\/animal-disco\/\" data-orig-file=\"https:\/\/i0.wp.com\/elabrevaderojm.com\/wp-content\/uploads\/2024\/06\/animal.-disco.jpg?fit=350%2C350&amp;ssl=1\" data-orig-size=\"350,350\" data-comments-opened=\"1\" data-image-meta=\"{&quot;aperture&quot;:&quot;0&quot;,&quot;credit&quot;:&quot;&quot;,&quot;camera&quot;:&quot;&quot;,&quot;caption&quot;:&quot;&quot;,&quot;created_timestamp&quot;:&quot;0&quot;,&quot;copyright&quot;:&quot;&quot;,&quot;focal_length&quot;:&quot;0&quot;,&quot;iso&quot;:&quot;0&quot;,&quot;shutter_speed&quot;:&quot;0&quot;,&quot;title&quot;:&quot;&quot;,&quot;orientation&quot;:&quot;0&quot;}\" data-image-title=\"animal.-disco\" data-image-description=\"\" data-image-caption=\"\" data-large-file=\"https:\/\/i0.wp.com\/elabrevaderojm.com\/wp-content\/uploads\/2024\/06\/animal.-disco.jpg?fit=350%2C350&amp;ssl=1\" src=\"https:\/\/i0.wp.com\/elabrevaderojm.com\/wp-content\/uploads\/2024\/06\/animal.-disco.jpg?resize=350%2C350&#038;ssl=1\" alt=\"\" class=\"wp-image-18116\"\/><figcaption class=\"wp-element-caption\"><strong>Esta es la car\u00e1tula del disco de Fuller, sacado por Wistle Records y BFD Records en octubre de 2019.<\/strong><\/figcaption><\/figure>\n<\/div>\n\n\n<h3 class=\"wp-block-heading has-roboto-slab-font-family has-custom-font\" style=\"font-family:roboto-slab\"><strong>La nueva versi\u00f3n de <em>Blackbird<\/em><\/strong><\/h3>\n\n\n\n<p class=\"has-text-align-justify has-dm-sans-font-family has-custom-font wp-block-paragraph\" style=\"font-family:dm-sans\">Mientras que con <em>Renaissance<\/em> Beyonc\u00e9 rindi\u00f3 homenaje al legado <em><a href=\"https:\/\/es.wikipedia.org\/wiki\/Queer\">queer<\/a><\/em> y negro de la m\u00fasica <em><a href=\"https:\/\/es.wikipedia.org\/wiki\/M%C3%BAsica_disco\">disco<\/a><\/em> y <em><a href=\"https:\/\/es.wikipedia.org\/wiki\/House_(m%C3%BAsica)\">house<\/a><\/em>, <strong>el nuevo disco se quita el sombrero de vaquero<\/strong> ante la m\u00fasica <em>country<\/em>, reclamando un espacio en un g\u00e9nero que hist\u00f3ricamente ha excluido a los artistas negros, a pesar de que tiene ra\u00edces en la m\u00fasica negra.<\/p>\n\n\n\n<figure class=\"wp-block-table has-literata-font-family\"><table class=\"has-pale-ocean-gradient-background has-background has-fixed-layout\" style=\"border-width:4px\"><tbody><tr><td><strong><mark style=\"background-color:rgba(0, 0, 0, 0);color:#f90505\" class=\"has-inline-color\">RELACIONADO:<\/mark><\/strong> <strong><a href=\"https:\/\/elabrevaderojm.com\/2024\/06\/11\/beyonce-tambien-en-la-musica-country-i\/\">\u00bfBeyonc\u00e9 tambi\u00e9n en la m\u00fasica country?<\/a><\/strong><\/td><\/tr><\/tbody><\/table><\/figure>\n\n\n\n<p class=\"has-text-align-justify has-dm-sans-font-family has-custom-font wp-block-paragraph\" style=\"font-family:dm-sans\">Beyonc\u00e9 incluye una dulce versi\u00f3n de <em>Blackbird<\/em> en su \u00faltimo \u00e1lbum, <a href=\"https:\/\/es.wikipedia.org\/wiki\/Cowboy_Carter\" target=\"_blank\" rel=\"noreferrer noopener\"><em>Cowboy Carter<\/em><\/a>. Y si suena tan especialmente familiar, es porque <strong>en ella se utilizaron elementos instrumentales<\/strong> \u2014como la guitarra ac\u00fastica de McCartney y su zapateo acompa\u00f1ante, a veces confundido en el pasado con un <a href=\"https:\/\/es.wikipedia.org\/wiki\/Metr%C3%B3nomo\">metr\u00f3nomo<\/a>, por cierto\u2014, que fueron <strong>tomados de la grabaci\u00f3n original<\/strong> de los <a href=\"https:\/\/es.wikipedia.org\/wiki\/The_Beatles\">Beatles<\/a> para el \u00e1lbum <em>The Beatles<\/em> \u2014m\u00e1s conocido como \u00abel \u00c1lbum Blanco\u00bb\u2014, grabada el 11 de junio de 1968, exactamente una semana antes de que su compositor cumpliera 26 a\u00f1os.<\/p>\n\n\n<div class=\"wp-block-image\">\n<figure class=\"aligncenter size-large\"><img data-recalc-dims=\"1\" loading=\"lazy\" decoding=\"async\" width=\"293\" height=\"289\" data-attachment-id=\"16574\" data-permalink=\"https:\/\/elabrevaderojm.com\/en\/2024\/06\/11\/paul-mccartney-elogia-la-version-de-blackbird-hecha-por-beyonce\/20240417_155640-a-1\/\" data-orig-file=\"https:\/\/i0.wp.com\/elabrevaderojm.com\/wp-content\/uploads\/2024\/04\/20240417_155640-a-1.jpg?fit=293%2C289&amp;ssl=1\" data-orig-size=\"293,289\" data-comments-opened=\"1\" data-image-meta=\"{&quot;aperture&quot;:&quot;1.8&quot;,&quot;credit&quot;:&quot;&quot;,&quot;camera&quot;:&quot;Galaxy A54 5G&quot;,&quot;caption&quot;:&quot;&quot;,&quot;created_timestamp&quot;:&quot;1713369400&quot;,&quot;copyright&quot;:&quot;&quot;,&quot;focal_length&quot;:&quot;5.54&quot;,&quot;iso&quot;:&quot;125&quot;,&quot;shutter_speed&quot;:&quot;0.025&quot;,&quot;title&quot;:&quot;&quot;,&quot;orientation&quot;:&quot;1&quot;,&quot;latitude&quot;:&quot;25.731918083333&quot;,&quot;longitude&quot;:&quot;-80.373887361111&quot;}\" data-image-title=\"20240417_155640-a-1\" data-image-description=\"\" data-image-caption=\"\" data-large-file=\"https:\/\/i0.wp.com\/elabrevaderojm.com\/wp-content\/uploads\/2024\/04\/20240417_155640-a-1.jpg?fit=293%2C289&amp;ssl=1\" src=\"https:\/\/i0.wp.com\/elabrevaderojm.com\/wp-content\/uploads\/2024\/04\/20240417_155640-a-1.jpg?resize=293%2C289&#038;ssl=1\" alt=\"\" class=\"wp-image-16574\"\/><figcaption class=\"wp-element-caption\"><strong>Edici\u00f3n sovi\u00e9tica del \u00ab\u00c1lbum Blanco\u00bb en 1991 (n\u00f3tese el nombre de la banda en cir\u00edlico debajo del ingl\u00e9s) de mi propiedad.<\/strong> <strong>\u00a1Me encanta que est\u00e9 as\u00ed de gastado!<\/strong><\/figcaption><\/figure>\n<\/div>\n\n\n<figure class=\"wp-block-audio\"><audio controls src=\"https:\/\/elabrevaderojm.com\/wp-content\/uploads\/2024\/04\/blackbird-remastered-2009.mp3\"><\/audio><figcaption class=\"wp-element-caption\"><strong><em>Blackbird<\/em> original, remasterizada en el 2009.<\/strong><\/figcaption><\/figure>\n\n\n\n<p class=\"has-text-align-justify has-dm-sans-font-family has-custom-font wp-block-paragraph\" style=\"font-family:dm-sans\">Esa informaci\u00f3n fue confirmada a <a href=\"https:\/\/es.wikipedia.org\/wiki\/Variety\"><em>Variety<\/em><\/a> por un representante de McCartney, quien cit\u00f3 al equipo de Beyonc\u00e9 y otras fuentes. Sin embargo, no hay ninguna indicaci\u00f3n en la redacci\u00f3n de los cr\u00e9ditos que indique que el trabajo del exBeatle en la pista no se haya grabado recientemente, es decir, que niegue ser la grabaci\u00f3n original.<\/p>\n\n\n\n<p class=\"has-text-align-justify has-dm-sans-font-family has-custom-font wp-block-paragraph\" style=\"font-family:dm-sans\">Esto puede deberse a que los cr\u00e9ditos de este disco a\u00fan est\u00e1n en redacci\u00f3n. Puede que haya sido por eso que <strong>no mencionan que la pista de acompa\u00f1amiento se tom\u00f3 prestada <\/strong>de la original de los Beatles de hace 56 a\u00f1os.<\/p>\n\n\n\n<p class=\"has-text-align-justify has-dm-sans-font-family has-custom-font wp-block-paragraph\" style=\"font-family:dm-sans\">Si bien McCartney aparece tocando la guitarra en la canci\u00f3n en los cr\u00e9ditos \u2014que se han revelado gradualmente desde el lanzamiento del \u00e1lbum el viernes pasado y a\u00fan aparecen incompletos\u2014, y tambi\u00e9n figura como uno de los productores de la nueva canci\u00f3n, no han especificado que la canci\u00f3n utilizada es la original.<\/p>\n\n\n\n<p class=\"has-text-align-justify has-dm-sans-font-family has-custom-font wp-block-paragraph\" style=\"font-family:dm-sans\">Aunque <em>Blackbird<\/em> puede no ser la primera canci\u00f3n que viene a la mente cuando uno piensa en la m\u00fasica <em>country<\/em>, la versi\u00f3n de Beyonc\u00e9 alude al g\u00e9nero a trav\u00e9s de florituras arm\u00f3nicas que incluyen cuatro artistas negros contempor\u00e1neos del country: Tanner Adell, Tiera Kennedy, Reyna Roberts y Brittney Spencer, junto con un bajo fresco y orquestaci\u00f3n, sobre la pista ac\u00fastica original en solitario de McCartney, acreditado a Khirye Tyler, quien tambi\u00e9n se ha listado como coproductor.<\/p>\n\n\n\n<figure class=\"wp-block-gallery has-nested-images columns-5 is-cropped wp-block-gallery-2 is-layout-flex wp-block-gallery-is-layout-flex\">\n<figure class=\"wp-block-image size-large\"><img data-recalc-dims=\"1\" loading=\"lazy\" decoding=\"async\" width=\"321\" height=\"354\" data-attachment-id=\"16581\" data-permalink=\"https:\/\/elabrevaderojm.com\/en\/2024\/06\/11\/paul-mccartney-elogia-la-version-de-blackbird-hecha-por-beyonce\/brittney-s-1\/\" data-orig-file=\"https:\/\/i0.wp.com\/elabrevaderojm.com\/wp-content\/uploads\/2024\/04\/brittney-s-1.jpg?fit=321%2C354&amp;ssl=1\" data-orig-size=\"321,354\" data-comments-opened=\"1\" data-image-meta=\"{&quot;aperture&quot;:&quot;0&quot;,&quot;credit&quot;:&quot;&quot;,&quot;camera&quot;:&quot;&quot;,&quot;caption&quot;:&quot;&quot;,&quot;created_timestamp&quot;:&quot;0&quot;,&quot;copyright&quot;:&quot;&quot;,&quot;focal_length&quot;:&quot;0&quot;,&quot;iso&quot;:&quot;0&quot;,&quot;shutter_speed&quot;:&quot;0&quot;,&quot;title&quot;:&quot;&quot;,&quot;orientation&quot;:&quot;1&quot;}\" data-image-title=\"brittney s 1\" data-image-description=\"\" data-image-caption=\"\" data-large-file=\"https:\/\/i0.wp.com\/elabrevaderojm.com\/wp-content\/uploads\/2024\/04\/brittney-s-1.jpg?fit=321%2C354&amp;ssl=1\" data-id=\"16581\" src=\"https:\/\/i0.wp.com\/elabrevaderojm.com\/wp-content\/uploads\/2024\/04\/brittney-s-1.jpg?resize=321%2C354&#038;ssl=1\" alt=\"\" class=\"wp-image-16581\"\/><figcaption class=\"wp-element-caption\"><strong>Brittney<\/strong><\/figcaption><\/figure>\n\n\n\n<figure class=\"wp-block-image size-large\"><img data-recalc-dims=\"1\" loading=\"lazy\" decoding=\"async\" width=\"225\" height=\"225\" data-attachment-id=\"16583\" data-permalink=\"https:\/\/elabrevaderojm.com\/en\/2024\/06\/11\/paul-mccartney-elogia-la-version-de-blackbird-hecha-por-beyonce\/reyna-r\/\" data-orig-file=\"https:\/\/i0.wp.com\/elabrevaderojm.com\/wp-content\/uploads\/2024\/04\/reyna-r.jpeg?fit=225%2C225&amp;ssl=1\" data-orig-size=\"225,225\" data-comments-opened=\"1\" data-image-meta=\"{&quot;aperture&quot;:&quot;0&quot;,&quot;credit&quot;:&quot;&quot;,&quot;camera&quot;:&quot;&quot;,&quot;caption&quot;:&quot;&quot;,&quot;created_timestamp&quot;:&quot;0&quot;,&quot;copyright&quot;:&quot;&quot;,&quot;focal_length&quot;:&quot;0&quot;,&quot;iso&quot;:&quot;0&quot;,&quot;shutter_speed&quot;:&quot;0&quot;,&quot;title&quot;:&quot;&quot;,&quot;orientation&quot;:&quot;0&quot;}\" data-image-title=\"reyna r\" data-image-description=\"\" data-image-caption=\"\" data-large-file=\"https:\/\/i0.wp.com\/elabrevaderojm.com\/wp-content\/uploads\/2024\/04\/reyna-r.jpeg?fit=225%2C225&amp;ssl=1\" data-id=\"16583\" src=\"https:\/\/i0.wp.com\/elabrevaderojm.com\/wp-content\/uploads\/2024\/04\/reyna-r.jpeg?resize=225%2C225&#038;ssl=1\" alt=\"\" class=\"wp-image-16583\"\/><figcaption class=\"wp-element-caption\"><strong>Reyna<\/strong><\/figcaption><\/figure>\n\n\n\n<figure class=\"wp-block-image size-large\"><img data-recalc-dims=\"1\" loading=\"lazy\" decoding=\"async\" width=\"240\" height=\"240\" data-attachment-id=\"16584\" data-permalink=\"https:\/\/elabrevaderojm.com\/en\/2024\/06\/11\/paul-mccartney-elogia-la-version-de-blackbird-hecha-por-beyonce\/tanner-a\/\" data-orig-file=\"https:\/\/i0.wp.com\/elabrevaderojm.com\/wp-content\/uploads\/2024\/04\/tanner-a.jpg?fit=240%2C240&amp;ssl=1\" data-orig-size=\"240,240\" data-comments-opened=\"1\" data-image-meta=\"{&quot;aperture&quot;:&quot;0&quot;,&quot;credit&quot;:&quot;&quot;,&quot;camera&quot;:&quot;&quot;,&quot;caption&quot;:&quot;&quot;,&quot;created_timestamp&quot;:&quot;0&quot;,&quot;copyright&quot;:&quot;&quot;,&quot;focal_length&quot;:&quot;0&quot;,&quot;iso&quot;:&quot;0&quot;,&quot;shutter_speed&quot;:&quot;0&quot;,&quot;title&quot;:&quot;&quot;,&quot;orientation&quot;:&quot;0&quot;}\" data-image-title=\"tanner a\" data-image-description=\"\" data-image-caption=\"\" data-large-file=\"https:\/\/i0.wp.com\/elabrevaderojm.com\/wp-content\/uploads\/2024\/04\/tanner-a.jpg?fit=240%2C240&amp;ssl=1\" data-id=\"16584\" src=\"https:\/\/i0.wp.com\/elabrevaderojm.com\/wp-content\/uploads\/2024\/04\/tanner-a.jpg?resize=240%2C240&#038;ssl=1\" alt=\"\" class=\"wp-image-16584\"\/><figcaption class=\"wp-element-caption\"><strong>Tanner<\/strong><\/figcaption><\/figure>\n\n\n\n<figure class=\"wp-block-image size-large\"><img data-recalc-dims=\"1\" loading=\"lazy\" decoding=\"async\" width=\"400\" height=\"400\" data-attachment-id=\"16585\" data-permalink=\"https:\/\/elabrevaderojm.com\/en\/2024\/06\/11\/paul-mccartney-elogia-la-version-de-blackbird-hecha-por-beyonce\/tiera-k\/\" data-orig-file=\"https:\/\/i0.wp.com\/elabrevaderojm.com\/wp-content\/uploads\/2024\/04\/tiera-k.jpg?fit=400%2C400&amp;ssl=1\" data-orig-size=\"400,400\" data-comments-opened=\"1\" data-image-meta=\"{&quot;aperture&quot;:&quot;0&quot;,&quot;credit&quot;:&quot;&quot;,&quot;camera&quot;:&quot;&quot;,&quot;caption&quot;:&quot;&quot;,&quot;created_timestamp&quot;:&quot;0&quot;,&quot;copyright&quot;:&quot;&quot;,&quot;focal_length&quot;:&quot;0&quot;,&quot;iso&quot;:&quot;0&quot;,&quot;shutter_speed&quot;:&quot;0&quot;,&quot;title&quot;:&quot;&quot;,&quot;orientation&quot;:&quot;0&quot;}\" data-image-title=\"tiera k\" data-image-description=\"\" data-image-caption=\"\" data-large-file=\"https:\/\/i0.wp.com\/elabrevaderojm.com\/wp-content\/uploads\/2024\/04\/tiera-k.jpg?fit=400%2C400&amp;ssl=1\" data-id=\"16585\" src=\"https:\/\/i0.wp.com\/elabrevaderojm.com\/wp-content\/uploads\/2024\/04\/tiera-k.jpg?resize=400%2C400&#038;ssl=1\" alt=\"\" class=\"wp-image-16585\"\/><figcaption class=\"wp-element-caption\"><strong>Tiera<\/strong><\/figcaption><\/figure>\n\n\n\n<figure class=\"wp-block-image size-large\"><img data-recalc-dims=\"1\" loading=\"lazy\" decoding=\"async\" width=\"337\" height=\"340\" data-attachment-id=\"16587\" data-permalink=\"https:\/\/elabrevaderojm.com\/en\/2024\/06\/11\/paul-mccartney-elogia-la-version-de-blackbird-hecha-por-beyonce\/khirye-tyler\/\" data-orig-file=\"https:\/\/i0.wp.com\/elabrevaderojm.com\/wp-content\/uploads\/2024\/04\/khirye-tyler.jpg?fit=337%2C340&amp;ssl=1\" data-orig-size=\"337,340\" data-comments-opened=\"1\" data-image-meta=\"{&quot;aperture&quot;:&quot;0&quot;,&quot;credit&quot;:&quot;&quot;,&quot;camera&quot;:&quot;&quot;,&quot;caption&quot;:&quot;&quot;,&quot;created_timestamp&quot;:&quot;0&quot;,&quot;copyright&quot;:&quot;&quot;,&quot;focal_length&quot;:&quot;0&quot;,&quot;iso&quot;:&quot;0&quot;,&quot;shutter_speed&quot;:&quot;0&quot;,&quot;title&quot;:&quot;&quot;,&quot;orientation&quot;:&quot;1&quot;}\" data-image-title=\"khirye-tyler\" data-image-description=\"\" data-image-caption=\"\" data-large-file=\"https:\/\/i0.wp.com\/elabrevaderojm.com\/wp-content\/uploads\/2024\/04\/khirye-tyler.jpg?fit=337%2C340&amp;ssl=1\" data-id=\"16587\" src=\"https:\/\/i0.wp.com\/elabrevaderojm.com\/wp-content\/uploads\/2024\/04\/khirye-tyler.jpg?resize=337%2C340&#038;ssl=1\" alt=\"\" class=\"wp-image-16587\"\/><figcaption class=\"wp-element-caption\"><strong>Khirye<\/strong><\/figcaption><\/figure>\n<\/figure>\n\n\n\n<p class=\"has-text-align-justify has-dm-sans-font-family has-custom-font wp-block-paragraph\" style=\"font-family:dm-sans\">Adem\u00e1s, <strong>la canci\u00f3n ha sido retitulada <em>Blackbiird<\/em><\/strong>, en una alteraci\u00f3n ortogr\u00e1fica similar a otras en el \u00e1lbum para reflejar su tema del \u00abActo II\u00bb.<\/p>\n\n\n\n<div class=\"wp-block-media-text is-stacked-on-mobile\" style=\"grid-template-columns:15% auto\"><figure class=\"wp-block-media-text__media\"><img data-recalc-dims=\"1\" loading=\"lazy\" decoding=\"async\" width=\"227\" height=\"302\" data-attachment-id=\"16590\" data-permalink=\"https:\/\/elabrevaderojm.com\/en\/2024\/06\/11\/paul-mccartney-elogia-la-version-de-blackbird-hecha-por-beyonce\/peter-j-1\/\" data-orig-file=\"https:\/\/i0.wp.com\/elabrevaderojm.com\/wp-content\/uploads\/2024\/04\/peter-j-1.jpg?fit=227%2C302&amp;ssl=1\" data-orig-size=\"227,302\" data-comments-opened=\"1\" data-image-meta=\"{&quot;aperture&quot;:&quot;0&quot;,&quot;credit&quot;:&quot;&quot;,&quot;camera&quot;:&quot;&quot;,&quot;caption&quot;:&quot;&quot;,&quot;created_timestamp&quot;:&quot;0&quot;,&quot;copyright&quot;:&quot;&quot;,&quot;focal_length&quot;:&quot;0&quot;,&quot;iso&quot;:&quot;0&quot;,&quot;shutter_speed&quot;:&quot;0&quot;,&quot;title&quot;:&quot;&quot;,&quot;orientation&quot;:&quot;1&quot;}\" data-image-title=\"peter-j-1\" data-image-description=\"\" data-image-caption=\"\" data-large-file=\"https:\/\/i0.wp.com\/elabrevaderojm.com\/wp-content\/uploads\/2024\/04\/peter-j-1.jpg?fit=227%2C302&amp;ssl=1\" src=\"https:\/\/i0.wp.com\/elabrevaderojm.com\/wp-content\/uploads\/2024\/04\/peter-j-1.jpg?resize=227%2C302&#038;ssl=1\" alt=\"\" class=\"wp-image-16590 size-full\"\/><\/figure><div class=\"wp-block-media-text__content\">\n<p class=\"has-text-align-justify has-dm-sans-font-family wp-block-paragraph\">Y tambi\u00e9n le falta los ruidos de p\u00e1jaros. No se sabe si la tecnolog\u00eda de audio que el equipo de <a href=\"https:\/\/es.wikipedia.org\/wiki\/Peter_Jackson\">Peter Jackson<\/a> (en la foto) desarroll\u00f3 para separar los elementos de audio para el documental <a href=\"https:\/\/es.wikipedia.org\/wiki\/The_Beatles:_Get_Back\"><em>The Beatles:<\/em> <em>Get Back<\/em><\/a> era necesaria para eliminar el piar de p\u00e1jaro de la original <em>Blackbird<\/em>.<\/p>\n<\/div><\/div>\n\n\n\n<figure class=\"wp-block-audio\"><audio controls src=\"https:\/\/elabrevaderojm.com\/wp-content\/uploads\/2024\/04\/beyonce-blackbiird.mp3\"><\/audio><figcaption class=\"wp-element-caption\"><em>Blackbiird.<\/em><\/figcaption><\/figure>\n\n\n\n<h3 class=\"wp-block-heading has-roboto-slab-font-family has-custom-font\" style=\"font-family:roboto-slab\"><strong>Un aval muy especial<\/strong><\/h3>\n\n\n\n<p class=\"has-text-align-justify has-dm-sans-font-family has-custom-font wp-block-paragraph\" style=\"font-family:dm-sans\">A <a href=\"https:\/\/es.wikipedia.org\/wiki\/Melba_Pattillo_Beals\">Melba Joy Pattillo Beals<\/a> le encant\u00f3 el <a href=\"https:\/\/www.smithsonianmag.com\/smart-news\/the-beatles-release-their-last-song-now-and-then-ai-john-lennon-180983188\/\" target=\"_blank\" rel=\"noreferrer noopener\"><\/a>\u00e9xito de los Beatles de 1968 <em>Blackbird<\/em> mucho antes de saber que <strong>hab\u00eda ayudado a inspirarlo<\/strong>, seg\u00fan le dijera a Kyle Melnick<sup data-fn=\"2f49351e-e949-4568-bd6f-18c5be14888e\" class=\"fn\"><a href=\"#2f49351e-e949-4568-bd6f-18c5be14888e\" id=\"2f49351e-e949-4568-bd6f-18c5be14888e-link\">2<\/a><\/sup> del <em>Washington Post<\/em> en una entrevista el 4 de abril de 2024. Beals, ahora de 82 a\u00f1os, <strong>era miembro del grupo de estudiantes conocido como los \u00abNueve de Little Rock\u00bb<\/strong>, que se integraron a una escuela secundaria de <a href=\"https:\/\/es.wikipedia.org\/wiki\/Arkansas\">Arkansas<\/a> en 1957.<\/p>\n\n\n\n<div class=\"wp-block-jetpack-tiled-gallery aligncenter is-style-columns\"><div class=\"\"><div class=\"tiled-gallery__gallery\"><div class=\"tiled-gallery__row\"><div class=\"tiled-gallery__col\" style=\"flex-basis:50.00753%\"><figure class=\"tiled-gallery__item\"><img decoding=\"async\" data-attachment-id=\"16642\" data-permalink=\"https:\/\/elabrevaderojm.com\/en\/2024\/06\/11\/paul-mccartney-elogia-la-version-de-blackbird-hecha-por-beyonce\/9-de-little-rock-1-1\/\" data-orig-file=\"https:\/\/i0.wp.com\/elabrevaderojm.com\/wp-content\/uploads\/2024\/04\/9-de-little-rock-1-1.jpg?fit=480%2C288&amp;ssl=1\" data-orig-size=\"480,288\" data-comments-opened=\"1\" data-image-meta=\"{&quot;aperture&quot;:&quot;0&quot;,&quot;credit&quot;:&quot;&quot;,&quot;camera&quot;:&quot;&quot;,&quot;caption&quot;:&quot;&quot;,&quot;created_timestamp&quot;:&quot;0&quot;,&quot;copyright&quot;:&quot;&quot;,&quot;focal_length&quot;:&quot;0&quot;,&quot;iso&quot;:&quot;0&quot;,&quot;shutter_speed&quot;:&quot;0&quot;,&quot;title&quot;:&quot;&quot;,&quot;orientation&quot;:&quot;1&quot;}\" data-image-title=\"9-de-little-rock-1-1\" data-image-description=\"\" data-image-caption=\"\" data-large-file=\"https:\/\/i0.wp.com\/elabrevaderojm.com\/wp-content\/uploads\/2024\/04\/9-de-little-rock-1-1.jpg?fit=480%2C288&amp;ssl=1\" role=\"button\" tabindex=\"0\" aria-label=\"Open image 1 of 3 in full-screen\" srcset=\"https:\/\/i0.wp.com\/elabrevaderojm.com\/wp-content\/uploads\/2024\/04\/9-de-little-rock-1-1.jpg?strip=info&#038;w=480&#038;ssl=1 480w\" alt=\"\" data-height=\"288\" data-id=\"16642\" data-link=\"https:\/\/elabrevaderojm.com\/?attachment_id=16642\" data-url=\"https:\/\/elabrevaderojm.com\/wp-content\/uploads\/2024\/04\/9-de-little-rock-1-1.jpg?w=480\" data-width=\"480\" src=\"https:\/\/i0.wp.com\/elabrevaderojm.com\/wp-content\/uploads\/2024\/04\/9-de-little-rock-1-1.jpg?ssl=1\" data-amp-layout=\"responsive\" tabindex=\"0\" role=\"button\" aria-label=\"Abrir la imagen 1 de 3 en pantalla completa\"\/><\/figure><\/div><div class=\"tiled-gallery__col\" style=\"flex-basis:30.06259%\"><figure class=\"tiled-gallery__item\"><img decoding=\"async\" data-attachment-id=\"16643\" data-permalink=\"https:\/\/elabrevaderojm.com\/en\/2024\/06\/11\/paul-mccartney-elogia-la-version-de-blackbird-hecha-por-beyonce\/kyle-m\/\" data-orig-file=\"https:\/\/i0.wp.com\/elabrevaderojm.com\/wp-content\/uploads\/2024\/04\/kyle-m.jpg?fit=270%2C270&amp;ssl=1\" data-orig-size=\"270,270\" data-comments-opened=\"1\" data-image-meta=\"{&quot;aperture&quot;:&quot;0&quot;,&quot;credit&quot;:&quot;&quot;,&quot;camera&quot;:&quot;&quot;,&quot;caption&quot;:&quot;&quot;,&quot;created_timestamp&quot;:&quot;0&quot;,&quot;copyright&quot;:&quot;&quot;,&quot;focal_length&quot;:&quot;0&quot;,&quot;iso&quot;:&quot;0&quot;,&quot;shutter_speed&quot;:&quot;0&quot;,&quot;title&quot;:&quot;&quot;,&quot;orientation&quot;:&quot;0&quot;}\" data-image-title=\"kyle-m\" data-image-description=\"\" data-image-caption=\"\" data-large-file=\"https:\/\/i0.wp.com\/elabrevaderojm.com\/wp-content\/uploads\/2024\/04\/kyle-m.jpg?fit=270%2C270&amp;ssl=1\" role=\"button\" tabindex=\"0\" aria-label=\"Open image 2 of 3 in full-screen\" srcset=\"https:\/\/i0.wp.com\/elabrevaderojm.com\/wp-content\/uploads\/2024\/04\/kyle-m.jpg?strip=info&#038;w=270&#038;ssl=1 270w\" alt=\"\" data-height=\"270\" data-id=\"16643\" data-link=\"https:\/\/elabrevaderojm.com\/?attachment_id=16643\" data-url=\"https:\/\/elabrevaderojm.com\/wp-content\/uploads\/2024\/04\/kyle-m.jpg?w=270\" data-width=\"270\" src=\"https:\/\/i0.wp.com\/elabrevaderojm.com\/wp-content\/uploads\/2024\/04\/kyle-m.jpg?ssl=1\" data-amp-layout=\"responsive\" tabindex=\"0\" role=\"button\" aria-label=\"Abrir la imagen 2 de 3 en pantalla completa\"\/><\/figure><\/div><div class=\"tiled-gallery__col\" style=\"flex-basis:19.92988%\"><figure class=\"tiled-gallery__item\"><img decoding=\"async\" data-attachment-id=\"16644\" data-permalink=\"https:\/\/elabrevaderojm.com\/en\/2024\/06\/11\/paul-mccartney-elogia-la-version-de-blackbird-hecha-por-beyonce\/the-washington-periodico-1\/\" data-orig-file=\"https:\/\/i0.wp.com\/elabrevaderojm.com\/wp-content\/uploads\/2024\/04\/the-washington.-periodico-1.jpg?fit=535%2C809&amp;ssl=1\" data-orig-size=\"535,809\" data-comments-opened=\"1\" data-image-meta=\"{&quot;aperture&quot;:&quot;0&quot;,&quot;credit&quot;:&quot;&quot;,&quot;camera&quot;:&quot;&quot;,&quot;caption&quot;:&quot;&quot;,&quot;created_timestamp&quot;:&quot;0&quot;,&quot;copyright&quot;:&quot;&quot;,&quot;focal_length&quot;:&quot;0&quot;,&quot;iso&quot;:&quot;0&quot;,&quot;shutter_speed&quot;:&quot;0&quot;,&quot;title&quot;:&quot;&quot;,&quot;orientation&quot;:&quot;1&quot;}\" data-image-title=\"the-washington.-periodico-1\" data-image-description=\"\" data-image-caption=\"\" data-large-file=\"https:\/\/i0.wp.com\/elabrevaderojm.com\/wp-content\/uploads\/2024\/04\/the-washington.-periodico-1.jpg?fit=535%2C809&amp;ssl=1\" role=\"button\" tabindex=\"0\" aria-label=\"Open image 3 of 3 in full-screen\" srcset=\"https:\/\/i0.wp.com\/elabrevaderojm.com\/wp-content\/uploads\/2024\/04\/the-washington.-periodico-1.jpg?strip=info&#038;w=535&#038;ssl=1 535w\" alt=\"\" data-height=\"809\" data-id=\"16644\" data-link=\"https:\/\/elabrevaderojm.com\/?attachment_id=16644\" data-url=\"https:\/\/elabrevaderojm.com\/wp-content\/uploads\/2024\/04\/the-washington.-periodico-1.jpg?w=535\" data-width=\"535\" src=\"https:\/\/i0.wp.com\/elabrevaderojm.com\/wp-content\/uploads\/2024\/04\/the-washington.-periodico-1.jpg?ssl=1\" data-amp-layout=\"responsive\" tabindex=\"0\" role=\"button\" aria-label=\"Abrir la imagen 3 de 3 en pantalla completa\"\/><\/figure><\/div><\/div><\/div><\/div><\/div>\n\n\n\n<p class=\"has-text-align-center has-crimson-pro-font-family has-custom-font wp-block-paragraph\" style=\"font-family:crimson-pro\"><strong>De izquierda a derecha: los 9 de Little Rock; Melnick; un ejemplar del <em>Post<\/em> donde se anuncia el asesinato del Dr. King. <\/strong><\/p>\n\n\n\n<p class=\"has-text-align-justify has-dm-sans-font-family has-custom-font wp-block-paragraph\" style=\"font-family:dm-sans\">Cuando Beals escuch\u00f3 la nueva versi\u00f3n, se transport\u00f3 inmediatamente a los a\u00f1os 50: \u00abEsta canci\u00f3n despierta mucho\u00bb, le dijo al <em>The<\/em> <em>Washington Post<\/em>.<\/p>\n\n\n\n<p class=\"has-text-align-justify has-dm-sans-font-family has-custom-font wp-block-paragraph\" style=\"font-family:dm-sans\">En 1954, la Corte Suprema emiti\u00f3 su hist\u00f3rica decisi\u00f3n en el caso \u00ab<a href=\"https:\/\/es.wikipedia.org\/wiki\/Caso_Brown_contra_el_Consejo_de_Educaci%C3%B3n\">Brown contra la Junta de Educaci\u00f3n de Topeka<\/a>\u00bb \u2014en <a href=\"https:\/\/es.wikipedia.org\/wiki\/Kansas\">Kansas<\/a>\u2014, que declar\u00f3 que <strong>la segregaci\u00f3n en las escuelas p\u00fablicas era inconstitucional<\/strong>. Despu\u00e9s de esa decisi\u00f3n, la \u00ab<a href=\"https:\/\/es.wikipedia.org\/wiki\/National_Association_for_the_Advancement_of_Colored_People\">Asociaci\u00f3n Nacional para el Progreso de las Personas de Color<\/a>\u00bb \u2014<strong>NAACP<\/strong>, por <em>National Association for the Advancement of Colored People<\/em>\u2014 comenz\u00f3 a intentar inscribir a estudiantes negros en escuelas que antes eran solo para blancos en el sur.<\/p>\n\n\n\n<p class=\"has-text-align-justify has-dm-sans-font-family has-custom-font wp-block-paragraph\" style=\"font-family:dm-sans\">La noticia de que <strong>nueve estudiantes negros hab\u00edan sido elegidos para inscribirse<\/strong> en <em>Little Rock Central High<\/em> fue recibida con indignaci\u00f3n. Cuando los estudiantes intentaron asistir por primera vez a la escuela el 4 de septiembre de 1957, se <strong>enfrentaron a una gran turba blanca que gritaba amenazas y arrojaba piedras<\/strong>. Los soldados de la Guardia Nacional de Arkansas impidieron la entrada de los estudiantes, desafiando el mandato federal de eliminar la segregaci\u00f3n. Despu\u00e9s de numerosos intentos frustrados, los estudiantes comenzaron a asistir regularmente a la escuela unas semanas m\u00e1s tarde.<\/p>\n\n\n\n<p class=\"has-text-align-justify has-dm-sans-font-family has-custom-font wp-block-paragraph\" style=\"font-family:dm-sans\">MacKenzie Green, la hija de Ernest Gideon Green, otro miembro de los <em>Little Rock Nine<\/em> \u2014y <strong>primer estudiante negro graduado de aquella escuela<\/strong> de racistas\u2014, le dijo al <em><a href=\"https:\/\/es.wikipedia.org\/wiki\/The_Washington_Post\">Washington Post<\/a> <\/em>que la versi\u00f3n de Beyonc\u00e9 es \u00ab(\u2026) una de las cosas m\u00e1s geniales que jam\u00e1s haya sucedido. Finalmente, ha llegado este momento en el que est\u00e1n siendo abrazados y se les est\u00e1n dando sus flores.<\/p>\n\n\n<div class=\"wp-block-image\">\n<figure class=\"aligncenter size-large\"><img data-recalc-dims=\"1\" loading=\"lazy\" decoding=\"async\" width=\"277\" height=\"349\" data-attachment-id=\"16649\" data-permalink=\"https:\/\/elabrevaderojm.com\/en\/2024\/06\/11\/paul-mccartney-elogia-la-version-de-blackbird-hecha-por-beyonce\/mackenzie_and_ernest_green-1\/\" data-orig-file=\"https:\/\/i0.wp.com\/elabrevaderojm.com\/wp-content\/uploads\/2024\/04\/mackenzie_and_ernest_green-1.jpg?fit=277%2C349&amp;ssl=1\" data-orig-size=\"277,349\" data-comments-opened=\"1\" data-image-meta=\"{&quot;aperture&quot;:&quot;0&quot;,&quot;credit&quot;:&quot;&quot;,&quot;camera&quot;:&quot;&quot;,&quot;caption&quot;:&quot;&quot;,&quot;created_timestamp&quot;:&quot;0&quot;,&quot;copyright&quot;:&quot;&quot;,&quot;focal_length&quot;:&quot;0&quot;,&quot;iso&quot;:&quot;0&quot;,&quot;shutter_speed&quot;:&quot;0&quot;,&quot;title&quot;:&quot;&quot;,&quot;orientation&quot;:&quot;1&quot;}\" data-image-title=\"mackenzie_and_ernest_green-1\" data-image-description=\"\" data-image-caption=\"\" data-large-file=\"https:\/\/i0.wp.com\/elabrevaderojm.com\/wp-content\/uploads\/2024\/04\/mackenzie_and_ernest_green-1.jpg?fit=277%2C349&amp;ssl=1\" src=\"https:\/\/i0.wp.com\/elabrevaderojm.com\/wp-content\/uploads\/2024\/04\/mackenzie_and_ernest_green-1.jpg?resize=277%2C349&#038;ssl=1\" alt=\"\" class=\"wp-image-16649\"\/><figcaption class=\"wp-element-caption\"><strong>Los MacKenzie.<\/strong><\/figcaption><\/figure>\n<\/div>\n\n\n<p class=\"has-text-align-justify has-dm-sans-font-family has-custom-font wp-block-paragraph\" style=\"font-family:dm-sans\">Tambi\u00e9n agreg\u00f3 que cree que <em>Blackbiird<\/em> ayudar\u00e1 a preservar la memoria de su padre y de los otros estudiantes.<\/p>\n\n\n\n<p class=\"has-text-align-justify has-dm-sans-font-family has-custom-font wp-block-paragraph\" style=\"font-family:dm-sans\">Beals espera que la canci\u00f3n recuerde a los oyentes que la batalla por la igualdad racial sigue siendo urgente, por lo cual le dijo a <a href=\"https:\/\/www.npr.org\/2024\/04\/02\/1242106502\/beyonce-beatles-blackbird-little-rock-nine\" target=\"_blank\" rel=\"noreferrer noopener\"><\/a>Juliana Kim<sup data-fn=\"30de9c90-67d6-4416-9223-a397cfd59b9b\" class=\"fn\"><a href=\"#30de9c90-67d6-4416-9223-a397cfd59b9b\" id=\"30de9c90-67d6-4416-9223-a397cfd59b9b-link\">3<\/a><\/sup> <img data-recalc-dims=\"1\" loading=\"lazy\" decoding=\"async\" width=\"150\" height=\"199\" data-attachment-id=\"16652\" data-permalink=\"https:\/\/elabrevaderojm.com\/en\/2024\/06\/11\/paul-mccartney-elogia-la-version-de-blackbird-hecha-por-beyonce\/juliana-k\/\" data-orig-file=\"https:\/\/i0.wp.com\/elabrevaderojm.com\/wp-content\/uploads\/2024\/04\/juliana-k.jpg?fit=150%2C199&amp;ssl=1\" data-orig-size=\"150,199\" data-comments-opened=\"1\" data-image-meta=\"{&quot;aperture&quot;:&quot;0&quot;,&quot;credit&quot;:&quot;&quot;,&quot;camera&quot;:&quot;&quot;,&quot;caption&quot;:&quot;&quot;,&quot;created_timestamp&quot;:&quot;0&quot;,&quot;copyright&quot;:&quot;&quot;,&quot;focal_length&quot;:&quot;0&quot;,&quot;iso&quot;:&quot;0&quot;,&quot;shutter_speed&quot;:&quot;0&quot;,&quot;title&quot;:&quot;&quot;,&quot;orientation&quot;:&quot;0&quot;}\" data-image-title=\"juliana k\" data-image-description=\"\" data-image-caption=\"\" data-large-file=\"https:\/\/i0.wp.com\/elabrevaderojm.com\/wp-content\/uploads\/2024\/04\/juliana-k.jpg?fit=150%2C199&amp;ssl=1\" class=\"wp-image-16652\" style=\"width: 60px\" src=\"https:\/\/i0.wp.com\/elabrevaderojm.com\/wp-content\/uploads\/2024\/04\/juliana-k.jpg?resize=150%2C199&#038;ssl=1\" alt=\"\"> de <em><a href=\"https:\/\/es.wikipedia.org\/wiki\/NPR\">NPR<\/a><\/em> <img data-recalc-dims=\"1\" loading=\"lazy\" decoding=\"async\" width=\"640\" height=\"360\" data-attachment-id=\"16653\" data-permalink=\"https:\/\/elabrevaderojm.com\/en\/2024\/06\/11\/paul-mccartney-elogia-la-version-de-blackbird-hecha-por-beyonce\/npr-logo\/\" data-orig-file=\"https:\/\/i0.wp.com\/elabrevaderojm.com\/wp-content\/uploads\/2024\/04\/npr-logo.png?fit=3840%2C2160&amp;ssl=1\" data-orig-size=\"3840,2160\" data-comments-opened=\"1\" data-image-meta=\"{&quot;aperture&quot;:&quot;0&quot;,&quot;credit&quot;:&quot;&quot;,&quot;camera&quot;:&quot;&quot;,&quot;caption&quot;:&quot;&quot;,&quot;created_timestamp&quot;:&quot;0&quot;,&quot;copyright&quot;:&quot;&quot;,&quot;focal_length&quot;:&quot;0&quot;,&quot;iso&quot;:&quot;0&quot;,&quot;shutter_speed&quot;:&quot;0&quot;,&quot;title&quot;:&quot;&quot;,&quot;orientation&quot;:&quot;0&quot;}\" data-image-title=\"NPR-logo\" data-image-description=\"\" data-image-caption=\"\" data-large-file=\"https:\/\/i0.wp.com\/elabrevaderojm.com\/wp-content\/uploads\/2024\/04\/npr-logo.png?fit=640%2C360&amp;ssl=1\" class=\"wp-image-16653\" style=\"width: 100px\" src=\"https:\/\/i0.wp.com\/elabrevaderojm.com\/wp-content\/uploads\/2024\/04\/npr-logo.png?resize=640%2C360&#038;ssl=1\" alt=\"\">:<\/p>\n\n\n\n<p class=\"has-text-align-justify has-dm-sans-font-family has-custom-font wp-block-paragraph\" style=\"font-family:dm-sans\">\u00ab<em>Blackbird <\/em>trata sobre el pasado, el presente y el futuro. Mientras haya un solo individuo en el planeta que no sea libre, entonces ninguno de nosotros ser\u00e1 libre\u00bb.<\/p>\n\n\n\n<h3 class=\"wp-block-heading has-roboto-slab-font-family has-custom-font\" style=\"font-family:roboto-slab\"><strong>M\u00e1s versiones\u2026 y colaboraciones<\/strong><\/h3>\n\n\n\n<p class=\"has-text-align-justify has-dm-sans-font-family has-custom-font wp-block-paragraph\" style=\"font-family:dm-sans\">Pero esta no es la \u00fanica versi\u00f3n del nuevo \u00e1lbum de Beyonc\u00e9, pues este tambi\u00e9n incluye una nueva versi\u00f3n de <a href=\"https:\/\/es.wikipedia.org\/wiki\/Jolene_(canci%C3%B3n)\"><em>Jolene<\/em><\/a> de <a href=\"https:\/\/es.wikipedia.org\/wiki\/Dolly_Parton\">Dolly Parton<\/a>, con una reescritura actualizada de la letra y la estructura de la canci\u00f3n.<\/p>\n\n\n\n<figure class=\"wp-block-video wp-block-embed is-type-video is-provider-videopress\"><div class=\"wp-block-embed__wrapper\">\n<iframe title=\"VideoPress Video Player\" aria-label='VideoPress Video Player' width='640' height='488' src='https:\/\/videopress.com\/embed\/gFeJbxKp?cover=1&amp;preloadContent=metadata&amp;useAverageColor=1&amp;hd=0' frameborder='0' allowfullscreen data-resize-to-parent=\"true\" allow='clipboard-write'><\/iframe><script src='https:\/\/v0.wordpress.com\/js\/next\/videopress-iframe.js?m=1739540970'><\/script>\n<\/div><\/figure>\n\n\n\n<figure class=\"wp-block-embed is-type-video is-provider-youtube wp-block-embed-youtube wp-embed-aspect-16-9 wp-has-aspect-ratio\"><div class=\"wp-block-embed__wrapper\">\n<div class=\"jetpack-video-wrapper\"><span class=\"embed-youtube\" style=\"text-align:center; display: block;\"><iframe loading=\"lazy\" class=\"youtube-player\" width=\"640\" height=\"360\" src=\"https:\/\/www.youtube.com\/embed\/qUGkvjh5CYg?version=3&#038;rel=1&#038;showsearch=0&#038;showinfo=1&#038;iv_load_policy=1&#038;fs=1&#038;hl=en-US&#038;autohide=2&#038;wmode=transparent\" allowfullscreen=\"true\" style=\"border:0;\" sandbox=\"allow-scripts allow-same-origin allow-popups allow-presentation allow-popups-to-escape-sandbox\"><\/iframe><\/span><\/div>\n<\/div><\/figure>\n\n\n\n<p class=\"has-text-align-justify has-dm-sans-font-family has-custom-font wp-block-paragraph\" style=\"font-family:dm-sans\"><em>Cowboy Carter, <\/em>el octavo \u00e1lbum de estudio de esta cantante \u2014su nombre completo, valga mencionarlo, es Beyonc\u00e9 Giselle Knowles-<strong>Carter<\/strong>\u2014, es el segundo de su trilog\u00eda <a href=\"https:\/\/es.wikipedia.org\/wiki\/Renaissance_(%C3%A1lbum_de_Beyonc%C3%A9)\"><em>Renaissance<\/em><\/a>, que se lanz\u00f3 el 29 de marzo. Aqu\u00ed tiene colaboraciones con Dolly Parton, <a href=\"https:\/\/es.wikipedia.org\/wiki\/Post_Malone\">Post Malone<\/a>, <a href=\"https:\/\/es.wikipedia.org\/wiki\/Miley_Cyrus\">Miley Cyrus<\/a>, <a href=\"https:\/\/es.wikipedia.org\/wiki\/Willie_Nelson\">Willie Nelson<\/a> y Linda Martell, entre otros.<\/p>\n\n\n\n<figure class=\"wp-block-gallery has-nested-images columns-5 is-cropped wp-block-gallery-3 is-layout-flex wp-block-gallery-is-layout-flex\">\n<figure class=\"wp-block-image size-large\"><img data-recalc-dims=\"1\" loading=\"lazy\" decoding=\"async\" width=\"220\" height=\"220\" data-attachment-id=\"16598\" data-permalink=\"https:\/\/elabrevaderojm.com\/en\/2024\/06\/11\/paul-mccartney-elogia-la-version-de-blackbird-hecha-por-beyonce\/beyonce_-_renaissance\/\" data-orig-file=\"https:\/\/i0.wp.com\/elabrevaderojm.com\/wp-content\/uploads\/2024\/04\/beyonce_-_renaissance.png?fit=220%2C220&amp;ssl=1\" data-orig-size=\"220,220\" data-comments-opened=\"1\" data-image-meta=\"{&quot;aperture&quot;:&quot;0&quot;,&quot;credit&quot;:&quot;&quot;,&quot;camera&quot;:&quot;&quot;,&quot;caption&quot;:&quot;&quot;,&quot;created_timestamp&quot;:&quot;0&quot;,&quot;copyright&quot;:&quot;&quot;,&quot;focal_length&quot;:&quot;0&quot;,&quot;iso&quot;:&quot;0&quot;,&quot;shutter_speed&quot;:&quot;0&quot;,&quot;title&quot;:&quot;&quot;,&quot;orientation&quot;:&quot;0&quot;}\" data-image-title=\"Beyonc\u00e9_-_Renaissance\" data-image-description=\"\" data-image-caption=\"\" data-large-file=\"https:\/\/i0.wp.com\/elabrevaderojm.com\/wp-content\/uploads\/2024\/04\/beyonce_-_renaissance.png?fit=220%2C220&amp;ssl=1\" data-id=\"16598\" src=\"https:\/\/i0.wp.com\/elabrevaderojm.com\/wp-content\/uploads\/2024\/04\/beyonce_-_renaissance.png?resize=220%2C220&#038;ssl=1\" alt=\"\" class=\"wp-image-16598\"\/><figcaption class=\"wp-element-caption\"><strong>Car\u00e1tula del Renaissance<\/strong><\/figcaption><\/figure>\n\n\n\n<figure class=\"wp-block-image size-large\"><img data-recalc-dims=\"1\" loading=\"lazy\" decoding=\"async\" width=\"206\" height=\"274\" data-attachment-id=\"16601\" data-permalink=\"https:\/\/elabrevaderojm.com\/en\/2024\/06\/11\/paul-mccartney-elogia-la-version-de-blackbird-hecha-por-beyonce\/post-malone-1\/\" data-orig-file=\"https:\/\/i0.wp.com\/elabrevaderojm.com\/wp-content\/uploads\/2024\/04\/post-malone-1.jpg?fit=206%2C274&amp;ssl=1\" data-orig-size=\"206,274\" data-comments-opened=\"1\" data-image-meta=\"{&quot;aperture&quot;:&quot;0&quot;,&quot;credit&quot;:&quot;&quot;,&quot;camera&quot;:&quot;&quot;,&quot;caption&quot;:&quot;&quot;,&quot;created_timestamp&quot;:&quot;0&quot;,&quot;copyright&quot;:&quot;&quot;,&quot;focal_length&quot;:&quot;0&quot;,&quot;iso&quot;:&quot;0&quot;,&quot;shutter_speed&quot;:&quot;0&quot;,&quot;title&quot;:&quot;&quot;,&quot;orientation&quot;:&quot;1&quot;}\" data-image-title=\"post malone 1\" data-image-description=\"\" data-image-caption=\"\" data-large-file=\"https:\/\/i0.wp.com\/elabrevaderojm.com\/wp-content\/uploads\/2024\/04\/post-malone-1.jpg?fit=206%2C274&amp;ssl=1\" data-id=\"16601\" src=\"https:\/\/i0.wp.com\/elabrevaderojm.com\/wp-content\/uploads\/2024\/04\/post-malone-1.jpg?resize=206%2C274&#038;ssl=1\" alt=\"\" class=\"wp-image-16601\"\/><figcaption class=\"wp-element-caption\"><strong>Malone<\/strong><\/figcaption><\/figure>\n\n\n\n<figure class=\"wp-block-image size-large\"><img data-recalc-dims=\"1\" loading=\"lazy\" decoding=\"async\" width=\"324\" height=\"432\" data-attachment-id=\"16600\" data-permalink=\"https:\/\/elabrevaderojm.com\/en\/2024\/06\/11\/paul-mccartney-elogia-la-version-de-blackbird-hecha-por-beyonce\/miley-c-1\/\" data-orig-file=\"https:\/\/i0.wp.com\/elabrevaderojm.com\/wp-content\/uploads\/2024\/04\/miley-c-1.jpg?fit=324%2C432&amp;ssl=1\" data-orig-size=\"324,432\" data-comments-opened=\"1\" data-image-meta=\"{&quot;aperture&quot;:&quot;0&quot;,&quot;credit&quot;:&quot;&quot;,&quot;camera&quot;:&quot;&quot;,&quot;caption&quot;:&quot;&quot;,&quot;created_timestamp&quot;:&quot;0&quot;,&quot;copyright&quot;:&quot;&quot;,&quot;focal_length&quot;:&quot;0&quot;,&quot;iso&quot;:&quot;0&quot;,&quot;shutter_speed&quot;:&quot;0&quot;,&quot;title&quot;:&quot;&quot;,&quot;orientation&quot;:&quot;1&quot;}\" data-image-title=\"miley c 1\" data-image-description=\"\" data-image-caption=\"\" data-large-file=\"https:\/\/i0.wp.com\/elabrevaderojm.com\/wp-content\/uploads\/2024\/04\/miley-c-1.jpg?fit=324%2C432&amp;ssl=1\" data-id=\"16600\" src=\"https:\/\/i0.wp.com\/elabrevaderojm.com\/wp-content\/uploads\/2024\/04\/miley-c-1.jpg?resize=324%2C432&#038;ssl=1\" alt=\"\" class=\"wp-image-16600\"\/><figcaption class=\"wp-element-caption\"><strong>Cyrus<\/strong><\/figcaption><\/figure>\n\n\n\n<figure class=\"wp-block-image size-large\"><img data-recalc-dims=\"1\" loading=\"lazy\" decoding=\"async\" width=\"225\" height=\"225\" data-attachment-id=\"16602\" data-permalink=\"https:\/\/elabrevaderojm.com\/en\/2024\/06\/11\/paul-mccartney-elogia-la-version-de-blackbird-hecha-por-beyonce\/willie-n\/\" data-orig-file=\"https:\/\/i0.wp.com\/elabrevaderojm.com\/wp-content\/uploads\/2024\/04\/willie-n.jpeg?fit=225%2C225&amp;ssl=1\" data-orig-size=\"225,225\" data-comments-opened=\"1\" data-image-meta=\"{&quot;aperture&quot;:&quot;0&quot;,&quot;credit&quot;:&quot;&quot;,&quot;camera&quot;:&quot;&quot;,&quot;caption&quot;:&quot;&quot;,&quot;created_timestamp&quot;:&quot;0&quot;,&quot;copyright&quot;:&quot;&quot;,&quot;focal_length&quot;:&quot;0&quot;,&quot;iso&quot;:&quot;0&quot;,&quot;shutter_speed&quot;:&quot;0&quot;,&quot;title&quot;:&quot;&quot;,&quot;orientation&quot;:&quot;0&quot;}\" data-image-title=\"willie n\" data-image-description=\"\" data-image-caption=\"\" data-large-file=\"https:\/\/i0.wp.com\/elabrevaderojm.com\/wp-content\/uploads\/2024\/04\/willie-n.jpeg?fit=225%2C225&amp;ssl=1\" data-id=\"16602\" src=\"https:\/\/i0.wp.com\/elabrevaderojm.com\/wp-content\/uploads\/2024\/04\/willie-n.jpeg?resize=225%2C225&#038;ssl=1\" alt=\"\" class=\"wp-image-16602\"\/><figcaption class=\"wp-element-caption\"><strong>Nelson<\/strong><\/figcaption><\/figure>\n\n\n\n<figure class=\"wp-block-image size-large\"><img data-recalc-dims=\"1\" loading=\"lazy\" decoding=\"async\" width=\"234\" height=\"295\" data-attachment-id=\"16599\" data-permalink=\"https:\/\/elabrevaderojm.com\/en\/2024\/06\/11\/paul-mccartney-elogia-la-version-de-blackbird-hecha-por-beyonce\/linda-m-1\/\" data-orig-file=\"https:\/\/i0.wp.com\/elabrevaderojm.com\/wp-content\/uploads\/2024\/04\/linda-m-1.jpg?fit=234%2C295&amp;ssl=1\" data-orig-size=\"234,295\" data-comments-opened=\"1\" data-image-meta=\"{&quot;aperture&quot;:&quot;0&quot;,&quot;credit&quot;:&quot;&quot;,&quot;camera&quot;:&quot;&quot;,&quot;caption&quot;:&quot;&quot;,&quot;created_timestamp&quot;:&quot;0&quot;,&quot;copyright&quot;:&quot;&quot;,&quot;focal_length&quot;:&quot;0&quot;,&quot;iso&quot;:&quot;0&quot;,&quot;shutter_speed&quot;:&quot;0&quot;,&quot;title&quot;:&quot;&quot;,&quot;orientation&quot;:&quot;1&quot;}\" data-image-title=\"linda m 1\" data-image-description=\"\" data-image-caption=\"\" data-large-file=\"https:\/\/i0.wp.com\/elabrevaderojm.com\/wp-content\/uploads\/2024\/04\/linda-m-1.jpg?fit=234%2C295&amp;ssl=1\" data-id=\"16599\" src=\"https:\/\/i0.wp.com\/elabrevaderojm.com\/wp-content\/uploads\/2024\/04\/linda-m-1.jpg?resize=234%2C295&#038;ssl=1\" alt=\"\" class=\"wp-image-16599\"\/><figcaption class=\"wp-element-caption\"><strong>Martell<\/strong><\/figcaption><\/figure>\n<\/figure>\n\n\n\n<div class=\"wp-block-jetpack-tiled-gallery aligncenter is-style-rectangular\"><div class=\"\"><div class=\"tiled-gallery__gallery\"><div class=\"tiled-gallery__row\"><div class=\"tiled-gallery__col\" style=\"flex-basis:47.55167%\"><figure class=\"tiled-gallery__item\"><img decoding=\"async\" data-attachment-id=\"16605\" data-permalink=\"https:\/\/elabrevaderojm.com\/en\/2024\/06\/11\/paul-mccartney-elogia-la-version-de-blackbird-hecha-por-beyonce\/presentation_of_the_colors\/\" data-orig-file=\"https:\/\/i0.wp.com\/elabrevaderojm.com\/wp-content\/uploads\/2024\/04\/presentation_of_the_colors.jpg?fit=339%2C374&amp;ssl=1\" data-orig-size=\"339,374\" data-comments-opened=\"1\" data-image-meta=\"{&quot;aperture&quot;:&quot;0&quot;,&quot;credit&quot;:&quot;&quot;,&quot;camera&quot;:&quot;&quot;,&quot;caption&quot;:&quot;&quot;,&quot;created_timestamp&quot;:&quot;0&quot;,&quot;copyright&quot;:&quot;&quot;,&quot;focal_length&quot;:&quot;0&quot;,&quot;iso&quot;:&quot;0&quot;,&quot;shutter_speed&quot;:&quot;0&quot;,&quot;title&quot;:&quot;&quot;,&quot;orientation&quot;:&quot;1&quot;}\" data-image-title=\"presentation_of_the_colors\" data-image-description=\"\" data-image-caption=\"\" data-large-file=\"https:\/\/i0.wp.com\/elabrevaderojm.com\/wp-content\/uploads\/2024\/04\/presentation_of_the_colors.jpg?fit=339%2C374&amp;ssl=1\" role=\"button\" tabindex=\"0\" aria-label=\"Open image 1 of 2 in full-screen\" srcset=\"https:\/\/i0.wp.com\/elabrevaderojm.com\/wp-content\/uploads\/2024\/04\/presentation_of_the_colors.jpg?strip=info&#038;w=339&#038;ssl=1 339w\" alt=\"\" data-height=\"374\" data-id=\"16605\" data-link=\"https:\/\/elabrevaderojm.com\/?attachment_id=16605\" data-url=\"https:\/\/elabrevaderojm.com\/wp-content\/uploads\/2024\/04\/presentation_of_the_colors.jpg?w=339\" data-width=\"339\" src=\"https:\/\/i0.wp.com\/elabrevaderojm.com\/wp-content\/uploads\/2024\/04\/presentation_of_the_colors.jpg?ssl=1\" data-amp-layout=\"responsive\" tabindex=\"0\" role=\"button\" aria-label=\"Abrir la imagen 1 de 2 en pantalla completa\"\/><\/figure><\/div><div class=\"tiled-gallery__col\" style=\"flex-basis:52.44833%\"><figure class=\"tiled-gallery__item\"><img decoding=\"async\" data-attachment-id=\"16604\" data-permalink=\"https:\/\/elabrevaderojm.com\/en\/2024\/06\/11\/paul-mccartney-elogia-la-version-de-blackbird-hecha-por-beyonce\/beyonce_-_cowboy_carter\/\" data-orig-file=\"https:\/\/i0.wp.com\/elabrevaderojm.com\/wp-content\/uploads\/2024\/04\/beyonce_-_cowboy_carter.png?fit=300%2C300&amp;ssl=1\" data-orig-size=\"300,300\" data-comments-opened=\"1\" data-image-meta=\"{&quot;aperture&quot;:&quot;0&quot;,&quot;credit&quot;:&quot;&quot;,&quot;camera&quot;:&quot;&quot;,&quot;caption&quot;:&quot;&quot;,&quot;created_timestamp&quot;:&quot;0&quot;,&quot;copyright&quot;:&quot;&quot;,&quot;focal_length&quot;:&quot;0&quot;,&quot;iso&quot;:&quot;0&quot;,&quot;shutter_speed&quot;:&quot;0&quot;,&quot;title&quot;:&quot;&quot;,&quot;orientation&quot;:&quot;0&quot;}\" data-image-title=\"beyonce_-_cowboy_carter\" data-image-description=\"\" data-image-caption=\"\" data-large-file=\"https:\/\/i0.wp.com\/elabrevaderojm.com\/wp-content\/uploads\/2024\/04\/beyonce_-_cowboy_carter.png?fit=300%2C300&amp;ssl=1\" role=\"button\" tabindex=\"0\" aria-label=\"Open image 2 of 2 in full-screen\" srcset=\"https:\/\/i0.wp.com\/elabrevaderojm.com\/wp-content\/uploads\/2024\/04\/beyonce_-_cowboy_carter.png?strip=info&#038;w=300&#038;ssl=1 300w\" alt=\"\" data-height=\"300\" data-id=\"16604\" data-link=\"https:\/\/elabrevaderojm.com\/?attachment_id=16604\" data-url=\"https:\/\/elabrevaderojm.com\/wp-content\/uploads\/2024\/04\/beyonce_-_cowboy_carter.png?w=300\" data-width=\"300\" src=\"https:\/\/i0.wp.com\/elabrevaderojm.com\/wp-content\/uploads\/2024\/04\/beyonce_-_cowboy_carter.png?ssl=1\" data-amp-layout=\"responsive\" tabindex=\"0\" role=\"button\" aria-label=\"Abrir la imagen 2 de 2 en pantalla completa\"\/><\/figure><\/div><\/div><\/div><\/div><\/div>\n\n\n\n<p class=\"has-text-align-center has-alegreya-font-family has-custom-font wp-block-paragraph\" style=\"font-style:normal;font-weight:400;font-family:alegreya\">Izquierda: <strong>Presentaci\u00f3n de los colores en la Feria y Rodeo de la Estrella de Texas \u2014<em>Star of Texas Fair and Rodeo<\/em>\u2014, producida por <em>Rodeo Austin<\/em> en <a href=\"https:\/\/es.wikipedia.org\/wiki\/Austin\">Austin<\/a>, <a href=\"https:\/\/es.wikipedia.org\/wiki\/Texas\">Texas<\/a>. <\/strong>Derecha: <strong>Car\u00e1tula del <em>Cowboy Carter<\/em>. Beyonc\u00e9 monta el caballo sentada de lado, lo cual hist\u00f3ricamente<a href=\"https:\/\/en.wikipedia.org\/wiki\/Sidesaddle\"><\/a> se asociaba con mujeres de alto estatus. La imagen recuerda a las reinas del rodeo, a quienes a menudo se les pide que lleven la bandera estadounidense en una gran entrada, o sea, la emocionante apertura de cada Actuaci\u00f3n de Rodeo.<\/strong><\/p>\n\n\n\n<h3 class=\"wp-block-heading has-roboto-slab-font-family has-custom-font\" style=\"font-family:roboto-slab\"><strong>Pero el cielo no es azul\u2026<\/strong><\/h3>\n\n\n\n<p class=\"has-text-align-justify wp-block-paragraph\">Sin embargo, <strong>Beyonc\u00e9 no ha sido bien recibida <\/strong>por todos en la comunidad de la m\u00fasica <em>country<\/em>, pues ella ha recordado el rechazo cuando \u00abentr\u00f3 por primera vez en este g\u00e9nero\u00bb en una publicaci\u00f3n reciente de <em>Instagram<\/em>. Antes del lanzamiento de su \u00e1lbum de larga duraci\u00f3n, la cantante explic\u00f3 que la idea detr\u00e1s de \u00e9l naci\u00f3 despu\u00e9s de <strong>un incidente sin nombre \u00abhace a\u00f1os\u00bb<\/strong>.<\/p>\n\n\n\n<p class=\"has-text-align-justify has-dm-sans-font-family has-custom-font wp-block-paragraph\" style=\"font-family:dm-sans\">Aunque la cantante no detall\u00f3 el incidente sobre el que escribi\u00f3, los fan\u00e1ticos especulan abiertamente que se refiere a su actuaci\u00f3n con las <a href=\"https:\/\/es.wikipedia.org\/wiki\/The_Chicks\">Dixie Chicks<\/a> \u2014hoy The Chicks\u2014 en 2016. En ese entonces, se enfrent\u00f3 a las <strong>cr\u00edticas de la comunidad <em>country<\/em><\/strong>, incluidos los artistas que la descartaron como artista <em>pop<\/em>.<\/p>\n\n\n\n<p class=\"has-text-align-justify has-dm-sans-font-family has-custom-font wp-block-paragraph\" style=\"font-family:dm-sans\">\u00abEste \u00e1lbum ha estado m\u00e1s de cinco a\u00f1os en proceso. Naci\u00f3 de una experiencia que tuve hace a\u00f1os <strong>en la que no me sent\u00ed acogida<\/strong>&#8230; y estaba muy claro que no lo estaba\u00bb, record\u00f3 en la publicaci\u00f3n en <em>Instagram<\/em>.<\/p>\n\n\n\n<div class=\"wp-block-media-text has-media-on-the-right is-stacked-on-mobile\" style=\"grid-template-columns:auto 24%\"><div class=\"wp-block-media-text__content\">\n<p class=\"has-text-align-justify has-dm-sans-font-family wp-block-paragraph\">Resulta que Beyonc\u00e9 fue noticia por su aparici\u00f3n en los <strong>CMA<\/strong> de aquel a\u00f1o \u2014<em>Country Music Awards<\/em>, o \u00abPremios de la M\u00fasica Country\u00bb en castellano\u2014 interpretando, junto a The Chicks, la canci\u00f3n <em>country-pop Daddy Lessons<\/em>, que aparec\u00eda en su \u00faltimo \u00e1lbum en ese momento, <a href=\"https:\/\/es.wikipedia.org\/wiki\/Lemonade_(%C3%A1lbum)\"><em>Lemonade<\/em><\/a> (la car\u00e1tula en la foto).<\/p>\n<\/div><figure class=\"wp-block-media-text__media\"><img data-recalc-dims=\"1\" loading=\"lazy\" decoding=\"async\" width=\"335\" height=\"337\" data-attachment-id=\"16612\" data-permalink=\"https:\/\/elabrevaderojm.com\/en\/2024\/06\/11\/paul-mccartney-elogia-la-version-de-blackbird-hecha-por-beyonce\/lemonade-disco-1\/\" data-orig-file=\"https:\/\/i0.wp.com\/elabrevaderojm.com\/wp-content\/uploads\/2024\/04\/lemonade-disco-1.jpg?fit=335%2C337&amp;ssl=1\" data-orig-size=\"335,337\" data-comments-opened=\"1\" data-image-meta=\"{&quot;aperture&quot;:&quot;0&quot;,&quot;credit&quot;:&quot;&quot;,&quot;camera&quot;:&quot;&quot;,&quot;caption&quot;:&quot;&quot;,&quot;created_timestamp&quot;:&quot;0&quot;,&quot;copyright&quot;:&quot;&quot;,&quot;focal_length&quot;:&quot;0&quot;,&quot;iso&quot;:&quot;0&quot;,&quot;shutter_speed&quot;:&quot;0&quot;,&quot;title&quot;:&quot;&quot;,&quot;orientation&quot;:&quot;1&quot;}\" data-image-title=\"lemonade-disco-1\" data-image-description=\"\" data-image-caption=\"\" data-large-file=\"https:\/\/i0.wp.com\/elabrevaderojm.com\/wp-content\/uploads\/2024\/04\/lemonade-disco-1.jpg?fit=335%2C337&amp;ssl=1\" src=\"https:\/\/i0.wp.com\/elabrevaderojm.com\/wp-content\/uploads\/2024\/04\/lemonade-disco-1.jpg?resize=335%2C337&#038;ssl=1\" alt=\"\" class=\"wp-image-16612 size-full\"\/><\/figure><\/div>\n\n\n\n<figure class=\"wp-block-embed is-type-wp-embed is-provider-streamable wp-block-embed-streamable\"><div class=\"wp-block-embed__wrapper\">\n<iframe loading=\"lazy\" class=\"wp-embedded-content\" sandbox=\"allow-scripts\" security=\"restricted\" src=\"https:\/\/streamable.com\/o\/bmrv#?secret=RtTI1cNiub\" data-secret=\"RtTI1cNiub\" frameborder=\"0\" scrolling=\"no\" width=\"960\" height=\"540\"><\/iframe>\n<\/div><figcaption class=\"wp-element-caption\"><strong>Beyonc\u00e9 y The Chicks. <\/strong><\/figcaption><\/figure>\n\n\n\n<p class=\"has-text-align-justify has-dm-sans-font-family has-custom-font wp-block-paragraph\" style=\"font-family:dm-sans\">A pesar de que la poderosa actuaci\u00f3n recibi\u00f3 una reacci\u00f3n positiva de la multitud en ese momento, <strong>Beyonc\u00e9 se enfrent\u00f3 a una reacci\u00f3n racista <\/strong>de algunos fan\u00e1ticos del <em>country<\/em> enojados porque a ella, una orgullosa tejana negra, se le permiti\u00f3 cantar en el espect\u00e1culo.<\/p>\n\n\n\n<figure class=\"wp-block-table has-literata-font-family\"><table class=\"has-pale-ocean-gradient-background has-background has-fixed-layout\" style=\"border-width:4px\"><tbody><tr><td><mark style=\"background-color:rgba(0, 0, 0, 0);color:#f60606\" class=\"has-inline-color\"><strong>RELACIONADO:<\/strong> <\/mark><strong><a href=\"https:\/\/elabrevaderojm.com\/2024\/06\/11\/beyonce-es-comparada-con-un-perro-y-ahi-no-se-detiene-el-odio-de-la-derecha-republicana\/\">Beyonc\u00e9 es comparada con un perro\u2026 y ah\u00ed no se detiene el odio de la derecha republicana.<\/a><\/strong><\/td><\/tr><\/tbody><\/table><\/figure>\n\n\n\n<p class=\"has-text-align-justify has-dm-sans-font-family has-custom-font wp-block-paragraph\" style=\"font-family:dm-sans\">Si la celebraci\u00f3n se hab\u00eda efectuado el mi\u00e9rcoles 1\u00ba de noviembre, todav\u00eda el viernes 3, e incluso el s\u00e1bado 4, <strong>toda menci\u00f3n de Beyonc\u00e9 <\/strong>en el sitio <em>web<\/em> y la cuenta de <a href=\"https:\/\/es.wikipedia.org\/wiki\/X_(Red_social)\"><em>Twitter<\/em><\/a> \u2014ahora <em>X<\/em>\u2014 de CMA <strong>hab\u00eda sido borrada<\/strong>, y la asociaci\u00f3n no hab\u00eda proporcionado una raz\u00f3n de por qu\u00e9 elimin\u00f3 a la cantante de esas plataformas en l\u00ednea.<\/p>\n\n\n<div class=\"wp-block-image\">\n<figure class=\"aligncenter size-large\"><img data-recalc-dims=\"1\" loading=\"lazy\" decoding=\"async\" width=\"640\" height=\"295\" data-attachment-id=\"16616\" data-permalink=\"https:\/\/elabrevaderojm.com\/en\/2024\/06\/11\/paul-mccartney-elogia-la-version-de-blackbird-hecha-por-beyonce\/tuit-sobre-borrado-de-beyonce-1\/\" data-orig-file=\"https:\/\/i0.wp.com\/elabrevaderojm.com\/wp-content\/uploads\/2024\/04\/tuit-sobre-borrado-de-beyonce-1.jpg?fit=692%2C319&amp;ssl=1\" data-orig-size=\"692,319\" data-comments-opened=\"1\" data-image-meta=\"{&quot;aperture&quot;:&quot;0&quot;,&quot;credit&quot;:&quot;&quot;,&quot;camera&quot;:&quot;&quot;,&quot;caption&quot;:&quot;&quot;,&quot;created_timestamp&quot;:&quot;0&quot;,&quot;copyright&quot;:&quot;&quot;,&quot;focal_length&quot;:&quot;0&quot;,&quot;iso&quot;:&quot;0&quot;,&quot;shutter_speed&quot;:&quot;0&quot;,&quot;title&quot;:&quot;&quot;,&quot;orientation&quot;:&quot;1&quot;}\" data-image-title=\"tuit-sobre-borrado-de-beyonce-1\" data-image-description=\"\" data-image-caption=\"\" data-large-file=\"https:\/\/i0.wp.com\/elabrevaderojm.com\/wp-content\/uploads\/2024\/04\/tuit-sobre-borrado-de-beyonce-1.jpg?fit=640%2C295&amp;ssl=1\" src=\"https:\/\/i0.wp.com\/elabrevaderojm.com\/wp-content\/uploads\/2024\/04\/tuit-sobre-borrado-de-beyonce-1.jpg?resize=640%2C295&#038;ssl=1\" alt=\"\" class=\"wp-image-16616\"\/><figcaption class=\"wp-element-caption\"><strong>Tuits como estos expresaban la preocupaci\u00f3n de la fanaticada. Detallen la fecha.<\/strong><\/figcaption><\/figure>\n<\/div>\n\n\n<p class=\"has-text-align-justify has-dm-sans-font-family has-custom-font wp-block-paragraph\" style=\"font-family:dm-sans\">Sin embargo, alrededor de las 5 p.m. ET \u2014hora del este\u2014 del jueves, la p\u00e1gina de <em>Instagram<\/em> de CMA reprogram\u00f3 una de las fotos de la cantante del programa, la cual pareci\u00f3 ser la \u00fanica publicaci\u00f3n de la actuaci\u00f3n de Beyonc\u00e9 que comparti\u00f3 la asociaci\u00f3n:<\/p>\n\n\n<div class=\"wp-block-image\">\n<figure class=\"aligncenter size-large\"><img data-recalc-dims=\"1\" loading=\"lazy\" decoding=\"async\" width=\"329\" height=\"497\" data-attachment-id=\"16621\" data-permalink=\"https:\/\/elabrevaderojm.com\/en\/2024\/06\/11\/paul-mccartney-elogia-la-version-de-blackbird-hecha-por-beyonce\/foto-en-instag-cma-1\/\" data-orig-file=\"https:\/\/i0.wp.com\/elabrevaderojm.com\/wp-content\/uploads\/2024\/04\/foto-en-instag-cma-1.jpg?fit=329%2C497&amp;ssl=1\" data-orig-size=\"329,497\" data-comments-opened=\"1\" data-image-meta=\"{&quot;aperture&quot;:&quot;0&quot;,&quot;credit&quot;:&quot;&quot;,&quot;camera&quot;:&quot;&quot;,&quot;caption&quot;:&quot;&quot;,&quot;created_timestamp&quot;:&quot;0&quot;,&quot;copyright&quot;:&quot;&quot;,&quot;focal_length&quot;:&quot;0&quot;,&quot;iso&quot;:&quot;0&quot;,&quot;shutter_speed&quot;:&quot;0&quot;,&quot;title&quot;:&quot;&quot;,&quot;orientation&quot;:&quot;1&quot;}\" data-image-title=\"foto-en-instag-cma-1\" data-image-description=\"\" data-image-caption=\"\" data-large-file=\"https:\/\/i0.wp.com\/elabrevaderojm.com\/wp-content\/uploads\/2024\/04\/foto-en-instag-cma-1.jpg?fit=329%2C497&amp;ssl=1\" src=\"https:\/\/i0.wp.com\/elabrevaderojm.com\/wp-content\/uploads\/2024\/04\/foto-en-instag-cma-1.jpg?resize=329%2C497&#038;ssl=1\" alt=\"\" class=\"wp-image-16621\"\/><figcaption class=\"wp-element-caption\"><strong>Esta es la misma foto utilizada en el <a href=\"https:\/\/es.wikipedia.org\/wiki\/Sencillo\">sencillo promocional<\/a> de Beyonc\u00e9 con The Chicks.<\/strong><\/figcaption><\/figure>\n<\/div>\n\n\n<p class=\"has-text-align-justify has-dm-sans-font-family has-custom-font wp-block-paragraph\" style=\"font-family:dm-sans\">R\u00e1pidamente se especul\u00f3 que los CMA hab\u00edan eliminado toda menci\u00f3n a Beyonc\u00e9 <strong>como resultado de las cr\u00edticas con tintes raciales <\/strong>a la decisi\u00f3n de dejarla actuar. Algunos estaban enojados porque los CMA le permitieron tocar \u00absu m\u00fasica\u00bb en \u00abnuestro espect\u00e1culo de m\u00fasica <em>country<\/em>\u00bb, cuando (Beyonc\u00e9) \u00abodia a los polic\u00edas, a los blancos, y apoya a <strong>BLM<\/strong> (<em>Black Lives Matter<\/em>; en castellano: \u201c<a href=\"https:\/\/es.wikipedia.org\/wiki\/Black_Lives_Matter\">Las vidas negras importan<\/a>\u201d)\u00bb.<\/p>\n\n\n\n<p class=\"has-text-align-justify has-dm-sans-font-family has-custom-font wp-block-paragraph\" style=\"font-family:dm-sans\">Un usuario de <em>X<\/em> tuite\u00f3: \u00abTener a Beyonc\u00e9 actuando en los CMA es como tener a <a href=\"https:\/\/es.wikipedia.org\/wiki\/Taylor_Swift\">Taylor Swift<\/a> actuando en los <a href=\"https:\/\/es.wikipedia.org\/wiki\/BET_Awards\">Premios BET<\/a>\u00bb (BET se refiere a <a href=\"https:\/\/es.wikipedia.org\/wiki\/Black_Entertainment_Television\"><em>Black Entertainment Television<\/em><\/a>).<\/p>\n\n\n<div class=\"wp-block-image\">\n<figure class=\"aligncenter size-large\"><img data-recalc-dims=\"1\" loading=\"lazy\" decoding=\"async\" width=\"421\" height=\"471\" data-attachment-id=\"16623\" data-permalink=\"https:\/\/elabrevaderojm.com\/en\/2024\/06\/11\/paul-mccartney-elogia-la-version-de-blackbird-hecha-por-beyonce\/tuit-de-taylor-swift-sobre-bet-1\/\" data-orig-file=\"https:\/\/i0.wp.com\/elabrevaderojm.com\/wp-content\/uploads\/2024\/04\/tuit-de-taylor-swift-sobre-bet-1.jpg?fit=421%2C471&amp;ssl=1\" data-orig-size=\"421,471\" data-comments-opened=\"1\" data-image-meta=\"{&quot;aperture&quot;:&quot;0&quot;,&quot;credit&quot;:&quot;&quot;,&quot;camera&quot;:&quot;&quot;,&quot;caption&quot;:&quot;&quot;,&quot;created_timestamp&quot;:&quot;0&quot;,&quot;copyright&quot;:&quot;&quot;,&quot;focal_length&quot;:&quot;0&quot;,&quot;iso&quot;:&quot;0&quot;,&quot;shutter_speed&quot;:&quot;0&quot;,&quot;title&quot;:&quot;&quot;,&quot;orientation&quot;:&quot;1&quot;}\" data-image-title=\"tuit-de-taylor-swift-sobre-bet-1\" data-image-description=\"\" data-image-caption=\"\" data-large-file=\"https:\/\/i0.wp.com\/elabrevaderojm.com\/wp-content\/uploads\/2024\/04\/tuit-de-taylor-swift-sobre-bet-1.jpg?fit=421%2C471&amp;ssl=1\" src=\"https:\/\/i0.wp.com\/elabrevaderojm.com\/wp-content\/uploads\/2024\/04\/tuit-de-taylor-swift-sobre-bet-1.jpg?resize=421%2C471&#038;ssl=1\" alt=\"\" class=\"wp-image-16623\"\/><figcaption class=\"wp-element-caption\"><strong>Un usuario de <em>X<\/em> retuiti\u00f3 un mensaje de Taylor Swift sobre su descontento con los premios BET. <\/strong><\/figcaption><\/figure>\n<\/div>\n\n\n<figure class=\"wp-block-table has-literata-font-family\"><table class=\"has-pale-ocean-gradient-background has-background has-fixed-layout\" style=\"border-width:4px\"><tbody><tr><td><strong><mark style=\"background-color:rgba(0, 0, 0, 0);color:#f80000\" class=\"has-inline-color\">RELACIONADO:<\/mark> <a href=\"https:\/\/elabrevaderojm.com\/2024\/06\/11\/taylor-swift-es-otro-camaleon-musical-i\/\">\u00bfTaylor Swift es otro \u00abcamale\u00f3n musical\u00bb? (I)<\/a><\/strong><\/td><\/tr><\/tbody><\/table><\/figure>\n\n\n\n<p class=\"has-text-align-justify has-dm-sans-font-family has-custom-font wp-block-paragraph\" style=\"font-family:dm-sans\">Las fuentes le dijeron a <a href=\"https:\/\/es.wikipedia.org\/wiki\/TMZ\"><em>TMZ<\/em><\/a> que, de hecho, CMA <strong>eliminaron toda menci\u00f3n a Beyonc\u00e9 como resultado de las cr\u00edticas racistas<\/strong>, as\u00ed como para distanciar la entrega de estos premios del movimiento BLM. Pero en una declaraci\u00f3n proporcionada a <em>The Huffington Post<\/em> \u2014hoy <a href=\"https:\/\/es.wikipedia.org\/wiki\/HuffPost\"><em>HuffPost<\/em><\/a>\u2014, la asociaci\u00f3n dijo que ese no hab\u00eda sido el caso.<\/p>\n\n\n\n<p class=\"has-text-align-justify has-dm-sans-font-family has-custom-font wp-block-paragraph\" style=\"font-family:dm-sans\">El resto es claramente historia, ya que Beyonc\u00e9 decidi\u00f3 apoyarse por completo en esa cr\u00edtica al lanzar un \u00e1lbum <em>country<\/em> en su totalidad que ya ha batido r\u00e9cords, y la convirti\u00f3 en la <strong>primera artista femenina negra<\/strong> en encabezar la lista <em>Hot 100 Country Songs<\/em> de <a href=\"https:\/\/es.wikipedia.org\/wiki\/Anexo:Listas_de_Billboard\"><em>Billboard<\/em><\/a> con <em>Texas Hold &#8216;Em<\/em>.<\/p>\n\n\n\n<h3 class=\"wp-block-heading has-roboto-slab-font-family has-custom-font\" style=\"font-family:roboto-slab\"><strong>Tambi\u00e9n le reconoce<\/strong><\/h3>\n\n\n\n<div class=\"wp-block-media-text is-stacked-on-mobile\" style=\"grid-template-columns:38% auto\"><figure class=\"wp-block-media-text__media\"><img data-recalc-dims=\"1\" loading=\"lazy\" decoding=\"async\" width=\"410\" height=\"271\" data-attachment-id=\"16657\" data-permalink=\"https:\/\/elabrevaderojm.com\/en\/2024\/06\/11\/paul-mccartney-elogia-la-version-de-blackbird-hecha-por-beyonce\/white-stripes-1\/\" data-orig-file=\"https:\/\/i0.wp.com\/elabrevaderojm.com\/wp-content\/uploads\/2024\/04\/white-stripes-1.jpg?fit=410%2C271&amp;ssl=1\" data-orig-size=\"410,271\" data-comments-opened=\"1\" data-image-meta=\"{&quot;aperture&quot;:&quot;0&quot;,&quot;credit&quot;:&quot;&quot;,&quot;camera&quot;:&quot;&quot;,&quot;caption&quot;:&quot;&quot;,&quot;created_timestamp&quot;:&quot;0&quot;,&quot;copyright&quot;:&quot;&quot;,&quot;focal_length&quot;:&quot;0&quot;,&quot;iso&quot;:&quot;0&quot;,&quot;shutter_speed&quot;:&quot;0&quot;,&quot;title&quot;:&quot;&quot;,&quot;orientation&quot;:&quot;1&quot;}\" data-image-title=\"white-stripes-1\" data-image-description=\"\" data-image-caption=\"\" data-large-file=\"https:\/\/i0.wp.com\/elabrevaderojm.com\/wp-content\/uploads\/2024\/04\/white-stripes-1.jpg?fit=410%2C271&amp;ssl=1\" src=\"https:\/\/i0.wp.com\/elabrevaderojm.com\/wp-content\/uploads\/2024\/04\/white-stripes-1.jpg?resize=410%2C271&#038;ssl=1\" alt=\"\" class=\"wp-image-16657 size-full\"\/><\/figure><div class=\"wp-block-media-text__content\">\n<p class=\"has-text-align-justify has-dm-sans-font-family wp-block-paragraph\" style=\"font-size:18px\">Por cierto, McCartney<strong> no es el \u00fanico \u00edcono del <em>rock<\/em> que ha hablado muy bien del nuevo \u00e1lbum de Beyonc\u00e9<\/strong>. Aunque el nuevo \u00e1lbum de esta sea una oda a sus ra\u00edces <em>country<\/em>, una de las personas que la inspir\u00f3 a hacerlo fue un \u00edcono del <em>indie rock<\/em>: <a href=\"https:\/\/es.wikipedia.org\/wiki\/Jack_White\">Jack White<\/a>, exmiembro del d\u00fao <a href=\"https:\/\/es.wikipedia.org\/wiki\/The_White_Stripes\">The White Stripes<\/a> (en la foto).<\/p>\n<\/div><\/div>\n\n\n\n<p class=\"has-text-align-justify has-dm-sans-font-family has-custom-font wp-block-paragraph\" style=\"font-family:dm-sans\">El martes (2 de abril), el roquero comparti\u00f3 un par de fotos en <em>Instagram<\/em> mostrando un ramo de flores que la cantante le envi\u00f3 con una sentida nota que dec\u00eda: \u00abJack, espero que est\u00e9s bien. Solo quer\u00eda que supieras <strong>lo mucho que me inspiraste en este disco.<\/strong> Te mando mi amor, Beyonc\u00e9\u00bb.<\/p>\n\n\n\n<p class=\"has-dm-sans-font-family has-custom-font wp-block-paragraph\" style=\"font-family:dm-sans\">Por su parte, Jack respondi\u00f3 con este mensaje:<\/p>\n\n\n<div class=\"wp-block-image\">\n<figure class=\"aligncenter size-large\"><img data-recalc-dims=\"1\" loading=\"lazy\" decoding=\"async\" width=\"410\" height=\"625\" data-attachment-id=\"16661\" data-permalink=\"https:\/\/elabrevaderojm.com\/en\/2024\/06\/11\/paul-mccartney-elogia-la-version-de-blackbird-hecha-por-beyonce\/msg-de-jack-white-x-flores-de-betonce\/\" data-orig-file=\"https:\/\/i0.wp.com\/elabrevaderojm.com\/wp-content\/uploads\/2024\/04\/msg-de-jack-white-x-flores-de-betonce.jpg?fit=410%2C625&amp;ssl=1\" data-orig-size=\"410,625\" data-comments-opened=\"1\" data-image-meta=\"{&quot;aperture&quot;:&quot;0&quot;,&quot;credit&quot;:&quot;&quot;,&quot;camera&quot;:&quot;&quot;,&quot;caption&quot;:&quot;&quot;,&quot;created_timestamp&quot;:&quot;0&quot;,&quot;copyright&quot;:&quot;&quot;,&quot;focal_length&quot;:&quot;0&quot;,&quot;iso&quot;:&quot;0&quot;,&quot;shutter_speed&quot;:&quot;0&quot;,&quot;title&quot;:&quot;&quot;,&quot;orientation&quot;:&quot;0&quot;}\" data-image-title=\"msg-de-jack-white-x-flores-de-betonce\" data-image-description=\"\" data-image-caption=\"\" data-large-file=\"https:\/\/i0.wp.com\/elabrevaderojm.com\/wp-content\/uploads\/2024\/04\/msg-de-jack-white-x-flores-de-betonce.jpg?fit=410%2C625&amp;ssl=1\" src=\"https:\/\/i0.wp.com\/elabrevaderojm.com\/wp-content\/uploads\/2024\/04\/msg-de-jack-white-x-flores-de-betonce.jpg?resize=410%2C625&#038;ssl=1\" alt=\"\" class=\"wp-image-16661\"\/><\/figure>\n<\/div>\n\n\n<p class=\"has-text-align-center has-eb-garamond-font-family has-custom-font wp-block-paragraph\" style=\"font-family:eb-garamond\"><strong>\u00abQu\u00e9 dulce gesto para ser recibido aqu\u00ed en Nashville esta ma\u00f1ana de la talentosa y amable <a href=\"https:\/\/www.instagram.com\/beyonce\/\" target=\"_blank\" rel=\"noreferrer noopener\">@beyonce<\/a> celebrando su nuevo \u00e1lbum <em>Cowboy Carter.<\/em> Mucho amor y respeto para usted, se\u00f1ora, y gracias amablemente. Siga haciendo m\u00fasica hermosa y poderosa, nadie canta como usted\u00bb.<\/strong><\/p>\n\n\n\n<p class=\"has-text-align-justify has-dm-sans-font-family has-custom-font wp-block-paragraph\" style=\"font-family:dm-sans\">A pesar de que White no apareci\u00f3 en este \u00e1lbum, colabor\u00f3 con Beyonc\u00e9 en <em>Lemonade <\/em>de 2016, prestando su guitarra y voz a <em>Don&#8217;t Hurt Yourself<\/em>.<\/p>\n\n\n\n<figure class=\"wp-block-embed is-type-video is-provider-youtube wp-block-embed-youtube wp-embed-aspect-16-9 wp-has-aspect-ratio\"><div class=\"wp-block-embed__wrapper\">\n<div class=\"jetpack-video-wrapper\"><span class=\"embed-youtube\" style=\"text-align:center; display: block;\"><iframe loading=\"lazy\" class=\"youtube-player\" width=\"640\" height=\"360\" src=\"https:\/\/www.youtube.com\/embed\/10pOVWHrWck?version=3&#038;rel=1&#038;showsearch=0&#038;showinfo=1&#038;iv_load_policy=1&#038;fs=1&#038;hl=en-US&#038;autohide=2&#038;wmode=transparent\" allowfullscreen=\"true\" style=\"border:0;\" sandbox=\"allow-scripts allow-same-origin allow-popups allow-presentation allow-popups-to-escape-sandbox\"><\/iframe><\/span><\/div>\n<\/div><\/figure>\n\n\n\n<p class=\"has-text-align-justify has-dm-sans-font-family has-custom-font wp-block-paragraph\" style=\"font-family:dm-sans\">El d\u00fao ahora tambi\u00e9n tiene otra cosa en com\u00fan: ambos han hecho una versi\u00f3n de <em>Jolene<\/em> de Dolly Parton <img data-recalc-dims=\"1\" loading=\"lazy\" decoding=\"async\" width=\"99\" height=\"160\" data-attachment-id=\"18140\" data-permalink=\"https:\/\/elabrevaderojm.com\/en\/2024\/06\/11\/paul-mccartney-elogia-la-version-de-blackbird-hecha-por-beyonce\/dolly-parton-1-2\/\" data-orig-file=\"https:\/\/i0.wp.com\/elabrevaderojm.com\/wp-content\/uploads\/2024\/06\/dolly-parton-1.jpg?fit=99%2C160&amp;ssl=1\" data-orig-size=\"99,160\" data-comments-opened=\"1\" data-image-meta=\"{&quot;aperture&quot;:&quot;0&quot;,&quot;credit&quot;:&quot;&quot;,&quot;camera&quot;:&quot;&quot;,&quot;caption&quot;:&quot;&quot;,&quot;created_timestamp&quot;:&quot;0&quot;,&quot;copyright&quot;:&quot;&quot;,&quot;focal_length&quot;:&quot;0&quot;,&quot;iso&quot;:&quot;0&quot;,&quot;shutter_speed&quot;:&quot;0&quot;,&quot;title&quot;:&quot;&quot;,&quot;orientation&quot;:&quot;1&quot;}\" data-image-title=\"dolly-parton 1\" data-image-description=\"\" data-image-caption=\"\" data-large-file=\"https:\/\/i0.wp.com\/elabrevaderojm.com\/wp-content\/uploads\/2024\/06\/dolly-parton-1.jpg?fit=99%2C160&amp;ssl=1\" class=\"wp-image-18140\" style=\"width: 50px\" src=\"https:\/\/i0.wp.com\/elabrevaderojm.com\/wp-content\/uploads\/2024\/06\/dolly-parton-1.jpg?resize=99%2C160&#038;ssl=1\" alt=\"\">.<\/p>\n\n\n\n<figure class=\"wp-block-audio\"><audio controls src=\"https:\/\/elabrevaderojm.com\/wp-content\/uploads\/2024\/04\/the-white-stripes-jolene-studio-version.mp3\"><\/audio><figcaption class=\"wp-element-caption\"><strong>Jack White canta <em>Jolene<\/em>. <\/strong><\/figcaption><\/figure>\n\n\n\n<p class=\"has-text-align-justify has-dm-sans-font-family has-custom-font wp-block-paragraph\" style=\"font-family:dm-sans\">Los fan\u00e1ticos estaban fuera de s\u00ed y ahora esperan que esto signifique que <strong>la estrella del <em>pop<\/em> incursionar\u00e1 en el <em>rock<\/em> <\/strong>a continuaci\u00f3n.<\/p>\n\n\n<div class=\"wp-block-coblocks-shape-divider is-style-waves mt-0 mb-0\" style=\"color: #111;\" aria-hidden=\"true\">\n\t\t\t<div class=\"wp-block-coblocks-shape-divider__svg-wrapper\" style=\"height:84px;\">\n\t\t\t\t<svg class=\"divider--waves\" fill=\"\" xmlns=\"http:\/\/www.w3.org\/2000\/svg\" viewBox=\"0 0 1000 300\" preserveAspectRatio=\"none\"><path d=\"M 1000 299 l 2 -279 c -155 -36 -310 135 -415 164 c -102.64 28.35 -149 -32 -232 -31 c -80 1 -142 53 -229 80 c -65.54 20.34 -101 15 -126 11.61 v 54.39 z\"><\/path><path d=\"M 1000 286 l 2 -252 c -157 -43 -302 144 -405 178 c -101.11 33.38 -159 -47 -242 -46 c -80 1 -145.09 54.07 -229 87 c -65.21 25.59 -104.07 16.72 -126 10.61 v 22.39 z\"><\/path><path d=\"M 1000 300 l 1 -230.29 c -217 -12.71 -300.47 129.15 -404 156.29 c -103 27 -174 -30 -257 -29 c -80 1 -130.09 37.07 -214 70 c -61.23 24 -108 15.61 -126 10.61 v 22.39 z\"><\/path><\/svg>\n\t\t\t<\/div>\n\t\t\t<div class=\"wp-block-coblocks-shape-divider__alt-wrapper\" style=\"height:22px;\"><\/div>\n\t\t<\/div>\n\n\n<p class=\"has-text-align-justify has-dm-sans-font-family has-custom-font wp-block-paragraph\" style=\"font-family:dm-sans\">Personalmente, no sigo la m\u00fasica ni el quehacer de Beyonc\u00e9. Pero ahora siento harta curiosidad por enterarme a qui\u00e9n escoger\u00eda para grabar un disco de <em>rock<\/em>, si es que, al fin, lo hace.<\/p>\n\n\n\n<p class=\"has-text-align-justify has-dm-sans-font-family has-custom-font wp-block-paragraph\" style=\"font-family:dm-sans\">Y t\u00fa, lector, \u00bfsigues a esta cantante? \u00bfQu\u00e9 piensas de su m\u00fasica y trabajo art\u00edstico? \u00bfQu\u00e9 opinas del aval de Paul a la nueva versi\u00f3n hecha a su vieja canci\u00f3n? \u00bfEs merecido? Hazte escuchar\/leer en los comentarios.<\/p>\n\n\n\n<figure class=\"wp-block-table has-literata-font-family\"><table class=\"has-pale-ocean-gradient-background has-background has-fixed-layout\" style=\"border-width:4px\"><tbody><tr><td><strong><mark style=\"background-color:rgba(0, 0, 0, 0);color:#f60808\" class=\"has-inline-color\">RELACIONADO:<\/mark><\/strong> <strong><a href=\"https:\/\/elabrevaderojm.com\/2024\/06\/11\/apendice-fuentes-no-citadas\/\">Ap\u00e9ndice: Fuentes no citadas<\/a> <\/strong>(para<strong> <\/strong>saber sobre los articulistas cuyas informaciones utilic\u00e9 y que no fueron mencionados aqu\u00ed).<\/td><\/tr><\/tbody><\/table><\/figure>\n\n\n\n<hr class=\"wp-block-separator has-alpha-channel-opacity is-style-wide\"\/>\n\n\n\n<p class=\"has-text-align-justify has-dm-sans-font-family has-custom-font wp-block-paragraph\" style=\"font-family:dm-sans\">Si te ha gustado este art\u00edculo, demu\u00e9stralo con un \u00abpulgar arriba\u00bb y un \u00abaplauso\u00bb, y compartiendo el contenido con tus amistades y en tus redes sociales. Es muy gratificante. Y quiz\u00e1s otras personas se enteren de estas cosas interesantes que has le\u00eddo hoy.<\/p>\n\n\n\n<p class=\"has-text-align-justify has-dm-sans-font-family has-custom-font wp-block-paragraph\" style=\"font-family:dm-sans\">Si tienes algo que comentar, preguntar o agregar, o decirme como expositor, por favor hazlo dejando tu comentario.<\/p>\n\n\n\n<p class=\"has-text-align-justify has-dm-sans-font-family has-custom-font wp-block-paragraph\" style=\"font-family:dm-sans\">Siempre lo mejor para estar al tanto de estas interesantes entregas es suscribirte a mi blog, que trato de surtir con nuevos trabajos siempre que me sea posible.<\/p>\n\n\n\n<p class=\"has-dm-sans-font-family has-custom-font wp-block-paragraph\" style=\"font-family:dm-sans\">Gracias por leer.<\/p>\n\n\n\n<div class=\"wp-block-comments\">\n\t\t<div id=\"respond\" class=\"comment-respond wp-block-post-comments-form\">\n\t\t\t<h3 id=\"reply-title\" class=\"comment-reply-title\">Leave a Reply<small><a rel=\"nofollow\" id=\"cancel-comment-reply-link\" href=\"\/en\/wp-json\/wp\/v2\/posts\/16551#respond\" style=\"display:none;\">Cancel reply<\/a><\/small><\/h3>\t\t\t<form id=\"commentform\" class=\"comment-form\">\n\t\t\t\t<iframe\n\t\t\t\t\ttitle=\"Comment Form\"\n\t\t\t\t\tsrc=\"https:\/\/jetpack.wordpress.com\/jetpack-comment\/?blogid=153735515&#038;postid=16551&#038;comment_registration=0&#038;require_name_email=0&#038;stc_enabled=1&#038;stb_enabled=1&#038;show_avatars=1&#038;avatar_default=identicon&#038;greeting=Leave+a+Reply&#038;jetpack_comments_nonce=34f4629f74&#038;greeting_reply=Leave+a+Reply+to+%25s&#038;color_scheme=light&#038;lang=en_US&#038;jetpack_version=16.2-a.5&#038;iframe_unique_id=4&#038;show_cookie_consent=10&#038;has_cookie_consent=0&#038;is_current_user_subscribed=0&#038;token_key=%3Bnormal%3B&#038;sig=04394a7250dfec339d8cbf6f0fe9f71f9eb58005#parent=https%3A%2F%2Felabrevaderojm.com%2Fen%2Fwp-json%2Fwp%2Fv2%2Fposts%2F16551\"\n\t\t\t\t\t\t\t\t\t\t\tname=\"jetpack_remote_comment\"\n\t\t\t\t\t\tstyle=\"width:100%; height: 430px; border:0;\"\n\t\t\t\t\t\t\t\t\t\tclass=\"jetpack_remote_comment\"\n\t\t\t\t\tid=\"jetpack_remote_comment\"\n\t\t\t\t\tsandbox=\"allow-same-origin allow-top-navigation allow-scripts allow-forms allow-popups\"\n\t\t\t\t>\n\t\t\t\t\t\t\t\t\t<\/iframe>\n\t\t\t\t\t\t\t\t\t<!--[if !IE]><!-->\n\t\t\t\t\t<script>\n\t\t\t\t\t\tdocument.addEventListener('DOMContentLoaded', function () {\n\t\t\t\t\t\t\tvar commentForms = document.getElementsByClassName('jetpack_remote_comment');\n\t\t\t\t\t\t\tfor (var i = 0; i < commentForms.length; i++) {\n\t\t\t\t\t\t\t\tcommentForms[i].allowTransparency = false;\n\t\t\t\t\t\t\t\tcommentForms[i].scrolling = 'no';\n\t\t\t\t\t\t\t}\n\t\t\t\t\t\t});\n\t\t\t\t\t<\/script>\n\t\t\t\t\t<!--<![endif]-->\n\t\t\t\t\t\t\t<\/form>\n\t\t<\/div>\n\n\t\t\n\t\t<input type=\"hidden\" name=\"comment_parent\" id=\"comment_parent\" value=\"\" \/>\n\n\t\t<\/div>\n\n\n<div class=\"crowdsignal-vote-wrapper\" data-crowdsignal-vote=\"{&quot;pollId&quot;:&quot;874b699c-cd68-4f20-a5c7-3398de310c88&quot;,&quot;title&quot;:&quot;Votaci\\u00f3n sin t\\u00edtulo 2&quot;,&quot;hideBranding&quot;:false,&quot;pollStatus&quot;:&quot;open&quot;,&quot;size&quot;:&quot;medium&quot;,&quot;borderWidth&quot;:1,&quot;borderRadius&quot;:5,&quot;hideResults&quot;:false,&quot;TrpContentRestriction&quot;:{&quot;restriction_type&quot;:&quot;exclude&quot;,&quot;selected_languages&quot;:[],&quot;panel_open&quot;:true},&quot;apiPollData&quot;:{&quot;id&quot;:13655662,&quot;question&quot;:&quot;&quot;,&quot;note&quot;:&quot;&quot;,&quot;settings&quot;:{&quot;title&quot;:&quot;Votaci\\u00f3n sin t\\u00edtulo 2&quot;,&quot;after_vote&quot;:&quot;results&quot;,&quot;after_message&quot;:&quot;&quot;,&quot;randomize_answers&quot;:false,&quot;restrict_vote_repeat&quot;:false,&quot;captcha&quot;:false,&quot;multiple_choice&quot;:false,&quot;redirect_url&quot;:&quot;&quot;,&quot;close_status&quot;:&quot;open&quot;,&quot;close_after&quot;:false},&quot;answers&quot;:[{&quot;answer_text&quot;:&quot;up&quot;,&quot;id&quot;:60987875,&quot;client_id&quot;:&quot;70141f01-e3d6-4e19-bc6f-ebcf1fca2d09&quot;},{&quot;answer_text&quot;:&quot;down&quot;,&quot;id&quot;:60987876,&quot;client_id&quot;:&quot;fee336ed-3a13-4e2d-89e9-138716893bc6&quot;}],&quot;source_link&quot;:&quot;https:\\\/\\\/elabrevaderojm.com&quot;,&quot;client_id&quot;:&quot;874b699c-cd68-4f20-a5c7-3398de310c88&quot;}}\">\n<div data-crowdsignal-vote-item=\"{&quot;answerId&quot;:&quot;70141f01-e3d6-4e19-bc6f-ebcf1fca2d09&quot;,&quot;type&quot;:&quot;up&quot;,&quot;TrpContentRestriction&quot;:{&quot;restriction_type&quot;:&quot;exclude&quot;,&quot;selected_languages&quot;:[],&quot;panel_open&quot;:true}}\"><\/div>\n\n<div data-crowdsignal-vote-item=\"{&quot;answerId&quot;:&quot;fee336ed-3a13-4e2d-89e9-138716893bc6&quot;,&quot;type&quot;:&quot;down&quot;,&quot;TrpContentRestriction&quot;:{&quot;restriction_type&quot;:&quot;exclude&quot;,&quot;selected_languages&quot;:[],&quot;panel_open&quot;:true}}\"><\/div>\n<\/div>\n\n<div class=\"crowdsignal-applause-wrapper\" data-crowdsignal-applause=\"{&quot;pollId&quot;:&quot;601396a6-a756-4217-8844-70ca794fd979&quot;,&quot;title&quot;:&quot;Aplauso sin t\\u00edtulo 2&quot;,&quot;answerId&quot;:&quot;581cadac-ec42-426f-ab06-a6ac6b8f7807&quot;,&quot;hideBranding&quot;:false,&quot;size&quot;:&quot;medium&quot;,&quot;pollStatus&quot;:&quot;open&quot;,&quot;TrpContentRestriction&quot;:{&quot;restriction_type&quot;:&quot;exclude&quot;,&quot;selected_languages&quot;:[],&quot;panel_open&quot;:true},&quot;apiPollData&quot;:{&quot;id&quot;:13655663,&quot;question&quot;:&quot;&quot;,&quot;note&quot;:&quot;&quot;,&quot;settings&quot;:{&quot;title&quot;:&quot;Aplauso sin t\\u00edtulo 2&quot;,&quot;after_vote&quot;:&quot;results&quot;,&quot;after_message&quot;:&quot;&quot;,&quot;randomize_answers&quot;:false,&quot;restrict_vote_repeat&quot;:false,&quot;captcha&quot;:false,&quot;multiple_choice&quot;:false,&quot;redirect_url&quot;:&quot;&quot;,&quot;close_status&quot;:&quot;open&quot;,&quot;close_after&quot;:false},&quot;answers&quot;:[{&quot;answer_text&quot;:&quot;clap&quot;,&quot;id&quot;:60987877,&quot;client_id&quot;:&quot;581cadac-ec42-426f-ab06-a6ac6b8f7807&quot;}],&quot;source_link&quot;:&quot;https:\\\/\\\/elabrevaderojm.com&quot;,&quot;client_id&quot;:&quot;601396a6-a756-4217-8844-70ca794fd979&quot;}}\"><\/div>\n\n\n<hr class=\"wp-block-separator has-text-color has-foreground-color has-alpha-channel-opacity has-foreground-background-color has-background is-style-dots\"\/>\n\n\n\n<p class=\"has-text-align-center has-plus-jakarta-sans-font-family has-custom-font wp-block-paragraph\" style=\"font-family:plus-jakarta-sans\"><strong>NOTAS AL PIE<\/strong><\/p>\n\n\n<ol class=\"wp-block-footnotes has-crimson-pro-font-family\"><li id=\"8965810c-4d72-46d3-b658-ea89f511648b\">Daniel Kreps es redactor de <em>Rolling Stone<\/em>, donde se especializa en todo lo relacionado con la cultura <em>pop<\/em> y la historia del <em>rock<\/em>. El trabajo de Daniel tambi\u00e9n ha aparecido en <em><a href=\"https:\/\/es.wikipedia.org\/wiki\/Spin_(revista)\">Spin<\/a><\/em>, <em><a href=\"https:\/\/es.wikipedia.org\/wiki\/Yahoo!_Music\">Yahoo! Music<\/a>,<\/em> y m\u00e1s. Se gradu\u00f3 de Ithaca College y es un fan\u00e1tico de los <em><a href=\"https:\/\/en.wikipedia.org\/wiki\/New_York_Mets\">(New York) Mets<\/a><\/em> de toda la vida.<br>Ithaca College es una universidad privada en <a href=\"https:\/\/es.wikipedia.org\/wiki\/Ithaca_(pueblo)\">Ithaca<\/a>, <a href=\"https:\/\/es.wikipedia.org\/wiki\/Nueva_York_(estado)\">estado de Nueva York<\/a>. Fue fundado por William Egbert en 1892 como conservatorio <a href=\"https:\/\/en.wikipedia.org\/wiki\/Music_school\"><\/a>\u00a0de m\u00fasica. Ithaca College es conocido por la Escuela de Comunicaciones Roy H. Park. La universidad tiene un enfoque en <a href=\"https:\/\/es.wikipedia.org\/wiki\/Artes_liberales\">artes liberales<\/a> y ofrece varios programas preprofesionales, junto con algunos programas de posgrado. <a href=\"#8965810c-4d72-46d3-b658-ea89f511648b-link\" aria-label=\"Jump to footnote reference 1\">\u21a9\ufe0e<\/a><\/li><li id=\"2f49351e-e949-4568-bd6f-18c5be14888e\">Kyle Melnick es reportero en la secci\u00f3n de Asignaciones Generales de <em><a href=\"https:\/\/es.wikipedia.org\/wiki\/The_Washington_Post\">The Washington Post<\/a><\/em>, donde cubre noticias nacionales e internacionales. Anteriormente escribi\u00f3 para las secciones <em>Morning Mix<\/em> y <em>Sports<\/em> de <em>The Post<\/em>. Kyle tiene una Licenciatura en periodismo multiplataforma obtenida en la Universidad de Maryland, <a href=\"https:\/\/es.wikipedia.org\/wiki\/Baltimore\">Baltimore<\/a>. <a href=\"#2f49351e-e949-4568-bd6f-18c5be14888e-link\" aria-label=\"Jump to footnote reference 2\">\u21a9\ufe0e<\/a><\/li><li id=\"30de9c90-67d6-4416-9223-a397cfd59b9b\">Juliana Kim es reportera de fin de semana para <em>Digital News<\/em>, donde agrega contexto a las noticias del d\u00eda y aporta sus habilidades empresariales al periodismo caracter\u00edstico de NPR. Tiene su sede en Nashville y lleg\u00f3 a NPR desde la estaci\u00f3n miembro <em>WPLN<\/em>, donde recientemente se desempe\u00f1\u00f3 como reportera de temas educativos. Antes de eso, Kim fue becaria de <em><a href=\"https:\/\/es.wikipedia.org\/wiki\/The_New_York_Times\">The New York Times<\/a><\/em>, y sus historias inclu\u00edan la cobertura de las protestas del verano de 2020 tras el asesinato de <a href=\"https:\/\/es.wikipedia.org\/wiki\/Muerte_de_George_Floyd#Biograf%C3%ADa_de_George_Floyd\">George Floyd<\/a> y <a href=\"https:\/\/es.wikipedia.org\/wiki\/Tiroteos_de_Atlanta_de_2021\">los tiroteos en el spa del \u00e1rea de Atlanta<\/a>. Fue una pieza clave en la cobertura del <em>Times<\/em> de los tiroteos en el spa, conect\u00e1ndose con la comunidad y con los familiares de las v\u00edctimas para mostrar sus historias. <a href=\"#30de9c90-67d6-4416-9223-a397cfd59b9b-link\" aria-label=\"Jump to footnote reference 3\">\u21a9\ufe0e<\/a><\/li><\/ol>","protected":false},"excerpt":{"rendered":"<p>Este 5 de abril los medios informativos en l\u00ednea estaban llenos con la noticia de que Beyonc\u00e9 realiz\u00f3 una versi\u00f3n de un \u00e9xito de los Beatles: Blackbird. Sobre su complacencia y la&#8230;<\/p>","protected":false},"author":147101633,"featured_media":0,"comment_status":"open","ping_status":"open","sticky":false,"template":"","format":"standard","meta":{"_coblocks_attr":"","_coblocks_dimensions":"","_coblocks_responsive_height":"","_coblocks_accordion_ie_support":"","advanced_seo_description":"","jetpack_seo_html_title":"","jetpack_seo_noindex":false,"jetpack_seo_schema_type":"","_jetpack_newsletter_access":"","_jetpack_dont_email_post_to_subs":false,"_jetpack_newsletter_tier_id":0,"_jetpack_memberships_contains_paywalled_content":false,"_wpcom_ai_launchpad_first_post":false,"_jetpack_feature_clip_id":0,"_jetpack_memberships_contains_paid_content":false,"footnotes":"[{\"id\":\"8965810c-4d72-46d3-b658-ea89f511648b\",\"content\":\"Daniel Kreps es redactor de <em>Rolling Stone<\\\/em>, donde se especializa en todo lo relacionado con la cultura <em>pop<\\\/em> y la historia del <em>rock<\\\/em>. El trabajo de Daniel tambi\\u00e9n ha aparecido en <em><a href=\\\"https:\\\/\\\/es.wikipedia.org\\\/wiki\\\/Spin_(revista)\\\">Spin<\\\/a><\\\/em>, <em><a href=\\\"https:\\\/\\\/es.wikipedia.org\\\/wiki\\\/Yahoo!_Music\\\">Yahoo! Music<\\\/a>,<\\\/em> y m\\u00e1s. Se gradu\\u00f3 de Ithaca College y es un fan\\u00e1tico de los <em><a href=\\\"https:\\\/\\\/en.wikipedia.org\\\/wiki\\\/New_York_Mets\\\">(New York) Mets<\\\/a><\\\/em> de toda la vida.<br>Ithaca College es una universidad privada en <a href=\\\"https:\\\/\\\/es.wikipedia.org\\\/wiki\\\/Ithaca_(pueblo)\\\">Ithaca<\\\/a>, <a href=\\\"https:\\\/\\\/es.wikipedia.org\\\/wiki\\\/Nueva_York_(estado)\\\">estado de Nueva York<\\\/a>. Fue fundado por William Egbert en 1892 como conservatorio <a href=\\\"https:\\\/\\\/en.wikipedia.org\\\/wiki\\\/Music_school\\\"><\\\/a>\\u00a0de m\\u00fasica. Ithaca College es conocido por la Escuela de Comunicaciones Roy H. Park. La universidad tiene un enfoque en <a href=\\\"https:\\\/\\\/es.wikipedia.org\\\/wiki\\\/Artes_liberales\\\">artes liberales<\\\/a> y ofrece varios programas preprofesionales, junto con algunos programas de posgrado.\"},{\"id\":\"2f49351e-e949-4568-bd6f-18c5be14888e\",\"content\":\"Kyle Melnick es reportero en la secci\\u00f3n de Asignaciones Generales de <em><a href=\\\"https:\\\/\\\/es.wikipedia.org\\\/wiki\\\/The_Washington_Post\\\">The Washington Post<\\\/a><\\\/em>, donde cubre noticias nacionales e internacionales. Anteriormente escribi\\u00f3 para las secciones <em>Morning Mix<\\\/em> y <em>Sports<\\\/em> de <em>The Post<\\\/em>. Kyle tiene una Licenciatura en periodismo multiplataforma obtenida en la Universidad de Maryland, <a href=\\\"https:\\\/\\\/es.wikipedia.org\\\/wiki\\\/Baltimore\\\">Baltimore<\\\/a>.\"},{\"id\":\"30de9c90-67d6-4416-9223-a397cfd59b9b\",\"content\":\"Juliana Kim es reportera de fin de semana para <em>Digital News<\\\/em>, donde agrega contexto a las noticias del d\\u00eda y aporta sus habilidades empresariales al periodismo caracter\\u00edstico de NPR. Tiene su sede en Nashville y lleg\\u00f3 a NPR desde la estaci\\u00f3n miembro <em>WPLN<\\\/em>, donde recientemente se desempe\\u00f1\\u00f3 como reportera de temas educativos. Antes de eso, Kim fue becaria de <em><a href=\\\"https:\\\/\\\/es.wikipedia.org\\\/wiki\\\/The_New_York_Times\\\">The New York Times<\\\/a><\\\/em>, y sus historias inclu\\u00edan la cobertura de las protestas del verano de 2020 tras el asesinato de <a href=\\\"https:\\\/\\\/es.wikipedia.org\\\/wiki\\\/Muerte_de_George_Floyd#Biograf%C3%ADa_de_George_Floyd\\\">George Floyd<\\\/a> y <a href=\\\"https:\\\/\\\/es.wikipedia.org\\\/wiki\\\/Tiroteos_de_Atlanta_de_2021\\\">los tiroteos en el spa del \\u00e1rea de Atlanta<\\\/a>. Fue una pieza clave en la cobertura del <em>Times<\\\/em> de los tiroteos en el spa, conect\\u00e1ndose con la comunidad y con los familiares de las v\\u00edctimas para mostrar sus historias.\"}]","jetpack_publicize_message":"{title}\n\n{excerpt}\n\n{url}","jetpack_publicize_feature_enabled":true,"jetpack_social_post_already_shared":false,"jetpack_social_options":{"image_generator_settings":{"template":"highway","default_image_id":0,"font":"","enabled":false},"version":2},"_wpas_customize_per_network":false,"jetpack_post_was_ever_published":false},"categories":[122563111,770216206,185595],"tags":[8017,755238704,27950,28057,786724,184861754,572392,487592917,771152967,357193,59944710,53227455,182251,471588,240156,282836,12010301,771153177,34857,7679379,16333,150848,552914302,176075,30539378,626256,771150917,771153089,326087,244896,771153109,23804,819869,65569,262992616,15655,2864061,106851,401808744,11072949,4552,5875332,769662188,103206,68509,189018,186133,765716546,285357,599182,116828,72658],"class_list":["post-16551","post","type-post","status-publish","format-standard","hentry","category-entretenimiento-musica","category-famosos-del-entretenimiento","category-muy-interesante","tag-alabama","tag-animal-requiem","tag-beyonce","tag-billboard","tag-black-entertainment-television","tag-black-lives-matter","tag-blackbird","tag-brittney-spencer","tag-chamber-choir-of-london","tag-cma","tag-cowboy-carter","tag-daddy-lessons","tag-derechos-civiles","tag-disco-music","tag-discriminacion","tag-dolly-parton","tag-dont-hurt-yourself","tag-ernest-gideon-green","tag-gq","tag-huffpost","tag-inglaterra","tag-jolene","tag-khirye-tyler","tag-lemonade","tag-linda-martell","tag-little-rock","tag-los-9-de-little-rock","tag-melba-joy-pattillo-beals","tag-miley-cyrus","tag-naacp","tag-nueve-de-little-rock","tag-paul-mccartney","tag-pete-townshend","tag-peter-jackson","tag-post-malone","tag-queer","tag-rachel-fuller","tag-renaissance","tag-reyna-roberts","tag-robert-ziegler","tag-rolling-stone","tag-royal-philharmonic-orchestra","tag-tanner-adell","tag-texas-hold-em","tag-the-beatles","tag-the-dixie-chicks","tag-the-washington-post","tag-tiera-kennedy","tag-tmz","tag-twitter","tag-variety","tag-willie-nelson"],"featured_image_src":null,"author_info":{"display_name":"jmhernandezgonzalez","author_link":"https:\/\/elabrevaderojm.com\/en\/author\/jmhernandezgonzalez\/"},"jetpack_publicize_connections":[],"jetpack_likes_enabled":true,"jetpack_sharing_enabled":true,"jetpack_shortlink":"https:\/\/wp.me\/pap3D5-4iX","jetpack-related-posts":[],"jetpack_featured_media_url":"","_links":{"self":[{"href":"https:\/\/elabrevaderojm.com\/en\/wp-json\/wp\/v2\/posts\/16551","targetHints":{"allow":["GET"]}}],"collection":[{"href":"https:\/\/elabrevaderojm.com\/en\/wp-json\/wp\/v2\/posts"}],"about":[{"href":"https:\/\/elabrevaderojm.com\/en\/wp-json\/wp\/v2\/types\/post"}],"author":[{"embeddable":true,"href":"https:\/\/elabrevaderojm.com\/en\/wp-json\/wp\/v2\/users\/147101633"}],"replies":[{"embeddable":true,"href":"https:\/\/elabrevaderojm.com\/en\/wp-json\/wp\/v2\/comments?post=16551"}],"version-history":[{"count":26,"href":"https:\/\/elabrevaderojm.com\/en\/wp-json\/wp\/v2\/posts\/16551\/revisions"}],"predecessor-version":[{"id":24041,"href":"https:\/\/elabrevaderojm.com\/en\/wp-json\/wp\/v2\/posts\/16551\/revisions\/24041"}],"wp:attachment":[{"href":"https:\/\/elabrevaderojm.com\/en\/wp-json\/wp\/v2\/media?parent=16551"}],"wp:term":[{"taxonomy":"category","embeddable":true,"href":"https:\/\/elabrevaderojm.com\/en\/wp-json\/wp\/v2\/categories?post=16551"},{"taxonomy":"post_tag","embeddable":true,"href":"https:\/\/elabrevaderojm.com\/en\/wp-json\/wp\/v2\/tags?post=16551"}],"curies":[{"name":"wp","href":"https:\/\/api.w.org\/{rel}","templated":true}]}}