{"id":16989,"date":"2024-06-11T20:26:21","date_gmt":"2024-06-12T00:26:21","guid":{"rendered":"https:\/\/elabrevaderojm.com\/?p=16989"},"modified":"2025-04-01T22:23:39","modified_gmt":"2025-04-02T02:23:39","slug":"beyonce-tambien-en-la-musica-country-i","status":"publish","type":"post","link":"https:\/\/elabrevaderojm.com\/en\/2024\/06\/11\/beyonce-tambien-en-la-musica-country-i\/","title":{"rendered":"\u00bfBeyonc\u00e9 tambi\u00e9n en la m\u00fasica country? (I)"},"content":{"rendered":"\n<div class=\"wp-block-media-text is-stacked-on-mobile is-vertically-aligned-top\" style=\"grid-template-columns:22% auto\"><figure class=\"wp-block-media-text__media\"><img data-recalc-dims=\"1\" loading=\"lazy\" decoding=\"async\" width=\"640\" height=\"640\" data-attachment-id=\"17035\" data-permalink=\"https:\/\/elabrevaderojm.com\/en\/2024\/06\/11\/beyonce-tambien-en-la-musica-country-i\/beyonce-onstage-at-the-2024-iheartradio-music-awards-1-1\/\" data-orig-file=\"https:\/\/i0.wp.com\/elabrevaderojm.com\/wp-content\/uploads\/2024\/04\/beyonce-onstage-at-the-2024-iheartradio-music-awards-1-1.jpg?fit=1280%2C1280&amp;ssl=1\" data-orig-size=\"1280,1280\" data-comments-opened=\"1\" data-image-meta=\"{&quot;aperture&quot;:&quot;0&quot;,&quot;credit&quot;:&quot;&quot;,&quot;camera&quot;:&quot;&quot;,&quot;caption&quot;:&quot;&quot;,&quot;created_timestamp&quot;:&quot;0&quot;,&quot;copyright&quot;:&quot;2024 Fox Media LLC&quot;,&quot;focal_length&quot;:&quot;0&quot;,&quot;iso&quot;:&quot;0&quot;,&quot;shutter_speed&quot;:&quot;0&quot;,&quot;title&quot;:&quot;&quot;,&quot;orientation&quot;:&quot;0&quot;}\" data-image-title=\"beyonce-onstage-at-the-2024-iheartradio-music-awards-1-1\" data-image-description=\"\" data-image-caption=\"\" data-large-file=\"https:\/\/i0.wp.com\/elabrevaderojm.com\/wp-content\/uploads\/2024\/04\/beyonce-onstage-at-the-2024-iheartradio-music-awards-1-1.jpg?fit=640%2C640&amp;ssl=1\" src=\"https:\/\/i0.wp.com\/elabrevaderojm.com\/wp-content\/uploads\/2024\/04\/beyonce-onstage-at-the-2024-iheartradio-music-awards-1-1.jpg?resize=640%2C640&#038;ssl=1\" alt=\"\" class=\"wp-image-17035 size-full\"\/><\/figure><div class=\"wp-block-media-text__content\">\n<p class=\"has-drop-cap has-text-align-justify has-epilogue-font-family has-custom-font wp-block-paragraph\" style=\"font-family:epilogue\">Beyonc\u00e9 (en la foto) <strong>fue galardonada recientemente<\/strong> en los <a href=\"https:\/\/es.wikipedia.org\/wiki\/IHeartRadio_Music_Awards\"><em>iHeartRadio Music Awards<\/em><\/a> 2024 con el \u00abPremio a la Innovaci\u00f3n\u00bb, presentado por <a href=\"https:\/\/es.wikipedia.org\/wiki\/Stevie_Wonder\">Stevie Wonder<\/a>, donde fue reconocida por su impacto en la m\u00fasica y la cultura a lo largo de su vasta carrera.<\/p>\n<\/div><\/div>\n\n\n\n<figure class=\"wp-block-embed aligncenter is-type-rich is-provider-twitter wp-block-embed-twitter\"><div class=\"wp-block-embed__wrapper\">\n<div class=\"embed-twitter\"><blockquote class=\"twitter-tweet\" data-width=\"550\" data-dnt=\"true\"><p lang=\"en\" dir=\"ltr\">In the presence of music icons \ud83e\udd29\u2764\ufe0f <a href=\"https:\/\/twitter.com\/Beyonce?ref_src=twsrc%5Etfw\">@Beyonce<\/a> <a href=\"https:\/\/twitter.com\/StevieWonder?ref_src=twsrc%5Etfw\">@StevieWonder<\/a> <br><br>Watch our <a href=\"https:\/\/twitter.com\/hashtag\/iHeartAwards2024?src=hash&amp;ref_src=twsrc%5Etfw\">#iHeartAwards2024<\/a> LIVE on <a href=\"https:\/\/twitter.com\/FOXTV?ref_src=twsrc%5Etfw\">@foxtv<\/a>! <a href=\"https:\/\/t.co\/7SzPJ0eFZB\">pic.twitter.com\/7SzPJ0eFZB<\/a><\/p>&mdash; iHeartRadio (@iHeartRadio) <a href=\"https:\/\/twitter.com\/iHeartRadio\/status\/1774976493531361616?ref_src=twsrc%5Etfw\">April 2, 2024<\/a><\/blockquote><script async src=\"https:\/\/platform.twitter.com\/widgets.js\" charset=\"utf-8\"><\/script><\/div>\n<\/div><\/figure>\n\n\n\n<p class=\"has-epilogue-font-family has-custom-font wp-block-paragraph\" style=\"font-family:epilogue\">En su discurso de aceptaci\u00f3n, la cantante dijo:<\/p>\n\n\n\n<figure class=\"wp-block-table has-courier-prime-font-family\"><table class=\"has-background-color has-text-color has-background has-link-color has-fixed-layout\" style=\"background-color:#81068f87\"><tbody><tr><td class=\"has-text-align-center\" data-align=\"center\"><strong>\u00abSer innovador es ver lo que todo el mundo cree que es imposible. Ser un innovador a menudo significa ser criticado, lo que a menudo pondr\u00e1 a prueba tu fortaleza mental. As\u00ed que, a todos los sellos discogr\u00e1ficos, cada estaci\u00f3n de radio, cada entrega de premios, mi esperanza es que estemos m\u00e1s abiertos a la alegr\u00eda y la liberaci\u00f3n que proviene de disfrutar del arte sin nociones preconcebidas\u00bb.<\/strong><\/td><\/tr><\/tbody><\/table><\/figure>\n\n\n\n<h3 class=\"wp-block-heading has-inter-font-family has-custom-font\" style=\"font-family:inter\"><strong>Contra todas las banderas<\/strong><\/h3>\n\n\n\n<p class=\"has-text-align-justify has-epilogue-font-family has-custom-font wp-block-paragraph\" style=\"font-family:epilogue\">En una publicaci\u00f3n de <a href=\"https:\/\/es.wikipedia.org\/wiki\/Instagram\"><em>Instagram<\/em><\/a>, Beyonc\u00e9 escribi\u00f3 a prop\u00f3sito del <strong>rechazo racial de 2016<\/strong>:<\/p>\n\n\n<div class=\"wp-block-image\">\n<figure class=\"aligncenter size-large\"><img data-recalc-dims=\"1\" loading=\"lazy\" decoding=\"async\" width=\"466\" height=\"298\" data-attachment-id=\"16995\" data-permalink=\"https:\/\/elabrevaderojm.com\/en\/2024\/06\/11\/beyonce-tambien-en-la-musica-country-i\/instag-de-beyonce-1-1\/\" data-orig-file=\"https:\/\/i0.wp.com\/elabrevaderojm.com\/wp-content\/uploads\/2024\/04\/instag-de-beyonce-1-1.jpg?fit=466%2C298&amp;ssl=1\" data-orig-size=\"466,298\" data-comments-opened=\"1\" data-image-meta=\"{&quot;aperture&quot;:&quot;0&quot;,&quot;credit&quot;:&quot;&quot;,&quot;camera&quot;:&quot;&quot;,&quot;caption&quot;:&quot;&quot;,&quot;created_timestamp&quot;:&quot;0&quot;,&quot;copyright&quot;:&quot;&quot;,&quot;focal_length&quot;:&quot;0&quot;,&quot;iso&quot;:&quot;0&quot;,&quot;shutter_speed&quot;:&quot;0&quot;,&quot;title&quot;:&quot;&quot;,&quot;orientation&quot;:&quot;1&quot;}\" data-image-title=\"instag-de-beyonce-1-1\" data-image-description=\"\" data-image-caption=\"\" data-large-file=\"https:\/\/i0.wp.com\/elabrevaderojm.com\/wp-content\/uploads\/2024\/04\/instag-de-beyonce-1-1.jpg?fit=466%2C298&amp;ssl=1\" src=\"https:\/\/i0.wp.com\/elabrevaderojm.com\/wp-content\/uploads\/2024\/04\/instag-de-beyonce-1-1.jpg?resize=466%2C298&#038;ssl=1\" alt=\"\" class=\"wp-image-16995\"\/><\/figure>\n<\/div>\n\n\n<p class=\"has-text-align-center has-text-color has-link-color has-newsreader-font-family has-custom-font wp-elements-1 wp-block-paragraph\" style=\"color:#6e0962ba;font-family:newsreader\"><strong>Pero, debido a esa experiencia, hice una inmersi\u00f3n m\u00e1s profunda en la historia de la m\u00fasica <em>country<\/em> y estudi\u00e9 nuestro rico archivo musical. Se siente bien ver c\u00f3mo la m\u00fasica puede unir a tantas personas en todo el mundo, al mismo tiempo que amplifica las voces de algunas de las personas que han dedicado gran parte de sus vidas a educar sobre nuestra historia musical.<\/strong><\/p>\n\n\n\n<p class=\"has-text-align-center has-text-color has-link-color has-newsreader-font-family has-custom-font wp-elements-2 wp-block-paragraph\" style=\"color:#6e0962ba;font-family:newsreader\"><strong>Las cr\u00edticas a las que me enfrent\u00e9 cuando entr\u00e9 por primera vez en este g\u00e9nero me obligaron a superar las limitaciones que se me impon\u00edan. El \u00abActo II\u00bb es el resultado de desafiarme a m\u00ed misma y tomarme mi tiempo para doblar y mezclar g\u00e9neros para crear este cuerpo de trabajo.<\/strong><\/p>\n\n\n\n<p class=\"has-text-align-justify has-epilogue-font-family has-custom-font wp-block-paragraph\" style=\"font-family:epilogue\">No obstante, al igual que entonces, <strong>la m\u00fasica ha recibido cr\u00edticas<\/strong> por aprovechar sus ra\u00edces country, porque tradicionalmente es vista como una artista de <strong>R&amp;B<\/strong> \u2014<em><a href=\"Rithm%20&amp;%20Blues\">rhythm and blues<\/a><\/em>\u2014 y <em>Pop<\/em>. Y la aparente nueva ola de reacciones ha venido de la mano de un lanzamiento de dos canciones.<\/p>\n\n\n\n<p class=\"has-epilogue-font-family has-custom-font wp-block-paragraph\" style=\"font-family:epilogue\">Sucedi\u00f3 el 11 de febrero de este a\u00f1o, cuando Beyonc\u00e9 lanz\u00f3 <em>Texas Hold &#8216;Em<\/em><\/p>\n\n\n\n<figure class=\"wp-block-embed is-type-video is-provider-youtube wp-block-embed-youtube wp-embed-aspect-16-9 wp-has-aspect-ratio\"><div class=\"wp-block-embed__wrapper\">\n<div class=\"jetpack-video-wrapper\"><span class=\"embed-youtube\" style=\"text-align:center; display: block;\"><iframe loading=\"lazy\" class=\"youtube-player\" width=\"640\" height=\"360\" src=\"https:\/\/www.youtube.com\/embed\/ycwtqqhV6UE?version=3&#038;rel=1&#038;showsearch=0&#038;showinfo=1&#038;iv_load_policy=1&#038;fs=1&#038;hl=en-US&#038;autohide=2&#038;wmode=transparent\" allowfullscreen=\"true\" style=\"border:0;\" sandbox=\"allow-scripts allow-same-origin allow-popups allow-presentation allow-popups-to-escape-sandbox\"><\/iframe><\/span><\/div>\n<\/div><\/figure>\n\n\n\n<p class=\"has-epilogue-font-family has-custom-font wp-block-paragraph\" style=\"font-family:epilogue\">y <em>16 Carriages<\/em><\/p>\n\n\n\n<figure class=\"wp-block-embed is-type-video is-provider-youtube wp-block-embed-youtube wp-embed-aspect-16-9 wp-has-aspect-ratio\"><div class=\"wp-block-embed__wrapper\">\n<div class=\"jetpack-video-wrapper\"><span class=\"embed-youtube\" style=\"text-align:center; display: block;\"><iframe loading=\"lazy\" class=\"youtube-player\" width=\"640\" height=\"360\" src=\"https:\/\/www.youtube.com\/embed\/ke3FmWDin4I?version=3&#038;rel=1&#038;showsearch=0&#038;showinfo=1&#038;iv_load_policy=1&#038;fs=1&#038;hl=en-US&#038;autohide=2&#038;wmode=transparent\" allowfullscreen=\"true\" style=\"border:0;\" sandbox=\"allow-scripts allow-same-origin allow-popups allow-presentation allow-popups-to-escape-sandbox\"><\/iframe><\/span><\/div>\n<\/div><\/figure>\n\n\n\n<p class=\"has-text-align-justify has-epilogue-font-family has-custom-font wp-block-paragraph\" style=\"font-family:epilogue\">durante el <a href=\"https:\/\/es.wikipedia.org\/wiki\/Super_Bowl_LVIII\">Super Bowl LVIII<\/a>, con lo cual har\u00eda historia al llegar a ser la primera artista femenina negra en encabezar la lista <em>Hot 100 Country Songs<\/em> de <em>Billboard<\/em>. Al respecto, Beyonc\u00e9 declar\u00f3:<\/p>\n\n\n\n<figure class=\"wp-block-table has-courier-prime-font-family\"><table class=\"has-background-color has-text-color has-background has-link-color has-fixed-layout\" style=\"background-color:#780d71a6\"><tbody><tr><td class=\"has-text-align-center\" data-align=\"center\"><strong>Me siento honrada de ser la primera mujer negra con el sencillo n\u00famero uno en la lista <em>Hot Country Songs<\/em>. Eso no habr\u00eda sucedido sin la gran cantidad de apoyo de todos y cada uno de ustedes. Mi esperanza es que, dentro de unos a\u00f1os, la menci\u00f3n de la raza de un artista, en lo que se refiere al lanzamiento de g\u00e9neros musicales, sea irrelevante.<\/strong><\/td><\/tr><\/tbody><\/table><\/figure>\n\n\n\n<p class=\"has-text-align-justify has-epilogue-font-family has-custom-font wp-block-paragraph\" style=\"font-family:epilogue\">El mi\u00e9rcoles, Beyonc\u00e9 lanz\u00f3 la sorpresa <em>Texas Hold &#8216;Em (Pony Up Remix)<\/em>. Tambi\u00e9n lanz\u00f3 un nuevo sitio en internet, <strong>misterioso y casi cr\u00edptico<\/strong>, <a href=\"https:\/\/www.beencountry.com\/\" target=\"_blank\" rel=\"noreferrer noopener\"><em>beencountry.com<\/em><\/a>, que algunos han sugerido que pudiera ser su forma de burlarse del anuncio de una pr\u00f3xima gira.<\/p>\n\n\n\n<figure class=\"wp-block-audio\"><audio controls src=\"https:\/\/elabrevaderojm.com\/wp-content\/uploads\/2024\/04\/texas-hold-em-pony-up-remix.mp3\"><\/audio><\/figure>\n\n\n\n<p class=\"has-text-align-justify has-epilogue-font-family has-custom-font wp-block-paragraph\" style=\"font-family:epilogue\">El \u00e9xito no ha llegado carente de controversia. Los fan\u00e1ticos han agitado la charla en l\u00ednea sobre la estaci\u00f3n de <a href=\"https:\/\/es.wikipedia.org\/wiki\/Byng_(Oklahoma)\">Byng<\/a>, <a href=\"https:\/\/es.wikipedia.org\/wiki\/Oklahoma\">Oklahoma<\/a>,&nbsp; <a href=\"https:\/\/www.kykc.net\/\" target=\"_blank\" rel=\"noreferrer noopener\"><em>KYKC 100.1 FM<\/em><\/a> \u2014propiedad de <em>Chickasaw Nation<\/em>\u2014 que <strong>no reproduc\u00eda los sencillos <em>country<\/em> reci\u00e9n lanzados por Beyonc\u00e9<\/strong>.<\/p>\n\n\n\n<div class=\"wp-block-media-text has-media-on-the-right is-stacked-on-mobile\" style=\"grid-template-columns:auto 15%\"><div class=\"wp-block-media-text__content\">\n<p class=\"has-text-align-justify wp-block-paragraph\" style=\"font-size:20px\">El gerente general de <em>South Central Oklahoma Radio Enterprises<\/em> \u2014S.C.O.R.E.\u2014, Roger Harris (en la foto), le dijo a <strong>ET <\/strong>\u2014<em><a href=\"https:\/\/es.wikipedia.org\/wiki\/Entertainment_Tonight\">Entertainment Tonight<\/a><\/em>\u2014 sobre su razonamiento inicial:<\/p>\n<\/div><figure class=\"wp-block-media-text__media\"><img data-recalc-dims=\"1\" loading=\"lazy\" decoding=\"async\" width=\"334\" height=\"403\" data-attachment-id=\"18123\" data-permalink=\"https:\/\/elabrevaderojm.com\/en\/2024\/06\/11\/beyonce-tambien-en-la-musica-country-i\/roger-h-1\/\" data-orig-file=\"https:\/\/i0.wp.com\/elabrevaderojm.com\/wp-content\/uploads\/2024\/06\/roger-h-1.jpg?fit=334%2C403&amp;ssl=1\" data-orig-size=\"334,403\" data-comments-opened=\"1\" data-image-meta=\"{&quot;aperture&quot;:&quot;0&quot;,&quot;credit&quot;:&quot;&quot;,&quot;camera&quot;:&quot;&quot;,&quot;caption&quot;:&quot;&quot;,&quot;created_timestamp&quot;:&quot;0&quot;,&quot;copyright&quot;:&quot;&quot;,&quot;focal_length&quot;:&quot;0&quot;,&quot;iso&quot;:&quot;0&quot;,&quot;shutter_speed&quot;:&quot;0&quot;,&quot;title&quot;:&quot;&quot;,&quot;orientation&quot;:&quot;1&quot;}\" data-image-title=\"roger-h-1\" data-image-description=\"\" data-image-caption=\"\" data-large-file=\"https:\/\/i0.wp.com\/elabrevaderojm.com\/wp-content\/uploads\/2024\/06\/roger-h-1.jpg?fit=334%2C403&amp;ssl=1\" src=\"https:\/\/i0.wp.com\/elabrevaderojm.com\/wp-content\/uploads\/2024\/06\/roger-h-1.jpg?resize=334%2C403&#038;ssl=1\" alt=\"\" class=\"wp-image-18123 size-full\"\/><\/figure><\/div>\n\n\n\n<figure class=\"wp-block-table has-courier-prime-font-family\"><table class=\"has-background has-fixed-layout\" style=\"background-color:#edbc0994\"><tbody><tr><td class=\"has-text-align-center\" data-align=\"center\"><strong>En el momento en que lleg\u00f3 el correo electr\u00f3nico original solicitando a KYKC que tocara a Beyonc\u00e9, no (lo hicimos) en nuestra estaci\u00f3n de <em>country<\/em> porque no era una artista <em>country<\/em> y enviamos una respuesta gen\u00e9rica. Habr\u00eda sido la misma situaci\u00f3n si alguien le hubiera pedido a la estaci\u00f3n que pusiera a los <a href=\"https:\/\/es.wikipedia.org\/wiki\/The_Rolling_Stones\">Rolling Stones<\/a>.<br>No sab\u00edamos que despu\u00e9s del <a href=\"https:\/\/es.wikipedia.org\/wiki\/Super_Bowl\"><em>Super Bowl<\/em><\/a> ella iba a lanzar estas canciones <em>country<\/em> y no tuvimos acceso a (ellas) hasta el d\u00eda siguiente, ya que somos una estaci\u00f3n de mercado peque\u00f1o. Tan pronto como vimos el impulso y los fans de Beyonc\u00e9 nos inundaron con solicitudes, finalmente obtuvimos la canci\u00f3n y la tocamos.<br>Somos una estaci\u00f3n propiedad de <a href=\"https:\/\/es.wikipedia.org\/wiki\/Minor%C3%ADa\">minor\u00edas<\/a>, hemos apoyado a Beyonc\u00e9 durante todo el tiempo que ha existido. La estamos (poniendo) ahora, no tenemos nada en contra de Beyonc\u00e9, y (la) amamos.<\/strong><\/td><\/tr><\/tbody><\/table><\/figure>\n\n\n<div class=\"wp-block-image\">\n<figure class=\"aligncenter size-large\"><img data-recalc-dims=\"1\" loading=\"lazy\" decoding=\"async\" width=\"420\" height=\"280\" data-attachment-id=\"17008\" data-permalink=\"https:\/\/elabrevaderojm.com\/en\/2024\/06\/11\/beyonce-tambien-en-la-musica-country-i\/score-sede-1\/\" data-orig-file=\"https:\/\/i0.wp.com\/elabrevaderojm.com\/wp-content\/uploads\/2024\/04\/score-sede-1.jpg?fit=420%2C280&amp;ssl=1\" data-orig-size=\"420,280\" data-comments-opened=\"1\" data-image-meta=\"{&quot;aperture&quot;:&quot;8&quot;,&quot;credit&quot;:&quot;&quot;,&quot;camera&quot;:&quot;Canon EOS 5D Mark III&quot;,&quot;caption&quot;:&quot;SCORE, South Central Oklahoma Radio Enterprises, Ada Oklahoma, October 12 2016, Michael Scott Photographer&quot;,&quot;created_timestamp&quot;:&quot;1476282379&quot;,&quot;copyright&quot;:&quot;&quot;,&quot;focal_length&quot;:&quot;16&quot;,&quot;iso&quot;:&quot;100&quot;,&quot;shutter_speed&quot;:&quot;0.0025&quot;,&quot;title&quot;:&quot;&quot;,&quot;orientation&quot;:&quot;1&quot;}\" data-image-title=\"score-sede-1\" data-image-description=\"\" data-image-caption=\"&lt;p&gt;SCORE, South Central Oklahoma Radio Enterprises, Ada Oklahoma, October 12 2016, Michael Scott Photographer&lt;\/p&gt;\n\" data-large-file=\"https:\/\/i0.wp.com\/elabrevaderojm.com\/wp-content\/uploads\/2024\/04\/score-sede-1.jpg?fit=420%2C280&amp;ssl=1\" src=\"https:\/\/i0.wp.com\/elabrevaderojm.com\/wp-content\/uploads\/2024\/04\/score-sede-1.jpg?resize=420%2C280&#038;ssl=1\" alt=\"\" class=\"wp-image-17008\"\/><figcaption class=\"wp-element-caption\"><strong>S.C.O.R.E., <em>South Central Oklahoma Radio Enterprises<\/em>, Ada, Oklahoma, 12 de octubre de 2016 (foto: Michael Scott)<\/strong>.<\/figcaption><\/figure>\n<\/div>\n\n\n<p class=\"has-text-align-justify has-epilogue-font-family has-custom-font wp-block-paragraph\" style=\"font-family:epilogue\">Todo comenz\u00f3 el martes por la ma\u00f1ana, cuando un fan en <em>X<\/em> se volvi\u00f3 viral despu\u00e9s de que compartiera su <strong>intento fallido de solicita<\/strong>r el reci\u00e9n lanzado <em>Texas Hold &#8216;Em<\/em> en la estaci\u00f3n de Oklahoma.<\/p>\n\n\n\n<p class=\"has-text-align-justify has-epilogue-font-family has-custom-font wp-block-paragraph\" style=\"font-family:epilogue\">El usuario (@jussatto) comparti\u00f3 una captura de pantalla de su intercambio de correos electr\u00f3nicos con la estaci\u00f3n de radio, escribiendo: \u00abSolicit\u00e9 <em>Texas Hold &#8216;Em<\/em> en mi estaci\u00f3n de radio country local (KYKC), y despu\u00e9s de (ello), recib\u00ed un correo electr\u00f3nico de la estaci\u00f3n de radio que dec\u00eda \u201c<strong>No tocamos Beyonc\u00e9 en KYKC<\/strong> ya que somos una estaci\u00f3n de m\u00fasica <em>country<\/em>\u201d\u00bb.<\/p>\n\n\n<div class=\"wp-block-image\">\n<figure class=\"aligncenter size-large\"><img data-recalc-dims=\"1\" loading=\"lazy\" decoding=\"async\" width=\"334\" height=\"499\" data-attachment-id=\"17016\" data-permalink=\"https:\/\/elabrevaderojm.com\/en\/2024\/06\/11\/beyonce-tambien-en-la-musica-country-i\/40jussatto-insta-msg-1\/\" data-orig-file=\"https:\/\/i0.wp.com\/elabrevaderojm.com\/wp-content\/uploads\/2024\/04\/40jussatto-insta-msg-1.jpg?fit=334%2C499&amp;ssl=1\" data-orig-size=\"334,499\" data-comments-opened=\"1\" data-image-meta=\"{&quot;aperture&quot;:&quot;0&quot;,&quot;credit&quot;:&quot;&quot;,&quot;camera&quot;:&quot;&quot;,&quot;caption&quot;:&quot;&quot;,&quot;created_timestamp&quot;:&quot;0&quot;,&quot;copyright&quot;:&quot;&quot;,&quot;focal_length&quot;:&quot;0&quot;,&quot;iso&quot;:&quot;0&quot;,&quot;shutter_speed&quot;:&quot;0&quot;,&quot;title&quot;:&quot;&quot;,&quot;orientation&quot;:&quot;1&quot;}\" data-image-title=\"40jussatto-insta-msg-1\" data-image-description=\"\" data-image-caption=\"\" data-large-file=\"https:\/\/i0.wp.com\/elabrevaderojm.com\/wp-content\/uploads\/2024\/04\/40jussatto-insta-msg-1.jpg?fit=334%2C499&amp;ssl=1\" src=\"https:\/\/i0.wp.com\/elabrevaderojm.com\/wp-content\/uploads\/2024\/04\/40jussatto-insta-msg-1.jpg?resize=334%2C499&#038;ssl=1\" alt=\"\" class=\"wp-image-17016\"\/><\/figure>\n<\/div>\n\n\n<p class=\"has-text-align-justify has-epilogue-font-family has-custom-font wp-block-paragraph\" style=\"font-family:epilogue\">\u00abEsta estaci\u00f3n debe rendir cuentas por su <strong>flagrante racismo y discriminaci\u00f3n<\/strong> contra Beyonc\u00e9\u00bb, escribieron en una publicaci\u00f3n de seguimiento.<\/p>\n\n\n\n<p class=\"has-text-align-justify has-epilogue-font-family has-custom-font wp-block-paragraph\" style=\"font-family:epilogue\">Una cuenta de fans de Beyonc\u00e9 con un gran n\u00famero de seguidores (@BeyLegion) \u2014en <em>X<\/em>; @beylegion es de <em>Instagram<\/em>\u2014 public\u00f3 un llamado para que otros fan\u00e1ticos informaran a KYKC sobre la <strong>transici\u00f3n de la cantante al <em>country<\/em><\/strong>.<\/p>\n\n\n<div class=\"wp-block-image\">\n<figure class=\"aligncenter size-large\"><img data-recalc-dims=\"1\" loading=\"lazy\" decoding=\"async\" width=\"604\" height=\"456\" data-attachment-id=\"17018\" data-permalink=\"https:\/\/elabrevaderojm.com\/en\/2024\/06\/11\/beyonce-tambien-en-la-musica-country-i\/tuit-de-beyoncelegion\/\" data-orig-file=\"https:\/\/i0.wp.com\/elabrevaderojm.com\/wp-content\/uploads\/2024\/04\/tuit-de-beyoncelegion.jpg?fit=604%2C456&amp;ssl=1\" data-orig-size=\"604,456\" data-comments-opened=\"1\" data-image-meta=\"{&quot;aperture&quot;:&quot;0&quot;,&quot;credit&quot;:&quot;&quot;,&quot;camera&quot;:&quot;&quot;,&quot;caption&quot;:&quot;&quot;,&quot;created_timestamp&quot;:&quot;0&quot;,&quot;copyright&quot;:&quot;&quot;,&quot;focal_length&quot;:&quot;0&quot;,&quot;iso&quot;:&quot;0&quot;,&quot;shutter_speed&quot;:&quot;0&quot;,&quot;title&quot;:&quot;&quot;,&quot;orientation&quot;:&quot;0&quot;}\" data-image-title=\"tuit-de-beyoncelegion\" data-image-description=\"\" data-image-caption=\"\" data-large-file=\"https:\/\/i0.wp.com\/elabrevaderojm.com\/wp-content\/uploads\/2024\/04\/tuit-de-beyoncelegion.jpg?fit=604%2C456&amp;ssl=1\" src=\"https:\/\/i0.wp.com\/elabrevaderojm.com\/wp-content\/uploads\/2024\/04\/tuit-de-beyoncelegion.jpg?resize=604%2C456&#038;ssl=1\" alt=\"\" class=\"wp-image-17018\"\/><\/figure>\n<\/div>\n\n\n<p class=\"has-text-align-center has-newsreader-font-family has-custom-font wp-block-paragraph\" style=\"font-family:newsreader\"><strong>\u00ab\u00a1#BeyHive! \u00a1Eduquemos amablemente a la estaci\u00f3n de radio <em>country<\/em> de Oklahoma 1001 KYKC que el pr\u00f3ximo proyecto de Beyonc\u00e9 y los sencillos ya lanzados son de hecho m\u00fasica <em>country<\/em>! Recuerde ser amable y diplom\u00e1tico. \ud83e\udd20\ud83d\udc62\u00bb, public\u00f3 la cuenta de fan\u00e1ticos, agregando el identificador <em>X <\/em>de la estaci\u00f3n.<\/strong><\/p>\n\n\n\n<p class=\"has-text-align-justify has-epilogue-font-family has-custom-font wp-block-paragraph\" style=\"font-family:epilogue\">Los fan\u00e1ticos recurrieron a las respuestas para compartir que hab\u00edan llamado o enviado un correo electr\u00f3nico a KYKC, y algunos incluso compartieron videos de sus llamadas reproduciendo el audio de la canci\u00f3n a la estaci\u00f3n en <a href=\"https:\/\/es.wikipedia.org\/wiki\/TikTok\"><em>TikTok<\/em><\/a>.<\/p>\n\n\n\n<p class=\"has-text-align-justify has-epilogue-font-family has-custom-font wp-block-paragraph\" style=\"font-family:epilogue\">Esa tarde, un seguidor de la cantante comparti\u00f3 una captura de pantalla que, seg\u00fan ellos, proven\u00eda de la emisora de radio, diciendo en las redes sociales que <strong>la canci\u00f3n se agregar\u00eda a su rotaci\u00f3n <\/strong>cuando comenzara a subir en las listas de m\u00fasica <em>country<\/em>.<\/p>\n\n\n\n<p class=\"has-epilogue-font-family has-custom-font wp-block-paragraph\" style=\"font-family:epilogue\">La estaci\u00f3n radial declar\u00f3 en un comunicado:<\/p>\n\n\n\n<figure class=\"wp-block-table has-courier-prime-font-family\"><table class=\"has-background has-fixed-layout\" style=\"background-color:#f1d365\"><tbody><tr><td class=\"has-text-align-center\" data-align=\"center\"><strong>Inicialmente nos negamos a tocarlo de la misma manera en que si alguien nos hubiese pedido que toc\u00e1ramos a los Rolling Stones en nuestra estaci\u00f3n de country. En realidad, hemos tocado a Beyonc\u00e9 en DOS de nuestras otras estaciones y la amamos&#8230; Es un icono. Simplemente no sab\u00edamos de la canci\u00f3n&#8230; Luego, cuando nos enteramos, intentamos conseguir la canci\u00f3n&#8230; lo cual hicimos y ya la hemos tocado 3 veces en YKC, nuestra estaci\u00f3n de country.&nbsp;Tambi\u00e9n la reproducimos en 105.5, KXFC-FM \u2014con licencia en <a href=\"https:\/\/es.wikipedia.org\/wiki\/Coalgate_(Oklahoma)\">Coalgate<\/a>\u2014 y KADA-FM \u2014con licencia en <a href=\"https:\/\/es.wikipedia.org\/wiki\/Ada_(Oklahoma)\">Ada<\/a>\u2014 en 99.3 (otras estaciones de la compa\u00f1\u00eda).<br>Amamos a Beyonc\u00e9. Est\u00e1bamos detr\u00e1s de este cambio a m\u00fasica country&#8230; Pero, ahora que est\u00e1 saliendo del armario como artista <em>country<\/em>, queremos estar en todas partes&#8230; No somos tontos&#8230; Sabemos lo grande que es y estamos felices de transmitirla y desearle el mejor de los \u00e9xitos.<\/strong><\/td><\/tr><\/tbody><\/table><\/figure>\n\n\n\n<p class=\"has-text-align-justify has-epilogue-font-family has-custom-font wp-block-paragraph\" style=\"font-family:epilogue\">Poco despu\u00e9s, la cuenta <em>X<\/em> de la estaci\u00f3n comparti\u00f3 una publicaci\u00f3n con una foto de su lista de reproducci\u00f3n, con el sencillo de Beyonc\u00e9 ubicado entre <em>Tishomingo<\/em> de <a href=\"https:\/\/es.wikipedia.org\/wiki\/Zach_Bryan\">Zach Bryan<\/a> y <a href=\"https:\/\/es.wikipedia.org\/wiki\/Wasted_(canci%C3%B3n_de_Carrie_Underwood)\"><em>Wasted<\/em><\/a> de <a href=\"https:\/\/es.wikipedia.org\/wiki\/Carrie_Underwood\">Carrie Underwood<\/a>.<\/p>\n\n\n\n<figure class=\"wp-block-gallery aligncenter has-nested-images columns-default is-cropped wp-block-gallery-1 is-layout-flex wp-block-gallery-is-layout-flex\">\n<figure class=\"wp-block-image size-large\"><img data-recalc-dims=\"1\" loading=\"lazy\" decoding=\"async\" width=\"336\" height=\"420\" data-attachment-id=\"17026\" data-permalink=\"https:\/\/elabrevaderojm.com\/en\/2024\/06\/11\/beyonce-tambien-en-la-musica-country-i\/zach-b-1\/\" data-orig-file=\"https:\/\/i0.wp.com\/elabrevaderojm.com\/wp-content\/uploads\/2024\/04\/zach-b-1.jpg?fit=336%2C420&amp;ssl=1\" data-orig-size=\"336,420\" data-comments-opened=\"1\" data-image-meta=\"{&quot;aperture&quot;:&quot;0&quot;,&quot;credit&quot;:&quot;&quot;,&quot;camera&quot;:&quot;&quot;,&quot;caption&quot;:&quot;&quot;,&quot;created_timestamp&quot;:&quot;0&quot;,&quot;copyright&quot;:&quot;&quot;,&quot;focal_length&quot;:&quot;0&quot;,&quot;iso&quot;:&quot;0&quot;,&quot;shutter_speed&quot;:&quot;0&quot;,&quot;title&quot;:&quot;&quot;,&quot;orientation&quot;:&quot;1&quot;}\" data-image-title=\"zach-b-1\" data-image-description=\"\" data-image-caption=\"\" data-large-file=\"https:\/\/i0.wp.com\/elabrevaderojm.com\/wp-content\/uploads\/2024\/04\/zach-b-1.jpg?fit=336%2C420&amp;ssl=1\" data-id=\"17026\" src=\"https:\/\/i0.wp.com\/elabrevaderojm.com\/wp-content\/uploads\/2024\/04\/zach-b-1.jpg?resize=336%2C420&#038;ssl=1\" alt=\"\" class=\"wp-image-17026\"\/><figcaption class=\"wp-element-caption\"><strong>Zach<\/strong><\/figcaption><\/figure>\n\n\n\n<figure class=\"wp-block-image size-large\"><img data-recalc-dims=\"1\" loading=\"lazy\" decoding=\"async\" width=\"235\" height=\"327\" data-attachment-id=\"17025\" data-permalink=\"https:\/\/elabrevaderojm.com\/en\/2024\/06\/11\/beyonce-tambien-en-la-musica-country-i\/carrie-u-2a\/\" data-orig-file=\"https:\/\/i0.wp.com\/elabrevaderojm.com\/wp-content\/uploads\/2024\/04\/carrie-u-2a.jpg?fit=235%2C327&amp;ssl=1\" data-orig-size=\"235,327\" data-comments-opened=\"1\" data-image-meta=\"{&quot;aperture&quot;:&quot;0&quot;,&quot;credit&quot;:&quot;&quot;,&quot;camera&quot;:&quot;&quot;,&quot;caption&quot;:&quot;&quot;,&quot;created_timestamp&quot;:&quot;0&quot;,&quot;copyright&quot;:&quot;&quot;,&quot;focal_length&quot;:&quot;0&quot;,&quot;iso&quot;:&quot;0&quot;,&quot;shutter_speed&quot;:&quot;0&quot;,&quot;title&quot;:&quot;&quot;,&quot;orientation&quot;:&quot;1&quot;}\" data-image-title=\"carrie-u-2a\" data-image-description=\"\" data-image-caption=\"\" data-large-file=\"https:\/\/i0.wp.com\/elabrevaderojm.com\/wp-content\/uploads\/2024\/04\/carrie-u-2a.jpg?fit=235%2C327&amp;ssl=1\" data-id=\"17025\" src=\"https:\/\/i0.wp.com\/elabrevaderojm.com\/wp-content\/uploads\/2024\/04\/carrie-u-2a.jpg?resize=235%2C327&#038;ssl=1\" alt=\"\" class=\"wp-image-17025\"\/><figcaption class=\"wp-element-caption\"><strong>Carrie<\/strong><\/figcaption><\/figure>\n<\/figure>\n\n\n\n<p class=\"has-text-align-justify has-epilogue-font-family has-custom-font wp-block-paragraph\" style=\"font-family:epilogue\">Y agregaron junto a la foto: \u00abLlegan muchas (llamadas) para el <em>Texas Hold &#8216;Em<\/em> de Beyonc\u00e9. Llegar\u00e1 en minutos\u00bb.<\/p>\n\n\n\n<p class=\"has-text-align-justify has-epilogue-font-family has-custom-font wp-block-paragraph\" style=\"font-family:epilogue\">De acuerdo con <em>Billboard<\/em>, esta canci\u00f3n fue enviada oficialmente por <a href=\"https:\/\/es.wikipedia.org\/wiki\/Columbia_Records\">Columbia Records<\/a> a la radio <em>country<\/em> el martes. Seg\u00fan los informes, la canci\u00f3n tambi\u00e9n se agreg\u00f3 a las estaciones de transmisi\u00f3n de CMT y a varias listas de reproducci\u00f3n <em>country<\/em> de <a href=\"https:\/\/es.wikipedia.org\/wiki\/Spotify\"><em>Spotify<\/em><\/a> y <img data-recalc-dims=\"1\" loading=\"lazy\" decoding=\"async\" width=\"640\" height=\"360\" data-attachment-id=\"17028\" data-permalink=\"https:\/\/elabrevaderojm.com\/en\/2024\/06\/11\/beyonce-tambien-en-la-musica-country-i\/spotify-y-apple-music-logos-1\/\" data-orig-file=\"https:\/\/i0.wp.com\/elabrevaderojm.com\/wp-content\/uploads\/2024\/04\/spotify-y-apple-music-logos-1.jpg?fit=800%2C450&amp;ssl=1\" data-orig-size=\"800,450\" data-comments-opened=\"1\" data-image-meta=\"{&quot;aperture&quot;:&quot;0&quot;,&quot;credit&quot;:&quot;&quot;,&quot;camera&quot;:&quot;&quot;,&quot;caption&quot;:&quot;&quot;,&quot;created_timestamp&quot;:&quot;1556808116&quot;,&quot;copyright&quot;:&quot;&quot;,&quot;focal_length&quot;:&quot;0&quot;,&quot;iso&quot;:&quot;0&quot;,&quot;shutter_speed&quot;:&quot;0&quot;,&quot;title&quot;:&quot;&quot;,&quot;orientation&quot;:&quot;1&quot;}\" data-image-title=\"Spotify y Apple Music logos 1\" data-image-description=\"\" data-image-caption=\"\" data-large-file=\"https:\/\/i0.wp.com\/elabrevaderojm.com\/wp-content\/uploads\/2024\/04\/spotify-y-apple-music-logos-1.jpg?fit=640%2C360&amp;ssl=1\" class=\"wp-image-17028\" style=\"width: 100px\" src=\"https:\/\/i0.wp.com\/elabrevaderojm.com\/wp-content\/uploads\/2024\/04\/spotify-y-apple-music-logos-1.jpg?resize=640%2C360&#038;ssl=1\" alt=\"\"> <a href=\"https:\/\/es.wikipedia.org\/wiki\/Apple_Music\"><em>Apple Music<\/em><\/a>.<\/p>\n\n\n<div class=\"wp-block-coblocks-shape-divider is-style-wide mt-0 mb-0\" style=\"color: #111;\" aria-hidden=\"true\">\n\t\t\t<div class=\"wp-block-coblocks-shape-divider__svg-wrapper\" style=\"height:100px;\">\n\t\t\t\t\n\t\t\t<\/div>\n\t\t\t<div class=\"wp-block-coblocks-shape-divider__alt-wrapper\" style=\"height:50px;\"><\/div>\n\t\t<\/div>\n\n\n<p class=\"has-text-align-justify has-epilogue-font-family has-custom-font wp-block-paragraph\" style=\"font-family:epilogue\">Este tema todav\u00eda tiene m\u00e1s tela para cortar. En la pr\u00f3xima entrega hablaremos un poco de la connotaci\u00f3n racial en la controversia.<\/p>\n\n\n\n<figure class=\"wp-block-table has-literata-font-family\"><table class=\"has-pale-ocean-gradient-background has-background has-fixed-layout\" style=\"border-width:4px\"><tbody><tr><td><strong><mark style=\"background-color:rgba(0, 0, 0, 0);color:#f50606\" class=\"has-inline-color\">RELACIONADO:<\/mark> <a href=\"https:\/\/elabrevaderojm.com\/2024\/06\/11\/beyonce-tambien-en-la-musica-country-ii\/\">\u00bfBeyonc\u00e9 tambi\u00e9n en la m\u00fasica country? (II)<\/a><\/strong><\/td><\/tr><\/tbody><\/table><\/figure>\n\n\n\n<hr class=\"wp-block-separator has-alpha-channel-opacity\"\/>\n\n\n\n<p class=\"has-text-align-justify has-epilogue-font-family has-custom-font wp-block-paragraph\" style=\"font-family:epilogue\">Si te ha gustado este art\u00edculo, demu\u00e9stralo con un \u00abpulgar arriba\u00bb y un \u00abaplauso\u00bb, y compartiendo el contenido con tus amistades y en tus redes sociales. Es muy gratificante. Y quiz\u00e1s otras personas se enteren de estas cosas interesantes que has le\u00eddo hoy.<\/p>\n\n\n\n<p class=\"has-text-align-justify has-epilogue-font-family has-custom-font wp-block-paragraph\" style=\"font-family:epilogue\">Si tienes algo que comentar, preguntar o agregar, o decirme como expositor, por favor hazlo dejando tu comentario.<\/p>\n\n\n\n<p class=\"has-text-align-justify has-epilogue-font-family has-custom-font wp-block-paragraph\" style=\"font-family:epilogue\">Siempre lo mejor para estar al tanto de estas interesantes entregas es suscribirte a mi blog, que trato de surtir con nuevos trabajos siempre que me sea posible.<\/p>\n\n\n\n<p class=\"has-epilogue-font-family has-custom-font wp-block-paragraph\" style=\"font-family:epilogue\">Gracias por leer.<\/p>\n\n\n\n<div class=\"wp-block-comments\">\n\t\t<div id=\"respond\" class=\"comment-respond wp-block-post-comments-form\">\n\t\t\t<h3 id=\"reply-title\" class=\"comment-reply-title\">Leave a Reply<small><a rel=\"nofollow\" id=\"cancel-comment-reply-link\" href=\"\/en\/wp-json\/wp\/v2\/posts\/16989#respond\" style=\"display:none;\">Cancel reply<\/a><\/small><\/h3>\t\t\t<form id=\"commentform\" class=\"comment-form\">\n\t\t\t\t<iframe\n\t\t\t\t\ttitle=\"Comment Form\"\n\t\t\t\t\tsrc=\"https:\/\/jetpack.wordpress.com\/jetpack-comment\/?blogid=153735515&#038;postid=16989&#038;comment_registration=0&#038;require_name_email=0&#038;stc_enabled=1&#038;stb_enabled=1&#038;show_avatars=1&#038;avatar_default=identicon&#038;greeting=Leave+a+Reply&#038;jetpack_comments_nonce=a2d1103591&#038;greeting_reply=Leave+a+Reply+to+%25s&#038;color_scheme=light&#038;lang=en_US&#038;jetpack_version=16.2-a.5&#038;iframe_unique_id=2&#038;show_cookie_consent=10&#038;has_cookie_consent=0&#038;is_current_user_subscribed=0&#038;token_key=%3Bnormal%3B&#038;sig=c0655fa374f3b4864396dcb4041b51679e40fd53#parent=https%3A%2F%2Felabrevaderojm.com%2Fen%2Fwp-json%2Fwp%2Fv2%2Fposts%2F16989\"\n\t\t\t\t\t\t\t\t\t\t\tname=\"jetpack_remote_comment\"\n\t\t\t\t\t\tstyle=\"width:100%; height: 430px; border:0;\"\n\t\t\t\t\t\t\t\t\t\tclass=\"jetpack_remote_comment\"\n\t\t\t\t\tid=\"jetpack_remote_comment\"\n\t\t\t\t\tsandbox=\"allow-same-origin allow-top-navigation allow-scripts allow-forms allow-popups\"\n\t\t\t\t>\n\t\t\t\t\t\t\t\t\t<\/iframe>\n\t\t\t\t\t\t\t\t\t<!--[if !IE]><!-->\n\t\t\t\t\t<script>\n\t\t\t\t\t\tdocument.addEventListener('DOMContentLoaded', function () {\n\t\t\t\t\t\t\tvar commentForms = document.getElementsByClassName('jetpack_remote_comment');\n\t\t\t\t\t\t\tfor (var i = 0; i < commentForms.length; i++) {\n\t\t\t\t\t\t\t\tcommentForms[i].allowTransparency = false;\n\t\t\t\t\t\t\t\tcommentForms[i].scrolling = 'no';\n\t\t\t\t\t\t\t}\n\t\t\t\t\t\t});\n\t\t\t\t\t<\/script>\n\t\t\t\t\t<!--<![endif]-->\n\t\t\t\t\t\t\t<\/form>\n\t\t<\/div>\n\n\t\t\n\t\t<input type=\"hidden\" name=\"comment_parent\" id=\"comment_parent\" value=\"\" \/>\n\n\t\t<\/div>\n\n\n<div class=\"crowdsignal-vote-wrapper\" data-crowdsignal-vote=\"{&quot;pollId&quot;:&quot;30c41ef9-5786-447c-8dd3-a9946a3e0aa9&quot;,&quot;title&quot;:&quot;Votaci\\u00f3n sin t\\u00edtulo 2&quot;,&quot;hideBranding&quot;:false,&quot;pollStatus&quot;:&quot;open&quot;,&quot;size&quot;:&quot;medium&quot;,&quot;borderWidth&quot;:1,&quot;borderRadius&quot;:5,&quot;hideResults&quot;:false,&quot;TrpContentRestriction&quot;:{&quot;restriction_type&quot;:&quot;exclude&quot;,&quot;selected_languages&quot;:[],&quot;panel_open&quot;:true},&quot;apiPollData&quot;:{&quot;id&quot;:13895165,&quot;question&quot;:&quot;&quot;,&quot;note&quot;:&quot;&quot;,&quot;settings&quot;:{&quot;title&quot;:&quot;Votaci\\u00f3n sin t\\u00edtulo 2&quot;,&quot;after_vote&quot;:&quot;results&quot;,&quot;after_message&quot;:&quot;&quot;,&quot;randomize_answers&quot;:false,&quot;restrict_vote_repeat&quot;:false,&quot;captcha&quot;:false,&quot;multiple_choice&quot;:false,&quot;redirect_url&quot;:&quot;&quot;,&quot;close_status&quot;:&quot;open&quot;,&quot;close_after&quot;:false},&quot;answers&quot;:[{&quot;answer_text&quot;:&quot;up&quot;,&quot;id&quot;:61956050,&quot;client_id&quot;:&quot;f2c3e275-ade1-4991-bc24-d53265311475&quot;},{&quot;answer_text&quot;:&quot;down&quot;,&quot;id&quot;:61956051,&quot;client_id&quot;:&quot;451c705d-b51e-499c-8dec-46ea7bad321b&quot;}],&quot;source_link&quot;:&quot;https:\\\/\\\/elabrevaderojm.com&quot;,&quot;client_id&quot;:&quot;30c41ef9-5786-447c-8dd3-a9946a3e0aa9&quot;}}\">\n<div data-crowdsignal-vote-item=\"{&quot;answerId&quot;:&quot;f2c3e275-ade1-4991-bc24-d53265311475&quot;,&quot;type&quot;:&quot;up&quot;,&quot;TrpContentRestriction&quot;:{&quot;restriction_type&quot;:&quot;exclude&quot;,&quot;selected_languages&quot;:[],&quot;panel_open&quot;:true}}\"><\/div>\n\n<div data-crowdsignal-vote-item=\"{&quot;answerId&quot;:&quot;451c705d-b51e-499c-8dec-46ea7bad321b&quot;,&quot;type&quot;:&quot;down&quot;,&quot;TrpContentRestriction&quot;:{&quot;restriction_type&quot;:&quot;exclude&quot;,&quot;selected_languages&quot;:[],&quot;panel_open&quot;:true}}\"><\/div>\n<\/div>\n\n<div class=\"crowdsignal-applause-wrapper\" data-crowdsignal-applause=\"{&quot;pollId&quot;:&quot;03dc58f2-e248-46d8-ad69-dad571258ab7&quot;,&quot;title&quot;:&quot;Aplauso sin t\\u00edtulo 4&quot;,&quot;answerId&quot;:&quot;f6ad2cfc-501a-4567-a7ef-4f34ed8b26d3&quot;,&quot;hideBranding&quot;:false,&quot;size&quot;:&quot;medium&quot;,&quot;pollStatus&quot;:&quot;open&quot;,&quot;TrpContentRestriction&quot;:{&quot;restriction_type&quot;:&quot;exclude&quot;,&quot;selected_languages&quot;:[],&quot;panel_open&quot;:true},&quot;apiPollData&quot;:{&quot;id&quot;:13895166,&quot;question&quot;:&quot;&quot;,&quot;note&quot;:&quot;&quot;,&quot;settings&quot;:{&quot;title&quot;:&quot;Aplauso sin t\\u00edtulo 4&quot;,&quot;after_vote&quot;:&quot;results&quot;,&quot;after_message&quot;:&quot;&quot;,&quot;randomize_answers&quot;:false,&quot;restrict_vote_repeat&quot;:false,&quot;captcha&quot;:false,&quot;multiple_choice&quot;:false,&quot;redirect_url&quot;:&quot;&quot;,&quot;close_status&quot;:&quot;open&quot;,&quot;close_after&quot;:false},&quot;answers&quot;:[{&quot;answer_text&quot;:&quot;clap&quot;,&quot;id&quot;:61956052,&quot;client_id&quot;:&quot;f6ad2cfc-501a-4567-a7ef-4f34ed8b26d3&quot;}],&quot;source_link&quot;:&quot;https:\\\/\\\/elabrevaderojm.com&quot;,&quot;client_id&quot;:&quot;03dc58f2-e248-46d8-ad69-dad571258ab7&quot;}}\"><\/div>","protected":false},"excerpt":{"rendered":"<p>Beyonc\u00e9 (en la foto) fue galardonada recientemente en los iHeartRadio Music Awards 2024 con el \u00abPremio a la Innovaci\u00f3n\u00bb, presentado por Stevie Wonder, donde fue reconocida por su impacto en la m\u00fasica&#8230;<\/p>","protected":false},"author":147101633,"featured_media":0,"comment_status":"open","ping_status":"open","sticky":false,"template":"","format":"standard","meta":{"_coblocks_attr":"","_coblocks_dimensions":"","_coblocks_responsive_height":"","_coblocks_accordion_ie_support":"","advanced_seo_description":"","jetpack_seo_html_title":"","jetpack_seo_noindex":false,"jetpack_seo_schema_type":"","_jetpack_newsletter_access":"","_jetpack_dont_email_post_to_subs":false,"_jetpack_newsletter_tier_id":0,"_jetpack_memberships_contains_paywalled_content":false,"_wpcom_ai_launchpad_first_post":false,"_jetpack_feature_clip_id":0,"_jetpack_memberships_contains_paid_content":false,"footnotes":"[]","jetpack_publicize_message":"{title}\n\n{excerpt}\n\n{url}","jetpack_publicize_feature_enabled":true,"jetpack_social_post_already_shared":false,"jetpack_social_options":{"image_generator_settings":{"template":"highway","default_image_id":0,"font":"","enabled":false},"version":2},"_wpas_customize_per_network":false,"jetpack_post_was_ever_published":false},"categories":[122563111,770216206],"tags":[769334875,771293004,1149014,3939088,27950,28057,189545,265935,2124,59944710,236687,771292933,215112705,771292946,5103674,858459,3991,23157,343828,28649803,2074982,261753,103206,33544010],"class_list":["post-16989","post","type-post","status-publish","format-standard","hentry","category-entretenimiento-musica","category-famosos-del-entretenimiento","tag-16-carriages","tag-beylegion","tag-act-ii","tag-apple-music","tag-beyonce","tag-billboard","tag-carrie-underwood","tag-columbia-records","tag-country","tag-cowboy-carter","tag-entertainment-tonight","tag-hot-100-country-songs","tag-iheartradio-music-awards","tag-kykc-100-1-fm","tag-musica-country","tag-minorias","tag-pop","tag-rb","tag-rhythm-and-blues","tag-s-c-o-r-e","tag-spotify","tag-stevie-wonder","tag-texas-hold-em","tag-zach-bryan"],"featured_image_src":null,"author_info":{"display_name":"jmhernandezgonzalez","author_link":"https:\/\/elabrevaderojm.com\/en\/author\/jmhernandezgonzalez\/"},"jetpack_publicize_connections":[],"jetpack_likes_enabled":true,"jetpack_sharing_enabled":true,"jetpack_shortlink":"https:\/\/wp.me\/pap3D5-4q1","jetpack-related-posts":[],"jetpack_featured_media_url":"","_links":{"self":[{"href":"https:\/\/elabrevaderojm.com\/en\/wp-json\/wp\/v2\/posts\/16989","targetHints":{"allow":["GET"]}}],"collection":[{"href":"https:\/\/elabrevaderojm.com\/en\/wp-json\/wp\/v2\/posts"}],"about":[{"href":"https:\/\/elabrevaderojm.com\/en\/wp-json\/wp\/v2\/types\/post"}],"author":[{"embeddable":true,"href":"https:\/\/elabrevaderojm.com\/en\/wp-json\/wp\/v2\/users\/147101633"}],"replies":[{"embeddable":true,"href":"https:\/\/elabrevaderojm.com\/en\/wp-json\/wp\/v2\/comments?post=16989"}],"version-history":[{"count":28,"href":"https:\/\/elabrevaderojm.com\/en\/wp-json\/wp\/v2\/posts\/16989\/revisions"}],"predecessor-version":[{"id":24032,"href":"https:\/\/elabrevaderojm.com\/en\/wp-json\/wp\/v2\/posts\/16989\/revisions\/24032"}],"wp:attachment":[{"href":"https:\/\/elabrevaderojm.com\/en\/wp-json\/wp\/v2\/media?parent=16989"}],"wp:term":[{"taxonomy":"category","embeddable":true,"href":"https:\/\/elabrevaderojm.com\/en\/wp-json\/wp\/v2\/categories?post=16989"},{"taxonomy":"post_tag","embeddable":true,"href":"https:\/\/elabrevaderojm.com\/en\/wp-json\/wp\/v2\/tags?post=16989"}],"curies":[{"name":"wp","href":"https:\/\/api.w.org\/{rel}","templated":true}]}}