{"id":17334,"date":"2024-06-11T20:59:05","date_gmt":"2024-06-12T00:59:05","guid":{"rendered":"https:\/\/elabrevaderojm.com\/?p=17334"},"modified":"2025-04-07T16:47:28","modified_gmt":"2025-04-07T20:47:28","slug":"blackbird-a-proposito-de-la-reaparicion-de-esta-pieza-de-paul-mccartney-i","status":"publish","type":"post","link":"https:\/\/elabrevaderojm.com\/en\/2024\/06\/11\/blackbird-a-proposito-de-la-reaparicion-de-esta-pieza-de-paul-mccartney-i\/","title":{"rendered":"Blackbird: a prop\u00f3sito de la \u00abreaparici\u00f3n\u00bb de esta pieza de Paul McCartney (I)"},"content":{"rendered":"\n<p class=\"has-drop-cap has-text-align-justify has-domine-font-family has-custom-font wp-block-paragraph\" style=\"font-family:domine\">La primera presentaci\u00f3n p\u00fablica de <em>Blackbird<\/em> tuvo lugar en octubre de 1968 y fue una sorpresa para las chicas \u2014m\u00e1s tarde inmortalizadas en la canci\u00f3n <a href=\"https:\/\/es.wikipedia.org\/wiki\/Apple_Scruffs_(canci%C3%B3n)\"><em>Apple Scruffs<\/em><\/a> de <a href=\"https:\/\/es.wikipedia.org\/wiki\/George_Harrison\">George Harrison<\/a>\u2014 que merodeaban fuera de las casas, estudios y oficinas de <a href=\"https:\/\/es.wikipedia.org\/wiki\/The_Beatles\">los Beatles<\/a>. La canci\u00f3n fue escrita en la granja del Macca en <a href=\"https:\/\/es.wikipedia.org\/wiki\/Escocia\">Escocia<\/a>.<\/p>\n\n\n\n<div class=\"wp-block-jetpack-tiled-gallery aligncenter is-style-columns\"><div class=\"\"><div class=\"tiled-gallery__gallery\"><div class=\"tiled-gallery__row\"><div class=\"tiled-gallery__col\" style=\"flex-basis:25.78886%\"><figure class=\"tiled-gallery__item\"><img decoding=\"async\" data-attachment-id=\"17341\" data-permalink=\"https:\/\/elabrevaderojm.com\/en\/2024\/06\/11\/blackbird-a-proposito-de-la-reaparicion-de-esta-pieza-de-paul-mccartney-i\/apple-scruffs-sencillo\/\" data-orig-file=\"https:\/\/i0.wp.com\/elabrevaderojm.com\/wp-content\/uploads\/2024\/05\/apple-scruffs-sencillo.jpg?fit=225%2C223&amp;ssl=1\" data-orig-size=\"225,223\" data-comments-opened=\"1\" data-image-meta=\"{&quot;aperture&quot;:&quot;0&quot;,&quot;credit&quot;:&quot;&quot;,&quot;camera&quot;:&quot;&quot;,&quot;caption&quot;:&quot;&quot;,&quot;created_timestamp&quot;:&quot;0&quot;,&quot;copyright&quot;:&quot;&quot;,&quot;focal_length&quot;:&quot;0&quot;,&quot;iso&quot;:&quot;0&quot;,&quot;shutter_speed&quot;:&quot;0&quot;,&quot;title&quot;:&quot;&quot;,&quot;orientation&quot;:&quot;0&quot;}\" data-image-title=\"apple-scruffs-sencillo\" data-image-description=\"\" data-image-caption=\"\" data-large-file=\"https:\/\/i0.wp.com\/elabrevaderojm.com\/wp-content\/uploads\/2024\/05\/apple-scruffs-sencillo.jpg?fit=225%2C223&amp;ssl=1\" role=\"button\" tabindex=\"0\" aria-label=\"Open image 1 of 3 in full-screen\" srcset=\"https:\/\/i0.wp.com\/elabrevaderojm.com\/wp-content\/uploads\/2024\/05\/apple-scruffs-sencillo.jpg?strip=info&#038;w=225&#038;ssl=1 225w\" alt=\"\" data-height=\"223\" data-id=\"17341\" data-link=\"https:\/\/elabrevaderojm.com\/?attachment_id=17341\" data-url=\"https:\/\/elabrevaderojm.com\/wp-content\/uploads\/2024\/05\/apple-scruffs-sencillo.jpg?w=225\" data-width=\"225\" src=\"https:\/\/i0.wp.com\/elabrevaderojm.com\/wp-content\/uploads\/2024\/05\/apple-scruffs-sencillo.jpg?ssl=1\" data-amp-layout=\"responsive\" tabindex=\"0\" role=\"button\" aria-label=\"Abrir la imagen 1 de 3 en pantalla completa\"\/><\/figure><\/div><div class=\"tiled-gallery__col\" style=\"flex-basis:34.52239%\"><figure class=\"tiled-gallery__item\"><img decoding=\"async\" data-attachment-id=\"17336\" data-permalink=\"https:\/\/elabrevaderojm.com\/en\/2024\/06\/11\/blackbird-a-proposito-de-la-reaparicion-de-esta-pieza-de-paul-mccartney-i\/apple-scruffs-esperando-1\/\" data-orig-file=\"https:\/\/i0.wp.com\/elabrevaderojm.com\/wp-content\/uploads\/2024\/05\/apple-scruffs-esperando-1.jpg?fit=437%2C323&amp;ssl=1\" data-orig-size=\"437,323\" data-comments-opened=\"1\" data-image-meta=\"{&quot;aperture&quot;:&quot;0&quot;,&quot;credit&quot;:&quot;&quot;,&quot;camera&quot;:&quot;&quot;,&quot;caption&quot;:&quot;&quot;,&quot;created_timestamp&quot;:&quot;0&quot;,&quot;copyright&quot;:&quot;&quot;,&quot;focal_length&quot;:&quot;0&quot;,&quot;iso&quot;:&quot;0&quot;,&quot;shutter_speed&quot;:&quot;0&quot;,&quot;title&quot;:&quot;&quot;,&quot;orientation&quot;:&quot;1&quot;}\" data-image-title=\"apple-scruffs-esperando-1\" data-image-description=\"\" data-image-caption=\"\" data-large-file=\"https:\/\/i0.wp.com\/elabrevaderojm.com\/wp-content\/uploads\/2024\/05\/apple-scruffs-esperando-1.jpg?fit=437%2C323&amp;ssl=1\" role=\"button\" tabindex=\"0\" aria-label=\"Open image 2 of 3 in full-screen\" srcset=\"https:\/\/i0.wp.com\/elabrevaderojm.com\/wp-content\/uploads\/2024\/05\/apple-scruffs-esperando-1.jpg?strip=info&#038;w=437&#038;ssl=1 437w\" alt=\"\" data-height=\"323\" data-id=\"17336\" data-link=\"https:\/\/elabrevaderojm.com\/?attachment_id=17336\" data-url=\"https:\/\/elabrevaderojm.com\/wp-content\/uploads\/2024\/05\/apple-scruffs-esperando-1.jpg?w=437\" data-width=\"437\" src=\"https:\/\/i0.wp.com\/elabrevaderojm.com\/wp-content\/uploads\/2024\/05\/apple-scruffs-esperando-1.jpg?ssl=1\" data-amp-layout=\"responsive\" tabindex=\"0\" role=\"button\" aria-label=\"Abrir la imagen 2 de 3 en pantalla completa\"\/><\/figure><\/div><div class=\"tiled-gallery__col\" style=\"flex-basis:39.68876%\"><figure class=\"tiled-gallery__item\"><img decoding=\"async\" data-attachment-id=\"17337\" data-permalink=\"https:\/\/elabrevaderojm.com\/en\/2024\/06\/11\/blackbird-a-proposito-de-la-reaparicion-de-esta-pieza-de-paul-mccartney-i\/high-park-farm-1\/\" data-orig-file=\"https:\/\/i0.wp.com\/elabrevaderojm.com\/wp-content\/uploads\/2024\/05\/high-park-farm-1.jpg?fit=400%2C257&amp;ssl=1\" data-orig-size=\"400,257\" data-comments-opened=\"1\" data-image-meta=\"{&quot;aperture&quot;:&quot;0&quot;,&quot;credit&quot;:&quot;&quot;,&quot;camera&quot;:&quot;&quot;,&quot;caption&quot;:&quot;&quot;,&quot;created_timestamp&quot;:&quot;0&quot;,&quot;copyright&quot;:&quot;&quot;,&quot;focal_length&quot;:&quot;0&quot;,&quot;iso&quot;:&quot;0&quot;,&quot;shutter_speed&quot;:&quot;0&quot;,&quot;title&quot;:&quot;&quot;,&quot;orientation&quot;:&quot;1&quot;}\" data-image-title=\"high-park-farm-1\" data-image-description=\"\" data-image-caption=\"\" data-large-file=\"https:\/\/i0.wp.com\/elabrevaderojm.com\/wp-content\/uploads\/2024\/05\/high-park-farm-1.jpg?fit=400%2C257&amp;ssl=1\" role=\"button\" tabindex=\"0\" aria-label=\"Open image 3 of 3 in full-screen\" srcset=\"https:\/\/i0.wp.com\/elabrevaderojm.com\/wp-content\/uploads\/2024\/05\/high-park-farm-1.jpg?strip=info&#038;w=400&#038;ssl=1 400w\" alt=\"\" data-height=\"257\" data-id=\"17337\" data-link=\"https:\/\/elabrevaderojm.com\/?attachment_id=17337\" data-url=\"https:\/\/elabrevaderojm.com\/wp-content\/uploads\/2024\/05\/high-park-farm-1.jpg?w=400\" data-width=\"400\" src=\"https:\/\/i0.wp.com\/elabrevaderojm.com\/wp-content\/uploads\/2024\/05\/high-park-farm-1.jpg?ssl=1\" data-amp-layout=\"responsive\" tabindex=\"0\" role=\"button\" aria-label=\"Abrir la imagen 3 de 3 en pantalla completa\"\/><\/figure><\/div><\/div><\/div><\/div><\/div>\n\n\n\n<p class=\"has-text-align-center has-bodoni-moda-font-family has-custom-font wp-block-paragraph\" style=\"font-family:bodoni-moda\"><strong>De <\/strong>i<strong>zquierda a derecha: Car\u00e1tula del sencillo de la canci\u00f3n de Harrison; Los fan\u00e1ticos se agolpan afuera de la sede de <em>Apple<\/em> de The Beatles (foto: Cummings Archives\/Redferns); High Park Farm, la finca de McCartney en Escocia.<\/strong><\/p>\n\n\n\n<p class=\"has-text-align-justify has-domine-font-family has-custom-font wp-block-paragraph\" style=\"font-family:domine\">Eso <strong>sucedi\u00f3 poco despu\u00e9s de la canci\u00f3n ser compuesta<\/strong>, en la primera noche que su futura esposa <a href=\"https:\/\/es.wikipedia.org\/wiki\/Linda_McCartney\">Linda Louise Eastman<\/a> se qued\u00f3 en la casa de <a href=\"https:\/\/es.wikipedia.org\/wiki\/Londres\">Londres<\/a> de McCartney en el frondoso <a href=\"https:\/\/es.wikipedia.org\/wiki\/St_John%27s_Wood\">St. Johns Wood<\/a>, a solo unos minutos a pie de <a href=\"https:\/\/es.wikipedia.org\/wiki\/Abbey_Road_Studios\">Abbey Road Studios<\/a>, donde una fanaticada esperaba fuera de las puertas.<\/p>\n\n\n\n<div class=\"wp-block-jetpack-tiled-gallery aligncenter is-style-columns\"><div class=\"\"><div class=\"tiled-gallery__gallery\"><div class=\"tiled-gallery__row\"><div class=\"tiled-gallery__col\" style=\"flex-basis:33.29288%\"><figure class=\"tiled-gallery__item\"><img decoding=\"async\" data-attachment-id=\"17347\" data-permalink=\"https:\/\/elabrevaderojm.com\/en\/2024\/06\/11\/blackbird-a-proposito-de-la-reaparicion-de-esta-pieza-de-paul-mccartney-i\/linda-e-1-1\/\" data-orig-file=\"https:\/\/i0.wp.com\/elabrevaderojm.com\/wp-content\/uploads\/2024\/05\/linda-e-1-1.jpg?fit=281%2C300&amp;ssl=1\" data-orig-size=\"281,300\" data-comments-opened=\"1\" data-image-meta=\"{&quot;aperture&quot;:&quot;0&quot;,&quot;credit&quot;:&quot;&quot;,&quot;camera&quot;:&quot;&quot;,&quot;caption&quot;:&quot;&quot;,&quot;created_timestamp&quot;:&quot;0&quot;,&quot;copyright&quot;:&quot;&quot;,&quot;focal_length&quot;:&quot;0&quot;,&quot;iso&quot;:&quot;0&quot;,&quot;shutter_speed&quot;:&quot;0&quot;,&quot;title&quot;:&quot;&quot;,&quot;orientation&quot;:&quot;1&quot;}\" data-image-title=\"linda-e-1-1\" data-image-description=\"\" data-image-caption=\"\" data-large-file=\"https:\/\/i0.wp.com\/elabrevaderojm.com\/wp-content\/uploads\/2024\/05\/linda-e-1-1.jpg?fit=281%2C300&amp;ssl=1\" role=\"button\" tabindex=\"0\" aria-label=\"Open image 1 of 3 in full-screen\" srcset=\"https:\/\/i0.wp.com\/elabrevaderojm.com\/wp-content\/uploads\/2024\/05\/linda-e-1-1.jpg?strip=info&#038;w=281&#038;ssl=1 281w\" alt=\"\" data-height=\"300\" data-id=\"17347\" data-link=\"https:\/\/elabrevaderojm.com\/?attachment_id=17347\" data-url=\"https:\/\/elabrevaderojm.com\/wp-content\/uploads\/2024\/05\/linda-e-1-1.jpg?w=281\" data-width=\"281\" src=\"https:\/\/i0.wp.com\/elabrevaderojm.com\/wp-content\/uploads\/2024\/05\/linda-e-1-1.jpg?ssl=1\" data-amp-layout=\"responsive\" tabindex=\"0\" role=\"button\" aria-label=\"Abrir la imagen 1 de 3 en pantalla completa\"\/><\/figure><\/div><div class=\"tiled-gallery__col\" style=\"flex-basis:26.68246%\"><figure class=\"tiled-gallery__item\"><img decoding=\"async\" data-attachment-id=\"17345\" data-permalink=\"https:\/\/elabrevaderojm.com\/en\/2024\/06\/11\/blackbird-a-proposito-de-la-reaparicion-de-esta-pieza-de-paul-mccartney-i\/17_cavendish_avenue_nw8_2018a\/\" data-orig-file=\"https:\/\/i0.wp.com\/elabrevaderojm.com\/wp-content\/uploads\/2024\/05\/17_cavendish_avenue_nw8_2018a.jpg?fit=240%2C320&amp;ssl=1\" data-orig-size=\"240,320\" data-comments-opened=\"1\" data-image-meta=\"{&quot;aperture&quot;:&quot;0&quot;,&quot;credit&quot;:&quot;&quot;,&quot;camera&quot;:&quot;&quot;,&quot;caption&quot;:&quot;&quot;,&quot;created_timestamp&quot;:&quot;0&quot;,&quot;copyright&quot;:&quot;&quot;,&quot;focal_length&quot;:&quot;0&quot;,&quot;iso&quot;:&quot;0&quot;,&quot;shutter_speed&quot;:&quot;0&quot;,&quot;title&quot;:&quot;&quot;,&quot;orientation&quot;:&quot;1&quot;}\" data-image-title=\"17_cavendish_avenue_nw8_2018a\" data-image-description=\"\" data-image-caption=\"\" data-large-file=\"https:\/\/i0.wp.com\/elabrevaderojm.com\/wp-content\/uploads\/2024\/05\/17_cavendish_avenue_nw8_2018a.jpg?fit=240%2C320&amp;ssl=1\" role=\"button\" tabindex=\"0\" aria-label=\"Open image 2 of 3 in full-screen\" srcset=\"https:\/\/i0.wp.com\/elabrevaderojm.com\/wp-content\/uploads\/2024\/05\/17_cavendish_avenue_nw8_2018a.jpg?strip=info&#038;w=240&#038;ssl=1 240w\" alt=\"\" data-height=\"320\" data-id=\"17345\" data-link=\"https:\/\/elabrevaderojm.com\/?attachment_id=17345\" data-url=\"https:\/\/elabrevaderojm.com\/wp-content\/uploads\/2024\/05\/17_cavendish_avenue_nw8_2018a.jpg?w=240\" data-width=\"240\" src=\"https:\/\/i0.wp.com\/elabrevaderojm.com\/wp-content\/uploads\/2024\/05\/17_cavendish_avenue_nw8_2018a.jpg?ssl=1\" data-amp-layout=\"responsive\" tabindex=\"0\" role=\"button\" aria-label=\"Abrir la imagen 2 de 3 en pantalla completa\"\/><\/figure><\/div><div class=\"tiled-gallery__col\" style=\"flex-basis:40.02466%\"><figure class=\"tiled-gallery__item\"><img decoding=\"async\" data-attachment-id=\"17346\" data-permalink=\"https:\/\/elabrevaderojm.com\/en\/2024\/06\/11\/blackbird-a-proposito-de-la-reaparicion-de-esta-pieza-de-paul-mccartney-i\/abbey-road-1\/\" data-orig-file=\"https:\/\/i0.wp.com\/elabrevaderojm.com\/wp-content\/uploads\/2024\/05\/abbey-road-1.jpg?fit=400%2C355&amp;ssl=1\" data-orig-size=\"400,355\" data-comments-opened=\"1\" data-image-meta=\"{&quot;aperture&quot;:&quot;0&quot;,&quot;credit&quot;:&quot;&quot;,&quot;camera&quot;:&quot;&quot;,&quot;caption&quot;:&quot;&quot;,&quot;created_timestamp&quot;:&quot;0&quot;,&quot;copyright&quot;:&quot;&quot;,&quot;focal_length&quot;:&quot;0&quot;,&quot;iso&quot;:&quot;0&quot;,&quot;shutter_speed&quot;:&quot;0&quot;,&quot;title&quot;:&quot;&quot;,&quot;orientation&quot;:&quot;1&quot;}\" data-image-title=\"abbey-road-1\" data-image-description=\"\" data-image-caption=\"\" data-large-file=\"https:\/\/i0.wp.com\/elabrevaderojm.com\/wp-content\/uploads\/2024\/05\/abbey-road-1.jpg?fit=400%2C355&amp;ssl=1\" role=\"button\" tabindex=\"0\" aria-label=\"Open image 3 of 3 in full-screen\" srcset=\"https:\/\/i0.wp.com\/elabrevaderojm.com\/wp-content\/uploads\/2024\/05\/abbey-road-1.jpg?strip=info&#038;w=400&#038;ssl=1 400w\" alt=\"\" data-height=\"355\" data-id=\"17346\" data-link=\"https:\/\/elabrevaderojm.com\/?attachment_id=17346\" data-url=\"https:\/\/elabrevaderojm.com\/wp-content\/uploads\/2024\/05\/abbey-road-1.jpg?w=400\" data-width=\"400\" src=\"https:\/\/i0.wp.com\/elabrevaderojm.com\/wp-content\/uploads\/2024\/05\/abbey-road-1.jpg?ssl=1\" data-amp-layout=\"responsive\" tabindex=\"0\" role=\"button\" aria-label=\"Abrir la imagen 3 de 3 en pantalla completa\"\/><\/figure><\/div><\/div><\/div><\/div><\/div>\n\n\n\n<p class=\"has-text-align-center has-bodoni-moda-font-family has-custom-font wp-block-paragraph\" style=\"font-family:bodoni-moda\"><strong>De izquierda a derecha: Linda Eastman; Casa que Paul McCartney comprara en 17<br>Cavendish Avenue, NW8, tal como aparece en la foto de archivo de <em>Wikipedia<\/em>,<br>creado y subido el 9 de febrero de 2018 (foto: <em>No Swan So Fine<\/em>); Abbey Road Studios. <\/strong><\/p>\n\n\n\n<p class=\"has-domine-font-family has-custom-font wp-block-paragraph\" style=\"font-family:domine\">Margo Stevens, una de esas fan\u00e1ticas \u201c<em>apple scruffs<\/em>\u201d\u2014quien, junto con muchos otros, se congregaba regularmente fuera de las oficinas de Apple en <a href=\"https:\/\/es.wikipedia.org\/wiki\/Savile_Row\">Savile Row<\/a>, as\u00ed como en la casa de Paul\u2014, recordaba aquel momento de esta manera (como aparece en <em>Shout!: The Beatles in Their Generation<\/em>, por Philip Norman):<\/p>\n\n\n\n<figure class=\"wp-block-table is-style-regular has-crimson-pro-font-family\"><table class=\"has-foreground-color has-pale-ocean-gradient-background has-text-color has-background has-link-color has-fixed-layout\"><tbody><tr><td class=\"has-text-align-center\" data-align=\"center\"><strong>Algunos de nosotros est\u00e1bamos all\u00ed. Ten\u00edamos la sensaci\u00f3n de que algo iba a pasar. Paul no llev\u00f3 el <a href=\"https:\/\/es.wikipedia.org\/wiki\/MINI\"><em>Mini<\/em><\/a> adentro como sol\u00eda hacerlo: lo estacion\u00f3 en la carretera y \u00e9l y Linda pasaron junto a nosotros. Entraron y nos quedamos all\u00ed, viendo c\u00f3mo se encend\u00edan y apagaban las diferentes luces de la casa. Al final, la luz se encendi\u00f3 en el <em>Mad Room<\/em>, en la parte superior de la casa, donde guardaba todas sus cosas musicales y sus juguetes. Paul abri\u00f3 la ventana y nos grit\u00f3: \u00ab\u00bfTodav\u00eda est\u00e1n ah\u00ed abajo?\u00bb \u00abS\u00ed\u00bb, dijimos. Debe haber estado muy feliz esa noche. Se sent\u00f3 en el alf\u00e9izar de la ventana con su guitarra ac\u00fastica y nos cant\u00f3 <em>Blackbir<\/em>d mientras est\u00e1bamos all\u00ed en la oscuridad.<\/strong><\/td><\/tr><\/tbody><\/table><\/figure>\n\n\n\n<figure class=\"wp-block-table has-literata-font-family\"><table class=\"has-pale-ocean-gradient-background has-background has-fixed-layout\" style=\"border-width:4px\"><tbody><tr><td><strong><mark style=\"background-color:rgba(0, 0, 0, 0);color:#f50707\" class=\"has-inline-color\">RELACIONADO<\/mark>: <a href=\"https:\/\/elabrevaderojm.com\/2024\/06\/11\/apendice-a-blackbird-a-proposito-de-la-reaparicion-de-esta-pieza-de-paul-mccartney\/\">Ap\u00e9ndice a \u00abBlackbird: a prop\u00f3sito de la \u00abreaparici\u00f3n\u00bb de esta pieza de Paul McCartney\u00bb<\/a><\/strong> (para conocer m\u00e1s sobre el libro y su autor; <strong>puntos 1 y 2<\/strong>).<\/td><\/tr><\/tbody><\/table><\/figure>\n\n\n\n<div class=\"wp-block-media-text is-stacked-on-mobile\" style=\"grid-template-columns:31% auto\"><figure class=\"wp-block-media-text__media\"><img data-recalc-dims=\"1\" loading=\"lazy\" decoding=\"async\" width=\"500\" height=\"457\" data-attachment-id=\"17354\" data-permalink=\"https:\/\/elabrevaderojm.com\/en\/2024\/06\/11\/blackbird-a-proposito-de-la-reaparicion-de-esta-pieza-de-paul-mccartney-i\/version-1-0-0-2\/\" data-orig-file=\"https:\/\/i0.wp.com\/elabrevaderojm.com\/wp-content\/uploads\/2024\/05\/the-beatles-album.jpg?fit=500%2C457&amp;ssl=1\" data-orig-size=\"500,457\" data-comments-opened=\"1\" data-image-meta=\"{&quot;aperture&quot;:&quot;0&quot;,&quot;credit&quot;:&quot;&quot;,&quot;camera&quot;:&quot;&quot;,&quot;caption&quot;:&quot;Version 1.0.0&quot;,&quot;created_timestamp&quot;:&quot;0&quot;,&quot;copyright&quot;:&quot;&quot;,&quot;focal_length&quot;:&quot;0&quot;,&quot;iso&quot;:&quot;0&quot;,&quot;shutter_speed&quot;:&quot;0&quot;,&quot;title&quot;:&quot;Version 1.0.0&quot;,&quot;orientation&quot;:&quot;0&quot;}\" data-image-title=\"Version 1.0.0\" data-image-description=\"\" data-image-caption=\"&lt;p&gt;Version 1.0.0&lt;\/p&gt;\n\" data-large-file=\"https:\/\/i0.wp.com\/elabrevaderojm.com\/wp-content\/uploads\/2024\/05\/the-beatles-album.jpg?fit=500%2C457&amp;ssl=1\" src=\"https:\/\/i0.wp.com\/elabrevaderojm.com\/wp-content\/uploads\/2024\/05\/the-beatles-album.jpg?resize=500%2C457&#038;ssl=1\" alt=\"\" class=\"wp-image-17354 size-full\"\/><\/figure><div class=\"wp-block-media-text__content\">\n<p class=\"has-text-align-justify has-domine-font-family has-custom-font wp-block-paragraph\" style=\"font-family:domine\"><em>Blackbird<\/em> es una canci\u00f3n de la banda de <em>rock<\/em> inglesa The Beatles de su \u00e1lbum doble de 1968 <em>The Beatles<\/em> (la car\u00e1tula en la foto) \u2014tambi\u00e9n conocido como <em>The White Album<\/em>\u2014. Fue escrita por Paul McCartney y acreditada a <a href=\"https:\/\/es.wikipedia.org\/wiki\/Lennon-McCartney\">Lennon-McCartney<\/a>, e interpretada como una pieza en solitario por McCartney.<\/p>\n<\/div><\/div>\n\n\n\n<figure class=\"wp-block-audio\"><audio controls src=\"https:\/\/elabrevaderojm.com\/wp-content\/uploads\/2024\/05\/blackbird-esher-demo.mp3\"><\/audio><figcaption class=\"wp-element-caption\"><strong>En mayo de 1968, los Beatles se reunieron en Kinfauns, la casa de George Harrison en <a href=\"https:\/\/es.wikipedia.org\/wiki\/Esher\">Esher<\/a>, para revisar y grabar demos de canciones que estaban considerando para su pr\u00f3ximo \u00e1lbum (<em>The Beatles<\/em>); 27 canciones, en su mayor\u00eda ac\u00fasticas, se han hecho p\u00fablicas a partir de esta sesi\u00f3n.<\/strong><\/figcaption><\/figure>\n\n\n<div class=\"wp-block-image\">\n<figure class=\"aligncenter size-large\"><img data-recalc-dims=\"1\" loading=\"lazy\" decoding=\"async\" width=\"444\" height=\"263\" data-attachment-id=\"17360\" data-permalink=\"https:\/\/elabrevaderojm.com\/en\/2024\/06\/11\/blackbird-a-proposito-de-la-reaparicion-de-esta-pieza-de-paul-mccartney-i\/kinfauns_george_harrison_house-1\/\" data-orig-file=\"https:\/\/i0.wp.com\/elabrevaderojm.com\/wp-content\/uploads\/2024\/05\/kinfauns_george_harrison_house-1.jpg?fit=444%2C263&amp;ssl=1\" data-orig-size=\"444,263\" data-comments-opened=\"1\" data-image-meta=\"{&quot;aperture&quot;:&quot;0&quot;,&quot;credit&quot;:&quot;&quot;,&quot;camera&quot;:&quot;&quot;,&quot;caption&quot;:&quot;&quot;,&quot;created_timestamp&quot;:&quot;0&quot;,&quot;copyright&quot;:&quot;&quot;,&quot;focal_length&quot;:&quot;0&quot;,&quot;iso&quot;:&quot;0&quot;,&quot;shutter_speed&quot;:&quot;0&quot;,&quot;title&quot;:&quot;&quot;,&quot;orientation&quot;:&quot;1&quot;}\" data-image-title=\"kinfauns_george_harrison_house-1\" data-image-description=\"\" data-image-caption=\"\" data-large-file=\"https:\/\/i0.wp.com\/elabrevaderojm.com\/wp-content\/uploads\/2024\/05\/kinfauns_george_harrison_house-1.jpg?fit=444%2C263&amp;ssl=1\" src=\"https:\/\/i0.wp.com\/elabrevaderojm.com\/wp-content\/uploads\/2024\/05\/kinfauns_george_harrison_house-1.jpg?resize=444%2C263&#038;ssl=1\" alt=\"\" class=\"wp-image-17360\"\/><figcaption class=\"wp-element-caption\"><strong>Kinfauns, la antigua casa de George Harrison y Pattie Boyd de 1964 a 1970 (foto: Joe1964 en la <em>Wikipedia<\/em> en ingl\u00e9s).<\/strong><\/figcaption><\/figure>\n<\/div>\n\n\n<h3 class=\"wp-block-heading has-poppins-font-family has-custom-font\" style=\"font-family:poppins\"><strong>Datos:<\/strong><\/h3>\n\n\n\n<figure class=\"wp-block-table aligncenter\"><table class=\"has-fixed-layout\"><tbody><tr><td><strong>Escrita y cantada por: <\/strong><\/td><td>Paul McCartney<\/td><\/tr><tr><td><strong>Acreditada a:<\/strong><\/td><td>Lennon-McCartney<\/td><\/tr><tr><td><strong>Grabado: <\/strong><\/td><td>11 de junio de 1968 en los <em>Studio Two<\/em> y <em>Studio Three<\/em>, de <a href=\"https:\/\/es.wikipedia.org\/wiki\/EMI\">EMI Studios<\/a> en <a href=\"https:\/\/en.wikipedia.org\/wiki\/Abbey_Road_Studios\">Abbey Road<\/a><\/td><\/tr><tr><td><strong>Productor: <\/strong><\/td><td>George Martin<\/td><\/tr><tr><td><strong>G\u00e9nero: <\/strong><\/td><td><em><a href=\"https:\/\/es.wikipedia.org\/wiki\/M%C3%BAsica_folcl%C3%B3rica\">Folk<\/a><\/em><\/td><\/tr><tr><td><strong>Ingeniero de sonido: <\/strong><\/td><td><a href=\"https:\/\/es.wikipedia.org\/wiki\/Geoff_Emerick\">Geoff Emerick<\/a><\/td><\/tr><tr><td><strong>Lanzamiento: <\/strong><\/td><td>22 de noviembre de 1968 (<a href=\"https:\/\/es.wikipedia.org\/wiki\/Reino_Unido\">Reino Unido<\/a>), 25 de noviembre de 1968 (<a href=\"https:\/\/es.wikipedia.org\/wiki\/Estados_Unidos\">Estados Unidos<\/a>)<\/td><\/tr><tr><td><strong>Casa editora: <\/strong><\/td><td><a href=\"https:\/\/es.wikipedia.org\/wiki\/Apple_Records\">Apple Records<\/a><\/td><\/tr><tr><td><strong>Partitura de: <\/strong><\/td><td><em><a href=\"https:\/\/es.wikipedia.org\/wiki\/Northern_Songs\">Northern Songs<\/a><\/em><\/td><\/tr><tr><td><strong>Disponible en: <\/strong><\/td><td><a href=\"https:\/\/es.wikipedia.org\/wiki\/The_Beatles_(%C3%A1lbum)\"><em>The Beatles<\/em><\/a> (<em>White Album<\/em>), <a href=\"https:\/\/es.wikipedia.org\/wiki\/Anthology_3\"><em>Anthology 3<\/em><\/a>, <a href=\"https:\/\/es.wikipedia.org\/wiki\/Love_(%C3%A1lbum_de_The_Beatles)\"><em>Love<\/em><\/a><\/td><\/tr><\/tbody><\/table><\/figure>\n\n\n\n<h3 class=\"wp-block-heading has-poppins-font-family has-custom-font\" style=\"font-family:poppins\"><strong>La fuente musical<\/strong><\/h3>\n\n\n\n<p class=\"has-text-align-justify has-domine-font-family has-custom-font wp-block-paragraph\" style=\"font-family:domine\">McCartney explic\u00f3 en <em>Chaos and Creation at Abbey Road<\/em> que <strong>el acompa\u00f1amiento de guitarra para <em>Blackbird<\/em> se inspir\u00f3<\/strong> en el movimiento <a href=\"https:\/\/es.wikipedia.org\/wiki\/Bourr%C3%A9e_en_mi_menor\"><em>Bourr\u00e9e<\/em> en mi menor<\/a> de la \u00ab<a href=\"https:\/\/es.wikipedia.org\/wiki\/Composiciones_para_la%C3%BAd_(Bach)#Suite_para_la%C3%BAd_en_mi_menor,_BWV_996\">Suite en mi menor para la\u00fad, BWV 996 (BC L166)<\/a>\u00bb compuesta por <a href=\"https:\/\/es.wikipedia.org\/wiki\/Johann_Sebastian_Bach\">Johann Sebastian Bach<\/a>, una conocida pieza de la\u00fad, a menudo tocada con la guitarra cl\u00e1sica.<\/p>\n\n\n\n<figure class=\"wp-block-table has-literata-font-family\"><table class=\"has-pale-ocean-gradient-background has-background has-fixed-layout\" style=\"border-width:4px\"><tbody><tr><td><strong><mark style=\"background-color:rgba(0, 0, 0, 0);color:#f50707\" class=\"has-inline-color\">RELACIONADO<\/mark>: <a href=\"https:\/\/elabrevaderojm.com\/2024\/06\/11\/apendice-a-blackbird-a-proposito-de-la-reaparicion-de-esta-pieza-de-paul-mccartney\/\">Ap\u00e9ndice a \u00abBlackbird: a prop\u00f3sito de la \u00abreaparici\u00f3n\u00bb de esta pieza de Paul McCartney\u00bb<\/a><\/strong> (para conocer m\u00e1s sobre el libro; <strong>punto 3<\/strong>).<\/td><\/tr><\/tbody><\/table><\/figure>\n\n\n\n<figure class=\"wp-block-gallery has-nested-images columns-default is-cropped wp-block-gallery-1 is-layout-flex wp-block-gallery-is-layout-flex\">\n<figure class=\"wp-block-image size-large\"><img data-recalc-dims=\"1\" loading=\"lazy\" decoding=\"async\" width=\"480\" height=\"480\" data-attachment-id=\"17368\" data-permalink=\"https:\/\/elabrevaderojm.com\/en\/2024\/06\/11\/blackbird-a-proposito-de-la-reaparicion-de-esta-pieza-de-paul-mccartney-i\/chaos-creation-1\/\" data-orig-file=\"https:\/\/i0.wp.com\/elabrevaderojm.com\/wp-content\/uploads\/2024\/05\/chaos-creation-1.jpg?fit=480%2C480&amp;ssl=1\" data-orig-size=\"480,480\" data-comments-opened=\"1\" data-image-meta=\"{&quot;aperture&quot;:&quot;0&quot;,&quot;credit&quot;:&quot;&quot;,&quot;camera&quot;:&quot;&quot;,&quot;caption&quot;:&quot;&quot;,&quot;created_timestamp&quot;:&quot;0&quot;,&quot;copyright&quot;:&quot;&quot;,&quot;focal_length&quot;:&quot;0&quot;,&quot;iso&quot;:&quot;0&quot;,&quot;shutter_speed&quot;:&quot;0&quot;,&quot;title&quot;:&quot;&quot;,&quot;orientation&quot;:&quot;1&quot;}\" data-image-title=\"chaos-creation-1\" data-image-description=\"\" data-image-caption=\"\" data-large-file=\"https:\/\/i0.wp.com\/elabrevaderojm.com\/wp-content\/uploads\/2024\/05\/chaos-creation-1.jpg?fit=480%2C480&amp;ssl=1\" data-id=\"17368\" src=\"https:\/\/i0.wp.com\/elabrevaderojm.com\/wp-content\/uploads\/2024\/05\/chaos-creation-1.jpg?resize=480%2C480&#038;ssl=1\" alt=\"\" class=\"wp-image-17368\"\/><\/figure>\n\n\n\n<figure class=\"wp-block-image size-large\"><img data-recalc-dims=\"1\" loading=\"lazy\" decoding=\"async\" width=\"480\" height=\"480\" data-attachment-id=\"17369\" data-permalink=\"https:\/\/elabrevaderojm.com\/en\/2024\/06\/11\/blackbird-a-proposito-de-la-reaparicion-de-esta-pieza-de-paul-mccartney-i\/chaosandcreationatabbeyroad-dvd-1\/\" data-orig-file=\"https:\/\/i0.wp.com\/elabrevaderojm.com\/wp-content\/uploads\/2024\/05\/chaosandcreationatabbeyroad-dvd-1.jpg?fit=480%2C480&amp;ssl=1\" data-orig-size=\"480,480\" data-comments-opened=\"1\" data-image-meta=\"{&quot;aperture&quot;:&quot;0&quot;,&quot;credit&quot;:&quot;&quot;,&quot;camera&quot;:&quot;&quot;,&quot;caption&quot;:&quot;&quot;,&quot;created_timestamp&quot;:&quot;0&quot;,&quot;copyright&quot;:&quot;&quot;,&quot;focal_length&quot;:&quot;0&quot;,&quot;iso&quot;:&quot;0&quot;,&quot;shutter_speed&quot;:&quot;0&quot;,&quot;title&quot;:&quot;&quot;,&quot;orientation&quot;:&quot;1&quot;}\" data-image-title=\"chaosandcreationatabbeyroad-dvd-1\" data-image-description=\"\" data-image-caption=\"\" data-large-file=\"https:\/\/i0.wp.com\/elabrevaderojm.com\/wp-content\/uploads\/2024\/05\/chaosandcreationatabbeyroad-dvd-1.jpg?fit=480%2C480&amp;ssl=1\" data-id=\"17369\" src=\"https:\/\/i0.wp.com\/elabrevaderojm.com\/wp-content\/uploads\/2024\/05\/chaosandcreationatabbeyroad-dvd-1.jpg?resize=480%2C480&#038;ssl=1\" alt=\"\" class=\"wp-image-17369\"\/><\/figure>\n\n\n\n<figure class=\"wp-block-image size-large\"><img data-recalc-dims=\"1\" loading=\"lazy\" decoding=\"async\" width=\"300\" height=\"300\" data-attachment-id=\"17370\" data-permalink=\"https:\/\/elabrevaderojm.com\/en\/2024\/06\/11\/blackbird-a-proposito-de-la-reaparicion-de-esta-pieza-de-paul-mccartney-i\/chaos_and_creation_in_the_back_yard-1\/\" data-orig-file=\"https:\/\/i0.wp.com\/elabrevaderojm.com\/wp-content\/uploads\/2024\/05\/chaos_and_creation_in_the_back_yard-1.jpg?fit=300%2C300&amp;ssl=1\" data-orig-size=\"300,300\" data-comments-opened=\"1\" data-image-meta=\"{&quot;aperture&quot;:&quot;0&quot;,&quot;credit&quot;:&quot;&quot;,&quot;camera&quot;:&quot;&quot;,&quot;caption&quot;:&quot;&quot;,&quot;created_timestamp&quot;:&quot;1306258668&quot;,&quot;copyright&quot;:&quot;&quot;,&quot;focal_length&quot;:&quot;0&quot;,&quot;iso&quot;:&quot;0&quot;,&quot;shutter_speed&quot;:&quot;0&quot;,&quot;title&quot;:&quot;&quot;,&quot;orientation&quot;:&quot;1&quot;}\" data-image-title=\"chaos_and_creation_in_the_back_yard-1\" data-image-description=\"\" data-image-caption=\"\" data-large-file=\"https:\/\/i0.wp.com\/elabrevaderojm.com\/wp-content\/uploads\/2024\/05\/chaos_and_creation_in_the_back_yard-1.jpg?fit=300%2C300&amp;ssl=1\" data-id=\"17370\" src=\"https:\/\/i0.wp.com\/elabrevaderojm.com\/wp-content\/uploads\/2024\/05\/chaos_and_creation_in_the_back_yard-1.jpg?resize=300%2C300&#038;ssl=1\" alt=\"\" class=\"wp-image-17370\"\/><\/figure>\n<\/figure>\n\n\n\n<p class=\"has-text-align-center has-bodoni-moda-font-family has-custom-font wp-block-paragraph\" style=\"font-family:bodoni-moda\"><strong>Izquierda y centro: <em>Chaos and Creation at Abbey Road<\/em> como se public\u00f3 en \u00e1lbum, DVD y anuncio publicitario. Derecha: <em>Chaos and Creation in the Backyard<\/em> (ver nota al pie #3). <\/strong><\/p>\n\n\n\n<figure class=\"wp-block-embed is-type-video is-provider-youtube wp-block-embed-youtube wp-embed-aspect-16-9 wp-has-aspect-ratio\"><div class=\"wp-block-embed__wrapper\">\n<div class=\"jetpack-video-wrapper\"><span class=\"embed-youtube\" style=\"text-align:center; display: block;\"><iframe loading=\"lazy\" class=\"youtube-player\" width=\"640\" height=\"360\" src=\"https:\/\/www.youtube.com\/embed\/BJ83EBKH598?version=3&#038;rel=1&#038;showsearch=0&#038;showinfo=1&#038;iv_load_policy=1&#038;fs=1&#038;hl=en-US&#038;autohide=2&#038;wmode=transparent\" allowfullscreen=\"true\" style=\"border:0;\" sandbox=\"allow-scripts allow-same-origin allow-popups allow-presentation allow-popups-to-escape-sandbox\"><\/iframe><\/span><\/div>\n<\/div><figcaption class=\"wp-element-caption\"><strong>La pieza interpretada por Andreas Martin, un ejecutor alem\u00e1n de la\u00fad.<\/strong><\/figcaption><\/figure>\n\n\n\n<p class=\"has-domine-font-family has-custom-font wp-block-paragraph\" style=\"font-family:domine\">En el libro <em>Paul McCartney: Many Years from Now<\/em> de <a href=\"https:\/\/es.wikipedia.org\/wiki\/Barry_Miles\">Barry Miles<\/a>, Paul explica:<\/p>\n\n\n\n<figure class=\"wp-block-table has-crimson-pro-font-family\"><table class=\"has-text-color has-background has-link-color has-fixed-layout\" style=\"color:#f4f405;background-color:#f30808\"><tbody><tr><td class=\"has-text-align-center\" data-align=\"center\"><strong>La inspiraci\u00f3n original fue de una pieza muy conocida de Bach, de la que nunca supe el t\u00edtulo, que George y yo hab\u00edamos aprendido a tocar a una edad temprana; de hecho, \u00e9l es mejor que yo. Parte de su estructura es una cosa arm\u00f3nica particular entre la melod\u00eda y la l\u00ednea de bajo que me intrig\u00f3. Bach siempre fue uno de nuestros compositores favoritos, sent\u00edamos que ten\u00edamos mucho en com\u00fan con \u00e9l. Por alguna raz\u00f3n pensamos que su m\u00fasica era muy similar a la nuestra y nos enganchamos a \u00e9l incre\u00edblemente r\u00e1pido. Tambi\u00e9n nos gustaban las historias de \u00e9l como organista de la iglesia y haciendo estas cosas semanalmente, que era bastante similar a lo que est\u00e1bamos haciendo. Nos alegramos mucho de o\u00edr eso. Desarroll\u00e9 la melod\u00eda en guitarra bas\u00e1ndome en la pieza de Bach y la llev\u00e9 a otro lugar, la llev\u00e9 a otro nivel, y luego simplemente le ajust\u00e9 la letra<\/strong>.<\/td><\/tr><\/tbody><\/table><\/figure>\n\n\n\n<figure class=\"wp-block-table has-literata-font-family\"><table class=\"has-pale-ocean-gradient-background has-background has-fixed-layout\" style=\"border-width:4px\"><tbody><tr><td><strong><mark style=\"background-color:rgba(0, 0, 0, 0);color:#f50707\" class=\"has-inline-color\">RELACIONADO<\/mark>: <a href=\"https:\/\/elabrevaderojm.com\/2024\/06\/11\/apendice-a-blackbird-a-proposito-de-la-reaparicion-de-esta-pieza-de-paul-mccartney\/\">Ap\u00e9ndice a \u00abBlackbird: a prop\u00f3sito de la \u00abreaparici\u00f3n\u00bb de esta pieza de Paul McCartney\u00bb<\/a><\/strong> (para conocer m\u00e1s sobre el libro; <strong>punto 4<\/strong>).<\/td><\/tr><\/tbody><\/table><\/figure>\n\n\n\n<p class=\"has-text-align-justify has-domine-font-family has-custom-font wp-block-paragraph\" style=\"font-family:domine\">La <em>Bourr\u00e9e<\/em> se distingue por la melod\u00eda y las notas graves tocadas simult\u00e1neamente en las cuerdas superior e inferior del <a href=\"https:\/\/es.wikipedia.org\/wiki\/La%C3%BAd_espa%C3%B1ol\">la\u00fad espa\u00f1ol<\/a>. <strong>McCartney dijo que adapt\u00f3 un segmento de este movimiento<\/strong> \u2014rearmonizado en la <a href=\"https:\/\/es.wikipedia.org\/wiki\/Tonalidad_relativa\">tonalidad mayor relativa<\/a> de <a href=\"https:\/\/es.wikipedia.org\/wiki\/Sol_mayor\">sol<\/a> del original\u2014 como apertura de su canci\u00f3n, y llev\u00f3 la idea musical a lo largo de esta. Las primeras tres notas de la canci\u00f3n, que luego pasaron al <a href=\"https:\/\/es.wikipedia.org\/wiki\/Riff\"><em>riff<\/em><\/a><em> <\/em>de guitarra de apertura, se inspiraron en Bach.<\/p>\n\n\n\n<figure class=\"wp-block-gallery has-nested-images columns-4 is-cropped wp-block-gallery-2 is-layout-flex wp-block-gallery-is-layout-flex\">\n<figure class=\"wp-block-image size-large\"><img data-recalc-dims=\"1\" loading=\"lazy\" decoding=\"async\" width=\"272\" height=\"365\" data-attachment-id=\"17380\" data-permalink=\"https:\/\/elabrevaderojm.com\/en\/2024\/06\/11\/blackbird-a-proposito-de-la-reaparicion-de-esta-pieza-de-paul-mccartney-i\/johann_sebastian_bach-1\/\" data-orig-file=\"https:\/\/i0.wp.com\/elabrevaderojm.com\/wp-content\/uploads\/2024\/05\/johann_sebastian_bach-1.jpg?fit=272%2C365&amp;ssl=1\" data-orig-size=\"272,365\" data-comments-opened=\"1\" data-image-meta=\"{&quot;aperture&quot;:&quot;0&quot;,&quot;credit&quot;:&quot;&quot;,&quot;camera&quot;:&quot;&quot;,&quot;caption&quot;:&quot;&quot;,&quot;created_timestamp&quot;:&quot;0&quot;,&quot;copyright&quot;:&quot;&quot;,&quot;focal_length&quot;:&quot;0&quot;,&quot;iso&quot;:&quot;0&quot;,&quot;shutter_speed&quot;:&quot;0&quot;,&quot;title&quot;:&quot;&quot;,&quot;orientation&quot;:&quot;1&quot;}\" data-image-title=\"johann_sebastian_bach-1\" data-image-description=\"\" data-image-caption=\"\" data-large-file=\"https:\/\/i0.wp.com\/elabrevaderojm.com\/wp-content\/uploads\/2024\/05\/johann_sebastian_bach-1.jpg?fit=272%2C365&amp;ssl=1\" data-id=\"17380\" src=\"https:\/\/i0.wp.com\/elabrevaderojm.com\/wp-content\/uploads\/2024\/05\/johann_sebastian_bach-1.jpg?resize=272%2C365&#038;ssl=1\" alt=\"\" class=\"wp-image-17380\"\/><figcaption class=\"wp-element-caption\"><strong>Bach<\/strong><\/figcaption><\/figure>\n\n\n\n<figure class=\"wp-block-image size-large\"><img data-recalc-dims=\"1\" loading=\"lazy\" decoding=\"async\" width=\"421\" height=\"780\" data-attachment-id=\"17379\" data-permalink=\"https:\/\/elabrevaderojm.com\/en\/2024\/06\/11\/blackbird-a-proposito-de-la-reaparicion-de-esta-pieza-de-paul-mccartney-i\/laud\/\" data-orig-file=\"https:\/\/i0.wp.com\/elabrevaderojm.com\/wp-content\/uploads\/2024\/05\/laud.jpg?fit=421%2C780&amp;ssl=1\" data-orig-size=\"421,780\" data-comments-opened=\"1\" data-image-meta=\"{&quot;aperture&quot;:&quot;0&quot;,&quot;credit&quot;:&quot;&quot;,&quot;camera&quot;:&quot;&quot;,&quot;caption&quot;:&quot;&quot;,&quot;created_timestamp&quot;:&quot;0&quot;,&quot;copyright&quot;:&quot;&quot;,&quot;focal_length&quot;:&quot;0&quot;,&quot;iso&quot;:&quot;0&quot;,&quot;shutter_speed&quot;:&quot;0&quot;,&quot;title&quot;:&quot;&quot;,&quot;orientation&quot;:&quot;0&quot;}\" data-image-title=\"laud\" data-image-description=\"\" data-image-caption=\"\" data-large-file=\"https:\/\/i0.wp.com\/elabrevaderojm.com\/wp-content\/uploads\/2024\/05\/laud.jpg?fit=421%2C780&amp;ssl=1\" data-id=\"17379\" src=\"https:\/\/i0.wp.com\/elabrevaderojm.com\/wp-content\/uploads\/2024\/05\/laud.jpg?resize=421%2C780&#038;ssl=1\" alt=\"\" class=\"wp-image-17379\"\/><figcaption class=\"wp-element-caption\"><strong>la\u00fad<\/strong><\/figcaption><\/figure>\n\n\n\n<figure class=\"wp-block-image size-large\"><img data-recalc-dims=\"1\" loading=\"lazy\" decoding=\"async\" width=\"270\" height=\"420\" data-attachment-id=\"17381\" data-permalink=\"https:\/\/elabrevaderojm.com\/en\/2024\/06\/11\/blackbird-a-proposito-de-la-reaparicion-de-esta-pieza-de-paul-mccartney-i\/many-years-libro-1\/\" data-orig-file=\"https:\/\/i0.wp.com\/elabrevaderojm.com\/wp-content\/uploads\/2024\/05\/many-years.-libro-1.jpg?fit=270%2C420&amp;ssl=1\" data-orig-size=\"270,420\" data-comments-opened=\"1\" data-image-meta=\"{&quot;aperture&quot;:&quot;0&quot;,&quot;credit&quot;:&quot;&quot;,&quot;camera&quot;:&quot;&quot;,&quot;caption&quot;:&quot;&quot;,&quot;created_timestamp&quot;:&quot;0&quot;,&quot;copyright&quot;:&quot;&quot;,&quot;focal_length&quot;:&quot;0&quot;,&quot;iso&quot;:&quot;0&quot;,&quot;shutter_speed&quot;:&quot;0&quot;,&quot;title&quot;:&quot;&quot;,&quot;orientation&quot;:&quot;1&quot;}\" data-image-title=\"many-years.-libro-1\" data-image-description=\"\" data-image-caption=\"\" data-large-file=\"https:\/\/i0.wp.com\/elabrevaderojm.com\/wp-content\/uploads\/2024\/05\/many-years.-libro-1.jpg?fit=270%2C420&amp;ssl=1\" data-id=\"17381\" src=\"https:\/\/i0.wp.com\/elabrevaderojm.com\/wp-content\/uploads\/2024\/05\/many-years.-libro-1.jpg?resize=270%2C420&#038;ssl=1\" alt=\"\" class=\"wp-image-17381\"\/><\/figure>\n\n\n\n<figure class=\"wp-block-image size-large\"><img data-recalc-dims=\"1\" loading=\"lazy\" decoding=\"async\" width=\"293\" height=\"310\" data-attachment-id=\"17378\" data-permalink=\"https:\/\/elabrevaderojm.com\/en\/2024\/06\/11\/blackbird-a-proposito-de-la-reaparicion-de-esta-pieza-de-paul-mccartney-i\/barry-miles\/\" data-orig-file=\"https:\/\/i0.wp.com\/elabrevaderojm.com\/wp-content\/uploads\/2024\/05\/barry-miles.jpg?fit=293%2C310&amp;ssl=1\" data-orig-size=\"293,310\" data-comments-opened=\"1\" data-image-meta=\"{&quot;aperture&quot;:&quot;1.8&quot;,&quot;credit&quot;:&quot;&quot;,&quot;camera&quot;:&quot;iPhone 8 Plus&quot;,&quot;caption&quot;:&quot;&quot;,&quot;created_timestamp&quot;:&quot;1508768332&quot;,&quot;copyright&quot;:&quot;&quot;,&quot;focal_length&quot;:&quot;3.99&quot;,&quot;iso&quot;:&quot;50&quot;,&quot;shutter_speed&quot;:&quot;0.01&quot;,&quot;title&quot;:&quot;&quot;,&quot;orientation&quot;:&quot;1&quot;}\" data-image-title=\"barry-miles\" data-image-description=\"\" data-image-caption=\"\" data-large-file=\"https:\/\/i0.wp.com\/elabrevaderojm.com\/wp-content\/uploads\/2024\/05\/barry-miles.jpg?fit=293%2C310&amp;ssl=1\" data-id=\"17378\" src=\"https:\/\/i0.wp.com\/elabrevaderojm.com\/wp-content\/uploads\/2024\/05\/barry-miles.jpg?resize=293%2C310&#038;ssl=1\" alt=\"\" class=\"wp-image-17378\"\/><figcaption class=\"wp-element-caption\"><strong>Miles<\/strong><\/figcaption><\/figure>\n<\/figure>\n\n\n\n<p class=\"has-text-align-justify has-domine-font-family has-custom-font wp-block-paragraph\" style=\"font-family:domine\">La m\u00fasica de esta canci\u00f3n presenta una serie de cambios de comp\u00e1s. La frase <em>Blackbird singing in the dead of night<\/em> \u2014en castellano: \u00abMirlo (p\u00e1jaro negro) que cantas en medio de la noche\u00bb\u2014 est\u00e1 en 3\/4, mientras que gran parte del resto de la canci\u00f3n cambia entre 4\/4 y 2\/4.<\/p>\n\n\n\n<p class=\"has-text-align-justify has-domine-font-family has-custom-font wp-block-paragraph\" style=\"font-family:domine\">En el libro de Paul, <em>The Lyrics: 1956 to the Present<\/em>, a\u00f1ade: \u00abEl estilo de <em><a href=\"https:\/\/es.wikipedia.org\/wiki\/Fingerpicking\">fingerpicking<\/a><\/em> era algo que admir\u00e1bamos en <a href=\"https:\/\/es.wikipedia.org\/wiki\/Chet_Atkins\">Chet Atkins<\/a>, particularmente en una pieza llamada <em>Trambone<\/em>, aunque tambi\u00e9n fue interpretada por Colin Manley, de un grupo llamado The Remo Four. Hab\u00edan empezado en <a href=\"https:\/\/es.wikipedia.org\/wiki\/Liverpool\">Liverpool<\/a> m\u00e1s o menos al mismo tiempo que los Beatles\u00bb.<\/p>\n\n\n\n<div class=\"wp-block-jetpack-tiled-gallery aligncenter is-style-rectangular\"><div class=\"\"><div class=\"tiled-gallery__gallery\"><div class=\"tiled-gallery__row\"><div class=\"tiled-gallery__col\" style=\"flex-basis:15.34761%\"><figure class=\"tiled-gallery__item\"><img decoding=\"async\" data-attachment-id=\"17448\" data-permalink=\"https:\/\/elabrevaderojm.com\/en\/2024\/06\/11\/blackbird-a-proposito-de-la-reaparicion-de-esta-pieza-de-paul-mccartney-i\/the-lyrics-libro\/\" data-orig-file=\"https:\/\/i0.wp.com\/elabrevaderojm.com\/wp-content\/uploads\/2024\/05\/the-lyrics-libro.jpg?fit=419%2C630&amp;ssl=1\" data-orig-size=\"419,630\" data-comments-opened=\"1\" data-image-meta=\"{&quot;aperture&quot;:&quot;0&quot;,&quot;credit&quot;:&quot;&quot;,&quot;camera&quot;:&quot;&quot;,&quot;caption&quot;:&quot;&quot;,&quot;created_timestamp&quot;:&quot;0&quot;,&quot;copyright&quot;:&quot;&quot;,&quot;focal_length&quot;:&quot;0&quot;,&quot;iso&quot;:&quot;0&quot;,&quot;shutter_speed&quot;:&quot;0&quot;,&quot;title&quot;:&quot;&quot;,&quot;orientation&quot;:&quot;0&quot;}\" data-image-title=\"the-lyrics-libro\" data-image-description=\"\" data-image-caption=\"\" data-large-file=\"https:\/\/i0.wp.com\/elabrevaderojm.com\/wp-content\/uploads\/2024\/05\/the-lyrics-libro.jpg?fit=419%2C630&amp;ssl=1\" role=\"button\" tabindex=\"0\" aria-label=\"Open image 1 of 4 in full-screen\" srcset=\"https:\/\/i0.wp.com\/elabrevaderojm.com\/wp-content\/uploads\/2024\/05\/the-lyrics-libro.jpg?strip=info&#038;w=419&#038;ssl=1 419w\" alt=\"\" data-height=\"630\" data-id=\"17448\" data-link=\"https:\/\/elabrevaderojm.com\/?attachment_id=17448\" data-url=\"https:\/\/elabrevaderojm.com\/wp-content\/uploads\/2024\/05\/the-lyrics-libro.jpg?w=419\" data-width=\"419\" src=\"https:\/\/i0.wp.com\/elabrevaderojm.com\/wp-content\/uploads\/2024\/05\/the-lyrics-libro.jpg?ssl=1\" data-amp-layout=\"responsive\" tabindex=\"0\" role=\"button\" aria-label=\"Abrir la imagen 1 de 4 en pantalla completa\"\/><\/figure><\/div><div class=\"tiled-gallery__col\" style=\"flex-basis:25.08261%\"><figure class=\"tiled-gallery__item\"><img decoding=\"async\" data-attachment-id=\"17449\" data-permalink=\"https:\/\/elabrevaderojm.com\/en\/2024\/06\/11\/blackbird-a-proposito-de-la-reaparicion-de-esta-pieza-de-paul-mccartney-i\/the-lyrics-set-1\/\" data-orig-file=\"https:\/\/i0.wp.com\/elabrevaderojm.com\/wp-content\/uploads\/2024\/05\/the-lyrics-set-1.jpg?fit=276%2C253&amp;ssl=1\" data-orig-size=\"276,253\" data-comments-opened=\"1\" data-image-meta=\"{&quot;aperture&quot;:&quot;0&quot;,&quot;credit&quot;:&quot;&quot;,&quot;camera&quot;:&quot;&quot;,&quot;caption&quot;:&quot;&quot;,&quot;created_timestamp&quot;:&quot;0&quot;,&quot;copyright&quot;:&quot;&quot;,&quot;focal_length&quot;:&quot;0&quot;,&quot;iso&quot;:&quot;0&quot;,&quot;shutter_speed&quot;:&quot;0&quot;,&quot;title&quot;:&quot;&quot;,&quot;orientation&quot;:&quot;1&quot;}\" data-image-title=\"the-lyrics-set-1\" data-image-description=\"\" data-image-caption=\"\" data-large-file=\"https:\/\/i0.wp.com\/elabrevaderojm.com\/wp-content\/uploads\/2024\/05\/the-lyrics-set-1.jpg?fit=276%2C253&amp;ssl=1\" role=\"button\" tabindex=\"0\" aria-label=\"Open image 2 of 4 in full-screen\" srcset=\"https:\/\/i0.wp.com\/elabrevaderojm.com\/wp-content\/uploads\/2024\/05\/the-lyrics-set-1.jpg?strip=info&#038;w=276&#038;ssl=1 276w\" alt=\"\" data-height=\"253\" data-id=\"17449\" data-link=\"https:\/\/elabrevaderojm.com\/?attachment_id=17449\" data-url=\"https:\/\/elabrevaderojm.com\/wp-content\/uploads\/2024\/05\/the-lyrics-set-1.jpg?w=276\" data-width=\"276\" src=\"https:\/\/i0.wp.com\/elabrevaderojm.com\/wp-content\/uploads\/2024\/05\/the-lyrics-set-1.jpg?ssl=1\" data-amp-layout=\"responsive\" tabindex=\"0\" role=\"button\" aria-label=\"Abrir la imagen 2 de 4 en pantalla completa\"\/><\/figure><\/div><div class=\"tiled-gallery__col\" style=\"flex-basis:18.02933%\"><figure class=\"tiled-gallery__item\"><img decoding=\"async\" data-attachment-id=\"17446\" data-permalink=\"https:\/\/elabrevaderojm.com\/en\/2024\/06\/11\/blackbird-a-proposito-de-la-reaparicion-de-esta-pieza-de-paul-mccartney-i\/chet-atkins-albums-1\/\" data-orig-file=\"https:\/\/i0.wp.com\/elabrevaderojm.com\/wp-content\/uploads\/2024\/05\/chet-atkins-albums-1.jpg?fit=302%2C386&amp;ssl=1\" data-orig-size=\"302,386\" data-comments-opened=\"1\" data-image-meta=\"{&quot;aperture&quot;:&quot;0&quot;,&quot;credit&quot;:&quot;&quot;,&quot;camera&quot;:&quot;&quot;,&quot;caption&quot;:&quot;&quot;,&quot;created_timestamp&quot;:&quot;0&quot;,&quot;copyright&quot;:&quot;&quot;,&quot;focal_length&quot;:&quot;0&quot;,&quot;iso&quot;:&quot;0&quot;,&quot;shutter_speed&quot;:&quot;0&quot;,&quot;title&quot;:&quot;&quot;,&quot;orientation&quot;:&quot;1&quot;}\" data-image-title=\"chet-atkins-albums-1\" data-image-description=\"\" data-image-caption=\"\" data-large-file=\"https:\/\/i0.wp.com\/elabrevaderojm.com\/wp-content\/uploads\/2024\/05\/chet-atkins-albums-1.jpg?fit=302%2C386&amp;ssl=1\" role=\"button\" tabindex=\"0\" aria-label=\"Open image 3 of 4 in full-screen\" srcset=\"https:\/\/i0.wp.com\/elabrevaderojm.com\/wp-content\/uploads\/2024\/05\/chet-atkins-albums-1.jpg?strip=info&#038;w=302&#038;ssl=1 302w\" alt=\"\" data-height=\"386\" data-id=\"17446\" data-link=\"https:\/\/elabrevaderojm.com\/?attachment_id=17446\" data-url=\"https:\/\/elabrevaderojm.com\/wp-content\/uploads\/2024\/05\/chet-atkins-albums-1.jpg?w=302\" data-width=\"302\" src=\"https:\/\/i0.wp.com\/elabrevaderojm.com\/wp-content\/uploads\/2024\/05\/chet-atkins-albums-1.jpg?ssl=1\" data-amp-layout=\"responsive\" tabindex=\"0\" role=\"button\" aria-label=\"Abrir la imagen 3 de 4 en pantalla completa\"\/><\/figure><\/div><div class=\"tiled-gallery__col\" style=\"flex-basis:41.54046%\"><figure class=\"tiled-gallery__item\"><img decoding=\"async\" data-attachment-id=\"17451\" data-permalink=\"https:\/\/elabrevaderojm.com\/en\/2024\/06\/11\/blackbird-a-proposito-de-la-reaparicion-de-esta-pieza-de-paul-mccartney-i\/remo-four-1\/\" data-orig-file=\"https:\/\/i0.wp.com\/elabrevaderojm.com\/wp-content\/uploads\/2024\/05\/remo-four-1.jpg?fit=335%2C185&amp;ssl=1\" data-orig-size=\"335,185\" data-comments-opened=\"1\" data-image-meta=\"{&quot;aperture&quot;:&quot;0&quot;,&quot;credit&quot;:&quot;&quot;,&quot;camera&quot;:&quot;&quot;,&quot;caption&quot;:&quot;&quot;,&quot;created_timestamp&quot;:&quot;0&quot;,&quot;copyright&quot;:&quot;&quot;,&quot;focal_length&quot;:&quot;0&quot;,&quot;iso&quot;:&quot;0&quot;,&quot;shutter_speed&quot;:&quot;0&quot;,&quot;title&quot;:&quot;&quot;,&quot;orientation&quot;:&quot;1&quot;}\" data-image-title=\"remo-four-1\" data-image-description=\"\" data-image-caption=\"\" data-large-file=\"https:\/\/i0.wp.com\/elabrevaderojm.com\/wp-content\/uploads\/2024\/05\/remo-four-1.jpg?fit=335%2C185&amp;ssl=1\" role=\"button\" tabindex=\"0\" aria-label=\"Open image 4 of 4 in full-screen\" srcset=\"https:\/\/i0.wp.com\/elabrevaderojm.com\/wp-content\/uploads\/2024\/05\/remo-four-1.jpg?strip=info&#038;w=335&#038;ssl=1 335w\" alt=\"\" data-height=\"185\" data-id=\"17451\" data-link=\"https:\/\/elabrevaderojm.com\/?attachment_id=17451\" data-url=\"https:\/\/elabrevaderojm.com\/wp-content\/uploads\/2024\/05\/remo-four-1.jpg?w=335\" data-width=\"335\" src=\"https:\/\/i0.wp.com\/elabrevaderojm.com\/wp-content\/uploads\/2024\/05\/remo-four-1.jpg?ssl=1\" data-amp-layout=\"responsive\" tabindex=\"0\" role=\"button\" aria-label=\"Abrir la imagen 4 de 4 en pantalla completa\"\/><\/figure><\/div><\/div><\/div><\/div><\/div>\n\n\n\n<p class=\"has-text-align-center has-bodoni-moda-font-family has-custom-font wp-block-paragraph\" style=\"font-family:bodoni-moda\"><strong>De izquierda a derecha: 2 emisiones de <em>The Lyrics<\/em>; Chet; The Remo Four (Colin en la extrema derecha de la foto).<\/strong><\/p>\n\n\n\n<p class=\"has-text-align-justify has-domine-font-family has-custom-font wp-block-paragraph\" style=\"font-family:domine\">La <em>Bourr\u00e9e<\/em> en mi menor de Bach para la\u00fad se toca a menudo con guitarra cl\u00e1sica, <strong>un instrumento que Paul McCartney y George Harrison intentaron aprender<\/strong> a una edad temprana. De hecho, ambos trataron de dominar <em>Bourr\u00e9e<\/em> como una pieza de \u00abexhibici\u00f3n\u00bb siendo adolescentes. McCartney le dijo a la revista <a href=\"https:\/\/es.wikipedia.org\/wiki\/Mojo_(revista)\"><em>Mojo<\/em><\/a> en octubre de 2008:<\/p>\n\n\n\n<figure class=\"wp-block-table has-crimson-pro-font-family\"><table class=\"has-text-color has-background has-link-color has-fixed-layout\" style=\"color:#ede209;background-color:#e72424\"><tbody><tr><td class=\"has-text-align-center\" data-align=\"center\"><strong>Tuvimos los primeros cuatro compases (de la <em>Bourr\u00e9e<\/em> en mi menor) y eso fue todo lo que logr\u00e9 imaginar. Creo que George avanz\u00f3 unos compases m\u00e1s y luego la cag\u00f3. As\u00ed que invent\u00e9 los siguientes compases, y (Macca tarare\u00f3 su variaci\u00f3n de cuatro notas del tema de Bach) se convirti\u00f3 en la base de <em>Blackbird<\/em>.<\/strong><\/td><\/tr><\/tbody><\/table><\/figure>\n\n\n\n<p class=\"has-text-align-justify has-domine-font-family has-custom-font wp-block-paragraph\" style=\"font-family:domine\">M\u00e1s tarde se explay\u00f3 un poco m\u00e1s sobre esto durante una entrevista en 2014 en Rollins College, <a href=\"https:\/\/es.wikipedia.org\/wiki\/Winter_Park_(Florida)\">Winter Park<\/a>, <a href=\"https:\/\/es.wikipedia.org\/wiki\/Florida\">Florida<\/a>:<\/p>\n\n\n\n<figure class=\"wp-block-table has-crimson-pro-font-family\"><table class=\"has-blush-bordeaux-gradient-background has-text-color has-background has-link-color has-fixed-layout\" style=\"color:#f7db02\"><tbody><tr><td class=\"has-text-align-center\" data-align=\"center\"><strong>A menudo hac\u00edas las cosas como piezas de fiesta, cosas para presumir, literalmente, en una fiesta (\u2026) Pero hab\u00eda una cosa que George Harrison y yo sol\u00edamos hacer y pens\u00e1bamos que era la pieza de Bach. Era una especie de comienzo de una pieza de Bach, pero nadie sab\u00eda nada mejor, as\u00ed que fue como&#8230; (toca la introducci\u00f3n de Bach). \u00bfVen?, eso suena como Bach. Y contin\u00faa; no s\u00e9 a d\u00f3nde va. Se va por una madriguera de conejo. As\u00ed que tom\u00e9 eso y lo hice&#8230; (toca la introducci\u00f3n de <em>Blackbird<\/em>)&#8230;, y eso se convirti\u00f3 en el comienzo de <em>Blackbird<\/em>. As\u00ed que, ya saben, tomabas estos peque\u00f1os descubrimientos y los mov\u00edas un poco para que se adaptaran a ti porque era algo que te encantaba.<\/strong><\/td><\/tr><\/tbody><\/table><\/figure>\n\n\n\n<h3 class=\"wp-block-heading has-poppins-font-family has-custom-font\" style=\"font-family:poppins\"><strong>La inspiraci\u00f3n fue social<\/strong><\/h3>\n\n\n\n<p class=\"has-text-align-justify has-domine-font-family has-custom-font wp-block-paragraph\" style=\"font-family:domine\">Alguien ha dicho que, al hablar de la canci\u00f3n, McCartney ha expresado, a su vez, que <strong>la letra se inspir\u00f3 al escuchar el canto de un <a href=\"https:\/\/es.wikipedia.org\/wiki\/Turdus_boulboul\">mirlo<\/a><\/strong> una ma\u00f1ana cuando los Beatles estaban estudiando <a href=\"https:\/\/es.wikipedia.org\/wiki\/Meditaci%C3%B3n_trascendental\">meditaci\u00f3n trascendental<\/a> en <a href=\"https:\/\/es.wikipedia.org\/wiki\/Rishikesh\">Rishikesh<\/a>, <a href=\"https:\/\/es.wikipedia.org\/wiki\/India\">India<\/a>. Seg\u00fan esta versi\u00f3n, \u00abPaul se despert\u00f3 una ma\u00f1ana, escuch\u00f3 un mirlo, tom\u00f3 su guitarra ac\u00fastica Martin y escribi\u00f3 la canci\u00f3n en el acto\u00bb.<\/p>\n\n\n\n<p class=\"has-text-align-justify has-domine-font-family has-custom-font wp-block-paragraph\" style=\"font-family:domine\">Pero otros discrepan al exponer que Paul no ten\u00eda intenciones ornitol\u00f3gicas cuando escribi\u00f3 esta canci\u00f3n. Por otra parte, si bien esta historia se ha asumido generalmente durante a\u00f1os, las citas del propio autor sobre el verdadero motivo tienen que considerarse como el hecho central para su creaci\u00f3n musical.<\/p>\n\n\n\n<div class=\"wp-block-media-text has-media-on-the-right is-stacked-on-mobile\" style=\"grid-template-columns:auto 26%\"><div class=\"wp-block-media-text__content\">\n<p class=\"has-text-align-justify has-domine-font-family wp-block-paragraph\">Una fuente afirma que la palabra \u00abp\u00e1jaro\u00bb hab\u00eda estado flotando en el l\u00e9xico musical de Paul McCartney desde 1958, cuando los <a href=\"https:\/\/es.wikipedia.org\/wiki\/The_Everly_Brothers\">Everly Brothers<\/a> (en la foto) <strong>tuvieron un \u00e9xito con <em>Bird Dog<\/em><\/strong>, una canci\u00f3n sobre un chico que intenta robar a la chica de otro tipo. McCartney era un gran admirador de este d\u00fao.<\/p>\n<\/div><figure class=\"wp-block-media-text__media\"><img data-recalc-dims=\"1\" loading=\"lazy\" decoding=\"async\" width=\"370\" height=\"398\" data-attachment-id=\"17389\" data-permalink=\"https:\/\/elabrevaderojm.com\/en\/2024\/06\/11\/blackbird-a-proposito-de-la-reaparicion-de-esta-pieza-de-paul-mccartney-i\/everly-bros-1\/\" data-orig-file=\"https:\/\/i0.wp.com\/elabrevaderojm.com\/wp-content\/uploads\/2024\/05\/everly-bros-1.jpg?fit=370%2C398&amp;ssl=1\" data-orig-size=\"370,398\" data-comments-opened=\"1\" data-image-meta=\"{&quot;aperture&quot;:&quot;0&quot;,&quot;credit&quot;:&quot;&quot;,&quot;camera&quot;:&quot;&quot;,&quot;caption&quot;:&quot;&quot;,&quot;created_timestamp&quot;:&quot;0&quot;,&quot;copyright&quot;:&quot;&quot;,&quot;focal_length&quot;:&quot;0&quot;,&quot;iso&quot;:&quot;0&quot;,&quot;shutter_speed&quot;:&quot;0&quot;,&quot;title&quot;:&quot;&quot;,&quot;orientation&quot;:&quot;1&quot;}\" data-image-title=\"everly-bros-1\" data-image-description=\"\" data-image-caption=\"\" data-large-file=\"https:\/\/i0.wp.com\/elabrevaderojm.com\/wp-content\/uploads\/2024\/05\/everly-bros-1.jpg?fit=370%2C398&amp;ssl=1\" src=\"https:\/\/i0.wp.com\/elabrevaderojm.com\/wp-content\/uploads\/2024\/05\/everly-bros-1.jpg?resize=370%2C398&#038;ssl=1\" alt=\"\" class=\"wp-image-17389 size-full\"\/><\/figure><\/div>\n\n\n\n<p class=\"has-text-align-justify has-domine-font-family has-custom-font wp-block-paragraph\" style=\"font-family:domine\">Tambi\u00e9n se ha insinuado que el concepto de \u00abalas rotas\u00bb \u2014que aparece en la segunda estrofa de la canci\u00f3n\u2014 <strong>hab\u00eda estado revoloteando durante un tiempo<\/strong>, especialmente por la historia de <a href=\"https:\/\/es.wikipedia.org\/wiki\/Yibr%C3%A1n_Jalil_Yibr%C3%A1n\">Yibr\u00e1n Jalil Yibr\u00e1n<\/a> \u2014conocido en el mundo angl\u00f3fono como Kahlil Gibran\u2014 de 1912, <em>The Broken Wings \u2014\u00ab<\/em>Las alas rotas\u00bb\u2014. Dado que el poema aborda muchos temas de la \u00e9poca en el Mediterr\u00e1neo oriental, como los derechos de las mujeres y la corrupci\u00f3n religiosa, parece probable, a primera vista, que Paul haya sido influenciado por este escrito, dado que su t\u00edtulo jug\u00f3 un papel secundario en la letra.<\/p>\n\n\n\n<p class=\"has-domine-font-family has-custom-font wp-block-paragraph\" style=\"font-family:domine\">No obstante, esto nunca ha sido validado.<\/p>\n\n\n\n<figure class=\"wp-block-gallery aligncenter has-nested-images columns-default is-cropped wp-block-gallery-3 is-layout-flex wp-block-gallery-is-layout-flex\">\n<figure class=\"wp-block-image size-large\"><img data-recalc-dims=\"1\" loading=\"lazy\" decoding=\"async\" width=\"333\" height=\"504\" data-attachment-id=\"17392\" data-permalink=\"https:\/\/elabrevaderojm.com\/en\/2024\/06\/11\/blackbird-a-proposito-de-la-reaparicion-de-esta-pieza-de-paul-mccartney-i\/broken-wings-libro-1912a\/\" data-orig-file=\"https:\/\/i0.wp.com\/elabrevaderojm.com\/wp-content\/uploads\/2024\/05\/broken-wings-libro-1912a.jpg?fit=333%2C504&amp;ssl=1\" data-orig-size=\"333,504\" data-comments-opened=\"1\" data-image-meta=\"{&quot;aperture&quot;:&quot;0&quot;,&quot;credit&quot;:&quot;&quot;,&quot;camera&quot;:&quot;&quot;,&quot;caption&quot;:&quot;&quot;,&quot;created_timestamp&quot;:&quot;0&quot;,&quot;copyright&quot;:&quot;&quot;,&quot;focal_length&quot;:&quot;0&quot;,&quot;iso&quot;:&quot;0&quot;,&quot;shutter_speed&quot;:&quot;0&quot;,&quot;title&quot;:&quot;&quot;,&quot;orientation&quot;:&quot;1&quot;}\" data-image-title=\"broken-wings-libro-1912a\" data-image-description=\"\" data-image-caption=\"\" data-large-file=\"https:\/\/i0.wp.com\/elabrevaderojm.com\/wp-content\/uploads\/2024\/05\/broken-wings-libro-1912a.jpg?fit=333%2C504&amp;ssl=1\" data-id=\"17392\" src=\"https:\/\/i0.wp.com\/elabrevaderojm.com\/wp-content\/uploads\/2024\/05\/broken-wings-libro-1912a.jpg?resize=333%2C504&#038;ssl=1\" alt=\"\" class=\"wp-image-17392\"\/><figcaption class=\"wp-element-caption\"><strong>Publicaci\u00f3n de 1912<\/strong><\/figcaption><\/figure>\n\n\n\n<figure class=\"wp-block-image size-large\"><img data-recalc-dims=\"1\" loading=\"lazy\" decoding=\"async\" width=\"448\" height=\"649\" data-attachment-id=\"17393\" data-permalink=\"https:\/\/elabrevaderojm.com\/en\/2024\/06\/11\/blackbird-a-proposito-de-la-reaparicion-de-esta-pieza-de-paul-mccartney-i\/gibran_khalil_gibran-1\/\" data-orig-file=\"https:\/\/i0.wp.com\/elabrevaderojm.com\/wp-content\/uploads\/2024\/05\/gibran_khalil_gibran-1.jpg?fit=448%2C649&amp;ssl=1\" data-orig-size=\"448,649\" data-comments-opened=\"1\" data-image-meta=\"{&quot;aperture&quot;:&quot;0&quot;,&quot;credit&quot;:&quot;&quot;,&quot;camera&quot;:&quot;&quot;,&quot;caption&quot;:&quot;&quot;,&quot;created_timestamp&quot;:&quot;0&quot;,&quot;copyright&quot;:&quot;&quot;,&quot;focal_length&quot;:&quot;0&quot;,&quot;iso&quot;:&quot;0&quot;,&quot;shutter_speed&quot;:&quot;0&quot;,&quot;title&quot;:&quot;&quot;,&quot;orientation&quot;:&quot;1&quot;}\" data-image-title=\"gibran_khalil_gibran-1\" data-image-description=\"\" data-image-caption=\"\" data-large-file=\"https:\/\/i0.wp.com\/elabrevaderojm.com\/wp-content\/uploads\/2024\/05\/gibran_khalil_gibran-1.jpg?fit=448%2C649&amp;ssl=1\" data-id=\"17393\" src=\"https:\/\/i0.wp.com\/elabrevaderojm.com\/wp-content\/uploads\/2024\/05\/gibran_khalil_gibran-1.jpg?resize=448%2C649&#038;ssl=1\" alt=\"\" class=\"wp-image-17393\"\/><figcaption class=\"wp-element-caption\"><strong>Kahlil<\/strong><\/figcaption><\/figure>\n<\/figure>\n\n\n\n<p class=\"has-text-align-justify has-domine-font-family has-custom-font wp-block-paragraph\" style=\"font-family:domine\">Otro ejemplo radica en que la canci\u00f3n de los Beatles, <a href=\"https:\/\/es.wikipedia.org\/wiki\/Julia_(canci%C3%B3n)\"><em>Julia<\/em><\/a>, usa versos de uno de los poemas de Gibran, pero McCartney nunca lo ha citado como una influencia en <em>Blackbird<\/em>.<\/p>\n\n\n\n<p class=\"has-text-align-justify has-domine-font-family has-custom-font wp-block-paragraph\" style=\"font-family:domine\">La madrastra del Macca, Angie McCartney, ha afirmado que <strong>Paul la escribi\u00f3 para su anciana madre<\/strong>, Edith Stopforth, que se alojaba en la casa de Jim McCartney mientras se recuperaba de una larga enfermedad. Angie record\u00f3 que McCartney visit\u00f3 la casa y se sent\u00f3 al lado de la cama de Edith, donde Edith le dijo que escuchar\u00eda el canto de un p\u00e1jaro por la noche.<\/p>\n\n\n\n<p class=\"has-text-align-justify has-domine-font-family has-custom-font wp-block-paragraph\" style=\"font-family:domine\">Sin embargo, el compositor ha sido estable en su punto de vista sobre la letra: escribi\u00f3 <strong>esta canci\u00f3n sobre la lucha por los derechos civiles de los afroamericanos<\/strong> despu\u00e9s de leer sobre los disturbios raciales en los Estados Unidos.<\/p>\n\n\n\n<p class=\"has-text-align-justify has-domine-font-family has-custom-font wp-block-paragraph\" style=\"font-family:domine\">Como extensi\u00f3n, comentar\u00e9 que, en Inglaterra, \u00abp\u00e1jaro\u00bb es un t\u00e9rmino que se utiliza como sustitutivo de \u00abni\u00f1a\u00bb, por lo que la canci\u00f3n es un mensaje para una ni\u00f1a negra, dici\u00e9ndole que es su momento de volar en la estrofa: \u00abToda tu vida estabas solamente esperando que llegara este momento\u00bb.<\/p>\n\n\n\n<div class=\"wp-block-media-text is-stacked-on-mobile\" style=\"grid-template-columns:21% auto\"><figure class=\"wp-block-media-text__media\"><img data-recalc-dims=\"1\" loading=\"lazy\" decoding=\"async\" width=\"305\" height=\"402\" data-attachment-id=\"17399\" data-permalink=\"https:\/\/elabrevaderojm.com\/en\/2024\/06\/11\/blackbird-a-proposito-de-la-reaparicion-de-esta-pieza-de-paul-mccartney-i\/martin-luther-king-jr-1\/\" data-orig-file=\"https:\/\/i0.wp.com\/elabrevaderojm.com\/wp-content\/uploads\/2024\/05\/martin-luther-king-jr-1.jpg?fit=305%2C402&amp;ssl=1\" data-orig-size=\"305,402\" data-comments-opened=\"1\" data-image-meta=\"{&quot;aperture&quot;:&quot;0&quot;,&quot;credit&quot;:&quot;&quot;,&quot;camera&quot;:&quot;&quot;,&quot;caption&quot;:&quot;&quot;,&quot;created_timestamp&quot;:&quot;0&quot;,&quot;copyright&quot;:&quot;&quot;,&quot;focal_length&quot;:&quot;0&quot;,&quot;iso&quot;:&quot;0&quot;,&quot;shutter_speed&quot;:&quot;0&quot;,&quot;title&quot;:&quot;&quot;,&quot;orientation&quot;:&quot;1&quot;}\" data-image-title=\"martin-luther-king-jr-1\" data-image-description=\"\" data-image-caption=\"\" data-large-file=\"https:\/\/i0.wp.com\/elabrevaderojm.com\/wp-content\/uploads\/2024\/05\/martin-luther-king-jr-1.jpg?fit=305%2C402&amp;ssl=1\" src=\"https:\/\/i0.wp.com\/elabrevaderojm.com\/wp-content\/uploads\/2024\/05\/martin-luther-king-jr-1.jpg?resize=305%2C402&#038;ssl=1\" alt=\"\" class=\"wp-image-17399 size-full\"\/><\/figure><div class=\"wp-block-media-text__content\">\n<p class=\"has-text-align-justify has-domine-font-family wp-block-paragraph\">Paul explic\u00f3 en The Lyrics: \u00abSoy muy consciente de que <strong>Liverpool era un puerto de esclavos<\/strong>, y tambi\u00e9n de que tuvo la primera comunidad caribe\u00f1a en Inglaterra. As\u00ed que conocimos a muchos chicos negros, sobre todo en el mundo de la m\u00fasica (\u2026) La canci\u00f3n fue escrita solo unas semanas despu\u00e9s del asesinato de <a href=\"https:\/\/es.wikipedia.org\/wiki\/Martin_Luther_King\">Martin Luther King Jr.<\/a> (en la foto)\u00bb.<\/p>\n<\/div><\/div>\n\n\n\n<p class=\"has-domine-font-family has-custom-font wp-block-paragraph\" style=\"font-family:domine\">Este suceso acaecido en Memphis, en abril de 1968, llev\u00f3 al movimiento por los derechos civiles a un punto cr\u00edtico. <em>Blackbird<\/em>, al igual que <a href=\"https:\/\/es.wikipedia.org\/wiki\/Revolution_(canci%C3%B3n)\"><em>Revolution<\/em><\/a> de <a href=\"https:\/\/es.wikipedia.org\/wiki\/John_Lennon\">John Lennon<\/a><\/p>\n\n\n\n<figure class=\"wp-block-audio\"><audio controls src=\"https:\/\/elabrevaderojm.com\/wp-content\/uploads\/2024\/05\/revolution-remastered-2009.mp3\"><\/audio><\/figure>\n\n\n\n<p class=\"has-domine-font-family has-custom-font wp-block-paragraph\" style=\"font-family:domine\">y <a href=\"https:\/\/es.wikipedia.org\/wiki\/While_My_Guitar_Gently_Weeps\"><em>While My Guitar Gently Weeps<\/em><\/a> de <a href=\"https:\/\/es.wikipedia.org\/wiki\/George_Harrison\">George Harrison<\/a>,<\/p>\n\n\n\n<figure class=\"wp-block-audio\"><audio controls src=\"https:\/\/elabrevaderojm.com\/wp-content\/uploads\/2024\/05\/the-beatles-while-my-guitar-gently-weeps.mp3\"><\/audio><\/figure>\n\n\n\n<p class=\"has-domine-font-family has-custom-font wp-block-paragraph\" style=\"font-family:domine\">fue escrita en respuesta al aparente caos de lo que llegar\u00eda a ser recordado como un a\u00f1o de manifestaci\u00f3n, muerte y desesperaci\u00f3n.<\/p>\n\n\n\n<p class=\"has-text-align-justify has-domine-font-family has-custom-font wp-block-paragraph\" style=\"font-family:domine\">Paul dijo al respecto: \u00abEsos eran los d\u00edas del movimiento por los derechos civiles, que <strong>a todos nos importaba apasionadamente<\/strong>, as\u00ed que esta fue realmente una canci\u00f3n m\u00eda para una mujer negra, que experimentaba estos problemas en los Estados Unidos: \u201cD\u00e9jame animarte a seguir intent\u00e1ndolo, a mantener tu fe, hay esperanza\u201d. Como suele ser el caso con mis cosas, se llev\u00f3 a cabo un velo, as\u00ed que, en lugar de decir: \u201cMujer negra que vive en Little Rock\u201d, y ser muy espec\u00edfico, se convirti\u00f3 en un p\u00e1jaro, se convirti\u00f3 en algo simb\u00f3lico, por lo que podr\u00edas aplicarlo a tu problema particular\u00bb.<\/p>\n\n\n\n<div class=\"wp-block-media-text is-stacked-on-mobile\" style=\"grid-template-columns:36% auto\"><figure class=\"wp-block-media-text__media\"><img data-recalc-dims=\"1\" loading=\"lazy\" decoding=\"async\" width=\"250\" height=\"215\" data-attachment-id=\"17405\" data-permalink=\"https:\/\/elabrevaderojm.com\/en\/2024\/06\/11\/blackbird-a-proposito-de-la-reaparicion-de-esta-pieza-de-paul-mccartney-i\/little-rock-9a\/\" data-orig-file=\"https:\/\/i0.wp.com\/elabrevaderojm.com\/wp-content\/uploads\/2024\/05\/little-rock-9a.jpg?fit=250%2C215&amp;ssl=1\" data-orig-size=\"250,215\" data-comments-opened=\"1\" data-image-meta=\"{&quot;aperture&quot;:&quot;0&quot;,&quot;credit&quot;:&quot;&quot;,&quot;camera&quot;:&quot;&quot;,&quot;caption&quot;:&quot;&quot;,&quot;created_timestamp&quot;:&quot;0&quot;,&quot;copyright&quot;:&quot;&quot;,&quot;focal_length&quot;:&quot;0&quot;,&quot;iso&quot;:&quot;0&quot;,&quot;shutter_speed&quot;:&quot;0&quot;,&quot;title&quot;:&quot;&quot;,&quot;orientation&quot;:&quot;1&quot;}\" data-image-title=\"little-rock-9a\" data-image-description=\"\" data-image-caption=\"\" data-large-file=\"https:\/\/i0.wp.com\/elabrevaderojm.com\/wp-content\/uploads\/2024\/05\/little-rock-9a.jpg?fit=250%2C215&amp;ssl=1\" src=\"https:\/\/i0.wp.com\/elabrevaderojm.com\/wp-content\/uploads\/2024\/05\/little-rock-9a.jpg?resize=250%2C215&#038;ssl=1\" alt=\"\" class=\"wp-image-17405 size-full\"\/><\/figure><div class=\"wp-block-media-text__content\">\n<p class=\"has-text-align-justify has-domine-font-family wp-block-paragraph\" style=\"font-size:16px\">Entre toda esa tensi\u00f3n racial en el <a href=\"https:\/\/es.wikipedia.org\/wiki\/Sur_de_Estados_Unidos\">sur de los Estados Unidos<\/a> y los asesinatos de l\u00edderes de los derechos civiles, McCartney originalmente se inspir\u00f3 en los <a href=\"https:\/\/es.wikipedia.org\/wiki\/Los_nueve_de_Little_Rock\" target=\"_blank\" rel=\"noreferrer noopener\">Little Rock Nine<\/a> (en la foto) \u2014\u00abLos 9 de Little Rock\u2014, un grupo de estudiantes negros en Arkansas que estuvieron entre los primeros en ayudar a eliminar la discriminaci\u00f3n en las escuelas de Estados Unidos, pues los tribunales federales forzaron la desegregaci\u00f3n racial del sistema escolar en la capital de <a href=\"https:\/\/es.wikipedia.org\/wiki\/Arkansas\">Arkansas<\/a>.<\/p>\n<\/div><\/div>\n\n\n\n<div class=\"wp-block-media-text has-media-on-the-right is-stacked-on-mobile\" style=\"grid-template-columns:auto 24%\"><div class=\"wp-block-media-text__content\">\n<p class=\"has-text-align-justify has-domine-font-family wp-block-paragraph\">Durante un ensayo informal en los estudios EMI el 22 de noviembre de 1968, antes de que \u00e9l y Donovan participaran en una sesi\u00f3n de grabaci\u00f3n de <a href=\"https:\/\/es.wikipedia.org\/wiki\/Mary_Hopkin\">Mary Hopkin<\/a> (como se observa en la foto), McCartney toc\u00f3 <em>Blackbird<\/em>, dici\u00e9ndole a Donovan que <strong>la escribi\u00f3 despu\u00e9s de haber \u00able\u00eddo algo en el peri\u00f3dico sobre los disturbios\u00bb<\/strong> y que se refer\u00eda al \u00abp\u00e1jaro negro\u00bb para simbolizar a una mujer negra.<\/p>\n<\/div><figure class=\"wp-block-media-text__media\"><img data-recalc-dims=\"1\" loading=\"lazy\" decoding=\"async\" width=\"259\" height=\"351\" data-attachment-id=\"17412\" data-permalink=\"https:\/\/elabrevaderojm.com\/en\/2024\/06\/11\/blackbird-a-proposito-de-la-reaparicion-de-esta-pieza-de-paul-mccartney-i\/mary-h-macca-1\/\" data-orig-file=\"https:\/\/i0.wp.com\/elabrevaderojm.com\/wp-content\/uploads\/2024\/05\/mary-h-macca-1.jpg?fit=259%2C351&amp;ssl=1\" data-orig-size=\"259,351\" data-comments-opened=\"1\" data-image-meta=\"{&quot;aperture&quot;:&quot;0&quot;,&quot;credit&quot;:&quot;&quot;,&quot;camera&quot;:&quot;&quot;,&quot;caption&quot;:&quot;&quot;,&quot;created_timestamp&quot;:&quot;0&quot;,&quot;copyright&quot;:&quot;&quot;,&quot;focal_length&quot;:&quot;0&quot;,&quot;iso&quot;:&quot;0&quot;,&quot;shutter_speed&quot;:&quot;0&quot;,&quot;title&quot;:&quot;&quot;,&quot;orientation&quot;:&quot;1&quot;}\" data-image-title=\"mary-h-macca-1\" data-image-description=\"\" data-image-caption=\"\" data-large-file=\"https:\/\/i0.wp.com\/elabrevaderojm.com\/wp-content\/uploads\/2024\/05\/mary-h-macca-1.jpg?fit=259%2C351&amp;ssl=1\" src=\"https:\/\/i0.wp.com\/elabrevaderojm.com\/wp-content\/uploads\/2024\/05\/mary-h-macca-1.jpg?resize=259%2C351&#038;ssl=1\" alt=\"\" class=\"wp-image-17412 size-full\"\/><\/figure><\/div>\n\n\n\n<p class=\"has-domine-font-family has-custom-font wp-block-paragraph\" style=\"font-family:domine\">As\u00ed se lo dijo el Macca a Miles para su libro:<\/p>\n\n\n\n<figure class=\"wp-block-table has-crimson-pro-font-family\"><table class=\"has-luminous-vivid-orange-to-vivid-red-gradient-background has-text-color has-background has-link-color has-fixed-layout\" style=\"color:#edd309\"><tbody><tr><td class=\"has-text-align-center\" data-align=\"center\"><strong>Ten\u00eda en mente a una mujer negra, m\u00e1s que a un p\u00e1jaro. Eran los d\u00edas del movimiento por los derechos civiles, que a todos nos importaba apasionadamente, as\u00ed que esta fue realmente una canci\u00f3n m\u00eda a una mujer negra, que experimentaba estos problemas en los Estados Unidos: \u00abD\u00e9jame animarte a que sigas intent\u00e1ndolo, a que mantengas tu fe, hay esperanza\u00bb. Como suele ser el caso con mis cosas, se llev\u00f3 a cabo un velo, as\u00ed que, en lugar de decir \u00abmujer negra que vive en Little Rock\u00bb y ser muy espec\u00edfico, se convirti\u00f3 en un p\u00e1jaro, se convirti\u00f3 en un s\u00edmbolo, por lo que podr\u00edas aplicarlo a tu problema particular.<\/strong><\/td><\/tr><\/tbody><\/table><\/figure>\n\n\n\n<p class=\"has-domine-font-family has-custom-font wp-block-paragraph\" style=\"font-family:domine\">Y se lo confirm\u00f3 a <a href=\"https:\/\/es.wikipedia.org\/wiki\/GQ\"><em>GQ<\/em><\/a> en una entrevista:<\/p>\n\n\n\n<figure class=\"wp-block-table has-crimson-pro-font-family\"><table class=\"has-blush-bordeaux-gradient-background has-text-color has-background has-link-color has-fixed-layout\" style=\"color:#f2f20a\"><tbody><tr><td class=\"has-text-align-center\" data-align=\"center\"><strong>Estaba sentado con mi guitarra ac\u00fastica (en su cocina en Escocia poco despu\u00e9s del incidente en Little Rock) y hab\u00eda o\u00eddo hablar de los problemas de derechos civiles que estaban ocurriendo en los a\u00f1os \u201860 en Alabama, Mississippi, Little Rock en particular. Pens\u00e9 que ser\u00eda muy bueno si pudiera escribir algo que, si alguna vez llegaba a cualquiera de las personas que est\u00e1n pasando por esos problemas, podr\u00eda darles un poco de esperanza. As\u00ed que escrib\u00ed <em>Blackbird<\/em>.<\/strong><\/td><\/tr><\/tbody><\/table><\/figure>\n\n\n\n<p class=\"has-text-align-justify has-domine-font-family has-custom-font wp-block-paragraph\" style=\"font-family:domine\">En mayo de 2002, despu\u00e9s de un espect\u00e1culo en <a href=\"https:\/\/es.wikipedia.org\/wiki\/Dallas\">Dallas<\/a>, <a href=\"https:\/\/es.wikipedia.org\/wiki\/Texas\">Texas<\/a>, McCartney discuti\u00f3 la canci\u00f3n con el <a href=\"https:\/\/es.wikipedia.org\/wiki\/Disc-jockey\">disy\u00f3quey<\/a> de KCRW<sup data-fn=\"09bd5f23-63bf-4d09-89cb-304bd67e0bc1\" class=\"fn\"><a href=\"#09bd5f23-63bf-4d09-89cb-304bd67e0bc1\" id=\"09bd5f23-63bf-4d09-89cb-304bd67e0bc1-link\">1<\/a><\/sup> Chris Douridas<sup data-fn=\"02773880-ff40-4c14-bc29-4b650c91209f\" class=\"fn\"><a href=\"#02773880-ff40-4c14-bc29-4b650c91209f\" id=\"02773880-ff40-4c14-bc29-4b650c91209f-link\">2<\/a><\/sup>, diciendo:<\/p>\n\n\n\n<div class=\"wp-block-media-text is-stacked-on-mobile\" style=\"grid-template-columns:18% auto\"><figure class=\"wp-block-media-text__media\"><img data-recalc-dims=\"1\" loading=\"lazy\" decoding=\"async\" width=\"320\" height=\"475\" data-attachment-id=\"17436\" data-permalink=\"https:\/\/elabrevaderojm.com\/en\/2024\/06\/11\/blackbird-a-proposito-de-la-reaparicion-de-esta-pieza-de-paul-mccartney-i\/blackbird-libro-2\/\" data-orig-file=\"https:\/\/i0.wp.com\/elabrevaderojm.com\/wp-content\/uploads\/2024\/05\/blackbird.-libro-2.jpg?fit=320%2C475&amp;ssl=1\" data-orig-size=\"320,475\" data-comments-opened=\"1\" data-image-meta=\"{&quot;aperture&quot;:&quot;0&quot;,&quot;credit&quot;:&quot;&quot;,&quot;camera&quot;:&quot;&quot;,&quot;caption&quot;:&quot;&quot;,&quot;created_timestamp&quot;:&quot;0&quot;,&quot;copyright&quot;:&quot;&quot;,&quot;focal_length&quot;:&quot;0&quot;,&quot;iso&quot;:&quot;0&quot;,&quot;shutter_speed&quot;:&quot;0&quot;,&quot;title&quot;:&quot;&quot;,&quot;orientation&quot;:&quot;0&quot;}\" data-image-title=\"blackbird.-libro-2\" data-image-description=\"\" data-image-caption=\"\" data-large-file=\"https:\/\/i0.wp.com\/elabrevaderojm.com\/wp-content\/uploads\/2024\/05\/blackbird.-libro-2.jpg?fit=320%2C475&amp;ssl=1\" src=\"https:\/\/i0.wp.com\/elabrevaderojm.com\/wp-content\/uploads\/2024\/05\/blackbird.-libro-2.jpg?resize=320%2C475&#038;ssl=1\" alt=\"\" class=\"wp-image-17436 size-full\"\/><\/figure><div class=\"wp-block-media-text__content\">\n<p class=\"has-text-align-justify has-domine-font-family has-normal-font-size wp-block-paragraph\">\u00abHab\u00eda estado haciendo algunas (lecturas de poes\u00eda) en el \u00faltimo a\u00f1o m\u00e1s o menos porque tengo un libro de poes\u00eda llamado <em>Blackbird Singing<\/em> (en la foto), y cuando le\u00eda <em>Blackbird<\/em>, siempre intentaba pensar en alguna explicaci\u00f3n para decirle a la gente&#8230;<\/p>\n<\/div><\/div>\n\n\n\n<figure class=\"wp-block-table has-literata-font-family\"><table class=\"has-pale-ocean-gradient-background has-background has-fixed-layout\" style=\"border-width:4px\"><tbody><tr><td><strong><mark style=\"background-color:rgba(0, 0, 0, 0);color:#f50707\" class=\"has-inline-color\">RELACIONADO<\/mark>: <\/strong><a href=\"https:\/\/elabrevaderojm.com\/2024\/06\/11\/apendice-a-blackbird-a-proposito-de-la-reaparicion-de-esta-pieza-de-paul-mccartney\/\"><strong>Ap\u00e9ndice a \u00abBlackbird: a prop\u00f3sito de la \u00abreaparici\u00f3n\u00bb de esta pieza de Paul McCartney\u00bb<\/strong><\/a> (para conocer m\u00e1s sobre el libro; <strong>punto 5<\/strong>).<\/td><\/tr><\/tbody><\/table><\/figure>\n\n\n\n<div class=\"wp-block-media-text has-media-on-the-right is-stacked-on-mobile\" style=\"grid-template-columns:auto 38%\"><div class=\"wp-block-media-text__content\">\n<p class=\"has-text-align-justify has-domine-font-family wp-block-paragraph\">As\u00ed que estaba haciendo explicaciones, y <strong>en realidad recordaba por qu\u00e9 hab\u00eda escrito <em>Blackbird<\/em><\/strong>, ya sabes, que hab\u00eda estado, estaba en Escocia tocando mi guitarra, y record\u00e9 que toda esta idea de \u00absolo estabas esperando que surgiera este momento\u00bb era sobre, ya sabes, la lucha del pueblo negro en los estados del sur, y estaba usando el simbolismo de un mirlo. No se trata realmente de un mirlo al que se le rompen las alas, ya sabes, es un poco m\u00e1s simb\u00f3lico\u00bb.<\/p>\n\n\n\n<p class=\"has-domine-font-family wp-block-paragraph\" style=\"font-size:17px\">(en la foto: la canci\u00f3n escrita de pu\u00f1o y letra por McCartney)<\/p>\n<\/div><figure class=\"wp-block-media-text__media\"><img data-recalc-dims=\"1\" loading=\"lazy\" decoding=\"async\" width=\"372\" height=\"580\" data-attachment-id=\"17438\" data-permalink=\"https:\/\/elabrevaderojm.com\/en\/2024\/06\/11\/blackbird-a-proposito-de-la-reaparicion-de-esta-pieza-de-paul-mccartney-i\/letra-de-blackbird-escrita-a-mano-1\/\" data-orig-file=\"https:\/\/i0.wp.com\/elabrevaderojm.com\/wp-content\/uploads\/2024\/05\/letra-de-blackbird-escrita-a-mano-1.jpg?fit=372%2C580&amp;ssl=1\" data-orig-size=\"372,580\" data-comments-opened=\"1\" data-image-meta=\"{&quot;aperture&quot;:&quot;0&quot;,&quot;credit&quot;:&quot;&quot;,&quot;camera&quot;:&quot;&quot;,&quot;caption&quot;:&quot;&quot;,&quot;created_timestamp&quot;:&quot;0&quot;,&quot;copyright&quot;:&quot;&quot;,&quot;focal_length&quot;:&quot;0&quot;,&quot;iso&quot;:&quot;0&quot;,&quot;shutter_speed&quot;:&quot;0&quot;,&quot;title&quot;:&quot;&quot;,&quot;orientation&quot;:&quot;0&quot;}\" data-image-title=\"letra-de-blackbird-escrita-a-mano-1\" data-image-description=\"\" data-image-caption=\"\" data-large-file=\"https:\/\/i0.wp.com\/elabrevaderojm.com\/wp-content\/uploads\/2024\/05\/letra-de-blackbird-escrita-a-mano-1.jpg?fit=372%2C580&amp;ssl=1\" src=\"https:\/\/i0.wp.com\/elabrevaderojm.com\/wp-content\/uploads\/2024\/05\/letra-de-blackbird-escrita-a-mano-1.jpg?resize=372%2C580&#038;ssl=1\" alt=\"\" class=\"wp-image-17438 size-full\"\/><\/figure><\/div>\n\n\n\n<p class=\"has-text-align-justify has-domine-font-family has-custom-font wp-block-paragraph\" style=\"font-family:domine\">El 30 de abril de 2016, en su parada en Little Rock, Arkansas durante su gira <em><a href=\"https:\/\/es.wikipedia.org\/wiki\/One_On_One_Tour\">One On One<\/a><\/em>, Paul tuvo el privilegio de conocer a <a href=\"https:\/\/es.wikipedia.org\/wiki\/Thelma_Mothershed\">Thelma Mothershed Wair<\/a> y <a href=\"https:\/\/es.wikipedia.org\/wiki\/Elizabeth_Eckford\">Elizabeth Eckford<\/a>, dos mujeres negras que se inscribieron en la Escuela Secundaria Central de Little Rock en 1957. Paul declar\u00f3 en ese momento: \u00abIncre\u00edble conocer a dos&#8230; prisioneras del movimiento por los derechos civiles e inspiraci\u00f3n para <em>Blackbird<\/em>\u00bb.<\/p>\n\n\n\n<p class=\"has-domine-font-family has-custom-font wp-block-paragraph\" style=\"font-family:domine\">Y antes de interpretar la canci\u00f3n en este espect\u00e1culo, declar\u00f3:<\/p>\n\n\n\n<figure class=\"wp-block-table has-crimson-pro-font-family\"><table class=\"has-blush-bordeaux-gradient-background has-text-color has-background has-link-color has-fixed-layout\" style=\"color:#f7db05\"><tbody><tr><td class=\"has-text-align-center\" data-align=\"center\"><strong>En los a\u00f1os 60, hab\u00eda muchos problemas con los derechos civiles, particularmente en Little Rock. Lo not\u00e1bamos en las noticias en Inglaterra, as\u00ed que es un lugar muy importante para nosotros, porque para m\u00ed, aqu\u00ed es donde comenzaron los derechos civiles. Ve\u00edamos lo que estaba pasando y simpatiz\u00e1bamos con las personas que pasaban por esos problemas, y me dieron ganas de escribir una canci\u00f3n que, si alguna vez volv\u00eda a las personas que pasaban por esos problemas, podr\u00eda ayudarlos un poco, y esa es la siguiente<\/strong>.<\/td><\/tr><\/tbody><\/table><\/figure>\n\n\n\n<div class=\"wp-block-jetpack-tiled-gallery aligncenter is-style-rectangular\"><div class=\"\"><div class=\"tiled-gallery__gallery\"><div class=\"tiled-gallery__row\"><div class=\"tiled-gallery__col\" style=\"flex-basis:31.88573%\"><figure class=\"tiled-gallery__item\"><img decoding=\"async\" data-attachment-id=\"17457\" data-permalink=\"https:\/\/elabrevaderojm.com\/en\/2024\/06\/11\/blackbird-a-proposito-de-la-reaparicion-de-esta-pieza-de-paul-mccartney-i\/paul-thelma-y-elizabeth-1\/\" data-orig-file=\"https:\/\/i0.wp.com\/elabrevaderojm.com\/wp-content\/uploads\/2024\/05\/paul-thelma-y-elizabeth-1.jpg?fit=250%2C302&amp;ssl=1\" data-orig-size=\"250,302\" data-comments-opened=\"1\" data-image-meta=\"{&quot;aperture&quot;:&quot;0&quot;,&quot;credit&quot;:&quot;&quot;,&quot;camera&quot;:&quot;&quot;,&quot;caption&quot;:&quot;&quot;,&quot;created_timestamp&quot;:&quot;0&quot;,&quot;copyright&quot;:&quot;&quot;,&quot;focal_length&quot;:&quot;0&quot;,&quot;iso&quot;:&quot;0&quot;,&quot;shutter_speed&quot;:&quot;0&quot;,&quot;title&quot;:&quot;&quot;,&quot;orientation&quot;:&quot;1&quot;}\" data-image-title=\"paul-thelma-y-elizabeth-1\" data-image-description=\"\" data-image-caption=\"\" data-large-file=\"https:\/\/i0.wp.com\/elabrevaderojm.com\/wp-content\/uploads\/2024\/05\/paul-thelma-y-elizabeth-1.jpg?fit=250%2C302&amp;ssl=1\" role=\"button\" tabindex=\"0\" aria-label=\"Open image 1 of 2 in full-screen\" srcset=\"https:\/\/i0.wp.com\/elabrevaderojm.com\/wp-content\/uploads\/2024\/05\/paul-thelma-y-elizabeth-1.jpg?strip=info&#038;w=250&#038;ssl=1 250w\" alt=\"\" data-height=\"302\" data-id=\"17457\" data-link=\"https:\/\/elabrevaderojm.com\/?attachment_id=17457\" data-url=\"https:\/\/elabrevaderojm.com\/wp-content\/uploads\/2024\/05\/paul-thelma-y-elizabeth-1.jpg?w=250\" data-width=\"250\" src=\"https:\/\/i0.wp.com\/elabrevaderojm.com\/wp-content\/uploads\/2024\/05\/paul-thelma-y-elizabeth-1.jpg?ssl=1\" data-amp-layout=\"responsive\" tabindex=\"0\" role=\"button\" aria-label=\"Abrir la imagen 1 de 2 en pantalla completa\"\/><\/figure><\/div><div class=\"tiled-gallery__col\" style=\"flex-basis:68.11427%\"><figure class=\"tiled-gallery__item\"><img decoding=\"async\" data-attachment-id=\"17456\" data-permalink=\"https:\/\/elabrevaderojm.com\/en\/2024\/06\/11\/blackbird-a-proposito-de-la-reaparicion-de-esta-pieza-de-paul-mccartney-i\/one-on-one-poster\/\" data-orig-file=\"https:\/\/i0.wp.com\/elabrevaderojm.com\/wp-content\/uploads\/2024\/05\/one-on-one-poster.jpg?fit=360%2C203&amp;ssl=1\" data-orig-size=\"360,203\" data-comments-opened=\"1\" data-image-meta=\"{&quot;aperture&quot;:&quot;0&quot;,&quot;credit&quot;:&quot;&quot;,&quot;camera&quot;:&quot;&quot;,&quot;caption&quot;:&quot;&quot;,&quot;created_timestamp&quot;:&quot;0&quot;,&quot;copyright&quot;:&quot;&quot;,&quot;focal_length&quot;:&quot;0&quot;,&quot;iso&quot;:&quot;0&quot;,&quot;shutter_speed&quot;:&quot;0&quot;,&quot;title&quot;:&quot;&quot;,&quot;orientation&quot;:&quot;0&quot;}\" data-image-title=\"one-on-one-poster\" data-image-description=\"\" data-image-caption=\"\" data-large-file=\"https:\/\/i0.wp.com\/elabrevaderojm.com\/wp-content\/uploads\/2024\/05\/one-on-one-poster.jpg?fit=360%2C203&amp;ssl=1\" role=\"button\" tabindex=\"0\" aria-label=\"Open image 2 of 2 in full-screen\" srcset=\"https:\/\/i0.wp.com\/elabrevaderojm.com\/wp-content\/uploads\/2024\/05\/one-on-one-poster.jpg?strip=info&#038;w=360&#038;ssl=1 360w\" alt=\"\" data-height=\"203\" data-id=\"17456\" data-link=\"https:\/\/elabrevaderojm.com\/?attachment_id=17456\" data-url=\"https:\/\/elabrevaderojm.com\/wp-content\/uploads\/2024\/05\/one-on-one-poster.jpg?w=360\" data-width=\"360\" src=\"https:\/\/i0.wp.com\/elabrevaderojm.com\/wp-content\/uploads\/2024\/05\/one-on-one-poster.jpg?ssl=1\" data-amp-layout=\"responsive\" tabindex=\"0\" role=\"button\" aria-label=\"Abrir la imagen 2 de 2 en pantalla completa\"\/><\/figure><\/div><\/div><\/div><\/div><\/div>\n\n\n\n<p class=\"has-text-align-center has-bodoni-moda-font-family has-custom-font wp-block-paragraph\" style=\"font-family:bodoni-moda\"><strong>Izquierda: Paul junto a Thelma (sentada) y Elizabeth. Derecha: anuncio publicitario de la gira.<\/strong><\/p>\n\n\n\n<p class=\"has-text-align-justify has-domine-font-family has-custom-font wp-block-paragraph\" style=\"font-family:domine\">En 2018, McCartney profundiz\u00f3 en el significado de la canci\u00f3n, explicando que <em>blackbird <\/em>(p\u00e1jaro negro) <strong>deber\u00eda interpretarse como \u00abchica negra\u00bb<\/strong>, en el contexto de los problemas de derechos civiles en el sur de la d\u00e9cada de 1960 en Estados Unidos.<\/p>\n\n\n\n<p class=\"has-text-align-justify has-domine-font-family has-custom-font wp-block-paragraph\" style=\"font-family:domine\">Aunque McCartney ha sido coherente en el significado, todav\u00eda hay interpretaciones variadas, como una canci\u00f3n de la naturaleza, un mensaje en apoyo del movimiento <em>Black Power<\/em><sup data-fn=\"60569170-8694-4610-8b2b-2aa5fad4daef\" class=\"fn\"><a href=\"#60569170-8694-4610-8b2b-2aa5fad4daef\" id=\"60569170-8694-4610-8b2b-2aa5fad4daef-link\">3<\/a><\/sup> o una canci\u00f3n de amor.<\/p>\n\n\n\n<div class=\"wp-block-media-text is-stacked-on-mobile\" style=\"grid-template-columns:21% auto\"><figure class=\"wp-block-media-text__media\"><img data-recalc-dims=\"1\" loading=\"lazy\" decoding=\"async\" width=\"218\" height=\"286\" data-attachment-id=\"17429\" data-permalink=\"https:\/\/elabrevaderojm.com\/en\/2024\/06\/11\/blackbird-a-proposito-de-la-reaparicion-de-esta-pieza-de-paul-mccartney-i\/ian_macdonald-1\/\" data-orig-file=\"https:\/\/i0.wp.com\/elabrevaderojm.com\/wp-content\/uploads\/2024\/05\/ian_macdonald-1.jpg?fit=218%2C286&amp;ssl=1\" data-orig-size=\"218,286\" data-comments-opened=\"1\" data-image-meta=\"{&quot;aperture&quot;:&quot;0&quot;,&quot;credit&quot;:&quot;&quot;,&quot;camera&quot;:&quot;&quot;,&quot;caption&quot;:&quot;&quot;,&quot;created_timestamp&quot;:&quot;0&quot;,&quot;copyright&quot;:&quot;&quot;,&quot;focal_length&quot;:&quot;0&quot;,&quot;iso&quot;:&quot;0&quot;,&quot;shutter_speed&quot;:&quot;0&quot;,&quot;title&quot;:&quot;&quot;,&quot;orientation&quot;:&quot;1&quot;}\" data-image-title=\"ian_macdonald-1\" data-image-description=\"\" data-image-caption=\"\" data-large-file=\"https:\/\/i0.wp.com\/elabrevaderojm.com\/wp-content\/uploads\/2024\/05\/ian_macdonald-1.jpg?fit=218%2C286&amp;ssl=1\" src=\"https:\/\/i0.wp.com\/elabrevaderojm.com\/wp-content\/uploads\/2024\/05\/ian_macdonald-1.jpg?resize=218%2C286&#038;ssl=1\" alt=\"\" class=\"wp-image-17429 size-full\"\/><\/figure><div class=\"wp-block-media-text__content\">\n<p class=\"has-text-align-justify has-domine-font-family wp-block-paragraph\">Escribiendo en la d\u00e9cada de 1990, <a href=\"https:\/\/es.wikipedia.org\/wiki\/Ian_MacDonald\">Ian MacDonald<\/a> (en la foto) se\u00f1al\u00f3 la teor\u00eda de que <em>Blackbird<\/em> pretend\u00eda ser \u00ab<strong>una met\u00e1fora de la lucha por los derechos civiles de los negros<\/strong>\u00bb, pero se\u00f1al\u00f3 las cualidades rom\u00e1nticas de la composici\u00f3n, argumentando que la canci\u00f3n del p\u00e1jaro matutino \u00abtraduce en una met\u00e1fora sucinta para el despertar a un nivel m\u00e1s profundo\u00bb.<\/p>\n<\/div><\/div>\n\n\n\n<div class=\"wp-block-media-text has-media-on-the-right is-stacked-on-mobile\" style=\"grid-template-columns:auto 27%\"><div class=\"wp-block-media-text__content\">\n<p class=\"has-text-align-justify has-domine-font-family wp-block-paragraph\" style=\"font-size:17px\">En cuanto a la autor\u00eda, la mayor\u00eda asume que esta composici\u00f3n de \u00abLennon-McCartney\u00bb fue escrita realmente en su totalidad por el propio Paul. Sin embargo, en su entrevista de 1980 con la revista <em><a href=\"https:\/\/es.wikipedia.org\/wiki\/Playboy\">Playboy<\/a><\/em>, John afirma lo contrario: \u00abLe di a Paul una l\u00ednea en esa, una l\u00ednea importante, pero en realidad es todo \u00e9l. Paul es bueno en ese tipo de cosas de guitarra. Tambi\u00e9n lo es John Denver (en la foto)\u00bb.<\/p>\n<\/div><figure class=\"wp-block-media-text__media\"><img data-recalc-dims=\"1\" loading=\"lazy\" decoding=\"async\" width=\"235\" height=\"235\" data-attachment-id=\"17462\" data-permalink=\"https:\/\/elabrevaderojm.com\/en\/2024\/06\/11\/blackbird-a-proposito-de-la-reaparicion-de-esta-pieza-de-paul-mccartney-i\/john-d\/\" data-orig-file=\"https:\/\/i0.wp.com\/elabrevaderojm.com\/wp-content\/uploads\/2024\/05\/john-d.jpg?fit=235%2C235&amp;ssl=1\" data-orig-size=\"235,235\" data-comments-opened=\"1\" data-image-meta=\"{&quot;aperture&quot;:&quot;0&quot;,&quot;credit&quot;:&quot;&quot;,&quot;camera&quot;:&quot;&quot;,&quot;caption&quot;:&quot;&quot;,&quot;created_timestamp&quot;:&quot;0&quot;,&quot;copyright&quot;:&quot;&quot;,&quot;focal_length&quot;:&quot;0&quot;,&quot;iso&quot;:&quot;0&quot;,&quot;shutter_speed&quot;:&quot;0&quot;,&quot;title&quot;:&quot;&quot;,&quot;orientation&quot;:&quot;0&quot;}\" data-image-title=\"john-d\" data-image-description=\"\" data-image-caption=\"\" data-large-file=\"https:\/\/i0.wp.com\/elabrevaderojm.com\/wp-content\/uploads\/2024\/05\/john-d.jpg?fit=235%2C235&amp;ssl=1\" src=\"https:\/\/i0.wp.com\/elabrevaderojm.com\/wp-content\/uploads\/2024\/05\/john-d.jpg?resize=235%2C235&#038;ssl=1\" alt=\"\" class=\"wp-image-17462 size-full\"\/><\/figure><\/div>\n\n\n\n<p class=\"has-text-align-justify has-domine-font-family has-custom-font wp-block-paragraph\" style=\"font-family:domine\">La identidad de la \u00abl\u00ednea importante\u00bb nunca ha sido revelada. Y se supone que la comparaci\u00f3n con <a href=\"https:\/\/es.wikipedia.org\/wiki\/John_Denver\">John Denver<\/a> fue un cumplido.<\/p>\n\n\n\n<hr class=\"wp-block-separator has-alpha-channel-opacity is-style-wide\"\/>\n\n\n\n<p class=\"has-text-align-justify has-domine-font-family has-custom-font wp-block-paragraph\" style=\"font-family:domine\">Este no es el cierre, porque falta saber m\u00e1s sobre esta joya de la m\u00fasica anglosajona. Eso viene en una segunda parte.<\/p>\n\n\n\n<figure class=\"wp-block-table has-literata-font-family\"><table class=\"has-pale-ocean-gradient-background has-background has-fixed-layout\" style=\"border-width:4px\"><tbody><tr><td><strong><mark style=\"background-color:rgba(0, 0, 0, 0);color:#f50707\" class=\"has-inline-color\">RELACIONADO<\/mark>: <a href=\"https:\/\/elabrevaderojm.com\/2024\/06\/11\/blackbird-a-proposito-de-la-reaparicion-de-esta-pieza-de-paul-mccartney-ii\/\"><em>Blackbird:<\/em> a prop\u00f3sito de la \u00abreaparici\u00f3n\u00bb de esta pieza de Paul McCartney (II).<\/a><\/strong><\/td><\/tr><\/tbody><\/table><\/figure>\n\n\n\n<p class=\"has-text-align-justify has-domine-font-family has-custom-font wp-block-paragraph\" style=\"font-family:domine\">Si te ha gustado este art\u00edculo, demu\u00e9stralo con un \u00abpulgar arriba\u00bb y un \u00abaplauso\u00bb, y compartiendo el contenido con tus amistades y en tus redes sociales. Es muy gratificante. Y quiz\u00e1s otras personas se enteren de estas cosas interesantes que has le\u00eddo hoy.<\/p>\n\n\n\n<p class=\"has-text-align-justify has-domine-font-family has-custom-font wp-block-paragraph\" style=\"font-family:domine\">Si tienes algo que comentar, preguntar o agregar, o decirme como expositor, por favor hazlo dejando tu comentario.<\/p>\n\n\n\n<p class=\"has-text-align-justify has-domine-font-family has-custom-font wp-block-paragraph\" style=\"font-family:domine\">Siempre lo mejor para estar al tanto de estas interesantes entregas es suscribirte a mi blog, que trato de surtir con nuevos trabajos siempre que me sea posible.<\/p>\n\n\n\n<p class=\"has-domine-font-family has-custom-font wp-block-paragraph\" style=\"font-family:domine\">Gracias por leer.<\/p>\n\n\n\n<div class=\"wp-block-comments\">\n\t\t<div id=\"respond\" class=\"comment-respond wp-block-post-comments-form\">\n\t\t\t<h3 id=\"reply-title\" class=\"comment-reply-title\">Leave a Reply<small><a rel=\"nofollow\" id=\"cancel-comment-reply-link\" href=\"\/en\/wp-json\/wp\/v2\/posts\/17334#respond\" style=\"display:none;\">Cancel reply<\/a><\/small><\/h3>\t\t\t<form id=\"commentform\" class=\"comment-form\">\n\t\t\t\t<iframe\n\t\t\t\t\ttitle=\"Comment Form\"\n\t\t\t\t\tsrc=\"https:\/\/jetpack.wordpress.com\/jetpack-comment\/?blogid=153735515&#038;postid=17334&#038;comment_registration=0&#038;require_name_email=0&#038;stc_enabled=1&#038;stb_enabled=1&#038;show_avatars=1&#038;avatar_default=identicon&#038;greeting=Leave+a+Reply&#038;jetpack_comments_nonce=82f1f0b94e&#038;greeting_reply=Leave+a+Reply+to+%25s&#038;color_scheme=light&#038;lang=en_US&#038;jetpack_version=16.2-a.5&#038;iframe_unique_id=4&#038;show_cookie_consent=10&#038;has_cookie_consent=0&#038;is_current_user_subscribed=0&#038;token_key=%3Bnormal%3B&#038;sig=64392c60b2d44d14e4516e962d014c29574d43d8#parent=https%3A%2F%2Felabrevaderojm.com%2Fen%2Fwp-json%2Fwp%2Fv2%2Fposts%2F17334\"\n\t\t\t\t\t\t\t\t\t\t\tname=\"jetpack_remote_comment\"\n\t\t\t\t\t\tstyle=\"width:100%; height: 430px; border:0;\"\n\t\t\t\t\t\t\t\t\t\tclass=\"jetpack_remote_comment\"\n\t\t\t\t\tid=\"jetpack_remote_comment\"\n\t\t\t\t\tsandbox=\"allow-same-origin allow-top-navigation allow-scripts allow-forms allow-popups\"\n\t\t\t\t>\n\t\t\t\t\t\t\t\t\t<\/iframe>\n\t\t\t\t\t\t\t\t\t<!--[if !IE]><!-->\n\t\t\t\t\t<script>\n\t\t\t\t\t\tdocument.addEventListener('DOMContentLoaded', function () {\n\t\t\t\t\t\t\tvar commentForms = document.getElementsByClassName('jetpack_remote_comment');\n\t\t\t\t\t\t\tfor (var i = 0; i < commentForms.length; i++) {\n\t\t\t\t\t\t\t\tcommentForms[i].allowTransparency = false;\n\t\t\t\t\t\t\t\tcommentForms[i].scrolling = 'no';\n\t\t\t\t\t\t\t}\n\t\t\t\t\t\t});\n\t\t\t\t\t<\/script>\n\t\t\t\t\t<!--<![endif]-->\n\t\t\t\t\t\t\t<\/form>\n\t\t<\/div>\n\n\t\t\n\t\t<input type=\"hidden\" name=\"comment_parent\" id=\"comment_parent\" value=\"\" \/>\n\n\t\t<\/div>\n\n\n<div class=\"crowdsignal-vote-wrapper\" data-crowdsignal-vote=\"{&quot;pollId&quot;:&quot;8d58a435-377f-4b42-8a37-f68a9ea92a72&quot;,&quot;title&quot;:&quot;Votaci\\u00f3n sin t\\u00edtulo 2&quot;,&quot;hideBranding&quot;:false,&quot;pollStatus&quot;:&quot;open&quot;,&quot;size&quot;:&quot;medium&quot;,&quot;borderWidth&quot;:1,&quot;borderRadius&quot;:5,&quot;hideResults&quot;:false,&quot;TrpContentRestriction&quot;:{&quot;restriction_type&quot;:&quot;exclude&quot;,&quot;selected_languages&quot;:[],&quot;panel_open&quot;:true},&quot;apiPollData&quot;:{&quot;id&quot;:13826903,&quot;question&quot;:&quot;&quot;,&quot;note&quot;:&quot;&quot;,&quot;settings&quot;:{&quot;title&quot;:&quot;Votaci\\u00f3n sin t\\u00edtulo 2&quot;,&quot;after_vote&quot;:&quot;results&quot;,&quot;after_message&quot;:&quot;&quot;,&quot;randomize_answers&quot;:false,&quot;restrict_vote_repeat&quot;:false,&quot;captcha&quot;:false,&quot;multiple_choice&quot;:false,&quot;redirect_url&quot;:&quot;&quot;,&quot;close_status&quot;:&quot;open&quot;,&quot;close_after&quot;:false},&quot;answers&quot;:[{&quot;answer_text&quot;:&quot;up&quot;,&quot;id&quot;:61678148,&quot;client_id&quot;:&quot;f173ee51-c052-4c87-8d5f-06fe7aa96fce&quot;},{&quot;answer_text&quot;:&quot;down&quot;,&quot;id&quot;:61678149,&quot;client_id&quot;:&quot;eb435ebd-1ac7-4f9e-8536-f18bf20607bb&quot;}],&quot;source_link&quot;:&quot;https:\\\/\\\/elabrevaderojm.com&quot;,&quot;client_id&quot;:&quot;8d58a435-377f-4b42-8a37-f68a9ea92a72&quot;}}\">\n<div data-crowdsignal-vote-item=\"{&quot;answerId&quot;:&quot;f173ee51-c052-4c87-8d5f-06fe7aa96fce&quot;,&quot;type&quot;:&quot;up&quot;,&quot;TrpContentRestriction&quot;:{&quot;restriction_type&quot;:&quot;exclude&quot;,&quot;selected_languages&quot;:[],&quot;panel_open&quot;:true}}\"><\/div>\n\n<div data-crowdsignal-vote-item=\"{&quot;answerId&quot;:&quot;eb435ebd-1ac7-4f9e-8536-f18bf20607bb&quot;,&quot;type&quot;:&quot;down&quot;,&quot;TrpContentRestriction&quot;:{&quot;restriction_type&quot;:&quot;exclude&quot;,&quot;selected_languages&quot;:[],&quot;panel_open&quot;:true}}\"><\/div>\n<\/div>\n\n<div class=\"crowdsignal-applause-wrapper\" data-crowdsignal-applause=\"{&quot;pollId&quot;:&quot;3a6c609f-ba27-4169-8c4c-43429b2f71d7&quot;,&quot;title&quot;:&quot;Aplauso sin t\\u00edtulo 2&quot;,&quot;answerId&quot;:&quot;08cdc5ad-3edb-4c43-958c-11a080483122&quot;,&quot;hideBranding&quot;:false,&quot;size&quot;:&quot;medium&quot;,&quot;pollStatus&quot;:&quot;open&quot;,&quot;TrpContentRestriction&quot;:{&quot;restriction_type&quot;:&quot;exclude&quot;,&quot;selected_languages&quot;:[],&quot;panel_open&quot;:true},&quot;apiPollData&quot;:{&quot;id&quot;:13826896,&quot;question&quot;:&quot;&quot;,&quot;note&quot;:&quot;&quot;,&quot;settings&quot;:{&quot;title&quot;:&quot;Aplauso sin t\\u00edtulo 2&quot;,&quot;after_vote&quot;:&quot;results&quot;,&quot;after_message&quot;:&quot;&quot;,&quot;randomize_answers&quot;:false,&quot;restrict_vote_repeat&quot;:false,&quot;captcha&quot;:false,&quot;multiple_choice&quot;:false,&quot;redirect_url&quot;:&quot;&quot;,&quot;close_status&quot;:&quot;open&quot;,&quot;close_after&quot;:false},&quot;answers&quot;:[{&quot;answer_text&quot;:&quot;clap&quot;,&quot;id&quot;:61678127,&quot;client_id&quot;:&quot;08cdc5ad-3edb-4c43-958c-11a080483122&quot;}],&quot;source_link&quot;:&quot;https:\\\/\\\/elabrevaderojm.com&quot;,&quot;client_id&quot;:&quot;3a6c609f-ba27-4169-8c4c-43429b2f71d7&quot;}}\"><\/div>\n\n\n<hr class=\"wp-block-separator has-text-color has-foreground-color has-alpha-channel-opacity has-foreground-background-color has-background is-style-dots\"\/>\n\n\n\n<p class=\"has-text-align-center has-plus-jakarta-sans-font-family has-custom-font wp-block-paragraph\" style=\"font-family:plus-jakarta-sans\"><strong>NOTAS AL PIE<\/strong><\/p>\n\n\n<ol class=\"wp-block-footnotes has-crimson-pro-font-family\"><li id=\"09bd5f23-63bf-4d09-89cb-304bd67e0bc1\"><strong>KCRW<\/strong> (89.9 <a href=\"https:\/\/en.wikipedia.org\/wiki\/Hertz\">MHz<\/a>\u00a0<a href=\"https:\/\/en.wikipedia.org\/wiki\/FM_broadcast_band\">FM<\/a>) es una <a href=\"https:\/\/en.wikipedia.org\/wiki\/National_Public_Radio\">\u00a0estaci\u00f3n miembro de la Radio P\u00fablica Nacional<\/a> que\u00a0 transmite desde el campus de <a href=\"https:\/\/en.wikipedia.org\/wiki\/Santa_Monica_College\">Santa Monica College<\/a> en <a href=\"https:\/\/en.wikipedia.org\/wiki\/Santa_Monica,_California\">Santa M\u00f3nica<\/a>, <a href=\"https:\/\/en.wikipedia.org\/wiki\/California\">California<\/a>, donde la estaci\u00f3n tiene licencia. KCRW transmite noticias originales y programaci\u00f3n musical, adem\u00e1s de programaci\u00f3n de NPR y otras afiliadas. Una red de repetidores y traductores de <a href=\"https:\/\/en.wikipedia.org\/wiki\/Broadcast_translator\">radiodifusi\u00f3n<\/a>, as\u00ed como <a href=\"https:\/\/en.wikipedia.org\/wiki\/Internet_radio\">la radio por Internet<\/a>, permiten que la estaci\u00f3n sirva al <a href=\"https:\/\/en.wikipedia.org\/wiki\/Greater_Los_Angeles_area\">\u00e1rea metropolitana de Los \u00c1ngeles<\/a> y otras comunidades del sur de California. <a href=\"#09bd5f23-63bf-4d09-89cb-304bd67e0bc1-link\" aria-label=\"Jump to footnote reference 1\">\u21a9\ufe0e<\/a><\/li><li id=\"02773880-ff40-4c14-bc29-4b650c91209f\"><strong>Chris Douridas<\/strong> (nacido el 20 de septiembre de 1962) es un popular DJ estadounidense y creador de tendencias musicales en <a href=\"https:\/\/en.wikipedia.org\/wiki\/Santa_Monica,_California\">\u00a0la estaci\u00f3n de radio <\/a>KCRW<a href=\"https:\/\/en.wikipedia.org\/wiki\/California\"> de Santa M\u00f3nica<\/a>, <a href=\"https:\/\/en.wikipedia.org\/wiki\/KCRW\">California<\/a>, donde presenta un programa de dos horas que muestra nueva m\u00fasica progresiva. Tambi\u00e9n es cineasta, actor, presentador de televisi\u00f3n y <a href=\"https:\/\/en.wikipedia.org\/wiki\/Grammy_Award\">productor de bandas sonoras y videos musicales tres veces nominado al<\/a> Grammy.<br><img data-recalc-dims=\"1\" loading=\"lazy\" decoding=\"async\" width=\"227\" height=\"302\" data-attachment-id=\"17419\" data-permalink=\"https:\/\/elabrevaderojm.com\/en\/2024\/06\/11\/blackbird-a-proposito-de-la-reaparicion-de-esta-pieza-de-paul-mccartney-i\/chris-d-1\/\" data-orig-file=\"https:\/\/i0.wp.com\/elabrevaderojm.com\/wp-content\/uploads\/2024\/05\/chris-d-1.jpg?fit=227%2C302&amp;ssl=1\" data-orig-size=\"227,302\" data-comments-opened=\"1\" data-image-meta=\"{&quot;aperture&quot;:&quot;0&quot;,&quot;credit&quot;:&quot;&quot;,&quot;camera&quot;:&quot;&quot;,&quot;caption&quot;:&quot;&quot;,&quot;created_timestamp&quot;:&quot;0&quot;,&quot;copyright&quot;:&quot;&quot;,&quot;focal_length&quot;:&quot;0&quot;,&quot;iso&quot;:&quot;0&quot;,&quot;shutter_speed&quot;:&quot;0&quot;,&quot;title&quot;:&quot;&quot;,&quot;orientation&quot;:&quot;1&quot;}\" data-image-title=\"chris d 1\" data-image-description=\"\" data-image-caption=\"\" data-large-file=\"https:\/\/i0.wp.com\/elabrevaderojm.com\/wp-content\/uploads\/2024\/05\/chris-d-1.jpg?fit=227%2C302&amp;ssl=1\" class=\"wp-image-17419\" style=\"width: 70px\" src=\"https:\/\/i0.wp.com\/elabrevaderojm.com\/wp-content\/uploads\/2024\/05\/chris-d-1.jpg?resize=227%2C302&#038;ssl=1\" alt=\"\"> <a href=\"#02773880-ff40-4c14-bc29-4b650c91209f-link\" aria-label=\"Jump to footnote reference 2\">\u21a9\ufe0e<\/a><\/li><li id=\"60569170-8694-4610-8b2b-2aa5fad4daef\">El <strong>movimiento del poder negro<\/strong> o <strong>movimiento de liberaci\u00f3n negra<\/strong> fue una rama o <a href=\"https:\/\/es.wikipedia.org\/wiki\/Contracultura\">contracultura<\/a> dentro del <a href=\"https:\/\/es.wikipedia.org\/wiki\/Movimiento_por_los_derechos_civiles_en_Estados_Unidos\">movimiento por los derechos civiles<\/a> de los Estados Unidos, que reaccion\u00f3 contra sus tendencias m\u00e1s moderadas, convencionales o incrementales, motivado por un deseo de seguridad y autosuficiencia que no estaba disponible dentro de los <a href=\"https:\/\/es.wikipedia.org\/wiki\/Redlining\">barrios afroamericanos de l\u00ednea roja<\/a>. Los activistas del poder negro fundaron librer\u00edas, cooperativas de alimentos, granjas, medios de comunicaci\u00f3n, imprentas, escuelas, cl\u00ednicas y servicios de ambulancia. A finales de la d\u00e9cada de 1960, el poder negro lleg\u00f3 a representar la demanda de una acci\u00f3n violenta m\u00e1s inmediata para contrarrestar la <a href=\"https:\/\/es.wikipedia.org\/wiki\/Supremacismo_blanco\">supremac\u00eda blanca estadounidense<\/a>. Nuevas organizaciones que apoyaban las filosof\u00edas del Poder Negro, que iban desde la adopci\u00f3n del socialismo por ciertas sectas del movimiento hasta el <a href=\"https:\/\/es.wikipedia.org\/wiki\/Nacionalismo_negro\">nacionalismo negro<\/a>, incluido el <a href=\"https:\/\/es.wikipedia.org\/wiki\/Partido_Pantera_Negra\">Partido de las Panteras Negras<\/a> (BPP), adquirieron prominencia. <a href=\"#60569170-8694-4610-8b2b-2aa5fad4daef-link\" aria-label=\"Jump to footnote reference 3\">\u21a9\ufe0e<\/a><\/li><\/ol>\n\n\n<p class=\"wp-block-paragraph\"><\/p>\n","protected":false},"excerpt":{"rendered":"<p>La primera presentaci\u00f3n p\u00fablica de Blackbird tuvo lugar en octubre de 1968 y fue una sorpresa para las chicas \u2014m\u00e1s tarde inmortalizadas en la canci\u00f3n Apple Scruffs de George Harrison\u2014 que merodeaban&#8230;<\/p>","protected":false},"author":147101633,"featured_media":0,"comment_status":"open","ping_status":"open","sticky":false,"template":"","format":"standard","meta":{"_coblocks_attr":"","_coblocks_dimensions":"","_coblocks_responsive_height":"","_coblocks_accordion_ie_support":"","advanced_seo_description":"","jetpack_seo_html_title":"","jetpack_seo_noindex":false,"jetpack_seo_schema_type":"","_jetpack_newsletter_access":"","_jetpack_dont_email_post_to_subs":false,"_jetpack_newsletter_tier_id":0,"_jetpack_memberships_contains_paywalled_content":false,"_wpcom_ai_launchpad_first_post":false,"_jetpack_feature_clip_id":0,"_jetpack_memberships_contains_paid_content":false,"footnotes":"[{\"id\":\"09bd5f23-63bf-4d09-89cb-304bd67e0bc1\",\"content\":\"<strong>KCRW<\\\/strong> (89.9 <a href=\\\"https:\\\/\\\/en.wikipedia.org\\\/wiki\\\/Hertz\\\">MHz<\\\/a>\\u00a0<a href=\\\"https:\\\/\\\/en.wikipedia.org\\\/wiki\\\/FM_broadcast_band\\\">FM<\\\/a>) es una <a href=\\\"https:\\\/\\\/en.wikipedia.org\\\/wiki\\\/National_Public_Radio\\\">\\u00a0estaci\\u00f3n miembro de la Radio P\\u00fablica Nacional<\\\/a> que\\u00a0 transmite desde el campus de <a href=\\\"https:\\\/\\\/en.wikipedia.org\\\/wiki\\\/Santa_Monica_College\\\">Santa Monica College<\\\/a> en <a href=\\\"https:\\\/\\\/en.wikipedia.org\\\/wiki\\\/Santa_Monica,_California\\\">Santa M\\u00f3nica<\\\/a>, <a href=\\\"https:\\\/\\\/en.wikipedia.org\\\/wiki\\\/California\\\">California<\\\/a>, donde la estaci\\u00f3n tiene licencia. KCRW transmite noticias originales y programaci\\u00f3n musical, adem\\u00e1s de programaci\\u00f3n de NPR y otras afiliadas. Una red de repetidores y traductores de <a href=\\\"https:\\\/\\\/en.wikipedia.org\\\/wiki\\\/Broadcast_translator\\\">radiodifusi\\u00f3n<\\\/a>, as\\u00ed como <a href=\\\"https:\\\/\\\/en.wikipedia.org\\\/wiki\\\/Internet_radio\\\">la radio por Internet<\\\/a>, permiten que la estaci\\u00f3n sirva al <a href=\\\"https:\\\/\\\/en.wikipedia.org\\\/wiki\\\/Greater_Los_Angeles_area\\\">\\u00e1rea metropolitana de Los \\u00c1ngeles<\\\/a> y otras comunidades del sur de California.\"},{\"id\":\"02773880-ff40-4c14-bc29-4b650c91209f\",\"content\":\"<strong>Chris Douridas<\\\/strong> (nacido el 20 de septiembre de 1962) es un popular DJ estadounidense y creador de tendencias musicales en <a href=\\\"https:\\\/\\\/en.wikipedia.org\\\/wiki\\\/Santa_Monica,_California\\\">\\u00a0la estaci\\u00f3n de radio <\\\/a>KCRW<a href=\\\"https:\\\/\\\/en.wikipedia.org\\\/wiki\\\/California\\\"> de Santa M\\u00f3nica<\\\/a>, <a href=\\\"https:\\\/\\\/en.wikipedia.org\\\/wiki\\\/KCRW\\\">California<\\\/a>, donde presenta un programa de dos horas que muestra nueva m\\u00fasica progresiva. Tambi\\u00e9n es cineasta, actor, presentador de televisi\\u00f3n y <a href=\\\"https:\\\/\\\/en.wikipedia.org\\\/wiki\\\/Grammy_Award\\\">productor de bandas sonoras y videos musicales tres veces nominado al<\\\/a> Grammy.<br><img class=\\\"wp-image-17419\\\" style=\\\"width: 70px\\\" src=\\\"https:\\\/\\\/elabrevaderojm.com\\\/wp-content\\\/uploads\\\/2024\\\/05\\\/chris-d-1.jpg\\\" alt=\\\"\\\">\"},{\"id\":\"60569170-8694-4610-8b2b-2aa5fad4daef\",\"content\":\"El <strong>movimiento del poder negro<\\\/strong> o <strong>movimiento de liberaci\\u00f3n negra<\\\/strong> fue una rama o <a href=\\\"https:\\\/\\\/es.wikipedia.org\\\/wiki\\\/Contracultura\\\">contracultura<\\\/a> dentro del <a href=\\\"https:\\\/\\\/es.wikipedia.org\\\/wiki\\\/Movimiento_por_los_derechos_civiles_en_Estados_Unidos\\\">movimiento por los derechos civiles<\\\/a> de los Estados Unidos, que reaccion\\u00f3 contra sus tendencias m\\u00e1s moderadas, convencionales o incrementales, motivado por un deseo de seguridad y autosuficiencia que no estaba disponible dentro de los <a href=\\\"https:\\\/\\\/es.wikipedia.org\\\/wiki\\\/Redlining\\\">barrios afroamericanos de l\\u00ednea roja<\\\/a>. Los activistas del poder negro fundaron librer\\u00edas, cooperativas de alimentos, granjas, medios de comunicaci\\u00f3n, imprentas, escuelas, cl\\u00ednicas y servicios de ambulancia. A finales de la d\\u00e9cada de 1960, el poder negro lleg\\u00f3 a representar la demanda de una acci\\u00f3n violenta m\\u00e1s inmediata para contrarrestar la <a href=\\\"https:\\\/\\\/es.wikipedia.org\\\/wiki\\\/Supremacismo_blanco\\\">supremac\\u00eda blanca estadounidense<\\\/a>. Nuevas organizaciones que apoyaban las filosof\\u00edas del Poder Negro, que iban desde la adopci\\u00f3n del socialismo por ciertas sectas del movimiento hasta el <a href=\\\"https:\\\/\\\/es.wikipedia.org\\\/wiki\\\/Nacionalismo_negro\\\">nacionalismo negro<\\\/a>, incluido el <a href=\\\"https:\\\/\\\/es.wikipedia.org\\\/wiki\\\/Partido_Pantera_Negra\\\">Partido de las Panteras Negras<\\\/a> (BPP), adquirieron prominencia.\"}]","jetpack_publicize_message":"{title}\n\n{excerpt}\n\n{url}","jetpack_publicize_feature_enabled":true,"jetpack_social_post_already_shared":false,"jetpack_social_options":{"image_generator_settings":{"template":"highway","default_image_id":0,"font":"","enabled":false},"version":2},"_wpas_customize_per_network":false,"jetpack_post_was_ever_published":false},"categories":[12191453,122563111,770216206,185595],"tags":[330927,8893178,1443680,10584069,1273222,101001810,572392,483259160,477368874,114502,10013823,539349,305135,274749,4548,257846,19776986,50942511,196481,626256,771150917,3785,170597,784571,10508091,23804,51069274,309378,771889810,68509],"class_list":["post-17334","post","type-post","status-publish","format-standard","hentry","category-arte-en-la-historia","category-entretenimiento-musica","category-famosos-del-entretenimiento","category-muy-interesante","tag-abbey-road-studios","tag-anthology-3","tag-apple-records","tag-apple-scruffs","tag-barry-miles","tag-beatlemania-2","tag-blackbird","tag-bourree-en-mi-menor","tag-chaos-and-creation-at-abbey-road","tag-emi","tag-emi-studios","tag-everly-brothers","tag-geoff-emerick","tag-george-harrison","tag-john-lennon","tag-kahlil-gibran","tag-kinfauns","tag-linda-louise-eastman","tag-linda-mccartney","tag-little-rock","tag-los-9-de-little-rock","tag-love","tag-martin-luther-king","tag-mary-hopkin","tag-northern-songs","tag-paul-mccartney","tag-paul-mccartney-many-years-from-now","tag-rishikesh","tag-shout-the-true-story-of-the-beatles","tag-the-beatles"],"featured_image_src":null,"author_info":{"display_name":"jmhernandezgonzalez","author_link":"https:\/\/elabrevaderojm.com\/en\/author\/jmhernandezgonzalez\/"},"jetpack_publicize_connections":[],"jetpack_likes_enabled":true,"jetpack_sharing_enabled":true,"jetpack_shortlink":"https:\/\/wp.me\/pap3D5-4vA","jetpack-related-posts":[],"jetpack_featured_media_url":"","_links":{"self":[{"href":"https:\/\/elabrevaderojm.com\/en\/wp-json\/wp\/v2\/posts\/17334","targetHints":{"allow":["GET"]}}],"collection":[{"href":"https:\/\/elabrevaderojm.com\/en\/wp-json\/wp\/v2\/posts"}],"about":[{"href":"https:\/\/elabrevaderojm.com\/en\/wp-json\/wp\/v2\/types\/post"}],"author":[{"embeddable":true,"href":"https:\/\/elabrevaderojm.com\/en\/wp-json\/wp\/v2\/users\/147101633"}],"replies":[{"embeddable":true,"href":"https:\/\/elabrevaderojm.com\/en\/wp-json\/wp\/v2\/comments?post=17334"}],"version-history":[{"count":26,"href":"https:\/\/elabrevaderojm.com\/en\/wp-json\/wp\/v2\/posts\/17334\/revisions"}],"predecessor-version":[{"id":24094,"href":"https:\/\/elabrevaderojm.com\/en\/wp-json\/wp\/v2\/posts\/17334\/revisions\/24094"}],"wp:attachment":[{"href":"https:\/\/elabrevaderojm.com\/en\/wp-json\/wp\/v2\/media?parent=17334"}],"wp:term":[{"taxonomy":"category","embeddable":true,"href":"https:\/\/elabrevaderojm.com\/en\/wp-json\/wp\/v2\/categories?post=17334"},{"taxonomy":"post_tag","embeddable":true,"href":"https:\/\/elabrevaderojm.com\/en\/wp-json\/wp\/v2\/tags?post=17334"}],"curies":[{"name":"wp","href":"https:\/\/api.w.org\/{rel}","templated":true}]}}