{"id":17435,"date":"2024-06-11T21:02:37","date_gmt":"2024-06-12T01:02:37","guid":{"rendered":"https:\/\/elabrevaderojm.com\/?p=17435"},"modified":"2025-04-07T16:51:55","modified_gmt":"2025-04-07T20:51:55","slug":"blackbird-a-proposito-de-la-reaparicion-de-esta-pieza-de-paul-mccartney-ii","status":"publish","type":"post","link":"https:\/\/elabrevaderojm.com\/en\/2024\/06\/11\/blackbird-a-proposito-de-la-reaparicion-de-esta-pieza-de-paul-mccartney-ii\/","title":{"rendered":"Blackbird: a prop\u00f3sito de la \u00abreaparici\u00f3n\u00bb de esta pieza de Paul McCartney (II)"},"content":{"rendered":"\n<div class=\"wp-block-media-text is-stacked-on-mobile\" style=\"grid-template-columns:34% auto\"><figure class=\"wp-block-media-text__media\"><img data-recalc-dims=\"1\" loading=\"lazy\" decoding=\"async\" width=\"229\" height=\"343\" data-attachment-id=\"17467\" data-permalink=\"https:\/\/elabrevaderojm.com\/en\/2024\/06\/11\/blackbird-a-proposito-de-la-reaparicion-de-esta-pieza-de-paul-mccartney-ii\/paul-1968a\/\" data-orig-file=\"https:\/\/i0.wp.com\/elabrevaderojm.com\/wp-content\/uploads\/2024\/05\/paul-1968a.jpg?fit=229%2C343&amp;ssl=1\" data-orig-size=\"229,343\" data-comments-opened=\"1\" data-image-meta=\"{&quot;aperture&quot;:&quot;0&quot;,&quot;credit&quot;:&quot;&quot;,&quot;camera&quot;:&quot;&quot;,&quot;caption&quot;:&quot;&quot;,&quot;created_timestamp&quot;:&quot;0&quot;,&quot;copyright&quot;:&quot;&quot;,&quot;focal_length&quot;:&quot;0&quot;,&quot;iso&quot;:&quot;0&quot;,&quot;shutter_speed&quot;:&quot;0&quot;,&quot;title&quot;:&quot;&quot;,&quot;orientation&quot;:&quot;1&quot;}\" data-image-title=\"paul-1968a\" data-image-description=\"\" data-image-caption=\"\" data-large-file=\"https:\/\/i0.wp.com\/elabrevaderojm.com\/wp-content\/uploads\/2024\/05\/paul-1968a.jpg?fit=229%2C343&amp;ssl=1\" src=\"https:\/\/i0.wp.com\/elabrevaderojm.com\/wp-content\/uploads\/2024\/05\/paul-1968a.jpg?resize=229%2C343&#038;ssl=1\" alt=\"\" class=\"wp-image-17467 size-full\"\/><\/figure><div class=\"wp-block-media-text__content\">\n<p class=\"has-text-align-justify has-domine-font-family has-custom-font wp-block-paragraph\" style=\"font-size:17px;font-family:domine\">\u00abEste es uno de mis temas: \u201ctoma una canci\u00f3n triste y hazla mejor\u201d, deja que esta canci\u00f3n te ayude. \u201cEmpoderamiento\u201d es una buena palabra para describirlo. A lo largo de los a\u00f1os he recibido muchas cartas maravillosas de personas que dicen: \u201cEsa canci\u00f3n realmente me ayud\u00f3 a superar un per\u00edodo terrible\u201d. Creo que la mayor alegr\u00eda de haber sido m\u00fasico y haber estado en los Beatles es cuando esas cartas vuelven a ti y descubres que realmente has ayudado a la gente. Esa es la magia de todo esto, esa es la maravilla, porque los escrib\u00ed con la idea de que podr\u00edan ayudar, pero realmente me hace sentir muy orgulloso cuando me doy cuenta de que han sido de gran ayuda para la gente\u00bb (Paul en entrevista radiof\u00f3nica de 2002 con Chris Douridas de KCRW).<\/p>\n<\/div><\/div>\n\n\n\n<figure class=\"wp-block-table has-literata-font-family\"><table class=\"has-pale-ocean-gradient-background has-background has-fixed-layout\" style=\"border-width:4px\"><tbody><tr><td><strong><mark style=\"background-color:rgba(0, 0, 0, 0);color:#f50707\" class=\"has-inline-color\">RELACIONADO<\/mark>: <a href=\"https:\/\/elabrevaderojm.com\/2024\/06\/11\/blackbird-a-proposito-de-la-reaparicion-de-esta-pieza-de-paul-mccartney-i\/\"><em>Blackbird:<\/em> a prop\u00f3sito de la \u00abreaparici\u00f3n\u00bb de esta pieza de Paul McCartney (I).<\/a><\/strong><\/td><\/tr><\/tbody><\/table><\/figure>\n\n\n\n<h3 class=\"wp-block-heading has-poppins-font-family has-custom-font\" style=\"font-family:poppins\"><strong>Grabaci\u00f3n y producci\u00f3n<\/strong><\/h3>\n\n\n\n<div class=\"wp-block-media-text has-media-on-the-right is-stacked-on-mobile\" style=\"grid-template-columns:auto 31%\"><div class=\"wp-block-media-text__content\">\n<p class=\"has-text-align-justify has-domine-font-family has-custom-font wp-block-paragraph\" style=\"font-family:domine\">La primera vez que <em>Blackbird<\/em> fue grabada fue el 29 de mayo de 1968, siendo esta <strong>una de las muchas grabaciones de demostraci\u00f3n realizadas en la casa de George Harrison <\/strong>en Esher, Surrey, en una m\u00e1quina Ampex de cuatro pistas (en la foto, un ejemplo). Esa grabaci\u00f3n consisti\u00f3 en Paul en la guitarra ac\u00fastica y la voz, ambas de doble pista, con un poco de efectos de sonido de p\u00e1jaros cortes\u00eda de John en el fondo.<\/p>\n<\/div><figure class=\"wp-block-media-text__media\"><img data-recalc-dims=\"1\" loading=\"lazy\" decoding=\"async\" width=\"308\" height=\"382\" data-attachment-id=\"17475\" data-permalink=\"https:\/\/elabrevaderojm.com\/en\/2024\/06\/11\/blackbird-a-proposito-de-la-reaparicion-de-esta-pieza-de-paul-mccartney-ii\/ampex-ag440-4-track-1\/\" data-orig-file=\"https:\/\/i0.wp.com\/elabrevaderojm.com\/wp-content\/uploads\/2024\/05\/ampex-ag440-4-track-1.jpg?fit=308%2C382&amp;ssl=1\" data-orig-size=\"308,382\" data-comments-opened=\"1\" data-image-meta=\"{&quot;aperture&quot;:&quot;0&quot;,&quot;credit&quot;:&quot;&quot;,&quot;camera&quot;:&quot;&quot;,&quot;caption&quot;:&quot;&quot;,&quot;created_timestamp&quot;:&quot;0&quot;,&quot;copyright&quot;:&quot;&quot;,&quot;focal_length&quot;:&quot;0&quot;,&quot;iso&quot;:&quot;0&quot;,&quot;shutter_speed&quot;:&quot;0&quot;,&quot;title&quot;:&quot;&quot;,&quot;orientation&quot;:&quot;1&quot;}\" data-image-title=\"ampex-ag440-4-track-1\" data-image-description=\"\" data-image-caption=\"\" data-large-file=\"https:\/\/i0.wp.com\/elabrevaderojm.com\/wp-content\/uploads\/2024\/05\/ampex-ag440-4-track-1.jpg?fit=308%2C382&amp;ssl=1\" src=\"https:\/\/i0.wp.com\/elabrevaderojm.com\/wp-content\/uploads\/2024\/05\/ampex-ag440-4-track-1.jpg?resize=308%2C382&#038;ssl=1\" alt=\"\" class=\"wp-image-17475 size-full\"\/><\/figure><\/div>\n\n\n\n<p class=\"has-text-align-justify has-domine-font-family has-custom-font wp-block-paragraph\" style=\"font-family:domine\">La estructura de la canci\u00f3n a\u00fan no se hab\u00eda establecido y el final era diferente de lo que conocemos ahora, pero <strong>la letra estaba en su lugar en este punto<\/strong>.<\/p>\n\n\n\n<p class=\"has-text-align-justify has-domine-font-family has-custom-font wp-block-paragraph\" style=\"font-family:domine\">Paul estaba tan orgulloso de su canci\u00f3n, que <strong>fue la primera composici\u00f3n que llev\u00f3 a los estudios<\/strong> <a href=\"https:\/\/es.wikipedia.org\/wiki\/Abbey_Road_Studios\">Abbey Road de EMI<\/a> en <a href=\"https:\/\/es.wikipedia.org\/wiki\/Londres\">Londres<\/a> para su nuevo \u00e1lbum. Fue la cuarta canci\u00f3n del \u00ab<a href=\"https:\/\/es.wikipedia.org\/wiki\/The_Beatles_(%C3%A1lbum)\">\u00c1lbum Blanco<\/a>\u00bb en trabajarse, pero la primera en completarse, pues se grab\u00f3 completamente en un d\u00eda. Los documentos muestran que la sesi\u00f3n comenz\u00f3 en EMI <em>Studio Two<\/em> a las 6:30 pm.<\/p>\n\n\n\n<p class=\"has-text-align-justify has-domine-font-family has-custom-font wp-block-paragraph\" style=\"font-family:domine\">El ingeniero <a href=\"https:\/\/es.wikipedia.org\/wiki\/Geoff_Emerick\">Geoff Emerick<\/a>, en su libro <em>Here, There and Everywhere:&nbsp;My Life Recording the Music of the Beatles<\/em> \u2014coautor con Howard Massey\u2014, relata los eventos de este d\u00eda, as\u00ed como la atm\u00f3sfera presente durante las sesiones de grabaci\u00f3n del \u00e1lbum:<\/p>\n\n\n\n<figure class=\"wp-block-gallery has-nested-images columns-default is-cropped wp-block-gallery-1 is-layout-flex wp-block-gallery-is-layout-flex\">\n<figure class=\"wp-block-image size-large\"><img data-recalc-dims=\"1\" loading=\"lazy\" decoding=\"async\" width=\"288\" height=\"452\" data-attachment-id=\"17483\" data-permalink=\"https:\/\/elabrevaderojm.com\/en\/2024\/06\/11\/blackbird-a-proposito-de-la-reaparicion-de-esta-pieza-de-paul-mccartney-ii\/geoff-e-1-1\/\" data-orig-file=\"https:\/\/i0.wp.com\/elabrevaderojm.com\/wp-content\/uploads\/2024\/05\/geoff-e-1-1.jpg?fit=288%2C452&amp;ssl=1\" data-orig-size=\"288,452\" data-comments-opened=\"1\" data-image-meta=\"{&quot;aperture&quot;:&quot;0&quot;,&quot;credit&quot;:&quot;&quot;,&quot;camera&quot;:&quot;&quot;,&quot;caption&quot;:&quot;&quot;,&quot;created_timestamp&quot;:&quot;0&quot;,&quot;copyright&quot;:&quot;&quot;,&quot;focal_length&quot;:&quot;0&quot;,&quot;iso&quot;:&quot;0&quot;,&quot;shutter_speed&quot;:&quot;0&quot;,&quot;title&quot;:&quot;&quot;,&quot;orientation&quot;:&quot;1&quot;}\" data-image-title=\"geoff-e-1-1\" data-image-description=\"\" data-image-caption=\"\" data-large-file=\"https:\/\/i0.wp.com\/elabrevaderojm.com\/wp-content\/uploads\/2024\/05\/geoff-e-1-1.jpg?fit=288%2C452&amp;ssl=1\" data-id=\"17483\" src=\"https:\/\/i0.wp.com\/elabrevaderojm.com\/wp-content\/uploads\/2024\/05\/geoff-e-1-1.jpg?resize=288%2C452&#038;ssl=1\" alt=\"\" class=\"wp-image-17483\"\/><figcaption class=\"wp-element-caption\"><strong>Emerick<\/strong><\/figcaption><\/figure>\n\n\n\n<figure class=\"wp-block-image size-large\"><img data-recalc-dims=\"1\" loading=\"lazy\" decoding=\"async\" width=\"241\" height=\"357\" data-attachment-id=\"17484\" data-permalink=\"https:\/\/elabrevaderojm.com\/en\/2024\/06\/11\/blackbird-a-proposito-de-la-reaparicion-de-esta-pieza-de-paul-mccartney-ii\/howard-massey-edit\/\" data-orig-file=\"https:\/\/i0.wp.com\/elabrevaderojm.com\/wp-content\/uploads\/2024\/05\/howard-massey-edit.jpg?fit=241%2C357&amp;ssl=1\" data-orig-size=\"241,357\" data-comments-opened=\"1\" data-image-meta=\"{&quot;aperture&quot;:&quot;0&quot;,&quot;credit&quot;:&quot;&quot;,&quot;camera&quot;:&quot;&quot;,&quot;caption&quot;:&quot;&quot;,&quot;created_timestamp&quot;:&quot;0&quot;,&quot;copyright&quot;:&quot;&quot;,&quot;focal_length&quot;:&quot;0&quot;,&quot;iso&quot;:&quot;0&quot;,&quot;shutter_speed&quot;:&quot;0&quot;,&quot;title&quot;:&quot;&quot;,&quot;orientation&quot;:&quot;1&quot;}\" data-image-title=\"howard-massey-edit\" data-image-description=\"\" data-image-caption=\"\" data-large-file=\"https:\/\/i0.wp.com\/elabrevaderojm.com\/wp-content\/uploads\/2024\/05\/howard-massey-edit.jpg?fit=241%2C357&amp;ssl=1\" data-id=\"17484\" src=\"https:\/\/i0.wp.com\/elabrevaderojm.com\/wp-content\/uploads\/2024\/05\/howard-massey-edit.jpg?resize=241%2C357&#038;ssl=1\" alt=\"\" class=\"wp-image-17484\"\/><figcaption class=\"wp-element-caption\"><strong>Massey<\/strong><\/figcaption><\/figure>\n\n\n\n<figure class=\"wp-block-image size-large\"><img data-recalc-dims=\"1\" loading=\"lazy\" decoding=\"async\" width=\"307\" height=\"466\" data-attachment-id=\"17482\" data-permalink=\"https:\/\/elabrevaderojm.com\/en\/2024\/06\/11\/blackbird-a-proposito-de-la-reaparicion-de-esta-pieza-de-paul-mccartney-ii\/here-libro\/\" data-orig-file=\"https:\/\/i0.wp.com\/elabrevaderojm.com\/wp-content\/uploads\/2024\/05\/here.-libro.jpg?fit=307%2C466&amp;ssl=1\" data-orig-size=\"307,466\" data-comments-opened=\"1\" data-image-meta=\"{&quot;aperture&quot;:&quot;0&quot;,&quot;credit&quot;:&quot;&quot;,&quot;camera&quot;:&quot;&quot;,&quot;caption&quot;:&quot;&quot;,&quot;created_timestamp&quot;:&quot;0&quot;,&quot;copyright&quot;:&quot;&quot;,&quot;focal_length&quot;:&quot;0&quot;,&quot;iso&quot;:&quot;0&quot;,&quot;shutter_speed&quot;:&quot;0&quot;,&quot;title&quot;:&quot;&quot;,&quot;orientation&quot;:&quot;0&quot;}\" data-image-title=\"here.-libro\" data-image-description=\"\" data-image-caption=\"\" data-large-file=\"https:\/\/i0.wp.com\/elabrevaderojm.com\/wp-content\/uploads\/2024\/05\/here.-libro.jpg?fit=307%2C466&amp;ssl=1\" data-id=\"17482\" src=\"https:\/\/i0.wp.com\/elabrevaderojm.com\/wp-content\/uploads\/2024\/05\/here.-libro.jpg?resize=307%2C466&#038;ssl=1\" alt=\"\" class=\"wp-image-17482\"\/><\/figure>\n<\/figure>\n\n\n\n<figure class=\"wp-block-table has-crimson-pro-font-family\"><table class=\"has-very-light-gray-to-cyan-bluish-gray-gradient-background has-text-color has-background has-link-color has-fixed-layout\" style=\"color:#1111e9\"><tbody><tr><td class=\"has-text-align-center\" data-align=\"center\"><strong>Los Beatles, a quienes claramente ya no les gustaba estar en compa\u00f1\u00eda de los dem\u00e1s, pudieron dividirse en peque\u00f1os grupos, trabajando simult\u00e1neamente en dos o incluso en los tres estudios del complejo de Abbey Road. Esto pronto se convirti\u00f3 en un procedimiento operativo est\u00e1ndar para gran parte del resto del \u00ab\u00c1lbum Blanco\u00bb. Era como si los cuatro miembros de la banda estuvieran en espacios tan separados personalmente, que quisieran hacer su disco en espacios separados f\u00edsicamente. En esas noches, normalmente trabajaba con Paul, porque ten\u00eda una mejor relaci\u00f3n con \u00e9l. Otro ingeniero acompa\u00f1aba a John o George Harrison, con el taciturno (y rara vez consultado) Ringo yendo de un estudio a otro seg\u00fan fuera necesario. Esa fue la situaci\u00f3n la noche en que trabajamos en la primera contribuci\u00f3n de Paul al \u00e1lbum, la conmovedora balada <em>Blackbird<\/em>.<\/strong><\/td><\/tr><\/tbody><\/table><\/figure>\n\n\n\n<figure class=\"wp-block-table has-literata-font-family\"><table class=\"has-pale-ocean-gradient-background has-background has-fixed-layout\" style=\"border-width:4px\"><tbody><tr><td><strong><mark style=\"background-color:rgba(0, 0, 0, 0);color:#f70101\" class=\"has-inline-color\">RELACIONADO:<\/mark><\/strong> <a href=\"https:\/\/elabrevaderojm.com\/2024\/06\/11\/apendice-a-blackbird-a-proposito-de-la-reaparicion-de-esta-pieza-de-paul-mccartney\/\"><strong>Ap\u00e9ndice a<em> \u00abBlackbird<\/em>: a prop\u00f3sito de la \u00abreaparici\u00f3n\u00bb de esta pieza de Paul McCartney<\/strong>\u00bb<\/a> (para saber m\u00e1s del autor y su libro; <strong>puntos 6 y 7<\/strong>).<\/td><\/tr><\/tbody><\/table><\/figure>\n\n\n\n<p class=\"has-text-align-justify has-domine-font-family has-custom-font wp-block-paragraph\" style=\"font-family:domine\"><a href=\"https:\/\/es.wikipedia.org\/wiki\/George_Harrison\">George Harrison<\/a> y <a href=\"https:\/\/es.wikipedia.org\/wiki\/Ringo_Starr\">Ringo Starr<\/a> estaban ese d\u00eda en <a href=\"https:\/\/es.wikipedia.org\/wiki\/San_Francisco_(California)\">San Francisco<\/a>, <a href=\"https:\/\/es.wikipedia.org\/wiki\/California\">California<\/a>. George fue filmado tocando <a href=\"https:\/\/es.wikipedia.org\/wiki\/Sitar\">sitar<\/a> con <a href=\"https:\/\/es.wikipedia.org\/wiki\/Ravi_Shankar\">Ravi Shankar<\/a> para el documental <em>Raga<\/em><sup data-fn=\"ac5fdc40-afae-4c1d-aa72-86444b7af3be\" class=\"fn\"><a href=\"#ac5fdc40-afae-4c1d-aa72-86444b7af3be\" id=\"ac5fdc40-afae-4c1d-aa72-86444b7af3be-link\">1<\/a><\/sup>. Pero John Lennon y Paul McCartney aprovecharon al m\u00e1ximo la reserva de bloques de estudio durante todo el mes de junio para continuar trabajando en el \u00ab\u00c1lbum Blanco\u00bb.<\/p>\n\n\n\n<div class=\"wp-block-jetpack-tiled-gallery aligncenter is-style-rectangular\"><div class=\"\"><div class=\"tiled-gallery__gallery\"><div class=\"tiled-gallery__row\"><div class=\"tiled-gallery__col\" style=\"flex-basis:59.63645%\"><figure class=\"tiled-gallery__item\"><img decoding=\"async\" data-attachment-id=\"17504\" data-permalink=\"https:\/\/elabrevaderojm.com\/en\/2024\/06\/11\/blackbird-a-proposito-de-la-reaparicion-de-esta-pieza-de-paul-mccartney-ii\/george-harrison-ringo-starr\/\" data-orig-file=\"https:\/\/i0.wp.com\/elabrevaderojm.com\/wp-content\/uploads\/2024\/05\/george-harrison-ringo-starr.jpg?fit=339%2C273&amp;ssl=1\" data-orig-size=\"339,273\" data-comments-opened=\"1\" data-image-meta=\"{&quot;aperture&quot;:&quot;0&quot;,&quot;credit&quot;:&quot;&quot;,&quot;camera&quot;:&quot;&quot;,&quot;caption&quot;:&quot;&quot;,&quot;created_timestamp&quot;:&quot;0&quot;,&quot;copyright&quot;:&quot;&quot;,&quot;focal_length&quot;:&quot;0&quot;,&quot;iso&quot;:&quot;0&quot;,&quot;shutter_speed&quot;:&quot;0&quot;,&quot;title&quot;:&quot;&quot;,&quot;orientation&quot;:&quot;1&quot;}\" data-image-title=\"george-harrison-ringo-starr\" data-image-description=\"\" data-image-caption=\"\" data-large-file=\"https:\/\/i0.wp.com\/elabrevaderojm.com\/wp-content\/uploads\/2024\/05\/george-harrison-ringo-starr.jpg?fit=339%2C273&amp;ssl=1\" role=\"button\" tabindex=\"0\" aria-label=\"Open image 1 of 2 in full-screen\" srcset=\"https:\/\/i0.wp.com\/elabrevaderojm.com\/wp-content\/uploads\/2024\/05\/george-harrison-ringo-starr.jpg?strip=info&#038;w=339&#038;ssl=1 339w\" alt=\"\" data-height=\"273\" data-id=\"17504\" data-link=\"https:\/\/elabrevaderojm.com\/?attachment_id=17504\" data-url=\"https:\/\/elabrevaderojm.com\/wp-content\/uploads\/2024\/05\/george-harrison-ringo-starr.jpg?w=339\" data-width=\"339\" src=\"https:\/\/i0.wp.com\/elabrevaderojm.com\/wp-content\/uploads\/2024\/05\/george-harrison-ringo-starr.jpg?ssl=1\" data-amp-layout=\"responsive\" tabindex=\"0\" role=\"button\" aria-label=\"Abrir la imagen 1 de 2 en pantalla completa\"\/><\/figure><\/div><div class=\"tiled-gallery__col\" style=\"flex-basis:40.36355%\"><figure class=\"tiled-gallery__item\"><img decoding=\"async\" data-attachment-id=\"17505\" data-permalink=\"https:\/\/elabrevaderojm.com\/en\/2024\/06\/11\/blackbird-a-proposito-de-la-reaparicion-de-esta-pieza-de-paul-mccartney-ii\/ravi-s-con-citara-1\/\" data-orig-file=\"https:\/\/i0.wp.com\/elabrevaderojm.com\/wp-content\/uploads\/2024\/05\/ravi-s-con-citara-1.jpg?fit=293%2C349&amp;ssl=1\" data-orig-size=\"293,349\" data-comments-opened=\"1\" data-image-meta=\"{&quot;aperture&quot;:&quot;0&quot;,&quot;credit&quot;:&quot;&quot;,&quot;camera&quot;:&quot;&quot;,&quot;caption&quot;:&quot;&quot;,&quot;created_timestamp&quot;:&quot;0&quot;,&quot;copyright&quot;:&quot;&quot;,&quot;focal_length&quot;:&quot;0&quot;,&quot;iso&quot;:&quot;0&quot;,&quot;shutter_speed&quot;:&quot;0&quot;,&quot;title&quot;:&quot;&quot;,&quot;orientation&quot;:&quot;1&quot;}\" data-image-title=\"ravi-s-con-citara-1\" data-image-description=\"\" data-image-caption=\"\" data-large-file=\"https:\/\/i0.wp.com\/elabrevaderojm.com\/wp-content\/uploads\/2024\/05\/ravi-s-con-citara-1.jpg?fit=293%2C349&amp;ssl=1\" role=\"button\" tabindex=\"0\" aria-label=\"Open image 2 of 2 in full-screen\" srcset=\"https:\/\/i0.wp.com\/elabrevaderojm.com\/wp-content\/uploads\/2024\/05\/ravi-s-con-citara-1.jpg?strip=info&#038;w=293&#038;ssl=1 293w\" alt=\"\" data-height=\"349\" data-id=\"17505\" data-link=\"https:\/\/elabrevaderojm.com\/?attachment_id=17505\" data-url=\"https:\/\/elabrevaderojm.com\/wp-content\/uploads\/2024\/05\/ravi-s-con-citara-1.jpg?w=293\" data-width=\"293\" src=\"https:\/\/i0.wp.com\/elabrevaderojm.com\/wp-content\/uploads\/2024\/05\/ravi-s-con-citara-1.jpg?ssl=1\" data-amp-layout=\"responsive\" tabindex=\"0\" role=\"button\" aria-label=\"Abrir la imagen 2 de 2 en pantalla completa\"\/><\/figure><\/div><\/div><\/div><\/div><\/div>\n\n\n\n<p class=\"has-text-align-center has-bodoni-moda-font-family has-custom-font wp-block-paragraph\" style=\"font-family:bodoni-moda\"><strong>Izquierda: George y Ringo. Derecha: Ravi Shankar tocando sitar. <\/strong><\/p>\n\n\n\n<p class=\"has-domine-font-family has-custom-font wp-block-paragraph\" style=\"font-family:domine\">Emerick explic\u00f3:<\/p>\n\n\n\n<figure class=\"wp-block-table has-crimson-pro-font-family\"><table class=\"has-very-light-gray-to-cyan-bluish-gray-gradient-background has-text-color has-background has-link-color has-fixed-layout\" style=\"color:#2709f3\"><tbody><tr><td class=\"has-text-align-center\" data-align=\"center\"><strong>Ni Ringo ni George estaban presentes esa noche en particular, y John quer\u00eda comenzar a compilar efectos de sonido para lo que finalmente se convertir\u00eda en <em>Revolution 9<\/em>, as\u00ed que tan pronto como se enter\u00f3 de que hab\u00eda otro estudio disponible (a las 7 pm), decidi\u00f3 irse con (el productor) <a href=\"https:\/\/es.wikipedia.org\/wiki\/Chris_Thomas_(productor_discogr%C3%A1fico)\">Chris Thomas<\/a>&nbsp;y Phil (McDonald)<\/strong><sup data-fn=\"b44035ae-21b5-46d3-b8b1-542d55dccc04\" class=\"fn\"><a href=\"#b44035ae-21b5-46d3-b8b1-542d55dccc04\" id=\"b44035ae-21b5-46d3-b8b1-542d55dccc04-link\">2<\/a><\/sup><strong>, acompa\u00f1ado, como de costumbre, por <a href=\"https:\/\/es.wikipedia.org\/wiki\/Yoko_Ono\">Yoko (Ono)<\/a>. Eso nos dej\u00f3 a George Martin y a m\u00ed solos con Paul, lo que fue un bendito alivio para m\u00ed despu\u00e9s de todo el estr\u00e9s de las sesiones anteriores; siempre fue mucho m\u00e1s f\u00e1cil tratar con un Beatle.<\/strong><\/td><\/tr><\/tbody><\/table><\/figure>\n\n\n\n<div class=\"wp-block-jetpack-tiled-gallery aligncenter is-style-columns\"><div class=\"\"><div class=\"tiled-gallery__gallery\"><div class=\"tiled-gallery__row\"><div class=\"tiled-gallery__col\" style=\"flex-basis:50.51697%\"><figure class=\"tiled-gallery__item\"><img decoding=\"async\" data-attachment-id=\"17510\" data-permalink=\"https:\/\/elabrevaderojm.com\/en\/2024\/06\/11\/blackbird-a-proposito-de-la-reaparicion-de-esta-pieza-de-paul-mccartney-ii\/lennon-yoko-en-revolution-9-a\/\" data-orig-file=\"https:\/\/i0.wp.com\/elabrevaderojm.com\/wp-content\/uploads\/2024\/05\/lennon-yoko-en-revolution-9-a.jpg?fit=490%2C335&amp;ssl=1\" data-orig-size=\"490,335\" data-comments-opened=\"1\" data-image-meta=\"{&quot;aperture&quot;:&quot;0&quot;,&quot;credit&quot;:&quot;&quot;,&quot;camera&quot;:&quot;&quot;,&quot;caption&quot;:&quot;&quot;,&quot;created_timestamp&quot;:&quot;0&quot;,&quot;copyright&quot;:&quot;&quot;,&quot;focal_length&quot;:&quot;0&quot;,&quot;iso&quot;:&quot;0&quot;,&quot;shutter_speed&quot;:&quot;0&quot;,&quot;title&quot;:&quot;&quot;,&quot;orientation&quot;:&quot;1&quot;}\" data-image-title=\"lennon-yoko-en-revolution-9-a\" data-image-description=\"\" data-image-caption=\"\" data-large-file=\"https:\/\/i0.wp.com\/elabrevaderojm.com\/wp-content\/uploads\/2024\/05\/lennon-yoko-en-revolution-9-a.jpg?fit=490%2C335&amp;ssl=1\" role=\"button\" tabindex=\"0\" aria-label=\"Open image 1 of 3 in full-screen\" srcset=\"https:\/\/i0.wp.com\/elabrevaderojm.com\/wp-content\/uploads\/2024\/05\/lennon-yoko-en-revolution-9-a.jpg?strip=info&#038;w=490&#038;ssl=1 490w\" alt=\"\" data-height=\"335\" data-id=\"17510\" data-link=\"https:\/\/elabrevaderojm.com\/?attachment_id=17510\" data-url=\"https:\/\/elabrevaderojm.com\/wp-content\/uploads\/2024\/05\/lennon-yoko-en-revolution-9-a.jpg?w=490\" data-width=\"490\" src=\"https:\/\/i0.wp.com\/elabrevaderojm.com\/wp-content\/uploads\/2024\/05\/lennon-yoko-en-revolution-9-a.jpg?ssl=1\" data-amp-layout=\"responsive\" tabindex=\"0\" role=\"button\" aria-label=\"Abrir la imagen 1 de 3 en pantalla completa\"\/><\/figure><\/div><div class=\"tiled-gallery__col\" style=\"flex-basis:26.90144%\"><figure class=\"tiled-gallery__item\"><img decoding=\"async\" data-attachment-id=\"17509\" data-permalink=\"https:\/\/elabrevaderojm.com\/en\/2024\/06\/11\/blackbird-a-proposito-de-la-reaparicion-de-esta-pieza-de-paul-mccartney-ii\/chris-t\/\" data-orig-file=\"https:\/\/i0.wp.com\/elabrevaderojm.com\/wp-content\/uploads\/2024\/05\/chris-t.jpg?fit=150%2C193&amp;ssl=1\" data-orig-size=\"150,193\" data-comments-opened=\"1\" data-image-meta=\"{&quot;aperture&quot;:&quot;0&quot;,&quot;credit&quot;:&quot;&quot;,&quot;camera&quot;:&quot;&quot;,&quot;caption&quot;:&quot;&quot;,&quot;created_timestamp&quot;:&quot;0&quot;,&quot;copyright&quot;:&quot;&quot;,&quot;focal_length&quot;:&quot;0&quot;,&quot;iso&quot;:&quot;0&quot;,&quot;shutter_speed&quot;:&quot;0&quot;,&quot;title&quot;:&quot;&quot;,&quot;orientation&quot;:&quot;1&quot;}\" data-image-title=\"chris-t\" data-image-description=\"\" data-image-caption=\"\" data-large-file=\"https:\/\/i0.wp.com\/elabrevaderojm.com\/wp-content\/uploads\/2024\/05\/chris-t.jpg?fit=150%2C193&amp;ssl=1\" role=\"button\" tabindex=\"0\" aria-label=\"Open image 2 of 3 in full-screen\" srcset=\"https:\/\/i0.wp.com\/elabrevaderojm.com\/wp-content\/uploads\/2024\/05\/chris-t.jpg?strip=info&#038;w=150&#038;ssl=1 150w\" alt=\"\" data-height=\"193\" data-id=\"17509\" data-link=\"https:\/\/elabrevaderojm.com\/?attachment_id=17509\" data-url=\"https:\/\/elabrevaderojm.com\/wp-content\/uploads\/2024\/05\/chris-t.jpg?w=150\" data-width=\"150\" src=\"https:\/\/i0.wp.com\/elabrevaderojm.com\/wp-content\/uploads\/2024\/05\/chris-t.jpg?ssl=1\" data-amp-layout=\"responsive\" tabindex=\"0\" role=\"button\" aria-label=\"Abrir la imagen 2 de 3 en pantalla completa\"\/><\/figure><\/div><div class=\"tiled-gallery__col\" style=\"flex-basis:22.58160%\"><figure class=\"tiled-gallery__item\"><img decoding=\"async\" data-attachment-id=\"17511\" data-permalink=\"https:\/\/elabrevaderojm.com\/en\/2024\/06\/11\/blackbird-a-proposito-de-la-reaparicion-de-esta-pieza-de-paul-mccartney-ii\/phil-mcdonald-1\/\" data-orig-file=\"https:\/\/i0.wp.com\/elabrevaderojm.com\/wp-content\/uploads\/2024\/05\/phil-mcdonald-1.jpg?fit=234%2C359&amp;ssl=1\" data-orig-size=\"234,359\" data-comments-opened=\"1\" data-image-meta=\"{&quot;aperture&quot;:&quot;0&quot;,&quot;credit&quot;:&quot;&quot;,&quot;camera&quot;:&quot;&quot;,&quot;caption&quot;:&quot;&quot;,&quot;created_timestamp&quot;:&quot;0&quot;,&quot;copyright&quot;:&quot;&quot;,&quot;focal_length&quot;:&quot;0&quot;,&quot;iso&quot;:&quot;0&quot;,&quot;shutter_speed&quot;:&quot;0&quot;,&quot;title&quot;:&quot;&quot;,&quot;orientation&quot;:&quot;1&quot;}\" data-image-title=\"phil-mcdonald-1\" data-image-description=\"\" data-image-caption=\"\" data-large-file=\"https:\/\/i0.wp.com\/elabrevaderojm.com\/wp-content\/uploads\/2024\/05\/phil-mcdonald-1.jpg?fit=234%2C359&amp;ssl=1\" role=\"button\" tabindex=\"0\" aria-label=\"Open image 3 of 3 in full-screen\" srcset=\"https:\/\/i0.wp.com\/elabrevaderojm.com\/wp-content\/uploads\/2024\/05\/phil-mcdonald-1.jpg?strip=info&#038;w=234&#038;ssl=1 234w\" alt=\"\" data-height=\"359\" data-id=\"17511\" data-link=\"https:\/\/elabrevaderojm.com\/?attachment_id=17511\" data-url=\"https:\/\/elabrevaderojm.com\/wp-content\/uploads\/2024\/05\/phil-mcdonald-1.jpg?w=234\" data-width=\"234\" src=\"https:\/\/i0.wp.com\/elabrevaderojm.com\/wp-content\/uploads\/2024\/05\/phil-mcdonald-1.jpg?ssl=1\" data-amp-layout=\"responsive\" tabindex=\"0\" role=\"button\" aria-label=\"Abrir la imagen 3 de 3 en pantalla completa\"\/><\/figure><\/div><\/div><\/div><\/div><\/div>\n\n\n\n<p class=\"has-text-align-center has-bodoni-moda-font-family has-custom-font wp-block-paragraph\" style=\"font-family:bodoni-moda\"><strong>De izquierda a derecha: Lennon y Yoko durante la grabaci\u00f3n de <em>Revolution 9<\/em>; Chris; Phil. <\/strong><\/p>\n\n\n\n<div class=\"wp-block-media-text is-stacked-on-mobile\" style=\"grid-template-columns:15% auto\"><figure class=\"wp-block-media-text__media\"><img data-recalc-dims=\"1\" loading=\"lazy\" decoding=\"async\" width=\"224\" height=\"560\" data-attachment-id=\"17528\" data-permalink=\"https:\/\/elabrevaderojm.com\/en\/2024\/06\/11\/blackbird-a-proposito-de-la-reaparicion-de-esta-pieza-de-paul-mccartney-ii\/martin_d28a\/\" data-orig-file=\"https:\/\/i0.wp.com\/elabrevaderojm.com\/wp-content\/uploads\/2024\/05\/martin_d28a.jpg?fit=224%2C560&amp;ssl=1\" data-orig-size=\"224,560\" data-comments-opened=\"1\" data-image-meta=\"{&quot;aperture&quot;:&quot;0&quot;,&quot;credit&quot;:&quot;&quot;,&quot;camera&quot;:&quot;&quot;,&quot;caption&quot;:&quot;&quot;,&quot;created_timestamp&quot;:&quot;0&quot;,&quot;copyright&quot;:&quot;&quot;,&quot;focal_length&quot;:&quot;0&quot;,&quot;iso&quot;:&quot;0&quot;,&quot;shutter_speed&quot;:&quot;0&quot;,&quot;title&quot;:&quot;&quot;,&quot;orientation&quot;:&quot;1&quot;}\" data-image-title=\"martin_d28a\" data-image-description=\"\" data-image-caption=\"\" data-large-file=\"https:\/\/i0.wp.com\/elabrevaderojm.com\/wp-content\/uploads\/2024\/05\/martin_d28a.jpg?fit=224%2C560&amp;ssl=1\" src=\"https:\/\/i0.wp.com\/elabrevaderojm.com\/wp-content\/uploads\/2024\/05\/martin_d28a.jpg?resize=224%2C560&#038;ssl=1\" alt=\"\" class=\"wp-image-17528 size-full\"\/><\/figure><div class=\"wp-block-media-text__content\">\n<p class=\"has-text-align-justify has-domine-font-family has-custom-font wp-block-paragraph\" style=\"font-family:domine\">La canci\u00f3n fue grabada en el estudio #2, con <a href=\"https:\/\/es.wikipedia.org\/wiki\/George_Martin_(m%C3%BAsico)\">George Martin<\/a> como productor y Geoff Emerick como <a href=\"https:\/\/es.wikipedia.org\/wiki\/Ingeniero_de_audio\">ingeniero de audio<\/a>. Paul toc\u00f3, solo, una <a href=\"https:\/\/en.wikipedia.org\/wiki\/C._F._Martin_%26_Company\"><\/a>guitarra ac\u00fastica Martin D-28. Mientras, <a href=\"https:\/\/es.wikipedia.org\/wiki\/John_Lennon\">John Lennon<\/a> trabajaba en <a href=\"https:\/\/es.wikipedia.org\/wiki\/Revolution_9\"><em>Revolution 9<\/em><\/a> al lado, en el estudio #3.<\/p>\n\n\n\n<p class=\"has-nunito-font-family has-custom-font wp-block-paragraph\" style=\"font-family:nunito\">(en la foto: ejemplo de la guitarra usada por Paul)<\/p>\n<\/div><\/div>\n\n\n\n<p class=\"has-text-align-justify has-domine-font-family has-custom-font wp-block-paragraph\" style=\"font-family:domine\">Pero, al comienzo, ambos cantautores estaban en el mismo estudio. La presencia de John durante los ensayos de <em>Blackbird<\/em> de Paul fue grabada durante aproximadamente media hora, de 6:30 a 7 pm, hasta que se decidi\u00f3 que sus servicios no eran necesarios.<\/p>\n\n\n\n<div class=\"wp-block-media-text has-media-on-the-right is-stacked-on-mobile\" style=\"grid-template-columns:auto 28%\"><div class=\"wp-block-media-text__content\">\n<p class=\"has-text-align-justify has-domine-font-family wp-block-paragraph\" style=\"font-size:17px\">Sin embargo, antes de que John se fuera, se sugirieron muchas ideas de arreglos. <strong>En alg\u00fan momento durante la grabaci\u00f3n, John, Paul y George Martin estaban juntos.<\/strong> John se uni\u00f3 a Paul en la guitarra ac\u00fastica y tambi\u00e9n en el piano, y los tres discutieron la idea de agregar un arreglo a la canci\u00f3n, sobre la cual Paul coment\u00f3 en el libro de la caja <em>Super Deluxe The Beatles: 50th Anniversary Edition<\/em><sup data-fn=\"f01990ad-ff53-49b7-879f-d7a7fba41d1a\" class=\"fn\"><a href=\"#f01990ad-ff53-49b7-879f-d7a7fba41d1a\" id=\"f01990ad-ff53-49b7-879f-d7a7fba41d1a-link\">3<\/a><\/sup> de 2018 (la car\u00e1tula en la foto):<\/p>\n<\/div><figure class=\"wp-block-media-text__media\"><img data-recalc-dims=\"1\" loading=\"lazy\" decoding=\"async\" width=\"300\" height=\"300\" data-attachment-id=\"17533\" data-permalink=\"https:\/\/elabrevaderojm.com\/en\/2024\/06\/11\/blackbird-a-proposito-de-la-reaparicion-de-esta-pieza-de-paul-mccartney-ii\/super-deluxe-50-aniv-white_album\/\" data-orig-file=\"https:\/\/i0.wp.com\/elabrevaderojm.com\/wp-content\/uploads\/2024\/05\/super-deluxe-50-aniv-white_album.jpg?fit=300%2C300&amp;ssl=1\" data-orig-size=\"300,300\" data-comments-opened=\"1\" data-image-meta=\"{&quot;aperture&quot;:&quot;0&quot;,&quot;credit&quot;:&quot;&quot;,&quot;camera&quot;:&quot;&quot;,&quot;caption&quot;:&quot;&quot;,&quot;created_timestamp&quot;:&quot;0&quot;,&quot;copyright&quot;:&quot;&quot;,&quot;focal_length&quot;:&quot;0&quot;,&quot;iso&quot;:&quot;0&quot;,&quot;shutter_speed&quot;:&quot;0&quot;,&quot;title&quot;:&quot;&quot;,&quot;orientation&quot;:&quot;0&quot;}\" data-image-title=\"super-deluxe-50-aniv-white_album\" data-image-description=\"\" data-image-caption=\"\" data-large-file=\"https:\/\/i0.wp.com\/elabrevaderojm.com\/wp-content\/uploads\/2024\/05\/super-deluxe-50-aniv-white_album.jpg?fit=300%2C300&amp;ssl=1\" src=\"https:\/\/i0.wp.com\/elabrevaderojm.com\/wp-content\/uploads\/2024\/05\/super-deluxe-50-aniv-white_album.jpg?resize=300%2C300&#038;ssl=1\" alt=\"\" class=\"wp-image-17533 size-full\"\/><\/figure><\/div>\n\n\n\n<figure class=\"wp-block-table has-crimson-pro-font-family\"><table class=\"has-luminous-vivid-orange-to-vivid-red-gradient-background has-text-color has-background has-link-color has-fixed-layout\" style=\"color:#f6da07\"><tbody><tr><td class=\"has-text-align-center\" data-align=\"center\"><strong>Ver\u00e1s, lo \u00fanico es que inmediatamente empiezo a arreglarlo, me imagino un cuarteto de cuerdas despu\u00e9s de la segunda estrofa. George Martin tuvo una idea muy espec\u00edfica: \u00abDetente por completo; ritmo tambi\u00e9n, y luego comienzas de nuevo\u00bb. Y luego, despu\u00e9s de la parte de parada, debe haber un sonido arreglado que viene de la distancia, uno bastante complicado como un poco de decoraci\u00f3n que tienes en la parte posterior de una pintura&#8230; De repente aparece y, a medida que se acerca, comienzas de nuevo.<\/strong><\/td><\/tr><\/tbody><\/table><\/figure>\n\n\n\n<p class=\"has-text-align-justify has-domine-font-family has-custom-font wp-block-paragraph\" style=\"font-family:domine\">Tambi\u00e9n George Martin aport\u00f3: \u00abDebe haber un sonido arreglado que provenga de la distancia, uno bastante complicado como un poco de decoraci\u00f3n que tienes en la parte posterior de una pintura&#8230; De repente aparece y, a medida que se acerca, comienzas de nuevo\u00bb.<\/p>\n\n\n\n<p class=\"has-text-align-justify has-domine-font-family has-custom-font wp-block-paragraph\" style=\"font-family:domine\">Con Martin en la sala de control de <em>Studio Two<\/em>, McCartney hizo un repaso completo. Lennon sugiri\u00f3 que las luces del estudio se atenuaran para mejorar la atm\u00f3sfera, y Martin sugiri\u00f3 que una ejecuci\u00f3n aproximada les ayudar\u00eda a decidir un arreglo. Lennon, sin embargo, dijo que la voz y la guitarra eran suficientes.<\/p>\n\n\n\n<p class=\"has-text-align-justify has-domine-font-family has-custom-font wp-block-paragraph\" style=\"font-family:domine\">As\u00ed que George Martin sugiri\u00f3 detener la canci\u00f3n y luego comenzar de nuevo, aunque el \u00absonido arreglado\u00bb de otros instrumentos finalmente se elimin\u00f3. John intent\u00f3 acompa\u00f1ar a Paul en la guitarra ac\u00fastica y luego en el piano, y finalmente sugiri\u00f3 m\u00e1s tarde desde la sala de control:<\/p>\n\n\n\n<figure class=\"wp-block-table has-crimson-pro-font-family\"><table class=\"has-blush-light-purple-gradient-background has-text-color has-background has-link-color has-fixed-layout\" style=\"color:#6b076a\"><tbody><tr><td><strong>John: <\/strong>Un poco de banda de m\u00fasica, ya sabes. Una banda de m\u00fasica muy bonita.<br><strong>Paul:<\/strong> S\u00ed, eso ser\u00eda encantador.<br><strong>John:<\/strong> Un poco de la banda de m\u00fasica de Nilsson.<\/td><\/tr><\/tbody><\/table><\/figure>\n\n\n\n<p class=\"has-text-align-justify has-domine-font-family has-custom-font wp-block-paragraph\" style=\"font-family:domine\">Lo \u00faltimo en referencia a los arreglos de <a href=\"https:\/\/es.wikipedia.org\/wiki\/Harry_Nilsson\">Harry Nilsson<\/a> (en la foto debajo) en su \u00e1lbum <em>Pandimonium Shadow Show \u2014<\/em>el segundo \u00e1lbum de estudio de este cantautor estadounidense, lanzado en diciembre de 1967 por <a href=\"https:\/\/es.wikipedia.org\/wiki\/RCA_Records\">RCA Victor<\/a>\u2014, un disco que tanto a \u00e9l como a Paul les encantaba.<\/p>\n\n\n\n<div class=\"wp-block-jetpack-tiled-gallery aligncenter is-style-rectangular\"><div class=\"\"><div class=\"tiled-gallery__gallery\"><div class=\"tiled-gallery__row\"><div class=\"tiled-gallery__col\" style=\"flex-basis:48.94674%\"><figure class=\"tiled-gallery__item\"><img decoding=\"async\" data-attachment-id=\"17543\" data-permalink=\"https:\/\/elabrevaderojm.com\/en\/2024\/06\/11\/blackbird-a-proposito-de-la-reaparicion-de-esta-pieza-de-paul-mccartney-ii\/harry-nilsson\/\" data-orig-file=\"https:\/\/i0.wp.com\/elabrevaderojm.com\/wp-content\/uploads\/2024\/05\/harry-nilsson.jpg?fit=285%2C300&amp;ssl=1\" data-orig-size=\"285,300\" data-comments-opened=\"1\" data-image-meta=\"{&quot;aperture&quot;:&quot;0&quot;,&quot;credit&quot;:&quot;Matt Green&quot;,&quot;camera&quot;:&quot;&quot;,&quot;caption&quot;:&quot;&quot;,&quot;created_timestamp&quot;:&quot;0&quot;,&quot;copyright&quot;:&quot;&quot;,&quot;focal_length&quot;:&quot;0&quot;,&quot;iso&quot;:&quot;0&quot;,&quot;shutter_speed&quot;:&quot;0&quot;,&quot;title&quot;:&quot;&quot;,&quot;orientation&quot;:&quot;1&quot;}\" data-image-title=\"harry-nilsson\" data-image-description=\"\" data-image-caption=\"\" data-large-file=\"https:\/\/i0.wp.com\/elabrevaderojm.com\/wp-content\/uploads\/2024\/05\/harry-nilsson.jpg?fit=285%2C300&amp;ssl=1\" role=\"button\" tabindex=\"0\" aria-label=\"Open image 1 of 2 in full-screen\" srcset=\"https:\/\/i0.wp.com\/elabrevaderojm.com\/wp-content\/uploads\/2024\/05\/harry-nilsson.jpg?strip=info&#038;w=285&#038;ssl=1 285w\" alt=\"\" data-height=\"300\" data-id=\"17543\" data-link=\"https:\/\/elabrevaderojm.com\/?attachment_id=17543\" data-url=\"https:\/\/elabrevaderojm.com\/wp-content\/uploads\/2024\/05\/harry-nilsson.jpg?w=285\" data-width=\"285\" src=\"https:\/\/i0.wp.com\/elabrevaderojm.com\/wp-content\/uploads\/2024\/05\/harry-nilsson.jpg?ssl=1\" data-amp-layout=\"responsive\" tabindex=\"0\" role=\"button\" aria-label=\"Abrir la imagen 1 de 2 en pantalla completa\"\/><\/figure><\/div><div class=\"tiled-gallery__col\" style=\"flex-basis:51.05326%\"><figure class=\"tiled-gallery__item\"><img decoding=\"async\" data-attachment-id=\"17544\" data-permalink=\"https:\/\/elabrevaderojm.com\/en\/2024\/06\/11\/blackbird-a-proposito-de-la-reaparicion-de-esta-pieza-de-paul-mccartney-ii\/pandemonium-disco\/\" data-orig-file=\"https:\/\/i0.wp.com\/elabrevaderojm.com\/wp-content\/uploads\/2024\/05\/pandemonium-disco.jpg?fit=220%2C222&amp;ssl=1\" data-orig-size=\"220,222\" data-comments-opened=\"1\" data-image-meta=\"{&quot;aperture&quot;:&quot;0&quot;,&quot;credit&quot;:&quot;&quot;,&quot;camera&quot;:&quot;&quot;,&quot;caption&quot;:&quot;&quot;,&quot;created_timestamp&quot;:&quot;0&quot;,&quot;copyright&quot;:&quot;&quot;,&quot;focal_length&quot;:&quot;0&quot;,&quot;iso&quot;:&quot;0&quot;,&quot;shutter_speed&quot;:&quot;0&quot;,&quot;title&quot;:&quot;&quot;,&quot;orientation&quot;:&quot;0&quot;}\" data-image-title=\"pandemonium-disco\" data-image-description=\"\" data-image-caption=\"\" data-large-file=\"https:\/\/i0.wp.com\/elabrevaderojm.com\/wp-content\/uploads\/2024\/05\/pandemonium-disco.jpg?fit=220%2C222&amp;ssl=1\" role=\"button\" tabindex=\"0\" aria-label=\"Open image 2 of 2 in full-screen\" srcset=\"https:\/\/i0.wp.com\/elabrevaderojm.com\/wp-content\/uploads\/2024\/05\/pandemonium-disco.jpg?strip=info&#038;w=220&#038;ssl=1 220w\" alt=\"\" data-height=\"222\" data-id=\"17544\" data-link=\"https:\/\/elabrevaderojm.com\/?attachment_id=17544\" data-url=\"https:\/\/elabrevaderojm.com\/wp-content\/uploads\/2024\/05\/pandemonium-disco.jpg?w=220\" data-width=\"220\" src=\"https:\/\/i0.wp.com\/elabrevaderojm.com\/wp-content\/uploads\/2024\/05\/pandemonium-disco.jpg?ssl=1\" data-amp-layout=\"responsive\" tabindex=\"0\" role=\"button\" aria-label=\"Abrir la imagen 2 de 2 en pantalla completa\"\/><\/figure><\/div><\/div><\/div><\/div><\/div>\n\n\n\n<p class=\"has-text-align-justify has-domine-font-family has-custom-font wp-block-paragraph\" style=\"font-family:domine\">Sin embargo, McCartney pens\u00f3 que <strong>eso funcionar\u00eda mejor en su otra canci\u00f3n ac\u00fastica<\/strong> <a href=\"https:\/\/es.wikipedia.org\/wiki\/Mother_Nature%27s_Son\"><em>Mother Nature&#8217;s Son<\/em><\/a>, lo cual luego se demostr\u00f3; Paul record\u00f3 esta sugerencia de John cuando finalmente se grab\u00f3 esa canci\u00f3n el 20 de agosto.&nbsp;&nbsp;<\/p>\n\n\n\n<p class=\"has-text-align-justify has-domine-font-family has-custom-font wp-block-paragraph\" style=\"font-family:domine\">Le siguen varias versiones de <em>Blackbird<\/em>, la mayor\u00eda de las cuales terminan con un comienzo en falso. Geoff recordaba:<\/p>\n\n\n\n<figure class=\"wp-block-table has-crimson-pro-font-family\"><table class=\"has-blush-light-purple-gradient-background has-text-color has-background has-link-color has-fixed-layout\" style=\"color:#79047c\"><tbody><tr><td class=\"has-text-align-center\" data-align=\"center\"><strong>Tocando su guitarra ac\u00fastica para zurdos, Paul comenz\u00f3 a escribir la canci\u00f3n, y me encant\u00f3 de inmediato. Perfeccionista como era, la interpret\u00f3 una y otra vez, tratando de hacer bien la complicada parte de la guitarra hasta el final. En un momento dado, un camar\u00f3grafo apareci\u00f3 para filmar un poco para una promoci\u00f3n de Apple, y eso interrumpi\u00f3 un poco el flujo, pero Paul simplemente continu\u00f3, con su nueva amiga sentada con las piernas cruzadas a sus pies. Paul hab\u00eda roto recientemente con Jane Asher, y esa podr\u00eda haber sido otra raz\u00f3n por la que estaba tan apagado durante las sesiones del \u00ab\u00c1lbum Blanco\u00bb&#8230; Supongo que es posible que Paul invitara a la chica como respuesta a que John trajera a Yoko. Pero a diferencia de Yoko, ella no se qued\u00f3 mucho tiempo, y George Martin tambi\u00e9n tuvo que irse temprano.<\/strong><\/td><\/tr><\/tbody><\/table><\/figure>\n\n\n<div class=\"wp-block-image\">\n<figure class=\"aligncenter size-large is-resized\"><img data-recalc-dims=\"1\" loading=\"lazy\" decoding=\"async\" width=\"202\" height=\"250\" data-attachment-id=\"18164\" data-permalink=\"https:\/\/elabrevaderojm.com\/en\/2024\/06\/11\/blackbird-a-proposito-de-la-reaparicion-de-esta-pieza-de-paul-mccartney-ii\/macca-asher\/\" data-orig-file=\"https:\/\/i0.wp.com\/elabrevaderojm.com\/wp-content\/uploads\/2024\/06\/macca-asher.jpeg?fit=202%2C250&amp;ssl=1\" data-orig-size=\"202,250\" data-comments-opened=\"1\" data-image-meta=\"{&quot;aperture&quot;:&quot;0&quot;,&quot;credit&quot;:&quot;&quot;,&quot;camera&quot;:&quot;&quot;,&quot;caption&quot;:&quot;&quot;,&quot;created_timestamp&quot;:&quot;0&quot;,&quot;copyright&quot;:&quot;&quot;,&quot;focal_length&quot;:&quot;0&quot;,&quot;iso&quot;:&quot;0&quot;,&quot;shutter_speed&quot;:&quot;0&quot;,&quot;title&quot;:&quot;&quot;,&quot;orientation&quot;:&quot;0&quot;}\" data-image-title=\"macca-asher\" data-image-description=\"\" data-image-caption=\"\" data-large-file=\"https:\/\/i0.wp.com\/elabrevaderojm.com\/wp-content\/uploads\/2024\/06\/macca-asher.jpeg?fit=202%2C250&amp;ssl=1\" src=\"https:\/\/i0.wp.com\/elabrevaderojm.com\/wp-content\/uploads\/2024\/06\/macca-asher.jpeg?resize=202%2C250&#038;ssl=1\" alt=\"\" class=\"wp-image-18164\" style=\"width:208px;height:auto\"\/><figcaption class=\"wp-element-caption\"><strong>Paul y Jane cuando noviaban.<\/strong><\/figcaption><\/figure>\n<\/div>\n\n\n<p class=\"has-text-align-justify has-domine-font-family has-custom-font wp-block-paragraph\" style=\"font-family:domine\">(<strong>nota:<\/strong> A pesar de que dos fuentes afirman que Francie \u00abestaba sentada a los pies de Paul\u00bb, lo cual sugiere que podr\u00eda estar sentada en el piso, el video m\u00e1s abajo la muestra casi a la altura del cantante, y parece <strong>estar sentada en una silla<\/strong>, no a los pies del Beatle)<\/p>\n\n\n\n<div class=\"wp-block-media-text is-stacked-on-mobile\" style=\"grid-template-columns:23% auto\"><figure class=\"wp-block-media-text__media\"><img data-recalc-dims=\"1\" loading=\"lazy\" decoding=\"async\" width=\"150\" height=\"200\" data-attachment-id=\"17549\" data-permalink=\"https:\/\/elabrevaderojm.com\/en\/2024\/06\/11\/blackbird-a-proposito-de-la-reaparicion-de-esta-pieza-de-paul-mccartney-ii\/tonybramwell2\/\" data-orig-file=\"https:\/\/i0.wp.com\/elabrevaderojm.com\/wp-content\/uploads\/2024\/05\/tonybramwell2.jpg?fit=150%2C200&amp;ssl=1\" data-orig-size=\"150,200\" data-comments-opened=\"1\" data-image-meta=\"{&quot;aperture&quot;:&quot;0&quot;,&quot;credit&quot;:&quot;&quot;,&quot;camera&quot;:&quot;&quot;,&quot;caption&quot;:&quot;&quot;,&quot;created_timestamp&quot;:&quot;0&quot;,&quot;copyright&quot;:&quot;&quot;,&quot;focal_length&quot;:&quot;0&quot;,&quot;iso&quot;:&quot;0&quot;,&quot;shutter_speed&quot;:&quot;0&quot;,&quot;title&quot;:&quot;&quot;,&quot;orientation&quot;:&quot;0&quot;}\" data-image-title=\"tonybramwell2\" data-image-description=\"\" data-image-caption=\"\" data-large-file=\"https:\/\/i0.wp.com\/elabrevaderojm.com\/wp-content\/uploads\/2024\/05\/tonybramwell2.jpg?fit=150%2C200&amp;ssl=1\" src=\"https:\/\/i0.wp.com\/elabrevaderojm.com\/wp-content\/uploads\/2024\/05\/tonybramwell2.jpg?resize=150%2C200&#038;ssl=1\" alt=\"\" class=\"wp-image-17549 size-full\"\/><\/figure><div class=\"wp-block-media-text__content\">\n<p class=\"has-text-align-justify has-domine-font-family has-medium-font-size has-custom-font wp-block-paragraph\" style=\"font-family:domine\">Durante la sesi\u00f3n, un equipo de filmaci\u00f3n, dirigido por Tony Bramwell (en la foto), estuvo en el estudio para <strong>filmar una pel\u00edcula promocional de Apple Records<\/strong>. Esta se hizo para ser mostrada a los ejecutivos de EMI y <a href=\"https:\/\/es.wikipedia.org\/wiki\/Capitol_Records\">Capitol Records<\/a> \u2014que pronto distribuir\u00edan lanzamientos en Apple Records\u2014, cuando Paul viajara a los Estados Unidos del 20 al 25 de junio de 1968. Bramwell ha comentado:<\/p>\n<\/div><\/div>\n\n\n\n<figure class=\"wp-block-table has-crimson-pro-font-family\"><table class=\"has-text-color has-background has-link-color has-fixed-layout\" style=\"color:#9d089d;background:linear-gradient(135deg,rgb(202,248,128) 0%,rgb(113,206,126) 53%)\"><tbody><tr><td class=\"has-text-align-center\" data-align=\"center\"><strong>La pel\u00edcula que se nos ocurri\u00f3 era un poco art\u00edstica y et\u00e9rea. Hab\u00eda una secuencia de <a href=\"https:\/\/es.wikipedia.org\/wiki\/James_Taylor\">James Taylor<\/a>, <a href=\"https:\/\/es.wikipedia.org\/wiki\/Mary_Hopkin\">Mary Hopkin<\/a> y Paul haciendo <em>Blackbird<\/em>, que yo hab\u00eda filmado a principios de junio; im\u00e1genes in\u00e9ditas que la <a href=\"https:\/\/es.wikipedia.org\/wiki\/BBC\">BBC<\/a> hab\u00eda prohibido de los Beatles haciendo <a href=\"https:\/\/es.wikipedia.org\/wiki\/A_Day_in_the_Life\"><em>A Day in the Life<\/em><\/a> de <em>Sgt Pepper<\/em>; un poco sobre la nueva tienda de Apple; algunas im\u00e1genes de la salvajemente experimental <em>Indica Art Gallery<\/em><\/strong><sup data-fn=\"cdec201a-5ecd-435c-9187-87bcf9f85188\" class=\"fn\"><a href=\"#cdec201a-5ecd-435c-9187-87bcf9f85188\" id=\"cdec201a-5ecd-435c-9187-87bcf9f85188-link\">4<\/a><\/sup><strong> y, finalmente, los Beatles teniendo una reuni\u00f3n de negocios con el \u00abt\u00edo\u00bb <a href=\"https:\/\/es.wikipedia.org\/wiki\/Dick_James\">Dick James<\/a> en las nuevas oficinas de Apple en <em>Wigmore Street<\/em>. John Lennon insisti\u00f3 en incluir im\u00e1genes de Magic Alex<\/strong><sup data-fn=\"3cd3c60f-2f3c-4d1b-af45-75d41ac79d65\" class=\"fn\"><a href=\"#3cd3c60f-2f3c-4d1b-af45-75d41ac79d65\" id=\"3cd3c60f-2f3c-4d1b-af45-75d41ac79d65-link\">5<\/a><\/sup><strong> con su habitual bata blanca, jugueteando con un mont\u00f3n de basura. En general, fue una pel\u00edcula muy peque\u00f1a cuando se termin\u00f3 y todo el mundo dijo lo bien que pensaban que iba a funcionar. Ron Kass<\/strong><sup data-fn=\"9e088310-d946-449c-911a-e794374d6631\" class=\"fn\"><a href=\"#9e088310-d946-449c-911a-e794374d6631\" id=\"9e088310-d946-449c-911a-e794374d6631-link\">6<\/a><\/sup><strong> dijo que ser\u00eda una herramienta muy \u00fatil para mostrar a los ejecutivos discogr\u00e1ficos en la convenci\u00f3n del Capitolio en Los \u00c1ngeles de qu\u00e9 se trataba Apple.<\/strong><\/td><\/tr><\/tbody><\/table><\/figure>\n\n\n\n<figure class=\"wp-block-gallery has-nested-images columns-4 is-cropped wp-block-gallery-2 is-layout-flex wp-block-gallery-is-layout-flex\">\n<figure class=\"wp-block-image size-large\"><img data-recalc-dims=\"1\" loading=\"lazy\" decoding=\"async\" width=\"334\" height=\"433\" data-attachment-id=\"18168\" data-permalink=\"https:\/\/elabrevaderojm.com\/en\/2024\/06\/11\/blackbird-a-proposito-de-la-reaparicion-de-esta-pieza-de-paul-mccartney-ii\/dick-j-1\/\" data-orig-file=\"https:\/\/i0.wp.com\/elabrevaderojm.com\/wp-content\/uploads\/2024\/06\/dick-j-1.jpg?fit=334%2C433&amp;ssl=1\" data-orig-size=\"334,433\" data-comments-opened=\"1\" data-image-meta=\"{&quot;aperture&quot;:&quot;0&quot;,&quot;credit&quot;:&quot;&quot;,&quot;camera&quot;:&quot;&quot;,&quot;caption&quot;:&quot;&quot;,&quot;created_timestamp&quot;:&quot;0&quot;,&quot;copyright&quot;:&quot;&quot;,&quot;focal_length&quot;:&quot;0&quot;,&quot;iso&quot;:&quot;0&quot;,&quot;shutter_speed&quot;:&quot;0&quot;,&quot;title&quot;:&quot;&quot;,&quot;orientation&quot;:&quot;1&quot;}\" data-image-title=\"dick j 1\" data-image-description=\"\" data-image-caption=\"\" data-large-file=\"https:\/\/i0.wp.com\/elabrevaderojm.com\/wp-content\/uploads\/2024\/06\/dick-j-1.jpg?fit=334%2C433&amp;ssl=1\" data-id=\"18168\" src=\"https:\/\/i0.wp.com\/elabrevaderojm.com\/wp-content\/uploads\/2024\/06\/dick-j-1.jpg?resize=334%2C433&#038;ssl=1\" alt=\"\" class=\"wp-image-18168\"\/><figcaption class=\"wp-element-caption\"><strong>Dick<\/strong><\/figcaption><\/figure>\n\n\n\n<figure class=\"wp-block-image size-large\"><img data-recalc-dims=\"1\" loading=\"lazy\" decoding=\"async\" width=\"315\" height=\"425\" data-attachment-id=\"18169\" data-permalink=\"https:\/\/elabrevaderojm.com\/en\/2024\/06\/11\/blackbird-a-proposito-de-la-reaparicion-de-esta-pieza-de-paul-mccartney-ii\/jamestaylor-1\/\" data-orig-file=\"https:\/\/i0.wp.com\/elabrevaderojm.com\/wp-content\/uploads\/2024\/06\/jamestaylor-1.jpg?fit=315%2C425&amp;ssl=1\" data-orig-size=\"315,425\" data-comments-opened=\"1\" data-image-meta=\"{&quot;aperture&quot;:&quot;0&quot;,&quot;credit&quot;:&quot;&quot;,&quot;camera&quot;:&quot;Nikon SUPER COOLSCAN 9000 ED&quot;,&quot;caption&quot;:&quot;&quot;,&quot;created_timestamp&quot;:&quot;1548969396&quot;,&quot;copyright&quot;:&quot;&quot;,&quot;focal_length&quot;:&quot;0&quot;,&quot;iso&quot;:&quot;0&quot;,&quot;shutter_speed&quot;:&quot;0&quot;,&quot;title&quot;:&quot;&quot;,&quot;orientation&quot;:&quot;1&quot;}\" data-image-title=\"JamesTaylor 1\" data-image-description=\"\" data-image-caption=\"\" data-large-file=\"https:\/\/i0.wp.com\/elabrevaderojm.com\/wp-content\/uploads\/2024\/06\/jamestaylor-1.jpg?fit=315%2C425&amp;ssl=1\" data-id=\"18169\" src=\"https:\/\/i0.wp.com\/elabrevaderojm.com\/wp-content\/uploads\/2024\/06\/jamestaylor-1.jpg?resize=315%2C425&#038;ssl=1\" alt=\"\" class=\"wp-image-18169\"\/><figcaption class=\"wp-element-caption\"><strong>Taylor en 1969<\/strong><\/figcaption><\/figure>\n\n\n\n<figure class=\"wp-block-image size-large\"><img data-recalc-dims=\"1\" loading=\"lazy\" decoding=\"async\" width=\"199\" height=\"241\" data-attachment-id=\"17602\" data-permalink=\"https:\/\/elabrevaderojm.com\/en\/2024\/06\/11\/blackbird-a-proposito-de-la-reaparicion-de-esta-pieza-de-paul-mccartney-ii\/magic-alex\/\" data-orig-file=\"https:\/\/i0.wp.com\/elabrevaderojm.com\/wp-content\/uploads\/2024\/06\/magic-alex.jpg?fit=199%2C241&amp;ssl=1\" data-orig-size=\"199,241\" data-comments-opened=\"1\" data-image-meta=\"{&quot;aperture&quot;:&quot;0&quot;,&quot;credit&quot;:&quot;&quot;,&quot;camera&quot;:&quot;&quot;,&quot;caption&quot;:&quot;&quot;,&quot;created_timestamp&quot;:&quot;0&quot;,&quot;copyright&quot;:&quot;&quot;,&quot;focal_length&quot;:&quot;0&quot;,&quot;iso&quot;:&quot;0&quot;,&quot;shutter_speed&quot;:&quot;0&quot;,&quot;title&quot;:&quot;&quot;,&quot;orientation&quot;:&quot;1&quot;}\" data-image-title=\"magic alex\" data-image-description=\"\" data-image-caption=\"\" data-large-file=\"https:\/\/i0.wp.com\/elabrevaderojm.com\/wp-content\/uploads\/2024\/06\/magic-alex.jpg?fit=199%2C241&amp;ssl=1\" data-id=\"17602\" src=\"https:\/\/i0.wp.com\/elabrevaderojm.com\/wp-content\/uploads\/2024\/06\/magic-alex.jpg?resize=199%2C241&#038;ssl=1\" alt=\"\" class=\"wp-image-17602\"\/><figcaption class=\"wp-element-caption\"><strong>Magic Alex<\/strong><\/figcaption><\/figure>\n\n\n\n<figure class=\"wp-block-image size-large\"><img data-recalc-dims=\"1\" loading=\"lazy\" decoding=\"async\" width=\"211\" height=\"223\" data-attachment-id=\"17604\" data-permalink=\"https:\/\/elabrevaderojm.com\/en\/2024\/06\/11\/blackbird-a-proposito-de-la-reaparicion-de-esta-pieza-de-paul-mccartney-ii\/ron-k-2\/\" data-orig-file=\"https:\/\/i0.wp.com\/elabrevaderojm.com\/wp-content\/uploads\/2024\/06\/ron-k-2.jpg?fit=211%2C223&amp;ssl=1\" data-orig-size=\"211,223\" data-comments-opened=\"1\" data-image-meta=\"{&quot;aperture&quot;:&quot;0&quot;,&quot;credit&quot;:&quot;Michael Ward&quot;,&quot;camera&quot;:&quot;Perfection V800\/V850&quot;,&quot;caption&quot;:&quot;American businessman Ronald Kass as the newly appointed Managing Director of Apple Music Records, posing next to a picture of the band at Apple Music Records offices, June 13, 1968.&quot;,&quot;created_timestamp&quot;:&quot;1559149048&quot;,&quot;copyright&quot;:&quot;\\u00a9 Iconic Images Limited&quot;,&quot;focal_length&quot;:&quot;0&quot;,&quot;iso&quot;:&quot;0&quot;,&quot;shutter_speed&quot;:&quot;0&quot;,&quot;title&quot;:&quot;&quot;,&quot;orientation&quot;:&quot;0&quot;}\" data-image-title=\"ron k 2\" data-image-description=\"\" data-image-caption=\"&lt;p&gt;American businessman Ronald Kass as the newly appointed Managing Director of Apple Music Records, posing next to a picture of the band at Apple Music Records offices, June 13, 1968.&lt;\/p&gt;\n\" data-large-file=\"https:\/\/i0.wp.com\/elabrevaderojm.com\/wp-content\/uploads\/2024\/06\/ron-k-2.jpg?fit=211%2C223&amp;ssl=1\" data-id=\"17604\" src=\"https:\/\/i0.wp.com\/elabrevaderojm.com\/wp-content\/uploads\/2024\/06\/ron-k-2.jpg?resize=211%2C223&#038;ssl=1\" alt=\"\" class=\"wp-image-17604\"\/><figcaption class=\"wp-element-caption\"><strong>Kass en 1968<\/strong><\/figcaption><\/figure>\n<\/figure>\n\n\n\n<p class=\"has-text-align-justify has-domine-font-family has-custom-font wp-block-paragraph\" style=\"font-family:domine\">La cinta muestra a Paul ensayando <em>Blackbird<\/em> repetidamente. Cometi\u00f3 errores en el camino, pero la llev\u00f3 a la perfecci\u00f3n con claridad a medida que avanzaba.<\/p>\n\n\n\n<p class=\"has-text-align-justify has-domine-font-family has-custom-font wp-block-paragraph\" style=\"font-family:domine\">El <strong>sonidista tambi\u00e9n hizo una cinta de 41 minutos <\/strong>de McCartney ensayando <em>Blackbird<\/em>, a partir de la cual podemos ver c\u00f3mo la canci\u00f3n toma forma. La cinta comienza con una actuaci\u00f3n, a la cual el productor George Martin le est\u00e1 midiendo el tiempo. <\/p>\n\n\n\n<div class=\"wp-block-media-text has-media-on-the-right is-stacked-on-mobile\" style=\"grid-template-columns:auto 15%\"><div class=\"wp-block-media-text__content\">\n<p class=\"has-text-align-justify has-domine-font-family has-custom-font wp-block-paragraph\" style=\"font-family:domine\">Despu\u00e9s, le dice a McCartney que la canci\u00f3n dura poco menos de dos minutos y le sugiere que aproveche m\u00e1s la pausa antes de la coda. McCartney luego toca una versi\u00f3n a media velocidad de la canci\u00f3n, que se transforma en <em><a href=\"https:\/\/es.wikipedia.org\/wiki\/Congratulations_(canci%C3%B3n)\">Congratulations<\/a><\/em> de <a href=\"https:\/\/es.wikipedia.org\/wiki\/Cliff_Richard\">Cliff Richard<\/a> (en la foto).<\/p>\n<\/div><figure class=\"wp-block-media-text__media\"><img data-recalc-dims=\"1\" loading=\"lazy\" decoding=\"async\" width=\"272\" height=\"367\" data-attachment-id=\"17723\" data-permalink=\"https:\/\/elabrevaderojm.com\/en\/2024\/06\/11\/blackbird-a-proposito-de-la-reaparicion-de-esta-pieza-de-paul-mccartney-ii\/cliff_richard\/\" data-orig-file=\"https:\/\/i0.wp.com\/elabrevaderojm.com\/wp-content\/uploads\/2024\/06\/cliff_richard.jpg?fit=272%2C367&amp;ssl=1\" data-orig-size=\"272,367\" data-comments-opened=\"1\" data-image-meta=\"{&quot;aperture&quot;:&quot;0&quot;,&quot;credit&quot;:&quot;&quot;,&quot;camera&quot;:&quot;&quot;,&quot;caption&quot;:&quot;&quot;,&quot;created_timestamp&quot;:&quot;0&quot;,&quot;copyright&quot;:&quot;&quot;,&quot;focal_length&quot;:&quot;0&quot;,&quot;iso&quot;:&quot;0&quot;,&quot;shutter_speed&quot;:&quot;0&quot;,&quot;title&quot;:&quot;&quot;,&quot;orientation&quot;:&quot;1&quot;}\" data-image-title=\"cliff_richard\" data-image-description=\"\" data-image-caption=\"\" data-large-file=\"https:\/\/i0.wp.com\/elabrevaderojm.com\/wp-content\/uploads\/2024\/06\/cliff_richard.jpg?fit=272%2C367&amp;ssl=1\" src=\"https:\/\/i0.wp.com\/elabrevaderojm.com\/wp-content\/uploads\/2024\/06\/cliff_richard.jpg?resize=272%2C367&#038;ssl=1\" alt=\"\" class=\"wp-image-17723 size-full\"\/><\/figure><\/div>\n\n\n\n<p class=\"has-text-align-justify has-domine-font-family has-custom-font wp-block-paragraph\" style=\"font-family:domine\">En la pel\u00edcula de Apple, George Martin se acerca a conversar con Paul durante estos ensayos, <strong>lo que parece ser una molestia para Paul<\/strong>, quien contin\u00faa sus ensayos de la canci\u00f3n a pesar de la interrupci\u00f3n de George.<\/p>\n\n\n\n<p class=\"has-domine-font-family has-custom-font wp-block-paragraph\" style=\"font-family:domine\">Geoff Emerick luego relata:<\/p>\n\n\n\n<figure class=\"wp-block-table has-crimson-pro-font-family\"><table class=\"has-blush-light-purple-gradient-background has-text-color has-background has-link-color has-fixed-layout\" style=\"color:#6d0360\"><tbody><tr><td class=\"has-text-align-center\" data-align=\"center\"><strong>Despu\u00e9s de que se fueron, Paul me coment\u00f3 que quer\u00eda que la pista sonara como si la estuviera cantando al aire libre. \u00abBien\u00bb, le dije, \u00abentonces hag\u00e1moslo al aire libre\u00bb. Parec\u00eda sorprendido, pero hab\u00eda un peque\u00f1o lugar fuera de la c\u00e1mara de eco con el espacio suficiente para que se sentara en un taburete. Hice un largo micr\u00f3fono y ah\u00ed fue donde grabamos <em>Blackbird<\/em>.<\/strong><\/td><\/tr><\/tbody><\/table><\/figure>\n\n\n\n<p class=\"has-text-align-justify has-domine-font-family has-custom-font wp-block-paragraph\" style=\"font-family:domine\">Una vez que comenz\u00f3 la grabaci\u00f3n oficial, <strong>Paul grab\u00f3 32 tomas de la canci\u00f3n<\/strong> \u2014 de las cuales solo 11 fueron completas\u2014, con \u00e9l solo en la guitarra ac\u00fastica y la voz, junto con el golpeteo de sus pies; Emerick recuerda que le pusieron un micr\u00f3fono por separado a petici\u00f3n del propio Paul.<\/p>\n\n\n\n<p class=\"has-text-align-justify has-domine-font-family has-custom-font wp-block-paragraph\" style=\"font-family:domine\">Es decir, <strong>solo se grabaron tres sonidos<\/strong>: la voz de Paul, su guitarra ac\u00fastica y un golpeteo que marca el tiempo en el canal izquierdo. Este golpeteo \u00abha sido identificado incorrectamente como un <a href=\"https:\/\/es.wikipedia.org\/wiki\/Metr%C3%B3nomo\">metr\u00f3nomo<\/a> en el pasado\u00bb, seg\u00fan explic\u00f3 Emerick en el libro <em>Recording The Beatles: The Studio Equipment and Techniques Used To Create Their Classic Albums<\/em>, quien a\u00f1adi\u00f3 que en realidad era el sonido de Paul golpeando con su pie.<\/p>\n\n\n\n<figure class=\"wp-block-table has-literata-font-family\"><table class=\"has-pale-ocean-gradient-background has-background has-fixed-layout\" style=\"border-width:4px\"><tbody><tr><td><strong><mark style=\"background-color:rgba(0, 0, 0, 0);color:#f70101\" class=\"has-inline-color\">RELACIONADO:<\/mark><\/strong> <a href=\"https:\/\/elabrevaderojm.com\/2024\/06\/11\/apendice-a-blackbird-a-proposito-de-la-reaparicion-de-esta-pieza-de-paul-mccartney\/\"><strong>Ap\u00e9ndice a<em> \u00abBlackbird<\/em>: a prop\u00f3sito de la \u00abreaparici\u00f3n\u00bb de esta pieza de Paul McCartney<\/strong>\u00bb<\/a> (para saber m\u00e1s del libro y sus autores; <strong>punto 10<\/strong>).<\/td><\/tr><\/tbody><\/table><\/figure>\n\n\n\n<div class=\"wp-block-jetpack-tiled-gallery aligncenter is-style-rectangular\"><div class=\"\"><div class=\"tiled-gallery__gallery\"><div class=\"tiled-gallery__row\"><div class=\"tiled-gallery__col\" style=\"flex-basis:45.38840%\"><figure class=\"tiled-gallery__item\"><img decoding=\"async\" data-attachment-id=\"17625\" data-permalink=\"https:\/\/elabrevaderojm.com\/en\/2024\/06\/11\/apendice-a-blackbird-a-proposito-de-la-reaparicion-de-esta-pieza-de-paul-mccartney\/recording_the_beatles-libro\/\" data-orig-file=\"https:\/\/i0.wp.com\/elabrevaderojm.com\/wp-content\/uploads\/2024\/06\/recording_the_beatles-libro.jpg?fit=326%2C315&amp;ssl=1\" data-orig-size=\"326,315\" data-comments-opened=\"1\" data-image-meta=\"{&quot;aperture&quot;:&quot;0&quot;,&quot;credit&quot;:&quot;&quot;,&quot;camera&quot;:&quot;&quot;,&quot;caption&quot;:&quot;&quot;,&quot;created_timestamp&quot;:&quot;0&quot;,&quot;copyright&quot;:&quot;&quot;,&quot;focal_length&quot;:&quot;0&quot;,&quot;iso&quot;:&quot;0&quot;,&quot;shutter_speed&quot;:&quot;0&quot;,&quot;title&quot;:&quot;&quot;,&quot;orientation&quot;:&quot;0&quot;}\" data-image-title=\"recording_the_beatles-libro\" data-image-description=\"\" data-image-caption=\"\" data-large-file=\"https:\/\/i0.wp.com\/elabrevaderojm.com\/wp-content\/uploads\/2024\/06\/recording_the_beatles-libro.jpg?fit=326%2C315&amp;ssl=1\" role=\"button\" tabindex=\"0\" aria-label=\"Open image 1 of 3 in full-screen\" srcset=\"https:\/\/i0.wp.com\/elabrevaderojm.com\/wp-content\/uploads\/2024\/06\/recording_the_beatles-libro.jpg?strip=info&#038;w=326&#038;ssl=1 326w\" alt=\"\" data-height=\"315\" data-id=\"17625\" data-link=\"https:\/\/elabrevaderojm.com\/?attachment_id=17625\" data-url=\"https:\/\/elabrevaderojm.com\/wp-content\/uploads\/2024\/06\/recording_the_beatles-libro.jpg?w=326\" data-width=\"326\" src=\"https:\/\/i0.wp.com\/elabrevaderojm.com\/wp-content\/uploads\/2024\/06\/recording_the_beatles-libro.jpg?ssl=1\" data-amp-layout=\"responsive\" tabindex=\"0\" role=\"button\" aria-label=\"Abrir la imagen 1 de 3 en pantalla completa\"\/><\/figure><\/div><div class=\"tiled-gallery__col\" style=\"flex-basis:23.94906%\"><figure class=\"tiled-gallery__item\"><img decoding=\"async\" data-attachment-id=\"17639\" data-permalink=\"https:\/\/elabrevaderojm.com\/en\/2024\/06\/11\/blackbird-a-proposito-de-la-reaparicion-de-esta-pieza-de-paul-mccartney-ii\/metronomo-1\/\" data-orig-file=\"https:\/\/i0.wp.com\/elabrevaderojm.com\/wp-content\/uploads\/2024\/06\/metronomo-1.jpg?fit=218%2C400&amp;ssl=1\" data-orig-size=\"218,400\" data-comments-opened=\"1\" data-image-meta=\"{&quot;aperture&quot;:&quot;0&quot;,&quot;credit&quot;:&quot;&quot;,&quot;camera&quot;:&quot;&quot;,&quot;caption&quot;:&quot;&quot;,&quot;created_timestamp&quot;:&quot;0&quot;,&quot;copyright&quot;:&quot;&quot;,&quot;focal_length&quot;:&quot;0&quot;,&quot;iso&quot;:&quot;0&quot;,&quot;shutter_speed&quot;:&quot;0&quot;,&quot;title&quot;:&quot;&quot;,&quot;orientation&quot;:&quot;1&quot;}\" data-image-title=\"metronomo 1\" data-image-description=\"\" data-image-caption=\"\" data-large-file=\"https:\/\/i0.wp.com\/elabrevaderojm.com\/wp-content\/uploads\/2024\/06\/metronomo-1.jpg?fit=218%2C400&amp;ssl=1\" role=\"button\" tabindex=\"0\" aria-label=\"Open image 2 of 3 in full-screen\" srcset=\"https:\/\/i0.wp.com\/elabrevaderojm.com\/wp-content\/uploads\/2024\/06\/metronomo-1.jpg?strip=info&#038;w=218&#038;ssl=1 218w\" alt=\"\" data-height=\"400\" data-id=\"17639\" data-link=\"https:\/\/elabrevaderojm.com\/?attachment_id=17639\" data-url=\"https:\/\/elabrevaderojm.com\/wp-content\/uploads\/2024\/06\/metronomo-1.jpg?w=218\" data-width=\"218\" src=\"https:\/\/i0.wp.com\/elabrevaderojm.com\/wp-content\/uploads\/2024\/06\/metronomo-1.jpg?ssl=1\" data-amp-layout=\"responsive\" tabindex=\"0\" role=\"button\" aria-label=\"Abrir la imagen 2 de 3 en pantalla completa\"\/><\/figure><\/div><div class=\"tiled-gallery__col\" style=\"flex-basis:30.66253%\"><figure class=\"tiled-gallery__item\"><img decoding=\"async\" data-attachment-id=\"17638\" data-permalink=\"https:\/\/elabrevaderojm.com\/en\/2024\/06\/11\/blackbird-a-proposito-de-la-reaparicion-de-esta-pieza-de-paul-mccartney-ii\/anthology-dvd-1\/\" data-orig-file=\"https:\/\/i0.wp.com\/elabrevaderojm.com\/wp-content\/uploads\/2024\/06\/anthology-dvd-1.jpg?fit=220%2C315&amp;ssl=1\" data-orig-size=\"220,315\" data-comments-opened=\"1\" data-image-meta=\"{&quot;aperture&quot;:&quot;0&quot;,&quot;credit&quot;:&quot;&quot;,&quot;camera&quot;:&quot;&quot;,&quot;caption&quot;:&quot;&quot;,&quot;created_timestamp&quot;:&quot;0&quot;,&quot;copyright&quot;:&quot;&quot;,&quot;focal_length&quot;:&quot;0&quot;,&quot;iso&quot;:&quot;0&quot;,&quot;shutter_speed&quot;:&quot;0&quot;,&quot;title&quot;:&quot;&quot;,&quot;orientation&quot;:&quot;1&quot;}\" data-image-title=\"anthology dvd 1\" data-image-description=\"\" data-image-caption=\"\" data-large-file=\"https:\/\/i0.wp.com\/elabrevaderojm.com\/wp-content\/uploads\/2024\/06\/anthology-dvd-1.jpg?fit=220%2C315&amp;ssl=1\" role=\"button\" tabindex=\"0\" aria-label=\"Open image 3 of 3 in full-screen\" srcset=\"https:\/\/i0.wp.com\/elabrevaderojm.com\/wp-content\/uploads\/2024\/06\/anthology-dvd-1.jpg?strip=info&#038;w=220&#038;ssl=1 220w\" alt=\"\" data-height=\"315\" data-id=\"17638\" data-link=\"https:\/\/elabrevaderojm.com\/?attachment_id=17638\" data-url=\"https:\/\/elabrevaderojm.com\/wp-content\/uploads\/2024\/06\/anthology-dvd-1.jpg?w=220\" data-width=\"220\" src=\"https:\/\/i0.wp.com\/elabrevaderojm.com\/wp-content\/uploads\/2024\/06\/anthology-dvd-1.jpg?ssl=1\" data-amp-layout=\"responsive\" tabindex=\"0\" role=\"button\" aria-label=\"Abrir la imagen 3 de 3 en pantalla completa\"\/><\/figure><\/div><\/div><\/div><\/div><\/div>\n\n\n\n<p class=\"has-text-align-center has-bodoni-moda-font-family has-custom-font wp-block-paragraph\" style=\"font-family:bodoni-moda\"><strong>De izquierda a derecha: el libro mencionado; un metr\u00f3nomo; la caja de <em>DVD<\/em> del <em>The  Beatles Anthology<\/em>. <\/strong><\/p>\n\n\n\n<p class=\"has-text-align-justify has-domine-font-family has-custom-font wp-block-paragraph\" style=\"font-family:domine\">McCartney tambi\u00e9n dijo lo mismo en el documental <a href=\"https:\/\/es.wikipedia.org\/wiki\/The_Beatles_Anthology\"><em>The<\/em> <em>Beatles Anthology<\/em><\/a>, en el cual se le ve hacerlo. Y m\u00e1s evidencia de ello puede verse f\u00e1cilmente en la pel\u00edcula promocional de Apple filmada en este d\u00eda.<\/p>\n\n\n\n<p class=\"has-text-align-justify has-domine-font-family has-custom-font wp-block-paragraph\" style=\"font-family:domine\">Emerick recuerda (los golpecitos de Paul, presumiblemente) como si hubiesen sido grabados por separado. Las im\u00e1genes incluidas en el contenido adicional del disco dos de la remasterizaci\u00f3n de 2009 del \u00e1lbum <strong>muestran a McCartney golpeando ambos pies alternativamente<\/strong> mientras interpreta la canci\u00f3n.<\/p>\n\n\n\n<p class=\"has-text-align-justify has-domine-font-family has-custom-font wp-block-paragraph\" style=\"font-family:domine\">En la secuencia, tras un descanso, McCartney contin\u00faa grabando y, <strong>finalmente, logra una toma completa<\/strong>. Se utilizaron dos cintas enteras de cuatro pistas en la grabaci\u00f3n de la canci\u00f3n; una buena parte de la primera cinta se llen\u00f3 con ensayos. Esto, adem\u00e1s de que hab\u00eda un final falso en cada plena actuaci\u00f3n, contribuy\u00f3 a la confusi\u00f3n sobre qu\u00e9 toma era cu\u00e1l.<\/p>\n\n\n\n<div class=\"wp-block-media-text is-stacked-on-mobile\" style=\"grid-template-columns:34% auto\"><figure class=\"wp-block-media-text__media\"><img data-recalc-dims=\"1\" loading=\"lazy\" decoding=\"async\" width=\"300\" height=\"300\" data-attachment-id=\"17648\" data-permalink=\"https:\/\/elabrevaderojm.com\/en\/2024\/06\/11\/blackbird-a-proposito-de-la-reaparicion-de-esta-pieza-de-paul-mccartney-ii\/anthology-3a\/\" data-orig-file=\"https:\/\/i0.wp.com\/elabrevaderojm.com\/wp-content\/uploads\/2024\/06\/anthology-3a.jpg?fit=300%2C300&amp;ssl=1\" data-orig-size=\"300,300\" data-comments-opened=\"1\" data-image-meta=\"{&quot;aperture&quot;:&quot;0&quot;,&quot;credit&quot;:&quot;&quot;,&quot;camera&quot;:&quot;&quot;,&quot;caption&quot;:&quot;&quot;,&quot;created_timestamp&quot;:&quot;0&quot;,&quot;copyright&quot;:&quot;&quot;,&quot;focal_length&quot;:&quot;0&quot;,&quot;iso&quot;:&quot;0&quot;,&quot;shutter_speed&quot;:&quot;0&quot;,&quot;title&quot;:&quot;&quot;,&quot;orientation&quot;:&quot;1&quot;}\" data-image-title=\"anthology-3a\" data-image-description=\"\" data-image-caption=\"\" data-large-file=\"https:\/\/i0.wp.com\/elabrevaderojm.com\/wp-content\/uploads\/2024\/06\/anthology-3a.jpg?fit=300%2C300&amp;ssl=1\" src=\"https:\/\/i0.wp.com\/elabrevaderojm.com\/wp-content\/uploads\/2024\/06\/anthology-3a.jpg?resize=300%2C300&#038;ssl=1\" alt=\"\" class=\"wp-image-17648 size-full\"\/><\/figure><div class=\"wp-block-media-text__content\">\n<p class=\"has-text-align-justify has-domine-font-family has-custom-font wp-block-paragraph\" style=\"font-family:domine\">Por ejemplo, de las 11 tomas completas grabadas ese d\u00eda, la \u00abtoma 23\u00bb, incluida en el \u00e1lbum recopilatorio <em>Anthology 3<\/em> (su car\u00e1tula en la foto) de 1996, la caja de la cinta fue identificada como \u00abtoma cuatro\u00bb. Al examinar esta toma, podemos ver que Paul todav\u00eda estaba experimentando con la estructura de la canci\u00f3n, as\u00ed como con los matices de la interpretaci\u00f3n en s\u00ed.<\/p>\n<\/div><\/div>\n\n\n\n<p class=\"has-text-align-justify has-domine-font-family has-custom-font wp-block-paragraph\" style=\"font-family:domine\">Esta \u00abtoma 4\u00bb con una guitarra ac\u00fastica <strong>sin adornos y una interpretaci\u00f3n vocal que captur\u00f3 bien la esencia<\/strong> de su nueva canci\u00f3n, podr\u00eda haber sido utilizable en ese momento si no hubiera sido por los ruidos de fondo, que hicieron considerarla inadecuada.<\/p>\n\n\n\n<p class=\"has-text-align-justify has-domine-font-family has-custom-font wp-block-paragraph\" style=\"font-family:domine\">Esta versi\u00f3n transpone el verso final con una de las secciones. De modo que, tras el verso <em>Blackbird fly, into the light of the dark black night<\/em>, McCartney cierra la canci\u00f3n con: <em>All your life, you were only waiting for this moment to arise<\/em>.<\/p>\n\n\n\n<figure class=\"wp-block-audio\"><audio controls src=\"https:\/\/elabrevaderojm.com\/wp-content\/uploads\/2024\/06\/blackbird-anthology-3-version.mp3\"><\/audio><\/figure>\n\n\n\n<p class=\"has-text-align-justify has-domine-font-family has-custom-font wp-block-paragraph\" style=\"font-family:domine\">Otra toma completa de este d\u00eda, que ha aparecido en grabaciones piratas, muestra a Paul terminando la canci\u00f3n justo despu\u00e9s del comienzo del verso <em>Blackbird singing in the dead of night<\/em>,y luego le pregunt\u00f3 a Emerick: \u00ab\u00bfQu\u00e9 piensas? \u00bfQu\u00e9 piensas?\u00bb.<\/p>\n\n\n\n<p class=\"has-text-align-justify has-domine-font-family has-custom-font wp-block-paragraph\" style=\"font-family:domine\">A pesar del largo per\u00edodo de tiempo que estaba dedicando para obtener la actuaci\u00f3n perfecta, <strong>Paul se esforzaba por hacer que su voz sonara lo menos forzada y casual posible<\/strong>: \u00abHe estado tratando de tirarla durante la \u00faltima hora\u00bb, declar\u00f3 despu\u00e9s de la \u00abtoma 16\u00bb.<\/p>\n\n\n\n<p class=\"has-text-align-justify has-domine-font-family has-custom-font wp-block-paragraph\" style=\"font-family:domine\">La \u00abToma 28\u00bb, que fue mal etiquetada como \u00abtoma 9\u00bb en la segunda caja de cintas, fue incluida en la caja del 50 aniversario. El arreglo fue una vez m\u00e1s diferente en esta toma, terminando con Paul tartamudeando en su letra final:<em> dark black, dark black, dark black night<\/em>.<\/p>\n\n\n\n<figure class=\"wp-block-audio\"><audio controls src=\"https:\/\/elabrevaderojm.com\/wp-content\/uploads\/2024\/06\/blackbird-take-28.mp3\"><\/audio><\/figure>\n\n\n\n<p class=\"has-text-align-justify has-domine-font-family has-custom-font wp-block-paragraph\" style=\"font-family:domine\">Una vez terminada la toma, Paul instruye al equipo de ingenier\u00eda: \u00ab\u00bfQuieren quedarse con algunas que creen que valen la pena, ya saben? Mira, si alguna vez lo alcanzamos, yo podr\u00e9 decirte cuando lo haya hecho. No lo s\u00e9, \u00bfsabes?<\/p>\n\n\n\n<p class=\"has-domine-font-family has-custom-font wp-block-paragraph\" style=\"font-family:domine\">Luego, con su novia Francie Schwartz, intercambia frases:<\/p>\n\n\n\n<figure class=\"wp-block-table has-crimson-pro-font-family\"><table class=\"has-text-color has-background has-link-color has-fixed-layout\" style=\"color:#f60202;background:linear-gradient(135deg,rgb(255,245,203) 0%,rgb(182,227,212) 60%,rgb(51,167,181) 100%)\"><tbody><tr><td><strong>Paul:<\/strong> Deber\u00eda pensar que s\u00ed, solo necesita olvidarlo<br><strong>Francie:<\/strong> S\u00ed<br><strong>Paul:<\/strong> Es una decisi\u00f3n qu\u00e9 voz usar, ya sabes. Creo que es mejor m\u00e1s tranquilo.<br><strong>Francie:<\/strong> Yo tambi\u00e9n.<\/td><\/tr><\/tbody><\/table><\/figure>\n\n\n\n<figure class=\"wp-block-embed aligncenter is-type-video is-provider-youtube wp-block-embed-youtube wp-embed-aspect-16-9 wp-has-aspect-ratio\"><div class=\"wp-block-embed__wrapper\">\n<div class=\"jetpack-video-wrapper\"><span class=\"embed-youtube\" style=\"text-align:center; display: block;\"><iframe loading=\"lazy\" class=\"youtube-player\" width=\"640\" height=\"360\" src=\"https:\/\/www.youtube.com\/embed\/dDZDmbqRIzw?version=3&#038;rel=1&#038;showsearch=0&#038;showinfo=1&#038;iv_load_policy=1&#038;fs=1&#038;hl=en-US&#038;autohide=2&#038;wmode=transparent\" allowfullscreen=\"true\" style=\"border:0;\" sandbox=\"allow-scripts allow-same-origin allow-popups allow-presentation allow-popups-to-escape-sandbox\"><\/iframe><\/span><\/div>\n<\/div><figcaption class=\"wp-element-caption\"><strong>Aquel 11 de junio de 1968, Paul McCartney estaba en Abbey Road<em> Studio 2<\/em> con su entonces novia Francie Schwartz tocando 2 canciones ac\u00fasticas para <em>The White Album<\/em>.<\/strong><\/figcaption><\/figure>\n\n\n\n<p class=\"has-text-align-justify has-domine-font-family has-custom-font wp-block-paragraph\" style=\"font-family:domine\"><strong>La toma 32 fue considerada la mejor<\/strong>. Paul luego dobl\u00f3 su voz durante los estribillos y agreg\u00f3 otra guitarra ac\u00fastica durante la secci\u00f3n instrumental central. La caja de cintas de EMI estipula que la voz original de Paul de la pista r\u00edtmica estaba en la pista 1 de la cinta de cuatro pistas, su zapateo estaba en la pista 2, su guitarra ac\u00fastica inicial estaba en la pista 3, y su voz y guitarra de doble pista estaban en la pista 4.&nbsp;<\/p>\n\n\n\n<p class=\"has-text-align-justify has-domine-font-family has-custom-font wp-block-paragraph\" style=\"font-family:domine\">Antes de que terminara esta sesi\u00f3n, Emerick hizo seis intentos de mezcla mono en la sala de control de EMI <em>Studio Two<\/em>, aunque ninguno de ellos se us\u00f3 en el disco lanzado. A las 12:15 a.m., <strong>la sesi\u00f3n hab\u00eda terminado<\/strong>. La \u00faltima mezcla cont\u00f3 con compases adicionales de guitarra al principio, que luego se omitieron.<\/p>\n\n\n\n<p class=\"has-text-align-justify has-domine-font-family has-custom-font wp-block-paragraph\" style=\"font-family:domine\">El 27 de agosto de 1968 se realiz\u00f3 una copia simple de la \u00abremezcla mono 6\u00bb en la sala de control, <strong>consider\u00e1ndose la mezcla mono terminada <\/strong>de la canci\u00f3n en ese momento. Esta copia de la cinta, junto con otras tres copias de cinta hechas en este d\u00eda, fueron llevadas por el <a href=\"https:\/\/es.wikipedia.org\/wiki\/Roadie\"><em>roadie<\/em> o pipa<\/a> <a href=\"https:\/\/es.wikipedia.org\/wiki\/Mal_Evans\">Malcolm \u00abMal\u00bb Evans<\/a>, sin duda para ser revisadas por los Beatles.<\/p>\n\n\n\n<div class=\"wp-block-jetpack-tiled-gallery aligncenter is-style-columns\"><div class=\"\"><div class=\"tiled-gallery__gallery\"><div class=\"tiled-gallery__row\"><div class=\"tiled-gallery__col\" style=\"flex-basis:53.47630%\"><figure class=\"tiled-gallery__item\"><img decoding=\"async\" data-attachment-id=\"17662\" data-permalink=\"https:\/\/elabrevaderojm.com\/en\/2024\/06\/11\/blackbird-a-proposito-de-la-reaparicion-de-esta-pieza-de-paul-mccartney-ii\/abbey_road-studio-2-escalera-a-control-room-1\/\" data-orig-file=\"https:\/\/i0.wp.com\/elabrevaderojm.com\/wp-content\/uploads\/2024\/06\/abbey_road-studio-2-escalera-a-control-room-1.jpg?fit=427%2C240&amp;ssl=1\" data-orig-size=\"427,240\" data-comments-opened=\"1\" data-image-meta=\"{&quot;aperture&quot;:&quot;0&quot;,&quot;credit&quot;:&quot;&quot;,&quot;camera&quot;:&quot;&quot;,&quot;caption&quot;:&quot;&quot;,&quot;created_timestamp&quot;:&quot;0&quot;,&quot;copyright&quot;:&quot;&quot;,&quot;focal_length&quot;:&quot;0&quot;,&quot;iso&quot;:&quot;0&quot;,&quot;shutter_speed&quot;:&quot;0&quot;,&quot;title&quot;:&quot;&quot;,&quot;orientation&quot;:&quot;1&quot;}\" data-image-title=\"abbey_road studio 2 escalera a control room 1\" data-image-description=\"\" data-image-caption=\"\" data-large-file=\"https:\/\/i0.wp.com\/elabrevaderojm.com\/wp-content\/uploads\/2024\/06\/abbey_road-studio-2-escalera-a-control-room-1.jpg?fit=427%2C240&amp;ssl=1\" role=\"button\" tabindex=\"0\" aria-label=\"Open image 1 of 4 in full-screen\" srcset=\"https:\/\/i0.wp.com\/elabrevaderojm.com\/wp-content\/uploads\/2024\/06\/abbey_road-studio-2-escalera-a-control-room-1.jpg?strip=info&#038;w=427&#038;ssl=1 427w\" alt=\"\" data-height=\"240\" data-id=\"17662\" data-link=\"https:\/\/elabrevaderojm.com\/?attachment_id=17662\" data-url=\"https:\/\/elabrevaderojm.com\/wp-content\/uploads\/2024\/06\/abbey_road-studio-2-escalera-a-control-room-1.jpg?w=427\" data-width=\"427\" src=\"https:\/\/i0.wp.com\/elabrevaderojm.com\/wp-content\/uploads\/2024\/06\/abbey_road-studio-2-escalera-a-control-room-1.jpg?ssl=1\" data-amp-layout=\"responsive\" tabindex=\"0\" role=\"button\" aria-label=\"Abrir la imagen 1 de 4 en pantalla completa\"\/><\/figure><\/div><div class=\"tiled-gallery__col\" style=\"flex-basis:16.31093%\"><figure class=\"tiled-gallery__item\"><img decoding=\"async\" data-attachment-id=\"17661\" data-permalink=\"https:\/\/elabrevaderojm.com\/en\/2024\/06\/11\/blackbird-a-proposito-de-la-reaparicion-de-esta-pieza-de-paul-mccartney-ii\/abbey_road-studio-2-control-room-1\/\" data-orig-file=\"https:\/\/i0.wp.com\/elabrevaderojm.com\/wp-content\/uploads\/2024\/06\/abbey_road-studio-2-control-room-1.jpg?fit=382%2C262&amp;ssl=1\" data-orig-size=\"382,262\" data-comments-opened=\"1\" data-image-meta=\"{&quot;aperture&quot;:&quot;0&quot;,&quot;credit&quot;:&quot;&quot;,&quot;camera&quot;:&quot;&quot;,&quot;caption&quot;:&quot;&quot;,&quot;created_timestamp&quot;:&quot;0&quot;,&quot;copyright&quot;:&quot;&quot;,&quot;focal_length&quot;:&quot;0&quot;,&quot;iso&quot;:&quot;0&quot;,&quot;shutter_speed&quot;:&quot;0&quot;,&quot;title&quot;:&quot;&quot;,&quot;orientation&quot;:&quot;1&quot;}\" data-image-title=\"abbey_road studio 2 control room 1\" data-image-description=\"\" data-image-caption=\"\" data-large-file=\"https:\/\/i0.wp.com\/elabrevaderojm.com\/wp-content\/uploads\/2024\/06\/abbey_road-studio-2-control-room-1.jpg?fit=382%2C262&amp;ssl=1\" role=\"button\" tabindex=\"0\" aria-label=\"Open image 2 of 4 in full-screen\" srcset=\"https:\/\/i0.wp.com\/elabrevaderojm.com\/wp-content\/uploads\/2024\/06\/abbey_road-studio-2-control-room-1.jpg?strip=info&#038;w=382&#038;ssl=1 382w\" alt=\"\" data-height=\"262\" data-id=\"17661\" data-link=\"https:\/\/elabrevaderojm.com\/?attachment_id=17661\" data-url=\"https:\/\/elabrevaderojm.com\/wp-content\/uploads\/2024\/06\/abbey_road-studio-2-control-room-1.jpg?w=382\" data-width=\"382\" src=\"https:\/\/i0.wp.com\/elabrevaderojm.com\/wp-content\/uploads\/2024\/06\/abbey_road-studio-2-control-room-1.jpg?ssl=1\" data-amp-layout=\"responsive\" tabindex=\"0\" role=\"button\" aria-label=\"Abrir la imagen 2 de 4 en pantalla completa\"\/><\/figure><figure class=\"tiled-gallery__item\"><img decoding=\"async\" data-attachment-id=\"17663\" data-permalink=\"https:\/\/elabrevaderojm.com\/en\/2024\/06\/11\/blackbird-a-proposito-de-la-reaparicion-de-esta-pieza-de-paul-mccartney-ii\/mal-e-1\/\" data-orig-file=\"https:\/\/i0.wp.com\/elabrevaderojm.com\/wp-content\/uploads\/2024\/06\/mal-e-1.jpg?fit=368%2C420&amp;ssl=1\" data-orig-size=\"368,420\" data-comments-opened=\"1\" data-image-meta=\"{&quot;aperture&quot;:&quot;0&quot;,&quot;credit&quot;:&quot;&quot;,&quot;camera&quot;:&quot;&quot;,&quot;caption&quot;:&quot;&quot;,&quot;created_timestamp&quot;:&quot;0&quot;,&quot;copyright&quot;:&quot;&quot;,&quot;focal_length&quot;:&quot;0&quot;,&quot;iso&quot;:&quot;0&quot;,&quot;shutter_speed&quot;:&quot;0&quot;,&quot;title&quot;:&quot;&quot;,&quot;orientation&quot;:&quot;1&quot;}\" data-image-title=\"mal e 1\" data-image-description=\"\" data-image-caption=\"\" data-large-file=\"https:\/\/i0.wp.com\/elabrevaderojm.com\/wp-content\/uploads\/2024\/06\/mal-e-1.jpg?fit=368%2C420&amp;ssl=1\" role=\"button\" tabindex=\"0\" aria-label=\"Open image 3 of 4 in full-screen\" srcset=\"https:\/\/i0.wp.com\/elabrevaderojm.com\/wp-content\/uploads\/2024\/06\/mal-e-1.jpg?strip=info&#038;w=368&#038;ssl=1 368w\" alt=\"\" data-height=\"420\" data-id=\"17663\" data-link=\"https:\/\/elabrevaderojm.com\/?attachment_id=17663\" data-url=\"https:\/\/elabrevaderojm.com\/wp-content\/uploads\/2024\/06\/mal-e-1.jpg?w=368\" data-width=\"368\" src=\"https:\/\/i0.wp.com\/elabrevaderojm.com\/wp-content\/uploads\/2024\/06\/mal-e-1.jpg?ssl=1\" data-amp-layout=\"responsive\" tabindex=\"0\" role=\"button\" aria-label=\"Abrir la imagen 3 de 4 en pantalla completa\"\/><\/figure><\/div><div class=\"tiled-gallery__col\" style=\"flex-basis:30.21277%\"><figure class=\"tiled-gallery__item\"><img decoding=\"async\" data-attachment-id=\"17670\" data-permalink=\"https:\/\/elabrevaderojm.com\/en\/2024\/06\/11\/blackbird-a-proposito-de-la-reaparicion-de-esta-pieza-de-paul-mccartney-ii\/abbey-road-tudio-2ig-1-1\/\" data-orig-file=\"https:\/\/i0.wp.com\/elabrevaderojm.com\/wp-content\/uploads\/2024\/06\/abbey-road-tudio-2ig-1-1.jpg?fit=348%2C348&amp;ssl=1\" data-orig-size=\"348,348\" data-comments-opened=\"1\" data-image-meta=\"{&quot;aperture&quot;:&quot;0&quot;,&quot;credit&quot;:&quot;&quot;,&quot;camera&quot;:&quot;&quot;,&quot;caption&quot;:&quot;&quot;,&quot;created_timestamp&quot;:&quot;0&quot;,&quot;copyright&quot;:&quot;&quot;,&quot;focal_length&quot;:&quot;0&quot;,&quot;iso&quot;:&quot;0&quot;,&quot;shutter_speed&quot;:&quot;0&quot;,&quot;title&quot;:&quot;&quot;,&quot;orientation&quot;:&quot;1&quot;}\" data-image-title=\"abbey-road-tudio-2ig-1-1\" data-image-description=\"\" data-image-caption=\"\" data-large-file=\"https:\/\/i0.wp.com\/elabrevaderojm.com\/wp-content\/uploads\/2024\/06\/abbey-road-tudio-2ig-1-1.jpg?fit=348%2C348&amp;ssl=1\" role=\"button\" tabindex=\"0\" aria-label=\"Open image 4 of 4 in full-screen\" srcset=\"https:\/\/i0.wp.com\/elabrevaderojm.com\/wp-content\/uploads\/2024\/06\/abbey-road-tudio-2ig-1-1.jpg?strip=info&#038;w=348&#038;ssl=1 348w\" alt=\"\" data-height=\"348\" data-id=\"17670\" data-link=\"https:\/\/elabrevaderojm.com\/?attachment_id=17670\" data-url=\"https:\/\/elabrevaderojm.com\/wp-content\/uploads\/2024\/06\/abbey-road-tudio-2ig-1-1.jpg?w=348\" data-width=\"348\" src=\"https:\/\/i0.wp.com\/elabrevaderojm.com\/wp-content\/uploads\/2024\/06\/abbey-road-tudio-2ig-1-1.jpg?ssl=1\" data-amp-layout=\"responsive\" tabindex=\"0\" role=\"button\" aria-label=\"Abrir la imagen 4 de 4 en pantalla completa\"\/><\/figure><\/div><\/div><\/div><\/div><\/div>\n\n\n\n<p class=\"has-text-align-center has-bodoni-moda-font-family has-custom-font wp-block-paragraph\" style=\"font-family:bodoni-moda\"><strong>En la foto de la extrema derecha los Beatles trabajan en el Studio 2. La foto de la extrema izquierda muestra la perspectiva que permite ver la escalera que lleva a la sala de control (foto del medio, arriba). Debajo: Mal Evans. <\/strong><\/p>\n\n\n\n<p class=\"has-text-align-justify has-domine-font-family has-custom-font wp-block-paragraph\" style=\"font-family:domine\">Tanto las mezclas est\u00e9reo como las mono que se lanzaron al p\u00fablico fueron realizadas el 13 de octubre de 1968 por George Martin y los ingenieros <a href=\"https:\/\/es.wikipedia.org\/wiki\/Ken_Scott\">Ken Scott<\/a> y John Smith en la sala de control de EMI <em>Studio Two<\/em>. La mezcla est\u00e9reo se hizo primero, y <strong>solo se necesit\u00f3 un intento para cada una de las mezclas<\/strong> est\u00e9reo y mono.&nbsp;La mezcla mono, por alguna raz\u00f3n, fue designada como \u00abremezcla 10\u00bb a pesar de que solo se hab\u00edan intentado seis mezclas mono hasta ese momento.<\/p>\n\n\n\n<div class=\"wp-block-jetpack-tiled-gallery aligncenter is-style-rectangular\"><div class=\"\"><div class=\"tiled-gallery__gallery\"><div class=\"tiled-gallery__row\"><div class=\"tiled-gallery__col\" style=\"flex-basis:30.19090%\"><figure class=\"tiled-gallery__item\"><img decoding=\"async\" data-attachment-id=\"17664\" data-permalink=\"https:\/\/elabrevaderojm.com\/en\/2024\/06\/11\/blackbird-a-proposito-de-la-reaparicion-de-esta-pieza-de-paul-mccartney-ii\/george-m-1-2\/\" data-orig-file=\"https:\/\/i0.wp.com\/elabrevaderojm.com\/wp-content\/uploads\/2024\/06\/george-m-1.jpg?fit=291%2C392&amp;ssl=1\" data-orig-size=\"291,392\" data-comments-opened=\"1\" data-image-meta=\"{&quot;aperture&quot;:&quot;0&quot;,&quot;credit&quot;:&quot;&quot;,&quot;camera&quot;:&quot;&quot;,&quot;caption&quot;:&quot;&quot;,&quot;created_timestamp&quot;:&quot;0&quot;,&quot;copyright&quot;:&quot;&quot;,&quot;focal_length&quot;:&quot;0&quot;,&quot;iso&quot;:&quot;0&quot;,&quot;shutter_speed&quot;:&quot;0&quot;,&quot;title&quot;:&quot;&quot;,&quot;orientation&quot;:&quot;1&quot;}\" data-image-title=\"george m 1\" data-image-description=\"\" data-image-caption=\"\" data-large-file=\"https:\/\/i0.wp.com\/elabrevaderojm.com\/wp-content\/uploads\/2024\/06\/george-m-1.jpg?fit=291%2C392&amp;ssl=1\" role=\"button\" tabindex=\"0\" aria-label=\"Open image 1 of 2 in full-screen\" srcset=\"https:\/\/i0.wp.com\/elabrevaderojm.com\/wp-content\/uploads\/2024\/06\/george-m-1.jpg?strip=info&#038;w=291&#038;ssl=1 291w\" alt=\"\" data-height=\"392\" data-id=\"17664\" data-link=\"https:\/\/elabrevaderojm.com\/?attachment_id=17664\" data-url=\"https:\/\/elabrevaderojm.com\/wp-content\/uploads\/2024\/06\/george-m-1.jpg?w=291\" data-width=\"291\" src=\"https:\/\/i0.wp.com\/elabrevaderojm.com\/wp-content\/uploads\/2024\/06\/george-m-1.jpg?ssl=1\" data-amp-layout=\"responsive\" tabindex=\"0\" role=\"button\" aria-label=\"Abrir la imagen 1 de 2 en pantalla completa\"\/><\/figure><\/div><div class=\"tiled-gallery__col\" style=\"flex-basis:69.80910%\"><figure class=\"tiled-gallery__item\"><img decoding=\"async\" data-attachment-id=\"17666\" data-permalink=\"https:\/\/elabrevaderojm.com\/en\/2024\/06\/11\/blackbird-a-proposito-de-la-reaparicion-de-esta-pieza-de-paul-mccartney-ii\/ken-john-1\/\" data-orig-file=\"https:\/\/i0.wp.com\/elabrevaderojm.com\/wp-content\/uploads\/2024\/06\/ken-john-1.jpg?fit=374%2C217&amp;ssl=1\" data-orig-size=\"374,217\" data-comments-opened=\"1\" data-image-meta=\"{&quot;aperture&quot;:&quot;4&quot;,&quot;credit&quot;:&quot;&quot;,&quot;camera&quot;:&quot;Canon EOS 5D&quot;,&quot;caption&quot;:&quot;&quot;,&quot;created_timestamp&quot;:&quot;1163073957&quot;,&quot;copyright&quot;:&quot;mike banks - mike@recordproduction.com&quot;,&quot;focal_length&quot;:&quot;50&quot;,&quot;iso&quot;:&quot;1000&quot;,&quot;shutter_speed&quot;:&quot;0.0125&quot;,&quot;title&quot;:&quot;&quot;,&quot;orientation&quot;:&quot;1&quot;}\" data-image-title=\"ken + john 1\" data-image-description=\"\" data-image-caption=\"\" data-large-file=\"https:\/\/i0.wp.com\/elabrevaderojm.com\/wp-content\/uploads\/2024\/06\/ken-john-1.jpg?fit=374%2C217&amp;ssl=1\" role=\"button\" tabindex=\"0\" aria-label=\"Open image 2 of 2 in full-screen\" srcset=\"https:\/\/i0.wp.com\/elabrevaderojm.com\/wp-content\/uploads\/2024\/06\/ken-john-1.jpg?strip=info&#038;w=374&#038;ssl=1 374w\" alt=\"\" data-height=\"217\" data-id=\"17666\" data-link=\"https:\/\/elabrevaderojm.com\/?attachment_id=17666\" data-url=\"https:\/\/elabrevaderojm.com\/wp-content\/uploads\/2024\/06\/ken-john-1.jpg?w=374\" data-width=\"374\" src=\"https:\/\/i0.wp.com\/elabrevaderojm.com\/wp-content\/uploads\/2024\/06\/ken-john-1.jpg?ssl=1\" data-amp-layout=\"responsive\" tabindex=\"0\" role=\"button\" aria-label=\"Abrir la imagen 2 de 2 en pantalla completa\"\/><\/figure><\/div><\/div><\/div><\/div><\/div>\n\n\n\n<p class=\"has-text-align-center has-bodoni-moda-font-family has-custom-font wp-block-paragraph\" style=\"font-family:bodoni-moda\">Izquierda:<strong> George Martin en sus a\u00f1os mozos. <\/strong>Derecha:<strong> Ken Scott, John Smith y Richard Hale en el lanzamiento del libro <em>Recording the Beatles<\/em> en el famoso <em>Studio Two<\/em> en noviembre de 2006.<\/strong><\/p>\n\n\n\n<p class=\"has-text-align-justify has-domine-font-family has-custom-font wp-block-paragraph\" style=\"font-family:domine\">La \u00fanica diferencia notable entre las mezclas est\u00e9reo y mono es <strong>la colocaci\u00f3n de los efectos de sonido de los p\u00e1jaros<\/strong>, que se agregaron a la canci\u00f3n en esta etapa de mezcla. La mezcla mono deja el espacio abierto en la canci\u00f3n completamente silencioso, mientras que la mezcla est\u00e9reo incluye a los mirlos de la cinta de efectos de sonido cantando muy bien en el espacio abierto de la canci\u00f3n.<\/p>\n\n\n\n<h4 class=\"wp-block-heading has-text-align-center has-poppins-font-family has-custom-font\" style=\"font-family:poppins\"><strong>Los p\u00e1jaros<\/strong>:<\/h4>\n\n\n\n<p class=\"has-text-align-justify has-domine-font-family has-custom-font wp-block-paragraph\" style=\"font-family:domine\">Los <strong>efectos de sonido de la biblioteca de Abbey Road<\/strong> tambi\u00e9n se agregaron a la grabaci\u00f3n de cuatro pistas, hacia el final de la sesi\u00f3n, pues se incluyeron grabaciones de un <a href=\"https:\/\/es.wikipedia.org\/wiki\/Turdus_merula\">mirlo com\u00fan<\/a> macho cantando de fondo.<\/p>\n\n\n<div class=\"wp-block-image\">\n<figure class=\"aligncenter size-large\"><img data-recalc-dims=\"1\" loading=\"lazy\" decoding=\"async\" width=\"313\" height=\"245\" data-attachment-id=\"17678\" data-permalink=\"https:\/\/elabrevaderojm.com\/en\/2024\/06\/11\/blackbird-a-proposito-de-la-reaparicion-de-esta-pieza-de-paul-mccartney-ii\/mirlo_comun-1-1\/\" data-orig-file=\"https:\/\/i0.wp.com\/elabrevaderojm.com\/wp-content\/uploads\/2024\/06\/mirlo_comun-1-1.jpg?fit=313%2C245&amp;ssl=1\" data-orig-size=\"313,245\" data-comments-opened=\"1\" data-image-meta=\"{&quot;aperture&quot;:&quot;0&quot;,&quot;credit&quot;:&quot;&quot;,&quot;camera&quot;:&quot;&quot;,&quot;caption&quot;:&quot;&quot;,&quot;created_timestamp&quot;:&quot;0&quot;,&quot;copyright&quot;:&quot;&quot;,&quot;focal_length&quot;:&quot;0&quot;,&quot;iso&quot;:&quot;0&quot;,&quot;shutter_speed&quot;:&quot;0&quot;,&quot;title&quot;:&quot;&quot;,&quot;orientation&quot;:&quot;1&quot;}\" data-image-title=\"mirlo_comun-1-1\" data-image-description=\"\" data-image-caption=\"\" data-large-file=\"https:\/\/i0.wp.com\/elabrevaderojm.com\/wp-content\/uploads\/2024\/06\/mirlo_comun-1-1.jpg?fit=313%2C245&amp;ssl=1\" src=\"https:\/\/i0.wp.com\/elabrevaderojm.com\/wp-content\/uploads\/2024\/06\/mirlo_comun-1-1.jpg?resize=313%2C245&#038;ssl=1\" alt=\"\" class=\"wp-image-17678\"\/><figcaption class=\"wp-element-caption\"><strong>El mirlo euroasi\u00e1tico era probablemente el p\u00e1jaro al que Macca se refer\u00edan en la canci\u00f3n metaf\u00f3rica. Seg\u00fan una fuente, <a href=\"https:\/\/es.wikipedia.org\/wiki\/Paul_McCartney\">Paul McCartney<\/a> y el resto de los <a href=\"https:\/\/es.wikipedia.org\/wiki\/The_Beatles\">Beatles<\/a> sin duda crecieron escuchando mirlos euroasi\u00e1ticos, en su casa de <a href=\"https:\/\/es.wikipedia.org\/wiki\/Liverpool\">Liverpool<\/a>. Los mirlos euroasi\u00e1ticos son comunes en los jardines y en todo el campo de <a href=\"https:\/\/es.wikipedia.org\/wiki\/Reino_Unido\">Gran Breta\u00f1a<\/a>.<\/strong><\/figcaption><\/figure>\n<\/div>\n\n\n<div class=\"wp-block-media-text is-stacked-on-mobile\" style=\"grid-template-columns:18% auto\"><figure class=\"wp-block-media-text__media\"><img data-recalc-dims=\"1\" loading=\"lazy\" decoding=\"async\" width=\"302\" height=\"455\" data-attachment-id=\"17684\" data-permalink=\"https:\/\/elabrevaderojm.com\/en\/2024\/06\/11\/blackbird-a-proposito-de-la-reaparicion-de-esta-pieza-de-paul-mccartney-ii\/mark-l-1-1\/\" data-orig-file=\"https:\/\/i0.wp.com\/elabrevaderojm.com\/wp-content\/uploads\/2024\/06\/mark-l-1-1.jpg?fit=302%2C455&amp;ssl=1\" data-orig-size=\"302,455\" data-comments-opened=\"1\" data-image-meta=\"{&quot;aperture&quot;:&quot;0&quot;,&quot;credit&quot;:&quot;&quot;,&quot;camera&quot;:&quot;&quot;,&quot;caption&quot;:&quot;&quot;,&quot;created_timestamp&quot;:&quot;0&quot;,&quot;copyright&quot;:&quot;&quot;,&quot;focal_length&quot;:&quot;0&quot;,&quot;iso&quot;:&quot;0&quot;,&quot;shutter_speed&quot;:&quot;0&quot;,&quot;title&quot;:&quot;&quot;,&quot;orientation&quot;:&quot;1&quot;}\" data-image-title=\"mark-l-1-1\" data-image-description=\"\" data-image-caption=\"\" data-large-file=\"https:\/\/i0.wp.com\/elabrevaderojm.com\/wp-content\/uploads\/2024\/06\/mark-l-1-1.jpg?fit=302%2C455&amp;ssl=1\" src=\"https:\/\/i0.wp.com\/elabrevaderojm.com\/wp-content\/uploads\/2024\/06\/mark-l-1-1.jpg?resize=302%2C455&#038;ssl=1\" alt=\"\" class=\"wp-image-17684 size-full\"\/><\/figure><div class=\"wp-block-media-text__content\">\n<p class=\"has-text-align-justify has-domine-font-family has-custom-font wp-block-paragraph\" style=\"font-family:domine\"><a href=\"https:\/\/es.wikipedia.org\/wiki\/Mark_Lewisohn\">Mark Lewisohn<\/a> (en la foto) en su libro <em>The Complete Beatles Recording Sessions: The Official Story of the Abbey Road years 1962-1970 <\/em>(\u00abLas sesiones completas de grabaci\u00f3n de los Beatles\u00bb), explica que estos efectos de sonido de p\u00e1jaros fueron \u00abcortes\u00eda de <em>Volume Seven: Birds Of Feather,<\/em> de la colecci\u00f3n de efectos de sonido grabados de Abbey Road\u00bb.<\/p>\n<\/div><\/div>\n\n\n\n<figure class=\"wp-block-table has-literata-font-family\"><table class=\"has-pale-ocean-gradient-background has-background has-fixed-layout\" style=\"border-width:4px\"><tbody><tr><td><strong><mark style=\"background-color:rgba(0, 0, 0, 0);color:#f70101\" class=\"has-inline-color\">RELACIONADO:<\/mark><\/strong> <a href=\"https:\/\/elabrevaderojm.com\/2024\/06\/11\/apendice-a-blackbird-a-proposito-de-la-reaparicion-de-esta-pieza-de-paul-mccartney\/\"><strong>Ap\u00e9ndice a<em> \u00abBlackbird<\/em>: a prop\u00f3sito de la \u00abreaparici\u00f3n\u00bb de esta pieza de Paul McCartney<\/strong>\u00bb<\/a> (para saber m\u00e1s del libro; <strong>punto 11<\/strong>).<\/td><\/tr><\/tbody><\/table><\/figure>\n\n\n\n<div class=\"wp-block-media-text has-media-on-the-right is-stacked-on-mobile\" style=\"grid-template-columns:auto 28%\"><div class=\"wp-block-media-text__content\">\n<p class=\"has-text-align-justify has-domine-font-family has-custom-font wp-block-paragraph\" style=\"font-family:domine\">El ingeniero en sonido Stuart Eltham (en la foto) dijo para el mismo libro:<\/p>\n\n\n\n<p class=\"has-text-align-justify has-domine-font-family has-custom-font wp-block-paragraph\" style=\"font-size:17px;font-family:domine\">\u00abLo grab\u00e9 <strong>en una de las primeras grabadoras port\u00e1tiles de EMI<\/strong>, en el jard\u00edn trasero de mi casa en Ickenham, alrededor de 1965. Hay dos grabaciones, una del p\u00e1jaro cantando, la otra haciendo un sonido de alarma cuando lo sobresalt\u00e9\u00bb.<\/p>\n<\/div><figure class=\"wp-block-media-text__media\"><img data-recalc-dims=\"1\" loading=\"lazy\" decoding=\"async\" width=\"300\" height=\"300\" data-attachment-id=\"17694\" data-permalink=\"https:\/\/elabrevaderojm.com\/en\/2024\/06\/11\/blackbird-a-proposito-de-la-reaparicion-de-esta-pieza-de-paul-mccartney-ii\/stuart-e\/\" data-orig-file=\"https:\/\/i0.wp.com\/elabrevaderojm.com\/wp-content\/uploads\/2024\/06\/stuart-e.jpg?fit=300%2C300&amp;ssl=1\" data-orig-size=\"300,300\" data-comments-opened=\"1\" data-image-meta=\"{&quot;aperture&quot;:&quot;0&quot;,&quot;credit&quot;:&quot;&quot;,&quot;camera&quot;:&quot;&quot;,&quot;caption&quot;:&quot;&quot;,&quot;created_timestamp&quot;:&quot;0&quot;,&quot;copyright&quot;:&quot;&quot;,&quot;focal_length&quot;:&quot;0&quot;,&quot;iso&quot;:&quot;0&quot;,&quot;shutter_speed&quot;:&quot;0&quot;,&quot;title&quot;:&quot;&quot;,&quot;orientation&quot;:&quot;1&quot;}\" data-image-title=\"stuart-e\" data-image-description=\"\" data-image-caption=\"\" data-large-file=\"https:\/\/i0.wp.com\/elabrevaderojm.com\/wp-content\/uploads\/2024\/06\/stuart-e.jpg?fit=300%2C300&amp;ssl=1\" src=\"https:\/\/i0.wp.com\/elabrevaderojm.com\/wp-content\/uploads\/2024\/06\/stuart-e.jpg?resize=300%2C300&#038;ssl=1\" alt=\"\" class=\"wp-image-17694 size-full\"\/><\/figure><\/div>\n\n\n\n<p class=\"has-domine-font-family has-custom-font wp-block-paragraph\" style=\"font-family:domine\">Sin embargo, Emerick coment\u00f3 para su libro:<\/p>\n\n\n\n<p class=\"has-text-align-justify has-domine-font-family has-custom-font wp-block-paragraph\" style=\"font-size:17px;font-family:domine\">\u00ab<strong>La mayor\u00eda de los ruidos de los p\u00e1jaros fueron doblados m\u00e1s tarde<\/strong>, a partir de un disco de efectos de sonido, pero un par de ellos eran en vivo, gorriones y pinzones cantando fuera del estudio de Abbey Road en una suave v\u00edspera de verano junto con Paul McCartney\u00bb.<\/p>\n\n\n\n<p class=\"has-text-align-justify has-domine-font-family has-custom-font wp-block-paragraph\" style=\"font-family:domine\">El ingeniero Ken Scott rebati\u00f3 eso al decir que \u00ablos \u00fanicos sonidos de p\u00e1jaros presentes eran de una cinta de efectos de sonido de EMI (que Paul y yo pusimos all\u00ed) y, curiosamente, <strong>no hab\u00eda ruidos de tr\u00e1fico, ni sonidos de aviones ni ning\u00fan otro sonido<\/strong> que uno esperar\u00eda grabar afuera\u00bb. Parece, por lo tanto, que Geoff estaba confundiendo esta sesi\u00f3n de grabaci\u00f3n con otra el 30 de agosto de 1974 donde Paul interpret\u00f3 la canci\u00f3n al aire libre.<\/p>\n\n\n\n<p class=\"has-domine-font-family has-custom-font wp-block-paragraph\" style=\"font-family:domine\">Paul explic\u00f3 en su libro <em>The Lyrics<\/em>:<\/p>\n\n\n\n<p class=\"has-text-align-justify has-domine-font-family has-custom-font wp-block-paragraph\" style=\"font-size:17px;font-family:domine\">\u00abEMI era una compa\u00f1\u00eda discogr\u00e1fica tan abarcadora de la variedad antigua que <strong>ten\u00edan una biblioteca de sonidos<\/strong> en el mismo edificio que el estudio. Si quer\u00eda incluir el sonido de los mirlos cantando en la canci\u00f3n <em>Blackbird<\/em>, pod\u00eda encontrarlo en el cat\u00e1logo y pedirlo, y alguien sub\u00eda y lo cog\u00eda de la biblioteca y lo llevaba al estudio. As\u00ed que empezamos a jugar con esta biblioteca, y fue muy liberador\u00bb.&nbsp;<\/p>\n\n\n\n<p class=\"has-domine-font-family has-custom-font wp-block-paragraph\" style=\"font-family:domine\">Luego, ahond\u00f3 en el deseo de tener este efecto de sonido en la canci\u00f3n:<\/p>\n\n\n\n<p class=\"has-text-align-justify has-domine-font-family has-custom-font wp-block-paragraph\" style=\"font-size:17px;font-family:domine\">\u00abEl \u00fanico punto en el que est\u00e1bamos pensando en ponerle algo era cuando vuelve a entrar al final, se detiene y luego vuelve a entrar. Entonces, en lugar de ponerle un respaldo, le pusimos un mirlo, as\u00ed que <strong>hay un mirlo cantando al final<\/strong>. Alguien dijo que era un zorzal, pero yo creo que era un mirlo&#8230; Hizo un muy buen trabajo, pens\u00e9. Canta muy bien en eso\u00bb.<\/p>\n\n\n\n<p class=\"has-domine-font-family has-custom-font wp-block-paragraph\" style=\"font-family:domine\">Stuart Eltham confirm\u00f3 que era un mirlo.<\/p>\n\n\n\n<p class=\"has-text-align-justify has-domine-font-family has-custom-font wp-block-paragraph\" style=\"font-family:domine\">La canci\u00f3n fue remezclada el 13 de octubre de 1968, despu\u00e9s de que McCartney se diera cuenta de que <strong><em>Blackbird<\/em> sonar\u00eda mejor con el sonido de los p\u00e1jaros reales<\/strong>.<\/p>\n\n\n\n<p class=\"has-text-align-justify has-domine-font-family has-custom-font wp-block-paragraph\" style=\"font-family:domine\">La versi\u00f3n <a href=\"https:\/\/es.wikipedia.org\/wiki\/Sonido_monoaural\">mono<\/a> contiene los sonidos de los p\u00e1jaros unos segundos antes que la grabaci\u00f3n <a href=\"https:\/\/es.wikipedia.org\/wiki\/Sonido_estereof%C3%B3nico\">est\u00e9reo<\/a>, y se public\u00f3 originalmente en una grabaci\u00f3n mono de <em>The Beatles<\/em> (desde entonces se ha publicado en todo el mundo como parte dela caja de <em>CD <\/em><a href=\"https:\/\/es.wikipedia.org\/wiki\/The_Beatles_in_Mono\"><em>The Beatles in Mono<\/em><\/a>). <\/p>\n\n\n\n<figure class=\"wp-block-gallery has-nested-images columns-default is-cropped wp-block-gallery-3 is-layout-flex wp-block-gallery-is-layout-flex\">\n<figure class=\"wp-block-image size-large\"><img data-recalc-dims=\"1\" loading=\"lazy\" decoding=\"async\" width=\"291\" height=\"300\" data-attachment-id=\"17698\" data-permalink=\"https:\/\/elabrevaderojm.com\/en\/2024\/06\/11\/blackbird-a-proposito-de-la-reaparicion-de-esta-pieza-de-paul-mccartney-ii\/the-beatles-in-mono-caja-cd\/\" data-orig-file=\"https:\/\/i0.wp.com\/elabrevaderojm.com\/wp-content\/uploads\/2024\/06\/the-beatles-in-mono-caja-cd.jpg?fit=291%2C300&amp;ssl=1\" data-orig-size=\"291,300\" data-comments-opened=\"1\" data-image-meta=\"{&quot;aperture&quot;:&quot;0&quot;,&quot;credit&quot;:&quot;&quot;,&quot;camera&quot;:&quot;&quot;,&quot;caption&quot;:&quot;&quot;,&quot;created_timestamp&quot;:&quot;0&quot;,&quot;copyright&quot;:&quot;&quot;,&quot;focal_length&quot;:&quot;0&quot;,&quot;iso&quot;:&quot;0&quot;,&quot;shutter_speed&quot;:&quot;0&quot;,&quot;title&quot;:&quot;&quot;,&quot;orientation&quot;:&quot;0&quot;}\" data-image-title=\"the beatles in mono caja CD\" data-image-description=\"\" data-image-caption=\"\" data-large-file=\"https:\/\/i0.wp.com\/elabrevaderojm.com\/wp-content\/uploads\/2024\/06\/the-beatles-in-mono-caja-cd.jpg?fit=291%2C300&amp;ssl=1\" data-id=\"17698\" src=\"https:\/\/i0.wp.com\/elabrevaderojm.com\/wp-content\/uploads\/2024\/06\/the-beatles-in-mono-caja-cd.jpg?resize=291%2C300&#038;ssl=1\" alt=\"\" class=\"wp-image-17698\"\/><figcaption class=\"wp-element-caption\"><strong>caja<\/strong><\/figcaption><\/figure>\n\n\n\n<figure class=\"wp-block-image size-large\"><img data-recalc-dims=\"1\" loading=\"lazy\" decoding=\"async\" width=\"640\" height=\"640\" data-attachment-id=\"17699\" data-permalink=\"https:\/\/elabrevaderojm.com\/en\/2024\/06\/11\/blackbird-a-proposito-de-la-reaparicion-de-esta-pieza-de-paul-mccartney-ii\/the-beatles-in-mono\/\" data-orig-file=\"https:\/\/i0.wp.com\/elabrevaderojm.com\/wp-content\/uploads\/2024\/06\/the-beatles-in-mono.jpg?fit=1000%2C1000&amp;ssl=1\" data-orig-size=\"1000,1000\" data-comments-opened=\"1\" data-image-meta=\"{&quot;aperture&quot;:&quot;0&quot;,&quot;credit&quot;:&quot;&quot;,&quot;camera&quot;:&quot;&quot;,&quot;caption&quot;:&quot;&quot;,&quot;created_timestamp&quot;:&quot;0&quot;,&quot;copyright&quot;:&quot;&quot;,&quot;focal_length&quot;:&quot;0&quot;,&quot;iso&quot;:&quot;0&quot;,&quot;shutter_speed&quot;:&quot;0&quot;,&quot;title&quot;:&quot;&quot;,&quot;orientation&quot;:&quot;0&quot;}\" data-image-title=\"the beatles in mono\" data-image-description=\"\" data-image-caption=\"\" data-large-file=\"https:\/\/i0.wp.com\/elabrevaderojm.com\/wp-content\/uploads\/2024\/06\/the-beatles-in-mono.jpg?fit=640%2C640&amp;ssl=1\" data-id=\"17699\" src=\"https:\/\/i0.wp.com\/elabrevaderojm.com\/wp-content\/uploads\/2024\/06\/the-beatles-in-mono.jpg?resize=640%2C640&#038;ssl=1\" alt=\"\" class=\"wp-image-17699\"\/><figcaption class=\"wp-element-caption\"><strong>\u00e1lbum<\/strong><\/figcaption><\/figure>\n\n\n\n<figure class=\"wp-block-image size-large\"><img data-recalc-dims=\"1\" loading=\"lazy\" decoding=\"async\" width=\"300\" height=\"300\" data-attachment-id=\"17700\" data-permalink=\"https:\/\/elabrevaderojm.com\/en\/2024\/06\/11\/blackbird-a-proposito-de-la-reaparicion-de-esta-pieza-de-paul-mccartney-ii\/love_the_beatles_album-1\/\" data-orig-file=\"https:\/\/i0.wp.com\/elabrevaderojm.com\/wp-content\/uploads\/2024\/06\/love_the_beatles_album-1.jpg?fit=300%2C300&amp;ssl=1\" data-orig-size=\"300,300\" data-comments-opened=\"1\" data-image-meta=\"{&quot;aperture&quot;:&quot;0&quot;,&quot;credit&quot;:&quot;&quot;,&quot;camera&quot;:&quot;&quot;,&quot;caption&quot;:&quot;The Beatles\\u0026apos; \\u0026apos;LOVE\\u0026apos; album and \\u0026apos;All Together Now,\\u0026apos; the feature-length documentary about the making of The Beatles LOVE by Cirque du Soleil(R), will make their worldwide digital debuts this month exclusively on the iTunes Store(R) (www.itunes.com).  Both titles are available for pre-order on iTunes starting today in most countries.  \\u0026apos;LOVE\\u0026apos; will be released on iTunes worldwide February 8 and \\u0026apos;All Together Now\\u0026apos; will follow soon after. www.thebeatles.com \/ www.cirquedusoleil.com\/love.  (PRNewsFoto\/EMI Music)&quot;,&quot;created_timestamp&quot;:&quot;1296553210&quot;,&quot;copyright&quot;:&quot;&quot;,&quot;focal_length&quot;:&quot;0&quot;,&quot;iso&quot;:&quot;0&quot;,&quot;shutter_speed&quot;:&quot;0&quot;,&quot;title&quot;:&quot;&quot;,&quot;orientation&quot;:&quot;1&quot;}\" data-image-title=\"Love_(The_Beatles_album) 1\" data-image-description=\"\" data-image-caption=\"&lt;p&gt;The Beatles&amp;apos; &amp;apos;LOVE&amp;apos; album and &amp;apos;All Together Now,&amp;apos; the feature-length documentary about the making of The Beatles LOVE by Cirque du Soleil(R), will make their worldwide digital debuts this month exclusively on the iTunes Store(R) (www.itunes.com).  Both titles are available for pre-order on iTunes starting today in most countries.  &amp;apos;LOVE&amp;apos; will be released on iTunes worldwide February 8 and &amp;apos;All Together Now&amp;apos; will follow soon after. www.thebeatles.com \/ www.cirquedusoleil.com\/love.  (PRNewsFoto\/EMI Music)&lt;\/p&gt;\n\" data-large-file=\"https:\/\/i0.wp.com\/elabrevaderojm.com\/wp-content\/uploads\/2024\/06\/love_the_beatles_album-1.jpg?fit=300%2C300&amp;ssl=1\" data-id=\"17700\" src=\"https:\/\/i0.wp.com\/elabrevaderojm.com\/wp-content\/uploads\/2024\/06\/love_the_beatles_album-1.jpg?resize=300%2C300&#038;ssl=1\" alt=\"\" class=\"wp-image-17700\"\/><\/figure>\n<\/figure>\n\n\n\n<p class=\"has-text-align-justify has-domine-font-family has-custom-font wp-block-paragraph\" style=\"font-family:domine\">La canci\u00f3n aparece en el \u00e1lbum de remezclas de 2006 <em>Love<\/em> con <a href=\"https:\/\/es.wikipedia.org\/wiki\/Yesterday\"><em>Yesterday<\/em><\/a>, anunciado como <em>Blackbird\/Yesterday<\/em>: la secci\u00f3n ac\u00fastica de la primera le ofrece una introducci\u00f3n a la segunda.<\/p>\n\n\n\n<figure class=\"wp-block-audio\"><audio controls src=\"https:\/\/elabrevaderojm.com\/wp-content\/uploads\/2024\/06\/blackbird-yesterday.mp3\"><\/audio><\/figure>\n\n\n\n<h4 class=\"wp-block-heading has-text-align-center has-poppins-font-family has-custom-font\" style=\"font-family:poppins\"><strong>La simpleza<\/strong>:<\/h4>\n\n\n\n<p class=\"wp-block-paragraph\">\u00bfPor qu\u00e9 no hacer una producci\u00f3n m\u00e1s grande de la canci\u00f3n?<\/p>\n\n\n\n<p class=\"has-text-align-justify has-domine-font-family has-custom-font wp-block-paragraph\" style=\"font-family:domine\">Una de las grandes diferencias entre <a href=\"https:\/\/es.wikipedia.org\/wiki\/Sgt._Pepper%27s_Lonely_Hearts_Club_Band\"><em>Sgt. Pepper&#8217;s Lonely Hearts Club Band<\/em><\/a> y el \u00e1lbum <em>The Beatles<\/em> est\u00e1 en <strong>la relativa moderaci\u00f3n mostrada en lo que respecta a los arreglos orquestales<\/strong> en este \u00faltimo, y <em>Blackbird<\/em> de Paul es la ilustraci\u00f3n perfecta de esto. Dos d\u00edas antes del lanzamiento del \u00ab\u00c1lbum Blanco\u00bb, Paul habl\u00f3 con Tony Macarthur<sup data-fn=\"e707a264-bf3b-4f33-946a-dd34d75bdd0e\" class=\"fn\"><a href=\"#e707a264-bf3b-4f33-946a-dd34d75bdd0e\" id=\"e707a264-bf3b-4f33-946a-dd34d75bdd0e-link\">7<\/a><\/sup> de <a href=\"https:\/\/es.wikipedia.org\/wiki\/Radio_Luxembourg\">Radio Luxemburgo<\/a> en su casa de Cavendish Avenue.<\/p>\n\n\n\n<figure class=\"wp-block-gallery has-nested-images columns-default is-cropped wp-block-gallery-4 is-layout-flex wp-block-gallery-is-layout-flex\">\n<figure class=\"wp-block-image size-large has-custom-border\"><img data-recalc-dims=\"1\" loading=\"lazy\" decoding=\"async\" width=\"640\" height=\"640\" data-attachment-id=\"17705\" data-permalink=\"https:\/\/elabrevaderojm.com\/en\/2024\/06\/11\/blackbird-a-proposito-de-la-reaparicion-de-esta-pieza-de-paul-mccartney-ii\/thebeatles-disco\/\" data-orig-file=\"https:\/\/i0.wp.com\/elabrevaderojm.com\/wp-content\/uploads\/2024\/06\/thebeatles-disco.jpg?fit=720%2C720&amp;ssl=1\" data-orig-size=\"720,720\" data-comments-opened=\"1\" data-image-meta=\"{&quot;aperture&quot;:&quot;0&quot;,&quot;credit&quot;:&quot;&quot;,&quot;camera&quot;:&quot;&quot;,&quot;caption&quot;:&quot;&quot;,&quot;created_timestamp&quot;:&quot;0&quot;,&quot;copyright&quot;:&quot;&quot;,&quot;focal_length&quot;:&quot;0&quot;,&quot;iso&quot;:&quot;0&quot;,&quot;shutter_speed&quot;:&quot;0&quot;,&quot;title&quot;:&quot;&quot;,&quot;orientation&quot;:&quot;0&quot;}\" data-image-title=\"thebeatles-disco\" data-image-description=\"\" data-image-caption=\"\" data-large-file=\"https:\/\/i0.wp.com\/elabrevaderojm.com\/wp-content\/uploads\/2024\/06\/thebeatles-disco.jpg?fit=640%2C640&amp;ssl=1\" data-id=\"17705\" src=\"https:\/\/i0.wp.com\/elabrevaderojm.com\/wp-content\/uploads\/2024\/06\/thebeatles-disco.jpg?resize=640%2C640&#038;ssl=1\" alt=\"\" class=\"wp-image-17705\" style=\"border-width:1px\"\/><\/figure>\n\n\n\n<figure class=\"wp-block-image size-large\"><img data-recalc-dims=\"1\" loading=\"lazy\" decoding=\"async\" width=\"300\" height=\"300\" data-attachment-id=\"17707\" data-permalink=\"https:\/\/elabrevaderojm.com\/en\/2024\/06\/11\/blackbird-a-proposito-de-la-reaparicion-de-esta-pieza-de-paul-mccartney-ii\/sgt-_peppers_lonely_hearts_club_band\/\" data-orig-file=\"https:\/\/i0.wp.com\/elabrevaderojm.com\/wp-content\/uploads\/2024\/06\/sgt._peppers_lonely_hearts_club_band.jpg?fit=300%2C300&amp;ssl=1\" data-orig-size=\"300,300\" data-comments-opened=\"1\" data-image-meta=\"{&quot;aperture&quot;:&quot;0&quot;,&quot;credit&quot;:&quot;&quot;,&quot;camera&quot;:&quot;&quot;,&quot;caption&quot;:&quot;&quot;,&quot;created_timestamp&quot;:&quot;0&quot;,&quot;copyright&quot;:&quot;&quot;,&quot;focal_length&quot;:&quot;0&quot;,&quot;iso&quot;:&quot;0&quot;,&quot;shutter_speed&quot;:&quot;0&quot;,&quot;title&quot;:&quot;&quot;,&quot;orientation&quot;:&quot;0&quot;}\" data-image-title=\"sgt._peppers_lonely_hearts_club_band\" data-image-description=\"\" data-image-caption=\"\" data-large-file=\"https:\/\/i0.wp.com\/elabrevaderojm.com\/wp-content\/uploads\/2024\/06\/sgt._peppers_lonely_hearts_club_band.jpg?fit=300%2C300&amp;ssl=1\" data-id=\"17707\" src=\"https:\/\/i0.wp.com\/elabrevaderojm.com\/wp-content\/uploads\/2024\/06\/sgt._peppers_lonely_hearts_club_band.jpg?resize=300%2C300&#038;ssl=1\" alt=\"\" class=\"wp-image-17707\"\/><\/figure>\n<\/figure>\n\n\n\n<p class=\"has-text-align-justify has-domine-font-family has-custom-font wp-block-paragraph\" style=\"font-family:domine\">Cuando Macarthur coment\u00f3 que hab\u00eda estado esperando otro paso de <em>Sgt Pepper<\/em>, Paul respondi\u00f3:<\/p>\n\n\n\n<figure class=\"wp-block-table has-crimson-pro-font-family\"><table class=\"has-text-color has-background has-link-color has-fixed-layout\" style=\"color:#fade02;background-color:#f62525\"><tbody><tr><td class=\"has-text-align-center\" data-align=\"center\"><strong>Bueno, es otro paso, ya sabes, pero no es necesariamente de la manera que la gente esperaba. En <em>Sgt. Pepper<\/em> ten\u00edamos m\u00e1s instrumentaci\u00f3n de la que hab\u00edamos tenido nunca. M\u00e1s material orquestal del que hab\u00edamos usado antes, as\u00ed que fue m\u00e1s una producci\u00f3n. Pero realmente no quer\u00edamos exagerar de esa manera esta vez, y hemos tratado de tocar m\u00e1s como una banda esta vez, solo usando instrumentos cuando ten\u00edamos que hacerlo, en lugar de usarlos solo por diversi\u00f3n.<\/strong><\/td><\/tr><\/tbody><\/table><\/figure>\n\n\n\n<p class=\"has-domine-font-family has-custom-font wp-block-paragraph\" style=\"font-family:domine\">Hablando espec\u00edficamente de <em>Blackbird<\/em>, explic\u00f3:<\/p>\n\n\n\n<figure class=\"wp-block-table has-crimson-pro-font-family\"><table class=\"has-text-color has-background has-link-color has-fixed-layout\" style=\"color:#f7db05;background-color:#f33030\"><tbody><tr><td class=\"has-text-align-center\" data-align=\"center\"><strong>Es simple en concepto porque ni siquiera pod\u00edamos pensar en nada m\u00e1s para ponerle. Tal vez en <em>Pepper<\/em> hubi\u00e9ramos trabajado en ello hasta que hubi\u00e9ramos podido encontrar alguna manera de poner violines o trompetas all\u00ed. Pero no creo que lo necesite. No hay nada en la canci\u00f3n. Esta es solo una de esas canciones para elegir y cantar. No necesita nada m\u00e1s en el fondo porque, como canci\u00f3n, no tiene nada que ver. El \u00fanico punto en el que est\u00e1bamos pensando en ponerle algo es donde vuelve al final&#8230;, se detiene y vuelve a entrar&#8230; Pero en lugar de ponerle un respaldo, le pusimos un mirlo. As\u00ed que hay un mirlo cantando al final. Y alguien dijo que era un tordo, \u00a1pero creo que es un mirlo!<\/strong><\/td><\/tr><\/tbody><\/table><\/figure>\n\n\n\n<figure class=\"wp-block-audio\"><audio controls src=\"https:\/\/elabrevaderojm.com\/wp-content\/uploads\/2024\/06\/blackbird-2018-mix.mp3\"><\/audio><figcaption class=\"wp-element-caption\"><strong><em>Blackbird<\/em>, remezcla de 2018.<\/strong><\/figcaption><\/figure>\n\n\n\n<p class=\"has-text-align-justify has-domine-font-family has-custom-font wp-block-paragraph\" style=\"font-family:domine\">Parece que despu\u00e9s de que George Martin se fue por la noche, sus sugerencias para un arreglo orquestal se fueron con \u00e9l.<\/p>\n\n\n\n<hr class=\"wp-block-separator has-alpha-channel-opacity is-style-wide\"\/>\n\n\n\n<p class=\"has-text-align-justify has-domine-font-family has-custom-font wp-block-paragraph\" style=\"font-family:domine\">Aqu\u00ed no cierra todo. En la entrega pr\u00f3xima hay m\u00e1s mezclas y un apartado muy espec\u00edfico para los beatleman\u00edacos exigentes. Sigue lo que sigue. <\/p>\n\n\n\n<figure class=\"wp-block-table has-literata-font-family\"><table class=\"has-pale-ocean-gradient-background has-background has-fixed-layout\" style=\"border-width:4px\"><tbody><tr><td><strong><mark style=\"background-color:rgba(0, 0, 0, 0);color:#f50707\" class=\"has-inline-color\">RELACIONADO<\/mark>: <a href=\"https:\/\/elabrevaderojm.com\/2024\/06\/11\/blackbird-a-proposito-de-la-reaparicion-de-esta-pieza-de-paul-mccartney-iii\/\"><em>Blackbird:<\/em> a prop\u00f3sito de la \u00abreaparici\u00f3n\u00bb de esta pieza de Paul McCartney (III).<\/a><\/strong><\/td><\/tr><\/tbody><\/table><\/figure>\n\n\n\n<p class=\"has-text-align-justify has-domine-font-family has-custom-font wp-block-paragraph\" style=\"font-family:domine\">Si te ha gustado este art\u00edculo, demu\u00e9stralo con un \u00abpulgar arriba\u00bb y un \u00abaplauso\u00bb, y compartiendo el contenido con tus amistades y en tus redes sociales. Es muy gratificante. Y quiz\u00e1s otras personas se enteren de estas cosas interesantes que has le\u00eddo hoy.<\/p>\n\n\n\n<p class=\"has-text-align-justify has-domine-font-family has-custom-font wp-block-paragraph\" style=\"font-family:domine\">Si tienes algo que comentar, preguntar o agregar, o decirme como expositor, por favor hazlo dejando tu comentario.<\/p>\n\n\n\n<p class=\"has-text-align-justify has-domine-font-family has-custom-font wp-block-paragraph\" style=\"font-family:domine\">Siempre lo mejor para estar al tanto de estas interesantes entregas es suscribirte a mi blog, que trato de surtir con nuevos trabajos siempre que me sea posible.<\/p>\n\n\n\n<p class=\"has-domine-font-family has-custom-font wp-block-paragraph\" style=\"font-family:domine\">Gracias por leer.<\/p>\n\n\n\n<div class=\"wp-block-comments\">\n\t\t<div id=\"respond\" class=\"comment-respond wp-block-post-comments-form\">\n\t\t\t<h3 id=\"reply-title\" class=\"comment-reply-title\">Leave a Reply<small><a rel=\"nofollow\" id=\"cancel-comment-reply-link\" href=\"\/en\/wp-json\/wp\/v2\/posts\/17435#respond\" style=\"display:none;\">Cancel reply<\/a><\/small><\/h3>\t\t\t<form id=\"commentform\" class=\"comment-form\">\n\t\t\t\t<iframe\n\t\t\t\t\ttitle=\"Comment Form\"\n\t\t\t\t\tsrc=\"https:\/\/jetpack.wordpress.com\/jetpack-comment\/?blogid=153735515&#038;postid=17435&#038;comment_registration=0&#038;require_name_email=0&#038;stc_enabled=1&#038;stb_enabled=1&#038;show_avatars=1&#038;avatar_default=identicon&#038;greeting=Leave+a+Reply&#038;jetpack_comments_nonce=69ce4a25a1&#038;greeting_reply=Leave+a+Reply+to+%25s&#038;color_scheme=light&#038;lang=en_US&#038;jetpack_version=16.2-a.5&#038;iframe_unique_id=5&#038;show_cookie_consent=10&#038;has_cookie_consent=0&#038;is_current_user_subscribed=0&#038;token_key=%3Bnormal%3B&#038;sig=b1c3091bb442aecfa480c288e7b83eb7fb9b0337#parent=https%3A%2F%2Felabrevaderojm.com%2Fen%2Fwp-json%2Fwp%2Fv2%2Fposts%2F17435\"\n\t\t\t\t\t\t\t\t\t\t\tname=\"jetpack_remote_comment\"\n\t\t\t\t\t\tstyle=\"width:100%; height: 430px; border:0;\"\n\t\t\t\t\t\t\t\t\t\tclass=\"jetpack_remote_comment\"\n\t\t\t\t\tid=\"jetpack_remote_comment\"\n\t\t\t\t\tsandbox=\"allow-same-origin allow-top-navigation allow-scripts allow-forms allow-popups\"\n\t\t\t\t>\n\t\t\t\t\t\t\t\t\t<\/iframe>\n\t\t\t\t\t\t\t\t\t<!--[if !IE]><!-->\n\t\t\t\t\t<script>\n\t\t\t\t\t\tdocument.addEventListener('DOMContentLoaded', function () {\n\t\t\t\t\t\t\tvar commentForms = document.getElementsByClassName('jetpack_remote_comment');\n\t\t\t\t\t\t\tfor (var i = 0; i < commentForms.length; i++) {\n\t\t\t\t\t\t\t\tcommentForms[i].allowTransparency = false;\n\t\t\t\t\t\t\t\tcommentForms[i].scrolling = 'no';\n\t\t\t\t\t\t\t}\n\t\t\t\t\t\t});\n\t\t\t\t\t<\/script>\n\t\t\t\t\t<!--<![endif]-->\n\t\t\t\t\t\t\t<\/form>\n\t\t<\/div>\n\n\t\t\n\t\t<input type=\"hidden\" name=\"comment_parent\" id=\"comment_parent\" value=\"\" \/>\n\n\t\t<\/div>\n\n\n<div class=\"crowdsignal-vote-wrapper\" data-crowdsignal-vote=\"{&quot;pollId&quot;:&quot;df7669f0-4031-44bf-91bf-9be2bb8daa18&quot;,&quot;title&quot;:&quot;Votaci\\u00f3n sin t\\u00edtulo 2&quot;,&quot;hideBranding&quot;:false,&quot;pollStatus&quot;:&quot;open&quot;,&quot;size&quot;:&quot;medium&quot;,&quot;borderWidth&quot;:1,&quot;borderRadius&quot;:5,&quot;hideResults&quot;:false,&quot;TrpContentRestriction&quot;:{&quot;restriction_type&quot;:&quot;exclude&quot;,&quot;selected_languages&quot;:[],&quot;panel_open&quot;:true},&quot;apiPollData&quot;:{&quot;id&quot;:13858757,&quot;question&quot;:&quot;&quot;,&quot;note&quot;:&quot;&quot;,&quot;settings&quot;:{&quot;title&quot;:&quot;Votaci\\u00f3n sin t\\u00edtulo 2&quot;,&quot;after_vote&quot;:&quot;results&quot;,&quot;after_message&quot;:&quot;&quot;,&quot;randomize_answers&quot;:false,&quot;restrict_vote_repeat&quot;:false,&quot;captcha&quot;:false,&quot;multiple_choice&quot;:false,&quot;redirect_url&quot;:&quot;&quot;,&quot;close_status&quot;:&quot;open&quot;,&quot;close_after&quot;:191085758271},&quot;answers&quot;:[{&quot;answer_text&quot;:&quot;up&quot;,&quot;id&quot;:61806977,&quot;client_id&quot;:&quot;501ff4fa-2222-46e1-86c9-a5cfa3037705&quot;},{&quot;answer_text&quot;:&quot;down&quot;,&quot;id&quot;:61806978,&quot;client_id&quot;:&quot;f7e3c34b-bb5f-433c-8216-ddb441236b71&quot;}],&quot;source_link&quot;:&quot;https:\\\/\\\/elabrevaderojm.com&quot;,&quot;client_id&quot;:&quot;df7669f0-4031-44bf-91bf-9be2bb8daa18&quot;}}\">\n<div data-crowdsignal-vote-item=\"{&quot;answerId&quot;:&quot;501ff4fa-2222-46e1-86c9-a5cfa3037705&quot;,&quot;type&quot;:&quot;up&quot;,&quot;TrpContentRestriction&quot;:{&quot;restriction_type&quot;:&quot;exclude&quot;,&quot;selected_languages&quot;:[],&quot;panel_open&quot;:true}}\"><\/div>\n\n<div data-crowdsignal-vote-item=\"{&quot;answerId&quot;:&quot;f7e3c34b-bb5f-433c-8216-ddb441236b71&quot;,&quot;type&quot;:&quot;down&quot;,&quot;TrpContentRestriction&quot;:{&quot;restriction_type&quot;:&quot;exclude&quot;,&quot;selected_languages&quot;:[],&quot;panel_open&quot;:true}}\"><\/div>\n<\/div>\n\n<div class=\"crowdsignal-applause-wrapper\" data-crowdsignal-applause=\"{&quot;pollId&quot;:&quot;33a18f9b-779c-4351-a570-4df0060bbb87&quot;,&quot;title&quot;:&quot;Aplauso sin t\\u00edtulo 2&quot;,&quot;answerId&quot;:&quot;0806b722-b3cb-406d-a880-f3d91cce6050&quot;,&quot;hideBranding&quot;:false,&quot;size&quot;:&quot;medium&quot;,&quot;pollStatus&quot;:&quot;open&quot;,&quot;TrpContentRestriction&quot;:{&quot;restriction_type&quot;:&quot;exclude&quot;,&quot;selected_languages&quot;:[],&quot;panel_open&quot;:true},&quot;apiPollData&quot;:{&quot;id&quot;:13858765,&quot;question&quot;:&quot;&quot;,&quot;note&quot;:&quot;&quot;,&quot;settings&quot;:{&quot;title&quot;:&quot;Aplauso sin t\\u00edtulo 2&quot;,&quot;after_vote&quot;:&quot;results&quot;,&quot;after_message&quot;:&quot;&quot;,&quot;randomize_answers&quot;:false,&quot;restrict_vote_repeat&quot;:false,&quot;captcha&quot;:false,&quot;multiple_choice&quot;:false,&quot;redirect_url&quot;:&quot;&quot;,&quot;close_status&quot;:&quot;open&quot;,&quot;close_after&quot;:193673351871},&quot;answers&quot;:[{&quot;answer_text&quot;:&quot;clap&quot;,&quot;id&quot;:61807027,&quot;client_id&quot;:&quot;0806b722-b3cb-406d-a880-f3d91cce6050&quot;}],&quot;source_link&quot;:&quot;https:\\\/\\\/elabrevaderojm.com&quot;,&quot;client_id&quot;:&quot;33a18f9b-779c-4351-a570-4df0060bbb87&quot;}}\"><\/div>\n\n\n<hr class=\"wp-block-separator has-text-color has-foreground-color has-alpha-channel-opacity has-foreground-background-color has-background is-style-dots\"\/>\n\n\n\n<p class=\"has-text-align-center has-plus-jakarta-sans-font-family has-custom-font wp-block-paragraph\" style=\"font-family:plus-jakarta-sans\"><strong>NOTAS AL PIE<\/strong><\/p>\n\n\n<ol class=\"wp-block-footnotes has-crimson-pro-font-family\"><li id=\"ac5fdc40-afae-4c1d-aa72-86444b7af3be\"><strong><em>Raga <\/em><\/strong><em>es una<\/em> pel\u00edcula documental de 1971 sobre la vida y la m\u00fasica del sitarista\u00a0hind\u00fa Ravi Shankar, producida y dirigida por Howard Worth. Incluye escenas con los m\u00fasicos occidentales <a href=\"https:\/\/es.wikipedia.org\/wiki\/Yehudi_Menuhin\">Yehudi Menuhin<\/a> y George Harrison, as\u00ed como im\u00e1genes de Shankar regresando a <a href=\"https:\/\/es.wikipedia.org\/wiki\/Maihar\">Maihar<\/a> en el centro de la India, donde de joven se entren\u00f3 bajo la tutela de Allauddin Khan.\u00a0La mayor parte del documental se rod\u00f3 a finales de la d\u00e9cada de 1960, durante un per\u00edodo en el que la creciente popularidad de Shankar hizo que la <a href=\"https:\/\/es.wikipedia.org\/wiki\/M%C3%BAsica_cl%C3%A1sica_de_India\">m\u00fasica cl\u00e1sica hind\u00fa<\/a> fuera adoptada por los m\u00fasicos de <em>rock<\/em> y <em>pop<\/em> y sus audiencias.<br><img data-recalc-dims=\"1\" loading=\"lazy\" decoding=\"async\" width=\"195\" height=\"263\" data-attachment-id=\"17516\" data-permalink=\"https:\/\/elabrevaderojm.com\/en\/2024\/06\/11\/blackbird-a-proposito-de-la-reaparicion-de-esta-pieza-de-paul-mccartney-ii\/raga-peli-poster-1\/\" data-orig-file=\"https:\/\/i0.wp.com\/elabrevaderojm.com\/wp-content\/uploads\/2024\/05\/raga-peli-poster-1.jpg?fit=195%2C263&amp;ssl=1\" data-orig-size=\"195,263\" data-comments-opened=\"1\" data-image-meta=\"{&quot;aperture&quot;:&quot;0&quot;,&quot;credit&quot;:&quot;&quot;,&quot;camera&quot;:&quot;&quot;,&quot;caption&quot;:&quot;&quot;,&quot;created_timestamp&quot;:&quot;0&quot;,&quot;copyright&quot;:&quot;&quot;,&quot;focal_length&quot;:&quot;0&quot;,&quot;iso&quot;:&quot;0&quot;,&quot;shutter_speed&quot;:&quot;0&quot;,&quot;title&quot;:&quot;&quot;,&quot;orientation&quot;:&quot;1&quot;}\" data-image-title=\"raga peli poster 1\" data-image-description=\"\" data-image-caption=\"\" data-large-file=\"https:\/\/i0.wp.com\/elabrevaderojm.com\/wp-content\/uploads\/2024\/05\/raga-peli-poster-1.jpg?fit=195%2C263&amp;ssl=1\" class=\"wp-image-17516\" style=\"width: 100px\" src=\"https:\/\/i0.wp.com\/elabrevaderojm.com\/wp-content\/uploads\/2024\/05\/raga-peli-poster-1.jpg?resize=195%2C263&#038;ssl=1\" alt=\"\"> <img data-recalc-dims=\"1\" loading=\"lazy\" decoding=\"async\" width=\"193\" height=\"303\" data-attachment-id=\"17517\" data-permalink=\"https:\/\/elabrevaderojm.com\/en\/2024\/06\/11\/blackbird-a-proposito-de-la-reaparicion-de-esta-pieza-de-paul-mccartney-ii\/yehudi-m-1\/\" data-orig-file=\"https:\/\/i0.wp.com\/elabrevaderojm.com\/wp-content\/uploads\/2024\/05\/yehudi-m-1.jpg?fit=193%2C303&amp;ssl=1\" data-orig-size=\"193,303\" data-comments-opened=\"1\" data-image-meta=\"{&quot;aperture&quot;:&quot;0&quot;,&quot;credit&quot;:&quot;&quot;,&quot;camera&quot;:&quot;&quot;,&quot;caption&quot;:&quot;&quot;,&quot;created_timestamp&quot;:&quot;0&quot;,&quot;copyright&quot;:&quot;&quot;,&quot;focal_length&quot;:&quot;0&quot;,&quot;iso&quot;:&quot;0&quot;,&quot;shutter_speed&quot;:&quot;0&quot;,&quot;title&quot;:&quot;&quot;,&quot;orientation&quot;:&quot;1&quot;}\" data-image-title=\"yehudi m 1\" data-image-description=\"\" data-image-caption=\"\" data-large-file=\"https:\/\/i0.wp.com\/elabrevaderojm.com\/wp-content\/uploads\/2024\/05\/yehudi-m-1.jpg?fit=193%2C303&amp;ssl=1\" class=\"wp-image-17517\" style=\"width: 87px\" src=\"https:\/\/i0.wp.com\/elabrevaderojm.com\/wp-content\/uploads\/2024\/05\/yehudi-m-1.jpg?resize=193%2C303&#038;ssl=1\" alt=\"\"> <img data-recalc-dims=\"1\" loading=\"lazy\" decoding=\"async\" width=\"228\" height=\"302\" data-attachment-id=\"17515\" data-permalink=\"https:\/\/elabrevaderojm.com\/en\/2024\/06\/11\/blackbird-a-proposito-de-la-reaparicion-de-esta-pieza-de-paul-mccartney-ii\/allauddin-k-1\/\" data-orig-file=\"https:\/\/i0.wp.com\/elabrevaderojm.com\/wp-content\/uploads\/2024\/05\/allauddin-k-1.jpg?fit=228%2C302&amp;ssl=1\" data-orig-size=\"228,302\" data-comments-opened=\"1\" data-image-meta=\"{&quot;aperture&quot;:&quot;0&quot;,&quot;credit&quot;:&quot;&quot;,&quot;camera&quot;:&quot;&quot;,&quot;caption&quot;:&quot;&quot;,&quot;created_timestamp&quot;:&quot;0&quot;,&quot;copyright&quot;:&quot;&quot;,&quot;focal_length&quot;:&quot;0&quot;,&quot;iso&quot;:&quot;0&quot;,&quot;shutter_speed&quot;:&quot;0&quot;,&quot;title&quot;:&quot;&quot;,&quot;orientation&quot;:&quot;1&quot;}\" data-image-title=\"allauddin k 1\" data-image-description=\"\" data-image-caption=\"\" data-large-file=\"https:\/\/i0.wp.com\/elabrevaderojm.com\/wp-content\/uploads\/2024\/05\/allauddin-k-1.jpg?fit=228%2C302&amp;ssl=1\" class=\"wp-image-17515\" style=\"width: 103px\" src=\"https:\/\/i0.wp.com\/elabrevaderojm.com\/wp-content\/uploads\/2024\/05\/allauddin-k-1.jpg?resize=228%2C302&#038;ssl=1\" alt=\"\"> <a href=\"#ac5fdc40-afae-4c1d-aa72-86444b7af3be-link\" aria-label=\"Jump to footnote reference 1\">\u21a9\ufe0e<\/a><\/li><li id=\"b44035ae-21b5-46d3-b8b1-542d55dccc04\"><strong>Philip McDonald <\/strong>es un <a href=\"https:\/\/es.wikipedia.org\/wiki\/Ingeniero_de_audio\">ingeniero de audio<\/a> de estudio de grabaci\u00f3n ingl\u00e9s, mejor conocido como el ingeniero de EMI y m\u00e1s tarde de Apple Records durante los a\u00f1os en que los Beatles se dedicaron solamente a grabar en estudio, junto con Geoff Emerick y otros. McDonald se uni\u00f3 a Apple como ingeniero s\u00e9nior de equilibrio a la edad de 25 a\u00f1os. Adem\u00e1s de su trabajo en los \u00e1lbumes de los Beatles, fue responsable de la ingenier\u00eda de las grabaciones de <a href=\"https:\/\/es.wikipedia.org\/wiki\/John_Lennon\">John Lennon<\/a>, George Harrison, <a href=\"https:\/\/es.wikipedia.org\/wiki\/The_Shadows\">The Shadows<\/a>, Paul McCartney, Ringo Starr, <a href=\"https:\/\/es.wikipedia.org\/wiki\/Roy_Harper\">Roy Harper<\/a>, <a href=\"https:\/\/es.wikipedia.org\/wiki\/Badfinger\">Badfinger<\/a>, Rhead Brothers, <a href=\"https:\/\/es.wikipedia.org\/wiki\/Roger_Daltrey\">Roger Daltrey<\/a> y <a href=\"https:\/\/es.wikipedia.org\/wiki\/Squeeze\">Squeeze<\/a>.<br><img data-recalc-dims=\"1\" loading=\"lazy\" decoding=\"async\" width=\"280\" height=\"280\" data-attachment-id=\"17525\" data-permalink=\"https:\/\/elabrevaderojm.com\/en\/2024\/06\/11\/blackbird-a-proposito-de-la-reaparicion-de-esta-pieza-de-paul-mccartney-ii\/the-shadows-1\/\" data-orig-file=\"https:\/\/i0.wp.com\/elabrevaderojm.com\/wp-content\/uploads\/2024\/05\/the-shadows-1.jpg?fit=280%2C280&amp;ssl=1\" data-orig-size=\"280,280\" data-comments-opened=\"1\" data-image-meta=\"{&quot;aperture&quot;:&quot;0&quot;,&quot;credit&quot;:&quot;&quot;,&quot;camera&quot;:&quot;&quot;,&quot;caption&quot;:&quot;&quot;,&quot;created_timestamp&quot;:&quot;0&quot;,&quot;copyright&quot;:&quot;&quot;,&quot;focal_length&quot;:&quot;0&quot;,&quot;iso&quot;:&quot;0&quot;,&quot;shutter_speed&quot;:&quot;0&quot;,&quot;title&quot;:&quot;&quot;,&quot;orientation&quot;:&quot;1&quot;}\" data-image-title=\"the shadows 1\" data-image-description=\"\" data-image-caption=\"\" data-large-file=\"https:\/\/i0.wp.com\/elabrevaderojm.com\/wp-content\/uploads\/2024\/05\/the-shadows-1.jpg?fit=280%2C280&amp;ssl=1\" class=\"wp-image-17525\" style=\"width: 100px\" src=\"https:\/\/i0.wp.com\/elabrevaderojm.com\/wp-content\/uploads\/2024\/05\/the-shadows-1.jpg?resize=280%2C280&#038;ssl=1\" alt=\"\"> <img data-recalc-dims=\"1\" loading=\"lazy\" decoding=\"async\" width=\"270\" height=\"449\" data-attachment-id=\"17523\" data-permalink=\"https:\/\/elabrevaderojm.com\/en\/2024\/06\/11\/blackbird-a-proposito-de-la-reaparicion-de-esta-pieza-de-paul-mccartney-ii\/roy_harper\/\" data-orig-file=\"https:\/\/i0.wp.com\/elabrevaderojm.com\/wp-content\/uploads\/2024\/05\/roy_harper.jpg?fit=270%2C449&amp;ssl=1\" data-orig-size=\"270,449\" data-comments-opened=\"1\" data-image-meta=\"{&quot;aperture&quot;:&quot;5.6&quot;,&quot;credit&quot;:&quot;&quot;,&quot;camera&quot;:&quot;Canon EOS REBEL T1i&quot;,&quot;caption&quot;:&quot;&quot;,&quot;created_timestamp&quot;:&quot;1305294181&quot;,&quot;copyright&quot;:&quot;&quot;,&quot;focal_length&quot;:&quot;18&quot;,&quot;iso&quot;:&quot;100&quot;,&quot;shutter_speed&quot;:&quot;0.0015625&quot;,&quot;title&quot;:&quot;&quot;,&quot;orientation&quot;:&quot;1&quot;}\" data-image-title=\"Roy_Harper\" data-image-description=\"\" data-image-caption=\"\" data-large-file=\"https:\/\/i0.wp.com\/elabrevaderojm.com\/wp-content\/uploads\/2024\/05\/roy_harper.jpg?fit=270%2C449&amp;ssl=1\" class=\"wp-image-17523\" style=\"width: 60px\" src=\"https:\/\/i0.wp.com\/elabrevaderojm.com\/wp-content\/uploads\/2024\/05\/roy_harper.jpg?resize=270%2C449&#038;ssl=1\" alt=\"\"> <img data-recalc-dims=\"1\" loading=\"lazy\" decoding=\"async\" width=\"640\" height=\"640\" data-attachment-id=\"17521\" data-permalink=\"https:\/\/elabrevaderojm.com\/en\/2024\/06\/11\/blackbird-a-proposito-de-la-reaparicion-de-esta-pieza-de-paul-mccartney-ii\/badfinger-1\/\" data-orig-file=\"https:\/\/i0.wp.com\/elabrevaderojm.com\/wp-content\/uploads\/2024\/05\/badfinger-1.jpg?fit=660%2C660&amp;ssl=1\" data-orig-size=\"660,660\" data-comments-opened=\"1\" data-image-meta=\"{&quot;aperture&quot;:&quot;0&quot;,&quot;credit&quot;:&quot;&quot;,&quot;camera&quot;:&quot;&quot;,&quot;caption&quot;:&quot;&quot;,&quot;created_timestamp&quot;:&quot;0&quot;,&quot;copyright&quot;:&quot;&quot;,&quot;focal_length&quot;:&quot;0&quot;,&quot;iso&quot;:&quot;0&quot;,&quot;shutter_speed&quot;:&quot;0&quot;,&quot;title&quot;:&quot;&quot;,&quot;orientation&quot;:&quot;0&quot;}\" data-image-title=\"badfinger-1\" data-image-description=\"\" data-image-caption=\"\" data-large-file=\"https:\/\/i0.wp.com\/elabrevaderojm.com\/wp-content\/uploads\/2024\/05\/badfinger-1.jpg?fit=640%2C640&amp;ssl=1\" class=\"wp-image-17521\" style=\"width: 100px\" src=\"https:\/\/i0.wp.com\/elabrevaderojm.com\/wp-content\/uploads\/2024\/05\/badfinger-1.jpg?resize=640%2C640&#038;ssl=1\" alt=\"\"> <img data-recalc-dims=\"1\" loading=\"lazy\" decoding=\"async\" width=\"170\" height=\"217\" data-attachment-id=\"17526\" data-permalink=\"https:\/\/elabrevaderojm.com\/en\/2024\/06\/11\/blackbird-a-proposito-de-la-reaparicion-de-esta-pieza-de-paul-mccartney-ii\/rhead-bros-1\/\" data-orig-file=\"https:\/\/i0.wp.com\/elabrevaderojm.com\/wp-content\/uploads\/2024\/05\/rhead-bros-1.jpg?fit=170%2C217&amp;ssl=1\" data-orig-size=\"170,217\" data-comments-opened=\"1\" data-image-meta=\"{&quot;aperture&quot;:&quot;0&quot;,&quot;credit&quot;:&quot;&quot;,&quot;camera&quot;:&quot;&quot;,&quot;caption&quot;:&quot;&quot;,&quot;created_timestamp&quot;:&quot;0&quot;,&quot;copyright&quot;:&quot;&quot;,&quot;focal_length&quot;:&quot;0&quot;,&quot;iso&quot;:&quot;0&quot;,&quot;shutter_speed&quot;:&quot;0&quot;,&quot;title&quot;:&quot;&quot;,&quot;orientation&quot;:&quot;1&quot;}\" data-image-title=\"rhead bros 1\" data-image-description=\"\" data-image-caption=\"\" data-large-file=\"https:\/\/i0.wp.com\/elabrevaderojm.com\/wp-content\/uploads\/2024\/05\/rhead-bros-1.jpg?fit=170%2C217&amp;ssl=1\" class=\"wp-image-17526\" style=\"width: 79px\" src=\"https:\/\/i0.wp.com\/elabrevaderojm.com\/wp-content\/uploads\/2024\/05\/rhead-bros-1.jpg?resize=170%2C217&#038;ssl=1\" alt=\"\"> <img data-recalc-dims=\"1\" loading=\"lazy\" decoding=\"async\" width=\"249\" height=\"362\" data-attachment-id=\"17522\" data-permalink=\"https:\/\/elabrevaderojm.com\/en\/2024\/06\/11\/blackbird-a-proposito-de-la-reaparicion-de-esta-pieza-de-paul-mccartney-ii\/roger-d-1\/\" data-orig-file=\"https:\/\/i0.wp.com\/elabrevaderojm.com\/wp-content\/uploads\/2024\/05\/roger-d-1.jpg?fit=249%2C362&amp;ssl=1\" data-orig-size=\"249,362\" data-comments-opened=\"1\" data-image-meta=\"{&quot;aperture&quot;:&quot;0&quot;,&quot;credit&quot;:&quot;&quot;,&quot;camera&quot;:&quot;&quot;,&quot;caption&quot;:&quot;&quot;,&quot;created_timestamp&quot;:&quot;0&quot;,&quot;copyright&quot;:&quot;&quot;,&quot;focal_length&quot;:&quot;0&quot;,&quot;iso&quot;:&quot;0&quot;,&quot;shutter_speed&quot;:&quot;0&quot;,&quot;title&quot;:&quot;&quot;,&quot;orientation&quot;:&quot;1&quot;}\" data-image-title=\"roger d 1\" data-image-description=\"\" data-image-caption=\"\" data-large-file=\"https:\/\/i0.wp.com\/elabrevaderojm.com\/wp-content\/uploads\/2024\/05\/roger-d-1.jpg?fit=249%2C362&amp;ssl=1\" class=\"wp-image-17522\" style=\"width: 69px\" src=\"https:\/\/i0.wp.com\/elabrevaderojm.com\/wp-content\/uploads\/2024\/05\/roger-d-1.jpg?resize=249%2C362&#038;ssl=1\" alt=\"\"> <img data-recalc-dims=\"1\" loading=\"lazy\" decoding=\"async\" width=\"331\" height=\"240\" data-attachment-id=\"17524\" data-permalink=\"https:\/\/elabrevaderojm.com\/en\/2024\/06\/11\/blackbird-a-proposito-de-la-reaparicion-de-esta-pieza-de-paul-mccartney-ii\/squeeze-1\/\" data-orig-file=\"https:\/\/i0.wp.com\/elabrevaderojm.com\/wp-content\/uploads\/2024\/05\/squeeze-1.jpg?fit=331%2C240&amp;ssl=1\" data-orig-size=\"331,240\" data-comments-opened=\"1\" data-image-meta=\"{&quot;aperture&quot;:&quot;0&quot;,&quot;credit&quot;:&quot;&quot;,&quot;camera&quot;:&quot;&quot;,&quot;caption&quot;:&quot;&quot;,&quot;created_timestamp&quot;:&quot;0&quot;,&quot;copyright&quot;:&quot;&quot;,&quot;focal_length&quot;:&quot;0&quot;,&quot;iso&quot;:&quot;0&quot;,&quot;shutter_speed&quot;:&quot;0&quot;,&quot;title&quot;:&quot;&quot;,&quot;orientation&quot;:&quot;1&quot;}\" data-image-title=\"squeeze 1\" data-image-description=\"\" data-image-caption=\"\" data-large-file=\"https:\/\/i0.wp.com\/elabrevaderojm.com\/wp-content\/uploads\/2024\/05\/squeeze-1.jpg?fit=331%2C240&amp;ssl=1\" class=\"wp-image-17524\" style=\"width: 138px\" src=\"https:\/\/i0.wp.com\/elabrevaderojm.com\/wp-content\/uploads\/2024\/05\/squeeze-1.jpg?resize=331%2C240&#038;ssl=1\" alt=\"\"> <a href=\"#b44035ae-21b5-46d3-b8b1-542d55dccc04-link\" aria-label=\"Jump to footnote reference 2\">\u21a9\ufe0e<\/a><\/li><li id=\"f01990ad-ff53-49b7-879f-d7a7fba41d1a\"><strong><em>The Beatles: 50th Anniversary Edition<\/em><\/strong> es una reedici\u00f3n ampliada del \u00e1lbum doble de 1968 <a href=\"https:\/\/es.wikipedia.org\/wiki\/The_Beatles_(%C3%A1lbum)\"><em>The Beatles<\/em><\/a>. Fue lanzado en noviembre de 2018 para coincidir con el 50 aniversario del \u00e1lbum original. Incluye una nueva <a href=\"https:\/\/es.wikipedia.org\/wiki\/Remezcla\">remezcla<\/a> est\u00e9reo del \u00e1lbum de <a href=\"https:\/\/es.wikipedia.org\/wiki\/Giles_Martin\">Giles Martin<\/a>, hijo del productor de los Beatles, <a href=\"https:\/\/en.wikipedia.org\/wiki\/George_Martin\">George Martin<\/a>, fallecido en 2016.<br><img data-recalc-dims=\"1\" loading=\"lazy\" decoding=\"async\" width=\"371\" height=\"277\" data-attachment-id=\"17539\" data-permalink=\"https:\/\/elabrevaderojm.com\/en\/2024\/06\/11\/blackbird-a-proposito-de-la-reaparicion-de-esta-pieza-de-paul-mccartney-ii\/george-giles-martin-1\/\" data-orig-file=\"https:\/\/i0.wp.com\/elabrevaderojm.com\/wp-content\/uploads\/2024\/05\/george-giles-martin-1.jpg?fit=371%2C277&amp;ssl=1\" data-orig-size=\"371,277\" data-comments-opened=\"1\" data-image-meta=\"{&quot;aperture&quot;:&quot;0&quot;,&quot;credit&quot;:&quot;&quot;,&quot;camera&quot;:&quot;&quot;,&quot;caption&quot;:&quot;&quot;,&quot;created_timestamp&quot;:&quot;0&quot;,&quot;copyright&quot;:&quot;&quot;,&quot;focal_length&quot;:&quot;0&quot;,&quot;iso&quot;:&quot;0&quot;,&quot;shutter_speed&quot;:&quot;0&quot;,&quot;title&quot;:&quot;&quot;,&quot;orientation&quot;:&quot;1&quot;}\" data-image-title=\"george + giles martin 1\" data-image-description=\"\" data-image-caption=\"\" data-large-file=\"https:\/\/i0.wp.com\/elabrevaderojm.com\/wp-content\/uploads\/2024\/05\/george-giles-martin-1.jpg?fit=371%2C277&amp;ssl=1\" class=\"wp-image-17539\" style=\"width: 110px\" src=\"https:\/\/i0.wp.com\/elabrevaderojm.com\/wp-content\/uploads\/2024\/05\/george-giles-martin-1.jpg?resize=371%2C277&#038;ssl=1\" alt=\"\"> <a href=\"#f01990ad-ff53-49b7-879f-d7a7fba41d1a-link\" aria-label=\"Jump to footnote reference 3\">\u21a9\ufe0e<\/a><\/li><li id=\"cdec201a-5ecd-435c-9187-87bcf9f85188\"><strong><em>Indica Gallery<\/em><\/strong> fue una galer\u00eda de arte contracultural en <em>Mason's Yard<\/em> (cerca de <em>Duke Street<\/em>), <em>St James's<\/em>, Londres de 1965 a 1967, en el s\u00f3tano de la librer\u00eda <em>Indica Bookshop<\/em>. John Dunbar, Peter Asher y Barry Miles eran los propietarios, y Paul McCartney lo apoy\u00f3 y organiz\u00f3 una exposici\u00f3n de \u00a0la obra de Yoko Ono en noviembre de 1966, en la que Ono conoci\u00f3 a John Lennon. \u00a0<br><img data-recalc-dims=\"1\" loading=\"lazy\" decoding=\"async\" width=\"250\" height=\"250\" data-attachment-id=\"17559\" data-permalink=\"https:\/\/elabrevaderojm.com\/en\/2024\/06\/11\/blackbird-a-proposito-de-la-reaparicion-de-esta-pieza-de-paul-mccartney-ii\/indica-books-2\/\" data-orig-file=\"https:\/\/i0.wp.com\/elabrevaderojm.com\/wp-content\/uploads\/2024\/06\/indica-books-2.jpg?fit=250%2C250&amp;ssl=1\" data-orig-size=\"250,250\" data-comments-opened=\"1\" data-image-meta=\"{&quot;aperture&quot;:&quot;0&quot;,&quot;credit&quot;:&quot;&quot;,&quot;camera&quot;:&quot;&quot;,&quot;caption&quot;:&quot;&quot;,&quot;created_timestamp&quot;:&quot;0&quot;,&quot;copyright&quot;:&quot;&quot;,&quot;focal_length&quot;:&quot;0&quot;,&quot;iso&quot;:&quot;0&quot;,&quot;shutter_speed&quot;:&quot;0&quot;,&quot;title&quot;:&quot;&quot;,&quot;orientation&quot;:&quot;0&quot;}\" data-image-title=\"indica-books 2\" data-image-description=\"\" data-image-caption=\"\" data-large-file=\"https:\/\/i0.wp.com\/elabrevaderojm.com\/wp-content\/uploads\/2024\/06\/indica-books-2.jpg?fit=250%2C250&amp;ssl=1\" class=\"wp-image-17559\" style=\"width: 100px\" src=\"https:\/\/i0.wp.com\/elabrevaderojm.com\/wp-content\/uploads\/2024\/06\/indica-books-2.jpg?resize=250%2C250&#038;ssl=1\" alt=\"\"> <img data-recalc-dims=\"1\" loading=\"lazy\" decoding=\"async\" width=\"496\" height=\"306\" data-attachment-id=\"17560\" data-permalink=\"https:\/\/elabrevaderojm.com\/en\/2024\/06\/11\/blackbird-a-proposito-de-la-reaparicion-de-esta-pieza-de-paul-mccartney-ii\/macca-y-cia-en-indica-1\/\" data-orig-file=\"https:\/\/i0.wp.com\/elabrevaderojm.com\/wp-content\/uploads\/2024\/06\/macca-y-cia-en-indica-1.jpg?fit=496%2C306&amp;ssl=1\" data-orig-size=\"496,306\" data-comments-opened=\"1\" data-image-meta=\"{&quot;aperture&quot;:&quot;0&quot;,&quot;credit&quot;:&quot;&quot;,&quot;camera&quot;:&quot;&quot;,&quot;caption&quot;:&quot;&quot;,&quot;created_timestamp&quot;:&quot;0&quot;,&quot;copyright&quot;:&quot;&quot;,&quot;focal_length&quot;:&quot;0&quot;,&quot;iso&quot;:&quot;0&quot;,&quot;shutter_speed&quot;:&quot;0&quot;,&quot;title&quot;:&quot;&quot;,&quot;orientation&quot;:&quot;1&quot;}\" data-image-title=\"macca y cia en Indica 1\" data-image-description=\"\" data-image-caption=\"\" data-large-file=\"https:\/\/i0.wp.com\/elabrevaderojm.com\/wp-content\/uploads\/2024\/06\/macca-y-cia-en-indica-1.jpg?fit=496%2C306&amp;ssl=1\" class=\"wp-image-17560\" style=\"width: 163px\" src=\"https:\/\/i0.wp.com\/elabrevaderojm.com\/wp-content\/uploads\/2024\/06\/macca-y-cia-en-indica-1.jpg?resize=496%2C306&#038;ssl=1\" alt=\"\"> <img data-recalc-dims=\"1\" loading=\"lazy\" decoding=\"async\" width=\"220\" height=\"171\" data-attachment-id=\"17558\" data-permalink=\"https:\/\/elabrevaderojm.com\/en\/2024\/06\/11\/blackbird-a-proposito-de-la-reaparicion-de-esta-pieza-de-paul-mccartney-ii\/yoko_ono_indica_gallery-card\/\" data-orig-file=\"https:\/\/i0.wp.com\/elabrevaderojm.com\/wp-content\/uploads\/2024\/06\/yoko_ono_indica_gallery-card.jpg?fit=220%2C171&amp;ssl=1\" data-orig-size=\"220,171\" data-comments-opened=\"1\" data-image-meta=\"{&quot;aperture&quot;:&quot;0&quot;,&quot;credit&quot;:&quot;&quot;,&quot;camera&quot;:&quot;&quot;,&quot;caption&quot;:&quot;&quot;,&quot;created_timestamp&quot;:&quot;0&quot;,&quot;copyright&quot;:&quot;&quot;,&quot;focal_length&quot;:&quot;0&quot;,&quot;iso&quot;:&quot;0&quot;,&quot;shutter_speed&quot;:&quot;0&quot;,&quot;title&quot;:&quot;&quot;,&quot;orientation&quot;:&quot;0&quot;}\" data-image-title=\"Yoko_Ono_Indica_Gallery card\" data-image-description=\"\" data-image-caption=\"\" data-large-file=\"https:\/\/i0.wp.com\/elabrevaderojm.com\/wp-content\/uploads\/2024\/06\/yoko_ono_indica_gallery-card.jpg?fit=220%2C171&amp;ssl=1\" class=\"wp-image-17558\" style=\"width: 129px\" src=\"https:\/\/i0.wp.com\/elabrevaderojm.com\/wp-content\/uploads\/2024\/06\/yoko_ono_indica_gallery-card.jpg?resize=220%2C171&#038;ssl=1\" alt=\"\"> <a href=\"#cdec201a-5ecd-435c-9187-87bcf9f85188-link\" aria-label=\"Jump to footnote reference 4\">\u21a9\ufe0e<\/a><\/li><li id=\"3cd3c60f-2f3c-4d1b-af45-75d41ac79d65\"><strong>Yannis<\/strong> (m\u00e1s tarde <strong>John<\/strong>) <strong>Alexis Mardas<\/strong> (2 de mayo de 1942 \u2013 13 de enero de 2017), tambi\u00e9n conocido como <strong>Magic Alex<\/strong>, fue un ingeniero electr\u00f3nico griego que estuvo estrechamente asociado con los Beatles. Su apodo se lo dio Lennon cuando estuvo involucrado con el grupo entre 1965 y 1969, tiempo durante el cual se convirti\u00f3 en jefe de <a href=\"https:\/\/es.wikipedia.org\/wiki\/Apple_Corps\">Apple Electronics<\/a>. Mardas lleg\u00f3 a Inglaterra en 1965, exponiendo sus esculturas<em> Kinetic Light<\/em> en la <em>Indica Gallery<\/em>.\u00a0Sus planes le hicieron perder a Apple al menos 300.000 <a href=\"https:\/\/es.wikipedia.org\/wiki\/Libra_esterlina\">libras esterlinas<\/a> (el equivalente a 6,57 millones de libras esterlinas en 2023).<br> <img data-recalc-dims=\"1\" loading=\"lazy\" decoding=\"async\" width=\"199\" height=\"241\" data-attachment-id=\"17602\" data-permalink=\"https:\/\/elabrevaderojm.com\/en\/2024\/06\/11\/blackbird-a-proposito-de-la-reaparicion-de-esta-pieza-de-paul-mccartney-ii\/magic-alex\/\" data-orig-file=\"https:\/\/i0.wp.com\/elabrevaderojm.com\/wp-content\/uploads\/2024\/06\/magic-alex.jpg?fit=199%2C241&amp;ssl=1\" data-orig-size=\"199,241\" data-comments-opened=\"1\" data-image-meta=\"{&quot;aperture&quot;:&quot;0&quot;,&quot;credit&quot;:&quot;&quot;,&quot;camera&quot;:&quot;&quot;,&quot;caption&quot;:&quot;&quot;,&quot;created_timestamp&quot;:&quot;0&quot;,&quot;copyright&quot;:&quot;&quot;,&quot;focal_length&quot;:&quot;0&quot;,&quot;iso&quot;:&quot;0&quot;,&quot;shutter_speed&quot;:&quot;0&quot;,&quot;title&quot;:&quot;&quot;,&quot;orientation&quot;:&quot;1&quot;}\" data-image-title=\"magic alex\" data-image-description=\"\" data-image-caption=\"\" data-large-file=\"https:\/\/i0.wp.com\/elabrevaderojm.com\/wp-content\/uploads\/2024\/06\/magic-alex.jpg?fit=199%2C241&amp;ssl=1\" class=\"wp-image-17602\" style=\"width: 100px\" src=\"https:\/\/i0.wp.com\/elabrevaderojm.com\/wp-content\/uploads\/2024\/06\/magic-alex.jpg?resize=199%2C241&#038;ssl=1\" alt=\"\"> <a href=\"#3cd3c60f-2f3c-4d1b-af45-75d41ac79d65-link\" aria-label=\"Jump to footnote reference 5\">\u21a9\ufe0e<\/a><\/li><li id=\"9e088310-d946-449c-911a-e794374d6631\"><strong>Ron Kass<\/strong> (30 de marzo de 1935 \u2013 17 de octubre de 1986) fue un empresario, ejecutivo discogr\u00e1fico y <a href=\"https:\/\/es.wikipedia.org\/wiki\/Productor_de_cine\">productor cinematogr\u00e1fico<\/a> estadounidense, quien trabaj\u00f3 con al menos cuatro compa\u00f1\u00edas discogr\u00e1ficas: <a href=\"https:\/\/es.wikipedia.org\/wiki\/Liberty_Records\">Liberty Records<\/a>, <a href=\"https:\/\/es.wikipedia.org\/wiki\/Metro-Goldwyn-Mayer\">Metro-Goldwyn-Mayer Pictures<\/a>, <a href=\"https:\/\/es.wikipedia.org\/wiki\/Warner_Bros.\">Warner Bros. Entertainment Inc.<\/a> y <a href=\"https:\/\/es.wikipedia.org\/wiki\/Apple_Records\">Apple Records<\/a>.<br><img data-recalc-dims=\"1\" loading=\"lazy\" decoding=\"async\" width=\"211\" height=\"223\" data-attachment-id=\"17604\" data-permalink=\"https:\/\/elabrevaderojm.com\/en\/2024\/06\/11\/blackbird-a-proposito-de-la-reaparicion-de-esta-pieza-de-paul-mccartney-ii\/ron-k-2\/\" data-orig-file=\"https:\/\/i0.wp.com\/elabrevaderojm.com\/wp-content\/uploads\/2024\/06\/ron-k-2.jpg?fit=211%2C223&amp;ssl=1\" data-orig-size=\"211,223\" data-comments-opened=\"1\" data-image-meta=\"{&quot;aperture&quot;:&quot;0&quot;,&quot;credit&quot;:&quot;Michael Ward&quot;,&quot;camera&quot;:&quot;Perfection V800\/V850&quot;,&quot;caption&quot;:&quot;American businessman Ronald Kass as the newly appointed Managing Director of Apple Music Records, posing next to a picture of the band at Apple Music Records offices, June 13, 1968.&quot;,&quot;created_timestamp&quot;:&quot;1559149048&quot;,&quot;copyright&quot;:&quot;\\u00a9 Iconic Images Limited&quot;,&quot;focal_length&quot;:&quot;0&quot;,&quot;iso&quot;:&quot;0&quot;,&quot;shutter_speed&quot;:&quot;0&quot;,&quot;title&quot;:&quot;&quot;,&quot;orientation&quot;:&quot;0&quot;}\" data-image-title=\"ron k 2\" data-image-description=\"\" data-image-caption=\"&lt;p&gt;American businessman Ronald Kass as the newly appointed Managing Director of Apple Music Records, posing next to a picture of the band at Apple Music Records offices, June 13, 1968.&lt;\/p&gt;\n\" data-large-file=\"https:\/\/i0.wp.com\/elabrevaderojm.com\/wp-content\/uploads\/2024\/06\/ron-k-2.jpg?fit=211%2C223&amp;ssl=1\" class=\"wp-image-17604\" style=\"width: 100px\" src=\"https:\/\/i0.wp.com\/elabrevaderojm.com\/wp-content\/uploads\/2024\/06\/ron-k-2.jpg?resize=211%2C223&#038;ssl=1\" alt=\"\"> <img data-recalc-dims=\"1\" loading=\"lazy\" decoding=\"async\" width=\"205\" height=\"299\" data-attachment-id=\"17605\" data-permalink=\"https:\/\/elabrevaderojm.com\/en\/2024\/06\/11\/blackbird-a-proposito-de-la-reaparicion-de-esta-pieza-de-paul-mccartney-ii\/libertylabellogo\/\" data-orig-file=\"https:\/\/i0.wp.com\/elabrevaderojm.com\/wp-content\/uploads\/2024\/06\/libertylabellogo.jpeg?fit=205%2C299&amp;ssl=1\" data-orig-size=\"205,299\" data-comments-opened=\"1\" data-image-meta=\"{&quot;aperture&quot;:&quot;0&quot;,&quot;credit&quot;:&quot;&quot;,&quot;camera&quot;:&quot;&quot;,&quot;caption&quot;:&quot;&quot;,&quot;created_timestamp&quot;:&quot;0&quot;,&quot;copyright&quot;:&quot;&quot;,&quot;focal_length&quot;:&quot;0&quot;,&quot;iso&quot;:&quot;0&quot;,&quot;shutter_speed&quot;:&quot;0&quot;,&quot;title&quot;:&quot;&quot;,&quot;orientation&quot;:&quot;0&quot;}\" data-image-title=\"Liberty,+Label+logo\" data-image-description=\"\" data-image-caption=\"\" data-large-file=\"https:\/\/i0.wp.com\/elabrevaderojm.com\/wp-content\/uploads\/2024\/06\/libertylabellogo.jpeg?fit=205%2C299&amp;ssl=1\" class=\"wp-image-17605\" style=\"width: 75px\" src=\"https:\/\/i0.wp.com\/elabrevaderojm.com\/wp-content\/uploads\/2024\/06\/libertylabellogo.jpeg?resize=205%2C299&#038;ssl=1\" alt=\"\"> <img data-recalc-dims=\"1\" loading=\"lazy\" decoding=\"async\" width=\"394\" height=\"246\" data-attachment-id=\"17606\" data-permalink=\"https:\/\/elabrevaderojm.com\/en\/2024\/06\/11\/blackbird-a-proposito-de-la-reaparicion-de-esta-pieza-de-paul-mccartney-ii\/mgm-logo-1\/\" data-orig-file=\"https:\/\/i0.wp.com\/elabrevaderojm.com\/wp-content\/uploads\/2024\/06\/mgm-logo-1.jpg?fit=394%2C246&amp;ssl=1\" data-orig-size=\"394,246\" data-comments-opened=\"1\" data-image-meta=\"{&quot;aperture&quot;:&quot;0&quot;,&quot;credit&quot;:&quot;&quot;,&quot;camera&quot;:&quot;&quot;,&quot;caption&quot;:&quot;&quot;,&quot;created_timestamp&quot;:&quot;0&quot;,&quot;copyright&quot;:&quot;&quot;,&quot;focal_length&quot;:&quot;0&quot;,&quot;iso&quot;:&quot;0&quot;,&quot;shutter_speed&quot;:&quot;0&quot;,&quot;title&quot;:&quot;&quot;,&quot;orientation&quot;:&quot;1&quot;}\" data-image-title=\"MGM logo 1\" data-image-description=\"\" data-image-caption=\"\" data-large-file=\"https:\/\/i0.wp.com\/elabrevaderojm.com\/wp-content\/uploads\/2024\/06\/mgm-logo-1.jpg?fit=394%2C246&amp;ssl=1\" class=\"wp-image-17606\" style=\"width: 170px\" src=\"https:\/\/i0.wp.com\/elabrevaderojm.com\/wp-content\/uploads\/2024\/06\/mgm-logo-1.jpg?resize=394%2C246&#038;ssl=1\" alt=\"\"> <img data-recalc-dims=\"1\" loading=\"lazy\" decoding=\"async\" width=\"250\" height=\"251\" data-attachment-id=\"17607\" data-permalink=\"https:\/\/elabrevaderojm.com\/en\/2024\/06\/11\/blackbird-a-proposito-de-la-reaparicion-de-esta-pieza-de-paul-mccartney-ii\/warner-bros-logo-1\/\" data-orig-file=\"https:\/\/i0.wp.com\/elabrevaderojm.com\/wp-content\/uploads\/2024\/06\/warner-bros-logo-1.jpg?fit=250%2C251&amp;ssl=1\" data-orig-size=\"250,251\" data-comments-opened=\"1\" data-image-meta=\"{&quot;aperture&quot;:&quot;0&quot;,&quot;credit&quot;:&quot;&quot;,&quot;camera&quot;:&quot;&quot;,&quot;caption&quot;:&quot;&quot;,&quot;created_timestamp&quot;:&quot;0&quot;,&quot;copyright&quot;:&quot;&quot;,&quot;focal_length&quot;:&quot;0&quot;,&quot;iso&quot;:&quot;0&quot;,&quot;shutter_speed&quot;:&quot;0&quot;,&quot;title&quot;:&quot;&quot;,&quot;orientation&quot;:&quot;1&quot;}\" data-image-title=\"warner bros logo 1\" data-image-description=\"\" data-image-caption=\"\" data-large-file=\"https:\/\/i0.wp.com\/elabrevaderojm.com\/wp-content\/uploads\/2024\/06\/warner-bros-logo-1.jpg?fit=250%2C251&amp;ssl=1\" class=\"wp-image-17607\" style=\"width: 100px\" src=\"https:\/\/i0.wp.com\/elabrevaderojm.com\/wp-content\/uploads\/2024\/06\/warner-bros-logo-1.jpg?resize=250%2C251&#038;ssl=1\" alt=\"\"> <img data-recalc-dims=\"1\" loading=\"lazy\" decoding=\"async\" width=\"321\" height=\"302\" data-attachment-id=\"17603\" data-permalink=\"https:\/\/elabrevaderojm.com\/en\/2024\/06\/11\/blackbird-a-proposito-de-la-reaparicion-de-esta-pieza-de-paul-mccartney-ii\/apple_1200-1\/\" data-orig-file=\"https:\/\/i0.wp.com\/elabrevaderojm.com\/wp-content\/uploads\/2024\/06\/apple_1200-1.jpg?fit=321%2C302&amp;ssl=1\" data-orig-size=\"321,302\" data-comments-opened=\"1\" data-image-meta=\"{&quot;aperture&quot;:&quot;0&quot;,&quot;credit&quot;:&quot;&quot;,&quot;camera&quot;:&quot;&quot;,&quot;caption&quot;:&quot;&quot;,&quot;created_timestamp&quot;:&quot;0&quot;,&quot;copyright&quot;:&quot;&quot;,&quot;focal_length&quot;:&quot;0&quot;,&quot;iso&quot;:&quot;0&quot;,&quot;shutter_speed&quot;:&quot;0&quot;,&quot;title&quot;:&quot;&quot;,&quot;orientation&quot;:&quot;1&quot;}\" data-image-title=\"Apple_1200 1\" data-image-description=\"\" data-image-caption=\"\" data-large-file=\"https:\/\/i0.wp.com\/elabrevaderojm.com\/wp-content\/uploads\/2024\/06\/apple_1200-1.jpg?fit=321%2C302&amp;ssl=1\" class=\"wp-image-17603\" style=\"width: 115px\" src=\"https:\/\/i0.wp.com\/elabrevaderojm.com\/wp-content\/uploads\/2024\/06\/apple_1200-1.jpg?resize=321%2C302&#038;ssl=1\" alt=\"\"> <a href=\"#9e088310-d946-449c-911a-e794374d6631-link\" aria-label=\"Jump to footnote reference 6\">\u21a9\ufe0e<\/a><\/li><li id=\"e707a264-bf3b-4f33-946a-dd34d75bdd0e\"><strong>Tony Macarthur<\/strong> fue un DJ de radio australiano que se convirti\u00f3 en el director de programas de Radio Luxemburgo en 1969. Seg\u00fan Lewisohn, \u00e9l entrevist\u00f3 a Paul para dicha estaci\u00f3n. <a href=\"#e707a264-bf3b-4f33-946a-dd34d75bdd0e-link\" aria-label=\"Jump to footnote reference 7\">\u21a9\ufe0e<\/a><\/li><\/ol>","protected":false},"excerpt":{"rendered":"<p>\u00abEste es uno de mis temas: \u201ctoma una canci\u00f3n triste y hazla mejor\u201d, deja que esta canci\u00f3n te ayude. \u201cEmpoderamiento\u201d es una buena palabra para describirlo. A lo largo de los a\u00f1os&#8230;<\/p>","protected":false},"author":147101633,"featured_media":0,"comment_status":"open","ping_status":"open","sticky":false,"template":"","format":"standard","meta":{"_coblocks_attr":"","_coblocks_dimensions":"","_coblocks_responsive_height":"","_coblocks_accordion_ie_support":"","advanced_seo_description":"","jetpack_seo_html_title":"","jetpack_seo_noindex":false,"jetpack_seo_schema_type":"","_jetpack_newsletter_access":"","_jetpack_dont_email_post_to_subs":false,"_jetpack_newsletter_tier_id":0,"_jetpack_memberships_contains_paywalled_content":false,"_wpcom_ai_launchpad_first_post":false,"_jetpack_feature_clip_id":0,"_jetpack_memberships_contains_paid_content":false,"footnotes":"[{\"id\":\"ac5fdc40-afae-4c1d-aa72-86444b7af3be\",\"content\":\"<strong><em>Raga <\\\/em><\\\/strong><em>es una<\\\/em> pel\\u00edcula documental de 1971 sobre la vida y la m\\u00fasica del sitarista\\u00a0hind\\u00fa Ravi Shankar, producida y dirigida por Howard Worth. Incluye escenas con los m\\u00fasicos occidentales <a href=\\\"https:\\\/\\\/es.wikipedia.org\\\/wiki\\\/Yehudi_Menuhin\\\">Yehudi Menuhin<\\\/a> y George Harrison, as\\u00ed como im\\u00e1genes de Shankar regresando a <a href=\\\"https:\\\/\\\/es.wikipedia.org\\\/wiki\\\/Maihar\\\">Maihar<\\\/a> en el centro de la India, donde de joven se entren\\u00f3 bajo la tutela de Allauddin Khan.\\u00a0La mayor parte del documental se rod\\u00f3 a finales de la d\\u00e9cada de 1960, durante un per\\u00edodo en el que la creciente popularidad de Shankar hizo que la <a href=\\\"https:\\\/\\\/es.wikipedia.org\\\/wiki\\\/M%C3%BAsica_cl%C3%A1sica_de_India\\\">m\\u00fasica cl\\u00e1sica hind\\u00fa<\\\/a> fuera adoptada por los m\\u00fasicos de <em>rock<\\\/em> y <em>pop<\\\/em> y sus audiencias.<br><img class=\\\"wp-image-17516\\\" style=\\\"width: 100px\\\" src=\\\"https:\\\/\\\/elabrevaderojm.com\\\/wp-content\\\/uploads\\\/2024\\\/05\\\/raga-peli-poster-1.jpg\\\" alt=\\\"\\\"> <img class=\\\"wp-image-17517\\\" style=\\\"width: 87px\\\" src=\\\"https:\\\/\\\/elabrevaderojm.com\\\/wp-content\\\/uploads\\\/2024\\\/05\\\/yehudi-m-1.jpg\\\" alt=\\\"\\\"> <img class=\\\"wp-image-17515\\\" style=\\\"width: 103px\\\" src=\\\"https:\\\/\\\/elabrevaderojm.com\\\/wp-content\\\/uploads\\\/2024\\\/05\\\/allauddin-k-1.jpg\\\" alt=\\\"\\\">\"},{\"id\":\"b44035ae-21b5-46d3-b8b1-542d55dccc04\",\"content\":\"<strong>Philip McDonald <\\\/strong>es un <a href=\\\"https:\\\/\\\/es.wikipedia.org\\\/wiki\\\/Ingeniero_de_audio\\\">ingeniero de audio<\\\/a> de estudio de grabaci\\u00f3n ingl\\u00e9s, mejor conocido como el ingeniero de EMI y m\\u00e1s tarde de Apple Records durante los a\\u00f1os en que los Beatles se dedicaron solamente a grabar en estudio, junto con Geoff Emerick y otros. McDonald se uni\\u00f3 a Apple como ingeniero s\\u00e9nior de equilibrio a la edad de 25 a\\u00f1os. Adem\\u00e1s de su trabajo en los \\u00e1lbumes de los Beatles, fue responsable de la ingenier\\u00eda de las grabaciones de <a href=\\\"https:\\\/\\\/es.wikipedia.org\\\/wiki\\\/John_Lennon\\\">John Lennon<\\\/a>, George Harrison, <a href=\\\"https:\\\/\\\/es.wikipedia.org\\\/wiki\\\/The_Shadows\\\">The Shadows<\\\/a>, Paul McCartney, Ringo Starr, <a href=\\\"https:\\\/\\\/es.wikipedia.org\\\/wiki\\\/Roy_Harper\\\">Roy Harper<\\\/a>, <a href=\\\"https:\\\/\\\/es.wikipedia.org\\\/wiki\\\/Badfinger\\\">Badfinger<\\\/a>, Rhead Brothers, <a href=\\\"https:\\\/\\\/es.wikipedia.org\\\/wiki\\\/Roger_Daltrey\\\">Roger Daltrey<\\\/a> y <a href=\\\"https:\\\/\\\/es.wikipedia.org\\\/wiki\\\/Squeeze\\\">Squeeze<\\\/a>.<br><img class=\\\"wp-image-17525\\\" style=\\\"width: 100px\\\" src=\\\"https:\\\/\\\/elabrevaderojm.com\\\/wp-content\\\/uploads\\\/2024\\\/05\\\/the-shadows-1.jpg\\\" alt=\\\"\\\"> <img class=\\\"wp-image-17523\\\" style=\\\"width: 60px\\\" src=\\\"https:\\\/\\\/elabrevaderojm.com\\\/wp-content\\\/uploads\\\/2024\\\/05\\\/roy_harper.jpg\\\" alt=\\\"\\\"> <img class=\\\"wp-image-17521\\\" style=\\\"width: 100px\\\" src=\\\"https:\\\/\\\/elabrevaderojm.com\\\/wp-content\\\/uploads\\\/2024\\\/05\\\/badfinger-1.jpg\\\" alt=\\\"\\\"> <img class=\\\"wp-image-17526\\\" style=\\\"width: 79px\\\" src=\\\"https:\\\/\\\/elabrevaderojm.com\\\/wp-content\\\/uploads\\\/2024\\\/05\\\/rhead-bros-1.jpg\\\" alt=\\\"\\\"> <img class=\\\"wp-image-17522\\\" style=\\\"width: 69px\\\" src=\\\"https:\\\/\\\/elabrevaderojm.com\\\/wp-content\\\/uploads\\\/2024\\\/05\\\/roger-d-1.jpg\\\" alt=\\\"\\\"> <img class=\\\"wp-image-17524\\\" style=\\\"width: 138px\\\" src=\\\"https:\\\/\\\/elabrevaderojm.com\\\/wp-content\\\/uploads\\\/2024\\\/05\\\/squeeze-1.jpg\\\" alt=\\\"\\\">\"},{\"id\":\"f01990ad-ff53-49b7-879f-d7a7fba41d1a\",\"content\":\"<strong><em>The Beatles: 50th Anniversary Edition<\\\/em><\\\/strong> es una reedici\\u00f3n ampliada del \\u00e1lbum doble de 1968 <a href=\\\"https:\\\/\\\/es.wikipedia.org\\\/wiki\\\/The_Beatles_(%C3%A1lbum)\\\"><em>The Beatles<\\\/em><\\\/a>. Fue lanzado en noviembre de 2018 para coincidir con el 50 aniversario del \\u00e1lbum original. Incluye una nueva <a href=\\\"https:\\\/\\\/es.wikipedia.org\\\/wiki\\\/Remezcla\\\">remezcla<\\\/a> est\\u00e9reo del \\u00e1lbum de <a href=\\\"https:\\\/\\\/es.wikipedia.org\\\/wiki\\\/Giles_Martin\\\">Giles Martin<\\\/a>, hijo del productor de los Beatles, <a href=\\\"https:\\\/\\\/en.wikipedia.org\\\/wiki\\\/George_Martin\\\">George Martin<\\\/a>, fallecido en 2016.<br><img class=\\\"wp-image-17539\\\" style=\\\"width: 110px\\\" src=\\\"https:\\\/\\\/elabrevaderojm.com\\\/wp-content\\\/uploads\\\/2024\\\/05\\\/george-giles-martin-1.jpg\\\" alt=\\\"\\\">\"},{\"id\":\"cdec201a-5ecd-435c-9187-87bcf9f85188\",\"content\":\"<strong><em>Indica Gallery<\\\/em><\\\/strong> fue una galer\\u00eda de arte contracultural en <em>Mason's Yard<\\\/em> (cerca de <em>Duke Street<\\\/em>), <em>St James's<\\\/em>, Londres de 1965 a 1967, en el s\\u00f3tano de la librer\\u00eda <em>Indica Bookshop<\\\/em>. John Dunbar, Peter Asher y Barry Miles eran los propietarios, y Paul McCartney lo apoy\\u00f3 y organiz\\u00f3 una exposici\\u00f3n de \\u00a0la obra de Yoko Ono en noviembre de 1966, en la que Ono conoci\\u00f3 a John Lennon. \\u00a0<br><img class=\\\"wp-image-17559\\\" style=\\\"width: 100px\\\" src=\\\"https:\\\/\\\/elabrevaderojm.com\\\/wp-content\\\/uploads\\\/2024\\\/06\\\/indica-books-2.jpg\\\" alt=\\\"\\\"> <img class=\\\"wp-image-17560\\\" style=\\\"width: 163px\\\" src=\\\"https:\\\/\\\/elabrevaderojm.com\\\/wp-content\\\/uploads\\\/2024\\\/06\\\/macca-y-cia-en-indica-1.jpg\\\" alt=\\\"\\\"> <img class=\\\"wp-image-17558\\\" style=\\\"width: 129px\\\" src=\\\"https:\\\/\\\/elabrevaderojm.com\\\/wp-content\\\/uploads\\\/2024\\\/06\\\/yoko_ono_indica_gallery-card.jpg\\\" alt=\\\"\\\">\"},{\"id\":\"3cd3c60f-2f3c-4d1b-af45-75d41ac79d65\",\"content\":\"<strong>Yannis<\\\/strong> (m\\u00e1s tarde <strong>John<\\\/strong>) <strong>Alexis Mardas<\\\/strong> (2 de mayo de 1942 \\u2013 13 de enero de 2017), tambi\\u00e9n conocido como <strong>Magic Alex<\\\/strong>, fue un ingeniero electr\\u00f3nico griego que estuvo estrechamente asociado con los Beatles. Su apodo se lo dio Lennon cuando estuvo involucrado con el grupo entre 1965 y 1969, tiempo durante el cual se convirti\\u00f3 en jefe de <a href=\\\"https:\\\/\\\/es.wikipedia.org\\\/wiki\\\/Apple_Corps\\\">Apple Electronics<\\\/a>. Mardas lleg\\u00f3 a Inglaterra en 1965, exponiendo sus esculturas<em> Kinetic Light<\\\/em> en la <em>Indica Gallery<\\\/em>.\\u00a0Sus planes le hicieron perder a Apple al menos 300.000 <a href=\\\"https:\\\/\\\/es.wikipedia.org\\\/wiki\\\/Libra_esterlina\\\">libras esterlinas<\\\/a> (el equivalente a 6,57 millones de libras esterlinas en 2023).<br> <img class=\\\"wp-image-17602\\\" style=\\\"width: 100px\\\" src=\\\"https:\\\/\\\/elabrevaderojm.com\\\/wp-content\\\/uploads\\\/2024\\\/06\\\/magic-alex.jpg\\\" alt=\\\"\\\">\"},{\"id\":\"9e088310-d946-449c-911a-e794374d6631\",\"content\":\"<strong>Ron Kass<\\\/strong> (30 de marzo de 1935 \\u2013 17 de octubre de 1986) fue un empresario, ejecutivo discogr\\u00e1fico y <a href=\\\"https:\\\/\\\/es.wikipedia.org\\\/wiki\\\/Productor_de_cine\\\">productor cinematogr\\u00e1fico<\\\/a> estadounidense, quien trabaj\\u00f3 con al menos cuatro compa\\u00f1\\u00edas discogr\\u00e1ficas: <a href=\\\"https:\\\/\\\/es.wikipedia.org\\\/wiki\\\/Liberty_Records\\\">Liberty Records<\\\/a>, <a href=\\\"https:\\\/\\\/es.wikipedia.org\\\/wiki\\\/Metro-Goldwyn-Mayer\\\">Metro-Goldwyn-Mayer Pictures<\\\/a>, <a href=\\\"https:\\\/\\\/es.wikipedia.org\\\/wiki\\\/Warner_Bros.\\\">Warner Bros. Entertainment Inc.<\\\/a> y <a href=\\\"https:\\\/\\\/es.wikipedia.org\\\/wiki\\\/Apple_Records\\\">Apple Records<\\\/a>.<br><img class=\\\"wp-image-17604\\\" style=\\\"width: 100px\\\" src=\\\"https:\\\/\\\/elabrevaderojm.com\\\/wp-content\\\/uploads\\\/2024\\\/06\\\/ron-k-2.jpg\\\" alt=\\\"\\\"> <img class=\\\"wp-image-17605\\\" style=\\\"width: 75px\\\" src=\\\"https:\\\/\\\/elabrevaderojm.com\\\/wp-content\\\/uploads\\\/2024\\\/06\\\/libertylabellogo.jpeg\\\" alt=\\\"\\\"> <img class=\\\"wp-image-17606\\\" style=\\\"width: 170px\\\" src=\\\"https:\\\/\\\/elabrevaderojm.com\\\/wp-content\\\/uploads\\\/2024\\\/06\\\/mgm-logo-1.jpg\\\" alt=\\\"\\\"> <img class=\\\"wp-image-17607\\\" style=\\\"width: 100px\\\" src=\\\"https:\\\/\\\/elabrevaderojm.com\\\/wp-content\\\/uploads\\\/2024\\\/06\\\/warner-bros-logo-1.jpg\\\" alt=\\\"\\\"> <img class=\\\"wp-image-17603\\\" style=\\\"width: 115px\\\" src=\\\"https:\\\/\\\/elabrevaderojm.com\\\/wp-content\\\/uploads\\\/2024\\\/06\\\/apple_1200-1.jpg\\\" alt=\\\"\\\">\"},{\"id\":\"e707a264-bf3b-4f33-946a-dd34d75bdd0e\",\"content\":\"<strong>Tony Macarthur<\\\/strong> fue un DJ de radio australiano que se convirti\\u00f3 en el director de programas de Radio Luxemburgo en 1969. Seg\\u00fan Lewisohn, \\u00e9l entrevist\\u00f3 a Paul para dicha estaci\\u00f3n.\"}]","jetpack_publicize_message":"{title}\n\n{excerpt}\n\n{url}","jetpack_publicize_feature_enabled":true,"jetpack_social_post_already_shared":false,"jetpack_social_options":{"image_generator_settings":{"template":"highway","default_image_id":0,"font":"","enabled":false},"version":2},"_wpas_customize_per_network":false,"jetpack_post_was_ever_published":false},"categories":[12191453,122563111,770216206,185595],"tags":[586056,330927,5668115,692458,1443680,572392,319522,836656,131581201,114502,10013823,305135,274749,305131,18936,548314,32279026,4548,342147,4088126,18594,12048427,12787380,244054,23804,12787381,73333567,552263,231866,538000,1141527,119569223,68509,923329,23786030,4549],"class_list":["post-17435","post","type-post","status-publish","format-standard","hentry","category-arte-en-la-historia","category-entretenimiento-musica","category-famosos-del-entretenimiento","category-muy-interesante","tag-abbey-road","tag-abbey-road-studios","tag-album-blanco","tag-apple-corps","tag-apple-records","tag-blackbird","tag-capitol-records","tag-chris-thomas","tag-efecto-de-sonido","tag-emi","tag-emi-studios","tag-geoff-emerick","tag-george-harrison","tag-george-martin","tag-guitarra","tag-harry-nilsson","tag-indica-gallery","tag-john-lennon","tag-john-smith","tag-ken-scott","tag-londres","tag-magic-alex","tag-mark-lewisohn","tag-metronomo","tag-paul-mccartney","tag-phil-mcdonald","tag-radio-luxemburgo","tag-ravi-shankar","tag-ringo-starr","tag-sgt","tag-sgt-peppers-lonely-hearts-club-band","tag-stuart-eltham","tag-the-beatles","tag-the-beatles-anthology","tag-tony-bramwell","tag-yoko-ono"],"featured_image_src":null,"author_info":{"display_name":"jmhernandezgonzalez","author_link":"https:\/\/elabrevaderojm.com\/en\/author\/jmhernandezgonzalez\/"},"jetpack_publicize_connections":[],"jetpack_likes_enabled":true,"jetpack_sharing_enabled":true,"jetpack_shortlink":"https:\/\/wp.me\/pap3D5-4xd","jetpack-related-posts":[],"jetpack_featured_media_url":"","_links":{"self":[{"href":"https:\/\/elabrevaderojm.com\/en\/wp-json\/wp\/v2\/posts\/17435","targetHints":{"allow":["GET"]}}],"collection":[{"href":"https:\/\/elabrevaderojm.com\/en\/wp-json\/wp\/v2\/posts"}],"about":[{"href":"https:\/\/elabrevaderojm.com\/en\/wp-json\/wp\/v2\/types\/post"}],"author":[{"embeddable":true,"href":"https:\/\/elabrevaderojm.com\/en\/wp-json\/wp\/v2\/users\/147101633"}],"replies":[{"embeddable":true,"href":"https:\/\/elabrevaderojm.com\/en\/wp-json\/wp\/v2\/comments?post=17435"}],"version-history":[{"count":25,"href":"https:\/\/elabrevaderojm.com\/en\/wp-json\/wp\/v2\/posts\/17435\/revisions"}],"predecessor-version":[{"id":24096,"href":"https:\/\/elabrevaderojm.com\/en\/wp-json\/wp\/v2\/posts\/17435\/revisions\/24096"}],"wp:attachment":[{"href":"https:\/\/elabrevaderojm.com\/en\/wp-json\/wp\/v2\/media?parent=17435"}],"wp:term":[{"taxonomy":"category","embeddable":true,"href":"https:\/\/elabrevaderojm.com\/en\/wp-json\/wp\/v2\/categories?post=17435"},{"taxonomy":"post_tag","embeddable":true,"href":"https:\/\/elabrevaderojm.com\/en\/wp-json\/wp\/v2\/tags?post=17435"}],"curies":[{"name":"wp","href":"https:\/\/api.w.org\/{rel}","templated":true}]}}