{"id":17822,"date":"2024-06-11T21:07:02","date_gmt":"2024-06-12T01:07:02","guid":{"rendered":"https:\/\/elabrevaderojm.com\/?p=17822"},"modified":"2025-04-07T16:56:24","modified_gmt":"2025-04-07T20:56:24","slug":"blackbird-a-proposito-de-la-reaparicion-de-esta-pieza-de-paul-mccartney-iv","status":"publish","type":"post","link":"https:\/\/elabrevaderojm.com\/en\/2024\/06\/11\/blackbird-a-proposito-de-la-reaparicion-de-esta-pieza-de-paul-mccartney-iv\/","title":{"rendered":"Blackbird: a prop\u00f3sito de la \u00abreaparici\u00f3n\u00bb de esta pieza de Paul McCartney (IV)"},"content":{"rendered":"\n<h3 class=\"wp-block-heading has-poppins-font-family has-custom-font\" style=\"font-size:25px;font-family:poppins\"><strong>Interpretaciones en vivo<\/strong><\/h3>\n\n\n\n<p class=\"has-text-align-justify has-domine-font-family has-custom-font wp-block-paragraph\" style=\"font-family:domine\">Esta es una de las 12 canciones de los Beatles que <strong>McCartney ha solido tocar en sus espect\u00e1culos en vivo<\/strong> a lo largo de su carrera. Se presta a ello porque es bastante corta (dura solo 2:18) y se puede tocar con solo una guitarra. Desde 2002 en adelante, se ha convertido en un elemento fijo en sus listas de canciones, pues <strong>la canci\u00f3n ha tenido una recepci\u00f3n entusiasta<\/strong> despu\u00e9s de cada actuaci\u00f3n en cada gira que ha hecho desde entonces.<\/p>\n\n\n\n<figure class=\"wp-block-table has-literata-font-family\"><table class=\"has-pale-ocean-gradient-background has-background has-fixed-layout\" style=\"border-width:4px\"><tbody><tr><td><strong><mark style=\"background-color:rgba(0, 0, 0, 0);color:#f50707\" class=\"has-inline-color\">RELACIONADO<\/mark>: <a href=\"https:\/\/elabrevaderojm.com\/2024\/06\/11\/blackbird-a-proposito-de-la-reaparicion-de-esta-pieza-de-paul-mccartney-iii\/\"><em>Blackbird:<\/em> a prop\u00f3sito de la \u00abreaparici\u00f3n\u00bb de esta pieza de Paul McCartney (III).<\/a><\/strong><\/td><\/tr><\/tbody><\/table><\/figure>\n\n\n\n<div class=\"wp-block-media-text is-stacked-on-mobile\" style=\"grid-template-columns:15% auto\"><figure class=\"wp-block-media-text__media\"><img data-recalc-dims=\"1\" loading=\"lazy\" decoding=\"async\" width=\"189\" height=\"300\" data-attachment-id=\"17825\" data-permalink=\"https:\/\/elabrevaderojm.com\/en\/2024\/06\/11\/blackbird-a-proposito-de-la-reaparicion-de-esta-pieza-de-paul-mccartney-iv\/alistair-t\/\" data-orig-file=\"https:\/\/i0.wp.com\/elabrevaderojm.com\/wp-content\/uploads\/2024\/06\/alistair-t.jpeg?fit=189%2C300&amp;ssl=1\" data-orig-size=\"189,300\" data-comments-opened=\"1\" data-image-meta=\"{&quot;aperture&quot;:&quot;0&quot;,&quot;credit&quot;:&quot;&quot;,&quot;camera&quot;:&quot;&quot;,&quot;caption&quot;:&quot;&quot;,&quot;created_timestamp&quot;:&quot;0&quot;,&quot;copyright&quot;:&quot;&quot;,&quot;focal_length&quot;:&quot;0&quot;,&quot;iso&quot;:&quot;0&quot;,&quot;shutter_speed&quot;:&quot;0&quot;,&quot;title&quot;:&quot;&quot;,&quot;orientation&quot;:&quot;0&quot;}\" data-image-title=\"alistair-t\" data-image-description=\"\" data-image-caption=\"\" data-large-file=\"https:\/\/i0.wp.com\/elabrevaderojm.com\/wp-content\/uploads\/2024\/06\/alistair-t.jpeg?fit=189%2C300&amp;ssl=1\" src=\"https:\/\/i0.wp.com\/elabrevaderojm.com\/wp-content\/uploads\/2024\/06\/alistair-t.jpeg?resize=189%2C300&#038;ssl=1\" alt=\"\" class=\"wp-image-17825 size-full\"\/><\/figure><div class=\"wp-block-media-text__content\">\n<p class=\"has-text-align-justify has-domine-font-family has-normal-font-size has-custom-font wp-block-paragraph\" style=\"font-family:domine\">Lo que podr\u00eda llamarse la primera interpretaci\u00f3n en vivo de <em>Blackbird<\/em> ocurri\u00f3 en una fecha estimada como 1 de junio de 1968. El director de la oficina de Apple Records<strong>, <\/strong><a href=\"https:\/\/es.wikipedia.org\/wiki\/Alistair_Taylor\">Alistair Taylor<\/a> (en la foto), explica:<\/p>\n<\/div><\/div>\n\n\n\n<p class=\"has-text-align-justify has-domine-font-family has-custom-font wp-block-paragraph\" style=\"font-family:domine\">\u00ab<strong>La primera vez que escuch\u00e9 <em>Blackbird<\/em><\/strong> fue cuando Paul y yo \u00edbamos caminando por Abbey Road a eso de las tres de la madrugada, y \u00e9l ten\u00eda su guitarra ac\u00fastica puesta, colgando de su hombro por un trozo de cuerda. Hab\u00eda dos fan\u00e1ticos sigui\u00e9ndonos cuando llegamos a la esquina de Cavendish Avenue, donde nos paramos debajo de la l\u00e1mpara de gas que estaba all\u00ed. De repente, dijo: \u201cOye, escucha esto\u201d. Le ech\u00f3 mano a la guitarra y me cant\u00f3 <em>Blackbird<\/em>, \u00a1y fue incre\u00edble! \u00a1Fue maravilloso!\u00bb.<\/p>\n\n\n\n<p class=\"has-domine-font-family has-custom-font wp-block-paragraph\" style=\"font-family:domine\">Y contin\u00faa:<\/p>\n\n\n\n<p class=\"has-text-align-justify has-domine-font-family has-custom-font wp-block-paragraph\" style=\"font-family:domine\">\u00abLuego, unas seis semanas despu\u00e9s, me trajo un acetato y me dijo: \u201cAh\u00ed tienes, esa es la canci\u00f3n que te cant\u00e9\u201d, \u00a1y fue horrible! Era t\u00edpico de McCartney, hermoso y simple, en la forma en que lo hab\u00eda hecho, pero no era la canci\u00f3n que me hab\u00eda cantado. Entonces, le dije esto y \u00e9l dijo: \u201cOh, querido\u201d, y se fue y regres\u00f3 y dijo: \u201cLo he vuelto a hacer\u201d, y le hab\u00eda puesto ruidos de p\u00e1jaros. Paul odia los espacios vac\u00edos en sus canciones. Le dije: \u201c\u00a1Paul, tienes que estar bromeando!\u201d. Todav\u00eda no est\u00e1 bien hasta el d\u00eda de hoy\u00bb.<\/p>\n\n\n\n<p class=\"has-domine-font-family has-custom-font wp-block-paragraph\" style=\"font-family:domine\">Esa, por supuesto, es su opini\u00f3n.<\/p>\n\n\n\n<p class=\"has-text-align-justify has-domine-font-family has-custom-font wp-block-paragraph\" style=\"font-family:domine\">Unos tres meses y medio despu\u00e9s de este adelanto de la canci\u00f3n a Alistair, <strong>Paul dio una interpretaci\u00f3n improvisada de la canci\u00f3n <\/strong>a algunos fans reunidos fuera de su casa en una c\u00e1lida noche de septiembre de 1968, como se cont\u00f3 al comienzo de la primera parte de este art\u00edculo.<\/p>\n\n\n<div class=\"wp-block-image\">\n<figure class=\"aligncenter size-large is-resized\"><img data-recalc-dims=\"1\" loading=\"lazy\" decoding=\"async\" width=\"415\" height=\"420\" data-attachment-id=\"17827\" data-permalink=\"https:\/\/elabrevaderojm.com\/en\/2024\/06\/11\/blackbird-a-proposito-de-la-reaparicion-de-esta-pieza-de-paul-mccartney-iv\/acetato-de-blackbird-de-paul-1\/\" data-orig-file=\"https:\/\/i0.wp.com\/elabrevaderojm.com\/wp-content\/uploads\/2024\/06\/acetato-de-blackbird-de-paul-1.jpg?fit=415%2C420&amp;ssl=1\" data-orig-size=\"415,420\" data-comments-opened=\"1\" data-image-meta=\"{&quot;aperture&quot;:&quot;0&quot;,&quot;credit&quot;:&quot;&quot;,&quot;camera&quot;:&quot;&quot;,&quot;caption&quot;:&quot;&quot;,&quot;created_timestamp&quot;:&quot;0&quot;,&quot;copyright&quot;:&quot;&quot;,&quot;focal_length&quot;:&quot;0&quot;,&quot;iso&quot;:&quot;0&quot;,&quot;shutter_speed&quot;:&quot;0&quot;,&quot;title&quot;:&quot;&quot;,&quot;orientation&quot;:&quot;1&quot;}\" data-image-title=\"acetato-de-blackbird-de-paul-1\" data-image-description=\"\" data-image-caption=\"\" data-large-file=\"https:\/\/i0.wp.com\/elabrevaderojm.com\/wp-content\/uploads\/2024\/06\/acetato-de-blackbird-de-paul-1.jpg?fit=415%2C420&amp;ssl=1\" src=\"https:\/\/i0.wp.com\/elabrevaderojm.com\/wp-content\/uploads\/2024\/06\/acetato-de-blackbird-de-paul-1.jpg?resize=415%2C420&#038;ssl=1\" alt=\"\" class=\"wp-image-17827\" style=\"width:233px;height:auto\"\/><figcaption class=\"wp-element-caption\"><strong>Una fuente publica esta foto como la que presenta el acetato que Paul le facilitara a Alistair.<\/strong><\/figcaption><\/figure>\n<\/div>\n\n\n<p class=\"has-text-align-justify has-domine-font-family has-custom-font wp-block-paragraph\" style=\"font-family:domine\"><strong>Paul nunca tuvo la oportunidad de llevar <em>Blackbird<\/em> a un escenario de concierto<\/strong> durante su carrera con los Beatles, ya que hab\u00edan dejado de hacer giras mucho antes de que se grabara la canci\u00f3n. Sin embargo, como solista, Paul ha continuado interpret\u00e1ndola regularmente en sus giras.<\/p>\n\n\n\n<p class=\"has-text-align-justify has-domine-font-family has-custom-font wp-block-paragraph\" style=\"font-family:domine\">Comenzando con su gira mundial de 1975-76 <a href=\"https:\/\/es.wikipedia.org\/wiki\/Wings_Over_the_World_Tour\"><em>Wings Over the World Tour<\/em><\/a> con su banda <a href=\"https:\/\/es.wikipedia.org\/wiki\/Wings_(banda)\">Wings<\/a> (abajo, en la foto), McCartney ha interpretado <em>Blackbird<\/em> en cada una de sus giras de conciertos. &nbsp;<\/p>\n\n\n\n<div class=\"wp-block-jetpack-tiled-gallery aligncenter is-style-rectangular\"><div class=\"\"><div class=\"tiled-gallery__gallery\"><div class=\"tiled-gallery__row\"><div class=\"tiled-gallery__col\" style=\"flex-basis:50.04855%\"><figure class=\"tiled-gallery__item\"><img decoding=\"async\" data-attachment-id=\"17731\" data-permalink=\"https:\/\/elabrevaderojm.com\/en\/2024\/06\/11\/blackbird-a-proposito-de-la-reaparicion-de-esta-pieza-de-paul-mccartney-iii\/wings-1-2\/\" data-orig-file=\"https:\/\/i0.wp.com\/elabrevaderojm.com\/wp-content\/uploads\/2024\/06\/wings-1.jpg?fit=342%2C192&amp;ssl=1\" data-orig-size=\"342,192\" data-comments-opened=\"1\" data-image-meta=\"{&quot;aperture&quot;:&quot;0&quot;,&quot;credit&quot;:&quot;&quot;,&quot;camera&quot;:&quot;&quot;,&quot;caption&quot;:&quot;&quot;,&quot;created_timestamp&quot;:&quot;0&quot;,&quot;copyright&quot;:&quot;&quot;,&quot;focal_length&quot;:&quot;0&quot;,&quot;iso&quot;:&quot;0&quot;,&quot;shutter_speed&quot;:&quot;0&quot;,&quot;title&quot;:&quot;&quot;,&quot;orientation&quot;:&quot;1&quot;}\" data-image-title=\"wings-1\" data-image-description=\"\" data-image-caption=\"\" data-large-file=\"https:\/\/i0.wp.com\/elabrevaderojm.com\/wp-content\/uploads\/2024\/06\/wings-1.jpg?fit=342%2C192&amp;ssl=1\" role=\"button\" tabindex=\"0\" aria-label=\"Open image 1 of 2 in full-screen\" srcset=\"https:\/\/i0.wp.com\/elabrevaderojm.com\/wp-content\/uploads\/2024\/06\/wings-1.jpg?strip=info&#038;w=342&#038;ssl=1 342w\" alt=\"\" data-height=\"192\" data-id=\"17731\" data-link=\"https:\/\/elabrevaderojm.com\/?attachment_id=17731\" data-url=\"https:\/\/elabrevaderojm.com\/wp-content\/uploads\/2024\/06\/wings-1.jpg?w=342\" data-width=\"342\" src=\"https:\/\/i0.wp.com\/elabrevaderojm.com\/wp-content\/uploads\/2024\/06\/wings-1.jpg?ssl=1\" data-amp-layout=\"responsive\" tabindex=\"0\" role=\"button\" aria-label=\"Abrir la imagen 1 de 2 en pantalla completa\"\/><\/figure><\/div><div class=\"tiled-gallery__col\" style=\"flex-basis:49.95145%\"><figure class=\"tiled-gallery__item\"><img decoding=\"async\" data-attachment-id=\"17787\" data-permalink=\"https:\/\/elabrevaderojm.com\/en\/2024\/06\/11\/blackbird-a-proposito-de-la-reaparicion-de-esta-pieza-de-paul-mccartney-iii\/wings-over-poster-1\/\" data-orig-file=\"https:\/\/i0.wp.com\/elabrevaderojm.com\/wp-content\/uploads\/2024\/06\/wings-over.-poster-1.jpg?fit=400%2C225&amp;ssl=1\" data-orig-size=\"400,225\" data-comments-opened=\"1\" data-image-meta=\"{&quot;aperture&quot;:&quot;0&quot;,&quot;credit&quot;:&quot;&quot;,&quot;camera&quot;:&quot;&quot;,&quot;caption&quot;:&quot;&quot;,&quot;created_timestamp&quot;:&quot;0&quot;,&quot;copyright&quot;:&quot;&quot;,&quot;focal_length&quot;:&quot;0&quot;,&quot;iso&quot;:&quot;0&quot;,&quot;shutter_speed&quot;:&quot;0&quot;,&quot;title&quot;:&quot;&quot;,&quot;orientation&quot;:&quot;1&quot;}\" data-image-title=\"wings over&amp;#8230; poster 1\" data-image-description=\"\" data-image-caption=\"\" data-large-file=\"https:\/\/i0.wp.com\/elabrevaderojm.com\/wp-content\/uploads\/2024\/06\/wings-over.-poster-1.jpg?fit=400%2C225&amp;ssl=1\" role=\"button\" tabindex=\"0\" aria-label=\"Open image 2 of 2 in full-screen\" srcset=\"https:\/\/i0.wp.com\/elabrevaderojm.com\/wp-content\/uploads\/2024\/06\/wings-over.-poster-1.jpg?strip=info&#038;w=400&#038;ssl=1 400w\" alt=\"\" data-height=\"225\" data-id=\"17787\" data-link=\"https:\/\/elabrevaderojm.com\/?attachment_id=17787\" data-url=\"https:\/\/elabrevaderojm.com\/wp-content\/uploads\/2024\/06\/wings-over.-poster-1.jpg?w=400\" data-width=\"400\" src=\"https:\/\/i0.wp.com\/elabrevaderojm.com\/wp-content\/uploads\/2024\/06\/wings-over.-poster-1.jpg?ssl=1\" data-amp-layout=\"responsive\" tabindex=\"0\" role=\"button\" aria-label=\"Abrir la imagen 2 de 2 en pantalla completa\"\/><\/figure><\/div><\/div><\/div><\/div><\/div>\n\n\n\n<p class=\"has-domine-font-family has-custom-font wp-block-paragraph\" style=\"font-family:domine\">Las siguientes giras la incluyeron en sus listas de canciones:<\/p>\n\n\n\n<ul class=\"wp-block-list\">\n<li><em>Wings Over The World<\/em> (9 de septiembre de 1975 al 21 de octubre de 1976),<\/li>\n\n\n\n<li><a href=\"https:\/\/es.wikipedia.org\/wiki\/Driving_World_Tour\"><em>Driving World Tour<\/em><\/a> (del 1 de abril al 18 de noviembre de 2002), <img data-recalc-dims=\"1\" loading=\"lazy\" decoding=\"async\" width=\"268\" height=\"370\" data-attachment-id=\"17837\" data-permalink=\"https:\/\/elabrevaderojm.com\/en\/2024\/06\/11\/blackbird-a-proposito-de-la-reaparicion-de-esta-pieza-de-paul-mccartney-iv\/driving_usa-poster\/\" data-orig-file=\"https:\/\/i0.wp.com\/elabrevaderojm.com\/wp-content\/uploads\/2024\/06\/driving_usa-poster.jpg?fit=268%2C370&amp;ssl=1\" data-orig-size=\"268,370\" data-comments-opened=\"1\" data-image-meta=\"{&quot;aperture&quot;:&quot;0&quot;,&quot;credit&quot;:&quot;&quot;,&quot;camera&quot;:&quot;&quot;,&quot;caption&quot;:&quot;&quot;,&quot;created_timestamp&quot;:&quot;0&quot;,&quot;copyright&quot;:&quot;&quot;,&quot;focal_length&quot;:&quot;0&quot;,&quot;iso&quot;:&quot;0&quot;,&quot;shutter_speed&quot;:&quot;0&quot;,&quot;title&quot;:&quot;&quot;,&quot;orientation&quot;:&quot;0&quot;}\" data-image-title=\"Driving_USA poster\" data-image-description=\"\" data-image-caption=\"\" data-large-file=\"https:\/\/i0.wp.com\/elabrevaderojm.com\/wp-content\/uploads\/2024\/06\/driving_usa-poster.jpg?fit=268%2C370&amp;ssl=1\" class=\"wp-image-17837\" style=\"width: 70px\" src=\"https:\/\/i0.wp.com\/elabrevaderojm.com\/wp-content\/uploads\/2024\/06\/driving_usa-poster.jpg?resize=268%2C370&#038;ssl=1\" alt=\"\"><\/li>\n\n\n\n<li><em>Back In The World<\/em> (del 25 de marzo al 1 de junio de 2003), <img data-recalc-dims=\"1\" loading=\"lazy\" decoding=\"async\" width=\"180\" height=\"280\" data-attachment-id=\"17838\" data-permalink=\"https:\/\/elabrevaderojm.com\/en\/2024\/06\/11\/blackbird-a-proposito-de-la-reaparicion-de-esta-pieza-de-paul-mccartney-iv\/back-in-poster\/\" data-orig-file=\"https:\/\/i0.wp.com\/elabrevaderojm.com\/wp-content\/uploads\/2024\/06\/back-in.-poster.jpeg?fit=180%2C280&amp;ssl=1\" data-orig-size=\"180,280\" data-comments-opened=\"1\" data-image-meta=\"{&quot;aperture&quot;:&quot;0&quot;,&quot;credit&quot;:&quot;&quot;,&quot;camera&quot;:&quot;&quot;,&quot;caption&quot;:&quot;&quot;,&quot;created_timestamp&quot;:&quot;0&quot;,&quot;copyright&quot;:&quot;&quot;,&quot;focal_length&quot;:&quot;0&quot;,&quot;iso&quot;:&quot;0&quot;,&quot;shutter_speed&quot;:&quot;0&quot;,&quot;title&quot;:&quot;&quot;,&quot;orientation&quot;:&quot;0&quot;}\" data-image-title=\"back in&amp;#8230; poster\" data-image-description=\"\" data-image-caption=\"\" data-large-file=\"https:\/\/i0.wp.com\/elabrevaderojm.com\/wp-content\/uploads\/2024\/06\/back-in.-poster.jpeg?fit=180%2C280&amp;ssl=1\" class=\"wp-image-17838\" style=\"width: 70px\" src=\"https:\/\/i0.wp.com\/elabrevaderojm.com\/wp-content\/uploads\/2024\/06\/back-in.-poster.jpeg?resize=180%2C280&#038;ssl=1\" alt=\"\"><\/li>\n\n\n\n<li><em>2004 Summer Tour<\/em> (del 25 de mayo al 26 de junio de 2004), <img data-recalc-dims=\"1\" loading=\"lazy\" decoding=\"async\" width=\"382\" height=\"382\" data-attachment-id=\"17839\" data-permalink=\"https:\/\/elabrevaderojm.com\/en\/2024\/06\/11\/blackbird-a-proposito-de-la-reaparicion-de-esta-pieza-de-paul-mccartney-iv\/2004-tour-poster\/\" data-orig-file=\"https:\/\/i0.wp.com\/elabrevaderojm.com\/wp-content\/uploads\/2024\/06\/2004-tour-poster.jpg?fit=382%2C382&amp;ssl=1\" data-orig-size=\"382,382\" data-comments-opened=\"1\" data-image-meta=\"{&quot;aperture&quot;:&quot;0&quot;,&quot;credit&quot;:&quot;&quot;,&quot;camera&quot;:&quot;&quot;,&quot;caption&quot;:&quot;&quot;,&quot;created_timestamp&quot;:&quot;0&quot;,&quot;copyright&quot;:&quot;&quot;,&quot;focal_length&quot;:&quot;0&quot;,&quot;iso&quot;:&quot;0&quot;,&quot;shutter_speed&quot;:&quot;0&quot;,&quot;title&quot;:&quot;&quot;,&quot;orientation&quot;:&quot;0&quot;}\" data-image-title=\"2004 tour poster\" data-image-description=\"\" data-image-caption=\"\" data-large-file=\"https:\/\/i0.wp.com\/elabrevaderojm.com\/wp-content\/uploads\/2024\/06\/2004-tour-poster.jpg?fit=382%2C382&amp;ssl=1\" class=\"wp-image-17839\" style=\"width: 100px\" src=\"https:\/\/i0.wp.com\/elabrevaderojm.com\/wp-content\/uploads\/2024\/06\/2004-tour-poster.jpg?resize=382%2C382&#038;ssl=1\" alt=\"\"><\/li>\n\n\n\n<li><a href=\"https:\/\/es.wikipedia.org\/wiki\/The_%27US%27_Tour\"><em>The &#8216;US&#8217; Tour<\/em><\/a> (del 16 de septiembre al 30 de noviembre de 2005), <img data-recalc-dims=\"1\" loading=\"lazy\" decoding=\"async\" width=\"330\" height=\"302\" data-attachment-id=\"17841\" data-permalink=\"https:\/\/elabrevaderojm.com\/en\/2024\/06\/11\/blackbird-a-proposito-de-la-reaparicion-de-esta-pieza-de-paul-mccartney-iv\/the_us_tour-poster\/\" data-orig-file=\"https:\/\/i0.wp.com\/elabrevaderojm.com\/wp-content\/uploads\/2024\/06\/the_us_tour-poster.jpg?fit=330%2C302&amp;ssl=1\" data-orig-size=\"330,302\" data-comments-opened=\"1\" data-image-meta=\"{&quot;aperture&quot;:&quot;0&quot;,&quot;credit&quot;:&quot;&quot;,&quot;camera&quot;:&quot;&quot;,&quot;caption&quot;:&quot;&quot;,&quot;created_timestamp&quot;:&quot;0&quot;,&quot;copyright&quot;:&quot;&quot;,&quot;focal_length&quot;:&quot;0&quot;,&quot;iso&quot;:&quot;0&quot;,&quot;shutter_speed&quot;:&quot;0&quot;,&quot;title&quot;:&quot;&quot;,&quot;orientation&quot;:&quot;0&quot;}\" data-image-title=\"The_US_Tour poster\" data-image-description=\"\" data-image-caption=\"\" data-large-file=\"https:\/\/i0.wp.com\/elabrevaderojm.com\/wp-content\/uploads\/2024\/06\/the_us_tour-poster.jpg?fit=330%2C302&amp;ssl=1\" class=\"wp-image-17841\" style=\"width: 100px\" src=\"https:\/\/i0.wp.com\/elabrevaderojm.com\/wp-content\/uploads\/2024\/06\/the_us_tour-poster.jpg?resize=330%2C302&#038;ssl=1\" alt=\"\"><\/li>\n\n\n\n<li><em>Secret Tour<\/em> de 2007, <img data-recalc-dims=\"1\" loading=\"lazy\" decoding=\"async\" width=\"480\" height=\"231\" data-attachment-id=\"17842\" data-permalink=\"https:\/\/elabrevaderojm.com\/en\/2024\/06\/11\/blackbird-a-proposito-de-la-reaparicion-de-esta-pieza-de-paul-mccartney-iv\/secret-tour-en-nyc-1\/\" data-orig-file=\"https:\/\/i0.wp.com\/elabrevaderojm.com\/wp-content\/uploads\/2024\/06\/secret-tour-en-nyc-1.jpg?fit=480%2C231&amp;ssl=1\" data-orig-size=\"480,231\" data-comments-opened=\"1\" data-image-meta=\"{&quot;aperture&quot;:&quot;0&quot;,&quot;credit&quot;:&quot;&quot;,&quot;camera&quot;:&quot;&quot;,&quot;caption&quot;:&quot;&quot;,&quot;created_timestamp&quot;:&quot;0&quot;,&quot;copyright&quot;:&quot;&quot;,&quot;focal_length&quot;:&quot;0&quot;,&quot;iso&quot;:&quot;0&quot;,&quot;shutter_speed&quot;:&quot;0&quot;,&quot;title&quot;:&quot;&quot;,&quot;orientation&quot;:&quot;1&quot;}\" data-image-title=\"secret tour en NYC 1\" data-image-description=\"\" data-image-caption=\"\" data-large-file=\"https:\/\/i0.wp.com\/elabrevaderojm.com\/wp-content\/uploads\/2024\/06\/secret-tour-en-nyc-1.jpg?fit=480%2C231&amp;ssl=1\" class=\"wp-image-17842\" style=\"width: 150px\" src=\"https:\/\/i0.wp.com\/elabrevaderojm.com\/wp-content\/uploads\/2024\/06\/secret-tour-en-nyc-1.jpg?resize=480%2C231&#038;ssl=1\" alt=\"\"><\/li>\n\n\n\n<li><a href=\"https:\/\/es.wikipedia.org\/wiki\/Summer_Live_%2709\"><em>Summer Live &#8217;09<\/em><\/a> (del 17 de julio al 19 de agosto de 2009), <img data-recalc-dims=\"1\" loading=\"lazy\" decoding=\"async\" width=\"234\" height=\"425\" data-attachment-id=\"17844\" data-permalink=\"https:\/\/elabrevaderojm.com\/en\/2024\/06\/11\/blackbird-a-proposito-de-la-reaparicion-de-esta-pieza-de-paul-mccartney-iv\/summer-poster\/\" data-orig-file=\"https:\/\/i0.wp.com\/elabrevaderojm.com\/wp-content\/uploads\/2024\/06\/summer.-poster.jpg?fit=234%2C425&amp;ssl=1\" data-orig-size=\"234,425\" data-comments-opened=\"1\" data-image-meta=\"{&quot;aperture&quot;:&quot;0&quot;,&quot;credit&quot;:&quot;&quot;,&quot;camera&quot;:&quot;&quot;,&quot;caption&quot;:&quot;&quot;,&quot;created_timestamp&quot;:&quot;0&quot;,&quot;copyright&quot;:&quot;&quot;,&quot;focal_length&quot;:&quot;0&quot;,&quot;iso&quot;:&quot;0&quot;,&quot;shutter_speed&quot;:&quot;0&quot;,&quot;title&quot;:&quot;&quot;,&quot;orientation&quot;:&quot;1&quot;}\" data-image-title=\"summer&amp;#8230; poster\" data-image-description=\"\" data-image-caption=\"\" data-large-file=\"https:\/\/i0.wp.com\/elabrevaderojm.com\/wp-content\/uploads\/2024\/06\/summer.-poster.jpg?fit=234%2C425&amp;ssl=1\" class=\"wp-image-17844\" style=\"width: 70px\" src=\"https:\/\/i0.wp.com\/elabrevaderojm.com\/wp-content\/uploads\/2024\/06\/summer.-poster.jpg?resize=234%2C425&#038;ssl=1\" alt=\"\"><\/li>\n\n\n\n<li><a href=\"https:\/\/es.wikipedia.org\/wiki\/Good_Evening_Europe_Tour\"><em>Good Evening Europe Tour<\/em><\/a> (del 2 al 22 de diciembre de 2009), <img data-recalc-dims=\"1\" loading=\"lazy\" decoding=\"async\" width=\"280\" height=\"280\" data-attachment-id=\"17845\" data-permalink=\"https:\/\/elabrevaderojm.com\/en\/2024\/06\/11\/blackbird-a-proposito-de-la-reaparicion-de-esta-pieza-de-paul-mccartney-iv\/good-europe1\/\" data-orig-file=\"https:\/\/i0.wp.com\/elabrevaderojm.com\/wp-content\/uploads\/2024\/06\/good.-europe1.jpg?fit=280%2C280&amp;ssl=1\" data-orig-size=\"280,280\" data-comments-opened=\"1\" data-image-meta=\"{&quot;aperture&quot;:&quot;0&quot;,&quot;credit&quot;:&quot;&quot;,&quot;camera&quot;:&quot;&quot;,&quot;caption&quot;:&quot;&quot;,&quot;created_timestamp&quot;:&quot;0&quot;,&quot;copyright&quot;:&quot;&quot;,&quot;focal_length&quot;:&quot;0&quot;,&quot;iso&quot;:&quot;0&quot;,&quot;shutter_speed&quot;:&quot;0&quot;,&quot;title&quot;:&quot;&quot;,&quot;orientation&quot;:&quot;1&quot;}\" data-image-title=\"good&amp;#8230; europe1\" data-image-description=\"\" data-image-caption=\"\" data-large-file=\"https:\/\/i0.wp.com\/elabrevaderojm.com\/wp-content\/uploads\/2024\/06\/good.-europe1.jpg?fit=280%2C280&amp;ssl=1\" class=\"wp-image-17845\" style=\"width: 100px\" src=\"https:\/\/i0.wp.com\/elabrevaderojm.com\/wp-content\/uploads\/2024\/06\/good.-europe1.jpg?resize=280%2C280&#038;ssl=1\" alt=\"\"><\/li>\n\n\n\n<li><a href=\"https:\/\/es.wikipedia.org\/wiki\/Up_and_Coming_Tour\"><em>Up And Coming Tour<\/em><\/a> (del 28 de marzo de 2010 al 10 de junio de 2011), <img data-recalc-dims=\"1\" loading=\"lazy\" decoding=\"async\" width=\"318\" height=\"313\" data-attachment-id=\"17846\" data-permalink=\"https:\/\/elabrevaderojm.com\/en\/2024\/06\/11\/blackbird-a-proposito-de-la-reaparicion-de-esta-pieza-de-paul-mccartney-iv\/up_and_coming_tour-poster\/\" data-orig-file=\"https:\/\/i0.wp.com\/elabrevaderojm.com\/wp-content\/uploads\/2024\/06\/up_and_coming_tour-poster.jpg?fit=318%2C313&amp;ssl=1\" data-orig-size=\"318,313\" data-comments-opened=\"1\" data-image-meta=\"{&quot;aperture&quot;:&quot;0&quot;,&quot;credit&quot;:&quot;&quot;,&quot;camera&quot;:&quot;&quot;,&quot;caption&quot;:&quot;&quot;,&quot;created_timestamp&quot;:&quot;0&quot;,&quot;copyright&quot;:&quot;&quot;,&quot;focal_length&quot;:&quot;0&quot;,&quot;iso&quot;:&quot;0&quot;,&quot;shutter_speed&quot;:&quot;0&quot;,&quot;title&quot;:&quot;&quot;,&quot;orientation&quot;:&quot;1&quot;}\" data-image-title=\"Up_and_Coming_Tour poster\" data-image-description=\"\" data-image-caption=\"\" data-large-file=\"https:\/\/i0.wp.com\/elabrevaderojm.com\/wp-content\/uploads\/2024\/06\/up_and_coming_tour-poster.jpg?fit=318%2C313&amp;ssl=1\" class=\"wp-image-17846\" style=\"width: 100px\" src=\"https:\/\/i0.wp.com\/elabrevaderojm.com\/wp-content\/uploads\/2024\/06\/up_and_coming_tour-poster.jpg?resize=318%2C313&#038;ssl=1\" alt=\"\"><\/li>\n\n\n\n<li><a href=\"https:\/\/es.wikipedia.org\/wiki\/On_the_Run_(gira_de_Paul_McCartney)\"><em>On The Run Tour<\/em><\/a> (del 15 de julio de 2011 al 29 de noviembre de 2012), <img data-recalc-dims=\"1\" loading=\"lazy\" decoding=\"async\" width=\"367\" height=\"367\" data-attachment-id=\"17848\" data-permalink=\"https:\/\/elabrevaderojm.com\/en\/2024\/06\/11\/blackbird-a-proposito-de-la-reaparicion-de-esta-pieza-de-paul-mccartney-iv\/on-the-run-poster-1\/\" data-orig-file=\"https:\/\/i0.wp.com\/elabrevaderojm.com\/wp-content\/uploads\/2024\/06\/on-the-run-poster-1.jpg?fit=367%2C367&amp;ssl=1\" data-orig-size=\"367,367\" data-comments-opened=\"1\" data-image-meta=\"{&quot;aperture&quot;:&quot;0&quot;,&quot;credit&quot;:&quot;&quot;,&quot;camera&quot;:&quot;&quot;,&quot;caption&quot;:&quot;&quot;,&quot;created_timestamp&quot;:&quot;0&quot;,&quot;copyright&quot;:&quot;&quot;,&quot;focal_length&quot;:&quot;0&quot;,&quot;iso&quot;:&quot;0&quot;,&quot;shutter_speed&quot;:&quot;0&quot;,&quot;title&quot;:&quot;&quot;,&quot;orientation&quot;:&quot;1&quot;}\" data-image-title=\"on the run poster 1\" data-image-description=\"\" data-image-caption=\"\" data-large-file=\"https:\/\/i0.wp.com\/elabrevaderojm.com\/wp-content\/uploads\/2024\/06\/on-the-run-poster-1.jpg?fit=367%2C367&amp;ssl=1\" class=\"wp-image-17848\" style=\"width: 100px\" src=\"https:\/\/i0.wp.com\/elabrevaderojm.com\/wp-content\/uploads\/2024\/06\/on-the-run-poster-1.jpg?resize=367%2C367&#038;ssl=1\" alt=\"\"><\/li>\n\n\n\n<li><a href=\"https:\/\/es.wikipedia.org\/wiki\/Out_There!_Tour\"><em>Out There! Tour<\/em><\/a> (del 4 de mayo de 2013 al 22 de octubre de 2015), <img data-recalc-dims=\"1\" loading=\"lazy\" decoding=\"async\" width=\"296\" height=\"296\" data-attachment-id=\"17850\" data-permalink=\"https:\/\/elabrevaderojm.com\/en\/2024\/06\/11\/blackbird-a-proposito-de-la-reaparicion-de-esta-pieza-de-paul-mccartney-iv\/out-there-poster-1\/\" data-orig-file=\"https:\/\/i0.wp.com\/elabrevaderojm.com\/wp-content\/uploads\/2024\/06\/out-there-poster-1.jpg?fit=296%2C296&amp;ssl=1\" data-orig-size=\"296,296\" data-comments-opened=\"1\" data-image-meta=\"{&quot;aperture&quot;:&quot;0&quot;,&quot;credit&quot;:&quot;&quot;,&quot;camera&quot;:&quot;&quot;,&quot;caption&quot;:&quot;&quot;,&quot;created_timestamp&quot;:&quot;0&quot;,&quot;copyright&quot;:&quot;&quot;,&quot;focal_length&quot;:&quot;0&quot;,&quot;iso&quot;:&quot;0&quot;,&quot;shutter_speed&quot;:&quot;0&quot;,&quot;title&quot;:&quot;&quot;,&quot;orientation&quot;:&quot;1&quot;}\" data-image-title=\"out there poster 1\" data-image-description=\"\" data-image-caption=\"\" data-large-file=\"https:\/\/i0.wp.com\/elabrevaderojm.com\/wp-content\/uploads\/2024\/06\/out-there-poster-1.jpg?fit=296%2C296&amp;ssl=1\" class=\"wp-image-17850\" style=\"width: 100px\" src=\"https:\/\/i0.wp.com\/elabrevaderojm.com\/wp-content\/uploads\/2024\/06\/out-there-poster-1.jpg?resize=296%2C296&#038;ssl=1\" alt=\"\"><\/li>\n\n\n\n<li><a href=\"https:\/\/es.wikipedia.org\/wiki\/One_On_One_Tour\"><em>One On One<\/em><\/a> (del 13 de abril de 2016 al 16 de diciembre de 2017), <img data-recalc-dims=\"1\" loading=\"lazy\" decoding=\"async\" width=\"385\" height=\"211\" data-attachment-id=\"17851\" data-permalink=\"https:\/\/elabrevaderojm.com\/en\/2024\/06\/11\/blackbird-a-proposito-de-la-reaparicion-de-esta-pieza-de-paul-mccartney-iv\/one_on_one-poster-1\/\" data-orig-file=\"https:\/\/i0.wp.com\/elabrevaderojm.com\/wp-content\/uploads\/2024\/06\/one_on_one-poster-1.jpg?fit=385%2C211&amp;ssl=1\" data-orig-size=\"385,211\" data-comments-opened=\"1\" data-image-meta=\"{&quot;aperture&quot;:&quot;0&quot;,&quot;credit&quot;:&quot;&quot;,&quot;camera&quot;:&quot;&quot;,&quot;caption&quot;:&quot;&quot;,&quot;created_timestamp&quot;:&quot;0&quot;,&quot;copyright&quot;:&quot;&quot;,&quot;focal_length&quot;:&quot;0&quot;,&quot;iso&quot;:&quot;0&quot;,&quot;shutter_speed&quot;:&quot;0&quot;,&quot;title&quot;:&quot;&quot;,&quot;orientation&quot;:&quot;1&quot;}\" data-image-title=\"One_on_One poster 1\" data-image-description=\"\" data-image-caption=\"\" data-large-file=\"https:\/\/i0.wp.com\/elabrevaderojm.com\/wp-content\/uploads\/2024\/06\/one_on_one-poster-1.jpg?fit=385%2C211&amp;ssl=1\" class=\"wp-image-17851\" style=\"width: 150px\" src=\"https:\/\/i0.wp.com\/elabrevaderojm.com\/wp-content\/uploads\/2024\/06\/one_on_one-poster-1.jpg?resize=385%2C211&#038;ssl=1\" alt=\"\"><\/li>\n\n\n\n<li><a href=\"https:\/\/es.wikipedia.org\/wiki\/Freshen_Up_Tour\"><em>Freshen Up<\/em><\/a> (del 17 de septiembre de 2018 al 13 de julio de 2019), <img data-recalc-dims=\"1\" loading=\"lazy\" decoding=\"async\" width=\"420\" height=\"420\" data-attachment-id=\"17853\" data-permalink=\"https:\/\/elabrevaderojm.com\/en\/2024\/06\/11\/blackbird-a-proposito-de-la-reaparicion-de-esta-pieza-de-paul-mccartney-iv\/freshen-up-poster-1\/\" data-orig-file=\"https:\/\/i0.wp.com\/elabrevaderojm.com\/wp-content\/uploads\/2024\/06\/freshen-up-poster-1.jpg?fit=420%2C420&amp;ssl=1\" data-orig-size=\"420,420\" data-comments-opened=\"1\" data-image-meta=\"{&quot;aperture&quot;:&quot;0&quot;,&quot;credit&quot;:&quot;&quot;,&quot;camera&quot;:&quot;&quot;,&quot;caption&quot;:&quot;&quot;,&quot;created_timestamp&quot;:&quot;0&quot;,&quot;copyright&quot;:&quot;&quot;,&quot;focal_length&quot;:&quot;0&quot;,&quot;iso&quot;:&quot;0&quot;,&quot;shutter_speed&quot;:&quot;0&quot;,&quot;title&quot;:&quot;&quot;,&quot;orientation&quot;:&quot;1&quot;}\" data-image-title=\"freshen up poster 1\" data-image-description=\"\" data-image-caption=\"\" data-large-file=\"https:\/\/i0.wp.com\/elabrevaderojm.com\/wp-content\/uploads\/2024\/06\/freshen-up-poster-1.jpg?fit=420%2C420&amp;ssl=1\" class=\"wp-image-17853\" style=\"width: 110px\" src=\"https:\/\/i0.wp.com\/elabrevaderojm.com\/wp-content\/uploads\/2024\/06\/freshen-up-poster-1.jpg?resize=420%2C420&#038;ssl=1\" alt=\"\"><\/li>\n\n\n\n<li><a href=\"https:\/\/es.wikipedia.org\/wiki\/Got_Back_Tour\"><em>Got Back<\/em><\/a> (del 28 de abril de 2022 al 16 de diciembre de 2023) <img data-recalc-dims=\"1\" loading=\"lazy\" decoding=\"async\" width=\"201\" height=\"251\" data-attachment-id=\"17854\" data-permalink=\"https:\/\/elabrevaderojm.com\/en\/2024\/06\/11\/blackbird-a-proposito-de-la-reaparicion-de-esta-pieza-de-paul-mccartney-iv\/got-back-1\/\" data-orig-file=\"https:\/\/i0.wp.com\/elabrevaderojm.com\/wp-content\/uploads\/2024\/06\/got-back-1.jpg?fit=201%2C251&amp;ssl=1\" data-orig-size=\"201,251\" data-comments-opened=\"1\" data-image-meta=\"{&quot;aperture&quot;:&quot;0&quot;,&quot;credit&quot;:&quot;&quot;,&quot;camera&quot;:&quot;&quot;,&quot;caption&quot;:&quot;&quot;,&quot;created_timestamp&quot;:&quot;0&quot;,&quot;copyright&quot;:&quot;&quot;,&quot;focal_length&quot;:&quot;0&quot;,&quot;iso&quot;:&quot;0&quot;,&quot;shutter_speed&quot;:&quot;0&quot;,&quot;title&quot;:&quot;&quot;,&quot;orientation&quot;:&quot;1&quot;}\" data-image-title=\"got back 1\" data-image-description=\"\" data-image-caption=\"\" data-large-file=\"https:\/\/i0.wp.com\/elabrevaderojm.com\/wp-content\/uploads\/2024\/06\/got-back-1.jpg?fit=201%2C251&amp;ssl=1\" class=\"wp-image-17854\" style=\"width: 100px\" src=\"https:\/\/i0.wp.com\/elabrevaderojm.com\/wp-content\/uploads\/2024\/06\/got-back-1.jpg?resize=201%2C251&#038;ssl=1\" alt=\"\">.<\/li>\n<\/ul>\n\n\n\n<p class=\"has-text-align-justify has-domine-font-family has-custom-font wp-block-paragraph\" style=\"font-family:domine\">En su libro <em>The Lyrics <\/em>\u2014editado e introducido por el poeta Muldoon<sup data-fn=\"47760f9e-30f2-401f-aa91-f7d24268363c\" class=\"fn\"><a href=\"#47760f9e-30f2-401f-aa91-f7d24268363c\" id=\"47760f9e-30f2-401f-aa91-f7d24268363c-link\">1<\/a><\/sup>\u2014, Paul cuenta sobre su introducci\u00f3n vocal a <em>Blackbird<\/em> en sus conciertos:<\/p>\n\n\n\n<div class=\"wp-block-media-text has-media-on-the-right is-stacked-on-mobile\" style=\"grid-template-columns:auto 16%\"><div class=\"wp-block-media-text__content\">\n<p class=\"has-text-align-justify has-domine-font-family has-custom-font wp-block-paragraph\" style=\"font-family:domine\">\u00abEmpec\u00e9 a <strong>hacer mucho m\u00e1s en la forma de contextualizar las canciones en mis conciertos <\/strong>regulares contando algunas de las historias detr\u00e1s de ellas. Creo que el p\u00fablico realmente aprecia encontrar un \u00e1ngulo en la atm\u00f3sfera planetaria de la canci\u00f3n, al ver la cara oculta de la luna\u00bb.<\/p>\n<\/div><figure class=\"wp-block-media-text__media\"><img data-recalc-dims=\"1\" loading=\"lazy\" decoding=\"async\" width=\"419\" height=\"630\" data-attachment-id=\"17865\" data-permalink=\"https:\/\/elabrevaderojm.com\/en\/2024\/06\/11\/blackbird-a-proposito-de-la-reaparicion-de-esta-pieza-de-paul-mccartney-iv\/the-lyrics-libro-2\/\" data-orig-file=\"https:\/\/i0.wp.com\/elabrevaderojm.com\/wp-content\/uploads\/2024\/06\/the-lyrics-libro.jpg?fit=419%2C630&amp;ssl=1\" data-orig-size=\"419,630\" data-comments-opened=\"1\" data-image-meta=\"{&quot;aperture&quot;:&quot;0&quot;,&quot;credit&quot;:&quot;&quot;,&quot;camera&quot;:&quot;&quot;,&quot;caption&quot;:&quot;&quot;,&quot;created_timestamp&quot;:&quot;0&quot;,&quot;copyright&quot;:&quot;&quot;,&quot;focal_length&quot;:&quot;0&quot;,&quot;iso&quot;:&quot;0&quot;,&quot;shutter_speed&quot;:&quot;0&quot;,&quot;title&quot;:&quot;&quot;,&quot;orientation&quot;:&quot;0&quot;}\" data-image-title=\"the-lyrics-libro\" data-image-description=\"\" data-image-caption=\"\" data-large-file=\"https:\/\/i0.wp.com\/elabrevaderojm.com\/wp-content\/uploads\/2024\/06\/the-lyrics-libro.jpg?fit=419%2C630&amp;ssl=1\" src=\"https:\/\/i0.wp.com\/elabrevaderojm.com\/wp-content\/uploads\/2024\/06\/the-lyrics-libro.jpg?resize=419%2C630&#038;ssl=1\" alt=\"\" class=\"wp-image-17865 size-full\"\/><\/figure><\/div>\n\n\n\n<p class=\"has-text-align-justify has-domine-font-family has-custom-font wp-block-paragraph\" style=\"font-family:domine\">En 1973, McCartney incluy\u00f3 esta canci\u00f3n, junto con <a href=\"https:\/\/es.wikipedia.org\/wiki\/Michelle_(canci%C3%B3n)\"><em>Michelle<\/em><\/a>, como parte de su popurr\u00ed ac\u00fastico en el especial de televisi\u00f3n <em>James Paul McCartney<\/em><sup data-fn=\"365d74e7-cd69-4c6f-b4f9-8a108c71ce83\" class=\"fn\"><a href=\"#365d74e7-cd69-4c6f-b4f9-8a108c71ce83\" id=\"365d74e7-cd69-4c6f-b4f9-8a108c71ce83-link\">2<\/a><\/sup>.<\/p>\n\n\n\n<p class=\"has-text-align-justify has-domine-font-family has-custom-font wp-block-paragraph\" style=\"font-family:domine\">Una interpretaci\u00f3n en solitario de la canci\u00f3n, seguida de <em>Yesterday<\/em>, aparece en el \u00e1lbum en vivo de Wings de 1976 <a href=\"https:\/\/es.wikipedia.org\/wiki\/Wings_Over_America\"><em>Wings Over America<\/em><\/a>.<\/p>\n\n\n\n<p class=\"has-text-align-justify has-domine-font-family has-custom-font wp-block-paragraph\" style=\"font-family:domine\">Paul tambi\u00e9n interpret\u00f3 <em>Blackbird<\/em> durante el \u00ab<a href=\"https:\/\/es.wikipedia.org\/wiki\/Jubileo_de_Oro_de_Isabel_II\">Jubileo de Oro de la Reina Isabel II<\/a>\u00bb el 3 de junio de 2002 en Londres con la propia Reina en la audiencia, en el concierto conocido como <a href=\"https:\/\/es.wikipedia.org\/wiki\/Party_at_the_Palace\">Party at the Palace<\/a>.<\/p>\n\n\n\n<div class=\"wp-block-jetpack-tiled-gallery aligncenter is-style-columns\"><div class=\"\"><div class=\"tiled-gallery__gallery\"><div class=\"tiled-gallery__row\"><div class=\"tiled-gallery__col\" style=\"flex-basis:33.61418%\"><figure class=\"tiled-gallery__item\"><img decoding=\"async\" data-attachment-id=\"17785\" data-permalink=\"https:\/\/elabrevaderojm.com\/en\/2024\/06\/11\/blackbird-a-proposito-de-la-reaparicion-de-esta-pieza-de-paul-mccartney-iii\/wings-over-disco-1\/\" data-orig-file=\"https:\/\/i0.wp.com\/elabrevaderojm.com\/wp-content\/uploads\/2024\/06\/wings-over.-disco-1.jpg?fit=400%2C350&amp;ssl=1\" data-orig-size=\"400,350\" data-comments-opened=\"1\" data-image-meta=\"{&quot;aperture&quot;:&quot;0&quot;,&quot;credit&quot;:&quot;&quot;,&quot;camera&quot;:&quot;&quot;,&quot;caption&quot;:&quot;&quot;,&quot;created_timestamp&quot;:&quot;0&quot;,&quot;copyright&quot;:&quot;&quot;,&quot;focal_length&quot;:&quot;0&quot;,&quot;iso&quot;:&quot;0&quot;,&quot;shutter_speed&quot;:&quot;0&quot;,&quot;title&quot;:&quot;&quot;,&quot;orientation&quot;:&quot;1&quot;}\" data-image-title=\"wings over&amp;#8230; disco 1\" data-image-description=\"\" data-image-caption=\"\" data-large-file=\"https:\/\/i0.wp.com\/elabrevaderojm.com\/wp-content\/uploads\/2024\/06\/wings-over.-disco-1.jpg?fit=400%2C350&amp;ssl=1\" role=\"button\" tabindex=\"0\" aria-label=\"Open image 1 of 3 in full-screen\" srcset=\"https:\/\/i0.wp.com\/elabrevaderojm.com\/wp-content\/uploads\/2024\/06\/wings-over.-disco-1.jpg?strip=info&#038;w=400&#038;ssl=1 400w\" alt=\"\" data-height=\"350\" data-id=\"17785\" data-link=\"https:\/\/elabrevaderojm.com\/?attachment_id=17785\" data-url=\"https:\/\/elabrevaderojm.com\/wp-content\/uploads\/2024\/06\/wings-over.-disco-1.jpg?w=400\" data-width=\"400\" src=\"https:\/\/i0.wp.com\/elabrevaderojm.com\/wp-content\/uploads\/2024\/06\/wings-over.-disco-1.jpg?ssl=1\" data-amp-layout=\"responsive\" tabindex=\"0\" role=\"button\" aria-label=\"Abrir la imagen 1 de 3 en pantalla completa\"\/><\/figure><\/div><div class=\"tiled-gallery__col\" style=\"flex-basis:39.10227%\"><figure class=\"tiled-gallery__item\"><img decoding=\"async\" data-attachment-id=\"17861\" data-permalink=\"https:\/\/elabrevaderojm.com\/en\/2024\/06\/11\/blackbird-a-proposito-de-la-reaparicion-de-esta-pieza-de-paul-mccartney-iv\/party-at-the-palace-2002-a\/\" data-orig-file=\"https:\/\/i0.wp.com\/elabrevaderojm.com\/wp-content\/uploads\/2024\/06\/party-at-the-palace-2002-a.jpg?fit=435%2C327&amp;ssl=1\" data-orig-size=\"435,327\" data-comments-opened=\"1\" data-image-meta=\"{&quot;aperture&quot;:&quot;0&quot;,&quot;credit&quot;:&quot;&quot;,&quot;camera&quot;:&quot;&quot;,&quot;caption&quot;:&quot;&quot;,&quot;created_timestamp&quot;:&quot;0&quot;,&quot;copyright&quot;:&quot;&quot;,&quot;focal_length&quot;:&quot;0&quot;,&quot;iso&quot;:&quot;0&quot;,&quot;shutter_speed&quot;:&quot;0&quot;,&quot;title&quot;:&quot;&quot;,&quot;orientation&quot;:&quot;1&quot;}\" data-image-title=\"party at the palace 2002 a\" data-image-description=\"\" data-image-caption=\"\" data-large-file=\"https:\/\/i0.wp.com\/elabrevaderojm.com\/wp-content\/uploads\/2024\/06\/party-at-the-palace-2002-a.jpg?fit=435%2C327&amp;ssl=1\" role=\"button\" tabindex=\"0\" aria-label=\"Open image 2 of 3 in full-screen\" srcset=\"https:\/\/i0.wp.com\/elabrevaderojm.com\/wp-content\/uploads\/2024\/06\/party-at-the-palace-2002-a.jpg?strip=info&#038;w=435&#038;ssl=1 435w\" alt=\"\" data-height=\"327\" data-id=\"17861\" data-link=\"https:\/\/elabrevaderojm.com\/?attachment_id=17861\" data-url=\"https:\/\/elabrevaderojm.com\/wp-content\/uploads\/2024\/06\/party-at-the-palace-2002-a.jpg?w=435\" data-width=\"435\" src=\"https:\/\/i0.wp.com\/elabrevaderojm.com\/wp-content\/uploads\/2024\/06\/party-at-the-palace-2002-a.jpg?ssl=1\" data-amp-layout=\"responsive\" tabindex=\"0\" role=\"button\" aria-label=\"Abrir la imagen 2 de 3 en pantalla completa\"\/><\/figure><\/div><div class=\"tiled-gallery__col\" style=\"flex-basis:27.28355%\"><figure class=\"tiled-gallery__item\"><img decoding=\"async\" data-attachment-id=\"17862\" data-permalink=\"https:\/\/elabrevaderojm.com\/en\/2024\/06\/11\/blackbird-a-proposito-de-la-reaparicion-de-esta-pieza-de-paul-mccartney-iv\/coachella-2009-macca-1\/\" data-orig-file=\"https:\/\/i0.wp.com\/elabrevaderojm.com\/wp-content\/uploads\/2024\/06\/coachella-2009-macca-1.jpg?fit=278%2C300&amp;ssl=1\" data-orig-size=\"278,300\" data-comments-opened=\"1\" data-image-meta=\"{&quot;aperture&quot;:&quot;0&quot;,&quot;credit&quot;:&quot;&quot;,&quot;camera&quot;:&quot;&quot;,&quot;caption&quot;:&quot;&quot;,&quot;created_timestamp&quot;:&quot;0&quot;,&quot;copyright&quot;:&quot;&quot;,&quot;focal_length&quot;:&quot;0&quot;,&quot;iso&quot;:&quot;0&quot;,&quot;shutter_speed&quot;:&quot;0&quot;,&quot;title&quot;:&quot;&quot;,&quot;orientation&quot;:&quot;1&quot;}\" data-image-title=\"coachella 2009 macca 1\" data-image-description=\"\" data-image-caption=\"\" data-large-file=\"https:\/\/i0.wp.com\/elabrevaderojm.com\/wp-content\/uploads\/2024\/06\/coachella-2009-macca-1.jpg?fit=278%2C300&amp;ssl=1\" role=\"button\" tabindex=\"0\" aria-label=\"Open image 3 of 3 in full-screen\" srcset=\"https:\/\/i0.wp.com\/elabrevaderojm.com\/wp-content\/uploads\/2024\/06\/coachella-2009-macca-1.jpg?strip=info&#038;w=278&#038;ssl=1 278w\" alt=\"\" data-height=\"300\" data-id=\"17862\" data-link=\"https:\/\/elabrevaderojm.com\/?attachment_id=17862\" data-url=\"https:\/\/elabrevaderojm.com\/wp-content\/uploads\/2024\/06\/coachella-2009-macca-1.jpg?w=278\" data-width=\"278\" src=\"https:\/\/i0.wp.com\/elabrevaderojm.com\/wp-content\/uploads\/2024\/06\/coachella-2009-macca-1.jpg?ssl=1\" data-amp-layout=\"responsive\" tabindex=\"0\" role=\"button\" aria-label=\"Abrir la imagen 3 de 3 en pantalla completa\"\/><\/figure><\/div><\/div><\/div><\/div><\/div>\n\n\n\n<p class=\"has-text-align-center has-bodoni-moda-font-family has-custom-font wp-block-paragraph\" style=\"font-family:bodoni-moda\"><strong>De izquierda a derecha: el disco de Wings; un afiche publicitario sobre la fiesta para la Reina Isabel; Macca en Coachella (foto: Kevin Winter\/Getty Images). <\/strong><\/p>\n\n\n\n<p class=\"has-text-align-justify has-domine-font-family has-custom-font wp-block-paragraph\" style=\"font-family:domine\">El 17 de abril de 2009, McCartney interpret\u00f3 la canci\u00f3n en el <a href=\"https:\/\/es.wikipedia.org\/wiki\/Festival_de_M%C3%BAsica_y_Artes_de_Coachella_Valley\">Festival de M\u00fasica y Artes del Valle de Coachella<\/a> \u2014en California\u2014. All\u00ed explic\u00f3 antes de cantarla que <strong>su inspiraci\u00f3n fue el movimiento por los derechos civiles de la d\u00e9cada de 1960<\/strong>, y agreg\u00f3: \u00abEs genial darse cuenta de que se han superado tantos problemas de derechos civiles\u00bb.<\/p>\n\n\n\n<p class=\"has-text-align-justify has-domine-font-family has-custom-font wp-block-paragraph\" style=\"font-family:domine\">Una versi\u00f3n en vivo aparece en la colecci\u00f3n de varios <em>CD<\/em> <a href=\"https:\/\/es.wikipedia.org\/wiki\/Good_Evening_New_York_City\"><em>Good Evening New York City<\/em><\/a>, que fue lanzada en 2009 y grabada dentro del estadio estadounidense <a href=\"https:\/\/es.wikipedia.org\/wiki\/Citi_Field\">Citi Field<\/a>.<\/p>\n\n\n\n<div class=\"wp-block-jetpack-tiled-gallery aligncenter is-style-rectangular\"><div class=\"\"><div class=\"tiled-gallery__gallery\"><div class=\"tiled-gallery__row\"><div class=\"tiled-gallery__col\" style=\"flex-basis:52.39049%\"><figure class=\"tiled-gallery__item\"><img decoding=\"async\" data-attachment-id=\"17885\" data-permalink=\"https:\/\/elabrevaderojm.com\/en\/2024\/06\/11\/blackbird-a-proposito-de-la-reaparicion-de-esta-pieza-de-paul-mccartney-iv\/good-evening-combo-1-1\/\" data-orig-file=\"https:\/\/i0.wp.com\/elabrevaderojm.com\/wp-content\/uploads\/2024\/06\/good-evening.-combo-1-1.jpg?fit=508%2C283&amp;ssl=1\" data-orig-size=\"508,283\" data-comments-opened=\"1\" data-image-meta=\"{&quot;aperture&quot;:&quot;0&quot;,&quot;credit&quot;:&quot;&quot;,&quot;camera&quot;:&quot;&quot;,&quot;caption&quot;:&quot;&quot;,&quot;created_timestamp&quot;:&quot;0&quot;,&quot;copyright&quot;:&quot;&quot;,&quot;focal_length&quot;:&quot;0&quot;,&quot;iso&quot;:&quot;0&quot;,&quot;shutter_speed&quot;:&quot;0&quot;,&quot;title&quot;:&quot;&quot;,&quot;orientation&quot;:&quot;1&quot;}\" data-image-title=\"good-evening.-combo-1-1\" data-image-description=\"\" data-image-caption=\"\" data-large-file=\"https:\/\/i0.wp.com\/elabrevaderojm.com\/wp-content\/uploads\/2024\/06\/good-evening.-combo-1-1.jpg?fit=508%2C283&amp;ssl=1\" role=\"button\" tabindex=\"0\" aria-label=\"Open image 1 of 2 in full-screen\" srcset=\"https:\/\/i0.wp.com\/elabrevaderojm.com\/wp-content\/uploads\/2024\/06\/good-evening.-combo-1-1.jpg?strip=info&#038;w=508&#038;ssl=1 508w\" alt=\"\" data-height=\"283\" data-id=\"17885\" data-link=\"https:\/\/elabrevaderojm.com\/?attachment_id=17885\" data-url=\"https:\/\/elabrevaderojm.com\/wp-content\/uploads\/2024\/06\/good-evening.-combo-1-1.jpg?w=508\" data-width=\"508\" src=\"https:\/\/i0.wp.com\/elabrevaderojm.com\/wp-content\/uploads\/2024\/06\/good-evening.-combo-1-1.jpg?ssl=1\" data-amp-layout=\"responsive\" tabindex=\"0\" role=\"button\" aria-label=\"Abrir la imagen 1 de 2 en pantalla completa\"\/><\/figure><\/div><div class=\"tiled-gallery__col\" style=\"flex-basis:47.60951%\"><figure class=\"tiled-gallery__item\"><img decoding=\"async\" data-attachment-id=\"17884\" data-permalink=\"https:\/\/elabrevaderojm.com\/en\/2024\/06\/11\/blackbird-a-proposito-de-la-reaparicion-de-esta-pieza-de-paul-mccartney-iv\/citi-field-1-1\/\" data-orig-file=\"https:\/\/i0.wp.com\/elabrevaderojm.com\/wp-content\/uploads\/2024\/06\/citi-field-1-1.jpg?fit=331%2C203&amp;ssl=1\" data-orig-size=\"331,203\" data-comments-opened=\"1\" data-image-meta=\"{&quot;aperture&quot;:&quot;0&quot;,&quot;credit&quot;:&quot;&quot;,&quot;camera&quot;:&quot;&quot;,&quot;caption&quot;:&quot;&quot;,&quot;created_timestamp&quot;:&quot;0&quot;,&quot;copyright&quot;:&quot;&quot;,&quot;focal_length&quot;:&quot;0&quot;,&quot;iso&quot;:&quot;0&quot;,&quot;shutter_speed&quot;:&quot;0&quot;,&quot;title&quot;:&quot;&quot;,&quot;orientation&quot;:&quot;1&quot;}\" data-image-title=\"citi-field-1-1\" data-image-description=\"\" data-image-caption=\"\" data-large-file=\"https:\/\/i0.wp.com\/elabrevaderojm.com\/wp-content\/uploads\/2024\/06\/citi-field-1-1.jpg?fit=331%2C203&amp;ssl=1\" role=\"button\" tabindex=\"0\" aria-label=\"Open image 2 of 2 in full-screen\" srcset=\"https:\/\/i0.wp.com\/elabrevaderojm.com\/wp-content\/uploads\/2024\/06\/citi-field-1-1.jpg?strip=info&#038;w=331&#038;ssl=1 331w\" alt=\"\" data-height=\"203\" data-id=\"17884\" data-link=\"https:\/\/elabrevaderojm.com\/?attachment_id=17884\" data-url=\"https:\/\/elabrevaderojm.com\/wp-content\/uploads\/2024\/06\/citi-field-1-1.jpg?w=331\" data-width=\"331\" src=\"https:\/\/i0.wp.com\/elabrevaderojm.com\/wp-content\/uploads\/2024\/06\/citi-field-1-1.jpg?ssl=1\" data-amp-layout=\"responsive\" tabindex=\"0\" role=\"button\" aria-label=\"Abrir la imagen 2 de 2 en pantalla completa\"\/><\/figure><\/div><\/div><\/div><\/div><\/div>\n\n\n\n<div class=\"wp-block-media-text is-stacked-on-mobile\" style=\"grid-template-columns:21% auto\"><figure class=\"wp-block-media-text__media\"><img data-recalc-dims=\"1\" loading=\"lazy\" decoding=\"async\" width=\"225\" height=\"225\" data-attachment-id=\"17896\" data-permalink=\"https:\/\/elabrevaderojm.com\/en\/2024\/06\/11\/blackbird-a-proposito-de-la-reaparicion-de-esta-pieza-de-paul-mccartney-iv\/billy-c-1\/\" data-orig-file=\"https:\/\/i0.wp.com\/elabrevaderojm.com\/wp-content\/uploads\/2024\/06\/billy-c-1.jpeg?fit=225%2C225&amp;ssl=1\" data-orig-size=\"225,225\" data-comments-opened=\"1\" data-image-meta=\"{&quot;aperture&quot;:&quot;0&quot;,&quot;credit&quot;:&quot;&quot;,&quot;camera&quot;:&quot;&quot;,&quot;caption&quot;:&quot;&quot;,&quot;created_timestamp&quot;:&quot;0&quot;,&quot;copyright&quot;:&quot;&quot;,&quot;focal_length&quot;:&quot;0&quot;,&quot;iso&quot;:&quot;0&quot;,&quot;shutter_speed&quot;:&quot;0&quot;,&quot;title&quot;:&quot;&quot;,&quot;orientation&quot;:&quot;0&quot;}\" data-image-title=\"billy-c-1\" data-image-description=\"\" data-image-caption=\"\" data-large-file=\"https:\/\/i0.wp.com\/elabrevaderojm.com\/wp-content\/uploads\/2024\/06\/billy-c-1.jpeg?fit=225%2C225&amp;ssl=1\" src=\"https:\/\/i0.wp.com\/elabrevaderojm.com\/wp-content\/uploads\/2024\/06\/billy-c-1.jpeg?resize=225%2C225&#038;ssl=1\" alt=\"\" class=\"wp-image-17896 size-full\"\/><\/figure><div class=\"wp-block-media-text__content\">\n<p class=\"has-text-align-justify has-domine-font-family has-custom-font wp-block-paragraph\" style=\"font-size:17px;font-family:domine\"><strong>Una presentaci\u00f3n improvisada de la canci\u00f3n<\/strong> fue en el Rollins College<sup data-fn=\"9a62fa7a-7399-4122-85a8-4519e1604e09\" class=\"fn\"><a href=\"#9a62fa7a-7399-4122-85a8-4519e1604e09\" id=\"9a62fa7a-7399-4122-85a8-4519e1604e09-link\">3<\/a><\/sup> en <a href=\"https:\/\/es.wikipedia.org\/wiki\/Winter_Park_(Florida)\">Winter Park<\/a>, <a href=\"https:\/\/es.wikipedia.org\/wiki\/Florida\">Florida<\/a>, el 23 de octubre de 2014. Paul fue invitado por el poeta laureado estadounidense <a href=\"https:\/\/es.wikipedia.org\/wiki\/Billy_Collins\">William James \u00abBilly\u00bb Collins<\/a> (en la foto) para dar una presentaci\u00f3n de una hora frente a los estudiantes y profesores sobre sus influencias, su educaci\u00f3n y el arte de escribir canciones.<\/p>\n<\/div><\/div>\n\n\n\n<p class=\"has-text-align-justify has-domine-font-family has-custom-font wp-block-paragraph\" style=\"font-family:domine\">Al final de la entrevista, se le pidi\u00f3 a Paul que interpretara una canci\u00f3n, optando este por tocar <em>Blackbird<\/em>, ya que anteriormente hab\u00eda dado su experiencia sobre c\u00f3mo se escribi\u00f3 la canci\u00f3n.<\/p>\n\n\n\n<h3 class=\"wp-block-heading has-poppins-font-family has-custom-font\" style=\"font-family:poppins\"><strong>Legado<\/strong><\/h3>\n\n\n\n<p class=\"has-text-align-justify has-domine-font-family has-custom-font wp-block-paragraph\" style=\"font-family:domine\">Para una pieza ac\u00fastica tan delicada, escondida como la und\u00e9cima pista de un \u00e1lbum doble, esta canci\u00f3n que nunca ocup\u00f3 un esca\u00f1o en las listas de \u00e9xitos se ha dicho que <strong>se ha convertido en una de las diez canciones m\u00e1s versionadas<\/strong> de todos los tiempos.<\/p>\n\n\n\n<div class=\"wp-block-media-text has-media-on-the-right is-stacked-on-mobile\" style=\"grid-template-columns:auto 26%\"><div class=\"wp-block-media-text__content\">\n<p class=\"has-text-align-justify has-domine-font-family has-custom-font wp-block-paragraph\" style=\"font-family:domine\">En comparaci\u00f3n con la complejidad de la producci\u00f3n del \u00e1lbum <a href=\"https:\/\/es.wikipedia.org\/wiki\/Sgt._Pepper%27s_Lonely_Hearts_Club_Band\"><em>Sgt. Pepper<\/em><\/a> (la car\u00e1tula, en la foto), junto con su otra producci\u00f3n de 1967, un arreglo tan simple de Paul cantando solo con su guitarra ac\u00fastica parece perezoso o, en el mejor de los casos, una versi\u00f3n demo de lo que se convertir\u00eda en algo elaborado m\u00e1s tarde.<\/p>\n<\/div><figure class=\"wp-block-media-text__media\"><img data-recalc-dims=\"1\" loading=\"lazy\" decoding=\"async\" width=\"300\" height=\"300\" data-attachment-id=\"17707\" data-permalink=\"https:\/\/elabrevaderojm.com\/en\/2024\/06\/11\/blackbird-a-proposito-de-la-reaparicion-de-esta-pieza-de-paul-mccartney-ii\/sgt-_peppers_lonely_hearts_club_band\/\" data-orig-file=\"https:\/\/i0.wp.com\/elabrevaderojm.com\/wp-content\/uploads\/2024\/06\/sgt._peppers_lonely_hearts_club_band.jpg?fit=300%2C300&amp;ssl=1\" data-orig-size=\"300,300\" data-comments-opened=\"1\" data-image-meta=\"{&quot;aperture&quot;:&quot;0&quot;,&quot;credit&quot;:&quot;&quot;,&quot;camera&quot;:&quot;&quot;,&quot;caption&quot;:&quot;&quot;,&quot;created_timestamp&quot;:&quot;0&quot;,&quot;copyright&quot;:&quot;&quot;,&quot;focal_length&quot;:&quot;0&quot;,&quot;iso&quot;:&quot;0&quot;,&quot;shutter_speed&quot;:&quot;0&quot;,&quot;title&quot;:&quot;&quot;,&quot;orientation&quot;:&quot;0&quot;}\" data-image-title=\"sgt._peppers_lonely_hearts_club_band\" data-image-description=\"\" data-image-caption=\"\" data-large-file=\"https:\/\/i0.wp.com\/elabrevaderojm.com\/wp-content\/uploads\/2024\/06\/sgt._peppers_lonely_hearts_club_band.jpg?fit=300%2C300&amp;ssl=1\" src=\"https:\/\/i0.wp.com\/elabrevaderojm.com\/wp-content\/uploads\/2024\/06\/sgt._peppers_lonely_hearts_club_band.jpg?resize=300%2C300&#038;ssl=1\" alt=\"\" class=\"wp-image-17707 size-full\"\/><\/figure><\/div>\n\n\n\n<p class=\"has-text-align-justify has-domine-font-family has-custom-font wp-block-paragraph\" style=\"font-family:domine\">Con <em>Blackbird<\/em>, esto no era un demo, era el producto terminado. \u00bfSus fans se sintieron enga\u00f1ados?<\/p>\n\n\n\n<p class=\"has-text-align-justify has-domine-font-family has-custom-font wp-block-paragraph\" style=\"font-family:domine\">Aparte de la opini\u00f3n de Alistair Taylor mencionada anteriormente, a nadie pareci\u00f3 importarle en absoluto. De hecho, el consenso general fue que la canci\u00f3n ten\u00eda <strong>una simplicidad refrescante que incitaba a la sensaci\u00f3n de estar al aire libre<\/strong> en una hermosa tarde de verano.<\/p>\n\n\n\n<p class=\"has-text-align-justify has-domine-font-family has-custom-font wp-block-paragraph\" style=\"font-family:domine\">Aunque no constituya una versi\u00f3n, en 1985, el grupo estadounidense <a href=\"https:\/\/es.wikipedia.org\/wiki\/Mr._Mister\">Mr. Mister<\/a> lanz\u00f3 su \u00e9xito #1 <a href=\"https:\/\/es.wikipedia.org\/wiki\/Broken_Wings\"><em>Broken Wings<\/em><\/a>, que una fuente afirma se inspir\u00f3 directamente en <em>The Broken Wings <\/em>y, al igual que <em>Blackbird<\/em>, us\u00f3 la l\u00ednea: \u00ab<strong>Toma estas alas rotas y aprende a volar<\/strong>\u00bb. Pero <a href=\"https:\/\/es.wikipedia.org\/wiki\/Richard_Page\">Richard Page<\/a>, l\u00edder del grupo, ha descrito esto como \u00abuna referencia involuntaria sin sentido\u00bb atribuirle al compositor <a href=\"https:\/\/es.wikipedia.org\/wiki\/Mr._Mister\">John Lang<\/a> su inspiraci\u00f3n en tal libro.<\/p>\n\n\n<div class=\"wp-block-image\">\n<figure class=\"aligncenter size-large\"><img data-recalc-dims=\"1\" loading=\"lazy\" decoding=\"async\" width=\"500\" height=\"335\" data-attachment-id=\"17902\" data-permalink=\"https:\/\/elabrevaderojm.com\/en\/2024\/06\/11\/blackbird-a-proposito-de-la-reaparicion-de-esta-pieza-de-paul-mccartney-iv\/mr-mister\/\" data-orig-file=\"https:\/\/i0.wp.com\/elabrevaderojm.com\/wp-content\/uploads\/2024\/06\/mr.-mister.jpg?fit=500%2C335&amp;ssl=1\" data-orig-size=\"500,335\" data-comments-opened=\"1\" data-image-meta=\"{&quot;aperture&quot;:&quot;0&quot;,&quot;credit&quot;:&quot;&quot;,&quot;camera&quot;:&quot;&quot;,&quot;caption&quot;:&quot;&quot;,&quot;created_timestamp&quot;:&quot;0&quot;,&quot;copyright&quot;:&quot;&quot;,&quot;focal_length&quot;:&quot;0&quot;,&quot;iso&quot;:&quot;0&quot;,&quot;shutter_speed&quot;:&quot;0&quot;,&quot;title&quot;:&quot;&quot;,&quot;orientation&quot;:&quot;0&quot;}\" data-image-title=\"mr.-mister\" data-image-description=\"\" data-image-caption=\"\" data-large-file=\"https:\/\/i0.wp.com\/elabrevaderojm.com\/wp-content\/uploads\/2024\/06\/mr.-mister.jpg?fit=500%2C335&amp;ssl=1\" src=\"https:\/\/i0.wp.com\/elabrevaderojm.com\/wp-content\/uploads\/2024\/06\/mr.-mister.jpg?resize=500%2C335&#038;ssl=1\" alt=\"\" class=\"wp-image-17902\"\/><figcaption class=\"wp-element-caption\"><strong>Mr. Mister.<\/strong><\/figcaption><\/figure>\n<\/div>\n\n\n<p class=\"has-text-align-justify has-domine-font-family has-custom-font wp-block-paragraph\" style=\"font-family:domine\">No obstante, una fuente utilizada para este trabajo afirma que \u00abel mensaje esperanzador de la letra (de <em>Blackbird<\/em>) tambi\u00e9n ha demostrado ser influyente, y el ejemplo m\u00e1s notable es el \u00e9xito #1 ganador del premio <a href=\"https:\/\/es.wikipedia.org\/wiki\/Premios_Grammy\">Grammy<\/a>, <em>Broken Wings<\/em> de Mr. Mister\u00bb.<\/p>\n\n\n\n<div class=\"wp-block-media-text is-stacked-on-mobile\" style=\"grid-template-columns:21% auto\"><figure class=\"wp-block-media-text__media\"><img data-recalc-dims=\"1\" loading=\"lazy\" decoding=\"async\" width=\"250\" height=\"325\" data-attachment-id=\"17906\" data-permalink=\"https:\/\/elabrevaderojm.com\/en\/2024\/06\/11\/blackbird-a-proposito-de-la-reaparicion-de-esta-pieza-de-paul-mccartney-iv\/er-poster-1\/\" data-orig-file=\"https:\/\/i0.wp.com\/elabrevaderojm.com\/wp-content\/uploads\/2024\/06\/er-poster-1.jpg?fit=250%2C325&amp;ssl=1\" data-orig-size=\"250,325\" data-comments-opened=\"1\" data-image-meta=\"{&quot;aperture&quot;:&quot;0&quot;,&quot;credit&quot;:&quot;&quot;,&quot;camera&quot;:&quot;&quot;,&quot;caption&quot;:&quot;&quot;,&quot;created_timestamp&quot;:&quot;0&quot;,&quot;copyright&quot;:&quot;&quot;,&quot;focal_length&quot;:&quot;0&quot;,&quot;iso&quot;:&quot;0&quot;,&quot;shutter_speed&quot;:&quot;0&quot;,&quot;title&quot;:&quot;&quot;,&quot;orientation&quot;:&quot;1&quot;}\" data-image-title=\"er-poster-1\" data-image-description=\"\" data-image-caption=\"\" data-large-file=\"https:\/\/i0.wp.com\/elabrevaderojm.com\/wp-content\/uploads\/2024\/06\/er-poster-1.jpg?fit=250%2C325&amp;ssl=1\" src=\"https:\/\/i0.wp.com\/elabrevaderojm.com\/wp-content\/uploads\/2024\/06\/er-poster-1.jpg?resize=250%2C325&#038;ssl=1\" alt=\"\" class=\"wp-image-17906 size-full\"\/><\/figure><div class=\"wp-block-media-text__content\">\n<p class=\"has-text-align-justify has-domine-font-family has-custom-font wp-block-paragraph\" style=\"font-family:domine\">Para muchos, <strong>tipifica la sensaci\u00f3n de todo el \u00ab\u00c1lbum Blanco\u00bb,<\/strong> por ejemplo, un episodio del drama televisivo <a href=\"https:\/\/es.wikipedia.org\/wiki\/ER_(serie_de_televisi%C3%B3n)\"><em>ER<\/em><\/a> que describe la dif\u00edcil situaci\u00f3n de una mujer que da a luz e insiste en que le canten la canci\u00f3n <em>Blackbird<\/em> para calmarla durante el parto.<\/p>\n\n\n\n<p class=\"has-nunito-font-family has-custom-font wp-block-paragraph\" style=\"font-family:nunito\">(en la foto: anuncio publicitario de la serie)<\/p>\n<\/div><\/div>\n\n\n\n<figure class=\"wp-block-video wp-block-embed is-type-video is-provider-videopress\"><div class=\"wp-block-embed__wrapper\">\n<iframe title=\"VideoPress Video Player\" aria-label='VideoPress Video Player' width='640' height='363' src='https:\/\/videopress.com\/embed\/wty0gVFM?cover=1&amp;preloadContent=metadata&amp;useAverageColor=1&amp;hd=0' frameborder='0' allowfullscreen data-resize-to-parent=\"true\" allow='clipboard-write'><\/iframe><script src='https:\/\/v0.wordpress.com\/js\/next\/videopress-iframe.js?m=1739540970'><\/script>\n<\/div><figcaption><strong>Susan lleva a Chloe al hospital en pleno trabajo de parto con sus contracciones con menos de dos minutos de diferencia. Sin una enfermera obst\u00e9trica disponible, Susan da a luz al beb\u00e9 ella misma. Pero para ayudarse a hacerlo, la parturienta informa que deben ponerle <em>Blackbird<\/em> (Del cap\u00edtulo \u00abMaternidad\u00bb, Temporada 1 Episodio 24; emitido por primera vez el 11 de mayo de 1995).<\/strong><\/figcaption><\/figure>\n\n\n\n<p class=\"has-text-align-justify has-domine-font-family has-custom-font wp-block-paragraph\" style=\"font-family:domine\">El dramaturgo y poeta ingl\u00e9s <a href=\"https:\/\/es.wikipedia.org\/wiki\/Adrian_Mitchell\">Adrian Mitchell<\/a>, cuando se le pidi\u00f3 que editara una colecci\u00f3n de poes\u00eda de McCartney para su publicaci\u00f3n en 2001 titulada <em>Blackbird Singing: Poems and Lyrics 1965 &#8211; 1999<\/em>, <strong>insisti\u00f3 en incluir varias letras de canciones de Paul<\/strong>, as\u00ed como sus poemas.<\/p>\n\n\n\n<figure class=\"wp-block-gallery has-nested-images columns-default is-cropped wp-block-gallery-1 is-layout-flex wp-block-gallery-is-layout-flex\">\n<figure class=\"wp-block-image size-large\"><img data-recalc-dims=\"1\" loading=\"lazy\" decoding=\"async\" width=\"396\" height=\"595\" data-attachment-id=\"17914\" data-permalink=\"https:\/\/elabrevaderojm.com\/en\/2024\/06\/11\/blackbird-a-proposito-de-la-reaparicion-de-esta-pieza-de-paul-mccartney-iv\/blackbird-libro-1\/\" data-orig-file=\"https:\/\/i0.wp.com\/elabrevaderojm.com\/wp-content\/uploads\/2024\/06\/blackbird.-libro-1.jpg?fit=396%2C595&amp;ssl=1\" data-orig-size=\"396,595\" data-comments-opened=\"1\" data-image-meta=\"{&quot;aperture&quot;:&quot;0&quot;,&quot;credit&quot;:&quot;&quot;,&quot;camera&quot;:&quot;&quot;,&quot;caption&quot;:&quot;&quot;,&quot;created_timestamp&quot;:&quot;0&quot;,&quot;copyright&quot;:&quot;&quot;,&quot;focal_length&quot;:&quot;0&quot;,&quot;iso&quot;:&quot;0&quot;,&quot;shutter_speed&quot;:&quot;0&quot;,&quot;title&quot;:&quot;&quot;,&quot;orientation&quot;:&quot;1&quot;}\" data-image-title=\"blackbird&amp;#8230; libro 1\" data-image-description=\"\" data-image-caption=\"\" data-large-file=\"https:\/\/i0.wp.com\/elabrevaderojm.com\/wp-content\/uploads\/2024\/06\/blackbird.-libro-1.jpg?fit=396%2C595&amp;ssl=1\" data-id=\"17914\" src=\"https:\/\/i0.wp.com\/elabrevaderojm.com\/wp-content\/uploads\/2024\/06\/blackbird.-libro-1.jpg?resize=396%2C595&#038;ssl=1\" alt=\"\" class=\"wp-image-17914\"\/><\/figure>\n\n\n\n<figure class=\"wp-block-image size-large\"><img data-recalc-dims=\"1\" loading=\"lazy\" decoding=\"async\" width=\"260\" height=\"390\" data-attachment-id=\"17424\" data-permalink=\"https:\/\/elabrevaderojm.com\/en\/2024\/06\/11\/blackbird-a-proposito-de-la-reaparicion-de-esta-pieza-de-paul-mccartney-i\/adrian-mitchell\/\" data-orig-file=\"https:\/\/i0.wp.com\/elabrevaderojm.com\/wp-content\/uploads\/2024\/05\/adrian-mitchell.jpg?fit=260%2C390&amp;ssl=1\" data-orig-size=\"260,390\" data-comments-opened=\"1\" data-image-meta=\"{&quot;aperture&quot;:&quot;0&quot;,&quot;credit&quot;:&quot;&quot;,&quot;camera&quot;:&quot;&quot;,&quot;caption&quot;:&quot;&quot;,&quot;created_timestamp&quot;:&quot;0&quot;,&quot;copyright&quot;:&quot;&quot;,&quot;focal_length&quot;:&quot;0&quot;,&quot;iso&quot;:&quot;0&quot;,&quot;shutter_speed&quot;:&quot;0&quot;,&quot;title&quot;:&quot;&quot;,&quot;orientation&quot;:&quot;0&quot;}\" data-image-title=\"adrian mitchell\" data-image-description=\"\" data-image-caption=\"\" data-large-file=\"https:\/\/i0.wp.com\/elabrevaderojm.com\/wp-content\/uploads\/2024\/05\/adrian-mitchell.jpg?fit=260%2C390&amp;ssl=1\" data-id=\"17424\" src=\"https:\/\/i0.wp.com\/elabrevaderojm.com\/wp-content\/uploads\/2024\/05\/adrian-mitchell.jpg?resize=260%2C390&#038;ssl=1\" alt=\"\" class=\"wp-image-17424\"\/><figcaption class=\"wp-element-caption\"><strong>Adrian<\/strong><\/figcaption><\/figure>\n\n\n\n<figure class=\"wp-block-image size-large\"><img data-recalc-dims=\"1\" loading=\"lazy\" decoding=\"async\" width=\"316\" height=\"426\" data-attachment-id=\"17917\" data-permalink=\"https:\/\/elabrevaderojm.com\/en\/2024\/06\/11\/blackbird-a-proposito-de-la-reaparicion-de-esta-pieza-de-paul-mccartney-iv\/william-b-1807a\/\" data-orig-file=\"https:\/\/i0.wp.com\/elabrevaderojm.com\/wp-content\/uploads\/2024\/06\/william-b-1807a.jpg?fit=316%2C426&amp;ssl=1\" data-orig-size=\"316,426\" data-comments-opened=\"1\" data-image-meta=\"{&quot;aperture&quot;:&quot;0&quot;,&quot;credit&quot;:&quot;&quot;,&quot;camera&quot;:&quot;&quot;,&quot;caption&quot;:&quot;&quot;,&quot;created_timestamp&quot;:&quot;0&quot;,&quot;copyright&quot;:&quot;&quot;,&quot;focal_length&quot;:&quot;0&quot;,&quot;iso&quot;:&quot;0&quot;,&quot;shutter_speed&quot;:&quot;0&quot;,&quot;title&quot;:&quot;&quot;,&quot;orientation&quot;:&quot;1&quot;}\" data-image-title=\"william-b-1807a\" data-image-description=\"\" data-image-caption=\"\" data-large-file=\"https:\/\/i0.wp.com\/elabrevaderojm.com\/wp-content\/uploads\/2024\/06\/william-b-1807a.jpg?fit=316%2C426&amp;ssl=1\" data-id=\"17917\" src=\"https:\/\/i0.wp.com\/elabrevaderojm.com\/wp-content\/uploads\/2024\/06\/william-b-1807a.jpg?resize=316%2C426&#038;ssl=1\" alt=\"\" class=\"wp-image-17917\"\/><figcaption class=\"wp-element-caption\"><strong>Blake en 1807<\/strong><\/figcaption><\/figure>\n<\/figure>\n\n\n\n<p class=\"has-domine-font-family has-custom-font wp-block-paragraph\" style=\"font-family:domine\">Adrian escribi\u00f3:<\/p>\n\n\n\n<figure class=\"wp-block-table has-crimson-pro-font-family\"><table class=\"has-electric-grass-gradient-background has-background has-fixed-layout\"><tbody><tr><td class=\"has-text-align-center\" data-align=\"center\"><strong>\u00abAlgunos compositores tienen una visi\u00f3n y tratan de transmit\u00edrnosla. Unos pocos se las arreglan para escribir con sinceridad sobre el mundo, como lo hace Paul. Conoce el valor de las palabras, c\u00f3mo pueden ayudarnos a disfrutar de la vida y del amor. Me encanta la canci\u00f3n <em>Blackbird<\/em>. Y las palabras est\u00e1n bellamente equilibradas y colocadas (como poes\u00eda). Creo que funciona en ambos niveles. Creo que <a href=\"https:\/\/es.wikipedia.org\/wiki\/William_Blake\">William Blake<\/a> estar\u00eda perfectamente feliz de que pensaran en \u00e9l junto a los Beatles\u00bb.<\/strong><\/td><\/tr><\/tbody><\/table><\/figure>\n\n\n\n<p class=\"has-text-align-justify has-domine-font-family has-custom-font wp-block-paragraph\" style=\"font-family:domine\">En cuanto a la apreciaci\u00f3n de su sorprendente simplicidad, el autor John Robertson lo dice mejor: \u00abLa suavemente hermosa <em>Blackbird<\/em> de McCartney apoy\u00f3 varias interpretaciones, pero <strong>no requiri\u00f3 nada m\u00e1s que aprecio por su melod\u00eda fluida y sus im\u00e1genes visuales<\/strong> descarnadas. Paul nunca escribi\u00f3 una canci\u00f3n m\u00e1s simple o m\u00e1s efectiva\u00bb.<\/p>\n\n\n\n<div class=\"wp-block-media-text has-media-on-the-right is-stacked-on-mobile\" style=\"grid-template-columns:auto 22%\"><div class=\"wp-block-media-text__content\">\n<p class=\"has-text-align-justify has-domine-font-family has-custom-font wp-block-paragraph\" style=\"font-family:domine\">En el 50 aniversario de su lanzamiento, Jacob Stolworthy<sup data-fn=\"0fde0b1d-2c5d-4e45-bc79-84cb1e03e7cb\" class=\"fn\"><a href=\"#0fde0b1d-2c5d-4e45-bc79-84cb1e03e7cb\" id=\"0fde0b1d-2c5d-4e45-bc79-84cb1e03e7cb-link\">4<\/a><\/sup> (en la foto) de <a href=\"https:\/\/es.wikipedia.org\/wiki\/The_Independent\"><em>The Independent<\/em><\/a> coloc\u00f3 a <em>Blackbird<\/em> en el #5 en su ranking de las 30 canciones del \u00ab\u00c1lbum Blanco\u00bb. Dijo que su \u00abhermosa calma\u00bb <strong>estaba en desacuerdo con las crecientes tensiones raciales <\/strong>que supuestamente inspiraron la canci\u00f3n, y concluy\u00f3:<\/p>\n<\/div><figure class=\"wp-block-media-text__media\"><img data-recalc-dims=\"1\" loading=\"lazy\" decoding=\"async\" width=\"334\" height=\"426\" data-attachment-id=\"17920\" data-permalink=\"https:\/\/elabrevaderojm.com\/en\/2024\/06\/11\/blackbird-a-proposito-de-la-reaparicion-de-esta-pieza-de-paul-mccartney-iv\/jacob-s\/\" data-orig-file=\"https:\/\/i0.wp.com\/elabrevaderojm.com\/wp-content\/uploads\/2024\/06\/jacob-s.jpeg?fit=334%2C426&amp;ssl=1\" data-orig-size=\"334,426\" data-comments-opened=\"1\" data-image-meta=\"{&quot;aperture&quot;:&quot;0&quot;,&quot;credit&quot;:&quot;&quot;,&quot;camera&quot;:&quot;&quot;,&quot;caption&quot;:&quot;&quot;,&quot;created_timestamp&quot;:&quot;0&quot;,&quot;copyright&quot;:&quot;&quot;,&quot;focal_length&quot;:&quot;0&quot;,&quot;iso&quot;:&quot;0&quot;,&quot;shutter_speed&quot;:&quot;0&quot;,&quot;title&quot;:&quot;&quot;,&quot;orientation&quot;:&quot;0&quot;}\" data-image-title=\"jacob-s\" data-image-description=\"\" data-image-caption=\"\" data-large-file=\"https:\/\/i0.wp.com\/elabrevaderojm.com\/wp-content\/uploads\/2024\/06\/jacob-s.jpeg?fit=334%2C426&amp;ssl=1\" src=\"https:\/\/i0.wp.com\/elabrevaderojm.com\/wp-content\/uploads\/2024\/06\/jacob-s.jpeg?resize=334%2C426&#038;ssl=1\" alt=\"\" class=\"wp-image-17920 size-full\"\/><\/figure><\/div>\n\n\n\n<p class=\"has-text-align-justify has-domine-font-family has-custom-font wp-block-paragraph\" style=\"font-family:domine\">\u00abPara muchos, es la apoteosis de la carrera de McCartney y sigue siendo un destacado en sus espect\u00e1culos en vivo en solitario\u00bb.<\/p>\n\n\n\n<p class=\"has-text-align-justify has-domine-font-family has-custom-font wp-block-paragraph\" style=\"font-family:domine\">El l\u00edder de <a href=\"https:\/\/es.wikipedia.org\/wiki\/Foo_Fighters\">Foo Fighters<\/a>, <a href=\"https:\/\/es.wikipedia.org\/wiki\/Dave_Grohl\">Dave Grohl<\/a> (abajo, en la foto), le dijo a la revista <em>Q<\/em> que siente que esta es la mejor canci\u00f3n de Paul McCartney. As\u00ed lo coment\u00f3:<\/p>\n\n\n\n<div class=\"wp-block-media-text is-stacked-on-mobile\" style=\"grid-template-columns:18% auto\"><figure class=\"wp-block-media-text__media\"><img data-recalc-dims=\"1\" loading=\"lazy\" decoding=\"async\" width=\"321\" height=\"433\" data-attachment-id=\"17926\" data-permalink=\"https:\/\/elabrevaderojm.com\/en\/2024\/06\/11\/blackbird-a-proposito-de-la-reaparicion-de-esta-pieza-de-paul-mccartney-iv\/dave-g-1\/\" data-orig-file=\"https:\/\/i0.wp.com\/elabrevaderojm.com\/wp-content\/uploads\/2024\/06\/dave-g-1.jpg?fit=321%2C433&amp;ssl=1\" data-orig-size=\"321,433\" data-comments-opened=\"1\" data-image-meta=\"{&quot;aperture&quot;:&quot;5.6&quot;,&quot;credit&quot;:&quot;Kevin Winter&quot;,&quot;camera&quot;:&quot;NIKON D3S&quot;,&quot;caption&quot;:&quot;arrives at the premiere of \\&quot;Sound City\\&quot; at ArcLight Cinemas Cinerama Dome on January 31, 2013 in Hollywood, California.&quot;,&quot;created_timestamp&quot;:&quot;1359658182&quot;,&quot;copyright&quot;:&quot;2013 Getty Images&quot;,&quot;focal_length&quot;:&quot;90&quot;,&quot;iso&quot;:&quot;250&quot;,&quot;shutter_speed&quot;:&quot;0.004&quot;,&quot;title&quot;:&quot;&quot;,&quot;orientation&quot;:&quot;1&quot;}\" data-image-title=\"dave-g-1\" data-image-description=\"\" data-image-caption=\"&lt;p&gt;arrives at the premiere of \u00abSound City\u00bb at ArcLight Cinemas Cinerama Dome on January 31, 2013 in Hollywood, California.&lt;\/p&gt;\n\" data-large-file=\"https:\/\/i0.wp.com\/elabrevaderojm.com\/wp-content\/uploads\/2024\/06\/dave-g-1.jpg?fit=321%2C433&amp;ssl=1\" src=\"https:\/\/i0.wp.com\/elabrevaderojm.com\/wp-content\/uploads\/2024\/06\/dave-g-1.jpg?resize=321%2C433&#038;ssl=1\" alt=\"\" class=\"wp-image-17926 size-full\"\/><\/figure><div class=\"wp-block-media-text__content\">\n<p class=\"has-text-align-justify has-domine-font-family has-custom-font wp-block-paragraph\" style=\"font-family:domine\">\u00abEs una pieza musical tan hermosa, perfecta en composici\u00f3n e interpretaci\u00f3n, y en su letra y en el rango de su voz. El solo hecho de aprender esa canci\u00f3n me convirti\u00f3 en un mejor guitarrista y me dio una mejor apreciaci\u00f3n de la composici\u00f3n de canciones. Para m\u00ed es solo una felicidad musical\u00bb.<\/p>\n<\/div><\/div>\n\n\n\n<p class=\"has-text-align-justify has-domine-font-family has-custom-font wp-block-paragraph\" style=\"font-family:domine\">En la ceremonia de los Premios de la Academia en 2016, Grohl interpret\u00f3 esta canci\u00f3n para acompa\u00f1ar el segmento <em>in memoriam<\/em> que honr\u00f3 a los miembros de la industria del cine que murieron el a\u00f1o anterior.<\/p>\n\n\n\n<div class=\"wp-block-media-text has-media-on-the-right is-stacked-on-mobile\" style=\"grid-template-columns:auto 36%\"><div class=\"wp-block-media-text__content\">\n<p class=\"has-text-align-justify has-domine-font-family has-custom-font wp-block-paragraph\" style=\"font-family:domine\">Junto con <a href=\"https:\/\/es.wikipedia.org\/wiki\/Helter_Skelter\"><em>Helter Skelter<\/em><\/a> de McCartney, <em>Blackbird<\/em> fue una de las canciones del \u00e1lbum <em>The Beatles<\/em> que <a href=\"https:\/\/es.wikipedia.org\/wiki\/Charles_Manson\">Charles Manson<\/a> interpret\u00f3 como la profec\u00eda de los Beatles de una guerra racial apocal\u00edptica que lo llevar\u00eda a \u00e9l y a su \u00ab<a href=\"https:\/\/es.wikipedia.org\/wiki\/Familia_Manson\">Familia Manson<\/a>\u00bb de seguidores a gobernar los Estados Unidos seg\u00fan principios contraculturales.<\/p>\n\n\n\n<p class=\"has-nunito-font-family has-custom-font wp-block-paragraph\" style=\"font-size:17px;font-family:nunito\">(en la foto: instant\u00e1nea policial de Manson tomada en abril de 1968 [Departamento Correccional y de Rehabilitaci\u00f3n de California])<\/p>\n<\/div><figure class=\"wp-block-media-text__media\"><img data-recalc-dims=\"1\" loading=\"lazy\" decoding=\"async\" width=\"307\" height=\"384\" data-attachment-id=\"17929\" data-permalink=\"https:\/\/elabrevaderojm.com\/en\/2024\/06\/11\/blackbird-a-proposito-de-la-reaparicion-de-esta-pieza-de-paul-mccartney-iv\/manson1968a\/\" data-orig-file=\"https:\/\/i0.wp.com\/elabrevaderojm.com\/wp-content\/uploads\/2024\/06\/manson1968a.jpg?fit=307%2C384&amp;ssl=1\" data-orig-size=\"307,384\" data-comments-opened=\"1\" data-image-meta=\"{&quot;aperture&quot;:&quot;0&quot;,&quot;credit&quot;:&quot;&quot;,&quot;camera&quot;:&quot;&quot;,&quot;caption&quot;:&quot;&quot;,&quot;created_timestamp&quot;:&quot;0&quot;,&quot;copyright&quot;:&quot;&quot;,&quot;focal_length&quot;:&quot;0&quot;,&quot;iso&quot;:&quot;0&quot;,&quot;shutter_speed&quot;:&quot;0&quot;,&quot;title&quot;:&quot;&quot;,&quot;orientation&quot;:&quot;1&quot;}\" data-image-title=\"manson1968a\" data-image-description=\"\" data-image-caption=\"\" data-large-file=\"https:\/\/i0.wp.com\/elabrevaderojm.com\/wp-content\/uploads\/2024\/06\/manson1968a.jpg?fit=307%2C384&amp;ssl=1\" src=\"https:\/\/i0.wp.com\/elabrevaderojm.com\/wp-content\/uploads\/2024\/06\/manson1968a.jpg?resize=307%2C384&#038;ssl=1\" alt=\"\" class=\"wp-image-17929 size-full\"\/><\/figure><\/div>\n\n\n\n<p class=\"has-text-align-justify has-domine-font-family has-custom-font wp-block-paragraph\" style=\"font-family:domine\">Manson interpret\u00f3 la letra como <strong>un llamado a los estadounidenses negros a librar una guerra contra sus contrapartes blancas<\/strong>, e instruy\u00f3 a sus seguidores a cometer una serie de asesinatos en Los \u00c1ngeles en agosto de 1969 para desencadenar tal conflicto.<\/p>\n\n\n\n<h3 class=\"wp-block-heading has-poppins-font-family has-custom-font\" style=\"font-family:poppins\"><strong>Por supuesto, las versiones\u2026<\/strong><\/h3>\n\n\n\n<div class=\"wp-block-media-text is-stacked-on-mobile\" style=\"grid-template-columns:21% auto\"><figure class=\"wp-block-media-text__media\"><img data-recalc-dims=\"1\" loading=\"lazy\" decoding=\"async\" width=\"252\" height=\"323\" data-attachment-id=\"17934\" data-permalink=\"https:\/\/elabrevaderojm.com\/en\/2024\/06\/11\/blackbird-a-proposito-de-la-reaparicion-de-esta-pieza-de-paul-mccartney-iv\/donovan-1\/\" data-orig-file=\"https:\/\/i0.wp.com\/elabrevaderojm.com\/wp-content\/uploads\/2024\/06\/donovan-1.jpg?fit=252%2C323&amp;ssl=1\" data-orig-size=\"252,323\" data-comments-opened=\"1\" data-image-meta=\"{&quot;aperture&quot;:&quot;0&quot;,&quot;credit&quot;:&quot;&quot;,&quot;camera&quot;:&quot;&quot;,&quot;caption&quot;:&quot;&quot;,&quot;created_timestamp&quot;:&quot;0&quot;,&quot;copyright&quot;:&quot;&quot;,&quot;focal_length&quot;:&quot;0&quot;,&quot;iso&quot;:&quot;0&quot;,&quot;shutter_speed&quot;:&quot;0&quot;,&quot;title&quot;:&quot;&quot;,&quot;orientation&quot;:&quot;1&quot;}\" data-image-title=\"donovan-1\" data-image-description=\"\" data-image-caption=\"\" data-large-file=\"https:\/\/i0.wp.com\/elabrevaderojm.com\/wp-content\/uploads\/2024\/06\/donovan-1.jpg?fit=252%2C323&amp;ssl=1\" src=\"https:\/\/i0.wp.com\/elabrevaderojm.com\/wp-content\/uploads\/2024\/06\/donovan-1.jpg?resize=252%2C323&#038;ssl=1\" alt=\"\" class=\"wp-image-17934 size-full\"\/><\/figure><div class=\"wp-block-media-text__content\">\n<p class=\"has-text-align-justify has-domine-font-family has-custom-font wp-block-paragraph\" style=\"font-family:domine\">Esta es una de las canciones que los guitarristas novatos a menudo intentan aprender, ya que es una de las melod\u00edas de estilo de dedos m\u00e1s famosas. El cantante <a href=\"https:\/\/es.wikipedia.org\/wiki\/Donovan\">Donovan<\/a> (en la foto) se atribuye el m\u00e9rito de haber ense\u00f1ado a los Beatles una t\u00e9cnica similar a la que McCartney utiliz\u00f3 aqu\u00ed cuando estaban en un retiro en la India a principios de 1968.<\/p>\n<\/div><\/div>\n\n\n\n<p class=\"has-text-align-justify has-domine-font-family has-custom-font wp-block-paragraph\" style=\"font-family:domine\">Ha habido cientos de versiones de esta canci\u00f3n. De hecho, <em>Blackbird<\/em> fue la octava canci\u00f3n m\u00e1s grabada de todos los tiempos en diciembre de 2008.<\/p>\n\n\n\n<p class=\"has-text-align-justify has-domine-font-family has-custom-font wp-block-paragraph\" style=\"font-family:domine\">Quiz\u00e1s la m\u00e1s extensa es la versi\u00f3n de <em>jazz<\/em> instrumental de <a href=\"https:\/\/es.wikipedia.org\/wiki\/Brad_Mehldau\">Brad Mehldau<\/a>, lanzada en 1997.<\/p>\n\n\n\n<p class=\"has-text-align-justify has-domine-font-family has-custom-font wp-block-paragraph\" style=\"font-family:domine\"> <img data-recalc-dims=\"1\" loading=\"lazy\" decoding=\"async\" width=\"170\" height=\"170\" data-attachment-id=\"17938\" data-permalink=\"https:\/\/elabrevaderojm.com\/en\/2024\/06\/11\/blackbird-a-proposito-de-la-reaparicion-de-esta-pieza-de-paul-mccartney-iv\/brad-m\/\" data-orig-file=\"https:\/\/i0.wp.com\/elabrevaderojm.com\/wp-content\/uploads\/2024\/06\/brad-m.jpeg?fit=170%2C170&amp;ssl=1\" data-orig-size=\"170,170\" data-comments-opened=\"1\" data-image-meta=\"{&quot;aperture&quot;:&quot;0&quot;,&quot;credit&quot;:&quot;&quot;,&quot;camera&quot;:&quot;&quot;,&quot;caption&quot;:&quot;&quot;,&quot;created_timestamp&quot;:&quot;0&quot;,&quot;copyright&quot;:&quot;&quot;,&quot;focal_length&quot;:&quot;0&quot;,&quot;iso&quot;:&quot;0&quot;,&quot;shutter_speed&quot;:&quot;0&quot;,&quot;title&quot;:&quot;&quot;,&quot;orientation&quot;:&quot;0&quot;}\" data-image-title=\"brad m\" data-image-description=\"\" data-image-caption=\"\" data-large-file=\"https:\/\/i0.wp.com\/elabrevaderojm.com\/wp-content\/uploads\/2024\/06\/brad-m.jpeg?fit=170%2C170&amp;ssl=1\" class=\"wp-image-17938\" style=\"width: 100px\" src=\"https:\/\/i0.wp.com\/elabrevaderojm.com\/wp-content\/uploads\/2024\/06\/brad-m.jpeg?resize=170%2C170&#038;ssl=1\" alt=\"\">.<\/p>\n\n\n\n<figure class=\"wp-block-audio\"><audio controls src=\"https:\/\/elabrevaderojm.com\/wp-content\/uploads\/2024\/06\/blackbird-x-brad.mp3\"><\/audio><\/figure>\n\n\n\n<p class=\"has-text-align-justify has-domine-font-family has-custom-font wp-block-paragraph\" style=\"font-family:domine\">La versi\u00f3n de la canci\u00f3n hecha por el elenco de <a href=\"https:\/\/es.wikipedia.org\/wiki\/Glee\"><em>Glee<\/em><\/a> alcanz\u00f3 el puesto #37 en 2011.<\/p>\n\n\n\n<figure class=\"wp-block-embed is-type-video is-provider-youtube wp-block-embed-youtube wp-embed-aspect-16-9 wp-has-aspect-ratio\"><div class=\"wp-block-embed__wrapper\">\n<div class=\"jetpack-video-wrapper\"><span class=\"embed-youtube\" style=\"text-align:center; display: block;\"><iframe loading=\"lazy\" class=\"youtube-player\" width=\"640\" height=\"360\" src=\"https:\/\/www.youtube.com\/embed\/l-cZ_ElJ1oA?version=3&#038;rel=1&#038;showsearch=0&#038;showinfo=1&#038;iv_load_policy=1&#038;fs=1&#038;hl=en-US&#038;autohide=2&#038;wmode=transparent\" allowfullscreen=\"true\" style=\"border:0;\" sandbox=\"allow-scripts allow-same-origin allow-popups allow-presentation allow-popups-to-escape-sandbox\"><\/iframe><\/span><\/div>\n<\/div><\/figure>\n\n\n\n<p class=\"has-domine-font-family has-custom-font wp-block-paragraph\" style=\"font-family:domine\">Otras versiones notables incluyen interpretaciones de:<\/p>\n\n\n\n<p class=\"has-domine-font-family has-custom-font wp-block-paragraph\" style=\"font-family:domine\"><a href=\"https:\/\/es.wikipedia.org\/wiki\/Jos%C3%A9_Feliciano\">Jos\u00e9 Feliciano<\/a> <img data-recalc-dims=\"1\" loading=\"lazy\" decoding=\"async\" width=\"238\" height=\"346\" data-attachment-id=\"17948\" data-permalink=\"https:\/\/elabrevaderojm.com\/en\/2024\/06\/11\/blackbird-a-proposito-de-la-reaparicion-de-esta-pieza-de-paul-mccartney-iv\/jose-f-1\/\" data-orig-file=\"https:\/\/i0.wp.com\/elabrevaderojm.com\/wp-content\/uploads\/2024\/06\/jose-f-1.jpg?fit=238%2C346&amp;ssl=1\" data-orig-size=\"238,346\" data-comments-opened=\"1\" data-image-meta=\"{&quot;aperture&quot;:&quot;0&quot;,&quot;credit&quot;:&quot;&quot;,&quot;camera&quot;:&quot;&quot;,&quot;caption&quot;:&quot;&quot;,&quot;created_timestamp&quot;:&quot;0&quot;,&quot;copyright&quot;:&quot;&quot;,&quot;focal_length&quot;:&quot;0&quot;,&quot;iso&quot;:&quot;0&quot;,&quot;shutter_speed&quot;:&quot;0&quot;,&quot;title&quot;:&quot;&quot;,&quot;orientation&quot;:&quot;1&quot;}\" data-image-title=\"jose f 1\" data-image-description=\"\" data-image-caption=\"\" data-large-file=\"https:\/\/i0.wp.com\/elabrevaderojm.com\/wp-content\/uploads\/2024\/06\/jose-f-1.jpg?fit=238%2C346&amp;ssl=1\" class=\"wp-image-17948\" style=\"width: 100px\" src=\"https:\/\/i0.wp.com\/elabrevaderojm.com\/wp-content\/uploads\/2024\/06\/jose-f-1.jpg?resize=238%2C346&#038;ssl=1\" alt=\"\">,<\/p>\n\n\n\n<figure class=\"wp-block-audio\"><audio controls src=\"https:\/\/elabrevaderojm.com\/wp-content\/uploads\/2024\/06\/blackbird-x-feliciano.mp3\"><\/audio><\/figure>\n\n\n\n<p class=\"has-domine-font-family has-custom-font wp-block-paragraph\" style=\"font-family:domine\"><a href=\"https:\/\/es.wikipedia.org\/wiki\/Billy_Preston\">Billy Preston<\/a> <img data-recalc-dims=\"1\" loading=\"lazy\" decoding=\"async\" width=\"238\" height=\"305\" data-attachment-id=\"17943\" data-permalink=\"https:\/\/elabrevaderojm.com\/en\/2024\/06\/11\/blackbird-a-proposito-de-la-reaparicion-de-esta-pieza-de-paul-mccartney-iv\/billy-preston-1\/\" data-orig-file=\"https:\/\/i0.wp.com\/elabrevaderojm.com\/wp-content\/uploads\/2024\/06\/billy-preston-1.jpg?fit=238%2C305&amp;ssl=1\" data-orig-size=\"238,305\" data-comments-opened=\"1\" data-image-meta=\"{&quot;aperture&quot;:&quot;0&quot;,&quot;credit&quot;:&quot;&quot;,&quot;camera&quot;:&quot;&quot;,&quot;caption&quot;:&quot;&quot;,&quot;created_timestamp&quot;:&quot;0&quot;,&quot;copyright&quot;:&quot;&quot;,&quot;focal_length&quot;:&quot;0&quot;,&quot;iso&quot;:&quot;0&quot;,&quot;shutter_speed&quot;:&quot;0&quot;,&quot;title&quot;:&quot;&quot;,&quot;orientation&quot;:&quot;1&quot;}\" data-image-title=\"billy-preston 1\" data-image-description=\"\" data-image-caption=\"\" data-large-file=\"https:\/\/i0.wp.com\/elabrevaderojm.com\/wp-content\/uploads\/2024\/06\/billy-preston-1.jpg?fit=238%2C305&amp;ssl=1\" class=\"wp-image-17943\" style=\"width: 100px\" src=\"https:\/\/i0.wp.com\/elabrevaderojm.com\/wp-content\/uploads\/2024\/06\/billy-preston-1.jpg?resize=238%2C305&#038;ssl=1\" alt=\"\">, <\/p>\n\n\n\n<figure class=\"wp-block-audio\"><audio controls src=\"https:\/\/elabrevaderojm.com\/wp-content\/uploads\/2024\/06\/billy-preston-blackbird.mp3\"><\/audio><\/figure>\n\n\n\n<p class=\"has-domine-font-family has-custom-font wp-block-paragraph\" style=\"font-family:domine\"><a href=\"https:\/\/es.wikipedia.org\/wiki\/Sarah_Vaughan\">Sarah Vaughan<\/a> <img data-recalc-dims=\"1\" loading=\"lazy\" decoding=\"async\" width=\"225\" height=\"308\" data-attachment-id=\"17949\" data-permalink=\"https:\/\/elabrevaderojm.com\/en\/2024\/06\/11\/blackbird-a-proposito-de-la-reaparicion-de-esta-pieza-de-paul-mccartney-iv\/sarah-vaughan-05-1\/\" data-orig-file=\"https:\/\/i0.wp.com\/elabrevaderojm.com\/wp-content\/uploads\/2024\/06\/sarah-vaughan-05-1.jpg?fit=225%2C308&amp;ssl=1\" data-orig-size=\"225,308\" data-comments-opened=\"1\" data-image-meta=\"{&quot;aperture&quot;:&quot;0&quot;,&quot;credit&quot;:&quot;&quot;,&quot;camera&quot;:&quot;&quot;,&quot;caption&quot;:&quot;&quot;,&quot;created_timestamp&quot;:&quot;0&quot;,&quot;copyright&quot;:&quot;&quot;,&quot;focal_length&quot;:&quot;0&quot;,&quot;iso&quot;:&quot;0&quot;,&quot;shutter_speed&quot;:&quot;0&quot;,&quot;title&quot;:&quot;&quot;,&quot;orientation&quot;:&quot;1&quot;}\" data-image-title=\"sarah-vaughan-05 1\" data-image-description=\"\" data-image-caption=\"\" data-large-file=\"https:\/\/i0.wp.com\/elabrevaderojm.com\/wp-content\/uploads\/2024\/06\/sarah-vaughan-05-1.jpg?fit=225%2C308&amp;ssl=1\" class=\"wp-image-17949\" style=\"width: 100px\" src=\"https:\/\/i0.wp.com\/elabrevaderojm.com\/wp-content\/uploads\/2024\/06\/sarah-vaughan-05-1.jpg?resize=225%2C308&#038;ssl=1\" alt=\"\">, <\/p>\n\n\n\n<figure class=\"wp-block-audio\"><audio controls src=\"https:\/\/elabrevaderojm.com\/wp-content\/uploads\/2024\/06\/sarah-vaughan-blackbird-usa-1981.mp3\"><\/audio><\/figure>\n\n\n\n<p class=\"has-domine-font-family has-custom-font wp-block-paragraph\" style=\"font-family:domine\"><a href=\"https:\/\/es.wikipedia.org\/wiki\/Jaco_Pastorius\">Jaco Pastorius<\/a> <img data-recalc-dims=\"1\" loading=\"lazy\" decoding=\"async\" width=\"230\" height=\"299\" data-attachment-id=\"17947\" data-permalink=\"https:\/\/elabrevaderojm.com\/en\/2024\/06\/11\/blackbird-a-proposito-de-la-reaparicion-de-esta-pieza-de-paul-mccartney-iv\/jaco-pastorius-1\/\" data-orig-file=\"https:\/\/i0.wp.com\/elabrevaderojm.com\/wp-content\/uploads\/2024\/06\/jaco-pastorius-1.jpg?fit=230%2C299&amp;ssl=1\" data-orig-size=\"230,299\" data-comments-opened=\"1\" data-image-meta=\"{&quot;aperture&quot;:&quot;0&quot;,&quot;credit&quot;:&quot;&quot;,&quot;camera&quot;:&quot;&quot;,&quot;caption&quot;:&quot;&quot;,&quot;created_timestamp&quot;:&quot;0&quot;,&quot;copyright&quot;:&quot;&quot;,&quot;focal_length&quot;:&quot;0&quot;,&quot;iso&quot;:&quot;0&quot;,&quot;shutter_speed&quot;:&quot;0&quot;,&quot;title&quot;:&quot;&quot;,&quot;orientation&quot;:&quot;1&quot;}\" data-image-title=\"jaco-pastorius 1\" data-image-description=\"\" data-image-caption=\"\" data-large-file=\"https:\/\/i0.wp.com\/elabrevaderojm.com\/wp-content\/uploads\/2024\/06\/jaco-pastorius-1.jpg?fit=230%2C299&amp;ssl=1\" class=\"wp-image-17947\" style=\"width: 100px\" src=\"https:\/\/i0.wp.com\/elabrevaderojm.com\/wp-content\/uploads\/2024\/06\/jaco-pastorius-1.jpg?resize=230%2C299&#038;ssl=1\" alt=\"\">, <\/p>\n\n\n\n<figure class=\"wp-block-audio\"><audio controls src=\"https:\/\/elabrevaderojm.com\/wp-content\/uploads\/2024\/06\/blackbird-x-jaco-p.mp3\"><\/audio><\/figure>\n\n\n\n<p class=\"has-domine-font-family has-custom-font wp-block-paragraph\" style=\"font-family:domine\"><a href=\"https:\/\/es.wikipedia.org\/wiki\/Bobby_McFerrin\">Bobby McFerrin<\/a> <img data-recalc-dims=\"1\" loading=\"lazy\" decoding=\"async\" width=\"259\" height=\"405\" data-attachment-id=\"17944\" data-permalink=\"https:\/\/elabrevaderojm.com\/en\/2024\/06\/11\/blackbird-a-proposito-de-la-reaparicion-de-esta-pieza-de-paul-mccartney-iv\/bobby-mc-1\/\" data-orig-file=\"https:\/\/i0.wp.com\/elabrevaderojm.com\/wp-content\/uploads\/2024\/06\/bobby-mc-1.jpg?fit=259%2C405&amp;ssl=1\" data-orig-size=\"259,405\" data-comments-opened=\"1\" data-image-meta=\"{&quot;aperture&quot;:&quot;0&quot;,&quot;credit&quot;:&quot;&quot;,&quot;camera&quot;:&quot;&quot;,&quot;caption&quot;:&quot;&quot;,&quot;created_timestamp&quot;:&quot;0&quot;,&quot;copyright&quot;:&quot;&quot;,&quot;focal_length&quot;:&quot;0&quot;,&quot;iso&quot;:&quot;0&quot;,&quot;shutter_speed&quot;:&quot;0&quot;,&quot;title&quot;:&quot;&quot;,&quot;orientation&quot;:&quot;1&quot;}\" data-image-title=\"bobby mc 1\" data-image-description=\"\" data-image-caption=\"\" data-large-file=\"https:\/\/i0.wp.com\/elabrevaderojm.com\/wp-content\/uploads\/2024\/06\/bobby-mc-1.jpg?fit=259%2C405&amp;ssl=1\" class=\"wp-image-17944\" style=\"width: 90px\" src=\"https:\/\/i0.wp.com\/elabrevaderojm.com\/wp-content\/uploads\/2024\/06\/bobby-mc-1.jpg?resize=259%2C405&#038;ssl=1\" alt=\"\"> <\/p>\n\n\n\n<figure class=\"wp-block-embed is-type-video is-provider-youtube wp-block-embed-youtube wp-embed-aspect-4-3 wp-has-aspect-ratio\"><div class=\"wp-block-embed__wrapper\">\n<div class=\"jetpack-video-wrapper\"><span class=\"embed-youtube\" style=\"text-align:center; display: block;\"><iframe loading=\"lazy\" class=\"youtube-player\" width=\"640\" height=\"360\" src=\"https:\/\/www.youtube.com\/embed\/NntmAj60O60?version=3&#038;rel=1&#038;showsearch=0&#038;showinfo=1&#038;iv_load_policy=1&#038;fs=1&#038;hl=en-US&#038;autohide=2&#038;wmode=transparent\" allowfullscreen=\"true\" style=\"border:0;\" sandbox=\"allow-scripts allow-same-origin allow-popups allow-presentation allow-popups-to-escape-sandbox\"><\/iframe><\/span><\/div>\n<\/div><\/figure>\n\n\n\n<p class=\"has-domine-font-family has-custom-font wp-block-paragraph\" style=\"font-family:domine\">y Dwight Twilley<sup data-fn=\"753984ac-a24f-43c5-9f11-a0a69a09b03f\" class=\"fn\"><a href=\"#753984ac-a24f-43c5-9f11-a0a69a09b03f\" id=\"753984ac-a24f-43c5-9f11-a0a69a09b03f-link\">5<\/a><\/sup> <img data-recalc-dims=\"1\" loading=\"lazy\" decoding=\"async\" width=\"308\" height=\"413\" data-attachment-id=\"17946\" data-permalink=\"https:\/\/elabrevaderojm.com\/en\/2024\/06\/11\/blackbird-a-proposito-de-la-reaparicion-de-esta-pieza-de-paul-mccartney-iv\/dwight-t-1\/\" data-orig-file=\"https:\/\/i0.wp.com\/elabrevaderojm.com\/wp-content\/uploads\/2024\/06\/dwight-t-1.jpg?fit=308%2C413&amp;ssl=1\" data-orig-size=\"308,413\" data-comments-opened=\"1\" data-image-meta=\"{&quot;aperture&quot;:&quot;0&quot;,&quot;credit&quot;:&quot;&quot;,&quot;camera&quot;:&quot;&quot;,&quot;caption&quot;:&quot;&quot;,&quot;created_timestamp&quot;:&quot;0&quot;,&quot;copyright&quot;:&quot;&quot;,&quot;focal_length&quot;:&quot;0&quot;,&quot;iso&quot;:&quot;0&quot;,&quot;shutter_speed&quot;:&quot;0&quot;,&quot;title&quot;:&quot;&quot;,&quot;orientation&quot;:&quot;1&quot;}\" data-image-title=\"dwight t 1\" data-image-description=\"\" data-image-caption=\"\" data-large-file=\"https:\/\/i0.wp.com\/elabrevaderojm.com\/wp-content\/uploads\/2024\/06\/dwight-t-1.jpg?fit=308%2C413&amp;ssl=1\" class=\"wp-image-17946\" style=\"width: 100px\" src=\"https:\/\/i0.wp.com\/elabrevaderojm.com\/wp-content\/uploads\/2024\/06\/dwight-t-1.jpg?resize=308%2C413&#038;ssl=1\" alt=\"\">.<\/p>\n\n\n\n<figure class=\"wp-block-audio\"><audio controls src=\"https:\/\/elabrevaderojm.com\/wp-content\/uploads\/2024\/06\/blackbird-x-dwight-t.mp3\"><\/audio><\/figure>\n\n\n\n<p class=\"has-text-align-justify has-domine-font-family has-custom-font wp-block-paragraph\" style=\"font-family:domine\"><a href=\"https:\/\/es.wikipedia.org\/wiki\/Doves\">The Doves<\/a> (abajo, en la foto) hizo una versi\u00f3n en 2002 para la banda sonora de la serie de televisi\u00f3n <a href=\"https:\/\/es.wikipedia.org\/wiki\/Roswell_(serie_de_televisi%C3%B3n)\">Roswell<\/a>.<\/p>\n\n\n\n<div class=\"wp-block-jetpack-tiled-gallery aligncenter is-style-rectangular\"><div class=\"\"><div class=\"tiled-gallery__gallery\"><div class=\"tiled-gallery__row\"><div class=\"tiled-gallery__col\" style=\"flex-basis:30.43450%\"><figure class=\"tiled-gallery__item\"><img decoding=\"async\" data-attachment-id=\"17963\" data-permalink=\"https:\/\/elabrevaderojm.com\/en\/2024\/06\/11\/blackbird-a-proposito-de-la-reaparicion-de-esta-pieza-de-paul-mccartney-iv\/roswell-poster-1ra-temporada-1\/\" data-orig-file=\"https:\/\/i0.wp.com\/elabrevaderojm.com\/wp-content\/uploads\/2024\/06\/roswell-poster-1ra-temporada-1.jpg?fit=300%2C437&amp;ssl=1\" data-orig-size=\"300,437\" data-comments-opened=\"1\" data-image-meta=\"{&quot;aperture&quot;:&quot;0&quot;,&quot;credit&quot;:&quot;&quot;,&quot;camera&quot;:&quot;&quot;,&quot;caption&quot;:&quot;&quot;,&quot;created_timestamp&quot;:&quot;0&quot;,&quot;copyright&quot;:&quot;&quot;,&quot;focal_length&quot;:&quot;0&quot;,&quot;iso&quot;:&quot;0&quot;,&quot;shutter_speed&quot;:&quot;0&quot;,&quot;title&quot;:&quot;&quot;,&quot;orientation&quot;:&quot;1&quot;}\" data-image-title=\"roswell-poster-1ra-temporada-1\" data-image-description=\"\" data-image-caption=\"\" data-large-file=\"https:\/\/i0.wp.com\/elabrevaderojm.com\/wp-content\/uploads\/2024\/06\/roswell-poster-1ra-temporada-1.jpg?fit=300%2C437&amp;ssl=1\" role=\"button\" tabindex=\"0\" aria-label=\"Open image 1 of 2 in full-screen\" srcset=\"https:\/\/i0.wp.com\/elabrevaderojm.com\/wp-content\/uploads\/2024\/06\/roswell-poster-1ra-temporada-1.jpg?strip=info&#038;w=300&#038;ssl=1 300w\" alt=\"\" data-height=\"437\" data-id=\"17963\" data-link=\"https:\/\/elabrevaderojm.com\/?attachment_id=17963\" data-url=\"https:\/\/elabrevaderojm.com\/wp-content\/uploads\/2024\/06\/roswell-poster-1ra-temporada-1.jpg?w=300\" data-width=\"300\" src=\"https:\/\/i0.wp.com\/elabrevaderojm.com\/wp-content\/uploads\/2024\/06\/roswell-poster-1ra-temporada-1.jpg?ssl=1\" data-amp-layout=\"responsive\" tabindex=\"0\" role=\"button\" aria-label=\"Abrir la imagen 1 de 2 en pantalla completa\"\/><\/figure><\/div><div class=\"tiled-gallery__col\" style=\"flex-basis:69.56550%\"><figure class=\"tiled-gallery__item\"><img decoding=\"async\" data-attachment-id=\"17964\" data-permalink=\"https:\/\/elabrevaderojm.com\/en\/2024\/06\/11\/blackbird-a-proposito-de-la-reaparicion-de-esta-pieza-de-paul-mccartney-iv\/the-doves-1\/\" data-orig-file=\"https:\/\/i0.wp.com\/elabrevaderojm.com\/wp-content\/uploads\/2024\/06\/the-doves-1.jpg?fit=400%2C254&amp;ssl=1\" data-orig-size=\"400,254\" data-comments-opened=\"1\" data-image-meta=\"{&quot;aperture&quot;:&quot;0&quot;,&quot;credit&quot;:&quot;&quot;,&quot;camera&quot;:&quot;&quot;,&quot;caption&quot;:&quot;&quot;,&quot;created_timestamp&quot;:&quot;0&quot;,&quot;copyright&quot;:&quot;&quot;,&quot;focal_length&quot;:&quot;0&quot;,&quot;iso&quot;:&quot;0&quot;,&quot;shutter_speed&quot;:&quot;0&quot;,&quot;title&quot;:&quot;&quot;,&quot;orientation&quot;:&quot;1&quot;}\" data-image-title=\"the-doves-1\" data-image-description=\"\" data-image-caption=\"\" data-large-file=\"https:\/\/i0.wp.com\/elabrevaderojm.com\/wp-content\/uploads\/2024\/06\/the-doves-1.jpg?fit=400%2C254&amp;ssl=1\" role=\"button\" tabindex=\"0\" aria-label=\"Open image 2 of 2 in full-screen\" srcset=\"https:\/\/i0.wp.com\/elabrevaderojm.com\/wp-content\/uploads\/2024\/06\/the-doves-1.jpg?strip=info&#038;w=400&#038;ssl=1 400w\" alt=\"\" data-height=\"254\" data-id=\"17964\" data-link=\"https:\/\/elabrevaderojm.com\/?attachment_id=17964\" data-url=\"https:\/\/elabrevaderojm.com\/wp-content\/uploads\/2024\/06\/the-doves-1.jpg?w=400\" data-width=\"400\" src=\"https:\/\/i0.wp.com\/elabrevaderojm.com\/wp-content\/uploads\/2024\/06\/the-doves-1.jpg?ssl=1\" data-amp-layout=\"responsive\" tabindex=\"0\" role=\"button\" aria-label=\"Abrir la imagen 2 de 2 en pantalla completa\"\/><\/figure><\/div><\/div><\/div><\/div><\/div>\n\n\n\n<figure class=\"wp-block-embed is-type-video is-provider-youtube wp-block-embed-youtube wp-embed-aspect-16-9 wp-has-aspect-ratio\"><div class=\"wp-block-embed__wrapper\">\n<div class=\"jetpack-video-wrapper\"><span class=\"embed-youtube\" style=\"text-align:center; display: block;\"><iframe loading=\"lazy\" class=\"youtube-player\" width=\"640\" height=\"360\" src=\"https:\/\/www.youtube.com\/embed\/ufa8PJO-1Aw?version=3&#038;rel=1&#038;showsearch=0&#038;showinfo=1&#038;iv_load_policy=1&#038;fs=1&#038;hl=en-US&#038;autohide=2&#038;wmode=transparent\" allowfullscreen=\"true\" style=\"border:0;\" sandbox=\"allow-scripts allow-same-origin allow-popups allow-presentation allow-popups-to-escape-sandbox\"><\/iframe><\/span><\/div>\n<\/div><\/figure>\n\n\n\n<p class=\"has-text-align-justify has-domine-font-family has-custom-font wp-block-paragraph\" style=\"font-family:domine\">El cantante y guitarrista Kenny Rankin<sup data-fn=\"b4838d00-fe7f-4fcd-9d62-06e1002a6b19\" class=\"fn\"><a href=\"#b4838d00-fe7f-4fcd-9d62-06e1002a6b19\" id=\"b4838d00-fe7f-4fcd-9d62-06e1002a6b19-link\">6<\/a><\/sup> la grab\u00f3 para su \u00e1lbum de 1974 <em>Silver Morning<\/em>. <strong>McCartney es un gran admirador de la interpretaci\u00f3n de Rankin<\/strong>: cuando el <a href=\"https:\/\/es.wikipedia.org\/wiki\/Sal%C3%B3n_de_la_Fama_de_los_Compositores\">Sal\u00f3n de la Fama de los Compositores<\/a> indujo a Lennon y McCartney en 1987, McCartney se salt\u00f3 la ceremonia, pero a petici\u00f3n suya Rankin acept\u00f3 el premio en su nombre e interpret\u00f3 <em>Blackbird<\/em>.<\/p>\n\n\n\n<figure class=\"wp-block-audio\"><audio controls src=\"https:\/\/elabrevaderojm.com\/wp-content\/uploads\/2024\/06\/kenny-rankin-blackbird.hq_.mp3\"><\/audio><\/figure>\n\n\n\n<p class=\"has-text-align-justify has-domine-font-family has-custom-font wp-block-paragraph\" style=\"font-family:domine\"><a href=\"https:\/\/es.wikipedia.org\/wiki\/Crosby,_Stills,_Nash_%26_Young\">Crosby, Stills &amp; Nash<\/a> (CSN) grabaron <em>Blackbird<\/em> en 1968 durante las sesiones de su primer \u00e1lbum, pero su versi\u00f3n no fue lanzada hasta 1991 cuando apareci\u00f3 en su <a href=\"https:\/\/es.wikipedia.org\/wiki\/CSN_(box_set)\">caja recopilatoria CSN<\/a>. Graham Nash escribi\u00f3 en las notas:<\/p>\n\n\n\n<div class=\"wp-block-jetpack-tiled-gallery aligncenter is-style-rectangular\"><div class=\"\"><div class=\"tiled-gallery__gallery\"><div class=\"tiled-gallery__row\"><div class=\"tiled-gallery__col\" style=\"flex-basis:50.00000%\"><figure class=\"tiled-gallery__item\"><img decoding=\"async\" data-attachment-id=\"17972\" data-permalink=\"https:\/\/elabrevaderojm.com\/en\/2024\/06\/11\/blackbird-a-proposito-de-la-reaparicion-de-esta-pieza-de-paul-mccartney-iv\/csn-box\/\" data-orig-file=\"https:\/\/i0.wp.com\/elabrevaderojm.com\/wp-content\/uploads\/2024\/06\/csn-box.jpg?fit=425%2C425&amp;ssl=1\" data-orig-size=\"425,425\" data-comments-opened=\"1\" data-image-meta=\"{&quot;aperture&quot;:&quot;0&quot;,&quot;credit&quot;:&quot;&quot;,&quot;camera&quot;:&quot;&quot;,&quot;caption&quot;:&quot;&quot;,&quot;created_timestamp&quot;:&quot;0&quot;,&quot;copyright&quot;:&quot;&quot;,&quot;focal_length&quot;:&quot;0&quot;,&quot;iso&quot;:&quot;0&quot;,&quot;shutter_speed&quot;:&quot;0&quot;,&quot;title&quot;:&quot;&quot;,&quot;orientation&quot;:&quot;0&quot;}\" data-image-title=\"csn-box\" data-image-description=\"\" data-image-caption=\"\" data-large-file=\"https:\/\/i0.wp.com\/elabrevaderojm.com\/wp-content\/uploads\/2024\/06\/csn-box.jpg?fit=425%2C425&amp;ssl=1\" role=\"button\" tabindex=\"0\" aria-label=\"Open image 1 of 2 in full-screen\" srcset=\"https:\/\/i0.wp.com\/elabrevaderojm.com\/wp-content\/uploads\/2024\/06\/csn-box.jpg?strip=info&#038;w=425&#038;ssl=1 425w\" alt=\"\" data-height=\"425\" data-id=\"17972\" data-link=\"https:\/\/elabrevaderojm.com\/?attachment_id=17972\" data-url=\"https:\/\/elabrevaderojm.com\/wp-content\/uploads\/2024\/06\/csn-box.jpg?w=425\" data-width=\"425\" src=\"https:\/\/i0.wp.com\/elabrevaderojm.com\/wp-content\/uploads\/2024\/06\/csn-box.jpg?ssl=1\" data-amp-layout=\"responsive\" tabindex=\"0\" role=\"button\" aria-label=\"Abrir la imagen 1 de 2 en pantalla completa\"\/><\/figure><\/div><div class=\"tiled-gallery__col\" style=\"flex-basis:50.00000%\"><figure class=\"tiled-gallery__item\"><img decoding=\"async\" data-attachment-id=\"17973\" data-permalink=\"https:\/\/elabrevaderojm.com\/en\/2024\/06\/11\/blackbird-a-proposito-de-la-reaparicion-de-esta-pieza-de-paul-mccartney-iv\/moscow-rd-1\/\" data-orig-file=\"https:\/\/i0.wp.com\/elabrevaderojm.com\/wp-content\/uploads\/2024\/06\/moscow-rd-1.jpg?fit=240%2C240&amp;ssl=1\" data-orig-size=\"240,240\" data-comments-opened=\"1\" data-image-meta=\"{&quot;aperture&quot;:&quot;0&quot;,&quot;credit&quot;:&quot;&quot;,&quot;camera&quot;:&quot;&quot;,&quot;caption&quot;:&quot;&quot;,&quot;created_timestamp&quot;:&quot;0&quot;,&quot;copyright&quot;:&quot;&quot;,&quot;focal_length&quot;:&quot;0&quot;,&quot;iso&quot;:&quot;0&quot;,&quot;shutter_speed&quot;:&quot;0&quot;,&quot;title&quot;:&quot;&quot;,&quot;orientation&quot;:&quot;1&quot;}\" data-image-title=\"moscow-rd-1\" data-image-description=\"\" data-image-caption=\"\" data-large-file=\"https:\/\/i0.wp.com\/elabrevaderojm.com\/wp-content\/uploads\/2024\/06\/moscow-rd-1.jpg?fit=240%2C240&amp;ssl=1\" role=\"button\" tabindex=\"0\" aria-label=\"Open image 2 of 2 in full-screen\" srcset=\"https:\/\/i0.wp.com\/elabrevaderojm.com\/wp-content\/uploads\/2024\/06\/moscow-rd-1.jpg?strip=info&#038;w=240&#038;ssl=1 240w\" alt=\"\" data-height=\"240\" data-id=\"17973\" data-link=\"https:\/\/elabrevaderojm.com\/?attachment_id=17973\" data-url=\"https:\/\/elabrevaderojm.com\/wp-content\/uploads\/2024\/06\/moscow-rd-1.jpg?w=240\" data-width=\"240\" src=\"https:\/\/i0.wp.com\/elabrevaderojm.com\/wp-content\/uploads\/2024\/06\/moscow-rd-1.jpg?ssl=1\" data-amp-layout=\"responsive\" tabindex=\"0\" role=\"button\" aria-label=\"Abrir la imagen 2 de 2 en pantalla completa\"\/><\/figure><\/div><\/div><\/div><\/div><\/div>\n\n\n\n<p class=\"has-text-align-justify has-domine-font-family has-custom-font wp-block-paragraph\" style=\"font-family:domine\">\u00ab<strong>Una canci\u00f3n de nuestro grupo favorito<\/strong>. Nos qued\u00e1bamos en <em>Moscow Road<\/em> en la <a href=\"https:\/\/es.wikipedia.org\/wiki\/Ciudad_de_Westminster\">ciudad de Westminster<\/a> en 1968, con la esperanza de entrar en el sello discogr\u00e1fico de <a href=\"https:\/\/es.wikipedia.org\/wiki\/Apple_Records\">Apple<\/a>. Los Beatles estaban grabando <em>The White Album<\/em>, y cuando escuchamos a McCartney cantar <em>Blackbird<\/em> nos volvimos locos y nos la aprendimos de inmediato. Era perfecta para nuestra armon\u00eda a tres voces\u00bb.<\/p>\n\n\n\n<figure class=\"wp-block-audio\"><audio controls src=\"https:\/\/elabrevaderojm.com\/wp-content\/uploads\/2024\/06\/csn-blackbird.mp3\"><\/audio><\/figure>\n\n\n\n<p class=\"has-text-align-justify has-domine-font-family has-custom-font wp-block-paragraph\" style=\"font-family:domine\">En 2024, <a href=\"https:\/\/es.wikipedia.org\/wiki\/Beyonc%C3%A9\">Beyonc\u00e9<\/a> version\u00f3 la canci\u00f3n para su \u00e1lbum <a href=\"https:\/\/es.wikipedia.org\/wiki\/Cowboy_Carter\"><em>Cowboy Carter<\/em><\/a>, titul\u00e1ndola <em>Blackbiird<\/em>.<\/p>\n\n\n\n<div class=\"wp-block-jetpack-tiled-gallery aligncenter is-style-rectangular\"><div class=\"\"><div class=\"tiled-gallery__gallery\"><div class=\"tiled-gallery__row\"><div class=\"tiled-gallery__col\" style=\"flex-basis:44.48644%\"><figure class=\"tiled-gallery__item\"><img decoding=\"async\" data-attachment-id=\"17977\" data-permalink=\"https:\/\/elabrevaderojm.com\/en\/2024\/06\/11\/blackbird-a-proposito-de-la-reaparicion-de-esta-pieza-de-paul-mccartney-iv\/beyonce\/\" data-orig-file=\"https:\/\/i0.wp.com\/elabrevaderojm.com\/wp-content\/uploads\/2024\/06\/beyonce.jpeg?fit=201%2C251&amp;ssl=1\" data-orig-size=\"201,251\" data-comments-opened=\"1\" data-image-meta=\"{&quot;aperture&quot;:&quot;0&quot;,&quot;credit&quot;:&quot;&quot;,&quot;camera&quot;:&quot;&quot;,&quot;caption&quot;:&quot;&quot;,&quot;created_timestamp&quot;:&quot;0&quot;,&quot;copyright&quot;:&quot;&quot;,&quot;focal_length&quot;:&quot;0&quot;,&quot;iso&quot;:&quot;0&quot;,&quot;shutter_speed&quot;:&quot;0&quot;,&quot;title&quot;:&quot;&quot;,&quot;orientation&quot;:&quot;0&quot;}\" data-image-title=\"beyonce\" data-image-description=\"\" data-image-caption=\"\" data-large-file=\"https:\/\/i0.wp.com\/elabrevaderojm.com\/wp-content\/uploads\/2024\/06\/beyonce.jpeg?fit=201%2C251&amp;ssl=1\" role=\"button\" tabindex=\"0\" aria-label=\"Open image 1 of 2 in full-screen\" srcset=\"https:\/\/i0.wp.com\/elabrevaderojm.com\/wp-content\/uploads\/2024\/06\/beyonce.jpeg?strip=info&#038;w=201&#038;ssl=1 201w\" alt=\"\" data-height=\"251\" data-id=\"17977\" data-link=\"https:\/\/elabrevaderojm.com\/?attachment_id=17977\" data-url=\"https:\/\/elabrevaderojm.com\/wp-content\/uploads\/2024\/06\/beyonce.jpeg?w=201\" data-width=\"201\" src=\"https:\/\/i0.wp.com\/elabrevaderojm.com\/wp-content\/uploads\/2024\/06\/beyonce.jpeg?ssl=1\" data-amp-layout=\"responsive\" tabindex=\"0\" role=\"button\" aria-label=\"Abrir la imagen 1 de 2 en pantalla completa\"\/><\/figure><\/div><div class=\"tiled-gallery__col\" style=\"flex-basis:55.51356%\"><figure class=\"tiled-gallery__item\"><img decoding=\"async\" data-attachment-id=\"17978\" data-permalink=\"https:\/\/elabrevaderojm.com\/en\/2024\/06\/11\/blackbird-a-proposito-de-la-reaparicion-de-esta-pieza-de-paul-mccartney-iv\/cowboy-disco-1\/\" data-orig-file=\"https:\/\/i0.wp.com\/elabrevaderojm.com\/wp-content\/uploads\/2024\/06\/cowboy.-disco-1.jpg?fit=400%2C400&amp;ssl=1\" data-orig-size=\"400,400\" data-comments-opened=\"1\" data-image-meta=\"{&quot;aperture&quot;:&quot;0&quot;,&quot;credit&quot;:&quot;&quot;,&quot;camera&quot;:&quot;&quot;,&quot;caption&quot;:&quot;&quot;,&quot;created_timestamp&quot;:&quot;0&quot;,&quot;copyright&quot;:&quot;&quot;,&quot;focal_length&quot;:&quot;0&quot;,&quot;iso&quot;:&quot;0&quot;,&quot;shutter_speed&quot;:&quot;0&quot;,&quot;title&quot;:&quot;&quot;,&quot;orientation&quot;:&quot;1&quot;}\" data-image-title=\"cowboy.-disco-1\" data-image-description=\"\" data-image-caption=\"\" data-large-file=\"https:\/\/i0.wp.com\/elabrevaderojm.com\/wp-content\/uploads\/2024\/06\/cowboy.-disco-1.jpg?fit=400%2C400&amp;ssl=1\" role=\"button\" tabindex=\"0\" aria-label=\"Open image 2 of 2 in full-screen\" srcset=\"https:\/\/i0.wp.com\/elabrevaderojm.com\/wp-content\/uploads\/2024\/06\/cowboy.-disco-1.jpg?strip=info&#038;w=400&#038;ssl=1 400w\" alt=\"\" data-height=\"400\" data-id=\"17978\" data-link=\"https:\/\/elabrevaderojm.com\/?attachment_id=17978\" data-url=\"https:\/\/elabrevaderojm.com\/wp-content\/uploads\/2024\/06\/cowboy.-disco-1.jpg?w=400\" data-width=\"400\" src=\"https:\/\/i0.wp.com\/elabrevaderojm.com\/wp-content\/uploads\/2024\/06\/cowboy.-disco-1.jpg?ssl=1\" data-amp-layout=\"responsive\" tabindex=\"0\" role=\"button\" aria-label=\"Abrir la imagen 2 de 2 en pantalla completa\"\/><\/figure><\/div><\/div><\/div><\/div><\/div>\n\n\n\n<figure class=\"wp-block-table has-literata-font-family\"><table class=\"has-pale-ocean-gradient-background has-background has-fixed-layout\" style=\"border-width:4px\"><tbody><tr><td><strong><mark style=\"background-color:rgba(0, 0, 0, 0);color:#f80404\" class=\"has-inline-color\">RELACIONADO: <\/mark><a href=\"https:\/\/elabrevaderojm.com\/2024\/06\/11\/paul-mccartney-elogia-la-version-de-blackbird-hecha-por-beyonce\/\">Paul McCartney elogia la versi\u00f3n de Blackbird hecha por Beyonc\u00e9.<\/a><\/strong><\/td><\/tr><\/tbody><\/table><\/figure>\n\n\n\n<hr class=\"wp-block-separator has-alpha-channel-opacity is-style-wide\"\/>\n\n\n\n<p class=\"has-text-align-justify has-domine-font-family has-custom-font wp-block-paragraph\" style=\"font-family:domine\">Y ahora s\u00ed cerramos esta presentaci\u00f3n sobre <em>Blackbird<\/em>, la querida canci\u00f3n de Paul. Espero que este trabajo haya tenido la calidad suficiente como para satisfacer a los beatleman\u00edacos, a quienes, en especial, est\u00e1 dedicado. <\/p>\n\n\n\n<figure class=\"wp-block-table has-literata-font-family\"><table class=\"has-pale-ocean-gradient-background has-background has-fixed-layout\" style=\"border-width:4px\"><tbody><tr><td><strong><mark style=\"background-color:rgba(0, 0, 0, 0);color:#f60808\" class=\"has-inline-color\">RELACIONADO:<\/mark><\/strong> <strong><a href=\"https:\/\/elabrevaderojm.com\/2024\/06\/11\/apendice-fuentes-no-citadas\/\">Ap\u00e9ndice: Fuentes no citadas<\/a> <\/strong>(para<strong> <\/strong>saber sobre los articulistas cuyas informaciones utilic\u00e9 y que no fueron mencionados aqu\u00ed).<\/td><\/tr><\/tbody><\/table><\/figure>\n\n\n\n<p class=\"has-text-align-justify has-domine-font-family has-custom-font wp-block-paragraph\" style=\"font-family:domine\">Si te ha gustado este art\u00edculo, demu\u00e9stralo con un \u00abpulgar arriba\u00bb y un \u00abaplauso\u00bb, y compartiendo el contenido con tus amistades y en tus redes sociales. Es muy gratificante. Y quiz\u00e1s otras personas se enteren de estas cosas interesantes que has le\u00eddo hoy.<\/p>\n\n\n\n<p class=\"has-text-align-justify has-domine-font-family has-custom-font wp-block-paragraph\" style=\"font-family:domine\">Si tienes algo que comentar, preguntar o agregar, o decirme como expositor, por favor hazlo dejando tu comentario.<\/p>\n\n\n\n<p class=\"has-text-align-justify has-domine-font-family has-custom-font wp-block-paragraph\" style=\"font-family:domine\">Siempre lo mejor para estar al tanto de estas interesantes entregas es suscribirte a mi blog, que trato de surtir con nuevos trabajos siempre que me sea posible.<\/p>\n\n\n\n<p class=\"has-domine-font-family has-custom-font wp-block-paragraph\" style=\"font-family:domine\">Gracias por leer.<\/p>\n\n\n\n<div class=\"wp-block-comments\">\n\t\t<div id=\"respond\" class=\"comment-respond wp-block-post-comments-form\">\n\t\t\t<h3 id=\"reply-title\" class=\"comment-reply-title\">Leave a Reply<small><a rel=\"nofollow\" id=\"cancel-comment-reply-link\" href=\"\/en\/wp-json\/wp\/v2\/posts\/17822#respond\" style=\"display:none;\">Cancel reply<\/a><\/small><\/h3>\t\t\t<form id=\"commentform\" class=\"comment-form\">\n\t\t\t\t<iframe\n\t\t\t\t\ttitle=\"Comment Form\"\n\t\t\t\t\tsrc=\"https:\/\/jetpack.wordpress.com\/jetpack-comment\/?blogid=153735515&#038;postid=17822&#038;comment_registration=0&#038;require_name_email=0&#038;stc_enabled=1&#038;stb_enabled=1&#038;show_avatars=1&#038;avatar_default=identicon&#038;greeting=Leave+a+Reply&#038;jetpack_comments_nonce=f1028e6dbf&#038;greeting_reply=Leave+a+Reply+to+%25s&#038;color_scheme=light&#038;lang=en_US&#038;jetpack_version=16.2-a.5&#038;iframe_unique_id=2&#038;show_cookie_consent=10&#038;has_cookie_consent=0&#038;is_current_user_subscribed=0&#038;token_key=%3Bnormal%3B&#038;sig=4e6117d48721dc4432546e0c94b90acd0083ed97#parent=https%3A%2F%2Felabrevaderojm.com%2Fen%2Fwp-json%2Fwp%2Fv2%2Fposts%2F17822\"\n\t\t\t\t\t\t\t\t\t\t\tname=\"jetpack_remote_comment\"\n\t\t\t\t\t\tstyle=\"width:100%; height: 430px; border:0;\"\n\t\t\t\t\t\t\t\t\t\tclass=\"jetpack_remote_comment\"\n\t\t\t\t\tid=\"jetpack_remote_comment\"\n\t\t\t\t\tsandbox=\"allow-same-origin allow-top-navigation allow-scripts allow-forms allow-popups\"\n\t\t\t\t>\n\t\t\t\t\t\t\t\t\t<\/iframe>\n\t\t\t\t\t\t\t\t\t<!--[if !IE]><!-->\n\t\t\t\t\t<script>\n\t\t\t\t\t\tdocument.addEventListener('DOMContentLoaded', function () {\n\t\t\t\t\t\t\tvar commentForms = document.getElementsByClassName('jetpack_remote_comment');\n\t\t\t\t\t\t\tfor (var i = 0; i < commentForms.length; i++) {\n\t\t\t\t\t\t\t\tcommentForms[i].allowTransparency = false;\n\t\t\t\t\t\t\t\tcommentForms[i].scrolling = 'no';\n\t\t\t\t\t\t\t}\n\t\t\t\t\t\t});\n\t\t\t\t\t<\/script>\n\t\t\t\t\t<!--<![endif]-->\n\t\t\t\t\t\t\t<\/form>\n\t\t<\/div>\n\n\t\t\n\t\t<input type=\"hidden\" name=\"comment_parent\" id=\"comment_parent\" value=\"\" \/>\n\n\t\t<\/div>\n\n\n<div class=\"crowdsignal-vote-wrapper\" data-crowdsignal-vote=\"{&quot;pollId&quot;:&quot;b9f58257-b72b-429d-804f-6c20e48d56ce&quot;,&quot;title&quot;:&quot;Votaci\\u00f3n sin t\\u00edtulo 2&quot;,&quot;hideBranding&quot;:false,&quot;pollStatus&quot;:&quot;open&quot;,&quot;size&quot;:&quot;medium&quot;,&quot;borderWidth&quot;:1,&quot;borderRadius&quot;:5,&quot;hideResults&quot;:false,&quot;TrpContentRestriction&quot;:{&quot;restriction_type&quot;:&quot;exclude&quot;,&quot;selected_languages&quot;:[],&quot;panel_open&quot;:true},&quot;apiPollData&quot;:{&quot;id&quot;:15306493,&quot;question&quot;:&quot;&quot;,&quot;note&quot;:&quot;&quot;,&quot;settings&quot;:{&quot;title&quot;:&quot;Votaci\\u00f3n sin t\\u00edtulo 2&quot;,&quot;after_vote&quot;:&quot;results&quot;,&quot;after_message&quot;:&quot;&quot;,&quot;randomize_answers&quot;:false,&quot;restrict_vote_repeat&quot;:false,&quot;captcha&quot;:false,&quot;multiple_choice&quot;:false,&quot;redirect_url&quot;:&quot;&quot;,&quot;close_status&quot;:&quot;open&quot;,&quot;close_after&quot;:false},&quot;answers&quot;:[{&quot;answer_text&quot;:&quot;up&quot;,&quot;id&quot;:67685823,&quot;client_id&quot;:&quot;ca3eec8d-2292-432e-ac43-5ef261348835&quot;},{&quot;answer_text&quot;:&quot;down&quot;,&quot;id&quot;:67685824,&quot;client_id&quot;:&quot;769a5e05-e3d3-404f-9aa1-62a06c2e97ef&quot;}],&quot;source_link&quot;:&quot;https:\\\/\\\/elabrevaderojm.com&quot;,&quot;client_id&quot;:&quot;b9f58257-b72b-429d-804f-6c20e48d56ce&quot;}}\">\n<div data-crowdsignal-vote-item=\"{&quot;answerId&quot;:&quot;ca3eec8d-2292-432e-ac43-5ef261348835&quot;,&quot;type&quot;:&quot;up&quot;,&quot;TrpContentRestriction&quot;:{&quot;restriction_type&quot;:&quot;exclude&quot;,&quot;selected_languages&quot;:[],&quot;panel_open&quot;:true}}\"><\/div>\n\n<div data-crowdsignal-vote-item=\"{&quot;answerId&quot;:&quot;769a5e05-e3d3-404f-9aa1-62a06c2e97ef&quot;,&quot;type&quot;:&quot;down&quot;,&quot;TrpContentRestriction&quot;:{&quot;restriction_type&quot;:&quot;exclude&quot;,&quot;selected_languages&quot;:[],&quot;panel_open&quot;:true}}\"><\/div>\n<\/div>\n\n<div class=\"crowdsignal-applause-wrapper\" data-crowdsignal-applause=\"{&quot;pollId&quot;:&quot;70a36365-120b-433d-914e-7e4ec8e1dfc1&quot;,&quot;title&quot;:&quot;Aplauso sin t\\u00edtulo 3&quot;,&quot;answerId&quot;:&quot;48507bc4-120e-4c9e-ace9-29825fc9efec&quot;,&quot;hideBranding&quot;:false,&quot;size&quot;:&quot;medium&quot;,&quot;pollStatus&quot;:&quot;open&quot;,&quot;TrpContentRestriction&quot;:{&quot;restriction_type&quot;:&quot;exclude&quot;,&quot;selected_languages&quot;:[],&quot;panel_open&quot;:true},&quot;apiPollData&quot;:{&quot;id&quot;:15306494,&quot;question&quot;:&quot;&quot;,&quot;note&quot;:&quot;&quot;,&quot;settings&quot;:{&quot;title&quot;:&quot;Aplauso sin t\\u00edtulo 3&quot;,&quot;after_vote&quot;:&quot;results&quot;,&quot;after_message&quot;:&quot;&quot;,&quot;randomize_answers&quot;:false,&quot;restrict_vote_repeat&quot;:false,&quot;captcha&quot;:false,&quot;multiple_choice&quot;:false,&quot;redirect_url&quot;:&quot;&quot;,&quot;close_status&quot;:&quot;open&quot;,&quot;close_after&quot;:false},&quot;answers&quot;:[{&quot;answer_text&quot;:&quot;clap&quot;,&quot;id&quot;:67685825,&quot;client_id&quot;:&quot;48507bc4-120e-4c9e-ace9-29825fc9efec&quot;}],&quot;source_link&quot;:&quot;https:\\\/\\\/elabrevaderojm.com&quot;,&quot;client_id&quot;:&quot;70a36365-120b-433d-914e-7e4ec8e1dfc1&quot;}}\"><\/div>\n\n\n<hr class=\"wp-block-separator has-text-color has-foreground-color has-alpha-channel-opacity has-foreground-background-color has-background is-style-dots\"\/>\n\n\n\n<p class=\"has-text-align-center has-plus-jakarta-sans-font-family has-custom-font wp-block-paragraph\" style=\"font-family:plus-jakarta-sans\"><strong>NOTAS AL PIE<\/strong><\/p>\n\n\n<ol class=\"wp-block-footnotes has-crimson-pro-font-family\"><li id=\"47760f9e-30f2-401f-aa91-f7d24268363c\"><strong>Paul Muldoon<\/strong> es un poeta irland\u00e9s, quien ha publicado m\u00e1s de treinta colecciones y ha ganado un <a href=\"https:\/\/es.wikipedia.org\/wiki\/Premio_Pulitzer_de_Poes%C3%ADa\">Premio Pulitzer de Poes\u00eda<\/a> y el Premio T. S. Eliot. Ha sido profesor universitario Howard G. B. Clark '21 en Humanidades y presidente fundador del <em>Lewis Center for the Arts<\/em> en la <a href=\"https:\/\/es.wikipedia.org\/wiki\/Universidad_de_Princeton\">Universidad de Princeton<\/a>. Tambi\u00e9n ocup\u00f3 el cargo de profesor de poes\u00eda de Oxford de 1999 a 2004, y se desempe\u00f1\u00f3 como presidente de la Sociedad de Poes\u00eda (Reino Unido) y editor de poes\u00eda en <em>The New Yorker<\/em>. <br><img data-recalc-dims=\"1\" loading=\"lazy\" decoding=\"async\" width=\"283\" height=\"419\" data-attachment-id=\"17890\" data-permalink=\"https:\/\/elabrevaderojm.com\/en\/2024\/06\/11\/blackbird-a-proposito-de-la-reaparicion-de-esta-pieza-de-paul-mccartney-iv\/paul-muldoon1\/\" data-orig-file=\"https:\/\/i0.wp.com\/elabrevaderojm.com\/wp-content\/uploads\/2024\/06\/paul-muldoon1.jpg?fit=283%2C419&amp;ssl=1\" data-orig-size=\"283,419\" data-comments-opened=\"1\" data-image-meta=\"{&quot;aperture&quot;:&quot;0&quot;,&quot;credit&quot;:&quot;&quot;,&quot;camera&quot;:&quot;&quot;,&quot;caption&quot;:&quot;&quot;,&quot;created_timestamp&quot;:&quot;0&quot;,&quot;copyright&quot;:&quot;&quot;,&quot;focal_length&quot;:&quot;0&quot;,&quot;iso&quot;:&quot;0&quot;,&quot;shutter_speed&quot;:&quot;0&quot;,&quot;title&quot;:&quot;&quot;,&quot;orientation&quot;:&quot;1&quot;}\" data-image-title=\"paul Muldoon1\" data-image-description=\"\" data-image-caption=\"\" data-large-file=\"https:\/\/i0.wp.com\/elabrevaderojm.com\/wp-content\/uploads\/2024\/06\/paul-muldoon1.jpg?fit=283%2C419&amp;ssl=1\" class=\"wp-image-17890\" style=\"width: 90px\" src=\"https:\/\/i0.wp.com\/elabrevaderojm.com\/wp-content\/uploads\/2024\/06\/paul-muldoon1.jpg?resize=283%2C419&#038;ssl=1\" alt=\"\"> <img data-recalc-dims=\"1\" loading=\"lazy\" decoding=\"async\" width=\"241\" height=\"134\" data-attachment-id=\"17891\" data-permalink=\"https:\/\/elabrevaderojm.com\/en\/2024\/06\/11\/blackbird-a-proposito-de-la-reaparicion-de-esta-pieza-de-paul-mccartney-iv\/pulitzer\/\" data-orig-file=\"https:\/\/i0.wp.com\/elabrevaderojm.com\/wp-content\/uploads\/2024\/06\/pulitzer.jpg?fit=241%2C134&amp;ssl=1\" data-orig-size=\"241,134\" data-comments-opened=\"1\" data-image-meta=\"{&quot;aperture&quot;:&quot;0&quot;,&quot;credit&quot;:&quot;&quot;,&quot;camera&quot;:&quot;&quot;,&quot;caption&quot;:&quot;&quot;,&quot;created_timestamp&quot;:&quot;0&quot;,&quot;copyright&quot;:&quot;&quot;,&quot;focal_length&quot;:&quot;0&quot;,&quot;iso&quot;:&quot;0&quot;,&quot;shutter_speed&quot;:&quot;0&quot;,&quot;title&quot;:&quot;&quot;,&quot;orientation&quot;:&quot;0&quot;}\" data-image-title=\"pulitzer\" data-image-description=\"\" data-image-caption=\"\" data-large-file=\"https:\/\/i0.wp.com\/elabrevaderojm.com\/wp-content\/uploads\/2024\/06\/pulitzer.jpg?fit=241%2C134&amp;ssl=1\" class=\"wp-image-17891\" style=\"width: 150px\" src=\"https:\/\/i0.wp.com\/elabrevaderojm.com\/wp-content\/uploads\/2024\/06\/pulitzer.jpg?resize=241%2C134&#038;ssl=1\" alt=\"\"> <a href=\"#47760f9e-30f2-401f-aa91-f7d24268363c-link\" aria-label=\"Jump to footnote reference 1\">\u21a9\ufe0e<\/a><\/li><li id=\"365d74e7-cd69-4c6f-b4f9-8a108c71ce83\"><em>James Paul McCartney<\/em> es el t\u00edtulo de un especial de televisi\u00f3n de 1973 producido por <em>Associated Television<\/em> o <a href=\"https:\/\/es.wikipedia.org\/wiki\/Associated_Television\"><em>ATV<\/em><\/a>, protagonizado por Paul McCartney y su entonces grupo de rock, Wings. Se emiti\u00f3 por primera vez el 16 de abril de 1973 en los Estados Unidos en la cadena <a href=\"https:\/\/es.wikipedia.org\/wiki\/American_Broadcasting_Company\">ABC<\/a>, y m\u00e1s tarde se emiti\u00f3 en el Reino Unido el 10 de mayo de 1973. Fue publicado en <em>DVD<\/em> por primera vez como parte de la caja de s\u00faper lujo <em>Red Rose Speedway<\/em> en diciembre de 2018. <br><img data-recalc-dims=\"1\" loading=\"lazy\" decoding=\"async\" width=\"298\" height=\"298\" data-attachment-id=\"17858\" data-permalink=\"https:\/\/elabrevaderojm.com\/en\/2024\/06\/11\/blackbird-a-proposito-de-la-reaparicion-de-esta-pieza-de-paul-mccartney-iv\/red-rose-deluxe-1\/\" data-orig-file=\"https:\/\/i0.wp.com\/elabrevaderojm.com\/wp-content\/uploads\/2024\/06\/red-rose-deluxe-1.jpg?fit=298%2C298&amp;ssl=1\" data-orig-size=\"298,298\" data-comments-opened=\"1\" data-image-meta=\"{&quot;aperture&quot;:&quot;0&quot;,&quot;credit&quot;:&quot;&quot;,&quot;camera&quot;:&quot;&quot;,&quot;caption&quot;:&quot;&quot;,&quot;created_timestamp&quot;:&quot;0&quot;,&quot;copyright&quot;:&quot;&quot;,&quot;focal_length&quot;:&quot;0&quot;,&quot;iso&quot;:&quot;0&quot;,&quot;shutter_speed&quot;:&quot;0&quot;,&quot;title&quot;:&quot;&quot;,&quot;orientation&quot;:&quot;1&quot;}\" data-image-title=\"red rose deluxe 1\" data-image-description=\"\" data-image-caption=\"\" data-large-file=\"https:\/\/i0.wp.com\/elabrevaderojm.com\/wp-content\/uploads\/2024\/06\/red-rose-deluxe-1.jpg?fit=298%2C298&amp;ssl=1\" class=\"wp-image-17858\" style=\"width: 100px\" src=\"https:\/\/i0.wp.com\/elabrevaderojm.com\/wp-content\/uploads\/2024\/06\/red-rose-deluxe-1.jpg?resize=298%2C298&#038;ssl=1\" alt=\"\"> <a href=\"#365d74e7-cd69-4c6f-b4f9-8a108c71ce83-link\" aria-label=\"Jump to footnote reference 2\">\u21a9\ufe0e<\/a><\/li><li id=\"9a62fa7a-7399-4122-85a8-4519e1604e09\"><strong>Rollins College<\/strong> es una <a href=\"https:\/\/en.wikipedia.org\/wiki\/Private_college\">universidad privada<\/a> en <a href=\"https:\/\/en.wikipedia.org\/wiki\/Winter_Park,_Florida\">Winter Park, Florida<\/a>. Fue fundada en noviembre de 1885 y cuenta con alrededor de 30 carreras de pregrado y varios programas de maestr\u00eda. Es la cuarta instituci\u00f3n postsecundaria m\u00e1s antigua de Florida.<br> <img data-recalc-dims=\"1\" loading=\"lazy\" decoding=\"async\" width=\"365\" height=\"218\" data-attachment-id=\"17893\" data-permalink=\"https:\/\/elabrevaderojm.com\/en\/2024\/06\/11\/blackbird-a-proposito-de-la-reaparicion-de-esta-pieza-de-paul-mccartney-iv\/rollins-college-1\/\" data-orig-file=\"https:\/\/i0.wp.com\/elabrevaderojm.com\/wp-content\/uploads\/2024\/06\/rollins-college-1.jpg?fit=365%2C218&amp;ssl=1\" data-orig-size=\"365,218\" data-comments-opened=\"1\" data-image-meta=\"{&quot;aperture&quot;:&quot;0&quot;,&quot;credit&quot;:&quot;&quot;,&quot;camera&quot;:&quot;&quot;,&quot;caption&quot;:&quot;&quot;,&quot;created_timestamp&quot;:&quot;0&quot;,&quot;copyright&quot;:&quot;&quot;,&quot;focal_length&quot;:&quot;0&quot;,&quot;iso&quot;:&quot;0&quot;,&quot;shutter_speed&quot;:&quot;0&quot;,&quot;title&quot;:&quot;&quot;,&quot;orientation&quot;:&quot;1&quot;}\" data-image-title=\"rollins college 1\" data-image-description=\"\" data-image-caption=\"\" data-large-file=\"https:\/\/i0.wp.com\/elabrevaderojm.com\/wp-content\/uploads\/2024\/06\/rollins-college-1.jpg?fit=365%2C218&amp;ssl=1\" class=\"wp-image-17893\" style=\"width: 150px\" src=\"https:\/\/i0.wp.com\/elabrevaderojm.com\/wp-content\/uploads\/2024\/06\/rollins-college-1.jpg?resize=365%2C218&#038;ssl=1\" alt=\"\"> <a href=\"#9a62fa7a-7399-4122-85a8-4519e1604e09-link\" aria-label=\"Jump to footnote reference 3\">\u21a9\ufe0e<\/a><\/li><li id=\"0fde0b1d-2c5d-4e45-bc79-84cb1e03e7cb\"><strong>Jacob Stolworthy<\/strong> es reportero jefe de cultura en <em>The Independent<\/em>. Es una autoridad en pel\u00edculas y programas de televisi\u00f3n, que van desde cl\u00e1sicos hasta los \u00faltimos estrenos de <a href=\"https:\/\/es.wikipedia.org\/wiki\/Netflix\"><em>Netflix<\/em><\/a>. Es fan\u00e1tico de directores como <a href=\"https:\/\/es.wikipedia.org\/wiki\/Quentin_Tarantino\">Quentin Tarantino<\/a> y <a href=\"https:\/\/es.wikipedia.org\/wiki\/Martin_Scorsese\">Martin Scorsese<\/a>, y tambi\u00e9n ayuda a dirigir la cobertura de <em>The Independent<\/em> de los principales eventos cinematogr\u00e1ficos y televisivos, incluidos los <a href=\"https:\/\/es.wikipedia.org\/wiki\/Premios_%C3%93scar\"><em>Oscar<\/em><\/a>, los <a href=\"https:\/\/es.wikipedia.org\/wiki\/Premios_BAFTA\"><em>BAFTA<\/em><\/a> y los <a href=\"https:\/\/es.wikipedia.org\/wiki\/Premios_Emmy\"><em>Emmy<\/em><\/a>. Con Annabel Nugent, es copresentador de la popular serie de <em>IndyTV<\/em> <em>Binge or Bin<\/em>. <br><img data-recalc-dims=\"1\" loading=\"lazy\" decoding=\"async\" width=\"500\" height=\"750\" data-attachment-id=\"17924\" data-permalink=\"https:\/\/elabrevaderojm.com\/en\/2024\/06\/11\/blackbird-a-proposito-de-la-reaparicion-de-esta-pieza-de-paul-mccartney-iv\/quentin-t\/\" data-orig-file=\"https:\/\/i0.wp.com\/elabrevaderojm.com\/wp-content\/uploads\/2024\/06\/quentin-t.jpg?fit=500%2C750&amp;ssl=1\" data-orig-size=\"500,750\" data-comments-opened=\"1\" data-image-meta=\"{&quot;aperture&quot;:&quot;0&quot;,&quot;credit&quot;:&quot;&quot;,&quot;camera&quot;:&quot;&quot;,&quot;caption&quot;:&quot;&quot;,&quot;created_timestamp&quot;:&quot;0&quot;,&quot;copyright&quot;:&quot;&quot;,&quot;focal_length&quot;:&quot;0&quot;,&quot;iso&quot;:&quot;0&quot;,&quot;shutter_speed&quot;:&quot;0&quot;,&quot;title&quot;:&quot;&quot;,&quot;orientation&quot;:&quot;0&quot;}\" data-image-title=\"quentin t\" data-image-description=\"\" data-image-caption=\"\" data-large-file=\"https:\/\/i0.wp.com\/elabrevaderojm.com\/wp-content\/uploads\/2024\/06\/quentin-t.jpg?fit=500%2C750&amp;ssl=1\" class=\"wp-image-17924\" style=\"width: 95px\" src=\"https:\/\/i0.wp.com\/elabrevaderojm.com\/wp-content\/uploads\/2024\/06\/quentin-t.jpg?resize=500%2C750&#038;ssl=1\" alt=\"\"> <img data-recalc-dims=\"1\" loading=\"lazy\" decoding=\"async\" width=\"190\" height=\"266\" data-attachment-id=\"17923\" data-permalink=\"https:\/\/elabrevaderojm.com\/en\/2024\/06\/11\/blackbird-a-proposito-de-la-reaparicion-de-esta-pieza-de-paul-mccartney-iv\/martin-s\/\" data-orig-file=\"https:\/\/i0.wp.com\/elabrevaderojm.com\/wp-content\/uploads\/2024\/06\/martin-s.jpeg?fit=190%2C266&amp;ssl=1\" data-orig-size=\"190,266\" data-comments-opened=\"1\" data-image-meta=\"{&quot;aperture&quot;:&quot;0&quot;,&quot;credit&quot;:&quot;&quot;,&quot;camera&quot;:&quot;&quot;,&quot;caption&quot;:&quot;&quot;,&quot;created_timestamp&quot;:&quot;0&quot;,&quot;copyright&quot;:&quot;&quot;,&quot;focal_length&quot;:&quot;0&quot;,&quot;iso&quot;:&quot;0&quot;,&quot;shutter_speed&quot;:&quot;0&quot;,&quot;title&quot;:&quot;&quot;,&quot;orientation&quot;:&quot;0&quot;}\" data-image-title=\"martin s\" data-image-description=\"\" data-image-caption=\"\" data-large-file=\"https:\/\/i0.wp.com\/elabrevaderojm.com\/wp-content\/uploads\/2024\/06\/martin-s.jpeg?fit=190%2C266&amp;ssl=1\" class=\"wp-image-17923\" style=\"width: 102px\" src=\"https:\/\/i0.wp.com\/elabrevaderojm.com\/wp-content\/uploads\/2024\/06\/martin-s.jpeg?resize=190%2C266&#038;ssl=1\" alt=\"\"> <img data-recalc-dims=\"1\" loading=\"lazy\" decoding=\"async\" width=\"358\" height=\"380\" data-attachment-id=\"17922\" data-permalink=\"https:\/\/elabrevaderojm.com\/en\/2024\/06\/11\/blackbird-a-proposito-de-la-reaparicion-de-esta-pieza-de-paul-mccartney-iv\/annabel-nugent2\/\" data-orig-file=\"https:\/\/i0.wp.com\/elabrevaderojm.com\/wp-content\/uploads\/2024\/06\/annabel-nugent2.jpg?fit=358%2C380&amp;ssl=1\" data-orig-size=\"358,380\" data-comments-opened=\"1\" data-image-meta=\"{&quot;aperture&quot;:&quot;0&quot;,&quot;credit&quot;:&quot;&quot;,&quot;camera&quot;:&quot;&quot;,&quot;caption&quot;:&quot;&quot;,&quot;created_timestamp&quot;:&quot;0&quot;,&quot;copyright&quot;:&quot;&quot;,&quot;focal_length&quot;:&quot;0&quot;,&quot;iso&quot;:&quot;0&quot;,&quot;shutter_speed&quot;:&quot;0&quot;,&quot;title&quot;:&quot;&quot;,&quot;orientation&quot;:&quot;1&quot;}\" data-image-title=\"Annabel-Nugent2\" data-image-description=\"\" data-image-caption=\"\" data-large-file=\"https:\/\/i0.wp.com\/elabrevaderojm.com\/wp-content\/uploads\/2024\/06\/annabel-nugent2.jpg?fit=358%2C380&amp;ssl=1\" class=\"wp-image-17922\" style=\"width: 135px\" src=\"https:\/\/i0.wp.com\/elabrevaderojm.com\/wp-content\/uploads\/2024\/06\/annabel-nugent2.jpg?resize=358%2C380&#038;ssl=1\" alt=\"\"> <a href=\"#0fde0b1d-2c5d-4e45-bc79-84cb1e03e7cb-link\" aria-label=\"Jump to footnote reference 4\">\u21a9\ufe0e<\/a><\/li><li id=\"753984ac-a24f-43c5-9f11-a0a69a09b03f\"><strong>Dwight Twilley<\/strong> (6 de junio de 1951 \u2013 18 de octubre de 2023) fue un cantante y compositor estadounidense de <em>pop\/rock<\/em>, mejor conocido por los sencillos <em>I'm on Fire<\/em> de 1975 y <em>Girls<\/em> de 1984. Su m\u00fasica se asocia con el estilo <a href=\"https:\/\/es.wikipedia.org\/wiki\/Power_pop\"><em>power pop<\/em><\/a>. Twilley y <a href=\"https:\/\/es.wikipedia.org\/wiki\/Phil_Seymour\">Phil Seymour<\/a> actuaron como Dwight Twilley Band hasta 1978, y Twilley actu\u00f3 como solista despu\u00e9s.<br> <img data-recalc-dims=\"1\" loading=\"lazy\" decoding=\"async\" width=\"303\" height=\"322\" data-attachment-id=\"17960\" data-permalink=\"https:\/\/elabrevaderojm.com\/en\/2024\/06\/11\/blackbird-a-proposito-de-la-reaparicion-de-esta-pieza-de-paul-mccartney-iv\/phil-s-1\/\" data-orig-file=\"https:\/\/i0.wp.com\/elabrevaderojm.com\/wp-content\/uploads\/2024\/06\/phil-s-1.jpg?fit=303%2C322&amp;ssl=1\" data-orig-size=\"303,322\" data-comments-opened=\"1\" data-image-meta=\"{&quot;aperture&quot;:&quot;0&quot;,&quot;credit&quot;:&quot;&quot;,&quot;camera&quot;:&quot;&quot;,&quot;caption&quot;:&quot;&quot;,&quot;created_timestamp&quot;:&quot;0&quot;,&quot;copyright&quot;:&quot;&quot;,&quot;focal_length&quot;:&quot;0&quot;,&quot;iso&quot;:&quot;0&quot;,&quot;shutter_speed&quot;:&quot;0&quot;,&quot;title&quot;:&quot;&quot;,&quot;orientation&quot;:&quot;1&quot;}\" data-image-title=\"phil s 1\" data-image-description=\"\" data-image-caption=\"\" data-large-file=\"https:\/\/i0.wp.com\/elabrevaderojm.com\/wp-content\/uploads\/2024\/06\/phil-s-1.jpg?fit=303%2C322&amp;ssl=1\" class=\"wp-image-17960\" style=\"width: 100px\" src=\"https:\/\/i0.wp.com\/elabrevaderojm.com\/wp-content\/uploads\/2024\/06\/phil-s-1.jpg?resize=303%2C322&#038;ssl=1\" alt=\"\"> <a href=\"#753984ac-a24f-43c5-9f11-a0a69a09b03f-link\" aria-label=\"Jump to footnote reference 5\">\u21a9\ufe0e<\/a><\/li><li id=\"b4838d00-fe7f-4fcd-9d62-06e1002a6b19\"><strong>Kenneth Joseph Rankin<\/strong> (10 de febrero de 1940 - 7 de junio de 2009) fue un cantante y compositor estadounidense del <a href=\"https:\/\/es.wikipedia.org\/wiki\/Folk_rock\"><em>folk rock<\/em><\/a>, nacido en la ciudad de Nueva York.<a href=\"https:\/\/en.wikipedia.org\/wiki\/Jazz\"><\/a> Rankin a menudo cantaba notas en un rango alto para expresar emociones. Tres de sus \u00e1lbumes entraron en la lista <a href=\"https:\/\/en.wikipedia.org\/wiki\/Billboard_200\"><em>Billboard 200<\/em><\/a>. La mayor parte de su carrera se desarroll\u00f3 en la m\u00fasica <em>pop<\/em>. <br><img data-recalc-dims=\"1\" loading=\"lazy\" decoding=\"async\" width=\"200\" height=\"200\" data-attachment-id=\"17967\" data-permalink=\"https:\/\/elabrevaderojm.com\/en\/2024\/06\/11\/blackbird-a-proposito-de-la-reaparicion-de-esta-pieza-de-paul-mccartney-iv\/kenny-r-1\/\" data-orig-file=\"https:\/\/i0.wp.com\/elabrevaderojm.com\/wp-content\/uploads\/2024\/06\/kenny-r-1.jpg?fit=200%2C200&amp;ssl=1\" data-orig-size=\"200,200\" data-comments-opened=\"1\" data-image-meta=\"{&quot;aperture&quot;:&quot;0&quot;,&quot;credit&quot;:&quot;&quot;,&quot;camera&quot;:&quot;&quot;,&quot;caption&quot;:&quot;&quot;,&quot;created_timestamp&quot;:&quot;0&quot;,&quot;copyright&quot;:&quot;&quot;,&quot;focal_length&quot;:&quot;0&quot;,&quot;iso&quot;:&quot;0&quot;,&quot;shutter_speed&quot;:&quot;0&quot;,&quot;title&quot;:&quot;&quot;,&quot;orientation&quot;:&quot;1&quot;}\" data-image-title=\"kenny r 1\" data-image-description=\"\" data-image-caption=\"\" data-large-file=\"https:\/\/i0.wp.com\/elabrevaderojm.com\/wp-content\/uploads\/2024\/06\/kenny-r-1.jpg?fit=200%2C200&amp;ssl=1\" class=\"wp-image-17967\" style=\"width: 100px\" src=\"https:\/\/i0.wp.com\/elabrevaderojm.com\/wp-content\/uploads\/2024\/06\/kenny-r-1.jpg?resize=200%2C200&#038;ssl=1\" alt=\"\"> <img data-recalc-dims=\"1\" loading=\"lazy\" decoding=\"async\" width=\"320\" height=\"320\" data-attachment-id=\"17968\" data-permalink=\"https:\/\/elabrevaderojm.com\/en\/2024\/06\/11\/blackbird-a-proposito-de-la-reaparicion-de-esta-pieza-de-paul-mccartney-iv\/silver-disco-1\/\" data-orig-file=\"https:\/\/i0.wp.com\/elabrevaderojm.com\/wp-content\/uploads\/2024\/06\/silver.-disco-1.jpg?fit=320%2C320&amp;ssl=1\" data-orig-size=\"320,320\" data-comments-opened=\"1\" data-image-meta=\"{&quot;aperture&quot;:&quot;0&quot;,&quot;credit&quot;:&quot;&quot;,&quot;camera&quot;:&quot;&quot;,&quot;caption&quot;:&quot;&quot;,&quot;created_timestamp&quot;:&quot;0&quot;,&quot;copyright&quot;:&quot;&quot;,&quot;focal_length&quot;:&quot;0&quot;,&quot;iso&quot;:&quot;0&quot;,&quot;shutter_speed&quot;:&quot;0&quot;,&quot;title&quot;:&quot;&quot;,&quot;orientation&quot;:&quot;1&quot;}\" data-image-title=\"silver&amp;#8230; disco 1\" data-image-description=\"\" data-image-caption=\"\" data-large-file=\"https:\/\/i0.wp.com\/elabrevaderojm.com\/wp-content\/uploads\/2024\/06\/silver.-disco-1.jpg?fit=320%2C320&amp;ssl=1\" class=\"wp-image-17968\" style=\"width: 100px\" src=\"https:\/\/i0.wp.com\/elabrevaderojm.com\/wp-content\/uploads\/2024\/06\/silver.-disco-1.jpg?resize=320%2C320&#038;ssl=1\" alt=\"\"> <a href=\"#b4838d00-fe7f-4fcd-9d62-06e1002a6b19-link\" aria-label=\"Jump to footnote reference 6\">\u21a9\ufe0e<\/a><\/li><\/ol>","protected":false},"excerpt":{"rendered":"<p>Interpretaciones en vivo Esta es una de las 12 canciones de los Beatles que McCartney ha solido tocar en sus espect\u00e1culos en vivo a lo largo de su carrera. Se presta a&#8230;<\/p>","protected":false},"author":147101633,"featured_media":0,"comment_status":"open","ping_status":"open","sticky":false,"template":"","format":"standard","meta":{"_coblocks_attr":"","_coblocks_dimensions":"","_coblocks_responsive_height":"","_coblocks_accordion_ie_support":"","advanced_seo_description":"","jetpack_seo_html_title":"","jetpack_seo_noindex":false,"jetpack_seo_schema_type":"","_jetpack_newsletter_access":"","_jetpack_dont_email_post_to_subs":false,"_jetpack_newsletter_tier_id":0,"_jetpack_memberships_contains_paywalled_content":false,"_wpcom_ai_launchpad_first_post":false,"_jetpack_feature_clip_id":0,"_jetpack_memberships_contains_paid_content":false,"footnotes":"[{\"id\":\"47760f9e-30f2-401f-aa91-f7d24268363c\",\"content\":\"<strong>Paul Muldoon<\\\/strong> es un poeta irland\\u00e9s, quien ha publicado m\\u00e1s de treinta colecciones y ha ganado un <a href=\\\"https:\\\/\\\/es.wikipedia.org\\\/wiki\\\/Premio_Pulitzer_de_Poes%C3%ADa\\\">Premio Pulitzer de Poes\\u00eda<\\\/a> y el Premio T. S. Eliot. Ha sido profesor universitario Howard G. B. Clark '21 en Humanidades y presidente fundador del <em>Lewis Center for the Arts<\\\/em> en la <a href=\\\"https:\\\/\\\/es.wikipedia.org\\\/wiki\\\/Universidad_de_Princeton\\\">Universidad de Princeton<\\\/a>. Tambi\\u00e9n ocup\\u00f3 el cargo de profesor de poes\\u00eda de Oxford de 1999 a 2004, y se desempe\\u00f1\\u00f3 como presidente de la Sociedad de Poes\\u00eda (Reino Unido) y editor de poes\\u00eda en <em>The New Yorker<\\\/em>. <br><img class=\\\"wp-image-17890\\\" style=\\\"width: 90px\\\" src=\\\"https:\\\/\\\/elabrevaderojm.com\\\/wp-content\\\/uploads\\\/2024\\\/06\\\/paul-muldoon1.jpg\\\" alt=\\\"\\\"> <img class=\\\"wp-image-17891\\\" style=\\\"width: 150px\\\" src=\\\"https:\\\/\\\/elabrevaderojm.com\\\/wp-content\\\/uploads\\\/2024\\\/06\\\/pulitzer.jpg\\\" alt=\\\"\\\">\"},{\"id\":\"365d74e7-cd69-4c6f-b4f9-8a108c71ce83\",\"content\":\"<em>James Paul McCartney<\\\/em> es el t\\u00edtulo de un especial de televisi\\u00f3n de 1973 producido por <em>Associated Television<\\\/em> o <a href=\\\"https:\\\/\\\/es.wikipedia.org\\\/wiki\\\/Associated_Television\\\"><em>ATV<\\\/em><\\\/a>, protagonizado por Paul McCartney y su entonces grupo de rock, Wings. Se emiti\\u00f3 por primera vez el 16 de abril de 1973 en los Estados Unidos en la cadena <a href=\\\"https:\\\/\\\/es.wikipedia.org\\\/wiki\\\/American_Broadcasting_Company\\\">ABC<\\\/a>, y m\\u00e1s tarde se emiti\\u00f3 en el Reino Unido el 10 de mayo de 1973. Fue publicado en <em>DVD<\\\/em> por primera vez como parte de la caja de s\\u00faper lujo <em>Red Rose Speedway<\\\/em> en diciembre de 2018. <br><img class=\\\"wp-image-17858\\\" style=\\\"width: 100px\\\" src=\\\"https:\\\/\\\/elabrevaderojm.com\\\/wp-content\\\/uploads\\\/2024\\\/06\\\/red-rose-deluxe-1.jpg\\\" alt=\\\"\\\">\"},{\"id\":\"9a62fa7a-7399-4122-85a8-4519e1604e09\",\"content\":\"<strong>Rollins College<\\\/strong> es una <a href=\\\"https:\\\/\\\/en.wikipedia.org\\\/wiki\\\/Private_college\\\">universidad privada<\\\/a> en <a href=\\\"https:\\\/\\\/en.wikipedia.org\\\/wiki\\\/Winter_Park,_Florida\\\">Winter Park, Florida<\\\/a>. Fue fundada en noviembre de 1885 y cuenta con alrededor de 30 carreras de pregrado y varios programas de maestr\\u00eda. Es la cuarta instituci\\u00f3n postsecundaria m\\u00e1s antigua de Florida.<br> <img class=\\\"wp-image-17893\\\" style=\\\"width: 150px\\\" src=\\\"https:\\\/\\\/elabrevaderojm.com\\\/wp-content\\\/uploads\\\/2024\\\/06\\\/rollins-college-1.jpg\\\" alt=\\\"\\\">\"},{\"id\":\"0fde0b1d-2c5d-4e45-bc79-84cb1e03e7cb\",\"content\":\"<strong>Jacob Stolworthy<\\\/strong> es reportero jefe de cultura en <em>The Independent<\\\/em>. Es una autoridad en pel\\u00edculas y programas de televisi\\u00f3n, que van desde cl\\u00e1sicos hasta los \\u00faltimos estrenos de <a href=\\\"https:\\\/\\\/es.wikipedia.org\\\/wiki\\\/Netflix\\\"><em>Netflix<\\\/em><\\\/a>. Es fan\\u00e1tico de directores como <a href=\\\"https:\\\/\\\/es.wikipedia.org\\\/wiki\\\/Quentin_Tarantino\\\">Quentin Tarantino<\\\/a> y <a href=\\\"https:\\\/\\\/es.wikipedia.org\\\/wiki\\\/Martin_Scorsese\\\">Martin Scorsese<\\\/a>, y tambi\\u00e9n ayuda a dirigir la cobertura de <em>The Independent<\\\/em> de los principales eventos cinematogr\\u00e1ficos y televisivos, incluidos los <a href=\\\"https:\\\/\\\/es.wikipedia.org\\\/wiki\\\/Premios_%C3%93scar\\\"><em>Oscar<\\\/em><\\\/a>, los <a href=\\\"https:\\\/\\\/es.wikipedia.org\\\/wiki\\\/Premios_BAFTA\\\"><em>BAFTA<\\\/em><\\\/a> y los <a href=\\\"https:\\\/\\\/es.wikipedia.org\\\/wiki\\\/Premios_Emmy\\\"><em>Emmy<\\\/em><\\\/a>. Con Annabel Nugent, es copresentador de la popular serie de <em>IndyTV<\\\/em> <em>Binge or Bin<\\\/em>. <br><img class=\\\"wp-image-17924\\\" style=\\\"width: 95px\\\" src=\\\"https:\\\/\\\/elabrevaderojm.com\\\/wp-content\\\/uploads\\\/2024\\\/06\\\/quentin-t.jpg\\\" alt=\\\"\\\"> <img class=\\\"wp-image-17923\\\" style=\\\"width: 102px\\\" src=\\\"https:\\\/\\\/elabrevaderojm.com\\\/wp-content\\\/uploads\\\/2024\\\/06\\\/martin-s.jpeg\\\" alt=\\\"\\\"> <img class=\\\"wp-image-17922\\\" style=\\\"width: 135px\\\" src=\\\"https:\\\/\\\/elabrevaderojm.com\\\/wp-content\\\/uploads\\\/2024\\\/06\\\/annabel-nugent2.jpg\\\" alt=\\\"\\\">\"},{\"id\":\"753984ac-a24f-43c5-9f11-a0a69a09b03f\",\"content\":\"<strong>Dwight Twilley<\\\/strong> (6 de junio de 1951 \\u2013 18 de octubre de 2023) fue un cantante y compositor estadounidense de <em>pop\\\/rock<\\\/em>, mejor conocido por los sencillos <em>I'm on Fire<\\\/em> de 1975 y <em>Girls<\\\/em> de 1984. Su m\\u00fasica se asocia con el estilo <a href=\\\"https:\\\/\\\/es.wikipedia.org\\\/wiki\\\/Power_pop\\\"><em>power pop<\\\/em><\\\/a>. Twilley y <a href=\\\"https:\\\/\\\/es.wikipedia.org\\\/wiki\\\/Phil_Seymour\\\">Phil Seymour<\\\/a> actuaron como Dwight Twilley Band hasta 1978, y Twilley actu\\u00f3 como solista despu\\u00e9s.<br> <img class=\\\"wp-image-17960\\\" style=\\\"width: 100px\\\" src=\\\"https:\\\/\\\/elabrevaderojm.com\\\/wp-content\\\/uploads\\\/2024\\\/06\\\/phil-s-1.jpg\\\" alt=\\\"\\\">\"},{\"id\":\"b4838d00-fe7f-4fcd-9d62-06e1002a6b19\",\"content\":\"<strong>Kenneth Joseph Rankin<\\\/strong> (10 de febrero de 1940 - 7 de junio de 2009) fue un cantante y compositor estadounidense del <a href=\\\"https:\\\/\\\/es.wikipedia.org\\\/wiki\\\/Folk_rock\\\"><em>folk rock<\\\/em><\\\/a>, nacido en la ciudad de Nueva York.<a href=\\\"https:\\\/\\\/en.wikipedia.org\\\/wiki\\\/Jazz\\\"><\\\/a> Rankin a menudo cantaba notas en un rango alto para expresar emociones. Tres de sus \\u00e1lbumes entraron en la lista <a href=\\\"https:\\\/\\\/en.wikipedia.org\\\/wiki\\\/Billboard_200\\\"><em>Billboard 200<\\\/em><\\\/a>. La mayor parte de su carrera se desarroll\\u00f3 en la m\\u00fasica <em>pop<\\\/em>. <br><img class=\\\"wp-image-17967\\\" style=\\\"width: 100px\\\" src=\\\"https:\\\/\\\/elabrevaderojm.com\\\/wp-content\\\/uploads\\\/2024\\\/06\\\/kenny-r-1.jpg\\\" alt=\\\"\\\"> <img class=\\\"wp-image-17968\\\" style=\\\"width: 100px\\\" src=\\\"https:\\\/\\\/elabrevaderojm.com\\\/wp-content\\\/uploads\\\/2024\\\/06\\\/silver.-disco-1.jpg\\\" alt=\\\"\\\">\"}]","jetpack_publicize_message":"{title}\n\n{excerpt}\n\n{url}","jetpack_publicize_feature_enabled":true,"jetpack_social_post_already_shared":false,"jetpack_social_options":{"image_generator_settings":{"template":"highway","default_image_id":0,"font":"","enabled":false},"version":2},"_wpas_customize_per_network":false,"jetpack_post_was_ever_published":false},"categories":[12191453,122563111,770216206,185595],"tags":[772109015,5668115,48386738,1443680,10351205,27950,191188,572392,332175849,254505,185226,241921,298304,123914418,4010517,772109007,68487,10099772,6416783,348638,60944311,5772700,704305943,264403,16076059,479070,5034791,1114998,58702345,156225073,23804,661608,772109017,1141527,380737777,338650,68509,2766675,715280207,784597,838,9987767,102168148],"class_list":["post-17822","post","type-post","status-publish","format-standard","hentry","category-arte-en-la-historia","category-entretenimiento-musica","category-famosos-del-entretenimiento","category-muy-interesante","tag-2004-summer-tour","tag-album-blanco","tag-alistair-taylor","tag-apple-records","tag-back-in-the-world","tag-beyonce","tag-billy-preston","tag-blackbird","tag-blackbird-singing-poems-and-lyrics-1965-1999","tag-bobby-mcferrin","tag-brad-mehldau","tag-broken-wings","tag-charles-manson","tag-cosby-stills-nash","tag-david-grohl","tag-driving-world-tour","tag-er","tag-freshen-up","tag-gira-de-conciertos","tag-glee","tag-good-evening-europe-tour","tag-got-back","tag-hacer-giras","tag-helter-skelter","tag-james-paul-mccartney","tag-jose-feliciano","tag-kenny-rankin","tag-mr-mister","tag-on-the-run-tour","tag-out-there-tour","tag-paul-mccartney","tag-sarah-vaughan","tag-secret-tour-de-2007","tag-sgt-peppers-lonely-hearts-club-band","tag-summer-live-09","tag-the-us-tour","tag-the-beatles","tag-the-doves","tag-the-lyrics-1956-to-the-present","tag-white-album","tag-wings","tag-wings-over-america","tag-wings-over-the-world"],"featured_image_src":null,"author_info":{"display_name":"jmhernandezgonzalez","author_link":"https:\/\/elabrevaderojm.com\/en\/author\/jmhernandezgonzalez\/"},"jetpack_publicize_connections":[],"jetpack_likes_enabled":true,"jetpack_sharing_enabled":true,"jetpack_shortlink":"https:\/\/wp.me\/pap3D5-4Ds","jetpack-related-posts":[],"jetpack_featured_media_url":"","_links":{"self":[{"href":"https:\/\/elabrevaderojm.com\/en\/wp-json\/wp\/v2\/posts\/17822","targetHints":{"allow":["GET"]}}],"collection":[{"href":"https:\/\/elabrevaderojm.com\/en\/wp-json\/wp\/v2\/posts"}],"about":[{"href":"https:\/\/elabrevaderojm.com\/en\/wp-json\/wp\/v2\/types\/post"}],"author":[{"embeddable":true,"href":"https:\/\/elabrevaderojm.com\/en\/wp-json\/wp\/v2\/users\/147101633"}],"replies":[{"embeddable":true,"href":"https:\/\/elabrevaderojm.com\/en\/wp-json\/wp\/v2\/comments?post=17822"}],"version-history":[{"count":26,"href":"https:\/\/elabrevaderojm.com\/en\/wp-json\/wp\/v2\/posts\/17822\/revisions"}],"predecessor-version":[{"id":24099,"href":"https:\/\/elabrevaderojm.com\/en\/wp-json\/wp\/v2\/posts\/17822\/revisions\/24099"}],"wp:attachment":[{"href":"https:\/\/elabrevaderojm.com\/en\/wp-json\/wp\/v2\/media?parent=17822"}],"wp:term":[{"taxonomy":"category","embeddable":true,"href":"https:\/\/elabrevaderojm.com\/en\/wp-json\/wp\/v2\/categories?post=17822"},{"taxonomy":"post_tag","embeddable":true,"href":"https:\/\/elabrevaderojm.com\/en\/wp-json\/wp\/v2\/tags?post=17822"}],"curies":[{"name":"wp","href":"https:\/\/api.w.org\/{rel}","templated":true}]}}