{"id":2830,"date":"2020-12-12T12:18:42","date_gmt":"2020-12-12T17:18:42","guid":{"rendered":"http:\/\/elabrevaderojm.com\/?p=2830"},"modified":"2025-03-24T15:11:39","modified_gmt":"2025-03-24T19:11:39","slug":"40-anos-del-asesinato-de-john-lennon-la-muerte-del-talento-y-las-ideas-i-los-sucesos-del-fatidico-dia-4","status":"publish","type":"post","link":"https:\/\/elabrevaderojm.com\/en\/2020\/12\/12\/40-anos-del-asesinato-de-john-lennon-la-muerte-del-talento-y-las-ideas-i-los-sucesos-del-fatidico-dia-4\/","title":{"rendered":"40 a\u00f1os del asesinato de John Lennon: La muerte del talento y las ideas. I \u2013 Los sucesos del fat\u00eddico d\u00eda (4)."},"content":{"rendered":"\n<div class=\"wp-block-media-text alignwide is-stacked-on-mobile\" style=\"grid-template-columns:15% auto\"><figure class=\"wp-block-media-text__media\"><img data-recalc-dims=\"1\" loading=\"lazy\" decoding=\"async\" width=\"400\" height=\"553\" data-attachment-id=\"2836\" data-permalink=\"https:\/\/elabrevaderojm.com\/en\/lennon-66_opt-1\/\" data-orig-file=\"https:\/\/i0.wp.com\/elabrevaderojm.com\/wp-content\/uploads\/2020\/12\/lennon-66_opt-1.jpg?fit=400%2C553&amp;ssl=1\" data-orig-size=\"400,553\" data-comments-opened=\"1\" data-image-meta=\"{&quot;aperture&quot;:&quot;0&quot;,&quot;credit&quot;:&quot;&quot;,&quot;camera&quot;:&quot;&quot;,&quot;caption&quot;:&quot;&quot;,&quot;created_timestamp&quot;:&quot;0&quot;,&quot;copyright&quot;:&quot;&quot;,&quot;focal_length&quot;:&quot;0&quot;,&quot;iso&quot;:&quot;0&quot;,&quot;shutter_speed&quot;:&quot;0&quot;,&quot;title&quot;:&quot;&quot;,&quot;orientation&quot;:&quot;0&quot;}\" data-image-title=\"lennon-66_opt-1\" data-image-description=\"\" data-image-caption=\"\" data-large-file=\"https:\/\/i0.wp.com\/elabrevaderojm.com\/wp-content\/uploads\/2020\/12\/lennon-66_opt-1.jpg?fit=400%2C553&amp;ssl=1\" src=\"https:\/\/i0.wp.com\/elabrevaderojm.com\/wp-content\/uploads\/2020\/12\/lennon-66_opt-1.jpg?resize=400%2C553&#038;ssl=1\" alt=\"\" class=\"wp-image-2836 size-full\"\/><\/figure><div class=\"wp-block-media-text__content\">\n<p class=\"has-drop-cap has-text-align-justify wp-block-paragraph\" style=\"font-size:22px\">\u00abNo me importa mirar a la c\u00e1mara; es la gente la que me confunde\u00bb \u2014 <em>Mira<\/em>, 1966<\/p>\n<\/div><\/div>\n\n\n\n<p class=\"wp-block-paragraph\"><\/p>\n\n\n\n<p class=\"has-text-align-justify wp-block-paragraph\">Continuamos conectados al homenaje por el 40 aniversario del asesinato de John Lennon. Si te perdiste la entrega <strong>3<\/strong> de la parte <strong>I<\/strong>, puedes navegar por la p\u00e1gina y ponerte al d\u00eda, o puedes acceder con este enlace:<\/p>\n\n\n\n<figure class=\"wp-block-table has-literata-font-family\"><table class=\"has-pale-ocean-gradient-background has-background has-fixed-layout\" style=\"border-width:4px\"><tbody><tr><td><strong><mark style=\"background-color:rgba(0, 0, 0, 0);color:#f60909\" class=\"has-inline-color\">RELACIONADO:<\/mark><\/strong> <strong><a href=\"https:\/\/elabrevaderojm.com\/2020\/12\/10\/40-anos-del-asesinato-de-john-lennon-la-muerte-del-talento-y-las-ideas-i-los-sucesos-del-fatidico-dia-3\/\">40 a\u00f1os del asesinato de John Lennon: La muerte del talento y las ideas. I \u2013 Los sucesos del fat\u00eddico d\u00eda (3).<\/a><\/strong><\/td><\/tr><\/tbody><\/table><\/figure>\n\n\n\n<p class=\"has-text-align-justify wp-block-paragraph\">Mas, si has llegado ahora directamente a este art\u00edculo, te recomiendo que uses el enlace que te dejo debajo para ir al comienzo de este trabajo:<\/p>\n\n\n\n<figure class=\"wp-block-table has-literata-font-family\"><table class=\"has-pale-ocean-gradient-background has-background has-fixed-layout\" style=\"border-width:4px\"><tbody><tr><td><strong><mark style=\"background-color:rgba(0, 0, 0, 0);color:#f50707\" class=\"has-inline-color\">RELACIONADO<\/mark>: <a href=\"https:\/\/elabrevaderojm.com\/2020\/12\/08\/40-anos-del-asesinato-de-john-lennon-la-muerte-del-talento-y-las-ideas-i-los-sucesos-del-fatidico-dia-1\/\">40 a\u00f1os del asesinato de John Lennon: La muerte del talento y las ideas. I \u2013 Los sucesos del fat\u00eddico d\u00eda (1).<\/a><\/strong><\/td><\/tr><\/tbody><\/table><\/figure>\n\n\n\n<h3 class=\"wp-block-heading\"><strong>Weiss y el curso de la noticia<\/strong><\/h3>\n\n\n\n<p class=\"has-text-align-justify wp-block-paragraph\">Alan Weiss, un productor local de <a href=\"https:\/\/es.wikipedia.org\/wiki\/WABC-TV\">WABC-TV<\/a> a las 6 con Roger Grimsby y Bill Beutel, <strong>se encuentra en el hospital en emergencias<\/strong> debido a un accidente de motocicleta que tuvo en el <a href=\"https:\/\/es.wikipedia.org\/wiki\/Central_Park\">Parque Central<\/a> de <a href=\"https:\/\/es.wikipedia.org\/wiki\/Nueva_York\">Nueva York<\/a> temprano en la noche.<\/p>\n\n\n\n<figure class=\"wp-block-gallery has-nested-images columns-default is-cropped wp-block-gallery-1 is-layout-flex wp-block-gallery-is-layout-flex\">\n<figure class=\"wp-block-image size-large\"><img data-recalc-dims=\"1\" loading=\"lazy\" decoding=\"async\" width=\"214\" height=\"236\" data-attachment-id=\"2840\" data-permalink=\"https:\/\/elabrevaderojm.com\/en\/roger-1\/\" data-orig-file=\"https:\/\/i0.wp.com\/elabrevaderojm.com\/wp-content\/uploads\/2020\/12\/roger-1.jpg?fit=214%2C236&amp;ssl=1\" data-orig-size=\"214,236\" data-comments-opened=\"1\" data-image-meta=\"{&quot;aperture&quot;:&quot;0&quot;,&quot;credit&quot;:&quot;&quot;,&quot;camera&quot;:&quot;&quot;,&quot;caption&quot;:&quot;&quot;,&quot;created_timestamp&quot;:&quot;1607637319&quot;,&quot;copyright&quot;:&quot;&quot;,&quot;focal_length&quot;:&quot;0&quot;,&quot;iso&quot;:&quot;0&quot;,&quot;shutter_speed&quot;:&quot;0&quot;,&quot;title&quot;:&quot;&quot;,&quot;orientation&quot;:&quot;1&quot;}\" data-image-title=\"roger-1\" data-image-description=\"\" data-image-caption=\"\" data-large-file=\"https:\/\/i0.wp.com\/elabrevaderojm.com\/wp-content\/uploads\/2020\/12\/roger-1.jpg?fit=214%2C236&amp;ssl=1\" data-id=\"2840\" src=\"https:\/\/i0.wp.com\/elabrevaderojm.com\/wp-content\/uploads\/2020\/12\/roger-1.jpg?resize=214%2C236&#038;ssl=1\" alt=\"\" class=\"wp-image-2840\"\/><figcaption class=\"wp-element-caption\"><strong>Roger Grimsby <\/strong><\/figcaption><\/figure>\n\n\n\n<figure class=\"wp-block-image size-large\"><img data-recalc-dims=\"1\" loading=\"lazy\" decoding=\"async\" width=\"255\" height=\"225\" data-attachment-id=\"2837\" data-permalink=\"https:\/\/elabrevaderojm.com\/en\/billbeuttel\/\" data-orig-file=\"https:\/\/i0.wp.com\/elabrevaderojm.com\/wp-content\/uploads\/2020\/12\/billbeuttel.jpg?fit=255%2C225&amp;ssl=1\" data-orig-size=\"255,225\" data-comments-opened=\"1\" data-image-meta=\"{&quot;aperture&quot;:&quot;0&quot;,&quot;credit&quot;:&quot;&quot;,&quot;camera&quot;:&quot;&quot;,&quot;caption&quot;:&quot;&quot;,&quot;created_timestamp&quot;:&quot;1607637252&quot;,&quot;copyright&quot;:&quot;&quot;,&quot;focal_length&quot;:&quot;0&quot;,&quot;iso&quot;:&quot;0&quot;,&quot;shutter_speed&quot;:&quot;0&quot;,&quot;title&quot;:&quot;&quot;,&quot;orientation&quot;:&quot;1&quot;}\" data-image-title=\"billbeuttel\" data-image-description=\"\" data-image-caption=\"\" data-large-file=\"https:\/\/i0.wp.com\/elabrevaderojm.com\/wp-content\/uploads\/2020\/12\/billbeuttel.jpg?fit=255%2C225&amp;ssl=1\" data-id=\"2837\" src=\"https:\/\/i0.wp.com\/elabrevaderojm.com\/wp-content\/uploads\/2020\/12\/billbeuttel.jpg?resize=255%2C225&#038;ssl=1\" alt=\"\" class=\"wp-image-2837\"\/><figcaption class=\"wp-element-caption\"><strong>Bill Beutel<\/strong><\/figcaption><\/figure>\n<\/figure>\n\n\n\n<p class=\"has-text-align-justify wp-block-paragraph\">\u00abLa puerta se abri\u00f3 y seis polic\u00edas, creo que eran cuatro o seis, entraron con una camilla que halaban. Y van al mismo cuarto afuera del cual me tienen acostado\u00bb.<\/p>\n\n\n\n<p class=\"has-text-align-justify wp-block-paragraph\">Dos de los polic\u00edas salen del cuarto y se paran junto la camilla de Weiss; uno le dice al otro: \u201c<strong>Jes\u00fas, \u00bfpuedes creerlo? \u00bfJohn Lennon?<\/strong>\u201d.<\/p>\n\n\n\n<p class=\"has-text-align-justify wp-block-paragraph\">Weiss rememoraba: \u00abEscuch\u00e9 llanto. Tuerzo la cabeza, y <strong>ah\u00ed est\u00e1 Yoko<\/strong> con un abrigo de vis\u00f3n de cuerpo entero en los brazos de un oficial de polic\u00eda con camisa de cuero, hist\u00e9rica\u00bb.<\/p>\n\n\n\n<p class=\"has-text-align-justify wp-block-paragraph\">Un conserje est\u00e1 barriendo el piso. Weiss lo llama y le dice: \u00abMira, hazme un favor. Aqu\u00ed est\u00e1 mi tarjeta de prensa, aqu\u00ed hay 20 d\u00f3lares. Llama a este n\u00famero, pregunta por Neil, dile que Alan est\u00e1 en el hospital y <strong>creo que le dispararon a John Lennon<\/strong>\u00bb.<\/p>\n\n\n\n<p class=\"has-text-align-justify wp-block-paragraph\">El hombre acuerda hacerlo, <strong>pero a los cinco minutos aparece alguien<\/strong> que le dice al periodista: \u00abSe\u00f1or Weiss, el personal no permite hacer llamadas telef\u00f3nicas personales\u00bb.<\/p>\n\n\n\n<p class=\"has-text-align-justify wp-block-paragraph\">Weiss reintenta: \u00abSe\u00f1or\u00bb. Mas el reci\u00e9n aparecido riposta: \u00abSe\u00f1or Weiss, \u00bfpodr\u00eda callarse, por favor? <strong>Tenemos una situaci\u00f3n aqu\u00ed<\/strong>, y no se le puede pedir al personal que haga nada\u00bb.<\/p>\n\n\n\n<div class=\"wp-block-media-text alignwide has-media-on-the-right is-stacked-on-mobile\" style=\"grid-template-columns:auto 38%\"><div class=\"wp-block-media-text__content\">\n<p class=\"has-text-align-justify wp-block-paragraph\">Weiss (en la foto, ayer y hoy) se levanta \u2014apenas puede caminar\u2014, pero logra bajarse de la camilla. Ve un tel\u00e9fono p\u00fablico tras la puerta y, cuando el periodista la est\u00e1 abriendo, <strong>una fuerte garra lo atrapa por el b\u00edceps<\/strong>. Es un guardia de seguridad que le pregunta: \u00ab\u00bfAd\u00f3nde vas?\u00bb Con humildad, Weiss contesta: \u00abSolo quiero hacer una llamada telef\u00f3nica\u00bb.<\/p>\n<\/div><figure class=\"wp-block-media-text__media\"><img data-recalc-dims=\"1\" loading=\"lazy\" decoding=\"async\" width=\"267\" height=\"150\" data-attachment-id=\"2843\" data-permalink=\"https:\/\/elabrevaderojm.com\/en\/alan-weiss_combo-16x9-1_opt\/\" data-orig-file=\"https:\/\/i0.wp.com\/elabrevaderojm.com\/wp-content\/uploads\/2020\/12\/alan-weiss_combo-16x9-1_opt.jpg?fit=267%2C150&amp;ssl=1\" data-orig-size=\"267,150\" data-comments-opened=\"1\" data-image-meta=\"{&quot;aperture&quot;:&quot;0&quot;,&quot;credit&quot;:&quot;&quot;,&quot;camera&quot;:&quot;&quot;,&quot;caption&quot;:&quot;&quot;,&quot;created_timestamp&quot;:&quot;0&quot;,&quot;copyright&quot;:&quot;&quot;,&quot;focal_length&quot;:&quot;0&quot;,&quot;iso&quot;:&quot;0&quot;,&quot;shutter_speed&quot;:&quot;0&quot;,&quot;title&quot;:&quot;&quot;,&quot;orientation&quot;:&quot;0&quot;}\" data-image-title=\"alan-weiss_combo-16&amp;#215;9-1_opt\" data-image-description=\"\" data-image-caption=\"\" data-large-file=\"https:\/\/i0.wp.com\/elabrevaderojm.com\/wp-content\/uploads\/2020\/12\/alan-weiss_combo-16x9-1_opt.jpg?fit=267%2C150&amp;ssl=1\" src=\"https:\/\/i0.wp.com\/elabrevaderojm.com\/wp-content\/uploads\/2020\/12\/alan-weiss_combo-16x9-1_opt.jpg?resize=267%2C150&#038;ssl=1\" alt=\"\" class=\"wp-image-2843 size-full\"\/><\/figure><\/div>\n\n\n\n<p class=\"wp-block-paragraph\">\u00abNo puedes\u00bb, le espeta el oficial.<\/p>\n\n\n\n<p class=\"has-text-align-justify wp-block-paragraph\">Weiss rememora: \u00abUno de los polic\u00edas que me trajo milagrosamente llega. Le pregunto: \u00abHazme un favor. \u00bfPuedo hacer una llamada?\u00bb<\/p>\n\n\n\n<p class=\"has-text-align-justify wp-block-paragraph\">En una entrevista, Weiss declar\u00f3: \u00abHab\u00eda esta dualidad entre intentar ser profesional, y este adolescente, a\u00fan dentro de m\u00ed, <strong>que adoraba e idolatraba a este hombre<\/strong> (Lennon). Fue muy dif\u00edcil\u00bb.&nbsp;<\/p>\n\n\n\n<p class=\"has-text-align-justify wp-block-paragraph\">El polic\u00eda saca el tel\u00e9fono del puesto de enfermer\u00eda y se lo pasa a Weiss, quien llama a Neil Goldstein.<\/p>\n\n\n\n<p class=\"wp-block-paragraph\">\u00abNeil, <strong>creo que le dispararon a John Lennon<\/strong>\u00bb, dice el periodista.<\/p>\n\n\n\n<p class=\"has-text-align-justify wp-block-paragraph\">Weiss recuerda: \u00abRegres\u00e9 a la camilla, y al mirar dentro de la habitaci\u00f3n, <strong>veo a John Lennon desnudo<\/strong>, acostado sobre su espalda, sus pies est\u00e1n apunt\u00e1ndome, y hab\u00eda como diez personas en la habitaci\u00f3n. <strong>Ten\u00eda sangre en el pecho<\/strong>\u00bb.<\/p>\n\n\n\n<p class=\"has-text-align-justify wp-block-paragraph\">La puerta se abre y todos los guardias de seguridad vienen volando: \u00ab\u00bfEres Weiss? Acu\u00e9state\u00bb.<\/p>\n\n\n\n<p class=\"wp-block-paragraph\">En la camilla, <strong>los polic\u00edas sacan al periodista<\/strong> de la sala de emergencias.<\/p>\n\n\n\n<p class=\"has-text-align-justify wp-block-paragraph\">Weiss recuerda: \u00abAlrededor de las 11:05, 11:10, el <a href=\"https:\/\/es.wikipedia.org\/wiki\/Muzak\"><em>Muzak<\/em><\/a> que suena en el hospital toca <em><a href=\"https:\/\/es.wikipedia.org\/wiki\/All_My_Loving\">All My Loving<\/a><\/em> de <a href=\"https:\/\/es.wikipedia.org\/wiki\/The_Beatles\">los Beatles<\/a>. <strong>Fue una coincidencia espeluznante<\/strong>\u00bb.<\/p>\n\n\n\n<p class=\"has-text-align-justify wp-block-paragraph\">\u00abAlrededor de un minuto o dos despu\u00e9s de eso, oigo un grito: \u201cNo, no. Oh, no, no\u201d. Una voz de mujer. No pude ver qui\u00e9n era, <strong>pero me lo dijeron: Yoko Ono<\/strong>\u00bb.<\/p>\n\n\n\n<h3 class=\"wp-block-heading\"><strong>La bola de nieve que crece y arrastra gente<\/strong><\/h3>\n\n\n\n<p class=\"wp-block-paragraph\">Neil llama a <a href=\"https:\/\/es.wikipedia.org\/wiki\/American_Broadcasting_Company\">ABC Network<\/a>.<\/p>\n\n\n\n<p class=\"has-text-align-justify wp-block-paragraph\"><a href=\"https:\/\/es.wikipedia.org\/wiki\/ABC_News\">ABC News<\/a> llama a Howard Cosell, quien est\u00e1 en el aire haciendo <em>Monday Night Football<\/em>, que esta noche transmite un importante juego de <a href=\"https:\/\/es.wikipedia.org\/wiki\/F%C3%BAtbol_americano\">f\u00fatbol americano profesional<\/a> entre los <a href=\"https:\/\/es.wikipedia.org\/wiki\/New_England_Patriots\"><em>Patriots<\/em> de Nueva Inglaterra<\/a> y los <a href=\"https:\/\/es.wikipedia.org\/wiki\/Miami_Dolphins\"><em>Dolphins<\/em> de Miami<\/a>.<\/p>\n\n\n\n<p class=\"has-text-align-justify wp-block-paragraph\"><a href=\"https:\/\/es.wikipedia.org\/wiki\/Frank_Gifford\">Frank Gifford<\/a>, coanunciador del juego, rememora: \u00abEst\u00e1bamos en <a href=\"https:\/\/es.wikipedia.org\/wiki\/Miami\">Miami<\/a>. Yo estaba narrando jugada por jugada en ese momento. Pod\u00eda o\u00edr a Cosell hablando con el productor del cami\u00f3n\u00bb.<\/p>\n\n\n\n<figure class=\"wp-block-gallery has-nested-images columns-default is-cropped wp-block-gallery-2 is-layout-flex wp-block-gallery-is-layout-flex\">\n<figure class=\"wp-block-image size-large\"><img data-recalc-dims=\"1\" loading=\"lazy\" decoding=\"async\" width=\"265\" height=\"413\" data-attachment-id=\"13387\" data-permalink=\"https:\/\/elabrevaderojm.com\/en\/2020\/12\/12\/40-anos-del-asesinato-de-john-lennon-la-muerte-del-talento-y-las-ideas-i-los-sucesos-del-fatidico-dia-4\/howard-c-1\/\" data-orig-file=\"https:\/\/i0.wp.com\/elabrevaderojm.com\/wp-content\/uploads\/2020\/12\/howard-c-1.jpg?fit=265%2C413&amp;ssl=1\" data-orig-size=\"265,413\" data-comments-opened=\"1\" data-image-meta=\"{&quot;aperture&quot;:&quot;0&quot;,&quot;credit&quot;:&quot;&quot;,&quot;camera&quot;:&quot;&quot;,&quot;caption&quot;:&quot;&quot;,&quot;created_timestamp&quot;:&quot;0&quot;,&quot;copyright&quot;:&quot;&quot;,&quot;focal_length&quot;:&quot;0&quot;,&quot;iso&quot;:&quot;0&quot;,&quot;shutter_speed&quot;:&quot;0&quot;,&quot;title&quot;:&quot;&quot;,&quot;orientation&quot;:&quot;1&quot;}\" data-image-title=\"howard c 1\" data-image-description=\"\" data-image-caption=\"\" data-large-file=\"https:\/\/i0.wp.com\/elabrevaderojm.com\/wp-content\/uploads\/2020\/12\/howard-c-1.jpg?fit=265%2C413&amp;ssl=1\" data-id=\"13387\" src=\"https:\/\/i0.wp.com\/elabrevaderojm.com\/wp-content\/uploads\/2020\/12\/howard-c-1.jpg?resize=265%2C413&#038;ssl=1\" alt=\"\" class=\"wp-image-13387\"\/><figcaption class=\"wp-element-caption\"><strong>Cosell<\/strong><\/figcaption><\/figure>\n\n\n\n<figure class=\"wp-block-image size-large\"><img data-recalc-dims=\"1\" loading=\"lazy\" decoding=\"async\" width=\"239\" height=\"316\" data-attachment-id=\"13386\" data-permalink=\"https:\/\/elabrevaderojm.com\/en\/2020\/12\/12\/40-anos-del-asesinato-de-john-lennon-la-muerte-del-talento-y-las-ideas-i-los-sucesos-del-fatidico-dia-4\/frank-gifford-1\/\" data-orig-file=\"https:\/\/i0.wp.com\/elabrevaderojm.com\/wp-content\/uploads\/2020\/12\/frank-gifford-1.jpg?fit=239%2C316&amp;ssl=1\" data-orig-size=\"239,316\" data-comments-opened=\"1\" data-image-meta=\"{&quot;aperture&quot;:&quot;0&quot;,&quot;credit&quot;:&quot;Tony Triolo&quot;,&quot;camera&quot;:&quot;&quot;,&quot;caption&quot;:&quot;UNITED STATES - OCTOBER 06:  Football: Media, Closeup portrait of Monday Night Football announcer Frank Gifford, Cleveland, OH 10\/6\/1971  (Photo by Tony Triolo\/Sports Illustrated\/Getty Images)  (SetNumber: X16230 TK1 R2 F2)&quot;,&quot;created_timestamp&quot;:&quot;0&quot;,&quot;copyright&quot;:&quot;&quot;,&quot;focal_length&quot;:&quot;0&quot;,&quot;iso&quot;:&quot;0&quot;,&quot;shutter_speed&quot;:&quot;0&quot;,&quot;title&quot;:&quot;&quot;,&quot;orientation&quot;:&quot;1&quot;}\" data-image-title=\"frank-gifford 1\" data-image-description=\"\" data-image-caption=\"&lt;p&gt;UNITED STATES &amp;#8211; OCTOBER 06:  Football: Media, Closeup portrait of Monday Night Football announcer Frank Gifford, Cleveland, OH 10\/6\/1971  (Photo by Tony Triolo\/Sports Illustrated\/Getty Images)  (SetNumber: X16230 TK1 R2 F2)&lt;\/p&gt;\n\" data-large-file=\"https:\/\/i0.wp.com\/elabrevaderojm.com\/wp-content\/uploads\/2020\/12\/frank-gifford-1.jpg?fit=239%2C316&amp;ssl=1\" data-id=\"13386\" src=\"https:\/\/i0.wp.com\/elabrevaderojm.com\/wp-content\/uploads\/2020\/12\/frank-gifford-1.jpg?resize=239%2C316&#038;ssl=1\" alt=\"\" class=\"wp-image-13386\"\/><figcaption class=\"wp-element-caption\"><strong>Gifford<\/strong><\/figcaption><\/figure>\n<\/figure>\n\n\n\n<p class=\"has-text-align-justify wp-block-paragraph\">\u00ab<strong>Sab\u00eda que algo grande estaba pasando<\/strong>. Me di cuenta por la intensidad de Howard, quien no le estaba prestando atenci\u00f3n al juego\u00bb.<\/p>\n\n\n\n<p class=\"has-text-align-justify wp-block-paragraph\">La transmisi\u00f3n se va a comerciales. Cosell le pregunta a Howard: \u00ab\u00bfQu\u00e9 diablos est\u00e1 pasando?\u00bb. Y este responde: \u00abAcaban de dispararle a John Lennon\u00bb.<\/p>\n\n\n\n<p class=\"has-text-align-justify wp-block-paragraph\">\u00abMe dijo: \u201cLo tomar\u00e9 desde aqu\u00ed, Gifford. Vamos a anunciar esto\u201d, o algo por el estilo. Y yo le dije: \u00abMierda, nosotros tampoco lo haremos. Vamos a recibir confirmaci\u00f3n de Nueva York\u00bb.<\/p>\n\n\n\n<div class=\"wp-block-media-text alignwide has-media-on-the-right is-stacked-on-mobile\" style=\"grid-template-columns:auto 16%\"><div class=\"wp-block-media-text__content\">\n<p class=\"has-text-align-justify has-normal-font-size wp-block-paragraph\">Bob Goodrich, productor del mismo programa, evocaba: \u00abABC informa que <strong>le hab\u00edan disparado a John Lennon<\/strong>, y que este hab\u00eda muerto camino al hospital. Le devolv\u00ed la llamada a ABC, pidi\u00e9ndoles confirmaci\u00f3n del hecho, tras lo cual yo sabr\u00eda qu\u00e9 hacer, que era llamar a mi jefe <a href=\"https:\/\/es.wikipedia.org\/wiki\/Roone_Arledge\">Roone Arledge<\/a>\u00bb.<\/p>\n<\/div><figure class=\"wp-block-media-text__media\"><img data-recalc-dims=\"1\" loading=\"lazy\" decoding=\"async\" width=\"317\" height=\"380\" data-attachment-id=\"2853\" data-permalink=\"https:\/\/elabrevaderojm.com\/en\/bob-goodrich2\/\" data-orig-file=\"https:\/\/i0.wp.com\/elabrevaderojm.com\/wp-content\/uploads\/2020\/12\/bob-goodrich2.jpg?fit=317%2C380&amp;ssl=1\" data-orig-size=\"317,380\" data-comments-opened=\"1\" data-image-meta=\"{&quot;aperture&quot;:&quot;0&quot;,&quot;credit&quot;:&quot;&quot;,&quot;camera&quot;:&quot;&quot;,&quot;caption&quot;:&quot;&quot;,&quot;created_timestamp&quot;:&quot;1607640802&quot;,&quot;copyright&quot;:&quot;&quot;,&quot;focal_length&quot;:&quot;0&quot;,&quot;iso&quot;:&quot;0&quot;,&quot;shutter_speed&quot;:&quot;0&quot;,&quot;title&quot;:&quot;&quot;,&quot;orientation&quot;:&quot;1&quot;}\" data-image-title=\"bob-goodrich2\" data-image-description=\"\" data-image-caption=\"\" data-large-file=\"https:\/\/i0.wp.com\/elabrevaderojm.com\/wp-content\/uploads\/2020\/12\/bob-goodrich2.jpg?fit=317%2C380&amp;ssl=1\" src=\"https:\/\/i0.wp.com\/elabrevaderojm.com\/wp-content\/uploads\/2020\/12\/bob-goodrich2.jpg?resize=317%2C380&#038;ssl=1\" alt=\"\" class=\"wp-image-2853 size-full\"\/><\/figure><\/div>\n\n\n\n<p class=\"has-text-align-justify wp-block-paragraph\">Finalmente, la noticia llega a o\u00eddos del presidente de <a href=\"https:\/\/es.wikipedia.org\/wiki\/ABC_News\">ABC News<\/a>, quien busca la manera de llevar este gran acontecimiento a la audiencia.<\/p>\n\n\n\n<div class=\"wp-block-media-text alignwide is-stacked-on-mobile\" style=\"grid-template-columns:21% auto\"><figure class=\"wp-block-media-text__media\"><img data-recalc-dims=\"1\" loading=\"lazy\" decoding=\"async\" width=\"267\" height=\"221\" data-attachment-id=\"2855\" data-permalink=\"https:\/\/elabrevaderojm.com\/en\/roone-arledge-183f1238-7739-46da-9c3c-85a864419c5-resize-750_opt\/\" data-orig-file=\"https:\/\/i0.wp.com\/elabrevaderojm.com\/wp-content\/uploads\/2020\/12\/roone-arledge-183f1238-7739-46da-9c3c-85a864419c5-resize-750_opt.jpg?fit=267%2C221&amp;ssl=1\" data-orig-size=\"267,221\" data-comments-opened=\"1\" data-image-meta=\"{&quot;aperture&quot;:&quot;0&quot;,&quot;credit&quot;:&quot;&quot;,&quot;camera&quot;:&quot;&quot;,&quot;caption&quot;:&quot;&quot;,&quot;created_timestamp&quot;:&quot;1607769807&quot;,&quot;copyright&quot;:&quot;&quot;,&quot;focal_length&quot;:&quot;0&quot;,&quot;iso&quot;:&quot;0&quot;,&quot;shutter_speed&quot;:&quot;0&quot;,&quot;title&quot;:&quot;&quot;,&quot;orientation&quot;:&quot;1&quot;}\" data-image-title=\"roone-arledge-183f1238-7739-46da-9c3c-85a864419c5-resize-750_opt\" data-image-description=\"\" data-image-caption=\"\" data-large-file=\"https:\/\/i0.wp.com\/elabrevaderojm.com\/wp-content\/uploads\/2020\/12\/roone-arledge-183f1238-7739-46da-9c3c-85a864419c5-resize-750_opt.jpg?fit=267%2C221&amp;ssl=1\" src=\"https:\/\/i0.wp.com\/elabrevaderojm.com\/wp-content\/uploads\/2020\/12\/roone-arledge-183f1238-7739-46da-9c3c-85a864419c5-resize-750_opt.jpg?resize=267%2C221&#038;ssl=1\" alt=\"\" class=\"wp-image-2855 size-full\"\/><\/figure><div class=\"wp-block-media-text__content\">\n<p class=\"has-text-align-justify wp-block-paragraph\">Arledge es tambi\u00e9n el presidente de la <a href=\"https:\/\/es.wikipedia.org\/wiki\/ESPN_on_ABC\">divisi\u00f3n deportiva de la cadena<\/a>, y preside la transmisi\u00f3n de esta noche en calidad de productor ejecutivo. Cuando <strong>recibe la noticia de la muerte de Lennon<\/strong>, el partido est\u00e1 empatado con menos de un minuto en el cuarto final y los <em>Patriots<\/em> est\u00e1n a punto de lograr la victoria.<\/p>\n<\/div><\/div>\n\n\n\n<p class=\"has-text-align-justify wp-block-paragraph\">Mientras los <em>Patriots<\/em> est\u00e1n coloc\u00e1ndose en posici\u00f3n para un <a href=\"https:\/\/es.wikipedia.org\/wiki\/Field_goal\">gol de campo<\/a>, Arledge <strong>le informa<\/strong> a Gifford y <a href=\"https:\/\/es.wikipedia.org\/wiki\/Howard_Cosell\">Howard Cosell<\/a> <strong>del<\/strong> <strong>tiroteo<\/strong> y sugiere que sean ellos los que informen sobre el asesinato.<\/p>\n\n\n\n<p class=\"has-text-align-justify wp-block-paragraph\">Bob lo recuerda as\u00ed: \u00abRoone me dijo qu\u00e9 deb\u00eda hacer y c\u00f3mo. Deb\u00eda ser muy cuidadoso en c\u00f3mo darle la noticia a Howard, <strong>porque \u00e9l era amigo de John Lennon<\/strong>, y podr\u00eda molestarse. Y se molest\u00f3\u00bb.&nbsp;<\/p>\n\n\n\n<div class=\"wp-block-media-text alignwide is-stacked-on-mobile\" style=\"grid-template-columns:19% auto\"><figure class=\"wp-block-media-text__media\"><img data-recalc-dims=\"1\" loading=\"lazy\" decoding=\"async\" width=\"150\" height=\"150\" data-attachment-id=\"2858\" data-permalink=\"https:\/\/elabrevaderojm.com\/en\/howard-cosell_opt\/\" data-orig-file=\"https:\/\/i0.wp.com\/elabrevaderojm.com\/wp-content\/uploads\/2020\/12\/howard-cosell_opt.png?fit=150%2C150&amp;ssl=1\" data-orig-size=\"150,150\" data-comments-opened=\"1\" data-image-meta=\"{&quot;aperture&quot;:&quot;0&quot;,&quot;credit&quot;:&quot;&quot;,&quot;camera&quot;:&quot;&quot;,&quot;caption&quot;:&quot;&quot;,&quot;created_timestamp&quot;:&quot;0&quot;,&quot;copyright&quot;:&quot;&quot;,&quot;focal_length&quot;:&quot;0&quot;,&quot;iso&quot;:&quot;0&quot;,&quot;shutter_speed&quot;:&quot;0&quot;,&quot;title&quot;:&quot;&quot;,&quot;orientation&quot;:&quot;0&quot;}\" data-image-title=\"howard-cosell_opt\" data-image-description=\"\" data-image-caption=\"\" data-large-file=\"https:\/\/i0.wp.com\/elabrevaderojm.com\/wp-content\/uploads\/2020\/12\/howard-cosell_opt.png?fit=150%2C150&amp;ssl=1\" src=\"https:\/\/i0.wp.com\/elabrevaderojm.com\/wp-content\/uploads\/2020\/12\/howard-cosell_opt.png?resize=150%2C150&#038;ssl=1\" alt=\"\" class=\"wp-image-2858 size-full\"\/><\/figure><div class=\"wp-block-media-text__content\">\n<p class=\"has-text-align-justify wp-block-paragraph\"><strong>Cosell<\/strong> (en la foto), quien hab\u00eda entrevistado a Lennon durante una transmisi\u00f3n de <a href=\"https:\/\/es.wikipedia.org\/wiki\/Monday_Night_Football\"><em>Monday<\/em> <em>Night Football<\/em><\/a> en 1974, es el elegido para hacerlo, pero se <strong>muestra aprensivo de ello al principio<\/strong>, ya que piensa que el juego debe tener prioridad y \u00e9l no es quien para dar a conocer una historia tan grande.<\/p>\n<\/div><\/div>\n\n\n\n<figure class=\"wp-block-embed is-type-video is-provider-youtube wp-block-embed-youtube wp-embed-aspect-16-9 wp-has-aspect-ratio\"><div class=\"wp-block-embed__wrapper\">\n<div class=\"jetpack-video-wrapper\"><span class=\"embed-youtube\" style=\"text-align:center; display: block;\"><iframe loading=\"lazy\" class=\"youtube-player\" width=\"640\" height=\"360\" src=\"https:\/\/www.youtube.com\/embed\/LT8htQ4m9bk?version=3&#038;rel=1&#038;showsearch=0&#038;showinfo=1&#038;iv_load_policy=1&#038;fs=1&#038;hl=en-US&#038;autohide=2&#038;wmode=transparent\" allowfullscreen=\"true\" style=\"border:0;\" sandbox=\"allow-scripts allow-same-origin allow-popups allow-presentation allow-popups-to-escape-sandbox\"><\/iframe><\/span><\/div>\n<\/div><figcaption class=\"wp-element-caption\"><span style=\"color:#101010\" class=\"has-inline-color\"><strong>La primera entrevista fue en octubre de 1974 cuando Lennon se uni\u00f3 al comentarista en su programa de radio, <em>Speaking of Everything<\/em>. Esa transmisi\u00f3n dur\u00f3 unos 30 minutos y en ella los dos hombres discutieron de todo, desde la m\u00fasica hasta la cultura, pasando por los problemas de inmigraci\u00f3n de Lennon en ese momento. La segunda entrevista fue mucho m\u00e1s corta, una conversaci\u00f3n casual m\u00e1s tarde ese a\u00f1o durante un partido de <em>Monday Night Football<\/em> en diciembre. Ahora, casi exactamente seis a\u00f1os despu\u00e9s, Cosell ten\u00eda que decirles a los espectadores que Lennon se hab\u00eda ido.<\/strong><\/span><\/figcaption><\/figure>\n\n\n\n<p class=\"has-text-align-justify wp-block-paragraph\">A menos de un minuto de terminarse el receso, <strong>Cosell no sabe qu\u00e9 hacer<\/strong>. En la cabina, con micr\u00f3fono cerrado, tiene este intercambio con Gifford:<\/p>\n\n\n\n<figure style=\"font-size:17px\" class=\"wp-block-table\"><table class=\"has-text-color has-background\" style=\"color:#160f50;background:linear-gradient(135deg,rgb(254,205,165) 26%,rgb(254,45,45) 77%,rgb(107,0,62) 100%)\"><tbody><tr><td><strong>Cosell:<\/strong> Le dispararon a la llegada a su apartamento, en el edificio Dakota.<br><strong>Gifford:<\/strong> <em>Oh, boy<\/em>.<br><strong>Cosell:<\/strong> Muchachos, no s\u00e9. Quisiera o\u00edr sus opiniones. No veo que la situaci\u00f3n de este juego se preste para dar una noticia de \u00faltima hora. \u00bfUstedes s\u00ed?<br><strong>Gifford:<\/strong> Absolutamente. Yo s\u00ed.<br><strong>Cosell:<\/strong> \u00bfT\u00fa s\u00ed?<br><strong>Gifford:<\/strong> Puedes apostarle a ello. Tienes que hacerlo. Si lo sabemos, tenemos que hacerlo.<br><strong>Cosell:<\/strong> De acuerdo.<br><strong>Gifford:<\/strong> No lo aguantes. Es un momento tr\u00e1gico que va a estremecer al mundo entero.<br><strong>Cosell:<\/strong> Muy bien. Lo har\u00e9. Dejemos que Giff narre esta jugada y entonces lo har\u00e9.<\/td><\/tr><\/tbody><\/table><\/figure>\n\n\n\n<p class=\"has-text-align-justify wp-block-paragraph\">Gifford convence a Cosell, cuando le dice que no deb\u00eda \u00abaguantarla (la noticia)\u00bb, ya que <strong>la importancia de ese anuncio era mucho mayor que el final del juego<\/strong>.<\/p>\n\n\n\n<p class=\"has-text-align-justify wp-block-paragraph\">M\u00e1s tarde, en el programa de <a href=\"https:\/\/es.wikipedia.org\/wiki\/ESPN\">ESPN<\/a> <em>Outside the Lines,<\/em> Gifford record\u00f3: \u00abPienso que lo manej\u00f3 extraordinariamente bien. Con honestidad, estaba tan preocupado que <strong>tal vez hubi\u00e9ramos hecho algo incorrecto<\/strong>. Pero, como se sabe, no\u00bb.<\/p>\n\n\n\n<div class=\"wp-block-media-text alignwide has-media-on-the-right is-stacked-on-mobile is-vertically-aligned-top\" style=\"grid-template-columns:auto 35%\"><div class=\"wp-block-media-text__content\">\n<p class=\"has-text-align-justify wp-block-paragraph\" style=\"font-size:15px\">D\u00e9cadas m\u00e1s tarde, <a href=\"https:\/\/es.wikipedia.org\/wiki\/Dan_Patrick\">Dan Patrick<\/a> (en la foto), una expersonalidad de ESPN, destac\u00f3 en su programa <em>The Dan Patrick Show<\/em>, c\u00f3mo Gifford emplaz\u00f3 a Cosell para no retener a noticia: \u00abPuedes escuchar a Frank Gifford, para que en caso de que Cosell no quisiera hacerlo, c\u00f3mo <strong>lo arrincona al decir que deb\u00edan dar la noticia<\/strong>, sin importar cu\u00e1l fuera la situaci\u00f3n en el juego\u00bb.<\/p>\n<\/div><figure class=\"wp-block-media-text__media\"><img data-recalc-dims=\"1\" loading=\"lazy\" decoding=\"async\" width=\"200\" height=\"113\" data-attachment-id=\"2865\" data-permalink=\"https:\/\/elabrevaderojm.com\/en\/dan-patrick_opt\/\" data-orig-file=\"https:\/\/i0.wp.com\/elabrevaderojm.com\/wp-content\/uploads\/2020\/12\/dan-patrick_opt.jpg?fit=200%2C113&amp;ssl=1\" data-orig-size=\"200,113\" data-comments-opened=\"1\" data-image-meta=\"{&quot;aperture&quot;:&quot;0&quot;,&quot;credit&quot;:&quot;&quot;,&quot;camera&quot;:&quot;&quot;,&quot;caption&quot;:&quot;&quot;,&quot;created_timestamp&quot;:&quot;0&quot;,&quot;copyright&quot;:&quot;&quot;,&quot;focal_length&quot;:&quot;0&quot;,&quot;iso&quot;:&quot;0&quot;,&quot;shutter_speed&quot;:&quot;0&quot;,&quot;title&quot;:&quot;&quot;,&quot;orientation&quot;:&quot;0&quot;}\" data-image-title=\"dan-patrick_opt\" data-image-description=\"\" data-image-caption=\"\" data-large-file=\"https:\/\/i0.wp.com\/elabrevaderojm.com\/wp-content\/uploads\/2020\/12\/dan-patrick_opt.jpg?fit=200%2C113&amp;ssl=1\" src=\"https:\/\/i0.wp.com\/elabrevaderojm.com\/wp-content\/uploads\/2020\/12\/dan-patrick_opt.jpg?resize=200%2C113&#038;ssl=1\" alt=\"\" class=\"wp-image-2865 size-full\"\/><\/figure><\/div>\n\n\n\n<h3 class=\"wp-block-heading\"><strong>Revienta la noticia<\/strong><\/h3>\n\n\n\n<p class=\"has-text-align-justify wp-block-paragraph\">Cuando el contador de la pantalla marca 3 segundos para reiniciar el partido, <strong>sobreviene el anuncio de esta manera<\/strong>:<\/p>\n\n\n\n<figure style=\"font-size:17px\" class=\"wp-block-table\"><table class=\"has-text-color has-background\" style=\"color:#430d43;background:linear-gradient(135deg,rgb(254,205,165) 33%,rgb(254,45,45) 68%,rgb(107,0,62) 100%)\"><tbody><tr><td><strong>Gifford<\/strong>: Se ha pedido un tiempo de consulta a tres segundos del final; <a href=\"https:\/\/en.wikipedia.org\/wiki\/John_Smith_(American_football)\">John Smith<\/a> est\u00e1 en la l\u00ednea. Y no me importa lo que est\u00e9 en juego, Howard, tienes que decir lo que sabemos en la cabina.<br><strong>Cosell<\/strong>: S\u00ed, tenemos que decirlo. Recuerden que esto es solo un partido de f\u00fatbol, no importa qui\u00e9n gane o pierda. <strong>Una tragedia indescriptible<\/strong> que nos confirm\u00f3 ABC News en Nueva York: John Lennon, en las afueras de su edificio de apartamentos en el West Side de la ciudad de Nueva York, el m\u00e1s famoso, tal vez, de todos los Beatles, recibi\u00f3 dos disparos por la espalda, lo llevaron corriendo al Hospital Roosevelt, muri\u00f3 a su llegada. Dif\u00edcil volver al juego despu\u00e9s de esa \u00faltima noticia, lo que, obligados por el deber, tenemos que hacer. \u00bfFrank?<br><strong>Gifford<\/strong>: (despu\u00e9s de una pausa) De hecho, lo es.<\/td><\/tr><\/tbody><\/table><\/figure>\n\n\n\n<p class=\"has-text-align-justify wp-block-paragraph\">Veinte minutos despu\u00e9s, el <strong>doctor Lynn hizo el anuncio oficial frente a la prensa<\/strong>.<\/p>\n\n\n\n<div class=\"wp-block-media-text alignwide is-stacked-on-mobile\" style=\"grid-template-columns:31% auto\"><figure class=\"wp-block-media-text__media\"><img data-recalc-dims=\"1\" loading=\"lazy\" decoding=\"async\" width=\"200\" height=\"132\" data-attachment-id=\"2869\" data-permalink=\"https:\/\/elabrevaderojm.com\/en\/vin-scelsa_opt\/\" data-orig-file=\"https:\/\/i0.wp.com\/elabrevaderojm.com\/wp-content\/uploads\/2020\/12\/vin-scelsa_opt.jpg?fit=200%2C132&amp;ssl=1\" data-orig-size=\"200,132\" data-comments-opened=\"1\" data-image-meta=\"{&quot;aperture&quot;:&quot;0&quot;,&quot;credit&quot;:&quot;&quot;,&quot;camera&quot;:&quot;&quot;,&quot;caption&quot;:&quot;&quot;,&quot;created_timestamp&quot;:&quot;0&quot;,&quot;copyright&quot;:&quot;&quot;,&quot;focal_length&quot;:&quot;0&quot;,&quot;iso&quot;:&quot;0&quot;,&quot;shutter_speed&quot;:&quot;0&quot;,&quot;title&quot;:&quot;&quot;,&quot;orientation&quot;:&quot;1&quot;}\" data-image-title=\"vin-scelsa_opt\" data-image-description=\"\" data-image-caption=\"\" data-large-file=\"https:\/\/i0.wp.com\/elabrevaderojm.com\/wp-content\/uploads\/2020\/12\/vin-scelsa_opt.jpg?fit=200%2C132&amp;ssl=1\" src=\"https:\/\/i0.wp.com\/elabrevaderojm.com\/wp-content\/uploads\/2020\/12\/vin-scelsa_opt.jpg?resize=200%2C132&#038;ssl=1\" alt=\"\" class=\"wp-image-2869 size-full\"\/><\/figure><div class=\"wp-block-media-text__content\">\n<p class=\"has-text-align-justify wp-block-paragraph\" style=\"font-size:15px\">Vin Scelsa (en la foto), era <em>DJ<\/em> de <a href=\"https:\/\/en.wikipedia.org\/wiki\/WNEW-FM\">WNEW-FM 102.7<\/a> \u2014una estaci\u00f3n de radio caliente de formato contempor\u00e1neo para adultos, con licencia para Nueva York\u2014, y estaba en el aire <strong>cuando Lennon fue asesinado<\/strong>. \u00c9l cont\u00f3: \u00abEl panel de l\u00edneas telef\u00f3nicas comenz\u00f3 a iluminarse. Primero uno, luego 20. Contest\u00e9 una llamada, y la voz dijo: \u201c<strong>Howard Cosell dijo que a John Lennon le han disparado<\/strong>\u201d\u00bb.<\/p>\n<\/div><\/div>\n\n\n\n<p class=\"has-text-align-justify wp-block-paragraph\">Eventualmente, la estaci\u00f3n suspendi\u00f3 de inmediato toda la programaci\u00f3n y abri\u00f3 sus l\u00edneas a las llamadas de los oyentes.<\/p>\n\n\n\n<p class=\"has-text-align-justify wp-block-paragraph\">\u00ab<em>Jungleland<\/em> \u2014de <a href=\"https:\/\/es.wikipedia.org\/wiki\/Bruce_Springsteen\">Bruce Springsteen<\/a>\u2014 estaba en el <a href=\"https:\/\/es.wikipedia.org\/wiki\/Tocadiscos\">tocadiscos<\/a>. As\u00ed que, baj\u00e9 el volumen, le\u00ed un bolet\u00edn de noticias, y volv\u00ed a subir el volumen\u00bb.<\/p>\n\n\n\n<p class=\"has-text-align-justify wp-block-paragraph\">El encargado de las noticias entr\u00f3 en la habitaci\u00f3n, blanco como un fantasma. Dije: \u201c\u00bfQu\u00e9?\u201d. \u00c9l me contest\u00f3: \u201c<strong>Est\u00e1 muerto, es \u00e9l. Est\u00e1 muerto<\/strong>\u201d. Y yo dije: \u201cNo voy a decirlo al aire. Verif\u00edcalo\u201d. Puse <a href=\"https:\/\/es.wikipedia.org\/wiki\/Let_It_Be_(canci%C3%B3n)\"><em>Let It Be<\/em><\/a>. Ya ten\u00eda algo adelantado con eso\u00bb.<\/p>\n\n\n\n<figure class=\"wp-block-embed is-type-video is-provider-youtube wp-block-embed-youtube wp-embed-aspect-16-9 wp-has-aspect-ratio\"><div class=\"wp-block-embed__wrapper\">\n<div class=\"jetpack-video-wrapper\"><span class=\"embed-youtube\" style=\"text-align:center; display: block;\"><iframe loading=\"lazy\" class=\"youtube-player\" width=\"640\" height=\"360\" src=\"https:\/\/www.youtube.com\/embed\/QDYfEBY9NM4?version=3&#038;rel=1&#038;showsearch=0&#038;showinfo=1&#038;iv_load_policy=1&#038;fs=1&#038;hl=en-US&#038;autohide=2&#038;wmode=transparent\" allowfullscreen=\"true\" style=\"border:0;\" sandbox=\"allow-scripts allow-same-origin allow-popups allow-presentation allow-popups-to-escape-sandbox\"><\/iframe><\/span><\/div>\n<\/div><\/figure>\n\n\n\n<p class=\"has-text-align-justify wp-block-paragraph\"><a href=\"https:\/\/es.wikipedia.org\/wiki\/NBC\">NBC<\/a> interrumpi\u00f3 moment\u00e1neamente su transmisi\u00f3n de<em> <a href=\"https:\/\/es.wikipedia.org\/wiki\/The_Tonight_Show_Starring_Johnny_Carson\">The Best of Carson<\/a><\/em> para la costa este, a fin de dar <strong>su bolet\u00edn sobre la muerte de Lennon<\/strong> antes de regresar al medio de una comedia interpretada por <a href=\"https:\/\/es.wikipedia.org\/wiki\/Johnny_Carson\">Johnny Carson<\/a>.<\/p>\n\n\n\n<div class=\"wp-block-media-text alignwide has-media-on-the-right is-stacked-on-mobile\" style=\"grid-template-columns:auto 23%\"><div class=\"wp-block-media-text__content\">\n<p class=\"has-text-align-justify wp-block-paragraph\"><a href=\"https:\/\/es.wikipedia.org\/wiki\/Geraldo_Rivera\">Geraldo Rivera<\/a> (en la foto), entonces corresponsal de noticias de ABC, amigo y vecino de Lennon, comparti\u00f3 este recuerdo: \u00abDefinitivamente <strong>escuch\u00e9 los disparos esa noche<\/strong> en la calle 72. No sab\u00eda lo que era, pero los disparos no eran tan raros en esos d\u00edas. O pens\u00e9 que era el <a href=\"https:\/\/es.wikipedia.org\/wiki\/Tubo_de_escape\">tubo de escape<\/a> de un auto\u00bb.<\/p>\n<\/div><figure class=\"wp-block-media-text__media\"><img data-recalc-dims=\"1\" loading=\"lazy\" decoding=\"async\" width=\"200\" height=\"141\" data-attachment-id=\"2873\" data-permalink=\"https:\/\/elabrevaderojm.com\/en\/giraldo-rivera-credit-fox-news-channel\/\" data-orig-file=\"https:\/\/i0.wp.com\/elabrevaderojm.com\/wp-content\/uploads\/2020\/12\/geraldo_opt.jpg?fit=200%2C141&amp;ssl=1\" data-orig-size=\"200,141\" data-comments-opened=\"1\" data-image-meta=\"{&quot;aperture&quot;:&quot;0&quot;,&quot;credit&quot;:&quot;&quot;,&quot;camera&quot;:&quot;Officejet 6500 E709n&quot;,&quot;caption&quot;:&quot;Giraldo Rivera credit Fox News Channel&quot;,&quot;created_timestamp&quot;:&quot;0&quot;,&quot;copyright&quot;:&quot;&quot;,&quot;focal_length&quot;:&quot;0&quot;,&quot;iso&quot;:&quot;0&quot;,&quot;shutter_speed&quot;:&quot;0&quot;,&quot;title&quot;:&quot;Giraldo Rivera credit Fox News Channel&quot;,&quot;orientation&quot;:&quot;1&quot;}\" data-image-title=\"Giraldo Rivera credit Fox News Channel\" data-image-description=\"\" data-image-caption=\"&lt;p&gt;Giraldo Rivera credit Fox News Channel&lt;\/p&gt;\n\" data-large-file=\"https:\/\/i0.wp.com\/elabrevaderojm.com\/wp-content\/uploads\/2020\/12\/geraldo_opt.jpg?fit=200%2C141&amp;ssl=1\" src=\"https:\/\/i0.wp.com\/elabrevaderojm.com\/wp-content\/uploads\/2020\/12\/geraldo_opt.jpg?resize=200%2C141&#038;ssl=1\" alt=\"\" class=\"wp-image-2873 size-full\"\/><\/figure><\/div>\n\n\n\n<p class=\"has-text-align-justify wp-block-paragraph\">\u00abPero no m\u00e1s de cinco minutos despu\u00e9s recib\u00ed una llamada del departamento de noticias de la cadena ABC. Dijeron: \u201c\u00bfPuedes venir y hacer <em>Nightline<\/em>?\u201d Pregunt\u00e9: \u201c\u00bfPor qu\u00e9?\u201d Y respondieron: \u201c<strong>John Lennon acaba de recibir un disparo<\/strong>\u201d\u00bb.<\/p>\n\n\n\n<p class=\"has-text-align-justify wp-block-paragraph\">\u00abLa sala de noticias estaba a solo dos cuadras de distancia, as\u00ed que me apresur\u00e9 en llegar y descubr\u00ed que hab\u00eda muerto\u00bb.<\/p>\n\n\n\n<div class=\"wp-block-media-text alignwide is-stacked-on-mobile\" style=\"grid-template-columns:32% auto\"><figure class=\"wp-block-media-text__media\"><img data-recalc-dims=\"1\" loading=\"lazy\" decoding=\"async\" width=\"400\" height=\"225\" data-attachment-id=\"2876\" data-permalink=\"https:\/\/elabrevaderojm.com\/en\/ted2_opt\/\" data-orig-file=\"https:\/\/i0.wp.com\/elabrevaderojm.com\/wp-content\/uploads\/2020\/12\/ted2_opt.jpg?fit=400%2C225&amp;ssl=1\" data-orig-size=\"400,225\" data-comments-opened=\"1\" data-image-meta=\"{&quot;aperture&quot;:&quot;0&quot;,&quot;credit&quot;:&quot;&quot;,&quot;camera&quot;:&quot;&quot;,&quot;caption&quot;:&quot;&quot;,&quot;created_timestamp&quot;:&quot;0&quot;,&quot;copyright&quot;:&quot;&quot;,&quot;focal_length&quot;:&quot;0&quot;,&quot;iso&quot;:&quot;0&quot;,&quot;shutter_speed&quot;:&quot;0&quot;,&quot;title&quot;:&quot;&quot;,&quot;orientation&quot;:&quot;1&quot;}\" data-image-title=\"ted2_opt\" data-image-description=\"\" data-image-caption=\"\" data-large-file=\"https:\/\/i0.wp.com\/elabrevaderojm.com\/wp-content\/uploads\/2020\/12\/ted2_opt.jpg?fit=400%2C225&amp;ssl=1\" src=\"https:\/\/i0.wp.com\/elabrevaderojm.com\/wp-content\/uploads\/2020\/12\/ted2_opt.jpg?resize=400%2C225&#038;ssl=1\" alt=\"\" class=\"wp-image-2876 size-full\"\/><\/figure><div class=\"wp-block-media-text__content\">\n<p class=\"has-text-align-justify has-normal-font-size wp-block-paragraph\">\u00ab<strong>Fue un momento aplastante, aplastante<\/strong>, y recuerdo haberle dicho a Ted Koppel: \u201cSolo estoy tratando de mantener mis pensamientos organizados y coherentes <strong>para no romper a llorar<\/strong>\u201d\u00bb.<\/p>\n<\/div><\/div>\n\n\n\n<p class=\"has-text-align-justify wp-block-paragraph\">\u00abPermanecimos en vivo durante tres horas, b\u00e1sicamente rehaciendo el programa para cada zona horaria\u00bb.<\/p>\n\n\n\n<p class=\"has-text-align-justify wp-block-paragraph\"><a href=\"https:\/\/es.wikipedia.org\/wiki\/Bob_Gruen\">Bob Gruen<\/a>, autor de <em>John Lennon: the New York Years<\/em>, quien era el <strong>fot\u00f3grafo personal de Lennon y uno de sus amigos m\u00e1s cercanos <\/strong>en la ciudad, narraba: \u00abYo estaba aqu\u00ed en mi cuarto oscuro. Hab\u00eda tomado algunas fotos <strong>el \u00faltimo fin de semana que estuvo vivo<\/strong>. Estaba imprimiendo esas fotos cuando el portero llam\u00f3 y dijo: \u201c\u00bfTienes una radio encendida? Acabo de o\u00edr en la radio que John Lennon fue baleado\u201d\u00bb.<\/p>\n\n\n\n<div class=\"wp-block-jetpack-tiled-gallery aligncenter is-style-rectangular\"><div class=\"\"><div class=\"tiled-gallery__gallery\"><div class=\"tiled-gallery__row\"><div class=\"tiled-gallery__col\" style=\"flex-basis:39.19812%\"><figure class=\"tiled-gallery__item\"><img decoding=\"async\" data-attachment-id=\"13392\" data-permalink=\"https:\/\/elabrevaderojm.com\/en\/2020\/12\/12\/40-anos-del-asesinato-de-john-lennon-la-muerte-del-talento-y-las-ideas-i-los-sucesos-del-fatidico-dia-4\/bob-gruen\/\" data-orig-file=\"https:\/\/i0.wp.com\/elabrevaderojm.com\/wp-content\/uploads\/2020\/12\/bob-gruen.jpg?fit=240%2C323&amp;ssl=1\" data-orig-size=\"240,323\" data-comments-opened=\"1\" data-image-meta=\"{&quot;aperture&quot;:&quot;11&quot;,&quot;credit&quot;:&quot;&quot;,&quot;camera&quot;:&quot;NIKON D3&quot;,&quot;caption&quot;:&quot;&quot;,&quot;created_timestamp&quot;:&quot;1259677247&quot;,&quot;copyright&quot;:&quot;&quot;,&quot;focal_length&quot;:&quot;85&quot;,&quot;iso&quot;:&quot;100&quot;,&quot;shutter_speed&quot;:&quot;0.004&quot;,&quot;title&quot;:&quot;&quot;,&quot;orientation&quot;:&quot;1&quot;}\" data-image-title=\"bob gruen\" data-image-description=\"\" data-image-caption=\"\" data-large-file=\"https:\/\/i0.wp.com\/elabrevaderojm.com\/wp-content\/uploads\/2020\/12\/bob-gruen.jpg?fit=240%2C323&amp;ssl=1\" role=\"button\" tabindex=\"0\" aria-label=\"Open image 1 of 2 in full-screen\" srcset=\"https:\/\/i0.wp.com\/elabrevaderojm.com\/wp-content\/uploads\/2020\/12\/bob-gruen.jpg?strip=info&#038;w=240&#038;ssl=1 240w\" alt=\"\" data-height=\"323\" data-id=\"13392\" data-link=\"https:\/\/elabrevaderojm.com\/2020\/12\/12\/40-anos-del-asesinato-de-john-lennon-la-muerte-del-talento-y-las-ideas-i-los-sucesos-del-fatidico-dia-4\/bob-gruen\/\" data-url=\"https:\/\/elabrevaderojm.com\/wp-content\/uploads\/2020\/12\/bob-gruen.jpg?w=240\" data-width=\"240\" src=\"https:\/\/i0.wp.com\/elabrevaderojm.com\/wp-content\/uploads\/2020\/12\/bob-gruen.jpg?ssl=1\" data-amp-layout=\"responsive\" tabindex=\"0\" role=\"button\" aria-label=\"Abrir la imagen 1 de 2 en pantalla completa\"\/><\/figure><\/div><div class=\"tiled-gallery__col\" style=\"flex-basis:60.80188%\"><figure class=\"tiled-gallery__item\"><img decoding=\"async\" data-attachment-id=\"13393\" data-permalink=\"https:\/\/elabrevaderojm.com\/en\/2020\/12\/12\/40-anos-del-asesinato-de-john-lennon-la-muerte-del-talento-y-las-ideas-i-los-sucesos-del-fatidico-dia-4\/john-l-libro\/\" data-orig-file=\"https:\/\/i0.wp.com\/elabrevaderojm.com\/wp-content\/uploads\/2020\/12\/john-l.-libro.jpg?fit=375%2C325&amp;ssl=1\" data-orig-size=\"375,325\" data-comments-opened=\"1\" data-image-meta=\"{&quot;aperture&quot;:&quot;0&quot;,&quot;credit&quot;:&quot;&quot;,&quot;camera&quot;:&quot;&quot;,&quot;caption&quot;:&quot;&quot;,&quot;created_timestamp&quot;:&quot;0&quot;,&quot;copyright&quot;:&quot;&quot;,&quot;focal_length&quot;:&quot;0&quot;,&quot;iso&quot;:&quot;0&quot;,&quot;shutter_speed&quot;:&quot;0&quot;,&quot;title&quot;:&quot;&quot;,&quot;orientation&quot;:&quot;0&quot;}\" data-image-title=\"john l&amp;#8230; libro\" data-image-description=\"\" data-image-caption=\"\" data-large-file=\"https:\/\/i0.wp.com\/elabrevaderojm.com\/wp-content\/uploads\/2020\/12\/john-l.-libro.jpg?fit=375%2C325&amp;ssl=1\" role=\"button\" tabindex=\"0\" aria-label=\"Open image 2 of 2 in full-screen\" srcset=\"https:\/\/i0.wp.com\/elabrevaderojm.com\/wp-content\/uploads\/2020\/12\/john-l.-libro.jpg?strip=info&#038;w=375&#038;ssl=1 375w\" alt=\"\" data-height=\"325\" data-id=\"13393\" data-link=\"https:\/\/elabrevaderojm.com\/2020\/12\/12\/40-anos-del-asesinato-de-john-lennon-la-muerte-del-talento-y-las-ideas-i-los-sucesos-del-fatidico-dia-4\/john-l-libro\/\" data-url=\"https:\/\/elabrevaderojm.com\/wp-content\/uploads\/2020\/12\/john-l.-libro.jpg?w=375\" data-width=\"375\" src=\"https:\/\/i0.wp.com\/elabrevaderojm.com\/wp-content\/uploads\/2020\/12\/john-l.-libro.jpg?ssl=1\" data-amp-layout=\"responsive\" tabindex=\"0\" role=\"button\" aria-label=\"Abrir la imagen 2 de 2 en pantalla completa\"\/><\/figure><\/div><\/div><\/div><\/div><\/div>\n\n\n\n<p class=\"has-text-align-center has-small-font-size wp-block-paragraph\"><strong>Gruen y su libro.<\/strong><\/p>\n\n\n\n<p class=\"has-text-align-justify wp-block-paragraph\">\u00abMi primer pensamiento fue que tal vez hab\u00eda sido asaltado, porque eso es lo que pasaba de vez en cuando si ten\u00edas mala suerte. <strong>No se me ocurri\u00f3 que alguien viajar\u00eda por el mundo para dispararle a prop\u00f3sito<\/strong>. Simplemente no se me ocurri\u00f3. Todav\u00eda no tiene sentido. <strong>Nunca tendr\u00e1 sentido<\/strong>\u00bb.<\/p>\n\n\n\n<p class=\"has-text-align-justify wp-block-paragraph\">Estaciones de todo el pa\u00eds cambiaron a la <strong>programaci\u00f3n especial<\/strong> dedicada a la m\u00fasica de Lennon y los Beatles.<\/p>\n\n\n\n<p class=\"wp-block-paragraph\">En Inglaterra ya era&nbsp;9 de diciembre.&nbsp;<\/p>\n\n\n\n<figure class=\"wp-block-embed is-type-video is-provider-youtube wp-block-embed-youtube wp-embed-aspect-16-9 wp-has-aspect-ratio\"><div class=\"wp-block-embed__wrapper\">\n<div class=\"jetpack-video-wrapper\"><span class=\"embed-youtube\" style=\"text-align:center; display: block;\"><iframe loading=\"lazy\" class=\"youtube-player\" width=\"640\" height=\"360\" src=\"https:\/\/www.youtube.com\/embed\/bVYXWVs0Prc?version=3&#038;rel=1&#038;showsearch=0&#038;showinfo=1&#038;iv_load_policy=1&#038;fs=1&#038;hl=en-US&#038;autohide=2&#038;wmode=transparent\" allowfullscreen=\"true\" style=\"border:0;\" sandbox=\"allow-scripts allow-same-origin allow-popups allow-presentation allow-popups-to-escape-sandbox\"><\/iframe><\/span><\/div>\n<\/div><\/figure>\n\n\n<div class=\"wp-block-coblocks-shape-divider is-style-wide is-style-waves mt-0 mb-0\" style=\"color: #111;\" aria-hidden=\"true\">\n\t\t\t<div class=\"wp-block-coblocks-shape-divider__svg-wrapper\" style=\"height:100px;\">\n\t\t\t\t\n\t\t\t<\/div>\n\t\t\t<div class=\"wp-block-coblocks-shape-divider__alt-wrapper\" style=\"height:50px;\"><\/div>\n\t\t<\/div>\n\n\n<p class=\"wp-block-paragraph\">Hasta aqu\u00ed los art\u00edculos relacionados con la parte I sobre los sucesos de aquel fat\u00eddico d\u00eda. <\/p>\n\n\n\n<p class=\"has-text-align-justify wp-block-paragraph\">\u00bfQu\u00e9 opinas sobre ello? \u00bfD\u00f3nde estabas o qu\u00e9 hac\u00edas aquel d\u00eda de diciembre en que asesinaron a uno de los talentos del siglo XX? \u00bfLo recuerdas? \u00bfO no sab\u00edas sobre Lennon o lo que le hicieron antes de leer este trabajo? Com\u00e9ntalo; hazte escuchar&#8230; o leer. <\/p>\n\n\n\n<p class=\"has-text-align-justify wp-block-paragraph\">Espera una nueva etapa en todo lo que desat\u00f3 esta tragedia con la parte II. Con este enlace puedes ir al primer art\u00edculo de ella:<\/p>\n\n\n\n<figure class=\"wp-block-table has-literata-font-family\"><table class=\"has-pale-ocean-gradient-background has-background has-fixed-layout\" style=\"border-width:4px\"><tbody><tr><td><strong><mark style=\"background-color:rgba(0, 0, 0, 0);color:#f60909\" class=\"has-inline-color\">RELACIONADO:<\/mark><\/strong> <a href=\"https:\/\/elabrevaderojm.com\/2020\/12\/14\/40-anos-del-asesinato-de-john-lennon-la-muerte-del-talento-y-las-ideas-ii-el-dolor-de-los-que-aman-1\/\"><strong>40 a\u00f1os del asesinato de John Lennon: La muerte del talento y las ideas. II \u2013 El dolor de los que aman (1).<\/strong><\/a><\/td><\/tr><\/tbody><\/table><\/figure>\n\n\n\n<hr class=\"wp-block-separator has-alpha-channel-opacity\"\/>\n\n\n\n<p class=\"has-text-align-justify wp-block-paragraph\">Si te ha gustado este art\u00edculo, demu\u00e9stralo con un \u00abpulgar arriba\u00bb y un \u00abaplauso\u00bb, y compartiendo el contenido con tus amistades y en tus redes sociales. Es muy gratificante. Y quiz\u00e1s otras personas se enteren de estas cosas interesantes que has le\u00eddo hoy.<\/p>\n\n\n\n<p class=\"has-text-align-justify wp-block-paragraph\">Si tienes algo que comentar, preguntar o agregar, o decirme como expositor, por favor hazlo dejando tu comentario.<\/p>\n\n\n\n<p class=\"has-text-align-justify wp-block-paragraph\">Siempre lo mejor para estar al tanto de estas interesantes entregas es suscribirte a mi blog, que trato de surtir con nuevos trabajos siempre que me sea posible.<\/p>\n\n\n\n<p class=\"wp-block-paragraph\">Gracias por leer.<\/p>\n\n\n\n<div class=\"wp-block-comments\">\n\t\t<div id=\"respond\" class=\"comment-respond wp-block-post-comments-form\">\n\t\t\t<h3 id=\"reply-title\" class=\"comment-reply-title\">Leave a Reply<small><a rel=\"nofollow\" id=\"cancel-comment-reply-link\" href=\"\/en\/wp-json\/wp\/v2\/posts\/2830#respond\" style=\"display:none;\">Cancel reply<\/a><\/small><\/h3>\t\t\t<form id=\"commentform\" class=\"comment-form\">\n\t\t\t\t<iframe\n\t\t\t\t\ttitle=\"Comment Form\"\n\t\t\t\t\tsrc=\"https:\/\/jetpack.wordpress.com\/jetpack-comment\/?blogid=153735515&#038;postid=2830&#038;comment_registration=0&#038;require_name_email=0&#038;stc_enabled=1&#038;stb_enabled=1&#038;show_avatars=1&#038;avatar_default=identicon&#038;greeting=Leave+a+Reply&#038;jetpack_comments_nonce=fba154eb47&#038;greeting_reply=Leave+a+Reply+to+%25s&#038;color_scheme=light&#038;lang=en_US&#038;jetpack_version=16.2-a.5&#038;iframe_unique_id=3&#038;show_cookie_consent=10&#038;has_cookie_consent=0&#038;is_current_user_subscribed=0&#038;token_key=%3Bnormal%3B&#038;sig=155a2b334ef800c52ca1d445215eaf6fddda5f81#parent=https%3A%2F%2Felabrevaderojm.com%2Fen%2Fwp-json%2Fwp%2Fv2%2Fposts%2F2830\"\n\t\t\t\t\t\t\t\t\t\t\tname=\"jetpack_remote_comment\"\n\t\t\t\t\t\tstyle=\"width:100%; height: 430px; border:0;\"\n\t\t\t\t\t\t\t\t\t\tclass=\"jetpack_remote_comment\"\n\t\t\t\t\tid=\"jetpack_remote_comment\"\n\t\t\t\t\tsandbox=\"allow-same-origin allow-top-navigation allow-scripts allow-forms allow-popups\"\n\t\t\t\t>\n\t\t\t\t\t\t\t\t\t<\/iframe>\n\t\t\t\t\t\t\t\t\t<!--[if !IE]><!-->\n\t\t\t\t\t<script>\n\t\t\t\t\t\tdocument.addEventListener('DOMContentLoaded', function () {\n\t\t\t\t\t\t\tvar commentForms = document.getElementsByClassName('jetpack_remote_comment');\n\t\t\t\t\t\t\tfor (var i = 0; i < commentForms.length; i++) {\n\t\t\t\t\t\t\t\tcommentForms[i].allowTransparency = false;\n\t\t\t\t\t\t\t\tcommentForms[i].scrolling = 'no';\n\t\t\t\t\t\t\t}\n\t\t\t\t\t\t});\n\t\t\t\t\t<\/script>\n\t\t\t\t\t<!--<![endif]-->\n\t\t\t\t\t\t\t<\/form>\n\t\t<\/div>\n\n\t\t\n\t\t<input type=\"hidden\" name=\"comment_parent\" id=\"comment_parent\" value=\"\" \/>\n\n\t\t<\/div>\n\n\n<div class=\"crowdsignal-vote-wrapper\" data-crowdsignal-vote=\"{&quot;pollId&quot;:&quot;d633bea4-408e-4335-9bee-5cfbcb08bfd1&quot;,&quot;title&quot;:&quot;Votaci\\u00f3n sin t\\u00edtulo 2&quot;,&quot;hideBranding&quot;:false,&quot;pollStatus&quot;:&quot;open&quot;,&quot;size&quot;:&quot;medium&quot;,&quot;borderWidth&quot;:1,&quot;borderRadius&quot;:5,&quot;hideResults&quot;:false,&quot;TrpContentRestriction&quot;:{&quot;restriction_type&quot;:&quot;exclude&quot;,&quot;selected_languages&quot;:[],&quot;panel_open&quot;:true},&quot;apiPollData&quot;:{&quot;id&quot;:12451868,&quot;question&quot;:&quot;&quot;,&quot;note&quot;:&quot;&quot;,&quot;settings&quot;:{&quot;title&quot;:&quot;Votaci\\u00f3n sin t\\u00edtulo 2&quot;,&quot;after_vote&quot;:&quot;results&quot;,&quot;after_message&quot;:&quot;&quot;,&quot;randomize_answers&quot;:false,&quot;restrict_vote_repeat&quot;:false,&quot;captcha&quot;:false,&quot;multiple_choice&quot;:false,&quot;redirect_url&quot;:&quot;&quot;,&quot;close_status&quot;:&quot;open&quot;,&quot;close_after&quot;:false},&quot;answers&quot;:[{&quot;answer_text&quot;:&quot;up&quot;,&quot;id&quot;:56251889,&quot;client_id&quot;:&quot;c8f02fb8-c399-4d18-b1cb-8da68d5cbfdd&quot;},{&quot;answer_text&quot;:&quot;down&quot;,&quot;id&quot;:56251890,&quot;client_id&quot;:&quot;6586868c-a88c-40c3-bd08-fda4474de774&quot;}],&quot;source_link&quot;:&quot;https:\\\/\\\/elabrevaderojm.com&quot;,&quot;client_id&quot;:&quot;d633bea4-408e-4335-9bee-5cfbcb08bfd1&quot;}}\">\n<div data-crowdsignal-vote-item=\"{&quot;answerId&quot;:&quot;c8f02fb8-c399-4d18-b1cb-8da68d5cbfdd&quot;,&quot;type&quot;:&quot;up&quot;,&quot;TrpContentRestriction&quot;:{&quot;restriction_type&quot;:&quot;exclude&quot;,&quot;selected_languages&quot;:[],&quot;panel_open&quot;:true}}\"><\/div>\n\n<div data-crowdsignal-vote-item=\"{&quot;answerId&quot;:&quot;6586868c-a88c-40c3-bd08-fda4474de774&quot;,&quot;type&quot;:&quot;down&quot;,&quot;TrpContentRestriction&quot;:{&quot;restriction_type&quot;:&quot;exclude&quot;,&quot;selected_languages&quot;:[],&quot;panel_open&quot;:true}}\"><\/div>\n<\/div>\n\n<div class=\"crowdsignal-applause-wrapper\" data-crowdsignal-applause=\"{&quot;pollId&quot;:&quot;324e7818-001c-4521-bb53-e90926857dd3&quot;,&quot;title&quot;:&quot;Aplauso sin t\\u00edtulo 2&quot;,&quot;answerId&quot;:&quot;52bf58d0-54ca-47e9-b0b3-534a79a08e70&quot;,&quot;hideBranding&quot;:false,&quot;size&quot;:&quot;medium&quot;,&quot;pollStatus&quot;:&quot;open&quot;,&quot;TrpContentRestriction&quot;:{&quot;restriction_type&quot;:&quot;exclude&quot;,&quot;selected_languages&quot;:[],&quot;panel_open&quot;:true},&quot;apiPollData&quot;:{&quot;id&quot;:12451869,&quot;question&quot;:&quot;&quot;,&quot;note&quot;:&quot;&quot;,&quot;settings&quot;:{&quot;title&quot;:&quot;Aplauso sin t\\u00edtulo 2&quot;,&quot;after_vote&quot;:&quot;results&quot;,&quot;after_message&quot;:&quot;&quot;,&quot;randomize_answers&quot;:false,&quot;restrict_vote_repeat&quot;:false,&quot;captcha&quot;:false,&quot;multiple_choice&quot;:false,&quot;redirect_url&quot;:&quot;&quot;,&quot;close_status&quot;:&quot;open&quot;,&quot;close_after&quot;:false},&quot;answers&quot;:[{&quot;answer_text&quot;:&quot;clap&quot;,&quot;id&quot;:56251891,&quot;client_id&quot;:&quot;52bf58d0-54ca-47e9-b0b3-534a79a08e70&quot;}],&quot;source_link&quot;:&quot;https:\\\/\\\/elabrevaderojm.com&quot;,&quot;client_id&quot;:&quot;324e7818-001c-4521-bb53-e90926857dd3&quot;}}\"><\/div>","protected":false},"excerpt":{"rendered":"<p>\u00abNo me importa mirar a la c\u00e1mara; es la gente la que me confunde\u00bb \u2014 Mira, 1966 Continuamos conectados al homenaje por el 40 aniversario del asesinato de John Lennon. Si te&#8230;<\/p>","protected":false},"author":147101633,"featured_media":0,"comment_status":"open","ping_status":"open","sticky":false,"template":"","format":"standard","meta":{"_coblocks_attr":"","_coblocks_dimensions":"","_coblocks_responsive_height":"","_coblocks_accordion_ie_support":"","advanced_seo_description":"","jetpack_seo_html_title":"","jetpack_seo_noindex":false,"jetpack_seo_schema_type":"","_jetpack_newsletter_access":"","_jetpack_dont_email_post_to_subs":false,"_jetpack_newsletter_tier_id":0,"_jetpack_memberships_contains_paywalled_content":false,"_wpcom_ai_launchpad_first_post":false,"_jetpack_feature_clip_id":0,"_jetpack_memberships_contains_paid_content":false,"footnotes":"","jetpack_publicize_message":"{title}\n\n{excerpt}\n\n{url}","jetpack_publicize_feature_enabled":true,"jetpack_social_post_already_shared":false,"jetpack_social_options":{"image_generator_settings":{"template":"highway","default_image_id":0,"font":"","enabled":false},"version":2},"_wpas_customize_per_network":false,"jetpack_post_was_ever_published":false},"categories":[770216206,70015],"tags":[1733273,148408,2672352,784725,323080,17063376,86205814,1114649,151200,198288,247888,22002062,90475,297647,2358966,419340,1395849,4548,388316361,669007,2783130,471098,57908,49249,413837,23029,50581,16495788,1049597,2017987,232482,77542,763435437,70004246,15148709,3294510,47393083,1870841,68509,710886866,1930810,9784910,9998151,53372777,4549],"class_list":["post-2830","post","type-post","status-publish","format-standard","hentry","category-famosos-del-entretenimiento","category-historico","tag-abc-network","tag-abc-news","tag-alan-weiss","tag-all-my-loving","tag-asesinato","tag-bill-beutel","tag-bob-goodrich","tag-bob-gruen","tag-bruce-springsteen","tag-central-park","tag-dan-patrick","tag-dolphins-de-miami","tag-espn","tag-futbol-americano","tag-frank-gifford","tag-geraldo-rivera","tag-howard-cosell","tag-john-lennon","tag-john-lennon-the-new-york-years","tag-johnny-carson","tag-jungleland","tag-let-it-be","tag-miami","tag-mind-games","tag-monday-night-football","tag-muzak","tag-nbc","tag-neil-goldstein","tag-nightline","tag-nueva-inglaterra","tag-nueva-york","tag-outside-the-lines","tag-parque-central-nueva-york","tag-patriots-de-nueva-inglaterra","tag-roger-grimsby","tag-roone-arledge","tag-stephan-lynn","tag-ted-koppel","tag-the-beatles","tag-the-best-of-carson","tag-the-dan-patrick-show","tag-vin-scelsa","tag-wabc-tv","tag-wnew-fm-102-7","tag-yoko-ono"],"featured_image_src":null,"author_info":{"display_name":"jmhernandezgonzalez","author_link":"https:\/\/elabrevaderojm.com\/en\/author\/jmhernandezgonzalez\/"},"jetpack_publicize_connections":[],"jetpack_likes_enabled":true,"jetpack_sharing_enabled":true,"jetpack_shortlink":"https:\/\/wp.me\/pap3D5-JE","jetpack-related-posts":[],"jetpack_featured_media_url":"","_links":{"self":[{"href":"https:\/\/elabrevaderojm.com\/en\/wp-json\/wp\/v2\/posts\/2830","targetHints":{"allow":["GET"]}}],"collection":[{"href":"https:\/\/elabrevaderojm.com\/en\/wp-json\/wp\/v2\/posts"}],"about":[{"href":"https:\/\/elabrevaderojm.com\/en\/wp-json\/wp\/v2\/types\/post"}],"author":[{"embeddable":true,"href":"https:\/\/elabrevaderojm.com\/en\/wp-json\/wp\/v2\/users\/147101633"}],"replies":[{"embeddable":true,"href":"https:\/\/elabrevaderojm.com\/en\/wp-json\/wp\/v2\/comments?post=2830"}],"version-history":[{"count":34,"href":"https:\/\/elabrevaderojm.com\/en\/wp-json\/wp\/v2\/posts\/2830\/revisions"}],"predecessor-version":[{"id":22850,"href":"https:\/\/elabrevaderojm.com\/en\/wp-json\/wp\/v2\/posts\/2830\/revisions\/22850"}],"wp:attachment":[{"href":"https:\/\/elabrevaderojm.com\/en\/wp-json\/wp\/v2\/media?parent=2830"}],"wp:term":[{"taxonomy":"category","embeddable":true,"href":"https:\/\/elabrevaderojm.com\/en\/wp-json\/wp\/v2\/categories?post=2830"},{"taxonomy":"post_tag","embeddable":true,"href":"https:\/\/elabrevaderojm.com\/en\/wp-json\/wp\/v2\/tags?post=2830"}],"curies":[{"name":"wp","href":"https:\/\/api.w.org\/{rel}","templated":true}]}}