{"id":29291,"date":"2026-03-12T09:31:49","date_gmt":"2026-03-12T13:31:49","guid":{"rendered":"https:\/\/elabrevaderojm.com\/?p=29291"},"modified":"2026-03-12T09:31:49","modified_gmt":"2026-03-12T13:31:49","slug":"1-escudo-para-ratificar-la-falta-de-soberania-y-el-servilismo-de-latinoamerica-a-la-magacracia-2-noticia-y-analisis-de-la-base-america-latina","status":"publish","type":"post","link":"https:\/\/elabrevaderojm.com\/en\/2026\/03\/12\/1-escudo-para-ratificar-la-falta-de-soberania-y-el-servilismo-de-latinoamerica-a-la-magacracia-2-noticia-y-analisis-de-la-base-america-latina\/","title":{"rendered":"1 escudo \u00bfpara ratificar la falta de soberan\u00eda y el servilismo de Latinoam\u00e9rica a la MAGAcracia? (2) Noticia y an\u00e1lisis de La Base Am\u00e9rica Latina"},"content":{"rendered":"\n<p class=\"has-drop-cap has-text-align-justify has-libre-franklin-font-family has-custom-font wp-block-paragraph\" style=\"font-size:18px;font-family:libre-franklin\">Ni parado ni acostado; arrodillado. Lo mismo: ni horizontal ni vertical; arrodillado. Esa parece ser la postura predilecta de los \u00abl\u00edderes\u00bb latinoamericanos a lo largo de a\u00f1os de existencia de los EE. UU.: arrollidarse al amo yanqui. Y ese parece ser el n\u00facleo de la \u00faltima reuni\u00f3n de los esclavos escogidos en el hemisferio occidental con su se\u00f1or esclavista. Y tambi\u00e9n del siguiente video que les traigo en este trabajo.<\/p>\n\n\n<div class=\"wp-block-image\">\n<figure class=\"aligncenter size-full\"><img data-recalc-dims=\"1\" loading=\"lazy\" decoding=\"async\" width=\"420\" height=\"237\" data-attachment-id=\"29295\" data-permalink=\"https:\/\/elabrevaderojm.com\/en\/2026\/03\/12\/1-escudo-para-ratificar-la-falta-de-soberania-y-el-servilismo-de-latinoamerica-a-la-magacracia-2-noticia-y-analisis-de-la-base-america-latina\/labase-am-lat-canalred-2\/\" data-orig-file=\"https:\/\/i0.wp.com\/elabrevaderojm.com\/wp-content\/uploads\/2026\/03\/LaBase-Am-Lat-CanalRed-1.jpg?fit=420%2C237&amp;ssl=1\" data-orig-size=\"420,237\" data-comments-opened=\"1\" data-image-meta=\"{&quot;aperture&quot;:&quot;0&quot;,&quot;credit&quot;:&quot;&quot;,&quot;camera&quot;:&quot;&quot;,&quot;caption&quot;:&quot;&quot;,&quot;created_timestamp&quot;:&quot;0&quot;,&quot;copyright&quot;:&quot;&quot;,&quot;focal_length&quot;:&quot;0&quot;,&quot;iso&quot;:&quot;0&quot;,&quot;shutter_speed&quot;:&quot;0&quot;,&quot;title&quot;:&quot;&quot;,&quot;orientation&quot;:&quot;1&quot;}\" data-image-title=\"LaBase Am Lat &amp;#8211; CanalRed\" data-image-description=\"\" data-image-caption=\"\" data-large-file=\"https:\/\/i0.wp.com\/elabrevaderojm.com\/wp-content\/uploads\/2026\/03\/LaBase-Am-Lat-CanalRed-1.jpg?fit=420%2C237&amp;ssl=1\" src=\"https:\/\/i0.wp.com\/elabrevaderojm.com\/wp-content\/uploads\/2026\/03\/LaBase-Am-Lat-CanalRed-1.jpg?resize=420%2C237&#038;ssl=1\" alt=\"\" class=\"wp-image-29295\" srcset=\"https:\/\/i0.wp.com\/elabrevaderojm.com\/wp-content\/uploads\/2026\/03\/LaBase-Am-Lat-CanalRed-1.jpg?w=420&amp;ssl=1 420w, https:\/\/i0.wp.com\/elabrevaderojm.com\/wp-content\/uploads\/2026\/03\/LaBase-Am-Lat-CanalRed-1.jpg?resize=300%2C169&amp;ssl=1 300w\" sizes=\"auto, (max-width: 420px) 100vw, 420px\" \/><\/figure>\n<\/div>\n\n\n<p class=\"has-text-align-justify has-libre-franklin-font-family has-custom-font wp-block-paragraph\" style=\"font-size:18px;font-family:libre-franklin\">Creado y producido por Canal Red, <strong>La Base Am\u00e9rica Latina<\/strong> es un programa de an\u00e1lisis pol\u00edtico, un portal period\u00edstico independiente, conformado por una red de periodistas nacionales e internacionales expertos en temas sociales y de derechos humanos. En el art\u00edculo del 8 de junio de 2025 publicado en piedepagina.mx para anunciar la llegada de este programa a M\u00e9xico, se explica:<\/p>\n\n\n\n<p class=\"has-text-align-justify has-libre-franklin-font-family has-custom-font wp-block-paragraph\" style=\"font-size:18px;font-family:libre-franklin\">\u00abEn medio de las m\u00faltiples acciones injerencistas del gobierno de&nbsp;<strong>Estados Unidos en Am\u00e9rica Latina<\/strong>,&nbsp;<a href=\"https:\/\/www.diario-red.com\/seccion\/america-latina\/\">Canal Red<\/a>&nbsp;lanzar\u00e1 su programa La Base en Am\u00e9rica Latina. El lanzamiento ser\u00e1 el pr\u00f3ximo lunes 9 de junio, y su prop\u00f3sito es defender el derecho a la informaci\u00f3n, la verdad y la independencia de la regi\u00f3n ante el resurgimiento del imperialismo norteamericano, el cual ha desplegado sus tropas e instalado bases militares en pa\u00edses como&nbsp;<strong>Panam\u00e1 y Ecuador<\/strong>. El programa lo conducir\u00e1n las periodistas Inna Afinogenova, Estefan\u00eda Veloz y Marco Teruggi, y promete ofrecer toda la actualidad y los mejores an\u00e1lisis desde una perspectiva honesta, comprometida y de izquierdas\u00bb.<\/p>\n\n\n\n<div class=\"wp-block-media-text is-stacked-on-mobile\" style=\"grid-template-columns:15% auto\"><figure class=\"wp-block-media-text__media\"><img data-recalc-dims=\"1\" loading=\"lazy\" decoding=\"async\" width=\"270\" height=\"393\" data-attachment-id=\"29299\" data-permalink=\"https:\/\/elabrevaderojm.com\/en\/2026\/03\/12\/1-escudo-para-ratificar-la-falta-de-soberania-y-el-servilismo-de-latinoamerica-a-la-magacracia-2-noticia-y-analisis-de-la-base-america-latina\/inna-a-2\/\" data-orig-file=\"https:\/\/i0.wp.com\/elabrevaderojm.com\/wp-content\/uploads\/2026\/03\/inna-a.jpg?fit=270%2C393&amp;ssl=1\" data-orig-size=\"270,393\" data-comments-opened=\"1\" data-image-meta=\"{&quot;aperture&quot;:&quot;0&quot;,&quot;credit&quot;:&quot;&quot;,&quot;camera&quot;:&quot;&quot;,&quot;caption&quot;:&quot;&quot;,&quot;created_timestamp&quot;:&quot;0&quot;,&quot;copyright&quot;:&quot;&quot;,&quot;focal_length&quot;:&quot;0&quot;,&quot;iso&quot;:&quot;0&quot;,&quot;shutter_speed&quot;:&quot;0&quot;,&quot;title&quot;:&quot;&quot;,&quot;orientation&quot;:&quot;0&quot;}\" data-image-title=\"inna a\" data-image-description=\"\" data-image-caption=\"\" data-large-file=\"https:\/\/i0.wp.com\/elabrevaderojm.com\/wp-content\/uploads\/2026\/03\/inna-a.jpg?fit=270%2C393&amp;ssl=1\" src=\"https:\/\/i0.wp.com\/elabrevaderojm.com\/wp-content\/uploads\/2026\/03\/inna-a.jpg?resize=270%2C393&#038;ssl=1\" alt=\"\" class=\"wp-image-29299 size-full\" srcset=\"https:\/\/i0.wp.com\/elabrevaderojm.com\/wp-content\/uploads\/2026\/03\/inna-a.jpg?w=270&amp;ssl=1 270w, https:\/\/i0.wp.com\/elabrevaderojm.com\/wp-content\/uploads\/2026\/03\/inna-a.jpg?resize=206%2C300&amp;ssl=1 206w\" sizes=\"auto, (max-width: 270px) 100vw, 270px\" \/><\/figure><div class=\"wp-block-media-text__content\">\n<p class=\"has-text-align-justify has-libre-franklin-font-family has-custom-font wp-block-paragraph\" style=\"font-size:18px;font-family:libre-franklin\"><a href=\"https:\/\/es.wikipedia.org\/wiki\/Inna_Afinogenova\">Inna Afinog\u00e9nova\u00a0<\/a>(<a href=\"https:\/\/es.wikipedia.org\/wiki\/Rep%C3%BAblica_Aut%C3%B3noma_Socialista_Sovi%C3%A9tica_de_Daguest%C3%A1n\">Daguest\u00e1n<\/a>,\u00a0<a href=\"https:\/\/es.wikipedia.org\/wiki\/Uni%C3%B3n_Sovi%C3%A9tica\">Uni\u00f3n Sovi\u00e9tica<\/a>, 14 de enero de 1989; en la foto) es una\u00a0periodista y presentadora rusa que trabaj\u00f3 como subdirectora de\u00a0<a href=\"https:\/\/es.wikipedia.org\/wiki\/RT_en_Espa%C3%B1ol\">RT en Espa\u00f1ol<\/a>\u00a0hasta mayo de 2022. Tambi\u00e9n trabaj\u00f3 en el canal de <em>YouTube<\/em>\u00a0\u00abAh\u00ed les va\u00bb.\u200b Desde 2022, colabora en\u00a0\u00ab<a href=\"https:\/\/es.wikipedia.org\/wiki\/La_Base_(podcast)\">La Base<\/a>\u00bb\u00a0y\u00a0\u00abMacondo\u00bb<em>.<\/em>\u00a0En 2023 asumi\u00f3 la direcci\u00f3n de\u00a0<a href=\"https:\/\/es.wikipedia.org\/wiki\/Canal_RED\">Canal Red<\/a>\u00a0Latinoam\u00e9rica, donde conduce\u00a0\u00abCaf\u00e9Inna\u00bb.\u200b Desde junio de 2025 dirige y presenta \u00abLa Base Am\u00e9rica Latina\u00bb.\u200b<\/p>\n<\/div><\/div>\n\n\n\n<p class=\"wp-block-paragraph\"><\/p>\n\n\n\n<div class=\"wp-block-media-text has-media-on-the-right is-stacked-on-mobile\" style=\"grid-template-columns:auto 15%\"><div class=\"wp-block-media-text__content\">\n<p class=\"has-text-align-justify has-libre-franklin-font-family has-custom-font wp-block-paragraph\" style=\"font-size:18px;font-family:libre-franklin\"><strong>Marco Teruggi<\/strong> (en la foto) naci\u00f3 en Par\u00eds, Francia, en 1984. En 2003 lleg\u00f3 a La Plata, Argentina, de donde es su familia. All\u00ed fue miembro de la Asociaci\u00f3n Anah\u00ed, HIJOS y del Frente Popular Dar\u00edo Santil\u00e1n. Estudi\u00f3 sociolog\u00eda, carrera en la que se gradu\u00f3 en 2013. Desde principios de ese a\u00f1o vivi\u00f3 en Caracas, donde trabaj\u00f3 como cronista pol\u00edtico y periodista. Ahora se halla en Ciudad de M\u00e9xico. Es tambi\u00e9n autor del libro \u00ab\u00bfQu\u00e9 es Am\u00e9rica Latina hoy?\u00bb.<\/p>\n<\/div><figure class=\"wp-block-media-text__media\"><img data-recalc-dims=\"1\" loading=\"lazy\" decoding=\"async\" width=\"208\" height=\"316\" data-attachment-id=\"29302\" data-permalink=\"https:\/\/elabrevaderojm.com\/en\/2026\/03\/12\/1-escudo-para-ratificar-la-falta-de-soberania-y-el-servilismo-de-latinoamerica-a-la-magacracia-2-noticia-y-analisis-de-la-base-america-latina\/marco-teruggi\/\" data-orig-file=\"https:\/\/i0.wp.com\/elabrevaderojm.com\/wp-content\/uploads\/2026\/03\/marco-teruggi.jpg?fit=208%2C316&amp;ssl=1\" data-orig-size=\"208,316\" data-comments-opened=\"1\" data-image-meta=\"{&quot;aperture&quot;:&quot;0&quot;,&quot;credit&quot;:&quot;&quot;,&quot;camera&quot;:&quot;&quot;,&quot;caption&quot;:&quot;&quot;,&quot;created_timestamp&quot;:&quot;0&quot;,&quot;copyright&quot;:&quot;&quot;,&quot;focal_length&quot;:&quot;0&quot;,&quot;iso&quot;:&quot;0&quot;,&quot;shutter_speed&quot;:&quot;0&quot;,&quot;title&quot;:&quot;&quot;,&quot;orientation&quot;:&quot;1&quot;}\" data-image-title=\"marco teruggi\" data-image-description=\"\" data-image-caption=\"\" data-large-file=\"https:\/\/i0.wp.com\/elabrevaderojm.com\/wp-content\/uploads\/2026\/03\/marco-teruggi.jpg?fit=208%2C316&amp;ssl=1\" src=\"https:\/\/i0.wp.com\/elabrevaderojm.com\/wp-content\/uploads\/2026\/03\/marco-teruggi.jpg?resize=208%2C316&#038;ssl=1\" alt=\"\" class=\"wp-image-29302 size-full\" srcset=\"https:\/\/i0.wp.com\/elabrevaderojm.com\/wp-content\/uploads\/2026\/03\/marco-teruggi.jpg?w=208&amp;ssl=1 208w, https:\/\/i0.wp.com\/elabrevaderojm.com\/wp-content\/uploads\/2026\/03\/marco-teruggi.jpg?resize=197%2C300&amp;ssl=1 197w\" sizes=\"auto, (max-width: 208px) 100vw, 208px\" \/><\/figure><\/div>\n\n\n\n<p class=\"wp-block-paragraph\"><\/p>\n\n\n\n<div class=\"wp-block-media-text is-stacked-on-mobile\" style=\"grid-template-columns:15% auto\"><figure class=\"wp-block-media-text__media\"><img data-recalc-dims=\"1\" loading=\"lazy\" decoding=\"async\" width=\"156\" height=\"199\" data-attachment-id=\"29304\" data-permalink=\"https:\/\/elabrevaderojm.com\/en\/2026\/03\/12\/1-escudo-para-ratificar-la-falta-de-soberania-y-el-servilismo-de-latinoamerica-a-la-magacracia-2-noticia-y-analisis-de-la-base-america-latina\/estefania-veloz\/\" data-orig-file=\"https:\/\/i0.wp.com\/elabrevaderojm.com\/wp-content\/uploads\/2026\/03\/estefania-veloz.jpg?fit=156%2C199&amp;ssl=1\" data-orig-size=\"156,199\" data-comments-opened=\"1\" data-image-meta=\"{&quot;aperture&quot;:&quot;0&quot;,&quot;credit&quot;:&quot;&quot;,&quot;camera&quot;:&quot;&quot;,&quot;caption&quot;:&quot;&quot;,&quot;created_timestamp&quot;:&quot;0&quot;,&quot;copyright&quot;:&quot;&quot;,&quot;focal_length&quot;:&quot;0&quot;,&quot;iso&quot;:&quot;0&quot;,&quot;shutter_speed&quot;:&quot;0&quot;,&quot;title&quot;:&quot;&quot;,&quot;orientation&quot;:&quot;1&quot;}\" data-image-title=\"estefania veloz\" data-image-description=\"\" data-image-caption=\"\" data-large-file=\"https:\/\/i0.wp.com\/elabrevaderojm.com\/wp-content\/uploads\/2026\/03\/estefania-veloz.jpg?fit=156%2C199&amp;ssl=1\" src=\"https:\/\/i0.wp.com\/elabrevaderojm.com\/wp-content\/uploads\/2026\/03\/estefania-veloz.jpg?resize=156%2C199&#038;ssl=1\" alt=\"\" class=\"wp-image-29304 size-full\"\/><\/figure><div class=\"wp-block-media-text__content\">\n<p class=\"has-text-align-justify has-libre-franklin-font-family has-custom-font wp-block-paragraph\" style=\"font-size:18px;font-family:libre-franklin\"><a href=\"https:\/\/es.wikipedia.org\/wiki\/Estefan%C3%ADa_Veloz\">Estefan\u00eda Veloz<\/a> (en la foto) es abogada y analista pol\u00edtico mexico-estadounidense, presentadora de medios, columnista en diferentes medios mexicanos como CNN M\u00e9xico (Opini\u00f3n), el peri\u00f3dico Milenio, la revista Presente y Sin Embargo TV. Activista por los derechos sexuales y reproductivos de las mujeres. Directora de la Defensor\u00eda Popular Feminista, una red de abogadas.<\/p>\n<\/div><\/div>\n\n\n\n<figure class=\"wp-block-table has-dm-serif-display-font-family\"><table class=\"has-vivid-red-color has-pale-ocean-gradient-background has-text-color has-background has-link-color has-fixed-layout\"><tbody><tr><td><span class=\"has-superb-addons-text-align-justify\">Este es un video con informaci\u00f3n interesante sobre la actualidad geopol\u00edtica que comparto en mi p\u00e1gina con el intento \u2014pues nunca se sabe\u2014 de evitar la censura que los medios en manos de los globalistas, derechistas, nazis, sionistas, generadores de odio no dejan de ejercer contra los canales alternativos de informaci\u00f3n.<br>Al contenido presentado por el exponente he a\u00f1adido notas aclaratorias sobre conceptos, nombres, situaciones o lugares mencionados en el video que pudieran ayudar a comprender mejor lo que se expone. <mark style=\"background-color:#fcb900\" class=\"has-inline-color\">De hecho, lo recomendable ser\u00eda leer esa informaci\u00f3n antes de escuchar el video. En muchos casos, esas aclaraciones y\/o explicaciones se han presentado aqu\u00ed como enlaces que pueden ser abiertos para leer.<\/mark><br>Aunque la mayor\u00eda de los enlaces para informaci\u00f3n fueron hechos a <em>Wikipedia<\/em>, este autor no necesariamente se adhiere a esta p\u00e1gina como la m\u00e1s fidedigna o genuina para aclarar dudas, pues este sitio tiende a la narrativa derechista del mundo occidental. Sin embargo, es una fuente muy visitada y utilizada como referencia.<br>Este video fue subido al portal period\u00edstico independiente de an\u00e1lisis pol\u00edtico <strong>La Base Am\u00e9rica Latina<\/strong>.<\/span><\/td><\/tr><\/tbody><\/table><\/figure>\n\n\n\n<figure class=\"wp-block-embed is-type-video is-provider-youtube wp-block-embed-youtube wp-embed-aspect-16-9 wp-has-aspect-ratio\"><div class=\"wp-block-embed__wrapper\">\n<div class=\"jetpack-video-wrapper\"><span class=\"embed-youtube\" style=\"text-align:center; display: block;\"><iframe loading=\"lazy\" class=\"youtube-player\" width=\"640\" height=\"360\" src=\"https:\/\/www.youtube.com\/embed\/dg182gDXXfw?version=3&#038;rel=1&#038;showsearch=0&#038;showinfo=1&#038;iv_load_policy=1&#038;fs=1&#038;hl=en-US&#038;autohide=2&#038;wmode=transparent\" allowfullscreen=\"true\" style=\"border:0;\" sandbox=\"allow-scripts allow-same-origin allow-popups allow-presentation allow-popups-to-escape-sandbox\"><\/iframe><\/span><\/div>\n<\/div><figcaption class=\"wp-element-caption\"><strong>El \u201cEscudo de las Am\u00e9ricas\u201d: Trump re\u00fane a su club de presidentes d\u00f3ciles | La BaseLatam 1&#215;150. 10 de marzo de 2026.<\/strong><\/figcaption><\/figure>\n\n\n\n<p class=\"has-libre-franklin-font-family has-custom-font wp-block-paragraph\" style=\"font-size:18px;font-family:libre-franklin\">De la descripci\u00f3n del video puede saberse:<\/p>\n\n\n\n<p class=\"has-text-align-justify has-libre-franklin-font-family has-custom-font wp-block-paragraph\" style=\"font-size:18px;font-family:libre-franklin\">Inna Afinog\u00e9nova, Estefan\u00eda Veloz y Marco Teruggi analizan la cumbre del \u201cEscudo de las Am\u00e9ricas\u201d organizada por Donald Trump en Miami junto a una docena de presidentes latinoamericanos alineados con Washington. En pleno contexto de escalada militar global, el encuentro lanza una Coalici\u00f3n Antic\u00e1rteles que, seg\u00fan la Casa Blanca, busca combatir narcotr\u00e1fico, migraci\u00f3n e influencia china, pero que abre la puerta a una nueva militarizaci\u00f3n del continente bajo mando estadounidense. El programa examina qui\u00e9nes acudieron a la reuni\u00f3n \u2014Milei, Bukele, Noboa, Asfura, Kast y otros mandatarios\u2014 y qu\u00e9 implica la estrategia de Trump para reordenar el hemisferio bajo la l\u00f3gica de la Doctrina Monroe renovada. Tambi\u00e9n se analizan las ausencias clave de M\u00e9xico, Brasil y Colombia, las presiones sobre gobiernos no alineados y la narrativa medi\u00e1tica que presenta la subordinaci\u00f3n como \u00e9xito diplom\u00e1tico. Adem\u00e1s, se revisa el papel de los medios en la construcci\u00f3n del relato de la cumbre y el nombramiento de Kristi Noem como enviada especial del Escudo de las Am\u00e9ricas, tras su pol\u00e9mica salida del Departamento de Seguridad Nacional. Finalmente, una conversaci\u00f3n con la analista internacional Nahia Sanzo sobre las consecuencias geopol\u00edticas de esta alianza y el futuro del continente frente al nuevo bloque impulsado por Washington.<\/p>\n\n\n\n<p class=\"has-libre-franklin-font-family has-custom-font wp-block-paragraph\" style=\"font-size:18px;font-family:libre-franklin\"><strong>Nahia Sanzo Ruiz de Az\u00faa<\/strong>: Soci\u00f3loga, periodista y miembro de <em>Geopolitikaz<\/em>.<\/p>\n\n\n<div class=\"wp-block-image\">\n<figure class=\"aligncenter size-full is-resized\"><img data-recalc-dims=\"1\" loading=\"lazy\" decoding=\"async\" width=\"361\" height=\"485\" data-attachment-id=\"28019\" data-permalink=\"https:\/\/elabrevaderojm.com\/en\/2025\/12\/03\/1-falacia-imperial-cada-vez-mas-clara-i-noticia-y-analisis-de-mirko-casale\/juan_orlando_hernandez\/\" data-orig-file=\"https:\/\/i0.wp.com\/elabrevaderojm.com\/wp-content\/uploads\/2025\/12\/Juan_Orlando_Hernandez.jpg?fit=361%2C485&amp;ssl=1\" data-orig-size=\"361,485\" data-comments-opened=\"1\" data-image-meta=\"{&quot;aperture&quot;:&quot;5.6&quot;,&quot;credit&quot;:&quot;&quot;,&quot;camera&quot;:&quot;Canon EOS 6D&quot;,&quot;caption&quot;:&quot;Conferencia sobre Prosperidad y Seguridad en Centroam\\u00e9rica Miami, Florida , Estados Unidos .&quot;,&quot;created_timestamp&quot;:&quot;1497516099&quot;,&quot;copyright&quot;:&quot;&quot;,&quot;focal_length&quot;:&quot;380&quot;,&quot;iso&quot;:&quot;6400&quot;,&quot;shutter_speed&quot;:&quot;0.0025&quot;,&quot;title&quot;:&quot;&quot;,&quot;orientation&quot;:&quot;1&quot;}\" data-image-title=\"Juan_Orlando_Hern\u00e1ndez\" data-image-description=\"\" data-image-caption=\"&lt;p&gt;Conferencia sobre Prosperidad y Seguridad en Centroam\u00e9rica Miami, Florida , Estados Unidos .&lt;\/p&gt;\n\" data-large-file=\"https:\/\/i0.wp.com\/elabrevaderojm.com\/wp-content\/uploads\/2025\/12\/Juan_Orlando_Hernandez.jpg?fit=361%2C485&amp;ssl=1\" src=\"https:\/\/i0.wp.com\/elabrevaderojm.com\/wp-content\/uploads\/2025\/12\/Juan_Orlando_Hernandez.jpg?resize=361%2C485&#038;ssl=1\" alt=\"\" class=\"wp-image-28019\" style=\"width:199px;height:auto\" srcset=\"https:\/\/i0.wp.com\/elabrevaderojm.com\/wp-content\/uploads\/2025\/12\/Juan_Orlando_Hernandez.jpg?w=361&amp;ssl=1 361w, https:\/\/i0.wp.com\/elabrevaderojm.com\/wp-content\/uploads\/2025\/12\/Juan_Orlando_Hernandez.jpg?resize=223%2C300&amp;ssl=1 223w, https:\/\/i0.wp.com\/elabrevaderojm.com\/wp-content\/uploads\/2025\/12\/Juan_Orlando_Hernandez.jpg?resize=300%2C403&amp;ssl=1 300w\" sizes=\"auto, (max-width: 361px) 100vw, 361px\" \/><\/figure>\n<\/div>\n\n\n<p class=\"has-text-align-center has-ibarra-real-nova-font-family has-custom-font wp-block-paragraph\" style=\"font-size:18px;font-family:ibarra-real-nova\"><a href=\"https:\/\/es.wikipedia.org\/wiki\/Juan_Orlando_Hern%C3%A1ndez\">Juan Orlando Hern\u00e1ndez Alvarado<\/a><\/p>\n\n\n\n<p class=\"has-text-align-justify has-libre-franklin-font-family has-custom-font wp-block-paragraph\" style=\"font-size:18px;font-family:libre-franklin\">La lista y las fotos de los latinoamericanos que se reunieron con su jefe estadounidense lo pueden ver en el siguiente art\u00edculo (y, de paso, leen la informaci\u00f3n que precede a esta):<\/p>\n\n\n\n<figure style=\"font-size:17px\" class=\"wp-block-table has-literata-font-family\"><table class=\"has-pale-ocean-gradient-background has-background has-fixed-layout\" style=\"border-width:4px\"><tbody><tr><td><strong><mark style=\"background-color:rgba(0, 0, 0, 0);color:#f50707\" class=\"has-inline-color\">RELACIONADO<\/mark>: <strong><a href=\"https:\/\/elabrevaderojm.com\/2026\/03\/11\/1-escudo-para-ratificar-la-falta-de-soberania-y-el-servilismo-de-latinoamerica-a-la-magacracia-noticia-y-analisis-de-jesus-escobar-tovar\/\">1 escudo \u00bfpara ratificar la falta de soberan\u00eda y el servilismo de Latinoam\u00e9rica a la MAGAcracia? Noticia y an\u00e1lisis de Jes\u00fas Escobar Tovar<\/a><\/strong><\/strong><\/td><\/tr><\/tbody><\/table><\/figure>\n\n\n\n<p class=\"has-text-align-justify has-libre-franklin-font-family has-custom-font wp-block-paragraph\" style=\"font-size:18px;font-family:libre-franklin\"><a href=\"https:\/\/es.wikipedia.org\/wiki\/Pino_Solanas\">Fernando Ezequiel \u00abPino\u00bb Solanas<\/a>, <a href=\"https:\/\/es.wikipedia.org\/wiki\/TV_Azteca\">TV Azteca<\/a>, <a href=\"https:\/\/es.wikipedia.org\/wiki\/Patricia_Bullrich\">Patricia Bullrich<\/a>, <a href=\"https:\/\/es.wikipedia.org\/wiki\/Muerte_de_Ren%C3%A9e_Good\">asesinato de Ren\u00e9e Nicole Good<\/a>, <a href=\"https:\/\/es.wikipedia.org\/wiki\/Homicidio_de_Alex_Pretti\">asesinato de Alex Pretti<\/a><\/p>\n\n\n\n<div class=\"wp-block-jetpack-tiled-gallery aligncenter is-style-rectangular\"><div class=\"\"><div class=\"tiled-gallery__gallery\"><div class=\"tiled-gallery__row\"><div class=\"tiled-gallery__col\" style=\"flex-basis:24.01322%\"><figure class=\"tiled-gallery__item\"><img decoding=\"async\" data-attachment-id=\"29315\" data-permalink=\"https:\/\/elabrevaderojm.com\/en\/2026\/03\/12\/1-escudo-para-ratificar-la-falta-de-soberania-y-el-servilismo-de-latinoamerica-a-la-magacracia-2-noticia-y-analisis-de-la-base-america-latina\/pino-solanas-300x300\/\" data-orig-file=\"https:\/\/i0.wp.com\/elabrevaderojm.com\/wp-content\/uploads\/2026\/03\/Pino-Solanas-300x300-1.jpg?fit=229%2C300&amp;ssl=1\" data-orig-size=\"229,300\" data-comments-opened=\"1\" data-image-meta=\"{&quot;aperture&quot;:&quot;0&quot;,&quot;credit&quot;:&quot;&quot;,&quot;camera&quot;:&quot;&quot;,&quot;caption&quot;:&quot;&quot;,&quot;created_timestamp&quot;:&quot;0&quot;,&quot;copyright&quot;:&quot;&quot;,&quot;focal_length&quot;:&quot;0&quot;,&quot;iso&quot;:&quot;0&quot;,&quot;shutter_speed&quot;:&quot;0&quot;,&quot;title&quot;:&quot;&quot;,&quot;orientation&quot;:&quot;1&quot;}\" data-image-title=\"Pino-Solanas-300&amp;#215;300\" data-image-description=\"\" data-image-caption=\"\" data-large-file=\"https:\/\/i0.wp.com\/elabrevaderojm.com\/wp-content\/uploads\/2026\/03\/Pino-Solanas-300x300-1.jpg?fit=229%2C300&amp;ssl=1\" role=\"button\" tabindex=\"0\" aria-label=\"Open image 1 of 4 in full-screen\" srcset=\"https:\/\/i0.wp.com\/elabrevaderojm.com\/wp-content\/uploads\/2026\/03\/Pino-Solanas-300x300-1.jpg?strip=info&#038;w=229&#038;ssl=1 229w\" alt=\"\" data-height=\"300\" data-id=\"29315\" data-link=\"https:\/\/elabrevaderojm.com\/?attachment_id=29315\" data-url=\"https:\/\/elabrevaderojm.com\/wp-content\/uploads\/2026\/03\/Pino-Solanas-300x300-1.jpg\" data-width=\"229\" src=\"https:\/\/i0.wp.com\/elabrevaderojm.com\/wp-content\/uploads\/2026\/03\/Pino-Solanas-300x300-1.jpg?ssl=1\" data-amp-layout=\"responsive\"\/><\/figure><\/div><div class=\"tiled-gallery__col\" style=\"flex-basis:29.75696%\"><figure class=\"tiled-gallery__item\"><img decoding=\"async\" data-attachment-id=\"29316\" data-permalink=\"https:\/\/elabrevaderojm.com\/en\/2026\/03\/12\/1-escudo-para-ratificar-la-falta-de-soberania-y-el-servilismo-de-latinoamerica-a-la-magacracia-2-noticia-y-analisis-de-la-base-america-latina\/patricia-bullrich\/\" data-orig-file=\"https:\/\/i0.wp.com\/elabrevaderojm.com\/wp-content\/uploads\/2026\/03\/patricia-bullrich.jpg?fit=142%2C150&amp;ssl=1\" data-orig-size=\"142,150\" data-comments-opened=\"1\" data-image-meta=\"{&quot;aperture&quot;:&quot;0&quot;,&quot;credit&quot;:&quot;&quot;,&quot;camera&quot;:&quot;&quot;,&quot;caption&quot;:&quot;&quot;,&quot;created_timestamp&quot;:&quot;0&quot;,&quot;copyright&quot;:&quot;&quot;,&quot;focal_length&quot;:&quot;0&quot;,&quot;iso&quot;:&quot;0&quot;,&quot;shutter_speed&quot;:&quot;0&quot;,&quot;title&quot;:&quot;&quot;,&quot;orientation&quot;:&quot;1&quot;}\" data-image-title=\"patricia bullrich\" data-image-description=\"\" data-image-caption=\"\" data-large-file=\"https:\/\/i0.wp.com\/elabrevaderojm.com\/wp-content\/uploads\/2026\/03\/patricia-bullrich.jpg?fit=142%2C150&amp;ssl=1\" role=\"button\" tabindex=\"0\" aria-label=\"Open image 2 of 4 in full-screen\" srcset=\"https:\/\/i0.wp.com\/elabrevaderojm.com\/wp-content\/uploads\/2026\/03\/patricia-bullrich.jpg?strip=info&#038;w=142&#038;ssl=1 142w\" alt=\"\" data-height=\"150\" data-id=\"29316\" data-link=\"https:\/\/elabrevaderojm.com\/?attachment_id=29316\" data-url=\"https:\/\/elabrevaderojm.com\/wp-content\/uploads\/2026\/03\/patricia-bullrich.jpg\" data-width=\"142\" src=\"https:\/\/i0.wp.com\/elabrevaderojm.com\/wp-content\/uploads\/2026\/03\/patricia-bullrich.jpg?ssl=1\" data-amp-layout=\"responsive\"\/><\/figure><\/div><div class=\"tiled-gallery__col\" style=\"flex-basis:25.18693%\"><figure class=\"tiled-gallery__item\"><img decoding=\"async\" data-attachment-id=\"29076\" data-permalink=\"https:\/\/elabrevaderojm.com\/en\/2026\/03\/02\/magacracia-djt-1-dictadura-fascista-como-cualquier-otra-2-analisis-de-cesar-enrique-pineda-ramirez-en-el-canal-de-jesus-escobar\/renee-nicole-good\/\" data-orig-file=\"https:\/\/i0.wp.com\/elabrevaderojm.com\/wp-content\/uploads\/2026\/03\/renee-nicole-good.jpg?fit=201%2C251&amp;ssl=1\" data-orig-size=\"201,251\" data-comments-opened=\"1\" data-image-meta=\"{&quot;aperture&quot;:&quot;0&quot;,&quot;credit&quot;:&quot;&quot;,&quot;camera&quot;:&quot;&quot;,&quot;caption&quot;:&quot;&quot;,&quot;created_timestamp&quot;:&quot;0&quot;,&quot;copyright&quot;:&quot;&quot;,&quot;focal_length&quot;:&quot;0&quot;,&quot;iso&quot;:&quot;0&quot;,&quot;shutter_speed&quot;:&quot;0&quot;,&quot;title&quot;:&quot;&quot;,&quot;orientation&quot;:&quot;0&quot;}\" data-image-title=\"renee nicole good\" data-image-description=\"\" data-image-caption=\"\" data-large-file=\"https:\/\/i0.wp.com\/elabrevaderojm.com\/wp-content\/uploads\/2026\/03\/renee-nicole-good.jpg?fit=201%2C251&amp;ssl=1\" role=\"button\" tabindex=\"0\" aria-label=\"Open image 3 of 4 in full-screen\" srcset=\"https:\/\/i0.wp.com\/elabrevaderojm.com\/wp-content\/uploads\/2026\/03\/renee-nicole-good.jpg?strip=info&#038;w=201&#038;ssl=1 201w\" alt=\"\" data-height=\"251\" data-id=\"29076\" data-link=\"https:\/\/elabrevaderojm.com\/2026\/03\/02\/magacracia-djt-1-dictadura-fascista-como-cualquier-otra-2-analisis-de-cesar-enrique-pineda-ramirez-en-el-canal-de-jesus-escobar\/renee-nicole-good\/\" data-url=\"https:\/\/elabrevaderojm.com\/wp-content\/uploads\/2026\/03\/renee-nicole-good.jpg\" data-width=\"201\" src=\"https:\/\/i0.wp.com\/elabrevaderojm.com\/wp-content\/uploads\/2026\/03\/renee-nicole-good.jpg?ssl=1\" data-amp-layout=\"responsive\"\/><\/figure><\/div><div class=\"tiled-gallery__col\" style=\"flex-basis:21.04288%\"><figure class=\"tiled-gallery__item\"><img decoding=\"async\" data-attachment-id=\"29317\" data-permalink=\"https:\/\/elabrevaderojm.com\/en\/2026\/03\/12\/1-escudo-para-ratificar-la-falta-de-soberania-y-el-servilismo-de-latinoamerica-a-la-magacracia-2-noticia-y-analisis-de-la-base-america-latina\/alex_pretti_-_va_portrait_enhanced_deluxe\/\" data-orig-file=\"https:\/\/i0.wp.com\/elabrevaderojm.com\/wp-content\/uploads\/2026\/03\/Alex_Pretti_-_VA_portrait_enhanced_deluxe.jpg?fit=960%2C1436&amp;ssl=1\" data-orig-size=\"960,1436\" data-comments-opened=\"1\" data-image-meta=\"{&quot;aperture&quot;:&quot;0&quot;,&quot;credit&quot;:&quot;&quot;,&quot;camera&quot;:&quot;&quot;,&quot;caption&quot;:&quot;&quot;,&quot;created_timestamp&quot;:&quot;0&quot;,&quot;copyright&quot;:&quot;&quot;,&quot;focal_length&quot;:&quot;0&quot;,&quot;iso&quot;:&quot;0&quot;,&quot;shutter_speed&quot;:&quot;0&quot;,&quot;title&quot;:&quot;&quot;,&quot;orientation&quot;:&quot;0&quot;}\" data-image-title=\"Alex_Pretti_-_VA_portrait_(enhanced_deluxe)\" data-image-description=\"\" data-image-caption=\"\" data-large-file=\"https:\/\/i0.wp.com\/elabrevaderojm.com\/wp-content\/uploads\/2026\/03\/Alex_Pretti_-_VA_portrait_enhanced_deluxe.jpg?fit=640%2C957&amp;ssl=1\" role=\"button\" tabindex=\"0\" aria-label=\"Open image 4 of 4 in full-screen\" srcset=\"https:\/\/i0.wp.com\/elabrevaderojm.com\/wp-content\/uploads\/2026\/03\/Alex_Pretti_-_VA_portrait_enhanced_deluxe-685x1024.jpg?strip=info&#038;w=600&#038;ssl=1 600w,https:\/\/i0.wp.com\/elabrevaderojm.com\/wp-content\/uploads\/2026\/03\/Alex_Pretti_-_VA_portrait_enhanced_deluxe-685x1024.jpg?strip=info&#038;w=685&#038;ssl=1 685w\" alt=\"\" data-height=\"1436\" data-id=\"29317\" data-link=\"https:\/\/elabrevaderojm.com\/?attachment_id=29317\" data-url=\"https:\/\/elabrevaderojm.com\/wp-content\/uploads\/2026\/03\/Alex_Pretti_-_VA_portrait_enhanced_deluxe-685x1024.jpg\" data-width=\"960\" src=\"https:\/\/i0.wp.com\/elabrevaderojm.com\/wp-content\/uploads\/2026\/03\/Alex_Pretti_-_VA_portrait_enhanced_deluxe-685x1024.jpg?ssl=1\" data-amp-layout=\"responsive\"\/><\/figure><\/div><\/div><\/div><\/div><\/div>\n\n\n\n<p class=\"has-text-align-center has-ibarra-real-nova-font-family has-custom-font wp-block-paragraph\" style=\"font-size:18px;font-family:ibarra-real-nova\"><strong>De izquierda a derecha: Solanas; Patricia; Ren\u00e9e; Alex.<\/strong><\/p>\n\n\n\n<figure style=\"font-size:17px\" class=\"wp-block-table has-literata-font-family\"><table class=\"has-pale-ocean-gradient-background has-background has-fixed-layout\" style=\"border-width:4px\"><tbody><tr><td><strong><mark style=\"background-color:rgba(0, 0, 0, 0);color:#f50707\" class=\"has-inline-color\">RELACIONADO<\/mark>: <strong><strong><a href=\"https:\/\/elabrevaderojm.com\/2026\/02\/25\/magacracia-djt-una-dictadura-fascista-como-cualquier-otra-1-noticia-y-analisis-con-alan-barroso-arrufat\/\">\u00abMAGAcracia DJT: \u00bf1 dictadura fascista como cualquier otra? (1). Noticia y an\u00e1lisis con Al\u00e1n Barroso Arrufat<\/a><\/strong><\/strong><\/strong><\/td><\/tr><\/tbody><\/table><\/figure>\n\n\n\n<p class=\"has-libre-franklin-font-family has-custom-font wp-block-paragraph\" style=\"font-size:18px;font-family:libre-franklin\"><a href=\"https:\/\/es.wikipedia.org\/wiki\/Kristi_Noem\">Kristi Lynn Arnold Noem<\/a>, <a href=\"https:\/\/es.wikipedia.org\/wiki\/Homicidio_de_Silverio_Villegas_Gonz%C3%A1lez\">asesinato de Silverio Villegas Gonz\u00e1lez<\/a><\/p>\n\n\n\n<div class=\"wp-block-jetpack-tiled-gallery aligncenter is-style-columns\"><div class=\"\"><div class=\"tiled-gallery__gallery\"><div class=\"tiled-gallery__row\"><div class=\"tiled-gallery__col\" style=\"flex-basis:27.98934%\"><figure class=\"tiled-gallery__item\"><img decoding=\"async\" data-attachment-id=\"27285\" data-permalink=\"https:\/\/elabrevaderojm.com\/en\/2025\/10\/29\/el-terrorista-de-nuestro-continente-amenaza-a-latinoamerica-de-nuevo-noticia-y-analisis-de-canal-red-la-base\/kristi-n-1\/\" data-orig-file=\"https:\/\/i0.wp.com\/elabrevaderojm.com\/wp-content\/uploads\/2025\/10\/kristi-n-1.jpg?fit=337%2C333&amp;ssl=1\" data-orig-size=\"337,333\" data-comments-opened=\"1\" data-image-meta=\"{&quot;aperture&quot;:&quot;0&quot;,&quot;credit&quot;:&quot;&quot;,&quot;camera&quot;:&quot;&quot;,&quot;caption&quot;:&quot;&quot;,&quot;created_timestamp&quot;:&quot;0&quot;,&quot;copyright&quot;:&quot;&quot;,&quot;focal_length&quot;:&quot;0&quot;,&quot;iso&quot;:&quot;0&quot;,&quot;shutter_speed&quot;:&quot;0&quot;,&quot;title&quot;:&quot;&quot;,&quot;orientation&quot;:&quot;1&quot;}\" data-image-title=\"kristi n 1\" data-image-description=\"\" data-image-caption=\"\" data-large-file=\"https:\/\/i0.wp.com\/elabrevaderojm.com\/wp-content\/uploads\/2025\/10\/kristi-n-1.jpg?fit=337%2C333&amp;ssl=1\" role=\"button\" tabindex=\"0\" aria-label=\"Open image 1 of 3 in full-screen\" srcset=\"https:\/\/i0.wp.com\/elabrevaderojm.com\/wp-content\/uploads\/2025\/10\/kristi-n-1.jpg?strip=info&#038;w=337&#038;ssl=1 337w\" alt=\"\" data-height=\"333\" data-id=\"27285\" data-link=\"https:\/\/elabrevaderojm.com\/2025\/10\/29\/el-terrorista-de-nuestro-continente-amenaza-a-latinoamerica-de-nuevo-noticia-y-analisis-de-canal-red-la-base\/kristi-n-1\/\" data-url=\"https:\/\/elabrevaderojm.com\/wp-content\/uploads\/2025\/10\/kristi-n-1.jpg\" data-width=\"337\" src=\"https:\/\/i0.wp.com\/elabrevaderojm.com\/wp-content\/uploads\/2025\/10\/kristi-n-1.jpg?ssl=1\" data-amp-layout=\"responsive\"\/><\/figure><\/div><div class=\"tiled-gallery__col\" style=\"flex-basis:20.02623%\"><figure class=\"tiled-gallery__item\"><img decoding=\"async\" data-attachment-id=\"29322\" data-permalink=\"https:\/\/elabrevaderojm.com\/en\/2026\/03\/12\/1-escudo-para-ratificar-la-falta-de-soberania-y-el-servilismo-de-latinoamerica-a-la-magacracia-2-noticia-y-analisis-de-la-base-america-latina\/silverio-villegas\/\" data-orig-file=\"https:\/\/i0.wp.com\/elabrevaderojm.com\/wp-content\/uploads\/2026\/03\/silverio-villegas.jpg?fit=237%2C328&amp;ssl=1\" data-orig-size=\"237,328\" data-comments-opened=\"1\" data-image-meta=\"{&quot;aperture&quot;:&quot;0&quot;,&quot;credit&quot;:&quot;&quot;,&quot;camera&quot;:&quot;&quot;,&quot;caption&quot;:&quot;&quot;,&quot;created_timestamp&quot;:&quot;0&quot;,&quot;copyright&quot;:&quot;&quot;,&quot;focal_length&quot;:&quot;0&quot;,&quot;iso&quot;:&quot;0&quot;,&quot;shutter_speed&quot;:&quot;0&quot;,&quot;title&quot;:&quot;&quot;,&quot;orientation&quot;:&quot;1&quot;}\" data-image-title=\"silverio villegas\" data-image-description=\"\" data-image-caption=\"\" data-large-file=\"https:\/\/i0.wp.com\/elabrevaderojm.com\/wp-content\/uploads\/2026\/03\/silverio-villegas.jpg?fit=237%2C328&amp;ssl=1\" role=\"button\" tabindex=\"0\" aria-label=\"Open image 2 of 3 in full-screen\" srcset=\"https:\/\/i0.wp.com\/elabrevaderojm.com\/wp-content\/uploads\/2026\/03\/silverio-villegas.jpg?strip=info&#038;w=237&#038;ssl=1 237w\" alt=\"\" data-height=\"328\" data-id=\"29322\" data-link=\"https:\/\/elabrevaderojm.com\/?attachment_id=29322\" data-url=\"https:\/\/elabrevaderojm.com\/wp-content\/uploads\/2026\/03\/silverio-villegas.jpg\" data-width=\"237\" src=\"https:\/\/i0.wp.com\/elabrevaderojm.com\/wp-content\/uploads\/2026\/03\/silverio-villegas.jpg?ssl=1\" data-amp-layout=\"responsive\"\/><\/figure><\/div><div class=\"tiled-gallery__col\" style=\"flex-basis:51.98443%\"><figure class=\"tiled-gallery__item\"><img decoding=\"async\" data-attachment-id=\"29321\" data-permalink=\"https:\/\/elabrevaderojm.com\/en\/2026\/03\/12\/1-escudo-para-ratificar-la-falta-de-soberania-y-el-servilismo-de-latinoamerica-a-la-magacracia-2-noticia-y-analisis-de-la-base-america-latina\/monumento-a-silverio_villegas_gonzalez_9_15_2025\/\" data-orig-file=\"https:\/\/i0.wp.com\/elabrevaderojm.com\/wp-content\/uploads\/2026\/03\/monumento-a-Silverio_Villegas_Gonzalez_9_15_2025.jpg?fit=358%2C190&amp;ssl=1\" data-orig-size=\"358,190\" data-comments-opened=\"1\" data-image-meta=\"{&quot;aperture&quot;:&quot;0&quot;,&quot;credit&quot;:&quot;&quot;,&quot;camera&quot;:&quot;&quot;,&quot;caption&quot;:&quot;&quot;,&quot;created_timestamp&quot;:&quot;0&quot;,&quot;copyright&quot;:&quot;&quot;,&quot;focal_length&quot;:&quot;0&quot;,&quot;iso&quot;:&quot;0&quot;,&quot;shutter_speed&quot;:&quot;0&quot;,&quot;title&quot;:&quot;&quot;,&quot;orientation&quot;:&quot;1&quot;}\" data-image-title=\"monumento a Silverio_Villegas_Gonz\u00e1lez_9_15_2025\" data-image-description=\"\" data-image-caption=\"\" data-large-file=\"https:\/\/i0.wp.com\/elabrevaderojm.com\/wp-content\/uploads\/2026\/03\/monumento-a-Silverio_Villegas_Gonzalez_9_15_2025.jpg?fit=358%2C190&amp;ssl=1\" role=\"button\" tabindex=\"0\" aria-label=\"Open image 3 of 3 in full-screen\" srcset=\"https:\/\/i0.wp.com\/elabrevaderojm.com\/wp-content\/uploads\/2026\/03\/monumento-a-Silverio_Villegas_Gonzalez_9_15_2025.jpg?strip=info&#038;w=358&#038;ssl=1 358w\" alt=\"\" data-height=\"190\" data-id=\"29321\" data-link=\"https:\/\/elabrevaderojm.com\/?attachment_id=29321\" data-url=\"https:\/\/elabrevaderojm.com\/wp-content\/uploads\/2026\/03\/monumento-a-Silverio_Villegas_Gonzalez_9_15_2025.jpg\" data-width=\"358\" src=\"https:\/\/i0.wp.com\/elabrevaderojm.com\/wp-content\/uploads\/2026\/03\/monumento-a-Silverio_Villegas_Gonzalez_9_15_2025.jpg?ssl=1\" data-amp-layout=\"responsive\"\/><\/figure><\/div><\/div><\/div><\/div><\/div>\n\n\n\n<p class=\"has-text-align-center has-ibarra-real-nova-font-family has-custom-font wp-block-paragraph\" style=\"font-size:18px;font-family:ibarra-real-nova\"><strong>De izquierda a derecha: Noem; Silverio; Un monumento en el lugar de los hechos, 15 de septiembre de 2025 (<a href=\"https:\/\/www.flickr.com\/people\/65414509@N00\">Paul Goyette<\/a>\u00a0from Chicago, USA\u00a0&#8211;\u00a0<a href=\"https:\/\/www.flickr.com\/photos\/pgoyette\/54790380086\/\">20250915_1211<\/a>).<\/strong><\/p>\n\n\n\n<figure class=\"wp-block-embed aligncenter is-type-video is-provider-tiktok wp-block-embed-tiktok\"><div class=\"wp-block-embed__wrapper\">\n<blockquote class=\"tiktok-embed\" cite=\"https:\/\/www.tiktok.com\/@noticiasparainmigrantes\/video\/7613150400346115358\" data-video-id=\"7613150400346115358\" data-embed-from=\"oembed\" style=\"max-width:605px; min-width:325px;\"> <section> <a target=\"_blank\" title=\"@noticiasparainmigrantes\" href=\"https:\/\/www.tiktok.com\/@noticiasparainmigrantes?refer=embed\">@noticiasparainmigrantes<\/a> <p>\ud83d\udea8Marimar Mart\u00ednez fue baleada por agentes que interceptaron su veh\u00edculo mientras se dirig\u00eda a su iglesia para entregar donativos. Le dispararon y una de las balas la alcanz\u00f3, dej\u00e1ndola al borde de la muerte. \ud83d\udcccMarimar estuvo presente en el Comit\u00e9 Judicial del Senado durante la comparecencia de la secretaria del Departamento de Seguridad Nacional, Kristi Noem, y escuch\u00f3 claramente cuando afirm\u00f3 que no estaba enterada de la situaci\u00f3n. \ud83d\udcccEl descontrol dentro de esta agencia parece ser tan grande que ni siquiera la persona encargada estar\u00eda al tanto de lo que est\u00e1 ocurriendo. Es preocupante que una instituci\u00f3n responsable de asuntos tan delicados como la seguridad nacional no tenga claridad sobre hechos tan graves. \ud83d\ude4fEsta situaci\u00f3n debe cambiar. dhs ice immigration kristinoem usgovernment<\/p> <a target=\"_blank\" title=\"\u266c original sound - noticiasparainmigrantes - noticiasparainmigrantes\" href=\"https:\/\/www.tiktok.com\/music\/original-sound-noticiasparainmigrantes-7613150490104285982?refer=embed\">\u266c original sound &#8211; noticiasparainmigrantes &#8211; noticiasparainmigrantes<\/a> <\/section> <\/blockquote> <script async src=\"https:\/\/www.tiktok.com\/embed.js\"><\/script>\n<\/div><\/figure>\n\n\n\n<p class=\"has-text-align-center has-ibarra-real-nova-font-family has-custom-font wp-block-paragraph\" style=\"font-size:18px;font-family:ibarra-real-nova\"><strong>Video subido a <em>Tik Tok<\/em> sobre el testimonio dado por Kristi Noem acerca del ataque a Marimar Mart\u00ednez<\/strong>.<\/p>\n\n\n\n<h2 class=\"wp-block-heading has-text-align-center has-urbanist-font-family has-custom-font\" style=\"font-family:urbanist\"><strong>Noem ultima a su mascota<\/strong><\/h2>\n\n\n\n<figure style=\"font-size:17px\" class=\"wp-block-table has-gabarito-font-family\"><table class=\"has-background has-fixed-layout\" style=\"background:linear-gradient(135deg,rgb(254,205,165) 24%,rgb(254,45,45) 50%,rgb(107,0,62) 100%)\"><tbody><tr><td>Acorde a la IA de Google:<br>\u00a0<br>La gobernadora de Dakota del Sur, Kristi Noem, admiti\u00f3 en sus memorias de 2024, <em>No Going Back<\/em>, que dispar\u00f3 y mat\u00f3 a su cachorro de punta de pelo de alambre de 14 meses, Cricket, en una gravera hace a\u00f1os. Ella afirm\u00f3 que el perro era agresivo, arruin\u00f3 una cacer\u00eda y atac\u00f3 a las gallinas de un vecino.\u00a0<br>\u00a0<br><strong>El incidente:<\/strong> Noem describi\u00f3 a Cricket como \u00abinentrecable\u00bb, peligrosa y \u00abno yo\u00bb, diciendo que mat\u00f3 al perro y a una cabra \u00abdesagradable\u00bb sin nombre, ya que consideraba que era un acto \u00abdif\u00edcil\u00bb pero necesario y responsable de una ranchera.<br><strong>Reacci\u00f3n negativa:<\/strong> La revelaci\u00f3n provoc\u00f3 cr\u00edticas generalizadas y bipartidistas y da\u00f1\u00f3 su posici\u00f3n pol\u00edtica, especialmente en lo que respecta a sus posibilidades como candidata a la vicepresidencia en 2024, ya que muchos consideraron la acci\u00f3n cruel.<br><strong>Defensa: <\/strong>Noem defendi\u00f3 sus acciones, sugiriendo que estaba cumpliendo la ley y que el perro representaba una amenaza para su familia y ganado.<br>\u00a0<br>La historia se incluy\u00f3 para ilustrar su disposici\u00f3n a tomar decisiones \u00abdif\u00edciles\u00bb, pero sus asesores la consideraron en gran medida un error de c\u00e1lculo, que previamente hab\u00edan recomendado eliminar la historia.<\/td><\/tr><\/tbody><\/table><\/figure>\n\n\n\n<h2 class=\"wp-block-heading has-text-align-center has-urbanist-font-family has-custom-font\" style=\"font-family:urbanist\"><strong>La estafa MAGA Memecoin<\/strong><\/h2>\n\n\n\n<figure style=\"font-size:17px\" class=\"wp-block-table has-gabarito-font-family\"><table class=\"has-background has-fixed-layout\" style=\"background-color:#bca77c\"><tbody><tr><td>Acorde a la IA de Google:<br><br>A principios de 2025, Donald Trump ha estado asociado con la <strong>MAGA Memecoin<\/strong> ($TRUMP), a la que licenci\u00f3 su nombre y de la que posee una parte, contribuyendo a m\u00e1s de 1.000 millones de d\u00f3lares en ganancias relacionadas con las criptomonedas. Lanzada en torno a su investidura en 2025, la moneda ha recibido intensas cr\u00edticas por conflictos de inter\u00e9s, valoraci\u00f3n y acusaciones de ser un esquema de <em><a href=\"https:\/\/es.wikipedia.org\/wiki\/Pump_and_dump\">pump and dump<\/a><\/em>.\u00a0<br><br><strong>Lanzamiento y valor:<\/strong> La moneda $TRUMP se introdujo alrededor del 17 de enero de 2025, con informes que indican que aument\u00f3 significativamente de valor tras la inauguraci\u00f3n, y algunos alegan que se utiliz\u00f3 para extraer fondos de inversores.<br><strong>Cr\u00edticas y controversia:<\/strong> Los cr\u00edticos han destacado la falta de transparencia, el potencial de corrupci\u00f3n y el uso de la presidencia para promover el token. Algunos lo han calificado de \u00abestafa\u00bb, con acusaciones de que no sirve para nada m\u00e1s que aprovechar su perfil p\u00fablico.<br><strong>Impacto en el mercado:<\/strong> A pesar de la controversia, el token ha sido negociable en varias plataformas, con fluctuaciones de precio reportadas. Por ejemplo, en marzo de 2026, el precio rondaba los 3,06 d\u00f3lares, una bajada significativa respecto a los m\u00e1ximos anteriores.<br><strong>Contexto m\u00e1s amplio:<\/strong> Esto forma parte de un impulso m\u00e1s amplio y controvertido en el espacio cripto, que tambi\u00e9n incluye el proyecto \u00abWorld Liberty Financial\u00bb, con algunos acusando a la administraci\u00f3n de usar su posici\u00f3n para beneficiarse de estos activos no regulados.<\/td><\/tr><\/tbody><\/table><\/figure>\n\n\n<div class=\"wp-block-coblocks-shape-divider is-style-rounded is-vertically-flipped mt-0 mb-0\" style=\"color: #111;\" aria-hidden=\"true\">\n\t\t\t<div class=\"wp-block-coblocks-shape-divider__svg-wrapper\" style=\"height:100px;\">\n\t\t\t\t<svg class=\"divider--rounded\" xmlns=\"http:\/\/www.w3.org\/2000\/svg\" x=\"0px\" y=\"0px\" viewBox=\"0 0 240 24\" enableBackground=\"new 0 0 240 24\" preserveAspectRatio=\"none\"><path d=\"M119.849,0C47.861,0,0,24,0,24h240C240,24,191.855,0.021,119.849,0z\" \/><\/svg>\n\t\t\t<\/div>\n\t\t\t<div class=\"wp-block-coblocks-shape-divider__alt-wrapper\" style=\"height:50px;\"><\/div>\n\t\t<\/div>\n\n\n<p class=\"wp-block-paragraph\"><\/p>\n\n\n\n<p class=\"has-text-align-justify has-libre-franklin-font-family has-custom-font wp-block-paragraph\" style=\"font-size:18px;font-family:libre-franklin\">No creo que, por mi parte, tenga algo m\u00e1s que agregar a lo ya visto en el video, porque es bastante expl\u00edcito. Es una verg\u00fcenza que esos personajillos se humillen al grado que lo hacen, pero no siento ni pena por ellos, porque \u00fanicamente el idioma es lo que tenemos en com\u00fan. Y no se merecen mi pena.<\/p>\n\n\n\n<p class=\"has-text-align-justify has-libre-franklin-font-family has-custom-font wp-block-paragraph\" style=\"font-size:18px;font-family:libre-franklin\">\u00bfUsted qu\u00e9 piensa? \u00bfAlguno de estos es el presidente de su pa\u00eds? Y si lo es, \u00bflo reconoce como suyo? D\u00edgalo en los comentarios.<\/p>\n\n\n\n<hr class=\"wp-block-separator has-alpha-channel-opacity\"\/>\n\n\n\n<p class=\"has-text-align-justify wp-block-paragraph\" style=\"font-size:17px\">Si te ha gustado este art\u00edculo, demu\u00e9stralo con un \u00abpulgar arriba\u00bb y un \u00abaplauso\u00bb, y compartiendo el contenido con tus amistades y en tus redes sociales. Es muy gratificante. Y quiz\u00e1s otras personas se enteren de estas cosas interesantes que has le\u00eddo hoy.<\/p>\n\n\n\n<p class=\"has-text-align-justify wp-block-paragraph\" style=\"font-size:17px\">Si tienes algo que comentar, preguntar o agregar, o decirme como expositor, por favor hazlo dejando tu comentario.<\/p>\n\n\n\n<p class=\"has-text-align-justify wp-block-paragraph\" style=\"font-size:17px\">Siempre lo mejor para estar al tanto de estas interesantes entregas es suscribirte a mi blog, que trato de surtir con nuevos trabajos siempre que me sea posible.<\/p>\n\n\n\n<p class=\"wp-block-paragraph\" style=\"font-size:17px\">Gracias por leer.<\/p>\n\n\n\n<div class=\"wp-block-comments\">\n\t\t<div id=\"respond\" class=\"comment-respond wp-block-post-comments-form\">\n\t\t\t<h3 id=\"reply-title\" class=\"comment-reply-title\">Leave a Reply<small><a rel=\"nofollow\" id=\"cancel-comment-reply-link\" href=\"\/en\/wp-json\/wp\/v2\/posts\/29291#respond\" style=\"display:none;\">Cancel reply<\/a><\/small><\/h3>\t\t\t<form id=\"commentform\" class=\"comment-form\">\n\t\t\t\t<iframe\n\t\t\t\t\ttitle=\"Comment Form\"\n\t\t\t\t\tsrc=\"https:\/\/jetpack.wordpress.com\/jetpack-comment\/?blogid=153735515&#038;postid=29291&#038;comment_registration=0&#038;require_name_email=0&#038;stc_enabled=1&#038;stb_enabled=1&#038;show_avatars=1&#038;avatar_default=identicon&#038;greeting=Leave+a+Reply&#038;jetpack_comments_nonce=1d90db17e9&#038;greeting_reply=Leave+a+Reply+to+%25s&#038;color_scheme=light&#038;lang=en_US&#038;jetpack_version=16.2-a.5&#038;iframe_unique_id=1&#038;show_cookie_consent=10&#038;has_cookie_consent=0&#038;is_current_user_subscribed=0&#038;token_key=%3Bnormal%3B&#038;sig=7f93354c04b7af379993e4f0e1f0d571e451c039#parent=https%3A%2F%2Felabrevaderojm.com%2Fen%2Fwp-json%2Fwp%2Fv2%2Fposts%2F29291\"\n\t\t\t\t\t\t\t\t\t\t\tname=\"jetpack_remote_comment\"\n\t\t\t\t\t\tstyle=\"width:100%; height: 430px; border:0;\"\n\t\t\t\t\t\t\t\t\t\tclass=\"jetpack_remote_comment\"\n\t\t\t\t\tid=\"jetpack_remote_comment\"\n\t\t\t\t\tsandbox=\"allow-same-origin allow-top-navigation allow-scripts allow-forms allow-popups\"\n\t\t\t\t>\n\t\t\t\t\t\t\t\t\t<\/iframe>\n\t\t\t\t\t\t\t\t\t<!--[if !IE]><!-->\n\t\t\t\t\t<script>\n\t\t\t\t\t\tdocument.addEventListener('DOMContentLoaded', function () {\n\t\t\t\t\t\t\tvar commentForms = document.getElementsByClassName('jetpack_remote_comment');\n\t\t\t\t\t\t\tfor (var i = 0; i < commentForms.length; i++) {\n\t\t\t\t\t\t\t\tcommentForms[i].allowTransparency = false;\n\t\t\t\t\t\t\t\tcommentForms[i].scrolling = 'no';\n\t\t\t\t\t\t\t}\n\t\t\t\t\t\t});\n\t\t\t\t\t<\/script>\n\t\t\t\t\t<!--<![endif]-->\n\t\t\t\t\t\t\t<\/form>\n\t\t<\/div>\n\n\t\t\n\t\t<input type=\"hidden\" name=\"comment_parent\" id=\"comment_parent\" value=\"\" \/>\n\n\t\t<\/div>\n\n\n<div class=\"crowdsignal-vote-wrapper\" data-crowdsignal-vote=\"{&quot;pollId&quot;:&quot;1a2e948d-37d1-4627-bd8c-afea87da014b&quot;,&quot;title&quot;:&quot;Votaci\\u00f3n sin t\\u00edtulo&quot;,&quot;hideBranding&quot;:false,&quot;pollStatus&quot;:&quot;open&quot;,&quot;size&quot;:&quot;medium&quot;,&quot;borderWidth&quot;:1,&quot;borderRadius&quot;:5,&quot;hideResults&quot;:false,&quot;TrpContentRestriction&quot;:{&quot;restriction_type&quot;:&quot;exclude&quot;,&quot;selected_languages&quot;:[],&quot;panel_open&quot;:true},&quot;apiPollData&quot;:{&quot;id&quot;:16739781,&quot;question&quot;:&quot;&quot;,&quot;note&quot;:&quot;&quot;,&quot;settings&quot;:{&quot;title&quot;:&quot;Votaci\\u00f3n sin t\\u00edtulo&quot;,&quot;after_vote&quot;:&quot;results&quot;,&quot;after_message&quot;:&quot;&quot;,&quot;randomize_answers&quot;:false,&quot;restrict_vote_repeat&quot;:false,&quot;captcha&quot;:false,&quot;multiple_choice&quot;:false,&quot;redirect_url&quot;:&quot;&quot;,&quot;close_status&quot;:&quot;open&quot;,&quot;close_after&quot;:false},&quot;answers&quot;:[{&quot;answer_text&quot;:&quot;up&quot;,&quot;id&quot;:73340168,&quot;client_id&quot;:&quot;a82c8dec-454c-49e3-aeec-7d7bbc58852e&quot;},{&quot;answer_text&quot;:&quot;down&quot;,&quot;id&quot;:73340169,&quot;client_id&quot;:&quot;5ab0aece-532b-402d-b49e-82166ea61278&quot;}],&quot;source_link&quot;:&quot;https:\\\/\\\/elabrevaderojm.com&quot;,&quot;client_id&quot;:&quot;1a2e948d-37d1-4627-bd8c-afea87da014b&quot;}}\">\n<div data-crowdsignal-vote-item=\"{&quot;answerId&quot;:&quot;a82c8dec-454c-49e3-aeec-7d7bbc58852e&quot;,&quot;type&quot;:&quot;up&quot;,&quot;TrpContentRestriction&quot;:{&quot;restriction_type&quot;:&quot;exclude&quot;,&quot;selected_languages&quot;:[],&quot;panel_open&quot;:true}}\"><\/div>\n\n<div data-crowdsignal-vote-item=\"{&quot;answerId&quot;:&quot;5ab0aece-532b-402d-b49e-82166ea61278&quot;,&quot;type&quot;:&quot;down&quot;,&quot;TrpContentRestriction&quot;:{&quot;restriction_type&quot;:&quot;exclude&quot;,&quot;selected_languages&quot;:[],&quot;panel_open&quot;:true}}\"><\/div>\n<\/div>\n\n<div class=\"crowdsignal-applause-wrapper\" data-crowdsignal-applause=\"{&quot;pollId&quot;:&quot;51c4ac1c-308a-45ca-94c0-eafaf714c072&quot;,&quot;title&quot;:&quot;Aplauso sin t\\u00edtulo&quot;,&quot;answerId&quot;:&quot;7b2d00b8-193b-4477-9cc0-aea91387ff0d&quot;,&quot;hideBranding&quot;:false,&quot;size&quot;:&quot;medium&quot;,&quot;pollStatus&quot;:&quot;open&quot;,&quot;TrpContentRestriction&quot;:{&quot;restriction_type&quot;:&quot;exclude&quot;,&quot;selected_languages&quot;:[],&quot;panel_open&quot;:true},&quot;apiPollData&quot;:{&quot;id&quot;:16739782,&quot;question&quot;:&quot;&quot;,&quot;note&quot;:&quot;&quot;,&quot;settings&quot;:{&quot;title&quot;:&quot;Aplauso sin t\\u00edtulo&quot;,&quot;after_vote&quot;:&quot;results&quot;,&quot;after_message&quot;:&quot;&quot;,&quot;randomize_answers&quot;:false,&quot;restrict_vote_repeat&quot;:false,&quot;captcha&quot;:false,&quot;multiple_choice&quot;:false,&quot;redirect_url&quot;:&quot;&quot;,&quot;close_status&quot;:&quot;open&quot;,&quot;close_after&quot;:false},&quot;answers&quot;:[{&quot;answer_text&quot;:&quot;clap&quot;,&quot;id&quot;:73340170,&quot;client_id&quot;:&quot;7b2d00b8-193b-4477-9cc0-aea91387ff0d&quot;}],&quot;source_link&quot;:&quot;https:\\\/\\\/elabrevaderojm.com&quot;,&quot;client_id&quot;:&quot;51c4ac1c-308a-45ca-94c0-eafaf714c072&quot;}}\"><\/div>","protected":false},"excerpt":{"rendered":"<p>Ni parado ni acostado; arrodillado. Lo mismo: ni horizontal ni vertical; arrodillado. Esa parece ser la postura predilecta de los \u00abl\u00edderes\u00bb latinoamericanos a lo largo de a\u00f1os de existencia de los EE&#8230;.<\/p>","protected":false},"author":147101633,"featured_media":0,"comment_status":"open","ping_status":"open","sticky":false,"template":"","format":"standard","meta":{"_coblocks_attr":"","_coblocks_dimensions":"","_coblocks_responsive_height":"","_coblocks_accordion_ie_support":"","advanced_seo_description":"","jetpack_seo_html_title":"","jetpack_seo_noindex":false,"jetpack_seo_schema_type":"","_jetpack_newsletter_access":"","_jetpack_dont_email_post_to_subs":false,"_jetpack_newsletter_tier_id":0,"_jetpack_memberships_contains_paywalled_content":false,"_wpcom_ai_launchpad_first_post":false,"_jetpack_feature_clip_id":0,"_jetpack_memberships_contains_paid_content":false,"footnotes":"","jetpack_publicize_message":"{title}\n\n{excerpt}\n\n{url}","jetpack_publicize_feature_enabled":true,"jetpack_social_post_already_shared":true,"jetpack_social_options":{"image_generator_settings":{"template":"highway","default_image_id":0,"font":"","enabled":true,"token":"eyJ0eHQiOiIxIGVzY3VkbyBcdTAwYmZwYXJhIHJhdGlmaWNhciBsYSBmYWx0YSBkZSBzb2JlcmFuXHUwMGVkYSB5IGVsIHNlcnZpbGlzbW8gZGUgTGF0aW5vYW1cdTAwZTlyaWNhIGEgbGEgTUFHQWNyYWNpYT8gKDIpIE5vdGljaWEgeSBhblx1MDBlMWxpc2lzIGRlIExhIEJhc2UgQW1cdTAwZTlyaWNhIExhdGluYSIsInRlbXBsYXRlIjoiaGlnaHdheSIsImZvbnQiOiIiLCJibG9nX2lkIjoxNTM3MzU1MTV9.0MsB6geHPEbHDPD56M8AwA09tNJ-jmBVZW9KMTr60_gMQ"},"version":2},"_wpas_customize_per_network":false,"jetpack_post_was_ever_published":false},"categories":[772615945,70015,185595,78838],"tags":[17212,772616131,772616466,772616392,189091,772616461,68395,772616465,772616463,772616462,772616464],"class_list":["post-29291","post","type-post","status-publish","format-standard","hentry","category-geopolitica-y-noticias","category-historico","category-muy-interesante","category-personalidades","tag-america-latina","tag-canal-red","tag-doctrina-donroe","tag-doctrina-monroe","tag-donald-trump","tag-escudo-de-las-americas","tag-estados-unidos","tag-estefania-veloz","tag-inna-afinogenova","tag-la-base-america-latina","tag-marco-teruggi"],"featured_image_src":null,"author_info":{"display_name":"jmhernandezgonzalez","author_link":"https:\/\/elabrevaderojm.com\/en\/author\/jmhernandezgonzalez\/"},"jetpack_publicize_connections":[],"jetpack_likes_enabled":true,"jetpack_sharing_enabled":true,"jetpack_shortlink":"https:\/\/wp.me\/pap3D5-7Cr","jetpack-related-posts":[],"jetpack_featured_media_url":"","_links":{"self":[{"href":"https:\/\/elabrevaderojm.com\/en\/wp-json\/wp\/v2\/posts\/29291","targetHints":{"allow":["GET"]}}],"collection":[{"href":"https:\/\/elabrevaderojm.com\/en\/wp-json\/wp\/v2\/posts"}],"about":[{"href":"https:\/\/elabrevaderojm.com\/en\/wp-json\/wp\/v2\/types\/post"}],"author":[{"embeddable":true,"href":"https:\/\/elabrevaderojm.com\/en\/wp-json\/wp\/v2\/users\/147101633"}],"replies":[{"embeddable":true,"href":"https:\/\/elabrevaderojm.com\/en\/wp-json\/wp\/v2\/comments?post=29291"}],"version-history":[{"count":34,"href":"https:\/\/elabrevaderojm.com\/en\/wp-json\/wp\/v2\/posts\/29291\/revisions"}],"predecessor-version":[{"id":29336,"href":"https:\/\/elabrevaderojm.com\/en\/wp-json\/wp\/v2\/posts\/29291\/revisions\/29336"}],"wp:attachment":[{"href":"https:\/\/elabrevaderojm.com\/en\/wp-json\/wp\/v2\/media?parent=29291"}],"wp:term":[{"taxonomy":"category","embeddable":true,"href":"https:\/\/elabrevaderojm.com\/en\/wp-json\/wp\/v2\/categories?post=29291"},{"taxonomy":"post_tag","embeddable":true,"href":"https:\/\/elabrevaderojm.com\/en\/wp-json\/wp\/v2\/tags?post=29291"}],"curies":[{"name":"wp","href":"https:\/\/api.w.org\/{rel}","templated":true}]}}