{"id":29512,"date":"2026-04-01T13:25:31","date_gmt":"2026-04-01T17:25:31","guid":{"rendered":"https:\/\/elabrevaderojm.com\/?p=29512"},"modified":"2026-04-01T13:25:31","modified_gmt":"2026-04-01T17:25:31","slug":"archivos-de-epstein-la-cochambre-super-adinerada-de-occidente-fuera-del-alcance-de-la-justicia-1-noticia-y-analisis-de-canal-red-la-base","status":"publish","type":"post","link":"https:\/\/elabrevaderojm.com\/en\/2026\/04\/01\/archivos-de-epstein-la-cochambre-super-adinerada-de-occidente-fuera-del-alcance-de-la-justicia-1-noticia-y-analisis-de-canal-red-la-base\/","title":{"rendered":"Archivos de Epstein: La cochambre s\u00faper adinerada de Occidente fuera del alcance de la justicia (1). Noticia y an\u00e1lisis de Canal Red \u2013 La Base"},"content":{"rendered":"\n<p class=\"has-overpass-font-family has-text-align-justify has-medium-font-size has-custom-font wp-block-paragraph\" style=\"font-family:overpass\">En el momento que publique esto, ya todo el mundo debe saber que Espa\u00f1a no se neg\u00f3 a poner a su \u00abprincipito\u00bb bajo investigaci\u00f3n por presunta colaboraci\u00f3n con Epstein. Que tampoco es impartir justicia. Sin embargo, \u00bfqu\u00e9 le ha pasado al resto de multimillonarios occidentales cuyos nombres y rostros ya salieron en los archivos desclasificados?<\/p>\n\n\n\n<p class=\"has-overpass-font-family has-medium-font-size has-custom-font wp-block-paragraph\" style=\"font-family:overpass\">Eso mismo.<\/p>\n\n\n\n<p class=\"has-overpass-font-family has-text-align-justify has-medium-font-size has-custom-font wp-block-paragraph\" style=\"font-family:overpass\">Comencemos por algo para darle texto a muchas voces que han denunciado y no han defendido a la red de s\u00faper ricos involucrados con Jeffrey Epstein.<\/p>\n\n\n\n<p class=\"has-text-align-center wp-block-paragraph\"><img data-recalc-dims=\"1\" loading=\"lazy\" decoding=\"async\" width=\"120\" height=\"183\" data-attachment-id=\"26819\" data-permalink=\"https:\/\/elabrevaderojm.com\/en\/?attachment_id=26819\" data-orig-file=\"https:\/\/i0.wp.com\/elabrevaderojm.com\/wp-content\/uploads\/2025\/09\/Pablo_Iglesias-1.jpg?fit=164%2C250&amp;ssl=1\" data-orig-size=\"164,250\" data-comments-opened=\"1\" data-image-meta=\"{&quot;aperture&quot;:&quot;0&quot;,&quot;credit&quot;:&quot;&quot;,&quot;camera&quot;:&quot;&quot;,&quot;caption&quot;:&quot;&quot;,&quot;created_timestamp&quot;:&quot;0&quot;,&quot;copyright&quot;:&quot;&quot;,&quot;focal_length&quot;:&quot;0&quot;,&quot;iso&quot;:&quot;0&quot;,&quot;shutter_speed&quot;:&quot;0&quot;,&quot;title&quot;:&quot;&quot;,&quot;orientation&quot;:&quot;1&quot;}\" data-image-title=\"Pablo_Iglesias 1\" data-image-description=\"\" data-image-caption=\"\" data-large-file=\"https:\/\/i0.wp.com\/elabrevaderojm.com\/wp-content\/uploads\/2025\/09\/Pablo_Iglesias-1.jpg?fit=164%2C250&amp;ssl=1\" class=\"wp-image-26819\" style=\"width: 120px;\" src=\"https:\/\/i0.wp.com\/elabrevaderojm.com\/wp-content\/uploads\/2025\/09\/Pablo_Iglesias-1.jpg?resize=120%2C183&#038;ssl=1\" alt=\"\"> <img data-recalc-dims=\"1\" loading=\"lazy\" decoding=\"async\" width=\"300\" height=\"138\" data-attachment-id=\"26820\" data-permalink=\"https:\/\/elabrevaderojm.com\/en\/?attachment_id=26820\" data-orig-file=\"https:\/\/i0.wp.com\/elabrevaderojm.com\/wp-content\/uploads\/2025\/09\/Logo-canal-red.jpg?fit=403%2C185&amp;ssl=1\" data-orig-size=\"403,185\" data-comments-opened=\"1\" data-image-meta=\"{&quot;aperture&quot;:&quot;0&quot;,&quot;credit&quot;:&quot;&quot;,&quot;camera&quot;:&quot;&quot;,&quot;caption&quot;:&quot;&quot;,&quot;created_timestamp&quot;:&quot;0&quot;,&quot;copyright&quot;:&quot;&quot;,&quot;focal_length&quot;:&quot;0&quot;,&quot;iso&quot;:&quot;0&quot;,&quot;shutter_speed&quot;:&quot;0&quot;,&quot;title&quot;:&quot;&quot;,&quot;orientation&quot;:&quot;1&quot;}\" data-image-title=\"Logo-canal-red\" data-image-description=\"\" data-image-caption=\"\" data-large-file=\"https:\/\/i0.wp.com\/elabrevaderojm.com\/wp-content\/uploads\/2025\/09\/Logo-canal-red.jpg?fit=403%2C185&amp;ssl=1\" class=\"wp-image-26820\" style=\"width: 300px;\" src=\"https:\/\/i0.wp.com\/elabrevaderojm.com\/wp-content\/uploads\/2025\/09\/Logo-canal-red.jpg?resize=300%2C138&#038;ssl=1\" alt=\"\" srcset=\"https:\/\/i0.wp.com\/elabrevaderojm.com\/wp-content\/uploads\/2025\/09\/Logo-canal-red.jpg?w=403&amp;ssl=1 403w, https:\/\/i0.wp.com\/elabrevaderojm.com\/wp-content\/uploads\/2025\/09\/Logo-canal-red.jpg?resize=300%2C138&amp;ssl=1 300w\" sizes=\"auto, (max-width: 300px) 100vw, 300px\" \/> <\/p>\n\n\n\n<p class=\"has-overpass-font-family has-text-align-justify has-medium-font-size has-custom-font wp-block-paragraph\" style=\"font-family:overpass\"><a href=\"https:\/\/es.wikipedia.org\/wiki\/Canal_Red\">Canal Red<\/a>\u00a0(estilizado como\u00a0Canal R(e)D) es un\u00a0canal de televisi\u00f3n\u00a0en\u00a0espa\u00f1ol\u00a0que emite en abierto\u00a0por internet\u00a0y\u00a0<a href=\"https:\/\/es.wikipedia.org\/wiki\/Televisi%C3%B3n_digital_terrestre\">TDT<\/a>.\u200b Dirigido desde su inauguraci\u00f3n en marzo de 2023por <a href=\"https:\/\/es.wikipedia.org\/wiki\/Pablo_Iglesias_Turri%C3%B3n\">Pablo Iglesias Turri\u00f3n<\/a>, est\u00e1 financiado por\u00a0<a href=\"https:\/\/es.wikipedia.org\/wiki\/Micromecenazgo\">micromecenazgo<\/a>. El canal se centra en cubrir noticias relacionadas con la actualidad pol\u00edtica de Espa\u00f1a y\u00a0Am\u00e9rica Latina. En el v\u00eddeo promocional de la campa\u00f1a de recaudaci\u00f3n de fondos, acompa\u00f1aban a Pablo Iglesias el fil\u00f3logo Manu Levin, la periodista <a href=\"https:\/\/es.wikipedia.org\/wiki\/Inna_Afinogenova\">Inna Afinogenova<\/a>, la matem\u00e1tica Sara Serrano y el acad\u00e9mico y periodista de\u00a0<a href=\"https:\/\/es.wikipedia.org\/wiki\/Furor_TV\">Furor TV<\/a>,\u00a0<a href=\"https:\/\/es.wikipedia.org\/wiki\/Sergio_Gregori\">Sergio Gregori<\/a>.<\/p>\n\n\n\n<p class=\"has-overpass-font-family has-text-align-justify has-medium-font-size has-custom-font wp-block-paragraph\" style=\"font-family:overpass\"><a href=\"https:\/\/es.wikipedia.org\/wiki\/Pablo_Iglesias_Turri%C3%B3n\">Pablo Iglesias Turri\u00f3n<\/a> es un <a href=\"https:\/\/es.wikipedia.org\/wiki\/Polit%C3%B3logo\">polit\u00f3logo<\/a> y <a href=\"https:\/\/es.wikipedia.org\/wiki\/Pol%C3%ADtico\">expol\u00edtico<\/a> espa\u00f1ol, quien hoy es director de\u00a0<a href=\"https:\/\/es.wikipedia.org\/wiki\/Canal_Red\">Canal Red<\/a>\u00a0y presentador de\u00a0<a href=\"https:\/\/es.wikipedia.org\/wiki\/La_Base_(podcast)\">La Base<\/a> (m\u00e1s informaci\u00f3n en el enlace con su nombre).<\/p>\n\n\n\n<p class=\"has-overpass-font-family has-text-align-justify has-medium-font-size has-custom-font wp-block-paragraph\" style=\"font-family:overpass\"><strong>Sara Serrano<\/strong>: Matem\u00e1tica de formaci\u00f3n, ha sido redactora y documentalista en La Tuerka, Fort Apache, Otra Vuelta de Tuerka y Spoilers. Ha colaborado con distintos medios de comunicaci\u00f3n escribiendo cr\u00f3nicas pol\u00edticas desde Grecia. Forma parte del consejo editorial de Viento Sur.<\/p>\n\n\n\n<p class=\"has-overpass-font-family has-text-align-justify has-medium-font-size has-custom-font wp-block-paragraph\" style=\"font-family:overpass\"><a href=\"https:\/\/es.wikipedia.org\/wiki\/Laura_Arroyo\">Laura Arroyo G\u00e1rate<\/a>: (<a href=\"https:\/\/es.wikipedia.org\/wiki\/Lima\">Lima<\/a>, 13 de septiembre de 1986) es una\u00a0<a href=\"https:\/\/es.wikipedia.org\/wiki\/Periodista\">periodista<\/a>, comunicadora pol\u00edtica y\u00a0<a href=\"https:\/\/es.wikipedia.org\/wiki\/Cantautor\">cantautora<\/a>\u00a0<a href=\"https:\/\/es.wikipedia.org\/wiki\/Per%C3%BA\">peruana<\/a>, radicada en\u00a0<a href=\"https:\/\/es.wikipedia.org\/wiki\/Espa%C3%B1a\">Espa\u00f1a<\/a>. Es directora y conductora de la tertulia pol\u00edtica \u00abEl Tablero\u00bb de\u00a0<a href=\"https:\/\/es.wikipedia.org\/wiki\/Canal_RED\">Canal Red<\/a> \u200by directora de \u00abLa Base Comanche\u00bb.<\/p>\n\n\n\n<p class=\"has-overpass-font-family has-text-align-justify has-medium-font-size has-custom-font wp-block-paragraph\" style=\"font-family:overpass\"><strong>Manuel Levin<\/strong>: Fil\u00f3logo experto en comunicaci\u00f3n. Actualmente trabaja junto a Pablo Iglesias en su <em>podcast<\/em> de La Base.<\/p>\n\n\n\n<p class=\"has-overpass-font-family has-text-align-justify has-medium-font-size has-custom-font wp-block-paragraph\" style=\"font-family:overpass\"><a href=\"https:\/\/es.wikipedia.org\/wiki\/Inna_Afinogenova\">Inna Afinogenova\u00a0<\/a>(<a href=\"https:\/\/es.wikipedia.org\/wiki\/Rep%C3%BAblica_Aut%C3%B3noma_Socialista_Sovi%C3%A9tica_de_Daguest%C3%A1n\">Daguest\u00e1n<\/a>,\u00a0<a href=\"https:\/\/es.wikipedia.org\/wiki\/Uni%C3%B3n_Sovi%C3%A9tica\">Uni\u00f3n Sovi\u00e9tica<\/a>, 14 de enero de 1989) es una\u00a0periodista y presentadora rusa que trabaj\u00f3 como subdirectora de\u00a0<a href=\"https:\/\/es.wikipedia.org\/wiki\/RT_en_Espa%C3%B1ol\">RT en Espa\u00f1ol<\/a>\u00a0hasta mayo de 2022. Tambi\u00e9n trabaj\u00f3 en el canal de <em>YouTube<\/em>\u00a0\u00abAh\u00ed les va\u00bb.\u200b Desde 2022, colabora en\u00a0\u00ab<a href=\"https:\/\/es.wikipedia.org\/wiki\/La_Base_(podcast)\">La Base<\/a>\u00bb\u00a0y\u00a0\u00abMacondo\u00bb<em>.<\/em>\u00a0En 2023 asumi\u00f3 la direcci\u00f3n de\u00a0<a href=\"https:\/\/es.wikipedia.org\/wiki\/Canal_RED\">Canal Red<\/a>\u00a0Latinoam\u00e9rica, donde conduce\u00a0\u00abCaf\u00e9Inna\u00bb.\u200b Desde junio de 2025 dirige y presenta \u00abLa Base Am\u00e9rica Latina\u00bb.\u200b<\/p>\n\n\n\n<figure style=\"font-size:18px\" class=\"wp-block-table has-dm-serif-display-font-family\"><table class=\"has-vivid-red-color has-pale-ocean-gradient-background has-text-color has-background has-link-color has-fixed-layout\"><tbody><tr><td><span class=\"has-superb-addons-text-align-justify\">Este es un video con informaci\u00f3n interesante sobre la actualidad geopol\u00edtica que comparto en mi p\u00e1gina con el intento \u2014pues nunca se sabe\u2014 de evitar la censura que los medios en manos de los globalistas, derechistas, nazis, sionistas, generadores de odio no dejan de ejercer contra los canales alternativos de informaci\u00f3n.<br>Al contenido presentado por el exponente he a\u00f1adido notas aclaratorias sobre conceptos, nombres, situaciones o lugares mencionados en el video que pudieran ayudar a comprender mejor lo que se expone. <mark style=\"background-color:#fcb900\" class=\"has-inline-color\">De hecho, lo recomendable ser\u00eda leer esa informaci\u00f3n antes de escuchar el video. En muchos casos, esas aclaraciones y\/o explicaciones se han presentado aqu\u00ed como enlaces que pueden ser abiertos para leer.<\/mark><br>Aunque la mayor\u00eda de los enlaces para informaci\u00f3n fueron hechos a <em>Wikipedia<\/em>, este autor no necesariamente se adhiere a esta p\u00e1gina como la m\u00e1s fidedigna o genuina para aclarar dudas, pues este sitio tiende a la narrativa derechista del mundo occidental. Sin embargo, es una fuente muy visitada y utilizada como referencia.<br>Este video fue subido al canal de noticias y an\u00e1lisis <strong>CANAL RED \u2013 La Base<\/strong>.<\/span><\/td><\/tr><\/tbody><\/table><\/figure>\n\n\n\n<figure class=\"wp-block-embed is-type-video is-provider-youtube wp-block-embed-youtube wp-embed-aspect-16-9 wp-has-aspect-ratio\"><div class=\"wp-block-embed__wrapper\">\n<div class=\"jetpack-video-wrapper\"><span class=\"embed-youtube\" style=\"text-align:center; display: block;\"><iframe loading=\"lazy\" class=\"youtube-player\" width=\"640\" height=\"360\" src=\"https:\/\/www.youtube.com\/embed\/Nbf1CnAJvKc?version=3&#038;rel=1&#038;showsearch=0&#038;showinfo=1&#038;iv_load_policy=1&#038;fs=1&#038;hl=en-US&#038;autohide=2&#038;wmode=transparent\" allowfullscreen=\"true\" style=\"border:0;\" sandbox=\"allow-scripts allow-same-origin allow-popups allow-presentation allow-popups-to-escape-sandbox\"><\/iframe><\/span><\/div>\n<\/div><figcaption class=\"wp-element-caption\"><strong>La Base 4&#215;66 | La impunidad de los SUPERRICOS &#8211; <\/strong><a href=\"https:\/\/www.youtube.com\/@canalredtv\">Canal Red<\/a>, 8 de enero de 2024.<\/figcaption><\/figure>\n\n\n\n<p class=\"has-overpass-font-family has-medium-font-size has-custom-font wp-block-paragraph\" style=\"font-family:overpass\">En la descripci\u00f3n del video se explica:<\/p>\n\n\n\n<p class=\"has-overpass-font-family has-text-align-justify has-medium-font-size has-custom-font wp-block-paragraph\" style=\"font-family:overpass\">En el programa de hoy, 8\/1\/24, Pablo Iglesias, Sara Serrano, Manu Levin e Inna Afinogenova analizan los documentos desclasificados del caso Epstein que han revelado la relaci\u00f3n del magnate y ped\u00f3filo con importantes pol\u00edticos, empresarios, cineastas y cient\u00edficos. Con la participaci\u00f3n de Antonio Ari\u00f1o, profesor de sociolog\u00eda y coautor de &#8216;La secesi\u00f3n de los ricos&#8217;.<\/p>\n\n\n\n<p class=\"has-text-align-justify has-overpass-font-family has-medium-font-size has-custom-font wp-block-paragraph\" style=\"font-family:overpass\"><a href=\"https:\/\/es.wikipedia.org\/wiki\/Antonio_Ari%C3%B1o\">Antonio Ari\u00f1o Villarroya<\/a>, <a href=\"https:\/\/es.wikipedia.org\/wiki\/Peter_Thiel\">Peter Andreas Thiel<\/a>, <a href=\"https:\/\/es.wikipedia.org\/wiki\/Harvey_Weinstein\">Harvey Weinstein<\/a>, <a href=\"https:\/\/es.wikipedia.org\/wiki\/George_J._Mitchell\">George John Mitchell<\/a> (hijo) (debajo en ese orden)<\/p>\n\n\n\n<figure class=\"wp-block-gallery has-nested-images columns-4 is-cropped wp-block-gallery-1 is-layout-flex wp-block-gallery-is-layout-flex\">\n<figure class=\"wp-block-image size-large\"><img data-recalc-dims=\"1\" loading=\"lazy\" decoding=\"async\" width=\"126\" height=\"155\" data-attachment-id=\"29764\" data-permalink=\"https:\/\/elabrevaderojm.com\/en\/2026\/04\/01\/archivos-de-epstein-la-cochambre-super-adinerada-de-occidente-fuera-del-alcance-de-la-justicia-1-noticia-y-analisis-de-canal-red-la-base\/antonio-arino\/\" data-orig-file=\"https:\/\/i0.wp.com\/elabrevaderojm.com\/wp-content\/uploads\/2026\/03\/antonio-arino.jpg?fit=126%2C155&amp;ssl=1\" data-orig-size=\"126,155\" data-comments-opened=\"1\" data-image-meta=\"{&quot;aperture&quot;:&quot;0&quot;,&quot;credit&quot;:&quot;&quot;,&quot;camera&quot;:&quot;&quot;,&quot;caption&quot;:&quot;&quot;,&quot;created_timestamp&quot;:&quot;0&quot;,&quot;copyright&quot;:&quot;&quot;,&quot;focal_length&quot;:&quot;0&quot;,&quot;iso&quot;:&quot;0&quot;,&quot;shutter_speed&quot;:&quot;0&quot;,&quot;title&quot;:&quot;&quot;,&quot;orientation&quot;:&quot;1&quot;}\" data-image-title=\"antonio ari\u00f1o\" data-image-description=\"\" data-image-caption=\"\" data-large-file=\"https:\/\/i0.wp.com\/elabrevaderojm.com\/wp-content\/uploads\/2026\/03\/antonio-arino.jpg?fit=126%2C155&amp;ssl=1\" data-id=\"29764\" src=\"https:\/\/i0.wp.com\/elabrevaderojm.com\/wp-content\/uploads\/2026\/03\/antonio-arino.jpg?resize=126%2C155&#038;ssl=1\" alt=\"\" class=\"wp-image-29764\"\/><\/figure>\n\n\n\n<figure class=\"wp-block-image size-large\"><img data-recalc-dims=\"1\" loading=\"lazy\" decoding=\"async\" width=\"303\" height=\"396\" data-attachment-id=\"29766\" data-permalink=\"https:\/\/elabrevaderojm.com\/en\/2026\/04\/01\/archivos-de-epstein-la-cochambre-super-adinerada-de-occidente-fuera-del-alcance-de-la-justicia-1-noticia-y-analisis-de-canal-red-la-base\/peter-thiel\/\" data-orig-file=\"https:\/\/i0.wp.com\/elabrevaderojm.com\/wp-content\/uploads\/2026\/03\/peter-thiel.jpg?fit=303%2C396&amp;ssl=1\" data-orig-size=\"303,396\" data-comments-opened=\"1\" data-image-meta=\"{&quot;aperture&quot;:&quot;0&quot;,&quot;credit&quot;:&quot;&quot;,&quot;camera&quot;:&quot;&quot;,&quot;caption&quot;:&quot;&quot;,&quot;created_timestamp&quot;:&quot;0&quot;,&quot;copyright&quot;:&quot;&quot;,&quot;focal_length&quot;:&quot;0&quot;,&quot;iso&quot;:&quot;0&quot;,&quot;shutter_speed&quot;:&quot;0&quot;,&quot;title&quot;:&quot;&quot;,&quot;orientation&quot;:&quot;1&quot;}\" data-image-title=\"peter thiel\" data-image-description=\"\" data-image-caption=\"\" data-large-file=\"https:\/\/i0.wp.com\/elabrevaderojm.com\/wp-content\/uploads\/2026\/03\/peter-thiel.jpg?fit=303%2C396&amp;ssl=1\" data-id=\"29766\" src=\"https:\/\/i0.wp.com\/elabrevaderojm.com\/wp-content\/uploads\/2026\/03\/peter-thiel.jpg?resize=303%2C396&#038;ssl=1\" alt=\"\" class=\"wp-image-29766\" srcset=\"https:\/\/i0.wp.com\/elabrevaderojm.com\/wp-content\/uploads\/2026\/03\/peter-thiel.jpg?w=303&amp;ssl=1 303w, https:\/\/i0.wp.com\/elabrevaderojm.com\/wp-content\/uploads\/2026\/03\/peter-thiel.jpg?resize=230%2C300&amp;ssl=1 230w, https:\/\/i0.wp.com\/elabrevaderojm.com\/wp-content\/uploads\/2026\/03\/peter-thiel.jpg?resize=300%2C392&amp;ssl=1 300w\" sizes=\"auto, (max-width: 303px) 100vw, 303px\" \/><\/figure>\n\n\n\n<figure class=\"wp-block-image size-large\"><img data-recalc-dims=\"1\" loading=\"lazy\" decoding=\"async\" width=\"261\" height=\"351\" data-attachment-id=\"29768\" data-permalink=\"https:\/\/elabrevaderojm.com\/en\/2026\/04\/01\/archivos-de-epstein-la-cochambre-super-adinerada-de-occidente-fuera-del-alcance-de-la-justicia-1-noticia-y-analisis-de-canal-red-la-base\/harvey-weinstein\/\" data-orig-file=\"https:\/\/i0.wp.com\/elabrevaderojm.com\/wp-content\/uploads\/2026\/03\/harvey-weinstein.jpg?fit=261%2C351&amp;ssl=1\" data-orig-size=\"261,351\" data-comments-opened=\"1\" data-image-meta=\"{&quot;aperture&quot;:&quot;0&quot;,&quot;credit&quot;:&quot;&quot;,&quot;camera&quot;:&quot;&quot;,&quot;caption&quot;:&quot;&quot;,&quot;created_timestamp&quot;:&quot;0&quot;,&quot;copyright&quot;:&quot;&quot;,&quot;focal_length&quot;:&quot;0&quot;,&quot;iso&quot;:&quot;0&quot;,&quot;shutter_speed&quot;:&quot;0&quot;,&quot;title&quot;:&quot;&quot;,&quot;orientation&quot;:&quot;1&quot;}\" data-image-title=\"harvey weinstein\" data-image-description=\"\" data-image-caption=\"\" data-large-file=\"https:\/\/i0.wp.com\/elabrevaderojm.com\/wp-content\/uploads\/2026\/03\/harvey-weinstein.jpg?fit=261%2C351&amp;ssl=1\" data-id=\"29768\" src=\"https:\/\/i0.wp.com\/elabrevaderojm.com\/wp-content\/uploads\/2026\/03\/harvey-weinstein.jpg?resize=261%2C351&#038;ssl=1\" alt=\"\" class=\"wp-image-29768\" srcset=\"https:\/\/i0.wp.com\/elabrevaderojm.com\/wp-content\/uploads\/2026\/03\/harvey-weinstein.jpg?w=261&amp;ssl=1 261w, https:\/\/i0.wp.com\/elabrevaderojm.com\/wp-content\/uploads\/2026\/03\/harvey-weinstein.jpg?resize=223%2C300&amp;ssl=1 223w\" sizes=\"auto, (max-width: 261px) 100vw, 261px\" \/><\/figure>\n\n\n\n<figure class=\"wp-block-image size-large\"><img data-recalc-dims=\"1\" loading=\"lazy\" decoding=\"async\" width=\"206\" height=\"268\" data-attachment-id=\"29765\" data-permalink=\"https:\/\/elabrevaderojm.com\/en\/2026\/04\/01\/archivos-de-epstein-la-cochambre-super-adinerada-de-occidente-fuera-del-alcance-de-la-justicia-1-noticia-y-analisis-de-canal-red-la-base\/george-mitchell\/\" data-orig-file=\"https:\/\/i0.wp.com\/elabrevaderojm.com\/wp-content\/uploads\/2026\/03\/george-mitchell.jpg?fit=206%2C268&amp;ssl=1\" data-orig-size=\"206,268\" data-comments-opened=\"1\" data-image-meta=\"{&quot;aperture&quot;:&quot;0&quot;,&quot;credit&quot;:&quot;&quot;,&quot;camera&quot;:&quot;&quot;,&quot;caption&quot;:&quot;&quot;,&quot;created_timestamp&quot;:&quot;0&quot;,&quot;copyright&quot;:&quot;&quot;,&quot;focal_length&quot;:&quot;0&quot;,&quot;iso&quot;:&quot;0&quot;,&quot;shutter_speed&quot;:&quot;0&quot;,&quot;title&quot;:&quot;&quot;,&quot;orientation&quot;:&quot;1&quot;}\" data-image-title=\"george mitchell\" data-image-description=\"\" data-image-caption=\"\" data-large-file=\"https:\/\/i0.wp.com\/elabrevaderojm.com\/wp-content\/uploads\/2026\/03\/george-mitchell.jpg?fit=206%2C268&amp;ssl=1\" data-id=\"29765\" src=\"https:\/\/i0.wp.com\/elabrevaderojm.com\/wp-content\/uploads\/2026\/03\/george-mitchell.jpg?resize=206%2C268&#038;ssl=1\" alt=\"\" class=\"wp-image-29765\"\/><\/figure>\n<\/figure>\n\n\n\n<figure style=\"font-size:18px\" class=\"wp-block-table has-literata-font-family\"><table class=\"has-pale-ocean-gradient-background has-background has-fixed-layout\" style=\"border-width:4px\"><tbody><tr><td><strong><mark style=\"background-color:rgba(0, 0, 0, 0);color:#f50707\" class=\"has-inline-color\">RELACIONADO<\/mark>: <a href=\"https:\/\/elabrevaderojm.com\/2026\/04\/01\/peter-thiel-punta-de-lanza-antidemocratica-e-imperialista-de-la-magacracia-djt-analisis-con-alan-barroso-arrufat\/\">Peter Thiel: \u00bfPunta de lanza antidemocr\u00e1tica e imperialista de la MAGAcracia DJT? An\u00e1lisis con Al\u00e1n Barroso Arrufat<\/a><\/strong><\/td><\/tr><\/tbody><\/table><\/figure>\n\n\n\n<p class=\"has-text-align-justify has-overpass-font-family has-medium-font-size has-custom-font wp-block-paragraph\" style=\"font-family:overpass\">El <strong><em>Lolita Express<\/em><\/strong> es el apodo utilizado en los medios para referirse a un <a href=\"https:\/\/es.wikipedia.org\/wiki\/Boeing_727\">Boeing 727-100<\/a> que pertenec\u00eda a <a href=\"https:\/\/es.wikipedia.org\/wiki\/Jeffrey_Epstein\">Jeffrey Epstein<\/a>.<\/p>\n\n\n\n<p class=\"has-text-align-justify has-overpass-font-family has-medium-font-size has-custom-font wp-block-paragraph\" style=\"font-family:overpass\">Epstein viajaba frecuentemente en el avi\u00f3n, acumulando \u00ab600 horas de vuelo al a\u00f1o&#8230; normalmente con invitados a bordo\u00bb. \u00c9l mismo lo vendi\u00f3 en 2017. La aeronave estaba registrada N908JE y era propiedad de <em>JEGE, Inc<\/em>.<\/p>\n\n\n\n<p class=\"has-text-align-justify has-overpass-font-family has-medium-font-size has-custom-font wp-block-paragraph\" style=\"font-family:overpass\">El apodo medi\u00e1tico proviene de la novela <a href=\"https:\/\/es.wikipedia.org\/wiki\/Lolita_(novela)\">Lolita<\/a> de <a href=\"https:\/\/es.wikipedia.org\/wiki\/Vlad%C3%ADmir_Nabokov\">Vlad\u00edmir Vlad\u00edmirovich Nab\u00f3kov<\/a><strong> <\/strong>de 1955 sobre la obsesi\u00f3n y la victimizaci\u00f3n de un hombre hacia una ni\u00f1a de 12 a\u00f1os.<\/p>\n\n\n\n<div class=\"wp-block-jetpack-tiled-gallery aligncenter is-style-rectangular\"><div class=\"\"><div class=\"tiled-gallery__gallery\"><div class=\"tiled-gallery__row\"><div class=\"tiled-gallery__col\" style=\"flex-basis:61.97796%\"><figure class=\"tiled-gallery__item\"><img decoding=\"async\" data-attachment-id=\"29782\" data-permalink=\"https:\/\/elabrevaderojm.com\/en\/2026\/04\/01\/archivos-de-epstein-la-cochambre-super-adinerada-de-occidente-fuera-del-alcance-de-la-justicia-1-noticia-y-analisis-de-canal-red-la-base\/lolita-express-real\/\" data-orig-file=\"https:\/\/i0.wp.com\/elabrevaderojm.com\/wp-content\/uploads\/2026\/03\/Lolita-Express-real.jpg?fit=624%2C185&amp;ssl=1\" data-orig-size=\"624,185\" data-comments-opened=\"1\" data-image-meta=\"{&quot;aperture&quot;:&quot;0&quot;,&quot;credit&quot;:&quot;&quot;,&quot;camera&quot;:&quot;&quot;,&quot;caption&quot;:&quot;&quot;,&quot;created_timestamp&quot;:&quot;0&quot;,&quot;copyright&quot;:&quot;&quot;,&quot;focal_length&quot;:&quot;0&quot;,&quot;iso&quot;:&quot;0&quot;,&quot;shutter_speed&quot;:&quot;0&quot;,&quot;title&quot;:&quot;&quot;,&quot;orientation&quot;:&quot;1&quot;}\" data-image-title=\"Lolita Express real\" data-image-description=\"\" data-image-caption=\"\" data-large-file=\"https:\/\/i0.wp.com\/elabrevaderojm.com\/wp-content\/uploads\/2026\/03\/Lolita-Express-real.jpg?fit=624%2C185&amp;ssl=1\" role=\"button\" tabindex=\"0\" aria-label=\"Open image 1 of 4 in full-screen\" srcset=\"https:\/\/i0.wp.com\/elabrevaderojm.com\/wp-content\/uploads\/2026\/03\/Lolita-Express-real.jpg?strip=info&#038;w=600&#038;ssl=1 600w,https:\/\/i0.wp.com\/elabrevaderojm.com\/wp-content\/uploads\/2026\/03\/Lolita-Express-real.jpg?strip=info&#038;w=624&#038;ssl=1 624w\" alt=\"\" data-height=\"185\" data-id=\"29782\" data-link=\"https:\/\/elabrevaderojm.com\/?attachment_id=29782\" data-url=\"https:\/\/elabrevaderojm.com\/wp-content\/uploads\/2026\/03\/Lolita-Express-real.jpg\" data-width=\"624\" src=\"https:\/\/i0.wp.com\/elabrevaderojm.com\/wp-content\/uploads\/2026\/03\/Lolita-Express-real.jpg?ssl=1\" data-amp-layout=\"responsive\"\/><\/figure><\/div><div class=\"tiled-gallery__col\" style=\"flex-basis:13.82674%\"><figure class=\"tiled-gallery__item\"><img decoding=\"async\" data-attachment-id=\"29661\" data-permalink=\"https:\/\/elabrevaderojm.com\/en\/2026\/04\/02\/jesse-souza-el-pobre-de-derecha-1-entrevista-con-diego-leonoff-de-canal-abierto\/jeffrey-epstein\/\" data-orig-file=\"https:\/\/i0.wp.com\/elabrevaderojm.com\/wp-content\/uploads\/2026\/03\/jeffrey-epstein.jpg?fit=161%2C216&amp;ssl=1\" data-orig-size=\"161,216\" data-comments-opened=\"1\" data-image-meta=\"{&quot;aperture&quot;:&quot;0&quot;,&quot;credit&quot;:&quot;&quot;,&quot;camera&quot;:&quot;&quot;,&quot;caption&quot;:&quot;&quot;,&quot;created_timestamp&quot;:&quot;0&quot;,&quot;copyright&quot;:&quot;&quot;,&quot;focal_length&quot;:&quot;0&quot;,&quot;iso&quot;:&quot;0&quot;,&quot;shutter_speed&quot;:&quot;0&quot;,&quot;title&quot;:&quot;&quot;,&quot;orientation&quot;:&quot;1&quot;}\" data-image-title=\"jeffrey epstein\" data-image-description=\"\" data-image-caption=\"\" data-large-file=\"https:\/\/i0.wp.com\/elabrevaderojm.com\/wp-content\/uploads\/2026\/03\/jeffrey-epstein.jpg?fit=161%2C216&amp;ssl=1\" role=\"button\" tabindex=\"0\" aria-label=\"Open image 2 of 4 in full-screen\" srcset=\"https:\/\/i0.wp.com\/elabrevaderojm.com\/wp-content\/uploads\/2026\/03\/jeffrey-epstein.jpg?strip=info&#038;w=161&#038;ssl=1 161w\" alt=\"\" data-height=\"216\" data-id=\"29661\" data-link=\"https:\/\/elabrevaderojm.com\/?attachment_id=29661\" data-url=\"https:\/\/elabrevaderojm.com\/wp-content\/uploads\/2026\/03\/jeffrey-epstein.jpg\" data-width=\"161\" src=\"https:\/\/i0.wp.com\/elabrevaderojm.com\/wp-content\/uploads\/2026\/03\/jeffrey-epstein.jpg?ssl=1\" data-amp-layout=\"responsive\"\/><\/figure><\/div><div class=\"tiled-gallery__col\" style=\"flex-basis:11.76591%\"><figure class=\"tiled-gallery__item\"><img decoding=\"async\" data-attachment-id=\"29774\" data-permalink=\"https:\/\/elabrevaderojm.com\/en\/2026\/04\/01\/archivos-de-epstein-la-cochambre-super-adinerada-de-occidente-fuera-del-alcance-de-la-justicia-1-noticia-y-analisis-de-canal-red-la-base\/lolita-libro-1955\/\" data-orig-file=\"https:\/\/i0.wp.com\/elabrevaderojm.com\/wp-content\/uploads\/2026\/03\/Lolita-libro-1955.jpg?fit=250%2C395&amp;ssl=1\" data-orig-size=\"250,395\" data-comments-opened=\"1\" data-image-meta=\"{&quot;aperture&quot;:&quot;0&quot;,&quot;credit&quot;:&quot;&quot;,&quot;camera&quot;:&quot;&quot;,&quot;caption&quot;:&quot;&quot;,&quot;created_timestamp&quot;:&quot;0&quot;,&quot;copyright&quot;:&quot;&quot;,&quot;focal_length&quot;:&quot;0&quot;,&quot;iso&quot;:&quot;0&quot;,&quot;shutter_speed&quot;:&quot;0&quot;,&quot;title&quot;:&quot;&quot;,&quot;orientation&quot;:&quot;1&quot;}\" data-image-title=\"Lolita libro 1955\" data-image-description=\"\" data-image-caption=\"\" data-large-file=\"https:\/\/i0.wp.com\/elabrevaderojm.com\/wp-content\/uploads\/2026\/03\/Lolita-libro-1955.jpg?fit=250%2C395&amp;ssl=1\" role=\"button\" tabindex=\"0\" aria-label=\"Open image 3 of 4 in full-screen\" srcset=\"https:\/\/i0.wp.com\/elabrevaderojm.com\/wp-content\/uploads\/2026\/03\/Lolita-libro-1955.jpg?strip=info&#038;w=250&#038;ssl=1 250w\" alt=\"\" data-height=\"395\" data-id=\"29774\" data-link=\"https:\/\/elabrevaderojm.com\/?attachment_id=29774\" data-url=\"https:\/\/elabrevaderojm.com\/wp-content\/uploads\/2026\/03\/Lolita-libro-1955.jpg\" data-width=\"250\" src=\"https:\/\/i0.wp.com\/elabrevaderojm.com\/wp-content\/uploads\/2026\/03\/Lolita-libro-1955.jpg?ssl=1\" data-amp-layout=\"responsive\"\/><\/figure><\/div><div class=\"tiled-gallery__col\" style=\"flex-basis:12.42939%\"><figure class=\"tiled-gallery__item\"><img decoding=\"async\" data-attachment-id=\"29775\" data-permalink=\"https:\/\/elabrevaderojm.com\/en\/2026\/04\/01\/archivos-de-epstein-la-cochambre-super-adinerada-de-occidente-fuera-del-alcance-de-la-justicia-1-noticia-y-analisis-de-canal-red-la-base\/vladimir_nabokov_1969b\/\" data-orig-file=\"https:\/\/i0.wp.com\/elabrevaderojm.com\/wp-content\/uploads\/2026\/03\/vladimir_nabokov_1969b.jpg?fit=273%2C408&amp;ssl=1\" data-orig-size=\"273,408\" data-comments-opened=\"1\" data-image-meta=\"{&quot;aperture&quot;:&quot;0&quot;,&quot;credit&quot;:&quot;&quot;,&quot;camera&quot;:&quot;C-550 Lanovia&quot;,&quot;caption&quot;:&quot;\\nAA349659\\ncucina\\n303\\n457\\n300\\n3576\\n5400\\nRGB\\n&quot;,&quot;created_timestamp&quot;:&quot;0&quot;,&quot;copyright&quot;:&quot;Mondadori Collection&quot;,&quot;focal_length&quot;:&quot;0&quot;,&quot;iso&quot;:&quot;0&quot;,&quot;shutter_speed&quot;:&quot;0&quot;,&quot;title&quot;:&quot;&quot;,&quot;orientation&quot;:&quot;1&quot;}\" data-image-title=\"vladimir_nabokov_1969b\" data-image-description=\"\" data-image-caption=\"&lt;p&gt;AA349659&lt;br \/&gt;\ncucina&lt;br \/&gt;\n303&lt;br \/&gt;\n457&lt;br \/&gt;\n300&lt;br \/&gt;\n3576&lt;br \/&gt;\n5400&lt;br \/&gt;\nRGB&lt;\/p&gt;\n\" data-large-file=\"https:\/\/i0.wp.com\/elabrevaderojm.com\/wp-content\/uploads\/2026\/03\/vladimir_nabokov_1969b.jpg?fit=273%2C408&amp;ssl=1\" role=\"button\" tabindex=\"0\" aria-label=\"Open image 4 of 4 in full-screen\" srcset=\"https:\/\/i0.wp.com\/elabrevaderojm.com\/wp-content\/uploads\/2026\/03\/vladimir_nabokov_1969b.jpg?strip=info&#038;w=273&#038;ssl=1 273w\" alt=\"\" data-height=\"408\" data-id=\"29775\" data-link=\"https:\/\/elabrevaderojm.com\/?attachment_id=29775\" data-url=\"https:\/\/elabrevaderojm.com\/wp-content\/uploads\/2026\/03\/vladimir_nabokov_1969b.jpg\" data-width=\"273\" src=\"https:\/\/i0.wp.com\/elabrevaderojm.com\/wp-content\/uploads\/2026\/03\/vladimir_nabokov_1969b.jpg?ssl=1\" data-amp-layout=\"responsive\"\/><\/figure><\/div><\/div><\/div><\/div><\/div>\n\n\n\n<p class=\"has-text-align-center has-alegreya-font-family has-custom-font wp-block-paragraph\" style=\"font-size:16px;font-family:alegreya\"><strong>De derecha a izquierda: El \u00abLolita Express\u00bb estacionado, sin uso; Epstein (al lado); portada de la primera edici\u00f3n de <em>Lolita<\/em>\u00a0(foto: <em><a href=\"https:\/\/en.wikipedia.org\/wiki\/Olympia_Press\">Olympia Press<\/a><\/em>); Nab\u00f3kov. <\/strong><\/p>\n\n\n\n<p class=\"has-text-align-justify has-overpass-font-family has-medium-font-size has-custom-font wp-block-paragraph\" style=\"font-family:overpass\">A fecha de 2026, el jet ha pasado una d\u00e9cada almacenado en el aeropuerto <em>Brunswick Golden Isles<\/em> en <a href=\"https:\/\/es.wikipedia.org\/wiki\/Georgia_(Estados_Unidos)\">Georgia<\/a>, <a href=\"https:\/\/es.wikipedia.org\/wiki\/Estados_Unidos\">Estados Unidos<\/a>.<\/p>\n\n\n\n<p class=\"has-text-align-justify has-overpass-font-family has-medium-font-size has-custom-font wp-block-paragraph\" style=\"font-family:overpass\">La acusadora de Epstein, <a href=\"https:\/\/es.wikipedia.org\/wiki\/Virginia_Giuffre\">Virginia Louise Giuffre<\/a>, aleg\u00f3 haber sido violada en el avi\u00f3n por <a href=\"https:\/\/es.wikipedia.org\/wiki\/Alan_Dershowitz\">Alan Morton Dershowitz<\/a>, lo cual Dershowitz neg\u00f3 como una \u00abmentira escandalosa\u00bb. Giuffre retir\u00f3 posteriormente sus acusaciones contra Dershowitz en 2022.<\/p>\n\n\n\n<p class=\"has-text-align-justify has-overpass-font-family has-medium-font-size has-custom-font wp-block-paragraph\" style=\"font-family:overpass\"><img data-recalc-dims=\"1\" loading=\"lazy\" decoding=\"async\" width=\"184\" height=\"242\" data-attachment-id=\"29785\" data-permalink=\"https:\/\/elabrevaderojm.com\/en\/2026\/04\/01\/archivos-de-epstein-la-cochambre-super-adinerada-de-occidente-fuera-del-alcance-de-la-justicia-1-noticia-y-analisis-de-canal-red-la-base\/alan-dershowitz\/\" data-orig-file=\"https:\/\/i0.wp.com\/elabrevaderojm.com\/wp-content\/uploads\/2026\/03\/alan-dershowitz.jpg?fit=281%2C370&amp;ssl=1\" data-orig-size=\"281,370\" data-comments-opened=\"1\" data-image-meta=\"{&quot;aperture&quot;:&quot;0&quot;,&quot;credit&quot;:&quot;&quot;,&quot;camera&quot;:&quot;&quot;,&quot;caption&quot;:&quot;&quot;,&quot;created_timestamp&quot;:&quot;0&quot;,&quot;copyright&quot;:&quot;&quot;,&quot;focal_length&quot;:&quot;0&quot;,&quot;iso&quot;:&quot;0&quot;,&quot;shutter_speed&quot;:&quot;0&quot;,&quot;title&quot;:&quot;&quot;,&quot;orientation&quot;:&quot;1&quot;}\" data-image-title=\"alan-dershowitz\" data-image-description=\"\" data-image-caption=\"\" data-large-file=\"https:\/\/i0.wp.com\/elabrevaderojm.com\/wp-content\/uploads\/2026\/03\/alan-dershowitz.jpg?fit=281%2C370&amp;ssl=1\" class=\"wp-image-29785\" style=\"width: 184px;\" src=\"https:\/\/i0.wp.com\/elabrevaderojm.com\/wp-content\/uploads\/2026\/03\/alan-dershowitz.jpg?resize=184%2C242&#038;ssl=1\" alt=\"\" srcset=\"https:\/\/i0.wp.com\/elabrevaderojm.com\/wp-content\/uploads\/2026\/03\/alan-dershowitz.jpg?w=281&amp;ssl=1 281w, https:\/\/i0.wp.com\/elabrevaderojm.com\/wp-content\/uploads\/2026\/03\/alan-dershowitz.jpg?resize=228%2C300&amp;ssl=1 228w\" sizes=\"auto, (max-width: 184px) 100vw, 184px\" \/> <img data-recalc-dims=\"1\" loading=\"lazy\" decoding=\"async\" width=\"170\" height=\"243\" data-attachment-id=\"29786\" data-permalink=\"https:\/\/elabrevaderojm.com\/en\/2026\/04\/01\/archivos-de-epstein-la-cochambre-super-adinerada-de-occidente-fuera-del-alcance-de-la-justicia-1-noticia-y-analisis-de-canal-red-la-base\/virginia-giuffre\/\" data-orig-file=\"https:\/\/i0.wp.com\/elabrevaderojm.com\/wp-content\/uploads\/2026\/03\/virginia-giuffre.jpg?fit=395%2C565&amp;ssl=1\" data-orig-size=\"395,565\" data-comments-opened=\"1\" data-image-meta=\"{&quot;aperture&quot;:&quot;0&quot;,&quot;credit&quot;:&quot;&quot;,&quot;camera&quot;:&quot;&quot;,&quot;caption&quot;:&quot;&quot;,&quot;created_timestamp&quot;:&quot;0&quot;,&quot;copyright&quot;:&quot;&quot;,&quot;focal_length&quot;:&quot;0&quot;,&quot;iso&quot;:&quot;0&quot;,&quot;shutter_speed&quot;:&quot;0&quot;,&quot;title&quot;:&quot;&quot;,&quot;orientation&quot;:&quot;1&quot;}\" data-image-title=\"virginia giuffre\" data-image-description=\"\" data-image-caption=\"\" data-large-file=\"https:\/\/i0.wp.com\/elabrevaderojm.com\/wp-content\/uploads\/2026\/03\/virginia-giuffre.jpg?fit=395%2C565&amp;ssl=1\" class=\"wp-image-29786\" style=\"width: 170px;\" src=\"https:\/\/i0.wp.com\/elabrevaderojm.com\/wp-content\/uploads\/2026\/03\/virginia-giuffre.jpg?resize=170%2C243&#038;ssl=1\" alt=\"\" srcset=\"https:\/\/i0.wp.com\/elabrevaderojm.com\/wp-content\/uploads\/2026\/03\/virginia-giuffre.jpg?w=395&amp;ssl=1 395w, https:\/\/i0.wp.com\/elabrevaderojm.com\/wp-content\/uploads\/2026\/03\/virginia-giuffre.jpg?resize=210%2C300&amp;ssl=1 210w, https:\/\/i0.wp.com\/elabrevaderojm.com\/wp-content\/uploads\/2026\/03\/virginia-giuffre.jpg?resize=300%2C429&amp;ssl=1 300w\" sizes=\"auto, (max-width: 170px) 100vw, 170px\" \/><\/p>\n\n\n\n<p class=\"has-text-align-center has-alegreya-font-family has-custom-font wp-block-paragraph\" style=\"font-size:16px;font-family:alegreya\"><strong>Alan y Virginia. <\/strong><\/p>\n\n\n\n<p class=\"has-text-align-justify has-overpass-font-family has-medium-font-size has-custom-font wp-block-paragraph\" style=\"font-family:overpass\"><strong>Julie Knipe Brown<\/strong> (nacida en 1961) es una periodista de investigaci\u00f3n estadounidense del <a href=\"https:\/\/es.wikipedia.org\/wiki\/Miami_Herald\"><em>Miami Herald<\/em><\/a><em>, <\/em>conocida principalmente por investigar la historia de la trata sexual en torno a Jeffrey Epstein, quien en 2008 pudo declararse culpable de dos delitos estatales de prostituci\u00f3n. Ha recibido varios premios, entre ellos dos <a href=\"https:\/\/es.wikipedia.org\/wiki\/Premio_George_Polk\">premios George Polk<\/a> por Reportaje de Justicia. Brown fue incluida en <a href=\"https:\/\/en.wikipedia.org\/wiki\/Time_100\"><em>la lista de las 100<\/em> personas m\u00e1s influyentes de 2020<\/a> de la revista <em>Time<\/em>.<\/p>\n\n\n\n<p class=\"has-text-align-justify has-overpass-font-family has-medium-font-size has-custom-font wp-block-paragraph\" style=\"font-family:overpass\"><img data-recalc-dims=\"1\" loading=\"lazy\" decoding=\"async\" width=\"200\" height=\"252\" data-attachment-id=\"29791\" data-permalink=\"https:\/\/elabrevaderojm.com\/en\/2026\/04\/01\/archivos-de-epstein-la-cochambre-super-adinerada-de-occidente-fuera-del-alcance-de-la-justicia-1-noticia-y-analisis-de-canal-red-la-base\/julia-k-brown\/\" data-orig-file=\"https:\/\/i0.wp.com\/elabrevaderojm.com\/wp-content\/uploads\/2026\/03\/julia-k-brown.jpg?fit=200%2C252&amp;ssl=1\" data-orig-size=\"200,252\" data-comments-opened=\"1\" data-image-meta=\"{&quot;aperture&quot;:&quot;0&quot;,&quot;credit&quot;:&quot;&quot;,&quot;camera&quot;:&quot;&quot;,&quot;caption&quot;:&quot;&quot;,&quot;created_timestamp&quot;:&quot;0&quot;,&quot;copyright&quot;:&quot;&quot;,&quot;focal_length&quot;:&quot;0&quot;,&quot;iso&quot;:&quot;0&quot;,&quot;shutter_speed&quot;:&quot;0&quot;,&quot;title&quot;:&quot;&quot;,&quot;orientation&quot;:&quot;0&quot;}\" data-image-title=\"julia k brown\" data-image-description=\"\" data-image-caption=\"\" data-large-file=\"https:\/\/i0.wp.com\/elabrevaderojm.com\/wp-content\/uploads\/2026\/03\/julia-k-brown.jpg?fit=200%2C252&amp;ssl=1\" class=\"wp-image-29791\" style=\"width: 200px;\" src=\"https:\/\/i0.wp.com\/elabrevaderojm.com\/wp-content\/uploads\/2026\/03\/julia-k-brown.jpg?resize=200%2C252&#038;ssl=1\" alt=\"\"> <img data-recalc-dims=\"1\" loading=\"lazy\" decoding=\"async\" width=\"162\" height=\"253\" data-attachment-id=\"29792\" data-permalink=\"https:\/\/elabrevaderojm.com\/en\/2026\/04\/01\/archivos-de-epstein-la-cochambre-super-adinerada-de-occidente-fuera-del-alcance-de-la-justicia-1-noticia-y-analisis-de-canal-red-la-base\/politico-george-polk-award-press-page\/\" data-orig-file=\"https:\/\/i0.wp.com\/elabrevaderojm.com\/wp-content\/uploads\/2026\/03\/politico-george-polk-award-press-page.jpg?fit=260%2C406&amp;ssl=1\" data-orig-size=\"260,406\" data-comments-opened=\"1\" data-image-meta=\"{&quot;aperture&quot;:&quot;0&quot;,&quot;credit&quot;:&quot;&quot;,&quot;camera&quot;:&quot;&quot;,&quot;caption&quot;:&quot;&quot;,&quot;created_timestamp&quot;:&quot;0&quot;,&quot;copyright&quot;:&quot;&quot;,&quot;focal_length&quot;:&quot;0&quot;,&quot;iso&quot;:&quot;0&quot;,&quot;shutter_speed&quot;:&quot;0&quot;,&quot;title&quot;:&quot;&quot;,&quot;orientation&quot;:&quot;1&quot;}\" data-image-title=\"politico-george-polk-award-press-page\" data-image-description=\"\" data-image-caption=\"\" data-large-file=\"https:\/\/i0.wp.com\/elabrevaderojm.com\/wp-content\/uploads\/2026\/03\/politico-george-polk-award-press-page.jpg?fit=260%2C406&amp;ssl=1\" class=\"wp-image-29792\" style=\"width: 162px;\" src=\"https:\/\/i0.wp.com\/elabrevaderojm.com\/wp-content\/uploads\/2026\/03\/politico-george-polk-award-press-page.jpg?resize=162%2C253&#038;ssl=1\" alt=\"\" srcset=\"https:\/\/i0.wp.com\/elabrevaderojm.com\/wp-content\/uploads\/2026\/03\/politico-george-polk-award-press-page.jpg?w=260&amp;ssl=1 260w, https:\/\/i0.wp.com\/elabrevaderojm.com\/wp-content\/uploads\/2026\/03\/politico-george-polk-award-press-page.jpg?resize=192%2C300&amp;ssl=1 192w\" sizes=\"auto, (max-width: 162px) 100vw, 162px\" \/><\/p>\n\n\n\n<p class=\"has-text-align-center has-alegreya-font-family has-custom-font wp-block-paragraph\" style=\"font-size:16px;font-family:alegreya\"><strong>Julia y un ejemplo del premio mencionado.<\/strong><\/p>\n\n\n\n<div class=\"wp-block-media-text is-stacked-on-mobile\" style=\"grid-template-columns:15% auto\"><figure class=\"wp-block-media-text__media\"><img data-recalc-dims=\"1\" loading=\"lazy\" decoding=\"async\" width=\"288\" height=\"418\" data-attachment-id=\"29796\" data-permalink=\"https:\/\/elabrevaderojm.com\/en\/2026\/04\/01\/archivos-de-epstein-la-cochambre-super-adinerada-de-occidente-fuera-del-alcance-de-la-justicia-1-noticia-y-analisis-de-canal-red-la-base\/jeffrey-berman\/\" data-orig-file=\"https:\/\/i0.wp.com\/elabrevaderojm.com\/wp-content\/uploads\/2026\/03\/jeffrey-berman.jpg?fit=288%2C418&amp;ssl=1\" data-orig-size=\"288,418\" data-comments-opened=\"1\" data-image-meta=\"{&quot;aperture&quot;:&quot;0&quot;,&quot;credit&quot;:&quot;&quot;,&quot;camera&quot;:&quot;&quot;,&quot;caption&quot;:&quot;&quot;,&quot;created_timestamp&quot;:&quot;0&quot;,&quot;copyright&quot;:&quot;&quot;,&quot;focal_length&quot;:&quot;0&quot;,&quot;iso&quot;:&quot;0&quot;,&quot;shutter_speed&quot;:&quot;0&quot;,&quot;title&quot;:&quot;&quot;,&quot;orientation&quot;:&quot;1&quot;}\" data-image-title=\"jeffrey berman\" data-image-description=\"\" data-image-caption=\"\" data-large-file=\"https:\/\/i0.wp.com\/elabrevaderojm.com\/wp-content\/uploads\/2026\/03\/jeffrey-berman.jpg?fit=288%2C418&amp;ssl=1\" src=\"https:\/\/i0.wp.com\/elabrevaderojm.com\/wp-content\/uploads\/2026\/03\/jeffrey-berman.jpg?resize=288%2C418&#038;ssl=1\" alt=\"\" class=\"wp-image-29796 size-full\" srcset=\"https:\/\/i0.wp.com\/elabrevaderojm.com\/wp-content\/uploads\/2026\/03\/jeffrey-berman.jpg?w=288&amp;ssl=1 288w, https:\/\/i0.wp.com\/elabrevaderojm.com\/wp-content\/uploads\/2026\/03\/jeffrey-berman.jpg?resize=207%2C300&amp;ssl=1 207w\" sizes=\"auto, (max-width: 288px) 100vw, 288px\" \/><\/figure><div class=\"wp-block-media-text__content\">\n<p class=\"has-text-align-justify has-overpass-font-family has-medium-font-size has-custom-font wp-block-paragraph\" style=\"font-family:overpass\"><strong>Geoffrey Steven Berman<\/strong> (nacido el 12 de septiembre de 1959; en la foto) es un abogado estadounidense que ejerci\u00f3 como fiscal de los Estados Unidos para el Distrito Sur de Nueva York desde 2018 hasta 2020. Es el presidente global del departamento de litigios en el bufete <em>Fried, Frank, Harris, Shriver &amp; Jacobson<\/em>.<\/p>\n<\/div><\/div>\n\n\n\n<p class=\"has-text-align-justify has-overpass-font-family has-medium-font-size has-custom-font wp-block-paragraph\" style=\"font-family:overpass\">En abril de 2018, la oficina de Berman emiti\u00f3 una orden de registro en la oficina y habitaci\u00f3n de hotel de <a href=\"https:\/\/es.wikipedia.org\/wiki\/Michael_Cohen_(abogado)\">Michael Dean Cohen<\/a>, exabogado de Trump, por posible fraude bancario y violaciones de la financiaci\u00f3n de campa\u00f1as.<\/p>\n\n\n\n<p class=\"has-text-align-justify has-overpass-font-family has-medium-font-size has-custom-font wp-block-paragraph\" style=\"font-family:overpass\">En julio de 2019, Berman acus\u00f3 al financiero Jeffrey Epstein de trata sexual de menores y de conspiraci\u00f3n para cometer trata sexual de menores. Berman dijo en su rueda de prensa: \u00abEl supuesto comportamiento conmociona la conciencia. Y aunque la conducta acusada data de hace varios a\u00f1os, sigue siendo profundamente importante para las muchas presuntas v\u00edctimas, ahora mujeres j\u00f3venes. Se merecen su d\u00eda en el tribunal, y estamos orgullosos de defenderles al presentar esta acusaci\u00f3n\u00bb. <\/p>\n\n\n\n<p class=\"has-text-align-justify has-overpass-font-family has-medium-font-size has-custom-font wp-block-paragraph\" style=\"font-family:overpass\"><img data-recalc-dims=\"1\" loading=\"lazy\" decoding=\"async\" width=\"180\" height=\"255\" data-attachment-id=\"29800\" data-permalink=\"https:\/\/elabrevaderojm.com\/en\/2026\/04\/01\/archivos-de-epstein-la-cochambre-super-adinerada-de-occidente-fuera-del-alcance-de-la-justicia-1-noticia-y-analisis-de-canal-red-la-base\/michael-cohen\/\" data-orig-file=\"https:\/\/i0.wp.com\/elabrevaderojm.com\/wp-content\/uploads\/2026\/03\/michael-cohen.jpg?fit=290%2C411&amp;ssl=1\" data-orig-size=\"290,411\" data-comments-opened=\"1\" data-image-meta=\"{&quot;aperture&quot;:&quot;0&quot;,&quot;credit&quot;:&quot;&quot;,&quot;camera&quot;:&quot;&quot;,&quot;caption&quot;:&quot;&quot;,&quot;created_timestamp&quot;:&quot;0&quot;,&quot;copyright&quot;:&quot;&quot;,&quot;focal_length&quot;:&quot;0&quot;,&quot;iso&quot;:&quot;0&quot;,&quot;shutter_speed&quot;:&quot;0&quot;,&quot;title&quot;:&quot;&quot;,&quot;orientation&quot;:&quot;1&quot;}\" data-image-title=\"michael cohen\" data-image-description=\"\" data-image-caption=\"\" data-large-file=\"https:\/\/i0.wp.com\/elabrevaderojm.com\/wp-content\/uploads\/2026\/03\/michael-cohen.jpg?fit=290%2C411&amp;ssl=1\" class=\"wp-image-29800\" style=\"width: 180px;\" src=\"https:\/\/i0.wp.com\/elabrevaderojm.com\/wp-content\/uploads\/2026\/03\/michael-cohen.jpg?resize=180%2C255&#038;ssl=1\" alt=\"\" srcset=\"https:\/\/i0.wp.com\/elabrevaderojm.com\/wp-content\/uploads\/2026\/03\/michael-cohen.jpg?w=290&amp;ssl=1 290w, https:\/\/i0.wp.com\/elabrevaderojm.com\/wp-content\/uploads\/2026\/03\/michael-cohen.jpg?resize=212%2C300&amp;ssl=1 212w\" sizes=\"auto, (max-width: 180px) 100vw, 180px\" \/> <img data-recalc-dims=\"1\" loading=\"lazy\" decoding=\"async\" width=\"184\" height=\"255\" data-attachment-id=\"29801\" data-permalink=\"https:\/\/elabrevaderojm.com\/en\/2026\/04\/01\/archivos-de-epstein-la-cochambre-super-adinerada-de-occidente-fuera-del-alcance-de-la-justicia-1-noticia-y-analisis-de-canal-red-la-base\/alexander-acosta\/\" data-orig-file=\"https:\/\/i0.wp.com\/elabrevaderojm.com\/wp-content\/uploads\/2026\/03\/alexander-acosta.jpg?fit=356%2C494&amp;ssl=1\" data-orig-size=\"356,494\" data-comments-opened=\"1\" data-image-meta=\"{&quot;aperture&quot;:&quot;0&quot;,&quot;credit&quot;:&quot;&quot;,&quot;camera&quot;:&quot;&quot;,&quot;caption&quot;:&quot;&quot;,&quot;created_timestamp&quot;:&quot;0&quot;,&quot;copyright&quot;:&quot;&quot;,&quot;focal_length&quot;:&quot;0&quot;,&quot;iso&quot;:&quot;0&quot;,&quot;shutter_speed&quot;:&quot;0&quot;,&quot;title&quot;:&quot;&quot;,&quot;orientation&quot;:&quot;1&quot;}\" data-image-title=\"alexander-acosta\" data-image-description=\"\" data-image-caption=\"\" data-large-file=\"https:\/\/i0.wp.com\/elabrevaderojm.com\/wp-content\/uploads\/2026\/03\/alexander-acosta.jpg?fit=356%2C494&amp;ssl=1\" class=\"wp-image-29801\" style=\"width: 184px;\" src=\"https:\/\/i0.wp.com\/elabrevaderojm.com\/wp-content\/uploads\/2026\/03\/alexander-acosta.jpg?resize=184%2C255&#038;ssl=1\" alt=\"\" srcset=\"https:\/\/i0.wp.com\/elabrevaderojm.com\/wp-content\/uploads\/2026\/03\/alexander-acosta.jpg?w=356&amp;ssl=1 356w, https:\/\/i0.wp.com\/elabrevaderojm.com\/wp-content\/uploads\/2026\/03\/alexander-acosta.jpg?resize=216%2C300&amp;ssl=1 216w, https:\/\/i0.wp.com\/elabrevaderojm.com\/wp-content\/uploads\/2026\/03\/alexander-acosta.jpg?resize=300%2C416&amp;ssl=1 300w\" sizes=\"auto, (max-width: 184px) 100vw, 184px\" \/><\/p>\n\n\n\n<p class=\"has-text-align-center has-alegreya-font-family has-custom-font wp-block-paragraph\" style=\"font-size:16px;font-family:alegreya\"><strong>Cohen y Acosta.<\/strong><\/p>\n\n\n\n<p class=\"has-text-align-justify has-overpass-font-family has-medium-font-size has-custom-font wp-block-paragraph\" style=\"font-family:overpass\">La acusaci\u00f3n de Berman resurgi\u00f3 la gesti\u00f3n del entonces <a href=\"https:\/\/es.wikipedia.org\/wiki\/Secretario_de_Trabajo_de_los_Estados_Unidos\">secretario de Trabajo<\/a>\u00a0<a href=\"https:\/\/es.wikipedia.org\/wiki\/Alexander_Acosta\">Ren\u00e9 Alexander Acosta<\/a> del caso de trata sexual de Epstein una d\u00e9cada antes. El 12 de julio, Acosta dimiti\u00f3 en medio de la presi\u00f3n del caso.<\/p>\n\n\n\n<p class=\"has-text-align-justify has-overpass-font-family has-medium-font-size has-custom-font wp-block-paragraph\" style=\"font-family:overpass\">El 19 de noviembre de 2019, Berman acus\u00f3 a los guardias Michael Thomas y Tova Noel de crear registros falsos y de conspiraci\u00f3n, despu\u00e9s de que im\u00e1genes de v\u00eddeo obtenidas por los fiscales revelaran que Jeffrey Epstein, en contra de la regulaci\u00f3n, hab\u00eda estado en su celda sin supervisi\u00f3n durante ocho horas antes de ser encontrado muerto el 10 de agosto de 2019.<\/p>\n\n\n<div class=\"wp-block-image\">\n<figure class=\"aligncenter size-full\"><img data-recalc-dims=\"1\" loading=\"lazy\" decoding=\"async\" width=\"480\" height=\"270\" data-attachment-id=\"29805\" data-permalink=\"https:\/\/elabrevaderojm.com\/en\/2026\/04\/01\/archivos-de-epstein-la-cochambre-super-adinerada-de-occidente-fuera-del-alcance-de-la-justicia-1-noticia-y-analisis-de-canal-red-la-base\/michael-thomas-tova-noel\/\" data-orig-file=\"https:\/\/i0.wp.com\/elabrevaderojm.com\/wp-content\/uploads\/2026\/03\/michael-thomas-tova-noel.jpg?fit=480%2C270&amp;ssl=1\" data-orig-size=\"480,270\" data-comments-opened=\"1\" data-image-meta=\"{&quot;aperture&quot;:&quot;0&quot;,&quot;credit&quot;:&quot;&quot;,&quot;camera&quot;:&quot;&quot;,&quot;caption&quot;:&quot;&quot;,&quot;created_timestamp&quot;:&quot;0&quot;,&quot;copyright&quot;:&quot;&quot;,&quot;focal_length&quot;:&quot;0&quot;,&quot;iso&quot;:&quot;0&quot;,&quot;shutter_speed&quot;:&quot;0&quot;,&quot;title&quot;:&quot;&quot;,&quot;orientation&quot;:&quot;1&quot;}\" data-image-title=\"michael thomas &amp;#038; tova noel\" data-image-description=\"\" data-image-caption=\"\" data-large-file=\"https:\/\/i0.wp.com\/elabrevaderojm.com\/wp-content\/uploads\/2026\/03\/michael-thomas-tova-noel.jpg?fit=480%2C270&amp;ssl=1\" src=\"https:\/\/i0.wp.com\/elabrevaderojm.com\/wp-content\/uploads\/2026\/03\/michael-thomas-tova-noel.jpg?resize=480%2C270&#038;ssl=1\" alt=\"\" class=\"wp-image-29805\" srcset=\"https:\/\/i0.wp.com\/elabrevaderojm.com\/wp-content\/uploads\/2026\/03\/michael-thomas-tova-noel.jpg?w=480&amp;ssl=1 480w, https:\/\/i0.wp.com\/elabrevaderojm.com\/wp-content\/uploads\/2026\/03\/michael-thomas-tova-noel.jpg?resize=300%2C169&amp;ssl=1 300w\" sizes=\"auto, (max-width: 480px) 100vw, 480px\" \/><\/figure>\n<\/div>\n\n\n<p class=\"has-text-align-center has-alegreya-font-family has-custom-font wp-block-paragraph\" style=\"font-size:16px;font-family:alegreya\"><strong>Michael Thomas y Tova Noel deb\u00edan haber estado vigilando a Jeffrey Epstein cada media hora cuando este muri\u00f3 (JUSTIN LANE\/EPA; LUCAS JACKSON\/REUTERS; <a href=\"https:\/\/www.thetimes.com\/uk\/crime\/article\/jeffrey-epstein-guards-to-face-trial-over-faking-suicide-checks-ml7w0h3ww\"><em>https:\/\/www.thetimes.com\/uk\/crime\/article\/jeffrey-epstein-guards-to-face-trial-over-faking-suicide-checks-ml7w0h3ww<\/em><\/a>).<\/strong><\/p>\n\n\n\n<p class=\"has-text-align-justify has-overpass-font-family has-medium-font-size has-custom-font wp-block-paragraph\" style=\"font-family:overpass\">El 27 de enero de 2020, en una rueda de prensa patrocinada por <em>Safe Horizon<\/em> \u2014la mayor organizaci\u00f3n sin \u00e1nimo de lucro de servicios a v\u00edctimas <a href=\"https:\/\/en.wikipedia.org\/wiki\/Nonprofit_organization\"><\/a>\u00a0en Estados Unidos\u2014 en el lugar de la mansi\u00f3n neoyorquina de Jeffrey Epstein, se le pregunt\u00f3 a Berman si Andrew Albert Christian Edward Mountbatten-Windsor (<a href=\"https:\/\/es.wikipedia.org\/wiki\/Andrew_Mountbatten-Windsor\">pr\u00edncipe Andr\u00e9s<\/a>\/duque de York) estaba colaborando con la investigaci\u00f3n del SDNY (<em>United States Attorney for the Southern District of New York<\/em>) sobre los c\u00f3mplices de Epstein. Berman respondi\u00f3 que hasta la fecha Andrew no hab\u00eda ofrecido \u00abninguna cooperaci\u00f3n\u00bb. El 9 de marzo de 2020, Berman dijo que Andrew hab\u00eda \u00abcerrado completamente la puerta\u00bb a la cooperaci\u00f3n voluntaria y que su oficina estaba considerando sus opciones.<\/p>\n\n\n\n<figure class=\"wp-block-gallery has-nested-images columns-5 is-cropped wp-block-gallery-2 is-layout-flex wp-block-gallery-is-layout-flex\">\n<figure class=\"wp-block-image size-large\"><img data-recalc-dims=\"1\" loading=\"lazy\" decoding=\"async\" width=\"283\" height=\"368\" data-attachment-id=\"29812\" data-permalink=\"https:\/\/elabrevaderojm.com\/en\/2026\/04\/01\/archivos-de-epstein-la-cochambre-super-adinerada-de-occidente-fuera-del-alcance-de-la-justicia-1-noticia-y-analisis-de-canal-red-la-base\/principe-andres\/\" data-orig-file=\"https:\/\/i0.wp.com\/elabrevaderojm.com\/wp-content\/uploads\/2026\/03\/principe-Andres.jpg?fit=283%2C368&amp;ssl=1\" data-orig-size=\"283,368\" data-comments-opened=\"1\" data-image-meta=\"{&quot;aperture&quot;:&quot;0&quot;,&quot;credit&quot;:&quot;&quot;,&quot;camera&quot;:&quot;&quot;,&quot;caption&quot;:&quot;&quot;,&quot;created_timestamp&quot;:&quot;0&quot;,&quot;copyright&quot;:&quot;&quot;,&quot;focal_length&quot;:&quot;0&quot;,&quot;iso&quot;:&quot;0&quot;,&quot;shutter_speed&quot;:&quot;0&quot;,&quot;title&quot;:&quot;&quot;,&quot;orientation&quot;:&quot;1&quot;}\" data-image-title=\"principe Andres\" data-image-description=\"\" data-image-caption=\"\" data-large-file=\"https:\/\/i0.wp.com\/elabrevaderojm.com\/wp-content\/uploads\/2026\/03\/principe-Andres.jpg?fit=283%2C368&amp;ssl=1\" data-id=\"29812\" src=\"https:\/\/i0.wp.com\/elabrevaderojm.com\/wp-content\/uploads\/2026\/03\/principe-Andres.jpg?resize=283%2C368&#038;ssl=1\" alt=\"\" class=\"wp-image-29812\" srcset=\"https:\/\/i0.wp.com\/elabrevaderojm.com\/wp-content\/uploads\/2026\/03\/principe-Andres.jpg?w=283&amp;ssl=1 283w, https:\/\/i0.wp.com\/elabrevaderojm.com\/wp-content\/uploads\/2026\/03\/principe-Andres.jpg?resize=231%2C300&amp;ssl=1 231w\" sizes=\"auto, (max-width: 283px) 100vw, 283px\" \/><figcaption class=\"wp-element-caption\"><strong>Andrew<\/strong><\/figcaption><\/figure>\n\n\n\n<figure class=\"wp-block-image size-large\"><img data-recalc-dims=\"1\" loading=\"lazy\" decoding=\"async\" width=\"300\" height=\"320\" data-attachment-id=\"29813\" data-permalink=\"https:\/\/elabrevaderojm.com\/en\/2026\/04\/01\/archivos-de-epstein-la-cochambre-super-adinerada-de-occidente-fuera-del-alcance-de-la-justicia-1-noticia-y-analisis-de-canal-red-la-base\/william-barr\/\" data-orig-file=\"https:\/\/i0.wp.com\/elabrevaderojm.com\/wp-content\/uploads\/2026\/03\/william-barr.jpg?fit=300%2C320&amp;ssl=1\" data-orig-size=\"300,320\" data-comments-opened=\"1\" data-image-meta=\"{&quot;aperture&quot;:&quot;0&quot;,&quot;credit&quot;:&quot;&quot;,&quot;camera&quot;:&quot;&quot;,&quot;caption&quot;:&quot;&quot;,&quot;created_timestamp&quot;:&quot;0&quot;,&quot;copyright&quot;:&quot;&quot;,&quot;focal_length&quot;:&quot;0&quot;,&quot;iso&quot;:&quot;0&quot;,&quot;shutter_speed&quot;:&quot;0&quot;,&quot;title&quot;:&quot;&quot;,&quot;orientation&quot;:&quot;1&quot;}\" data-image-title=\"william barr\" data-image-description=\"\" data-image-caption=\"\" data-large-file=\"https:\/\/i0.wp.com\/elabrevaderojm.com\/wp-content\/uploads\/2026\/03\/william-barr.jpg?fit=300%2C320&amp;ssl=1\" data-id=\"29813\" src=\"https:\/\/i0.wp.com\/elabrevaderojm.com\/wp-content\/uploads\/2026\/03\/william-barr.jpg?resize=300%2C320&#038;ssl=1\" alt=\"\" class=\"wp-image-29813\" srcset=\"https:\/\/i0.wp.com\/elabrevaderojm.com\/wp-content\/uploads\/2026\/03\/william-barr.jpg?w=300&amp;ssl=1 300w, https:\/\/i0.wp.com\/elabrevaderojm.com\/wp-content\/uploads\/2026\/03\/william-barr.jpg?resize=281%2C300&amp;ssl=1 281w\" sizes=\"auto, (max-width: 300px) 100vw, 300px\" \/><figcaption class=\"wp-element-caption\"><strong>Barr<\/strong><\/figcaption><\/figure>\n\n\n\n<figure class=\"wp-block-image size-large\"><img data-recalc-dims=\"1\" loading=\"lazy\" decoding=\"async\" width=\"214\" height=\"257\" data-attachment-id=\"29810\" data-permalink=\"https:\/\/elabrevaderojm.com\/en\/2026\/04\/01\/archivos-de-epstein-la-cochambre-super-adinerada-de-occidente-fuera-del-alcance-de-la-justicia-1-noticia-y-analisis-de-canal-red-la-base\/rudy-giuliani\/\" data-orig-file=\"https:\/\/i0.wp.com\/elabrevaderojm.com\/wp-content\/uploads\/2026\/03\/rudy-giuliani.jpg?fit=214%2C257&amp;ssl=1\" data-orig-size=\"214,257\" data-comments-opened=\"1\" data-image-meta=\"{&quot;aperture&quot;:&quot;0&quot;,&quot;credit&quot;:&quot;&quot;,&quot;camera&quot;:&quot;&quot;,&quot;caption&quot;:&quot;&quot;,&quot;created_timestamp&quot;:&quot;0&quot;,&quot;copyright&quot;:&quot;&quot;,&quot;focal_length&quot;:&quot;0&quot;,&quot;iso&quot;:&quot;0&quot;,&quot;shutter_speed&quot;:&quot;0&quot;,&quot;title&quot;:&quot;&quot;,&quot;orientation&quot;:&quot;1&quot;}\" data-image-title=\"rudy giuliani\" data-image-description=\"\" data-image-caption=\"\" data-large-file=\"https:\/\/i0.wp.com\/elabrevaderojm.com\/wp-content\/uploads\/2026\/03\/rudy-giuliani.jpg?fit=214%2C257&amp;ssl=1\" data-id=\"29810\" src=\"https:\/\/i0.wp.com\/elabrevaderojm.com\/wp-content\/uploads\/2026\/03\/rudy-giuliani.jpg?resize=214%2C257&#038;ssl=1\" alt=\"\" class=\"wp-image-29810\"\/><figcaption class=\"wp-element-caption\"><strong>Rudy<\/strong><\/figcaption><\/figure>\n\n\n\n<figure class=\"wp-block-image size-large\"><img data-recalc-dims=\"1\" loading=\"lazy\" decoding=\"async\" width=\"140\" height=\"207\" data-attachment-id=\"29809\" data-permalink=\"https:\/\/elabrevaderojm.com\/en\/2026\/04\/01\/archivos-de-epstein-la-cochambre-super-adinerada-de-occidente-fuera-del-alcance-de-la-justicia-1-noticia-y-analisis-de-canal-red-la-base\/audrey-strauss\/\" data-orig-file=\"https:\/\/i0.wp.com\/elabrevaderojm.com\/wp-content\/uploads\/2026\/03\/audrey-strauss.jpg?fit=140%2C207&amp;ssl=1\" data-orig-size=\"140,207\" data-comments-opened=\"1\" data-image-meta=\"{&quot;aperture&quot;:&quot;0&quot;,&quot;credit&quot;:&quot;&quot;,&quot;camera&quot;:&quot;&quot;,&quot;caption&quot;:&quot;&quot;,&quot;created_timestamp&quot;:&quot;0&quot;,&quot;copyright&quot;:&quot;&quot;,&quot;focal_length&quot;:&quot;0&quot;,&quot;iso&quot;:&quot;0&quot;,&quot;shutter_speed&quot;:&quot;0&quot;,&quot;title&quot;:&quot;&quot;,&quot;orientation&quot;:&quot;0&quot;}\" data-image-title=\"audrey strauss\" data-image-description=\"\" data-image-caption=\"\" data-large-file=\"https:\/\/i0.wp.com\/elabrevaderojm.com\/wp-content\/uploads\/2026\/03\/audrey-strauss.jpg?fit=140%2C207&amp;ssl=1\" data-id=\"29809\" src=\"https:\/\/i0.wp.com\/elabrevaderojm.com\/wp-content\/uploads\/2026\/03\/audrey-strauss.jpg?resize=140%2C207&#038;ssl=1\" alt=\"\" class=\"wp-image-29809\"\/><figcaption class=\"wp-element-caption\"><strong>Strauss<\/strong><\/figcaption><\/figure>\n\n\n\n<figure class=\"wp-block-image size-large\"><img data-recalc-dims=\"1\" loading=\"lazy\" decoding=\"async\" width=\"296\" height=\"346\" data-attachment-id=\"29811\" data-permalink=\"https:\/\/elabrevaderojm.com\/en\/2026\/04\/01\/archivos-de-epstein-la-cochambre-super-adinerada-de-occidente-fuera-del-alcance-de-la-justicia-1-noticia-y-analisis-de-canal-red-la-base\/ghislaine-maxwell\/\" data-orig-file=\"https:\/\/i0.wp.com\/elabrevaderojm.com\/wp-content\/uploads\/2026\/03\/ghislaine-maxwell.jpg?fit=296%2C346&amp;ssl=1\" data-orig-size=\"296,346\" data-comments-opened=\"1\" data-image-meta=\"{&quot;aperture&quot;:&quot;0&quot;,&quot;credit&quot;:&quot;&quot;,&quot;camera&quot;:&quot;&quot;,&quot;caption&quot;:&quot;&quot;,&quot;created_timestamp&quot;:&quot;0&quot;,&quot;copyright&quot;:&quot;&quot;,&quot;focal_length&quot;:&quot;0&quot;,&quot;iso&quot;:&quot;0&quot;,&quot;shutter_speed&quot;:&quot;0&quot;,&quot;title&quot;:&quot;&quot;,&quot;orientation&quot;:&quot;1&quot;}\" data-image-title=\"ghislaine maxwell\" data-image-description=\"\" data-image-caption=\"\" data-large-file=\"https:\/\/i0.wp.com\/elabrevaderojm.com\/wp-content\/uploads\/2026\/03\/ghislaine-maxwell.jpg?fit=296%2C346&amp;ssl=1\" data-id=\"29811\" src=\"https:\/\/i0.wp.com\/elabrevaderojm.com\/wp-content\/uploads\/2026\/03\/ghislaine-maxwell.jpg?resize=296%2C346&#038;ssl=1\" alt=\"\" class=\"wp-image-29811\" srcset=\"https:\/\/i0.wp.com\/elabrevaderojm.com\/wp-content\/uploads\/2026\/03\/ghislaine-maxwell.jpg?w=296&amp;ssl=1 296w, https:\/\/i0.wp.com\/elabrevaderojm.com\/wp-content\/uploads\/2026\/03\/ghislaine-maxwell.jpg?resize=257%2C300&amp;ssl=1 257w\" sizes=\"auto, (max-width: 296px) 100vw, 296px\" \/><figcaption class=\"wp-element-caption\"><strong>Maxwell<\/strong><\/figcaption><\/figure>\n<\/figure>\n\n\n\n<p class=\"has-text-align-justify has-overpass-font-family has-medium-font-size has-custom-font wp-block-paragraph\" style=\"font-family:overpass\">En el momento en que Trump y <a href=\"https:\/\/es.wikipedia.org\/wiki\/William_Barr\">William Pelham Barr<\/a> buscaron su destituci\u00f3n, Berman supuestamente investigaba al abogado personal de Trump, <a href=\"https:\/\/es.wikipedia.org\/wiki\/Rudy_Giuliani\">Rudolph William Louis \u00abRudy\u00bb Giuliani<\/a>, por presuntos delitos relacionados con sus actividades en Ucrania. El 20 de junio, Barr le dijo a Berman que Trump le hab\u00eda despedido a petici\u00f3n de Barr y que la fiscal adjunta Audrey Strauss \u2014la que gan\u00f3 el juicio contra <a href=\"https:\/\/es.wikipedia.org\/wiki\/Ghislaine_Maxwell\">Ghislaine Maxwell<\/a> en 2021\u2014 <a href=\"https:\/\/en.wikipedia.org\/wiki\/Ghislaine_Maxwell\"><\/a>ejercer\u00eda como fiscal federal interina.<\/p>\n\n\n\n<div class=\"wp-block-media-text has-media-on-the-right is-stacked-on-mobile\" style=\"grid-template-columns:auto 17%\"><div class=\"wp-block-media-text__content\">\n<p class=\"has-text-align-justify has-overpass-font-family has-custom-font wp-block-paragraph\" style=\"font-size:17px;font-family:overpass\"><strong>William F. Sweeney<\/strong> (hijo; en la foto) es un funcionario federal estadounidense conocido por su extensa carrera en el <a href=\"https:\/\/es.wikipedia.org\/wiki\/FBI\">Bur\u00f3 Federal de Investigaciones<\/a> (FBI), que culmin\u00f3 con su nombramiento como subdirector a Cargo de la Oficina de Campo de Nueva York desde julio de 2016. Siendo originario del \u00e1rea de <a href=\"https:\/\/es.wikipedia.org\/wiki\/Filadelfia\">Filadelfia<\/a>, comenz\u00f3 a trabajar en el FBI en 1998 y se ha especializado en investigaciones de corrupci\u00f3n p\u00fablica y contraterrorismo, ascendiendo a puestos clave de liderazgo en varias oficinas de campo y en la sede central.<\/p>\n<\/div><figure class=\"wp-block-media-text__media\"><img data-recalc-dims=\"1\" loading=\"lazy\" decoding=\"async\" width=\"113\" height=\"140\" data-attachment-id=\"29817\" data-permalink=\"https:\/\/elabrevaderojm.com\/en\/2026\/04\/01\/archivos-de-epstein-la-cochambre-super-adinerada-de-occidente-fuera-del-alcance-de-la-justicia-1-noticia-y-analisis-de-canal-red-la-base\/william-sweeney\/\" data-orig-file=\"https:\/\/i0.wp.com\/elabrevaderojm.com\/wp-content\/uploads\/2026\/03\/william-sweeney.jpg?fit=113%2C140&amp;ssl=1\" data-orig-size=\"113,140\" data-comments-opened=\"1\" data-image-meta=\"{&quot;aperture&quot;:&quot;0&quot;,&quot;credit&quot;:&quot;&quot;,&quot;camera&quot;:&quot;&quot;,&quot;caption&quot;:&quot;&quot;,&quot;created_timestamp&quot;:&quot;0&quot;,&quot;copyright&quot;:&quot;&quot;,&quot;focal_length&quot;:&quot;0&quot;,&quot;iso&quot;:&quot;0&quot;,&quot;shutter_speed&quot;:&quot;0&quot;,&quot;title&quot;:&quot;&quot;,&quot;orientation&quot;:&quot;1&quot;}\" data-image-title=\"william sweeney\" data-image-description=\"\" data-image-caption=\"\" data-large-file=\"https:\/\/i0.wp.com\/elabrevaderojm.com\/wp-content\/uploads\/2026\/03\/william-sweeney.jpg?fit=113%2C140&amp;ssl=1\" src=\"https:\/\/i0.wp.com\/elabrevaderojm.com\/wp-content\/uploads\/2026\/03\/william-sweeney.jpg?resize=113%2C140&#038;ssl=1\" alt=\"\" class=\"wp-image-29817 size-full\"\/><\/figure><\/div>\n\n\n\n<p class=\"wp-block-paragraph\"><\/p>\n\n\n\n<p class=\"has-text-align-justify has-overpass-font-family has-medium-font-size has-custom-font wp-block-paragraph\" style=\"font-family:overpass\"><a href=\"https:\/\/es.wikipedia.org\/wiki\/Oprah_Winfrey\">Oprah Gail Winfrey<\/a>, <a href=\"https:\/\/es.wikipedia.org\/wiki\/Tom_Hanks\">Thomas \u00abTom\u00bb Jeffrey Hanks<\/a>, <a href=\"https:\/\/es.wikipedia.org\/wiki\/Juan_Pablo_II\">Papa Juan Pablo II<\/a>\u00a0(<a href=\"https:\/\/es.wikipedia.org\/wiki\/Nombre_secular\">nombre secular<\/a>:\u00a0Karol J\u00f3zef Wojty\u0142a), <a href=\"https:\/\/es.wikipedia.org\/wiki\/Jimmy_Kimmel\">James Christian \u00abJimmy\u00bb Kimmel<\/a>, <a href=\"https:\/\/es.wikipedia.org\/wiki\/Matthew_Perry_(actor)\">Matthew Langford Perry<\/a>, <a href=\"https:\/\/es.wikipedia.org\/wiki\/Mikel_Arteta\">Mikel Arteta Amatriain<\/a><\/p>\n\n\n\n<figure class=\"wp-block-gallery has-nested-images columns-6 is-cropped wp-block-gallery-3 is-layout-flex wp-block-gallery-is-layout-flex\">\n<figure class=\"wp-block-image size-large\"><img data-recalc-dims=\"1\" loading=\"lazy\" decoding=\"async\" width=\"322\" height=\"493\" data-attachment-id=\"29825\" data-permalink=\"https:\/\/elabrevaderojm.com\/en\/2026\/04\/01\/archivos-de-epstein-la-cochambre-super-adinerada-de-occidente-fuera-del-alcance-de-la-justicia-1-noticia-y-analisis-de-canal-red-la-base\/oprah-winfrey\/\" data-orig-file=\"https:\/\/i0.wp.com\/elabrevaderojm.com\/wp-content\/uploads\/2026\/03\/oprah-winfrey.jpg?fit=322%2C493&amp;ssl=1\" data-orig-size=\"322,493\" data-comments-opened=\"1\" data-image-meta=\"{&quot;aperture&quot;:&quot;0&quot;,&quot;credit&quot;:&quot;&quot;,&quot;camera&quot;:&quot;&quot;,&quot;caption&quot;:&quot;&quot;,&quot;created_timestamp&quot;:&quot;0&quot;,&quot;copyright&quot;:&quot;&quot;,&quot;focal_length&quot;:&quot;0&quot;,&quot;iso&quot;:&quot;0&quot;,&quot;shutter_speed&quot;:&quot;0&quot;,&quot;title&quot;:&quot;&quot;,&quot;orientation&quot;:&quot;1&quot;}\" data-image-title=\"oprah winfrey\" data-image-description=\"\" data-image-caption=\"\" data-large-file=\"https:\/\/i0.wp.com\/elabrevaderojm.com\/wp-content\/uploads\/2026\/03\/oprah-winfrey.jpg?fit=322%2C493&amp;ssl=1\" data-id=\"29825\" src=\"https:\/\/i0.wp.com\/elabrevaderojm.com\/wp-content\/uploads\/2026\/03\/oprah-winfrey.jpg?resize=322%2C493&#038;ssl=1\" alt=\"\" class=\"wp-image-29825\" srcset=\"https:\/\/i0.wp.com\/elabrevaderojm.com\/wp-content\/uploads\/2026\/03\/oprah-winfrey.jpg?w=322&amp;ssl=1 322w, https:\/\/i0.wp.com\/elabrevaderojm.com\/wp-content\/uploads\/2026\/03\/oprah-winfrey.jpg?resize=196%2C300&amp;ssl=1 196w, https:\/\/i0.wp.com\/elabrevaderojm.com\/wp-content\/uploads\/2026\/03\/oprah-winfrey.jpg?resize=300%2C459&amp;ssl=1 300w\" sizes=\"auto, (max-width: 322px) 100vw, 322px\" \/><figcaption class=\"wp-element-caption\"><strong>Oprah<\/strong><\/figcaption><\/figure>\n\n\n\n<figure class=\"wp-block-image size-large\"><img data-recalc-dims=\"1\" loading=\"lazy\" decoding=\"async\" width=\"383\" height=\"507\" data-attachment-id=\"15704\" data-permalink=\"https:\/\/elabrevaderojm.com\/en\/2020\/02\/14\/y-el-oscar-lo-recibe-a-proposito-de-los-premios-de-la-academia-no-92\/on-june-27-2011-in-hollywood-california\/\" data-orig-file=\"https:\/\/i0.wp.com\/elabrevaderojm.com\/wp-content\/uploads\/2024\/02\/tom-hanks-1.jpg?fit=383%2C507&amp;ssl=1\" data-orig-size=\"383,507\" data-comments-opened=\"1\" data-image-meta=\"{&quot;aperture&quot;:&quot;7.1&quot;,&quot;credit&quot;:&quot;Jason Merritt&quot;,&quot;camera&quot;:&quot;NIKON D3S&quot;,&quot;caption&quot;:&quot;\\u0026lt;\\u0026gt; on June 27, 2011 in Hollywood, California.&quot;,&quot;created_timestamp&quot;:&quot;1309196333&quot;,&quot;copyright&quot;:&quot;2011 Getty Images&quot;,&quot;focal_length&quot;:&quot;170&quot;,&quot;iso&quot;:&quot;500&quot;,&quot;shutter_speed&quot;:&quot;0.004&quot;,&quot;title&quot;:&quot;\\u0026lt;\\u0026gt; on June 27, 2011 in Hollywood, California.&quot;,&quot;orientation&quot;:&quot;1&quot;}\" data-image-title=\"&amp;lt;&amp;gt; on June 27, 2011 in Hollywood, California.\" data-image-description=\"\" data-image-caption=\"&lt;p&gt;&amp;lt;&amp;gt; on June 27, 2011 in Hollywood, California.&lt;\/p&gt;\n\" data-large-file=\"https:\/\/i0.wp.com\/elabrevaderojm.com\/wp-content\/uploads\/2024\/02\/tom-hanks-1.jpg?fit=383%2C507&amp;ssl=1\" data-id=\"15704\" src=\"https:\/\/i0.wp.com\/elabrevaderojm.com\/wp-content\/uploads\/2024\/02\/tom-hanks-1.jpg?resize=383%2C507&#038;ssl=1\" alt=\"\" class=\"wp-image-15704\"\/><figcaption class=\"wp-element-caption\"><strong>Tom<\/strong><\/figcaption><\/figure>\n\n\n\n<figure class=\"wp-block-image size-large\"><img data-recalc-dims=\"1\" loading=\"lazy\" decoding=\"async\" width=\"289\" height=\"349\" data-attachment-id=\"29824\" data-permalink=\"https:\/\/elabrevaderojm.com\/en\/2026\/04\/01\/archivos-de-epstein-la-cochambre-super-adinerada-de-occidente-fuera-del-alcance-de-la-justicia-1-noticia-y-analisis-de-canal-red-la-base\/juan-pablo-ii\/\" data-orig-file=\"https:\/\/i0.wp.com\/elabrevaderojm.com\/wp-content\/uploads\/2026\/03\/juan-pablo-II.jpg?fit=289%2C349&amp;ssl=1\" data-orig-size=\"289,349\" data-comments-opened=\"1\" data-image-meta=\"{&quot;aperture&quot;:&quot;0&quot;,&quot;credit&quot;:&quot;&quot;,&quot;camera&quot;:&quot;&quot;,&quot;caption&quot;:&quot;&quot;,&quot;created_timestamp&quot;:&quot;0&quot;,&quot;copyright&quot;:&quot;&quot;,&quot;focal_length&quot;:&quot;0&quot;,&quot;iso&quot;:&quot;0&quot;,&quot;shutter_speed&quot;:&quot;0&quot;,&quot;title&quot;:&quot;&quot;,&quot;orientation&quot;:&quot;1&quot;}\" data-image-title=\"juan pablo II\" data-image-description=\"\" data-image-caption=\"\" data-large-file=\"https:\/\/i0.wp.com\/elabrevaderojm.com\/wp-content\/uploads\/2026\/03\/juan-pablo-II.jpg?fit=289%2C349&amp;ssl=1\" data-id=\"29824\" src=\"https:\/\/i0.wp.com\/elabrevaderojm.com\/wp-content\/uploads\/2026\/03\/juan-pablo-II.jpg?resize=289%2C349&#038;ssl=1\" alt=\"\" class=\"wp-image-29824\" srcset=\"https:\/\/i0.wp.com\/elabrevaderojm.com\/wp-content\/uploads\/2026\/03\/juan-pablo-II.jpg?w=289&amp;ssl=1 289w, https:\/\/i0.wp.com\/elabrevaderojm.com\/wp-content\/uploads\/2026\/03\/juan-pablo-II.jpg?resize=248%2C300&amp;ssl=1 248w\" sizes=\"auto, (max-width: 289px) 100vw, 289px\" \/><figcaption class=\"wp-element-caption\"><strong>Juan Pablo<\/strong><\/figcaption><\/figure>\n\n\n\n<figure class=\"wp-block-image size-large\"><img data-recalc-dims=\"1\" loading=\"lazy\" decoding=\"async\" width=\"194\" height=\"259\" data-attachment-id=\"29821\" data-permalink=\"https:\/\/elabrevaderojm.com\/en\/2026\/04\/01\/archivos-de-epstein-la-cochambre-super-adinerada-de-occidente-fuera-del-alcance-de-la-justicia-1-noticia-y-analisis-de-canal-red-la-base\/jimmy-kimmel\/\" data-orig-file=\"https:\/\/i0.wp.com\/elabrevaderojm.com\/wp-content\/uploads\/2026\/03\/jimmy-kimmel.jpg?fit=194%2C259&amp;ssl=1\" data-orig-size=\"194,259\" data-comments-opened=\"1\" data-image-meta=\"{&quot;aperture&quot;:&quot;0&quot;,&quot;credit&quot;:&quot;&quot;,&quot;camera&quot;:&quot;&quot;,&quot;caption&quot;:&quot;&quot;,&quot;created_timestamp&quot;:&quot;0&quot;,&quot;copyright&quot;:&quot;&quot;,&quot;focal_length&quot;:&quot;0&quot;,&quot;iso&quot;:&quot;0&quot;,&quot;shutter_speed&quot;:&quot;0&quot;,&quot;title&quot;:&quot;&quot;,&quot;orientation&quot;:&quot;0&quot;}\" data-image-title=\"jimmy kimmel\" data-image-description=\"\" data-image-caption=\"\" data-large-file=\"https:\/\/i0.wp.com\/elabrevaderojm.com\/wp-content\/uploads\/2026\/03\/jimmy-kimmel.jpg?fit=194%2C259&amp;ssl=1\" data-id=\"29821\" src=\"https:\/\/i0.wp.com\/elabrevaderojm.com\/wp-content\/uploads\/2026\/03\/jimmy-kimmel.jpg?resize=194%2C259&#038;ssl=1\" alt=\"\" class=\"wp-image-29821\" srcset=\"https:\/\/i0.wp.com\/elabrevaderojm.com\/wp-content\/uploads\/2026\/03\/jimmy-kimmel.jpg?w=194&amp;ssl=1 194w, https:\/\/i0.wp.com\/elabrevaderojm.com\/wp-content\/uploads\/2026\/03\/jimmy-kimmel.jpg?resize=150%2C200&amp;ssl=1 150w\" sizes=\"auto, (max-width: 194px) 100vw, 194px\" \/><figcaption class=\"wp-element-caption\"><strong>Kimmel<\/strong><\/figcaption><\/figure>\n\n\n\n<figure class=\"wp-block-image size-large\"><img data-recalc-dims=\"1\" loading=\"lazy\" decoding=\"async\" width=\"191\" height=\"264\" data-attachment-id=\"29822\" data-permalink=\"https:\/\/elabrevaderojm.com\/en\/2026\/04\/01\/archivos-de-epstein-la-cochambre-super-adinerada-de-occidente-fuera-del-alcance-de-la-justicia-1-noticia-y-analisis-de-canal-red-la-base\/matthew-perry\/\" data-orig-file=\"https:\/\/i0.wp.com\/elabrevaderojm.com\/wp-content\/uploads\/2026\/03\/matthew-perry.jpg?fit=191%2C264&amp;ssl=1\" data-orig-size=\"191,264\" data-comments-opened=\"1\" data-image-meta=\"{&quot;aperture&quot;:&quot;0&quot;,&quot;credit&quot;:&quot;&quot;,&quot;camera&quot;:&quot;&quot;,&quot;caption&quot;:&quot;&quot;,&quot;created_timestamp&quot;:&quot;0&quot;,&quot;copyright&quot;:&quot;&quot;,&quot;focal_length&quot;:&quot;0&quot;,&quot;iso&quot;:&quot;0&quot;,&quot;shutter_speed&quot;:&quot;0&quot;,&quot;title&quot;:&quot;&quot;,&quot;orientation&quot;:&quot;0&quot;}\" data-image-title=\"matthew perry\" data-image-description=\"\" data-image-caption=\"\" data-large-file=\"https:\/\/i0.wp.com\/elabrevaderojm.com\/wp-content\/uploads\/2026\/03\/matthew-perry.jpg?fit=191%2C264&amp;ssl=1\" data-id=\"29822\" src=\"https:\/\/i0.wp.com\/elabrevaderojm.com\/wp-content\/uploads\/2026\/03\/matthew-perry.jpg?resize=191%2C264&#038;ssl=1\" alt=\"\" class=\"wp-image-29822\"\/><figcaption class=\"wp-element-caption\"><strong>Perry<\/strong><\/figcaption><\/figure>\n\n\n\n<figure class=\"wp-block-image size-large\"><img data-recalc-dims=\"1\" loading=\"lazy\" decoding=\"async\" width=\"197\" height=\"256\" data-attachment-id=\"29823\" data-permalink=\"https:\/\/elabrevaderojm.com\/en\/2026\/04\/01\/archivos-de-epstein-la-cochambre-super-adinerada-de-occidente-fuera-del-alcance-de-la-justicia-1-noticia-y-analisis-de-canal-red-la-base\/mikel-arteta\/\" data-orig-file=\"https:\/\/i0.wp.com\/elabrevaderojm.com\/wp-content\/uploads\/2026\/03\/mikel-arteta.jpg?fit=197%2C256&amp;ssl=1\" data-orig-size=\"197,256\" data-comments-opened=\"1\" data-image-meta=\"{&quot;aperture&quot;:&quot;0&quot;,&quot;credit&quot;:&quot;&quot;,&quot;camera&quot;:&quot;&quot;,&quot;caption&quot;:&quot;&quot;,&quot;created_timestamp&quot;:&quot;0&quot;,&quot;copyright&quot;:&quot;&quot;,&quot;focal_length&quot;:&quot;0&quot;,&quot;iso&quot;:&quot;0&quot;,&quot;shutter_speed&quot;:&quot;0&quot;,&quot;title&quot;:&quot;&quot;,&quot;orientation&quot;:&quot;0&quot;}\" data-image-title=\"mikel arteta\" data-image-description=\"\" data-image-caption=\"\" data-large-file=\"https:\/\/i0.wp.com\/elabrevaderojm.com\/wp-content\/uploads\/2026\/03\/mikel-arteta.jpg?fit=197%2C256&amp;ssl=1\" data-id=\"29823\" src=\"https:\/\/i0.wp.com\/elabrevaderojm.com\/wp-content\/uploads\/2026\/03\/mikel-arteta.jpg?resize=197%2C256&#038;ssl=1\" alt=\"\" class=\"wp-image-29823\"\/><figcaption class=\"wp-element-caption\"><strong>Arteta<\/strong><\/figcaption><\/figure>\n<\/figure>\n\n\n\n<p class=\"has-overpass-font-family has-medium-font-size has-custom-font wp-block-paragraph\" style=\"font-family:overpass\"><strong>FAES<\/strong> (<a href=\"https:\/\/es.wikipedia.org\/wiki\/Fundaci%C3%B3n_para_el_An%C3%A1lisis_y_los_Estudios_Sociales\">Fundaci\u00f3n para el An\u00e1lisis y los Estudios Sociales<\/a>)<\/p>\n\n\n\n<figure class=\"wp-block-embed is-type-video is-provider-youtube wp-block-embed-youtube wp-embed-aspect-16-9 wp-has-aspect-ratio\"><div class=\"wp-block-embed__wrapper\">\n<div class=\"jetpack-video-wrapper\"><span class=\"embed-youtube\" style=\"text-align:center; display: block;\"><iframe loading=\"lazy\" class=\"youtube-player\" width=\"640\" height=\"360\" src=\"https:\/\/www.youtube.com\/embed\/Wh3t49NsWBA?version=3&#038;rel=1&#038;showsearch=0&#038;showinfo=1&#038;iv_load_policy=1&#038;fs=1&#038;hl=en-US&#038;autohide=2&#038;wmode=transparent&#038;listType=playlist&#038;list=RDWh3t49NsWBA\" allowfullscreen=\"true\" style=\"border:0;\" sandbox=\"allow-scripts allow-same-origin allow-popups allow-presentation allow-popups-to-escape-sandbox\"><\/iframe><\/span><\/div>\n<\/div><figcaption class=\"wp-element-caption\"><strong>Mot\u00f6rhead \u2013 Eat The Rich (Official Video) &#8211; <\/strong><a href=\"https:\/\/www.youtube.com\/channel\/UCbPCDmtTU-W4SdA8abZtWpA\">Mot\u00f6rhead Official<\/a>, 13 de septiembre de 2019.<\/figcaption><\/figure>\n\n\n<div class=\"wp-block-coblocks-shape-divider is-style-pointed mt-0 mb-0\" style=\"color: #111;\" aria-hidden=\"true\">\n\t\t\t<div class=\"wp-block-coblocks-shape-divider__svg-wrapper\" style=\"height:100px;\">\n\t\t\t\t<svg class=\"divider--pointed\" xmlns=\"http:\/\/www.w3.org\/2000\/svg\" viewBox=\"0 0 1000 100\" preserveAspectRatio=\"none\"><path d=\"M737.9,94.7L0,0v100h1000V0L737.9,94.7z\"><\/path><\/svg>\n\t\t\t<\/div>\n\t\t\t<div class=\"wp-block-coblocks-shape-divider__alt-wrapper\" style=\"height:50px;\"><\/div>\n\t\t<\/div>\n\n\n<p class=\"has-text-align-justify has-overpass-font-family has-medium-font-size has-custom-font wp-block-paragraph\" style=\"font-family:overpass\">Este ha sido uno de los casos m\u00e1s sonados en los Estados Unidos por todo lo que real y supuestamente ha implicado. Los nombres que se han ligado a Epstein se hallan entre la <em>cr\u00e8me de la cr\u00e8me<\/em> de los bolsillos y poderes que mandan en este planeta.<\/p>\n\n\n\n<p class=\"has-text-align-justify has-overpass-font-family has-medium-font-size has-custom-font wp-block-paragraph\" style=\"font-family:overpass\">Por tanto, esto que se ha dicho aqu\u00ed no es todo lo que este caso ha sacado y arrastrado. La informaci\u00f3n seguir\u00e1 fluyendo. Incluso cuando los s\u00faper ricos involucrados est\u00e9n durmiendo en sus camas mejor que millones de seres en el mundo. Que no han cometido cr\u00edmenes, excepto el de no estar en las \u00e9lites.<\/p>\n\n\n\n<p class=\"has-overpass-font-family has-medium-font-size has-custom-font wp-block-paragraph\" style=\"font-family:overpass\">Opina sobre esto si quieres hacerte leer por otros. Y si tienes criterio.<\/p>\n\n\n\n<hr class=\"wp-block-separator has-alpha-channel-opacity\"\/>\n\n\n\n<p class=\"has-text-align-justify wp-block-paragraph\" style=\"font-size:17px\">Si te ha gustado este art\u00edculo, demu\u00e9stralo con un \u00abpulgar arriba\u00bb y un \u00abaplauso\u00bb, y compartiendo el contenido con tus amistades y en tus redes sociales. Es muy gratificante. Y quiz\u00e1s otras personas se enteren de estas cosas interesantes que has le\u00eddo hoy.<\/p>\n\n\n\n<p class=\"wp-block-paragraph\" style=\"font-size:17px\">Si tienes algo que comentar, preguntar o agregar, o decirme como expositor, por favor hazlo dejando tu comentario.<\/p>\n\n\n\n<p class=\"has-text-align-justify wp-block-paragraph\" style=\"font-size:17px\">Siempre lo mejor para estar al tanto de estas interesantes entregas es suscribirte a mi blog, que trato de surtir con nuevos trabajos siempre que me sea posible.<\/p>\n\n\n\n<p class=\"wp-block-paragraph\" style=\"font-size:17px\">Gracias por leer.<\/p>\n\n\n\n<div class=\"wp-block-comments\">\n\t\t<div id=\"respond\" class=\"comment-respond wp-block-post-comments-form\">\n\t\t\t<h3 id=\"reply-title\" class=\"comment-reply-title\">Leave a Reply<small><a rel=\"nofollow\" id=\"cancel-comment-reply-link\" href=\"\/en\/wp-json\/wp\/v2\/posts\/29512#respond\" style=\"display:none;\">Cancel reply<\/a><\/small><\/h3>\t\t\t<form id=\"commentform\" class=\"comment-form\">\n\t\t\t\t<iframe\n\t\t\t\t\ttitle=\"Comment Form\"\n\t\t\t\t\tsrc=\"https:\/\/jetpack.wordpress.com\/jetpack-comment\/?blogid=153735515&#038;postid=29512&#038;comment_registration=0&#038;require_name_email=0&#038;stc_enabled=1&#038;stb_enabled=1&#038;show_avatars=1&#038;avatar_default=identicon&#038;greeting=Leave+a+Reply&#038;jetpack_comments_nonce=0bfa122d85&#038;greeting_reply=Leave+a+Reply+to+%25s&#038;color_scheme=light&#038;lang=en_US&#038;jetpack_version=16.2-a.5&#038;iframe_unique_id=4&#038;show_cookie_consent=10&#038;has_cookie_consent=0&#038;is_current_user_subscribed=0&#038;token_key=%3Bnormal%3B&#038;sig=250bbb0ec6f18c4c1a4063a031fce7a5f57b2024#parent=https%3A%2F%2Felabrevaderojm.com%2Fen%2Fwp-json%2Fwp%2Fv2%2Fposts%2F29512\"\n\t\t\t\t\t\t\t\t\t\t\tname=\"jetpack_remote_comment\"\n\t\t\t\t\t\tstyle=\"width:100%; height: 430px; border:0;\"\n\t\t\t\t\t\t\t\t\t\tclass=\"jetpack_remote_comment\"\n\t\t\t\t\tid=\"jetpack_remote_comment\"\n\t\t\t\t\tsandbox=\"allow-same-origin allow-top-navigation allow-scripts allow-forms allow-popups\"\n\t\t\t\t>\n\t\t\t\t\t\t\t\t\t<\/iframe>\n\t\t\t\t\t\t\t\t\t<!--[if !IE]><!-->\n\t\t\t\t\t<script>\n\t\t\t\t\t\tdocument.addEventListener('DOMContentLoaded', function () {\n\t\t\t\t\t\t\tvar commentForms = document.getElementsByClassName('jetpack_remote_comment');\n\t\t\t\t\t\t\tfor (var i = 0; i < commentForms.length; i++) {\n\t\t\t\t\t\t\t\tcommentForms[i].allowTransparency = false;\n\t\t\t\t\t\t\t\tcommentForms[i].scrolling = 'no';\n\t\t\t\t\t\t\t}\n\t\t\t\t\t\t});\n\t\t\t\t\t<\/script>\n\t\t\t\t\t<!--<![endif]-->\n\t\t\t\t\t\t\t<\/form>\n\t\t<\/div>\n\n\t\t\n\t\t<input type=\"hidden\" name=\"comment_parent\" id=\"comment_parent\" value=\"\" \/>\n\n\t\t<\/div>\n\n\n<div class=\"crowdsignal-vote-wrapper\" data-crowdsignal-vote=\"{&quot;pollId&quot;:&quot;464b3c6c-0b3c-4257-96a7-2dea0fcd8e6c&quot;,&quot;title&quot;:&quot;Votaci\\u00f3n sin t\\u00edtulo&quot;,&quot;hideBranding&quot;:false,&quot;pollStatus&quot;:&quot;open&quot;,&quot;size&quot;:&quot;medium&quot;,&quot;borderWidth&quot;:1,&quot;borderRadius&quot;:5,&quot;hideResults&quot;:false,&quot;TrpContentRestriction&quot;:{&quot;restriction_type&quot;:&quot;exclude&quot;,&quot;selected_languages&quot;:[],&quot;panel_open&quot;:true},&quot;apiPollData&quot;:{&quot;id&quot;:16823356,&quot;question&quot;:&quot;&quot;,&quot;note&quot;:&quot;&quot;,&quot;settings&quot;:{&quot;title&quot;:&quot;Votaci\\u00f3n sin t\\u00edtulo&quot;,&quot;after_vote&quot;:&quot;results&quot;,&quot;after_message&quot;:&quot;&quot;,&quot;randomize_answers&quot;:false,&quot;restrict_vote_repeat&quot;:false,&quot;captcha&quot;:false,&quot;multiple_choice&quot;:false,&quot;redirect_url&quot;:&quot;&quot;,&quot;close_status&quot;:&quot;open&quot;,&quot;close_after&quot;:false},&quot;answers&quot;:[{&quot;answer_text&quot;:&quot;up&quot;,&quot;id&quot;:73660589,&quot;client_id&quot;:&quot;460a74cb-3edd-4987-a572-431eedfa0800&quot;},{&quot;answer_text&quot;:&quot;down&quot;,&quot;id&quot;:73660590,&quot;client_id&quot;:&quot;76f85ae0-2d6a-4b80-a35c-ff9c6e3f1b57&quot;}],&quot;source_link&quot;:&quot;https:\\\/\\\/elabrevaderojm.com&quot;,&quot;client_id&quot;:&quot;464b3c6c-0b3c-4257-96a7-2dea0fcd8e6c&quot;}}\">\n<div data-crowdsignal-vote-item=\"{&quot;answerId&quot;:&quot;460a74cb-3edd-4987-a572-431eedfa0800&quot;,&quot;type&quot;:&quot;up&quot;,&quot;TrpContentRestriction&quot;:{&quot;restriction_type&quot;:&quot;exclude&quot;,&quot;selected_languages&quot;:[],&quot;panel_open&quot;:true}}\"><\/div>\n\n<div data-crowdsignal-vote-item=\"{&quot;answerId&quot;:&quot;76f85ae0-2d6a-4b80-a35c-ff9c6e3f1b57&quot;,&quot;type&quot;:&quot;down&quot;,&quot;TrpContentRestriction&quot;:{&quot;restriction_type&quot;:&quot;exclude&quot;,&quot;selected_languages&quot;:[],&quot;panel_open&quot;:true}}\"><\/div>\n<\/div>\n\n<div class=\"crowdsignal-applause-wrapper\" data-crowdsignal-applause=\"{&quot;pollId&quot;:&quot;10e2ac62-8646-45dd-876e-2a8c44230d87&quot;,&quot;title&quot;:&quot;Aplauso sin t\\u00edtulo&quot;,&quot;answerId&quot;:&quot;a0059913-5cbd-45f5-be65-b9f065998ab5&quot;,&quot;hideBranding&quot;:false,&quot;size&quot;:&quot;medium&quot;,&quot;pollStatus&quot;:&quot;open&quot;,&quot;TrpContentRestriction&quot;:{&quot;restriction_type&quot;:&quot;exclude&quot;,&quot;selected_languages&quot;:[],&quot;panel_open&quot;:true},&quot;apiPollData&quot;:{&quot;id&quot;:16823357,&quot;question&quot;:&quot;&quot;,&quot;note&quot;:&quot;&quot;,&quot;settings&quot;:{&quot;title&quot;:&quot;Aplauso sin t\\u00edtulo&quot;,&quot;after_vote&quot;:&quot;results&quot;,&quot;after_message&quot;:&quot;&quot;,&quot;randomize_answers&quot;:false,&quot;restrict_vote_repeat&quot;:false,&quot;captcha&quot;:false,&quot;multiple_choice&quot;:false,&quot;redirect_url&quot;:&quot;&quot;,&quot;close_status&quot;:&quot;open&quot;,&quot;close_after&quot;:false},&quot;answers&quot;:[{&quot;answer_text&quot;:&quot;clap&quot;,&quot;id&quot;:73660591,&quot;client_id&quot;:&quot;a0059913-5cbd-45f5-be65-b9f065998ab5&quot;}],&quot;source_link&quot;:&quot;https:\\\/\\\/elabrevaderojm.com&quot;,&quot;client_id&quot;:&quot;10e2ac62-8646-45dd-876e-2a8c44230d87&quot;}}\"><\/div>","protected":false},"excerpt":{"rendered":"<p>En el momento que publique esto, ya todo el mundo debe saber que Espa\u00f1a no se neg\u00f3 a poner a su \u00abprincipito\u00bb bajo investigaci\u00f3n por presunta colaboraci\u00f3n con Epstein. Que tampoco es&#8230;<\/p>","protected":false},"author":147101633,"featured_media":0,"comment_status":"open","ping_status":"open","sticky":false,"template":"","format":"standard","meta":{"_coblocks_attr":"","_coblocks_dimensions":"","_coblocks_responsive_height":"","_coblocks_accordion_ie_support":"","advanced_seo_description":"","jetpack_seo_html_title":"","jetpack_seo_noindex":false,"jetpack_seo_schema_type":"","_jetpack_newsletter_access":"","_jetpack_dont_email_post_to_subs":false,"_jetpack_newsletter_tier_id":0,"_jetpack_memberships_contains_paywalled_content":false,"_wpcom_ai_launchpad_first_post":false,"_jetpack_feature_clip_id":0,"_jetpack_memberships_contains_paid_content":false,"footnotes":"","jetpack_publicize_message":"","jetpack_publicize_feature_enabled":true,"jetpack_social_post_already_shared":true,"jetpack_social_options":{"image_generator_settings":{"template":"highway","default_image_id":0,"font":"","enabled":true,"token":"eyJ0eHQiOiJBcmNoaXZvcyBkZSBFcHN0ZWluOiBMYSBjb2NoYW1icmUgc1x1MDBmYXBlciBhZGluZXJhZGEgZGUgT2NjaWRlbnRlIGZ1ZXJhIGRlbCBhbGNhbmNlIGRlIGxhIGp1c3RpY2lhICgxKS4gTm90aWNpYSB5IGFuXHUwMGUxbGlzaXMgZGUgQ2FuYWwgUmVkIFx1MjAxMyBMYSBCYXNlIiwidGVtcGxhdGUiOiJoaWdod2F5IiwiZm9udCI6IiIsImJsb2dfaWQiOjE1MzczNTUxNX0.lJrl3lqkZ5cl6poRjbIYOx7Y0nzpdvaDnDd0BvoiPXsMQ"},"version":2},"_wpas_customize_per_network":false,"jetpack_post_was_ever_published":false},"categories":[772615945,70015,185595,78838],"tags":[772616513,772616520,772616508,772616131,772616515,772616510,772616522,772616509,772616463,772616493,772616514,772616511,772616516,772616518,772616150,772616507,772616517,772616519,772616512,772616523,772616521],"class_list":["post-29512","post","type-post","status-publish","format-standard","hentry","category-geopolitica-y-noticias","category-historico","category-muy-interesante","category-personalidades","tag-alan-morton-dershowitz","tag-andrew-albert-christian-edward","tag-antonio-arino-villarroya","tag-canal-red","tag-geoffrey-steven-berman","tag-george-john-mitchell","tag-ghislaine-maxwell","tag-harvey-weinstein","tag-inna-afinogenova","tag-jeffrey-edward-epstein","tag-julie-knipe-brown","tag-lolita-express","tag-michael-dean-cohen","tag-michael-thomas","tag-pablo-iglesias-turrion","tag-peter-andreas-thiel","tag-rene-alexander-acosta","tag-tova-noel","tag-virginia-louise-giuffre","tag-william-f-sweeney","tag-william-pelham-barr"],"featured_image_src":null,"author_info":{"display_name":"jmhernandezgonzalez","author_link":"https:\/\/elabrevaderojm.com\/en\/author\/jmhernandezgonzalez\/"},"jetpack_publicize_connections":[],"jetpack_likes_enabled":true,"jetpack_sharing_enabled":true,"jetpack_shortlink":"https:\/\/wp.me\/pap3D5-7G0","jetpack-related-posts":[],"jetpack_featured_media_url":"","_links":{"self":[{"href":"https:\/\/elabrevaderojm.com\/en\/wp-json\/wp\/v2\/posts\/29512","targetHints":{"allow":["GET"]}}],"collection":[{"href":"https:\/\/elabrevaderojm.com\/en\/wp-json\/wp\/v2\/posts"}],"about":[{"href":"https:\/\/elabrevaderojm.com\/en\/wp-json\/wp\/v2\/types\/post"}],"author":[{"embeddable":true,"href":"https:\/\/elabrevaderojm.com\/en\/wp-json\/wp\/v2\/users\/147101633"}],"replies":[{"embeddable":true,"href":"https:\/\/elabrevaderojm.com\/en\/wp-json\/wp\/v2\/comments?post=29512"}],"version-history":[{"count":51,"href":"https:\/\/elabrevaderojm.com\/en\/wp-json\/wp\/v2\/posts\/29512\/revisions"}],"predecessor-version":[{"id":29878,"href":"https:\/\/elabrevaderojm.com\/en\/wp-json\/wp\/v2\/posts\/29512\/revisions\/29878"}],"wp:attachment":[{"href":"https:\/\/elabrevaderojm.com\/en\/wp-json\/wp\/v2\/media?parent=29512"}],"wp:term":[{"taxonomy":"category","embeddable":true,"href":"https:\/\/elabrevaderojm.com\/en\/wp-json\/wp\/v2\/categories?post=29512"},{"taxonomy":"post_tag","embeddable":true,"href":"https:\/\/elabrevaderojm.com\/en\/wp-json\/wp\/v2\/tags?post=29512"}],"curies":[{"name":"wp","href":"https:\/\/api.w.org\/{rel}","templated":true}]}}