{"id":29533,"date":"2026-03-30T11:22:26","date_gmt":"2026-03-30T15:22:26","guid":{"rendered":"https:\/\/elabrevaderojm.com\/?p=29533"},"modified":"2026-03-30T11:47:56","modified_gmt":"2026-03-30T15:47:56","slug":"el-rey-en-primera-plana-2-el-destino-manifiesto-revolvio-la-genetica-de-la-maldad-analisis-de-jesus-escobar-tovar","status":"publish","type":"post","link":"https:\/\/elabrevaderojm.com\/en\/2026\/03\/30\/el-rey-en-primera-plana-2-el-destino-manifiesto-revolvio-la-genetica-de-la-maldad-analisis-de-jesus-escobar-tovar\/","title":{"rendered":"El \u00abrey\u00bb en primera plana (2): \u00bfEl \u00abdestino manifiesto\u00bb revolvi\u00f3 la gen\u00e9tica de la maldad? An\u00e1lisis de Jes\u00fas Escobar Tovar"},"content":{"rendered":"\n<p class=\"has-text-align-justify has-barlow-condensed-font-family has-custom-font wp-block-paragraph\" style=\"font-family:Barlow Condensed;font-size:22px\">La respuesta a la pregunta en el t\u00edtulo es \u00abno\u00bb. La maldad referida hab\u00eda estado saturando por siglos las venas europeas antes que quienes mordieron las manos de sus benefactores proclamaran el descabellado manifiesto que ha reverberado otros siglos hasta hoy.<\/p>\n\n\n\n<p class=\"has-text-align-justify has-barlow-condensed-font-family has-custom-font wp-block-paragraph\" style=\"font-family:Barlow Condensed;font-size:22px\">No lo digo yo, que estoy en lo cierto. Voy a montarme en la ola moderna y ponerles aqu\u00ed lo que dice la IA de <em>Google<\/em>:<\/p>\n\n\n\n<figure style=\"font-size:18px\" class=\"wp-block-table has-jost-font-family\"><table class=\"has-very-light-gray-to-cyan-bluish-gray-gradient-background has-background has-fixed-layout\"><tbody><tr><td>Los europeos que invadieron y colonizaron Norteam\u00e9rica entre los siglos XVI y XVIII proced\u00edan de diversos or\u00edgenes sociales, que iban desde sirvientes contratados desesperados y refugiados religiosos hasta hijos peque\u00f1os y ambiciosos de la nobleza terrateniente. Mientras que los primeros esfuerzos espa\u00f1oles fueron impulsados por soldados profesionales y aventureros, la colonizaci\u00f3n posterior brit\u00e1nica y francesa implic\u00f3 a un sector m\u00e1s amplio de la sociedad que buscaba tierras, riqueza o libertad religiosa.<br>Estos son los principales antecedentes sociales de los colonos europeos:<br>\u00a0<br><strong>1. Sirvientes contratados y clases bajas (colonias brit\u00e1nicas)<\/strong><br><strong>\u00a0<\/strong><br><strong>Antecedentes: <\/strong>La mayor\u00eda de los primeros inmigrantes brit\u00e1nicos en Chesapeake (Virginia\/Maryland) eran j\u00f3venes, solteros y pobres, buscando oportunidades econ\u00f3micas.<br><strong>Estatus:<\/strong> Eran sirvientes contratados: adolescentes o j\u00f3venes, hombres y mujeres, que firmaban contratos (contratos) para trabajar sin sueldo durante 4\u20137 a\u00f1os a cambio de un pasaje a Am\u00e9rica.<br><strong>Or\u00edgenes:<\/strong> A menudo eran trabajadores desempleados o subempleados procedentes del campo ingl\u00e9s, a veces condenados por delitos menores o vagancia.<br><strong>Importancia:<\/strong> Tres cuartas partes de todos los inmigrantes europeos en la bah\u00eda de Chesapeake en el siglo XVII eran sirvientes.<br>\u00a0<br><strong>2. Nobleza terrateniente y \u00abSegundos Hijos\u00bb<\/strong><br><strong>\u00a0<\/strong><br><strong>Antecedentes:<\/strong> Hijos menores de arist\u00f3cratas ingleses y terratenientes que, debido a las leyes de primogenitura (donde el hijo mayor hereda todo), no ten\u00edan acceso a tierras ni fortuna en Inglaterra.<br><strong>Estatus:<\/strong> Eran empresarios, inversores y terratenientes que aportaban capital, como los involucrados en la Compa\u00f1\u00eda de Virginia o los \u00abCavaliers\u00bb que asentaron Virginia.<br><strong>Importancia:<\/strong> Llevaron la estructura social de la mansi\u00f3n inglesa a las colonias del sur y establecieron el sistema de plantaciones.<br>\u00a0<br><strong>3. Refugiados y disidentes religiosos<\/strong><br><strong>Antecedentes:<\/strong> Personas que escapaban de la persecuci\u00f3n religiosa, principalmente en Inglaterra, pero tambi\u00e9n en Francia y Alemania.<br><strong>Grupos:<\/strong> puritanos que se asentaron en Nueva Inglaterra (1629-1642), cu\u00e1queros que se asentaron en Pensilvania y hugonotes franceses.<br><strong>Clase social:<\/strong> Estos grupos sol\u00edan incluir familias cualificadas \u2014agricultores, artesanos y comerciantes\u2014, lo que les hac\u00eda m\u00e1s autosuficientes econ\u00f3micamente que los primeros asentamientos sure\u00f1os.<br>\u00a0<br><strong>4. Soldados, comerciantes de pieles y exploradores<\/strong><br><strong>\u00a0<\/strong><br><strong>Antecedentes:<\/strong> Las primeras expediciones estaban lideradas por soldados profesionales (conquistadores) o exploradores patrocinados por el gobierno.<br><strong>Enfoque franc\u00e9s:<\/strong> En Nueva Francia (Canad\u00e1), la mayor\u00eda eran comerciantes de pieles (<em>coureurs des bois), <\/em>misioneros cat\u00f3licos y, m\u00e1s tarde, agricultores de subsistencia (<em>habitants<\/em>) a lo largo del r\u00edo San Lorenzo.<br><strong>Enfoque holand\u00e9s:<\/strong> En Nueva Holanda (Nueva York), eran principalmente comerciantes, comerciantes y empleados de la empresa, con ricos terratenientes (<em>patroons<\/em>) que gestionaban grandes fincas.<br>\u00a0<br><strong>5. Convictos y trabajos forzados<\/strong><br><strong>\u00a0<\/strong><br><strong>Antecedentes:<\/strong> Inglaterra y otras naciones enviaron prisioneros, vagabundos y deudores a las colonias para proporcionar mano de obra.<br><strong>Importancia:<\/strong> Para el siglo XVIII, los \u00abredentores\u00bb y convictos constitu\u00edan una parte significativa de los inmigrantes de clase baja procedentes de Gran Breta\u00f1a e Irlanda.<br>\u00a0<br><strong>Resumen de diferencias<\/strong><br><strong>\u00a0<\/strong><br><strong>Colonias del Sur:<\/strong> Dominadas por una peque\u00f1a \u00e9lite de terratenientes adinerados (nobleza) que utilizaban una gran fuerza laboral de sirvientes contratados y, m\u00e1s tarde, africanos esclavizados.<br><strong>Colonias de Nueva Inglaterra:<\/strong> Dominadas por familias, agricultores de clase media y artesanos cualificados, lo que permiti\u00f3 un \u00abcrecimiento natural\u00bb m\u00e1s r\u00e1pido de la poblaci\u00f3n.<br><strong>Regiones Espa\u00f1olas:<\/strong> Originalmente impulsadas por la b\u00fasqueda militar de \u00aboro, gloria y Dios\u00bb, buscando incorporar mano de obra ind\u00edgena.<br><strong>Nueva Francia: <\/strong>Comercio de pieles mayoritariamente masculino a principios del siglo XVII, que luego se expandi\u00f3 a trav\u00e9s de familias agr\u00edcolas apoyadas por el gobierno<\/td><\/tr><\/tbody><\/table><\/figure>\n\n\n\n<p class=\"has-text-align-justify has-barlow-condensed-font-family has-custom-font wp-block-paragraph\" style=\"font-family:Barlow Condensed;font-size:22px\">Pero la pregunta daba un buen pie para el mon\u00f3logo de Jes\u00fas Escobar Tovar en el video que les traigo en este trabajo. <\/p>\n\n\n<div class=\"wp-block-image\">\n<figure class=\"aligncenter size-large\"><img data-recalc-dims=\"1\" loading=\"lazy\" decoding=\"async\" width=\"640\" height=\"106\" data-attachment-id=\"29028\" data-permalink=\"https:\/\/elabrevaderojm.com\/en\/?attachment_id=29028\" data-orig-file=\"https:\/\/i0.wp.com\/elabrevaderojm.com\/wp-content\/uploads\/2026\/02\/image-1.png?fit=1707%2C282&amp;ssl=1\" data-orig-size=\"1707,282\" data-comments-opened=\"1\" data-image-meta=\"{&quot;aperture&quot;:&quot;0&quot;,&quot;credit&quot;:&quot;&quot;,&quot;camera&quot;:&quot;&quot;,&quot;caption&quot;:&quot;&quot;,&quot;created_timestamp&quot;:&quot;0&quot;,&quot;copyright&quot;:&quot;&quot;,&quot;focal_length&quot;:&quot;0&quot;,&quot;iso&quot;:&quot;0&quot;,&quot;shutter_speed&quot;:&quot;0&quot;,&quot;title&quot;:&quot;&quot;,&quot;orientation&quot;:&quot;0&quot;}\" data-image-title=\"image\" data-image-description=\"\" data-image-caption=\"\" data-large-file=\"https:\/\/i0.wp.com\/elabrevaderojm.com\/wp-content\/uploads\/2026\/02\/image-1.png?fit=640%2C106&amp;ssl=1\" src=\"https:\/\/i0.wp.com\/elabrevaderojm.com\/wp-content\/uploads\/2026\/02\/image-1.png?resize=640%2C106&#038;ssl=1\" alt=\"\" class=\"wp-image-29028\" srcset=\"https:\/\/i0.wp.com\/elabrevaderojm.com\/wp-content\/uploads\/2026\/02\/image-1.png?resize=1024%2C169&amp;ssl=1 1024w, https:\/\/i0.wp.com\/elabrevaderojm.com\/wp-content\/uploads\/2026\/02\/image-1.png?resize=300%2C50&amp;ssl=1 300w, https:\/\/i0.wp.com\/elabrevaderojm.com\/wp-content\/uploads\/2026\/02\/image-1.png?resize=768%2C127&amp;ssl=1 768w, https:\/\/i0.wp.com\/elabrevaderojm.com\/wp-content\/uploads\/2026\/02\/image-1.png?resize=1536%2C254&amp;ssl=1 1536w, https:\/\/i0.wp.com\/elabrevaderojm.com\/wp-content\/uploads\/2026\/02\/image-1.png?resize=1200%2C198&amp;ssl=1 1200w, https:\/\/i0.wp.com\/elabrevaderojm.com\/wp-content\/uploads\/2026\/02\/image-1.png?resize=850%2C140&amp;ssl=1 850w, https:\/\/i0.wp.com\/elabrevaderojm.com\/wp-content\/uploads\/2026\/02\/image-1.png?w=1707&amp;ssl=1 1707w, https:\/\/i0.wp.com\/elabrevaderojm.com\/wp-content\/uploads\/2026\/02\/image-1.png?w=1280&amp;ssl=1 1280w\" sizes=\"auto, (max-width: 640px) 100vw, 640px\" \/><\/figure>\n<\/div>\n\n\n<p class=\"wp-block-paragraph\"><\/p>\n\n\n\n<p class=\"has-text-align-justify has-barlow-condensed-font-family has-custom-font wp-block-paragraph\" style=\"font-family:Barlow Condensed;font-size:22px\"><strong>Jes\u00fas Federico Escobar Tovar <\/strong>es un periodista mexicano radicado en Ciudad de M\u00e9xico (M\u00e9xico), conocido por su an\u00e1lisis pol\u00edtico cr\u00edtico e independencia editorial. Fue Director y Conductor de Espacios Informativos de <a href=\"https:\/\/es.wikipedia.org\/wiki\/Grupo_Radio_Centro\">Grupo Radio Centro<\/a> hasta 2022, y ahora expande su voz a trav\u00e9s de plataformas digitales como <em>TikTok<\/em> y <em>YouTube<\/em>. Su contenido combina comentarios nacionales profundos con un tono m\u00e1s identificable, sin comprometer el rigor period\u00edstico. De hecho, Jes\u00fas ha escrito en sus canales: \u00abCanal period\u00edstico donde analizamos y opinamos con honestidad intelectual y rigor. Informaci\u00f3n, an\u00e1lisis y opini\u00f3n. No nos interesa decir lo que acomode. Se critica lo que hay que criticar. Comentarios a t\u00edtulo personal\u00bb.<\/p>\n\n\n\n<p class=\"has-text-align-justify has-barlow-condensed-font-family has-custom-font wp-block-paragraph\" style=\"font-family:Barlow Condensed;font-size:22px\">El original es: <em><a href=\"https:\/\/youtu.be\/DnTTFNSc1V4\" rel=\"nofollow\">https:\/\/youtu.be\/DnTTFNSc1V4<\/a><\/em>; <strong>Israel ataca instalaciones nucleares; Iran deja sin luz tel Aviv..mientras Trump toca el arpa &#8211; <\/strong><a href=\"https:\/\/www.youtube.com\/@jesusescobartovar3837\">Jes\u00fas Escobar Tovar<\/a>. 27 de marzo de 2026.<\/p>\n\n\n\n<p class=\"has-barlow-condensed-font-family has-custom-font wp-block-paragraph\" style=\"font-family:Barlow Condensed;font-size:22px\">En la descripci\u00f3n del video se explica:<\/p>\n\n\n\n<p class=\"has-text-align-justify has-barlow-condensed-font-family has-custom-font wp-block-paragraph\" style=\"font-family:Barlow Condensed;font-size:22px\">Donald Trump rompe el silencio con declaraciones que han dejado al mundo boquiabierto. En una reciente intervenci\u00f3n, el expresidente (y actual figura clave) afirma que bajo su influencia \u00abhan ganado mucho dinero\u00bb junto a Venezuela y lanza una propuesta ins\u00f3lita: presentarse como candidato a la presidencia contra Delcy Rodr\u00edguez, asegurando ser la persona con mayor intenci\u00f3n de voto en el pa\u00eds caribe\u00f1o.<\/p>\n\n\n\n<p class=\"has-text-align-justify has-barlow-condensed-font-family has-custom-font wp-block-paragraph\" style=\"font-family:Barlow Condensed;font-size:22px\">Mi video es una edici\u00f3n del original subido por Jes\u00fas a su canal de <em>YouTube<\/em> para adherirme, exclusivamente, a la parte apropiada al t\u00edtulo de mi art\u00edculo.<\/p>\n\n\n\n<figure class=\"wp-block-video wp-block-embed is-type-video is-provider-videopress\"><div class=\"wp-block-embed__wrapper\">\n<iframe title=\"VideoPress Video Player\" aria-label='VideoPress Video Player' width='640' height='640' src='https:\/\/videopress.com\/embed\/2fQFNk7p?cover=1&amp;preloadContent=metadata&amp;useAverageColor=1&amp;hd=0' frameborder='0' allowfullscreen data-resize-to-parent=\"true\" allow='clipboard-write'><\/iframe><script src='https:\/\/v0.wordpress.com\/js\/next\/videopress-iframe.js?m=1770107250'><\/script>\n<\/div><\/figure>\n\n\n\n<figure class=\"wp-block-gallery has-nested-images columns-4 is-cropped wp-block-gallery-1 is-layout-flex wp-block-gallery-is-layout-flex\">\n<figure class=\"wp-block-image size-large\"><img data-recalc-dims=\"1\" loading=\"lazy\" decoding=\"async\" width=\"216\" height=\"257\" data-attachment-id=\"25807\" data-permalink=\"https:\/\/elabrevaderojm.com\/en\/2025\/08\/31\/tuprofederi-en-este-momento-maduro-despliega-tropas-a-frontera-con-colombia-china-no-es-patio-trasero-de-nadie-noticia-y-analisis-por-dr-jesus-lopez-almejo\/joe-biden-1\/\" data-orig-file=\"https:\/\/i0.wp.com\/elabrevaderojm.com\/wp-content\/uploads\/2025\/08\/joe-biden-1.jpg?fit=216%2C257&amp;ssl=1\" data-orig-size=\"216,257\" data-comments-opened=\"1\" data-image-meta=\"{&quot;aperture&quot;:&quot;0&quot;,&quot;credit&quot;:&quot;&quot;,&quot;camera&quot;:&quot;&quot;,&quot;caption&quot;:&quot;&quot;,&quot;created_timestamp&quot;:&quot;0&quot;,&quot;copyright&quot;:&quot;&quot;,&quot;focal_length&quot;:&quot;0&quot;,&quot;iso&quot;:&quot;0&quot;,&quot;shutter_speed&quot;:&quot;0&quot;,&quot;title&quot;:&quot;&quot;,&quot;orientation&quot;:&quot;1&quot;}\" data-image-title=\"joe biden 1\" data-image-description=\"\" data-image-caption=\"\" data-large-file=\"https:\/\/i0.wp.com\/elabrevaderojm.com\/wp-content\/uploads\/2025\/08\/joe-biden-1.jpg?fit=216%2C257&amp;ssl=1\" data-id=\"25807\" src=\"https:\/\/i0.wp.com\/elabrevaderojm.com\/wp-content\/uploads\/2025\/08\/joe-biden-1.jpg?resize=216%2C257&#038;ssl=1\" alt=\"\" class=\"wp-image-25807\"\/><\/figure>\n\n\n\n<figure class=\"wp-block-image size-large\"><img data-recalc-dims=\"1\" loading=\"lazy\" decoding=\"async\" width=\"302\" height=\"358\" data-attachment-id=\"15584\" data-permalink=\"https:\/\/elabrevaderojm.com\/en\/2020\/02\/14\/y-el-oscar-lo-recibe-a-proposito-de-los-premios-de-la-academia-no-92\/barack-o-1\/\" data-orig-file=\"https:\/\/i0.wp.com\/elabrevaderojm.com\/wp-content\/uploads\/2024\/02\/barack-o-1.jpg?fit=302%2C358&amp;ssl=1\" data-orig-size=\"302,358\" data-comments-opened=\"1\" data-image-meta=\"{&quot;aperture&quot;:&quot;0&quot;,&quot;credit&quot;:&quot;&quot;,&quot;camera&quot;:&quot;&quot;,&quot;caption&quot;:&quot;&quot;,&quot;created_timestamp&quot;:&quot;0&quot;,&quot;copyright&quot;:&quot;&quot;,&quot;focal_length&quot;:&quot;0&quot;,&quot;iso&quot;:&quot;0&quot;,&quot;shutter_speed&quot;:&quot;0&quot;,&quot;title&quot;:&quot;&quot;,&quot;orientation&quot;:&quot;1&quot;}\" data-image-title=\"barack-o-1\" data-image-description=\"\" data-image-caption=\"\" data-large-file=\"https:\/\/i0.wp.com\/elabrevaderojm.com\/wp-content\/uploads\/2024\/02\/barack-o-1.jpg?fit=302%2C358&amp;ssl=1\" data-id=\"15584\" src=\"https:\/\/i0.wp.com\/elabrevaderojm.com\/wp-content\/uploads\/2024\/02\/barack-o-1.jpg?resize=302%2C358&#038;ssl=1\" alt=\"\" class=\"wp-image-15584\"\/><\/figure>\n\n\n\n<figure class=\"wp-block-image size-large\"><img data-recalc-dims=\"1\" loading=\"lazy\" decoding=\"async\" width=\"177\" height=\"265\" data-attachment-id=\"25915\" data-permalink=\"https:\/\/elabrevaderojm.com\/en\/2025\/08\/31\/wikipedia-dice-implicacion-de-la-cia-en-el-trafico-de-drogas\/bill-clinton-1\/\" data-orig-file=\"https:\/\/i0.wp.com\/elabrevaderojm.com\/wp-content\/uploads\/2025\/08\/Bill-Clinton-1.jpg?fit=177%2C265&amp;ssl=1\" data-orig-size=\"177,265\" data-comments-opened=\"1\" data-image-meta=\"{&quot;aperture&quot;:&quot;0&quot;,&quot;credit&quot;:&quot;&quot;,&quot;camera&quot;:&quot;&quot;,&quot;caption&quot;:&quot;&quot;,&quot;created_timestamp&quot;:&quot;0&quot;,&quot;copyright&quot;:&quot;&quot;,&quot;focal_length&quot;:&quot;0&quot;,&quot;iso&quot;:&quot;0&quot;,&quot;shutter_speed&quot;:&quot;0&quot;,&quot;title&quot;:&quot;&quot;,&quot;orientation&quot;:&quot;1&quot;}\" data-image-title=\"Bill-Clinton 1\" data-image-description=\"\" data-image-caption=\"\" data-large-file=\"https:\/\/i0.wp.com\/elabrevaderojm.com\/wp-content\/uploads\/2025\/08\/Bill-Clinton-1.jpg?fit=177%2C265&amp;ssl=1\" data-id=\"25915\" src=\"https:\/\/i0.wp.com\/elabrevaderojm.com\/wp-content\/uploads\/2025\/08\/Bill-Clinton-1.jpg?resize=177%2C265&#038;ssl=1\" alt=\"\" class=\"wp-image-25915\"\/><\/figure>\n\n\n\n<figure class=\"wp-block-image size-large\"><img data-recalc-dims=\"1\" loading=\"lazy\" decoding=\"async\" width=\"166\" height=\"190\" data-attachment-id=\"29561\" data-permalink=\"https:\/\/elabrevaderojm.com\/en\/2026\/03\/30\/el-rey-en-primera-plana-2-el-destino-manifiesto-revolvio-la-genetica-de-la-maldad-analisis-de-jesus-escobar-tovar\/lyndon-johnson-2\/\" data-orig-file=\"https:\/\/i0.wp.com\/elabrevaderojm.com\/wp-content\/uploads\/2026\/03\/lyndon-johnson-1.jpg?fit=166%2C190&amp;ssl=1\" data-orig-size=\"166,190\" data-comments-opened=\"1\" data-image-meta=\"{&quot;aperture&quot;:&quot;0&quot;,&quot;credit&quot;:&quot;&quot;,&quot;camera&quot;:&quot;&quot;,&quot;caption&quot;:&quot;&quot;,&quot;created_timestamp&quot;:&quot;0&quot;,&quot;copyright&quot;:&quot;&quot;,&quot;focal_length&quot;:&quot;0&quot;,&quot;iso&quot;:&quot;0&quot;,&quot;shutter_speed&quot;:&quot;0&quot;,&quot;title&quot;:&quot;&quot;,&quot;orientation&quot;:&quot;1&quot;}\" data-image-title=\"lyndon johnson\" data-image-description=\"\" data-image-caption=\"\" data-large-file=\"https:\/\/i0.wp.com\/elabrevaderojm.com\/wp-content\/uploads\/2026\/03\/lyndon-johnson-1.jpg?fit=166%2C190&amp;ssl=1\" data-id=\"29561\" src=\"https:\/\/i0.wp.com\/elabrevaderojm.com\/wp-content\/uploads\/2026\/03\/lyndon-johnson-1.jpg?resize=166%2C190&#038;ssl=1\" alt=\"\" class=\"wp-image-29561\"\/><\/figure>\n<\/figure>\n\n\n\n<p class=\"has-text-align-center has-noto-sans-font-family has-custom-font wp-block-paragraph\" style=\"font-family:Noto Sans;font-size:15px\"><strong><a href=\"https:\/\/es.wikipedia.org\/wiki\/Joe_Biden\">Joseph Robinette \u00abJoe\u00bb Biden<\/a> (hijo), <a href=\"https:\/\/es.wikipedia.org\/wiki\/Barack_Obama\">Barack Hussein Obama II<\/a>, <a href=\"https:\/\/es.wikipedia.org\/wiki\/Bill_Clinton\">William Jefferson \u00abBill\u00bb Clinton<\/a>, <a href=\"https:\/\/es.wikipedia.org\/wiki\/Lyndon_B._Johnson\">Lyndon Baines Johnson<\/a><\/strong><\/p>\n\n\n\n<figure class=\"wp-block-gallery has-nested-images columns-5 is-cropped wp-block-gallery-2 is-layout-flex wp-block-gallery-is-layout-flex\">\n<figure class=\"wp-block-image size-large\"><img data-recalc-dims=\"1\" loading=\"lazy\" decoding=\"async\" width=\"195\" height=\"241\" data-attachment-id=\"29565\" data-permalink=\"https:\/\/elabrevaderojm.com\/en\/2026\/03\/30\/el-rey-en-primera-plana-2-el-destino-manifiesto-revolvio-la-genetica-de-la-maldad-analisis-de-jesus-escobar-tovar\/kennedy-1-2\/\" data-orig-file=\"https:\/\/i0.wp.com\/elabrevaderojm.com\/wp-content\/uploads\/2026\/03\/kennedy-1.jpg?fit=195%2C241&amp;ssl=1\" data-orig-size=\"195,241\" data-comments-opened=\"1\" data-image-meta=\"{&quot;aperture&quot;:&quot;0&quot;,&quot;credit&quot;:&quot;&quot;,&quot;camera&quot;:&quot;&quot;,&quot;caption&quot;:&quot;&quot;,&quot;created_timestamp&quot;:&quot;0&quot;,&quot;copyright&quot;:&quot;&quot;,&quot;focal_length&quot;:&quot;0&quot;,&quot;iso&quot;:&quot;0&quot;,&quot;shutter_speed&quot;:&quot;0&quot;,&quot;title&quot;:&quot;&quot;,&quot;orientation&quot;:&quot;1&quot;}\" data-image-title=\"kennedy 1\" data-image-description=\"\" data-image-caption=\"\" data-large-file=\"https:\/\/i0.wp.com\/elabrevaderojm.com\/wp-content\/uploads\/2026\/03\/kennedy-1.jpg?fit=195%2C241&amp;ssl=1\" data-id=\"29565\" src=\"https:\/\/i0.wp.com\/elabrevaderojm.com\/wp-content\/uploads\/2026\/03\/kennedy-1.jpg?resize=195%2C241&#038;ssl=1\" alt=\"\" class=\"wp-image-29565\"\/><\/figure>\n\n\n\n<figure class=\"wp-block-image size-large\"><img data-recalc-dims=\"1\" loading=\"lazy\" decoding=\"async\" width=\"175\" height=\"239\" data-attachment-id=\"25886\" data-permalink=\"https:\/\/elabrevaderojm.com\/en\/2025\/08\/31\/wikipedia-dice-implicacion-de-la-cia-en-el-trafico-de-drogas\/ronald-r-1\/\" data-orig-file=\"https:\/\/i0.wp.com\/elabrevaderojm.com\/wp-content\/uploads\/2025\/08\/ronald-r-1.jpg?fit=175%2C239&amp;ssl=1\" data-orig-size=\"175,239\" data-comments-opened=\"1\" data-image-meta=\"{&quot;aperture&quot;:&quot;0&quot;,&quot;credit&quot;:&quot;&quot;,&quot;camera&quot;:&quot;&quot;,&quot;caption&quot;:&quot;&quot;,&quot;created_timestamp&quot;:&quot;0&quot;,&quot;copyright&quot;:&quot;&quot;,&quot;focal_length&quot;:&quot;0&quot;,&quot;iso&quot;:&quot;0&quot;,&quot;shutter_speed&quot;:&quot;0&quot;,&quot;title&quot;:&quot;&quot;,&quot;orientation&quot;:&quot;1&quot;}\" data-image-title=\"ronald r 1\" data-image-description=\"\" data-image-caption=\"\" data-large-file=\"https:\/\/i0.wp.com\/elabrevaderojm.com\/wp-content\/uploads\/2025\/08\/ronald-r-1.jpg?fit=175%2C239&amp;ssl=1\" data-id=\"25886\" src=\"https:\/\/i0.wp.com\/elabrevaderojm.com\/wp-content\/uploads\/2025\/08\/ronald-r-1.jpg?resize=175%2C239&#038;ssl=1\" alt=\"\" class=\"wp-image-25886\"\/><\/figure>\n\n\n\n<figure class=\"wp-block-image size-large\"><img data-recalc-dims=\"1\" loading=\"lazy\" decoding=\"async\" width=\"186\" height=\"254\" data-attachment-id=\"25894\" data-permalink=\"https:\/\/elabrevaderojm.com\/en\/2025\/08\/31\/wikipedia-dice-implicacion-de-la-cia-en-el-trafico-de-drogas\/george-bush-sr-1\/\" data-orig-file=\"https:\/\/i0.wp.com\/elabrevaderojm.com\/wp-content\/uploads\/2025\/08\/george-bush-sr-1.jpg?fit=186%2C254&amp;ssl=1\" data-orig-size=\"186,254\" data-comments-opened=\"1\" data-image-meta=\"{&quot;aperture&quot;:&quot;0&quot;,&quot;credit&quot;:&quot;&quot;,&quot;camera&quot;:&quot;&quot;,&quot;caption&quot;:&quot;&quot;,&quot;created_timestamp&quot;:&quot;0&quot;,&quot;copyright&quot;:&quot;&quot;,&quot;focal_length&quot;:&quot;0&quot;,&quot;iso&quot;:&quot;0&quot;,&quot;shutter_speed&quot;:&quot;0&quot;,&quot;title&quot;:&quot;&quot;,&quot;orientation&quot;:&quot;1&quot;}\" data-image-title=\"george bush sr 1\" data-image-description=\"\" data-image-caption=\"\" data-large-file=\"https:\/\/i0.wp.com\/elabrevaderojm.com\/wp-content\/uploads\/2025\/08\/george-bush-sr-1.jpg?fit=186%2C254&amp;ssl=1\" data-id=\"25894\" src=\"https:\/\/i0.wp.com\/elabrevaderojm.com\/wp-content\/uploads\/2025\/08\/george-bush-sr-1.jpg?resize=186%2C254&#038;ssl=1\" alt=\"\" class=\"wp-image-25894\"\/><\/figure>\n\n\n\n<figure class=\"wp-block-image size-large\"><img data-recalc-dims=\"1\" loading=\"lazy\" decoding=\"async\" width=\"267\" height=\"343\" data-attachment-id=\"18938\" data-permalink=\"https:\/\/elabrevaderojm.com\/en\/2024\/11\/25\/barbra-streisand-revela-la-descarada-broma-que-se-le-escapo-en-1963-cuando-conocio-a-john-f-kennedy\/george-w-bush-copy\/\" data-orig-file=\"https:\/\/i0.wp.com\/elabrevaderojm.com\/wp-content\/uploads\/2024\/07\/George-W-Bush-Copy.jpg?fit=267%2C343&amp;ssl=1\" data-orig-size=\"267,343\" data-comments-opened=\"1\" data-image-meta=\"{&quot;aperture&quot;:&quot;0&quot;,&quot;credit&quot;:&quot;&quot;,&quot;camera&quot;:&quot;&quot;,&quot;caption&quot;:&quot;&quot;,&quot;created_timestamp&quot;:&quot;0&quot;,&quot;copyright&quot;:&quot;&quot;,&quot;focal_length&quot;:&quot;0&quot;,&quot;iso&quot;:&quot;0&quot;,&quot;shutter_speed&quot;:&quot;0&quot;,&quot;title&quot;:&quot;&quot;,&quot;orientation&quot;:&quot;1&quot;}\" data-image-title=\"George-W-Bush-Copy\" data-image-description=\"\" data-image-caption=\"\" data-large-file=\"https:\/\/i0.wp.com\/elabrevaderojm.com\/wp-content\/uploads\/2024\/07\/George-W-Bush-Copy.jpg?fit=267%2C343&amp;ssl=1\" data-id=\"18938\" src=\"https:\/\/i0.wp.com\/elabrevaderojm.com\/wp-content\/uploads\/2024\/07\/George-W-Bush-Copy.jpg?resize=267%2C343&#038;ssl=1\" alt=\"\" class=\"wp-image-18938\" srcset=\"https:\/\/i0.wp.com\/elabrevaderojm.com\/wp-content\/uploads\/2024\/07\/George-W-Bush-Copy.jpg?w=267&amp;ssl=1 267w, https:\/\/i0.wp.com\/elabrevaderojm.com\/wp-content\/uploads\/2024\/07\/George-W-Bush-Copy.jpg?resize=234%2C300&amp;ssl=1 234w\" sizes=\"auto, (max-width: 267px) 100vw, 267px\" \/><\/figure>\n\n\n\n<figure class=\"wp-block-image size-large\"><img data-recalc-dims=\"1\" loading=\"lazy\" decoding=\"async\" width=\"211\" height=\"314\" data-attachment-id=\"28579\" data-permalink=\"https:\/\/elabrevaderojm.com\/en\/2026\/01\/01\/imagine-homenaje-a-john-lennon-comentarios-sobre-la-inmortal-cancion-del-exbeatle-ii\/jimmycarterportrait_cropped\/\" data-orig-file=\"https:\/\/i0.wp.com\/elabrevaderojm.com\/wp-content\/uploads\/2025\/12\/JimmyCarterPortrait_cropped.jpg?fit=211%2C314&amp;ssl=1\" data-orig-size=\"211,314\" data-comments-opened=\"1\" data-image-meta=\"{&quot;aperture&quot;:&quot;0&quot;,&quot;credit&quot;:&quot;&quot;,&quot;camera&quot;:&quot;&quot;,&quot;caption&quot;:&quot;&quot;,&quot;created_timestamp&quot;:&quot;0&quot;,&quot;copyright&quot;:&quot;&quot;,&quot;focal_length&quot;:&quot;0&quot;,&quot;iso&quot;:&quot;0&quot;,&quot;shutter_speed&quot;:&quot;0&quot;,&quot;title&quot;:&quot;&quot;,&quot;orientation&quot;:&quot;1&quot;}\" data-image-title=\"JimmyCarterPortrait_(cropped)\" data-image-description=\"\" data-image-caption=\"\" data-large-file=\"https:\/\/i0.wp.com\/elabrevaderojm.com\/wp-content\/uploads\/2025\/12\/JimmyCarterPortrait_cropped.jpg?fit=211%2C314&amp;ssl=1\" data-id=\"28579\" src=\"https:\/\/i0.wp.com\/elabrevaderojm.com\/wp-content\/uploads\/2025\/12\/JimmyCarterPortrait_cropped.jpg?resize=211%2C314&#038;ssl=1\" alt=\"\" class=\"wp-image-28579\" srcset=\"https:\/\/i0.wp.com\/elabrevaderojm.com\/wp-content\/uploads\/2025\/12\/JimmyCarterPortrait_cropped.jpg?w=211&amp;ssl=1 211w, https:\/\/i0.wp.com\/elabrevaderojm.com\/wp-content\/uploads\/2025\/12\/JimmyCarterPortrait_cropped.jpg?resize=202%2C300&amp;ssl=1 202w\" sizes=\"auto, (max-width: 211px) 100vw, 211px\" \/><\/figure>\n<\/figure>\n\n\n\n<p class=\"has-text-align-center has-noto-sans-font-family has-custom-font wp-block-paragraph\" style=\"font-family:Noto Sans\"><strong><a href=\"https:\/\/es.wikipedia.org\/wiki\/John_F._Kennedy\">John Fitzgerald Kennedy<\/a>, <a href=\"https:\/\/es.wikipedia.org\/wiki\/Ronald_Reagan\">Ronald Wilson Reagan<\/a>, <a href=\"https:\/\/es.wikipedia.org\/wiki\/George_H._W._Bush\">George Herbert Walker Bush<\/a>, <a href=\"https:\/\/es.wikipedia.org\/wiki\/George_W._Bush\">George Walker Bush<\/a>, <a href=\"https:\/\/es.wikipedia.org\/wiki\/Jimmy_Carter\">James Earl \u00abJimmy\u00bb Carter<\/a> (hijo)<\/strong><\/p>\n\n\n\n<figure class=\"wp-block-gallery has-nested-images columns-4 is-cropped wp-block-gallery-3 is-layout-flex wp-block-gallery-is-layout-flex\">\n<figure class=\"wp-block-image size-large\"><img data-recalc-dims=\"1\" loading=\"lazy\" decoding=\"async\" width=\"181\" height=\"230\" data-attachment-id=\"29569\" data-permalink=\"https:\/\/elabrevaderojm.com\/en\/2026\/03\/30\/el-rey-en-primera-plana-2-el-destino-manifiesto-revolvio-la-genetica-de-la-maldad-analisis-de-jesus-escobar-tovar\/gerald-ford_opt-2\/\" data-orig-file=\"https:\/\/i0.wp.com\/elabrevaderojm.com\/wp-content\/uploads\/2026\/03\/gerald-ford_opt.jpg?fit=181%2C230&amp;ssl=1\" data-orig-size=\"181,230\" data-comments-opened=\"1\" data-image-meta=\"{&quot;aperture&quot;:&quot;0&quot;,&quot;credit&quot;:&quot;&quot;,&quot;camera&quot;:&quot;&quot;,&quot;caption&quot;:&quot;&quot;,&quot;created_timestamp&quot;:&quot;0&quot;,&quot;copyright&quot;:&quot;&quot;,&quot;focal_length&quot;:&quot;0&quot;,&quot;iso&quot;:&quot;0&quot;,&quot;shutter_speed&quot;:&quot;0&quot;,&quot;title&quot;:&quot;&quot;,&quot;orientation&quot;:&quot;1&quot;}\" data-image-title=\"gerald ford_opt\" data-image-description=\"\" data-image-caption=\"\" data-large-file=\"https:\/\/i0.wp.com\/elabrevaderojm.com\/wp-content\/uploads\/2026\/03\/gerald-ford_opt.jpg?fit=181%2C230&amp;ssl=1\" data-id=\"29569\" src=\"https:\/\/i0.wp.com\/elabrevaderojm.com\/wp-content\/uploads\/2026\/03\/gerald-ford_opt.jpg?resize=181%2C230&#038;ssl=1\" alt=\"\" class=\"wp-image-29569\"\/><\/figure>\n\n\n\n<figure class=\"wp-block-image size-large\"><img data-recalc-dims=\"1\" loading=\"lazy\" decoding=\"async\" width=\"261\" height=\"381\" data-attachment-id=\"29571\" data-permalink=\"https:\/\/elabrevaderojm.com\/en\/2026\/03\/30\/el-rey-en-primera-plana-2-el-destino-manifiesto-revolvio-la-genetica-de-la-maldad-analisis-de-jesus-escobar-tovar\/larry-ellison\/\" data-orig-file=\"https:\/\/i0.wp.com\/elabrevaderojm.com\/wp-content\/uploads\/2026\/03\/larry-ellison.jpg?fit=261%2C381&amp;ssl=1\" data-orig-size=\"261,381\" data-comments-opened=\"1\" data-image-meta=\"{&quot;aperture&quot;:&quot;0&quot;,&quot;credit&quot;:&quot;&quot;,&quot;camera&quot;:&quot;&quot;,&quot;caption&quot;:&quot;&quot;,&quot;created_timestamp&quot;:&quot;0&quot;,&quot;copyright&quot;:&quot;&quot;,&quot;focal_length&quot;:&quot;0&quot;,&quot;iso&quot;:&quot;0&quot;,&quot;shutter_speed&quot;:&quot;0&quot;,&quot;title&quot;:&quot;&quot;,&quot;orientation&quot;:&quot;1&quot;}\" data-image-title=\"larry ellison\" data-image-description=\"\" data-image-caption=\"\" data-large-file=\"https:\/\/i0.wp.com\/elabrevaderojm.com\/wp-content\/uploads\/2026\/03\/larry-ellison.jpg?fit=261%2C381&amp;ssl=1\" data-id=\"29571\" src=\"https:\/\/i0.wp.com\/elabrevaderojm.com\/wp-content\/uploads\/2026\/03\/larry-ellison.jpg?resize=261%2C381&#038;ssl=1\" alt=\"\" class=\"wp-image-29571\" srcset=\"https:\/\/i0.wp.com\/elabrevaderojm.com\/wp-content\/uploads\/2026\/03\/larry-ellison.jpg?w=261&amp;ssl=1 261w, https:\/\/i0.wp.com\/elabrevaderojm.com\/wp-content\/uploads\/2026\/03\/larry-ellison.jpg?resize=206%2C300&amp;ssl=1 206w\" sizes=\"auto, (max-width: 261px) 100vw, 261px\" \/><\/figure>\n\n\n\n<figure class=\"wp-block-image size-large\"><img data-recalc-dims=\"1\" loading=\"lazy\" decoding=\"async\" width=\"206\" height=\"254\" data-attachment-id=\"29570\" data-permalink=\"https:\/\/elabrevaderojm.com\/en\/2026\/03\/30\/el-rey-en-primera-plana-2-el-destino-manifiesto-revolvio-la-genetica-de-la-maldad-analisis-de-jesus-escobar-tovar\/elon-m1-3\/\" data-orig-file=\"https:\/\/i0.wp.com\/elabrevaderojm.com\/wp-content\/uploads\/2026\/03\/elon-m1.jpg?fit=206%2C254&amp;ssl=1\" data-orig-size=\"206,254\" data-comments-opened=\"1\" data-image-meta=\"{&quot;aperture&quot;:&quot;0&quot;,&quot;credit&quot;:&quot;&quot;,&quot;camera&quot;:&quot;&quot;,&quot;caption&quot;:&quot;&quot;,&quot;created_timestamp&quot;:&quot;0&quot;,&quot;copyright&quot;:&quot;&quot;,&quot;focal_length&quot;:&quot;0&quot;,&quot;iso&quot;:&quot;0&quot;,&quot;shutter_speed&quot;:&quot;0&quot;,&quot;title&quot;:&quot;&quot;,&quot;orientation&quot;:&quot;1&quot;}\" data-image-title=\"elon m1\" data-image-description=\"\" data-image-caption=\"\" data-large-file=\"https:\/\/i0.wp.com\/elabrevaderojm.com\/wp-content\/uploads\/2026\/03\/elon-m1.jpg?fit=206%2C254&amp;ssl=1\" data-id=\"29570\" src=\"https:\/\/i0.wp.com\/elabrevaderojm.com\/wp-content\/uploads\/2026\/03\/elon-m1.jpg?resize=206%2C254&#038;ssl=1\" alt=\"\" class=\"wp-image-29570\"\/><\/figure>\n\n\n\n<figure class=\"wp-block-image size-large\"><img data-recalc-dims=\"1\" loading=\"lazy\" decoding=\"async\" width=\"325\" height=\"399\" data-attachment-id=\"29568\" data-permalink=\"https:\/\/elabrevaderojm.com\/en\/2026\/03\/30\/el-rey-en-primera-plana-2-el-destino-manifiesto-revolvio-la-genetica-de-la-maldad-analisis-de-jesus-escobar-tovar\/bill-gates\/\" data-orig-file=\"https:\/\/i0.wp.com\/elabrevaderojm.com\/wp-content\/uploads\/2026\/03\/bill-gates.jpg?fit=325%2C399&amp;ssl=1\" data-orig-size=\"325,399\" data-comments-opened=\"1\" data-image-meta=\"{&quot;aperture&quot;:&quot;0&quot;,&quot;credit&quot;:&quot;&quot;,&quot;camera&quot;:&quot;&quot;,&quot;caption&quot;:&quot;&quot;,&quot;created_timestamp&quot;:&quot;0&quot;,&quot;copyright&quot;:&quot;&quot;,&quot;focal_length&quot;:&quot;0&quot;,&quot;iso&quot;:&quot;0&quot;,&quot;shutter_speed&quot;:&quot;0&quot;,&quot;title&quot;:&quot;&quot;,&quot;orientation&quot;:&quot;1&quot;}\" data-image-title=\"bill gates\" data-image-description=\"\" data-image-caption=\"\" data-large-file=\"https:\/\/i0.wp.com\/elabrevaderojm.com\/wp-content\/uploads\/2026\/03\/bill-gates.jpg?fit=325%2C399&amp;ssl=1\" data-id=\"29568\" src=\"https:\/\/i0.wp.com\/elabrevaderojm.com\/wp-content\/uploads\/2026\/03\/bill-gates.jpg?resize=325%2C399&#038;ssl=1\" alt=\"\" class=\"wp-image-29568\" srcset=\"https:\/\/i0.wp.com\/elabrevaderojm.com\/wp-content\/uploads\/2026\/03\/bill-gates.jpg?w=325&amp;ssl=1 325w, https:\/\/i0.wp.com\/elabrevaderojm.com\/wp-content\/uploads\/2026\/03\/bill-gates.jpg?resize=244%2C300&amp;ssl=1 244w, https:\/\/i0.wp.com\/elabrevaderojm.com\/wp-content\/uploads\/2026\/03\/bill-gates.jpg?resize=300%2C368&amp;ssl=1 300w\" sizes=\"auto, (max-width: 325px) 100vw, 325px\" \/><\/figure>\n<\/figure>\n\n\n\n<p class=\"has-text-align-center has-noto-sans-font-family has-custom-font wp-block-paragraph\" style=\"font-family:Noto Sans\"><strong><a href=\"https:\/\/es.wikipedia.org\/wiki\/Gerald_Ford\">Gerald Rudolph Ford<\/a> (hijo), <a href=\"https:\/\/es.wikipedia.org\/wiki\/Larry_Ellison\">Lawrence Joseph \u00abLarry\u00bb Ellison<\/a>, <a href=\"https:\/\/es.wikipedia.org\/wiki\/Elon_Musk\">Elon Reeve Musk<\/a>, <a href=\"https:\/\/es.wikipedia.org\/wiki\/Bill_Gates\">William Henry \u00abBill\u00bb Gates III<\/a><\/strong><\/p>\n\n\n\n<p class=\"has-text-align-center has-text-align-justify wp-block-paragraph\"><img data-recalc-dims=\"1\" loading=\"lazy\" decoding=\"async\" width=\"250\" height=\"257\" data-attachment-id=\"29574\" data-permalink=\"https:\/\/elabrevaderojm.com\/en\/2026\/03\/30\/el-rey-en-primera-plana-2-el-destino-manifiesto-revolvio-la-genetica-de-la-maldad-analisis-de-jesus-escobar-tovar\/groucho-marx-on-the-dick-cavett-show-june-1969-square-1\/\" data-orig-file=\"https:\/\/i0.wp.com\/elabrevaderojm.com\/wp-content\/uploads\/2026\/03\/Groucho-Marx-on-the-Dick-Cavett-Show-June-1969-square-1.jpg?fit=388%2C399&amp;ssl=1\" data-orig-size=\"388,399\" data-comments-opened=\"1\" data-image-meta=\"{&quot;aperture&quot;:&quot;0&quot;,&quot;credit&quot;:&quot;&quot;,&quot;camera&quot;:&quot;Perfection V800\/V850&quot;,&quot;caption&quot;:&quot;&quot;,&quot;created_timestamp&quot;:&quot;0&quot;,&quot;copyright&quot;:&quot;&quot;,&quot;focal_length&quot;:&quot;0&quot;,&quot;iso&quot;:&quot;0&quot;,&quot;shutter_speed&quot;:&quot;0&quot;,&quot;title&quot;:&quot;&quot;,&quot;orientation&quot;:&quot;1&quot;}\" data-image-title=\"Groucho-Marx-on-the-Dick-Cavett-Show-June-1969-square-1\" data-image-description=\"\" data-image-caption=\"\" data-large-file=\"https:\/\/i0.wp.com\/elabrevaderojm.com\/wp-content\/uploads\/2026\/03\/Groucho-Marx-on-the-Dick-Cavett-Show-June-1969-square-1.jpg?fit=388%2C399&amp;ssl=1\" class=\"wp-image-29574\" style=\"width: 250px;\" src=\"https:\/\/i0.wp.com\/elabrevaderojm.com\/wp-content\/uploads\/2026\/03\/Groucho-Marx-on-the-Dick-Cavett-Show-June-1969-square-1.jpg?resize=250%2C257&#038;ssl=1\" alt=\"\" srcset=\"https:\/\/i0.wp.com\/elabrevaderojm.com\/wp-content\/uploads\/2026\/03\/Groucho-Marx-on-the-Dick-Cavett-Show-June-1969-square-1.jpg?w=388&amp;ssl=1 388w, https:\/\/i0.wp.com\/elabrevaderojm.com\/wp-content\/uploads\/2026\/03\/Groucho-Marx-on-the-Dick-Cavett-Show-June-1969-square-1.jpg?resize=292%2C300&amp;ssl=1 292w, https:\/\/i0.wp.com\/elabrevaderojm.com\/wp-content\/uploads\/2026\/03\/Groucho-Marx-on-the-Dick-Cavett-Show-June-1969-square-1.jpg?resize=300%2C309&amp;ssl=1 300w\" sizes=\"auto, (max-width: 250px) 100vw, 250px\" \/> <img data-recalc-dims=\"1\" loading=\"lazy\" decoding=\"async\" width=\"229\" height=\"258\" data-attachment-id=\"29575\" data-permalink=\"https:\/\/elabrevaderojm.com\/en\/2026\/03\/30\/el-rey-en-primera-plana-2-el-destino-manifiesto-revolvio-la-genetica-de-la-maldad-analisis-de-jesus-escobar-tovar\/monica-lewinski\/\" data-orig-file=\"https:\/\/i0.wp.com\/elabrevaderojm.com\/wp-content\/uploads\/2026\/03\/monica-lewinski.jpg?fit=277%2C312&amp;ssl=1\" data-orig-size=\"277,312\" data-comments-opened=\"1\" data-image-meta=\"{&quot;aperture&quot;:&quot;0&quot;,&quot;credit&quot;:&quot;&quot;,&quot;camera&quot;:&quot;&quot;,&quot;caption&quot;:&quot;&quot;,&quot;created_timestamp&quot;:&quot;0&quot;,&quot;copyright&quot;:&quot;&quot;,&quot;focal_length&quot;:&quot;0&quot;,&quot;iso&quot;:&quot;0&quot;,&quot;shutter_speed&quot;:&quot;0&quot;,&quot;title&quot;:&quot;&quot;,&quot;orientation&quot;:&quot;1&quot;}\" data-image-title=\"monica lewinski\" data-image-description=\"\" data-image-caption=\"\" data-large-file=\"https:\/\/i0.wp.com\/elabrevaderojm.com\/wp-content\/uploads\/2026\/03\/monica-lewinski.jpg?fit=277%2C312&amp;ssl=1\" class=\"wp-image-29575\" style=\"width: 229px;\" src=\"https:\/\/i0.wp.com\/elabrevaderojm.com\/wp-content\/uploads\/2026\/03\/monica-lewinski.jpg?resize=229%2C258&#038;ssl=1\" alt=\"\" srcset=\"https:\/\/i0.wp.com\/elabrevaderojm.com\/wp-content\/uploads\/2026\/03\/monica-lewinski.jpg?w=277&amp;ssl=1 277w, https:\/\/i0.wp.com\/elabrevaderojm.com\/wp-content\/uploads\/2026\/03\/monica-lewinski.jpg?resize=266%2C300&amp;ssl=1 266w\" sizes=\"auto, (max-width: 229px) 100vw, 229px\" \/><\/p>\n\n\n\n<p class=\"has-text-align-justify has-noto-sans-font-family has-custom-font wp-block-paragraph\" style=\"font-family:Noto Sans\"><strong><a href=\"https:\/\/es.wikipedia.org\/wiki\/Groucho_Marx\">Julius Henry\u00a0\u00abGroucho\u00bb\u00a0Marx<\/a>, <a href=\"https:\/\/es.wikipedia.org\/wiki\/Monica_Lewinsky\">Monica Samille Lewinsky<\/a><\/strong><\/p>\n\n\n\n<div class=\"wp-block-jetpack-tiled-gallery aligncenter is-style-columns\"><div class=\"\"><div class=\"tiled-gallery__gallery\"><div class=\"tiled-gallery__row\"><div class=\"tiled-gallery__col\" style=\"flex-basis:18.21599%\"><figure class=\"tiled-gallery__item\"><img decoding=\"async\" data-attachment-id=\"29578\" data-permalink=\"https:\/\/elabrevaderojm.com\/en\/2026\/03\/30\/el-rey-en-primera-plana-2-el-destino-manifiesto-revolvio-la-genetica-de-la-maldad-analisis-de-jesus-escobar-tovar\/abercrombie-and-fitch-logo\/\" data-orig-file=\"https:\/\/i0.wp.com\/elabrevaderojm.com\/wp-content\/uploads\/2026\/03\/abercrombie-and-fitch-logo.png?fit=600%2C600&amp;ssl=1\" data-orig-size=\"600,600\" data-comments-opened=\"1\" data-image-meta=\"{&quot;aperture&quot;:&quot;0&quot;,&quot;credit&quot;:&quot;&quot;,&quot;camera&quot;:&quot;&quot;,&quot;caption&quot;:&quot;&quot;,&quot;created_timestamp&quot;:&quot;0&quot;,&quot;copyright&quot;:&quot;&quot;,&quot;focal_length&quot;:&quot;0&quot;,&quot;iso&quot;:&quot;0&quot;,&quot;shutter_speed&quot;:&quot;0&quot;,&quot;title&quot;:&quot;&quot;,&quot;orientation&quot;:&quot;0&quot;}\" data-image-title=\"abercrombie-and-fitch-logo\" data-image-description=\"\" data-image-caption=\"\" data-large-file=\"https:\/\/i0.wp.com\/elabrevaderojm.com\/wp-content\/uploads\/2026\/03\/abercrombie-and-fitch-logo.png?fit=600%2C600&amp;ssl=1\" role=\"button\" tabindex=\"0\" aria-label=\"Open image 1 of 4 in full-screen\" srcset=\"https:\/\/i0.wp.com\/elabrevaderojm.com\/wp-content\/uploads\/2026\/03\/abercrombie-and-fitch-logo.png?strip=info&#038;w=600&#038;ssl=1 600w\" alt=\"\" data-height=\"600\" data-id=\"29578\" data-link=\"https:\/\/elabrevaderojm.com\/?attachment_id=29578\" data-url=\"https:\/\/elabrevaderojm.com\/wp-content\/uploads\/2026\/03\/abercrombie-and-fitch-logo.png\" data-width=\"600\" src=\"https:\/\/i0.wp.com\/elabrevaderojm.com\/wp-content\/uploads\/2026\/03\/abercrombie-and-fitch-logo.png?ssl=1\" data-amp-layout=\"responsive\"\/><\/figure><\/div><div class=\"tiled-gallery__col\" style=\"flex-basis:19.59448%\"><figure class=\"tiled-gallery__item\"><img decoding=\"async\" data-attachment-id=\"29580\" data-permalink=\"https:\/\/elabrevaderojm.com\/en\/2026\/03\/30\/el-rey-en-primera-plana-2-el-destino-manifiesto-revolvio-la-genetica-de-la-maldad-analisis-de-jesus-escobar-tovar\/raytheon-emblem\/\" data-orig-file=\"https:\/\/i0.wp.com\/elabrevaderojm.com\/wp-content\/uploads\/2026\/03\/Raytheon-Emblem.jpg?fit=465%2C432&amp;ssl=1\" data-orig-size=\"465,432\" data-comments-opened=\"1\" data-image-meta=\"{&quot;aperture&quot;:&quot;0&quot;,&quot;credit&quot;:&quot;&quot;,&quot;camera&quot;:&quot;&quot;,&quot;caption&quot;:&quot;&quot;,&quot;created_timestamp&quot;:&quot;0&quot;,&quot;copyright&quot;:&quot;&quot;,&quot;focal_length&quot;:&quot;0&quot;,&quot;iso&quot;:&quot;0&quot;,&quot;shutter_speed&quot;:&quot;0&quot;,&quot;title&quot;:&quot;&quot;,&quot;orientation&quot;:&quot;1&quot;}\" data-image-title=\"Raytheon-Emblem\" data-image-description=\"\" data-image-caption=\"\" data-large-file=\"https:\/\/i0.wp.com\/elabrevaderojm.com\/wp-content\/uploads\/2026\/03\/Raytheon-Emblem.jpg?fit=465%2C432&amp;ssl=1\" role=\"button\" tabindex=\"0\" aria-label=\"Open image 2 of 4 in full-screen\" srcset=\"https:\/\/i0.wp.com\/elabrevaderojm.com\/wp-content\/uploads\/2026\/03\/Raytheon-Emblem.jpg?strip=info&#038;w=465&#038;ssl=1 465w\" alt=\"\" data-height=\"432\" data-id=\"29580\" data-link=\"https:\/\/elabrevaderojm.com\/?attachment_id=29580\" data-url=\"https:\/\/elabrevaderojm.com\/wp-content\/uploads\/2026\/03\/Raytheon-Emblem.jpg\" data-width=\"465\" src=\"https:\/\/i0.wp.com\/elabrevaderojm.com\/wp-content\/uploads\/2026\/03\/Raytheon-Emblem.jpg?ssl=1\" data-amp-layout=\"responsive\"\/><\/figure><\/div><div class=\"tiled-gallery__col\" style=\"flex-basis:29.93799%\"><figure class=\"tiled-gallery__item\"><img decoding=\"async\" data-attachment-id=\"29579\" data-permalink=\"https:\/\/elabrevaderojm.com\/en\/2026\/03\/30\/el-rey-en-primera-plana-2-el-destino-manifiesto-revolvio-la-genetica-de-la-maldad-analisis-de-jesus-escobar-tovar\/boeing-logo\/\" data-orig-file=\"https:\/\/i0.wp.com\/elabrevaderojm.com\/wp-content\/uploads\/2026\/03\/boeing-logo.jpg?fit=386%2C234&amp;ssl=1\" data-orig-size=\"386,234\" data-comments-opened=\"1\" data-image-meta=\"{&quot;aperture&quot;:&quot;0&quot;,&quot;credit&quot;:&quot;&quot;,&quot;camera&quot;:&quot;&quot;,&quot;caption&quot;:&quot;&quot;,&quot;created_timestamp&quot;:&quot;0&quot;,&quot;copyright&quot;:&quot;&quot;,&quot;focal_length&quot;:&quot;0&quot;,&quot;iso&quot;:&quot;0&quot;,&quot;shutter_speed&quot;:&quot;0&quot;,&quot;title&quot;:&quot;&quot;,&quot;orientation&quot;:&quot;0&quot;}\" data-image-title=\"boeing logo\" data-image-description=\"\" data-image-caption=\"\" data-large-file=\"https:\/\/i0.wp.com\/elabrevaderojm.com\/wp-content\/uploads\/2026\/03\/boeing-logo.jpg?fit=386%2C234&amp;ssl=1\" role=\"button\" tabindex=\"0\" aria-label=\"Open image 3 of 4 in full-screen\" srcset=\"https:\/\/i0.wp.com\/elabrevaderojm.com\/wp-content\/uploads\/2026\/03\/boeing-logo.jpg?strip=info&#038;w=386&#038;ssl=1 386w\" alt=\"\" data-height=\"234\" data-id=\"29579\" data-link=\"https:\/\/elabrevaderojm.com\/?attachment_id=29579\" data-url=\"https:\/\/elabrevaderojm.com\/wp-content\/uploads\/2026\/03\/boeing-logo.jpg\" data-width=\"386\" src=\"https:\/\/i0.wp.com\/elabrevaderojm.com\/wp-content\/uploads\/2026\/03\/boeing-logo.jpg?ssl=1\" data-amp-layout=\"responsive\"\/><\/figure><\/div><div class=\"tiled-gallery__col\" style=\"flex-basis:32.25154%\"><figure class=\"tiled-gallery__item\"><img decoding=\"async\" data-attachment-id=\"29581\" data-permalink=\"https:\/\/elabrevaderojm.com\/en\/2026\/03\/30\/el-rey-en-primera-plana-2-el-destino-manifiesto-revolvio-la-genetica-de-la-maldad-analisis-de-jesus-escobar-tovar\/chevron-logo\/\" data-orig-file=\"https:\/\/i0.wp.com\/elabrevaderojm.com\/wp-content\/uploads\/2026\/03\/Chevron-Logo.png?fit=3840%2C2160&amp;ssl=1\" data-orig-size=\"3840,2160\" data-comments-opened=\"1\" data-image-meta=\"{&quot;aperture&quot;:&quot;0&quot;,&quot;credit&quot;:&quot;&quot;,&quot;camera&quot;:&quot;&quot;,&quot;caption&quot;:&quot;&quot;,&quot;created_timestamp&quot;:&quot;0&quot;,&quot;copyright&quot;:&quot;&quot;,&quot;focal_length&quot;:&quot;0&quot;,&quot;iso&quot;:&quot;0&quot;,&quot;shutter_speed&quot;:&quot;0&quot;,&quot;title&quot;:&quot;&quot;,&quot;orientation&quot;:&quot;0&quot;}\" data-image-title=\"Chevron-Logo\" data-image-description=\"\" data-image-caption=\"\" data-large-file=\"https:\/\/i0.wp.com\/elabrevaderojm.com\/wp-content\/uploads\/2026\/03\/Chevron-Logo.png?fit=640%2C360&amp;ssl=1\" role=\"button\" tabindex=\"0\" aria-label=\"Open image 4 of 4 in full-screen\" srcset=\"https:\/\/i0.wp.com\/elabrevaderojm.com\/wp-content\/uploads\/2026\/03\/Chevron-Logo-1024x576.png?strip=info&#038;w=600&#038;ssl=1 600w,https:\/\/i0.wp.com\/elabrevaderojm.com\/wp-content\/uploads\/2026\/03\/Chevron-Logo-1024x576.png?strip=info&#038;w=900&#038;ssl=1 900w,https:\/\/i0.wp.com\/elabrevaderojm.com\/wp-content\/uploads\/2026\/03\/Chevron-Logo-1024x576.png?strip=info&#038;w=1024&#038;ssl=1 1024w\" alt=\"\" data-height=\"2160\" data-id=\"29581\" data-link=\"https:\/\/elabrevaderojm.com\/?attachment_id=29581\" data-url=\"https:\/\/elabrevaderojm.com\/wp-content\/uploads\/2026\/03\/Chevron-Logo-1024x576.png\" data-width=\"3840\" src=\"https:\/\/i0.wp.com\/elabrevaderojm.com\/wp-content\/uploads\/2026\/03\/Chevron-Logo-1024x576.png?ssl=1\" data-amp-layout=\"responsive\"\/><\/figure><\/div><\/div><\/div><\/div><\/div>\n\n\n\n<p class=\"has-text-align-center has-noto-sans-font-family has-custom-font wp-block-paragraph\" style=\"font-family:Noto Sans\"><strong>Logotipos de <a href=\"https:\/\/es.wikipedia.org\/wiki\/Abercrombie_%26_Fitch\"><em>Abercrombie &amp; Fitch<\/em><\/a>, <a href=\"https:\/\/es.wikipedia.org\/wiki\/Raytheon\"><em>Raytheon<\/em><\/a>, <a href=\"https:\/\/es.wikipedia.org\/wiki\/Boeing\"><em>The Boeing Company<\/em><\/a>, <a href=\"https:\/\/es.wikipedia.org\/wiki\/Chevron_Corporation\"><em>Chevron Corporation<\/em><\/a><\/strong><\/p>\n\n\n\n<figure style=\"font-size:18px\" class=\"wp-block-table has-jost-font-family\"><table class=\"has-background has-fixed-layout\" style=\"background:linear-gradient(135deg,rgb(202,248,128) 30%,rgb(113,206,126) 100%)\"><tbody><tr><td><strong>Elvin Calca\u00f1o Ortiz<\/strong><br><br><img data-recalc-dims=\"1\" loading=\"lazy\" decoding=\"async\" width=\"100\" height=\"100\" data-attachment-id=\"29590\" data-permalink=\"https:\/\/elabrevaderojm.com\/en\/2026\/03\/30\/el-rey-en-primera-plana-2-el-destino-manifiesto-revolvio-la-genetica-de-la-maldad-analisis-de-jesus-escobar-tovar\/elvin-calcano\/\" data-orig-file=\"https:\/\/i0.wp.com\/elabrevaderojm.com\/wp-content\/uploads\/2026\/03\/elvin-calcano.jpg?fit=92%2C92&amp;ssl=1\" data-orig-size=\"92,92\" data-comments-opened=\"1\" data-image-meta=\"{&quot;aperture&quot;:&quot;0&quot;,&quot;credit&quot;:&quot;&quot;,&quot;camera&quot;:&quot;&quot;,&quot;caption&quot;:&quot;&quot;,&quot;created_timestamp&quot;:&quot;0&quot;,&quot;copyright&quot;:&quot;&quot;,&quot;focal_length&quot;:&quot;0&quot;,&quot;iso&quot;:&quot;0&quot;,&quot;shutter_speed&quot;:&quot;0&quot;,&quot;title&quot;:&quot;&quot;,&quot;orientation&quot;:&quot;0&quot;}\" data-image-title=\"elvin calca\u00f1o\" data-image-description=\"\" data-image-caption=\"\" data-large-file=\"https:\/\/i0.wp.com\/elabrevaderojm.com\/wp-content\/uploads\/2026\/03\/elvin-calcano.jpg?fit=92%2C92&amp;ssl=1\" class=\"wp-image-29590\" style=\"width: 100px;\" src=\"https:\/\/i0.wp.com\/elabrevaderojm.com\/wp-content\/uploads\/2026\/03\/elvin-calcano.jpg?resize=100%2C100&#038;ssl=1\" alt=\"\"><br><br>Seg\u00fan su canal en <em>YouTube<\/em>, sus redes sociales, ucm.academia.edu y latinoamerica21.com a Calvin se le califica de polit\u00f3logo, analista, consultor electoral, docente e investigador latinoamericanista, quien tambi\u00e9n tiene canales de opini\u00f3n y<br>Es graduado de la Facultad de Ciencias Pol\u00edticas y Sociolog\u00eda en la <a href=\"https:\/\/es.wikipedia.org\/wiki\/Universidad_Complutense_de_Madrid\">Universidad Complutense de Madrid<\/a>, con una Maestr\u00eda en Teor\u00eda Pol\u00edtica, y como Licenciado en Ciencias Pol\u00edticas por la Universidad Interamericana de Puerto Rico.<br>Tambi\u00e9n realiz\u00f3 estudios en el Instituto Tecnol\u00f3gico de Estudios Superiores de Monterrey en M\u00e9xico. Es Investigador y especialista en teor\u00eda de la democracia, teor\u00eda del Estado y an\u00e1lisis del neoliberalismo y de los populismos. Figura regularmente como analista internacional en medios latinoamericanos y dominicanos. Es experto en internacionalizaci\u00f3n universitaria con enfoque de integraci\u00f3n regional y diplomacia acad\u00e9mica. Ha ocupado cargos directivos a nivel de gobierno y de instituciones de educaci\u00f3n superior como Coordinador del Programa Acad\u00e9mico de la Escuela Diplom\u00e1tica del gobierno de Puerto Rico y director de Relaciones Internacionales de la Universidad Nacional de Educaci\u00f3n de Ecuador. Tambi\u00e9n ha sido investigador, docente y ha impartido cursos especializados en universidades de Ecuador, Puerto Rico, M\u00e9xico y Rep\u00fablica Dominicana. Tiene publicaciones acad\u00e9micas en el campo de la teor\u00eda pol\u00edtica y aparece como editor y ensayista en cinco libros de seis pa\u00edses latinoamericanos. En su carrera acad\u00e9mica y profesional ha estudiado y trabajado en cinco pa\u00edses de Am\u00e9rica Latina y Europa.<\/td><\/tr><\/tbody><\/table><\/figure>\n\n\n\n<p class=\"has-text-align-center wp-block-paragraph\"><img data-recalc-dims=\"1\" loading=\"lazy\" decoding=\"async\" width=\"200\" height=\"360\" data-attachment-id=\"29592\" data-permalink=\"https:\/\/elabrevaderojm.com\/en\/2026\/03\/30\/el-rey-en-primera-plana-2-el-destino-manifiesto-revolvio-la-genetica-de-la-maldad-analisis-de-jesus-escobar-tovar\/estatua-de-caligula_unrestored\/\" data-orig-file=\"https:\/\/i0.wp.com\/elabrevaderojm.com\/wp-content\/uploads\/2026\/03\/estatua-de-caligula_unrestored.jpg?fit=282%2C508&amp;ssl=1\" data-orig-size=\"282,508\" data-comments-opened=\"1\" data-image-meta=\"{&quot;aperture&quot;:&quot;0&quot;,&quot;credit&quot;:&quot;&quot;,&quot;camera&quot;:&quot;&quot;,&quot;caption&quot;:&quot;&quot;,&quot;created_timestamp&quot;:&quot;0&quot;,&quot;copyright&quot;:&quot;\\u00a9 Virginia Museum of Fine Arts&quot;,&quot;focal_length&quot;:&quot;0&quot;,&quot;iso&quot;:&quot;0&quot;,&quot;shutter_speed&quot;:&quot;0&quot;,&quot;title&quot;:&quot;&quot;,&quot;orientation&quot;:&quot;1&quot;}\" data-image-title=\"estatua de caligula_unrestored\" data-image-description=\"\" data-image-caption=\"\" data-large-file=\"https:\/\/i0.wp.com\/elabrevaderojm.com\/wp-content\/uploads\/2026\/03\/estatua-de-caligula_unrestored.jpg?fit=282%2C508&amp;ssl=1\" class=\"wp-image-29592\" style=\"width: 200px;\" src=\"https:\/\/i0.wp.com\/elabrevaderojm.com\/wp-content\/uploads\/2026\/03\/estatua-de-caligula_unrestored.jpg?resize=200%2C360&#038;ssl=1\" alt=\"\" srcset=\"https:\/\/i0.wp.com\/elabrevaderojm.com\/wp-content\/uploads\/2026\/03\/estatua-de-caligula_unrestored.jpg?w=282&amp;ssl=1 282w, https:\/\/i0.wp.com\/elabrevaderojm.com\/wp-content\/uploads\/2026\/03\/estatua-de-caligula_unrestored.jpg?resize=167%2C300&amp;ssl=1 167w\" sizes=\"auto, (max-width: 200px) 100vw, 200px\" \/> <img data-recalc-dims=\"1\" loading=\"lazy\" decoding=\"async\" width=\"197\" height=\"360\" data-attachment-id=\"29591\" data-permalink=\"https:\/\/elabrevaderojm.com\/en\/2026\/03\/30\/el-rey-en-primera-plana-2-el-destino-manifiesto-revolvio-la-genetica-de-la-maldad-analisis-de-jesus-escobar-tovar\/foto-vmfa_caligula_color2\/\" data-orig-file=\"https:\/\/i0.wp.com\/elabrevaderojm.com\/wp-content\/uploads\/2026\/03\/foto-vmfa_caligula_color2.jpg?fit=301%2C550&amp;ssl=1\" data-orig-size=\"301,550\" data-comments-opened=\"1\" data-image-meta=\"{&quot;aperture&quot;:&quot;0&quot;,&quot;credit&quot;:&quot;&quot;,&quot;camera&quot;:&quot;&quot;,&quot;caption&quot;:&quot;&quot;,&quot;created_timestamp&quot;:&quot;0&quot;,&quot;copyright&quot;:&quot;&quot;,&quot;focal_length&quot;:&quot;0&quot;,&quot;iso&quot;:&quot;0&quot;,&quot;shutter_speed&quot;:&quot;0&quot;,&quot;title&quot;:&quot;&quot;,&quot;orientation&quot;:&quot;1&quot;}\" data-image-title=\"foto vmfa_caligula_color2\" data-image-description=\"\" data-image-caption=\"\" data-large-file=\"https:\/\/i0.wp.com\/elabrevaderojm.com\/wp-content\/uploads\/2026\/03\/foto-vmfa_caligula_color2.jpg?fit=301%2C550&amp;ssl=1\" class=\"wp-image-29591\" style=\"width: 197px;\" src=\"https:\/\/i0.wp.com\/elabrevaderojm.com\/wp-content\/uploads\/2026\/03\/foto-vmfa_caligula_color2.jpg?resize=197%2C360&#038;ssl=1\" alt=\"\" srcset=\"https:\/\/i0.wp.com\/elabrevaderojm.com\/wp-content\/uploads\/2026\/03\/foto-vmfa_caligula_color2.jpg?w=301&amp;ssl=1 301w, https:\/\/i0.wp.com\/elabrevaderojm.com\/wp-content\/uploads\/2026\/03\/foto-vmfa_caligula_color2.jpg?resize=164%2C300&amp;ssl=1 164w, https:\/\/i0.wp.com\/elabrevaderojm.com\/wp-content\/uploads\/2026\/03\/foto-vmfa_caligula_color2.jpg?resize=300%2C548&amp;ssl=1 300w\" sizes=\"auto, (max-width: 197px) 100vw, 197px\" \/><\/p>\n\n\n\n<p class=\"has-text-align-center has-noto-sans-font-family has-custom-font wp-block-paragraph\" style=\"font-family:Noto Sans\"><a href=\"https:\/\/es.wikipedia.org\/wiki\/Cal%C3%ADgula\"><strong>Gaius Julius Caesar Augustus Germanicus<\/strong><\/a><\/p>\n\n\n\n<p class=\"has-text-align-center has-noto-sans-font-family has-custom-font wp-block-paragraph\" style=\"font-family:Noto Sans\">Izquierda: <strong>Una de las im\u00e1genes m\u00e1s finas e importantes de un emperador romano en Norteam\u00e9rica, una estatua de cuerpo entero de Cal\u00edgula (37\u201341 d.C.) en el Museo de Bellas Artes de Virginia (Arthur and Margaret Glasgow Fund 71.20; restauraci\u00f3n de 1971; \u00a9 Virginia Museum of Fine Arts (VMFA))<\/strong>. Derecha: <strong>Cal\u00edgula con una apariencia m\u00e1s imperial, con botas negras y una toga purp\u00farea bordada en oro (reconstrucci\u00f3n digital de la Estatua de retrato VMFA de Cal\u00edgula) (ambas fotos como aparecen en<\/strong> <a href=\"https:\/\/blackbird-archive.vcu.edu\/v12n2\/gallery\/schertz_p\/caligula.shtml\"><em>https:\/\/blackbird-archive.vcu.edu\/v12n2\/gallery\/schertz_p\/caligula.shtml<\/em> <\/a>).<\/p>\n\n\n<div class=\"wp-block-image\">\n<figure class=\"aligncenter size-full\"><img data-recalc-dims=\"1\" loading=\"lazy\" decoding=\"async\" width=\"250\" height=\"363\" data-attachment-id=\"29596\" data-permalink=\"https:\/\/elabrevaderojm.com\/en\/2026\/03\/30\/el-rey-en-primera-plana-2-el-destino-manifiesto-revolvio-la-genetica-de-la-maldad-analisis-de-jesus-escobar-tovar\/neron\/\" data-orig-file=\"https:\/\/i0.wp.com\/elabrevaderojm.com\/wp-content\/uploads\/2026\/03\/Neron.jpg?fit=250%2C363&amp;ssl=1\" data-orig-size=\"250,363\" data-comments-opened=\"1\" data-image-meta=\"{&quot;aperture&quot;:&quot;0&quot;,&quot;credit&quot;:&quot;&quot;,&quot;camera&quot;:&quot;&quot;,&quot;caption&quot;:&quot;&quot;,&quot;created_timestamp&quot;:&quot;0&quot;,&quot;copyright&quot;:&quot;&quot;,&quot;focal_length&quot;:&quot;0&quot;,&quot;iso&quot;:&quot;0&quot;,&quot;shutter_speed&quot;:&quot;0&quot;,&quot;title&quot;:&quot;&quot;,&quot;orientation&quot;:&quot;1&quot;}\" data-image-title=\"Ner\u00f3n\" data-image-description=\"\" data-image-caption=\"\" data-large-file=\"https:\/\/i0.wp.com\/elabrevaderojm.com\/wp-content\/uploads\/2026\/03\/Neron.jpg?fit=250%2C363&amp;ssl=1\" src=\"https:\/\/i0.wp.com\/elabrevaderojm.com\/wp-content\/uploads\/2026\/03\/Neron.jpg?resize=250%2C363&#038;ssl=1\" alt=\"\" class=\"wp-image-29596\" srcset=\"https:\/\/i0.wp.com\/elabrevaderojm.com\/wp-content\/uploads\/2026\/03\/Neron.jpg?w=250&amp;ssl=1 250w, https:\/\/i0.wp.com\/elabrevaderojm.com\/wp-content\/uploads\/2026\/03\/Neron.jpg?resize=207%2C300&amp;ssl=1 207w\" sizes=\"auto, (max-width: 250px) 100vw, 250px\" \/><\/figure>\n<\/div>\n\n\n<p class=\"has-text-align-center has-noto-sans-font-family has-custom-font wp-block-paragraph\" style=\"font-family:Noto Sans\"><strong><a href=\"https:\/\/es.wikipedia.org\/wiki\/Ner%C3%B3n\">Nero Claudius Caesar Augustus Germanicus<\/a> (Ner\u00f3n). Pintura titulada \u00abNer\u00f3n\u00bb, del artista <a href=\"https:\/\/es.wikipedia.org\/wiki\/Abraham_Janssens\">Abraham Janssens van Nuyssen<\/a> (foto: Ralf Roletschek\/<em>WikiCommons<\/em>; <\/strong><a href=\"https:\/\/magazine.uc.edu\/editors_picks\/recent_features\/nero.html\"><em>https:\/\/magazine.uc.edu\/editors_picks\/recent_features\/nero.htm<\/em>l<\/a><strong>).<\/strong><\/p>\n\n\n\n<figure style=\"font-size:18px\" class=\"wp-block-table has-jost-font-family\"><table class=\"has-pale-cyan-blue-background-color has-background has-fixed-layout\"><tbody><tr><td><strong>Marcelo Colussi <\/strong><br><br><img data-recalc-dims=\"1\" loading=\"lazy\" decoding=\"async\" width=\"130\" height=\"136\" data-attachment-id=\"29599\" data-permalink=\"https:\/\/elabrevaderojm.com\/en\/2026\/03\/30\/el-rey-en-primera-plana-2-el-destino-manifiesto-revolvio-la-genetica-de-la-maldad-analisis-de-jesus-escobar-tovar\/marccelo-colussi\/\" data-orig-file=\"https:\/\/i0.wp.com\/elabrevaderojm.com\/wp-content\/uploads\/2026\/03\/marccelo-Colussi.jpg?fit=293%2C306&amp;ssl=1\" data-orig-size=\"293,306\" data-comments-opened=\"1\" data-image-meta=\"{&quot;aperture&quot;:&quot;0&quot;,&quot;credit&quot;:&quot;&quot;,&quot;camera&quot;:&quot;&quot;,&quot;caption&quot;:&quot;&quot;,&quot;created_timestamp&quot;:&quot;0&quot;,&quot;copyright&quot;:&quot;&quot;,&quot;focal_length&quot;:&quot;0&quot;,&quot;iso&quot;:&quot;0&quot;,&quot;shutter_speed&quot;:&quot;0&quot;,&quot;title&quot;:&quot;&quot;,&quot;orientation&quot;:&quot;1&quot;}\" data-image-title=\"marccelo Colussi\" data-image-description=\"\" data-image-caption=\"\" data-large-file=\"https:\/\/i0.wp.com\/elabrevaderojm.com\/wp-content\/uploads\/2026\/03\/marccelo-Colussi.jpg?fit=293%2C306&amp;ssl=1\" class=\"wp-image-29599\" style=\"width: 130px;\" src=\"https:\/\/i0.wp.com\/elabrevaderojm.com\/wp-content\/uploads\/2026\/03\/marccelo-Colussi.jpg?resize=130%2C136&#038;ssl=1\" alt=\"\" srcset=\"https:\/\/i0.wp.com\/elabrevaderojm.com\/wp-content\/uploads\/2026\/03\/marccelo-Colussi.jpg?w=293&amp;ssl=1 293w, https:\/\/i0.wp.com\/elabrevaderojm.com\/wp-content\/uploads\/2026\/03\/marccelo-Colussi.jpg?resize=287%2C300&amp;ssl=1 287w\" sizes=\"auto, (max-width: 130px) 100vw, 130px\" \/><br><br>Por la informaci\u00f3n en el perfil de <em>meer.com\/en\/authors<\/em>, <strong>Marcelo Colussi <\/strong>naci\u00f3 en Rosario, Argentina (1956). Estudi\u00f3 Psicolog\u00eda y Filosof\u00eda en su ciudad natal, de donde sali\u00f3 hace ya largos a\u00f1os. Vivi\u00f3 y trabaj\u00f3 en varios pa\u00edses latinoamericanos: Nicaragua durante la Revoluci\u00f3n Sandinista, El Salvador, Venezuela en el marco de la Revoluci\u00f3n Bolivariana, siempre en el \u00e1mbito de programas sociales y derechos humanos, y al mismo tiempo, promoviendo la pr\u00e1ctica psicoanal\u00edtica. Hoy vive en Guatemala, Centroam\u00e9rica, donde est\u00e1 radicado desde hace m\u00e1s de 25 a\u00f1os.<br>Es psicoanalista, investigador social y catedr\u00e1tico universitario. Ha trabajado en diversas universidades nacionales y, en forma virtual, ha dictado cursos en varias universidades latinoamericanas. Es analista pol\u00edtico para las emisoras <em>Russia Today<\/em> en espa\u00f1ol y Telesur. Escribe regularmente en diversos medios electr\u00f3nicos internacionales (Prensa Latina de Cuba, Rebeli\u00f3n e Insurgente de Espa\u00f1a, Aporrea de Venezuela Contrahegemon\u00eda web de Argentina) sobre cuestiones pol\u00edtico-sociales.<br>Igualmente ha participado en numerosas publicaciones colectivas en varios pa\u00edses latinoamericanos, as\u00ed como en numerosas revistas de ciencias sociales, siempre en la tem\u00e1tica socio-human\u00edstica, articulando una lectura marxista con una visi\u00f3n psicoanal\u00edtica. Tambi\u00e9n ha incursionado en la literatura (cuentos), con varios premios ganados y cinco libros publicados: <em>Nosotros, los mediocres<\/em>; <em>Cuentos para olvidar<\/em>;\u00a0<em>Historias dulces color de rosa<\/em>;\u00a0<em>Historias insufribles<\/em>\u00a0y\u00a0<em>Cuentos de clorofila<\/em>. En estos momentos est\u00e1 preparando un voluminoso libro de an\u00e1lisis cr\u00edtico de las primeras experiencias socialistas del mundo, de pronta aparici\u00f3n en M\u00e9xico, titulado\u00a0<em>Vamos por el socialismo<\/em>.<\/td><\/tr><\/tbody><\/table><\/figure>\n\n\n\n<figure style=\"font-size:18px\" class=\"wp-block-table has-jost-font-family\"><table class=\"has-light-green-cyan-background-color has-background has-fixed-layout\"><tbody><tr><td><strong>Gautam Mukunda<\/strong><br><br><img data-recalc-dims=\"1\" loading=\"lazy\" decoding=\"async\" width=\"120\" height=\"165\" data-attachment-id=\"29601\" data-permalink=\"https:\/\/elabrevaderojm.com\/en\/2026\/03\/30\/el-rey-en-primera-plana-2-el-destino-manifiesto-revolvio-la-genetica-de-la-maldad-analisis-de-jesus-escobar-tovar\/gautam-mukunda\/\" data-orig-file=\"https:\/\/i0.wp.com\/elabrevaderojm.com\/wp-content\/uploads\/2026\/03\/gautam-mukunda.jpg?fit=280%2C386&amp;ssl=1\" data-orig-size=\"280,386\" data-comments-opened=\"1\" data-image-meta=\"{&quot;aperture&quot;:&quot;0&quot;,&quot;credit&quot;:&quot;&quot;,&quot;camera&quot;:&quot;&quot;,&quot;caption&quot;:&quot;&quot;,&quot;created_timestamp&quot;:&quot;0&quot;,&quot;copyright&quot;:&quot;&quot;,&quot;focal_length&quot;:&quot;0&quot;,&quot;iso&quot;:&quot;0&quot;,&quot;shutter_speed&quot;:&quot;0&quot;,&quot;title&quot;:&quot;&quot;,&quot;orientation&quot;:&quot;1&quot;}\" data-image-title=\"gautam mukunda\" data-image-description=\"\" data-image-caption=\"\" data-large-file=\"https:\/\/i0.wp.com\/elabrevaderojm.com\/wp-content\/uploads\/2026\/03\/gautam-mukunda.jpg?fit=280%2C386&amp;ssl=1\" class=\"wp-image-29601\" style=\"width: 120px;\" src=\"https:\/\/i0.wp.com\/elabrevaderojm.com\/wp-content\/uploads\/2026\/03\/gautam-mukunda.jpg?resize=120%2C165&#038;ssl=1\" alt=\"\" srcset=\"https:\/\/i0.wp.com\/elabrevaderojm.com\/wp-content\/uploads\/2026\/03\/gautam-mukunda.jpg?w=280&amp;ssl=1 280w, https:\/\/i0.wp.com\/elabrevaderojm.com\/wp-content\/uploads\/2026\/03\/gautam-mukunda.jpg?resize=218%2C300&amp;ssl=1 218w\" sizes=\"auto, (max-width: 120px) 100vw, 120px\" \/><br>\u00a0<br>Acorde al perfil subido en <em>hks.harvard.edu<\/em>, <strong>Gautam Mukunda<\/strong> es un experto en liderazgo e innovaci\u00f3n reconocido internacionalmente. A menudo bromea diciendo que su ambici\u00f3n en la vida es tener el curr\u00edculum m\u00e1s confuso del mundo y que est\u00e1 casi todo en ese camino. Gautam es investigador en el Centro de Liderazgo P\u00fablico de la <em>Harvard Kennedy School<\/em>, asesor principal del <em>America&#8217;s Frontier Fund<\/em>, autor de <em>Indispensable: When Leaders Really Matter<\/em> (<em>Harvard Business Review Press<\/em>, 2012) y <em>Picking Presidents: How To Make The Most Consequential Decision in the World<\/em> (<em>University of California Press<\/em>, 2022), y presentador del podcast <em>World Reimagined with Gautam Mukunda<\/em> de Nasdaq<em>.<\/em><br>Gautam ha sido profesor en la <em>Harvard Business School<\/em> y Profesor Visitante Distinguido en <em>Schwarzman College<\/em>, Universidad de Tsinghua. Fue jefe de investigaci\u00f3n en <em>Rose Park Advisors<\/em>, una firma de inversi\u00f3n especializada fundada por su mentor Clayton Christensen que invierte utilizando las teor\u00edas de la innovaci\u00f3n disruptiva. Ha publicado art\u00edculos en <em>Harvard Business Review, Foreign Policy, Security Studies, Slate, Fast Company, Parameters, Politics and the Life Sciences,<\/em> y <em>Systems and Synthetic Biology <\/em>sobre temas como liderazgo, reforma del sector financiero, innovaci\u00f3n militar, guerra centrada en redes, las implicaciones de seguridad y econ\u00f3micas de la biolog\u00eda sint\u00e9tica, y la serie <em>de televisi\u00f3n Mad Men<\/em>. Su trabajo ha sido perfilado en <em>The<\/em> <em>New York Times, Atlantic, New Yorker, Economist, Washington Post, Wall Street Journal<\/em> y <em>All Things Considered<\/em>. Es el Consultor Exclusivo de Liderazgo de <em>U.S. Soccer<\/em>.<br>Gautam fue miembro temporal del <em>Council on Foreign Relations<\/em> y miembro del Programa de Estudios de Seguridad y del Programa de Tecnolog\u00edas Emergentes del Instituto Tecnol\u00f3gico de Massachusetts. Fue miembro de <em>Paul &amp; Daisy Soros New American Fellow<\/em>, <em>NSF IGERT Fellow<\/em>, <em>Next Generation Fellow<\/em> de <em>The American Assembly<\/em> e investigador principal del Centro de Investigaci\u00f3n en Ingenier\u00eda de Biolog\u00eda Sint\u00e9tica de la <em>National Science Foundation<\/em>. Form\u00f3 parte del Panel Asesor Ejecutivo del jefe de Operaciones Navales y fue miembro del Comit\u00e9 Regional de Selecci\u00f3n de Nueva Inglaterra para la beca de la Casa Blanca. Fue miembro del Consejo de Agenda Global sobre Nuevos Modelos de Liderazgo del Foro Econ\u00f3mico Mundial y miembro temporal del <em>Council on Foreign Relations<\/em>. Tambi\u00e9n fue campe\u00f3nde <em>Jeopardy<\/em>.<br>En el MIT, Gautam fue becario postdoctoral ERC de Biolog\u00eda Sint\u00e9tica de la <em>National Science Foundation<\/em> en el Centro de Estudios Internacionales del MIT. Obtuvo su doctorado en Ciencias Pol\u00edticas en el MIT, con especializaci\u00f3n en Relaciones Internacionales y Estudios de Seguridad. Obtuvo su licenciatura en Gobierno en Harvard, <em>magna<\/em> <em>cum laude.<\/em> Antes de su carrera acad\u00e9mica fue consultor en <em>McKinsey &amp; Company<\/em>, donde se centr\u00f3 en el sector farmac\u00e9utico.<br>Gautam es miembro del consejo de administraci\u00f3n y presidente del Comit\u00e9 de Mentor\u00eda de <em>The Upakar Foundation<\/em>, una organizaci\u00f3n nacional sin \u00e1nimo de lucro dedicada a otorgar becas universitarias a estudiantes desfavorecidos de ascendencia surasi\u00e1tica.\u00a0Forma parte de los consejos asesores de <em>Bionic Solutions<\/em> y <em>Fount Bio<\/em>. Es supervisor del <em>Boston Ballet<\/em> y miembro del <em>Museum Council<\/em> del Museo de Bellas Artes de Boston.<\/td><\/tr><\/tbody><\/table><\/figure>\n\n\n<div class=\"wp-block-image\">\n<figure class=\"aligncenter size-full is-resized\"><img data-recalc-dims=\"1\" loading=\"lazy\" decoding=\"async\" width=\"306\" height=\"449\" data-attachment-id=\"29603\" data-permalink=\"https:\/\/elabrevaderojm.com\/en\/2026\/03\/30\/el-rey-en-primera-plana-2-el-destino-manifiesto-revolvio-la-genetica-de-la-maldad-analisis-de-jesus-escobar-tovar\/bertolt-brecht\/\" data-orig-file=\"https:\/\/i0.wp.com\/elabrevaderojm.com\/wp-content\/uploads\/2026\/03\/bertolt-brecht.jpg?fit=306%2C449&amp;ssl=1\" data-orig-size=\"306,449\" data-comments-opened=\"1\" data-image-meta=\"{&quot;aperture&quot;:&quot;0&quot;,&quot;credit&quot;:&quot;&quot;,&quot;camera&quot;:&quot;&quot;,&quot;caption&quot;:&quot;&quot;,&quot;created_timestamp&quot;:&quot;0&quot;,&quot;copyright&quot;:&quot;&quot;,&quot;focal_length&quot;:&quot;0&quot;,&quot;iso&quot;:&quot;0&quot;,&quot;shutter_speed&quot;:&quot;0&quot;,&quot;title&quot;:&quot;&quot;,&quot;orientation&quot;:&quot;1&quot;}\" data-image-title=\"bertolt brecht\" data-image-description=\"\" data-image-caption=\"\" data-large-file=\"https:\/\/i0.wp.com\/elabrevaderojm.com\/wp-content\/uploads\/2026\/03\/bertolt-brecht.jpg?fit=306%2C449&amp;ssl=1\" src=\"https:\/\/i0.wp.com\/elabrevaderojm.com\/wp-content\/uploads\/2026\/03\/bertolt-brecht.jpg?resize=306%2C449&#038;ssl=1\" alt=\"\" class=\"wp-image-29603\" style=\"width:172px;height:auto\" srcset=\"https:\/\/i0.wp.com\/elabrevaderojm.com\/wp-content\/uploads\/2026\/03\/bertolt-brecht.jpg?w=306&amp;ssl=1 306w, https:\/\/i0.wp.com\/elabrevaderojm.com\/wp-content\/uploads\/2026\/03\/bertolt-brecht.jpg?resize=204%2C300&amp;ssl=1 204w, https:\/\/i0.wp.com\/elabrevaderojm.com\/wp-content\/uploads\/2026\/03\/bertolt-brecht.jpg?resize=300%2C440&amp;ssl=1 300w\" sizes=\"auto, (max-width: 306px) 100vw, 306px\" \/><\/figure>\n<\/div>\n\n\n<p class=\"has-text-align-center has-noto-sans-font-family has-custom-font wp-block-paragraph\" style=\"font-family:Noto Sans\"><a href=\"https:\/\/es.wikipedia.org\/wiki\/Bertolt_Brecht\"><strong>Eugen Berthold Friedrich (Bertolt) Brecht<\/strong><\/a><\/p>\n\n\n\n<div data-wp-interactive=\"core\/file\" class=\"wp-block-file\"><object data-wp-bind--hidden=\"!state.hasPdfPreview\" hidden class=\"wp-block-file__embed\" data=\"https:\/\/elabrevaderojm.com\/wp-content\/uploads\/2026\/03\/preguntas-de-un-obrero-que-lee.pdf\" type=\"application\/pdf\" style=\"width:100%;height:600px\" aria-label=\"Embed of preguntas de un obrero que lee.\"><\/object><a id=\"wp-block-file--media-d6226815-19a4-4222-9e5a-c2661bb4c448\" href=\"https:\/\/elabrevaderojm.com\/wp-content\/uploads\/2026\/03\/preguntas-de-un-obrero-que-lee.pdf\">preguntas de un obrero que lee<\/a><a href=\"https:\/\/elabrevaderojm.com\/wp-content\/uploads\/2026\/03\/preguntas-de-un-obrero-que-lee.pdf\" class=\"wp-block-file__button wp-element-button\" download aria-describedby=\"wp-block-file--media-d6226815-19a4-4222-9e5a-c2661bb4c448\">Descarga<\/a><\/div>\n\n\n\n<p class=\"has-text-align-center has-noto-sans-font-family has-custom-font wp-block-paragraph\" style=\"font-family:Noto Sans\"><strong>\u00abPreguntas de un obrero que lee\u00bb (bajado como PDF de <em>delajusticia.com\/wp-content<\/em>).<\/strong><\/p>\n\n\n<div class=\"wp-block-coblocks-shape-divider is-style-triangle is-vertically-flipped mt-0 mb-0\" style=\"color: #111;\" aria-hidden=\"true\">\n\t\t\t<div class=\"wp-block-coblocks-shape-divider__svg-wrapper\" style=\"height:100px;\">\n\t\t\t\t<svg class=\"divider--triangle\" viewBox=\"0 0 100 100\" xmlns=\"http:\/\/www.w3.org\/2000\/svg\" preserveAspectRatio=\"none\"><path d=\"m0 0 50 100 50-100z\" fillRule=\"evenodd\" transform=\"matrix(1 0 0 -1 0 100)\" \/><\/svg>\n\t\t\t<\/div>\n\t\t\t<div class=\"wp-block-coblocks-shape-divider__alt-wrapper\" style=\"height:50px;\"><\/div>\n\t\t<\/div>\n\n\n<p class=\"has-text-align-justify has-barlow-condensed-font-family has-custom-font wp-block-paragraph\" style=\"font-family:Barlow Condensed;font-size:22px\">\u00bfEste video le ha hecho pensar o generar preguntas en su mente? \u00bfCree que el exponente tiene raz\u00f3n en su an\u00e1lisis? \u00bfPiensa que haya justificaci\u00f3n en el comportamiento de los nefastos personajes mencionados?<\/p>\n\n\n\n<p class=\"has-text-align-justify has-barlow-condensed-font-family has-custom-font wp-block-paragraph\" style=\"font-family:Barlow Condensed;font-size:22px\">\u00bfSon diferentes los dem\u00f3cratas a los republicanos en EE. UU.? \u00bfCu\u00e1les son los enjuiciables por los pueblos del mundo?<\/p>\n\n\n\n<p class=\"has-barlow-condensed-font-family has-custom-font wp-block-paragraph\" style=\"font-family:Barlow Condensed;font-size:22px\">H\u00e1gase leer en los comentarios\u2026 si los hace.<\/p>\n\n\n\n<hr class=\"wp-block-separator has-alpha-channel-opacity\"\/>\n\n\n\n<p class=\"has-text-align-justify wp-block-paragraph\" style=\"font-size:20px\">Si te ha gustado este art\u00edculo, demu\u00e9stralo con un \u00abpulgar arriba\u00bb y un \u00abaplauso\u00bb, y compartiendo el contenido con tus amistades y en tus redes sociales. Es muy gratificante. Y quiz\u00e1s otras personas se enteren de estas cosas interesantes que has le\u00eddo hoy.<\/p>\n\n\n\n<p class=\"has-text-align-justify wp-block-paragraph\" style=\"font-size:20px\">Si tienes algo que comentar, preguntar o agregar, o decirme como expositor, por favor hazlo dejando tu comentario.<\/p>\n\n\n\n<p class=\"has-text-align-justify wp-block-paragraph\" style=\"font-size:20px\">Siempre lo mejor para estar al tanto de estas interesantes entregas es suscribirte a mi blog, que trato de surtir con nuevos trabajos siempre que me sea posible.<\/p>\n\n\n\n<p class=\"wp-block-paragraph\" style=\"font-size:20px\">Gracias por leer.<\/p>\n\n\n\n<div class=\"wp-block-comments\">\n\t\t<div id=\"respond\" class=\"comment-respond wp-block-post-comments-form\">\n\t\t\t<h3 id=\"reply-title\" class=\"comment-reply-title\">Leave a Reply<small><a rel=\"nofollow\" id=\"cancel-comment-reply-link\" href=\"\/en\/wp-json\/wp\/v2\/posts\/29533#respond\" style=\"display:none;\">Cancel reply<\/a><\/small><\/h3>\t\t\t<form id=\"commentform\" class=\"comment-form\">\n\t\t\t\t<iframe\n\t\t\t\t\ttitle=\"Comment Form\"\n\t\t\t\t\tsrc=\"https:\/\/jetpack.wordpress.com\/jetpack-comment\/?blogid=153735515&#038;postid=29533&#038;comment_registration=0&#038;require_name_email=0&#038;stc_enabled=1&#038;stb_enabled=1&#038;show_avatars=1&#038;avatar_default=identicon&#038;greeting=Leave+a+Reply&#038;jetpack_comments_nonce=a45a76d6b7&#038;greeting_reply=Leave+a+Reply+to+%25s&#038;color_scheme=light&#038;lang=en_US&#038;jetpack_version=16.2-a.5&#038;iframe_unique_id=4&#038;show_cookie_consent=10&#038;has_cookie_consent=0&#038;is_current_user_subscribed=0&#038;token_key=%3Bnormal%3B&#038;sig=f5dc131892604b6dedebb85652d2492e15ced164#parent=https%3A%2F%2Felabrevaderojm.com%2Fen%2Fwp-json%2Fwp%2Fv2%2Fposts%2F29533\"\n\t\t\t\t\t\t\t\t\t\t\tname=\"jetpack_remote_comment\"\n\t\t\t\t\t\tstyle=\"width:100%; height: 430px; border:0;\"\n\t\t\t\t\t\t\t\t\t\tclass=\"jetpack_remote_comment\"\n\t\t\t\t\tid=\"jetpack_remote_comment\"\n\t\t\t\t\tsandbox=\"allow-same-origin allow-top-navigation allow-scripts allow-forms allow-popups\"\n\t\t\t\t>\n\t\t\t\t\t\t\t\t\t<\/iframe>\n\t\t\t\t\t\t\t\t\t<!--[if !IE]><!-->\n\t\t\t\t\t<script>\n\t\t\t\t\t\tdocument.addEventListener('DOMContentLoaded', function () {\n\t\t\t\t\t\t\tvar commentForms = document.getElementsByClassName('jetpack_remote_comment');\n\t\t\t\t\t\t\tfor (var i = 0; i < commentForms.length; i++) {\n\t\t\t\t\t\t\t\tcommentForms[i].allowTransparency = false;\n\t\t\t\t\t\t\t\tcommentForms[i].scrolling = 'no';\n\t\t\t\t\t\t\t}\n\t\t\t\t\t\t});\n\t\t\t\t\t<\/script>\n\t\t\t\t\t<!--<![endif]-->\n\t\t\t\t\t\t\t<\/form>\n\t\t<\/div>\n\n\t\t\n\t\t<input type=\"hidden\" name=\"comment_parent\" id=\"comment_parent\" value=\"\" \/>\n\n\t\t<\/div>\n\n\n<div class=\"crowdsignal-vote-wrapper\" data-crowdsignal-vote=\"{&quot;pollId&quot;:&quot;d06b7300-7eef-4e1c-acfc-40c062908194&quot;,&quot;title&quot;:&quot;Votaci\\u00f3n sin t\\u00edtulo&quot;,&quot;hideBranding&quot;:false,&quot;pollStatus&quot;:&quot;open&quot;,&quot;size&quot;:&quot;medium&quot;,&quot;borderWidth&quot;:1,&quot;borderRadius&quot;:5,&quot;hideResults&quot;:false,&quot;TrpContentRestriction&quot;:{&quot;restriction_type&quot;:&quot;exclude&quot;,&quot;selected_languages&quot;:[],&quot;panel_open&quot;:true},&quot;apiPollData&quot;:{&quot;id&quot;:16815113,&quot;question&quot;:&quot;&quot;,&quot;note&quot;:&quot;&quot;,&quot;settings&quot;:{&quot;title&quot;:&quot;Votaci\\u00f3n sin t\\u00edtulo&quot;,&quot;after_vote&quot;:&quot;results&quot;,&quot;after_message&quot;:&quot;&quot;,&quot;randomize_answers&quot;:false,&quot;restrict_vote_repeat&quot;:false,&quot;captcha&quot;:false,&quot;multiple_choice&quot;:false,&quot;redirect_url&quot;:&quot;&quot;,&quot;close_status&quot;:&quot;open&quot;,&quot;close_after&quot;:false},&quot;answers&quot;:[{&quot;answer_text&quot;:&quot;up&quot;,&quot;id&quot;:73626918,&quot;client_id&quot;:&quot;7b2f2c50-c98a-48eb-a788-7644147c334a&quot;},{&quot;answer_text&quot;:&quot;down&quot;,&quot;id&quot;:73626919,&quot;client_id&quot;:&quot;69f864c6-273a-4421-83d2-a317415855ec&quot;}],&quot;source_link&quot;:&quot;https:\\\/\\\/elabrevaderojm.com&quot;,&quot;client_id&quot;:&quot;d06b7300-7eef-4e1c-acfc-40c062908194&quot;}}\">\n<div data-crowdsignal-vote-item=\"{&quot;answerId&quot;:&quot;7b2f2c50-c98a-48eb-a788-7644147c334a&quot;,&quot;type&quot;:&quot;up&quot;,&quot;TrpContentRestriction&quot;:{&quot;restriction_type&quot;:&quot;exclude&quot;,&quot;selected_languages&quot;:[],&quot;panel_open&quot;:true}}\"><\/div>\n\n<div data-crowdsignal-vote-item=\"{&quot;answerId&quot;:&quot;69f864c6-273a-4421-83d2-a317415855ec&quot;,&quot;type&quot;:&quot;down&quot;,&quot;TrpContentRestriction&quot;:{&quot;restriction_type&quot;:&quot;exclude&quot;,&quot;selected_languages&quot;:[],&quot;panel_open&quot;:true}}\"><\/div>\n<\/div>\n\n<div class=\"crowdsignal-applause-wrapper\" data-crowdsignal-applause=\"{&quot;pollId&quot;:&quot;ac360270-eddd-461d-92db-c8cbbee046e6&quot;,&quot;title&quot;:&quot;Aplauso sin t\\u00edtulo&quot;,&quot;answerId&quot;:&quot;d7e2807c-4822-4e18-aa1a-23b9382ba81e&quot;,&quot;hideBranding&quot;:false,&quot;size&quot;:&quot;medium&quot;,&quot;pollStatus&quot;:&quot;open&quot;,&quot;TrpContentRestriction&quot;:{&quot;restriction_type&quot;:&quot;exclude&quot;,&quot;selected_languages&quot;:[],&quot;panel_open&quot;:true},&quot;apiPollData&quot;:{&quot;id&quot;:16815114,&quot;question&quot;:&quot;&quot;,&quot;note&quot;:&quot;&quot;,&quot;settings&quot;:{&quot;title&quot;:&quot;Aplauso sin t\\u00edtulo&quot;,&quot;after_vote&quot;:&quot;results&quot;,&quot;after_message&quot;:&quot;&quot;,&quot;randomize_answers&quot;:false,&quot;restrict_vote_repeat&quot;:false,&quot;captcha&quot;:false,&quot;multiple_choice&quot;:false,&quot;redirect_url&quot;:&quot;&quot;,&quot;close_status&quot;:&quot;open&quot;,&quot;close_after&quot;:false},&quot;answers&quot;:[{&quot;answer_text&quot;:&quot;clap&quot;,&quot;id&quot;:73626920,&quot;client_id&quot;:&quot;d7e2807c-4822-4e18-aa1a-23b9382ba81e&quot;}],&quot;source_link&quot;:&quot;https:\\\/\\\/elabrevaderojm.com&quot;,&quot;client_id&quot;:&quot;ac360270-eddd-461d-92db-c8cbbee046e6&quot;}}\"><\/div>\n\n\n<p class=\"wp-block-paragraph\"><\/p>\n","protected":false},"excerpt":{"rendered":"<p>La respuesta a la pregunta en el t\u00edtulo es \u00abno\u00bb. La maldad referida hab\u00eda estado saturando por siglos las venas europeas antes que quienes mordieron las manos de sus benefactores proclamaran el&#8230;<\/p>","protected":false},"author":147101633,"featured_media":0,"comment_status":"open","ping_status":"open","sticky":false,"template":"","format":"standard","meta":{"_coblocks_attr":"Barlow Condensed,Lato,Fira Sans,Inconsolata,Noto Sans,Barlow Condensed","_coblocks_dimensions":"","_coblocks_responsive_height":"","_coblocks_accordion_ie_support":"","advanced_seo_description":"","jetpack_seo_html_title":"","jetpack_seo_noindex":false,"jetpack_seo_schema_type":"","_jetpack_newsletter_access":"","_jetpack_dont_email_post_to_subs":false,"_jetpack_newsletter_tier_id":0,"_jetpack_memberships_contains_paywalled_content":false,"_wpcom_ai_launchpad_first_post":false,"_jetpack_feature_clip_id":0,"_jetpack_memberships_contains_paid_content":false,"footnotes":"","jetpack_publicize_message":"","jetpack_publicize_feature_enabled":true,"jetpack_social_post_already_shared":true,"jetpack_social_options":{"image_generator_settings":{"template":"highway","default_image_id":0,"font":"","enabled":true,"token":"eyJ0eHQiOiJFbCBcdTAwYWJyZXlcdTAwYmIgZW4gcHJpbWVyYSBwbGFuYSAoMik6IFx1MDBiZkVsIFx1MDBhYmRlc3Rpbm8gbWFuaWZpZXN0b1x1MDBiYiByZXZvbHZpXHUwMGYzIGxhIGdlblx1MDBlOXRpY2EgZGUgbGEgbWFsZGFkPyBBblx1MDBlMWxpc2lzIGRlIEplc1x1MDBmYXMgRXNjb2JhciBUb3ZhciIsInRlbXBsYXRlIjoiaGlnaHdheSIsImZvbnQiOiIiLCJibG9nX2lkIjoxNTM3MzU1MTV9.eESFAZhTA856u0zmDHq3hGok9_DhRo_4wv6f3gw9pn8MQ"},"version":2},"_wpas_customize_per_network":false,"jetpack_post_was_ever_published":false},"categories":[772615945,70015,185595,78838],"tags":[60416,772616488,772616045,772616481,772616484,772616455,189091,1244446,772616483,772616487,772616042,772616043,557215,279919,772616372,772616439,772616007,389655,772616480,772616479,772616486,772616482,772616485,324874],"class_list":["post-29533","post","type-post","status-publish","format-standard","hentry","category-geopolitica-y-noticias","category-historico","category-muy-interesante","category-personalidades","tag-barack-obama","tag-bertolt-brecht","tag-bill-clinton","tag-bill-gates","tag-caligula","tag-doctrina-del-destino-manifiesto","tag-donald-trump","tag-elon-musk","tag-elvin-calcano-ortiz","tag-gautam-mukunda","tag-george-bush","tag-george-w-bush","tag-gerald-ford","tag-groucho-marx","tag-james-carter","tag-jesus-escobar-tovar","tag-joe-biden","tag-john-f-kennedy","tag-larry-ellison","tag-lyndon-johnson","tag-marcelo-colussi","tag-monica-lewinsky","tag-neron","tag-ronald-reagan"],"featured_image_src":null,"author_info":{"display_name":"jmhernandezgonzalez","author_link":"https:\/\/elabrevaderojm.com\/en\/author\/jmhernandezgonzalez\/"},"jetpack_publicize_connections":[],"jetpack_likes_enabled":true,"jetpack_sharing_enabled":true,"jetpack_shortlink":"https:\/\/wp.me\/pap3D5-7Gl","jetpack-related-posts":[],"jetpack_featured_media_url":"","_links":{"self":[{"href":"https:\/\/elabrevaderojm.com\/en\/wp-json\/wp\/v2\/posts\/29533","targetHints":{"allow":["GET"]}}],"collection":[{"href":"https:\/\/elabrevaderojm.com\/en\/wp-json\/wp\/v2\/posts"}],"about":[{"href":"https:\/\/elabrevaderojm.com\/en\/wp-json\/wp\/v2\/types\/post"}],"author":[{"embeddable":true,"href":"https:\/\/elabrevaderojm.com\/en\/wp-json\/wp\/v2\/users\/147101633"}],"replies":[{"embeddable":true,"href":"https:\/\/elabrevaderojm.com\/en\/wp-json\/wp\/v2\/comments?post=29533"}],"version-history":[{"count":44,"href":"https:\/\/elabrevaderojm.com\/en\/wp-json\/wp\/v2\/posts\/29533\/revisions"}],"predecessor-version":[{"id":29626,"href":"https:\/\/elabrevaderojm.com\/en\/wp-json\/wp\/v2\/posts\/29533\/revisions\/29626"}],"wp:attachment":[{"href":"https:\/\/elabrevaderojm.com\/en\/wp-json\/wp\/v2\/media?parent=29533"}],"wp:term":[{"taxonomy":"category","embeddable":true,"href":"https:\/\/elabrevaderojm.com\/en\/wp-json\/wp\/v2\/categories?post=29533"},{"taxonomy":"post_tag","embeddable":true,"href":"https:\/\/elabrevaderojm.com\/en\/wp-json\/wp\/v2\/tags?post=29533"}],"curies":[{"name":"wp","href":"https:\/\/api.w.org\/{rel}","templated":true}]}}