{"id":29834,"date":"2026-04-01T13:23:12","date_gmt":"2026-04-01T17:23:12","guid":{"rendered":"https:\/\/elabrevaderojm.com\/?p=29834"},"modified":"2026-04-01T13:26:01","modified_gmt":"2026-04-01T17:26:01","slug":"peter-thiel-punta-de-lanza-antidemocratica-e-imperialista-de-la-magacracia-djt-analisis-con-alan-barroso-arrufat","status":"publish","type":"post","link":"https:\/\/elabrevaderojm.com\/en\/2026\/04\/01\/peter-thiel-punta-de-lanza-antidemocratica-e-imperialista-de-la-magacracia-djt-analisis-con-alan-barroso-arrufat\/","title":{"rendered":"Peter Thiel: \u00bfPunta de lanza antidemocr\u00e1tica e imperialista de la MAGAcracia DJT? An\u00e1lisis con Al\u00e1n Barroso Arrufat"},"content":{"rendered":"\n<p class=\"has-overpass-font-family has-medium-font-size has-custom-font wp-block-paragraph\" style=\"font-family:overpass\">Esto hay que escucharlo.<\/p>\n\n\n\n<p class=\"has-text-align-justify has-overpass-font-family has-medium-font-size has-custom-font wp-block-paragraph\" style=\"font-family:overpass\">Hace a\u00f1os sab\u00eda que estoy claro en que el capitalismo estadounidense no es para las medianas y peque\u00f1as empresas, sino para las transnacionales que se traguen incluso a sus competidoras extranjeras. La MAGAcracia es como el tope de la escalera de ese sistema de hienas hambrientas que ratifica lo dicho. Desde el ascenso al poder del multimillonario, sus amigos se han beneficiado del acceso a la informaci\u00f3n de aquel y de la manipulaci\u00f3n del mercado internacional gracias a ese conocimiento.<\/p>\n\n\n\n<p class=\"has-text-align-justify has-overpass-font-family has-medium-font-size has-custom-font wp-block-paragraph\" style=\"font-family:overpass\">Pero \u00bfbuscar la aniquilaci\u00f3n de la democracia en favor del florecimiento del capitalismo? Eso es lo que piensa uno de los personajes de quien trata este video.<\/p>\n\n\n<div class=\"wp-block-image\">\n<figure class=\"aligncenter size-full\"><img data-recalc-dims=\"1\" loading=\"lazy\" decoding=\"async\" width=\"640\" height=\"106\" data-attachment-id=\"28768\" data-permalink=\"https:\/\/elabrevaderojm.com\/en\/?attachment_id=28768\" data-orig-file=\"https:\/\/i0.wp.com\/elabrevaderojm.com\/wp-content\/uploads\/2025\/10\/image-1.png?fit=975%2C161&amp;ssl=1\" data-orig-size=\"975,161\" data-comments-opened=\"1\" data-image-meta=\"{&quot;aperture&quot;:&quot;0&quot;,&quot;credit&quot;:&quot;&quot;,&quot;camera&quot;:&quot;&quot;,&quot;caption&quot;:&quot;&quot;,&quot;created_timestamp&quot;:&quot;0&quot;,&quot;copyright&quot;:&quot;&quot;,&quot;focal_length&quot;:&quot;0&quot;,&quot;iso&quot;:&quot;0&quot;,&quot;shutter_speed&quot;:&quot;0&quot;,&quot;title&quot;:&quot;&quot;,&quot;orientation&quot;:&quot;0&quot;}\" data-image-title=\"image\" data-image-description=\"\" data-image-caption=\"\" data-large-file=\"https:\/\/i0.wp.com\/elabrevaderojm.com\/wp-content\/uploads\/2025\/10\/image-1.png?fit=640%2C106&amp;ssl=1\" src=\"https:\/\/i0.wp.com\/elabrevaderojm.com\/wp-content\/uploads\/2025\/10\/image-1.png?resize=640%2C106&#038;ssl=1\" alt=\"\" class=\"wp-image-28768\" srcset=\"https:\/\/i0.wp.com\/elabrevaderojm.com\/wp-content\/uploads\/2025\/10\/image-1.png?w=975&amp;ssl=1 975w, https:\/\/i0.wp.com\/elabrevaderojm.com\/wp-content\/uploads\/2025\/10\/image-1.png?resize=300%2C50&amp;ssl=1 300w, https:\/\/i0.wp.com\/elabrevaderojm.com\/wp-content\/uploads\/2025\/10\/image-1.png?resize=768%2C127&amp;ssl=1 768w, https:\/\/i0.wp.com\/elabrevaderojm.com\/wp-content\/uploads\/2025\/10\/image-1.png?resize=850%2C140&amp;ssl=1 850w\" sizes=\"auto, (max-width: 640px) 100vw, 640px\" \/><\/figure>\n<\/div>\n\n\n<p class=\"wp-block-paragraph\"><\/p>\n\n\n\n<p class=\"has-text-align-justify has-overpass-font-family has-medium-font-size has-custom-font wp-block-paragraph\" style=\"font-family:overpass\"><a href=\"https:\/\/es.wikipedia.org\/wiki\/Al%C3%A1n_Barroso\">Al\u00e1n Barroso Arrufat\u00a0<\/a>(<a href=\"https:\/\/es.wikipedia.org\/wiki\/Santa_Eulalia_de_Ronsana\">Santa Eulalia de Ronsana<\/a>,\u00a0<a href=\"https:\/\/es.wikipedia.org\/wiki\/Provincia_de_Barcelona\">Barcelona<\/a>, 30 de septiembre de 1997) es un polit\u00f3logo, activista y divulgador pol\u00edtico espa\u00f1ol. Est\u00e1 presente en la escena pol\u00edtica y medi\u00e1tica espa\u00f1ola, aportando an\u00e1lisis y perspectivas sobre diversos temas de actualidad. Se gradu\u00f3 en Ciencias Pol\u00edticas por la\u00a0<a href=\"https:\/\/es.wikipedia.org\/wiki\/Universidad_Aut%C3%B3noma_de_Barcelona\">Universidad Aut\u00f3noma de Barcelona<\/a>\u00a0y posteriormente curs\u00f3 Estudios Avanzados en Comunicaci\u00f3n Pol\u00edtica en la\u00a0<a href=\"https:\/\/es.wikipedia.org\/wiki\/Universidad_Complutense_de_Madrid\">Universidad Complutense de Madrid<\/a>.\u00a0<\/p>\n\n\n\n<p class=\"has-overpass-font-family has-medium-font-size has-custom-font wp-block-paragraph\" style=\"font-family:overpass\">(m\u00e1s informaci\u00f3n en el enlace dejado en el nombre)<\/p>\n\n\n\n<figure class=\"wp-block-table has-dm-serif-display-font-family\"><table class=\"has-vivid-red-color has-pale-ocean-gradient-background has-text-color has-background has-link-color has-fixed-layout\"><tbody><tr><td><span class=\"has-superb-addons-text-align-justify\">Este es un video con informaci\u00f3n interesante sobre la actualidad geopol\u00edtica que comparto en mi p\u00e1gina con el intento \u2014pues nunca se sabe\u2014 de evitar la censura que los medios en manos de los globalistas, derechistas, nazis, sionistas, generadores de odio no dejan de ejercer contra los canales alternativos de informaci\u00f3n.<br>Al contenido presentado por el exponente he a\u00f1adido notas aclaratorias sobre conceptos, nombres, situaciones o lugares mencionados en el video que pudieran ayudar a comprender mejor lo que se expone. <mark style=\"background-color:#fcb900\" class=\"has-inline-color\">De hecho, lo recomendable ser\u00eda leer esa informaci\u00f3n antes de escuchar el video. En muchos casos, esas aclaraciones y\/o explicaciones se han presentado aqu\u00ed como enlaces que pueden ser abiertos para leer.<\/mark><br>Aunque la mayor\u00eda de los enlaces para informaci\u00f3n fueron hechos a <em>Wikipedia<\/em>, este autor no necesariamente se adhiere a esta p\u00e1gina como la m\u00e1s fidedigna o genuina para aclarar dudas, pues este sitio tiende a la narrativa derechista del mundo occidental. Sin embargo, es una fuente muy visitada y utilizada como referencia.<br>Este video fue subido al canal de contenidos period\u00edsticos <strong><em>Al\u00e1n Barroso Clips<\/em> <\/strong>de Al\u00e1n Barroso Arrufat.\u00a0<\/span><\/td><\/tr><\/tbody><\/table><\/figure>\n\n\n\n<figure class=\"wp-block-embed is-type-video is-provider-youtube wp-block-embed-youtube wp-embed-aspect-16-9 wp-has-aspect-ratio\"><div class=\"wp-block-embed__wrapper\">\n<div class=\"jetpack-video-wrapper\"><span class=\"embed-youtube\" style=\"text-align:center; display: block;\"><iframe loading=\"lazy\" class=\"youtube-player\" width=\"640\" height=\"360\" src=\"https:\/\/www.youtube.com\/embed\/LjBWZccA0Tw?version=3&#038;rel=1&#038;showsearch=0&#038;showinfo=1&#038;iv_load_policy=1&#038;fs=1&#038;hl=en-US&#038;autohide=2&#038;wmode=transparent\" allowfullscreen=\"true\" style=\"border:0;\" sandbox=\"allow-scripts allow-same-origin allow-popups allow-presentation allow-popups-to-escape-sandbox\"><\/iframe><\/span><\/div>\n<\/div><figcaption class=\"wp-element-caption\"><strong>PETER THIEL: EL MULTIMILLONARIO QUE CONTROLA A TRUMP EN LAS SOMBRAS Y ODIA LA DEMOCRACIA. <\/strong>16 de agosto de 2025.<\/figcaption><\/figure>\n\n\n\n<p class=\"has-overpass-font-family has-medium-font-size has-custom-font wp-block-paragraph\" style=\"font-family:overpass\">La descripci\u00f3n del video explica:<\/p>\n\n\n\n<p class=\"has-text-align-justify has-overpass-font-family has-medium-font-size has-custom-font wp-block-paragraph\" style=\"font-family:overpass\">Peter Thiel no es solo otro millonario de Silicon Valley. Es el arquitecto de una peligrosa visi\u00f3n antidemocr\u00e1tica que est\u00e1 rehaciendo la pol\u00edtica estadounidense desde las sombras. En este video analizo c\u00f3mo el cofundador de PayPal y primer inversor de Facebook ha utilizado su fortuna para financiar una cruzada pol\u00edtica que mezcla elitismo tecnol\u00f3gico, desprecio por la democracia y autoritarismo. Desde su apoyo inicial a Trump hasta convertir a JD Vance en vicepresidente de Estados Unidos, Thiel ha demostrado que tiene un plan muy espec\u00edfico. \u00bfSab\u00edas que Thiel declar\u00f3 abiertamente que \u00abno cree que democracia y libertad sean compatibles\u00bb? Su visi\u00f3n de una \u00e9lite tecnocr\u00e1tica gobernando sin el \u00abestorbo\u00bb de las masas votantes no es ciencia ficci\u00f3n: es una estrategia que paso a paso se est\u00e1 haciendo realidad. Descubre c\u00f3mo este personaje ha erosionado las instituciones democr\u00e1ticas, financiado pol\u00edticos extremistas y trabajado para crear un nuevo orden donde los multimillonarios tecnol\u00f3gicos manden sin l\u00edmites. Una historia que deber\u00eda preocuparnos a todos.<\/p>\n\n\n<div class=\"wp-block-image\">\n<figure class=\"aligncenter size-full is-resized\"><img data-recalc-dims=\"1\" loading=\"lazy\" decoding=\"async\" width=\"480\" height=\"512\" data-attachment-id=\"29842\" data-permalink=\"https:\/\/elabrevaderojm.com\/en\/2026\/04\/01\/peter-thiel-punta-de-lanza-antidemocratica-e-imperialista-de-la-magacracia-djt-analisis-con-alan-barroso-arrufat\/map_silicon_valley_cities\/\" data-orig-file=\"https:\/\/i0.wp.com\/elabrevaderojm.com\/wp-content\/uploads\/2026\/03\/Map_silicon_valley_cities.jpg?fit=480%2C512&amp;ssl=1\" data-orig-size=\"480,512\" data-comments-opened=\"1\" data-image-meta=\"{&quot;aperture&quot;:&quot;0&quot;,&quot;credit&quot;:&quot;&quot;,&quot;camera&quot;:&quot;&quot;,&quot;caption&quot;:&quot;&quot;,&quot;created_timestamp&quot;:&quot;0&quot;,&quot;copyright&quot;:&quot;&quot;,&quot;focal_length&quot;:&quot;0&quot;,&quot;iso&quot;:&quot;0&quot;,&quot;shutter_speed&quot;:&quot;0&quot;,&quot;title&quot;:&quot;&quot;,&quot;orientation&quot;:&quot;1&quot;}\" data-image-title=\"Map_silicon_valley_cities\" data-image-description=\"\" data-image-caption=\"\" data-large-file=\"https:\/\/i0.wp.com\/elabrevaderojm.com\/wp-content\/uploads\/2026\/03\/Map_silicon_valley_cities.jpg?fit=480%2C512&amp;ssl=1\" src=\"https:\/\/i0.wp.com\/elabrevaderojm.com\/wp-content\/uploads\/2026\/03\/Map_silicon_valley_cities.jpg?resize=480%2C512&#038;ssl=1\" alt=\"\" class=\"wp-image-29842\" style=\"width:405px;height:auto\" srcset=\"https:\/\/i0.wp.com\/elabrevaderojm.com\/wp-content\/uploads\/2026\/03\/Map_silicon_valley_cities.jpg?w=480&amp;ssl=1 480w, https:\/\/i0.wp.com\/elabrevaderojm.com\/wp-content\/uploads\/2026\/03\/Map_silicon_valley_cities.jpg?resize=281%2C300&amp;ssl=1 281w, https:\/\/i0.wp.com\/elabrevaderojm.com\/wp-content\/uploads\/2026\/03\/Map_silicon_valley_cities.jpg?resize=300%2C320&amp;ssl=1 300w\" sizes=\"auto, (max-width: 480px) 100vw, 480px\" \/><\/figure>\n<\/div>\n\n\n<p class=\"has-text-align-center has-alegreya-font-family has-custom-font wp-block-paragraph\" style=\"font-size:16px;font-family:alegreya\"><strong><a href=\"https:\/\/es.wikipedia.org\/wiki\/Silicon_Valley\"><em>Silicon Valley<\/em><\/a> es una extensa zona industrial al sur de San Francisco. La ampliaci\u00f3n se muestra en verde, con ciudades que forman parte de la zona (<em>Junge-Gruender.de<\/em>\u00a0&#8211;\u00a0<a href=\"https:\/\/www.junge-gruender.de\/insights\/silicon-valley\/\"><em>https:\/\/www.junge-gruender.de\/insights\/silicon-valley\/<\/em><\/a>).<\/strong><\/p>\n\n\n\n<p class=\"has-text-align-justify has-overpass-font-family has-medium-font-size has-custom-font wp-block-paragraph\" style=\"font-family:overpass\"><a href=\"https:\/\/es.wikipedia.org\/wiki\/J._D._Vance\">James David (J. D.) Vance<\/a>, <a href=\"https:\/\/es.wikipedia.org\/wiki\/PayPal\"><em>PayPal\u00a0Holdings, Inc.<\/em><\/a>, <a href=\"https:\/\/es.wikipedia.org\/wiki\/Palantir_Technologies\"><em>Palantir Technologies, Inc.<\/em><\/a>, <a href=\"https:\/\/es.wikipedia.org\/wiki\/SpaceX\"><em>Space Exploration Technologies Corp.<\/em><\/a><em> <\/em>(<em>SpaceX<\/em>), <a href=\"https:\/\/es.wikipedia.org\/wiki\/Airbnb\"><em>Airbnb, Inc.<\/em><\/a><em>\u00a0<\/em>(<em>Airbed and Breakfast<\/em>), <a href=\"https:\/\/es.wikipedia.org\/wiki\/Instituto_Cat%C3%B3n\">Cato Institute<\/a>, <strong>Alice O&#8217;Connor<\/strong>\u00a0(nacida como <strong>Alisa Zin\u00f3vievna Rosenbaum<\/strong>\u00a0y conocida como\u00a0<a href=\"https:\/\/es.wikipedia.org\/wiki\/Ayn_Rand\">Ayn Rand<\/a>)<\/p>\n\n\n\n<div class=\"wp-block-jetpack-tiled-gallery aligncenter is-style-columns\"><div class=\"\"><div class=\"tiled-gallery__gallery\"><div class=\"tiled-gallery__row\"><div class=\"tiled-gallery__col\" style=\"flex-basis:10.62480%\"><figure class=\"tiled-gallery__item\"><img decoding=\"async\" data-attachment-id=\"27219\" data-permalink=\"https:\/\/elabrevaderojm.com\/en\/2025\/10\/28\/1-paz-propia-del-sionismo-yanqui-judio-noticia-y-analisis-de-canal-red-la-base\/j-d-vance-1\/\" data-orig-file=\"https:\/\/i0.wp.com\/elabrevaderojm.com\/wp-content\/uploads\/2025\/10\/j-d-vance-1.jpg?fit=305%2C351&amp;ssl=1\" data-orig-size=\"305,351\" data-comments-opened=\"1\" data-image-meta=\"{&quot;aperture&quot;:&quot;0&quot;,&quot;credit&quot;:&quot;&quot;,&quot;camera&quot;:&quot;&quot;,&quot;caption&quot;:&quot;&quot;,&quot;created_timestamp&quot;:&quot;0&quot;,&quot;copyright&quot;:&quot;&quot;,&quot;focal_length&quot;:&quot;0&quot;,&quot;iso&quot;:&quot;0&quot;,&quot;shutter_speed&quot;:&quot;0&quot;,&quot;title&quot;:&quot;&quot;,&quot;orientation&quot;:&quot;1&quot;}\" data-image-title=\"j d vance 1\" data-image-description=\"\" data-image-caption=\"\" data-large-file=\"https:\/\/i0.wp.com\/elabrevaderojm.com\/wp-content\/uploads\/2025\/10\/j-d-vance-1.jpg?fit=305%2C351&amp;ssl=1\" role=\"button\" tabindex=\"0\" aria-label=\"Open image 1 of 7 in full-screen\" srcset=\"https:\/\/i0.wp.com\/elabrevaderojm.com\/wp-content\/uploads\/2025\/10\/j-d-vance-1.jpg?strip=info&#038;w=305&#038;ssl=1 305w\" alt=\"\" data-height=\"351\" data-id=\"27219\" data-link=\"https:\/\/elabrevaderojm.com\/2025\/10\/28\/1-paz-propia-del-sionismo-yanqui-judio-noticia-y-analisis-de-canal-red-la-base\/j-d-vance-1\/\" data-url=\"https:\/\/elabrevaderojm.com\/wp-content\/uploads\/2025\/10\/j-d-vance-1.jpg\" data-width=\"305\" src=\"https:\/\/i0.wp.com\/elabrevaderojm.com\/wp-content\/uploads\/2025\/10\/j-d-vance-1.jpg?ssl=1\" data-amp-layout=\"responsive\"\/><\/figure><\/div><div class=\"tiled-gallery__col\" style=\"flex-basis:11.60191%\"><figure class=\"tiled-gallery__item\"><img decoding=\"async\" data-attachment-id=\"29846\" data-permalink=\"https:\/\/elabrevaderojm.com\/en\/2026\/04\/01\/peter-thiel-punta-de-lanza-antidemocratica-e-imperialista-de-la-magacracia-djt-analisis-con-alan-barroso-arrufat\/ayn-rand\/\" data-orig-file=\"https:\/\/i0.wp.com\/elabrevaderojm.com\/wp-content\/uploads\/2026\/03\/ayn-rand.jpg?fit=190%2C200&amp;ssl=1\" data-orig-size=\"190,200\" data-comments-opened=\"1\" data-image-meta=\"{&quot;aperture&quot;:&quot;0&quot;,&quot;credit&quot;:&quot;&quot;,&quot;camera&quot;:&quot;&quot;,&quot;caption&quot;:&quot;&quot;,&quot;created_timestamp&quot;:&quot;0&quot;,&quot;copyright&quot;:&quot;&quot;,&quot;focal_length&quot;:&quot;0&quot;,&quot;iso&quot;:&quot;0&quot;,&quot;shutter_speed&quot;:&quot;0&quot;,&quot;title&quot;:&quot;&quot;,&quot;orientation&quot;:&quot;1&quot;}\" data-image-title=\"ayn rand\" data-image-description=\"\" data-image-caption=\"\" data-large-file=\"https:\/\/i0.wp.com\/elabrevaderojm.com\/wp-content\/uploads\/2026\/03\/ayn-rand.jpg?fit=190%2C200&amp;ssl=1\" role=\"button\" tabindex=\"0\" aria-label=\"Open image 2 of 7 in full-screen\" srcset=\"https:\/\/i0.wp.com\/elabrevaderojm.com\/wp-content\/uploads\/2026\/03\/ayn-rand.jpg?strip=info&#038;w=190&#038;ssl=1 190w\" alt=\"\" data-height=\"200\" data-id=\"29846\" data-link=\"https:\/\/elabrevaderojm.com\/?attachment_id=29846\" data-url=\"https:\/\/elabrevaderojm.com\/wp-content\/uploads\/2026\/03\/ayn-rand.jpg\" data-width=\"190\" src=\"https:\/\/i0.wp.com\/elabrevaderojm.com\/wp-content\/uploads\/2026\/03\/ayn-rand.jpg?ssl=1\" data-amp-layout=\"responsive\"\/><\/figure><\/div><div class=\"tiled-gallery__col\" style=\"flex-basis:11.07953%\"><figure class=\"tiled-gallery__item\"><img decoding=\"async\" data-attachment-id=\"29845\" data-permalink=\"https:\/\/elabrevaderojm.com\/en\/2026\/04\/01\/peter-thiel-punta-de-lanza-antidemocratica-e-imperialista-de-la-magacracia-djt-analisis-con-alan-barroso-arrufat\/airbnb-logo\/\" data-orig-file=\"https:\/\/i0.wp.com\/elabrevaderojm.com\/wp-content\/uploads\/2026\/03\/Airbnb-Logo.jpg?fit=340%2C375&amp;ssl=1\" data-orig-size=\"340,375\" data-comments-opened=\"1\" data-image-meta=\"{&quot;aperture&quot;:&quot;0&quot;,&quot;credit&quot;:&quot;&quot;,&quot;camera&quot;:&quot;&quot;,&quot;caption&quot;:&quot;&quot;,&quot;created_timestamp&quot;:&quot;0&quot;,&quot;copyright&quot;:&quot;&quot;,&quot;focal_length&quot;:&quot;0&quot;,&quot;iso&quot;:&quot;0&quot;,&quot;shutter_speed&quot;:&quot;0&quot;,&quot;title&quot;:&quot;&quot;,&quot;orientation&quot;:&quot;1&quot;}\" data-image-title=\"Airbnb-Logo\" data-image-description=\"\" data-image-caption=\"\" data-large-file=\"https:\/\/i0.wp.com\/elabrevaderojm.com\/wp-content\/uploads\/2026\/03\/Airbnb-Logo.jpg?fit=340%2C375&amp;ssl=1\" role=\"button\" tabindex=\"0\" aria-label=\"Open image 3 of 7 in full-screen\" srcset=\"https:\/\/i0.wp.com\/elabrevaderojm.com\/wp-content\/uploads\/2026\/03\/Airbnb-Logo.jpg?strip=info&#038;w=340&#038;ssl=1 340w\" alt=\"\" data-height=\"375\" data-id=\"29845\" data-link=\"https:\/\/elabrevaderojm.com\/?attachment_id=29845\" data-url=\"https:\/\/elabrevaderojm.com\/wp-content\/uploads\/2026\/03\/Airbnb-Logo.jpg\" data-width=\"340\" src=\"https:\/\/i0.wp.com\/elabrevaderojm.com\/wp-content\/uploads\/2026\/03\/Airbnb-Logo.jpg?ssl=1\" data-amp-layout=\"responsive\"\/><\/figure><\/div><div class=\"tiled-gallery__col\" style=\"flex-basis:23.21762%\"><figure class=\"tiled-gallery__item\"><img decoding=\"async\" data-attachment-id=\"29848\" data-permalink=\"https:\/\/elabrevaderojm.com\/en\/2026\/04\/01\/peter-thiel-punta-de-lanza-antidemocratica-e-imperialista-de-la-magacracia-djt-analisis-con-alan-barroso-arrufat\/palantir\/\" data-orig-file=\"https:\/\/i0.wp.com\/elabrevaderojm.com\/wp-content\/uploads\/2026\/03\/palantir.jpg?fit=819%2C428&amp;ssl=1\" data-orig-size=\"819,428\" data-comments-opened=\"1\" data-image-meta=\"{&quot;aperture&quot;:&quot;0&quot;,&quot;credit&quot;:&quot;&quot;,&quot;camera&quot;:&quot;&quot;,&quot;caption&quot;:&quot;&quot;,&quot;created_timestamp&quot;:&quot;0&quot;,&quot;copyright&quot;:&quot;&quot;,&quot;focal_length&quot;:&quot;0&quot;,&quot;iso&quot;:&quot;0&quot;,&quot;shutter_speed&quot;:&quot;0&quot;,&quot;title&quot;:&quot;&quot;,&quot;orientation&quot;:&quot;1&quot;}\" data-image-title=\"palantir\" data-image-description=\"\" data-image-caption=\"\" data-large-file=\"https:\/\/i0.wp.com\/elabrevaderojm.com\/wp-content\/uploads\/2026\/03\/palantir.jpg?fit=640%2C334&amp;ssl=1\" role=\"button\" tabindex=\"0\" aria-label=\"Open image 4 of 7 in full-screen\" srcset=\"https:\/\/i0.wp.com\/elabrevaderojm.com\/wp-content\/uploads\/2026\/03\/palantir.jpg?strip=info&#038;w=600&#038;ssl=1 600w,https:\/\/i0.wp.com\/elabrevaderojm.com\/wp-content\/uploads\/2026\/03\/palantir.jpg?strip=info&#038;w=819&#038;ssl=1 819w\" alt=\"\" data-height=\"428\" data-id=\"29848\" data-link=\"https:\/\/elabrevaderojm.com\/?attachment_id=29848\" data-url=\"https:\/\/elabrevaderojm.com\/wp-content\/uploads\/2026\/03\/palantir.jpg\" data-width=\"819\" src=\"https:\/\/i0.wp.com\/elabrevaderojm.com\/wp-content\/uploads\/2026\/03\/palantir.jpg?ssl=1\" data-amp-layout=\"responsive\"\/><\/figure><\/div><div class=\"tiled-gallery__col\" style=\"flex-basis:19.43773%\"><figure class=\"tiled-gallery__item\"><img decoding=\"async\" data-attachment-id=\"27790\" data-permalink=\"https:\/\/elabrevaderojm.com\/en\/2025\/11\/17\/3i-atlas-los-marcianos-llegaron-ya-noticia-y-analisis-con-antonio-rodriguez-dosantos-v\/spacex-logo-1\/\" data-orig-file=\"https:\/\/i0.wp.com\/elabrevaderojm.com\/wp-content\/uploads\/2025\/11\/SpaceX-Logo-1.jpg?fit=1008%2C630&amp;ssl=1\" data-orig-size=\"1008,630\" data-comments-opened=\"1\" data-image-meta=\"{&quot;aperture&quot;:&quot;0&quot;,&quot;credit&quot;:&quot;&quot;,&quot;camera&quot;:&quot;&quot;,&quot;caption&quot;:&quot;&quot;,&quot;created_timestamp&quot;:&quot;0&quot;,&quot;copyright&quot;:&quot;&quot;,&quot;focal_length&quot;:&quot;0&quot;,&quot;iso&quot;:&quot;0&quot;,&quot;shutter_speed&quot;:&quot;0&quot;,&quot;title&quot;:&quot;&quot;,&quot;orientation&quot;:&quot;1&quot;}\" data-image-title=\"SpaceX-Logo 1\" data-image-description=\"\" data-image-caption=\"\" data-large-file=\"https:\/\/i0.wp.com\/elabrevaderojm.com\/wp-content\/uploads\/2025\/11\/SpaceX-Logo-1.jpg?fit=640%2C400&amp;ssl=1\" role=\"button\" tabindex=\"0\" aria-label=\"Open image 5 of 7 in full-screen\" srcset=\"https:\/\/i0.wp.com\/elabrevaderojm.com\/wp-content\/uploads\/2025\/11\/SpaceX-Logo-1.jpg?strip=info&#038;w=600&#038;ssl=1 600w,https:\/\/i0.wp.com\/elabrevaderojm.com\/wp-content\/uploads\/2025\/11\/SpaceX-Logo-1.jpg?strip=info&#038;w=900&#038;ssl=1 900w,https:\/\/i0.wp.com\/elabrevaderojm.com\/wp-content\/uploads\/2025\/11\/SpaceX-Logo-1.jpg?strip=info&#038;w=1008&#038;ssl=1 1008w\" alt=\"\" data-height=\"630\" data-id=\"27790\" data-link=\"https:\/\/elabrevaderojm.com\/2025\/11\/17\/3i-atlas-los-marcianos-llegaron-ya-noticia-y-analisis-con-antonio-rodriguez-dosantos-v\/spacex-logo-1\/\" data-url=\"https:\/\/elabrevaderojm.com\/wp-content\/uploads\/2025\/11\/SpaceX-Logo-1.jpg\" data-width=\"1008\" src=\"https:\/\/i0.wp.com\/elabrevaderojm.com\/wp-content\/uploads\/2025\/11\/SpaceX-Logo-1.jpg?ssl=1\" data-amp-layout=\"responsive\"\/><\/figure><\/div><div class=\"tiled-gallery__col\" style=\"flex-basis:12.20467%\"><figure class=\"tiled-gallery__item\"><img decoding=\"async\" data-attachment-id=\"29847\" data-permalink=\"https:\/\/elabrevaderojm.com\/en\/2026\/04\/01\/peter-thiel-punta-de-lanza-antidemocratica-e-imperialista-de-la-magacracia-djt-analisis-con-alan-barroso-arrufat\/cato-institute\/\" data-orig-file=\"https:\/\/i0.wp.com\/elabrevaderojm.com\/wp-content\/uploads\/2026\/03\/cato-institute.png?fit=225%2C225&amp;ssl=1\" data-orig-size=\"225,225\" data-comments-opened=\"1\" data-image-meta=\"{&quot;aperture&quot;:&quot;0&quot;,&quot;credit&quot;:&quot;&quot;,&quot;camera&quot;:&quot;&quot;,&quot;caption&quot;:&quot;&quot;,&quot;created_timestamp&quot;:&quot;0&quot;,&quot;copyright&quot;:&quot;&quot;,&quot;focal_length&quot;:&quot;0&quot;,&quot;iso&quot;:&quot;0&quot;,&quot;shutter_speed&quot;:&quot;0&quot;,&quot;title&quot;:&quot;&quot;,&quot;orientation&quot;:&quot;0&quot;}\" data-image-title=\"cato institute\" data-image-description=\"\" data-image-caption=\"\" data-large-file=\"https:\/\/i0.wp.com\/elabrevaderojm.com\/wp-content\/uploads\/2026\/03\/cato-institute.png?fit=225%2C225&amp;ssl=1\" role=\"button\" tabindex=\"0\" aria-label=\"Open image 6 of 7 in full-screen\" srcset=\"https:\/\/i0.wp.com\/elabrevaderojm.com\/wp-content\/uploads\/2026\/03\/cato-institute.png?strip=info&#038;w=225&#038;ssl=1 225w\" alt=\"\" data-height=\"225\" data-id=\"29847\" data-link=\"https:\/\/elabrevaderojm.com\/?attachment_id=29847\" data-url=\"https:\/\/elabrevaderojm.com\/wp-content\/uploads\/2026\/03\/cato-institute.png\" data-width=\"225\" src=\"https:\/\/i0.wp.com\/elabrevaderojm.com\/wp-content\/uploads\/2026\/03\/cato-institute.png?ssl=1\" data-amp-layout=\"responsive\"\/><\/figure><\/div><div class=\"tiled-gallery__col\" style=\"flex-basis:11.83374%\"><figure class=\"tiled-gallery__item\"><img decoding=\"async\" data-attachment-id=\"29849\" data-permalink=\"https:\/\/elabrevaderojm.com\/en\/2026\/04\/01\/peter-thiel-punta-de-lanza-antidemocratica-e-imperialista-de-la-magacracia-djt-analisis-con-alan-barroso-arrufat\/paypal-logo-transparent\/\" data-orig-file=\"https:\/\/i0.wp.com\/elabrevaderojm.com\/wp-content\/uploads\/2026\/03\/paypal-logo-transparent.jpg?fit=252%2C260&amp;ssl=1\" data-orig-size=\"252,260\" data-comments-opened=\"1\" data-image-meta=\"{&quot;aperture&quot;:&quot;0&quot;,&quot;credit&quot;:&quot;&quot;,&quot;camera&quot;:&quot;&quot;,&quot;caption&quot;:&quot;&quot;,&quot;created_timestamp&quot;:&quot;0&quot;,&quot;copyright&quot;:&quot;&quot;,&quot;focal_length&quot;:&quot;0&quot;,&quot;iso&quot;:&quot;0&quot;,&quot;shutter_speed&quot;:&quot;0&quot;,&quot;title&quot;:&quot;&quot;,&quot;orientation&quot;:&quot;1&quot;}\" data-image-title=\"paypal-logo-transparent\" data-image-description=\"\" data-image-caption=\"\" data-large-file=\"https:\/\/i0.wp.com\/elabrevaderojm.com\/wp-content\/uploads\/2026\/03\/paypal-logo-transparent.jpg?fit=252%2C260&amp;ssl=1\" role=\"button\" tabindex=\"0\" aria-label=\"Open image 7 of 7 in full-screen\" srcset=\"https:\/\/i0.wp.com\/elabrevaderojm.com\/wp-content\/uploads\/2026\/03\/paypal-logo-transparent.jpg?strip=info&#038;w=252&#038;ssl=1 252w\" alt=\"\" data-height=\"260\" data-id=\"29849\" data-link=\"https:\/\/elabrevaderojm.com\/?attachment_id=29849\" data-url=\"https:\/\/elabrevaderojm.com\/wp-content\/uploads\/2026\/03\/paypal-logo-transparent.jpg\" data-width=\"252\" src=\"https:\/\/i0.wp.com\/elabrevaderojm.com\/wp-content\/uploads\/2026\/03\/paypal-logo-transparent.jpg?ssl=1\" data-amp-layout=\"responsive\"\/><\/figure><\/div><\/div><\/div><\/div><\/div>\n\n\n\n<p class=\"has-text-align-center has-alegreya-font-family has-custom-font wp-block-paragraph\" style=\"font-size:16px;font-family:alegreya\"><strong>Vance; Rand; logotipos de las instituciones mencionadas<\/strong>.<\/p>\n\n\n\n<div class=\"wp-block-media-text is-stacked-on-mobile is-vertically-aligned-top\" style=\"grid-template-columns:18% auto\"><figure class=\"wp-block-media-text__media\"><img data-recalc-dims=\"1\" loading=\"lazy\" decoding=\"async\" width=\"266\" height=\"315\" data-attachment-id=\"29861\" data-permalink=\"https:\/\/elabrevaderojm.com\/en\/2026\/04\/01\/peter-thiel-punta-de-lanza-antidemocratica-e-imperialista-de-la-magacracia-djt-analisis-con-alan-barroso-arrufat\/nick-denton\/\" data-orig-file=\"https:\/\/i0.wp.com\/elabrevaderojm.com\/wp-content\/uploads\/2026\/03\/nick-denton.jpg?fit=266%2C315&amp;ssl=1\" data-orig-size=\"266,315\" data-comments-opened=\"1\" data-image-meta=\"{&quot;aperture&quot;:&quot;0&quot;,&quot;credit&quot;:&quot;&quot;,&quot;camera&quot;:&quot;&quot;,&quot;caption&quot;:&quot;&quot;,&quot;created_timestamp&quot;:&quot;0&quot;,&quot;copyright&quot;:&quot;&quot;,&quot;focal_length&quot;:&quot;0&quot;,&quot;iso&quot;:&quot;0&quot;,&quot;shutter_speed&quot;:&quot;0&quot;,&quot;title&quot;:&quot;&quot;,&quot;orientation&quot;:&quot;1&quot;}\" data-image-title=\"nick denton\" data-image-description=\"\" data-image-caption=\"\" data-large-file=\"https:\/\/i0.wp.com\/elabrevaderojm.com\/wp-content\/uploads\/2026\/03\/nick-denton.jpg?fit=266%2C315&amp;ssl=1\" src=\"https:\/\/i0.wp.com\/elabrevaderojm.com\/wp-content\/uploads\/2026\/03\/nick-denton.jpg?resize=266%2C315&#038;ssl=1\" alt=\"\" class=\"wp-image-29861 size-full\" srcset=\"https:\/\/i0.wp.com\/elabrevaderojm.com\/wp-content\/uploads\/2026\/03\/nick-denton.jpg?w=266&amp;ssl=1 266w, https:\/\/i0.wp.com\/elabrevaderojm.com\/wp-content\/uploads\/2026\/03\/nick-denton.jpg?resize=253%2C300&amp;ssl=1 253w\" sizes=\"auto, (max-width: 266px) 100vw, 266px\" \/><\/figure><div class=\"wp-block-media-text__content\">\n<p class=\"has-text-align-justify has-overpass-font-family has-medium-font-size has-custom-font wp-block-paragraph\" style=\"font-family:overpass\"><strong><em>Gawker Media LLC<\/em><\/strong> (anteriormente <strong><em>Blogwire, Inc.<\/em><\/strong> y <strong><em>Gawker Media, Inc.<\/em><\/strong>) fue una empresa <a href=\"https:\/\/es.wikipedia.org\/wiki\/Medio_de_comunicaci%C3%B3n_de_masas\">estadounidense de medios de comunicaci\u00f3n<\/a> y red de blogs. Fue fundada por Nicholas Guido Anthony \u00abNick\u00bb Denton (en la foto) en octubre de 2003 bajo el nombre de <em>Blogwire<\/em>, y ten\u00eda su sede en la <a href=\"https:\/\/es.wikipedia.org\/wiki\/Nueva_York\">ciudad de Nueva York<\/a>. Constituida en las <a href=\"https:\/\/es.wikipedia.org\/wiki\/Islas_Caim%C3%A1n\">Islas Caim\u00e1n<\/a>, a fecha de 2012, <\/p>\n<\/div><\/div>\n\n\n\n<p class=\"has-text-align-justify has-overpass-font-family has-medium-font-size has-custom-font wp-block-paragraph\" style=\"font-family:overpass\"><em>Gawker Media<\/em> era la <a href=\"https:\/\/es.wikipedia.org\/wiki\/Holding\">empresa matriz<\/a> de siete blogs diferentes y numerosos subsitios bajo ellos. Todos los art\u00edculos de <em>Gawker<\/em> est\u00e1n licenciados bajo una licencia <a href=\"https:\/\/es.wikipedia.org\/wiki\/Creative_Commons\"><em>Creative Commons<\/em><\/a> de atribuci\u00f3n no comercial. En 2004, la empresa cambi\u00f3 el nombre de <em>Blogwire, Inc.<\/em> a <em>Gawker Media, Inc.<\/em>, y poco despu\u00e9s a <em>Gawker Media LLC<\/em>.<\/p>\n\n\n\n<div class=\"wp-block-media-text has-media-on-the-right is-stacked-on-mobile\" style=\"grid-template-columns:auto 15%\"><div class=\"wp-block-media-text__content\">\n<p class=\"has-text-align-justify has-overpass-font-family has-medium-font-size has-custom-font wp-block-paragraph\" style=\"font-family:overpass\"><strong>Blake Gates Masters<\/strong> (nacido el 5 de agosto de 1986; en la foto) es un <a href=\"https:\/\/es.wikipedia.org\/wiki\/Capital_riesgo\">capitalista de riesgo<\/a> estadounidense, autor, excandidato pol\u00edtico y te\u00f3rico de la conspiraci\u00f3n. Considerado a menudo como el protegido del capitalista de riesgo Peter Thiel, Masters coescribi\u00f3 <em>Zero to One: Notes on Startups, or How to Build the Future<\/em> con Thiel en 2014, basado en notas que Masters tom\u00f3 en la Facultad de Derecho de Stanford en 2012.<\/p>\n<\/div><figure class=\"wp-block-media-text__media\"><img data-recalc-dims=\"1\" loading=\"lazy\" decoding=\"async\" width=\"200\" height=\"300\" data-attachment-id=\"29866\" data-permalink=\"https:\/\/elabrevaderojm.com\/en\/2026\/04\/01\/peter-thiel-punta-de-lanza-antidemocratica-e-imperialista-de-la-magacracia-djt-analisis-con-alan-barroso-arrufat\/blake-masters\/\" data-orig-file=\"https:\/\/i0.wp.com\/elabrevaderojm.com\/wp-content\/uploads\/2026\/03\/blake-masters.jpg?fit=200%2C300&amp;ssl=1\" data-orig-size=\"200,300\" data-comments-opened=\"1\" data-image-meta=\"{&quot;aperture&quot;:&quot;0&quot;,&quot;credit&quot;:&quot;&quot;,&quot;camera&quot;:&quot;&quot;,&quot;caption&quot;:&quot;&quot;,&quot;created_timestamp&quot;:&quot;0&quot;,&quot;copyright&quot;:&quot;&quot;,&quot;focal_length&quot;:&quot;0&quot;,&quot;iso&quot;:&quot;0&quot;,&quot;shutter_speed&quot;:&quot;0&quot;,&quot;title&quot;:&quot;&quot;,&quot;orientation&quot;:&quot;0&quot;}\" data-image-title=\"blake masters\" data-image-description=\"\" data-image-caption=\"\" data-large-file=\"https:\/\/i0.wp.com\/elabrevaderojm.com\/wp-content\/uploads\/2026\/03\/blake-masters.jpg?fit=200%2C300&amp;ssl=1\" src=\"https:\/\/i0.wp.com\/elabrevaderojm.com\/wp-content\/uploads\/2026\/03\/blake-masters.jpg?resize=200%2C300&#038;ssl=1\" alt=\"\" class=\"wp-image-29866 size-full\"\/><\/figure><\/div>\n\n\n\n<p class=\"has-text-align-justify has-overpass-font-family has-medium-font-size has-custom-font wp-block-paragraph\" style=\"font-family:overpass\">Posteriormente fue <a href=\"https:\/\/es.wikipedia.org\/wiki\/Director_de_operaciones\">director de operaciones<\/a> (COO) de la firma de inversiones de Thiel, <em>Thiel Capital<\/em>, as\u00ed como presidente de la <em>Thiel Foundation<\/em>.<\/p>\n\n\n\n<p class=\"has-text-align-justify has-overpass-font-family has-medium-font-size has-custom-font wp-block-paragraph\" style=\"font-family:overpass\">En las <a href=\"https:\/\/es.wikipedia.org\/wiki\/Elecci%C3%B3n_al_Senado_de_los_Estados_Unidos_en_Arizona_de_2022\">elecciones al Senado de los Estados Unidos en Arizona de 2022<\/a>, Masters derrot\u00f3 al fiscal general estatal <a href=\"https:\/\/en.wikipedia.org\/wiki\/Mark_Brnovich\">Mark Brnovich<\/a> y al empresario Jim Lamon para convertirse en el \u00a0candidato del <a href=\"https:\/\/es.wikipedia.org\/wiki\/Partido_Republicano_(Estados_Unidos)\">Partido Republicano<\/a>. Se aline\u00f3 con Thiel, que financi\u00f3 su campa\u00f1a primaria con 15 millones de d\u00f3lares, y con Donald Trump, ambos respaldados en junio de 2022.<\/p>\n\n\n<div class=\"wp-block-image\">\n<figure class=\"aligncenter size-full is-resized\"><img data-recalc-dims=\"1\" loading=\"lazy\" decoding=\"async\" width=\"300\" height=\"421\" data-attachment-id=\"29869\" data-permalink=\"https:\/\/elabrevaderojm.com\/en\/2026\/04\/01\/peter-thiel-punta-de-lanza-antidemocratica-e-imperialista-de-la-magacracia-djt-analisis-con-alan-barroso-arrufat\/lee-kuan-yew\/\" data-orig-file=\"https:\/\/i0.wp.com\/elabrevaderojm.com\/wp-content\/uploads\/2026\/03\/lee-kuan-yew.jpg?fit=300%2C421&amp;ssl=1\" data-orig-size=\"300,421\" data-comments-opened=\"1\" data-image-meta=\"{&quot;aperture&quot;:&quot;0&quot;,&quot;credit&quot;:&quot;&quot;,&quot;camera&quot;:&quot;&quot;,&quot;caption&quot;:&quot;&quot;,&quot;created_timestamp&quot;:&quot;0&quot;,&quot;copyright&quot;:&quot;&quot;,&quot;focal_length&quot;:&quot;0&quot;,&quot;iso&quot;:&quot;0&quot;,&quot;shutter_speed&quot;:&quot;0&quot;,&quot;title&quot;:&quot;&quot;,&quot;orientation&quot;:&quot;0&quot;}\" data-image-title=\"lee kuan yew\" data-image-description=\"\" data-image-caption=\"\" data-large-file=\"https:\/\/i0.wp.com\/elabrevaderojm.com\/wp-content\/uploads\/2026\/03\/lee-kuan-yew.jpg?fit=300%2C421&amp;ssl=1\" src=\"https:\/\/i0.wp.com\/elabrevaderojm.com\/wp-content\/uploads\/2026\/03\/lee-kuan-yew.jpg?resize=300%2C421&#038;ssl=1\" alt=\"\" class=\"wp-image-29869\" style=\"aspect-ratio:0.7126381929531536;width:164px;height:auto\" srcset=\"https:\/\/i0.wp.com\/elabrevaderojm.com\/wp-content\/uploads\/2026\/03\/lee-kuan-yew.jpg?w=300&amp;ssl=1 300w, https:\/\/i0.wp.com\/elabrevaderojm.com\/wp-content\/uploads\/2026\/03\/lee-kuan-yew.jpg?resize=214%2C300&amp;ssl=1 214w\" sizes=\"auto, (max-width: 300px) 100vw, 300px\" \/><\/figure>\n<\/div>\n\n\n<p class=\"has-text-align-center has-alegreya-font-family has-custom-font wp-block-paragraph\" style=\"font-size:16px;font-family:alegreya\"><a href=\"https:\/\/es.wikipedia.org\/wiki\/Lee_Kuan_Yew\"><strong>Lee Kuan Yew<\/strong><\/a><\/p>\n\n\n<div class=\"wp-block-coblocks-shape-divider is-vertically-flipped mt-0 mb-0\" style=\"color: #111;\" aria-hidden=\"true\">\n\t\t\t<div class=\"wp-block-coblocks-shape-divider__svg-wrapper\" style=\"height:100px;\">\n\t\t\t\t<svg class=\"divider--wavy\" viewBox=\"0 0 100 10\" xmlns=\"http:\/\/www.w3.org\/2000\/svg\" preserveAspectRatio=\"none\"><path d=\"m42.19.65c2.26-.25 5.15.04 7.55.53 2.36.49 7.09 2.35 10.05 3.57 7.58 3.22 13.37 4.45 19.26 4.97 2.36.21 4.87.35 10.34-.25s10.62-2.56 10.62-2.56v-6.91h-100.01v3.03s7.2 3.26 15.84 3.05c3.92-.07 9.28-.67 13.4-2.24 2.12-.81 5.22-1.82 7.97-2.42 2.72-.63 3.95-.67 4.98-.77z\" fillRule=\"evenodd\" transform=\"matrix(1 0 0 -1 0 10)\" \/><\/svg>\n\t\t\t<\/div>\n\t\t\t<div class=\"wp-block-coblocks-shape-divider__alt-wrapper\" style=\"height:50px;\"><\/div>\n\t\t<\/div>\n\n\n<p class=\"has-text-align-justify has-overpass-font-family has-medium-font-size has-custom-font wp-block-paragraph\" style=\"font-family:overpass\">Hace a\u00f1os s\u00e9 que el capitalismo moderno fue convirti\u00e9ndose m\u00e1s y m\u00e1s en la jungla que expon\u00eda Axl Rose en <em>Welcome to the Jungle<\/em> de Guns \u2019N\u2019 Roses. Los grandes consorcios han mostrado su cara de competencia desleal y aplastamiento de los competidores menores desde hace tiempo. Y eso ha ido degenerando en lo que tenemos hoy.<\/p>\n\n\n\n<p class=\"has-text-align-justify has-overpass-font-family has-medium-font-size has-custom-font wp-block-paragraph\" style=\"font-family:overpass\">Sin embargo, jam\u00e1s pens\u00e9 que iba a escuchar algo como esto en mi vida. \u00bfEl sistema socioecon\u00f3mico que ha sido cr\u00edtico ac\u00e9rrimo de cualquier otro sistema o movimiento social, que se proclama lo mejor y acertado para la humanidad, se permite quitarse la careta y develar su verdadera esencia al fin? \u00bfY ha llegado al punto de desear matar la democracia para que en su tumba crezca la maleza de la jungla arriba mencionada?<\/p>\n\n\n\n<p class=\"has-text-align-justify has-overpass-font-family has-medium-font-size has-custom-font wp-block-paragraph\" style=\"font-family:overpass\">T\u00fa que has visto este video y le\u00eddo este texto \u00bfqu\u00e9 piensas? \u00bfAlgo as\u00ed ser\u00eda posible pensarlo o hacerlo en una administraci\u00f3n y\/o sociedad diferente a la de hoy en EE. UU.?<\/p>\n\n\n\n<p class=\"has-overpass-font-family has-medium-font-size has-custom-font wp-block-paragraph\" style=\"font-family:overpass\">Comenta\u2026 si tienes criterio propio para hacerlo.<\/p>\n\n\n\n<hr class=\"wp-block-separator has-alpha-channel-opacity\"\/>\n\n\n\n<p class=\"has-text-align-justify wp-block-paragraph\" style=\"font-size:17px\">Si te ha gustado este art\u00edculo, demu\u00e9stralo con un \u00abpulgar arriba\u00bb y un \u00abaplauso\u00bb, y compartiendo el contenido con tus amistades y en tus redes sociales. Es muy gratificante. Y quiz\u00e1s otras personas se enteren de estas cosas interesantes que has le\u00eddo hoy.<\/p>\n\n\n\n<p class=\"wp-block-paragraph\" style=\"font-size:17px\">Si tienes algo que comentar, preguntar o agregar, o decirme como expositor, por favor hazlo dejando tu comentario.<\/p>\n\n\n\n<p class=\"has-text-align-justify wp-block-paragraph\" style=\"font-size:17px\">Siempre lo mejor para estar al tanto de estas interesantes entregas es suscribirte a mi blog, que trato de surtir con nuevos trabajos siempre que me sea posible.<\/p>\n\n\n\n<p class=\"wp-block-paragraph\" style=\"font-size:17px\">Gracias por leer.<\/p>\n\n\n\n<div class=\"wp-block-comments\">\n\t\t<div id=\"respond\" class=\"comment-respond wp-block-post-comments-form\">\n\t\t\t<h3 id=\"reply-title\" class=\"comment-reply-title\">Leave a Reply<small><a rel=\"nofollow\" id=\"cancel-comment-reply-link\" href=\"\/en\/wp-json\/wp\/v2\/posts\/29834#respond\" style=\"display:none;\">Cancel reply<\/a><\/small><\/h3>\t\t\t<form id=\"commentform\" class=\"comment-form\">\n\t\t\t\t<iframe\n\t\t\t\t\ttitle=\"Comment Form\"\n\t\t\t\t\tsrc=\"https:\/\/jetpack.wordpress.com\/jetpack-comment\/?blogid=153735515&#038;postid=29834&#038;comment_registration=0&#038;require_name_email=0&#038;stc_enabled=1&#038;stb_enabled=1&#038;show_avatars=1&#038;avatar_default=identicon&#038;greeting=Leave+a+Reply&#038;jetpack_comments_nonce=9024c71058&#038;greeting_reply=Leave+a+Reply+to+%25s&#038;color_scheme=light&#038;lang=en_US&#038;jetpack_version=16.2-a.5&#038;iframe_unique_id=1&#038;show_cookie_consent=10&#038;has_cookie_consent=0&#038;is_current_user_subscribed=0&#038;token_key=%3Bnormal%3B&#038;sig=584f9c1bdd6aa5683d9ca6367871119cbdbb5c7d#parent=https%3A%2F%2Felabrevaderojm.com%2Fen%2Fwp-json%2Fwp%2Fv2%2Fposts%2F29834\"\n\t\t\t\t\t\t\t\t\t\t\tname=\"jetpack_remote_comment\"\n\t\t\t\t\t\tstyle=\"width:100%; height: 430px; border:0;\"\n\t\t\t\t\t\t\t\t\t\tclass=\"jetpack_remote_comment\"\n\t\t\t\t\tid=\"jetpack_remote_comment\"\n\t\t\t\t\tsandbox=\"allow-same-origin allow-top-navigation allow-scripts allow-forms allow-popups\"\n\t\t\t\t>\n\t\t\t\t\t\t\t\t\t<\/iframe>\n\t\t\t\t\t\t\t\t\t<!--[if !IE]><!-->\n\t\t\t\t\t<script>\n\t\t\t\t\t\tdocument.addEventListener('DOMContentLoaded', function () {\n\t\t\t\t\t\t\tvar commentForms = document.getElementsByClassName('jetpack_remote_comment');\n\t\t\t\t\t\t\tfor (var i = 0; i < commentForms.length; i++) {\n\t\t\t\t\t\t\t\tcommentForms[i].allowTransparency = false;\n\t\t\t\t\t\t\t\tcommentForms[i].scrolling = 'no';\n\t\t\t\t\t\t\t}\n\t\t\t\t\t\t});\n\t\t\t\t\t<\/script>\n\t\t\t\t\t<!--<![endif]-->\n\t\t\t\t\t\t\t<\/form>\n\t\t<\/div>\n\n\t\t\n\t\t<input type=\"hidden\" name=\"comment_parent\" id=\"comment_parent\" value=\"\" \/>\n\n\t\t<\/div>\n\n\n<div class=\"crowdsignal-vote-wrapper\" data-crowdsignal-vote=\"{&quot;pollId&quot;:&quot;b653a307-4377-4014-89c5-fe3ad820f280&quot;,&quot;title&quot;:&quot;Votaci\\u00f3n sin t\\u00edtulo&quot;,&quot;hideBranding&quot;:false,&quot;pollStatus&quot;:&quot;open&quot;,&quot;size&quot;:&quot;medium&quot;,&quot;borderWidth&quot;:1,&quot;borderRadius&quot;:5,&quot;hideResults&quot;:false,&quot;TrpContentRestriction&quot;:{&quot;restriction_type&quot;:&quot;exclude&quot;,&quot;selected_languages&quot;:[],&quot;panel_open&quot;:true},&quot;apiPollData&quot;:{&quot;id&quot;:16823719,&quot;question&quot;:&quot;&quot;,&quot;note&quot;:&quot;&quot;,&quot;settings&quot;:{&quot;title&quot;:&quot;Votaci\\u00f3n sin t\\u00edtulo&quot;,&quot;after_vote&quot;:&quot;results&quot;,&quot;after_message&quot;:&quot;&quot;,&quot;randomize_answers&quot;:false,&quot;restrict_vote_repeat&quot;:false,&quot;captcha&quot;:false,&quot;multiple_choice&quot;:false,&quot;redirect_url&quot;:&quot;&quot;,&quot;close_status&quot;:&quot;open&quot;,&quot;close_after&quot;:false},&quot;answers&quot;:[{&quot;answer_text&quot;:&quot;up&quot;,&quot;id&quot;:73661985,&quot;client_id&quot;:&quot;0f42bd5e-2d38-4e95-adbf-23893c26719d&quot;},{&quot;answer_text&quot;:&quot;down&quot;,&quot;id&quot;:73661986,&quot;client_id&quot;:&quot;1dad8d5e-89fd-43ed-84d5-0183254fcad1&quot;}],&quot;source_link&quot;:&quot;https:\\\/\\\/elabrevaderojm.com&quot;,&quot;client_id&quot;:&quot;b653a307-4377-4014-89c5-fe3ad820f280&quot;}}\">\n<div data-crowdsignal-vote-item=\"{&quot;answerId&quot;:&quot;0f42bd5e-2d38-4e95-adbf-23893c26719d&quot;,&quot;type&quot;:&quot;up&quot;,&quot;TrpContentRestriction&quot;:{&quot;restriction_type&quot;:&quot;exclude&quot;,&quot;selected_languages&quot;:[],&quot;panel_open&quot;:true}}\"><\/div>\n\n<div data-crowdsignal-vote-item=\"{&quot;answerId&quot;:&quot;1dad8d5e-89fd-43ed-84d5-0183254fcad1&quot;,&quot;type&quot;:&quot;down&quot;,&quot;TrpContentRestriction&quot;:{&quot;restriction_type&quot;:&quot;exclude&quot;,&quot;selected_languages&quot;:[],&quot;panel_open&quot;:true}}\"><\/div>\n<\/div>\n\n<div class=\"crowdsignal-applause-wrapper\" data-crowdsignal-applause=\"{&quot;pollId&quot;:&quot;0c978a34-58fa-4a31-8558-dcafd24ef1c3&quot;,&quot;title&quot;:&quot;Aplauso sin t\\u00edtulo&quot;,&quot;answerId&quot;:&quot;07474259-0034-481c-b799-c5c54e7e7cc9&quot;,&quot;hideBranding&quot;:false,&quot;size&quot;:&quot;medium&quot;,&quot;pollStatus&quot;:&quot;open&quot;,&quot;TrpContentRestriction&quot;:{&quot;restriction_type&quot;:&quot;exclude&quot;,&quot;selected_languages&quot;:[],&quot;panel_open&quot;:true},&quot;apiPollData&quot;:{&quot;id&quot;:16823720,&quot;question&quot;:&quot;&quot;,&quot;note&quot;:&quot;&quot;,&quot;settings&quot;:{&quot;title&quot;:&quot;Aplauso sin t\\u00edtulo&quot;,&quot;after_vote&quot;:&quot;results&quot;,&quot;after_message&quot;:&quot;&quot;,&quot;randomize_answers&quot;:false,&quot;restrict_vote_repeat&quot;:false,&quot;captcha&quot;:false,&quot;multiple_choice&quot;:false,&quot;redirect_url&quot;:&quot;&quot;,&quot;close_status&quot;:&quot;open&quot;,&quot;close_after&quot;:false},&quot;answers&quot;:[{&quot;answer_text&quot;:&quot;clap&quot;,&quot;id&quot;:73661987,&quot;client_id&quot;:&quot;07474259-0034-481c-b799-c5c54e7e7cc9&quot;}],&quot;source_link&quot;:&quot;https:\\\/\\\/elabrevaderojm.com&quot;,&quot;client_id&quot;:&quot;0c978a34-58fa-4a31-8558-dcafd24ef1c3&quot;}}\"><\/div>","protected":false},"excerpt":{"rendered":"<p>Esto hay que escucharlo. Hace a\u00f1os sab\u00eda que estoy claro en que el capitalismo estadounidense no es para las medianas y peque\u00f1as empresas, sino para las transnacionales que se traguen incluso a&#8230;<\/p>","protected":false},"author":147101633,"featured_media":0,"comment_status":"open","ping_status":"open","sticky":false,"template":"","format":"standard","meta":{"_coblocks_attr":"","_coblocks_dimensions":"","_coblocks_responsive_height":"","_coblocks_accordion_ie_support":"","advanced_seo_description":"","jetpack_seo_html_title":"","jetpack_seo_noindex":false,"jetpack_seo_schema_type":"","_jetpack_newsletter_access":"","_jetpack_dont_email_post_to_subs":false,"_jetpack_newsletter_tier_id":0,"_jetpack_memberships_contains_paywalled_content":false,"_wpcom_ai_launchpad_first_post":false,"_jetpack_feature_clip_id":0,"_jetpack_memberships_contains_paid_content":false,"footnotes":"","jetpack_publicize_message":"","jetpack_publicize_feature_enabled":true,"jetpack_social_post_already_shared":false,"jetpack_social_options":{"image_generator_settings":{"template":"highway","default_image_id":0,"font":"","enabled":true,"token":"eyJ0eHQiOiJQZXRlciBUaGllbDogXHUwMGJmUHVudGEgZGUgbGFuemEgYW50aWRlbW9jclx1MDBlMXRpY2EgZSBpbXBlcmlhbGlzdGEgZGUgbGEgTUFHQWNyYWNpYSBESlQ_IEFuXHUwMGUxbGlzaXMgY29uIEFsXHUwMGUxbiBCYXJyb3NvIEFycnVmYXQiLCJ0ZW1wbGF0ZSI6ImhpZ2h3YXkiLCJmb250IjoiIiwiYmxvZ19pZCI6MTUzNzM1NTE1fQ.kUF9Vwxlnri6Cv4KbMS4RiR6-1dJRGF-miNF2IjX7d0MQ"},"version":2},"_wpas_customize_per_network":false,"jetpack_post_was_ever_published":false},"categories":[772615945,70015,185595,78838],"tags":[],"class_list":["post-29834","post","type-post","status-publish","format-standard","hentry","category-geopolitica-y-noticias","category-historico","category-muy-interesante","category-personalidades"],"featured_image_src":null,"author_info":{"display_name":"jmhernandezgonzalez","author_link":"https:\/\/elabrevaderojm.com\/en\/author\/jmhernandezgonzalez\/"},"jetpack_publicize_connections":[],"jetpack_likes_enabled":true,"jetpack_sharing_enabled":true,"jetpack_shortlink":"https:\/\/wp.me\/pap3D5-7Lc","jetpack-related-posts":[],"jetpack_featured_media_url":"","_links":{"self":[{"href":"https:\/\/elabrevaderojm.com\/en\/wp-json\/wp\/v2\/posts\/29834","targetHints":{"allow":["GET"]}}],"collection":[{"href":"https:\/\/elabrevaderojm.com\/en\/wp-json\/wp\/v2\/posts"}],"about":[{"href":"https:\/\/elabrevaderojm.com\/en\/wp-json\/wp\/v2\/types\/post"}],"author":[{"embeddable":true,"href":"https:\/\/elabrevaderojm.com\/en\/wp-json\/wp\/v2\/users\/147101633"}],"replies":[{"embeddable":true,"href":"https:\/\/elabrevaderojm.com\/en\/wp-json\/wp\/v2\/comments?post=29834"}],"version-history":[{"count":26,"href":"https:\/\/elabrevaderojm.com\/en\/wp-json\/wp\/v2\/posts\/29834\/revisions"}],"predecessor-version":[{"id":29879,"href":"https:\/\/elabrevaderojm.com\/en\/wp-json\/wp\/v2\/posts\/29834\/revisions\/29879"}],"wp:attachment":[{"href":"https:\/\/elabrevaderojm.com\/en\/wp-json\/wp\/v2\/media?parent=29834"}],"wp:term":[{"taxonomy":"category","embeddable":true,"href":"https:\/\/elabrevaderojm.com\/en\/wp-json\/wp\/v2\/categories?post=29834"},{"taxonomy":"post_tag","embeddable":true,"href":"https:\/\/elabrevaderojm.com\/en\/wp-json\/wp\/v2\/tags?post=29834"}],"curies":[{"name":"wp","href":"https:\/\/api.w.org\/{rel}","templated":true}]}}