{"id":30261,"date":"2026-04-14T15:42:51","date_gmt":"2026-04-14T19:42:51","guid":{"rendered":"https:\/\/elabrevaderojm.com\/?p=30261"},"modified":"2026-04-14T15:42:51","modified_gmt":"2026-04-14T19:42:51","slug":"magacracia-djt-cuanto-ama-el-mundo-al-imperio-moderno-noticia-y-analisis-con-alan-barroso-arrufat","status":"publish","type":"post","link":"https:\/\/elabrevaderojm.com\/en\/2026\/04\/14\/magacracia-djt-cuanto-ama-el-mundo-al-imperio-moderno-noticia-y-analisis-con-alan-barroso-arrufat\/","title":{"rendered":"\u00abMAGAcracy DJT\u00bb: How much does the world love the modern empire? News and analysis with Al\u00e1n Barroso Arrufat"},"content":{"rendered":"\n<p class=\"has-drop-cap has-text-align-justify has-rufina-font-family has-medium-font-size has-custom-font wp-block-paragraph\" style=\"font-family:rufina\">Jos\u00e9 Mart\u00ed, el Ap\u00f3stol cubano, escribi\u00f3: \u00abHay sobre la Tierra m\u00e1s flores que serpientes\u00bb. Este pensamiento se ajusta bien al tema que sugiere el t\u00edtulo de este art\u00edculo. Siguiendo esta l\u00f3gica, habr\u00eda en el mundo m\u00e1s amantes que odiadores, y m\u00e1s gente querida que odiada. En mi opini\u00f3n, esto se aplica mejor a los pueblos, a la gente com\u00fan, que a los gobiernos de Estados y a la oligarqu\u00eda que llena sus puestos.<\/p>\n\n\n\n<p class=\"has-text-align-justify has-rufina-font-family has-medium-font-size has-custom-font wp-block-paragraph\" style=\"font-family:rufina\">El t\u00edtulo tambi\u00e9n sugiere que esto va de las administraciones de EE. UU. y aqu\u00ed vale delinear las expresiones, pues casi siempre se tiende a generalizar, pero no todos los individuos de un pueblo odian a todos los de otro, ni todos los habitantes de una naci\u00f3n odian a todos los de otra.<\/p>\n\n\n\n<p class=\"has-text-align-justify has-rufina-font-family has-medium-font-size has-custom-font wp-block-paragraph\" style=\"font-family:rufina\">Si \u00abamar\u00bb suena muy fuerte, pues digamos que se \u00abquiere\u00bb y \u00abrespeta\u00bb a quienes, en una naci\u00f3n, crean, trabajan, forjan una patria, y respetan a los dem\u00e1s seres humanos, for\u00e1neos, que hacen lo mismo. El planeta es una casa com\u00fan, solamente dividida en cuartos o secciones. Y dentro de EE. UU. hay esas personas que crean, construyen, hacen arte, forman una familia, consolidan la econom\u00eda, defienden la patria y los derechos ciudadanos y la democracia.<\/p>\n\n\n\n<p class=\"has-text-align-justify has-rufina-font-family has-medium-font-size has-custom-font wp-block-paragraph\" style=\"font-family:rufina\">Por eso, no debe \u00abodiarse a los EE. UU.\u00bb. Pero sus administraciones, su oligarqu\u00eda, sus cabilderos son harina de otro costal.<\/p>\n\n\n\n<p class=\"has-text-align-justify has-rufina-font-family has-medium-font-size has-custom-font wp-block-paragraph\" style=\"font-family:rufina\">Personalmente, nunca he dicho que los gobiernos estadounidenses eran o han sido amados. Incluso cuando cargaba contra el socialismo cubano \u2014porque la concepci\u00f3n del sistema no tiene la culpa\u2014, los mal autodenominados \u00abcomunistas\u00bb, la dictadura castrista apa\u00f1adora de la \u00e9lite descarada, y me tragaba indiscriminada y alegremente las \u00abbondades del capitalismo\u00bb \u2014sin haberlo vivido\u2014, sab\u00eda que ese pa\u00eds norteamericano no era amado ni respetado, sino temido.<\/p>\n\n\n\n<p class=\"has-text-align-justify has-rufina-font-family has-medium-font-size has-custom-font wp-block-paragraph\" style=\"font-family:rufina\">Aunque hay de todo en la vi\u00f1a del se\u00f1or, claro. Habr\u00e1 miles entre los pueblos del planeta que hayan ca\u00eddo redonditos ante el poder blando del imperio. Y lo amen, porque se creen todo lo que les han dicho. Porque se tragan la propaganda como lo hice yo por a\u00f1os de estudiante y adultez joven. O porque, muy dentro, su alma se siente feliz viviendo bajo la ley de la selva.<\/p>\n\n\n\n<p class=\"has-text-align-justify has-rufina-font-family has-medium-font-size has-custom-font wp-block-paragraph\" style=\"font-family:rufina\">Mas, sus gobiernos, es muy probable que tiemblen ante los EE. UU. Y como dice el refr\u00e1n ruso: \u00abM\u00e1s vale ver una vez, que o\u00edr cien\u00bb.<\/p>\n\n\n\n<p class=\"has-text-align-justify has-rufina-font-family has-medium-font-size has-custom-font wp-block-paragraph\" style=\"font-family:rufina\">Los pendejos del mundo les temen a las administraciones estadounidenses, no las aman. Los \u00abcautos\u00bb, lo mismo. Los d\u00e9biles, ni hablar. Los dictadores de derecha hablen el idioma que hablen, se defecan ante ellas y\/o las aprovechan. Los primeros, sobre todo latinoamericanos, si les abren los ojos (no hace falta gritarles); los segundos, como las petromonarqu\u00edas, si les permitan ahogar a sus pueblos con autocracias.<\/p>\n\n\n\n<p class=\"has-rufina-font-family has-medium-font-size has-custom-font wp-block-paragraph\" style=\"font-family:rufina\">Los europeos no tienen liga: son esclavos. No pueden hacer otra cosa.<\/p>\n\n\n\n<p class=\"has-text-align-justify has-rufina-font-family has-medium-font-size has-custom-font wp-block-paragraph\" style=\"font-family:rufina\">Los fuertes y poseedores de armas nucleares no les temen, pero no las aman. Ni siquiera Israel; los jud\u00edos (asquenazis) sionistas las utilizan y chantajean, pero no las aman. Sobre todo, si el Mossad y los archivos Epstein est\u00e1n de por medio.<\/p>\n\n\n\n<p class=\"has-text-align-justify has-rufina-font-family has-medium-font-size has-custom-font wp-block-paragraph\" style=\"font-family:rufina\">He visto el siguiente video que voy a compartir, en el cual se da una informaci\u00f3n que no ser\u00e1 \u00abdel gusto de los americanos\u00bb, seg\u00fan cantaba Pietro.<\/p>\n\n\n<div class=\"wp-block-image\">\n<figure class=\"aligncenter size-full\"><img data-recalc-dims=\"1\" loading=\"lazy\" decoding=\"async\" width=\"640\" height=\"106\" data-attachment-id=\"28768\" data-permalink=\"https:\/\/elabrevaderojm.com\/en\/?attachment_id=28768\" data-orig-file=\"https:\/\/i0.wp.com\/elabrevaderojm.com\/wp-content\/uploads\/2025\/10\/image-1.png?fit=975%2C161&amp;ssl=1\" data-orig-size=\"975,161\" data-comments-opened=\"1\" data-image-meta=\"{&quot;aperture&quot;:&quot;0&quot;,&quot;credit&quot;:&quot;&quot;,&quot;camera&quot;:&quot;&quot;,&quot;caption&quot;:&quot;&quot;,&quot;created_timestamp&quot;:&quot;0&quot;,&quot;copyright&quot;:&quot;&quot;,&quot;focal_length&quot;:&quot;0&quot;,&quot;iso&quot;:&quot;0&quot;,&quot;shutter_speed&quot;:&quot;0&quot;,&quot;title&quot;:&quot;&quot;,&quot;orientation&quot;:&quot;0&quot;}\" data-image-title=\"image\" data-image-description=\"\" data-image-caption=\"\" data-large-file=\"https:\/\/i0.wp.com\/elabrevaderojm.com\/wp-content\/uploads\/2025\/10\/image-1.png?fit=640%2C106&amp;ssl=1\" src=\"https:\/\/i0.wp.com\/elabrevaderojm.com\/wp-content\/uploads\/2025\/10\/image-1.png?resize=640%2C106&#038;ssl=1\" alt=\"\" class=\"wp-image-28768\" srcset=\"https:\/\/i0.wp.com\/elabrevaderojm.com\/wp-content\/uploads\/2025\/10\/image-1.png?w=975&amp;ssl=1 975w, https:\/\/i0.wp.com\/elabrevaderojm.com\/wp-content\/uploads\/2025\/10\/image-1.png?resize=300%2C50&amp;ssl=1 300w, https:\/\/i0.wp.com\/elabrevaderojm.com\/wp-content\/uploads\/2025\/10\/image-1.png?resize=768%2C127&amp;ssl=1 768w, https:\/\/i0.wp.com\/elabrevaderojm.com\/wp-content\/uploads\/2025\/10\/image-1.png?resize=850%2C140&amp;ssl=1 850w\" sizes=\"auto, (max-width: 640px) 100vw, 640px\" \/><\/figure>\n<\/div>\n\n\n<p class=\"wp-block-paragraph\"><\/p>\n\n\n\n<p class=\"has-text-align-justify has-rufina-font-family has-medium-font-size has-custom-font wp-block-paragraph\" style=\"font-family:rufina\"><a href=\"https:\/\/es.wikipedia.org\/wiki\/Al%C3%A1n_Barroso\">Al\u00e1n Barroso Arrufat\u00a0<\/a>(<a href=\"https:\/\/es.wikipedia.org\/wiki\/Santa_Eulalia_de_Ronsana\">Santa Eulalia de Ronsana<\/a>,\u00a0<a href=\"https:\/\/es.wikipedia.org\/wiki\/Provincia_de_Barcelona\">Barcelona<\/a>, 30 de septiembre de 1997) es un polit\u00f3logo, activista y divulgador pol\u00edtico espa\u00f1ol. Est\u00e1 presente en la escena pol\u00edtica y medi\u00e1tica espa\u00f1ola, aportando an\u00e1lisis y perspectivas sobre diversos temas de actualidad. Se gradu\u00f3 en Ciencias Pol\u00edticas por la\u00a0<a href=\"https:\/\/es.wikipedia.org\/wiki\/Universidad_Aut%C3%B3noma_de_Barcelona\">Universidad Aut\u00f3noma de Barcelona<\/a>\u00a0y posteriormente curs\u00f3 Estudios Avanzados en Comunicaci\u00f3n Pol\u00edtica en la\u00a0<a href=\"https:\/\/es.wikipedia.org\/wiki\/Universidad_Complutense_de_Madrid\">Universidad Complutense de Madrid<\/a>.\u00a0<\/p>\n\n\n\n<p class=\"has-rufina-font-family has-medium-font-size has-custom-font wp-block-paragraph\" style=\"font-family:rufina\">(m\u00e1s informaci\u00f3n en el enlace dejado en el nombre)<\/p>\n\n\n\n<figure class=\"wp-block-embed is-type-video is-provider-youtube wp-block-embed-youtube wp-embed-aspect-16-9 wp-has-aspect-ratio\"><div class=\"wp-block-embed__wrapper\">\n<div class=\"jetpack-video-wrapper\"><span class=\"embed-youtube\" style=\"text-align:center; display: block;\"><iframe loading=\"lazy\" class=\"youtube-player\" width=\"640\" height=\"360\" src=\"https:\/\/www.youtube.com\/embed\/7tOUkgw5l5I?version=3&#038;rel=1&#038;showsearch=0&#038;showinfo=1&#038;iv_load_policy=1&#038;fs=1&#038;hl=en-US&#038;autohide=2&#038;wmode=transparent\" allowfullscreen=\"true\" style=\"border:0;\" sandbox=\"allow-scripts allow-same-origin allow-popups allow-presentation allow-popups-to-escape-sandbox\"><\/iframe><\/span><\/div>\n<\/div><figcaption class=\"wp-element-caption\"><strong>TRUMP CONVIERTE A EEUU EN EL PA\u00cdS M\u00c1S DETESTADO. CHINA APLAUDE. &#8211; <\/strong><a href=\"https:\/\/www.youtube.com\/@AlanBarrosoClips\">Al\u00e1n Barroso Clips<\/a><strong>. <\/strong>4 de abril de 2026.<\/figcaption><\/figure>\n\n\n\n<p class=\"has-rufina-font-family has-medium-font-size has-custom-font wp-block-paragraph\" style=\"font-family:rufina\">La descripci\u00f3n del video nos informa:<\/p>\n\n\n\n<p class=\"has-text-align-justify has-rufina-font-family has-medium-font-size has-custom-font wp-block-paragraph\" style=\"font-family:rufina\">En apenas 18 meses, Donald Trump ha conseguido lo que ning\u00fan rival de Estados Unidos hab\u00eda logrado en d\u00e9cadas: convertir a la primera potencia del mundo en el pa\u00eds m\u00e1s detestado del planeta. No es una opini\u00f3n, son datos. Gallup, Brand Finance, Pew Research\u2026 todos los grandes medidores de reputaci\u00f3n internacional apuntan en la misma direcci\u00f3n: el mundo le est\u00e1 dando la espalda a Washington a una velocidad sin precedentes hist\u00f3ricos. Y lo m\u00e1s revelador de todo es lo que est\u00e1 pasando con China. Pek\u00edn no ha lanzado ninguna campa\u00f1a de imagen, no ha gastado un d\u00f3lar en propaganda internacional, no ha hecho absolutamente nada. Solo ha esperado, con paciencia, a que Trump se encargue solito de destruir 70 a\u00f1os de poder blando construido ladrillo a ladrillo desde el Plan Marshall. Los aliados hist\u00f3ricos de la OTAN aprueban ahora a China y a Estados Unidos pr\u00e1cticamente igual. En el sudeste asi\u00e1tico, por primera vez, la balanza se inclina hacia Pek\u00edn. En Europa, la confianza en la Uni\u00f3n Europea alcanza m\u00e1ximos desde 2007 porque todo el mundo tiene miedo de depender de un Washington completamente descontrolado. Eso es lo que explico en este v\u00eddeo: la diferencia entre poder duro y poder blando, y por qu\u00e9 Trump est\u00e1 destruyendo el \u00fanico activo que China no pod\u00eda comprar ni replicar.<\/p>\n\n\n<div class=\"wp-block-image\">\n<figure class=\"aligncenter size-full\"><img data-recalc-dims=\"1\" loading=\"lazy\" decoding=\"async\" width=\"640\" height=\"502\" data-attachment-id=\"30281\" data-permalink=\"https:\/\/elabrevaderojm.com\/en\/2026\/04\/14\/magacracia-djt-cuanto-ama-el-mundo-al-imperio-moderno-noticia-y-analisis-con-alan-barroso-arrufat\/paises-odiados\/\" data-orig-file=\"https:\/\/i0.wp.com\/elabrevaderojm.com\/wp-content\/uploads\/2026\/04\/paises-odiados.jpg?fit=957%2C750&amp;ssl=1\" data-orig-size=\"957,750\" data-comments-opened=\"1\" data-image-meta=\"{&quot;aperture&quot;:&quot;0&quot;,&quot;credit&quot;:&quot;&quot;,&quot;camera&quot;:&quot;&quot;,&quot;caption&quot;:&quot;&quot;,&quot;created_timestamp&quot;:&quot;0&quot;,&quot;copyright&quot;:&quot;&quot;,&quot;focal_length&quot;:&quot;0&quot;,&quot;iso&quot;:&quot;0&quot;,&quot;shutter_speed&quot;:&quot;0&quot;,&quot;title&quot;:&quot;&quot;,&quot;orientation&quot;:&quot;1&quot;}\" data-image-title=\"paises + odiados\" data-image-description=\"\" data-image-caption=\"\" data-large-file=\"https:\/\/i0.wp.com\/elabrevaderojm.com\/wp-content\/uploads\/2026\/04\/paises-odiados.jpg?fit=640%2C502&amp;ssl=1\" src=\"https:\/\/i0.wp.com\/elabrevaderojm.com\/wp-content\/uploads\/2026\/04\/paises-odiados.jpg?resize=640%2C502&#038;ssl=1\" alt=\"\" class=\"wp-image-30281\" srcset=\"https:\/\/i0.wp.com\/elabrevaderojm.com\/wp-content\/uploads\/2026\/04\/paises-odiados.jpg?w=957&amp;ssl=1 957w, https:\/\/i0.wp.com\/elabrevaderojm.com\/wp-content\/uploads\/2026\/04\/paises-odiados.jpg?resize=300%2C235&amp;ssl=1 300w, https:\/\/i0.wp.com\/elabrevaderojm.com\/wp-content\/uploads\/2026\/04\/paises-odiados.jpg?resize=768%2C602&amp;ssl=1 768w, https:\/\/i0.wp.com\/elabrevaderojm.com\/wp-content\/uploads\/2026\/04\/paises-odiados.jpg?resize=850%2C666&amp;ssl=1 850w\" sizes=\"auto, (max-width: 640px) 100vw, 640px\" \/><\/figure>\n<\/div>\n\n\n<p class=\"has-text-align-center has-dm-serif-display-font-family has-custom-font wp-block-paragraph\" style=\"font-size:16px;font-family:dm-serif-display\">El tono m\u00e1s oscuro lo lleva el pa\u00eds \u00abm\u00e1s odiado\u00bb; la escala desciende con la ca\u00edda en intensidad del tono (v\u00e9ase la escala). La fuente es occidental, as\u00ed que se entiende el sesgo de la tendencia presentada.<\/p>\n\n\n\n<p class=\"has-rufina-font-family has-medium-font-size has-custom-font wp-block-paragraph\" style=\"font-family:rufina\">En el perfil de <em>LinkedIn<\/em> de <strong><em>Brand Finance Plc<\/em><\/strong> se explica:<\/p>\n\n\n\n<figure style=\"font-size:17px\" class=\"wp-block-table has-ibm-plex-sans-font-family\"><table class=\"has-background has-fixed-layout\" style=\"background:linear-gradient(135deg,rgb(255,245,203) 0%,rgb(182,227,212) 59%,rgb(51,167,181) 100%)\"><tbody><tr><td>Es la principal consultora independiente mundial en valoraci\u00f3n de marcas. Asesoramos a organizaciones con una marca fuerte sobre c\u00f3mo maximizar su valor mediante la gesti\u00f3n eficaz de marcas y activos intangibles. Fundada en 1996, <em>Brand Finance<\/em> ha realizado miles de valoraciones de negocios, marcas y activos intangibles de marca por valor de billones de d\u00f3lares. Los servicios de <em>Brand Finance<\/em> apoyan una variedad de necesidades empresariales:<br><br>\u2022 Valoraciones t\u00e9cnicas para fines contables, fiscales y legales<br>\u2022 Valoraciones en apoyo de transacciones comerciales (adquisiciones, desinversiones, licencias y consorcios) que involucran diferentes formas de propiedad intelectual<br>\u2022 Valoraciones como parte de un mandato m\u00e1s amplio para ofrecer una estrategia de marketing basada en el valor y el seguimiento, cerrando as\u00ed la brecha entre marketing y finanzas<br>\u00a0<br>Entre nuestros clientes se encuentran propietarios de marcas internacionales, autoridades fiscales, abogados de propiedad intelectual (PI), profesionales del marketing y bancos de inversi\u00f3n. Nuestro trabajo es frecuentemente revisado por pares por las cuatro grandes pr\u00e1cticas de auditor\u00eda y nuestros informes tambi\u00e9n han sido aceptados por varios organismos reguladores, incluido el Panel de Adquisiciones del Reino Unido. <em>Brand Finance<\/em> tiene su sede en Londres y cuenta con una red de oficinas internacionales en m\u00e1s de 20 pa\u00edses de todo el mundo.<\/td><\/tr><\/tbody><\/table><\/figure>\n\n\n\n<p class=\"has-rufina-font-family has-medium-font-size has-custom-font wp-block-paragraph\" style=\"font-family:rufina\">Acorde a la IA de <em>Google<\/em>:<\/p>\n\n\n\n<p class=\"has-text-align-justify has-rufina-font-family has-medium-font-size has-custom-font wp-block-paragraph\" style=\"font-family:rufina\">El \u00abefecto Trump\u00bb se refiere al profundo y a menudo disruptivo impacto del estilo pol\u00edtico y las pol\u00edticas de Donald Trump sobre el comercio global, las alianzas y las normas internas. Se caracteriza por el nacionalismo econ\u00f3mico, una pol\u00edtica exterior impredecible y el desaf\u00edo a los \u00f3rdenes internacionales establecidos, lo que conduce a una mayor volatilidad del mercado.<\/p>\n\n\n\n<figure style=\"font-size:17px\" class=\"wp-block-table has-ibm-plex-sans-font-family\"><table class=\"has-background has-fixed-layout\" style=\"background:linear-gradient(135deg,rgb(238,238,238) 0%,rgb(169,184,195) 55%)\"><tbody><tr><td>Aspectos clave del efecto en su segundo mandato (a fecha 2025-2026) incluyen:<br><br><strong>Choques comerciales globales:<\/strong> La implementaci\u00f3n de aranceles agresivos (por ejemplo, aranceles del \u00abd\u00eda de la liberaci\u00f3n\u00bb) provoc\u00f3 una retirada global de la inversi\u00f3n extranjera directa, forzando la reestructuraci\u00f3n de las cadenas de valor globales y provocando disputas comerciales con aliados.<br><br><strong>Pol\u00edtica exterior y seguridad:<\/strong> Un alejamiento de las alianzas tradicionales, especialmente hacia socios de la OTAN y europeos, reduciendo la confianza en el orden internacional liderado por Estados Unidos.<br><br><strong>Energ\u00eda y clima:<\/strong> Su administraci\u00f3n ha acelerado la transici\u00f3n energ\u00e9tica en Europa mediante un renovado enfoque en la independencia energ\u00e9tica, mientras simult\u00e1neamente est\u00e1 distorsionando los mercados energ\u00e9ticos.<br><br><strong>Volatilidad econ\u00f3mica:<\/strong> El sector manufacturero enfrent\u00f3 una presi\u00f3n a la baja sobre el empleo debido a las pol\u00edticas comerciales, y los entornos corporativos se caracterizaron por la incertidumbre, la aceleraci\u00f3n de los mandatos de regreso a la oficina y la adopci\u00f3n de la IA.<br><br><strong>Normas pol\u00edticas:<\/strong> Su estilo de comunicaci\u00f3n y sus pol\u00edticas hist\u00f3ricamente han envalentonado la ret\u00f3rica populista y polarizado el discurso p\u00fablico.<br>\u00a0<br>El efecto ha actuado como catalizador para un \u00abreinicio radical\u00bb de las relaciones internacionales, obligando a las naciones a diversificar sus cadenas de suministro y fortalecer estrategias econ\u00f3micas o de seguridad independientes.<\/td><\/tr><\/tbody><\/table><\/figure>\n\n\n\n<p class=\"has-text-align-justify has-rufina-font-family has-medium-font-size has-custom-font wp-block-paragraph\" style=\"font-family:rufina\">Al preguntarle a la IA de <em>Google<\/em> sobre el tema que nos ocupa, este servicio en l\u00ednea con sesgo derechista \u2014porque sus programadores son del mundo occidental y trabajan para \u00e9l\u2014, me contest\u00f3:<\/p>\n\n\n\n<p class=\"has-text-align-justify has-rufina-font-family has-medium-font-size has-custom-font wp-block-paragraph\" style=\"font-family:rufina\">No existe ning\u00fan dato oficial \u00abregistrado\u00bb o absoluto que clasifique a Estados Unidos como el pa\u00eds m\u00e1s odiado del mundo, ya que el <strong>odio<\/strong> es subjetivo y no una m\u00e9trica medida por organismos internacionales.<\/p>\n\n\n\n<p class=\"has-text-align-justify has-rufina-font-family has-medium-font-size has-custom-font wp-block-paragraph\" style=\"font-family:rufina\">Sin embargo, bas\u00e1ndose en encuestas de opini\u00f3n p\u00fablica globales, m\u00e9tricas de reputaci\u00f3n internacional e informes anal\u00edticos de 2025 y principios de 2026, Estados Unidos es citado frecuentemente como uno de los pa\u00edses m\u00e1s rechazados, situ\u00e1ndose a menudo junto a China y Rusia.<\/p>\n\n\n\n<figure style=\"font-size:17px\" class=\"wp-block-table has-ibm-plex-sans-font-family\"><table class=\"has-white-color has-text-color has-background has-link-color has-fixed-layout\" style=\"background-color:#f87777\"><tbody><tr><td><strong>Datos y tendencias clave (2025-2026):<\/strong><br><br><strong>Reputaci\u00f3n en declive:<\/strong> Un estudio de 2025 indic\u00f3 que la aprobaci\u00f3n global del liderazgo estadounidense cay\u00f3 del 39% en 2024 al 31% en 2025, alcanzando un m\u00e1ximo hist\u00f3rico de desaprobaci\u00f3n.<br><br><strong>China supera a Estados Unidos:<\/strong> Los datos de principios de 2025 y 2026 sugieren que, en muchas encuestas globales, China ha superado a Estados Unidos en favorabilidad, con m\u00e1s personas a nivel mundial que ven la influencia de China como positiva en comparaci\u00f3n con EE. UU.<br><br><strong>Diferencias regionales:<\/strong> Estados Unidos suele ser visto favorablemente en pa\u00edses como Israel, Nigeria y Kenia, pero tiene muy poca popularidad en pa\u00edses como Turqu\u00eda, partes de Oriente Medio y entre ciertos aliados occidentales.<br><br><strong>Factores influyentes:<\/strong> Las percepciones negativas est\u00e1n impulsadas en gran medida por intervenciones militares extranjeras, pol\u00edticas econ\u00f3micas y alianzas geopol\u00edticas.<br><strong>\u00a0<\/strong><br><strong>Contexto importante:<\/strong><br><br>Aunque Estados Unidos enfrenta una desaprobaci\u00f3n significativa en ciertas regiones, no es considerado universalmente como el \u00abm\u00e1s odiado\u00bb en todas las encuestas. Otras naciones, como Israel (debido a conflictos regionales), Corea del Norte (por aislamiento) y China (por sus pol\u00edticas asertivas), frecuentemente intercambian lugares con Estados Unidos en el ranking de \u00ablos m\u00e1s rechazados\u00bb seg\u00fan la poblaci\u00f3n encuestada y los acontecimientos actuales.<\/td><\/tr><\/tbody><\/table><\/figure>\n\n\n\n<p class=\"has-text-align-justify has-rufina-font-family has-medium-font-size has-custom-font wp-block-paragraph\" style=\"font-family:rufina\">La informaci\u00f3n sobre <em>World Population Review<\/em> (WPR) encontrada en la p\u00e1gina <em>worldpopulationreview.com<\/em>, nos informa que:<\/p>\n\n\n\n<figure style=\"font-size:17px\" class=\"wp-block-table has-ibm-plex-sans-font-family\"><table class=\"has-fixed-layout\"><tbody><tr><td><img data-recalc-dims=\"1\" loading=\"lazy\" decoding=\"async\" width=\"150\" height=\"150\" data-attachment-id=\"30286\" data-permalink=\"https:\/\/elabrevaderojm.com\/en\/2026\/04\/14\/magacracia-djt-cuanto-ama-el-mundo-al-imperio-moderno-noticia-y-analisis-con-alan-barroso-arrufat\/world-population-review\/\" data-orig-file=\"https:\/\/i0.wp.com\/elabrevaderojm.com\/wp-content\/uploads\/2026\/04\/world-population-review.jpg?fit=312%2C312&amp;ssl=1\" data-orig-size=\"312,312\" data-comments-opened=\"1\" data-image-meta=\"{&quot;aperture&quot;:&quot;0&quot;,&quot;credit&quot;:&quot;&quot;,&quot;camera&quot;:&quot;&quot;,&quot;caption&quot;:&quot;&quot;,&quot;created_timestamp&quot;:&quot;0&quot;,&quot;copyright&quot;:&quot;&quot;,&quot;focal_length&quot;:&quot;0&quot;,&quot;iso&quot;:&quot;0&quot;,&quot;shutter_speed&quot;:&quot;0&quot;,&quot;title&quot;:&quot;&quot;,&quot;orientation&quot;:&quot;1&quot;}\" data-image-title=\"world population review\" data-image-description=\"\" data-image-caption=\"\" data-large-file=\"https:\/\/i0.wp.com\/elabrevaderojm.com\/wp-content\/uploads\/2026\/04\/world-population-review.jpg?fit=312%2C312&amp;ssl=1\" class=\"wp-image-30286\" style=\"width: 150px;\" src=\"https:\/\/i0.wp.com\/elabrevaderojm.com\/wp-content\/uploads\/2026\/04\/world-population-review.jpg?resize=150%2C150&#038;ssl=1\" alt=\"\" srcset=\"https:\/\/i0.wp.com\/elabrevaderojm.com\/wp-content\/uploads\/2026\/04\/world-population-review.jpg?w=312&amp;ssl=1 312w, https:\/\/i0.wp.com\/elabrevaderojm.com\/wp-content\/uploads\/2026\/04\/world-population-review.jpg?resize=300%2C300&amp;ssl=1 300w, https:\/\/i0.wp.com\/elabrevaderojm.com\/wp-content\/uploads\/2026\/04\/world-population-review.jpg?resize=150%2C150&amp;ssl=1 150w\" sizes=\"auto, (max-width: 150px) 100vw, 150px\" \/><br><strong>El comienzo<\/strong>:<br><br><strong>WPR<\/strong> comenz\u00f3 en 2013 como un blog centrado en temas demogr\u00e1ficos, pero sin los datos poblacionales completos que definen el sitio hoy en d\u00eda. La versi\u00f3n inicial era sencilla: entradas de blog que discut\u00edan tendencias poblacionales y problemas demogr\u00e1ficos, antes de empezar a incorporar conjuntos de datos reales. A pesar de sus inicios b\u00e1sicos, el sitio alcanz\u00f3 un mill\u00f3n de visitas en ese primer a\u00f1o, lo que revel\u00f3 un inter\u00e9s p\u00fablico significativo en comprender las tendencias demogr\u00e1ficas, incluso en formato de blog. Esta respuesta temprana ayud\u00f3 a moldear nuestra eventual transici\u00f3n hacia convertirnos en un recurso poblacional basado en datos.<br><br><strong>Crecimiento a lo largo del tiempo<\/strong>:<br><br>La evoluci\u00f3n del sitio estuvo impulsada por una visi\u00f3n clara: los lectores quer\u00edan datos poblacionales fiables y actualizados a los que pudieran acceder y entender f\u00e1cilmente. Comenzamos a incorporar conjuntos de datos de forma sistem\u00e1tica, construir pipelines de datos y desarrollar herramientas de visualizaci\u00f3n. Este cambio de entradas de blog a datos completos transform\u00f3 World Population Review en una referencia fiable, creciendo de un mill\u00f3n a m\u00e1s de 100 millones de visitas anuales. En el camino, nos expandimos m\u00e1s all\u00e1 de las estad\u00edsticas de poblaci\u00f3n para cubrir econom\u00eda, geograf\u00eda y tendencias sociales, siempre ancladas en datos s\u00f3lidos.<br><br><strong>Mirando hacia adelante<\/strong>:<br><br>Nuestro enfoque sigue siendo ampliar lo que hace valioso World Population Review: datos fiables y accesibles. Estamos desarrollando nuevas visualizaciones interactivas para ayudar a los usuarios a comprender mejor las tendencias demogr\u00e1ficas, incorporando conjuntos de datos adicionales m\u00e1s all\u00e1 de las estad\u00edsticas poblacionales y mejorando continuamente la usabilidad del sitio. Estas mejoras ayudar\u00e1n a nuestra creciente audiencia de investigadores, estudiantes y mentes curiosas a comprender mejor los n\u00fameros que moldean nuestro mundo.<\/td><\/tr><\/tbody><\/table><\/figure>\n\n\n\n<p class=\"has-text-align-justify has-rufina-font-family has-medium-font-size has-custom-font wp-block-paragraph\" style=\"font-family:rufina\"><a href=\"https:\/\/es.wikipedia.org\/wiki\/Pew_Research_Center\">Centro de Investigaciones Pew<\/a>, <a href=\"https:\/\/es.wikipedia.org\/wiki\/Financial_Times\"><em>Financial Times<\/em><\/a> (<strong><em>FT),<\/em><\/strong> <a href=\"https:\/\/es.wikipedia.org\/wiki\/Reuters\"><em>Reuters<\/em><\/a><em>,<\/em> <\/p>\n\n\n\n<p class=\"has-text-align-justify has-rufina-font-family has-medium-font-size has-custom-font wp-block-paragraph\" style=\"font-family:rufina\"><img data-recalc-dims=\"1\" loading=\"lazy\" decoding=\"async\" width=\"170\" height=\"142\" data-attachment-id=\"30287\" data-permalink=\"https:\/\/elabrevaderojm.com\/en\/2026\/04\/14\/magacracia-djt-cuanto-ama-el-mundo-al-imperio-moderno-noticia-y-analisis-con-alan-barroso-arrufat\/pew-r-c-logo\/\" data-orig-file=\"https:\/\/i0.wp.com\/elabrevaderojm.com\/wp-content\/uploads\/2026\/04\/Pew-R-C-logo.png?fit=245%2C205&amp;ssl=1\" data-orig-size=\"245,205\" data-comments-opened=\"1\" data-image-meta=\"{&quot;aperture&quot;:&quot;0&quot;,&quot;credit&quot;:&quot;&quot;,&quot;camera&quot;:&quot;&quot;,&quot;caption&quot;:&quot;&quot;,&quot;created_timestamp&quot;:&quot;0&quot;,&quot;copyright&quot;:&quot;&quot;,&quot;focal_length&quot;:&quot;0&quot;,&quot;iso&quot;:&quot;0&quot;,&quot;shutter_speed&quot;:&quot;0&quot;,&quot;title&quot;:&quot;&quot;,&quot;orientation&quot;:&quot;0&quot;}\" data-image-title=\"Pew R C logo\" data-image-description=\"\" data-image-caption=\"\" data-large-file=\"https:\/\/i0.wp.com\/elabrevaderojm.com\/wp-content\/uploads\/2026\/04\/Pew-R-C-logo.png?fit=245%2C205&amp;ssl=1\" class=\"wp-image-30287\" style=\"width: 170px;\" src=\"https:\/\/i0.wp.com\/elabrevaderojm.com\/wp-content\/uploads\/2026\/04\/Pew-R-C-logo.png?resize=170%2C142&#038;ssl=1\" alt=\"\"> <img data-recalc-dims=\"1\" loading=\"lazy\" decoding=\"async\" width=\"150\" height=\"190\" data-attachment-id=\"30289\" data-permalink=\"https:\/\/elabrevaderojm.com\/en\/2026\/04\/14\/magacracia-djt-cuanto-ama-el-mundo-al-imperio-moderno-noticia-y-analisis-con-alan-barroso-arrufat\/financial_times_corporate_logo\/\" data-orig-file=\"https:\/\/i0.wp.com\/elabrevaderojm.com\/wp-content\/uploads\/2026\/04\/Financial_Times_corporate_logo.jpg?fit=470%2C594&amp;ssl=1\" data-orig-size=\"470,594\" data-comments-opened=\"1\" data-image-meta=\"{&quot;aperture&quot;:&quot;0&quot;,&quot;credit&quot;:&quot;&quot;,&quot;camera&quot;:&quot;&quot;,&quot;caption&quot;:&quot;&quot;,&quot;created_timestamp&quot;:&quot;0&quot;,&quot;copyright&quot;:&quot;&quot;,&quot;focal_length&quot;:&quot;0&quot;,&quot;iso&quot;:&quot;0&quot;,&quot;shutter_speed&quot;:&quot;0&quot;,&quot;title&quot;:&quot;&quot;,&quot;orientation&quot;:&quot;1&quot;}\" data-image-title=\"Financial_Times_corporate_logo\" data-image-description=\"\" data-image-caption=\"\" data-large-file=\"https:\/\/i0.wp.com\/elabrevaderojm.com\/wp-content\/uploads\/2026\/04\/Financial_Times_corporate_logo.jpg?fit=470%2C594&amp;ssl=1\" class=\"wp-image-30289\" style=\"width: 150px;\" src=\"https:\/\/i0.wp.com\/elabrevaderojm.com\/wp-content\/uploads\/2026\/04\/Financial_Times_corporate_logo.jpg?resize=150%2C190&#038;ssl=1\" alt=\"\" srcset=\"https:\/\/i0.wp.com\/elabrevaderojm.com\/wp-content\/uploads\/2026\/04\/Financial_Times_corporate_logo.jpg?w=470&amp;ssl=1 470w, https:\/\/i0.wp.com\/elabrevaderojm.com\/wp-content\/uploads\/2026\/04\/Financial_Times_corporate_logo.jpg?resize=237%2C300&amp;ssl=1 237w, https:\/\/i0.wp.com\/elabrevaderojm.com\/wp-content\/uploads\/2026\/04\/Financial_Times_corporate_logo.jpg?resize=300%2C379&amp;ssl=1 300w\" sizes=\"auto, (max-width: 150px) 100vw, 150px\" \/> <img data-recalc-dims=\"1\" loading=\"lazy\" decoding=\"async\" width=\"170\" height=\"170\" data-attachment-id=\"30290\" data-permalink=\"https:\/\/elabrevaderojm.com\/en\/2026\/04\/14\/magacracia-djt-cuanto-ama-el-mundo-al-imperio-moderno-noticia-y-analisis-con-alan-barroso-arrufat\/reuters\/\" data-orig-file=\"https:\/\/i0.wp.com\/elabrevaderojm.com\/wp-content\/uploads\/2026\/04\/reuters.jpg?fit=240%2C240&amp;ssl=1\" data-orig-size=\"240,240\" data-comments-opened=\"1\" data-image-meta=\"{&quot;aperture&quot;:&quot;0&quot;,&quot;credit&quot;:&quot;&quot;,&quot;camera&quot;:&quot;&quot;,&quot;caption&quot;:&quot;&quot;,&quot;created_timestamp&quot;:&quot;0&quot;,&quot;copyright&quot;:&quot;&quot;,&quot;focal_length&quot;:&quot;0&quot;,&quot;iso&quot;:&quot;0&quot;,&quot;shutter_speed&quot;:&quot;0&quot;,&quot;title&quot;:&quot;&quot;,&quot;orientation&quot;:&quot;1&quot;}\" data-image-title=\"reuters\" data-image-description=\"\" data-image-caption=\"\" data-large-file=\"https:\/\/i0.wp.com\/elabrevaderojm.com\/wp-content\/uploads\/2026\/04\/reuters.jpg?fit=240%2C240&amp;ssl=1\" class=\"wp-image-30290\" style=\"width: 170px;\" src=\"https:\/\/i0.wp.com\/elabrevaderojm.com\/wp-content\/uploads\/2026\/04\/reuters.jpg?resize=170%2C170&#038;ssl=1\" alt=\"\" srcset=\"https:\/\/i0.wp.com\/elabrevaderojm.com\/wp-content\/uploads\/2026\/04\/reuters.jpg?w=240&amp;ssl=1 240w, https:\/\/i0.wp.com\/elabrevaderojm.com\/wp-content\/uploads\/2026\/04\/reuters.jpg?resize=150%2C150&amp;ssl=1 150w\" sizes=\"auto, (max-width: 170px) 100vw, 170px\" \/><\/p>\n\n\n<div class=\"wp-block-image\">\n<figure class=\"aligncenter size-full\"><img data-recalc-dims=\"1\" loading=\"lazy\" decoding=\"async\" width=\"320\" height=\"295\" data-attachment-id=\"30293\" data-permalink=\"https:\/\/elabrevaderojm.com\/en\/2026\/04\/14\/magacracia-djt-cuanto-ama-el-mundo-al-imperio-moderno-noticia-y-analisis-con-alan-barroso-arrufat\/estrecho-de-ormuz\/\" data-orig-file=\"https:\/\/i0.wp.com\/elabrevaderojm.com\/wp-content\/uploads\/2026\/04\/estrecho-de-Ormuz.jpg?fit=320%2C295&amp;ssl=1\" data-orig-size=\"320,295\" data-comments-opened=\"1\" data-image-meta=\"{&quot;aperture&quot;:&quot;0&quot;,&quot;credit&quot;:&quot;&quot;,&quot;camera&quot;:&quot;&quot;,&quot;caption&quot;:&quot;&quot;,&quot;created_timestamp&quot;:&quot;0&quot;,&quot;copyright&quot;:&quot;&quot;,&quot;focal_length&quot;:&quot;0&quot;,&quot;iso&quot;:&quot;0&quot;,&quot;shutter_speed&quot;:&quot;0&quot;,&quot;title&quot;:&quot;&quot;,&quot;orientation&quot;:&quot;1&quot;}\" data-image-title=\"estrecho de Ormuz\" data-image-description=\"\" data-image-caption=\"\" data-large-file=\"https:\/\/i0.wp.com\/elabrevaderojm.com\/wp-content\/uploads\/2026\/04\/estrecho-de-Ormuz.jpg?fit=320%2C295&amp;ssl=1\" src=\"https:\/\/i0.wp.com\/elabrevaderojm.com\/wp-content\/uploads\/2026\/04\/estrecho-de-Ormuz.jpg?resize=320%2C295&#038;ssl=1\" alt=\"\" class=\"wp-image-30293\" srcset=\"https:\/\/i0.wp.com\/elabrevaderojm.com\/wp-content\/uploads\/2026\/04\/estrecho-de-Ormuz.jpg?w=320&amp;ssl=1 320w, https:\/\/i0.wp.com\/elabrevaderojm.com\/wp-content\/uploads\/2026\/04\/estrecho-de-Ormuz.jpg?resize=300%2C277&amp;ssl=1 300w\" sizes=\"auto, (max-width: 320px) 100vw, 320px\" \/><\/figure>\n<\/div>\n\n\n<p class=\"has-text-align-center has-dm-serif-display-font-family has-custom-font wp-block-paragraph\" style=\"font-size:16px;font-family:dm-serif-display\"><a href=\"https:\/\/es.wikipedia.org\/wiki\/Estrecho_de_Ormuz\">Estrecho de Ormuz<\/a> (cr\u00e9dito a: <em>Jacques Descloitres, MODIS Land Rapid Response Team<\/em>, NASA\/GSFC\u00a0\u2013\u00a0Sacada de:\u00a0<a href=\"https:\/\/visibleearth.nasa.gov\/view_rec.php?id=2363\"><em>http:\/\/visibleearth.nasa.gov\/view_rec.php?id=2363<\/em><\/a>).<\/p>\n\n\n<div class=\"wp-block-coblocks-shape-divider is-style-angled is-vertically-flipped mt-0 mb-0\" style=\"color: #111;\" aria-hidden=\"true\">\n\t\t\t<div class=\"wp-block-coblocks-shape-divider__svg-wrapper\" style=\"height:100px;\">\n\t\t\t\t<svg class=\"divider--angled\" aria-hidden xmlns=\"http:\/\/www.w3.org\/2000\/svg\" viewBox=\"0 0 100 100\" preserveAspectRatio=\"none\"><polygon points=\"0,100 100,0 100,100\" \/><\/svg>\n\t\t\t<\/div>\n\t\t\t<div class=\"wp-block-coblocks-shape-divider__alt-wrapper\" style=\"height:50px;\"><\/div>\n\t\t<\/div>\n\n\n<p class=\"wp-block-paragraph\"><\/p>\n\n\n\n<p class=\"has-text-align-justify has-rufina-font-family has-medium-font-size has-custom-font wp-block-paragraph\" style=\"font-family:rufina\">Desconozco la data que se habr\u00e1 usado para generar el mapa presentado arriba. Casi siempre, se basan en encuestas o estudios de diferente \u00edndole social. Que tambi\u00e9n depende en qu\u00e9 pa\u00edses se hayan realizado. Si esto fuera a sacarse por millones de personas en diversos pa\u00edses, no creo yo que en toda \u00c1frica, Asia y Am\u00e9rica Latina puedan contarse suficientes \u00abodiadores\u00bb como para darle a China el primer lugar. Ni a Rusia el tercero. Incluso cuando haya personas que no opinen o no tengan opini\u00f3n al respecto.<\/p>\n\n\n\n<p class=\"has-text-align-justify has-rufina-font-family has-medium-font-size has-custom-font wp-block-paragraph\" style=\"font-family:rufina\">De hecho, hay millones en el propio Occidente que no odian ni a Rusia ni a China, pero no les pasa igual cuando se trata de EE. UU. Mas, en fin, esto tambi\u00e9n es narrativa y se maneja en inter\u00e9s del bloque que la domina.<\/p>\n\n\n\n<p class=\"has-text-align-justify has-rufina-font-family has-medium-font-size has-custom-font wp-block-paragraph\" style=\"font-family:rufina\">\u00bfUsted qu\u00e9 cree? \u00bfS\u00ed existe el odio a los pueblos o \u00fanicamente a los gobiernos? \u00bfEs correcta la estad\u00edstica o est\u00e1 hecha acorde al sesgo de quienes la preparan?<\/p>\n\n\n\n<p class=\"has-rufina-font-family has-medium-font-size has-custom-font wp-block-paragraph\" style=\"font-family:rufina\">H\u00e1gase leer en los comentarios.<\/p>\n\n\n\n<hr class=\"wp-block-separator has-alpha-channel-opacity\"\/>\n\n\n\n<p class=\"has-text-align-justify wp-block-paragraph\" style=\"font-size:17px\">Si te ha gustado este art\u00edculo, demu\u00e9stralo con un \u00abpulgar arriba\u00bb y un \u00abaplauso\u00bb, y compartiendo el contenido con tus amistades y en tus redes sociales. Es muy gratificante. Y quiz\u00e1s otras personas se enteren de estas cosas interesantes que has le\u00eddo hoy.<\/p>\n\n\n\n<p class=\"has-text-align-justify wp-block-paragraph\" style=\"font-size:18px\">Si tienes algo que comentar, preguntar o agregar, o decirme como expositor, por favor hazlo dejando tu comentario.<\/p>\n\n\n\n<p class=\"has-text-align-justify wp-block-paragraph\" style=\"font-size:17px\">Siempre lo mejor para estar al tanto de estas interesantes entregas es suscribirte a mi blog, que trato de surtir con nuevos trabajos siempre que me sea posible.<\/p>\n\n\n\n<p class=\"wp-block-paragraph\" style=\"font-size:17px\">Gracias por leer.<\/p>\n\n\n\n<div class=\"wp-block-comments\">\n\t\t<div id=\"respond\" class=\"comment-respond wp-block-post-comments-form\">\n\t\t\t<h3 id=\"reply-title\" class=\"comment-reply-title\">Leave a Reply<small><a rel=\"nofollow\" id=\"cancel-comment-reply-link\" href=\"\/en\/wp-json\/wp\/v2\/posts\/30261#respond\" style=\"display:none;\">Cancel reply<\/a><\/small><\/h3>\t\t\t<form id=\"commentform\" class=\"comment-form\">\n\t\t\t\t<iframe\n\t\t\t\t\ttitle=\"Comment Form\"\n\t\t\t\t\tsrc=\"https:\/\/jetpack.wordpress.com\/jetpack-comment\/?blogid=153735515&#038;postid=30261&#038;comment_registration=0&#038;require_name_email=0&#038;stc_enabled=1&#038;stb_enabled=1&#038;show_avatars=1&#038;avatar_default=identicon&#038;greeting=Leave+a+Reply&#038;jetpack_comments_nonce=06da6e785c&#038;greeting_reply=Leave+a+Reply+to+%25s&#038;color_scheme=light&#038;lang=en_US&#038;jetpack_version=16.2-a.5&#038;iframe_unique_id=1&#038;show_cookie_consent=10&#038;has_cookie_consent=0&#038;is_current_user_subscribed=0&#038;token_key=%3Bnormal%3B&#038;sig=9620e4df260bd12f098649bbdc7f3026ebb262c6#parent=https%3A%2F%2Felabrevaderojm.com%2Fen%2Fwp-json%2Fwp%2Fv2%2Fposts%2F30261\"\n\t\t\t\t\t\t\t\t\t\t\tname=\"jetpack_remote_comment\"\n\t\t\t\t\t\tstyle=\"width:100%; height: 430px; border:0;\"\n\t\t\t\t\t\t\t\t\t\tclass=\"jetpack_remote_comment\"\n\t\t\t\t\tid=\"jetpack_remote_comment\"\n\t\t\t\t\tsandbox=\"allow-same-origin allow-top-navigation allow-scripts allow-forms allow-popups\"\n\t\t\t\t>\n\t\t\t\t\t\t\t\t\t<\/iframe>\n\t\t\t\t\t\t\t\t\t<!--[if !IE]><!-->\n\t\t\t\t\t<script>\n\t\t\t\t\t\tdocument.addEventListener('DOMContentLoaded', function () {\n\t\t\t\t\t\t\tvar commentForms = document.getElementsByClassName('jetpack_remote_comment');\n\t\t\t\t\t\t\tfor (var i = 0; i < commentForms.length; i++) {\n\t\t\t\t\t\t\t\tcommentForms[i].allowTransparency = false;\n\t\t\t\t\t\t\t\tcommentForms[i].scrolling = 'no';\n\t\t\t\t\t\t\t}\n\t\t\t\t\t\t});\n\t\t\t\t\t<\/script>\n\t\t\t\t\t<!--<![endif]-->\n\t\t\t\t\t\t\t<\/form>\n\t\t<\/div>\n\n\t\t\n\t\t<input type=\"hidden\" name=\"comment_parent\" id=\"comment_parent\" value=\"\" \/>\n\n\t\t<\/div>\n\n\n<div class=\"crowdsignal-vote-wrapper\" data-crowdsignal-vote=\"{&quot;pollId&quot;:&quot;f19644a2-7981-4337-9361-933a19cbf736&quot;,&quot;title&quot;:&quot;Votaci\\u00f3n sin t\\u00edtulo&quot;,&quot;hideBranding&quot;:false,&quot;pollStatus&quot;:&quot;open&quot;,&quot;size&quot;:&quot;medium&quot;,&quot;borderWidth&quot;:1,&quot;borderRadius&quot;:5,&quot;hideResults&quot;:false,&quot;TrpContentRestriction&quot;:{&quot;restriction_type&quot;:&quot;exclude&quot;,&quot;selected_languages&quot;:[],&quot;panel_open&quot;:true},&quot;apiPollData&quot;:{&quot;id&quot;:16879201,&quot;question&quot;:&quot;&quot;,&quot;note&quot;:&quot;&quot;,&quot;settings&quot;:{&quot;title&quot;:&quot;Votaci\\u00f3n sin t\\u00edtulo&quot;,&quot;after_vote&quot;:&quot;results&quot;,&quot;after_message&quot;:&quot;&quot;,&quot;randomize_answers&quot;:false,&quot;restrict_vote_repeat&quot;:false,&quot;captcha&quot;:false,&quot;multiple_choice&quot;:false,&quot;redirect_url&quot;:&quot;&quot;,&quot;close_status&quot;:&quot;open&quot;,&quot;close_after&quot;:false},&quot;answers&quot;:[{&quot;answer_text&quot;:&quot;up&quot;,&quot;id&quot;:73880199,&quot;client_id&quot;:&quot;6c9da454-5c55-44e5-ac1b-dcf910111cf5&quot;},{&quot;answer_text&quot;:&quot;down&quot;,&quot;id&quot;:73880200,&quot;client_id&quot;:&quot;e7932540-6eae-48e8-83de-34872df09907&quot;}],&quot;source_link&quot;:&quot;https:\\\/\\\/elabrevaderojm.com&quot;,&quot;client_id&quot;:&quot;f19644a2-7981-4337-9361-933a19cbf736&quot;}}\">\n<div data-crowdsignal-vote-item=\"{&quot;answerId&quot;:&quot;6c9da454-5c55-44e5-ac1b-dcf910111cf5&quot;,&quot;type&quot;:&quot;up&quot;,&quot;TrpContentRestriction&quot;:{&quot;restriction_type&quot;:&quot;exclude&quot;,&quot;selected_languages&quot;:[],&quot;panel_open&quot;:true}}\"><\/div>\n\n<div data-crowdsignal-vote-item=\"{&quot;answerId&quot;:&quot;e7932540-6eae-48e8-83de-34872df09907&quot;,&quot;type&quot;:&quot;down&quot;,&quot;TrpContentRestriction&quot;:{&quot;restriction_type&quot;:&quot;exclude&quot;,&quot;selected_languages&quot;:[],&quot;panel_open&quot;:true}}\"><\/div>\n<\/div>\n\n<div class=\"crowdsignal-applause-wrapper\" data-crowdsignal-applause=\"{&quot;pollId&quot;:&quot;6ad05661-8436-4e33-b55d-a087131cd2b8&quot;,&quot;title&quot;:&quot;Aplauso sin t\\u00edtulo&quot;,&quot;answerId&quot;:&quot;bc474692-729c-4cac-8166-c690de9ba3a8&quot;,&quot;hideBranding&quot;:false,&quot;size&quot;:&quot;medium&quot;,&quot;pollStatus&quot;:&quot;open&quot;,&quot;TrpContentRestriction&quot;:{&quot;restriction_type&quot;:&quot;exclude&quot;,&quot;selected_languages&quot;:[],&quot;panel_open&quot;:true},&quot;apiPollData&quot;:{&quot;id&quot;:16879202,&quot;question&quot;:&quot;&quot;,&quot;note&quot;:&quot;&quot;,&quot;settings&quot;:{&quot;title&quot;:&quot;Aplauso sin t\\u00edtulo&quot;,&quot;after_vote&quot;:&quot;results&quot;,&quot;after_message&quot;:&quot;&quot;,&quot;randomize_answers&quot;:false,&quot;restrict_vote_repeat&quot;:false,&quot;captcha&quot;:false,&quot;multiple_choice&quot;:false,&quot;redirect_url&quot;:&quot;&quot;,&quot;close_status&quot;:&quot;open&quot;,&quot;close_after&quot;:false},&quot;answers&quot;:[{&quot;answer_text&quot;:&quot;clap&quot;,&quot;id&quot;:73880201,&quot;client_id&quot;:&quot;bc474692-729c-4cac-8166-c690de9ba3a8&quot;}],&quot;source_link&quot;:&quot;https:\\\/\\\/elabrevaderojm.com&quot;,&quot;client_id&quot;:&quot;6ad05661-8436-4e33-b55d-a087131cd2b8&quot;}}\"><\/div>\n\n\n<p class=\"wp-block-paragraph\"><\/p>\n","protected":false},"excerpt":{"rendered":"<p>Jos\u00e9 Mart\u00ed, el Ap\u00f3stol cubano, escribi\u00f3: \u00abHay sobre la Tierra m\u00e1s flores que serpientes\u00bb. Este pensamiento se ajusta bien al tema que sugiere el t\u00edtulo de este art\u00edculo. Siguiendo esta l\u00f3gica, habr\u00eda&#8230;<\/p>","protected":false},"author":147101633,"featured_media":0,"comment_status":"open","ping_status":"open","sticky":false,"template":"","format":"standard","meta":{"_coblocks_attr":"","_coblocks_dimensions":"","_coblocks_responsive_height":"","_coblocks_accordion_ie_support":"","advanced_seo_description":"","jetpack_seo_html_title":"","jetpack_seo_noindex":false,"jetpack_seo_schema_type":"","_jetpack_newsletter_access":"","_jetpack_dont_email_post_to_subs":false,"_jetpack_newsletter_tier_id":0,"_jetpack_memberships_contains_paywalled_content":false,"_wpcom_ai_launchpad_first_post":false,"_jetpack_feature_clip_id":0,"_jetpack_memberships_contains_paid_content":false,"footnotes":"","jetpack_publicize_message":"","jetpack_publicize_feature_enabled":true,"jetpack_social_post_already_shared":true,"jetpack_social_options":{"image_generator_settings":{"template":"highway","default_image_id":0,"font":"","enabled":true,"token":"eyJ0eHQiOiJcdTAwYWJNQUdBY3JhY2lhIERKVFx1MDBiYjogXHUwMGJmQ3VcdTAwZTFudG8gYW1hIGVsIG11bmRvIGFsIGltcGVyaW8gbW9kZXJubz8gTm90aWNpYSB5IGFuXHUwMGUxbGlzaXMgY29uIEFsXHUwMGUxbiBCYXJyb3NvIEFycnVmYXQiLCJ0ZW1wbGF0ZSI6ImhpZ2h3YXkiLCJmb250IjoiIiwiYmxvZ19pZCI6MTUzNzM1NTE1fQ.wfRVNJ11i9TrYEJ6jpBMQEzG3prWP7ttE0UZ6exxj4kMQ"},"version":2},"_wpas_customize_per_network":false,"jetpack_post_was_ever_published":false},"categories":[772615945,70015,185595,78838],"tags":[772616383,772616399,772616568,1470,189091,68395,772616567,772615950,772616493,206396,772616382,772615957,772616564,772616565,772616566,772616570,53378,772616569],"class_list":["post-30261","post","type-post","status-publish","format-standard","hentry","category-geopolitica-y-noticias","category-historico","category-muy-interesante","category-personalidades","tag-alan-barroso-arrufat","tag-archivos-de-epstein","tag-brand-finance","tag-china","tag-donald-trump","tag-estados-unidos","tag-gallup","tag-israel","tag-jeffrey-edward-epstein","tag-jose-marti","tag-maga","tag-mossad","tag-odio","tag-pais-odiado","tag-pais-querido","tag-pew-research","tag-rusia","tag-world-population-review"],"featured_image_src":null,"author_info":{"display_name":"jmhernandezgonzalez","author_link":"https:\/\/elabrevaderojm.com\/en\/author\/jmhernandezgonzalez\/"},"jetpack_publicize_connections":[],"jetpack_likes_enabled":true,"jetpack_sharing_enabled":true,"jetpack_shortlink":"https:\/\/wp.me\/pap3D5-7S5","jetpack-related-posts":[],"jetpack_featured_media_url":"","_links":{"self":[{"href":"https:\/\/elabrevaderojm.com\/en\/wp-json\/wp\/v2\/posts\/30261","targetHints":{"allow":["GET"]}}],"collection":[{"href":"https:\/\/elabrevaderojm.com\/en\/wp-json\/wp\/v2\/posts"}],"about":[{"href":"https:\/\/elabrevaderojm.com\/en\/wp-json\/wp\/v2\/types\/post"}],"author":[{"embeddable":true,"href":"https:\/\/elabrevaderojm.com\/en\/wp-json\/wp\/v2\/users\/147101633"}],"replies":[{"embeddable":true,"href":"https:\/\/elabrevaderojm.com\/en\/wp-json\/wp\/v2\/comments?post=30261"}],"version-history":[{"count":32,"href":"https:\/\/elabrevaderojm.com\/en\/wp-json\/wp\/v2\/posts\/30261\/revisions"}],"predecessor-version":[{"id":30304,"href":"https:\/\/elabrevaderojm.com\/en\/wp-json\/wp\/v2\/posts\/30261\/revisions\/30304"}],"wp:attachment":[{"href":"https:\/\/elabrevaderojm.com\/en\/wp-json\/wp\/v2\/media?parent=30261"}],"wp:term":[{"taxonomy":"category","embeddable":true,"href":"https:\/\/elabrevaderojm.com\/en\/wp-json\/wp\/v2\/categories?post=30261"},{"taxonomy":"post_tag","embeddable":true,"href":"https:\/\/elabrevaderojm.com\/en\/wp-json\/wp\/v2\/tags?post=30261"}],"curies":[{"name":"wp","href":"https:\/\/api.w.org\/{rel}","templated":true}]}}