{"id":30404,"date":"2026-05-12T15:13:54","date_gmt":"2026-05-12T19:13:54","guid":{"rendered":"https:\/\/elabrevaderojm.com\/?p=30404"},"modified":"2026-05-14T20:31:22","modified_gmt":"2026-05-15T00:31:22","slug":"teoria-de-conspiracion-o-lavado-de-cerebro-una-cancion-de-la-banda-scorpions-para-la-cia-ii","status":"publish","type":"post","link":"https:\/\/elabrevaderojm.com\/en\/2026\/05\/12\/teoria-de-conspiracion-o-lavado-de-cerebro-una-cancion-de-la-banda-scorpions-para-la-cia-ii\/","title":{"rendered":"CONSPIRACY THEORY OR BRAINWASHING?: A song by the band Scorpions for the CIA (II)"},"content":{"rendered":"\n<p class=\"has-text-align-justify has-playfair-display-font-family has-custom-font wp-block-paragraph\" style=\"font-size:18px;font-family:playfair-display\">En 2020 publiqu\u00e9 un art\u00edculo sobre una de esas cosas que levantan comentarios y teor\u00edas en el mundo del rock.<\/p>\n\n\n\n<figure style=\"font-size:18px\" class=\"wp-block-table has-literata-font-family\"><table class=\"has-pale-ocean-gradient-background has-background has-fixed-layout\" style=\"border-width:4px\"><tbody><tr><td><strong><mark style=\"background-color:rgba(0, 0, 0, 0);color:#f50707\" class=\"has-inline-color\">RELACIONADO<\/mark>: <a href=\"https:\/\/elabrevaderojm.com\/2020\/07\/24\/teoria-de-conspiracion-o-lavado-de-cerebro-una-cancion-de-la-banda-scorpions-para-la-cia\/\">\u00bfTEOR\u00edA DE CONSPIRACI\u00f3N O LAVADO DE CEREBRO?: Una canci\u00f3n de la banda Scorpions para la CIA (I)<\/a><\/strong><\/td><\/tr><\/tbody><\/table><\/figure>\n\n\n\n<p class=\"has-text-align-justify has-playfair-display-font-family has-custom-font wp-block-paragraph\" style=\"font-size:18px;font-family:playfair-display\">No hago de abogado del Diablo por aquello de \u00abun bien con un mal se paga\u00bb, y trat\u00e1ndose de \u00e9l es muy probable que en lugar de monedas me d\u00e9 m\u00e1s palos todav\u00eda. Aunque los de mi vida puede que vengan del otro.<\/p>\n\n\n\n<p class=\"has-playfair-display-font-family has-custom-font wp-block-paragraph\" style=\"font-size:18px;font-family:playfair-display\">En fin\u2026<\/p>\n\n\n\n<p class=\"has-text-align-justify has-playfair-display-font-family has-custom-font wp-block-paragraph\" style=\"font-size:18px;font-family:playfair-display\">No voy a defender a Klaus Meine ni a Scorpions porque mis motivos vendr\u00e1n m\u00e1s adelante. No obstante, aqu\u00ed traigo lo que se public\u00f3 en <em>theguardian.com\/culture<\/em> sobre la entrevista de Henry Yates<sup data-fn=\"7e50bf42-1ab4-4c85-af36-a763bca1067b\" class=\"fn\"><a href=\"#7e50bf42-1ab4-4c85-af36-a763bca1067b\" id=\"7e50bf42-1ab4-4c85-af36-a763bca1067b-link\">1<\/a><\/sup> a dos miembros de la banda Scorpions.<\/p>\n\n\n<div class=\"wp-block-image\">\n<figure class=\"aligncenter size-full is-resized\"><img data-recalc-dims=\"1\" loading=\"lazy\" decoding=\"async\" width=\"467\" height=\"360\" data-attachment-id=\"30419\" data-permalink=\"https:\/\/elabrevaderojm.com\/en\/2026\/05\/12\/teoria-de-conspiracion-o-lavado-de-cerebro-una-cancion-de-la-banda-scorpions-para-la-cia-ii\/klaus-rudolph\/\" data-orig-file=\"https:\/\/i0.wp.com\/elabrevaderojm.com\/wp-content\/uploads\/2026\/05\/klaus-rudolph.jpg?fit=467%2C360&amp;ssl=1\" data-orig-size=\"467,360\" data-comments-opened=\"1\" data-image-meta=\"{&quot;aperture&quot;:&quot;0&quot;,&quot;credit&quot;:&quot;&quot;,&quot;camera&quot;:&quot;&quot;,&quot;caption&quot;:&quot;&quot;,&quot;created_timestamp&quot;:&quot;0&quot;,&quot;copyright&quot;:&quot;&quot;,&quot;focal_length&quot;:&quot;0&quot;,&quot;iso&quot;:&quot;0&quot;,&quot;shutter_speed&quot;:&quot;0&quot;,&quot;title&quot;:&quot;&quot;,&quot;orientation&quot;:&quot;1&quot;}\" data-image-title=\"klaus + rudolph\" data-image-description=\"\" data-image-caption=\"\" data-large-file=\"https:\/\/i0.wp.com\/elabrevaderojm.com\/wp-content\/uploads\/2026\/05\/klaus-rudolph.jpg?fit=467%2C360&amp;ssl=1\" src=\"https:\/\/i0.wp.com\/elabrevaderojm.com\/wp-content\/uploads\/2026\/05\/klaus-rudolph.jpg?resize=467%2C360&#038;ssl=1\" alt=\"\" class=\"wp-image-30419\" style=\"width:301px;height:auto\" srcset=\"https:\/\/i0.wp.com\/elabrevaderojm.com\/wp-content\/uploads\/2026\/05\/klaus-rudolph.jpg?w=467&amp;ssl=1 467w, https:\/\/i0.wp.com\/elabrevaderojm.com\/wp-content\/uploads\/2026\/05\/klaus-rudolph.jpg?resize=300%2C231&amp;ssl=1 300w\" sizes=\"auto, (max-width: 467px) 100vw, 467px\" \/><figcaption class=\"wp-element-caption\"><strong>Klaus y Rudolph, los entrevistados.<\/strong><\/figcaption><\/figure>\n<\/div>\n\n\n<p class=\"has-playfair-display-font-family has-custom-font wp-block-paragraph\" style=\"font-size:18px;font-family:playfair-display\">Para que no digan que no doy oportunidades a la contraparte.<\/p>\n\n\n\n<h3 class=\"wp-block-heading has-text-align-center has-fjalla-one-font-family has-custom-font\" style=\"font-family:fjalla-one\"><a href=\"https:\/\/es.wikipedia.org\/wiki\/Klaus_Meine\"><strong>Klaus Meine<\/strong><\/a><strong>, voz\/compositor<\/strong><\/h3>\n\n\n\n<p class=\"has-text-align-justify has-playfair-display-font-family has-custom-font wp-block-paragraph\" style=\"font-size:18px;font-family:playfair-display\">Ser una banda de Alemania Occidental (<a href=\"https:\/\/es.wikipedia.org\/wiki\/Alemania\">RFA<\/a>) hac\u00eda que tocar en la <a href=\"https:\/\/es.wikipedia.org\/wiki\/Uni%C3%B3n_Sovi%C3%A9tica\">Uni\u00f3n Sovi\u00e9tica<\/a> a finales de los a\u00f1os 1980 fuera particularmente especial. Crecimos en un pa\u00eds dividido y hab\u00edamos intentado muchas veces tocar en el Alemania del Este (<a href=\"https:\/\/es.wikipedia.org\/wiki\/Rep%C3%BAblica_Democr%C3%A1tica_Alemana\">RDA<\/a>), pero nunca nos dejaron entrar. Cuando hicimos nuestro primer concierto en lo que entonces era <a href=\"https:\/\/es.wikipedia.org\/wiki\/San_Petersburgo\">Leningrado<\/a>, el ambiente era un poco gris, no muy colorido ni <em>rock&#8217;n&#8217;roll<\/em>, pero los corazones empezaron a abrirse a lo largo de los 10 conciertos que hicimos en la ciudad. Al final fue un poco como la Beatleman\u00eda, con fans rodeando nuestros coches despu\u00e9s de cada concierto.<\/p>\n\n\n<div class=\"wp-block-image\">\n<figure class=\"aligncenter size-full is-resized\"><img data-recalc-dims=\"1\" loading=\"lazy\" decoding=\"async\" width=\"600\" height=\"507\" data-attachment-id=\"30426\" data-permalink=\"https:\/\/elabrevaderojm.com\/en\/2026\/05\/12\/teoria-de-conspiracion-o-lavado-de-cerebro-una-cancion-de-la-banda-scorpions-para-la-cia-ii\/europa1949_600-2\/\" data-orig-file=\"https:\/\/i0.wp.com\/elabrevaderojm.com\/wp-content\/uploads\/2026\/05\/europa1949_600-1.jpg?fit=600%2C507&amp;ssl=1\" data-orig-size=\"600,507\" data-comments-opened=\"1\" data-image-meta=\"{&quot;aperture&quot;:&quot;0&quot;,&quot;credit&quot;:&quot;&quot;,&quot;camera&quot;:&quot;&quot;,&quot;caption&quot;:&quot;&quot;,&quot;created_timestamp&quot;:&quot;0&quot;,&quot;copyright&quot;:&quot;&quot;,&quot;focal_length&quot;:&quot;0&quot;,&quot;iso&quot;:&quot;0&quot;,&quot;shutter_speed&quot;:&quot;0&quot;,&quot;title&quot;:&quot;&quot;,&quot;orientation&quot;:&quot;1&quot;}\" data-image-title=\"europa1949_600\" data-image-description=\"\" data-image-caption=\"\" data-large-file=\"https:\/\/i0.wp.com\/elabrevaderojm.com\/wp-content\/uploads\/2026\/05\/europa1949_600-1.jpg?fit=600%2C507&amp;ssl=1\" src=\"https:\/\/i0.wp.com\/elabrevaderojm.com\/wp-content\/uploads\/2026\/05\/europa1949_600-1.jpg?resize=600%2C507&#038;ssl=1\" alt=\"\" class=\"wp-image-30426\" style=\"width:516px;height:auto\" srcset=\"https:\/\/i0.wp.com\/elabrevaderojm.com\/wp-content\/uploads\/2026\/05\/europa1949_600-1.jpg?w=600&amp;ssl=1 600w, https:\/\/i0.wp.com\/elabrevaderojm.com\/wp-content\/uploads\/2026\/05\/europa1949_600-1.jpg?resize=300%2C254&amp;ssl=1 300w\" sizes=\"auto, (max-width: 600px) 100vw, 600px\" \/><\/figure>\n<\/div>\n\n\n<p class=\"has-text-align-center has-noto-sans-mono-font-family has-custom-font wp-block-paragraph\" style=\"font-size:15px;font-family:noto-sans-mono\"><strong>Mapa pol\u00edtico de Europa tras la II Guerra Mundial (foto: <a href=\"https:\/\/edea.juntadeandalucia.es\/\">https:\/\/edea.juntadeandalucia.es\/<\/a>)<\/strong><\/p>\n\n\n\n<p class=\"has-text-align-justify has-playfair-display-font-family has-custom-font wp-block-paragraph\" style=\"font-size:18px;font-family:playfair-display\">En Leningrado, nos dimos cuenta de que la <a href=\"https:\/\/es.wikipedia.org\/wiki\/KGB\"><em>KGB<\/em><\/a> nos estaba vigilando. Pero cuando tocamos en el <em>Moscow Music Peace Festival <\/em>(<a href=\"https:\/\/es.wikipedia.org\/wiki\/Moscow_Music_Peace_Festival\">Festival de la Paz de M\u00fasica de Mosc\u00fa<\/a>) al a\u00f1o siguiente, los soldados en el estadio se giraron hacia las bandas, se unieron a los v\u00edtores y se convirtieron en parte del p\u00fablico. Era como si el mundo cambiara ante nuestros ojos. De repente, con <a href=\"https:\/\/es.wikipedia.org\/wiki\/Mija%C3%ADl_Gorbachov\">Mija\u00edl Gorbach\u00f3v<\/a> en el <a href=\"https:\/\/es.wikipedia.org\/wiki\/Kremlin_de_Mosc%C3%BA\">Kremlin<\/a> \u2014y la <a href=\"https:\/\/es.wikipedia.org\/wiki\/Perestroika\"><em>perestroika<\/em><\/a> y la <a href=\"https:\/\/es.wikipedia.org\/wiki\/Gl%C3%A1snost\"><em>gl\u00e1snost<\/em><\/a>\u2014 era posible que ocurriera este Woodstock<sup data-fn=\"65debce8-270f-4d39-9725-18e06f5e973f\" class=\"fn\"><a href=\"#65debce8-270f-4d39-9725-18e06f5e973f\" id=\"65debce8-270f-4d39-9725-18e06f5e973f-link\">2<\/a><\/sup> ruso. Era dif\u00edcil creer que hubieran enviado a prisi\u00f3n a la gente por escuchar rock occidental, porque ahora hab\u00eda un p\u00fablico ruso volvi\u00e9ndose loco con <a href=\"https:\/\/es.wikipedia.org\/wiki\/Rock_You_Like_a_Hurricane\"><em>Rock You Like a Hurricane<\/em><\/a>.<\/p>\n\n\n\n<div class=\"wp-block-jetpack-tiled-gallery aligncenter is-style-rectangular\"><div class=\"\"><div class=\"tiled-gallery__gallery\"><div class=\"tiled-gallery__row\"><div class=\"tiled-gallery__col\" style=\"flex-basis:71.88780%\"><figure class=\"tiled-gallery__item\"><img decoding=\"async\" data-attachment-id=\"30432\" data-permalink=\"https:\/\/elabrevaderojm.com\/en\/2026\/05\/12\/teoria-de-conspiracion-o-lavado-de-cerebro-una-cancion-de-la-banda-scorpions-para-la-cia-ii\/festival-de-moscu-1989-bandas\/\" data-orig-file=\"https:\/\/i0.wp.com\/elabrevaderojm.com\/wp-content\/uploads\/2026\/05\/festival-de-moscu-1989-bandas.jpg?fit=900%2C477&amp;ssl=1\" data-orig-size=\"900,477\" data-comments-opened=\"1\" data-image-meta=\"{&quot;aperture&quot;:&quot;0&quot;,&quot;credit&quot;:&quot;&quot;,&quot;camera&quot;:&quot;&quot;,&quot;caption&quot;:&quot;&quot;,&quot;created_timestamp&quot;:&quot;0&quot;,&quot;copyright&quot;:&quot;&quot;,&quot;focal_length&quot;:&quot;0&quot;,&quot;iso&quot;:&quot;0&quot;,&quot;shutter_speed&quot;:&quot;0&quot;,&quot;title&quot;:&quot;&quot;,&quot;orientation&quot;:&quot;1&quot;}\" data-image-title=\"festival de moscu 1989 bandas\" data-image-description=\"\" data-image-caption=\"\" data-large-file=\"https:\/\/i0.wp.com\/elabrevaderojm.com\/wp-content\/uploads\/2026\/05\/festival-de-moscu-1989-bandas.jpg?fit=640%2C339&amp;ssl=1\" role=\"button\" tabindex=\"0\" aria-label=\"Open image 1 of 2 in full-screen\" srcset=\"https:\/\/i0.wp.com\/elabrevaderojm.com\/wp-content\/uploads\/2026\/05\/festival-de-moscu-1989-bandas.jpg?strip=info&#038;w=600&#038;ssl=1 600w,https:\/\/i0.wp.com\/elabrevaderojm.com\/wp-content\/uploads\/2026\/05\/festival-de-moscu-1989-bandas.jpg?strip=info&#038;w=900&#038;ssl=1 900w\" alt=\"\" data-height=\"477\" data-id=\"30432\" data-link=\"https:\/\/elabrevaderojm.com\/?attachment_id=30432\" data-url=\"https:\/\/elabrevaderojm.com\/wp-content\/uploads\/2026\/05\/festival-de-moscu-1989-bandas.jpg\" data-width=\"900\" src=\"https:\/\/i0.wp.com\/elabrevaderojm.com\/wp-content\/uploads\/2026\/05\/festival-de-moscu-1989-bandas.jpg?ssl=1\" data-amp-layout=\"responsive\"\/><\/figure><\/div><div class=\"tiled-gallery__col\" style=\"flex-basis:28.11220%\"><figure class=\"tiled-gallery__item\"><img decoding=\"async\" data-attachment-id=\"30433\" data-permalink=\"https:\/\/elabrevaderojm.com\/en\/2026\/05\/12\/teoria-de-conspiracion-o-lavado-de-cerebro-una-cancion-de-la-banda-scorpions-para-la-cia-ii\/festival-de-moscu-1989-poster\/\" data-orig-file=\"https:\/\/i0.wp.com\/elabrevaderojm.com\/wp-content\/uploads\/2026\/05\/festival-de-moscu-1989-poster.jpg?fit=550%2C748&amp;ssl=1\" data-orig-size=\"550,748\" data-comments-opened=\"1\" data-image-meta=\"{&quot;aperture&quot;:&quot;0&quot;,&quot;credit&quot;:&quot;&quot;,&quot;camera&quot;:&quot;&quot;,&quot;caption&quot;:&quot;&quot;,&quot;created_timestamp&quot;:&quot;0&quot;,&quot;copyright&quot;:&quot;&quot;,&quot;focal_length&quot;:&quot;0&quot;,&quot;iso&quot;:&quot;0&quot;,&quot;shutter_speed&quot;:&quot;0&quot;,&quot;title&quot;:&quot;&quot;,&quot;orientation&quot;:&quot;1&quot;}\" data-image-title=\"festival de moscu 1989 poster\" data-image-description=\"\" data-image-caption=\"\" data-large-file=\"https:\/\/i0.wp.com\/elabrevaderojm.com\/wp-content\/uploads\/2026\/05\/festival-de-moscu-1989-poster.jpg?fit=550%2C748&amp;ssl=1\" role=\"button\" tabindex=\"0\" aria-label=\"Open image 2 of 2 in full-screen\" srcset=\"https:\/\/i0.wp.com\/elabrevaderojm.com\/wp-content\/uploads\/2026\/05\/festival-de-moscu-1989-poster.jpg?strip=info&#038;w=550&#038;ssl=1 550w\" alt=\"\" data-height=\"748\" data-id=\"30433\" data-link=\"https:\/\/elabrevaderojm.com\/?attachment_id=30433\" data-url=\"https:\/\/elabrevaderojm.com\/wp-content\/uploads\/2026\/05\/festival-de-moscu-1989-poster.jpg\" data-width=\"550\" src=\"https:\/\/i0.wp.com\/elabrevaderojm.com\/wp-content\/uploads\/2026\/05\/festival-de-moscu-1989-poster.jpg?ssl=1\" data-amp-layout=\"responsive\"\/><\/figure><\/div><\/div><\/div><\/div><\/div>\n\n\n\n<p class=\"has-text-align-center has-noto-sans-mono-font-family has-custom-font wp-block-paragraph\" style=\"font-size:15px;font-family:noto-sans-mono\"><strong>Izquierda: 1 foto tomada a las bandas participantes en el festival en la terraza del aeropuerto. Derecha: 1 anuncio publicitario del evento.<\/strong><\/p>\n\n\n\n<p class=\"has-text-align-justify has-playfair-display-font-family has-custom-font wp-block-paragraph\" style=\"font-size:18px;font-family:playfair-display\">En septiembre, despu\u00e9s de volver a casa, empec\u00e9 a trastear con mi peque\u00f1o teclado. <a href=\"https:\/\/es.wikipedia.org\/wiki\/Wind_of_Change\"><em>Wind of Change<\/em><\/a> no era una fantas\u00eda: era una de esas canciones que vienen de lo m\u00e1s profundo del alma y simplemente intentas expresar lo que has vivido. La letra hace referencia a los monumentos de Mosc\u00fa porque cuando tocamos en el festival all\u00ed, todas las bandas dieron un paseo en barco por el <a href=\"https:\/\/es.wikipedia.org\/wiki\/R%C3%ADo_Moscova\">r\u00edo <em>Moskva<\/em><\/a>, hasta el <a href=\"https:\/\/es.wikipedia.org\/wiki\/Parque_Gorki\">parque Gorki<\/a>.<\/p>\n\n\n<div class=\"wp-block-image\">\n<figure class=\"aligncenter size-full is-resized\"><img data-recalc-dims=\"1\" loading=\"lazy\" decoding=\"async\" width=\"410\" height=\"242\" data-attachment-id=\"30438\" data-permalink=\"https:\/\/elabrevaderojm.com\/en\/2026\/05\/12\/teoria-de-conspiracion-o-lavado-de-cerebro-una-cancion-de-la-banda-scorpions-para-la-cia-ii\/rio-moskva-parque-gorki-vistas-desde-el-puente-pushkinskiy\/\" data-orig-file=\"https:\/\/i0.wp.com\/elabrevaderojm.com\/wp-content\/uploads\/2026\/05\/rio-moskva-parque-Gorki-Vistas-desde-el-puente-Pushkinskiy.jpg?fit=410%2C242&amp;ssl=1\" data-orig-size=\"410,242\" data-comments-opened=\"1\" data-image-meta=\"{&quot;aperture&quot;:&quot;0&quot;,&quot;credit&quot;:&quot;&quot;,&quot;camera&quot;:&quot;&quot;,&quot;caption&quot;:&quot;&quot;,&quot;created_timestamp&quot;:&quot;0&quot;,&quot;copyright&quot;:&quot;&quot;,&quot;focal_length&quot;:&quot;0&quot;,&quot;iso&quot;:&quot;0&quot;,&quot;shutter_speed&quot;:&quot;0&quot;,&quot;title&quot;:&quot;&quot;,&quot;orientation&quot;:&quot;1&quot;}\" data-image-title=\"rio moskva + parque Gorki Vistas-desde-el-puente-Pushkinskiy\" data-image-description=\"\" data-image-caption=\"\" data-large-file=\"https:\/\/i0.wp.com\/elabrevaderojm.com\/wp-content\/uploads\/2026\/05\/rio-moskva-parque-Gorki-Vistas-desde-el-puente-Pushkinskiy.jpg?fit=410%2C242&amp;ssl=1\" src=\"https:\/\/i0.wp.com\/elabrevaderojm.com\/wp-content\/uploads\/2026\/05\/rio-moskva-parque-Gorki-Vistas-desde-el-puente-Pushkinskiy.jpg?resize=410%2C242&#038;ssl=1\" alt=\"\" class=\"wp-image-30438\" style=\"width:436px;height:auto\" srcset=\"https:\/\/i0.wp.com\/elabrevaderojm.com\/wp-content\/uploads\/2026\/05\/rio-moskva-parque-Gorki-Vistas-desde-el-puente-Pushkinskiy.jpg?w=410&amp;ssl=1 410w, https:\/\/i0.wp.com\/elabrevaderojm.com\/wp-content\/uploads\/2026\/05\/rio-moskva-parque-Gorki-Vistas-desde-el-puente-Pushkinskiy.jpg?resize=300%2C177&amp;ssl=1 300w\" sizes=\"auto, (max-width: 410px) 100vw, 410px\" \/><\/figure>\n<\/div>\n\n\n<p class=\"has-text-align-center has-noto-sans-mono-font-family has-custom-font wp-block-paragraph\" style=\"font-size:15px;font-family:noto-sans-mono\"><strong>Una vista desde el puente Pushkinski del r\u00edo Moskova corriendo junto al parque Gorki<\/strong>.<\/p>\n\n\n\n<p class=\"has-text-align-justify has-playfair-display-font-family has-custom-font wp-block-paragraph\" style=\"font-size:18px;font-family:playfair-display\">El silbido fue resultado de que no ten\u00eda guitarra cuando la escrib\u00eda. La discogr\u00e1fica en <a href=\"https:\/\/es.wikipedia.org\/wiki\/Estados_Unidos\">Estados Unidos<\/a> me llam\u00f3 despu\u00e9s y dijo: \u00abTienes que quitar el silbido\u00bb. Le dije: \u00abNi hablar\u00bb. Cuando la canci\u00f3n se dispar\u00f3, el mismo tipo vino hacia m\u00ed, se inclin\u00f3 y dijo: \u00abKlaus, me equivoqu\u00e9. \u00a1Por favor, perd\u00f3name; puedes patearme el culo!\u00bb<\/p>\n\n\n\n<p class=\"has-text-align-justify has-playfair-display-font-family has-custom-font wp-block-paragraph\" style=\"font-size:18px;font-family:playfair-display\"><a href=\"https:\/\/es.wikipedia.org\/wiki\/Matthias_Jabs\">Matthias Jabs<\/a> hizo una maravillosa introducci\u00f3n de guitarra tipo <a href=\"https:\/\/es.wikipedia.org\/wiki\/Jimi_Hendrix\">(Jimi) Hendrix<\/a>, mientras Rudolf Schenker toc\u00f3 un fant\u00e1stico solo de guitarra y todo encaj\u00f3. Pero ninguno de nosotros pens\u00f3 en el lado pol\u00edtico de <em>Wind of Change<\/em>. Nadie ten\u00eda un plan maestro. Para m\u00ed, fue solo un reflejo de lo que vimos, este cambio en el ambiente. Es una canci\u00f3n de esperanza para un futuro pac\u00edfico, perfecta para ese momento hist\u00f3rico.<\/p>\n\n\n\n<p class=\"has-text-align-center has-text-align-justify has-playfair-display-font-family has-custom-font wp-block-paragraph\" style=\"font-size:18px;font-family:playfair-display\"><img data-recalc-dims=\"1\" loading=\"lazy\" decoding=\"async\" width=\"200\" height=\"219\" data-attachment-id=\"30442\" data-permalink=\"https:\/\/elabrevaderojm.com\/en\/2026\/05\/12\/teoria-de-conspiracion-o-lavado-de-cerebro-una-cancion-de-la-banda-scorpions-para-la-cia-ii\/matthias-jabs-kavarna2009\/\" data-orig-file=\"https:\/\/i0.wp.com\/elabrevaderojm.com\/wp-content\/uploads\/2026\/05\/Matthias-Jabs-Kavarna2009.jpg?fit=420%2C460&amp;ssl=1\" data-orig-size=\"420,460\" data-comments-opened=\"1\" data-image-meta=\"{&quot;aperture&quot;:&quot;0&quot;,&quot;credit&quot;:&quot;&quot;,&quot;camera&quot;:&quot;&quot;,&quot;caption&quot;:&quot;&quot;,&quot;created_timestamp&quot;:&quot;0&quot;,&quot;copyright&quot;:&quot;&quot;,&quot;focal_length&quot;:&quot;0&quot;,&quot;iso&quot;:&quot;0&quot;,&quot;shutter_speed&quot;:&quot;0&quot;,&quot;title&quot;:&quot;&quot;,&quot;orientation&quot;:&quot;1&quot;}\" data-image-title=\"Matthias Jabs Kavarna2009\" data-image-description=\"\" data-image-caption=\"\" data-large-file=\"https:\/\/i0.wp.com\/elabrevaderojm.com\/wp-content\/uploads\/2026\/05\/Matthias-Jabs-Kavarna2009.jpg?fit=420%2C460&amp;ssl=1\" class=\"wp-image-30442\" style=\"width: 200px;\" src=\"https:\/\/i0.wp.com\/elabrevaderojm.com\/wp-content\/uploads\/2026\/05\/Matthias-Jabs-Kavarna2009.jpg?resize=200%2C219&#038;ssl=1\" alt=\"\" srcset=\"https:\/\/i0.wp.com\/elabrevaderojm.com\/wp-content\/uploads\/2026\/05\/Matthias-Jabs-Kavarna2009.jpg?w=420&amp;ssl=1 420w, https:\/\/i0.wp.com\/elabrevaderojm.com\/wp-content\/uploads\/2026\/05\/Matthias-Jabs-Kavarna2009.jpg?resize=274%2C300&amp;ssl=1 274w, https:\/\/i0.wp.com\/elabrevaderojm.com\/wp-content\/uploads\/2026\/05\/Matthias-Jabs-Kavarna2009.jpg?resize=300%2C329&amp;ssl=1 300w\" sizes=\"auto, (max-width: 200px) 100vw, 200px\" \/> <img data-recalc-dims=\"1\" loading=\"lazy\" decoding=\"async\" width=\"204\" height=\"219\" data-attachment-id=\"30444\" data-permalink=\"https:\/\/elabrevaderojm.com\/en\/2026\/05\/12\/teoria-de-conspiracion-o-lavado-de-cerebro-una-cancion-de-la-banda-scorpions-para-la-cia-ii\/jimi-hendrix\/\" data-orig-file=\"https:\/\/i0.wp.com\/elabrevaderojm.com\/wp-content\/uploads\/2026\/05\/jimi-hendrix.jpg?fit=290%2C312&amp;ssl=1\" data-orig-size=\"290,312\" data-comments-opened=\"1\" data-image-meta=\"{&quot;aperture&quot;:&quot;0&quot;,&quot;credit&quot;:&quot;&quot;,&quot;camera&quot;:&quot;&quot;,&quot;caption&quot;:&quot;&quot;,&quot;created_timestamp&quot;:&quot;1680202110&quot;,&quot;copyright&quot;:&quot;&quot;,&quot;focal_length&quot;:&quot;0&quot;,&quot;iso&quot;:&quot;0&quot;,&quot;shutter_speed&quot;:&quot;0&quot;,&quot;title&quot;:&quot;&quot;,&quot;orientation&quot;:&quot;1&quot;}\" data-image-title=\"jimi hendrix\" data-image-description=\"\" data-image-caption=\"\" data-large-file=\"https:\/\/i0.wp.com\/elabrevaderojm.com\/wp-content\/uploads\/2026\/05\/jimi-hendrix.jpg?fit=290%2C312&amp;ssl=1\" class=\"wp-image-30444\" style=\"width: 204px;\" src=\"https:\/\/i0.wp.com\/elabrevaderojm.com\/wp-content\/uploads\/2026\/05\/jimi-hendrix.jpg?resize=204%2C219&#038;ssl=1\" alt=\"\" srcset=\"https:\/\/i0.wp.com\/elabrevaderojm.com\/wp-content\/uploads\/2026\/05\/jimi-hendrix.jpg?w=290&amp;ssl=1 290w, https:\/\/i0.wp.com\/elabrevaderojm.com\/wp-content\/uploads\/2026\/05\/jimi-hendrix.jpg?resize=279%2C300&amp;ssl=1 279w\" sizes=\"auto, (max-width: 204px) 100vw, 204px\" \/><\/p>\n\n\n\n<p class=\"has-text-align-center has-noto-sans-mono-font-family has-custom-font wp-block-paragraph\" style=\"font-size:15px;font-family:noto-sans-mono\"><strong>Matthias y Hendrix. <\/strong><\/p>\n\n\n\n<div class=\"wp-block-media-text is-stacked-on-mobile\" style=\"grid-template-columns:20% auto\"><figure class=\"wp-block-media-text__media\"><img data-recalc-dims=\"1\" loading=\"lazy\" decoding=\"async\" width=\"300\" height=\"375\" data-attachment-id=\"30448\" data-permalink=\"https:\/\/elabrevaderojm.com\/en\/2026\/05\/12\/teoria-de-conspiracion-o-lavado-de-cerebro-una-cancion-de-la-banda-scorpions-para-la-cia-ii\/patrick-radden-keefe\/\" data-orig-file=\"https:\/\/i0.wp.com\/elabrevaderojm.com\/wp-content\/uploads\/2026\/05\/patrick-radden-keefe.jpg?fit=300%2C375&amp;ssl=1\" data-orig-size=\"300,375\" data-comments-opened=\"1\" data-image-meta=\"{&quot;aperture&quot;:&quot;0&quot;,&quot;credit&quot;:&quot;&quot;,&quot;camera&quot;:&quot;&quot;,&quot;caption&quot;:&quot;&quot;,&quot;created_timestamp&quot;:&quot;0&quot;,&quot;copyright&quot;:&quot;&quot;,&quot;focal_length&quot;:&quot;0&quot;,&quot;iso&quot;:&quot;0&quot;,&quot;shutter_speed&quot;:&quot;0&quot;,&quot;title&quot;:&quot;&quot;,&quot;orientation&quot;:&quot;1&quot;}\" data-image-title=\"patrick radden keefe\" data-image-description=\"\" data-image-caption=\"\" data-large-file=\"https:\/\/i0.wp.com\/elabrevaderojm.com\/wp-content\/uploads\/2026\/05\/patrick-radden-keefe.jpg?fit=300%2C375&amp;ssl=1\" src=\"https:\/\/i0.wp.com\/elabrevaderojm.com\/wp-content\/uploads\/2026\/05\/patrick-radden-keefe.jpg?resize=300%2C375&#038;ssl=1\" alt=\"\" class=\"wp-image-30448 size-full\" srcset=\"https:\/\/i0.wp.com\/elabrevaderojm.com\/wp-content\/uploads\/2026\/05\/patrick-radden-keefe.jpg?w=300&amp;ssl=1 300w, https:\/\/i0.wp.com\/elabrevaderojm.com\/wp-content\/uploads\/2026\/05\/patrick-radden-keefe.jpg?resize=240%2C300&amp;ssl=1 240w\" sizes=\"auto, (max-width: 300px) 100vw, 300px\" \/><\/figure><div class=\"wp-block-media-text__content\">\n<p class=\"has-text-align-justify has-playfair-display-font-family has-custom-font wp-block-paragraph\" style=\"font-size:18px;font-family:playfair-display\">Cuando <a href=\"https:\/\/es.wikipedia.org\/wiki\/Patrick_Radden_Keefe\">Patrick Radden Keefe<\/a> (en la foto) \u2014un periodista muy serio del <a href=\"https:\/\/es.wikipedia.org\/wiki\/The_New_Yorker\">(<em>The<\/em>) <em>New Yorker<\/em><\/a>\u2014 me confront\u00f3 con la teor\u00eda de que la <a href=\"https:\/\/es.wikipedia.org\/wiki\/Agencia_Central_de_Inteligencia\">CIA<\/a> escribi\u00f3 <em>Wind of Change<\/em> para poner fin a la <a href=\"https:\/\/es.wikipedia.org\/wiki\/Guerra_Fr%C3%ADa\">Guerra Fr\u00eda<\/a>, tuve que re\u00edrme. Ni en tus sue\u00f1os m\u00e1s locos pensar\u00edas algo as\u00ed. Pero al final, su p\u00f3dcast (<a href=\"https:\/\/open.spotify.com\/show\/3vikAuFxKVNe2GBZC61IYD\"><em>https:\/\/open.spotify.com\/show\/3vikAuFxKVNe2GBZC61IYD<\/em><\/a>) fue una gran promoci\u00f3n para la canci\u00f3n.<\/p>\n<\/div><\/div>\n\n\n\n<figure style=\"font-size:18px\" class=\"wp-block-table has-figtree-font-family\"><table class=\"has-fixed-layout\"><tbody><tr><td class=\"has-text-align-center\" data-align=\"center\"><img data-recalc-dims=\"1\" loading=\"lazy\" decoding=\"async\" width=\"170\" height=\"214\" data-attachment-id=\"30452\" data-permalink=\"https:\/\/elabrevaderojm.com\/en\/2026\/05\/12\/teoria-de-conspiracion-o-lavado-de-cerebro-una-cancion-de-la-banda-scorpions-para-la-cia-ii\/poster-de-1-podcast-sobre-wind-of-change\/\" data-orig-file=\"https:\/\/i0.wp.com\/elabrevaderojm.com\/wp-content\/uploads\/2026\/05\/poster-de-1-podcast-sobre-Wind-of-Change.jpg?fit=259%2C326&amp;ssl=1\" data-orig-size=\"259,326\" data-comments-opened=\"1\" data-image-meta=\"{&quot;aperture&quot;:&quot;0&quot;,&quot;credit&quot;:&quot;&quot;,&quot;camera&quot;:&quot;&quot;,&quot;caption&quot;:&quot;&quot;,&quot;created_timestamp&quot;:&quot;0&quot;,&quot;copyright&quot;:&quot;&quot;,&quot;focal_length&quot;:&quot;0&quot;,&quot;iso&quot;:&quot;0&quot;,&quot;shutter_speed&quot;:&quot;0&quot;,&quot;title&quot;:&quot;&quot;,&quot;orientation&quot;:&quot;1&quot;}\" data-image-title=\"poster de 1 podcast sobre Wind of Change\" data-image-description=\"\" data-image-caption=\"\" data-large-file=\"https:\/\/i0.wp.com\/elabrevaderojm.com\/wp-content\/uploads\/2026\/05\/poster-de-1-podcast-sobre-Wind-of-Change.jpg?fit=259%2C326&amp;ssl=1\" class=\"wp-image-30452\" style=\"width: 170px;\" src=\"https:\/\/i0.wp.com\/elabrevaderojm.com\/wp-content\/uploads\/2026\/05\/poster-de-1-podcast-sobre-Wind-of-Change.jpg?resize=170%2C214&#038;ssl=1\" alt=\"\" srcset=\"https:\/\/i0.wp.com\/elabrevaderojm.com\/wp-content\/uploads\/2026\/05\/poster-de-1-podcast-sobre-Wind-of-Change.jpg?w=259&amp;ssl=1 259w, https:\/\/i0.wp.com\/elabrevaderojm.com\/wp-content\/uploads\/2026\/05\/poster-de-1-podcast-sobre-Wind-of-Change.jpg?resize=238%2C300&amp;ssl=1 238w\" sizes=\"auto, (max-width: 170px) 100vw, 170px\" \/><br><br><a href=\"https:\/\/www.patrickraddenkeefe.com\/podcast\">PODCAST \u2014 PATRICK RADDEN KEEFE<\/a><br><strong>WIND OF CHANGE <\/strong>(Pineapple Street Studios\/Crooked Media\/Spotify), an 8-part podcast investigation, created and hosted by Patrick Radden Keefe.<br><strong>Spies. Secrets. Soviets. And tight leather pants. Did the CIA write a metal ballad that ended the Cold War?<\/strong><br><strong><em>Winner of three Ambie Awards from the Podcast Academy, for Best Reporting, Best Scriptwriting, and Best Host, and two Webby Awards, for Best Podcast Documentary and Best Podcast Limited Series.<\/em><\/strong><br><strong><em>Currently in development as a limited series with 20th Television for Hulu.<\/em><\/strong><br>#1 Podcast of 2020 \u2014 <a href=\"https:\/\/www.theguardian.com\/tv-and-radio\/2020\/dec\/24\/the-20-best-podcasts-of-2020?CMP=Share_AndroidApp_Other\"><em>The Guardian<\/em><\/a>, <a href=\"https:\/\/ew.com\/podcasts\/best-podcasts-of-2020\/\"><em>Entertainment Weekly<\/em><\/a><br>8 Best New Podcasts of 2020 \u2014 <a href=\"https:\/\/www.nytimes.com\/2020\/12\/21\/arts\/best-podcasts-2020.html\"><em>New York Times<\/em><\/a><br>10 Best Podcast of 2020 \u2014 <a href=\"https:\/\/www.newyorker.com\/culture\/2020-in-review\/the-best-podcasts-of-2020\"><em>The New Yorker<\/em><\/a><br>Best Podcasts of 2020<em> \u2014 <\/em><a href=\"https:\/\/www.rollingstone.com\/culture\/culture-features\/best-podcasts-2020-1105406\/\"><em>Rolling Stone<\/em><\/a><em> , <\/em><a href=\"https:\/\/www.ft.com\/content\/1a75d4f2-42ab-464c-94e2-e3dc857d23b4\"><em>Financial Times<\/em><\/a><em>, <\/em><a href=\"https:\/\/www.theatlantic.com\/culture\/archive\/2020\/12\/50-best-podcasts-2020\/617486\/\"><em>The Atlantic<\/em><\/a><em>, <\/em><a href=\"https:\/\/www.wbez.org\/stories\/the-best-podcasts-of-2020-according-to-wbezs-audio-experts\/4a5ce278-2877-48c6-92e8-35405b194554\">WBEZ<\/a><br>\u00abExtremely entertaining\u00bb \u2014 <em>Slate<\/em><br>\u00ab<em>This Is Spinal Tap<\/em> meets <em>All the President&#8217;s Men<\/em>\u00bb \u2014 <em>Deadline<\/em><br>\u00abBeautifully constructed&#8230;I burned through it in a day and loved every minute\u00bb \u2014 <em>Guardian<\/em><br>\u00abA thrilling ride\u00bb \u2014 <em>Vulture<\/em><br>\u201cHugely entertaining and wildly addictive\u00bb \u2014 <em>Financial Times<\/em><br>\u201cThe perfect high quality escapism we needed in 2020\u201d<em> \u2014 Rolling Stone<\/em><br>\u201c<em>Wind of Change <\/em>is the most interesting podcast I\u2019ve ever listened to\u201d \u2014 <a href=\"https:\/\/twitter.com\/cklosterman\/status\/1261473069345824768?lang=en\">Chuck Klosterman<\/a><br>Links to listen on the show page, <a href=\"https:\/\/crooked.com\/podcast-series\/wind-of-change\/\">here<\/a>.<\/td><\/tr><\/tbody><\/table><\/figure>\n\n\n\n<p class=\"has-text-align-justify has-playfair-display-font-family has-custom-font wp-block-paragraph\" style=\"font-size:18px;font-family:playfair-display\">Una frase en <em>Wind of Change<\/em> dice: \u00abPodr\u00edamos estar tan unidos, como hermanos\u00bb. As\u00ed fue exactamente como nos sentimos en el festival de la Paz Musical de Mosc\u00fa. Ahora, 35 a\u00f1os despu\u00e9s, es como si el reloj estuviera corriendo hacia atr\u00e1s. Es muy triste.<\/p>\n\n\n\n<h3 class=\"wp-block-heading has-text-align-center has-fjalla-one-font-family has-custom-font\" style=\"font-family:fjalla-one\"><a href=\"https:\/\/es.wikipedia.org\/wiki\/Rudolf_Schenker\"><strong>Rudolf Schenker<\/strong><\/a><strong>, guitarra<\/strong><\/h3>\n\n\n\n<p class=\"has-text-align-justify has-playfair-display-font-family has-custom-font wp-block-paragraph\" style=\"font-size:18px;font-family:playfair-display\">En Leningrado, toc\u00e1bamos para m\u00e1s de 10.000 personas cada noche. Para cuando lleg\u00f3 el festival de la Paz de la M\u00fasica de Mosc\u00fa, \u00e9ramos grandes en Rusia. Pero <a href=\"https:\/\/es.wikipedia.org\/wiki\/MTV\"><em>MTV<\/em><\/a> quer\u00eda que Bon Jovi fuera cabeza de cartel. Los fans se volvieron locos mientras toc\u00e1bamos, luego entr\u00f3 <a href=\"https:\/\/es.wikipedia.org\/wiki\/Bon_Jovi\">Bon Jovi<\/a> y todos se fueron del estadio. Vimos a Jon Bon Jovi dar una entrevista esa misma noche y dijo: \u00ab\u00a1Nunca volver\u00e9 a tocar despu\u00e9s de los Scorpions!\u00bb<\/p>\n\n\n\n<div class=\"wp-block-media-text has-media-on-the-right is-stacked-on-mobile\" style=\"grid-template-columns:auto 24%\"><div class=\"wp-block-media-text__content\">\n<p class=\"has-text-align-justify has-playfair-display-font-family has-custom-font wp-block-paragraph\" style=\"font-size:18px;font-family:playfair-display\">Ya sent\u00edamos que el mundo cambiaba dr\u00e1sticamente. Y cuando volvimos de <a href=\"https:\/\/es.wikipedia.org\/wiki\/Mosc%C3%BA\">Mosc\u00fa<\/a>, Klaus me llam\u00f3 y me dijo: \u00abTengo una canci\u00f3n\u00bb. Normalmente, Klaus no escrib\u00eda m\u00fasica, solo letras. Pero me puso <em>Wind of Change<\/em> y le dije: \u00abEs genial, pero falta una cosa: un estribillo\u00bb. Volvi\u00f3 con la canci\u00f3n completa cuando fuimos a <a href=\"https:\/\/es.wikipedia.org\/wiki\/Vancouver\">Vancouver<\/a> para grabar el \u00e1lbum <a href=\"https:\/\/es.wikipedia.org\/wiki\/Crazy_World\"><em>Crazy World<\/em><\/a> (en la foto, car\u00e1tula del \u00e1lbum).<\/p>\n<\/div><figure class=\"wp-block-media-text__media\"><img data-recalc-dims=\"1\" loading=\"lazy\" decoding=\"async\" width=\"221\" height=\"228\" data-attachment-id=\"30457\" data-permalink=\"https:\/\/elabrevaderojm.com\/en\/2026\/05\/12\/teoria-de-conspiracion-o-lavado-de-cerebro-una-cancion-de-la-banda-scorpions-para-la-cia-ii\/crazy-world-album-cover\/\" data-orig-file=\"https:\/\/i0.wp.com\/elabrevaderojm.com\/wp-content\/uploads\/2026\/05\/crazy-world-album-cover.jpg?fit=221%2C228&amp;ssl=1\" data-orig-size=\"221,228\" data-comments-opened=\"1\" data-image-meta=\"{&quot;aperture&quot;:&quot;0&quot;,&quot;credit&quot;:&quot;&quot;,&quot;camera&quot;:&quot;&quot;,&quot;caption&quot;:&quot;&quot;,&quot;created_timestamp&quot;:&quot;0&quot;,&quot;copyright&quot;:&quot;&quot;,&quot;focal_length&quot;:&quot;0&quot;,&quot;iso&quot;:&quot;0&quot;,&quot;shutter_speed&quot;:&quot;0&quot;,&quot;title&quot;:&quot;&quot;,&quot;orientation&quot;:&quot;0&quot;}\" data-image-title=\"crazy world album cover\" data-image-description=\"\" data-image-caption=\"\" data-large-file=\"https:\/\/i0.wp.com\/elabrevaderojm.com\/wp-content\/uploads\/2026\/05\/crazy-world-album-cover.jpg?fit=221%2C228&amp;ssl=1\" src=\"https:\/\/i0.wp.com\/elabrevaderojm.com\/wp-content\/uploads\/2026\/05\/crazy-world-album-cover.jpg?resize=221%2C228&#038;ssl=1\" alt=\"\" class=\"wp-image-30457 size-full\"\/><\/figure><\/div>\n\n\n\n<p class=\"has-text-align-justify has-playfair-display-font-family has-custom-font wp-block-paragraph\" style=\"font-size:18px;font-family:playfair-display\">Trabaj\u00e9 duro en el solo de guitarra, porque hab\u00eda comprendido el potencial de la canci\u00f3n. No soy el mejor guitarrista; normalmente soy el r\u00edtmico. Recuerdo sentarme con los auriculares puestos, grabando toma tras toma, intentando grabar un solo que elevara la letra para un final potente.<\/p>\n\n\n\n<p class=\"has-text-align-justify has-playfair-display-font-family has-custom-font wp-block-paragraph\" style=\"font-size:18px;font-family:playfair-display\"><em>Wind of Change<\/em> se lanz\u00f3 en enero de 1991, y le dije a Klaus: \u00ab\u00bfSabes qu\u00e9? Tambi\u00e9n tenemos que grabar una versi\u00f3n en ruso\u00bb. La radio pirata naci\u00f3 en esa \u00e9poca en Rusia, y a las seis de la ma\u00f1ana empezaban poniendo esa canci\u00f3n. Se convirti\u00f3 en la banda sonora de la revoluci\u00f3n m\u00e1s pac\u00edfica del mundo. Ahora, tenemos un mundo completamente diferente. En 2022, Klaus dijo: \u00abNo puedo cantar <em>Wind of Change<\/em> como era\u00bb, y cambi\u00f3 la letra que canta en directo por otras que apoyan a <a href=\"https:\/\/es.wikipedia.org\/wiki\/Ucrania\">Ucrania<\/a>.<\/p>\n\n\n\n<hr class=\"wp-block-coblocks-dynamic-separator is-style-line\" style=\"height:50px\"\/>\n\n\n\n<p class=\"has-text-align-justify has-playfair-display-font-family has-custom-font wp-block-paragraph\" style=\"font-size:18px;font-family:playfair-display\">Como he dicho en alguno(s) de mis art\u00edculos sobre geopol\u00edtica, los haya le\u00eddo quien lee esto o no, no hay \u00abcentros\u00bb en afiliaci\u00f3n pol\u00edtica individual o partidista. Se est\u00e1 con la izquierda o con la derecha. Todo el que diga que es \u00abde centro\u00bb, es derechista, apoya las posiciones y disposiciones de la derecha de su pa\u00eds e internacional.<\/p>\n\n\n\n<p class=\"has-text-align-justify has-playfair-display-font-family has-custom-font wp-block-paragraph\" style=\"font-size:18px;font-family:playfair-display\">Sin indagar demasiado, y como ahora est\u00e1s de moda, le hice varias preguntas sobre Klaus y Scorpions a la IA de Google, y de ellas les traigo 2 exactas, que son:<\/p>\n\n\n\n<figure style=\"font-size:18px\" class=\"wp-block-table has-figtree-font-family\"><table class=\"has-pale-ocean-gradient-background has-background has-fixed-layout\"><tbody><tr><td>1. Bas\u00e1ndose en sus declaraciones p\u00fablicas, letras y su historia de la banda, Klaus Meine, l\u00edder de los Scorpions,no suele ser caracterizado como un hombre de derechas. En cambio, \u00e9l y la banda suelen ser percibidos como apol\u00edticos o moderados, centr\u00e1ndose en temas de paz, unidad internacional y esperanza.<br><br><strong>Postura apol\u00edtica:<\/strong> Meine ha declarado: \u00abBueno, b\u00e1sicamente no somos una banda pol\u00edtica, pero SCORPIONS, siempre somos una banda que construye puentes entre culturas, entre pa\u00edses\u00bb.<br><br><strong>Anti-guerra y solidaridad:<\/strong> Tras la invasi\u00f3n rusa de Ucrania en 2022, Meine cambi\u00f3 la letra de su famosa canci\u00f3n <em>Wind of Change<\/em> como acto de solidaridad con Ucrania, afirmando: \u00abNo es el momento&#8230; de romantizar a Rusia\u00bb.<br><br><strong>Enfoque en la unidad:<\/strong> Su m\u00fasica suele enfatizar la uni\u00f3n de personas, especialmente influenciadas por crecer a la sombra del Muro de Berl\u00edn durante la Guerra Fr\u00eda.<br><br><strong>Activismo por la paz:<\/strong> La canci\u00f3n <em>Wind of Change<\/em> se convirti\u00f3 en un himno duradero para la ca\u00edda del Muro de Berl\u00edn y el deseo de paz, en lugar de promover una ideolog\u00eda de derechas.<br><br>Meine ha declarado que su objetivo es unir a las personas con la m\u00fasica.<\/td><\/tr><\/tbody><\/table><\/figure>\n\n\n\n<figure style=\"font-size:18px\" class=\"wp-block-table has-figtree-font-family\"><table class=\"has-background has-fixed-layout\" style=\"background:linear-gradient(135deg,rgb(202,248,128) 41%,rgb(113,206,126) 100%)\"><tbody><tr><td>2. Bas\u00e1ndose en sus declaraciones p\u00fablicas, letras y su historia de la banda, Klaus Meine, l\u00edder de los Scorpions,no suele ser caracterizado como un hombre de derechas. En cambio, \u00e9l y la banda suelen ser percibidos como apol\u00edticos o moderados, centr\u00e1ndose en temas de paz, unidad internacional y esperanza.<br><br><strong>Postura apol\u00edtica:<\/strong> Meine ha declarado: \u00abBueno, b\u00e1sicamente no somos una banda pol\u00edtica, pero SCORPIONS, siempre somos una banda que construye puentes entre culturas, entre pa\u00edses\u00bb.<br><br><strong>Anti-guerra y solidaridad:<\/strong> Tras la invasi\u00f3n rusa de Ucrania en 2022, Meine cambi\u00f3 la letra de su famosa canci\u00f3n <em>Wind of Change<\/em> como acto de solidaridad con Ucrania, afirmando: \u00abNo es el momento&#8230; de romantizar a Rusia\u00bb.<br><br><strong>Enfoque en la unidad:<\/strong> Su m\u00fasica suele enfatizar la uni\u00f3n de personas, especialmente influenciadas por crecer a la sombra del Muro de Berl\u00edn durante la Guerra Fr\u00eda.<br><br><strong>Activismo por la paz:<\/strong> La canci\u00f3n <em>Wind of Change<\/em> se convirti\u00f3 en un himno duradero para la ca\u00edda del Muro de Berl\u00edn y el deseo de paz, en lugar de promover una ideolog\u00eda de derechas.<br><br>Meine ha declarado que su objetivo es unir a las personas con la m\u00fasica.<\/td><\/tr><\/tbody><\/table><\/figure>\n\n\n<div class=\"wp-block-coblocks-shape-divider is-style-hills is-vertically-flipped mt-0 mb-0\" style=\"color: #111;\" aria-hidden=\"true\">\n\t\t\t<div class=\"wp-block-coblocks-shape-divider__svg-wrapper\" style=\"height:100px;\">\n\t\t\t\t<svg class=\"divider--hills\" viewBox=\"0 0 1920 105\" xmlns=\"http:\/\/www.w3.org\/2000\/svg\" preserveAspectRatio=\"none\"><g fillRule=\"evenodd\" transform=\"matrix(1 0 0 -1 0 105)\"><path d=\"m1920 14.8827052c-116.23325 0-224.05162 88.3906828-395.09265 88.3906828-160.92196 0-254.53172-83.4344997-444.90735-83.4344997-154.297581 0-240.095847 39.6344097-367.66819 39.6344097-154.121863 0-198.902329-36.1223133-349.458242-36.1223133-144.878137 0-241.175717 80.8685493-362.873568 80.8685493 0-34.0793243 0-68.1494291 0-102.219534h1920z\" \/><path d=\"m1920 14.6612844c-116.11434 0-223.9659 88.8291396-395.06196 88.8291396-160.92415 0-254.54487-83.7874573-444.93804-83.7874573-154.317311 0-240.088941 39.8974838-367.565152 39.8974838-154.034172 0-198.792715-36.4840402-349.164477-36.4840402-144.965828 0-241.283139 81.1250467-363.270371 81.1250467 0-34.7474052 0-69.4948104 0-104.241457h1920z\" \/><\/g><\/svg>\n\t\t\t<\/div>\n\t\t\t<div class=\"wp-block-coblocks-shape-divider__alt-wrapper\" style=\"height:50px;\"><\/div>\n\t\t<\/div>\n\n\n<p class=\"has-playfair-display-font-family has-custom-font wp-block-paragraph\" style=\"font-size:18px;font-family:playfair-display\">Bueno, ya conclu\u00ed mi intervenci\u00f3n como abogado. Ahora, fiscal, porque\u2026<\/p>\n\n\n\n<p class=\"has-text-align-justify has-playfair-display-font-family has-custom-font wp-block-paragraph\" style=\"font-size:18px;font-family:playfair-display\">\u2026 m\u00e1s claro ni el agua. Los miembros de Scorpions son derechistas. Aunque la IA tambi\u00e9n me respondi\u00f3 que \u00abKlaus no ten\u00eda afiliaci\u00f3n pol\u00edtica conocida\u00bb en Alemania, no dudo que sea seguidor de las posiciones de los cancilleres alemanes desde Olaf Scholz, virulentos derechistas y arrastrados al sionismo jud\u00edo.<\/p>\n\n\n\n<p class=\"has-text-align-justify has-playfair-display-font-family has-custom-font wp-block-paragraph\" style=\"font-size:18px;font-family:playfair-display\">Esa 2da respuesta de la IA es harta expl\u00edcita. Estos nunca usar\u00edan \u00abresistencia\u00bb sino \u00abterroristas\u00bb. Pero no dir\u00edan lo mismo de los asesinos jud\u00edos que aterrorizan a todos sus vecinos. Sus \u00abcorazones y oraciones est\u00e1n con las v\u00edctimas y sus familias\u00bb\u2026 jud\u00edo-sionistas, pero no con los miles de menores, mujeres, ancianos, hombres\u2026 palestinos, sirios, libaneses, libios, cisjordanos, iraqu\u00edes, iran\u00edes, que han sido masacrados por los jud\u00edos.<\/p>\n\n\n\n<p class=\"has-text-align-justify has-playfair-display-font-family has-custom-font wp-block-paragraph\" style=\"font-size:18px;font-family:playfair-display\">Finalmente, a pesar de que Scorpions ha tocado en China, ha sido este el \u00fanico pa\u00eds \u00abenemigo\u00bb de occidente donde lo ha hecho. Ni en Ir\u00e1n, ni en Corea del Norte, ni en ning\u00fan pa\u00eds latinoamericano no subordinado a EE. UU. o \u00abcomunista\u00bb.<\/p>\n\n\n\n<p class=\"has-text-align-justify has-playfair-display-font-family has-custom-font wp-block-paragraph\" style=\"font-size:18px;font-family:playfair-display\">Mis reservas (pol\u00edticas) con Brasil, Chile, Colombia y M\u00e9xico, donde s\u00ed han estado; pero ah\u00ed no hay consistencia.<\/p>\n\n\n\n<p class=\"has-playfair-display-font-family has-custom-font wp-block-paragraph\" style=\"font-size:18px;font-family:playfair-display\">Pues\u2026<\/p>\n\n\n\n<p class=\"has-text-align-justify has-playfair-display-font-family has-custom-font wp-block-paragraph\" style=\"font-size:18px;font-family:playfair-display\">Dentro del nutrido grupo de bandas de rock detr\u00e1s de mis 5 favoritas est\u00e1 Scorpions. Estuve en uno de sus conciertos, algunas fotos del cual puse en el art\u00edculo anterior. <em>Wind of Change <\/em>es una de mis canciones favoritas de esa banda. Klaus Meine es uno de mis cantantes favoritos en el mundo del rock.<\/p>\n\n\n\n<p class=\"has-text-align-justify has-playfair-display-font-family has-custom-font wp-block-paragraph\" style=\"font-size:18px;font-family:playfair-display\">No estoy decepcionado. No todos son como Robert de Niro o Bruce Springsteen. Ya me hab\u00eda sucedido con Barbra Streisand.<\/p>\n\n\n\n<p class=\"has-text-align-justify has-playfair-display-font-family has-custom-font wp-block-paragraph\" style=\"font-size:18px;font-family:playfair-display\">Sin embargo, se corta por lo sano. No renuncio a la m\u00fasica de Scorpions, pero estamos en las ant\u00edpodas ideol\u00f3gicas ellos y yo.<\/p>\n\n\n\n<p class=\"has-text-align-justify has-playfair-display-font-family has-custom-font wp-block-paragraph\" style=\"font-size:18px;font-family:playfair-display\">Y, usted que ley\u00f3, \u00bfqu\u00e9 opina? Me gustar\u00eda leer comentarios sobre cualquiera de las cosas que se han tocado en estos art\u00edculos.<\/p>\n\n\n\n<hr class=\"wp-block-separator has-alpha-channel-opacity\"\/>\n\n\n\n<p class=\"has-text-align-justify wp-block-paragraph\" style=\"font-size:18px\">Si te ha gustado este art\u00edculo, demu\u00e9stralo con un \u00abpulgar arriba\u00bb y un \u00abaplauso\u00bb, y compartiendo el contenido con tus amistades y en tus redes sociales. Es muy gratificante. Y quiz\u00e1s otras personas se enteren de estas cosas interesantes que has le\u00eddo hoy.<\/p>\n\n\n\n<p class=\"wp-block-paragraph\" style=\"font-size:18px\">Si tienes algo que comentar, preguntar o agregar, o decirme como expositor, por favor hazlo dejando tu comentario.<\/p>\n\n\n\n<p class=\"has-text-align-justify wp-block-paragraph\" style=\"font-size:18px\">Siempre lo mejor para estar al tanto de estas interesantes entregas es suscribirte a mi blog, que trato de surtir con nuevos trabajos siempre que me sea posible.<\/p>\n\n\n\n<p class=\"wp-block-paragraph\" style=\"font-size:18px\">Gracias por leer.<\/p>\n\n\n\n<div class=\"wp-block-comments\">\n\t\t<div id=\"respond\" class=\"comment-respond wp-block-post-comments-form\">\n\t\t\t<h3 id=\"reply-title\" class=\"comment-reply-title\">Leave a Reply<small><a rel=\"nofollow\" id=\"cancel-comment-reply-link\" href=\"\/en\/wp-json\/wp\/v2\/posts\/30404#respond\" style=\"display:none;\">Cancel reply<\/a><\/small><\/h3>\t\t\t<form id=\"commentform\" class=\"comment-form\">\n\t\t\t\t<iframe\n\t\t\t\t\ttitle=\"Comment Form\"\n\t\t\t\t\tsrc=\"https:\/\/jetpack.wordpress.com\/jetpack-comment\/?blogid=153735515&#038;postid=30404&#038;comment_registration=0&#038;require_name_email=0&#038;stc_enabled=1&#038;stb_enabled=1&#038;show_avatars=1&#038;avatar_default=identicon&#038;greeting=Leave+a+Reply&#038;jetpack_comments_nonce=ddd1ca379a&#038;greeting_reply=Leave+a+Reply+to+%25s&#038;color_scheme=light&#038;lang=en_US&#038;jetpack_version=16.2-a.5&#038;iframe_unique_id=1&#038;show_cookie_consent=10&#038;has_cookie_consent=0&#038;is_current_user_subscribed=0&#038;token_key=%3Bnormal%3B&#038;sig=5e993a8cfae3052793b529ebdc79b384f77a2ce2#parent=https%3A%2F%2Felabrevaderojm.com%2Fen%2Fwp-json%2Fwp%2Fv2%2Fposts%2F30404\"\n\t\t\t\t\t\t\t\t\t\t\tname=\"jetpack_remote_comment\"\n\t\t\t\t\t\tstyle=\"width:100%; height: 430px; border:0;\"\n\t\t\t\t\t\t\t\t\t\tclass=\"jetpack_remote_comment\"\n\t\t\t\t\tid=\"jetpack_remote_comment\"\n\t\t\t\t\tsandbox=\"allow-same-origin allow-top-navigation allow-scripts allow-forms allow-popups\"\n\t\t\t\t>\n\t\t\t\t\t\t\t\t\t<\/iframe>\n\t\t\t\t\t\t\t\t\t<!--[if !IE]><!-->\n\t\t\t\t\t<script>\n\t\t\t\t\t\tdocument.addEventListener('DOMContentLoaded', function () {\n\t\t\t\t\t\t\tvar commentForms = document.getElementsByClassName('jetpack_remote_comment');\n\t\t\t\t\t\t\tfor (var i = 0; i < commentForms.length; i++) {\n\t\t\t\t\t\t\t\tcommentForms[i].allowTransparency = false;\n\t\t\t\t\t\t\t\tcommentForms[i].scrolling = 'no';\n\t\t\t\t\t\t\t}\n\t\t\t\t\t\t});\n\t\t\t\t\t<\/script>\n\t\t\t\t\t<!--<![endif]-->\n\t\t\t\t\t\t\t<\/form>\n\t\t<\/div>\n\n\t\t\n\t\t<input type=\"hidden\" name=\"comment_parent\" id=\"comment_parent\" value=\"\" \/>\n\n\t\t<\/div>\n\n\n<div class=\"crowdsignal-vote-wrapper\" data-crowdsignal-vote=\"{&quot;pollId&quot;:&quot;aff2d263-44e4-4665-a8f1-312704429046&quot;,&quot;title&quot;:&quot;Votaci\\u00f3n sin t\\u00edtulo&quot;,&quot;hideBranding&quot;:false,&quot;pollStatus&quot;:&quot;open&quot;,&quot;size&quot;:&quot;medium&quot;,&quot;borderWidth&quot;:1,&quot;borderRadius&quot;:5,&quot;hideResults&quot;:false,&quot;TrpContentRestriction&quot;:{&quot;restriction_type&quot;:&quot;exclude&quot;,&quot;selected_languages&quot;:[],&quot;panel_open&quot;:true},&quot;apiPollData&quot;:{&quot;id&quot;:16991995,&quot;question&quot;:&quot;&quot;,&quot;note&quot;:&quot;&quot;,&quot;settings&quot;:{&quot;title&quot;:&quot;Votaci\\u00f3n sin t\\u00edtulo&quot;,&quot;after_vote&quot;:&quot;results&quot;,&quot;after_message&quot;:&quot;&quot;,&quot;randomize_answers&quot;:false,&quot;restrict_vote_repeat&quot;:false,&quot;captcha&quot;:false,&quot;multiple_choice&quot;:false,&quot;redirect_url&quot;:&quot;&quot;,&quot;close_status&quot;:&quot;open&quot;,&quot;close_after&quot;:false},&quot;answers&quot;:[{&quot;answer_text&quot;:&quot;up&quot;,&quot;id&quot;:74334089,&quot;client_id&quot;:&quot;2dba8772-ab21-4367-8eca-d84ca900d6ea&quot;},{&quot;answer_text&quot;:&quot;down&quot;,&quot;id&quot;:74334090,&quot;client_id&quot;:&quot;b0d0604e-ff6a-4ae0-83f6-c5cdc240b6cb&quot;}],&quot;source_link&quot;:&quot;https:\\\/\\\/elabrevaderojm.com&quot;,&quot;client_id&quot;:&quot;aff2d263-44e4-4665-a8f1-312704429046&quot;}}\">\n<div data-crowdsignal-vote-item=\"{&quot;answerId&quot;:&quot;2dba8772-ab21-4367-8eca-d84ca900d6ea&quot;,&quot;type&quot;:&quot;up&quot;,&quot;TrpContentRestriction&quot;:{&quot;restriction_type&quot;:&quot;exclude&quot;,&quot;selected_languages&quot;:[],&quot;panel_open&quot;:true}}\"><\/div>\n\n<div data-crowdsignal-vote-item=\"{&quot;answerId&quot;:&quot;b0d0604e-ff6a-4ae0-83f6-c5cdc240b6cb&quot;,&quot;type&quot;:&quot;down&quot;,&quot;TrpContentRestriction&quot;:{&quot;restriction_type&quot;:&quot;exclude&quot;,&quot;selected_languages&quot;:[],&quot;panel_open&quot;:true}}\"><\/div>\n<\/div>\n\n<div class=\"crowdsignal-applause-wrapper\" data-crowdsignal-applause=\"{&quot;pollId&quot;:&quot;b0103bad-f228-4c83-bb03-3990f30994ab&quot;,&quot;title&quot;:&quot;Aplauso sin t\\u00edtulo&quot;,&quot;answerId&quot;:&quot;15f1db98-eea2-4a66-aed9-404253941047&quot;,&quot;hideBranding&quot;:false,&quot;size&quot;:&quot;medium&quot;,&quot;pollStatus&quot;:&quot;open&quot;,&quot;TrpContentRestriction&quot;:{&quot;restriction_type&quot;:&quot;exclude&quot;,&quot;selected_languages&quot;:[],&quot;panel_open&quot;:true},&quot;apiPollData&quot;:{&quot;id&quot;:16991996,&quot;question&quot;:&quot;&quot;,&quot;note&quot;:&quot;&quot;,&quot;settings&quot;:{&quot;title&quot;:&quot;Aplauso sin t\\u00edtulo&quot;,&quot;after_vote&quot;:&quot;results&quot;,&quot;after_message&quot;:&quot;&quot;,&quot;randomize_answers&quot;:false,&quot;restrict_vote_repeat&quot;:false,&quot;captcha&quot;:false,&quot;multiple_choice&quot;:false,&quot;redirect_url&quot;:&quot;&quot;,&quot;close_status&quot;:&quot;open&quot;,&quot;close_after&quot;:false},&quot;answers&quot;:[{&quot;answer_text&quot;:&quot;clap&quot;,&quot;id&quot;:74334091,&quot;client_id&quot;:&quot;15f1db98-eea2-4a66-aed9-404253941047&quot;}],&quot;source_link&quot;:&quot;https:\\\/\\\/elabrevaderojm.com&quot;,&quot;client_id&quot;:&quot;b0103bad-f228-4c83-bb03-3990f30994ab&quot;}}\"><\/div>\n\n\n<hr class=\"wp-block-separator has-alpha-channel-opacity is-style-dots\"\/>\n\n\n\n<p class=\"has-text-align-center has-plus-jakarta-sans-font-family has-medium-font-size has-custom-font wp-block-paragraph\" style=\"font-family:plus-jakarta-sans\"><strong>NOTAS AL PIE<\/strong><\/p>\n\n\n<ol style=\"font-size:18px\" class=\"wp-block-footnotes has-crimson-pro-font-family\"><li id=\"7e50bf42-1ab4-4c85-af36-a763bca1067b\"><strong>Henry Yates<\/strong> es periodista musical freelance, autor, redactor publicitario y locutor en <a href=\"https:\/\/es.wikipedia.org\/wiki\/BBC_News\"><em>BBC News<\/em><\/a> y Times Radio. Ha colaborado en publicaciones como <a href=\"https:\/\/es.wikipedia.org\/wiki\/The_Guardian\"><em>The Guardian<\/em><\/a>, <a href=\"https:\/\/es.wikipedia.org\/wiki\/NME\"><em>NME<\/em><\/a>, <a href=\"https:\/\/es.wikipedia.org\/wiki\/Classic_Rock\"><em>Classic Rock<\/em><\/a>, <a href=\"https:\/\/es.wikipedia.org\/wiki\/The_Daily_Telegraph\"><em>The Daily Telegraph<\/em><\/a>, <a href=\"https:\/\/es.wikipedia.org\/wiki\/Metal_Hammer\"><em>Metal Hammer<\/em><\/a>, Guitarist, <a href=\"https:\/\/es.wikipedia.org\/wiki\/Total_Guitar\"><em>Total Guitar<\/em><\/a>, Rhythm, Shortlist, Country Music, Musician, <a href=\"https:\/\/es.wikipedia.org\/wiki\/Guitar_World\"><em>Guitar World<\/em><\/a>, Odeon, Queen y Virgin.<br><img data-recalc-dims=\"1\" loading=\"lazy\" decoding=\"async\" width=\"305\" height=\"364\" data-attachment-id=\"30417\" data-permalink=\"https:\/\/elabrevaderojm.com\/en\/2026\/05\/12\/teoria-de-conspiracion-o-lavado-de-cerebro-una-cancion-de-la-banda-scorpions-para-la-cia-ii\/henry-yates\/\" data-orig-file=\"https:\/\/i0.wp.com\/elabrevaderojm.com\/wp-content\/uploads\/2026\/05\/henry-yates.jpg?fit=305%2C364&amp;ssl=1\" data-orig-size=\"305,364\" data-comments-opened=\"1\" data-image-meta=\"{&quot;aperture&quot;:&quot;0&quot;,&quot;credit&quot;:&quot;&quot;,&quot;camera&quot;:&quot;&quot;,&quot;caption&quot;:&quot;&quot;,&quot;created_timestamp&quot;:&quot;0&quot;,&quot;copyright&quot;:&quot;&quot;,&quot;focal_length&quot;:&quot;0&quot;,&quot;iso&quot;:&quot;0&quot;,&quot;shutter_speed&quot;:&quot;0&quot;,&quot;title&quot;:&quot;&quot;,&quot;orientation&quot;:&quot;1&quot;}\" data-image-title=\"henry yates\" data-image-description=\"\" data-image-caption=\"\" data-large-file=\"https:\/\/i0.wp.com\/elabrevaderojm.com\/wp-content\/uploads\/2026\/05\/henry-yates.jpg?fit=305%2C364&amp;ssl=1\" class=\"wp-image-30417\" style=\"width: 150px\" src=\"https:\/\/i0.wp.com\/elabrevaderojm.com\/wp-content\/uploads\/2026\/05\/henry-yates.jpg?resize=305%2C364&#038;ssl=1\" alt=\"\" srcset=\"https:\/\/i0.wp.com\/elabrevaderojm.com\/wp-content\/uploads\/2026\/05\/henry-yates.jpg?w=305&amp;ssl=1 305w, https:\/\/i0.wp.com\/elabrevaderojm.com\/wp-content\/uploads\/2026\/05\/henry-yates.jpg?resize=251%2C300&amp;ssl=1 251w, https:\/\/i0.wp.com\/elabrevaderojm.com\/wp-content\/uploads\/2026\/05\/henry-yates.jpg?resize=300%2C358&amp;ssl=1 300w\" sizes=\"auto, (max-width: 305px) 100vw, 305px\" \/> <a href=\"#7e50bf42-1ab4-4c85-af36-a763bca1067b-link\" aria-label=\"Jump to footnote reference 1\">\u21a9\ufe0e<\/a><\/li><li id=\"65debce8-270f-4d39-9725-18e06f5e973f\">El\u00a0<strong><a href=\"https:\/\/es.wikipedia.org\/wiki\/Festival_de_Woodstock\">Festival de M\u00fasica y Arte de Woodstock<\/a><\/strong>\u00a0(en\u00a0<a href=\"https:\/\/es.wikipedia.org\/wiki\/Idioma_ingl%C3%A9s\">ingl\u00e9s<\/a>,\u00a0<strong><em>Woodstock Music &amp; Art Fair<\/em><\/strong>\u00a0o\u00a0<strong><em>Woodstock Rock Festival<\/em><\/strong>), tambi\u00e9n\u00a0<strong>Festival de Woodstock<\/strong>, fue una congregaci\u00f3n\u00a0<a href=\"https:\/\/es.wikipedia.org\/wiki\/Hippie\">hippie<\/a>\u00a0con m\u00fasica de\u00a0<a href=\"https:\/\/es.wikipedia.org\/wiki\/Rock\">rock<\/a>\u00a0realizado desde el viernes, 15 de agosto hasta la ma\u00f1ana del lunes, 18 de agosto de 1969, quer tuvo lugar en una granja de 240\u00a0<a href=\"https:\/\/es.wikipedia.org\/wiki\/Hect%C3%A1reas\">hect\u00e1reas<\/a>\u00a0en\u00a0<a href=\"https:\/\/es.wikipedia.org\/wiki\/Bethel_(Nueva_York)\">Bethel<\/a>,\u00a0<a href=\"https:\/\/es.wikipedia.org\/wiki\/Condado_de_Sullivan_(Nueva_York)\">condado de Sullivan<\/a>,\u00a0<a href=\"https:\/\/es.wikipedia.org\/wiki\/Nueva_York_(estado)\">estado de Nueva York<\/a>. <br>M\u00e1s informaci\u00f3n en el enlace al comienzo del p\u00e1rrafo.<br><img data-recalc-dims=\"1\" loading=\"lazy\" decoding=\"async\" width=\"640\" height=\"885\" data-attachment-id=\"30430\" data-permalink=\"https:\/\/elabrevaderojm.com\/en\/2026\/05\/12\/teoria-de-conspiracion-o-lavado-de-cerebro-una-cancion-de-la-banda-scorpions-para-la-cia-ii\/woodstock_poster\/\" data-orig-file=\"https:\/\/i0.wp.com\/elabrevaderojm.com\/wp-content\/uploads\/2026\/05\/Woodstock_poster.jpg?fit=960%2C1328&amp;ssl=1\" data-orig-size=\"960,1328\" data-comments-opened=\"1\" data-image-meta=\"{&quot;aperture&quot;:&quot;0&quot;,&quot;credit&quot;:&quot;&quot;,&quot;camera&quot;:&quot;&quot;,&quot;caption&quot;:&quot;&quot;,&quot;created_timestamp&quot;:&quot;0&quot;,&quot;copyright&quot;:&quot;&quot;,&quot;focal_length&quot;:&quot;0&quot;,&quot;iso&quot;:&quot;0&quot;,&quot;shutter_speed&quot;:&quot;0&quot;,&quot;title&quot;:&quot;&quot;,&quot;orientation&quot;:&quot;1&quot;}\" data-image-title=\"Woodstock_poster\" data-image-description=\"\" data-image-caption=\"\" data-large-file=\"https:\/\/i0.wp.com\/elabrevaderojm.com\/wp-content\/uploads\/2026\/05\/Woodstock_poster.jpg?fit=640%2C886&amp;ssl=1\" class=\"wp-image-30430\" style=\"width: 150px\" src=\"https:\/\/i0.wp.com\/elabrevaderojm.com\/wp-content\/uploads\/2026\/05\/Woodstock_poster.jpg?resize=640%2C885&#038;ssl=1\" alt=\"\" srcset=\"https:\/\/i0.wp.com\/elabrevaderojm.com\/wp-content\/uploads\/2026\/05\/Woodstock_poster.jpg?w=960&amp;ssl=1 960w, https:\/\/i0.wp.com\/elabrevaderojm.com\/wp-content\/uploads\/2026\/05\/Woodstock_poster.jpg?resize=217%2C300&amp;ssl=1 217w, https:\/\/i0.wp.com\/elabrevaderojm.com\/wp-content\/uploads\/2026\/05\/Woodstock_poster.jpg?resize=740%2C1024&amp;ssl=1 740w, https:\/\/i0.wp.com\/elabrevaderojm.com\/wp-content\/uploads\/2026\/05\/Woodstock_poster.jpg?resize=768%2C1062&amp;ssl=1 768w, https:\/\/i0.wp.com\/elabrevaderojm.com\/wp-content\/uploads\/2026\/05\/Woodstock_poster.jpg?resize=300%2C415&amp;ssl=1 300w, https:\/\/i0.wp.com\/elabrevaderojm.com\/wp-content\/uploads\/2026\/05\/Woodstock_poster.jpg?resize=850%2C1176&amp;ssl=1 850w\" sizes=\"auto, (max-width: 640px) 100vw, 640px\" \/> <a href=\"#65debce8-270f-4d39-9725-18e06f5e973f-link\" aria-label=\"Jump to footnote reference 2\">\u21a9\ufe0e<\/a><\/li><\/ol>","protected":false},"excerpt":{"rendered":"<p>En 2020 publiqu\u00e9 un art\u00edculo sobre una de esas cosas que levantan comentarios y teor\u00edas en el mundo del rock. RELACIONADO: \u00bfTEOR\u00edA DE CONSPIRACI\u00f3N O LAVADO DE CEREBRO?: Una canci\u00f3n de la&#8230;<\/p>","protected":false},"author":147101633,"featured_media":0,"comment_status":"open","ping_status":"open","sticky":false,"template":"","format":"standard","meta":{"_coblocks_attr":"","_coblocks_dimensions":"","_coblocks_responsive_height":"","_coblocks_accordion_ie_support":"","advanced_seo_description":"","jetpack_seo_html_title":"","jetpack_seo_noindex":false,"jetpack_seo_schema_type":"","_jetpack_newsletter_access":"","_jetpack_dont_email_post_to_subs":false,"_jetpack_newsletter_tier_id":0,"_jetpack_memberships_contains_paywalled_content":false,"_wpcom_ai_launchpad_first_post":false,"_jetpack_feature_clip_id":0,"_jetpack_memberships_contains_paid_content":false,"footnotes":"[{\"content\":\"<strong>Henry Yates<\/strong> es periodista musical freelance, autor, redactor publicitario y locutor en <a href=\\\"https:\/\/es.wikipedia.org\/wiki\/BBC_News\\\"><em>BBC News<\/em><\/a> y Times Radio. Ha colaborado en publicaciones como <a href=\\\"https:\/\/es.wikipedia.org\/wiki\/The_Guardian\\\"><em>The Guardian<\/em><\/a>, <a href=\\\"https:\/\/es.wikipedia.org\/wiki\/NME\\\"><em>NME<\/em><\/a>, <a href=\\\"https:\/\/es.wikipedia.org\/wiki\/Classic_Rock\\\"><em>Classic Rock<\/em><\/a>, <a href=\\\"https:\/\/es.wikipedia.org\/wiki\/The_Daily_Telegraph\\\"><em>The Daily Telegraph<\/em><\/a>, <a href=\\\"https:\/\/es.wikipedia.org\/wiki\/Metal_Hammer\\\"><em>Metal Hammer<\/em><\/a>, Guitarist, <a href=\\\"https:\/\/es.wikipedia.org\/wiki\/Total_Guitar\\\"><em>Total Guitar<\/em><\/a>, Rhythm, Shortlist, Country Music, Musician, <a href=\\\"https:\/\/es.wikipedia.org\/wiki\/Guitar_World\\\"><em>Guitar World<\/em><\/a>, Odeon, Queen y Virgin.<br><img class=\\\"wp-image-30417\\\" style=\\\"width: 150px;\\\" src=\\\"https:\/\/elabrevaderojm.com\/wp-content\/uploads\/2026\/05\/henry-yates.jpg\\\" alt=\\\"\\\">\",\"id\":\"7e50bf42-1ab4-4c85-af36-a763bca1067b\"},{\"content\":\"El\u00a0<strong><a href=\\\"https:\/\/es.wikipedia.org\/wiki\/Festival_de_Woodstock\\\">Festival de M\u00fasica y Arte de Woodstock<\/a><\/strong>\u00a0(en\u00a0<a href=\\\"https:\/\/es.wikipedia.org\/wiki\/Idioma_ingl%C3%A9s\\\">ingl\u00e9s<\/a>,\u00a0<strong><em>Woodstock Music &amp; Art Fair<\/em><\/strong>\u00a0o\u00a0<strong><em>Woodstock Rock Festival<\/em><\/strong>), tambi\u00e9n\u00a0<strong>Festival de Woodstock<\/strong>, fue una congregaci\u00f3n\u00a0<a href=\\\"https:\/\/es.wikipedia.org\/wiki\/Hippie\\\">hippie<\/a>\u00a0con m\u00fasica de\u00a0<a href=\\\"https:\/\/es.wikipedia.org\/wiki\/Rock\\\">rock<\/a>\u00a0realizado desde el viernes, 15 de agosto hasta la ma\u00f1ana del lunes, 18 de agosto de 1969, quer tuvo lugar en una granja de 240\u00a0<a href=\\\"https:\/\/es.wikipedia.org\/wiki\/Hect%C3%A1reas\\\">hect\u00e1reas<\/a>\u00a0en\u00a0<a href=\\\"https:\/\/es.wikipedia.org\/wiki\/Bethel_(Nueva_York)\\\">Bethel<\/a>,\u00a0<a href=\\\"https:\/\/es.wikipedia.org\/wiki\/Condado_de_Sullivan_(Nueva_York)\\\">condado de Sullivan<\/a>,\u00a0<a href=\\\"https:\/\/es.wikipedia.org\/wiki\/Nueva_York_(estado)\\\">estado de Nueva York<\/a>. <br>M\u00e1s informaci\u00f3n en el enlace al comienzo del p\u00e1rrafo.<br><img class=\\\"wp-image-30430\\\" style=\\\"width: 150px;\\\" src=\\\"https:\/\/elabrevaderojm.com\/wp-content\/uploads\/2026\/05\/Woodstock_poster.jpg\\\" alt=\\\"\\\">\",\"id\":\"65debce8-270f-4d39-9725-18e06f5e973f\"}]","jetpack_publicize_message":"","jetpack_publicize_feature_enabled":true,"jetpack_social_post_already_shared":false,"jetpack_social_options":{"image_generator_settings":{"template":"highway","default_image_id":0,"font":"","enabled":true,"token":"eyJ0eHQiOiJcdTAwYmZURU9SXHUwMGVkQSBERSBDT05TUElSQUNJXHUwMGYzTiBPIExBVkFETyBERSBDRVJFQlJPPzogVW5hIGNhbmNpXHUwMGYzbiBkZSBsYSBiYW5kYSBTY29ycGlvbnMgcGFyYSBsYSBDSUEgKElJKSIsInRlbXBsYXRlIjoiaGlnaHdheSIsImZvbnQiOiIiLCJibG9nX2lkIjoxNTM3MzU1MTV9.zV5rgauxP7Nv6Yl3i3ekXWAz_cI5_Iecz102CRY8yP4MQ"},"version":2},"_wpas_customize_per_network":false,"jetpack_post_was_ever_published":false},"categories":[12191453,122563111,770216206,70015,185595],"tags":[772616583,766461517,948913,2704385,772616580,395860,772616578,772616581,772616582,118566,5615688,2664177,918879,772616579],"class_list":["post-30404","post","type-post","status-publish","format-standard","hentry","category-arte-en-la-historia","category-entretenimiento-musica","category-famosos-del-entretenimiento","category-historico","category-muy-interesante","tag-crazy-world","tag-festival-de-cine-de-woodstock-en-woodstock","tag-guerra-fria","tag-klaus-meine","tag-matthias-jabs","tag-moscu","tag-moscow-music-peace-festival","tag-patrick-radden-keefe","tag-rudolf-schenker","tag-scorpions","tag-teoria-de-conspiracion","tag-union-de-republicas-socialistas-sovieticas","tag-union-sovietica","tag-wind-of-change"],"featured_image_src":null,"author_info":{"display_name":"jmhernandezgonzalez","author_link":"https:\/\/elabrevaderojm.com\/en\/author\/jmhernandezgonzalez\/"},"jetpack_publicize_connections":[],"jetpack_likes_enabled":true,"jetpack_sharing_enabled":true,"jetpack_shortlink":"https:\/\/wp.me\/pap3D5-7Uo","jetpack-related-posts":[],"jetpack_featured_media_url":"","_links":{"self":[{"href":"https:\/\/elabrevaderojm.com\/en\/wp-json\/wp\/v2\/posts\/30404","targetHints":{"allow":["GET"]}}],"collection":[{"href":"https:\/\/elabrevaderojm.com\/en\/wp-json\/wp\/v2\/posts"}],"about":[{"href":"https:\/\/elabrevaderojm.com\/en\/wp-json\/wp\/v2\/types\/post"}],"author":[{"embeddable":true,"href":"https:\/\/elabrevaderojm.com\/en\/wp-json\/wp\/v2\/users\/147101633"}],"replies":[{"embeddable":true,"href":"https:\/\/elabrevaderojm.com\/en\/wp-json\/wp\/v2\/comments?post=30404"}],"version-history":[{"count":42,"href":"https:\/\/elabrevaderojm.com\/en\/wp-json\/wp\/v2\/posts\/30404\/revisions"}],"predecessor-version":[{"id":30475,"href":"https:\/\/elabrevaderojm.com\/en\/wp-json\/wp\/v2\/posts\/30404\/revisions\/30475"}],"wp:attachment":[{"href":"https:\/\/elabrevaderojm.com\/en\/wp-json\/wp\/v2\/media?parent=30404"}],"wp:term":[{"taxonomy":"category","embeddable":true,"href":"https:\/\/elabrevaderojm.com\/en\/wp-json\/wp\/v2\/categories?post=30404"},{"taxonomy":"post_tag","embeddable":true,"href":"https:\/\/elabrevaderojm.com\/en\/wp-json\/wp\/v2\/tags?post=30404"}],"curies":[{"name":"wp","href":"https:\/\/api.w.org\/{rel}","templated":true}]}}