{"id":31327,"date":"2026-06-26T15:04:48","date_gmt":"2026-06-26T19:04:48","guid":{"rendered":"https:\/\/elabrevaderojm.com\/?p=31327"},"modified":"2026-06-26T15:08:56","modified_gmt":"2026-06-26T19:08:56","slug":"inteligencia-artificial-aliada-o-enemiga-i-la-palantir-de-thiel-y-karp-analisis-de-canal-red-la-base","status":"publish","type":"post","link":"https:\/\/elabrevaderojm.com\/en\/2026\/06\/26\/inteligencia-artificial-aliada-o-enemiga-i-la-palantir-de-thiel-y-karp-analisis-de-canal-red-la-base\/","title":{"rendered":"Inteligencia Artificial: \u00bfAliada o enemiga? (I). La Palantir de Thiel y Karp. An\u00e1lisis de Canal Red \u2013 La Base"},"content":{"rendered":"\n<p class=\"has-drop-cap has-text-align-justify has-syne-font-family has-medium-font-size has-custom-font wp-block-paragraph\" style=\"font-family:syne\">Supongo que en estos tiempos haya muy poca gente que no hable, piense o sepa de la Inteligencia Artificial. Tras haber estado en la literatura y el cine de ciencia-ficci\u00f3n, hoy domina las noticias en los medios convencionales y alternativos, y en las redes sociales. Entre los conocedores las opiniones est\u00e1n divididas, pues los hay a favor de su existencia o en contra de su desarrollo. Quiz\u00e1s, unos vean al David que asesin\u00f3 una civilizaci\u00f3n y model\u00f3 al xenomorfo, y otros al Walter que se bati\u00f3 con \u00abel malo\u00bb en defensa de los humanos.<\/p>\n\n\n\n<p class=\"has-text-align-justify has-syne-font-family has-medium-font-size has-custom-font wp-block-paragraph\" style=\"font-family:syne\">He escuchado a expertos y creadores de contenido exponer, debatir y analizar lo que podr\u00eda o no esperarnos con la continua intromisi\u00f3n y generalizaci\u00f3n en nuestras vidas de esta tecnolog\u00eda avanzada. Aqu\u00ed comienzo un ciclo de art\u00edculos sobre este tema con este video.<\/p>\n\n\n\n<p class=\"has-text-align-center wp-block-paragraph\"><img data-recalc-dims=\"1\" loading=\"lazy\" decoding=\"async\" width=\"120\" height=\"183\" data-attachment-id=\"26819\" data-permalink=\"https:\/\/elabrevaderojm.com\/en\/?attachment_id=26819\" data-orig-file=\"https:\/\/i0.wp.com\/elabrevaderojm.com\/wp-content\/uploads\/2025\/09\/Pablo_Iglesias-1.jpg?fit=164%2C250&amp;ssl=1\" data-orig-size=\"164,250\" data-comments-opened=\"1\" data-image-meta=\"{&quot;aperture&quot;:&quot;0&quot;,&quot;credit&quot;:&quot;&quot;,&quot;camera&quot;:&quot;&quot;,&quot;caption&quot;:&quot;&quot;,&quot;created_timestamp&quot;:&quot;0&quot;,&quot;copyright&quot;:&quot;&quot;,&quot;focal_length&quot;:&quot;0&quot;,&quot;iso&quot;:&quot;0&quot;,&quot;shutter_speed&quot;:&quot;0&quot;,&quot;title&quot;:&quot;&quot;,&quot;orientation&quot;:&quot;1&quot;}\" data-image-title=\"Pablo_Iglesias 1\" data-image-description=\"\" data-image-caption=\"\" data-large-file=\"https:\/\/i0.wp.com\/elabrevaderojm.com\/wp-content\/uploads\/2025\/09\/Pablo_Iglesias-1.jpg?fit=164%2C250&amp;ssl=1\" class=\"wp-image-26819\" style=\"width: 120px;\" src=\"https:\/\/i0.wp.com\/elabrevaderojm.com\/wp-content\/uploads\/2025\/09\/Pablo_Iglesias-1.jpg?resize=120%2C183&#038;ssl=1\" alt=\"\"> <img data-recalc-dims=\"1\" loading=\"lazy\" decoding=\"async\" width=\"300\" height=\"138\" data-attachment-id=\"26820\" data-permalink=\"https:\/\/elabrevaderojm.com\/en\/?attachment_id=26820\" data-orig-file=\"https:\/\/i0.wp.com\/elabrevaderojm.com\/wp-content\/uploads\/2025\/09\/Logo-canal-red.jpg?fit=403%2C185&amp;ssl=1\" data-orig-size=\"403,185\" data-comments-opened=\"1\" data-image-meta=\"{&quot;aperture&quot;:&quot;0&quot;,&quot;credit&quot;:&quot;&quot;,&quot;camera&quot;:&quot;&quot;,&quot;caption&quot;:&quot;&quot;,&quot;created_timestamp&quot;:&quot;0&quot;,&quot;copyright&quot;:&quot;&quot;,&quot;focal_length&quot;:&quot;0&quot;,&quot;iso&quot;:&quot;0&quot;,&quot;shutter_speed&quot;:&quot;0&quot;,&quot;title&quot;:&quot;&quot;,&quot;orientation&quot;:&quot;1&quot;}\" data-image-title=\"Logo-canal-red\" data-image-description=\"\" data-image-caption=\"\" data-large-file=\"https:\/\/i0.wp.com\/elabrevaderojm.com\/wp-content\/uploads\/2025\/09\/Logo-canal-red.jpg?fit=403%2C185&amp;ssl=1\" class=\"wp-image-26820\" style=\"width: 300px;\" src=\"https:\/\/i0.wp.com\/elabrevaderojm.com\/wp-content\/uploads\/2025\/09\/Logo-canal-red.jpg?resize=300%2C138&#038;ssl=1\" alt=\"\" srcset=\"https:\/\/i0.wp.com\/elabrevaderojm.com\/wp-content\/uploads\/2025\/09\/Logo-canal-red.jpg?w=403&amp;ssl=1 403w, https:\/\/i0.wp.com\/elabrevaderojm.com\/wp-content\/uploads\/2025\/09\/Logo-canal-red.jpg?resize=300%2C138&amp;ssl=1 300w\" sizes=\"auto, (max-width: 300px) 100vw, 300px\" \/> <\/p>\n\n\n\n<p class=\"wp-block-paragraph\"><\/p>\n\n\n\n<p class=\"has-text-align-justify has-syne-font-family has-medium-font-size has-custom-font wp-block-paragraph\" style=\"font-family:syne\"><a href=\"https:\/\/es.wikipedia.org\/wiki\/Canal_Red\">Canal Red<\/a>\u00a0(estilizado como\u00a0Canal R(e)D) es un\u00a0canal de televisi\u00f3n\u00a0en\u00a0espa\u00f1ol\u00a0que emite en abierto\u00a0por internet\u00a0y\u00a0<a href=\"https:\/\/es.wikipedia.org\/wiki\/Televisi%C3%B3n_digital_terrestre\">TDT<\/a>.\u200b Dirigido desde su inauguraci\u00f3n en marzo de 2023por <a href=\"https:\/\/es.wikipedia.org\/wiki\/Pablo_Iglesias_Turri%C3%B3n\">Pablo Iglesias Turri\u00f3n<\/a>, est\u00e1 financiado por\u00a0<a href=\"https:\/\/es.wikipedia.org\/wiki\/Micromecenazgo\">micromecenazgo<\/a>. El canal se centra en cubrir noticias relacionadas con la actualidad pol\u00edtica de Espa\u00f1a y\u00a0Am\u00e9rica Latina. En el v\u00eddeo promocional de la campa\u00f1a de recaudaci\u00f3n de fondos, acompa\u00f1aban a Pablo Iglesias el fil\u00f3logo Manu Levin, la periodista <a href=\"https:\/\/es.wikipedia.org\/wiki\/Inna_Afinogenova\">Inna Afinogenova<\/a>, la matem\u00e1tica Sara Serrano y el acad\u00e9mico y periodista de\u00a0<a href=\"https:\/\/es.wikipedia.org\/wiki\/Furor_TV\">Furor TV<\/a>,\u00a0<a href=\"https:\/\/es.wikipedia.org\/wiki\/Sergio_Gregori\">Sergio Gregori<\/a>.<\/p>\n\n\n\n<p class=\"has-text-align-justify has-syne-font-family has-medium-font-size has-custom-font wp-block-paragraph\" style=\"font-family:syne\"><a href=\"https:\/\/es.wikipedia.org\/wiki\/Laura_Arroyo\">Laura Arroyo G\u00e1rate<\/a>: (<a href=\"https:\/\/es.wikipedia.org\/wiki\/Lima\">Lima<\/a>, 13 de septiembre de 1986) es una\u00a0<a href=\"https:\/\/es.wikipedia.org\/wiki\/Periodista\">periodista<\/a>, comunicadora pol\u00edtica y\u00a0<a href=\"https:\/\/es.wikipedia.org\/wiki\/Cantautor\">cantautora<\/a>\u00a0<a href=\"https:\/\/es.wikipedia.org\/wiki\/Per%C3%BA\">peruana<\/a>, radicada en\u00a0<a href=\"https:\/\/es.wikipedia.org\/wiki\/Espa%C3%B1a\">Espa\u00f1a<\/a>. Es directora y conductora de la tertulia pol\u00edtica \u00abEl Tablero\u00bb de\u00a0<a href=\"https:\/\/es.wikipedia.org\/wiki\/Canal_RED\">Canal Red<\/a> \u200by directora de \u00abLa Base Comanche\u00bb.<\/p>\n\n\n\n<p class=\"has-text-align-justify has-syne-font-family has-medium-font-size has-custom-font wp-block-paragraph\" style=\"font-family:syne\"><strong>Manuel Levin<\/strong>: Fil\u00f3logo experto en comunicaci\u00f3n. Actualmente trabaja junto a Pablo Iglesias en su <em>podcast<\/em> de La Base.<\/p>\n\n\n\n<p class=\"has-text-align-justify has-syne-font-family has-medium-font-size has-custom-font wp-block-paragraph\" style=\"font-family:syne\"><strong>Irene Zugasti Herv\u00e1s<\/strong> es polit\u00f3loga y periodista. Form\u00f3 parte del <a href=\"https:\/\/es.wikipedia.org\/wiki\/Ministerio_de_Igualdad_(Espa%C3%B1a)\">Ministerio de Igualdad<\/a> de 2019 a 2023 y actualmente trabaja como Consultora de Pol\u00edticas de G\u00e9nero en el \u00e1mbito de la gesti\u00f3n cultural en la ciudad de <a href=\"https:\/\/es.wikipedia.org\/wiki\/Madrid\">Madrid<\/a>. Es autora del libro <em>#SeAcab\u00f3<\/em> (Revista Contexto SL, 2023), y tambi\u00e9n escribe regularmente para <em>El Salto<\/em>, <em>elDiario.es<\/em> y <em>Ctxt<\/em>. Irene fue presentadora en la mesa redonda \u00abNuevos medios y formas de comunicar: contracr\u00edticas, paradigmas y paradigmas a trav\u00e9s de g\u00e9neros\u00bb durante el evento de un d\u00eda de duraci\u00f3n Espa\u00f1as Globales en el Ateneo La Maliciosa.<\/p>\n\n\n\n<figure class=\"wp-block-table has-dm-serif-display-font-family\"><table class=\"has-vivid-red-color has-pale-ocean-gradient-background has-text-color has-background has-link-color has-fixed-layout\"><tbody><tr><td><span class=\"has-superb-addons-text-align-justify\">Este es un video con informaci\u00f3n interesante sobre la actualidad geopol\u00edtica que comparto en mi p\u00e1gina con el intento \u2014pues nunca se sabe\u2014 de evitar la censura que los medios en manos de los globalistas, derechistas, nazis, sionistas, generadores de odio no dejan de ejercer contra los canales alternativos de informaci\u00f3n.<br>Al contenido presentado por el exponente he a\u00f1adido notas aclaratorias sobre conceptos, nombres, situaciones o lugares mencionados en el video que pudieran ayudar a comprender mejor lo que se expone. <mark style=\"background-color:#fcb900\" class=\"has-inline-color\">De hecho, lo recomendable ser\u00eda leer esa informaci\u00f3n antes de escuchar el video. En muchos casos, esas aclaraciones y\/o explicaciones se han presentado aqu\u00ed como enlaces que pueden ser abiertos para leer.<\/mark><br>Aunque la mayor\u00eda de los enlaces para informaci\u00f3n fueron hechos a <em>Wikipedia<\/em>, este autor no necesariamente se adhiere a esta p\u00e1gina como la m\u00e1s fidedigna o genuina para aclarar dudas, pues este sitio tiende a la narrativa derechista del mundo occidental. Sin embargo, es una fuente muy visitada y utilizada como referencia.<br>Este video fue subido al canal de noticias y an\u00e1lisis <strong>CANAL RED \u2013 La Base<\/strong>.<\/span><\/td><\/tr><\/tbody><\/table><\/figure>\n\n\n\n<figure class=\"wp-block-embed is-type-video is-provider-youtube wp-block-embed-youtube wp-embed-aspect-16-9 wp-has-aspect-ratio\"><div class=\"wp-block-embed__wrapper\">\n<div class=\"jetpack-video-wrapper\"><span class=\"embed-youtube\" style=\"text-align:center; display: block;\"><iframe loading=\"lazy\" class=\"youtube-player\" width=\"640\" height=\"360\" src=\"https:\/\/www.youtube.com\/embed\/qX_V-k4JaiI?version=3&#038;rel=1&#038;showsearch=0&#038;showinfo=1&#038;iv_load_policy=1&#038;fs=1&#038;hl=en-US&#038;autohide=2&#038;wmode=transparent\" allowfullscreen=\"true\" style=\"border:0;\" sandbox=\"allow-scripts allow-same-origin allow-popups allow-presentation allow-popups-to-escape-sandbox\"><\/iframe><\/span><\/div>\n<\/div><figcaption class=\"wp-element-caption\"><strong>La Base 6&#215;106 | Una IA para gobernarlos a todos<\/strong>. 23 de marzo de 2026.<\/figcaption><\/figure>\n\n\n\n<p class=\"has-syne-font-family has-medium-font-size has-custom-font wp-block-paragraph\" style=\"font-family:syne\">En la descripci\u00f3n del video se adelanta:<\/p>\n\n\n\n<p class=\"has-text-align-justify has-syne-font-family has-medium-font-size has-custom-font wp-block-paragraph\" style=\"font-family:syne\">En el programa de hoy, 23\/3\/2026, Manu Levin, Irene Zugasti y Laura Arroyo analizan a la empresa Palantir, del multimillonario aliado de Trump Peter Thiel, y su papel introduciendo la IA en la industria militar global. Con la participaci\u00f3n del periodista y autor del libro \u00abUtop\u00edas Digitales\u00bb, Ekaitz Cancela.<\/p>\n\n\n\n<p class=\"has-text-align-justify has-syne-font-family has-medium-font-size has-custom-font wp-block-paragraph\" style=\"font-family:syne\"><a href=\"https:\/\/es.wikipedia.org\/wiki\/Alex_Karp\">Alexander Caedmon Karp<\/a>, cofundador y director ejecutivo de la empresa de <em>software<\/em>\u00a0<a href=\"https:\/\/es.wikipedia.org\/wiki\/Palantir_Technologies\">Palantir Technologies<\/a>. <\/p>\n\n\n\n<p class=\"has-text-align-center has-text-align-justify has-syne-font-family has-medium-font-size has-custom-font wp-block-paragraph\" style=\"font-family:syne\"><img data-recalc-dims=\"1\" loading=\"lazy\" decoding=\"async\" width=\"210\" height=\"209\" data-attachment-id=\"31341\" data-permalink=\"https:\/\/elabrevaderojm.com\/en\/2026\/06\/26\/inteligencia-artificial-aliada-o-enemiga-i-la-palantir-de-thiel-y-karp-analisis-de-canal-red-la-base\/alex-karp\/\" data-orig-file=\"https:\/\/i0.wp.com\/elabrevaderojm.com\/wp-content\/uploads\/2026\/06\/alex-karp.jpg?fit=361%2C360&amp;ssl=1\" data-orig-size=\"361,360\" data-comments-opened=\"1\" data-image-meta=\"{&quot;aperture&quot;:&quot;0&quot;,&quot;credit&quot;:&quot;&quot;,&quot;camera&quot;:&quot;&quot;,&quot;caption&quot;:&quot;&quot;,&quot;created_timestamp&quot;:&quot;0&quot;,&quot;copyright&quot;:&quot;&quot;,&quot;focal_length&quot;:&quot;0&quot;,&quot;iso&quot;:&quot;0&quot;,&quot;shutter_speed&quot;:&quot;0&quot;,&quot;title&quot;:&quot;&quot;,&quot;orientation&quot;:&quot;1&quot;,&quot;alt&quot;:&quot;&quot;}\" data-image-title=\"alex karp\" data-image-description=\"\" data-image-caption=\"\" data-large-file=\"https:\/\/i0.wp.com\/elabrevaderojm.com\/wp-content\/uploads\/2026\/06\/alex-karp.jpg?fit=361%2C360&amp;ssl=1\" class=\"wp-image-31341\" style=\"width: 210px;\" src=\"https:\/\/i0.wp.com\/elabrevaderojm.com\/wp-content\/uploads\/2026\/06\/alex-karp.jpg?resize=210%2C209&#038;ssl=1\" alt=\"\" srcset=\"https:\/\/i0.wp.com\/elabrevaderojm.com\/wp-content\/uploads\/2026\/06\/alex-karp.jpg?w=361&amp;ssl=1 361w, https:\/\/i0.wp.com\/elabrevaderojm.com\/wp-content\/uploads\/2026\/06\/alex-karp.jpg?resize=300%2C299&amp;ssl=1 300w, https:\/\/i0.wp.com\/elabrevaderojm.com\/wp-content\/uploads\/2026\/06\/alex-karp.jpg?resize=150%2C150&amp;ssl=1 150w, https:\/\/i0.wp.com\/elabrevaderojm.com\/wp-content\/uploads\/2026\/06\/alex-karp.jpg?resize=12%2C12&amp;ssl=1 12w\" sizes=\"auto, (max-width: 210px) 100vw, 210px\" \/> <img data-recalc-dims=\"1\" loading=\"lazy\" decoding=\"async\" width=\"161\" height=\"210\" data-attachment-id=\"29766\" data-permalink=\"https:\/\/elabrevaderojm.com\/en\/2026\/04\/01\/archivos-de-epstein-la-cochambre-super-adinerada-de-occidente-fuera-del-alcance-de-la-justicia-1-noticia-y-analisis-de-canal-red-la-base\/peter-thiel\/\" data-orig-file=\"https:\/\/i0.wp.com\/elabrevaderojm.com\/wp-content\/uploads\/2026\/03\/peter-thiel.jpg?fit=303%2C396&amp;ssl=1\" data-orig-size=\"303,396\" data-comments-opened=\"1\" data-image-meta=\"{&quot;aperture&quot;:&quot;0&quot;,&quot;credit&quot;:&quot;&quot;,&quot;camera&quot;:&quot;&quot;,&quot;caption&quot;:&quot;&quot;,&quot;created_timestamp&quot;:&quot;0&quot;,&quot;copyright&quot;:&quot;&quot;,&quot;focal_length&quot;:&quot;0&quot;,&quot;iso&quot;:&quot;0&quot;,&quot;shutter_speed&quot;:&quot;0&quot;,&quot;title&quot;:&quot;&quot;,&quot;orientation&quot;:&quot;1&quot;}\" data-image-title=\"peter thiel\" data-image-description=\"\" data-image-caption=\"\" data-large-file=\"https:\/\/i0.wp.com\/elabrevaderojm.com\/wp-content\/uploads\/2026\/03\/peter-thiel.jpg?fit=303%2C396&amp;ssl=1\" class=\"wp-image-29766\" style=\"width: 161px;\" src=\"https:\/\/i0.wp.com\/elabrevaderojm.com\/wp-content\/uploads\/2026\/03\/peter-thiel.jpg?resize=161%2C210&#038;ssl=1\" alt=\"\" srcset=\"https:\/\/i0.wp.com\/elabrevaderojm.com\/wp-content\/uploads\/2026\/03\/peter-thiel.jpg?w=303&amp;ssl=1 303w, https:\/\/i0.wp.com\/elabrevaderojm.com\/wp-content\/uploads\/2026\/03\/peter-thiel.jpg?resize=230%2C300&amp;ssl=1 230w, https:\/\/i0.wp.com\/elabrevaderojm.com\/wp-content\/uploads\/2026\/03\/peter-thiel.jpg?resize=300%2C392&amp;ssl=1 300w\" sizes=\"auto, (max-width: 161px) 100vw, 161px\" \/><\/p>\n\n\n\n<p class=\"has-text-align-center has-texturina-font-family has-custom-font wp-block-paragraph\" style=\"font-size:15px;font-family:texturina\"><strong>Karp y <a href=\"https:\/\/es.wikipedia.org\/wiki\/Peter_Thiel\">Peter Andreas Thiel<\/a>, la dupla imperialista de \u00abel ojo que quiere verlo todo\u00bb.<\/strong><\/p>\n\n\n\n<figure class=\"wp-block-table has-literata-font-family\"><table class=\"has-pale-ocean-gradient-background has-background has-fixed-layout\" style=\"border-width:4px\"><tbody><tr><td><strong><mark style=\"background-color:rgba(0, 0, 0, 0);color:#f50707\" class=\"has-inline-color\">RELACIONADO<\/mark>: <a href=\"https:\/\/elabrevaderojm.com\/2026\/04\/01\/peter-thiel-punta-de-lanza-antidemocratica-e-imperialista-de-la-magacracia-djt-analisis-con-alan-barroso-arrufat\/\">Peter Thiel: \u00bfPunta de lanza antidemocr\u00e1tica e imperialista de la MAGAcracia DJT? An\u00e1lisis con Al\u00e1n Barroso Arrufat<\/a><\/strong><\/td><\/tr><\/tbody><\/table><\/figure>\n\n\n\n<div class=\"wp-block-media-text is-stacked-on-mobile is-vertically-aligned-top\" style=\"grid-template-columns:25% auto\"><figure class=\"wp-block-media-text__media\"><img data-recalc-dims=\"1\" loading=\"lazy\" decoding=\"async\" width=\"295\" height=\"295\" data-attachment-id=\"31344\" data-permalink=\"https:\/\/elabrevaderojm.com\/en\/2026\/06\/26\/inteligencia-artificial-aliada-o-enemiga-i-la-palantir-de-thiel-y-karp-analisis-de-canal-red-la-base\/meagan-day\/\" data-orig-file=\"https:\/\/i0.wp.com\/elabrevaderojm.com\/wp-content\/uploads\/2026\/06\/meagan-day.jpeg?fit=295%2C295&amp;ssl=1\" data-orig-size=\"295,295\" data-comments-opened=\"1\" data-image-meta=\"{&quot;aperture&quot;:&quot;1.8&quot;,&quot;credit&quot;:&quot;&quot;,&quot;camera&quot;:&quot;Canon EOS 5D Mark III&quot;,&quot;caption&quot;:&quot;&quot;,&quot;created_timestamp&quot;:&quot;1596459447&quot;,&quot;copyright&quot;:&quot;&quot;,&quot;focal_length&quot;:&quot;50&quot;,&quot;iso&quot;:&quot;400&quot;,&quot;shutter_speed&quot;:&quot;0.008&quot;,&quot;title&quot;:&quot;&quot;,&quot;orientation&quot;:&quot;1&quot;,&quot;alt&quot;:&quot;&quot;}\" data-image-title=\"meagan day\" data-image-description=\"\" data-image-caption=\"\" data-large-file=\"https:\/\/i0.wp.com\/elabrevaderojm.com\/wp-content\/uploads\/2026\/06\/meagan-day.jpeg?fit=295%2C295&amp;ssl=1\" src=\"https:\/\/i0.wp.com\/elabrevaderojm.com\/wp-content\/uploads\/2026\/06\/meagan-day.jpeg?resize=295%2C295&#038;ssl=1\" alt=\"\" class=\"wp-image-31344 size-full\" srcset=\"https:\/\/i0.wp.com\/elabrevaderojm.com\/wp-content\/uploads\/2026\/06\/meagan-day.jpeg?w=295&amp;ssl=1 295w, https:\/\/i0.wp.com\/elabrevaderojm.com\/wp-content\/uploads\/2026\/06\/meagan-day.jpeg?resize=150%2C150&amp;ssl=1 150w, https:\/\/i0.wp.com\/elabrevaderojm.com\/wp-content\/uploads\/2026\/06\/meagan-day.jpeg?resize=12%2C12&amp;ssl=1 12w, https:\/\/i0.wp.com\/elabrevaderojm.com\/wp-content\/uploads\/2026\/06\/meagan-day.jpeg?resize=200%2C200&amp;ssl=1 200w\" sizes=\"auto, (max-width: 295px) 100vw, 295px\" \/><\/figure><div class=\"wp-block-media-text__content\">\n<p class=\"has-text-align-justify has-syne-font-family has-custom-font wp-block-paragraph\" style=\"font-size:16px;font-family:syne\"><strong>Meagan Day<\/strong> (en la foto) es una escritora y periodista estadounidense nacida en <a href=\"https:\/\/es.wikipedia.org\/wiki\/Austin\">Austin<\/a>, <a href=\"https:\/\/es.wikipedia.org\/wiki\/Texas\">Texas<\/a>, editora en <a href=\"https:\/\/es.wikipedia.org\/wiki\/Jacobin\"><em>Jacobin<\/em><\/a>, donde anteriormente fue redactora de planta. Tras trabajar para <em>The Believer<\/em> \u2014una revista trimestral estadounidense de entrevistas, ensayos y rese\u00f1as\u2014, y como asistente personal del escritor <a href=\"https:\/\/es.wikipedia.org\/wiki\/Dave_Eggers\">Dave Eggers<\/a> en <em>McSweeney&#8217;s<\/em> \u2014una editorial estadounidense sin \u00e1nimo de lucro\u2014, obtuvo su m\u00e1ster en Goldsmiths, <a href=\"https:\/\/es.wikipedia.org\/wiki\/Universidad_de_Londres\">Universidad de Londres<\/a>, en 2013.<\/p>\n<\/div><\/div>\n\n\n\n<p class=\"has-text-align-justify has-syne-font-family has-medium-font-size has-custom-font wp-block-paragraph\" style=\"font-family:syne\">Tras trabajar brevemente en <a href=\"https:\/\/es.wikipedia.org\/wiki\/Mother_Jones_(revista)\"><em>Mother Jones<\/em><\/a>, Day fue contratada en <em>Jacobin<\/em> en 2017 como redactora a tiempo completo. Es autora del libro <em>Maximum Sunlight<\/em> (2016) y coautora del libro <em>Bigger than Bernie<\/em> (2020; \u00abM\u00e1s grande que Bernie: C\u00f3mo podemos ganar el socialismo democr\u00e1tico en nuestro tiempo\u00bb), junto con Micah Uetricht<em>.<\/em> Day se ha descrito a s\u00ed misma como socialista y es una miembro activa de los <a href=\"https:\/\/es.wikipedia.org\/wiki\/Socialistas_Democr%C3%A1ticos_de_Am%C3%A9rica\">Socialistas Democr\u00e1ticos de Am\u00e9rica<\/a>.<\/p>\n\n\n\n<p class=\"has-text-align-center has-text-align-justify has-syne-font-family has-medium-font-size has-custom-font wp-block-paragraph\" style=\"font-family:syne\"> <img data-recalc-dims=\"1\" loading=\"lazy\" decoding=\"async\" width=\"150\" height=\"200\" data-attachment-id=\"31351\" data-permalink=\"https:\/\/elabrevaderojm.com\/en\/2026\/06\/26\/inteligencia-artificial-aliada-o-enemiga-i-la-palantir-de-thiel-y-karp-analisis-de-canal-red-la-base\/jacobin_fall_2013_cover\/\" data-orig-file=\"https:\/\/i0.wp.com\/elabrevaderojm.com\/wp-content\/uploads\/2026\/06\/Jacobin_fall_2013_cover.jpg?fit=273%2C364&amp;ssl=1\" data-orig-size=\"273,364\" data-comments-opened=\"1\" data-image-meta=\"{&quot;aperture&quot;:&quot;0&quot;,&quot;credit&quot;:&quot;&quot;,&quot;camera&quot;:&quot;&quot;,&quot;caption&quot;:&quot;&quot;,&quot;created_timestamp&quot;:&quot;0&quot;,&quot;copyright&quot;:&quot;&quot;,&quot;focal_length&quot;:&quot;0&quot;,&quot;iso&quot;:&quot;0&quot;,&quot;shutter_speed&quot;:&quot;0&quot;,&quot;title&quot;:&quot;&quot;,&quot;orientation&quot;:&quot;1&quot;,&quot;alt&quot;:&quot;&quot;}\" data-image-title=\"Jacobin_fall_2013_cover\" data-image-description=\"\" data-image-caption=\"\" data-large-file=\"https:\/\/i0.wp.com\/elabrevaderojm.com\/wp-content\/uploads\/2026\/06\/Jacobin_fall_2013_cover.jpg?fit=273%2C364&amp;ssl=1\" class=\"wp-image-31351\" style=\"width: 150px;\" src=\"https:\/\/i0.wp.com\/elabrevaderojm.com\/wp-content\/uploads\/2026\/06\/Jacobin_fall_2013_cover.jpg?resize=150%2C200&#038;ssl=1\" alt=\"\" srcset=\"https:\/\/i0.wp.com\/elabrevaderojm.com\/wp-content\/uploads\/2026\/06\/Jacobin_fall_2013_cover.jpg?w=273&amp;ssl=1 273w, https:\/\/i0.wp.com\/elabrevaderojm.com\/wp-content\/uploads\/2026\/06\/Jacobin_fall_2013_cover.jpg?resize=225%2C300&amp;ssl=1 225w, https:\/\/i0.wp.com\/elabrevaderojm.com\/wp-content\/uploads\/2026\/06\/Jacobin_fall_2013_cover.jpg?resize=9%2C12&amp;ssl=1 9w\" sizes=\"auto, (max-width: 150px) 100vw, 150px\" \/> <img data-recalc-dims=\"1\" loading=\"lazy\" decoding=\"async\" width=\"132\" height=\"200\" data-attachment-id=\"31352\" data-permalink=\"https:\/\/elabrevaderojm.com\/en\/2026\/06\/26\/inteligencia-artificial-aliada-o-enemiga-i-la-palantir-de-thiel-y-karp-analisis-de-canal-red-la-base\/bigger-than-bernie-libro\/\" data-orig-file=\"https:\/\/i0.wp.com\/elabrevaderojm.com\/wp-content\/uploads\/2026\/06\/bigger-than-Bernie-libro.jpg?fit=215%2C325&amp;ssl=1\" data-orig-size=\"215,325\" data-comments-opened=\"1\" data-image-meta=\"{&quot;aperture&quot;:&quot;0&quot;,&quot;credit&quot;:&quot;&quot;,&quot;camera&quot;:&quot;&quot;,&quot;caption&quot;:&quot;&quot;,&quot;created_timestamp&quot;:&quot;0&quot;,&quot;copyright&quot;:&quot;&quot;,&quot;focal_length&quot;:&quot;0&quot;,&quot;iso&quot;:&quot;0&quot;,&quot;shutter_speed&quot;:&quot;0&quot;,&quot;title&quot;:&quot;&quot;,&quot;orientation&quot;:&quot;1&quot;,&quot;alt&quot;:&quot;&quot;}\" data-image-title=\"bigger than Bernie libro\" data-image-description=\"\" data-image-caption=\"\" data-large-file=\"https:\/\/i0.wp.com\/elabrevaderojm.com\/wp-content\/uploads\/2026\/06\/bigger-than-Bernie-libro.jpg?fit=215%2C325&amp;ssl=1\" class=\"wp-image-31352\" style=\"width: 132px;\" src=\"https:\/\/i0.wp.com\/elabrevaderojm.com\/wp-content\/uploads\/2026\/06\/bigger-than-Bernie-libro.jpg?resize=132%2C200&#038;ssl=1\" alt=\"\" srcset=\"https:\/\/i0.wp.com\/elabrevaderojm.com\/wp-content\/uploads\/2026\/06\/bigger-than-Bernie-libro.jpg?w=215&amp;ssl=1 215w, https:\/\/i0.wp.com\/elabrevaderojm.com\/wp-content\/uploads\/2026\/06\/bigger-than-Bernie-libro.jpg?resize=198%2C300&amp;ssl=1 198w, https:\/\/i0.wp.com\/elabrevaderojm.com\/wp-content\/uploads\/2026\/06\/bigger-than-Bernie-libro.jpg?resize=8%2C12&amp;ssl=1 8w\" sizes=\"auto, (max-width: 132px) 100vw, 132px\" \/><\/p>\n\n\n\n<p class=\"has-text-align-center has-texturina-font-family has-custom-font wp-block-paragraph\" style=\"font-size:15px;font-family:texturina\"><strong>Portada de oto\u00f1o del 2013 de <em>Jacobin<\/em> (foto subida por <em>Jacobin magazine<\/em>\u00a0&#8211;\u00a0<a href=\"http:\/\/jacobinmag.com\/\">http:\/\/jacobinmag.com<\/a>) y el libro. <\/strong><\/p>\n\n\n\n<p class=\"has-text-align-justify has-syne-font-family has-medium-font-size has-custom-font wp-block-paragraph\" style=\"font-family:syne\"><a href=\"https:\/\/es.wikipedia.org\/wiki\/Proyecto_Maven\">Proyecto Maven<\/a>\u00a0(oficialmente:\u00a0<em>Algorithmic Warfare Cross Functional Team<\/em>), <a href=\"https:\/\/es.wikipedia.org\/wiki\/Silicon_Valley\">Silicon Valley<\/a>, <a href=\"https:\/\/es.wikipedia.org\/wiki\/Mark_Zuckerberg\">Mark Elliot Zuckerberg<\/a>, fundador y director ejecutivo de <a href=\"https:\/\/es.wikipedia.org\/wiki\/Meta_Platforms\">Meta Platforms, Inc.<\/a>, <a href=\"https:\/\/es.wikipedia.org\/wiki\/Oracle_Corporation\">Oracle Corporation<\/a>, <a href=\"https:\/\/es.wikipedia.org\/wiki\/Coinbase\">Coinbase Global, Inc.<\/a>, <a href=\"https:\/\/es.wikipedia.org\/wiki\/In-Q-Tel\">In-Q-Tel<\/a>, <a href=\"https:\/\/es.wikipedia.org\/wiki\/Merck_Sharp_and_Dohme\">Merck &amp; Co., Inc.<\/a>\u00a0(tambi\u00e9n,\u00a0Merck Sharp &amp; Dohme), <a href=\"https:\/\/es.wikipedia.org\/wiki\/J%C3%BCrgen_Habermas\">J\u00fcrgen Habermas<\/a>, <strong>DOGE (<\/strong><em>Department of Government Efficiency<\/em>; <a href=\"https:\/\/es.wikipedia.org\/wiki\/Departamento_de_Eficiencia_Gubernamental\">Departamento de Eficiencia Gubernamental<\/a>), <a href=\"https:\/\/es.wikipedia.org\/wiki\/Steve_Bannon\">Stephen Kevin Bannon<\/a>, <a href=\"https:\/\/es.wikipedia.org\/wiki\/Greta_Thunberg\">Greta Tintin Eleonora Ernman Thunberg<\/a>, <a href=\"https:\/\/es.wikipedia.org\/wiki\/Woke\"><em>Woke<\/em><\/a>, <strong>BBVA <\/strong>es <a href=\"https:\/\/es.wikipedia.org\/wiki\/BBVA\">Banco Bilbao Vizcaya Argentaria S.A.<\/a><\/p>\n\n\n\n<figure class=\"wp-block-gallery has-nested-images columns-4 is-cropped wp-block-gallery-1 is-layout-flex wp-block-gallery-is-layout-flex\">\n<figure class=\"wp-block-image size-large\"><img data-recalc-dims=\"1\" loading=\"lazy\" decoding=\"async\" width=\"127\" height=\"168\" data-attachment-id=\"29741\" data-permalink=\"https:\/\/elabrevaderojm.com\/en\/2026\/03\/31\/bernie-sanders-en-la-vanguardia-del-rescate-de-la-democracia-los-valores-y-el-civismo-en-estados-unidos-noticia-y-comentarios-de-alan-barroso-arrufat\/mark-zuckerberg\/\" data-orig-file=\"https:\/\/i0.wp.com\/elabrevaderojm.com\/wp-content\/uploads\/2026\/03\/mark-zuckerberg.jpg?fit=127%2C168&amp;ssl=1\" data-orig-size=\"127,168\" data-comments-opened=\"1\" data-image-meta=\"{&quot;aperture&quot;:&quot;0&quot;,&quot;credit&quot;:&quot;&quot;,&quot;camera&quot;:&quot;&quot;,&quot;caption&quot;:&quot;&quot;,&quot;created_timestamp&quot;:&quot;0&quot;,&quot;copyright&quot;:&quot;&quot;,&quot;focal_length&quot;:&quot;0&quot;,&quot;iso&quot;:&quot;0&quot;,&quot;shutter_speed&quot;:&quot;0&quot;,&quot;title&quot;:&quot;&quot;,&quot;orientation&quot;:&quot;1&quot;}\" data-image-title=\"mark zuckerberg\" data-image-description=\"\" data-image-caption=\"\" data-large-file=\"https:\/\/i0.wp.com\/elabrevaderojm.com\/wp-content\/uploads\/2026\/03\/mark-zuckerberg.jpg?fit=127%2C168&amp;ssl=1\" data-id=\"29741\" src=\"https:\/\/i0.wp.com\/elabrevaderojm.com\/wp-content\/uploads\/2026\/03\/mark-zuckerberg.jpg?resize=127%2C168&#038;ssl=1\" alt=\"\" class=\"wp-image-29741\"\/><figcaption class=\"wp-element-caption\"><strong>Zuckerberg<\/strong><\/figcaption><\/figure>\n\n\n\n<figure class=\"wp-block-image size-large\"><img data-recalc-dims=\"1\" loading=\"lazy\" decoding=\"async\" width=\"300\" height=\"300\" data-attachment-id=\"31356\" data-permalink=\"https:\/\/elabrevaderojm.com\/en\/2026\/06\/26\/inteligencia-artificial-aliada-o-enemiga-i-la-palantir-de-thiel-y-karp-analisis-de-canal-red-la-base\/jurgen-habermas\/\" data-orig-file=\"https:\/\/i0.wp.com\/elabrevaderojm.com\/wp-content\/uploads\/2026\/06\/jurgen-habermas.jpg?fit=300%2C300&amp;ssl=1\" data-orig-size=\"300,300\" data-comments-opened=\"1\" data-image-meta=\"{&quot;aperture&quot;:&quot;0&quot;,&quot;credit&quot;:&quot;&quot;,&quot;camera&quot;:&quot;&quot;,&quot;caption&quot;:&quot;&quot;,&quot;created_timestamp&quot;:&quot;0&quot;,&quot;copyright&quot;:&quot;&quot;,&quot;focal_length&quot;:&quot;0&quot;,&quot;iso&quot;:&quot;0&quot;,&quot;shutter_speed&quot;:&quot;0&quot;,&quot;title&quot;:&quot;&quot;,&quot;orientation&quot;:&quot;0&quot;,&quot;alt&quot;:&quot;&quot;}\" data-image-title=\"jurgen habermas\" data-image-description=\"\" data-image-caption=\"\" data-large-file=\"https:\/\/i0.wp.com\/elabrevaderojm.com\/wp-content\/uploads\/2026\/06\/jurgen-habermas.jpg?fit=300%2C300&amp;ssl=1\" data-id=\"31356\" src=\"https:\/\/i0.wp.com\/elabrevaderojm.com\/wp-content\/uploads\/2026\/06\/jurgen-habermas.jpg?resize=300%2C300&#038;ssl=1\" alt=\"\" class=\"wp-image-31356\" srcset=\"https:\/\/i0.wp.com\/elabrevaderojm.com\/wp-content\/uploads\/2026\/06\/jurgen-habermas.jpg?w=300&amp;ssl=1 300w, https:\/\/i0.wp.com\/elabrevaderojm.com\/wp-content\/uploads\/2026\/06\/jurgen-habermas.jpg?resize=150%2C150&amp;ssl=1 150w, https:\/\/i0.wp.com\/elabrevaderojm.com\/wp-content\/uploads\/2026\/06\/jurgen-habermas.jpg?resize=12%2C12&amp;ssl=1 12w\" sizes=\"auto, (max-width: 300px) 100vw, 300px\" \/><figcaption class=\"wp-element-caption\"><strong>Habermas<\/strong><\/figcaption><\/figure>\n\n\n\n<figure class=\"wp-block-image size-large\"><img data-recalc-dims=\"1\" loading=\"lazy\" decoding=\"async\" width=\"274\" height=\"288\" data-attachment-id=\"31357\" data-permalink=\"https:\/\/elabrevaderojm.com\/en\/2026\/06\/26\/inteligencia-artificial-aliada-o-enemiga-i-la-palantir-de-thiel-y-karp-analisis-de-canal-red-la-base\/steve-bannon\/\" data-orig-file=\"https:\/\/i0.wp.com\/elabrevaderojm.com\/wp-content\/uploads\/2026\/06\/steve-bannon.jpg?fit=274%2C288&amp;ssl=1\" data-orig-size=\"274,288\" data-comments-opened=\"1\" data-image-meta=\"{&quot;aperture&quot;:&quot;0&quot;,&quot;credit&quot;:&quot;&quot;,&quot;camera&quot;:&quot;&quot;,&quot;caption&quot;:&quot;&quot;,&quot;created_timestamp&quot;:&quot;0&quot;,&quot;copyright&quot;:&quot;&quot;,&quot;focal_length&quot;:&quot;0&quot;,&quot;iso&quot;:&quot;0&quot;,&quot;shutter_speed&quot;:&quot;0&quot;,&quot;title&quot;:&quot;&quot;,&quot;orientation&quot;:&quot;1&quot;,&quot;alt&quot;:&quot;&quot;}\" data-image-title=\"steve bannon\" data-image-description=\"\" data-image-caption=\"\" data-large-file=\"https:\/\/i0.wp.com\/elabrevaderojm.com\/wp-content\/uploads\/2026\/06\/steve-bannon.jpg?fit=274%2C288&amp;ssl=1\" data-id=\"31357\" src=\"https:\/\/i0.wp.com\/elabrevaderojm.com\/wp-content\/uploads\/2026\/06\/steve-bannon.jpg?resize=274%2C288&#038;ssl=1\" alt=\"\" class=\"wp-image-31357\" srcset=\"https:\/\/i0.wp.com\/elabrevaderojm.com\/wp-content\/uploads\/2026\/06\/steve-bannon.jpg?w=274&amp;ssl=1 274w, https:\/\/i0.wp.com\/elabrevaderojm.com\/wp-content\/uploads\/2026\/06\/steve-bannon.jpg?resize=11%2C12&amp;ssl=1 11w\" sizes=\"auto, (max-width: 274px) 100vw, 274px\" \/><figcaption class=\"wp-element-caption\"><strong>Bannon<\/strong><\/figcaption><\/figure>\n\n\n\n<figure class=\"wp-block-image size-large\"><img data-recalc-dims=\"1\" loading=\"lazy\" decoding=\"async\" width=\"280\" height=\"390\" data-attachment-id=\"29943\" data-permalink=\"https:\/\/elabrevaderojm.com\/en\/2026\/04\/05\/1-premio-ya-desprestigiado-y-patetico-podria-caer-mas-bajo-3-debate-en-canal-red\/greta-thunberg\/\" data-orig-file=\"https:\/\/i0.wp.com\/elabrevaderojm.com\/wp-content\/uploads\/2026\/04\/greta-thunberg.jpg?fit=280%2C390&amp;ssl=1\" data-orig-size=\"280,390\" data-comments-opened=\"1\" data-image-meta=\"{&quot;aperture&quot;:&quot;0&quot;,&quot;credit&quot;:&quot;&quot;,&quot;camera&quot;:&quot;&quot;,&quot;caption&quot;:&quot;&quot;,&quot;created_timestamp&quot;:&quot;0&quot;,&quot;copyright&quot;:&quot;&quot;,&quot;focal_length&quot;:&quot;0&quot;,&quot;iso&quot;:&quot;0&quot;,&quot;shutter_speed&quot;:&quot;0&quot;,&quot;title&quot;:&quot;&quot;,&quot;orientation&quot;:&quot;1&quot;}\" data-image-title=\"greta thunberg\" data-image-description=\"\" data-image-caption=\"\" data-large-file=\"https:\/\/i0.wp.com\/elabrevaderojm.com\/wp-content\/uploads\/2026\/04\/greta-thunberg.jpg?fit=280%2C390&amp;ssl=1\" data-id=\"29943\" src=\"https:\/\/i0.wp.com\/elabrevaderojm.com\/wp-content\/uploads\/2026\/04\/greta-thunberg.jpg?resize=280%2C390&#038;ssl=1\" alt=\"\" class=\"wp-image-29943\" srcset=\"https:\/\/i0.wp.com\/elabrevaderojm.com\/wp-content\/uploads\/2026\/04\/greta-thunberg.jpg?w=280&amp;ssl=1 280w, https:\/\/i0.wp.com\/elabrevaderojm.com\/wp-content\/uploads\/2026\/04\/greta-thunberg.jpg?resize=215%2C300&amp;ssl=1 215w\" sizes=\"auto, (max-width: 280px) 100vw, 280px\" \/><figcaption class=\"wp-element-caption\"><strong>Greta<\/strong><\/figcaption><\/figure>\n<\/figure>\n\n\n\n<p class=\"wp-block-paragraph\"><\/p>\n\n\n\n<p class=\"has-text-align-justify has-syne-font-family has-medium-font-size has-custom-font wp-block-paragraph\" style=\"font-family:syne\"><strong>Ekaitz Cancela Rodr\u00edguez<\/strong> es un escritor que lleva una d\u00e9cada investigando la intersecci\u00f3n entre tecnolog\u00eda y capitalismo. Trabaja en el Centro para el Avance de la Imaginaci\u00f3n Infraestructural (CAII). Tambi\u00e9n es cofundador y editor de Verso Libros y est\u00e1 realizando un doctorado sobre la transformaci\u00f3n del Estado en la era digital, dentro del grupo de Tecnopol\u00edtica del CNSC\/IN3 de la UOC. Sus libros anteriores son <em>Despertar del sue\u00f1o inform\u00e1tico<\/em> (Akal, 2019) y <em>El TTIP y sus efectos colaterales<\/em> (Planeta, 2015) (seg\u00fan informaci\u00f3n subida en <a href=\"https:\/\/www.hayfestival.com\/artist.aspx?artistid=11875\">https:\/\/www.hayfestival.com\/artist.aspx?artistid=11875<\/a>).<\/p>\n\n\n<div class=\"wp-block-coblocks-shape-divider is-style-hills is-vertically-flipped mt-0 mb-0\" style=\"color: #111;\" aria-hidden=\"true\">\n\t\t\t<div class=\"wp-block-coblocks-shape-divider__svg-wrapper\" style=\"height:100px;\">\n\t\t\t\t<svg class=\"divider--hills\" viewBox=\"0 0 1920 105\" xmlns=\"http:\/\/www.w3.org\/2000\/svg\" preserveAspectRatio=\"none\"><g fillRule=\"evenodd\" transform=\"matrix(1 0 0 -1 0 105)\"><path d=\"m1920 14.8827052c-116.23325 0-224.05162 88.3906828-395.09265 88.3906828-160.92196 0-254.53172-83.4344997-444.90735-83.4344997-154.297581 0-240.095847 39.6344097-367.66819 39.6344097-154.121863 0-198.902329-36.1223133-349.458242-36.1223133-144.878137 0-241.175717 80.8685493-362.873568 80.8685493 0-34.0793243 0-68.1494291 0-102.219534h1920z\" \/><path d=\"m1920 14.6612844c-116.11434 0-223.9659 88.8291396-395.06196 88.8291396-160.92415 0-254.54487-83.7874573-444.93804-83.7874573-154.317311 0-240.088941 39.8974838-367.565152 39.8974838-154.034172 0-198.792715-36.4840402-349.164477-36.4840402-144.965828 0-241.283139 81.1250467-363.270371 81.1250467 0-34.7474052 0-69.4948104 0-104.241457h1920z\" \/><\/g><\/svg>\n\t\t\t<\/div>\n\t\t\t<div class=\"wp-block-coblocks-shape-divider__alt-wrapper\" style=\"height:50px;\"><\/div>\n\t\t<\/div>\n\n\n<p class=\"wp-block-paragraph\"><\/p>\n\n\n\n<p class=\"has-text-align-justify has-syne-font-family has-medium-font-size has-custom-font wp-block-paragraph\" style=\"font-family:syne\">El debate est\u00e1 encendido, pero los multimillonarios que se ocupan de esta tecnolog\u00eda ni detienen su trabajo ni su ret\u00f3rica sobre los beneficios de la IA. Los militares tambi\u00e9n apoyan el desarrollo de esta tecnolog\u00eda, porque defienden que definir\u00e1 las guerras del futuro y a los hegem\u00f3nicos del planeta. &nbsp;<\/p>\n\n\n\n<p class=\"has-text-align-justify has-syne-font-family has-medium-font-size has-custom-font wp-block-paragraph\" style=\"font-family:syne\">\u00bfA qui\u00e9n ve usted, que ley\u00f3, en todo esto: a David o a Walter? Si tiene una posici\u00f3n sobre este tema h\u00e1gase leer en los comentarios.<\/p>\n\n\n\n<hr class=\"wp-block-separator has-alpha-channel-opacity\"\/>\n\n\n\n<p class=\"has-text-align-justify wp-block-paragraph\" style=\"font-size:17px\">Si te ha gustado este art\u00edculo, demu\u00e9stralo con un \u00abpulgar arriba\u00bb y un \u00abaplauso\u00bb, y compartiendo el contenido con tus amistades y en tus redes sociales. Es muy gratificante. Y quiz\u00e1s otras personas se enteren de estas cosas interesantes que has le\u00eddo hoy.<\/p>\n\n\n\n<p class=\"has-text-align-justify wp-block-paragraph\" style=\"font-size:17px\">Si tienes algo que comentar, preguntar o agregar, o decirme como expositor, por favor hazlo dejando tu comentario.<\/p>\n\n\n\n<p class=\"has-text-align-justify wp-block-paragraph\" style=\"font-size:17px\">Siempre lo mejor para estar al tanto de estas interesantes entregas es suscribirte a mi blog, que trato de surtir con nuevos trabajos siempre que me sea posible.<\/p>\n\n\n\n<p class=\"wp-block-paragraph\" style=\"font-size:17px\">Gracias por leer.<\/p>\n\n\n\n<div class=\"wp-block-comments\">\n\t\t<div id=\"respond\" class=\"comment-respond wp-block-post-comments-form\">\n\t\t\t<h3 id=\"reply-title\" class=\"comment-reply-title\">Leave a Reply<small><a rel=\"nofollow\" id=\"cancel-comment-reply-link\" href=\"\/en\/wp-json\/wp\/v2\/posts\/31327#respond\" style=\"display:none;\">Cancel reply<\/a><\/small><\/h3>\t\t\t<form id=\"commentform\" class=\"comment-form\">\n\t\t\t\t<iframe\n\t\t\t\t\ttitle=\"Comment Form\"\n\t\t\t\t\tsrc=\"https:\/\/jetpack.wordpress.com\/jetpack-comment\/?blogid=153735515&#038;postid=31327&#038;comment_registration=0&#038;require_name_email=0&#038;stc_enabled=1&#038;stb_enabled=1&#038;show_avatars=1&#038;avatar_default=identicon&#038;greeting=Leave+a+Reply&#038;jetpack_comments_nonce=b508000985&#038;greeting_reply=Leave+a+Reply+to+%25s&#038;color_scheme=light&#038;lang=en_US&#038;jetpack_version=16.2-a.5&#038;iframe_unique_id=2&#038;show_cookie_consent=10&#038;has_cookie_consent=0&#038;is_current_user_subscribed=0&#038;token_key=%3Bnormal%3B&#038;sig=d60c35ac66c717cefae9728dafd01999229b0731#parent=https%3A%2F%2Felabrevaderojm.com%2Fen%2Fwp-json%2Fwp%2Fv2%2Fposts%2F31327\"\n\t\t\t\t\t\t\t\t\t\t\tname=\"jetpack_remote_comment\"\n\t\t\t\t\t\tstyle=\"width:100%; height: 430px; border:0;\"\n\t\t\t\t\t\t\t\t\t\tclass=\"jetpack_remote_comment\"\n\t\t\t\t\tid=\"jetpack_remote_comment\"\n\t\t\t\t\tsandbox=\"allow-same-origin allow-top-navigation allow-scripts allow-forms allow-popups\"\n\t\t\t\t>\n\t\t\t\t\t\t\t\t\t<\/iframe>\n\t\t\t\t\t\t\t\t\t<!--[if !IE]><!-->\n\t\t\t\t\t<script>\n\t\t\t\t\t\tdocument.addEventListener('DOMContentLoaded', function () {\n\t\t\t\t\t\t\tvar commentForms = document.getElementsByClassName('jetpack_remote_comment');\n\t\t\t\t\t\t\tfor (var i = 0; i < commentForms.length; i++) {\n\t\t\t\t\t\t\t\tcommentForms[i].allowTransparency = false;\n\t\t\t\t\t\t\t\tcommentForms[i].scrolling = 'no';\n\t\t\t\t\t\t\t}\n\t\t\t\t\t\t});\n\t\t\t\t\t<\/script>\n\t\t\t\t\t<!--<![endif]-->\n\t\t\t\t\t\t\t<\/form>\n\t\t<\/div>\n\n\t\t\n\t\t<input type=\"hidden\" name=\"comment_parent\" id=\"comment_parent\" value=\"\" \/>\n\n\t\t<\/div>\n\n\n<div class=\"crowdsignal-vote-wrapper\" data-crowdsignal-vote=\"{&quot;pollId&quot;:&quot;34dfca77-9012-460e-9c24-e26d3f2024fb&quot;,&quot;title&quot;:&quot;Votaci\\u00f3n sin t\\u00edtulo&quot;,&quot;hideBranding&quot;:false,&quot;pollStatus&quot;:&quot;open&quot;,&quot;size&quot;:&quot;medium&quot;,&quot;borderWidth&quot;:1,&quot;borderRadius&quot;:5,&quot;hideResults&quot;:false,&quot;TrpContentRestriction&quot;:{&quot;restriction_type&quot;:&quot;exclude&quot;,&quot;selected_languages&quot;:[],&quot;panel_open&quot;:true},&quot;apiPollData&quot;:{&quot;id&quot;:17172614,&quot;question&quot;:&quot;&quot;,&quot;note&quot;:&quot;&quot;,&quot;settings&quot;:{&quot;title&quot;:&quot;Votaci\\u00f3n sin t\\u00edtulo&quot;,&quot;after_vote&quot;:&quot;results&quot;,&quot;after_message&quot;:&quot;&quot;,&quot;randomize_answers&quot;:false,&quot;restrict_vote_repeat&quot;:false,&quot;captcha&quot;:false,&quot;multiple_choice&quot;:false,&quot;redirect_url&quot;:&quot;&quot;,&quot;close_status&quot;:&quot;open&quot;,&quot;close_after&quot;:false},&quot;answers&quot;:[{&quot;answer_text&quot;:&quot;up&quot;,&quot;id&quot;:75062314,&quot;client_id&quot;:&quot;2f4a0b93-e3d6-49a8-8d75-6ff1f98f1e71&quot;},{&quot;answer_text&quot;:&quot;down&quot;,&quot;id&quot;:75062315,&quot;client_id&quot;:&quot;a82e1b46-5d8c-4b84-af30-3d6d9394ee5f&quot;}],&quot;source_link&quot;:&quot;https:\\\/\\\/elabrevaderojm.com&quot;,&quot;client_id&quot;:&quot;34dfca77-9012-460e-9c24-e26d3f2024fb&quot;}}\">\n<div data-crowdsignal-vote-item=\"{&quot;answerId&quot;:&quot;2f4a0b93-e3d6-49a8-8d75-6ff1f98f1e71&quot;,&quot;type&quot;:&quot;up&quot;,&quot;TrpContentRestriction&quot;:{&quot;restriction_type&quot;:&quot;exclude&quot;,&quot;selected_languages&quot;:[],&quot;panel_open&quot;:true}}\"><\/div>\n\n<div data-crowdsignal-vote-item=\"{&quot;answerId&quot;:&quot;a82e1b46-5d8c-4b84-af30-3d6d9394ee5f&quot;,&quot;type&quot;:&quot;down&quot;,&quot;TrpContentRestriction&quot;:{&quot;restriction_type&quot;:&quot;exclude&quot;,&quot;selected_languages&quot;:[],&quot;panel_open&quot;:true}}\"><\/div>\n<\/div>\n\n<div class=\"crowdsignal-applause-wrapper\" data-crowdsignal-applause=\"{&quot;pollId&quot;:&quot;407b97af-da31-4dd3-8689-6aeb6db1120c&quot;,&quot;title&quot;:&quot;Aplauso sin t\\u00edtulo&quot;,&quot;answerId&quot;:&quot;878a71ea-e930-4043-82d5-164e59d3d479&quot;,&quot;hideBranding&quot;:false,&quot;size&quot;:&quot;medium&quot;,&quot;pollStatus&quot;:&quot;open&quot;,&quot;TrpContentRestriction&quot;:{&quot;restriction_type&quot;:&quot;exclude&quot;,&quot;selected_languages&quot;:[],&quot;panel_open&quot;:true},&quot;apiPollData&quot;:{&quot;id&quot;:17172615,&quot;question&quot;:&quot;&quot;,&quot;note&quot;:&quot;&quot;,&quot;settings&quot;:{&quot;title&quot;:&quot;Aplauso sin t\\u00edtulo&quot;,&quot;after_vote&quot;:&quot;results&quot;,&quot;after_message&quot;:&quot;&quot;,&quot;randomize_answers&quot;:false,&quot;restrict_vote_repeat&quot;:false,&quot;captcha&quot;:false,&quot;multiple_choice&quot;:false,&quot;redirect_url&quot;:&quot;&quot;,&quot;close_status&quot;:&quot;open&quot;,&quot;close_after&quot;:false},&quot;answers&quot;:[{&quot;answer_text&quot;:&quot;clap&quot;,&quot;id&quot;:75062316,&quot;client_id&quot;:&quot;878a71ea-e930-4043-82d5-164e59d3d479&quot;}],&quot;source_link&quot;:&quot;https:\\\/\\\/elabrevaderojm.com&quot;,&quot;client_id&quot;:&quot;407b97af-da31-4dd3-8689-6aeb6db1120c&quot;}}\"><\/div>\n\n\n<p class=\"wp-block-paragraph\"><\/p>\n","protected":false},"excerpt":{"rendered":"<p>Supongo que en estos tiempos haya muy poca gente que no hable, piense o sepa de la Inteligencia Artificial. Tras haber estado en la literatura y el cine de ciencia-ficci\u00f3n, hoy domina&#8230;<\/p>","protected":false},"author":147101633,"featured_media":0,"comment_status":"open","ping_status":"open","sticky":false,"template":"","format":"standard","meta":{"_coblocks_attr":"","_coblocks_dimensions":"","_coblocks_responsive_height":"","_coblocks_accordion_ie_support":"","advanced_seo_description":"","jetpack_seo_html_title":"","jetpack_seo_noindex":false,"jetpack_seo_schema_type":"","_jetpack_newsletter_access":"","_jetpack_dont_email_post_to_subs":false,"_jetpack_newsletter_tier_id":0,"_jetpack_memberships_contains_paywalled_content":false,"_wpcom_ai_launchpad_first_post":false,"_jetpack_feature_clip_id":0,"_jetpack_memberships_contains_paid_content":false,"footnotes":"","jetpack_publicize_message":"{title}\n\n{excerpt}\n\n{url}","jetpack_publicize_feature_enabled":true,"jetpack_social_post_already_shared":true,"jetpack_social_options":{"image_generator_settings":{"template":"highway","default_image_id":0,"font":"","enabled":true,"token":"eyJ0eHQiOiJJbnRlbGlnZW5jaWEgQXJ0aWZpY2lhbDogXHUwMGJmQWxpYWRhIG8gZW5lbWlnYT8gKEkpLiBMYSBQYWxhbnRpciBkZSBUaGllbCB5IEthcnAuIEFuXHUwMGUxbGlzaXMgZGUgQ2FuYWwgUmVkIFx1MjAxMyBMYSBCYXNlIiwidGVtcGxhdGUiOiJoaWdod2F5IiwiZm9udCI6IiIsImJsb2dfaWQiOjE1MzczNTUxNX0.8xQ1-u3C6YPQwtD_AdGVnkokRRJIEqcyZwLlWeQhKYMMQ"},"version":2},"_wpas_customize_per_network":false,"jetpack_post_was_ever_published":false},"categories":[772616179,772615945,70015,78838],"tags":[772616612,772616131,772616619,772616530,772616616,772616554,772616132,772616561,772616613,772616615,772616617,772616610,772616611,772616614,49875,772616620],"class_list":["post-31327","post","type-post","status-publish","format-standard","hentry","category-ciencia-y-tecnologia","category-geopolitica-y-noticias","category-historico","category-personalidades","tag-alexander-karp","tag-canal-red","tag-coinbase-global-inc","tag-greta-thunberg","tag-inc","tag-inteligencia-artificial","tag-la-base","tag-mark-elliot-zuckerberg","tag-meagan-day","tag-meta-platforms","tag-oracle-corporation","tag-palantir","tag-peter-thiel","tag-proyecto-maven","tag-silicon-valley","tag-stephen-kevin-bannon"],"featured_image_src":null,"author_info":{"display_name":"jmhernandezgonzalez","author_link":"https:\/\/elabrevaderojm.com\/en\/author\/jmhernandezgonzalez\/"},"jetpack_publicize_connections":[],"jetpack_likes_enabled":true,"jetpack_sharing_enabled":true,"jetpack_shortlink":"https:\/\/wp.me\/pap3D5-89h","jetpack-related-posts":[],"jetpack_featured_media_url":"","_links":{"self":[{"href":"https:\/\/elabrevaderojm.com\/en\/wp-json\/wp\/v2\/posts\/31327","targetHints":{"allow":["GET"]}}],"collection":[{"href":"https:\/\/elabrevaderojm.com\/en\/wp-json\/wp\/v2\/posts"}],"about":[{"href":"https:\/\/elabrevaderojm.com\/en\/wp-json\/wp\/v2\/types\/post"}],"author":[{"embeddable":true,"href":"https:\/\/elabrevaderojm.com\/en\/wp-json\/wp\/v2\/users\/147101633"}],"replies":[{"embeddable":true,"href":"https:\/\/elabrevaderojm.com\/en\/wp-json\/wp\/v2\/comments?post=31327"}],"version-history":[{"count":29,"href":"https:\/\/elabrevaderojm.com\/en\/wp-json\/wp\/v2\/posts\/31327\/revisions"}],"predecessor-version":[{"id":31367,"href":"https:\/\/elabrevaderojm.com\/en\/wp-json\/wp\/v2\/posts\/31327\/revisions\/31367"}],"wp:attachment":[{"href":"https:\/\/elabrevaderojm.com\/en\/wp-json\/wp\/v2\/media?parent=31327"}],"wp:term":[{"taxonomy":"category","embeddable":true,"href":"https:\/\/elabrevaderojm.com\/en\/wp-json\/wp\/v2\/categories?post=31327"},{"taxonomy":"post_tag","embeddable":true,"href":"https:\/\/elabrevaderojm.com\/en\/wp-json\/wp\/v2\/tags?post=31327"}],"curies":[{"name":"wp","href":"https:\/\/api.w.org\/{rel}","templated":true}]}}