{"id":31496,"date":"2026-07-11T09:50:59","date_gmt":"2026-07-11T13:50:59","guid":{"rendered":"https:\/\/elabrevaderojm.com\/?p=31496"},"modified":"2026-07-11T09:50:59","modified_gmt":"2026-07-11T13:50:59","slug":"1-dictadura-fascista-mas-en-latinoamerica-que-sale-arrastrandose-de-la-cloaca-del-imperio-analisis-de-la-baselatam","status":"publish","type":"post","link":"https:\/\/elabrevaderojm.com\/en\/2026\/07\/11\/1-dictadura-fascista-mas-en-latinoamerica-que-sale-arrastrandose-de-la-cloaca-del-imperio-analisis-de-la-baselatam\/","title":{"rendered":"1 dictadura fascista m\u00e1s en Latinoam\u00e9rica que sale arrastr\u00e1ndose de la cloaca del imperio. An\u00e1lisis de La BaseLatam"},"content":{"rendered":"\n<p class=\"has-drop-cap has-text-align-justify has-work-sans-font-family has-custom-font wp-block-paragraph\" style=\"font-size:18px;font-family:work-sans\">Me cuesta entender que ciertos pa\u00edses admitan a individuos nacionalizados, pero nacidos en el extranjero, como cabeza de su poder ejecutivo. El pa\u00eds considerado como el ejemplo de democracia, no lo hace. Todos sabemos el berenjenal en el que quisieron meter a Obama argumentando su nacionalidad extranjera. \u00bfPor qu\u00e9, entonces, si las dictaduras de derecha imitan a su amo, permiten a estadounidenses que gobiernen sus estados?<\/p>\n\n\n\n<p class=\"has-work-sans-font-family has-custom-font wp-block-paragraph\" style=\"font-size:18px;font-family:work-sans\">Ahhhhhh\u2026 creo que se me fue y les di la respuesta.<\/p>\n\n\n\n<p class=\"has-text-align-justify has-work-sans-font-family has-custom-font wp-block-paragraph\" style=\"font-size:18px;font-family:work-sans\">Est\u00e1 sucediendo de nuevo, ahora en Colombia. Escuch\u00e9moslo, con an\u00e1lisis incluido, de boca de estos comunicadores.<\/p>\n\n\n\n<p class=\"has-text-align-center wp-block-paragraph\"><img data-recalc-dims=\"1\" loading=\"lazy\" decoding=\"async\" width=\"400\" height=\"226\" data-attachment-id=\"29294\" data-permalink=\"https:\/\/elabrevaderojm.com\/en\/?attachment_id=29294\" data-orig-file=\"https:\/\/i0.wp.com\/elabrevaderojm.com\/wp-content\/uploads\/2026\/03\/LaBase-Am-Lat-CanalRed.jpg?fit=420%2C237&amp;ssl=1\" data-orig-size=\"420,237\" data-comments-opened=\"1\" data-image-meta=\"{&quot;aperture&quot;:&quot;0&quot;,&quot;credit&quot;:&quot;&quot;,&quot;camera&quot;:&quot;&quot;,&quot;caption&quot;:&quot;&quot;,&quot;created_timestamp&quot;:&quot;0&quot;,&quot;copyright&quot;:&quot;&quot;,&quot;focal_length&quot;:&quot;0&quot;,&quot;iso&quot;:&quot;0&quot;,&quot;shutter_speed&quot;:&quot;0&quot;,&quot;title&quot;:&quot;&quot;,&quot;orientation&quot;:&quot;1&quot;}\" data-image-title=\"LaBase Am Lat &amp;#8211; CanalRed\" data-image-description=\"\" data-image-caption=\"\" data-large-file=\"https:\/\/i0.wp.com\/elabrevaderojm.com\/wp-content\/uploads\/2026\/03\/LaBase-Am-Lat-CanalRed.jpg?fit=420%2C237&amp;ssl=1\" class=\"wp-image-29294\" style=\"width: 400px;\" src=\"https:\/\/i0.wp.com\/elabrevaderojm.com\/wp-content\/uploads\/2026\/03\/LaBase-Am-Lat-CanalRed.jpg?resize=400%2C226&#038;ssl=1\" alt=\"\" srcset=\"https:\/\/i0.wp.com\/elabrevaderojm.com\/wp-content\/uploads\/2026\/03\/LaBase-Am-Lat-CanalRed.jpg?w=420&amp;ssl=1 420w, https:\/\/i0.wp.com\/elabrevaderojm.com\/wp-content\/uploads\/2026\/03\/LaBase-Am-Lat-CanalRed.jpg?resize=300%2C169&amp;ssl=1 300w\" sizes=\"auto, (max-width: 400px) 100vw, 400px\" \/><\/p>\n\n\n\n<p class=\"has-text-align-justify has-work-sans-font-family has-custom-font wp-block-paragraph\" style=\"font-size:18px;font-family:work-sans\">Creado y producido por Canal Red, <strong>La Base Am\u00e9rica Latina<\/strong> es un programa de an\u00e1lisis pol\u00edtico, un portal period\u00edstico independiente, conformado por una red de periodistas nacionales e internacionales expertos en temas sociales y de derechos humanos.<\/p>\n\n\n\n<p class=\"has-text-align-justify has-work-sans-font-family has-custom-font wp-block-paragraph\" style=\"font-size:18px;font-family:work-sans\">En el art\u00edculo del 8 de junio de 2025 publicado en piedepagina.mx para anunciar la llegada de este programa a M\u00e9xico, se explica:<\/p>\n\n\n\n<p class=\"has-text-align-justify has-work-sans-font-family has-custom-font wp-block-paragraph\" style=\"font-size:18px;font-family:work-sans\">\u00abEn medio de las m\u00faltiples acciones injerencistas del gobierno de&nbsp;<strong>Estados Unidos en Am\u00e9rica Latina<\/strong>,&nbsp;<a href=\"https:\/\/www.diario-red.com\/seccion\/america-latina\/\">Canal Red<\/a>&nbsp;lanzar\u00e1 su programa La Base en Am\u00e9rica Latina. El lanzamiento ser\u00e1 el pr\u00f3ximo lunes 9 de junio, y su prop\u00f3sito es defender el derecho a la informaci\u00f3n, la verdad y la independencia de la regi\u00f3n ante el resurgimiento del imperialismo norteamericano, el cual ha desplegado sus tropas e instalado bases militares en pa\u00edses como&nbsp;<strong>Panam\u00e1 y Ecuador<\/strong>. El programa lo conducir\u00e1n las periodistas Inna Afinogenova, Estefan\u00eda Veloz y Marco Teruggi, y promete ofrecer toda la actualidad y los mejores an\u00e1lisis desde una perspectiva honesta, comprometida y de izquierdas\u00bb.<\/p>\n\n\n\n<p class=\"has-text-align-justify has-work-sans-font-family has-custom-font wp-block-paragraph\" style=\"font-size:18px;font-family:work-sans\"><a href=\"https:\/\/es.wikipedia.org\/wiki\/Inna_Afinogenova\">Inna Afinogenova&nbsp;<\/a>(<a href=\"https:\/\/es.wikipedia.org\/wiki\/Rep%C3%BAblica_Aut%C3%B3noma_Socialista_Sovi%C3%A9tica_de_Daguest%C3%A1n\">Daguest\u00e1n<\/a>,&nbsp;<a href=\"https:\/\/es.wikipedia.org\/wiki\/Uni%C3%B3n_Sovi%C3%A9tica\">Uni\u00f3n Sovi\u00e9tica<\/a>, 14 de enero de 1989) es una&nbsp;periodista y presentadora rusa que trabaj\u00f3 como subdirectora de&nbsp;<a href=\"https:\/\/es.wikipedia.org\/wiki\/RT_en_Espa%C3%B1ol\">RT en Espa\u00f1ol<\/a>&nbsp;hasta mayo de 2022. Tambi\u00e9n trabaj\u00f3 en el canal de <em>YouTube<\/em>&nbsp;\u00abAh\u00ed les va\u00bb.\u200b Desde 2022, colabora en&nbsp;\u00ab<a href=\"https:\/\/es.wikipedia.org\/wiki\/La_Base_(podcast)\">La Base<\/a>\u00bb&nbsp;y&nbsp;\u00abMacondo\u00bb<em>.<\/em>&nbsp;En 2023 asumi\u00f3 la direcci\u00f3n de&nbsp;<a href=\"https:\/\/es.wikipedia.org\/wiki\/Canal_RED\">Canal Red<\/a>&nbsp;Latinoam\u00e9rica, donde conduce&nbsp;\u00abCaf\u00e9Inna\u00bb.\u200b Desde junio de 2025 dirige y presenta \u00abLa Base Am\u00e9rica Latina\u00bb.\u200b<\/p>\n\n\n\n<p class=\"has-text-align-justify has-work-sans-font-family has-custom-font wp-block-paragraph\" style=\"font-size:18px;font-family:work-sans\"><strong>Marco Teruggi<\/strong> naci\u00f3 en Par\u00eds, Francia, en 1984. En 2003 lleg\u00f3 a La Plata, Argentina, de donde es su familia. All\u00ed fue miembro de la Asociaci\u00f3n Anah\u00ed, HIJOS y del Frente Popular Dar\u00edo Santil\u00e1n. Estudi\u00f3 sociolog\u00eda, carrera en la que se gradu\u00f3 en 2013. Desde principios de ese a\u00f1o vivi\u00f3 en Caracas, donde trabaj\u00f3 como cronista pol\u00edtico y periodista. Ahora se halla en Ciudad de M\u00e9xico. Es tambi\u00e9n autor del libro \u00ab\u00bfQu\u00e9 es Am\u00e9rica Latina hoy?\u00bb.<\/p>\n\n\n\n<p class=\"has-text-align-justify has-work-sans-font-family has-custom-font wp-block-paragraph\" style=\"font-size:18px;font-family:work-sans\"><a href=\"https:\/\/es.wikipedia.org\/wiki\/Estefan%C3%ADa_Veloz\">Estefan\u00eda Veloz<\/a> es abogada y analista pol\u00edtico mexicoamericana, presentadora de medios, columnista en diferentes medios mexicanos como CNN M\u00e9xico (Opini\u00f3n), el peri\u00f3dico Milenio, la revista Presente y Sin Embargo TV. Activista por los derechos sexuales y reproductivos de las mujeres. Directora de la Defensor\u00eda Popular Feminista, una red de abogadas.<\/p>\n\n\n\n<figure class=\"wp-block-table has-dm-serif-display-font-family\"><table class=\"has-vivid-red-color has-pale-ocean-gradient-background has-text-color has-background has-link-color has-fixed-layout\"><tbody><tr><td><span class=\"has-superb-addons-text-align-justify\">Este es un video con informaci\u00f3n interesante sobre la actualidad geopol\u00edtica que comparto en mi p\u00e1gina con el intento \u2014pues nunca se sabe\u2014 de evitar la censura que los medios en manos de los globalistas, derechistas, nazis, sionistas, generadores de odio no dejan de ejercer contra los canales alternativos de informaci\u00f3n.<br>Al contenido presentado por el exponente he a\u00f1adido notas aclaratorias sobre conceptos, nombres, situaciones o lugares mencionados en el video que pudieran ayudar a comprender mejor lo que se expone. <mark style=\"background-color:#fcb900\" class=\"has-inline-color\">De hecho, lo recomendable ser\u00eda leer esa informaci\u00f3n antes de escuchar el video. En muchos casos, esas aclaraciones y\/o explicaciones se han presentado aqu\u00ed como enlaces que pueden ser abiertos para leer.<\/mark><br>Aunque la mayor\u00eda de los enlaces para informaci\u00f3n fueron hechos a <em>Wikipedia<\/em>, este autor no necesariamente se adhiere a esta p\u00e1gina como la m\u00e1s fidedigna o genuina para aclarar dudas, pues este sitio tiende a la narrativa derechista del mundo occidental. Sin embargo, es una fuente muy visitada y utilizada como referencia.<br>Este video fue subido al portal period\u00edstico independiente de an\u00e1lisis pol\u00edtico <strong>La Base Am\u00e9rica Latina<\/strong>.<\/span><\/td><\/tr><\/tbody><\/table><\/figure>\n\n\n\n<figure class=\"wp-block-embed is-type-video is-provider-youtube wp-block-embed-youtube wp-embed-aspect-16-9 wp-has-aspect-ratio\"><div class=\"wp-block-embed__wrapper\">\n<div class=\"jetpack-video-wrapper\"><span class=\"embed-youtube\" style=\"text-align:center; display: block;\"><iframe loading=\"lazy\" class=\"youtube-player\" width=\"640\" height=\"360\" src=\"https:\/\/www.youtube.com\/embed\/5FapLjC2cnI?version=3&#038;rel=1&#038;showsearch=0&#038;showinfo=1&#038;iv_load_policy=1&#038;fs=1&#038;hl=en-US&#038;autohide=2&#038;wmode=transparent\" allowfullscreen=\"true\" style=\"border:0;\" sandbox=\"allow-scripts allow-same-origin allow-popups allow-presentation allow-popups-to-escape-sandbox\"><\/iframe><\/span><\/div>\n<\/div><figcaption class=\"wp-element-caption\"><strong>Paramilitarismo 2.0 en Colombia: De la Espriella alarma con nueva doctrina | La BaseLatam 1&#215;210 &#8211; <\/strong><a href=\"https:\/\/www.youtube.com\/@LaBaseLATAM\">La Base Am\u00e9rica Latina<\/a>. 7 de julio de 2026<\/figcaption><\/figure>\n\n\n\n<p class=\"has-work-sans-font-family has-custom-font wp-block-paragraph\" style=\"font-size:18px;font-family:work-sans\">En la descripci\u00f3n del video se explica:<\/p>\n\n\n\n<p class=\"has-text-align-justify has-work-sans-font-family has-custom-font wp-block-paragraph\" style=\"font-size:18px;font-family:work-sans\">Inna Afinogenova, Marco Teruggi y Estefan\u00eda Veloz analizan el Bloque de Defensa para la Seguridad Urbana anunciado por Abelardo De la Espriella y el riesgo de abrir la puerta a un paramilitarismo 2.0 en Colombia. Un programa sobre CONVIVIR, autodefensas, parapol\u00edtica, Salvatore Mancuso, \u00c1lvaro Uribe, militarizaci\u00f3n, megac\u00e1rceles, recortes sociales, persecuci\u00f3n pol\u00edtica y las alternativas democr\u00e1ticas para enfrentar la inseguridad sin entregar otra vez el pa\u00eds a la violencia organizada.<\/p>\n\n\n\n<div class=\"wp-block-media-text is-stacked-on-mobile\" style=\"grid-template-columns:15% auto\"><figure class=\"wp-block-media-text__media\"><img data-recalc-dims=\"1\" loading=\"lazy\" decoding=\"async\" width=\"480\" height=\"640\" data-attachment-id=\"31509\" data-permalink=\"https:\/\/elabrevaderojm.com\/en\/2026\/07\/11\/1-dictadura-fascista-mas-en-latinoamerica-que-sale-arrastrandose-de-la-cloaca-del-imperio-analisis-de-la-baselatam\/daniela-pacheco\/\" data-orig-file=\"https:\/\/i0.wp.com\/elabrevaderojm.com\/wp-content\/uploads\/2026\/07\/daniela-pacheco.jpg?fit=480%2C640&amp;ssl=1\" data-orig-size=\"480,640\" data-comments-opened=\"1\" data-image-meta=\"{&quot;aperture&quot;:&quot;0&quot;,&quot;credit&quot;:&quot;&quot;,&quot;camera&quot;:&quot;&quot;,&quot;caption&quot;:&quot;&quot;,&quot;created_timestamp&quot;:&quot;0&quot;,&quot;copyright&quot;:&quot;&quot;,&quot;focal_length&quot;:&quot;0&quot;,&quot;iso&quot;:&quot;0&quot;,&quot;shutter_speed&quot;:&quot;0&quot;,&quot;title&quot;:&quot;&quot;,&quot;orientation&quot;:&quot;0&quot;,&quot;alt&quot;:&quot;&quot;}\" data-image-title=\"daniela pacheco\" data-image-description=\"\" data-image-caption=\"\" data-large-file=\"https:\/\/i0.wp.com\/elabrevaderojm.com\/wp-content\/uploads\/2026\/07\/daniela-pacheco.jpg?fit=480%2C640&amp;ssl=1\" src=\"https:\/\/i0.wp.com\/elabrevaderojm.com\/wp-content\/uploads\/2026\/07\/daniela-pacheco.jpg?resize=480%2C640&#038;ssl=1\" alt=\"\" class=\"wp-image-31509 size-full\" srcset=\"https:\/\/i0.wp.com\/elabrevaderojm.com\/wp-content\/uploads\/2026\/07\/daniela-pacheco.jpg?w=480&amp;ssl=1 480w, https:\/\/i0.wp.com\/elabrevaderojm.com\/wp-content\/uploads\/2026\/07\/daniela-pacheco.jpg?resize=225%2C300&amp;ssl=1 225w, https:\/\/i0.wp.com\/elabrevaderojm.com\/wp-content\/uploads\/2026\/07\/daniela-pacheco.jpg?resize=9%2C12&amp;ssl=1 9w, https:\/\/i0.wp.com\/elabrevaderojm.com\/wp-content\/uploads\/2026\/07\/daniela-pacheco.jpg?resize=450%2C600&amp;ssl=1 450w, https:\/\/i0.wp.com\/elabrevaderojm.com\/wp-content\/uploads\/2026\/07\/daniela-pacheco.jpg?resize=300%2C400&amp;ssl=1 300w, https:\/\/i0.wp.com\/elabrevaderojm.com\/wp-content\/uploads\/2026\/07\/daniela-pacheco.jpg?resize=150%2C200&amp;ssl=1 150w\" sizes=\"auto, (max-width: 480px) 100vw, 480px\" \/><\/figure><div class=\"wp-block-media-text__content\">\n<p class=\"has-text-align-justify has-work-sans-font-family has-custom-font wp-block-paragraph\" style=\"font-size:18px;font-family:work-sans\">Los perfiles en diario-red.com y milenio.com definen a Daniela Pacheco Mart\u00ednez (en la foto) como: Colombiana en M\u00e9xico, latinoamericanista, comunicadora social y periodista. Analista pol\u00edtica. Consultora de comunicaciones estrat\u00e9gicas. Escribe todos los jueves su columna en el portal de Milenio.<\/p>\n<\/div><\/div>\n\n\n\n<p class=\"wp-block-paragraph\"><\/p>\n\n\n<div class=\"wp-block-image\">\n<figure class=\"aligncenter size-full is-resized\"><img data-recalc-dims=\"1\" loading=\"lazy\" decoding=\"async\" width=\"640\" height=\"480\" data-attachment-id=\"31511\" data-permalink=\"https:\/\/elabrevaderojm.com\/en\/2026\/07\/11\/1-dictadura-fascista-mas-en-latinoamerica-que-sale-arrastrandose-de-la-cloaca-del-imperio-analisis-de-la-baselatam\/casa-de-narino\/\" data-orig-file=\"https:\/\/i0.wp.com\/elabrevaderojm.com\/wp-content\/uploads\/2026\/07\/casa-de-narino.jpg?fit=776%2C582&amp;ssl=1\" data-orig-size=\"776,582\" data-comments-opened=\"1\" data-image-meta=\"{&quot;aperture&quot;:&quot;0&quot;,&quot;credit&quot;:&quot;&quot;,&quot;camera&quot;:&quot;&quot;,&quot;caption&quot;:&quot;&quot;,&quot;created_timestamp&quot;:&quot;0&quot;,&quot;copyright&quot;:&quot;&quot;,&quot;focal_length&quot;:&quot;0&quot;,&quot;iso&quot;:&quot;0&quot;,&quot;shutter_speed&quot;:&quot;0&quot;,&quot;title&quot;:&quot;&quot;,&quot;orientation&quot;:&quot;0&quot;,&quot;alt&quot;:&quot;&quot;}\" data-image-title=\"casa de nari\u00f1o\" data-image-description=\"\" data-image-caption=\"\" data-large-file=\"https:\/\/i0.wp.com\/elabrevaderojm.com\/wp-content\/uploads\/2026\/07\/casa-de-narino.jpg?fit=640%2C480&amp;ssl=1\" src=\"https:\/\/i0.wp.com\/elabrevaderojm.com\/wp-content\/uploads\/2026\/07\/casa-de-narino.jpg?resize=640%2C480&#038;ssl=1\" alt=\"\" class=\"wp-image-31511\" style=\"width:454px;height:auto\" srcset=\"https:\/\/i0.wp.com\/elabrevaderojm.com\/wp-content\/uploads\/2026\/07\/casa-de-narino.jpg?w=776&amp;ssl=1 776w, https:\/\/i0.wp.com\/elabrevaderojm.com\/wp-content\/uploads\/2026\/07\/casa-de-narino.jpg?resize=300%2C225&amp;ssl=1 300w, https:\/\/i0.wp.com\/elabrevaderojm.com\/wp-content\/uploads\/2026\/07\/casa-de-narino.jpg?resize=768%2C576&amp;ssl=1 768w, https:\/\/i0.wp.com\/elabrevaderojm.com\/wp-content\/uploads\/2026\/07\/casa-de-narino.jpg?resize=16%2C12&amp;ssl=1 16w, https:\/\/i0.wp.com\/elabrevaderojm.com\/wp-content\/uploads\/2026\/07\/casa-de-narino.jpg?resize=600%2C450&amp;ssl=1 600w, https:\/\/i0.wp.com\/elabrevaderojm.com\/wp-content\/uploads\/2026\/07\/casa-de-narino.jpg?resize=400%2C300&amp;ssl=1 400w, https:\/\/i0.wp.com\/elabrevaderojm.com\/wp-content\/uploads\/2026\/07\/casa-de-narino.jpg?resize=200%2C150&amp;ssl=1 200w\" sizes=\"auto, (max-width: 640px) 100vw, 640px\" \/><figcaption class=\"wp-element-caption\"><a href=\"https:\/\/es.wikipedia.org\/wiki\/Casa_de_Nari%C3%B1o\">Casa (o Palacio) de Nari\u00f1o<\/a><\/figcaption><\/figure>\n<\/div>\n\n\n<p class=\"wp-block-paragraph\"><\/p>\n\n\n\n<figure class=\"wp-block-gallery has-nested-images columns-6 is-cropped wp-block-gallery-1 is-layout-flex wp-block-gallery-is-layout-flex\">\n<figure class=\"wp-block-image size-large\"><img data-recalc-dims=\"1\" loading=\"lazy\" decoding=\"async\" width=\"204\" height=\"277\" data-attachment-id=\"31515\" data-permalink=\"https:\/\/elabrevaderojm.com\/en\/2026\/07\/11\/1-dictadura-fascista-mas-en-latinoamerica-que-sale-arrastrandose-de-la-cloaca-del-imperio-analisis-de-la-baselatam\/salvatore-mancuso\/\" data-orig-file=\"https:\/\/i0.wp.com\/elabrevaderojm.com\/wp-content\/uploads\/2026\/07\/salvatore-mancuso.jpg?fit=204%2C277&amp;ssl=1\" data-orig-size=\"204,277\" data-comments-opened=\"1\" data-image-meta=\"{&quot;aperture&quot;:&quot;0&quot;,&quot;credit&quot;:&quot;&quot;,&quot;camera&quot;:&quot;&quot;,&quot;caption&quot;:&quot;&quot;,&quot;created_timestamp&quot;:&quot;0&quot;,&quot;copyright&quot;:&quot;&quot;,&quot;focal_length&quot;:&quot;0&quot;,&quot;iso&quot;:&quot;0&quot;,&quot;shutter_speed&quot;:&quot;0&quot;,&quot;title&quot;:&quot;&quot;,&quot;orientation&quot;:&quot;1&quot;,&quot;alt&quot;:&quot;&quot;}\" data-image-title=\"salvatore mancuso\" data-image-description=\"\" data-image-caption=\"\" data-large-file=\"https:\/\/i0.wp.com\/elabrevaderojm.com\/wp-content\/uploads\/2026\/07\/salvatore-mancuso.jpg?fit=204%2C277&amp;ssl=1\" data-id=\"31515\" src=\"https:\/\/i0.wp.com\/elabrevaderojm.com\/wp-content\/uploads\/2026\/07\/salvatore-mancuso.jpg?resize=204%2C277&#038;ssl=1\" alt=\"\" class=\"wp-image-31515\" srcset=\"https:\/\/i0.wp.com\/elabrevaderojm.com\/wp-content\/uploads\/2026\/07\/salvatore-mancuso.jpg?w=204&amp;ssl=1 204w, https:\/\/i0.wp.com\/elabrevaderojm.com\/wp-content\/uploads\/2026\/07\/salvatore-mancuso.jpg?resize=9%2C12&amp;ssl=1 9w\" sizes=\"auto, (max-width: 204px) 100vw, 204px\" \/><\/figure>\n\n\n\n<figure class=\"wp-block-image size-large\"><img data-recalc-dims=\"1\" loading=\"lazy\" decoding=\"async\" width=\"171\" height=\"209\" data-attachment-id=\"31518\" data-permalink=\"https:\/\/elabrevaderojm.com\/en\/2026\/07\/11\/1-dictadura-fascista-mas-en-latinoamerica-que-sale-arrastrandose-de-la-cloaca-del-imperio-analisis-de-la-baselatam\/dumek-turbay\/\" data-orig-file=\"https:\/\/i0.wp.com\/elabrevaderojm.com\/wp-content\/uploads\/2026\/07\/dumek-turbay.jpg?fit=171%2C209&amp;ssl=1\" data-orig-size=\"171,209\" data-comments-opened=\"1\" data-image-meta=\"{&quot;aperture&quot;:&quot;0&quot;,&quot;credit&quot;:&quot;&quot;,&quot;camera&quot;:&quot;&quot;,&quot;caption&quot;:&quot;&quot;,&quot;created_timestamp&quot;:&quot;0&quot;,&quot;copyright&quot;:&quot;&quot;,&quot;focal_length&quot;:&quot;0&quot;,&quot;iso&quot;:&quot;0&quot;,&quot;shutter_speed&quot;:&quot;0&quot;,&quot;title&quot;:&quot;&quot;,&quot;orientation&quot;:&quot;1&quot;,&quot;alt&quot;:&quot;&quot;}\" data-image-title=\"dumek turbay\" data-image-description=\"\" data-image-caption=\"\" data-large-file=\"https:\/\/i0.wp.com\/elabrevaderojm.com\/wp-content\/uploads\/2026\/07\/dumek-turbay.jpg?fit=171%2C209&amp;ssl=1\" data-id=\"31518\" src=\"https:\/\/i0.wp.com\/elabrevaderojm.com\/wp-content\/uploads\/2026\/07\/dumek-turbay.jpg?resize=171%2C209&#038;ssl=1\" alt=\"\" class=\"wp-image-31518\" srcset=\"https:\/\/i0.wp.com\/elabrevaderojm.com\/wp-content\/uploads\/2026\/07\/dumek-turbay.jpg?w=171&amp;ssl=1 171w, https:\/\/i0.wp.com\/elabrevaderojm.com\/wp-content\/uploads\/2026\/07\/dumek-turbay.jpg?resize=10%2C12&amp;ssl=1 10w\" sizes=\"auto, (max-width: 171px) 100vw, 171px\" \/><\/figure>\n\n\n\n<figure class=\"wp-block-image size-large\"><img data-recalc-dims=\"1\" loading=\"lazy\" decoding=\"async\" width=\"248\" height=\"303\" data-attachment-id=\"31519\" data-permalink=\"https:\/\/elabrevaderojm.com\/en\/2026\/07\/11\/1-dictadura-fascista-mas-en-latinoamerica-que-sale-arrastrandose-de-la-cloaca-del-imperio-analisis-de-la-baselatam\/alejandro-char\/\" data-orig-file=\"https:\/\/i0.wp.com\/elabrevaderojm.com\/wp-content\/uploads\/2026\/07\/alejandro-char.jpg?fit=248%2C303&amp;ssl=1\" data-orig-size=\"248,303\" data-comments-opened=\"1\" data-image-meta=\"{&quot;aperture&quot;:&quot;0&quot;,&quot;credit&quot;:&quot;&quot;,&quot;camera&quot;:&quot;&quot;,&quot;caption&quot;:&quot;&quot;,&quot;created_timestamp&quot;:&quot;0&quot;,&quot;copyright&quot;:&quot;&quot;,&quot;focal_length&quot;:&quot;0&quot;,&quot;iso&quot;:&quot;0&quot;,&quot;shutter_speed&quot;:&quot;0&quot;,&quot;title&quot;:&quot;&quot;,&quot;orientation&quot;:&quot;1&quot;,&quot;alt&quot;:&quot;&quot;}\" data-image-title=\"alejandro char\" data-image-description=\"\" data-image-caption=\"\" data-large-file=\"https:\/\/i0.wp.com\/elabrevaderojm.com\/wp-content\/uploads\/2026\/07\/alejandro-char.jpg?fit=248%2C303&amp;ssl=1\" data-id=\"31519\" src=\"https:\/\/i0.wp.com\/elabrevaderojm.com\/wp-content\/uploads\/2026\/07\/alejandro-char.jpg?resize=248%2C303&#038;ssl=1\" alt=\"\" class=\"wp-image-31519\" srcset=\"https:\/\/i0.wp.com\/elabrevaderojm.com\/wp-content\/uploads\/2026\/07\/alejandro-char.jpg?w=248&amp;ssl=1 248w, https:\/\/i0.wp.com\/elabrevaderojm.com\/wp-content\/uploads\/2026\/07\/alejandro-char.jpg?resize=246%2C300&amp;ssl=1 246w, https:\/\/i0.wp.com\/elabrevaderojm.com\/wp-content\/uploads\/2026\/07\/alejandro-char.jpg?resize=10%2C12&amp;ssl=1 10w\" sizes=\"auto, (max-width: 248px) 100vw, 248px\" \/><\/figure>\n\n\n\n<figure class=\"wp-block-image size-large\"><img data-recalc-dims=\"1\" loading=\"lazy\" decoding=\"async\" width=\"200\" height=\"279\" data-attachment-id=\"31516\" data-permalink=\"https:\/\/elabrevaderojm.com\/en\/2026\/07\/11\/1-dictadura-fascista-mas-en-latinoamerica-que-sale-arrastrandose-de-la-cloaca-del-imperio-analisis-de-la-baselatam\/carlos-galan\/\" data-orig-file=\"https:\/\/i0.wp.com\/elabrevaderojm.com\/wp-content\/uploads\/2026\/07\/carlos-galan.jpg?fit=200%2C279&amp;ssl=1\" data-orig-size=\"200,279\" data-comments-opened=\"1\" data-image-meta=\"{&quot;aperture&quot;:&quot;0&quot;,&quot;credit&quot;:&quot;&quot;,&quot;camera&quot;:&quot;&quot;,&quot;caption&quot;:&quot;&quot;,&quot;created_timestamp&quot;:&quot;0&quot;,&quot;copyright&quot;:&quot;&quot;,&quot;focal_length&quot;:&quot;0&quot;,&quot;iso&quot;:&quot;0&quot;,&quot;shutter_speed&quot;:&quot;0&quot;,&quot;title&quot;:&quot;&quot;,&quot;orientation&quot;:&quot;1&quot;,&quot;alt&quot;:&quot;&quot;}\" data-image-title=\"carlos galan\" data-image-description=\"\" data-image-caption=\"\" data-large-file=\"https:\/\/i0.wp.com\/elabrevaderojm.com\/wp-content\/uploads\/2026\/07\/carlos-galan.jpg?fit=200%2C279&amp;ssl=1\" data-id=\"31516\" src=\"https:\/\/i0.wp.com\/elabrevaderojm.com\/wp-content\/uploads\/2026\/07\/carlos-galan.jpg?resize=200%2C279&#038;ssl=1\" alt=\"\" class=\"wp-image-31516\" srcset=\"https:\/\/i0.wp.com\/elabrevaderojm.com\/wp-content\/uploads\/2026\/07\/carlos-galan.jpg?w=200&amp;ssl=1 200w, https:\/\/i0.wp.com\/elabrevaderojm.com\/wp-content\/uploads\/2026\/07\/carlos-galan.jpg?resize=9%2C12&amp;ssl=1 9w\" sizes=\"auto, (max-width: 200px) 100vw, 200px\" \/><\/figure>\n\n\n\n<figure class=\"wp-block-image size-large\"><img data-recalc-dims=\"1\" loading=\"lazy\" decoding=\"async\" width=\"271\" height=\"383\" data-attachment-id=\"31517\" data-permalink=\"https:\/\/elabrevaderojm.com\/en\/2026\/07\/11\/1-dictadura-fascista-mas-en-latinoamerica-que-sale-arrastrandose-de-la-cloaca-del-imperio-analisis-de-la-baselatam\/alejandro-eder\/\" data-orig-file=\"https:\/\/i0.wp.com\/elabrevaderojm.com\/wp-content\/uploads\/2026\/07\/alejandro-eder.jpg?fit=271%2C383&amp;ssl=1\" data-orig-size=\"271,383\" data-comments-opened=\"1\" data-image-meta=\"{&quot;aperture&quot;:&quot;0&quot;,&quot;credit&quot;:&quot;&quot;,&quot;camera&quot;:&quot;&quot;,&quot;caption&quot;:&quot;&quot;,&quot;created_timestamp&quot;:&quot;0&quot;,&quot;copyright&quot;:&quot;&quot;,&quot;focal_length&quot;:&quot;0&quot;,&quot;iso&quot;:&quot;0&quot;,&quot;shutter_speed&quot;:&quot;0&quot;,&quot;title&quot;:&quot;&quot;,&quot;orientation&quot;:&quot;1&quot;,&quot;alt&quot;:&quot;&quot;}\" data-image-title=\"alejandro eder\" data-image-description=\"\" data-image-caption=\"\" data-large-file=\"https:\/\/i0.wp.com\/elabrevaderojm.com\/wp-content\/uploads\/2026\/07\/alejandro-eder.jpg?fit=271%2C383&amp;ssl=1\" data-id=\"31517\" src=\"https:\/\/i0.wp.com\/elabrevaderojm.com\/wp-content\/uploads\/2026\/07\/alejandro-eder.jpg?resize=271%2C383&#038;ssl=1\" alt=\"\" class=\"wp-image-31517\" srcset=\"https:\/\/i0.wp.com\/elabrevaderojm.com\/wp-content\/uploads\/2026\/07\/alejandro-eder.jpg?w=271&amp;ssl=1 271w, https:\/\/i0.wp.com\/elabrevaderojm.com\/wp-content\/uploads\/2026\/07\/alejandro-eder.jpg?resize=212%2C300&amp;ssl=1 212w, https:\/\/i0.wp.com\/elabrevaderojm.com\/wp-content\/uploads\/2026\/07\/alejandro-eder.jpg?resize=8%2C12&amp;ssl=1 8w\" sizes=\"auto, (max-width: 271px) 100vw, 271px\" \/><\/figure>\n<\/figure>\n\n\n\n<p class=\"has-text-align-center has-commissioner-font-family has-custom-font wp-block-paragraph\" style=\"font-size:16px;font-family:commissioner\"><strong>De izquierda a derecha:<\/strong> <strong><a href=\"https:\/\/es.wikipedia.org\/wiki\/Salvatore_Mancuso\">Salvatore Mancuso G\u00f3mez<\/a>, <a href=\"https:\/\/es.wikipedia.org\/wiki\/Dumek_Turbay\">Dumek Turbay Paz<\/a>, <a href=\"https:\/\/es.wikipedia.org\/wiki\/Alejandro_Char\">Alejandro Char Chaljub<\/a>, <a href=\"https:\/\/es.wikipedia.org\/wiki\/Carlos_Fernando_Gal%C3%A1n\">Carlos Fernando Gal\u00e1n Pach\u00f3n<\/a>, <a href=\"https:\/\/es.wikipedia.org\/wiki\/Alejandro_Eder\">\u00c1lvaro Alejandro Eder Garc\u00e9s<\/a>.<\/strong><\/p>\n\n\n\n<figure class=\"wp-block-gallery has-nested-images columns-5 is-cropped wp-block-gallery-2 is-layout-flex wp-block-gallery-is-layout-flex\">\n<figure class=\"wp-block-image size-large\"><img data-recalc-dims=\"1\" loading=\"lazy\" decoding=\"async\" width=\"260\" height=\"396\" data-attachment-id=\"31539\" data-permalink=\"https:\/\/elabrevaderojm.com\/en\/2026\/07\/11\/1-dictadura-fascista-mas-en-latinoamerica-que-sale-arrastrandose-de-la-cloaca-del-imperio-analisis-de-la-baselatam\/monteriano-fabio-arjona-hincapie-2\/\" data-orig-file=\"https:\/\/i0.wp.com\/elabrevaderojm.com\/wp-content\/uploads\/2026\/07\/Monteriano-Fabio-Arjona-Hincapie-1.jpg?fit=260%2C396&amp;ssl=1\" data-orig-size=\"260,396\" data-comments-opened=\"1\" data-image-meta=\"{&quot;aperture&quot;:&quot;0&quot;,&quot;credit&quot;:&quot;&quot;,&quot;camera&quot;:&quot;&quot;,&quot;caption&quot;:&quot;&quot;,&quot;created_timestamp&quot;:&quot;0&quot;,&quot;copyright&quot;:&quot;&quot;,&quot;focal_length&quot;:&quot;0&quot;,&quot;iso&quot;:&quot;0&quot;,&quot;shutter_speed&quot;:&quot;0&quot;,&quot;title&quot;:&quot;&quot;,&quot;orientation&quot;:&quot;1&quot;,&quot;alt&quot;:&quot;&quot;}\" data-image-title=\"Monteriano-Fabio-Arjona-Hincapie\" data-image-description=\"\" data-image-caption=\"\" data-large-file=\"https:\/\/i0.wp.com\/elabrevaderojm.com\/wp-content\/uploads\/2026\/07\/Monteriano-Fabio-Arjona-Hincapie-1.jpg?fit=260%2C396&amp;ssl=1\" data-id=\"31539\" src=\"https:\/\/i0.wp.com\/elabrevaderojm.com\/wp-content\/uploads\/2026\/07\/Monteriano-Fabio-Arjona-Hincapie-1.jpg?resize=260%2C396&#038;ssl=1\" alt=\"\" class=\"wp-image-31539\" srcset=\"https:\/\/i0.wp.com\/elabrevaderojm.com\/wp-content\/uploads\/2026\/07\/Monteriano-Fabio-Arjona-Hincapie-1.jpg?w=260&amp;ssl=1 260w, https:\/\/i0.wp.com\/elabrevaderojm.com\/wp-content\/uploads\/2026\/07\/Monteriano-Fabio-Arjona-Hincapie-1.jpg?resize=197%2C300&amp;ssl=1 197w, https:\/\/i0.wp.com\/elabrevaderojm.com\/wp-content\/uploads\/2026\/07\/Monteriano-Fabio-Arjona-Hincapie-1.jpg?resize=8%2C12&amp;ssl=1 8w\" sizes=\"auto, (max-width: 260px) 100vw, 260px\" \/><\/figure>\n\n\n\n<figure class=\"wp-block-image size-large\"><img data-recalc-dims=\"1\" loading=\"lazy\" decoding=\"async\" width=\"256\" height=\"299\" data-attachment-id=\"31531\" data-permalink=\"https:\/\/elabrevaderojm.com\/en\/2026\/07\/11\/1-dictadura-fascista-mas-en-latinoamerica-que-sale-arrastrandose-de-la-cloaca-del-imperio-analisis-de-la-baselatam\/federico-gutierrez\/\" data-orig-file=\"https:\/\/i0.wp.com\/elabrevaderojm.com\/wp-content\/uploads\/2026\/07\/Federico-Gutierrez.jpg?fit=256%2C299&amp;ssl=1\" data-orig-size=\"256,299\" data-comments-opened=\"1\" data-image-meta=\"{&quot;aperture&quot;:&quot;0&quot;,&quot;credit&quot;:&quot;&quot;,&quot;camera&quot;:&quot;&quot;,&quot;caption&quot;:&quot;&quot;,&quot;created_timestamp&quot;:&quot;0&quot;,&quot;copyright&quot;:&quot;&quot;,&quot;focal_length&quot;:&quot;0&quot;,&quot;iso&quot;:&quot;0&quot;,&quot;shutter_speed&quot;:&quot;0&quot;,&quot;title&quot;:&quot;&quot;,&quot;orientation&quot;:&quot;1&quot;,&quot;alt&quot;:&quot;&quot;}\" data-image-title=\"Federico Guti\u00e9rrez\" data-image-description=\"\" data-image-caption=\"\" data-large-file=\"https:\/\/i0.wp.com\/elabrevaderojm.com\/wp-content\/uploads\/2026\/07\/Federico-Gutierrez.jpg?fit=256%2C299&amp;ssl=1\" data-id=\"31531\" src=\"https:\/\/i0.wp.com\/elabrevaderojm.com\/wp-content\/uploads\/2026\/07\/Federico-Gutierrez.jpg?resize=256%2C299&#038;ssl=1\" alt=\"\" class=\"wp-image-31531\" srcset=\"https:\/\/i0.wp.com\/elabrevaderojm.com\/wp-content\/uploads\/2026\/07\/Federico-Gutierrez.jpg?w=256&amp;ssl=1 256w, https:\/\/i0.wp.com\/elabrevaderojm.com\/wp-content\/uploads\/2026\/07\/Federico-Gutierrez.jpg?resize=10%2C12&amp;ssl=1 10w\" sizes=\"auto, (max-width: 256px) 100vw, 256px\" \/><\/figure>\n\n\n\n<figure class=\"wp-block-image size-large\"><img data-recalc-dims=\"1\" loading=\"lazy\" decoding=\"async\" width=\"179\" height=\"249\" data-attachment-id=\"31530\" data-permalink=\"https:\/\/elabrevaderojm.com\/en\/2026\/07\/11\/1-dictadura-fascista-mas-en-latinoamerica-que-sale-arrastrandose-de-la-cloaca-del-imperio-analisis-de-la-baselatam\/andres-rendon\/\" data-orig-file=\"https:\/\/i0.wp.com\/elabrevaderojm.com\/wp-content\/uploads\/2026\/07\/andres-rendon.jpg?fit=179%2C249&amp;ssl=1\" data-orig-size=\"179,249\" data-comments-opened=\"1\" data-image-meta=\"{&quot;aperture&quot;:&quot;0&quot;,&quot;credit&quot;:&quot;&quot;,&quot;camera&quot;:&quot;&quot;,&quot;caption&quot;:&quot;&quot;,&quot;created_timestamp&quot;:&quot;0&quot;,&quot;copyright&quot;:&quot;&quot;,&quot;focal_length&quot;:&quot;0&quot;,&quot;iso&quot;:&quot;0&quot;,&quot;shutter_speed&quot;:&quot;0&quot;,&quot;title&quot;:&quot;&quot;,&quot;orientation&quot;:&quot;1&quot;,&quot;alt&quot;:&quot;&quot;}\" data-image-title=\"andres rendon\" data-image-description=\"\" data-image-caption=\"\" data-large-file=\"https:\/\/i0.wp.com\/elabrevaderojm.com\/wp-content\/uploads\/2026\/07\/andres-rendon.jpg?fit=179%2C249&amp;ssl=1\" data-id=\"31530\" src=\"https:\/\/i0.wp.com\/elabrevaderojm.com\/wp-content\/uploads\/2026\/07\/andres-rendon.jpg?resize=179%2C249&#038;ssl=1\" alt=\"\" class=\"wp-image-31530\" srcset=\"https:\/\/i0.wp.com\/elabrevaderojm.com\/wp-content\/uploads\/2026\/07\/andres-rendon.jpg?w=179&amp;ssl=1 179w, https:\/\/i0.wp.com\/elabrevaderojm.com\/wp-content\/uploads\/2026\/07\/andres-rendon.jpg?resize=9%2C12&amp;ssl=1 9w\" sizes=\"auto, (max-width: 179px) 100vw, 179px\" \/><\/figure>\n\n\n\n<figure class=\"wp-block-image size-large\"><img data-recalc-dims=\"1\" loading=\"lazy\" decoding=\"async\" width=\"264\" height=\"323\" data-attachment-id=\"31532\" data-permalink=\"https:\/\/elabrevaderojm.com\/en\/2026\/07\/11\/1-dictadura-fascista-mas-en-latinoamerica-que-sale-arrastrandose-de-la-cloaca-del-imperio-analisis-de-la-baselatam\/edwin-palma\/\" data-orig-file=\"https:\/\/i0.wp.com\/elabrevaderojm.com\/wp-content\/uploads\/2026\/07\/edwin-palma.jpg?fit=264%2C323&amp;ssl=1\" data-orig-size=\"264,323\" data-comments-opened=\"1\" data-image-meta=\"{&quot;aperture&quot;:&quot;0&quot;,&quot;credit&quot;:&quot;&quot;,&quot;camera&quot;:&quot;&quot;,&quot;caption&quot;:&quot;&quot;,&quot;created_timestamp&quot;:&quot;0&quot;,&quot;copyright&quot;:&quot;&quot;,&quot;focal_length&quot;:&quot;0&quot;,&quot;iso&quot;:&quot;0&quot;,&quot;shutter_speed&quot;:&quot;0&quot;,&quot;title&quot;:&quot;&quot;,&quot;orientation&quot;:&quot;1&quot;,&quot;alt&quot;:&quot;&quot;}\" data-image-title=\"edwin palma\" data-image-description=\"\" data-image-caption=\"\" data-large-file=\"https:\/\/i0.wp.com\/elabrevaderojm.com\/wp-content\/uploads\/2026\/07\/edwin-palma.jpg?fit=264%2C323&amp;ssl=1\" data-id=\"31532\" src=\"https:\/\/i0.wp.com\/elabrevaderojm.com\/wp-content\/uploads\/2026\/07\/edwin-palma.jpg?resize=264%2C323&#038;ssl=1\" alt=\"\" class=\"wp-image-31532\" srcset=\"https:\/\/i0.wp.com\/elabrevaderojm.com\/wp-content\/uploads\/2026\/07\/edwin-palma.jpg?w=264&amp;ssl=1 264w, https:\/\/i0.wp.com\/elabrevaderojm.com\/wp-content\/uploads\/2026\/07\/edwin-palma.jpg?resize=245%2C300&amp;ssl=1 245w, https:\/\/i0.wp.com\/elabrevaderojm.com\/wp-content\/uploads\/2026\/07\/edwin-palma.jpg?resize=10%2C12&amp;ssl=1 10w\" sizes=\"auto, (max-width: 264px) 100vw, 264px\" \/><\/figure>\n\n\n\n<figure class=\"wp-block-image size-large\"><img data-recalc-dims=\"1\" loading=\"lazy\" decoding=\"async\" width=\"195\" height=\"258\" data-attachment-id=\"31533\" data-permalink=\"https:\/\/elabrevaderojm.com\/en\/2026\/07\/11\/1-dictadura-fascista-mas-en-latinoamerica-que-sale-arrastrandose-de-la-cloaca-del-imperio-analisis-de-la-baselatam\/diego-murillo\/\" data-orig-file=\"https:\/\/i0.wp.com\/elabrevaderojm.com\/wp-content\/uploads\/2026\/07\/diego-murillo.jpg?fit=195%2C258&amp;ssl=1\" data-orig-size=\"195,258\" data-comments-opened=\"1\" data-image-meta=\"{&quot;aperture&quot;:&quot;0&quot;,&quot;credit&quot;:&quot;&quot;,&quot;camera&quot;:&quot;&quot;,&quot;caption&quot;:&quot;&quot;,&quot;created_timestamp&quot;:&quot;0&quot;,&quot;copyright&quot;:&quot;&quot;,&quot;focal_length&quot;:&quot;0&quot;,&quot;iso&quot;:&quot;0&quot;,&quot;shutter_speed&quot;:&quot;0&quot;,&quot;title&quot;:&quot;&quot;,&quot;orientation&quot;:&quot;1&quot;,&quot;alt&quot;:&quot;&quot;}\" data-image-title=\"diego murillo\" data-image-description=\"\" data-image-caption=\"\" data-large-file=\"https:\/\/i0.wp.com\/elabrevaderojm.com\/wp-content\/uploads\/2026\/07\/diego-murillo.jpg?fit=195%2C258&amp;ssl=1\" data-id=\"31533\" src=\"https:\/\/i0.wp.com\/elabrevaderojm.com\/wp-content\/uploads\/2026\/07\/diego-murillo.jpg?resize=195%2C258&#038;ssl=1\" alt=\"\" class=\"wp-image-31533\" srcset=\"https:\/\/i0.wp.com\/elabrevaderojm.com\/wp-content\/uploads\/2026\/07\/diego-murillo.jpg?w=195&amp;ssl=1 195w, https:\/\/i0.wp.com\/elabrevaderojm.com\/wp-content\/uploads\/2026\/07\/diego-murillo.jpg?resize=9%2C12&amp;ssl=1 9w\" sizes=\"auto, (max-width: 195px) 100vw, 195px\" \/><\/figure>\n<\/figure>\n\n\n\n<p class=\"has-text-align-center has-commissioner-font-family has-custom-font wp-block-paragraph\" style=\"font-size:16px;font-family:commissioner\"><strong>De izquierda a derecha: <a href=\"https:\/\/es.wikipedia.org\/wiki\/Fabio_Arjona_Hincapi%C3%A9\">Fabio Alberto Arjona Hincapi\u00e9<\/a>, <a href=\"https:\/\/es.wikipedia.org\/wiki\/Federico_Guti%C3%A9rrez\">Federico Andr\u00e9s Guti\u00e9rrez Zuluaga<\/a>, <a href=\"https:\/\/es.wikipedia.org\/wiki\/Andr%C3%A9s_Juli%C3%A1n_Rend%C3%B3n\">Andr\u00e9s Juli\u00e1n Rend\u00f3n Cardona<\/a>, <a href=\"https:\/\/es.wikipedia.org\/wiki\/Edwin_Palma_Egea\">Edwin Palma Egea<\/a>, <a href=\"https:\/\/es.wikipedia.org\/wiki\/Diego_Fernando_Murillo\">Diego Fernando Murillo Bejarano<\/a> (Don Berna).<\/strong><\/p>\n\n\n\n<p class=\"has-work-sans-font-family has-custom-font wp-block-paragraph\" style=\"font-size:18px;font-family:work-sans\"> <a href=\"https:\/\/es.wikipedia.org\/wiki\/Carlos_Casta%C3%B1o_Gil\">Carlos Casta\u00f1o Gil<\/a>, <a href=\"https:\/\/es.wikipedia.org\/wiki\/Vicente_Casta%C3%B1o\">Jos\u00e9 Vicente Casta\u00f1o Gil<\/a>, <a href=\"https:\/\/es.wikipedia.org\/wiki\/Fidel_Casta%C3%B1o\">Fidel Antonio Casta\u00f1o Gil<\/a><\/p>\n\n\n\n<div class=\"wp-block-media-text has-media-on-the-right is-stacked-on-mobile is-vertically-aligned-top\" style=\"grid-template-columns:auto 19%\"><div class=\"wp-block-media-text__content\">\n<p class=\"has-text-align-justify has-work-sans-font-family has-custom-font wp-block-paragraph\" style=\"font-size:15px;font-family:work-sans\">\u00d3scar Benavides (en la foto) es un abogado, l\u00edder social y congresista colombiano originario de <a href=\"https:\/\/es.wikipedia.org\/wiki\/Tumaco\">Tumaco<\/a>, <a href=\"https:\/\/es.wikipedia.org\/wiki\/Nari%C3%B1o_(Colombia)\">Nari\u00f1o<\/a>. Salt\u00f3 a la escena pol\u00edtica nacional tras ganar la curul especial afrodescendiente, derrotando de forma hist\u00f3rica a Miguel Polo Polo en las elecciones legislativas. Representa al Movimiento Libres y su agenda pol\u00edtica se centra en la reivindicaci\u00f3n y defensa de los derechos de las comunidades negras, la inversi\u00f3n en agua potable, la mejora de los servicios de salud y educaci\u00f3n, y el acceso a condiciones laborales dignas para las poblaciones hist\u00f3ricamente marginadas del Pac\u00edfico colombiano. <\/p>\n<\/div><figure class=\"wp-block-media-text__media\"><img data-recalc-dims=\"1\" loading=\"lazy\" decoding=\"async\" width=\"150\" height=\"222\" data-attachment-id=\"31543\" data-permalink=\"https:\/\/elabrevaderojm.com\/en\/2026\/07\/11\/1-dictadura-fascista-mas-en-latinoamerica-que-sale-arrastrandose-de-la-cloaca-del-imperio-analisis-de-la-baselatam\/oscar-benavides\/\" data-orig-file=\"https:\/\/i0.wp.com\/elabrevaderojm.com\/wp-content\/uploads\/2026\/07\/oscar-benavides.jpg?fit=150%2C222&amp;ssl=1\" data-orig-size=\"150,222\" data-comments-opened=\"1\" data-image-meta=\"{&quot;aperture&quot;:&quot;0&quot;,&quot;credit&quot;:&quot;&quot;,&quot;camera&quot;:&quot;&quot;,&quot;caption&quot;:&quot;&quot;,&quot;created_timestamp&quot;:&quot;0&quot;,&quot;copyright&quot;:&quot;&quot;,&quot;focal_length&quot;:&quot;0&quot;,&quot;iso&quot;:&quot;0&quot;,&quot;shutter_speed&quot;:&quot;0&quot;,&quot;title&quot;:&quot;&quot;,&quot;orientation&quot;:&quot;1&quot;,&quot;alt&quot;:&quot;&quot;}\" data-image-title=\"oscar benavides\" data-image-description=\"\" data-image-caption=\"\" data-large-file=\"https:\/\/i0.wp.com\/elabrevaderojm.com\/wp-content\/uploads\/2026\/07\/oscar-benavides.jpg?fit=150%2C222&amp;ssl=1\" src=\"https:\/\/i0.wp.com\/elabrevaderojm.com\/wp-content\/uploads\/2026\/07\/oscar-benavides.jpg?resize=150%2C222&#038;ssl=1\" alt=\"\" class=\"wp-image-31543 size-full\" srcset=\"https:\/\/i0.wp.com\/elabrevaderojm.com\/wp-content\/uploads\/2026\/07\/oscar-benavides.jpg?w=150&amp;ssl=1 150w, https:\/\/i0.wp.com\/elabrevaderojm.com\/wp-content\/uploads\/2026\/07\/oscar-benavides.jpg?resize=8%2C12&amp;ssl=1 8w\" sizes=\"auto, (max-width: 150px) 100vw, 150px\" \/><\/figure><\/div>\n\n\n\n<p class=\"has-text-align-justify has-work-sans-font-family has-custom-font wp-block-paragraph\" style=\"font-size:18px;font-family:work-sans\">Tras su llegada a la C\u00e1mara de Representantes, se ha convertido en una figura destacada de la pol\u00edtica nacional, promoviendo debates y acciones legales por la defensa de la democracia y la equidad social.<\/p>\n\n\n<div class=\"wp-block-coblocks-shape-divider is-style-triangle is-vertically-flipped mt-0 mb-0\" style=\"color: #111;\" aria-hidden=\"true\">\n\t\t\t<div class=\"wp-block-coblocks-shape-divider__svg-wrapper\" style=\"height:98px;\">\n\t\t\t\t<svg class=\"divider--triangle\" viewBox=\"0 0 100 100\" xmlns=\"http:\/\/www.w3.org\/2000\/svg\" preserveAspectRatio=\"none\"><path d=\"m0 0 50 100 50-100z\" fillRule=\"evenodd\" transform=\"matrix(1 0 0 -1 0 100)\" \/><\/svg>\n\t\t\t<\/div>\n\t\t\t<div class=\"wp-block-coblocks-shape-divider__alt-wrapper\" style=\"height:34px;\"><\/div>\n\t\t<\/div>\n\n\n<p class=\"wp-block-paragraph\"><\/p>\n\n\n\n<p class=\"has-text-align-justify has-work-sans-font-family has-custom-font wp-block-paragraph\" style=\"font-size:18px;font-family:work-sans\">\u00a1Ay, Am\u00e9rica Latina! Este vaiv\u00e9n de dictadores de derecha, esclavos de las administraciones estadounidenses, ahora tambi\u00e9n sionistas y vendidos a los jud\u00edos. No puedo creer que, realmente, la gente simple, el pueblo, a quienes luego van a despojar de todo como lo hacen Noboa, Milei, y como lo ha hecho toda la caterva de tiranos y corruptos que sirven al imperio, vote por extranjeros que han jurado lealtad a otro pa\u00eds o a idiotas que se comunican con perros muertos y tiene familiares m\u00e1s corruptos que ellos mismos.<\/p>\n\n\n\n<p class=\"has-text-align-justify has-work-sans-font-family has-custom-font wp-block-paragraph\" style=\"font-size:18px;font-family:work-sans\">Tiene que haber trampa en las elecciones que, al fin y al cabo, pueden comprarse con facilidad en cualquier pa\u00eds latinoamericano sin soberan\u00eda. \u00bfLa gente con dos dedos de frente, de veras, pueden depositar su confianza en multimillonarios que beneficiar\u00e1n a multimillonarios, y en lun\u00e1ticos que se declaran abiertamente sionistas? Estos \u00faltimos, los que cometen genocidio contra otras nacionalidades y se roban las tierras de sus vecinos, los mismos que los dejaron asentarse en primera instancia.<\/p>\n\n\n\n<p class=\"has-work-sans-font-family has-custom-font wp-block-paragraph\" style=\"font-size:18px;font-family:work-sans\">De esta forma, este continente jam\u00e1s podr\u00e1 quitarse la mierda de encima.<\/p>\n\n\n\n<hr class=\"wp-block-separator has-alpha-channel-opacity\"\/>\n\n\n\n<p class=\"has-text-align-justify wp-block-paragraph\" style=\"font-size:17px\">Si te ha gustado este art\u00edculo, demu\u00e9stralo con un \u00abpulgar arriba\u00bb y un \u00abaplauso\u00bb, y compartiendo el contenido con tus amistades y en tus redes sociales. Es muy gratificante. Y quiz\u00e1s otras personas se enteren de estas cosas interesantes que has le\u00eddo hoy.<\/p>\n\n\n\n<p class=\"has-text-align-justify wp-block-paragraph\" style=\"font-size:17px\">Si tienes algo que comentar, preguntar o agregar, o decirme como expositor, por favor hazlo dejando tu comentario.<\/p>\n\n\n\n<p class=\"has-text-align-justify wp-block-paragraph\" style=\"font-size:17px\">Siempre lo mejor para estar al tanto de estas interesantes entregas es suscribirte a mi blog, que trato de surtir con nuevos trabajos siempre que me sea posible.<\/p>\n\n\n\n<p class=\"wp-block-paragraph\" style=\"font-size:17px\">Gracias por leer.<\/p>\n\n\n\n<div class=\"wp-block-comments\">\n\t\t<div id=\"respond\" class=\"comment-respond wp-block-post-comments-form\">\n\t\t\t<h3 id=\"reply-title\" class=\"comment-reply-title\">Leave a Reply<small><a rel=\"nofollow\" id=\"cancel-comment-reply-link\" href=\"\/en\/wp-json\/wp\/v2\/posts\/31496#respond\" style=\"display:none;\">Cancel reply<\/a><\/small><\/h3>\t\t\t<form id=\"commentform\" class=\"comment-form\">\n\t\t\t\t<iframe\n\t\t\t\t\ttitle=\"Comment Form\"\n\t\t\t\t\tsrc=\"https:\/\/jetpack.wordpress.com\/jetpack-comment\/?blogid=153735515&#038;postid=31496&#038;comment_registration=0&#038;require_name_email=0&#038;stc_enabled=1&#038;stb_enabled=1&#038;show_avatars=1&#038;avatar_default=identicon&#038;greeting=Leave+a+Reply&#038;jetpack_comments_nonce=3bf7e8205b&#038;greeting_reply=Leave+a+Reply+to+%25s&#038;color_scheme=light&#038;lang=en_US&#038;jetpack_version=16.2-a.5&#038;iframe_unique_id=3&#038;show_cookie_consent=10&#038;has_cookie_consent=0&#038;is_current_user_subscribed=0&#038;token_key=%3Bnormal%3B&#038;sig=1689a8f7e037df0dd2ab7afa5521d5451ae1c045#parent=https%3A%2F%2Felabrevaderojm.com%2Fen%2Fwp-json%2Fwp%2Fv2%2Fposts%2F31496\"\n\t\t\t\t\t\t\t\t\t\t\tname=\"jetpack_remote_comment\"\n\t\t\t\t\t\tstyle=\"width:100%; height: 430px; border:0;\"\n\t\t\t\t\t\t\t\t\t\tclass=\"jetpack_remote_comment\"\n\t\t\t\t\tid=\"jetpack_remote_comment\"\n\t\t\t\t\tsandbox=\"allow-same-origin allow-top-navigation allow-scripts allow-forms allow-popups\"\n\t\t\t\t>\n\t\t\t\t\t\t\t\t\t<\/iframe>\n\t\t\t\t\t\t\t\t\t<!--[if !IE]><!-->\n\t\t\t\t\t<script>\n\t\t\t\t\t\tdocument.addEventListener('DOMContentLoaded', function () {\n\t\t\t\t\t\t\tvar commentForms = document.getElementsByClassName('jetpack_remote_comment');\n\t\t\t\t\t\t\tfor (var i = 0; i < commentForms.length; i++) {\n\t\t\t\t\t\t\t\tcommentForms[i].allowTransparency = false;\n\t\t\t\t\t\t\t\tcommentForms[i].scrolling = 'no';\n\t\t\t\t\t\t\t}\n\t\t\t\t\t\t});\n\t\t\t\t\t<\/script>\n\t\t\t\t\t<!--<![endif]-->\n\t\t\t\t\t\t\t<\/form>\n\t\t<\/div>\n\n\t\t\n\t\t<input type=\"hidden\" name=\"comment_parent\" id=\"comment_parent\" value=\"\" \/>\n\n\t\t<\/div>\n\n\n<div class=\"crowdsignal-vote-wrapper\" data-crowdsignal-vote=\"{&quot;pollId&quot;:&quot;a16a70c1-c91b-48ce-8390-e3e20011c97e&quot;,&quot;title&quot;:&quot;Votaci\\u00f3n sin t\\u00edtulo&quot;,&quot;hideBranding&quot;:false,&quot;pollStatus&quot;:&quot;open&quot;,&quot;size&quot;:&quot;medium&quot;,&quot;borderWidth&quot;:1,&quot;borderRadius&quot;:5,&quot;hideResults&quot;:false,&quot;TrpContentRestriction&quot;:{&quot;restriction_type&quot;:&quot;exclude&quot;,&quot;selected_languages&quot;:[],&quot;panel_open&quot;:true},&quot;apiPollData&quot;:{&quot;id&quot;:17228304,&quot;question&quot;:&quot;&quot;,&quot;note&quot;:&quot;&quot;,&quot;settings&quot;:{&quot;title&quot;:&quot;Votaci\\u00f3n sin t\\u00edtulo&quot;,&quot;after_vote&quot;:&quot;results&quot;,&quot;after_message&quot;:&quot;&quot;,&quot;randomize_answers&quot;:false,&quot;restrict_vote_repeat&quot;:false,&quot;captcha&quot;:false,&quot;multiple_choice&quot;:false,&quot;redirect_url&quot;:&quot;&quot;,&quot;close_status&quot;:&quot;open&quot;,&quot;close_after&quot;:false},&quot;answers&quot;:[{&quot;answer_text&quot;:&quot;up&quot;,&quot;id&quot;:75282622,&quot;client_id&quot;:&quot;fb5b6f04-585e-4bde-96f8-869fff7ded33&quot;},{&quot;answer_text&quot;:&quot;down&quot;,&quot;id&quot;:75282623,&quot;client_id&quot;:&quot;5735075d-c7d0-42ad-9b10-25ec27d7c3c2&quot;}],&quot;source_link&quot;:&quot;https:\\\/\\\/elabrevaderojm.com&quot;,&quot;client_id&quot;:&quot;a16a70c1-c91b-48ce-8390-e3e20011c97e&quot;}}\">\n<div data-crowdsignal-vote-item=\"{&quot;answerId&quot;:&quot;fb5b6f04-585e-4bde-96f8-869fff7ded33&quot;,&quot;type&quot;:&quot;up&quot;,&quot;TrpContentRestriction&quot;:{&quot;restriction_type&quot;:&quot;exclude&quot;,&quot;selected_languages&quot;:[],&quot;panel_open&quot;:true}}\"><\/div>\n\n<div data-crowdsignal-vote-item=\"{&quot;answerId&quot;:&quot;5735075d-c7d0-42ad-9b10-25ec27d7c3c2&quot;,&quot;type&quot;:&quot;down&quot;,&quot;TrpContentRestriction&quot;:{&quot;restriction_type&quot;:&quot;exclude&quot;,&quot;selected_languages&quot;:[],&quot;panel_open&quot;:true}}\"><\/div>\n<\/div>\n\n<div class=\"crowdsignal-applause-wrapper\" data-crowdsignal-applause=\"{&quot;pollId&quot;:&quot;8b02bc26-7cc3-454c-97ca-89862ea6bcfe&quot;,&quot;title&quot;:&quot;Aplauso sin t\\u00edtulo&quot;,&quot;answerId&quot;:&quot;2d9d3353-eaf2-4e70-9acc-d01420acef15&quot;,&quot;hideBranding&quot;:false,&quot;size&quot;:&quot;medium&quot;,&quot;pollStatus&quot;:&quot;open&quot;,&quot;TrpContentRestriction&quot;:{&quot;restriction_type&quot;:&quot;exclude&quot;,&quot;selected_languages&quot;:[],&quot;panel_open&quot;:true},&quot;apiPollData&quot;:{&quot;id&quot;:17228305,&quot;question&quot;:&quot;&quot;,&quot;note&quot;:&quot;&quot;,&quot;settings&quot;:{&quot;title&quot;:&quot;Aplauso sin t\\u00edtulo&quot;,&quot;after_vote&quot;:&quot;results&quot;,&quot;after_message&quot;:&quot;&quot;,&quot;randomize_answers&quot;:false,&quot;restrict_vote_repeat&quot;:false,&quot;captcha&quot;:false,&quot;multiple_choice&quot;:false,&quot;redirect_url&quot;:&quot;&quot;,&quot;close_status&quot;:&quot;open&quot;,&quot;close_after&quot;:false},&quot;answers&quot;:[{&quot;answer_text&quot;:&quot;clap&quot;,&quot;id&quot;:75282624,&quot;client_id&quot;:&quot;2d9d3353-eaf2-4e70-9acc-d01420acef15&quot;}],&quot;source_link&quot;:&quot;https:\\\/\\\/elabrevaderojm.com&quot;,&quot;client_id&quot;:&quot;8b02bc26-7cc3-454c-97ca-89862ea6bcfe&quot;}}\"><\/div>","protected":false},"excerpt":{"rendered":"<p>Me cuesta entender que ciertos pa\u00edses admitan a individuos nacionalizados, pero nacidos en el extranjero, como cabeza de su poder ejecutivo. El pa\u00eds considerado como el ejemplo de democracia, no lo hace&#8230;.<\/p>","protected":false},"author":147101633,"featured_media":0,"comment_status":"open","ping_status":"open","sticky":false,"template":"","format":"standard","meta":{"_coblocks_attr":"","_coblocks_dimensions":"","_coblocks_responsive_height":"","_coblocks_accordion_ie_support":"","advanced_seo_description":"","jetpack_seo_html_title":"","jetpack_seo_noindex":false,"jetpack_seo_schema_type":"","_jetpack_newsletter_access":"","_jetpack_dont_email_post_to_subs":false,"_jetpack_newsletter_tier_id":0,"_jetpack_memberships_contains_paywalled_content":false,"_wpcom_ai_launchpad_first_post":false,"_jetpack_feature_clip_id":0,"_jetpack_memberships_contains_paid_content":false,"footnotes":"","jetpack_publicize_message":"{title}\n\n{excerpt}\n\n{url}","jetpack_publicize_feature_enabled":true,"jetpack_social_post_already_shared":true,"jetpack_social_options":{"image_generator_settings":{"template":"highway","default_image_id":0,"font":"","enabled":true,"token":"eyJ0eHQiOiIxIGRpY3RhZHVyYSBmYXNjaXN0YSBtXHUwMGUxcyBlbiBMYXRpbm9hbVx1MDBlOXJpY2EgcXVlIHNhbGUgYXJyYXN0clx1MDBlMW5kb3NlIGRlIGxhIGNsb2FjYSBkZWwgaW1wZXJpby4gQW5cdTAwZTFsaXNpcyBkZSBMYSBCYXNlTGF0YW0iLCJ0ZW1wbGF0ZSI6ImhpZ2h3YXkiLCJmb250IjoiIiwiYmxvZ19pZCI6MTUzNzM1NTE1fQ.SndvB2XhSwlCrn0E1YGWXkArk1hi4VO_24UeCVB8RGgMQ"},"version":2},"_wpas_customize_per_network":false,"jetpack_post_was_ever_published":false},"categories":[772615945,70015,78838],"tags":[772616646,772616651,772616648,772616636,772616643,772616634,772616647,772616642,21691,772616635,772616641,772616653,772616645,772616652,772616649,772616650,772616132,772616462,772616638,772616637,772616640,772616639,772616644],"class_list":["post-31496","post","type-post","status-publish","format-standard","hentry","category-geopolitica-y-noticias","category-historico","category-personalidades","tag-alejandro-char-chaljub","tag-andres-julian-rendon-cardona","tag-alvaro-alejandro-eder-garces","tag-alvaro-uribe","tag-oscar-benavides","tag-bloque-de-defensa-para-la-seguridad-urbana","tag-carlos-fernando-galan-pachon","tag-casa-de-narino","tag-colombia","tag-convivir","tag-daniela-pacheco-martinez","tag-diego-fernando-murillo-bejarano","tag-dumek-turbay-paz","tag-edwin-palma-egea","tag-fabio-alberto-arjona-hincapie","tag-federico-andres-gutierrez-zuluaga","tag-la-base","tag-la-base-america-latina","tag-militarizacion","tag-paramilitarismo","tag-persecucion-politica","tag-recortes-sociales","tag-salvatore-mancuso-gomez"],"featured_image_src":null,"author_info":{"display_name":"jmhernandezgonzalez","author_link":"https:\/\/elabrevaderojm.com\/en\/author\/jmhernandezgonzalez\/"},"jetpack_publicize_connections":[],"jetpack_likes_enabled":true,"jetpack_sharing_enabled":true,"jetpack_shortlink":"https:\/\/wp.me\/pap3D5-8c0","jetpack-related-posts":[],"jetpack_featured_media_url":"","_links":{"self":[{"href":"https:\/\/elabrevaderojm.com\/en\/wp-json\/wp\/v2\/posts\/31496","targetHints":{"allow":["GET"]}}],"collection":[{"href":"https:\/\/elabrevaderojm.com\/en\/wp-json\/wp\/v2\/posts"}],"about":[{"href":"https:\/\/elabrevaderojm.com\/en\/wp-json\/wp\/v2\/types\/post"}],"author":[{"embeddable":true,"href":"https:\/\/elabrevaderojm.com\/en\/wp-json\/wp\/v2\/users\/147101633"}],"replies":[{"embeddable":true,"href":"https:\/\/elabrevaderojm.com\/en\/wp-json\/wp\/v2\/comments?post=31496"}],"version-history":[{"count":25,"href":"https:\/\/elabrevaderojm.com\/en\/wp-json\/wp\/v2\/posts\/31496\/revisions"}],"predecessor-version":[{"id":31550,"href":"https:\/\/elabrevaderojm.com\/en\/wp-json\/wp\/v2\/posts\/31496\/revisions\/31550"}],"wp:attachment":[{"href":"https:\/\/elabrevaderojm.com\/en\/wp-json\/wp\/v2\/media?parent=31496"}],"wp:term":[{"taxonomy":"category","embeddable":true,"href":"https:\/\/elabrevaderojm.com\/en\/wp-json\/wp\/v2\/categories?post=31496"},{"taxonomy":"post_tag","embeddable":true,"href":"https:\/\/elabrevaderojm.com\/en\/wp-json\/wp\/v2\/tags?post=31496"}],"curies":[{"name":"wp","href":"https:\/\/api.w.org\/{rel}","templated":true}]}}