{"id":32383,"date":"2026-08-04T12:41:18","date_gmt":"2026-08-04T16:41:18","guid":{"rendered":"https:\/\/elabrevaderojm.com\/?p=32383"},"modified":"2026-08-31T15:09:27","modified_gmt":"2026-08-31T19:09:27","slug":"ceuta-no-es-una-puerta-abierta-a-la-migracion-marroqui-a-espana-2-la-verdad-con-los-doctores-jesus-lopez-almejo-y-abraham-navarro","status":"publish","type":"post","link":"https:\/\/elabrevaderojm.com\/en\/2026\/08\/04\/ceuta-no-es-una-puerta-abierta-a-la-migracion-marroqui-a-espana-2-la-verdad-con-los-doctores-jesus-lopez-almejo-y-abraham-navarro\/","title":{"rendered":"Ceuta NO es una puerta abierta a la migraci\u00f3n marroqu\u00ed a Espa\u00f1a (2). La verdad con los doctores Jes\u00fas L\u00f3pez Almejo y Abraham Navarro"},"content":{"rendered":"\n<p class=\"has-drop-cap has-work-sans-font-family has-text-align-justify has-medium-font-size has-custom-font wp-block-paragraph\" style=\"font-family:work-sans\">Esta reciente invasi\u00f3n de marroqu\u00edes a Espa\u00f1a, que no es m\u00e1s que un plan urdido por Marruecos, EE. UU. e Israel, ha generado opiniones divididas entre la derecha y la izquierda internacionales y est\u00e1 encendiendo las redes sociales. Mi primera entrega sobre este tema la hice de boca de un analista pol\u00edtico espa\u00f1ol:<\/p>\n\n\n\n<figure class=\"wp-block-table has-literata-font-family\"><table class=\"has-pale-ocean-gradient-background has-background has-fixed-layout\" style=\"border-width:4px\"><tbody><tr><td><strong><mark style=\"background-color:rgba(0, 0, 0, 0);color:#f50707\" class=\"has-inline-color\">RELACIONADO<\/mark>: <strong><a href=\"https:\/\/elabrevaderojm.com\/2026\/08\/03\/ceuta-no-es-una-puerta-abierta-en-espana-a-la-migracion-marroqui-la-verdad-con-alan-barroso-arrufat\/\">Ceuta NO es una puerta abierta en Espa\u00f1a a la migraci\u00f3n marroqu\u00ed. La verdad con Al\u00e1n Barroso Arrufat<\/a><\/strong><\/strong><\/td><\/tr><\/tbody><\/table><\/figure>\n\n\n\n<p class=\"has-work-sans-font-family has-text-align-justify has-medium-font-size has-custom-font wp-block-paragraph\" style=\"font-family:work-sans\">Esta vez, les presento el an\u00e1lisis de dos doctores mexicanos que, a mi entender, son dos de los mejores analistas de geopol\u00edtica en redes sociales. Veamos qu\u00e9 dicen:<\/p>\n\n\n\n<p class=\"has-text-align-center has-ubuntu-font-family has-custom-font wp-block-paragraph\" style=\"font-family:Ubuntu;font-size:20px\"><img data-recalc-dims=\"1\" loading=\"lazy\" decoding=\"async\" width=\"110\" height=\"160\" data-attachment-id=\"25739\" data-permalink=\"https:\/\/elabrevaderojm.com\/en\/2025\/08\/31\/tuprofederi-en-este-momento-maduro-despliega-tropas-a-frontera-con-colombia-china-no-es-patio-trasero-de-nadie-noticia-y-analisis-por-dr-jesus-lopez-almejo\/jesus-l-a-1\/\" data-orig-file=\"https:\/\/i0.wp.com\/elabrevaderojm.com\/wp-content\/uploads\/2025\/08\/jesus-l-a-1.jpg?fit=225%2C327&amp;ssl=1\" data-orig-size=\"225,327\" data-comments-opened=\"1\" data-image-meta=\"{&quot;aperture&quot;:&quot;0&quot;,&quot;credit&quot;:&quot;&quot;,&quot;camera&quot;:&quot;&quot;,&quot;caption&quot;:&quot;&quot;,&quot;created_timestamp&quot;:&quot;0&quot;,&quot;copyright&quot;:&quot;&quot;,&quot;focal_length&quot;:&quot;0&quot;,&quot;iso&quot;:&quot;0&quot;,&quot;shutter_speed&quot;:&quot;0&quot;,&quot;title&quot;:&quot;&quot;,&quot;orientation&quot;:&quot;1&quot;}\" data-image-title=\"jesus l a 1\" data-image-description=\"\" data-image-caption=\"\" data-large-file=\"https:\/\/i0.wp.com\/elabrevaderojm.com\/wp-content\/uploads\/2025\/08\/jesus-l-a-1.jpg?fit=225%2C327&amp;ssl=1\" class=\"wp-image-25739\" style=\"width: 110px;\" src=\"https:\/\/i0.wp.com\/elabrevaderojm.com\/wp-content\/uploads\/2025\/08\/jesus-l-a-1.jpg?resize=110%2C160&#038;ssl=1\" alt=\"\" srcset=\"https:\/\/i0.wp.com\/elabrevaderojm.com\/wp-content\/uploads\/2025\/08\/jesus-l-a-1.jpg?w=225&amp;ssl=1 225w, https:\/\/i0.wp.com\/elabrevaderojm.com\/wp-content\/uploads\/2025\/08\/jesus-l-a-1.jpg?resize=206%2C300&amp;ssl=1 206w\" sizes=\"auto, (max-width: 110px) 100vw, 110px\" \/> <img data-recalc-dims=\"1\" loading=\"lazy\" decoding=\"async\" width=\"150\" height=\"150\" data-attachment-id=\"25740\" data-permalink=\"https:\/\/elabrevaderojm.com\/en\/2025\/08\/31\/tuprofederi-en-este-momento-maduro-despliega-tropas-a-frontera-con-colombia-china-no-es-patio-trasero-de-nadie-noticia-y-analisis-por-dr-jesus-lopez-almejo\/channels4_profile-2\/\" data-orig-file=\"https:\/\/i0.wp.com\/elabrevaderojm.com\/wp-content\/uploads\/2025\/08\/channels4_profile.jpg?fit=160%2C160&amp;ssl=1\" data-orig-size=\"160,160\" data-comments-opened=\"1\" data-image-meta=\"{&quot;aperture&quot;:&quot;0&quot;,&quot;credit&quot;:&quot;&quot;,&quot;camera&quot;:&quot;&quot;,&quot;caption&quot;:&quot;&quot;,&quot;created_timestamp&quot;:&quot;0&quot;,&quot;copyright&quot;:&quot;&quot;,&quot;focal_length&quot;:&quot;0&quot;,&quot;iso&quot;:&quot;0&quot;,&quot;shutter_speed&quot;:&quot;0&quot;,&quot;title&quot;:&quot;&quot;,&quot;orientation&quot;:&quot;0&quot;}\" data-image-title=\"channels4_profile\" data-image-description=\"\" data-image-caption=\"\" data-large-file=\"https:\/\/i0.wp.com\/elabrevaderojm.com\/wp-content\/uploads\/2025\/08\/channels4_profile.jpg?fit=160%2C160&amp;ssl=1\" class=\"wp-image-25740\" style=\"width: 150px;\" src=\"https:\/\/i0.wp.com\/elabrevaderojm.com\/wp-content\/uploads\/2025\/08\/channels4_profile.jpg?resize=150%2C150&#038;ssl=1\" alt=\"\" srcset=\"https:\/\/i0.wp.com\/elabrevaderojm.com\/wp-content\/uploads\/2025\/08\/channels4_profile.jpg?w=160&amp;ssl=1 160w, https:\/\/i0.wp.com\/elabrevaderojm.com\/wp-content\/uploads\/2025\/08\/channels4_profile.jpg?resize=150%2C150&amp;ssl=1 150w\" sizes=\"auto, (max-width: 150px) 100vw, 150px\" \/> <img data-recalc-dims=\"1\" loading=\"lazy\" decoding=\"async\" width=\"300\" height=\"159\" data-attachment-id=\"25741\" data-permalink=\"https:\/\/elabrevaderojm.com\/en\/2025\/08\/31\/tuprofederi-en-este-momento-maduro-despliega-tropas-a-frontera-con-colombia-china-no-es-patio-trasero-de-nadie-noticia-y-analisis-por-dr-jesus-lopez-almejo\/univ-baja-ca\/\" data-orig-file=\"https:\/\/i0.wp.com\/elabrevaderojm.com\/wp-content\/uploads\/2025\/08\/univ-baja-CA.jpeg?fit=308%2C163&amp;ssl=1\" data-orig-size=\"308,163\" data-comments-opened=\"1\" data-image-meta=\"{&quot;aperture&quot;:&quot;0&quot;,&quot;credit&quot;:&quot;&quot;,&quot;camera&quot;:&quot;&quot;,&quot;caption&quot;:&quot;&quot;,&quot;created_timestamp&quot;:&quot;0&quot;,&quot;copyright&quot;:&quot;&quot;,&quot;focal_length&quot;:&quot;0&quot;,&quot;iso&quot;:&quot;0&quot;,&quot;shutter_speed&quot;:&quot;0&quot;,&quot;title&quot;:&quot;&quot;,&quot;orientation&quot;:&quot;0&quot;}\" data-image-title=\"univ baja CA\" data-image-description=\"\" data-image-caption=\"\" data-large-file=\"https:\/\/i0.wp.com\/elabrevaderojm.com\/wp-content\/uploads\/2025\/08\/univ-baja-CA.jpeg?fit=308%2C163&amp;ssl=1\" class=\"wp-image-25741\" style=\"width: 300px;\" src=\"https:\/\/i0.wp.com\/elabrevaderojm.com\/wp-content\/uploads\/2025\/08\/univ-baja-CA.jpeg?resize=300%2C159&#038;ssl=1\" alt=\"\" srcset=\"https:\/\/i0.wp.com\/elabrevaderojm.com\/wp-content\/uploads\/2025\/08\/univ-baja-CA.jpeg?w=308&amp;ssl=1 308w, https:\/\/i0.wp.com\/elabrevaderojm.com\/wp-content\/uploads\/2025\/08\/univ-baja-CA.jpeg?resize=300%2C159&amp;ssl=1 300w\" sizes=\"auto, (max-width: 300px) 100vw, 300px\" \/> <\/p>\n\n\n\n<p class=\"has-work-sans-font-family has-medium-font-size has-custom-font wp-block-paragraph\" style=\"font-family:work-sans\"><strong>TuProfeDeRI es Jes\u00fas L\u00f3pez Almejo.<\/strong><\/p>\n\n\n\n<p class=\"has-work-sans-font-family has-text-align-justify has-medium-font-size has-custom-font wp-block-paragraph\" style=\"font-family:work-sans\">El doctor Jos\u00e9 de Jes\u00fas Lopez Almejo es Profesor de Relaciones Internacionales,&nbsp;<a href=\"https:\/\/es.wikipedia.org\/wiki\/Universidad_Aut%C3%B3noma_de_Baja_California\">Universidad Aut\u00f3noma de Baja California<\/a> (UABC); Investigador <a href=\"https:\/\/es.wikipedia.org\/wiki\/Consejo_Nacional_de_Humanidades,_Ciencias_y_Tecnolog%C3%ADas\">CONAHCYT<\/a>\/<a href=\"https:\/\/es.wikipedia.org\/wiki\/Sistema_Nacional_de_Investigadoras_e_Investigadores_(M%C3%A9xico)\">SNI<\/a>; Premio nacional de periodismo 2022: An\u00e1lisis y Did\u00e1ctica Geopol\u00edtica. Jes\u00fas L\u00f3pez Almejo ofrece, a mi entender, uno de los mejores an\u00e1lisis de geopol\u00edtica que se pueda encontrar \u2014y desear\u2014 en los medios alternativos de informaci\u00f3n. Tiene un profundo conocimiento de su especialidad y de la Historia universal, muy importantes para brindar puntos de vista objetivos y educativos. Desmenuza y profundiza en sus an\u00e1lisis de temas importantes y actuales. Utiliza, asimismo, s\u00e1tira geopol\u00edtica en sus exposiciones, lo cual ameniza la asimilaci\u00f3n de la informaci\u00f3n catedr\u00e1tica. El doctor ha sido invitado y ha participado en diversos canales alternativos como reconocimiento a su trabajo profesional.<\/p>\n\n\n\n<figure class=\"wp-block-image size-large\"><img data-recalc-dims=\"1\" loading=\"lazy\" decoding=\"async\" width=\"640\" height=\"106\" data-attachment-id=\"32386\" data-permalink=\"https:\/\/elabrevaderojm.com\/en\/?attachment_id=32386\" data-orig-file=\"https:\/\/i0.wp.com\/elabrevaderojm.com\/wp-content\/uploads\/2026\/07\/image.png?fit=1707%2C282&amp;ssl=1\" data-orig-size=\"1707,282\" data-comments-opened=\"1\" data-image-meta=\"{&quot;aperture&quot;:&quot;0&quot;,&quot;credit&quot;:&quot;&quot;,&quot;camera&quot;:&quot;&quot;,&quot;caption&quot;:&quot;&quot;,&quot;created_timestamp&quot;:&quot;0&quot;,&quot;copyright&quot;:&quot;&quot;,&quot;focal_length&quot;:&quot;0&quot;,&quot;iso&quot;:&quot;0&quot;,&quot;shutter_speed&quot;:&quot;0&quot;,&quot;title&quot;:&quot;&quot;,&quot;orientation&quot;:&quot;0&quot;,&quot;alt&quot;:&quot;&quot;}\" data-image-title=\"image\" data-image-description=\"\" data-image-caption=\"\" data-large-file=\"https:\/\/i0.wp.com\/elabrevaderojm.com\/wp-content\/uploads\/2026\/07\/image.png?fit=640%2C106&amp;ssl=1\" src=\"https:\/\/i0.wp.com\/elabrevaderojm.com\/wp-content\/uploads\/2026\/07\/image.png?resize=640%2C106&#038;ssl=1\" alt=\"\" class=\"wp-image-32386\" srcset=\"https:\/\/i0.wp.com\/elabrevaderojm.com\/wp-content\/uploads\/2026\/07\/image.png?resize=1024%2C169&amp;ssl=1 1024w, https:\/\/i0.wp.com\/elabrevaderojm.com\/wp-content\/uploads\/2026\/07\/image.png?resize=300%2C50&amp;ssl=1 300w, https:\/\/i0.wp.com\/elabrevaderojm.com\/wp-content\/uploads\/2026\/07\/image.png?resize=768%2C127&amp;ssl=1 768w, https:\/\/i0.wp.com\/elabrevaderojm.com\/wp-content\/uploads\/2026\/07\/image.png?resize=1536%2C254&amp;ssl=1 1536w, https:\/\/i0.wp.com\/elabrevaderojm.com\/wp-content\/uploads\/2026\/07\/image.png?resize=18%2C3&amp;ssl=1 18w, https:\/\/i0.wp.com\/elabrevaderojm.com\/wp-content\/uploads\/2026\/07\/image.png?resize=1200%2C198&amp;ssl=1 1200w, https:\/\/i0.wp.com\/elabrevaderojm.com\/wp-content\/uploads\/2026\/07\/image.png?resize=850%2C140&amp;ssl=1 850w, https:\/\/i0.wp.com\/elabrevaderojm.com\/wp-content\/uploads\/2026\/07\/image.png?w=1707&amp;ssl=1 1707w, https:\/\/i0.wp.com\/elabrevaderojm.com\/wp-content\/uploads\/2026\/07\/image.png?w=1280&amp;ssl=1 1280w\" sizes=\"auto, (max-width: 640px) 100vw, 640px\" \/><\/figure>\n\n\n\n<p class=\"has-work-sans-font-family has-text-align-justify has-medium-font-size has-custom-font wp-block-paragraph\" style=\"font-family:work-sans\">En su perfil de LinkedIn, el doctor Abraham Navarro Garc\u00eda ofrece estos datos sobre s\u00ed mismo: Analista geopol\u00edtico y creador a tiempo completo en YouTube centrado en pol\u00edtica internacional para audiencias hispanohablantes, con una perspectiva clara, rigurosa y basada en Am\u00e9rica Latina. Despu\u00e9s de ~20 a\u00f1os como profesor universitario, me dediqu\u00e9 plenamente al an\u00e1lisis p\u00fablico para ayudar a la gente a filtrar titulares y el \u00abruido\u00bb medi\u00e1tico y construir su propio juicio informado. Mi enfoque combina contexto hist\u00f3rico, marcos legales y an\u00e1lisis geopol\u00edtico sin jerga innecesaria.<br>Formaci\u00f3n acad\u00e9mica: Lic. en Comunicaci\u00f3n Gr\u00e1fica (UNAM), Lic. en Historia (UNAM), Lic. en Derecho (UnADM), Mtro. en Estudios de Asia y \u00c1frica (El Colmex), con Posgrado en M\u00e9todos de Investigaci\u00f3n Social (U. de Sussex) y Dr. en Relaciones Internacionales (U. de Sussex).<\/p>\n\n\n\n<p class=\"has-work-sans-font-family has-text-align-justify has-medium-font-size has-custom-font wp-block-paragraph\" style=\"font-family:work-sans\">Lo que cubro: Competencia de grandes potencias, diplomacia, seguridad, instituciones multilaterales (sistema ONU), derecho internacional, sanciones, energ\u00eda, migraci\u00f3n y din\u00e1micas regionales, a menudo siguiendo a actores como Estados Unidos, China, Rusia, M\u00e9xico, la UE,&nbsp; Jap\u00f3n, las Coreas, Israel y la ONU (Asamblea General y Consejo de Seguridad).<br>Idiomas: espa\u00f1ol (nativo), ingl\u00e9s (fluido); conocimientos de lectura de franc\u00e9s y portugu\u00e9s, algo de alem\u00e1n y chino b\u00e1sico.<\/p>\n\n\n\n<p class=\"has-work-sans-font-family has-medium-font-size has-custom-font wp-block-paragraph\" style=\"font-family:work-sans\"><strong>Poder y Contexto<\/strong><\/p>\n\n\n\n<p class=\"has-work-sans-font-family has-text-align-justify has-medium-font-size has-custom-font wp-block-paragraph\" style=\"font-family:work-sans\">En su canal de <em>YouTube<\/em>, se explica: Entendamos la pol\u00edtica internacional sin titulares vac\u00edos ni explicaciones superficiales. Enfrentemos juntos el ruido informativo identificando qui\u00e9nes son los actores clave, qu\u00e9 intereses y qu\u00e9 recursos estrat\u00e9gicos est\u00e1n en juego y c\u00f3mo todo esto puede afectarte. Te ofrecemos contexto hist\u00f3rico, jur\u00eddico y geopol\u00edtico sobre alianzas, conflictos, crisis y acuerdos internacionales con una mirada cr\u00edtica desde Am\u00e9rica Latina para todo el mundo hispanohablante.<\/p>\n\n\n\n<figure class=\"wp-block-table has-dm-serif-display-font-family\"><table class=\"has-vivid-red-color has-pale-ocean-gradient-background has-text-color has-background has-link-color has-fixed-layout\"><tbody><tr><td><span class=\"has-superb-addons-text-align-justify\">Este es un video con informaci\u00f3n interesante sobre la actualidad geopol\u00edtica que comparto en mi p\u00e1gina con el intento \u2014pues nunca se sabe\u2014 de evitar la censura que los medios en manos de los globalistas, derechistas, nazis, sionistas, generadores de odio no dejan de ejercer contra los canales alternativos de informaci\u00f3n.<br>Al contenido presentado por el exponente he a\u00f1adido notas aclaratorias sobre conceptos, nombres, situaciones o lugares mencionados en el video que pudieran ayudar a comprender mejor lo que se expone. <mark style=\"background-color:#fcb900\" class=\"has-inline-color\">De hecho, lo recomendable ser\u00eda leer esa informaci\u00f3n antes de escuchar el video. En muchos casos, esas aclaraciones y\/o explicaciones se han presentado aqu\u00ed como enlaces que pueden ser abiertos para leer.<\/mark><br>Aunque la mayor\u00eda de los enlaces para informaci\u00f3n fueron hechos a <em>Wikipedia<\/em>, este autor no necesariamente se adhiere a esta p\u00e1gina como la m\u00e1s fidedigna o genuina para aclarar dudas, pues este sitio tiende a la narrativa derechista del mundo occidental. Sin embargo, es una fuente muy visitada y utilizada como referencia.<br>El video original fue subido a los canales de contenido y an\u00e1lisis <strong>TuProfeDeRI<\/strong> de Jes\u00fas L\u00f3pez Almejo y <strong>Poder y Contexto<\/strong> de Abraham Navarro Garc\u00eda. <\/span><\/td><\/tr><\/tbody><\/table><\/figure>\n\n\n\n\t\t<figure class=\"wp-block-jetpack-videopress jetpack-videopress-player\" style=\"\" >\n\t\t\t<div class=\"jetpack-videopress-player__wrapper\"> <div class=\"jetpack-video-wrapper\"><iframe loading=\"lazy\" title=\"VideoPress Video Player\" aria-label=\"VideoPress Video Player\" width=\"640\" height=\"640\" src=\"https:\/\/videopress.com\/embed\/T5HDRnam?cover=1&amp;autoPlay=0&amp;controls=1&amp;loop=0&amp;muted=0&amp;persistVolume=1&amp;playsinline=0&amp;preloadContent=metadata&amp;useAverageColor=1&amp;hd=0\" frameborder=\"0\" allowfullscreen data-resize-to-parent=\"true\" allow=\"clipboard-write; presentation\"><\/iframe><script src='https:\/\/v0.wordpress.com\/js\/next\/videopress-iframe.js?m=1770107250'><\/script><\/div><\/div>\n\t\t\t\n\t\t\t\n\t\t<\/figure>\n\t\t\n\n\n<p class=\"has-work-sans-font-family has-medium-font-size has-custom-font wp-block-paragraph\" style=\"font-family:work-sans\"><a href=\"https:\/\/es.wikipedia.org\/wiki\/Julio_Hern%C3%A1ndez_L%C3%B3pez\">Julio Hern\u00e1ndez L\u00f3pez<\/a> (tambi\u00e9n conocido como&nbsp;Julio Astillero)<\/p>\n\n\n\n<div class=\"wp-block-jetpack-tiled-gallery aligncenter is-style-rectangular\"><div class=\"\"><div class=\"tiled-gallery__gallery\"><div class=\"tiled-gallery__row\"><div class=\"tiled-gallery__col\" style=\"flex-basis:39.33785%\"><figure class=\"tiled-gallery__item\"><img decoding=\"async\" data-attachment-id=\"32402\" data-permalink=\"https:\/\/elabrevaderojm.com\/en\/2026\/08\/04\/ceuta-no-es-una-puerta-abierta-a-la-migracion-marroqui-a-espana-2-la-verdad-con-los-doctores-jesus-lopez-almejo-y-abraham-navarro\/ceuta-en-el-mapa\/\" data-orig-file=\"https:\/\/i0.wp.com\/elabrevaderojm.com\/wp-content\/uploads\/2026\/08\/Ceuta-en-el-mapa.jpg?fit=435%2C402&amp;ssl=1\" data-orig-size=\"435,402\" data-comments-opened=\"1\" data-image-meta=\"{&quot;aperture&quot;:&quot;0&quot;,&quot;credit&quot;:&quot;&quot;,&quot;camera&quot;:&quot;&quot;,&quot;caption&quot;:&quot;&quot;,&quot;created_timestamp&quot;:&quot;0&quot;,&quot;copyright&quot;:&quot;&quot;,&quot;focal_length&quot;:&quot;0&quot;,&quot;iso&quot;:&quot;0&quot;,&quot;shutter_speed&quot;:&quot;0&quot;,&quot;title&quot;:&quot;&quot;,&quot;orientation&quot;:&quot;1&quot;,&quot;alt&quot;:&quot;&quot;}\" data-image-title=\"Ceuta en el mapa\" data-image-description=\"\" data-image-caption=\"\" data-large-file=\"https:\/\/i0.wp.com\/elabrevaderojm.com\/wp-content\/uploads\/2026\/08\/Ceuta-en-el-mapa.jpg?fit=435%2C402&amp;ssl=1\" role=\"button\" tabindex=\"0\" aria-label=\"Open image 1 of 2 in full-screen\" srcset=\"https:\/\/i0.wp.com\/elabrevaderojm.com\/wp-content\/uploads\/2026\/08\/Ceuta-en-el-mapa.jpg?strip=info&#038;w=435&#038;ssl=1 435w\" alt=\"\" data-height=\"402\" data-id=\"32402\" data-link=\"https:\/\/elabrevaderojm.com\/?attachment_id=32402\" data-url=\"https:\/\/elabrevaderojm.com\/wp-content\/uploads\/2026\/08\/Ceuta-en-el-mapa.jpg\" data-width=\"435\" src=\"https:\/\/i0.wp.com\/elabrevaderojm.com\/wp-content\/uploads\/2026\/08\/Ceuta-en-el-mapa.jpg?ssl=1\" data-amp-layout=\"responsive\"\/><\/figure><\/div><div class=\"tiled-gallery__col\" style=\"flex-basis:60.66215%\"><figure class=\"tiled-gallery__item\"><img decoding=\"async\" data-attachment-id=\"32401\" data-permalink=\"https:\/\/elabrevaderojm.com\/en\/2026\/08\/04\/ceuta-no-es-una-puerta-abierta-a-la-migracion-marroqui-a-espana-2-la-verdad-con-los-doctores-jesus-lopez-almejo-y-abraham-navarro\/melilla-en-el-mapa\/\" data-orig-file=\"https:\/\/i0.wp.com\/elabrevaderojm.com\/wp-content\/uploads\/2026\/08\/Melilla-en-el-mapa.jpg?fit=620%2C371&amp;ssl=1\" data-orig-size=\"620,371\" data-comments-opened=\"1\" data-image-meta=\"{&quot;aperture&quot;:&quot;0&quot;,&quot;credit&quot;:&quot;&quot;,&quot;camera&quot;:&quot;&quot;,&quot;caption&quot;:&quot;&quot;,&quot;created_timestamp&quot;:&quot;0&quot;,&quot;copyright&quot;:&quot;&quot;,&quot;focal_length&quot;:&quot;0&quot;,&quot;iso&quot;:&quot;0&quot;,&quot;shutter_speed&quot;:&quot;0&quot;,&quot;title&quot;:&quot;&quot;,&quot;orientation&quot;:&quot;1&quot;,&quot;alt&quot;:&quot;&quot;}\" data-image-title=\"Melilla en el mapa\" data-image-description=\"\" data-image-caption=\"\" data-large-file=\"https:\/\/i0.wp.com\/elabrevaderojm.com\/wp-content\/uploads\/2026\/08\/Melilla-en-el-mapa.jpg?fit=620%2C371&amp;ssl=1\" role=\"button\" tabindex=\"0\" aria-label=\"Open image 2 of 2 in full-screen\" srcset=\"https:\/\/i0.wp.com\/elabrevaderojm.com\/wp-content\/uploads\/2026\/08\/Melilla-en-el-mapa.jpg?strip=info&#038;w=600&#038;ssl=1 600w,https:\/\/i0.wp.com\/elabrevaderojm.com\/wp-content\/uploads\/2026\/08\/Melilla-en-el-mapa.jpg?strip=info&#038;w=620&#038;ssl=1 620w\" alt=\"\" data-height=\"371\" data-id=\"32401\" data-link=\"https:\/\/elabrevaderojm.com\/?attachment_id=32401\" data-url=\"https:\/\/elabrevaderojm.com\/wp-content\/uploads\/2026\/08\/Melilla-en-el-mapa.jpg\" data-width=\"620\" src=\"https:\/\/i0.wp.com\/elabrevaderojm.com\/wp-content\/uploads\/2026\/08\/Melilla-en-el-mapa.jpg?ssl=1\" data-amp-layout=\"responsive\"\/><\/figure><\/div><\/div><\/div><\/div><\/div>\n\n\n\n<p class=\"has-text-align-center has-bodoni-moda-font-family has-custom-font wp-block-paragraph\" style=\"font-size:17px;font-family:bodoni-moda\"><strong>Localizaciones de <a href=\"https:\/\/es.wikipedia.org\/wiki\/Ceuta\">Ceuta<\/a> y <a href=\"https:\/\/es.wikipedia.org\/wiki\/Melilla\">Melilla<\/a> en el mapa.<\/strong><\/p>\n\n\n<div class=\"wp-block-image\">\n<figure class=\"aligncenter size-full\"><img data-recalc-dims=\"1\" loading=\"lazy\" decoding=\"async\" width=\"250\" height=\"273\" data-attachment-id=\"32408\" data-permalink=\"https:\/\/elabrevaderojm.com\/en\/2026\/08\/04\/ceuta-no-es-una-puerta-abierta-a-la-migracion-marroqui-a-espana-2-la-verdad-con-los-doctores-jesus-lopez-almejo-y-abraham-navarro\/escudo-del-frente-polisario\/\" data-orig-file=\"https:\/\/i0.wp.com\/elabrevaderojm.com\/wp-content\/uploads\/2026\/08\/escudo-del-frente-polisario.jpg?fit=250%2C273&amp;ssl=1\" data-orig-size=\"250,273\" data-comments-opened=\"1\" data-image-meta=\"{&quot;aperture&quot;:&quot;0&quot;,&quot;credit&quot;:&quot;&quot;,&quot;camera&quot;:&quot;&quot;,&quot;caption&quot;:&quot;&quot;,&quot;created_timestamp&quot;:&quot;0&quot;,&quot;copyright&quot;:&quot;&quot;,&quot;focal_length&quot;:&quot;0&quot;,&quot;iso&quot;:&quot;0&quot;,&quot;shutter_speed&quot;:&quot;0&quot;,&quot;title&quot;:&quot;&quot;,&quot;orientation&quot;:&quot;1&quot;,&quot;alt&quot;:&quot;&quot;}\" data-image-title=\"escudo del frente polisario\" data-image-description=\"\" data-image-caption=\"\" data-large-file=\"https:\/\/i0.wp.com\/elabrevaderojm.com\/wp-content\/uploads\/2026\/08\/escudo-del-frente-polisario.jpg?fit=250%2C273&amp;ssl=1\" src=\"https:\/\/i0.wp.com\/elabrevaderojm.com\/wp-content\/uploads\/2026\/08\/escudo-del-frente-polisario.jpg?resize=250%2C273&#038;ssl=1\" alt=\"\" class=\"wp-image-32408\" srcset=\"https:\/\/i0.wp.com\/elabrevaderojm.com\/wp-content\/uploads\/2026\/08\/escudo-del-frente-polisario.jpg?w=250&amp;ssl=1 250w, https:\/\/i0.wp.com\/elabrevaderojm.com\/wp-content\/uploads\/2026\/08\/escudo-del-frente-polisario.jpg?resize=11%2C12&amp;ssl=1 11w\" sizes=\"auto, (max-width: 250px) 100vw, 250px\" \/><\/figure>\n<\/div>\n\n\n<p class=\"has-text-align-center has-bodoni-moda-font-family has-custom-font wp-block-paragraph\" style=\"font-size:17px;font-family:bodoni-moda\"><strong>Escudo de armas del Frente Popular de Liberaci\u00f3n de&nbsp;<a href=\"https:\/\/es.wikipedia.org\/wiki\/Sagu%C3%ADa_el_Hamra\">Sagu\u00eda el Hamra<\/a>&nbsp;y&nbsp;<a href=\"https:\/\/es.wikipedia.org\/wiki\/R%C3%ADo_de_Oro\">R\u00edo de Oro<\/a> (o <a href=\"https:\/\/es.wikipedia.org\/wiki\/Frente_Polisario\">Frente Polisario<\/a>,&nbsp;Frelisario&nbsp;o simplemente&nbsp;Polisario).<\/strong><\/p>\n\n\n\n<p class=\"has-work-sans-font-family has-medium-font-size has-custom-font wp-block-paragraph\" style=\"font-family:work-sans\"><a href=\"https:\/\/es.wikipedia.org\/wiki\/Itamar_Ben-Gvir\">Itamar Ben-Gvir<\/a>, <\/p>\n\n\n\n<figure class=\"wp-block-gallery has-nested-images columns-default is-cropped wp-block-gallery-1 is-layout-flex wp-block-gallery-is-layout-flex\">\n<figure class=\"wp-block-image size-large\"><img data-recalc-dims=\"1\" loading=\"lazy\" decoding=\"async\" width=\"318\" height=\"333\" data-attachment-id=\"32413\" data-permalink=\"https:\/\/elabrevaderojm.com\/en\/2026\/08\/04\/ceuta-no-es-una-puerta-abierta-a-la-migracion-marroqui-a-espana-2-la-verdad-con-los-doctores-jesus-lopez-almejo-y-abraham-navarro\/giorgia-meloni\/\" data-orig-file=\"https:\/\/i0.wp.com\/elabrevaderojm.com\/wp-content\/uploads\/2026\/08\/giorgia-meloni.jpg?fit=318%2C333&amp;ssl=1\" data-orig-size=\"318,333\" data-comments-opened=\"1\" data-image-meta=\"{&quot;aperture&quot;:&quot;0&quot;,&quot;credit&quot;:&quot;&quot;,&quot;camera&quot;:&quot;&quot;,&quot;caption&quot;:&quot;&quot;,&quot;created_timestamp&quot;:&quot;0&quot;,&quot;copyright&quot;:&quot;&quot;,&quot;focal_length&quot;:&quot;0&quot;,&quot;iso&quot;:&quot;0&quot;,&quot;shutter_speed&quot;:&quot;0&quot;,&quot;title&quot;:&quot;&quot;,&quot;orientation&quot;:&quot;1&quot;,&quot;alt&quot;:&quot;&quot;}\" data-image-title=\"giorgia meloni\" data-image-description=\"\" data-image-caption=\"\" data-large-file=\"https:\/\/i0.wp.com\/elabrevaderojm.com\/wp-content\/uploads\/2026\/08\/giorgia-meloni.jpg?fit=318%2C333&amp;ssl=1\" data-id=\"32413\" src=\"https:\/\/i0.wp.com\/elabrevaderojm.com\/wp-content\/uploads\/2026\/08\/giorgia-meloni.jpg?resize=318%2C333&#038;ssl=1\" alt=\"\" class=\"wp-image-32413\" srcset=\"https:\/\/i0.wp.com\/elabrevaderojm.com\/wp-content\/uploads\/2026\/08\/giorgia-meloni.jpg?w=318&amp;ssl=1 318w, https:\/\/i0.wp.com\/elabrevaderojm.com\/wp-content\/uploads\/2026\/08\/giorgia-meloni.jpg?resize=286%2C300&amp;ssl=1 286w, https:\/\/i0.wp.com\/elabrevaderojm.com\/wp-content\/uploads\/2026\/08\/giorgia-meloni.jpg?resize=11%2C12&amp;ssl=1 11w, https:\/\/i0.wp.com\/elabrevaderojm.com\/wp-content\/uploads\/2026\/08\/giorgia-meloni.jpg?resize=300%2C314&amp;ssl=1 300w\" sizes=\"auto, (max-width: 318px) 100vw, 318px\" \/><\/figure>\n\n\n\n<figure class=\"wp-block-image size-large\"><img data-recalc-dims=\"1\" loading=\"lazy\" decoding=\"async\" width=\"243\" height=\"343\" data-attachment-id=\"32412\" data-permalink=\"https:\/\/elabrevaderojm.com\/en\/2026\/08\/04\/ceuta-no-es-una-puerta-abierta-a-la-migracion-marroqui-a-espana-2-la-verdad-con-los-doctores-jesus-lopez-almejo-y-abraham-navarro\/ursula-von-der-layen\/\" data-orig-file=\"https:\/\/i0.wp.com\/elabrevaderojm.com\/wp-content\/uploads\/2026\/08\/ursula-von-der-layen.jpg?fit=243%2C343&amp;ssl=1\" data-orig-size=\"243,343\" data-comments-opened=\"1\" data-image-meta=\"{&quot;aperture&quot;:&quot;0&quot;,&quot;credit&quot;:&quot;&quot;,&quot;camera&quot;:&quot;&quot;,&quot;caption&quot;:&quot;Ursula von der Leyen, president of the European Commission, at a news conference during the G7 Summit in Evian-les-bains, France, on Monday, June 15, 2026. Leaders of the G7 countries  Canada, France, Germany, Italy, Japan, the UK and the US  will arrive in ?vian on June 15-17 facing no shortage of challenges, from global imbalances and supply-chain security to the conflicts reshaping the world economy. Photographer: Nathan Laine\/Bloomberg via Getty Image&quot;,&quot;created_timestamp&quot;:&quot;0&quot;,&quot;copyright&quot;:&quot;? 2026 Bloomberg Finance L&quot;,&quot;focal_length&quot;:&quot;0&quot;,&quot;iso&quot;:&quot;0&quot;,&quot;shutter_speed&quot;:&quot;0&quot;,&quot;title&quot;:&quot;&quot;,&quot;orientation&quot;:&quot;1&quot;,&quot;alt&quot;:&quot;&quot;}\" data-image-title=\"ursula von der layen\" data-image-description=\"\" data-image-caption=\"&lt;p&gt;Ursula von der Leyen, president of the European Commission, at a news conference during the G7 Summit in Evian-les-bains, France, on Monday, June 15, 2026. Leaders of the G7 countries  Canada, France, Germany, Italy, Japan, the UK and the US  will arrive in ?vian on June 15-17 facing no shortage of challenges, from global imbalances and supply-chain security to the conflicts reshaping the world economy. Photographer: Nathan Laine\/Bloomberg via Getty Image&lt;\/p&gt;\n\" data-large-file=\"https:\/\/i0.wp.com\/elabrevaderojm.com\/wp-content\/uploads\/2026\/08\/ursula-von-der-layen.jpg?fit=243%2C343&amp;ssl=1\" data-id=\"32412\" src=\"https:\/\/i0.wp.com\/elabrevaderojm.com\/wp-content\/uploads\/2026\/08\/ursula-von-der-layen.jpg?resize=243%2C343&#038;ssl=1\" alt=\"\" class=\"wp-image-32412\" srcset=\"https:\/\/i0.wp.com\/elabrevaderojm.com\/wp-content\/uploads\/2026\/08\/ursula-von-der-layen.jpg?w=243&amp;ssl=1 243w, https:\/\/i0.wp.com\/elabrevaderojm.com\/wp-content\/uploads\/2026\/08\/ursula-von-der-layen.jpg?resize=213%2C300&amp;ssl=1 213w, https:\/\/i0.wp.com\/elabrevaderojm.com\/wp-content\/uploads\/2026\/08\/ursula-von-der-layen.jpg?resize=9%2C12&amp;ssl=1 9w\" sizes=\"auto, (max-width: 243px) 100vw, 243px\" \/><\/figure>\n\n\n\n<figure class=\"wp-block-image size-large\"><img data-recalc-dims=\"1\" loading=\"lazy\" decoding=\"async\" width=\"229\" height=\"280\" data-attachment-id=\"32414\" data-permalink=\"https:\/\/elabrevaderojm.com\/en\/2026\/08\/04\/ceuta-no-es-una-puerta-abierta-a-la-migracion-marroqui-a-espana-2-la-verdad-con-los-doctores-jesus-lopez-almejo-y-abraham-navarro\/hearing-of-dubravka-suica-vice-president-designate-of-the-ec-at-the-ep\/\" data-orig-file=\"https:\/\/i0.wp.com\/elabrevaderojm.com\/wp-content\/uploads\/2026\/08\/dubravka-suica.jpg?fit=229%2C280&amp;ssl=1\" data-orig-size=\"229,280\" data-comments-opened=\"1\" data-image-meta=\"{&quot;aperture&quot;:&quot;3.2&quot;,&quot;credit&quot;:&quot;Lukasz Kobus&quot;,&quot;camera&quot;:&quot;Canon EOS 5D Mark IV&quot;,&quot;caption&quot;:&quot;Hearing of Dubravka \\u0160uica, Vice-President designate of the EC, at the EP&quot;,&quot;created_timestamp&quot;:&quot;1553270618&quot;,&quot;copyright&quot;:&quot;\\u00a9 EU&quot;,&quot;focal_length&quot;:&quot;165&quot;,&quot;iso&quot;:&quot;3200&quot;,&quot;shutter_speed&quot;:&quot;0.00625&quot;,&quot;title&quot;:&quot;Hearing of Dubravka \\u0160uica, Vice-President designate of the EC, at the EP&quot;,&quot;orientation&quot;:&quot;1&quot;,&quot;alt&quot;:&quot;&quot;}\" data-image-title=\"Hearing of Dubravka \u0160uica, Vice-President designate of the EC, at the EP\" data-image-description=\"\" data-image-caption=\"&lt;p&gt;Hearing of Dubravka \u0160uica, Vice-President designate of the EC, at the EP&lt;\/p&gt;\n\" data-large-file=\"https:\/\/i0.wp.com\/elabrevaderojm.com\/wp-content\/uploads\/2026\/08\/dubravka-suica.jpg?fit=229%2C280&amp;ssl=1\" data-id=\"32414\" src=\"https:\/\/i0.wp.com\/elabrevaderojm.com\/wp-content\/uploads\/2026\/08\/dubravka-suica.jpg?resize=229%2C280&#038;ssl=1\" alt=\"\" class=\"wp-image-32414\" srcset=\"https:\/\/i0.wp.com\/elabrevaderojm.com\/wp-content\/uploads\/2026\/08\/dubravka-suica.jpg?w=229&amp;ssl=1 229w, https:\/\/i0.wp.com\/elabrevaderojm.com\/wp-content\/uploads\/2026\/08\/dubravka-suica.jpg?resize=10%2C12&amp;ssl=1 10w\" sizes=\"auto, (max-width: 229px) 100vw, 229px\" \/><\/figure>\n<\/figure>\n\n\n\n<p class=\"has-text-align-center has-bodoni-moda-font-family has-custom-font wp-block-paragraph\" style=\"font-size:17px;font-family:bodoni-moda\"><strong>De izquierda a derecha: <a href=\"https:\/\/es.wikipedia.org\/wiki\/Giorgia_Meloni\">Giorgia Meloni<\/a>, <a href=\"https:\/\/es.wikipedia.org\/wiki\/Ursula_von_der_Leyen\">Ursula Gertrud von der Leyen<\/a>, <a href=\"https:\/\/es.wikipedia.org\/wiki\/Dubravka_%C5%A0uica\">Dubravka \u0160uica<\/a><\/strong>.<\/p>\n\n\n<div class=\"wp-block-image\">\n<figure class=\"aligncenter size-full\"><img data-recalc-dims=\"1\" loading=\"lazy\" decoding=\"async\" width=\"480\" height=\"480\" data-attachment-id=\"32362\" data-permalink=\"https:\/\/elabrevaderojm.com\/en\/2026\/08\/03\/ceuta-no-es-una-puerta-abierta-en-espana-a-la-migracion-marroqui-la-verdad-con-alan-barroso-arrufat\/espacio-schengen\/\" data-orig-file=\"https:\/\/i0.wp.com\/elabrevaderojm.com\/wp-content\/uploads\/2026\/07\/espacio-schengen.jpg?fit=480%2C480&amp;ssl=1\" data-orig-size=\"480,480\" data-comments-opened=\"1\" data-image-meta=\"{&quot;aperture&quot;:&quot;0&quot;,&quot;credit&quot;:&quot;&quot;,&quot;camera&quot;:&quot;&quot;,&quot;caption&quot;:&quot;&quot;,&quot;created_timestamp&quot;:&quot;0&quot;,&quot;copyright&quot;:&quot;&quot;,&quot;focal_length&quot;:&quot;0&quot;,&quot;iso&quot;:&quot;0&quot;,&quot;shutter_speed&quot;:&quot;0&quot;,&quot;title&quot;:&quot;&quot;,&quot;orientation&quot;:&quot;1&quot;,&quot;alt&quot;:&quot;&quot;}\" data-image-title=\"espacio schengen\" data-image-description=\"\" data-image-caption=\"\" data-large-file=\"https:\/\/i0.wp.com\/elabrevaderojm.com\/wp-content\/uploads\/2026\/07\/espacio-schengen.jpg?fit=480%2C480&amp;ssl=1\" src=\"https:\/\/i0.wp.com\/elabrevaderojm.com\/wp-content\/uploads\/2026\/07\/espacio-schengen.jpg?resize=480%2C480&#038;ssl=1\" alt=\"\" class=\"wp-image-32362\" srcset=\"https:\/\/i0.wp.com\/elabrevaderojm.com\/wp-content\/uploads\/2026\/07\/espacio-schengen.jpg?w=480&amp;ssl=1 480w, https:\/\/i0.wp.com\/elabrevaderojm.com\/wp-content\/uploads\/2026\/07\/espacio-schengen.jpg?resize=300%2C300&amp;ssl=1 300w, https:\/\/i0.wp.com\/elabrevaderojm.com\/wp-content\/uploads\/2026\/07\/espacio-schengen.jpg?resize=150%2C150&amp;ssl=1 150w, https:\/\/i0.wp.com\/elabrevaderojm.com\/wp-content\/uploads\/2026\/07\/espacio-schengen.jpg?resize=12%2C12&amp;ssl=1 12w, https:\/\/i0.wp.com\/elabrevaderojm.com\/wp-content\/uploads\/2026\/07\/espacio-schengen.jpg?resize=400%2C400&amp;ssl=1 400w, https:\/\/i0.wp.com\/elabrevaderojm.com\/wp-content\/uploads\/2026\/07\/espacio-schengen.jpg?resize=200%2C200&amp;ssl=1 200w\" sizes=\"auto, (max-width: 480px) 100vw, 480px\" \/><\/figure>\n<\/div>\n\n\n<p class=\"has-text-align-center has-bodoni-moda-font-family has-custom-font wp-block-paragraph\" style=\"font-size:17px;font-family:bodoni-moda\"><strong><a href=\"https:\/\/es.wikipedia.org\/wiki\/Espacio_Schengen\">Espacio Schengen<\/a>.<\/strong><\/p>\n\n\n<div class=\"wp-block-coblocks-shape-divider is-style-triangle is-vertically-flipped mt-0 mb-0\" style=\"color: #111;\" aria-hidden=\"true\">\n\t\t\t<div class=\"wp-block-coblocks-shape-divider__svg-wrapper\" style=\"height:100px;\">\n\t\t\t\t<svg class=\"divider--triangle\" viewBox=\"0 0 100 100\" xmlns=\"http:\/\/www.w3.org\/2000\/svg\" preserveAspectRatio=\"none\"><path d=\"m0 0 50 100 50-100z\" fillRule=\"evenodd\" transform=\"matrix(1 0 0 -1 0 100)\" \/><\/svg>\n\t\t\t<\/div>\n\t\t\t<div class=\"wp-block-coblocks-shape-divider__alt-wrapper\" style=\"height:50px;\"><\/div>\n\t\t<\/div>\n\n\n<p class=\"has-work-sans-font-family has-text-align-justify has-medium-font-size has-custom-font wp-block-paragraph\" style=\"font-family:work-sans\">\u00bfAd\u00f3nde ir\u00e1 a parar esta provocaci\u00f3n de la derecha fascista internacional? Todo lo que ha estado y est\u00e1 sucediendo alrededor del mundo demuestra que la derecha culpa a los gobiernos de izquierda de no permitir disidencia, pero son los occidentales, los jud\u00edos sionistas, los yanquis, los fascistas, las petromonarqu\u00edas, y las dictaduras de derecha que se auto titulan \u00abdemocracias\u00bb las que no soportan que se les contradiga, que se les supere, que se desenmascare sus verdades y atrocidades, que se les plaste en el campo de batalla y en el de la geopol\u00edtica.<\/p>\n\n\n\n<p class=\"has-work-sans-font-family has-text-align-justify has-medium-font-size has-custom-font wp-block-paragraph\" style=\"font-family:work-sans\">El imperio patalea y todos sus esclavos se bajan los pantalones para que les sigan dando de patadas en el trasero. El imperio los usa y los enga\u00f1a, pero esos gobiernos son de tan poca val\u00eda que se dejan vapulear por una migaja.<\/p>\n\n\n\n<p class=\"has-text-align-justify has-work-sans-font-family has-medium-font-size has-custom-font wp-block-paragraph\" style=\"font-family:work-sans\">Y quien lee, \u00bfqu\u00e9 piensa? \u00bfTiene una opini\u00f3n sobre esto? Expr\u00e9sela en los comentarios.<\/p>\n\n\n\n<hr class=\"wp-block-separator has-alpha-channel-opacity\"\/>\n\n\n\n<p class=\"has-text-align-justify wp-block-paragraph\" style=\"font-size:18px\">Si te ha gustado este art\u00edculo, demu\u00e9stralo con un \u00abpulgar arriba\u00bb y un \u00abaplauso\u00bb, y compartiendo el contenido con tus amistades y en tus redes sociales. Es muy gratificante. Y quiz\u00e1s otras personas se enteren de estas cosas interesantes que has le\u00eddo hoy.<\/p>\n\n\n\n<p class=\"has-text-align-justify wp-block-paragraph\" style=\"font-size:18px\">Si tienes algo que comentar, preguntar o agregar, o decirme como expositor, por favor hazlo dejando tu comentario.<\/p>\n\n\n\n<p class=\"has-text-align-justify wp-block-paragraph\" style=\"font-size:18px\">Siempre lo mejor para estar al tanto de estas interesantes entregas es suscribirte a mi blog, que trato de surtir con nuevos trabajos siempre que me sea posible.<\/p>\n\n\n\n<p class=\"wp-block-paragraph\" style=\"font-size:18px\">Gracias por leer.<\/p>\n\n\n\n<div class=\"wp-block-comments\">\n\t\t<div id=\"respond\" class=\"comment-respond wp-block-post-comments-form\">\n\t\t\t<h3 id=\"reply-title\" class=\"comment-reply-title\">Leave a Reply<small><a rel=\"nofollow\" id=\"cancel-comment-reply-link\" href=\"\/en\/wp-json\/wp\/v2\/posts\/32383#respond\" style=\"display:none;\">Cancel reply<\/a><\/small><\/h3>\t\t\t<form id=\"commentform\" class=\"comment-form\">\n\t\t\t\t<iframe\n\t\t\t\t\ttitle=\"Comment Form\"\n\t\t\t\t\tsrc=\"https:\/\/jetpack.wordpress.com\/jetpack-comment\/?blogid=153735515&#038;postid=32383&#038;comment_registration=0&#038;require_name_email=0&#038;stc_enabled=1&#038;stb_enabled=1&#038;show_avatars=1&#038;avatar_default=identicon&#038;greeting=Leave+a+Reply&#038;jetpack_comments_nonce=b9a0548e1b&#038;greeting_reply=Leave+a+Reply+to+%25s&#038;color_scheme=light&#038;lang=en_US&#038;jetpack_version=16.2-a.5&#038;iframe_unique_id=2&#038;show_cookie_consent=10&#038;has_cookie_consent=0&#038;is_current_user_subscribed=0&#038;token_key=%3Bnormal%3B&#038;sig=8eb54857163e461952ff767885681e424aaa9d1d#parent=https%3A%2F%2Felabrevaderojm.com%2Fen%2Fwp-json%2Fwp%2Fv2%2Fposts%2F32383\"\n\t\t\t\t\t\t\t\t\t\t\tname=\"jetpack_remote_comment\"\n\t\t\t\t\t\tstyle=\"width:100%; height: 430px; border:0;\"\n\t\t\t\t\t\t\t\t\t\tclass=\"jetpack_remote_comment\"\n\t\t\t\t\tid=\"jetpack_remote_comment\"\n\t\t\t\t\tsandbox=\"allow-same-origin allow-top-navigation allow-scripts allow-forms allow-popups\"\n\t\t\t\t>\n\t\t\t\t\t\t\t\t\t<\/iframe>\n\t\t\t\t\t\t\t\t\t<!--[if !IE]><!-->\n\t\t\t\t\t<script>\n\t\t\t\t\t\tdocument.addEventListener('DOMContentLoaded', function () {\n\t\t\t\t\t\t\tvar commentForms = document.getElementsByClassName('jetpack_remote_comment');\n\t\t\t\t\t\t\tfor (var i = 0; i < commentForms.length; i++) {\n\t\t\t\t\t\t\t\tcommentForms[i].allowTransparency = false;\n\t\t\t\t\t\t\t\tcommentForms[i].scrolling = 'no';\n\t\t\t\t\t\t\t}\n\t\t\t\t\t\t});\n\t\t\t\t\t<\/script>\n\t\t\t\t\t<!--<![endif]-->\n\t\t\t\t\t\t\t<\/form>\n\t\t<\/div>\n\n\t\t\n\t\t<input type=\"hidden\" name=\"comment_parent\" id=\"comment_parent\" value=\"\" \/>\n\n\t\t<\/div>\n\n\n<div class=\"crowdsignal-vote-wrapper\" data-crowdsignal-vote=\"{&quot;pollId&quot;:&quot;8d958ecf-f2a8-4969-8c41-0e6268557654&quot;,&quot;title&quot;:&quot;Votaci\\u00f3n sin t\\u00edtulo&quot;,&quot;hideBranding&quot;:false,&quot;pollStatus&quot;:&quot;open&quot;,&quot;size&quot;:&quot;medium&quot;,&quot;borderWidth&quot;:1,&quot;borderRadius&quot;:5,&quot;hideResults&quot;:false,&quot;TrpContentRestriction&quot;:{&quot;restriction_type&quot;:&quot;exclude&quot;,&quot;selected_languages&quot;:[],&quot;panel_open&quot;:true},&quot;apiPollData&quot;:{&quot;id&quot;:17320053,&quot;question&quot;:&quot;&quot;,&quot;note&quot;:&quot;&quot;,&quot;settings&quot;:{&quot;title&quot;:&quot;Votaci\\u00f3n sin t\\u00edtulo&quot;,&quot;after_vote&quot;:&quot;results&quot;,&quot;after_message&quot;:&quot;&quot;,&quot;randomize_answers&quot;:false,&quot;restrict_vote_repeat&quot;:false,&quot;captcha&quot;:false,&quot;multiple_choice&quot;:false,&quot;redirect_url&quot;:&quot;&quot;,&quot;close_status&quot;:&quot;open&quot;,&quot;close_after&quot;:false},&quot;answers&quot;:[{&quot;answer_text&quot;:&quot;up&quot;,&quot;id&quot;:75651647,&quot;client_id&quot;:&quot;abf278e6-ff70-4f0a-8a98-4ea399bb37fb&quot;},{&quot;answer_text&quot;:&quot;down&quot;,&quot;id&quot;:75651648,&quot;client_id&quot;:&quot;55418dd1-9bbf-41f9-84e2-5bd254653d22&quot;}],&quot;source_link&quot;:&quot;https:\\\/\\\/elabrevaderojm.com&quot;,&quot;client_id&quot;:&quot;8d958ecf-f2a8-4969-8c41-0e6268557654&quot;}}\">\n<div data-crowdsignal-vote-item=\"{&quot;answerId&quot;:&quot;abf278e6-ff70-4f0a-8a98-4ea399bb37fb&quot;,&quot;type&quot;:&quot;up&quot;,&quot;TrpContentRestriction&quot;:{&quot;restriction_type&quot;:&quot;exclude&quot;,&quot;selected_languages&quot;:[],&quot;panel_open&quot;:true}}\"><\/div>\n\n<div data-crowdsignal-vote-item=\"{&quot;answerId&quot;:&quot;55418dd1-9bbf-41f9-84e2-5bd254653d22&quot;,&quot;type&quot;:&quot;down&quot;,&quot;TrpContentRestriction&quot;:{&quot;restriction_type&quot;:&quot;exclude&quot;,&quot;selected_languages&quot;:[],&quot;panel_open&quot;:true}}\"><\/div>\n<\/div>\n\n<div class=\"crowdsignal-applause-wrapper\" data-crowdsignal-applause=\"{&quot;pollId&quot;:&quot;d0f3abcc-d9e3-4640-87c4-762353f33413&quot;,&quot;title&quot;:&quot;Aplauso sin t\\u00edtulo&quot;,&quot;answerId&quot;:&quot;d67f7d95-56c4-497c-8b78-cc3fca2920d0&quot;,&quot;hideBranding&quot;:false,&quot;size&quot;:&quot;medium&quot;,&quot;pollStatus&quot;:&quot;open&quot;,&quot;TrpContentRestriction&quot;:{&quot;restriction_type&quot;:&quot;exclude&quot;,&quot;selected_languages&quot;:[],&quot;panel_open&quot;:true},&quot;apiPollData&quot;:{&quot;id&quot;:17320054,&quot;question&quot;:&quot;&quot;,&quot;note&quot;:&quot;&quot;,&quot;settings&quot;:{&quot;title&quot;:&quot;Aplauso sin t\\u00edtulo&quot;,&quot;after_vote&quot;:&quot;results&quot;,&quot;after_message&quot;:&quot;&quot;,&quot;randomize_answers&quot;:false,&quot;restrict_vote_repeat&quot;:false,&quot;captcha&quot;:false,&quot;multiple_choice&quot;:false,&quot;redirect_url&quot;:&quot;&quot;,&quot;close_status&quot;:&quot;open&quot;,&quot;close_after&quot;:false},&quot;answers&quot;:[{&quot;answer_text&quot;:&quot;clap&quot;,&quot;id&quot;:75651649,&quot;client_id&quot;:&quot;d67f7d95-56c4-497c-8b78-cc3fca2920d0&quot;}],&quot;source_link&quot;:&quot;https:\\\/\\\/elabrevaderojm.com&quot;,&quot;client_id&quot;:&quot;d0f3abcc-d9e3-4640-87c4-762353f33413&quot;}}\"><\/div>\n\n\n<p class=\"wp-block-paragraph\"><\/p>\n","protected":false},"excerpt":{"rendered":"<p>Esta reciente invasi\u00f3n de marroqu\u00edes a Espa\u00f1a, que no es m\u00e1s que un plan urdido por Marruecos, EE. UU. e Israel, ha generado opiniones divididas entre la derecha y la izquierda internacionales&#8230;<\/p>","protected":false},"author":147101633,"featured_media":32836,"comment_status":"open","ping_status":"open","sticky":false,"template":"","format":"standard","meta":{"_coblocks_attr":"","_coblocks_dimensions":"","_coblocks_responsive_height":"","_coblocks_accordion_ie_support":"","advanced_seo_description":"El plan urdido por Estados Unidos, Marruecos e Israel para desestabilizar Espa\u00f1a est\u00e1 dando frutos en el caos formado por la invasi\u00f3n de marroqu\u00edes a Ceuta.","jetpack_seo_html_title":"Ceuta: La Verdad Oculta Detr\u00e1s de la Crisis Migratoria.","jetpack_seo_noindex":false,"jetpack_seo_schema_type":"","_jetpack_newsletter_access":"","_jetpack_dont_email_post_to_subs":false,"_jetpack_newsletter_tier_id":0,"_jetpack_memberships_contains_paywalled_content":false,"_wpcom_ai_launchpad_first_post":false,"_jetpack_feature_clip_id":0,"_jetpack_memberships_contains_paid_content":false,"footnotes":"","jetpack_publicize_message":"{title}\n\n{excerpt}\n\n{url}","jetpack_publicize_feature_enabled":true,"jetpack_social_post_already_shared":true,"jetpack_social_options":{"image_generator_settings":{"template":"highway","default_image_id":0,"font":"","enabled":true,"token":"eyJpbWciOiJodHRwczpcL1wvZWxhYnJldmFkZXJvam0uY29tXC93cC1jb250ZW50XC91cGxvYWRzXC8yMDI2XC8wOFwvY2V1dGEtaW52YWRpZGEtcG9yLW1hcnJvcXVpZXMuanBnIiwidHh0IjoiQ2V1dGEgTk8gZXMgdW5hIHB1ZXJ0YSBhYmllcnRhIGEgbGEgbWlncmFjaVx1MDBmM24gbWFycm9xdVx1MDBlZCBhIEVzcGFcdTAwZjFhICgyKS4gTGEgdmVyZGFkIGNvbiBsb3MgZG9jdG9yZXMgSmVzXHUwMGZhcyBMXHUwMGYzcGV6IEFsbWVqbyB5IEFicmFoYW0gTmF2YXJybyIsInRlbXBsYXRlIjoiaGlnaHdheSIsImZvbnQiOiIiLCJibG9nX2lkIjoxNTM3MzU1MTV9.sR7fEIlpTNvWsA-GeWDx4Q8mzppgoEmFnRoIgIZFYLMMQ"},"version":2},"_wpas_customize_per_network":false,"jetpack_post_was_ever_published":false},"categories":[772615945,70015,78838],"tags":[772616860,772616847,772616865,10991,772616866,68395,772616863,772616864,772615950,772616859,772616862,772616848,772616858,772616861,772616060,772616164],"class_list":["post-32383","post","type-post","status-publish","format-standard","has-post-thumbnail","hentry","category-geopolitica-y-noticias","category-historico","category-personalidades","tag-abraham-navarro-garcia","tag-ceuta","tag-dubravka-suica","tag-espana","tag-espacio-schengen","tag-estados-unidos","tag-frente-polisario","tag-giorgia-meloni","tag-israel","tag-jose-de-jesus-lopez-almejo","tag-julio-astillero","tag-marruecos","tag-melilla","tag-poder-y-contexto","tag-tuprofederi","tag-ursula-von-der-leyen"],"featured_image_src":"https:\/\/i0.wp.com\/elabrevaderojm.com\/wp-content\/uploads\/2026\/08\/ceuta-invadida-por-marroquies.jpg?fit=312%2C234&ssl=1","author_info":{"display_name":"jmhernandezgonzalez","author_link":"https:\/\/elabrevaderojm.com\/en\/author\/jmhernandezgonzalez\/"},"jetpack_publicize_connections":[],"jetpack_likes_enabled":true,"jetpack_sharing_enabled":true,"jetpack_shortlink":"https:\/\/wp.me\/pap3D5-8qj","jetpack-related-posts":[],"jetpack_featured_media_url":"https:\/\/i0.wp.com\/elabrevaderojm.com\/wp-content\/uploads\/2026\/08\/ceuta-invadida-por-marroquies.jpg?fit=312%2C234&ssl=1","_links":{"self":[{"href":"https:\/\/elabrevaderojm.com\/en\/wp-json\/wp\/v2\/posts\/32383","targetHints":{"allow":["GET"]}}],"collection":[{"href":"https:\/\/elabrevaderojm.com\/en\/wp-json\/wp\/v2\/posts"}],"about":[{"href":"https:\/\/elabrevaderojm.com\/en\/wp-json\/wp\/v2\/types\/post"}],"author":[{"embeddable":true,"href":"https:\/\/elabrevaderojm.com\/en\/wp-json\/wp\/v2\/users\/147101633"}],"replies":[{"embeddable":true,"href":"https:\/\/elabrevaderojm.com\/en\/wp-json\/wp\/v2\/comments?post=32383"}],"version-history":[{"count":30,"href":"https:\/\/elabrevaderojm.com\/en\/wp-json\/wp\/v2\/posts\/32383\/revisions"}],"predecessor-version":[{"id":32837,"href":"https:\/\/elabrevaderojm.com\/en\/wp-json\/wp\/v2\/posts\/32383\/revisions\/32837"}],"wp:featuredmedia":[{"embeddable":true,"href":"https:\/\/elabrevaderojm.com\/en\/wp-json\/wp\/v2\/media\/32836"}],"wp:attachment":[{"href":"https:\/\/elabrevaderojm.com\/en\/wp-json\/wp\/v2\/media?parent=32383"}],"wp:term":[{"taxonomy":"category","embeddable":true,"href":"https:\/\/elabrevaderojm.com\/en\/wp-json\/wp\/v2\/categories?post=32383"},{"taxonomy":"post_tag","embeddable":true,"href":"https:\/\/elabrevaderojm.com\/en\/wp-json\/wp\/v2\/tags?post=32383"}],"curies":[{"name":"wp","href":"https:\/\/api.w.org\/{rel}","templated":true}]}}